{"id":4542,"date":"2010-10-30T06:04:06","date_gmt":"2010-10-30T05:04:06","guid":{"rendered":"http:\/\/fjala.shkoder.net\/?p=4542"},"modified":"2010-10-30T06:04:06","modified_gmt":"2010-10-30T05:04:06","slug":"zamir-shtylla-sekretet-e-lul-bashes-fazllicit-dhe-gerdecit","status":"publish","type":"post","link":"https:\/\/fjala.info\/2009-2015\/zamir-shtylla-sekretet-e-lul-bashes-fazllicit-dhe-gerdecit\/","title":{"rendered":"Zamir Shtylla: Sekretet e Lul Bash\u00ebs, Fazlli\u00e7it dhe G\u00ebrdecit"},"content":{"rendered":"<p><img loading=\"lazy\" decoding=\"async\" class=\"alignright size-full wp-image-4543\" title=\"Zamir Shtylla\" src=\"http:\/\/fjala.shkoder.net\/wp-content\/uploads\/2010\/10\/zamir_shtylla.jpg\" alt=\"\" width=\"190\" height=\"170\" \/><br \/>\nNga: <strong>Klodiana Lala<\/strong>, <em>26 Tetor 2010<\/em><\/p>\n<p>Zamir Shtylla vendos t\u00eb thyej\u00eb heshtjen dhe t\u00eb rr\u00ebfej\u00eb p\u00ebrse \u201cbraktisi\u201d Prokurorin\u00eb e P\u00ebrgjithshme at\u00ebher\u00eb, kur n\u00eb duart e tij ndodhej ajo q\u00eb mund t\u00eb konsiderohet pa frik\u00eb si dosja e shekullit. I ulur n\u00eb zyr\u00ebn e tij n\u00eb katin e dyt\u00eb t\u00eb nj\u00eb pallati n\u00eb rrug\u00ebn e Dibr\u00ebs, ish-kreu i hetimit t\u00eb dosjes \u201cG\u00ebrdeci\u201d tregon mbi veprimet hetimore p\u00ebr zbardhjen e nj\u00eb prej ngjarjeve m\u00eb t\u00eb r\u00ebnda, t\u00eb ndodhura n\u00eb Shqip\u00ebri m\u00eb 15 mars 2008, ku humb\u00ebn jet\u00ebn tragjikisht 26 qytetar\u00eb t\u00eb pafajsh\u00ebm, mes tyre dhe f\u00ebmij\u00eb. N\u00eb nj\u00eb intervist\u00eb p\u00ebr \u201cGSH\u201d, Shtylla, i cili p\u00ebr disa vite ka drejtuar Drejtorin\u00eb kund\u00ebr Krimit t\u00eb organizuar dhe Ndjekjes penale n\u00eb institucionin qendror t\u00eb akuz\u00ebs, tregon se u b\u00eb pr\u00e9 e sulmeve t\u00eb maxhoranc\u00ebs aktuale dhe kryeministrit Berisha, at\u00ebher\u00eb kur vendosi t\u00eb th\u00ebrras\u00eb p\u00ebr t\u00eb pyetur p\u00ebr dosjen \u2018G\u00ebrdeci\u2019, persona t\u00eb veshur me pushtet politik apo prapavij\u00eb politike.<\/p>\n<p>K\u00ebtu nisen dhe p\u00ebrplasjet e tij me znj. Ina Rama, q\u00eb ishte em\u00ebruar n\u00eb krye t\u00eb k\u00ebtij institucioni dhe ishte cil\u00ebsuar si nj\u00eb \u201c<em>Silvia Konti shqiptare<\/em>\u201d. Ish-prokurori Shtylla q\u00eb ka zgjedhur t\u00eb jet\u00eb pjes\u00eb e sistemit t\u00eb drejt\u00ebsis\u00eb, tashm\u00eb si nj\u00eb avokat, shprehet se kryeministri dhe njer\u00ebzit e PD-s\u00eb e kan\u00eb sulmuar edhe p\u00ebr \u00e7\u00ebshtjen e Damir Fazlli\u00e7it. P\u00ebr her\u00eb t\u00eb par\u00eb, Shtylla flet p\u00ebr \u00e7\u00ebshtjen ndaj Lulzim Bash\u00ebs, ish-ministrit t\u00eb Transporteve, q\u00eb sipas tij duhet t\u00eb ishte gjykuar nga Gjykata e Lart\u00eb, dhe jo t\u00eb ishte mbyllur \u00e7\u00ebshtja p\u00ebr shkak t\u00eb procedurave. Duke folur p\u00ebr karrier\u00ebn e tij shum\u00ebvje\u00e7are n\u00eb prokurori, Shtylla tregon se nuk ka qen\u00eb asnj\u00ebher\u00eb pjes\u00eb e ndonj\u00eb partie politike e megjithat\u00eb, kur hetoi \u00e7\u00ebshtjen e \u201cBllokmen\u00ebve\u201d, cil\u00ebsohej si i djatht\u00eb&#8230;<br \/>\n<strong>Z. Shtylla, largimi juaj nga Prokuroria e P\u00ebrgjithshme erdhi n\u00eb koh\u00ebn kur po drejtonit hetimet p\u00ebr dosjen \u201cG\u00ebrdeci\u201d. Mund t\u00eb na thoni si kan\u00eb qen\u00eb marr\u00ebdh\u00ebniet tuaja me kryeprokuroren Ina Rama dhe \u00e7far\u00eb ndodhi q\u00eb u pasua me largimin tuaj?<\/strong><br \/>\nMarr\u00ebdh\u00ebniet e mia me Ina Ram\u00ebn kan\u00eb qen\u00eb normale. Nuk kisha pasur njohje t\u00eb m\u00ebparshme me t\u00eb, por ishin raporte reciproke q\u00eb u krijuan p\u00ebr shkak t\u00eb pun\u00ebs. Shpesh m\u00eb ndodhte q\u00eb t\u00eb kryeja dhe pun\u00ebn e zv\/kryeprokurorit n\u00eb momentet kur Ina Rama nuk ndodhej n\u00eb institucion, p\u00ebr shkak t\u00eb angazhimeve t\u00eb ndryshme. Me firm\u00ebn e saj u caktova t\u00eb jem kreu i grupit t\u00eb hetimit t\u00eb dosjes \u201cG\u00ebrdeci\u201d. Shum\u00eb prokuror\u00eb hezitonin t\u00eb merrnin p\u00ebrsip\u00ebr nj\u00eb \u00e7\u00ebshtje t\u00eb till\u00eb, p\u00ebr shkak t\u00eb ngarkesave politike q\u00eb mbartte. Procesi i hetimit po ecte mjaft mir\u00eb. Po shkonim drejt finalizimit t\u00eb \u00e7\u00ebshtjes. Ishim n\u00eb prag t\u00eb ngritjes s\u00eb akuzave p\u00ebr mjaft persona, nga ushtarak\u00eb t\u00eb lart\u00eb e deri tek ish-ministri i Mbrojtjes.<br \/>\nPor na ndodhi q\u00eb kishim rrjedhje t\u00eb informacionit. Na ndodhte q\u00eb shpesh na dilnin n\u00eb media momente t\u00eb hetimit, q\u00eb nuk donim q\u00eb t\u2019i b\u00ebnim publike. U kisha t\u00ebrhequr v\u00ebmendjen prokuror\u00ebve. Madje dhash\u00eb urdh\u00ebr q\u00eb t\u00eb niste nj\u00eb hetim nga Prokuroria e Tiran\u00ebs p\u00ebr t\u00eb zbuluar burimin e dh\u00ebnies s\u00eb k\u00ebtyre informacioneve. N\u00eb fund t\u00eb analiz\u00ebs s\u00eb procesit me prokuror\u00eb dhe me prokuroren e P\u00ebrgjithshme, arrit\u00ebm n\u00eb nj\u00eb pik\u00eb q\u00eb duhej patjet\u00ebr t\u00eb pyesnim dhe disa persona q\u00eb kishin funksione politike, apo prapavij\u00eb politike, si\u00e7 ishte ministri u Drejt\u00ebsis\u00eb. U kam dh\u00ebn\u00eb urdh\u00ebr prokuror\u00ebve p\u00ebr t\u2019i pyetur, ndava dhe detyrat, caktova prokuror\u00ebt.<\/p>\n<p>Kishim kryer mjaft veprime t\u00eb tjera hetimore, q\u00eb hetonin m\u00ebnyr\u00ebn sesi ishte ideuar vendimi i qeveris\u00eb, mbi baz\u00ebn e t\u00eb cilit u ngrit dhe funksionoi G\u00ebrdeci. P\u00ebr k\u00ebt\u00eb jan\u00eb pyetur ministrit\u00eb q\u00eb kishin iniciuar k\u00ebt\u00eb projektvendim, ministrit\u00eb q\u00eb kishin dh\u00ebn\u00eb mendime personeli, jurist\u00eb dhe drejtues t\u00eb lart\u00eb t\u00eb k\u00ebtyre institucioneve q\u00eb kishin ideuar k\u00ebt\u00eb projektvendim. Pasi t\u00eb pyeteshin dhe k\u00ebto figura politike q\u00eb ne kishim gjykuar p\u00ebr t\u2019i pyetur n\u00eb at\u00eb koh\u00eb, do t\u00eb vendosnim p\u00ebr t\u00eb ngritur akuz\u00eb ndaj personave q\u00eb do mendonim se kishin v\u00ebrtet p\u00ebrgjegj\u00ebsi penale, ushtarak\u00eb t\u00eb lart\u00eb dhe punonj\u00ebs civil\u00eb, p\u00ebr t\u00eb d\u00ebrguar \u00e7\u00ebshtjen n\u00eb gjyq para muajit dhjetor t\u00eb atij viti; pra jemi n\u00eb vitin 2008.<br \/>\nSynimi im si p\u00ebrgjegj\u00ebs i grupit t\u00eb hetimit ishte q\u00eb procedimi penal n\u00eb muajin dhjetor t\u00eb p\u00ebrfundonte dhe \u00e7\u00ebshtja t\u2019i kalonte gjykat\u00ebs. Me q\u00ebllim <em>s\u00eb pari<\/em> t\u00eb mos zvarritej, <em>s\u00eb dyti<\/em>, na p\u00ebrfundonin afatet e hetimit n\u00eb muajin mars, dhe <em>s\u00eb treti<\/em>, t\u00eb mos na komprometohej procesi politikisht, sepse ishim edhe n\u00eb nj\u00eb vit zgjedhjesh. Pik\u00ebrisht n\u00eb k\u00ebt\u00eb koh\u00eb un\u00eb u sulmova politikisht nga kryeministri dhe figura t\u00eb tjera kryesore t\u00eb PD-s\u00eb.<br \/>\n<strong>Pra, ju thoni q\u00eb nuk keni pasur nj\u00eb p\u00ebrplasje me kryeprokuroren, por largimi juaj erdhi p\u00ebr shkak t\u00eb presioneve t\u00eb maxhoranc\u00ebs?<br \/>\n<\/strong>Deri n\u00eb k\u00ebt\u00eb moment nuk kam pasur asnj\u00eb p\u00ebrplasje me kryeprokuroren. Pas sulmit politik q\u00eb m\u2019u b\u00eb, i cili nuk mund t\u00eb them se ishte i pari, pasi un\u00eb u sulmova politikisht dhe kur ishte rasti i \u00e7\u00ebshtjes \u2018Fazlli\u00e7\u2019, at\u00ebher\u00eb po mendoja se duhet t\u00eb jepja nj\u00eb zgjidhje, s\u00eb pari p\u00ebr t\u00eb mos bllokuar ecurin\u00eb e m\u00ebtejshme t\u00eb procesit (<em>n\u00ebnkupton G\u00ebrdecin<\/em>), pasi gjith\u00eb prokuror\u00ebt pothuajse e lan\u00eb pun\u00ebn dhe u t\u00ebrhoq\u00ebn p\u00ebr shkak t\u00eb k\u00ebtij sulmi politik dhe duke dashur q\u00eb prokuroria si institucion ta vazhdonte pun\u00ebn me t\u00eb nj\u00ebjtat ritme, p\u00ebr t\u00eb v\u00ebn\u00eb para p\u00ebrgjegj\u00ebsis\u00eb penale cilindo fajtor q\u00eb na rezultonte n\u00eb at\u00eb koh\u00eb p\u00ebr G\u00ebrdecin.<\/p>\n<p>Duke menduar se meq\u00eb un\u00eb u sulmova politikisht dhe vendimet q\u00eb do t\u00eb merrte nga grupi i hetimit do t\u00eb politizoheshin, se hapej nj\u00eb rrug\u00eb ku mund t\u00eb thuhej shum\u00eb leht\u00eb se u sulmua politikisht dhe vuri n\u00eb p\u00ebrgjegj\u00ebsi penale nj\u00ebrin apo tjetrin. Dhe p\u00ebr t\u00eb mos e kompromentuar politikisht procesin, kam vajtur t\u00eb znj. Rama dhe i kam th\u00ebn\u00eb se duhet t\u00eb jepja dor\u00ebheqjen, si drejtor dhe si p\u00ebrgjegj\u00ebs i grupit t\u00eb hetimit, por jo p\u00ebr t\u2019u larguar nga procesi G\u00ebrdeci dhe aparati i Prokuroris\u00eb s\u00eb P\u00ebrgjithshme.<br \/>\n<strong>Cili ishte reagimi i par\u00eb i znj. Rama?<br \/>\n<\/strong>Znj. Rama n\u00eb at\u00eb moment nuk u shfaq shum\u00eb. Sigurisht nuk i erdhi mir\u00eb. M\u00eb tha: \u201cDo ta mendoj k\u00ebt\u00eb pun\u00eb\u201d. Nuk u shpreh aty p\u00ebr aty se \u00e7far\u00eb q\u00ebndrimi do t\u00eb mbante. Un\u00eb i thash\u00eb sigurisht, q\u00eb ta mendonte dhe vler\u00ebsonte. K\u00ebto ishin raporte ligjore, dor\u00ebheqja ime mb\u00ebshtetej n\u00eb k\u00ebrkesat e Kodit t\u00eb Procedur\u00ebs Penale; k\u00ebrkes\u00ebn e b\u00ebra me shkrim dhe ajo duhet t\u00eb ishte p\u00ebrgjigjur me shkrim. K\u00ebto jan\u00eb raporte procedurale q\u00eb ndodhin shpesh n\u00eb praktik\u00ebn e prokuror\u00ebve. Sigurisht, ky ishte nj\u00eb proces q\u00eb kishte r\u00ebnd\u00ebsin\u00eb e vet, por n\u00eb praktik\u00ebn e prokuroris\u00eb rastet e heqjes dor\u00eb dhe z\u00ebvend\u00ebsimit t\u00eb prokuror\u00ebve jan\u00eb t\u00eb njohura dhe evidente, kur ato jan\u00eb ligjore.<\/p>\n<p>Un\u00eb mendova se isha para nj\u00eb rasti ligjor, p\u00ebr t\u00eb mos kompromentuar politikisht procesin dhe vendimet q\u00eb do t\u00eb merrte grupi hetimit. Ky ishte shkaku q\u00eb un\u00eb doja t\u00eb spostohesha, edhe si p\u00ebrgjegj\u00ebs i grupit dhe si drejtor i hetimit. N\u00eb parantez\u00eb dua t\u00eb them se un\u00eb, nga Znj.Rama edhe m\u00eb par\u00eb e kisha k\u00ebrkuar dor\u00ebheqjen nga detyra e drejtorit.<br \/>\n<strong>P\u00ebrse? \u00c7far\u00eb ju kishte shtyr\u00eb drejt k\u00ebsaj zgjidhjeje?<br \/>\n<\/strong>Ka qen\u00eb rasti i nj\u00eb deputeti t\u00eb PD-s\u00eb, i cili ka b\u00ebr\u00eb nj\u00eb diskutim jasht\u00ebzakonisht t\u00eb ashp\u00ebr kund\u00ebr meje, para sesa t\u00eb ndodhte \u00e7\u00ebshtja e Fazlli\u00e7it, i cili m\u00eb etiketonte si nj\u00eb hetues i koh\u00ebs s\u00eb diktatur\u00ebs, por nd\u00ebrkoh\u00eb ajo q\u00eb ishte m\u00eb delikate dhe e r\u00ebnd\u00ebsishme n\u00eb diskutimin e tij, ishte q\u00eb ai e tha pothuajse hapur se Prokurorin\u00eb e P\u00ebrgjithshme e drejtoja un\u00eb dhe jo znj. Rama. Arriti t\u00eb shprehej deri aty, sa tha se ne kemi votuar Ram\u00ebn dhe jo Shtyll\u00ebn p\u00ebr t\u00eb drejtuar Prokurorin\u00eb e P\u00ebrgjithshme.<\/p>\n<p>Mbas k\u00ebtij momenti ndodhi dhe \u00e7\u00ebshtja e Fazlli\u00e7it dhe un\u00eb kam biseduar me znj. Rama q\u00eb t\u00eb mos ndihej keq, se po lakohesha dhe figura ime po merrte ngjyra sikur po drejtoja institucionin e Prokuroris\u00eb s\u00eb P\u00ebrgjithshme, sikur un\u00eb isha vendimmarr\u00ebs n\u00eb k\u00ebt\u00eb institucion, p\u00ebr t\u00eb mos zbehur dhe rolin e saj si prokurore e P\u00ebrgjithshme, meq\u00eb po akuzohesha politikisht n\u00eb m\u00ebnyr\u00eb jo t\u00eb drejt\u00eb, sikur un\u00eb e drejtoja prokurorin\u00eb, i pata th\u00ebn\u00eb dhe m\u00eb par\u00eb znj. Rama q\u00eb un\u00eb t\u00eb jepja dor\u00ebheqjen dhe t\u00eb vendosnin nj\u00eb specialist tjet\u00ebr n\u00eb detyr\u00ebn e drejtorit dhe p\u00ebr ta shkarkuar at\u00eb dhe institucionin nga presionet politike. Ajo ka insistuar ta vazhdoja k\u00ebt\u00eb detyr\u00eb dhe vazhdova pun\u00ebn deri sa erdhi rasti i G\u00ebrdecit, q\u00eb u b\u00ebn\u00eb shkak sulmet e kryeministrit dhe politikan\u00ebve t\u00eb tjer\u00eb t\u00eb PD-s\u00eb p\u00ebr t\u2019u larguar.<br \/>\n<strong>Ju than\u00eb q\u00eb keni k\u00ebrkuar largimin vet\u00ebm nga posti i drejtorit dhe si p\u00ebrgjegj\u00ebs i grupit hetimor p\u00ebr G\u00ebrdecin. Si ndodhi q\u00eb ju u larguat nga institucioni i prokuroris\u00eb?<br \/>\n<\/strong>Absolutisht nuk dhash\u00eb dor\u00ebheqjen as nga procesi i \u201cG\u00ebrdecit\u201d dhe as nga Prokuroria e P\u00ebrgjithshme. Por si drejtor i Drejtoris\u00eb s\u00eb Krimit t\u00eb organizuar dhe Ndjekjes penale. Ndodhi di\u00e7ka, u b\u00eb publike dor\u00ebheqja ime. Sigurisht, jo nga un\u00eb. U mor vesh q\u00eb e kisha paraqitur dor\u00ebheqjen te znj. Rama. Dikush e dha k\u00ebt\u00eb n\u00eb media dhe u b\u00eb publike n\u00eb m\u00ebnyr\u00eb t\u00eb parakohshme. Ky ishte shkaku q\u00eb znj. Rama e shfryt\u00ebzoi k\u00ebt\u00eb si nj\u00eb moment p\u00ebr t\u00eb marr\u00eb masa ndaj meje, q\u00eb po ta gjykosh me gjakftoht\u00ebsi, nuk ka asnj\u00eb t\u00eb keqe, sepse n\u00eb fund t\u00eb fundit raportet e mia ishin zyrtare. Isha n\u00eb raporte ligjore dhe procedurale me t\u00eb.<\/p>\n<p>Ajo duhet t\u2019i dilte p\u00ebr zot detyr\u00ebs dhe funksionit t\u00eb lart\u00eb q\u00eb kishte dhe n\u00ebse e gjykonte q\u00eb un\u00eb t\u00eb vazhdoja pun\u00ebn, le t\u00eb thoshte q\u00eb \u2018po\u2019, vazhdo pun\u00ebn dhe k\u00ebt\u00eb ta thoshte edhe publikisht me median. N\u00ebse e gjykonte se nuk e kisha k\u00ebrkes\u00ebn t\u00eb mb\u00ebshtetur ligj\u00ebrisht, ta refuzonte me shkrim dhe t\u00eb vazhdoja p\u00ebrs\u00ebri aty ku isha. Problemi \u00ebsht\u00eb teknik dhe procedural.<br \/>\n<strong>That\u00eb pak m\u00eb par\u00eb se gjat\u00eb koh\u00ebs q\u00eb drejtonit grupin e hetimit t\u00eb dosjes \u201cG\u00ebrdeci\u201d ju dilnin n\u00eb k\u00ebt\u00eb vij\u00eb t\u00eb hetimit shuma emra me prapavij\u00eb politike, si\u00e7 ishte rasti i ministrit t\u00eb Drejt\u00ebsis\u00eb. N\u00eb fakt, u mor\u00ebn n\u00eb pyetje k\u00ebta persona dhe \u00e7far\u00eb dinin p\u00ebr G\u00ebrdecin, p\u00ebrse ju duhej d\u00ebshmia e tyre?<\/strong><br \/>\nNuk mund t\u00eb flas n\u00eb aspektin teknik dhe se \u00e7far\u00eb do t\u00eb jepnin ata p\u00ebr \u00e7\u00ebshtjen. Problemi q\u00eb duhet t\u00eb pyeteshin, lindi si nevoj\u00eb imediate, pra t\u00eb sqaronin. Teknikisht duhet t\u00eb pyeteshin. Nuk mund t\u00eb them n\u00ebse do t\u00eb ngrihej akuz\u00eb ndaj tyre. Un\u00eb me grupin e hetimit dhe prokuroren e P\u00ebrgjithshme, vendos\u00ebm q\u00eb duhet t\u00eb pyeteshin. M\u00eb mbrapa nuk e di n\u00ebse jan\u00eb pyetur ose jo dhe si ka evoluar procesi, sepse u largova nga drejtimi dhe pjes\u00ebmarrja n\u00eb grupin e prokuror\u00ebve t\u00eb k\u00ebsaj \u00e7\u00ebshtjeje.<\/p>\n<p>Prokurorja e P\u00ebrgjithshme, mendoj se largimin tim fillimisht t\u00eb komanduar n\u00eb Elbasan e b\u00ebri p\u00ebr t\u00eb treguar q\u00eb shikoni, q\u00eb edhe n\u00ebse dikush tjet\u00ebr t\u00ebrhiqet nga ky proces, do t\u00eb p\u00ebrfundoj\u00eb larg (<em>qesh<\/em>). K\u00ebshtu e kuptova un\u00eb t\u00eb pakt\u00ebn dhe nuk reagova, sepse nuk doja t\u2019i prishja pun\u00eb as Prokuroris\u00eb s\u00eb P\u00ebrgjithshme dhe as koleg\u00ebve t\u00eb mi, q\u00eb t\u00eb vazhdonin hetimet.<br \/>\nN\u00eb Elbasan, fillimisht u komandova dhe p\u00ebr \u00e7udi at\u00eb dit\u00eb q\u00eb hyri n\u00eb fuqi ligji i Prokuroris\u00eb, amendamentet e reja t\u00eb k\u00ebtij ligji, pik\u00ebrisht at\u00eb dit\u00eb prokurorja e P\u00ebrgjithshme n\u00eb m\u00ebnyr\u00eb t\u00eb \u00e7uditshme dhe t\u00eb befasishme b\u00ebn em\u00ebrimin tim n\u00eb Elbasan dhe p\u00ebr ta justifikuar k\u00ebt\u00eb em\u00ebrim, l\u00ebviz dhe nja 10 a 15 prokuror\u00eb t\u00eb tjer\u00eb, gjynahqar\u00eb, fakir\u00eb, hallexhinj, q\u00eb i d\u00ebrgoi nga Tirana n\u00eb disa rrethe, pra b\u00ebri ca l\u00ebvizje p\u00ebr t\u00eb justifikuar l\u00ebvizjen time. Nuk ka sens tjet\u00ebr, l\u00ebvizjet nuk ishin t\u00eb motivuara, u b\u00ebn\u00eb n\u00eb m\u00ebnyr\u00eb t\u00eb menj\u00ebhershme, t\u00eb padiskutuara. Edhe mua nuk m\u2019u tha p\u00ebrse u em\u00ebrova n\u00eb Elbasan.<\/p>\n<p>M\u2019u tha se u komandova, dhe komandimin e motivuan p\u00ebr shkak t\u00eb dor\u00ebheqjes sime. Edhe pse p\u00ebr mendimin tim, dor\u00ebheqja duhej vler\u00ebsuar dhe jo goditur, n\u00ebse ishte nj\u00eb prokuror i p\u00ebrgjithsh\u00ebm me reputacion, n\u00ebse do t\u00eb ishte nj\u00eb prokuror i p\u00ebrgjithsh\u00ebm, q\u00eb i dhimbsen prokuror\u00ebt dhe vet institucioni i Prokuroris\u00eb, p\u00ebr shkak t\u00eb kontributit q\u00eb jep secili prokuror, edhe p\u00ebr faktin se kontributi im ishte jasht\u00ebzakonisht i madh. Kisha gati 18 vjet q\u00eb punoja n\u00eb Prokurorin\u00eb e P\u00ebrgjithshme dhe isha pjes\u00eb e t\u00eb gjitha reformave q\u00eb kishte nd\u00ebrmarr\u00eb ky institucion. P\u00ebr t\u00eb mos th\u00ebn\u00eb q\u00eb kam qen\u00eb n\u00eb krye t\u00eb proceseve reformuese t\u00eb k\u00ebtij institucioni.<br \/>\n<strong>Kryefjala e maxhoranc\u00ebs n\u00eb akuzat e forta ndaj jush lidhej me faktin se keni qen\u00eb hetues i koh\u00ebs s\u00eb komunizmit. Mund t\u00eb na thoni di\u00e7ka rreth pun\u00ebs suaj para viteve \u201990 dhe, a mendoni se keni gabuar n\u00eb ndonj\u00eb rast? Si i komentoni tani pas kaq koh\u00ebsh sulmet e maxhoranc\u00ebs? P\u00ebrse ishit ju pik\u00ebrisht personi q\u00eb duhej t\u00eb sulmohej, ku e cenonit maxhoranc\u00ebn?<br \/>\n<\/strong>Un\u00eb isha drejtor i hetimit dhe krimit t\u00eb organizuar, isha gati figura nr. 2 e k\u00ebtij institucioni. Detyra ime ishte q\u00eb t\u00eb ushtroja kontroll dhe t\u00eb drejtoja pun\u00ebn, jo vet\u00ebm n\u00eb Prokurorin\u00eb e P\u00ebrgjithshme, por edhe n\u00eb prokurorit\u00eb e rretheve. Madje p\u00ebr t\u00eb gjitha \u00e7\u00ebshtjet e r\u00ebnd\u00ebsishme q\u00eb kishin prokurorit\u00eb e rretheve, duhet t\u2019i analizoja dhe t\u00eb jepja kontributin tim si drejtor, s\u00eb bashku me koleg\u00ebt. Nuk isha absolutisht njeri politik. Nuk kisha asnj\u00eb lidhje, as me t\u00eb majt\u00ebn dhe as t\u00eb djatht\u00ebn, nuk kisha asnj\u00eb arsye q\u00eb ta komprometoja veten me politik\u00eb, absolutisht t\u00eb b\u00ebja hetime politike dhe aq m\u00eb keq t\u00eb iniciohesha nga politika n\u00eb vendimmarrjet e mia n\u00eb aspektin profesional. K\u00ebt\u00eb e kam pasur n\u00eb kultur\u00ebn time profesionale.<\/p>\n<p>Nd\u00ebrsa \u00ebsht\u00eb e v\u00ebrtet\u00eb q\u00eb kam punuar para viteve \u201990, kam qen\u00eb hetues n\u00eb Berat. Nuk kam pasur procese politike, p\u00ebr arsye se para viteve 1990 hetuesit q\u00eb merreshin me \u00e7\u00ebshtje politike, kan\u00eb qen\u00eb hetues t\u00eb profilizuar dhe ishin hetues pothuajse t\u00eb njohur dhe t\u00eb p\u00ebrcaktuar nga vet\u00eb struktura e hetuesis\u00eb s\u00eb p\u00ebrgjithshme. Ka pasur nj\u00eb drejtori t\u00eb krimeve kund\u00ebr shtetit dhe ka pasur hetues n\u00eb hetuesit\u00eb e rretheve q\u00eb merreshin kryesisht me \u00e7\u00ebshtje politike. N\u00eb rastet kur k\u00ebta hetues kishin mbingarkes\u00eb n\u00eb \u00e7\u00ebshtje, mund t\u00eb ndodhte q\u00eb nj\u00eb hetues tjet\u00ebr t\u00eb merrte ndonj\u00ebr\u00ebn prej tyre. Kjo ka qen\u00eb n\u00eb rutin\u00ebn e pun\u00ebs. N\u00eb k\u00ebto rrethana nuk p\u00ebrjashtoj mund\u00ebsin\u00eb q\u00eb un\u00eb edhe mund t\u00eb kem pasur \u00e7\u00ebshtje t\u00eb thjeshta, t\u00eb rutin\u00ebs, dy apo tri \u00e7\u00ebshtje t\u00eb tilla.<br \/>\nEdhe n\u00eb Sarand\u00eb kam qen\u00eb kryetari i hetuesis\u00eb me dy-tre hetues, nj\u00eb hetuesi e vog\u00ebl, ku sigurisht q\u00eb hetimet i b\u00ebnin hetuesit, un\u00eb nuk b\u00ebja hetimet drejtp\u00ebrdrejt me \u00e7\u00ebshtjet, qofshin k\u00ebto politike apo t\u00eb natyr\u00ebs tjet\u00ebr. Si drejtues ndihmoja hetuesit p\u00ebr veprime konkrete, bashk\u00ebpunoja me ta me q\u00ebllim q\u00eb \u00e7\u00ebshtja t\u00eb merrte nj\u00eb zgjidhje sa m\u00eb t\u00eb drejt\u00eb ligjore. Kjo ka qen\u00eb veprimtaria ime n\u00eb aspektin profesional, por kurrsesi un\u00eb nuk kisha asnj\u00eb kompetenc\u00eb apo atribut q\u00eb t\u00eb jepja urdhra p\u00ebr t\u00eb kryer veprime t\u00eb dhunshme t\u00eb policis\u00eb, t\u00eb kufirit, p\u00ebr ngjarje q\u00eb ndodhnin n\u00eb at\u00eb koh\u00eb.<\/p>\n<p>Hetuesia at\u00ebher\u00eb ka qen\u00eb organ m\u00eb vete, ishte organ i Kuvendit Popullor, ne nuk kishim asnj\u00eb lloj var\u00ebsie me Ministrin\u00eb e Brendshme, as me kufirin. Ministria e Brendshme ishte nj\u00eb organ m\u00eb vete, veprimet i kryenin n\u00eb baz\u00eb t\u00eb legjislacionit t\u00eb tyre dhe hetuesia vepronte n\u00eb baz\u00eb t\u00eb legjislacionit t\u00eb vet. K\u00ebshtu q\u00eb n\u00eb k\u00ebto rrethana, \u00e7do organ kishte detyrat e veta funksionale. Un\u00eb nuk mund t\u00eb jepja urdhra dhe as ata nuk mund t\u00eb zbatonin urdhrat e mia n\u00eb kund\u00ebrshtim me ligjin, sepse ishin institucione q\u00eb nuk vareshin nga nj\u00ebri-tjetri.<br \/>\n<strong>Na flisni pak p\u00ebr pun\u00ebn tuaj 18-vje\u00e7are n\u00eb Prokurori, duke pasur parasysh faktin se keni nd\u00ebrruar dhe disa kryeprokuror\u00eb. Si kan\u00eb qen\u00eb marr\u00ebdh\u00ebniet tuaja me ta?<br \/>\n<\/strong>\u00cbsht\u00eb e v\u00ebrtet\u00eb q\u00eb un\u00eb kam punuar nga viti 1991, deri sa jam larguar. N\u00eb 1993-in \u00ebsht\u00eb bashkuar Hetuesia e P\u00ebrgjithshme me Prokurorin\u00eb e P\u00ebrgjithshme dhe q\u00eb n\u00eb at\u00eb koh\u00eb kam pasur pun\u00eb t\u00eb r\u00ebnd\u00ebsishme. Kam qen\u00eb n\u00eb detyr\u00ebn e drejtorit, n\u00eb 1991-in kam ardhur zv\/kryetar i Hetuesis\u00eb s\u00eb P\u00ebrgjithshme, u bashkua hetuesia me prokurorin\u00eb dhe isha drejtor i Hetimit. N\u00eb 1995-\u00ebn kam kaluar n\u00eb Apel, n\u00eb vitin 2000 u riktheva n\u00eb Prokurorin\u00eb e P\u00ebrgjithshme me k\u00ebrkes\u00eb t\u00eb kryeprokurorit, n\u00eb at\u00eb koh\u00eb ishte z. Rakipi (Arben Rakipi), p\u00ebr t\u00eb qen\u00eb pjes\u00eb e nj\u00eb drejtorie t\u00eb re, q\u00eb u ngrit at\u00ebher\u00eb n\u00eb struktur\u00ebn e Prokuroris\u00eb s\u00eb P\u00ebrgjithshme, q\u00eb ishte Drejtoria e Krimit t\u00eb Organizuar. Mora pjes\u00eb n\u00eb at\u00eb drejtori si specialist.<\/p>\n<p>Kur erdhi z. Sollaku (Theodhori Sollaku), me em\u00ebroi drejtor dhe znj. Rama m\u00eb gjeti drejtor. Me t\u00eb gjith\u00eb k\u00ebta drejtues kam pasur marr\u00ebdh\u00ebnie korrekte, p\u00ebrfshi dhe znj. Rama, marr\u00ebdh\u00ebnie pune, t\u00eb nj\u00eb korrekt\u00ebsie reciproke dhe nuk kam pasur absolutisht asnj\u00eb lidhje apo marr\u00ebdh\u00ebnie tjet\u00ebr me k\u00ebta t\u00eb fundit; ka qen\u00eb vet\u00ebm puna q\u00eb m\u00eb ka mbajtur n\u00eb ato poste drejtuese. Sigurisht nuk m\u00eb ka ardhur mir\u00eb, sepse p\u00ebr fat t\u00eb keq, t\u00eb gjith\u00eb k\u00ebta prokuror\u00eb jan\u00eb larguar politikisht nga funksionet e tyre dhe nuk do t\u00eb d\u00ebshiroja q\u00eb t\u00eb vazhdonte kjo luft\u00eb politike kund\u00ebr institucionit t\u00eb prokuroris\u00eb, aq m\u00eb tep\u00ebr kund\u00ebr drejtuesve t\u00eb k\u00ebtij institucioni, sepse nuk i sh\u00ebrben luft\u00ebs kund\u00ebr kriminalitetit dhe ve\u00e7an\u00ebrisht kund\u00ebr krimeve t\u00eb r\u00ebnda dhe krimit t\u00eb organizuar.<br \/>\n<strong>Prej disa koh\u00ebsh ushtroni profesionin e avokatit. Si e shikoni ju sistemin e drejt\u00ebsis\u00eb? Sipas jush, \u00e7far\u00eb nuk funksionon?<br \/>\n<\/strong>Duke e par\u00eb pozicionin e prokuroris\u00eb nga k\u00ebndv\u00ebshtrimi i avokatit dhe prokurorit p\u00ebr sa koh\u00eb vajta n\u00eb Elbasan, shoh se prokuroria ka nevoj\u00eb p\u00ebr mb\u00ebshtetje akoma m\u00eb t\u00eb madhe. T\u00eb ket\u00eb nj\u00eb mb\u00ebshtetje p\u00ebr t\u00eb funksionuar si institucion i pavarur, n\u00eb aspektin q\u00eb t\u00eb mos goditet politikisht, q\u00eb prokurori t\u00eb ndihet i qet\u00eb dhe i pavarur n\u00eb pun\u00ebn e tij. Q\u00eb prokurorit t\u2019i realizohen disa standarde minimale n\u00eb ushtrimin e pun\u00ebs s\u00eb tij, q\u00eb prokurori t\u00eb ket\u00eb nj\u00eb zyr\u00eb t\u00eb tij\u00ebn normale, t\u00eb ket\u00eb nj\u00eb ngarkes\u00eb normale pune, t\u00eb mos ket\u00eb nj\u00eb mbingarkes\u00eb t\u00eb till\u00eb q\u00eb t\u00eb mos jet\u00eb n\u00eb gjendje t\u00eb ndjek\u00eb proceset. Ka shum\u00eb vend q\u00eb prokuror\u00ebt t\u00eb ken\u00eb mund\u00ebsi p\u00ebr t\u00eb ngritur aft\u00ebsit\u00eb e tyre profesionale; t\u00eb shkosh n\u00eb prokurorit\u00eb e shkall\u00ebs s\u00eb par\u00eb nuk gjen asnj\u00eb bibliotek\u00eb, nuk gjen literatur\u00ebn e nevojshme.<\/p>\n<p>Shum\u00eb prokurorive u mungon interneti p\u00ebr t\u00eb gjetur legjislacionin e nevojsh\u00ebm. Ka shum\u00eb vend q\u00eb vet\u00eb prokurorit\u00eb t\u00eb organizohen m\u00eb mir\u00eb, natyrisht t\u00eb ndihmuara nga qendra p\u00ebr t\u00eb ngritur aft\u00ebsit\u00eb e tyre profesionale, p\u00ebr t\u00eb njohur vendimet e Gjykat\u00ebs s\u00eb Lart\u00eb, Gjykat\u00ebs Kushtetuese dhe t\u00eb gjykat\u00ebs europiane. Kjo b\u00ebhet duke u dirigjuar mir\u00eb nga qendra. Prokuror\u00ebt q\u00eb kan\u00eb nj\u00eb cil\u00ebsi t\u00eb mir\u00eb pune duhet ta ndjejn\u00eb veten t\u00eb vler\u00ebsuar, ashtu sikurse nuk duhet ta ndjejn\u00eb veten mir\u00eb ata prokuror\u00eb q\u00eb nuk kan\u00eb tregues t\u00eb mir\u00eb pune, q\u00eb iu prishen shpeshher\u00eb \u00e7\u00ebshtjet nga gjykatat.<\/p>\n<p>Prokuror\u00ebt q\u00eb punojn\u00eb, q\u00eb jan\u00eb jo pak, k\u00ebta prokuror\u00eb nuk ndihen t\u00eb vler\u00ebsuar, i mbyt propaganda e p\u00ebrgjithshme q\u00eb nuk \u00ebsht\u00eb reale, sikurse t\u00eb gjith\u00eb jan\u00eb pjes\u00eb e korrupsionit dhe paaft\u00ebsis\u00eb. K\u00ebtu duhet t\u00eb b\u00ebhet nj\u00eb seleksionim dhe \u00ebsht\u00eb kryesisht detyr\u00eb e Prokuroris\u00eb s\u00eb P\u00ebrgjithshme p\u00ebr t\u2019i evidentuar k\u00ebta njer\u00ebz dhe stimuluar jo vet\u00ebm me pag\u00eb e shp\u00ebrblime, por edhe n\u00eb karrier\u00eb. Nuk jan\u00eb analizat vjetore q\u00eb mund t\u00eb b\u00ebjn\u00eb k\u00ebt\u00eb individualizim t\u00eb prokuror\u00ebve, t\u00eb cilat jan\u00eb kthyer thjesht n\u00eb nj\u00eb rutin\u00eb dhe n\u00eb nj\u00eb parad\u00eb suksesesh.<br \/>\n<strong>N\u00eb duart tuaja keni kaluar dhjet\u00ebra \u00e7\u00ebshtje mjaft t\u00eb r\u00ebnd\u00ebsishme. Doja t\u00eb ndaleshim pak n\u00eb \u00e7\u00ebshtjet q\u00eb ju i konsideroni si m\u00eb pikantet. Mund t\u00eb m\u00eb flisni pak edhe p\u00ebr \u00e7\u00ebshtjen \u201cBasha\u201d? P\u00ebrse prokuroria d\u00ebshtoi me k\u00ebt\u00eb dosje?<br \/>\n<\/strong>P\u00ebr shkak t\u00eb pozicionit q\u00eb kam pasur, un\u00eb nuk mund t\u00eb marr atributet dhe kontributin q\u00eb jepnin prokuror\u00ebt e drejtp\u00ebrdrejt\u00eb t\u00eb \u00e7\u00ebshtjes, p\u00ebr t\u2019i b\u00ebr\u00eb pjes\u00eb t\u00eb pun\u00ebs sime, ashtu sikurse nuk mund t\u00eb mbetet n\u00eb hije edhe kontributi im dhe i stafit tim n\u00eb mb\u00ebshtetjen, q\u00eb u kemi dh\u00ebn\u00eb prokuror\u00ebve q\u00eb kan\u00eb hetuar. E th\u00ebn\u00eb me pak fjal\u00eb, ishte pjes\u00eb e suksesit, por edhe e mang\u00ebsive t\u00eb k\u00ebtyre proceseve q\u00eb hetoheshin posht\u00eb n\u00eb baz\u00eb. Proceset q\u00eb jan\u00eb hetuar n\u00eb Prokurorin\u00eb e P\u00ebrgjithshme, jan\u00eb procese ku un\u00eb kam qen\u00eb drejtp\u00ebrdrejt edhe n\u00eb rolin e drejtuesit apo t\u00eb prokurorit. Sikurse \u00ebsht\u00eb \u00e7\u00ebshtja e Bllokmen\u00ebve. Un\u00eb kam qen\u00eb drejtues i grupit t\u00eb hetimit edhe n\u00eb at\u00eb proces p\u00ebr shkak t\u00eb funksionit q\u00eb kryeja.<\/p>\n<p>Madje, at\u00ebher\u00eb me konsideronin njer\u00ebzit si t\u00eb djatht\u00eb, m\u00eb akuzonin si t\u00eb djatht\u00eb. U ngrit akuz\u00eb, pavar\u00ebsisht sesi vajti, pasi u kritikua m\u00eb mbrapa, u ngrit akuz\u00eb ndaj gjith\u00eb ish-an\u00ebtar\u00ebve t\u00eb byros\u00eb politike. Nuk ishte pak n\u00eb at\u00eb koh\u00eb t\u00eb p\u00ebrballeshe me gjith\u00eb ato figura t\u00eb byros\u00eb politike, t\u00eb cil\u00ebt u vun\u00eb n\u00eb prangat e Prokuroris\u00eb s\u00eb P\u00ebrgjithshme, edhe n\u00eb zyr\u00ebn time. Jan\u00eb thirrur dhe arrestuar nj\u00ebri pas tjetrit, t\u00eb gjith\u00eb n\u00eb zyrat ku un\u00eb kam qen\u00eb i pranish\u00ebm. P\u00ebr ironi t\u00eb fatit edhe koleg\u00ebt e mi m\u00eb shikonin si t\u00eb djatht\u00eb.<\/p>\n<p>E them me bindje q\u00eb s\u2019kam qen\u00eb asnj\u00ebher\u00eb as i djatht\u00eb dhe as i majt\u00eb. K\u00ebshtu ka vazhduar dhe me shum\u00eb procese t\u00eb tjera. Jan\u00eb vite e vite t\u00eb t\u00ebra pune. Kemi bashk\u00ebpunuar natyrisht me policin\u00eb e Shtetit. Nuk \u00ebsht\u00eb b\u00ebr\u00eb pak, \u00ebsht\u00eb b\u00ebr\u00eb goxha pun\u00eb n\u00eb goditjen e mjaft grupeve kriminale, q\u00eb n\u00eb at\u00eb koh\u00eb u vler\u00ebsua nga maxhoranca, si\u00e7 ishte goditja e band\u00ebs s\u00eb Lushnj\u00ebs, band\u00ebs s\u00eb Durr\u00ebsit. N\u00eb t\u00eb gjitha k\u00ebto \u00e7\u00ebshtje kam pasur detyr\u00ebn e drejtorit t\u00eb Krimit t\u00eb Organizuar.<br \/>\n<strong>Po \u00e7\u00ebshtja \u2018Basha\u2019&#8230;.?<br \/>\n<\/strong>Sa i p\u00ebrket \u00e7\u00ebshtjes \u2018Basha\u2019 (akuzat ndaj ish-ministrit t\u00eb Transporteve, Lulzim Basha p\u00ebr abuzimet me fondet e rrug\u00ebs Durr\u00ebs-Kuk\u00ebs), ajo \u00ebsht\u00eb nj\u00eb \u00e7\u00ebshtje ku gjykata ka folur, prokuroria ka folur. Secila ka dh\u00ebn\u00eb versionin e saj. Un\u00eb kam qen\u00eb pjes\u00eb e prokuroris\u00eb, n\u00eb mendimin tim gjykata duhet ta kishte gjykuar k\u00ebt\u00eb \u00e7\u00ebshtje dhe duhet t\u00eb kishte dh\u00ebn\u00eb nj\u00eb vendim. Problemet procedurale ishin t\u00eb ligjshme dhe nuk ishin bllokuese p\u00ebr gjykat\u00ebn q\u00eb t\u00eb shqyrtonte dosjen.<br \/>\n<strong>Z. Shtylla, maxhoranca po rr\u00ebzon nj\u00eb pjes\u00eb t\u00eb madhe t\u00eb kandidaturave t\u00eb dekretuara p\u00ebr gjyqtar n\u00eb Gjykat\u00ebn e Lart\u00eb dhe Kushtetuese. N\u00eb mendimin tuaj si jurist edhe p\u00ebr faktin q\u00eb shum\u00eb prej kandidaturave i njihni nga af\u00ebr, si e cil\u00ebsoni k\u00ebt\u00eb situat\u00eb? A konsiderohet si nj\u00eb sulm i maxhoranc\u00ebs ndaj institucionit t\u00eb Presidenc\u00ebs?<br \/>\n<\/strong>\u00cbsht\u00eb e v\u00ebrtet\u00eb q\u00eb pjes\u00ebn m\u00eb t\u00eb mir\u00eb t\u00eb k\u00ebtyre kandidaturave i njoh. Me disa kam pasur edhe raporte pune, p\u00ebr faktin se n\u00eb k\u00ebto struktura, n\u00eb Gjykat\u00ebn e Lart\u00eb dhe Kushtetuese, duhet t\u00eb shkojn\u00eb jurist\u00eb me p\u00ebrvoj\u00eb. I kam njohur k\u00ebto kandidatura, pavar\u00ebsisht pozicionit q\u00eb kan\u00eb pasur, si avokat\u00eb, prokuror\u00eb apo gjyqtar\u00eb. P\u00ebr secilin prej tyre ruaj nj\u00eb respekt dhe kam vler\u00ebsimet e mira. Por nuk mund t\u00eb them q\u00eb ishin k\u00ebta t\u00eb vetmit dhe nuk ka kandidatura t\u00eb tjera m\u00eb t\u00eb mira dhe t\u00eb pakontestueshme. Sigurisht q\u00eb ka edhe kandidatura t\u00eb tjera q\u00eb mund t\u00eb ishin m\u00eb t\u00eb goditura.<\/p>\n<p>N\u00ebse doni mendimin tim, do t\u00eb doja q\u00eb n\u00eb k\u00ebto struktura t\u00eb shkonin kandidatura q\u00eb kan\u00eb eksperienc\u00eb n\u00eb fush\u00ebn e gjyq\u00ebsorit, t\u00eb njihnin mir\u00eb jo vet\u00ebm teorikisht, por edhe praktikisht funksionimin e gjykat\u00ebs. Duke ardhur nga gjyq\u00ebsori, je nj\u00eb jurist m\u00eb i kompletuar. Vitet e pun\u00ebs dhe eksperienca kan\u00eb impaktin e tyre pozitiv, duhen mbajtur parasysh dhe duhen vler\u00ebsuar n\u00eb p\u00ebrzgjedhjen e k\u00ebtyre kandidaturave. Mendoj se n\u00eb k\u00ebto struktura duhet t\u00eb vihej dhe nj\u00eb kriter moshe, pra jo vet\u00ebm vjet\u00ebrsia, por edhe kriteri i mosh\u00ebs. K\u00ebtu politika duhet t\u00eb jet\u00eb m\u00eb e kujdesshme p\u00ebr t\u00eb mos i par\u00eb bardhezi gj\u00ebrat.<\/p>\n<p>M\u00eb q\u00ebllim q\u00eb k\u00ebta njer\u00ebz q\u00eb do punojn\u00eb n\u00eb Gjykat\u00ebn Kushtetuese ose n\u00eb Gjykat\u00ebn e Lart\u00eb, pasi t\u00eb mbarojn\u00eb mandatin t\u00eb mos dalin n\u00eb rrug\u00eb dhe t\u00eb merren me pun\u00eb t\u00eb v\u00ebshtira, q\u00eb p\u00ebr shkak t\u00eb eksperienc\u00ebs dhe mosh\u00ebs nuk i p\u00ebrballojn\u00eb dot. Do ishte mir\u00eb q\u00eb n\u00eb k\u00ebto vende pune t\u00eb vinin profesionist\u00eb, t\u00eb cil\u00ebt pas k\u00ebsaj karriere mund\u00ebsisht t\u00eb shkonin ose n\u00eb institucione shkencore, ose n\u00eb m\u00ebsimdh\u00ebnie, ku t\u00eb jepnin kontributin e tyre, ose t\u00eb dilnin n\u00eb pension.<\/p>\n<p>Fakti q\u00eb shum\u00eb prej tyre shkojn\u00eb edhe n\u00eb mosh\u00eb t\u00eb re dhe detyrohen t\u2019i rikthehen pun\u00ebs s\u00eb gjyqtarit t\u00eb shkall\u00ebs s\u00eb par\u00eb apo gjyqtarit t\u00eb apelit, t\u2019i rikthehen pun\u00ebs s\u00eb avokatit, apo dhe t\u00eb mbeten pa pun\u00eb fare. Kjo \u00ebsht\u00eb nj\u00eb ngarkes\u00eb e madhe psikologjike e tyre, por edhe mund t\u00eb jet\u00eb nj\u00eb shkak q\u00eb duhet ta marrim n\u00eb kontekstin e shoq\u00ebris\u00eb son\u00eb, q\u00eb edhe nj\u00eb indicio q\u00eb t\u00eb tundohen p\u00ebrball\u00eb korrupsionit, qoft\u00eb ky dhe politik, q\u00eb vjen p\u00ebr shkak t\u00eb presionit, apo dhe nj\u00eb korrupsioni material t\u00eb r\u00ebndomt\u00eb q\u00eb lakohet sot.<br \/>\n<strong>\u00a0<\/strong><\/p>\n<p><strong>A mendoni t\u00eb riktheheni s\u00ebrish n\u00eb strukturat e institucionit t\u00eb akuz\u00ebs? N\u00ebse po, kur mendoni se mund t\u00eb jeni s\u00ebrish pjes\u00eb?<\/strong><\/p>\n<p>Un\u00eb kam nostalgji p\u00ebr pun\u00ebn e prokuroris\u00eb, sepse kam punuar 35 vite me radh\u00eb. K\u00ebshtu q\u00eb nuk mund t\u00eb them q\u00eb k\u00ebt\u00eb institucion nuk e dua, sepse kam investuar t\u00ebr\u00eb energjit\u00eb e mia intelektuale dhe fizike. Aktualisht jam avokat dhe natyrisht e ndjej veten pjes\u00eb t\u00eb sistemit t\u00eb drejt\u00ebsis\u00eb, sepse pavar\u00ebsisht rolit q\u00eb ka avokati, edhe ai \u00ebsht\u00eb pjes\u00eb e sistemit t\u00eb drejt\u00ebsis\u00eb, kontribuon n\u00eb dh\u00ebnien e drejt\u00ebsis\u00eb.<\/p>\n<p>Jam pjes\u00eb e k\u00ebtij sistemi, nuk e ndjej veten t\u00eb shk\u00ebputur. Sa i p\u00ebrket rikthimit, nuk mundem t\u00eb jap nj\u00eb mendim n\u00eb k\u00ebt\u00eb drejtim p\u00ebr sa koh\u00eb q\u00eb ata q\u00eb drejtojn\u00eb k\u00ebto institucione jan\u00eb akoma n\u00ebn presionin politik. Duan, mesa duket, koh\u00ebn e tyre q\u00eb k\u00ebto institucione t\u00eb veprojn\u00eb n\u00eb m\u00ebnyr\u00eb t\u00eb pavarur. T\u00eb gjith\u00eb deklarojn\u00eb se nuk kan\u00eb pun\u00eb me prokurorin\u00eb, por kur vjen puna q\u00eb cenohen qoft\u00eb dhe indirekt nga puna e prokuroris\u00eb, fillojn\u00eb sharjet e p\u00ebrballjet e institucionit dhe individit, q\u00eb n\u00eb fakt nuk i meritojn\u00eb.<\/p>\n<p style=\"text-align: center;\">* * *<\/p>\n<p><strong>Zamir Shtylla dhe kufoma e drejt\u00ebsis\u00eb <\/strong><\/p>\n<p>Nga: <strong>REZEAR XHAXHIU<\/strong><\/p>\n<p>Kisha menduar se do t\u00eb ndodhte di\u00e7ka pas rr\u00ebfimit trondit\u00ebs t\u00eb Zamir Shtyll\u00ebs n\u00eb \u201cGazeta Shqiptare\u201d. Sepse t\u00eb v\u00ebrtetat k\u00ebt\u00eb her\u00eb vinin nga njeriu m\u00eb i r\u00ebnd\u00ebsish\u00ebm n\u00eb Prokurorin\u00eb Shqiptare t\u00eb pak viteve m\u00eb par\u00eb. Dhe zoti Shtylla tha disa t\u00eb v\u00ebrteta t\u00eb thjeshta, t\u00eb cilat na p\u00ebrforcuan mendimin se drejt\u00ebsia sot \u00ebsht\u00eb nj\u00eb kufom\u00eb e pakallur nga e cila duket se nuk do t\u00eb shp\u00ebtojm\u00eb dot leht\u00eb. \u00c7ka do t\u00eb thot\u00eb se do ta kemi at\u00eb n\u00eb mes t\u00eb dhom\u00ebs, t\u00eb kuzhin\u00ebs, t\u00eb zyrave t\u00eb kryeministris\u00eb apo t\u00eb presidenc\u00ebs,n\u00eb nj\u00eb seli partie apo n\u00eb nj\u00eb zyr\u00eb legalizimi pronash. Sepse jemi t\u00eb d\u00ebnuar ta t\u00ebrheqim pas,kushedi edhe p\u00ebr sa vite t\u00eb tjera.<\/p>\n<p>Kisha menduar se do t\u00eb ndodhte di\u00e7ka, por n\u00eb fakt shum\u00eb dit\u00eb pas intervist\u00ebs s\u00eb avokatit t\u00eb thjesht\u00eb (i konvertuar n\u00eb t\u00eb till\u00eb pas \u201cdor\u00ebheqjes\u201d se tij nga posti i lart\u00eb), nuk ndodhi asgj\u00eb. Madje ndodh\u00ebn disa \u00e7udi t\u00eb tjera, t\u00eb cilat t\u00eb p\u00ebrforcojn\u00eb iden\u00eb se me k\u00ebt\u00eb elit\u00eb politike dhe juridike q\u00eb kemi n\u00ebp\u00ebr k\u00ebmb\u00eb fati i kufom\u00ebs s\u00eb drejt\u00ebsis\u00eb \u00ebsht\u00eb i paracaktuar. I pari q\u00eb foli ishte zoti Berisha,i cili duke qen\u00eb se ka marr\u00eb zem\u00ebr nga prangosja, q\u00eb i ka b\u00ebr\u00eb sistemit t\u00eb drejt\u00ebsis\u00eb e komentoi si historike ngjitjen me tet\u00eb shkall\u00eb t\u00eb Shqip\u00ebris\u00eb n\u00eb list\u00ebn e vendeve me korrupsion t\u00eb theksh\u00ebm.<\/p>\n<p>Dy dit\u00eb m\u00eb pas Ina Rama na zbuloi se \u201c<em>sfidat p\u00ebr ne (n\u00ebnkupto prokuror\u00ebt), \u00ebsht\u00eb p\u00ebrballja me jakat e bardha<\/em>\u201d. Dhe hartimit t\u00eb zonj\u00ebs Rama ju p\u00ebrgjigj shuplaka e Presidentit Topi, i cili edhe k\u00ebt\u00eb her\u00eb nuk u ngjit mbi kufijt\u00eb e retorik\u00ebs s\u00eb tij kapitulluese e pa ngjyr\u00eb. Nd\u00ebrsa, nga oborri i s\u00eb majt\u00ebs socialist\u00ebt u mor\u00ebn s\u00ebrish me burrin e zonj\u00ebs Bregu dhe m\u00eb nj\u00eb bot\u00eb t\u00eb t\u00ebr\u00eb kunet\u00ebrish, baxhanak\u00ebsh e xhaxhallar\u00ebsh, e cila p\u00ebrve\u00e7se \u00ebsht\u00eb b\u00ebr\u00eb e m\u00ebrzitshme ka filluar edhe t\u00eb na i shpif\u00eb.<br \/>\nKjo ishte e gjitha ajo q\u00eb ndodhi n\u00eb aren\u00ebn e politik\u00ebs s\u00eb Tiran\u00ebs pas rr\u00ebfimit t\u00eb ish-shefit t\u00eb Hetimeve n\u00eb Prokurorin\u00eb e P\u00ebrgjithshme, avokatit t\u00eb trotuareve, Zamir Shtyll\u00ebs. Tani secili do t\u00eb shikoj\u00eb pun\u00ebn e vet. Autori i k\u00ebtij shkrimi do t\u00eb qep\u00eb nj\u00eb tjet\u00ebr raport p\u00ebr d\u00ebshtimin e Shqip\u00ebris\u00eb n\u00eb marrjen e statusit si vend kandidat, Berisha do t\u00eb pres\u00eb me ankth \u00e7mimin e radh\u00ebs q\u00eb pritet t\u2019i vij\u00eb nga Banka Bot\u00ebrore \u201cForbes\u201d apo \u201cFinancial Times\u201d, p\u00ebr nj\u00eb tjet\u00ebr vend nderi n\u00eb luft\u00ebn antikorrupsion, Bamir Topi do t\u00eb mbaj\u00eb leksionin e radh\u00ebs k\u00ebt\u00eb her\u00eb n\u00eb KLD, e k\u00ebshtu me radh\u00eb. Kaq mjafton p\u00ebr t\u00eb kuptuar se gjith\u00e7ka \u00ebsht\u00eb atje ku ka qen\u00eb dhe do t\u00eb mbetet atje ku \u00ebsht\u00eb. Dhe ne jemi sot, thjesht n\u00eb nj\u00eb situat\u00eb dramatike, pra t\u00eb pashpres\u00eb dhe d\u00ebshp\u00ebrimisht pa rrug\u00ebdalje.<\/p>\n<p>Pak jav\u00eb m\u00eb par\u00eb, Kreshnik Spahiu nj\u00eb nga personalitetet e jurisprudenc\u00ebs e pohoi k\u00ebt\u00eb kur doli nga fjalori i tij i kujdessh\u00ebm dhe tha se &#8220;<em>vijon t\u00eb mbetet nj\u00eb krim p\u00ebr t\u00eb gjith\u00eb, p\u00ebr nj\u00eb njeri t\u00eb s\u00eb drejt\u00ebs q\u00eb t\u00eb shes\u00eb t\u00eb drejtat e qytetar\u00ebve<\/em>&#8221; &#8211;\u00a0i konsideruar si nj\u00eb nga gjyqtar\u00ebt me integritet t\u00eb konsoliduar, n\u00ebnkryetari i KLD-s\u00eb tha ca t\u00eb v\u00ebrteta t\u00eb lakuriqta \u00e7ka na p\u00ebrforcojn\u00eb iden\u00eb se me kufom\u00ebn nuk dim\u00eb se \u00e7do t\u00eb b\u00ebjm\u00eb. N\u00eb rr\u00ebfimin e tij t\u00eb pak jav\u00ebve m\u00eb par\u00eb Spahiu i referohet politik\u00ebs s\u00eb kula\u00e7it dhe t\u00eb k\u00ebrba\u00e7it, q\u00eb do t\u00eb thot\u00eb sipas tij se duhet t\u00eb zgjedhim kula\u00e7in, pra nj\u00eb model dhe mekaniz\u00ebm sa m\u00eb eficent p\u00ebr parandalimin e \u00e7do fenomeni, q\u00eb lidhet me abuzimet e gjyqtar\u00ebve dhe nga ana tjet\u00ebr at\u00eb lloj k\u00ebrba\u00e7i q\u00eb \u00ebsht\u00eb nd\u00ebshkimi p\u00ebr ata q\u00eb abuzojn\u00eb. Deri k\u00ebtu ky leksion i Spahiut nuk ka t\u00eb shar\u00eb.<\/p>\n<p>Por, ajo q\u00eb m\u00eb shqet\u00ebson mua nuk \u00ebsht\u00eb fakti i kapjes s\u00eb drejt\u00ebsis\u00eb, por mungesa e personave q\u00eb do ta \u00e7lirojn\u00eb at\u00eb, duke i dh\u00ebn\u00eb k\u00ebshtu vendin q\u00eb i takon n\u00eb pushtetin q\u00eb ka. Por me leksione t\u00eb tipit Spahiu dhe hartime t\u00eb formatit Rama nuk shkojm\u00eb k\u00ebrkund. Dhe t\u00eb gjitha rrug\u00ebt jan\u00eb pa krye kur d\u00ebgjojm\u00eb nga Spahiu t\u00eb pranoj\u00eb me goj\u00ebn plot d\u00ebshtimin kur n\u00ebnvizon se kan\u00eb qen\u00eb vet\u00ebm 4 raste t\u00eb ndjekjes penale t\u00eb gjyqtar\u00ebve n\u00eb harkun e nj\u00eb viti dhe se sipas dijenis\u00eb s\u00eb tij nuk ka pasur asnj\u00eb rast t\u00eb d\u00ebnimit t\u00eb gjyqtar\u00ebve. Tabloja p\u00ebrve\u00e7se \u00ebsht\u00eb shum\u00eb e zymt\u00eb \u00ebsht\u00eb edhe pa pik\u00eb shprese. Sepse s\u00eb pari, jemi n\u00eb t\u00eb nj\u00ebjt\u00ebn pik\u00eb, pra n\u00eb nivelin e leksioneve akademike p\u00ebr gjyq\u00ebsorin, sepse \u00ebsht\u00eb nj\u00eb rast i p\u00ebrs\u00ebritur deri n\u00eb m\u00ebrzi kur d\u00ebgjojm\u00eb se drejt\u00ebsia akuzohet se \u00ebsht\u00eb n\u00eb mors\u00ebn e politik\u00ebs.<\/p>\n<p>Sepse \u00ebsht\u00eb kapitulluese kur m\u00ebson se mekanizmi i frik\u00ebs funksionon si nj\u00eb sahat brenda organeve t\u00eb hetimit t\u00eb cilat jan\u00eb specializuar t\u00eb v\u00ebn\u00eb n\u00eb bankat e t\u00eb akuzuarve disa l\u00ebngaraq\u00eb t\u00eb lodhur bandash t\u00eb 10 &#8211; 15 viteve m\u00eb par\u00eb. Dhe n\u00ebse zbresim m\u00eb posht\u00eb, larg katedrave t\u00eb KLD-s\u00eb, n\u00eb nj\u00eb gjykat\u00eb t\u00eb qendr\u00ebs apo t\u00eb periferis\u00eb masakra juridike b\u00ebhet m\u00eb ul\u00ebrit\u00ebse. Sepse \u00ebsht\u00eb nj\u00eb drejt\u00ebsi q\u00eb tallet, kur t\u00eb blen dhe t\u00eb shet t\u00eb drejtat, kur t\u00eb vjedh pron\u00ebn apo kur t\u00eb b\u00ebn me tok\u00eb, kur t\u00eb bashkon n\u00eb koh\u00ebn q\u00eb t\u2019i k\u00ebrkon t\u00eb divorcohesh etj, etj. T\u00eb marrim fjala vjen proceset kalvar t\u00eb bandave, t\u00eb cilat jan\u00eb kthyer n\u00eb nj\u00eb shfaqe qesharake se si duhet t\u00eb tallesh me drejt\u00ebsin\u00eb. Avokat\u00eb q\u00eb bojkotojn\u00eb seancat pa pik\u00ebn e p\u00ebrgjegj\u00ebsis\u00eb, nj\u00eb administrat\u00eb injorante n\u00eb gjykatat e t\u00eb gjitha shkall\u00ebve, nj\u00eb gjyq\u00ebsor me nj\u00eb infrastruktur\u00eb skandaloze, por edhe gjyqtar\u00eb pa integritet p\u00ebr t\u00eb cil\u00ebt drejt\u00ebsia mund t\u00eb shitet e t\u00eb blihet si nj\u00eb makin\u00eb e p\u00ebrdorur.<\/p>\n<p>Dhe cilado qofshin arsyet me k\u00ebt\u00eb gjendje t\u00eb pakallur t\u00eb drejt\u00ebsis\u00eb shihet se jemi n\u00eb ato lloj situatash t\u00eb cilat pjellin vet\u00ebm katastrofa. Sepse kurr\u00eb ndonj\u00ebher\u00eb n\u00eb historin\u00eb e drejt\u00ebsis\u00eb shqiptare situata nuk ka qen\u00eb m\u00eb dramatike, \u00e7ka do t\u00eb thot\u00eb se kemi hyr\u00eb n\u00eb zem\u00ebr t\u00eb nj\u00eb vorbulle kaotike dhe t\u00eb pashpres\u00eb. Dhe kjo duket se do t\u00eb vazhdoj\u00eb gjat\u00eb. Nga nj\u00eb leksion t\u00eb tjetrin, nga nj\u00eb paralajm\u00ebrim n\u00eb tjetrin, her\u00eb nga Presidenti e her\u00eb nga kryeministrit, n\u00eb nj\u00eb rast nga shefi i opozit\u00ebs e n\u00eb nj\u00eb rast tjet\u00ebr nga kryeprokurorja apo nga ndonj\u00eb ambasador i radh\u00ebs amerikan i akredituar n\u00eb Tiran\u00eb. Ndoshta do t\u00eb vazhdoj\u00eb deri dit\u00ebn kur un\u00eb apo koleg\u00eb t\u00eb mi t\u00eb medias do t\u00eb raportonin nga gjykata mbi procesin e par\u00eb gjyq\u00ebsor n\u00eb ngarkim t\u00eb nj\u00eb ministri apo kryeministri t\u00eb akuzuar se kishte ndihmuar n\u00eb lindjen e kufom\u00ebs s\u00eb drejt\u00ebsis\u00eb.<\/p>\n<p style=\"text-align: center;\">* * *<\/p>\n<p><strong>Pabesi n\u00eb prokurori<\/strong><\/p>\n<p>Nga <strong>Alba Malltezi<\/strong>, <em>27.10.2010<\/em><\/p>\n<p>Nj\u00eb nga njer\u00ebzit me eksperienc\u00eb t\u00eb gjat\u00eb n\u00eb drejt\u00ebsi, nga ata q\u00eb kan\u00eb b\u00ebr\u00eb pun\u00eb dhe pak kan\u00eb folur me media, kryen detyr\u00ebn e tij civile dhe morale, duke spjeguar n\u00eb nj\u00eb intervist\u00eb t\u00eb gjat\u00eb p\u00ebr kolegen Klodiana Lala n\u00eb Gazet\u00ebn Shqiptare, se \u00e7far\u00eb ndodhi me dor\u00ebheqjen e mistershme si kreu i grupit t\u00eb hetimit t\u00eb dosjes \u201cG\u00ebrdeci\u201d. Esht\u00eb <strong>Zamir Shtylla<\/strong>; lum\u00eb akuzash kemi d\u00ebgjuar t\u00eb hidhen ndaj tij, sidomos nga Qeveria aktuale, ministrat e t\u00eb cil\u00ebs ishin p\u00ebr t\u2019u hetuar.<\/p>\n<p>Intervist\u00ebn publikuar sot n\u00eb Gazet\u00ebn Shqiptare, mund ta quaj si historike dhe si nj\u00eb gur t\u00eb r\u00ebnd\u00ebsish\u00ebm n\u00eb rolin e v\u00ebshtir\u00eb p\u00ebr t\u00eb shkruar t\u00eb v\u00ebrtet\u00ebn n\u00eb k\u00ebt\u00eb vend pa rregulla ku jetojm\u00eb. Jasht\u00eb sistemit shtet\u00ebror, larguar nga mekanizmat e njohur tashm\u00eb t\u00eb politik\u00ebs p\u00ebr t\u00eb masakruar dinjitetin e nj\u00eb njeriu, Shtylla ndalet n\u00eb shum\u00eb probleme, por dy m\u00eb duken t\u00eb nj\u00eb skandali t\u00eb paimagjinuar:<\/p>\n<p>1. \u201c\u2026Por na ndodhi q\u00eb kishim rrjedhje t\u00eb informacionit. Na ndodhte q\u00eb shpesh na dilnin n\u00eb media momente t\u00eb hetimit q\u00eb nuk donim q\u00eb t\u2019i b\u00ebnim publike. U kisha t\u00ebrhequr v\u00ebmendjen prokuror\u00ebve. Madje dhash\u00eb urdh\u00ebr q\u00eb t\u00eb niste nj\u00eb hetim nga Prokuroria e Tiran\u00ebs p\u00ebr t\u00eb zbuluar burimin e dh\u00ebnies s\u00eb k\u00ebtyre informacioneve. N\u00eb fund t\u00eb analiz\u00ebs s\u00eb procesit me prokuror\u00eb dhe me prokuroren e P\u00ebrgjithshme, arrit\u00ebm n\u00eb nj\u00eb pik\u00eb q\u00eb duhej patjet\u00ebr t\u00eb pyesnim dhe disa persona q\u00eb kishin funksione politike,apo prapavij\u00eb politike, si\u00e7 ishte ministri i Drejt\u00ebsis\u00eb&#8230;\u201d, thot\u00eb n\u00eb intervist\u00eb z. Shtylla.<\/p>\n<p>Kjo tregon se sa e v\u00ebshtir\u00eb \u00ebsht\u00eb sot t\u00eb punohet n\u00eb nj\u00eb ambjent delikat si\u00e7 \u00ebsht\u00eb ai i Drejt\u00ebsis\u00eb. Ku bashk\u00ebpun\u00ebtor\u00ebt m\u00eb t\u00eb ngusht\u00eb, ata q\u00eb punojn\u00eb krah m\u00eb krah, q\u00eb kalojn\u00eb or\u00eb t\u00eb t\u00ebra n\u00eb hetim, p\u00ebrgjim e investigim, rezulton se nuk punojn\u00eb p\u00ebr t\u00eb \u201cgozhduar\u201d keqb\u00ebr\u00ebsit, por p\u00ebr t\u2019u kaluar informacione t\u00eb vlefshme atyre. Kulmi arrin n\u00eb disa rreshta m\u00eb posht\u00eb, kur ajo q\u00eb duhej t\u00eb ishte konfidenciale mes kryeprokurores Ina Rama dhe praktikisht numrit 2 t\u00eb institucionit m\u00eb t\u00eb lart\u00eb t\u00eb investigimit shqiptar, u serviret t\u00eb gjith\u00ebve p\u00ebrmes medias.<\/p>\n<p>2. \u201c\u2026Absolutisht nuk dhash\u00eb dor\u00ebheqjen as nga procesi i \u201cG\u00ebrdecit\u201d dhe as nga Prokuroria e P\u00ebrgjithshme. Por si drejtor i Drejtoris\u00eb s\u00eb Krimit t\u00eb organizuar dhe Ndjekjes penale. Ndodhi di\u00e7ka, u b\u00eb publike dor\u00ebheqja ime. Sigurisht, jo nga un\u00eb. U mor vesh q\u00eb e kisha paraqitur dor\u00ebheqjen te znj.Rama. Dikush e dha k\u00ebt\u00eb n\u00eb media dhe u b\u00eb publike n\u00eb m\u00ebnyr\u00eb t\u00eb parakohshme. Ky ishte shkaku q\u00eb znj.Rama e shfryt\u00ebzoi k\u00ebt\u00eb si nj\u00eb moment p\u00ebr t\u00eb marr\u00eb masa ndaj meje, q\u00eb po ta gjykosh me gjakftoht\u00ebsi, nuk ka asnj\u00eb t\u00eb keqe, sepse n\u00eb fund t\u00eb fundit raportet e mia ishin zyrtare\u2026\u201d.<\/p>\n<p>Sot kryeprokurorja Ina Rama foli p\u00ebr domosdoshm\u00ebri t\u00eb luft\u00ebs t\u00eb s\u00eb mir\u00ebs ndaj t\u00eb keqes. A nuk \u00ebsht\u00eb mir\u00eb q\u00eb k\u00ebto sllogane t\u00eb bukura para se t\u2019i hedhin n\u00eb media, zyrtar\u00ebt e lart\u00eb, sh\u00ebrb\u00ebtor\u00eb t\u00eb Shtetit, t\u2019ua p\u00ebrs\u00ebrisin \u00e7do m\u00ebngjes para pasqyr\u00ebs vetes?<\/p>\n","protected":false},"excerpt":{"rendered":"<p>Nga: Klodiana Lala, 26 Tetor 2010 Zamir Shtylla vendos t\u00eb thyej\u00eb heshtjen dhe t\u00eb rr\u00ebfej\u00eb p\u00ebrse \u201cbraktisi\u201d Prokurorin\u00eb e P\u00ebrgjithshme at\u00ebher\u00eb, kur n\u00eb duart e tij ndodhej ajo q\u00eb mund t\u00eb konsiderohet pa frik\u00eb si dosja e shekullit. I ulur n\u00eb zyr\u00ebn e tij n\u00eb katin e dyt\u00eb t\u00eb nj\u00eb pallati n\u00eb rrug\u00ebn e Dibr\u00ebs, [&hellip;]<\/p>\n","protected":false},"author":1,"featured_media":0,"comment_status":"open","ping_status":"closed","sticky":false,"template":"","format":"standard","meta":{"footnotes":""},"categories":[2,4],"tags":[],"class_list":{"0":"post-4542","1":"post","2":"type-post","3":"status-publish","4":"format-standard","6":"category-artikuj","7":"category-intervista"},"yoast_head":"<!-- This site is optimized with the Yoast SEO plugin v27.4 - https:\/\/yoast.com\/product\/yoast-seo-wordpress\/ -->\n<title>Zamir Shtylla: Sekretet e Lul Bash\u00ebs, Fazlli\u00e7it dhe G\u00ebrdecit - FjALA e LIR\u00cb - Arkivi<\/title>\n<meta name=\"robots\" content=\"index, follow, max-snippet:-1, max-image-preview:large, max-video-preview:-1\" \/>\n<link rel=\"canonical\" href=\"https:\/\/fjala.info\/2009-2015\/zamir-shtylla-sekretet-e-lul-bashes-fazllicit-dhe-gerdecit\/\" \/>\n<meta property=\"og:locale\" content=\"sq_AL\" \/>\n<meta property=\"og:type\" content=\"article\" \/>\n<meta property=\"og:title\" content=\"Zamir Shtylla: Sekretet e Lul Bash\u00ebs, Fazlli\u00e7it dhe G\u00ebrdecit - FjALA e LIR\u00cb - Arkivi\" \/>\n<meta property=\"og:description\" content=\"Nga: Klodiana Lala, 26 Tetor 2010 Zamir Shtylla vendos t\u00eb thyej\u00eb heshtjen dhe t\u00eb rr\u00ebfej\u00eb p\u00ebrse \u201cbraktisi\u201d Prokurorin\u00eb e P\u00ebrgjithshme at\u00ebher\u00eb, kur n\u00eb duart e tij ndodhej ajo q\u00eb mund t\u00eb konsiderohet pa frik\u00eb si dosja e shekullit. I ulur n\u00eb zyr\u00ebn e tij n\u00eb katin e dyt\u00eb t\u00eb nj\u00eb pallati n\u00eb rrug\u00ebn e Dibr\u00ebs, [&hellip;]\" \/>\n<meta property=\"og:url\" content=\"https:\/\/fjala.info\/2009-2015\/zamir-shtylla-sekretet-e-lul-bashes-fazllicit-dhe-gerdecit\/\" \/>\n<meta property=\"og:site_name\" content=\"FjALA e LIR\u00cb - Arkivi\" \/>\n<meta property=\"article:published_time\" content=\"2010-10-30T05:04:06+00:00\" \/>\n<meta property=\"og:image\" content=\"http:\/\/fjala.shkoder.net\/wp-content\/uploads\/2010\/10\/zamir_shtylla.jpg\" \/>\n<meta name=\"author\" content=\"admin\" \/>\n<meta name=\"twitter:card\" content=\"summary_large_image\" \/>\n<meta name=\"twitter:label1\" content=\"Written by\" \/>\n\t<meta name=\"twitter:data1\" content=\"admin\" \/>\n\t<meta name=\"twitter:label2\" content=\"Est. reading time\" \/>\n\t<meta name=\"twitter:data2\" content=\"32 minutes\" \/>\n<script type=\"application\/ld+json\" class=\"yoast-schema-graph\">{\"@context\":\"https:\\\/\\\/schema.org\",\"@graph\":[{\"@type\":\"Article\",\"@id\":\"https:\\\/\\\/fjala.info\\\/2009-2015\\\/zamir-shtylla-sekretet-e-lul-bashes-fazllicit-dhe-gerdecit\\\/#article\",\"isPartOf\":{\"@id\":\"https:\\\/\\\/fjala.info\\\/2009-2015\\\/zamir-shtylla-sekretet-e-lul-bashes-fazllicit-dhe-gerdecit\\\/\"},\"author\":{\"name\":\"admin\",\"@id\":\"https:\\\/\\\/fjala.info\\\/2009-2015\\\/#\\\/schema\\\/person\\\/3aa1163ef05469c496fc94e77611ada2\"},\"headline\":\"Zamir Shtylla: Sekretet e Lul Bash\u00ebs, Fazlli\u00e7it dhe G\u00ebrdecit\",\"datePublished\":\"2010-10-30T05:04:06+00:00\",\"mainEntityOfPage\":{\"@id\":\"https:\\\/\\\/fjala.info\\\/2009-2015\\\/zamir-shtylla-sekretet-e-lul-bashes-fazllicit-dhe-gerdecit\\\/\"},\"wordCount\":6502,\"commentCount\":0,\"publisher\":{\"@id\":\"https:\\\/\\\/fjala.info\\\/2009-2015\\\/#organization\"},\"image\":{\"@id\":\"https:\\\/\\\/fjala.info\\\/2009-2015\\\/zamir-shtylla-sekretet-e-lul-bashes-fazllicit-dhe-gerdecit\\\/#primaryimage\"},\"thumbnailUrl\":\"http:\\\/\\\/fjala.shkoder.net\\\/wp-content\\\/uploads\\\/2010\\\/10\\\/zamir_shtylla.jpg\",\"articleSection\":[\"Artikuj\",\"Intervista\"],\"inLanguage\":\"sq-AL\",\"potentialAction\":[{\"@type\":\"CommentAction\",\"name\":\"Comment\",\"target\":[\"https:\\\/\\\/fjala.info\\\/2009-2015\\\/zamir-shtylla-sekretet-e-lul-bashes-fazllicit-dhe-gerdecit\\\/#respond\"]}]},{\"@type\":\"WebPage\",\"@id\":\"https:\\\/\\\/fjala.info\\\/2009-2015\\\/zamir-shtylla-sekretet-e-lul-bashes-fazllicit-dhe-gerdecit\\\/\",\"url\":\"https:\\\/\\\/fjala.info\\\/2009-2015\\\/zamir-shtylla-sekretet-e-lul-bashes-fazllicit-dhe-gerdecit\\\/\",\"name\":\"Zamir Shtylla: Sekretet e Lul Bash\u00ebs, Fazlli\u00e7it dhe G\u00ebrdecit - FjALA e LIR\u00cb - Arkivi\",\"isPartOf\":{\"@id\":\"https:\\\/\\\/fjala.info\\\/2009-2015\\\/#website\"},\"primaryImageOfPage\":{\"@id\":\"https:\\\/\\\/fjala.info\\\/2009-2015\\\/zamir-shtylla-sekretet-e-lul-bashes-fazllicit-dhe-gerdecit\\\/#primaryimage\"},\"image\":{\"@id\":\"https:\\\/\\\/fjala.info\\\/2009-2015\\\/zamir-shtylla-sekretet-e-lul-bashes-fazllicit-dhe-gerdecit\\\/#primaryimage\"},\"thumbnailUrl\":\"http:\\\/\\\/fjala.shkoder.net\\\/wp-content\\\/uploads\\\/2010\\\/10\\\/zamir_shtylla.jpg\",\"datePublished\":\"2010-10-30T05:04:06+00:00\",\"breadcrumb\":{\"@id\":\"https:\\\/\\\/fjala.info\\\/2009-2015\\\/zamir-shtylla-sekretet-e-lul-bashes-fazllicit-dhe-gerdecit\\\/#breadcrumb\"},\"inLanguage\":\"sq-AL\",\"potentialAction\":[{\"@type\":\"ReadAction\",\"target\":[\"https:\\\/\\\/fjala.info\\\/2009-2015\\\/zamir-shtylla-sekretet-e-lul-bashes-fazllicit-dhe-gerdecit\\\/\"]}]},{\"@type\":\"ImageObject\",\"inLanguage\":\"sq-AL\",\"@id\":\"https:\\\/\\\/fjala.info\\\/2009-2015\\\/zamir-shtylla-sekretet-e-lul-bashes-fazllicit-dhe-gerdecit\\\/#primaryimage\",\"url\":\"http:\\\/\\\/fjala.shkoder.net\\\/wp-content\\\/uploads\\\/2010\\\/10\\\/zamir_shtylla.jpg\",\"contentUrl\":\"http:\\\/\\\/fjala.shkoder.net\\\/wp-content\\\/uploads\\\/2010\\\/10\\\/zamir_shtylla.jpg\"},{\"@type\":\"BreadcrumbList\",\"@id\":\"https:\\\/\\\/fjala.info\\\/2009-2015\\\/zamir-shtylla-sekretet-e-lul-bashes-fazllicit-dhe-gerdecit\\\/#breadcrumb\",\"itemListElement\":[{\"@type\":\"ListItem\",\"position\":1,\"name\":\"Home\",\"item\":\"https:\\\/\\\/fjala.info\\\/2009-2015\\\/\"},{\"@type\":\"ListItem\",\"position\":2,\"name\":\"Zamir Shtylla: Sekretet e Lul Bash\u00ebs, Fazlli\u00e7it dhe G\u00ebrdecit\"}]},{\"@type\":\"WebSite\",\"@id\":\"https:\\\/\\\/fjala.info\\\/2009-2015\\\/#website\",\"url\":\"https:\\\/\\\/fjala.info\\\/2009-2015\\\/\",\"name\":\"FjALA e LIR\u00cb - Arkivi\",\"description\":\"Arkivi 2009-2015\",\"publisher\":{\"@id\":\"https:\\\/\\\/fjala.info\\\/2009-2015\\\/#organization\"},\"potentialAction\":[{\"@type\":\"SearchAction\",\"target\":{\"@type\":\"EntryPoint\",\"urlTemplate\":\"https:\\\/\\\/fjala.info\\\/2009-2015\\\/?s={search_term_string}\"},\"query-input\":{\"@type\":\"PropertyValueSpecification\",\"valueRequired\":true,\"valueName\":\"search_term_string\"}}],\"inLanguage\":\"sq-AL\"},{\"@type\":\"Organization\",\"@id\":\"https:\\\/\\\/fjala.info\\\/2009-2015\\\/#organization\",\"name\":\"FjALA e LIR\u00cb - Arkivi\",\"url\":\"https:\\\/\\\/fjala.info\\\/2009-2015\\\/\",\"logo\":{\"@type\":\"ImageObject\",\"inLanguage\":\"sq-AL\",\"@id\":\"https:\\\/\\\/fjala.info\\\/2009-2015\\\/#\\\/schema\\\/logo\\\/image\\\/\",\"url\":\"\",\"contentUrl\":\"\",\"caption\":\"FjALA e LIR\u00cb - Arkivi\"},\"image\":{\"@id\":\"https:\\\/\\\/fjala.info\\\/2009-2015\\\/#\\\/schema\\\/logo\\\/image\\\/\"}},{\"@type\":\"Person\",\"@id\":\"https:\\\/\\\/fjala.info\\\/2009-2015\\\/#\\\/schema\\\/person\\\/3aa1163ef05469c496fc94e77611ada2\",\"name\":\"admin\",\"image\":{\"@type\":\"ImageObject\",\"inLanguage\":\"sq-AL\",\"@id\":\"https:\\\/\\\/fjala.info\\\/2009-2015\\\/wp-content\\\/uploads\\\/2012\\\/02\\\/arben_cokaj-120x150.jpg\",\"url\":\"https:\\\/\\\/fjala.info\\\/2009-2015\\\/wp-content\\\/uploads\\\/2012\\\/02\\\/arben_cokaj-120x150.jpg\",\"contentUrl\":\"https:\\\/\\\/fjala.info\\\/2009-2015\\\/wp-content\\\/uploads\\\/2012\\\/02\\\/arben_cokaj-120x150.jpg\",\"caption\":\"admin\"},\"description\":\"Admin, Fjala e Lir\u00eb\",\"sameAs\":[\"https:\\\/\\\/fjala.info\\\/\"],\"url\":\"https:\\\/\\\/fjala.info\\\/2009-2015\\\/author\\\/admin\\\/\"}]}<\/script>\n<!-- \/ Yoast SEO plugin. -->","yoast_head_json":{"title":"Zamir Shtylla: Sekretet e Lul Bash\u00ebs, Fazlli\u00e7it dhe G\u00ebrdecit - FjALA e LIR\u00cb - Arkivi","robots":{"index":"index","follow":"follow","max-snippet":"max-snippet:-1","max-image-preview":"max-image-preview:large","max-video-preview":"max-video-preview:-1"},"canonical":"https:\/\/fjala.info\/2009-2015\/zamir-shtylla-sekretet-e-lul-bashes-fazllicit-dhe-gerdecit\/","og_locale":"sq_AL","og_type":"article","og_title":"Zamir Shtylla: Sekretet e Lul Bash\u00ebs, Fazlli\u00e7it dhe G\u00ebrdecit - FjALA e LIR\u00cb - Arkivi","og_description":"Nga: Klodiana Lala, 26 Tetor 2010 Zamir Shtylla vendos t\u00eb thyej\u00eb heshtjen dhe t\u00eb rr\u00ebfej\u00eb p\u00ebrse \u201cbraktisi\u201d Prokurorin\u00eb e P\u00ebrgjithshme at\u00ebher\u00eb, kur n\u00eb duart e tij ndodhej ajo q\u00eb mund t\u00eb konsiderohet pa frik\u00eb si dosja e shekullit. I ulur n\u00eb zyr\u00ebn e tij n\u00eb katin e dyt\u00eb t\u00eb nj\u00eb pallati n\u00eb rrug\u00ebn e Dibr\u00ebs, [&hellip;]","og_url":"https:\/\/fjala.info\/2009-2015\/zamir-shtylla-sekretet-e-lul-bashes-fazllicit-dhe-gerdecit\/","og_site_name":"FjALA e LIR\u00cb - Arkivi","article_published_time":"2010-10-30T05:04:06+00:00","og_image":[{"url":"http:\/\/fjala.shkoder.net\/wp-content\/uploads\/2010\/10\/zamir_shtylla.jpg","type":"","width":"","height":""}],"author":"admin","twitter_card":"summary_large_image","twitter_misc":{"Written by":"admin","Est. reading time":"32 minutes"},"schema":{"@context":"https:\/\/schema.org","@graph":[{"@type":"Article","@id":"https:\/\/fjala.info\/2009-2015\/zamir-shtylla-sekretet-e-lul-bashes-fazllicit-dhe-gerdecit\/#article","isPartOf":{"@id":"https:\/\/fjala.info\/2009-2015\/zamir-shtylla-sekretet-e-lul-bashes-fazllicit-dhe-gerdecit\/"},"author":{"name":"admin","@id":"https:\/\/fjala.info\/2009-2015\/#\/schema\/person\/3aa1163ef05469c496fc94e77611ada2"},"headline":"Zamir Shtylla: Sekretet e Lul Bash\u00ebs, Fazlli\u00e7it dhe G\u00ebrdecit","datePublished":"2010-10-30T05:04:06+00:00","mainEntityOfPage":{"@id":"https:\/\/fjala.info\/2009-2015\/zamir-shtylla-sekretet-e-lul-bashes-fazllicit-dhe-gerdecit\/"},"wordCount":6502,"commentCount":0,"publisher":{"@id":"https:\/\/fjala.info\/2009-2015\/#organization"},"image":{"@id":"https:\/\/fjala.info\/2009-2015\/zamir-shtylla-sekretet-e-lul-bashes-fazllicit-dhe-gerdecit\/#primaryimage"},"thumbnailUrl":"http:\/\/fjala.shkoder.net\/wp-content\/uploads\/2010\/10\/zamir_shtylla.jpg","articleSection":["Artikuj","Intervista"],"inLanguage":"sq-AL","potentialAction":[{"@type":"CommentAction","name":"Comment","target":["https:\/\/fjala.info\/2009-2015\/zamir-shtylla-sekretet-e-lul-bashes-fazllicit-dhe-gerdecit\/#respond"]}]},{"@type":"WebPage","@id":"https:\/\/fjala.info\/2009-2015\/zamir-shtylla-sekretet-e-lul-bashes-fazllicit-dhe-gerdecit\/","url":"https:\/\/fjala.info\/2009-2015\/zamir-shtylla-sekretet-e-lul-bashes-fazllicit-dhe-gerdecit\/","name":"Zamir Shtylla: Sekretet e Lul Bash\u00ebs, Fazlli\u00e7it dhe G\u00ebrdecit - FjALA e LIR\u00cb - Arkivi","isPartOf":{"@id":"https:\/\/fjala.info\/2009-2015\/#website"},"primaryImageOfPage":{"@id":"https:\/\/fjala.info\/2009-2015\/zamir-shtylla-sekretet-e-lul-bashes-fazllicit-dhe-gerdecit\/#primaryimage"},"image":{"@id":"https:\/\/fjala.info\/2009-2015\/zamir-shtylla-sekretet-e-lul-bashes-fazllicit-dhe-gerdecit\/#primaryimage"},"thumbnailUrl":"http:\/\/fjala.shkoder.net\/wp-content\/uploads\/2010\/10\/zamir_shtylla.jpg","datePublished":"2010-10-30T05:04:06+00:00","breadcrumb":{"@id":"https:\/\/fjala.info\/2009-2015\/zamir-shtylla-sekretet-e-lul-bashes-fazllicit-dhe-gerdecit\/#breadcrumb"},"inLanguage":"sq-AL","potentialAction":[{"@type":"ReadAction","target":["https:\/\/fjala.info\/2009-2015\/zamir-shtylla-sekretet-e-lul-bashes-fazllicit-dhe-gerdecit\/"]}]},{"@type":"ImageObject","inLanguage":"sq-AL","@id":"https:\/\/fjala.info\/2009-2015\/zamir-shtylla-sekretet-e-lul-bashes-fazllicit-dhe-gerdecit\/#primaryimage","url":"http:\/\/fjala.shkoder.net\/wp-content\/uploads\/2010\/10\/zamir_shtylla.jpg","contentUrl":"http:\/\/fjala.shkoder.net\/wp-content\/uploads\/2010\/10\/zamir_shtylla.jpg"},{"@type":"BreadcrumbList","@id":"https:\/\/fjala.info\/2009-2015\/zamir-shtylla-sekretet-e-lul-bashes-fazllicit-dhe-gerdecit\/#breadcrumb","itemListElement":[{"@type":"ListItem","position":1,"name":"Home","item":"https:\/\/fjala.info\/2009-2015\/"},{"@type":"ListItem","position":2,"name":"Zamir Shtylla: Sekretet e Lul Bash\u00ebs, Fazlli\u00e7it dhe G\u00ebrdecit"}]},{"@type":"WebSite","@id":"https:\/\/fjala.info\/2009-2015\/#website","url":"https:\/\/fjala.info\/2009-2015\/","name":"FjALA e LIR\u00cb - Arkivi","description":"Arkivi 2009-2015","publisher":{"@id":"https:\/\/fjala.info\/2009-2015\/#organization"},"potentialAction":[{"@type":"SearchAction","target":{"@type":"EntryPoint","urlTemplate":"https:\/\/fjala.info\/2009-2015\/?s={search_term_string}"},"query-input":{"@type":"PropertyValueSpecification","valueRequired":true,"valueName":"search_term_string"}}],"inLanguage":"sq-AL"},{"@type":"Organization","@id":"https:\/\/fjala.info\/2009-2015\/#organization","name":"FjALA e LIR\u00cb - Arkivi","url":"https:\/\/fjala.info\/2009-2015\/","logo":{"@type":"ImageObject","inLanguage":"sq-AL","@id":"https:\/\/fjala.info\/2009-2015\/#\/schema\/logo\/image\/","url":"","contentUrl":"","caption":"FjALA e LIR\u00cb - Arkivi"},"image":{"@id":"https:\/\/fjala.info\/2009-2015\/#\/schema\/logo\/image\/"}},{"@type":"Person","@id":"https:\/\/fjala.info\/2009-2015\/#\/schema\/person\/3aa1163ef05469c496fc94e77611ada2","name":"admin","image":{"@type":"ImageObject","inLanguage":"sq-AL","@id":"https:\/\/fjala.info\/2009-2015\/wp-content\/uploads\/2012\/02\/arben_cokaj-120x150.jpg","url":"https:\/\/fjala.info\/2009-2015\/wp-content\/uploads\/2012\/02\/arben_cokaj-120x150.jpg","contentUrl":"https:\/\/fjala.info\/2009-2015\/wp-content\/uploads\/2012\/02\/arben_cokaj-120x150.jpg","caption":"admin"},"description":"Admin, Fjala e Lir\u00eb","sameAs":["https:\/\/fjala.info\/"],"url":"https:\/\/fjala.info\/2009-2015\/author\/admin\/"}]}},"_links":{"self":[{"href":"https:\/\/fjala.info\/2009-2015\/wp-json\/wp\/v2\/posts\/4542","targetHints":{"allow":["GET"]}}],"collection":[{"href":"https:\/\/fjala.info\/2009-2015\/wp-json\/wp\/v2\/posts"}],"about":[{"href":"https:\/\/fjala.info\/2009-2015\/wp-json\/wp\/v2\/types\/post"}],"author":[{"embeddable":true,"href":"https:\/\/fjala.info\/2009-2015\/wp-json\/wp\/v2\/users\/1"}],"replies":[{"embeddable":true,"href":"https:\/\/fjala.info\/2009-2015\/wp-json\/wp\/v2\/comments?post=4542"}],"version-history":[{"count":0,"href":"https:\/\/fjala.info\/2009-2015\/wp-json\/wp\/v2\/posts\/4542\/revisions"}],"wp:attachment":[{"href":"https:\/\/fjala.info\/2009-2015\/wp-json\/wp\/v2\/media?parent=4542"}],"wp:term":[{"taxonomy":"category","embeddable":true,"href":"https:\/\/fjala.info\/2009-2015\/wp-json\/wp\/v2\/categories?post=4542"},{"taxonomy":"post_tag","embeddable":true,"href":"https:\/\/fjala.info\/2009-2015\/wp-json\/wp\/v2\/tags?post=4542"}],"curies":[{"name":"wp","href":"https:\/\/api.w.org\/{rel}","templated":true}]}}