{"id":4540,"date":"2010-10-29T21:54:30","date_gmt":"2010-10-29T20:54:30","guid":{"rendered":"http:\/\/fjala.shkoder.net\/?p=4540"},"modified":"2010-10-29T21:54:30","modified_gmt":"2010-10-29T20:54:30","slug":"per-nje-kulture-te-kujteses-kunder-komunizmit","status":"publish","type":"post","link":"https:\/\/fjala.info\/2009-2015\/per-nje-kulture-te-kujteses-kunder-komunizmit\/","title":{"rendered":"P\u00ebr nj\u00eb kultur\u00eb t\u00eb kujtes\u00ebs kund\u00ebr komunizmit"},"content":{"rendered":"<p><img loading=\"lazy\" decoding=\"async\" src=\"http:\/\/fjala.shkoder.net\/wp-content\/uploads\/2010\/10\/mero_baze1.jpg\" alt=\"\" title=\"Mero Baze\" width=\"149\" height=\"200\" class=\"alignright size-full wp-image-4090\" \/><br \/>\nNga <strong>Mero Baze<\/strong><\/p>\n<p>Ndryshe nga shum\u00eb vet\u00eb q\u00eb mendojn\u00eb se Piramida nuk ka lidhje me komunizmin, un\u00eb mendoj q\u00eb ka, dhe \u00ebsht\u00eb bile nj\u00eb simbol i diktatorit. Po ashtu jam shum\u00eb i qart\u00eb se debati i shpikur nga Berisha p\u00ebr prishjen e saj nuk ka lidhje, as me ish- komunizmin e tij, dhe as me anti-komunizmin e tij, por me spontanitetin dhe pap\u00ebrgjegj\u00ebsin\u00eb me t\u00eb cilat ka b\u00ebr\u00eb gjith\u00eb gj\u00ebrat n\u00eb k\u00ebt\u00eb vend. <\/p>\n<p>V\u00ebshtir\u00ebsia n\u00eb t\u00eb cil\u00ebn kryeministri Berisha \u00ebsht\u00eb vendosur p\u00ebr t\u00eb mbrojtur abuzimin me rreth 6 milion\u00eb euro lidhur me rikonstruksionin e d\u00ebshtuar t\u00eb Qendr\u00ebs Nd\u00ebrkomb\u00ebtare t\u00eb Kultur\u00ebs, e ka detyruar at\u00eb t\u00eb marr\u00eb nj\u00eb pozicion qesharak n\u00eb em\u00ebr t\u00eb anti-komunizmit, i cili prek realisht nj\u00eb pjes\u00eb t\u00eb ndjeshme t\u00eb shoq\u00ebris\u00eb shqiptare. Pa dashur t\u2019i rikthehem argumenteve q\u00eb kam dh\u00ebn\u00eb lidhur me abuzimin e administrat\u00ebs s\u00eb Berish\u00ebs me 6 milion\u00eb dollar\u00eb tek e nj\u00ebjta nd\u00ebrtes\u00eb, duhet realisht t\u00eb ndri\u00e7ojm\u00eb dhe hipokrizin\u00eb anti-komuniste t\u00eb tij n\u00eb k\u00ebt\u00eb debat.<\/p>\n<p>S\u00eb pari, \u00ebsht\u00eb e r\u00ebnd\u00eb p\u00ebr Berish\u00ebn q\u00eb t\u00eb b\u00ebhet \u201canti-komunist\u201d me Piramid\u00ebn 20 vjet pas r\u00ebnies s\u00eb komunizmit. N\u00ebse kjo \u00ebsht\u00eb e v\u00ebrtet\u00eb, i bie q\u00eb n\u00eb vitin 2006, kur ai i vuri emrin Qendra Nd\u00ebrkomb\u00ebtare \u201cPjet\u00ebr Arbnori\u201d, Berisha t\u00eb ket\u00eb dashur t\u00eb mbroj\u00eb simbolet e komunizmit, bile t\u00eb jet\u00eb tallur dhe me kujtimin e ndjer\u00eb t\u00eb Pjet\u00ebr Arbnorit. <\/p>\n<p>S\u00eb dyti, n\u00eb vitin 2008, kur Berisha vendosi q\u00eb Piramida t\u00eb rikonstruktohet dhe t\u00eb b\u00ebhet Teat\u00ebr Komb\u00ebtar dhe ekspozit\u00eb artesh pamore, i bie q\u00eb t\u00eb ket\u00eb qen\u00eb nostalgjik i Enver Hoxh\u00ebs dhe ruajt\u00ebs fanatik, bile investues tek simboli i diktatorit.<\/p>\n<p>Por, si\u00e7 e thash\u00eb m\u00eb lart, as n\u00eb rastin e par\u00eb dhe as n\u00eb rastin e dyt\u00eb nuk kemi nj\u00eb Berish\u00eb komunist dhe natyrisht asnj\u00eb Berish\u00eb anti-komunist. Kemi nj\u00eb Sali Berish\u00eb ashtu si\u00e7 e ka b\u00ebr\u00eb Zoti, pa vizion, pa projekt, pa perspektiv\u00eb zhvillimi n\u00eb mendje dhe natyrisht nj\u00eb urryes t\u00eb madh t\u00eb historis\u00eb s\u00eb tij, q\u00eb e ka t\u00eb p\u00ebrzier\u00eb nga autografet n\u00eb libra p\u00ebr familjen Hoxha, e deri tek klithma gjoja histerike kund\u00ebr copave t\u00eb mermerit q\u00eb po i vjedhin njer\u00ebzit e tij.<\/p>\n<p>P\u00ebr k\u00ebt\u00eb arsye duhet diskutuar me seriozitet q\u00ebndrimi q\u00eb duhet t\u00eb mbajm\u00eb ndaj diktatur\u00ebs dhe mbajtja gjall\u00eb e kujtimit p\u00ebr krimet e saj. N\u00eb 20 vite pluraliz\u00ebm ne nuk arrit\u00ebm kurr\u00eb t\u00eb krijonim kultur\u00ebn e kujtes\u00ebs p\u00ebr krimet e komunizmit dhe nj\u00eb nga shkaktar\u00ebt e m\u00ebdhenj \u00ebsht\u00eb Sali Berisha. N\u00eb vitin 1995, kur ai krijoi Komisionin e D\u00ebnimit t\u00eb Krimeve dhe Gjenocidit Komunist, ai kishte nj\u00eb rast t\u00eb art\u00eb t\u00eb prodhonte nj\u00eb institucion t\u00eb r\u00ebnd\u00ebsish\u00ebm t\u00eb kujtes\u00ebs son\u00eb komb\u00ebtare kund\u00ebr atyre q\u00eb kishin b\u00ebr\u00eb krime n\u00eb at\u00eb vend. Por, n\u00eb vend q\u00eb ta p\u00ebrdorte k\u00ebt\u00eb institucion p\u00ebr t\u00eb d\u00ebnuar krimet e komunizmit, ai e keqp\u00ebrdori deri n\u00eb banalitet, si\u00e7 di t\u00eb keqp\u00ebrdor\u00eb ai krijesat e veta, duke e kompromentuar me nj\u00eb institucion q\u00eb hartonte lista p\u00ebr kund\u00ebrshtar\u00ebt e tij politik. <\/p>\n<p>Edhe pas rikthimit n\u00eb pushtet n\u00eb vitin 2005, ai thuajse s\u2019b\u00ebri asgj\u00eb p\u00ebr t\u00eb prodhuar nj\u00eb institucion t\u00eb kujtes\u00ebs son\u00eb komb\u00ebtare p\u00ebr krimet e komunizmit, ligji i tij i p\u00ebrs\u00ebritur p\u00ebr dosjet ishte nj\u00eb spekulim i ri politik q\u00eb shp\u00ebtonte sh\u00ebrb\u00ebtor\u00ebt e diktatur\u00ebs dhe nd\u00ebshkonte kund\u00ebrshtar\u00eb t\u00eb \u00e7astit t\u00eb tij, q\u00eb kishin t\u00eb b\u00ebnin me dosjet e hajdutll\u00ebqeve t\u00eb klient\u00ebve dhe miqve t\u00eb vajz\u00ebs dhe djalit t\u00eb tij. Vendimi p\u00ebr t\u00eb ngritur nj\u00eb institut p\u00ebr t\u00eb studiuar krimet e komunizmit, \u00ebsht\u00eb shoq\u00ebruar qysh nga p\u00ebrzgjedhja nga banaliteti dhe mediokriteti, dhe mungesa e seriozitetit p\u00ebr t\u2019i mb\u00ebshtetur me fonde. N\u00eb k\u00ebto kushte ne kemi pak shanse, por s\u2019duhet t\u00eb humbasim shpres\u00ebn t\u00eb prodhojm\u00eb institucione t\u00eb kujtes\u00ebs p\u00ebr krimet e komunizmit.<\/p>\n<p>Duke r\u00ebn\u00eb dakord se Piramida \u00ebsht\u00eb nj\u00eb simbol i diktatorit, pik\u00ebrisht p\u00ebr k\u00ebt\u00eb shkak ajo duhet kthyer n\u00eb simbol t\u00eb nd\u00ebshkimit t\u00eb krimeve t\u00eb komunizmit. N\u00ebse Sali Berisha e ka seriozisht se do t\u00eb nd\u00ebrtoj\u00eb nj\u00eb institut serioz p\u00ebr t\u00eb d\u00ebnuar krimet e komunizmit, do t\u00eb ishte mir\u00eb q\u00eb pik\u00ebrisht n\u00eb k\u00ebt\u00eb nd\u00ebrtes\u00eb nj\u00eb sip\u00ebrfaqe e caktuar t\u2019i lihej k\u00ebtij instituti. Zakonisht krimet mizore t\u00eb regjimeve diktatoriale n\u00eb shoq\u00ebri kan\u00eb simbolet e asaj kohe m\u00eb cil\u00ebsore. Piramida jon\u00eb \u00ebsht\u00eb simboli m\u00eb cil\u00ebsor q\u00eb na kujton diktatorin, dhe n\u00ebse duhet t\u00eb zhvillojm\u00eb nj\u00eb kultur\u00eb t\u00eb d\u00ebnimit dhe nd\u00ebshkimit t\u00eb krimeve t\u00eb komunizmit, nuk mund ta shkat\u00ebrrojm\u00eb kurr\u00eb at\u00eb. Vet\u00ebm komunist\u00ebt kan\u00eb prirje t\u00eb shkat\u00ebrrojn\u00eb simbolet historike p\u00ebr t\u2019i fshir\u00eb ato nga kujtesa. <\/p>\n<p>Vet\u00ebm ata q\u00eb duan t\u00eb harrojn\u00eb krimet e komunizmit, duan t\u00eb shkat\u00ebrrohen simbolet q\u00eb na kujtojn\u00eb diktatur\u00ebn. Nj\u00ebsoj si me kraterin e G\u00ebrdecit, ku Berish\u00ebs i kujtohet gj\u00ebma q\u00eb i biri i tij u b\u00ebri atyre njer\u00ebzve, ashtu dhe me Piramid\u00ebn, Berisha do t\u2019i b\u00ebj\u00eb nj\u00eb nder ish- partis\u00eb s\u00eb tij duke ia pastruar k\u00ebtij populli nga memoria. Kjo \u00ebsht\u00eb nj\u00ebsoj sikur hebrenjt\u00eb sot, t\u00eb ngrihen dhe t\u00eb k\u00ebrkojn\u00eb t\u00eb shkat\u00ebrrohet kampi i Aushvicit, pasi aty jan\u00eb torturuar dhe vrar\u00eb mij\u00ebra hebrenj. P\u00ebrkundrazi, ai kamp sot mbijeton si muze fal hebrenjve dhe viktimave t\u00eb tij. Ai \u00ebsht\u00eb d\u00ebshmi e gjall\u00eb e masakrave t\u00eb fashizmit dhe askush, bile asnj\u00eb sekretar partie i koh\u00ebs s\u00eb nazizmit nuk ka dal\u00eb t\u00eb thot\u00eb se duhet prishur q\u00eb t\u00eb harrohet nazizmi. <\/p>\n<p>Teoria e shkat\u00ebrrimit t\u00eb historis\u00eb p\u00ebr ta harruar at\u00eb, \u00ebsht\u00eb tipike p\u00ebr udh\u00ebheq\u00ebs q\u00eb luftojn\u00eb p\u00ebr shp\u00eblarjen e trurit n\u00eb k\u00ebt\u00eb vend, m\u00eb i shquari prej t\u00eb cil\u00ebve ka qen\u00eb Enver Hoxha dhe i dyti pa dyshim mbetet Sali Berisha. P\u00ebr \u00e7do antikomunist n\u00eb k\u00ebt\u00eb vend, \u00ebsht\u00eb e domosdoshme t\u00eb zhvillohet kultura e kujtes\u00ebs p\u00ebr komunizmin si nj\u00eb regjim gjakatar dhe simboli m\u00eb i mir\u00eb p\u00ebr k\u00ebt\u00eb \u00ebsht\u00eb Piramida, simboli i madh\u00ebshtis\u00eb boshe t\u00eb historis\u00eb s\u00eb diktatorit. Berisha ndoshta beson ende se \u201ckomunizmi do t\u00eb jet\u00eb bota e re\u201d, por n\u00eb t\u00eb v\u00ebrtet\u00eb p\u00ebr Shqip\u00ebrin\u00eb anti-komuniste, ajo \u00ebsht\u00eb nj\u00eb bot\u00eb e rr\u00ebzuar q\u00eb duhet kujtuar p\u00ebr t\u00eb mos u p\u00ebrs\u00ebritur. Ndaj shkat\u00ebrrimi i k\u00ebsaj kujtese, s\u00eb paku nuk duhet b\u00ebr\u00eb n\u00eb em\u00ebr t\u00eb anti-komunizmit.<\/p>\n","protected":false},"excerpt":{"rendered":"<p>Nga Mero Baze Ndryshe nga shum\u00eb vet\u00eb q\u00eb mendojn\u00eb se Piramida nuk ka lidhje me komunizmin, un\u00eb mendoj q\u00eb ka, dhe \u00ebsht\u00eb bile nj\u00eb simbol i diktatorit. Po ashtu jam shum\u00eb i qart\u00eb se debati i shpikur nga Berisha p\u00ebr prishjen e saj nuk ka lidhje, as me ish- komunizmin e tij, dhe as me [&hellip;]<\/p>\n","protected":false},"author":1,"featured_media":0,"comment_status":"open","ping_status":"closed","sticky":false,"template":"","format":"standard","meta":{"footnotes":""},"categories":[2],"tags":[],"class_list":{"0":"post-4540","1":"post","2":"type-post","3":"status-publish","4":"format-standard","6":"category-artikuj"},"yoast_head":"<!-- This site is optimized with the Yoast SEO plugin v27.4 - https:\/\/yoast.com\/product\/yoast-seo-wordpress\/ -->\n<title>P\u00ebr nj\u00eb kultur\u00eb t\u00eb kujtes\u00ebs kund\u00ebr komunizmit - FjALA e LIR\u00cb - Arkivi<\/title>\n<meta name=\"robots\" content=\"index, follow, max-snippet:-1, max-image-preview:large, max-video-preview:-1\" \/>\n<link rel=\"canonical\" href=\"https:\/\/fjala.info\/2009-2015\/per-nje-kulture-te-kujteses-kunder-komunizmit\/\" \/>\n<meta property=\"og:locale\" content=\"sq_AL\" \/>\n<meta property=\"og:type\" content=\"article\" \/>\n<meta property=\"og:title\" content=\"P\u00ebr nj\u00eb kultur\u00eb t\u00eb kujtes\u00ebs kund\u00ebr komunizmit - FjALA e LIR\u00cb - Arkivi\" \/>\n<meta property=\"og:description\" content=\"Nga Mero Baze Ndryshe nga shum\u00eb vet\u00eb q\u00eb mendojn\u00eb se Piramida nuk ka lidhje me komunizmin, un\u00eb mendoj q\u00eb ka, dhe \u00ebsht\u00eb bile nj\u00eb simbol i diktatorit. Po ashtu jam shum\u00eb i qart\u00eb se debati i shpikur nga Berisha p\u00ebr prishjen e saj nuk ka lidhje, as me ish- komunizmin e tij, dhe as me [&hellip;]\" \/>\n<meta property=\"og:url\" content=\"https:\/\/fjala.info\/2009-2015\/per-nje-kulture-te-kujteses-kunder-komunizmit\/\" \/>\n<meta property=\"og:site_name\" content=\"FjALA e LIR\u00cb - Arkivi\" \/>\n<meta property=\"article:published_time\" content=\"2010-10-29T20:54:30+00:00\" \/>\n<meta property=\"og:image\" content=\"http:\/\/fjala.shkoder.net\/wp-content\/uploads\/2010\/10\/mero_baze1.jpg\" \/>\n<meta name=\"author\" content=\"admin\" \/>\n<meta name=\"twitter:card\" content=\"summary_large_image\" \/>\n<meta name=\"twitter:label1\" content=\"Written by\" \/>\n\t<meta name=\"twitter:data1\" content=\"admin\" \/>\n\t<meta name=\"twitter:label2\" content=\"Est. reading time\" \/>\n\t<meta name=\"twitter:data2\" content=\"6 minutes\" \/>\n<script type=\"application\/ld+json\" class=\"yoast-schema-graph\">{\"@context\":\"https:\\\/\\\/schema.org\",\"@graph\":[{\"@type\":\"Article\",\"@id\":\"https:\\\/\\\/fjala.info\\\/2009-2015\\\/per-nje-kulture-te-kujteses-kunder-komunizmit\\\/#article\",\"isPartOf\":{\"@id\":\"https:\\\/\\\/fjala.info\\\/2009-2015\\\/per-nje-kulture-te-kujteses-kunder-komunizmit\\\/\"},\"author\":{\"name\":\"admin\",\"@id\":\"https:\\\/\\\/fjala.info\\\/2009-2015\\\/#\\\/schema\\\/person\\\/3aa1163ef05469c496fc94e77611ada2\"},\"headline\":\"P\u00ebr nj\u00eb kultur\u00eb t\u00eb kujtes\u00ebs kund\u00ebr komunizmit\",\"datePublished\":\"2010-10-29T20:54:30+00:00\",\"mainEntityOfPage\":{\"@id\":\"https:\\\/\\\/fjala.info\\\/2009-2015\\\/per-nje-kulture-te-kujteses-kunder-komunizmit\\\/\"},\"wordCount\":1148,\"commentCount\":0,\"publisher\":{\"@id\":\"https:\\\/\\\/fjala.info\\\/2009-2015\\\/#organization\"},\"image\":{\"@id\":\"https:\\\/\\\/fjala.info\\\/2009-2015\\\/per-nje-kulture-te-kujteses-kunder-komunizmit\\\/#primaryimage\"},\"thumbnailUrl\":\"http:\\\/\\\/fjala.shkoder.net\\\/wp-content\\\/uploads\\\/2010\\\/10\\\/mero_baze1.jpg\",\"articleSection\":[\"Artikuj\"],\"inLanguage\":\"sq-AL\",\"potentialAction\":[{\"@type\":\"CommentAction\",\"name\":\"Comment\",\"target\":[\"https:\\\/\\\/fjala.info\\\/2009-2015\\\/per-nje-kulture-te-kujteses-kunder-komunizmit\\\/#respond\"]}]},{\"@type\":\"WebPage\",\"@id\":\"https:\\\/\\\/fjala.info\\\/2009-2015\\\/per-nje-kulture-te-kujteses-kunder-komunizmit\\\/\",\"url\":\"https:\\\/\\\/fjala.info\\\/2009-2015\\\/per-nje-kulture-te-kujteses-kunder-komunizmit\\\/\",\"name\":\"P\u00ebr nj\u00eb kultur\u00eb t\u00eb kujtes\u00ebs kund\u00ebr komunizmit - FjALA e LIR\u00cb - Arkivi\",\"isPartOf\":{\"@id\":\"https:\\\/\\\/fjala.info\\\/2009-2015\\\/#website\"},\"primaryImageOfPage\":{\"@id\":\"https:\\\/\\\/fjala.info\\\/2009-2015\\\/per-nje-kulture-te-kujteses-kunder-komunizmit\\\/#primaryimage\"},\"image\":{\"@id\":\"https:\\\/\\\/fjala.info\\\/2009-2015\\\/per-nje-kulture-te-kujteses-kunder-komunizmit\\\/#primaryimage\"},\"thumbnailUrl\":\"http:\\\/\\\/fjala.shkoder.net\\\/wp-content\\\/uploads\\\/2010\\\/10\\\/mero_baze1.jpg\",\"datePublished\":\"2010-10-29T20:54:30+00:00\",\"breadcrumb\":{\"@id\":\"https:\\\/\\\/fjala.info\\\/2009-2015\\\/per-nje-kulture-te-kujteses-kunder-komunizmit\\\/#breadcrumb\"},\"inLanguage\":\"sq-AL\",\"potentialAction\":[{\"@type\":\"ReadAction\",\"target\":[\"https:\\\/\\\/fjala.info\\\/2009-2015\\\/per-nje-kulture-te-kujteses-kunder-komunizmit\\\/\"]}]},{\"@type\":\"ImageObject\",\"inLanguage\":\"sq-AL\",\"@id\":\"https:\\\/\\\/fjala.info\\\/2009-2015\\\/per-nje-kulture-te-kujteses-kunder-komunizmit\\\/#primaryimage\",\"url\":\"http:\\\/\\\/fjala.shkoder.net\\\/wp-content\\\/uploads\\\/2010\\\/10\\\/mero_baze1.jpg\",\"contentUrl\":\"http:\\\/\\\/fjala.shkoder.net\\\/wp-content\\\/uploads\\\/2010\\\/10\\\/mero_baze1.jpg\"},{\"@type\":\"BreadcrumbList\",\"@id\":\"https:\\\/\\\/fjala.info\\\/2009-2015\\\/per-nje-kulture-te-kujteses-kunder-komunizmit\\\/#breadcrumb\",\"itemListElement\":[{\"@type\":\"ListItem\",\"position\":1,\"name\":\"Home\",\"item\":\"https:\\\/\\\/fjala.info\\\/2009-2015\\\/\"},{\"@type\":\"ListItem\",\"position\":2,\"name\":\"P\u00ebr nj\u00eb kultur\u00eb t\u00eb kujtes\u00ebs kund\u00ebr komunizmit\"}]},{\"@type\":\"WebSite\",\"@id\":\"https:\\\/\\\/fjala.info\\\/2009-2015\\\/#website\",\"url\":\"https:\\\/\\\/fjala.info\\\/2009-2015\\\/\",\"name\":\"FjALA e LIR\u00cb - Arkivi\",\"description\":\"Arkivi 2009-2015\",\"publisher\":{\"@id\":\"https:\\\/\\\/fjala.info\\\/2009-2015\\\/#organization\"},\"potentialAction\":[{\"@type\":\"SearchAction\",\"target\":{\"@type\":\"EntryPoint\",\"urlTemplate\":\"https:\\\/\\\/fjala.info\\\/2009-2015\\\/?s={search_term_string}\"},\"query-input\":{\"@type\":\"PropertyValueSpecification\",\"valueRequired\":true,\"valueName\":\"search_term_string\"}}],\"inLanguage\":\"sq-AL\"},{\"@type\":\"Organization\",\"@id\":\"https:\\\/\\\/fjala.info\\\/2009-2015\\\/#organization\",\"name\":\"FjALA e LIR\u00cb - Arkivi\",\"url\":\"https:\\\/\\\/fjala.info\\\/2009-2015\\\/\",\"logo\":{\"@type\":\"ImageObject\",\"inLanguage\":\"sq-AL\",\"@id\":\"https:\\\/\\\/fjala.info\\\/2009-2015\\\/#\\\/schema\\\/logo\\\/image\\\/\",\"url\":\"\",\"contentUrl\":\"\",\"caption\":\"FjALA e LIR\u00cb - Arkivi\"},\"image\":{\"@id\":\"https:\\\/\\\/fjala.info\\\/2009-2015\\\/#\\\/schema\\\/logo\\\/image\\\/\"}},{\"@type\":\"Person\",\"@id\":\"https:\\\/\\\/fjala.info\\\/2009-2015\\\/#\\\/schema\\\/person\\\/3aa1163ef05469c496fc94e77611ada2\",\"name\":\"admin\",\"image\":{\"@type\":\"ImageObject\",\"inLanguage\":\"sq-AL\",\"@id\":\"https:\\\/\\\/fjala.info\\\/2009-2015\\\/wp-content\\\/uploads\\\/2012\\\/02\\\/arben_cokaj-120x150.jpg\",\"url\":\"https:\\\/\\\/fjala.info\\\/2009-2015\\\/wp-content\\\/uploads\\\/2012\\\/02\\\/arben_cokaj-120x150.jpg\",\"contentUrl\":\"https:\\\/\\\/fjala.info\\\/2009-2015\\\/wp-content\\\/uploads\\\/2012\\\/02\\\/arben_cokaj-120x150.jpg\",\"caption\":\"admin\"},\"description\":\"Admin, Fjala e Lir\u00eb\",\"sameAs\":[\"https:\\\/\\\/fjala.info\\\/\"],\"url\":\"https:\\\/\\\/fjala.info\\\/2009-2015\\\/author\\\/admin\\\/\"}]}<\/script>\n<!-- \/ Yoast SEO plugin. -->","yoast_head_json":{"title":"P\u00ebr nj\u00eb kultur\u00eb t\u00eb kujtes\u00ebs kund\u00ebr komunizmit - FjALA e LIR\u00cb - Arkivi","robots":{"index":"index","follow":"follow","max-snippet":"max-snippet:-1","max-image-preview":"max-image-preview:large","max-video-preview":"max-video-preview:-1"},"canonical":"https:\/\/fjala.info\/2009-2015\/per-nje-kulture-te-kujteses-kunder-komunizmit\/","og_locale":"sq_AL","og_type":"article","og_title":"P\u00ebr nj\u00eb kultur\u00eb t\u00eb kujtes\u00ebs kund\u00ebr komunizmit - FjALA e LIR\u00cb - Arkivi","og_description":"Nga Mero Baze Ndryshe nga shum\u00eb vet\u00eb q\u00eb mendojn\u00eb se Piramida nuk ka lidhje me komunizmin, un\u00eb mendoj q\u00eb ka, dhe \u00ebsht\u00eb bile nj\u00eb simbol i diktatorit. Po ashtu jam shum\u00eb i qart\u00eb se debati i shpikur nga Berisha p\u00ebr prishjen e saj nuk ka lidhje, as me ish- komunizmin e tij, dhe as me [&hellip;]","og_url":"https:\/\/fjala.info\/2009-2015\/per-nje-kulture-te-kujteses-kunder-komunizmit\/","og_site_name":"FjALA e LIR\u00cb - Arkivi","article_published_time":"2010-10-29T20:54:30+00:00","og_image":[{"url":"http:\/\/fjala.shkoder.net\/wp-content\/uploads\/2010\/10\/mero_baze1.jpg","type":"","width":"","height":""}],"author":"admin","twitter_card":"summary_large_image","twitter_misc":{"Written by":"admin","Est. reading time":"6 minutes"},"schema":{"@context":"https:\/\/schema.org","@graph":[{"@type":"Article","@id":"https:\/\/fjala.info\/2009-2015\/per-nje-kulture-te-kujteses-kunder-komunizmit\/#article","isPartOf":{"@id":"https:\/\/fjala.info\/2009-2015\/per-nje-kulture-te-kujteses-kunder-komunizmit\/"},"author":{"name":"admin","@id":"https:\/\/fjala.info\/2009-2015\/#\/schema\/person\/3aa1163ef05469c496fc94e77611ada2"},"headline":"P\u00ebr nj\u00eb kultur\u00eb t\u00eb kujtes\u00ebs kund\u00ebr komunizmit","datePublished":"2010-10-29T20:54:30+00:00","mainEntityOfPage":{"@id":"https:\/\/fjala.info\/2009-2015\/per-nje-kulture-te-kujteses-kunder-komunizmit\/"},"wordCount":1148,"commentCount":0,"publisher":{"@id":"https:\/\/fjala.info\/2009-2015\/#organization"},"image":{"@id":"https:\/\/fjala.info\/2009-2015\/per-nje-kulture-te-kujteses-kunder-komunizmit\/#primaryimage"},"thumbnailUrl":"http:\/\/fjala.shkoder.net\/wp-content\/uploads\/2010\/10\/mero_baze1.jpg","articleSection":["Artikuj"],"inLanguage":"sq-AL","potentialAction":[{"@type":"CommentAction","name":"Comment","target":["https:\/\/fjala.info\/2009-2015\/per-nje-kulture-te-kujteses-kunder-komunizmit\/#respond"]}]},{"@type":"WebPage","@id":"https:\/\/fjala.info\/2009-2015\/per-nje-kulture-te-kujteses-kunder-komunizmit\/","url":"https:\/\/fjala.info\/2009-2015\/per-nje-kulture-te-kujteses-kunder-komunizmit\/","name":"P\u00ebr nj\u00eb kultur\u00eb t\u00eb kujtes\u00ebs kund\u00ebr komunizmit - FjALA e LIR\u00cb - Arkivi","isPartOf":{"@id":"https:\/\/fjala.info\/2009-2015\/#website"},"primaryImageOfPage":{"@id":"https:\/\/fjala.info\/2009-2015\/per-nje-kulture-te-kujteses-kunder-komunizmit\/#primaryimage"},"image":{"@id":"https:\/\/fjala.info\/2009-2015\/per-nje-kulture-te-kujteses-kunder-komunizmit\/#primaryimage"},"thumbnailUrl":"http:\/\/fjala.shkoder.net\/wp-content\/uploads\/2010\/10\/mero_baze1.jpg","datePublished":"2010-10-29T20:54:30+00:00","breadcrumb":{"@id":"https:\/\/fjala.info\/2009-2015\/per-nje-kulture-te-kujteses-kunder-komunizmit\/#breadcrumb"},"inLanguage":"sq-AL","potentialAction":[{"@type":"ReadAction","target":["https:\/\/fjala.info\/2009-2015\/per-nje-kulture-te-kujteses-kunder-komunizmit\/"]}]},{"@type":"ImageObject","inLanguage":"sq-AL","@id":"https:\/\/fjala.info\/2009-2015\/per-nje-kulture-te-kujteses-kunder-komunizmit\/#primaryimage","url":"http:\/\/fjala.shkoder.net\/wp-content\/uploads\/2010\/10\/mero_baze1.jpg","contentUrl":"http:\/\/fjala.shkoder.net\/wp-content\/uploads\/2010\/10\/mero_baze1.jpg"},{"@type":"BreadcrumbList","@id":"https:\/\/fjala.info\/2009-2015\/per-nje-kulture-te-kujteses-kunder-komunizmit\/#breadcrumb","itemListElement":[{"@type":"ListItem","position":1,"name":"Home","item":"https:\/\/fjala.info\/2009-2015\/"},{"@type":"ListItem","position":2,"name":"P\u00ebr nj\u00eb kultur\u00eb t\u00eb kujtes\u00ebs kund\u00ebr komunizmit"}]},{"@type":"WebSite","@id":"https:\/\/fjala.info\/2009-2015\/#website","url":"https:\/\/fjala.info\/2009-2015\/","name":"FjALA e LIR\u00cb - Arkivi","description":"Arkivi 2009-2015","publisher":{"@id":"https:\/\/fjala.info\/2009-2015\/#organization"},"potentialAction":[{"@type":"SearchAction","target":{"@type":"EntryPoint","urlTemplate":"https:\/\/fjala.info\/2009-2015\/?s={search_term_string}"},"query-input":{"@type":"PropertyValueSpecification","valueRequired":true,"valueName":"search_term_string"}}],"inLanguage":"sq-AL"},{"@type":"Organization","@id":"https:\/\/fjala.info\/2009-2015\/#organization","name":"FjALA e LIR\u00cb - Arkivi","url":"https:\/\/fjala.info\/2009-2015\/","logo":{"@type":"ImageObject","inLanguage":"sq-AL","@id":"https:\/\/fjala.info\/2009-2015\/#\/schema\/logo\/image\/","url":"","contentUrl":"","caption":"FjALA e LIR\u00cb - Arkivi"},"image":{"@id":"https:\/\/fjala.info\/2009-2015\/#\/schema\/logo\/image\/"}},{"@type":"Person","@id":"https:\/\/fjala.info\/2009-2015\/#\/schema\/person\/3aa1163ef05469c496fc94e77611ada2","name":"admin","image":{"@type":"ImageObject","inLanguage":"sq-AL","@id":"https:\/\/fjala.info\/2009-2015\/wp-content\/uploads\/2012\/02\/arben_cokaj-120x150.jpg","url":"https:\/\/fjala.info\/2009-2015\/wp-content\/uploads\/2012\/02\/arben_cokaj-120x150.jpg","contentUrl":"https:\/\/fjala.info\/2009-2015\/wp-content\/uploads\/2012\/02\/arben_cokaj-120x150.jpg","caption":"admin"},"description":"Admin, Fjala e Lir\u00eb","sameAs":["https:\/\/fjala.info\/"],"url":"https:\/\/fjala.info\/2009-2015\/author\/admin\/"}]}},"_links":{"self":[{"href":"https:\/\/fjala.info\/2009-2015\/wp-json\/wp\/v2\/posts\/4540","targetHints":{"allow":["GET"]}}],"collection":[{"href":"https:\/\/fjala.info\/2009-2015\/wp-json\/wp\/v2\/posts"}],"about":[{"href":"https:\/\/fjala.info\/2009-2015\/wp-json\/wp\/v2\/types\/post"}],"author":[{"embeddable":true,"href":"https:\/\/fjala.info\/2009-2015\/wp-json\/wp\/v2\/users\/1"}],"replies":[{"embeddable":true,"href":"https:\/\/fjala.info\/2009-2015\/wp-json\/wp\/v2\/comments?post=4540"}],"version-history":[{"count":0,"href":"https:\/\/fjala.info\/2009-2015\/wp-json\/wp\/v2\/posts\/4540\/revisions"}],"wp:attachment":[{"href":"https:\/\/fjala.info\/2009-2015\/wp-json\/wp\/v2\/media?parent=4540"}],"wp:term":[{"taxonomy":"category","embeddable":true,"href":"https:\/\/fjala.info\/2009-2015\/wp-json\/wp\/v2\/categories?post=4540"},{"taxonomy":"post_tag","embeddable":true,"href":"https:\/\/fjala.info\/2009-2015\/wp-json\/wp\/v2\/tags?post=4540"}],"curies":[{"name":"wp","href":"https:\/\/api.w.org\/{rel}","templated":true}]}}