{"id":4537,"date":"2015-10-09T14:23:51","date_gmt":"2015-10-09T13:23:51","guid":{"rendered":"http:\/\/www.fjala.info\/?p=4537"},"modified":"2015-10-09T14:23:51","modified_gmt":"2015-10-09T13:23:51","slug":"a-duhet-te-punojme-te-gjithe-per-atdheun-tone","status":"publish","type":"post","link":"https:\/\/fjala.info\/2009-2015\/a-duhet-te-punojme-te-gjithe-per-atdheun-tone\/","title":{"rendered":"A duhet t\u00eb punojm\u00eb t\u00eb gjith\u00eb p\u00ebr Atdheun ton\u00eb?"},"content":{"rendered":"<p><img decoding=\"async\" class=\"alignright\" title=\"Gjin Musa - Press\" src=\"http:\/\/www.fjala.info\/2015\/gjin_musa_press.jpg\" alt=\"\" width=\"300\" \/> <strong>Gjin Musa<\/strong><\/p>\n<p>Mjerisht dhe fatkeqesisht ne keto 25 vite demokracie politika Shqiptare ka rrahe uje ne tavan!<br \/>\nHere te majtit dhe here te djathtit i ndryshuan karriget e pushtetit po gjithmon menduan vetem per zhepin e tyre personal.<\/p>\n<p>Politika shqiptare ka qene gjithmon e semur nga shtylla korrizore!<br \/>\nkurre nuk e pa popullin drejt ne sy, i premtoj deri dhe lugen e floririt, kujtom \u00e7ekun e bardhe te ndjerit Gramoz Pashko, po \u00e7ek nuk nau nda ne keto 25 vite.<\/p>\n<p>Mjerisht duhet thane qe dy forcat e medha politike PS dhe PD kane qene promotori i premtimeve te pa shpres, shqiptaret \u00e7do here besonin me hire a pa hire mbeten te mashtruar nga propoganda shfrenuese e sharjeve dhe e perbaltosjes nga te dy krahet e politikes vetem per te bindur votuesit se jeta do ndryshoj ne kete apo ate ligjeslatur, realiteti eshte mashtrimi politik.<br \/>\nNe shqiperi ka parti politike aqe shume sa te gjitha shtetet e BE te bera sebashku nuk arrin numerin e partive politike te Shqiperis\u00eb.<\/p>\n<p>Me te drejt lind pyeta pse gjithe kjo hadhakatje partiake? pse gjithe keta kryetar partish?mose valle te gjithe jane te interesuar per mireqenien e popullit?Jo, dhe vetem jo!te gjithe punojne dhe mashtrojn vetem per interesat e ngushta personale.<\/p>\n<p>Le te analizojn vetem partit Demokristiane, shifni si jane hallakate, \u00e7do kushe ka krijuar nga nji parti Demokristiane duke ndryshuar stemen dhe flamurin!pse kjo \u00e7oroditje tek demokristianet?kujte i sherben ky coptim i demokristianve? apo jemi 3 apo 4 miljon kristian!turp dhe vetem turp.<br \/>\nDemokristianet shqiptare ka ardhur koha te grupohen te gjithe ne PDK ku drejton Nard Ndoka si partia meme e demokristianve.<\/p>\n<p>Le te jemi sa ma realist ne analizen ton\u00eb, bashkimi i te gjithe demokristianve krijon nji forc politike qe vendos baraz peshen parlamentare, po gjithmon demokristianet duhet te jene te prere ne mardhanjet nder partiake te kualicioneve te mundsheme, kualicioni pranohet, po parimet nuk shiten per interesa kolltuqesh ministrore, kjo eshte dobesia ne politiken shqiptare.<\/p>\n<p>Demokristianet ase nuk duhet te shiten dhe ase duhet te blihen nga paraje e krimit, nga biznezi, partia demokristiane duhet te di te dallohet nga partit tjera, sepse ne gjirin e sa ka intelektual te nderuar, politikan dhe profesor me emer te nderuar ne boten akademike.<br \/>\nPolitika eshte e vdekur kure ajo eshte pre e parave te pista, e lidhur me boten e krimit dhe trafikimit te lendeve narkotike.<\/p>\n<p>Ne sot jemi deshmitar te nji situate politike teje e te \u00e7frenuar, kemi nji parlament nder ma te shemtuarit ne Europ, nji fjalor vulgare si nga te djathtet dhe te majtet, po ka prekje interesash kjo eshte shum e sigurt.<\/p>\n<p>PD mjerisht e ka humbur kontrodhin e logjikes!arsyet tashma dihen, shkatrrimi i Lazaratit e ka gjymtuar pd, aty ishte burimi i miljardave per te bere greva dhe demostrata, per rrezimin e qeveris aktuale, ky eshte problemi sote i politikes se dites.<br \/>\nMe te drejt lind pyetja, po sikur te ishin te gjithe demokristianet te bashkuar? \u00e7fare ngjyre do kishte sot parlamenti Shqiptar dhe ne pergjithsi politika shqiptare?<br \/>\nAthere ka ardhur koha qe ne shqiperi te kete vetem nji parti demokristiane, ne se duam ti bejm ndere shqiperis dhe shqiptareve.<\/p>\n<p>Parlamenti aktual duhet te beje ndryshime ne kushtetut dhe ne legjislacion per sai perket krijimit dhe ekzistences se partive politike te cilat kane lulezuar si kepurdhat pase shiut, ato duhet te shkrihen dhe te gjejn veteveten teke tre apo kater partit kryesore ne vende.<\/p>\n<p>Me dhimje e them po realiteti eshte i pa kontestueshem,sot kemi demokristian te djathte dhe te majte,qe here shiten dhe here blihen per nji interes mjeran,rastet tashma dihen dhe jane ne driten e djellit si\u00e7 eshte rasti i Zef Bushatit, sa here qe nderrohen qeverit nderron dhe flamurin partiak, demokristian eshte ky? gjith\u00e7ka mundet te jete,po demokristian jo kurren e kurres.<\/p>\n<p>Shqiperia dhe shqiptaret po perbadhen me dite te veshtira, kualicioni i majte ka problemet e veta, po reformat e ndermarrura jane te domosdoshme, shqiptaret ishin mesuar te mos paguanin drita, uje dhe taksa, kjo behej per te patur sa ma shum elektorat rreth vetes,po sote poi perjetojm pasojat e pushtetit te anti shtetit.<\/p>\n<p>Bota demokratike mbi jeton mbi bazen e ligjit dhe te zbatimit tije, tek ne ndodhe e kunderta,dhunojm ligjin per interesa te turpsheme dhe korruptive, prandaj jemi ketu ku jemi pase 25 viteve nga ramja e sistemit komunist.<\/p>\n<p>A nuk duhet te ndihen keqe demokristianet me keto politika shfrenuese dhe denigruese per vendin.<br \/>\nAnuk eshte detyr orgjente bashkimi i te gjith spekterit demokristian, pa inate dhe merira personale, pa etje per karrigen e pushtetit, puna dhe atdhe dashuria te japin emer dhe pushtet.<br \/>\nNuk mundet te kete karrige pushteti ma te nderuar sesa ti sherbesh atdheut tane, ti qendrosh besnik idealeve demokristiane, keshtu demokristianet jane nji force politike dhe parlamentare qe levizin parametrat dhe balancet ne parlamet, demokristianet do jene pjese e qeverisjes se vendit.<\/p>\n<p>Eshte e vertet qe demokristianet jane perfaqesuar ne parlamentin shqiptar dhe deri ne qeverisie vetem nga Nard Ndoka i PDK, biles ne shum raste z. Ndoka ka qen nji ze i fuqishem ne parlament,apo Nikoll Lesi ne legjislaturat e shkuara.<\/p>\n<p>Po sikure demokristianet te jene te gjithe te bashkuar ne PDK sa deputet do kishim ne parlament?<br \/>\nE per ta mbyllur vetem me nji fraz!<br \/>\nSa nder doi benin atdheut te vete Demokristianet e bashkuar?<br \/>\nPopulli thote&#8221;Kurre nuk eshte vone&#8221;<\/p>\n","protected":false},"excerpt":{"rendered":"<p>Gjin Musa Mjerisht dhe fatkeqesisht ne keto 25 vite demokracie politika Shqiptare ka rrahe uje ne tavan! Here te majtit dhe here te djathtit i ndryshuan karriget e pushtetit po gjithmon menduan vetem per zhepin e tyre personal. Politika shqiptare ka qene gjithmon e semur nga shtylla korrizore! kurre nuk e pa popullin drejt ne [&hellip;]<\/p>\n","protected":false},"author":1,"featured_media":0,"comment_status":"open","ping_status":"closed","sticky":false,"template":"","format":"standard","meta":{"footnotes":""},"categories":[2],"tags":[],"class_list":{"0":"post-4537","1":"post","2":"type-post","3":"status-publish","4":"format-standard","6":"category-artikuj"},"yoast_head":"<!-- This site is optimized with the Yoast SEO plugin v27.4 - https:\/\/yoast.com\/product\/yoast-seo-wordpress\/ -->\n<title>A duhet t\u00eb punojm\u00eb t\u00eb gjith\u00eb p\u00ebr Atdheun ton\u00eb? - FjALA e LIR\u00cb - Arkivi<\/title>\n<meta name=\"robots\" content=\"index, follow, max-snippet:-1, max-image-preview:large, max-video-preview:-1\" \/>\n<link rel=\"canonical\" href=\"https:\/\/fjala.info\/2009-2015\/a-duhet-te-punojme-te-gjithe-per-atdheun-tone\/\" \/>\n<meta property=\"og:locale\" content=\"sq_AL\" \/>\n<meta property=\"og:type\" content=\"article\" \/>\n<meta property=\"og:title\" content=\"A duhet t\u00eb punojm\u00eb t\u00eb gjith\u00eb p\u00ebr Atdheun ton\u00eb? - FjALA e LIR\u00cb - Arkivi\" \/>\n<meta property=\"og:description\" content=\"Gjin Musa Mjerisht dhe fatkeqesisht ne keto 25 vite demokracie politika Shqiptare ka rrahe uje ne tavan! Here te majtit dhe here te djathtit i ndryshuan karriget e pushtetit po gjithmon menduan vetem per zhepin e tyre personal. Politika shqiptare ka qene gjithmon e semur nga shtylla korrizore! kurre nuk e pa popullin drejt ne [&hellip;]\" \/>\n<meta property=\"og:url\" content=\"https:\/\/fjala.info\/2009-2015\/a-duhet-te-punojme-te-gjithe-per-atdheun-tone\/\" \/>\n<meta property=\"og:site_name\" content=\"FjALA e LIR\u00cb - Arkivi\" \/>\n<meta property=\"article:published_time\" content=\"2015-10-09T13:23:51+00:00\" \/>\n<meta property=\"og:image\" content=\"http:\/\/www.fjala.info\/2015\/gjin_musa_press.jpg\" \/>\n<meta name=\"author\" content=\"admin\" \/>\n<meta name=\"twitter:card\" content=\"summary_large_image\" \/>\n<meta name=\"twitter:label1\" content=\"Written by\" \/>\n\t<meta name=\"twitter:data1\" content=\"admin\" \/>\n\t<meta name=\"twitter:label2\" content=\"Est. reading time\" \/>\n\t<meta name=\"twitter:data2\" content=\"4 minutes\" \/>\n<script type=\"application\/ld+json\" class=\"yoast-schema-graph\">{\"@context\":\"https:\\\/\\\/schema.org\",\"@graph\":[{\"@type\":\"Article\",\"@id\":\"https:\\\/\\\/fjala.info\\\/2009-2015\\\/a-duhet-te-punojme-te-gjithe-per-atdheun-tone\\\/#article\",\"isPartOf\":{\"@id\":\"https:\\\/\\\/fjala.info\\\/2009-2015\\\/a-duhet-te-punojme-te-gjithe-per-atdheun-tone\\\/\"},\"author\":{\"name\":\"admin\",\"@id\":\"https:\\\/\\\/fjala.info\\\/2009-2015\\\/#\\\/schema\\\/person\\\/3aa1163ef05469c496fc94e77611ada2\"},\"headline\":\"A duhet t\u00eb punojm\u00eb t\u00eb gjith\u00eb p\u00ebr Atdheun ton\u00eb?\",\"datePublished\":\"2015-10-09T13:23:51+00:00\",\"mainEntityOfPage\":{\"@id\":\"https:\\\/\\\/fjala.info\\\/2009-2015\\\/a-duhet-te-punojme-te-gjithe-per-atdheun-tone\\\/\"},\"wordCount\":905,\"commentCount\":1,\"publisher\":{\"@id\":\"https:\\\/\\\/fjala.info\\\/2009-2015\\\/#organization\"},\"image\":{\"@id\":\"https:\\\/\\\/fjala.info\\\/2009-2015\\\/a-duhet-te-punojme-te-gjithe-per-atdheun-tone\\\/#primaryimage\"},\"thumbnailUrl\":\"http:\\\/\\\/www.fjala.info\\\/2015\\\/gjin_musa_press.jpg\",\"articleSection\":[\"Artikuj\"],\"inLanguage\":\"sq-AL\",\"potentialAction\":[{\"@type\":\"CommentAction\",\"name\":\"Comment\",\"target\":[\"https:\\\/\\\/fjala.info\\\/2009-2015\\\/a-duhet-te-punojme-te-gjithe-per-atdheun-tone\\\/#respond\"]}]},{\"@type\":\"WebPage\",\"@id\":\"https:\\\/\\\/fjala.info\\\/2009-2015\\\/a-duhet-te-punojme-te-gjithe-per-atdheun-tone\\\/\",\"url\":\"https:\\\/\\\/fjala.info\\\/2009-2015\\\/a-duhet-te-punojme-te-gjithe-per-atdheun-tone\\\/\",\"name\":\"A duhet t\u00eb punojm\u00eb t\u00eb gjith\u00eb p\u00ebr Atdheun ton\u00eb? - FjALA e LIR\u00cb - Arkivi\",\"isPartOf\":{\"@id\":\"https:\\\/\\\/fjala.info\\\/2009-2015\\\/#website\"},\"primaryImageOfPage\":{\"@id\":\"https:\\\/\\\/fjala.info\\\/2009-2015\\\/a-duhet-te-punojme-te-gjithe-per-atdheun-tone\\\/#primaryimage\"},\"image\":{\"@id\":\"https:\\\/\\\/fjala.info\\\/2009-2015\\\/a-duhet-te-punojme-te-gjithe-per-atdheun-tone\\\/#primaryimage\"},\"thumbnailUrl\":\"http:\\\/\\\/www.fjala.info\\\/2015\\\/gjin_musa_press.jpg\",\"datePublished\":\"2015-10-09T13:23:51+00:00\",\"breadcrumb\":{\"@id\":\"https:\\\/\\\/fjala.info\\\/2009-2015\\\/a-duhet-te-punojme-te-gjithe-per-atdheun-tone\\\/#breadcrumb\"},\"inLanguage\":\"sq-AL\",\"potentialAction\":[{\"@type\":\"ReadAction\",\"target\":[\"https:\\\/\\\/fjala.info\\\/2009-2015\\\/a-duhet-te-punojme-te-gjithe-per-atdheun-tone\\\/\"]}]},{\"@type\":\"ImageObject\",\"inLanguage\":\"sq-AL\",\"@id\":\"https:\\\/\\\/fjala.info\\\/2009-2015\\\/a-duhet-te-punojme-te-gjithe-per-atdheun-tone\\\/#primaryimage\",\"url\":\"http:\\\/\\\/www.fjala.info\\\/2015\\\/gjin_musa_press.jpg\",\"contentUrl\":\"http:\\\/\\\/www.fjala.info\\\/2015\\\/gjin_musa_press.jpg\"},{\"@type\":\"BreadcrumbList\",\"@id\":\"https:\\\/\\\/fjala.info\\\/2009-2015\\\/a-duhet-te-punojme-te-gjithe-per-atdheun-tone\\\/#breadcrumb\",\"itemListElement\":[{\"@type\":\"ListItem\",\"position\":1,\"name\":\"Home\",\"item\":\"https:\\\/\\\/fjala.info\\\/2009-2015\\\/\"},{\"@type\":\"ListItem\",\"position\":2,\"name\":\"A duhet t\u00eb punojm\u00eb t\u00eb gjith\u00eb p\u00ebr Atdheun ton\u00eb?\"}]},{\"@type\":\"WebSite\",\"@id\":\"https:\\\/\\\/fjala.info\\\/2009-2015\\\/#website\",\"url\":\"https:\\\/\\\/fjala.info\\\/2009-2015\\\/\",\"name\":\"FjALA e LIR\u00cb - Arkivi\",\"description\":\"Arkivi 2009-2015\",\"publisher\":{\"@id\":\"https:\\\/\\\/fjala.info\\\/2009-2015\\\/#organization\"},\"potentialAction\":[{\"@type\":\"SearchAction\",\"target\":{\"@type\":\"EntryPoint\",\"urlTemplate\":\"https:\\\/\\\/fjala.info\\\/2009-2015\\\/?s={search_term_string}\"},\"query-input\":{\"@type\":\"PropertyValueSpecification\",\"valueRequired\":true,\"valueName\":\"search_term_string\"}}],\"inLanguage\":\"sq-AL\"},{\"@type\":\"Organization\",\"@id\":\"https:\\\/\\\/fjala.info\\\/2009-2015\\\/#organization\",\"name\":\"FjALA e LIR\u00cb - Arkivi\",\"url\":\"https:\\\/\\\/fjala.info\\\/2009-2015\\\/\",\"logo\":{\"@type\":\"ImageObject\",\"inLanguage\":\"sq-AL\",\"@id\":\"https:\\\/\\\/fjala.info\\\/2009-2015\\\/#\\\/schema\\\/logo\\\/image\\\/\",\"url\":\"\",\"contentUrl\":\"\",\"caption\":\"FjALA e LIR\u00cb - Arkivi\"},\"image\":{\"@id\":\"https:\\\/\\\/fjala.info\\\/2009-2015\\\/#\\\/schema\\\/logo\\\/image\\\/\"}},{\"@type\":\"Person\",\"@id\":\"https:\\\/\\\/fjala.info\\\/2009-2015\\\/#\\\/schema\\\/person\\\/3aa1163ef05469c496fc94e77611ada2\",\"name\":\"admin\",\"image\":{\"@type\":\"ImageObject\",\"inLanguage\":\"sq-AL\",\"@id\":\"https:\\\/\\\/fjala.info\\\/2009-2015\\\/wp-content\\\/uploads\\\/2012\\\/02\\\/arben_cokaj-120x150.jpg\",\"url\":\"https:\\\/\\\/fjala.info\\\/2009-2015\\\/wp-content\\\/uploads\\\/2012\\\/02\\\/arben_cokaj-120x150.jpg\",\"contentUrl\":\"https:\\\/\\\/fjala.info\\\/2009-2015\\\/wp-content\\\/uploads\\\/2012\\\/02\\\/arben_cokaj-120x150.jpg\",\"caption\":\"admin\"},\"description\":\"Admin, Fjala e Lir\u00eb\",\"sameAs\":[\"https:\\\/\\\/fjala.info\\\/\"],\"url\":\"https:\\\/\\\/fjala.info\\\/2009-2015\\\/author\\\/admin\\\/\"}]}<\/script>\n<!-- \/ Yoast SEO plugin. -->","yoast_head_json":{"title":"A duhet t\u00eb punojm\u00eb t\u00eb gjith\u00eb p\u00ebr Atdheun ton\u00eb? - FjALA e LIR\u00cb - Arkivi","robots":{"index":"index","follow":"follow","max-snippet":"max-snippet:-1","max-image-preview":"max-image-preview:large","max-video-preview":"max-video-preview:-1"},"canonical":"https:\/\/fjala.info\/2009-2015\/a-duhet-te-punojme-te-gjithe-per-atdheun-tone\/","og_locale":"sq_AL","og_type":"article","og_title":"A duhet t\u00eb punojm\u00eb t\u00eb gjith\u00eb p\u00ebr Atdheun ton\u00eb? - FjALA e LIR\u00cb - Arkivi","og_description":"Gjin Musa Mjerisht dhe fatkeqesisht ne keto 25 vite demokracie politika Shqiptare ka rrahe uje ne tavan! Here te majtit dhe here te djathtit i ndryshuan karriget e pushtetit po gjithmon menduan vetem per zhepin e tyre personal. Politika shqiptare ka qene gjithmon e semur nga shtylla korrizore! kurre nuk e pa popullin drejt ne [&hellip;]","og_url":"https:\/\/fjala.info\/2009-2015\/a-duhet-te-punojme-te-gjithe-per-atdheun-tone\/","og_site_name":"FjALA e LIR\u00cb - Arkivi","article_published_time":"2015-10-09T13:23:51+00:00","og_image":[{"url":"http:\/\/www.fjala.info\/2015\/gjin_musa_press.jpg","type":"","width":"","height":""}],"author":"admin","twitter_card":"summary_large_image","twitter_misc":{"Written by":"admin","Est. reading time":"4 minutes"},"schema":{"@context":"https:\/\/schema.org","@graph":[{"@type":"Article","@id":"https:\/\/fjala.info\/2009-2015\/a-duhet-te-punojme-te-gjithe-per-atdheun-tone\/#article","isPartOf":{"@id":"https:\/\/fjala.info\/2009-2015\/a-duhet-te-punojme-te-gjithe-per-atdheun-tone\/"},"author":{"name":"admin","@id":"https:\/\/fjala.info\/2009-2015\/#\/schema\/person\/3aa1163ef05469c496fc94e77611ada2"},"headline":"A duhet t\u00eb punojm\u00eb t\u00eb gjith\u00eb p\u00ebr Atdheun ton\u00eb?","datePublished":"2015-10-09T13:23:51+00:00","mainEntityOfPage":{"@id":"https:\/\/fjala.info\/2009-2015\/a-duhet-te-punojme-te-gjithe-per-atdheun-tone\/"},"wordCount":905,"commentCount":1,"publisher":{"@id":"https:\/\/fjala.info\/2009-2015\/#organization"},"image":{"@id":"https:\/\/fjala.info\/2009-2015\/a-duhet-te-punojme-te-gjithe-per-atdheun-tone\/#primaryimage"},"thumbnailUrl":"http:\/\/www.fjala.info\/2015\/gjin_musa_press.jpg","articleSection":["Artikuj"],"inLanguage":"sq-AL","potentialAction":[{"@type":"CommentAction","name":"Comment","target":["https:\/\/fjala.info\/2009-2015\/a-duhet-te-punojme-te-gjithe-per-atdheun-tone\/#respond"]}]},{"@type":"WebPage","@id":"https:\/\/fjala.info\/2009-2015\/a-duhet-te-punojme-te-gjithe-per-atdheun-tone\/","url":"https:\/\/fjala.info\/2009-2015\/a-duhet-te-punojme-te-gjithe-per-atdheun-tone\/","name":"A duhet t\u00eb punojm\u00eb t\u00eb gjith\u00eb p\u00ebr Atdheun ton\u00eb? - FjALA e LIR\u00cb - Arkivi","isPartOf":{"@id":"https:\/\/fjala.info\/2009-2015\/#website"},"primaryImageOfPage":{"@id":"https:\/\/fjala.info\/2009-2015\/a-duhet-te-punojme-te-gjithe-per-atdheun-tone\/#primaryimage"},"image":{"@id":"https:\/\/fjala.info\/2009-2015\/a-duhet-te-punojme-te-gjithe-per-atdheun-tone\/#primaryimage"},"thumbnailUrl":"http:\/\/www.fjala.info\/2015\/gjin_musa_press.jpg","datePublished":"2015-10-09T13:23:51+00:00","breadcrumb":{"@id":"https:\/\/fjala.info\/2009-2015\/a-duhet-te-punojme-te-gjithe-per-atdheun-tone\/#breadcrumb"},"inLanguage":"sq-AL","potentialAction":[{"@type":"ReadAction","target":["https:\/\/fjala.info\/2009-2015\/a-duhet-te-punojme-te-gjithe-per-atdheun-tone\/"]}]},{"@type":"ImageObject","inLanguage":"sq-AL","@id":"https:\/\/fjala.info\/2009-2015\/a-duhet-te-punojme-te-gjithe-per-atdheun-tone\/#primaryimage","url":"http:\/\/www.fjala.info\/2015\/gjin_musa_press.jpg","contentUrl":"http:\/\/www.fjala.info\/2015\/gjin_musa_press.jpg"},{"@type":"BreadcrumbList","@id":"https:\/\/fjala.info\/2009-2015\/a-duhet-te-punojme-te-gjithe-per-atdheun-tone\/#breadcrumb","itemListElement":[{"@type":"ListItem","position":1,"name":"Home","item":"https:\/\/fjala.info\/2009-2015\/"},{"@type":"ListItem","position":2,"name":"A duhet t\u00eb punojm\u00eb t\u00eb gjith\u00eb p\u00ebr Atdheun ton\u00eb?"}]},{"@type":"WebSite","@id":"https:\/\/fjala.info\/2009-2015\/#website","url":"https:\/\/fjala.info\/2009-2015\/","name":"FjALA e LIR\u00cb - Arkivi","description":"Arkivi 2009-2015","publisher":{"@id":"https:\/\/fjala.info\/2009-2015\/#organization"},"potentialAction":[{"@type":"SearchAction","target":{"@type":"EntryPoint","urlTemplate":"https:\/\/fjala.info\/2009-2015\/?s={search_term_string}"},"query-input":{"@type":"PropertyValueSpecification","valueRequired":true,"valueName":"search_term_string"}}],"inLanguage":"sq-AL"},{"@type":"Organization","@id":"https:\/\/fjala.info\/2009-2015\/#organization","name":"FjALA e LIR\u00cb - Arkivi","url":"https:\/\/fjala.info\/2009-2015\/","logo":{"@type":"ImageObject","inLanguage":"sq-AL","@id":"https:\/\/fjala.info\/2009-2015\/#\/schema\/logo\/image\/","url":"","contentUrl":"","caption":"FjALA e LIR\u00cb - Arkivi"},"image":{"@id":"https:\/\/fjala.info\/2009-2015\/#\/schema\/logo\/image\/"}},{"@type":"Person","@id":"https:\/\/fjala.info\/2009-2015\/#\/schema\/person\/3aa1163ef05469c496fc94e77611ada2","name":"admin","image":{"@type":"ImageObject","inLanguage":"sq-AL","@id":"https:\/\/fjala.info\/2009-2015\/wp-content\/uploads\/2012\/02\/arben_cokaj-120x150.jpg","url":"https:\/\/fjala.info\/2009-2015\/wp-content\/uploads\/2012\/02\/arben_cokaj-120x150.jpg","contentUrl":"https:\/\/fjala.info\/2009-2015\/wp-content\/uploads\/2012\/02\/arben_cokaj-120x150.jpg","caption":"admin"},"description":"Admin, Fjala e Lir\u00eb","sameAs":["https:\/\/fjala.info\/"],"url":"https:\/\/fjala.info\/2009-2015\/author\/admin\/"}]}},"_links":{"self":[{"href":"https:\/\/fjala.info\/2009-2015\/wp-json\/wp\/v2\/posts\/4537","targetHints":{"allow":["GET"]}}],"collection":[{"href":"https:\/\/fjala.info\/2009-2015\/wp-json\/wp\/v2\/posts"}],"about":[{"href":"https:\/\/fjala.info\/2009-2015\/wp-json\/wp\/v2\/types\/post"}],"author":[{"embeddable":true,"href":"https:\/\/fjala.info\/2009-2015\/wp-json\/wp\/v2\/users\/1"}],"replies":[{"embeddable":true,"href":"https:\/\/fjala.info\/2009-2015\/wp-json\/wp\/v2\/comments?post=4537"}],"version-history":[{"count":0,"href":"https:\/\/fjala.info\/2009-2015\/wp-json\/wp\/v2\/posts\/4537\/revisions"}],"wp:attachment":[{"href":"https:\/\/fjala.info\/2009-2015\/wp-json\/wp\/v2\/media?parent=4537"}],"wp:term":[{"taxonomy":"category","embeddable":true,"href":"https:\/\/fjala.info\/2009-2015\/wp-json\/wp\/v2\/categories?post=4537"},{"taxonomy":"post_tag","embeddable":true,"href":"https:\/\/fjala.info\/2009-2015\/wp-json\/wp\/v2\/tags?post=4537"}],"curies":[{"name":"wp","href":"https:\/\/api.w.org\/{rel}","templated":true}]}}