{"id":4536,"date":"2012-08-20T21:29:00","date_gmt":"2012-08-20T20:29:00","guid":{"rendered":"http:\/\/www.fjala.info\/?p=4536"},"modified":"2012-08-20T21:29:00","modified_gmt":"2012-08-20T20:29:00","slug":"fati-shqiptar-i-marin-memes","status":"publish","type":"post","link":"https:\/\/fjala.info\/2009-2015\/fati-shqiptar-i-marin-memes\/","title":{"rendered":"Fati shqiptar i Marin Mem\u00ebs"},"content":{"rendered":"<p><img decoding=\"async\" class=\"alignright size-thumbnail wp-image-7236\" title=\"Mero Baze\" src=\"http:\/\/www.fjala.info\/2012\/mero_baze.jpg\" alt=\"\" width=\"150\" \/> Nga <strong>Mero Baze<\/strong>, <em>20 Gusht 2012<\/em><\/p>\n<p>Marin Mema, nj\u00eb nga gazetar\u00ebt e rinj t\u00eb talentuar t\u00eb vendit, qenka shpallur zyrtarisht \u201carmik\u201d i Greqis\u00eb. Nuk ka vrar\u00eb asnj\u00eb grek, nuk ka fyer asnj\u00eb grek, por \u00ebsht\u00eb d\u00ebnuar n\u00eb munges\u00eb, pse ka mbrojtur shqiptar\u00eb t\u00eb vrar\u00eb dhe shqiptar\u00eb t\u00eb fyer n\u00eb Greqi dhe nga Greqia.<\/p>\n<p>P\u00ebrtej standardit skandaloz q\u00eb \u00ebsht\u00eb aplikuar nga nj\u00eb vend an\u00ebtar i Bashkimit Evropian, dhe p\u00ebrtej nj\u00eb arrogance provinciale q\u00eb shpesh ndeshet ndaj njer\u00ebzve publik n\u00eb pikat e kalimit kufitar p\u00ebr n\u00eb Greqi, problemi i Marinit \u00ebsht\u00eb dhe nj\u00eb problem q\u00eb ka t\u00eb b\u00ebj\u00eb me fatin e tij si shtetas i k\u00ebsaj Republike.<\/p>\n<p>N\u00ebse Greqia do t\u00eb klasifikonte me seriozitet krimet q\u00eb rrezikonin sigurin\u00eb e saj komb\u00ebtare, natyrisht n\u00eb krye t\u00eb list\u00ebs do t\u00eb ishin vet grek\u00ebt. Grek\u00ebt q\u00eb kan\u00eb katandisur Greqin\u00eb n\u00eb lypsare t\u00eb Evrop\u00ebs, grek\u00ebt q\u00eb kan\u00eb vjedhur Greqin\u00eb, grek\u00ebt q\u00eb kan\u00eb posht\u00ebruar vlerat dhe krenarin\u00eb e tyre komb\u00ebtare, dhe s\u00eb fundmi, grek\u00ebt q\u00eb po tentojn\u00eb t\u00eb dalin nga depresioni duke u b\u00ebr\u00eb ose fashist\u00eb,ose komunist\u00eb. K\u00ebta grek\u00eb jan\u00eb kryesisht ish- pushtetar\u00eb t\u00eb Greqis\u00eb, ata q\u00eb kan\u00eb b\u00ebr\u00eb ato ligje q\u00eb d\u00ebnojn\u00eb Marinin dhe pas tyre nj\u00eb arradh\u00eb intelektual\u00ebsh mendjembyllur dhe n\u00ebpun\u00ebsish provincial\u00eb.<\/p>\n<p><img decoding=\"async\" class=\"aligncenter size-thumbnail wp-image-7236\" title=\"Bakojani - Basha\" src=\"http:\/\/www.fjala.info\/2012\/bakojani_basha.jpg\" alt=\"\" width=\"450\" \/><\/p>\n<p>Pas tyre n\u00eb list\u00eb mund t\u00eb vijn\u00eb t\u00eb huajt dhe n\u00eb fund gazetar\u00ebt. Nga gazetar\u00ebt n\u00eb krye t\u00eb list\u00ebs, natyrisht duhet t\u00eb jen\u00eb gjerman\u00ebt, ata gazetar\u00ebt goj\u00ebl\u00ebshuar q\u00eb shpesh i quajn\u00eb grek\u00ebt \u201cderra t\u00eb pangopur, dembel, hajdut, t\u00eb pafytyr\u00eb\u201d etj. Ka pastaj gazetar\u00eb italian\u00eb apo anglez\u00eb, q\u00eb ekspozojn\u00eb t\u00eb shkuar\u00ebn dhe t\u00eb sotmen greke, q\u00eb tallen me historin\u00eb dhe mitet e tyre, tallen me mitomanin e tyre si pasardh\u00ebs t\u00eb helen\u00ebve, dhe katandisjen e tyre t\u00eb sotme.<\/p>\n<p>N\u00eb k\u00ebto klasfikime, Marin Mema, dhe jo vet\u00ebm ai, por dhe gazetari m\u00eb ekstremist shqiptar antigrek, nuk gjen dot vend p\u00ebr t\u00eb qen\u00eb i krahasuesh\u00ebm me armiqt\u00eb real t\u00eb Greqis\u00eb. Por, ai \u00ebsht\u00eb aty p\u00ebr nj\u00eb arsye m\u00eb fatkeqe. \u00cbsht\u00eb shtetas i nj\u00eb republike jo dinjitoze, e cila e urren institucionin e gazetarit dhe medien ku ai punon, shum\u00eb m\u00eb tep\u00ebr se sa nj\u00eb mendje e ndryshkur zyrtari grek primitiv. Marini \u00ebsht\u00eb qytetar i nj\u00eb vendi, qeveria e t\u00eb cilit bisedon nat\u00ebn se si t\u00eb jap kufij detar\u00eb e si t\u00eb blej\u00eb kredite nd\u00ebrkomb\u00ebtare p\u00ebr pushtet nga Greqia, \u00ebsht\u00eb qytetar i nj\u00eb vendi, ku kryeministri \u00ebsht\u00eb gati t\u00eb jap\u00eb \u00e7far\u00ebdo t\u00eb doj\u00eb Greqia, mjafton q\u00eb grek\u00ebt e Shqip\u00ebris\u00eb t\u00eb votojn\u00eb ose at\u00eb, ose t\u00eb \u00e7ojn\u00eb votat d\u00ebm, \u00ebsht\u00eb kryeminist\u00ebr i nj\u00eb vendi q\u00eb \u00e7\u00ebshtjen \u00e7ame e p\u00ebrdor si kapital politik p\u00ebr t\u2019i treguar Greqis\u00eb se \u00ebsht\u00eb n\u00eb nj\u00eb mendje me ta\u2026Por mbi t\u00eb gjitha, Marin Mema \u00ebsht\u00eb qytetar i nj\u00eb vendi, qeveria e t\u00eb cilit ka q\u00ebndrime m\u00eb t\u00eb politizuar ndaj medies s\u00eb vet, duke e ndar\u00eb at\u00eb n\u00eb medie mercenare dhe n\u00eb medie armike. P\u00ebr fatin e tij t\u00eb mir\u00eb, Marini punon n\u00eb nj\u00eb medie armike me qeverin\u00eb e tij.<\/p>\n<p>Duke na e njohur k\u00ebt\u00eb standard dhe k\u00ebto antivlera tonat, duke na njohur sa mizor\u00eb jemi ndaj nj\u00ebri-tjetrit dhe sa parimor\u00eb duam t\u00eb tregohemi me t\u00eb tjer\u00ebt, grek\u00ebt na kan\u00eb provokuar n\u00eb nj\u00eb pik\u00eb, e cila nj\u00ebsoj si ata, na turp\u00ebron dhe ne, pasi na kujton se grek\u00ebt na gjykojn\u00eb dhe d\u00ebnojn\u00eb jo me standardin evropian, jo me standardin grek, por me standardin me t\u00eb cil\u00ebn na nd\u00ebshkon dhe d\u00ebnon qeveria jon\u00eb, duke na shpallur armiq, pu\u00e7ist, \u201c\u00e7akall\u201d etj.<\/p>\n<p>Shteti grek nuk do t\u00eb kishte guxuar kurr\u00eb ta b\u00ebnte k\u00ebt\u00eb q\u00eb b\u00ebri ndaj Marinit, ndaj nj\u00eb gazetari gjerman, italian, francez apo anglez, edhe pse ata nuk kan\u00eb l\u00ebn\u00eb gj\u00eb pa shkruar e u tallur me Greqin\u00eb. Greqia nuk e b\u00ebn at\u00eb gabim, pasi ato vende e kan\u00eb tradit\u00eb lirin\u00eb e tyre dhe t\u00eb shenjt\u00eb lirin\u00eb e gazetarit.<\/p>\n<p>Greqia e b\u00ebn k\u00ebt\u00eb gjest t\u00eb sh\u00ebmtuar ndaj nj\u00eb gazetari, i cili ka fatin e keq t\u00eb jet\u00eb pjes\u00eb e nj\u00eb vendi ku dhe nj\u00eb xhandar psikopat n\u00eb P\u00ebrmet, kur shikon q\u00eb nj\u00eb gazetar kritikon qeverin\u00eb, del e ul\u00ebrin rrug\u00ebve dhe n\u00eb televizionet lokale, duke shar\u00eb e dhunuar gazetarin, me shpres\u00eb se do t\u2019i hyj\u00eb n\u00eb zem\u00ebr qeveris\u00eb n\u00eb Tiran\u00eb. Greqia e fyen Marinin dhe e ndalon t\u00eb shkoj\u00eb n\u00eb Greqi, se e di ku jeton, e di si sillet shoq\u00ebria ku ai jeton, ndaj gazetar\u00ebve guximtar\u00eb, dhe e di sa pak respekt kemi ne p\u00ebr t\u00eb v\u00ebrtet\u00ebn.<\/p>\n<p>E b\u00ebn, jo se v\u00ebrtet beson q\u00eb Marin Mema do t\u00eb hedh\u00eb n\u00eb er\u00eb sigurin\u00eb komb\u00ebtare t\u00eb Greqis\u00eb, por se Marini dhe koleg\u00ebt e tij vijn\u00eb nga nj\u00eb vend ku p\u00ebr shkak t\u00eb profesionit, d\u00ebnohen dhe posht\u00ebrohen po nj\u00eblloj. Marini vjen nga nj\u00eb vend, ku korrupsioni, varf\u00ebria dhe mungesa e dinjitetit komb\u00ebtar, \u00ebsht\u00eb kthyer n\u00eb nj\u00eb armik t\u00eb madh t\u00eb liris\u00eb qytetare dhe asaj t\u00eb shprehjes. N\u00eb nj\u00eb vend ku qeveria ka stimuluar shitjen e liris\u00eb s\u00eb medies dhe besimit tek drejt\u00ebsia. Marini vjen nga nj\u00eb vend, kryeministri i t\u00eb cilit nuk guxon dot t\u00eb marr\u00eb Samarasin n\u00eb telefon dhe t\u2019i thot\u00eb anuloje at\u00eb marr\u00ebzi q\u00eb ke b\u00ebr\u00eb, pasi nuk ka asnj\u00eb lidhje me standardet e liris\u00eb s\u00eb shtypit dhe drejt\u00ebsis\u00eb, n\u00eb vend t\u00eb vet.<\/p>\n<p>Dhe, at\u00eb q\u00eb nuk e ke n\u00eb vendin t\u00ebnd, e ke t\u00eb v\u00ebshtir\u00eb t\u2019ia k\u00ebrkosh fqinjit, i cili n\u00eb k\u00ebt\u00eb rast \u00ebsht\u00eb treguar dy her\u00eb i lig.<\/p>\n<p>E para, se e di q\u00eb ne na mungon liria n\u00eb sht\u00ebpin\u00eb ton\u00eb dhe e dyta, p\u00ebrpiqet t\u00eb na e mohoj\u00eb lirin\u00eb dhe p\u00ebrtej kufirit ton\u00eb, n\u00eb nj\u00eb territor q\u00eb gabimisht quhet ende Bashkimi Evropian. Jan\u00eb dy her\u00eb t\u00eb ligj, pasi po e d\u00ebnojn\u00eb Marinin edhe si shqiptar, edhe si gazetar.<\/p>\n","protected":false},"excerpt":{"rendered":"<p>Nga Mero Baze, 20 Gusht 2012 Marin Mema, nj\u00eb nga gazetar\u00ebt e rinj t\u00eb talentuar t\u00eb vendit, qenka shpallur zyrtarisht \u201carmik\u201d i Greqis\u00eb. Nuk ka vrar\u00eb asnj\u00eb grek, nuk ka fyer asnj\u00eb grek, por \u00ebsht\u00eb d\u00ebnuar n\u00eb munges\u00eb, pse ka mbrojtur shqiptar\u00eb t\u00eb vrar\u00eb dhe shqiptar\u00eb t\u00eb fyer n\u00eb Greqi dhe nga Greqia. P\u00ebrtej standardit [&hellip;]<\/p>\n","protected":false},"author":1,"featured_media":0,"comment_status":"open","ping_status":"closed","sticky":false,"template":"","format":"standard","meta":{"footnotes":""},"categories":[2],"tags":[],"class_list":{"0":"post-4536","1":"post","2":"type-post","3":"status-publish","4":"format-standard","6":"category-artikuj"},"yoast_head":"<!-- This site is optimized with the Yoast SEO plugin v27.4 - https:\/\/yoast.com\/product\/yoast-seo-wordpress\/ -->\n<title>Fati shqiptar i Marin Mem\u00ebs - FjALA e LIR\u00cb - Arkivi<\/title>\n<meta name=\"robots\" content=\"index, follow, max-snippet:-1, max-image-preview:large, max-video-preview:-1\" \/>\n<link rel=\"canonical\" href=\"https:\/\/fjala.info\/2009-2015\/fati-shqiptar-i-marin-memes\/\" \/>\n<meta property=\"og:locale\" content=\"sq_AL\" \/>\n<meta property=\"og:type\" content=\"article\" \/>\n<meta property=\"og:title\" content=\"Fati shqiptar i Marin Mem\u00ebs - FjALA e LIR\u00cb - Arkivi\" \/>\n<meta property=\"og:description\" content=\"Nga Mero Baze, 20 Gusht 2012 Marin Mema, nj\u00eb nga gazetar\u00ebt e rinj t\u00eb talentuar t\u00eb vendit, qenka shpallur zyrtarisht \u201carmik\u201d i Greqis\u00eb. Nuk ka vrar\u00eb asnj\u00eb grek, nuk ka fyer asnj\u00eb grek, por \u00ebsht\u00eb d\u00ebnuar n\u00eb munges\u00eb, pse ka mbrojtur shqiptar\u00eb t\u00eb vrar\u00eb dhe shqiptar\u00eb t\u00eb fyer n\u00eb Greqi dhe nga Greqia. P\u00ebrtej standardit [&hellip;]\" \/>\n<meta property=\"og:url\" content=\"https:\/\/fjala.info\/2009-2015\/fati-shqiptar-i-marin-memes\/\" \/>\n<meta property=\"og:site_name\" content=\"FjALA e LIR\u00cb - Arkivi\" \/>\n<meta property=\"article:published_time\" content=\"2012-08-20T20:29:00+00:00\" \/>\n<meta property=\"og:image\" content=\"http:\/\/www.fjala.info\/2012\/mero_baze.jpg\" \/>\n<meta name=\"author\" content=\"admin\" \/>\n<meta name=\"twitter:card\" content=\"summary_large_image\" \/>\n<meta name=\"twitter:label1\" content=\"Written by\" \/>\n\t<meta name=\"twitter:data1\" content=\"admin\" \/>\n\t<meta name=\"twitter:label2\" content=\"Est. reading time\" \/>\n\t<meta name=\"twitter:data2\" content=\"5 minutes\" \/>\n<script type=\"application\/ld+json\" class=\"yoast-schema-graph\">{\"@context\":\"https:\\\/\\\/schema.org\",\"@graph\":[{\"@type\":\"Article\",\"@id\":\"https:\\\/\\\/fjala.info\\\/2009-2015\\\/fati-shqiptar-i-marin-memes\\\/#article\",\"isPartOf\":{\"@id\":\"https:\\\/\\\/fjala.info\\\/2009-2015\\\/fati-shqiptar-i-marin-memes\\\/\"},\"author\":{\"name\":\"admin\",\"@id\":\"https:\\\/\\\/fjala.info\\\/2009-2015\\\/#\\\/schema\\\/person\\\/3aa1163ef05469c496fc94e77611ada2\"},\"headline\":\"Fati shqiptar i Marin Mem\u00ebs\",\"datePublished\":\"2012-08-20T20:29:00+00:00\",\"mainEntityOfPage\":{\"@id\":\"https:\\\/\\\/fjala.info\\\/2009-2015\\\/fati-shqiptar-i-marin-memes\\\/\"},\"wordCount\":1032,\"commentCount\":0,\"publisher\":{\"@id\":\"https:\\\/\\\/fjala.info\\\/2009-2015\\\/#organization\"},\"image\":{\"@id\":\"https:\\\/\\\/fjala.info\\\/2009-2015\\\/fati-shqiptar-i-marin-memes\\\/#primaryimage\"},\"thumbnailUrl\":\"http:\\\/\\\/www.fjala.info\\\/2012\\\/mero_baze.jpg\",\"articleSection\":[\"Artikuj\"],\"inLanguage\":\"sq-AL\",\"potentialAction\":[{\"@type\":\"CommentAction\",\"name\":\"Comment\",\"target\":[\"https:\\\/\\\/fjala.info\\\/2009-2015\\\/fati-shqiptar-i-marin-memes\\\/#respond\"]}]},{\"@type\":\"WebPage\",\"@id\":\"https:\\\/\\\/fjala.info\\\/2009-2015\\\/fati-shqiptar-i-marin-memes\\\/\",\"url\":\"https:\\\/\\\/fjala.info\\\/2009-2015\\\/fati-shqiptar-i-marin-memes\\\/\",\"name\":\"Fati shqiptar i Marin Mem\u00ebs - FjALA e LIR\u00cb - Arkivi\",\"isPartOf\":{\"@id\":\"https:\\\/\\\/fjala.info\\\/2009-2015\\\/#website\"},\"primaryImageOfPage\":{\"@id\":\"https:\\\/\\\/fjala.info\\\/2009-2015\\\/fati-shqiptar-i-marin-memes\\\/#primaryimage\"},\"image\":{\"@id\":\"https:\\\/\\\/fjala.info\\\/2009-2015\\\/fati-shqiptar-i-marin-memes\\\/#primaryimage\"},\"thumbnailUrl\":\"http:\\\/\\\/www.fjala.info\\\/2012\\\/mero_baze.jpg\",\"datePublished\":\"2012-08-20T20:29:00+00:00\",\"breadcrumb\":{\"@id\":\"https:\\\/\\\/fjala.info\\\/2009-2015\\\/fati-shqiptar-i-marin-memes\\\/#breadcrumb\"},\"inLanguage\":\"sq-AL\",\"potentialAction\":[{\"@type\":\"ReadAction\",\"target\":[\"https:\\\/\\\/fjala.info\\\/2009-2015\\\/fati-shqiptar-i-marin-memes\\\/\"]}]},{\"@type\":\"ImageObject\",\"inLanguage\":\"sq-AL\",\"@id\":\"https:\\\/\\\/fjala.info\\\/2009-2015\\\/fati-shqiptar-i-marin-memes\\\/#primaryimage\",\"url\":\"http:\\\/\\\/www.fjala.info\\\/2012\\\/mero_baze.jpg\",\"contentUrl\":\"http:\\\/\\\/www.fjala.info\\\/2012\\\/mero_baze.jpg\"},{\"@type\":\"BreadcrumbList\",\"@id\":\"https:\\\/\\\/fjala.info\\\/2009-2015\\\/fati-shqiptar-i-marin-memes\\\/#breadcrumb\",\"itemListElement\":[{\"@type\":\"ListItem\",\"position\":1,\"name\":\"Home\",\"item\":\"https:\\\/\\\/fjala.info\\\/2009-2015\\\/\"},{\"@type\":\"ListItem\",\"position\":2,\"name\":\"Fati shqiptar i Marin Mem\u00ebs\"}]},{\"@type\":\"WebSite\",\"@id\":\"https:\\\/\\\/fjala.info\\\/2009-2015\\\/#website\",\"url\":\"https:\\\/\\\/fjala.info\\\/2009-2015\\\/\",\"name\":\"FjALA e LIR\u00cb - Arkivi\",\"description\":\"Arkivi 2009-2015\",\"publisher\":{\"@id\":\"https:\\\/\\\/fjala.info\\\/2009-2015\\\/#organization\"},\"potentialAction\":[{\"@type\":\"SearchAction\",\"target\":{\"@type\":\"EntryPoint\",\"urlTemplate\":\"https:\\\/\\\/fjala.info\\\/2009-2015\\\/?s={search_term_string}\"},\"query-input\":{\"@type\":\"PropertyValueSpecification\",\"valueRequired\":true,\"valueName\":\"search_term_string\"}}],\"inLanguage\":\"sq-AL\"},{\"@type\":\"Organization\",\"@id\":\"https:\\\/\\\/fjala.info\\\/2009-2015\\\/#organization\",\"name\":\"FjALA e LIR\u00cb - Arkivi\",\"url\":\"https:\\\/\\\/fjala.info\\\/2009-2015\\\/\",\"logo\":{\"@type\":\"ImageObject\",\"inLanguage\":\"sq-AL\",\"@id\":\"https:\\\/\\\/fjala.info\\\/2009-2015\\\/#\\\/schema\\\/logo\\\/image\\\/\",\"url\":\"\",\"contentUrl\":\"\",\"caption\":\"FjALA e LIR\u00cb - Arkivi\"},\"image\":{\"@id\":\"https:\\\/\\\/fjala.info\\\/2009-2015\\\/#\\\/schema\\\/logo\\\/image\\\/\"}},{\"@type\":\"Person\",\"@id\":\"https:\\\/\\\/fjala.info\\\/2009-2015\\\/#\\\/schema\\\/person\\\/3aa1163ef05469c496fc94e77611ada2\",\"name\":\"admin\",\"image\":{\"@type\":\"ImageObject\",\"inLanguage\":\"sq-AL\",\"@id\":\"https:\\\/\\\/fjala.info\\\/2009-2015\\\/wp-content\\\/uploads\\\/2012\\\/02\\\/arben_cokaj-120x150.jpg\",\"url\":\"https:\\\/\\\/fjala.info\\\/2009-2015\\\/wp-content\\\/uploads\\\/2012\\\/02\\\/arben_cokaj-120x150.jpg\",\"contentUrl\":\"https:\\\/\\\/fjala.info\\\/2009-2015\\\/wp-content\\\/uploads\\\/2012\\\/02\\\/arben_cokaj-120x150.jpg\",\"caption\":\"admin\"},\"description\":\"Admin, Fjala e Lir\u00eb\",\"sameAs\":[\"https:\\\/\\\/fjala.info\\\/\"],\"url\":\"https:\\\/\\\/fjala.info\\\/2009-2015\\\/author\\\/admin\\\/\"}]}<\/script>\n<!-- \/ Yoast SEO plugin. -->","yoast_head_json":{"title":"Fati shqiptar i Marin Mem\u00ebs - FjALA e LIR\u00cb - Arkivi","robots":{"index":"index","follow":"follow","max-snippet":"max-snippet:-1","max-image-preview":"max-image-preview:large","max-video-preview":"max-video-preview:-1"},"canonical":"https:\/\/fjala.info\/2009-2015\/fati-shqiptar-i-marin-memes\/","og_locale":"sq_AL","og_type":"article","og_title":"Fati shqiptar i Marin Mem\u00ebs - FjALA e LIR\u00cb - Arkivi","og_description":"Nga Mero Baze, 20 Gusht 2012 Marin Mema, nj\u00eb nga gazetar\u00ebt e rinj t\u00eb talentuar t\u00eb vendit, qenka shpallur zyrtarisht \u201carmik\u201d i Greqis\u00eb. Nuk ka vrar\u00eb asnj\u00eb grek, nuk ka fyer asnj\u00eb grek, por \u00ebsht\u00eb d\u00ebnuar n\u00eb munges\u00eb, pse ka mbrojtur shqiptar\u00eb t\u00eb vrar\u00eb dhe shqiptar\u00eb t\u00eb fyer n\u00eb Greqi dhe nga Greqia. P\u00ebrtej standardit [&hellip;]","og_url":"https:\/\/fjala.info\/2009-2015\/fati-shqiptar-i-marin-memes\/","og_site_name":"FjALA e LIR\u00cb - Arkivi","article_published_time":"2012-08-20T20:29:00+00:00","og_image":[{"url":"http:\/\/www.fjala.info\/2012\/mero_baze.jpg","type":"","width":"","height":""}],"author":"admin","twitter_card":"summary_large_image","twitter_misc":{"Written by":"admin","Est. reading time":"5 minutes"},"schema":{"@context":"https:\/\/schema.org","@graph":[{"@type":"Article","@id":"https:\/\/fjala.info\/2009-2015\/fati-shqiptar-i-marin-memes\/#article","isPartOf":{"@id":"https:\/\/fjala.info\/2009-2015\/fati-shqiptar-i-marin-memes\/"},"author":{"name":"admin","@id":"https:\/\/fjala.info\/2009-2015\/#\/schema\/person\/3aa1163ef05469c496fc94e77611ada2"},"headline":"Fati shqiptar i Marin Mem\u00ebs","datePublished":"2012-08-20T20:29:00+00:00","mainEntityOfPage":{"@id":"https:\/\/fjala.info\/2009-2015\/fati-shqiptar-i-marin-memes\/"},"wordCount":1032,"commentCount":0,"publisher":{"@id":"https:\/\/fjala.info\/2009-2015\/#organization"},"image":{"@id":"https:\/\/fjala.info\/2009-2015\/fati-shqiptar-i-marin-memes\/#primaryimage"},"thumbnailUrl":"http:\/\/www.fjala.info\/2012\/mero_baze.jpg","articleSection":["Artikuj"],"inLanguage":"sq-AL","potentialAction":[{"@type":"CommentAction","name":"Comment","target":["https:\/\/fjala.info\/2009-2015\/fati-shqiptar-i-marin-memes\/#respond"]}]},{"@type":"WebPage","@id":"https:\/\/fjala.info\/2009-2015\/fati-shqiptar-i-marin-memes\/","url":"https:\/\/fjala.info\/2009-2015\/fati-shqiptar-i-marin-memes\/","name":"Fati shqiptar i Marin Mem\u00ebs - FjALA e LIR\u00cb - Arkivi","isPartOf":{"@id":"https:\/\/fjala.info\/2009-2015\/#website"},"primaryImageOfPage":{"@id":"https:\/\/fjala.info\/2009-2015\/fati-shqiptar-i-marin-memes\/#primaryimage"},"image":{"@id":"https:\/\/fjala.info\/2009-2015\/fati-shqiptar-i-marin-memes\/#primaryimage"},"thumbnailUrl":"http:\/\/www.fjala.info\/2012\/mero_baze.jpg","datePublished":"2012-08-20T20:29:00+00:00","breadcrumb":{"@id":"https:\/\/fjala.info\/2009-2015\/fati-shqiptar-i-marin-memes\/#breadcrumb"},"inLanguage":"sq-AL","potentialAction":[{"@type":"ReadAction","target":["https:\/\/fjala.info\/2009-2015\/fati-shqiptar-i-marin-memes\/"]}]},{"@type":"ImageObject","inLanguage":"sq-AL","@id":"https:\/\/fjala.info\/2009-2015\/fati-shqiptar-i-marin-memes\/#primaryimage","url":"http:\/\/www.fjala.info\/2012\/mero_baze.jpg","contentUrl":"http:\/\/www.fjala.info\/2012\/mero_baze.jpg"},{"@type":"BreadcrumbList","@id":"https:\/\/fjala.info\/2009-2015\/fati-shqiptar-i-marin-memes\/#breadcrumb","itemListElement":[{"@type":"ListItem","position":1,"name":"Home","item":"https:\/\/fjala.info\/2009-2015\/"},{"@type":"ListItem","position":2,"name":"Fati shqiptar i Marin Mem\u00ebs"}]},{"@type":"WebSite","@id":"https:\/\/fjala.info\/2009-2015\/#website","url":"https:\/\/fjala.info\/2009-2015\/","name":"FjALA e LIR\u00cb - Arkivi","description":"Arkivi 2009-2015","publisher":{"@id":"https:\/\/fjala.info\/2009-2015\/#organization"},"potentialAction":[{"@type":"SearchAction","target":{"@type":"EntryPoint","urlTemplate":"https:\/\/fjala.info\/2009-2015\/?s={search_term_string}"},"query-input":{"@type":"PropertyValueSpecification","valueRequired":true,"valueName":"search_term_string"}}],"inLanguage":"sq-AL"},{"@type":"Organization","@id":"https:\/\/fjala.info\/2009-2015\/#organization","name":"FjALA e LIR\u00cb - Arkivi","url":"https:\/\/fjala.info\/2009-2015\/","logo":{"@type":"ImageObject","inLanguage":"sq-AL","@id":"https:\/\/fjala.info\/2009-2015\/#\/schema\/logo\/image\/","url":"","contentUrl":"","caption":"FjALA e LIR\u00cb - Arkivi"},"image":{"@id":"https:\/\/fjala.info\/2009-2015\/#\/schema\/logo\/image\/"}},{"@type":"Person","@id":"https:\/\/fjala.info\/2009-2015\/#\/schema\/person\/3aa1163ef05469c496fc94e77611ada2","name":"admin","image":{"@type":"ImageObject","inLanguage":"sq-AL","@id":"https:\/\/fjala.info\/2009-2015\/wp-content\/uploads\/2012\/02\/arben_cokaj-120x150.jpg","url":"https:\/\/fjala.info\/2009-2015\/wp-content\/uploads\/2012\/02\/arben_cokaj-120x150.jpg","contentUrl":"https:\/\/fjala.info\/2009-2015\/wp-content\/uploads\/2012\/02\/arben_cokaj-120x150.jpg","caption":"admin"},"description":"Admin, Fjala e Lir\u00eb","sameAs":["https:\/\/fjala.info\/"],"url":"https:\/\/fjala.info\/2009-2015\/author\/admin\/"}]}},"_links":{"self":[{"href":"https:\/\/fjala.info\/2009-2015\/wp-json\/wp\/v2\/posts\/4536","targetHints":{"allow":["GET"]}}],"collection":[{"href":"https:\/\/fjala.info\/2009-2015\/wp-json\/wp\/v2\/posts"}],"about":[{"href":"https:\/\/fjala.info\/2009-2015\/wp-json\/wp\/v2\/types\/post"}],"author":[{"embeddable":true,"href":"https:\/\/fjala.info\/2009-2015\/wp-json\/wp\/v2\/users\/1"}],"replies":[{"embeddable":true,"href":"https:\/\/fjala.info\/2009-2015\/wp-json\/wp\/v2\/comments?post=4536"}],"version-history":[{"count":0,"href":"https:\/\/fjala.info\/2009-2015\/wp-json\/wp\/v2\/posts\/4536\/revisions"}],"wp:attachment":[{"href":"https:\/\/fjala.info\/2009-2015\/wp-json\/wp\/v2\/media?parent=4536"}],"wp:term":[{"taxonomy":"category","embeddable":true,"href":"https:\/\/fjala.info\/2009-2015\/wp-json\/wp\/v2\/categories?post=4536"},{"taxonomy":"post_tag","embeddable":true,"href":"https:\/\/fjala.info\/2009-2015\/wp-json\/wp\/v2\/tags?post=4536"}],"curies":[{"name":"wp","href":"https:\/\/api.w.org\/{rel}","templated":true}]}}