{"id":4535,"date":"2010-10-29T21:50:56","date_gmt":"2010-10-29T20:50:56","guid":{"rendered":"http:\/\/fjala.shkoder.net\/?p=4535"},"modified":"2010-10-29T21:50:56","modified_gmt":"2010-10-29T20:50:56","slug":"qeveria-per-biznesin-e-burrit-te-vokshit-35-vjet-embargo-ne-shtyp","status":"publish","type":"post","link":"https:\/\/fjala.info\/2009-2015\/qeveria-per-biznesin-e-burrit-te-vokshit-35-vjet-embargo-ne-shtyp\/","title":{"rendered":"Qeveria: P\u00ebr biznesin e burrit t\u00eb Vokshit, 35 vjet embargo n\u00eb shtyp"},"content":{"rendered":"<p><img loading=\"lazy\" decoding=\"async\" class=\"alignright size-full wp-image-4536\" title=\"Albana Vokshi\" src=\"http:\/\/fjala.shkoder.net\/wp-content\/uploads\/2010\/10\/albana_vokshi1.jpg\" alt=\"\" width=\"264\" height=\"234\" \/><br \/>\nNga <strong>Erion Bra\u00e7e<\/strong><\/p>\n<p>\u201cHesht! P\u00ebr 35 vjet\u201d. Ky \u00ebsht\u00eb mesazhi i qarte dhe zyrtar, me te cilin, Ministri I Ekonomis\u00eb ne Qeverin\u00eb e Kryeministrit Sali Berisha, Ilir Meta, k\u00ebrkon te mbylle p\u00ebr nj\u00eb kohe shume te gjate-deri ne pleq\u00ebrin\u00eb e tij te vone-dosjen e skandalit \u201cSTREM OIL\u201d!<\/p>\n<p>Behet fjale p\u00ebr kat\u00ebr marr\u00ebveshje hidrokarburesh, mes Qeverise se Kryeministrit Berisha dhe kompanis\u00eb \u201cSTREM OIL\u201d. Marr\u00ebveshjet kalojn\u00eb nen administrimin e kompanis\u00eb, 4 nga 6 vendburimet komb\u00ebtare te naft\u00ebs e gazit, ne Jug te Shqip\u00ebris\u00eb. Por, marr\u00ebveshje te arritura p\u00ebrmes nj\u00eb praktike korruptive, e cila, ka shmangur thuajse me dhune konkurrenc\u00ebn e tre kompanive te m\u00ebdha shum\u00ebkomb\u00ebshe amerikane, kanadeze e greke.<\/p>\n<p>Dokumentet qe materializojn\u00eb skandalin, d\u00ebshmojn\u00eb p\u00ebr veprime haptazi te paligjshme te nj\u00eb numri shume te madh zyrtaresh te Qeverise, duke p\u00ebrfshire tre ministrat e ekonomis\u00eb, Genc Ruli, Dritan Prifti dhe Ilir Meta. Te tre ne nj\u00eb p\u00ebrpjekje te qarte p\u00ebr te p\u00ebrfunduar me \u00e7do \u00e7mim, praktiken me te madhe korruptive ne sektorin strategjik te naft\u00ebs; te nisur ne 2006, ndihmuar gjate atij viti, miratuar ne faze tranzicioni ne 2007 dhe marre trajt\u00ebn p\u00ebrfundimtare ne 2010!<\/p>\n<p>Nuk ka rast tjet\u00ebr te ngjash\u00ebm, ku vullneti politik te shkele me k\u00ebmbe interesin publik, ne favor te ngritjes e zhvillimit te nj\u00eb biznesi kryek\u00ebput klientelist, me prapavije te forte qeveritare e p\u00ebrfitime te jasht\u00ebzakonshme personale! Gjithnj\u00eb, nga pasuria komb\u00ebtare nen administrim te Qeverise!<\/p>\n<p>Ne linje te pare, deputetja qe I p\u00ebrket maxhorances se Kryeministrit Berisha, Albana Vokshi, babai I f\u00ebmij\u00ebve te saj Arian Tartari, si vendimmarr\u00ebse dhe p\u00ebrfitues! Me tej, ministri Genc Ruli si urdh\u00ebruesi dhe miratuesi I praktikes antiligjore! Pak me tutje ne kohe, si ne stafete zyrash, letrash, interesash, firmash e vulash, ministrat Prifti e Meta, kur kane lejuar miratimin \u201cne heshtje\u201d te planeve te zhvillimit dhe marr\u00ebveshjeve afatgjata, te cil\u00ebsuara nga oponenca shtet\u00ebrore teknike e Universitetit te Tiranes si \u201cShkat\u00ebrruese e te pa pranueshme\u201d! Vula e fundit, por p\u00ebrmes nj\u00eb vendimi shp\u00ebtues kolegjial, si gjithnj\u00eb Sali Berisha!<\/p>\n<p>Kjo \u00ebsht\u00eb \u201carkiva\u201d dokumentare, e cila pasi \u00ebsht\u00eb hapur ligj\u00ebrisht, k\u00ebrkohet te mos jete e njohur p\u00ebr publikun. Dometh\u00ebn\u00eb: ne abuzojm\u00eb, ne p\u00ebrfitojm\u00eb, ne pasurohemi-gjithnj\u00eb nga pasuria publike, ju na kapni por ket\u00eb nuk duhet ta marrin vesh shqiptaret! Ndryshe\u2026\u2026\u2026 Kompania jone, \u201ce p\u00ebrbashk\u00ebt\u201d ju gjobit! Pra ju nd\u00ebshkon p\u00ebr gjith\u00eb jet\u00ebn!<\/p>\n<p>Historia<\/p>\n<p>N\u00eb jav\u00ebn e pare te shtatorit te k\u00ebtij viti, nj\u00eb prej inxhiniereve me t\u00eb r\u00ebnd\u00ebsish\u00ebm t\u00eb naftes ne vend vuri alarmin mbi at\u00eb qe po ndodhte ne sektorin e hidrokarbureve ne vend! \u201cQeveria po shkat\u00ebrron industrin\u00eb e nxjerrjes e prodhimit te naft\u00ebs ne vend, e p\u00ebrfshire ne nj\u00eb proces korruptiv te kalimit te vendburimeve komb\u00ebtare ne kompani pa kapacitete teknike e monetare, drejtues te te cilave jan\u00eb politikane pran\u00eb Sali Berish\u00ebs\u201d-ky ishte konkluzioni serioz.Ne duar me ran\u00eb gati 1500 faqe dokumente, te mbledhura me mund ne \u00e7do faze te praktikes korruptive ne konsumim e sip\u00ebr, te cilat hidhnin drite mbi skandalin me te madh ne administrimin e pasuris\u00eb publike, komb\u00ebtare.<\/p>\n<p>P\u00ebr te ballafaquar dokumentet, por edhe p\u00ebr te pasur dokumente te marra ne rruge zyrtare, me vler\u00ebn e prov\u00ebs, I jam drejtuar ligj\u00ebrisht, mb\u00ebshtetur ne Kushtetute e ne Statusin e Deputetit, Ministrit te asaj kohe Dritan Prifti, Drejtorit te Agjencis\u00eb komb\u00ebtare te Burimeve Natyrore, nen var\u00ebsin\u00eb e tij.<\/p>\n<p>Gara e \u00e7mendur p\u00ebr te p\u00ebrfituar me shume, me pare, ne LSI, solli tranzicionin ne Ministrin\u00eb e Ekonomis\u00eb dhe bllokoi p\u00ebr nj\u00eb fare kohe p\u00ebrmbushjen e k\u00ebrkes\u00ebs ligjore. Mesa duket kjo ishte dhe e koha e mjaftueshme qe ministri I ri Ilir Meta, te merrte informacionin e duhur p\u00ebr praktiken e sulmuar. Meta morri kohe! Dukej haptazi! Burimet tona ne zyr\u00ebn e tij, konfirmonin interesimin p\u00ebr \u00e7\u2019duhet te dilte ne publik e \u00e7\u2019duhej te mbyllej ne skutat burokratike te ministris\u00eb, p\u00ebrfundimisht.<\/p>\n<p>I vene ne dijeni te k\u00ebtij fakti, kam k\u00ebrkuar me ngulm, me nj\u00eb let\u00ebr te dyte ne adrese te ministrit Ilir Meta, dokumentacionin e k\u00ebsaj praktike, duksh\u00ebm koncesionare. Letra ishte thell\u00ebsisht politike, por e mb\u00ebshtetur ne ligj e Kushtetute. K\u00ebrkoja prej tij dokumente t\u00eb praktikes \u201ckoncensionare\u201d ose nj\u00eb refuzim me shkrim te k\u00ebrkes\u00ebs ligjore, p\u00ebr te nisur nga ajo nj\u00eb beteje gjyq\u00ebsore p\u00ebr te marre dokumentacionin.<\/p>\n<p>Dhjete dite me pas, p\u00ebrgjigja mb\u00ebrriti nga Drejtori I porsa em\u00ebruar I Agjencis\u00eb Komb\u00ebtare te Burimeve Natyrore. P\u00ebrgjigja p\u00ebrmbante 61 shkresa zyrtare! Nuk mungonte asnj\u00eb dhe dokumentet p\u00ebrputheshin me ato qe un\u00eb disponoja. Por, p\u00ebrgjigja paralajm\u00ebronte se dokumentacioni duhet vet\u00ebm te shuante kuriozitetin tim! Ne asnj\u00eb m\u00ebnyre ai nuk duhej te behej I njohur p\u00ebr publikun qe edhe tani nuk di asgj\u00eb mbi m\u00ebnyr\u00ebn e administrimit, transferimit, p\u00ebrfitimit, te nj\u00eb prej pasurive me te m\u00ebdha komb\u00ebtare e me te kuotuara nd\u00ebrkomb\u00ebtare, naft\u00ebs e gazit!<\/p>\n<p>Dhjete dite te tjera me pas, nj\u00eb p\u00ebrgjigje e dyte mb\u00ebrriti nga Ministri I ekonomis\u00eb Ilir Meta. P\u00ebrgjigja e tij nuk kish p\u00ebr qellim transparenc\u00ebn. Ajo mb\u00ebrriti tek un\u00eb, vet\u00ebm 24 ore pasi ne Kuvend, ne cil\u00ebsin\u00eb e deputetit, paralajm\u00ebrova publikimin e nj\u00eb sere dokumentesh te reja qe v\u00ebrtetojn\u00eb p\u00ebrfundimisht skandalin \u201cSTREM OIL\u201d dhe dallojn\u00eb qarte p\u00ebrfituesit politike nga \u201cari I zi\u201d, nafta e shqiptareve. Si\u00e7 I em\u00ebruari I tij, Ministri Ilir Meta k\u00ebrkonte gjithashtu mos b\u00ebrjen publike te asnj\u00eb dokumenti! Dukej qarte se Ministri Meta kish marre vesh me shume vonese se dokumentet kishin dale nga agjencia kompetente dhe po synonte te minimizonte demet politike qe mund te vinin nga publikimi I tyre.<\/p>\n<p>Letra e pare; Drejtori i Agjencis\u00eb Komb\u00ebtar\u00eb e Burimeve Natyrore, z. Gjergji Thomai<\/p>\n<p>Drejtuar; Erjon Brace, nr.2409\/1 prot, date 4.10.2010<\/p>\n<blockquote><p><em>\u201c\u2026\u2026. AKBN ju Ben te ditur se disa nga materialet qe ju jan\u00eb vene ne dispozicion, si Marr\u00ebveshjet Hidrokarbure dhe Licence Marr\u00ebveshjet, k\u00ebrkojn\u00eb respektimin e klauzol\u00ebs se konfidencialitetit, e cila parashikon qe gjate koh\u00ebzgjatjes se k\u00ebsaj Marr\u00ebveshje dhe p\u00ebr 5 vjet me pas, nuk mund te publikohen termat e k\u00ebsaj Licence dhe Marr\u00ebveshje, as edhe ndonj\u00eb e dh\u00ebne apo informacion I siguruar ne p\u00ebrputhje me ket\u00eb licence dhe Marr\u00ebveshje.<\/em><\/p>\n<p><em>Gjithashtu ne k\u00ebto dokumente parashikohet se ne rast te mos respektimit te klauzol\u00ebs \u201cKonfidencialiteti\u201d, pala e d\u00ebmtuar mund te k\u00ebrkoj zhd\u00ebmtim I cili do te p\u00ebrcaktohet nga arbitrazhi nd\u00ebrkomb\u00ebtar\u2026\u2026\u201d<\/em><\/p><\/blockquote>\n<p>Letra e dyte; ministri i Ekonomis\u00eb Ilir Meta<\/p>\n<p>Drejtuar; Marlind Myftiu-Sekretar I P\u00ebrgjithsh\u00ebm I Kuvendit, p\u00ebr Erjon Brace n\u00ebnkryetar I Grupit Parlamentar te PSSH<\/p>\n<p>Nr.8579\/3 prot, date 13.10.2010<\/p>\n<blockquote><p><em>\u201c\u2026\u2026\u2026..Nga ana e METE u k\u00ebrkua qe te informohemi p\u00ebr trajtimin qe I ka bere k\u00ebsaj k\u00ebrkese. AKBN me an\u00ebn e shkres\u00ebs nr.2610\/1, date 8.10.2010 informon se I ka kthyer p\u00ebrgjigje z. Erion Brace me shkres\u00ebn 2409\/1, date 4.10.2010, duke I d\u00ebrguar ne te nj\u00ebjt\u00ebn kohe edhe nj\u00eb dosje voluminoze me dokumente ne p\u00ebrputhje te plote me k\u00ebrkes\u00ebn e k\u00ebtij Grupi Parlamentar.<\/em><\/p>\n<p>METE d\u00ebshiron te informoje se materialet qe jan\u00eb vene ne dispozicion te Grupit Parlamentar te Partis\u00eb Socialiste k\u00ebrkojn\u00eb respektimin e klauzol\u00ebs se konfidencialitetit p\u00ebr periudh\u00ebn e koh\u00ebzgjatjes se Marr\u00ebveshjeve hidrokarbure dhe p\u00ebr 5 vjet me pas\u2026\u2026\u201d<\/p><\/blockquote>\n<p>Si\u00e7 shihet qarte, te dy letrat e titullar\u00ebve qe merren me administrimin e ekonomis\u00eb dhe pasuris\u00eb komb\u00ebtare, synojn\u00eb te mbrojn\u00eb vendim marr\u00ebsit e skandalit nga transparenca e vendimeve te tyre qe nd\u00ebrtuan nj\u00eb afere te madhe korruptive por p\u00ebrfituese! Shume p\u00ebrfituese! Qe zgjat afro 35 vite! Detajet e k\u00ebsaj praktike korruptive jan\u00eb te renda! Tre ministra dhe dy deputete jan\u00eb te p\u00ebrfshire ne te! Si vendimmarr\u00ebs! Te tjer\u00eb zyrtare te p\u00ebrgjegjsh\u00ebm, d\u00ebshmojn\u00eb ne dokumente te gjith\u00eb detajet e skandalit. Kane paralajm\u00ebruar, madje shpesh me tone te ashpra, por nuk ka pyetur kush! Nga K\u00ebshilli Mbik\u00ebqyr\u00ebs I ALBPETROL \u2013organi I pare vendimmarr\u00ebs, tek Ministri p\u00ebrgjegj\u00ebs, Kryeministri-I fundit vendimmarr\u00ebs ne ket\u00eb histori.<\/p>\n<p>Te gjitha faktet jan\u00eb te renda. Por klauzola e \u201ckonfidencialitetit\u201d \u00ebsht\u00eb kulmi. Ajo \u00ebsht\u00eb shkruar ne marr\u00ebveshje p\u00ebr te mbrojtur skandalin nga b\u00ebrja publike e dokumenteve qe e materializojn\u00eb at\u00eb. Shqiptaret nuk duhet te dine asgj\u00eb! Thuajse jan\u00eb te huaj ne vendin e tyre! Nuk duhet te dine se si vidhen e rr\u00ebnohen ekonomikisht \u00e7do dite! Kur jan\u00eb ts pasur! Pasuria e tyre publike po I varfsron por po pasuron njs grusht njer\u00ebzish n\u00eb dor\u00ebn e gjat\u00eb e t\u00eb madhe te Kryeministri Sali Berisha. Si nj\u00eb familje!<\/p>\n","protected":false},"excerpt":{"rendered":"<p>Nga Erion Bra\u00e7e \u201cHesht! P\u00ebr 35 vjet\u201d. Ky \u00ebsht\u00eb mesazhi i qarte dhe zyrtar, me te cilin, Ministri I Ekonomis\u00eb ne Qeverin\u00eb e Kryeministrit Sali Berisha, Ilir Meta, k\u00ebrkon te mbylle p\u00ebr nj\u00eb kohe shume te gjate-deri ne pleq\u00ebrin\u00eb e tij te vone-dosjen e skandalit \u201cSTREM OIL\u201d! Behet fjale p\u00ebr kat\u00ebr marr\u00ebveshje hidrokarburesh, mes Qeverise [&hellip;]<\/p>\n","protected":false},"author":1,"featured_media":0,"comment_status":"open","ping_status":"closed","sticky":false,"template":"","format":"standard","meta":{"footnotes":""},"categories":[2],"tags":[],"class_list":{"0":"post-4535","1":"post","2":"type-post","3":"status-publish","4":"format-standard","6":"category-artikuj"},"yoast_head":"<!-- This site is optimized with the Yoast SEO plugin v27.4 - https:\/\/yoast.com\/product\/yoast-seo-wordpress\/ -->\n<title>Qeveria: P\u00ebr biznesin e burrit t\u00eb Vokshit, 35 vjet embargo n\u00eb shtyp - FjALA e LIR\u00cb - Arkivi<\/title>\n<meta name=\"robots\" content=\"index, follow, max-snippet:-1, max-image-preview:large, max-video-preview:-1\" \/>\n<link rel=\"canonical\" href=\"https:\/\/fjala.info\/2009-2015\/qeveria-per-biznesin-e-burrit-te-vokshit-35-vjet-embargo-ne-shtyp\/\" \/>\n<meta property=\"og:locale\" content=\"sq_AL\" \/>\n<meta property=\"og:type\" content=\"article\" \/>\n<meta property=\"og:title\" content=\"Qeveria: P\u00ebr biznesin e burrit t\u00eb Vokshit, 35 vjet embargo n\u00eb shtyp - FjALA e LIR\u00cb - Arkivi\" \/>\n<meta property=\"og:description\" content=\"Nga Erion Bra\u00e7e \u201cHesht! P\u00ebr 35 vjet\u201d. Ky \u00ebsht\u00eb mesazhi i qarte dhe zyrtar, me te cilin, Ministri I Ekonomis\u00eb ne Qeverin\u00eb e Kryeministrit Sali Berisha, Ilir Meta, k\u00ebrkon te mbylle p\u00ebr nj\u00eb kohe shume te gjate-deri ne pleq\u00ebrin\u00eb e tij te vone-dosjen e skandalit \u201cSTREM OIL\u201d! Behet fjale p\u00ebr kat\u00ebr marr\u00ebveshje hidrokarburesh, mes Qeverise [&hellip;]\" \/>\n<meta property=\"og:url\" content=\"https:\/\/fjala.info\/2009-2015\/qeveria-per-biznesin-e-burrit-te-vokshit-35-vjet-embargo-ne-shtyp\/\" \/>\n<meta property=\"og:site_name\" content=\"FjALA e LIR\u00cb - Arkivi\" \/>\n<meta property=\"article:published_time\" content=\"2010-10-29T20:50:56+00:00\" \/>\n<meta property=\"og:image\" content=\"http:\/\/fjala.shkoder.net\/wp-content\/uploads\/2010\/10\/albana_vokshi1.jpg\" \/>\n<meta name=\"author\" content=\"admin\" \/>\n<meta name=\"twitter:card\" content=\"summary_large_image\" \/>\n<meta name=\"twitter:label1\" content=\"Written by\" \/>\n\t<meta name=\"twitter:data1\" content=\"admin\" \/>\n\t<meta name=\"twitter:label2\" content=\"Est. reading time\" \/>\n\t<meta name=\"twitter:data2\" content=\"8 minutes\" \/>\n<script type=\"application\/ld+json\" class=\"yoast-schema-graph\">{\"@context\":\"https:\\\/\\\/schema.org\",\"@graph\":[{\"@type\":\"Article\",\"@id\":\"https:\\\/\\\/fjala.info\\\/2009-2015\\\/qeveria-per-biznesin-e-burrit-te-vokshit-35-vjet-embargo-ne-shtyp\\\/#article\",\"isPartOf\":{\"@id\":\"https:\\\/\\\/fjala.info\\\/2009-2015\\\/qeveria-per-biznesin-e-burrit-te-vokshit-35-vjet-embargo-ne-shtyp\\\/\"},\"author\":{\"name\":\"admin\",\"@id\":\"https:\\\/\\\/fjala.info\\\/2009-2015\\\/#\\\/schema\\\/person\\\/3aa1163ef05469c496fc94e77611ada2\"},\"headline\":\"Qeveria: P\u00ebr biznesin e burrit t\u00eb Vokshit, 35 vjet embargo n\u00eb shtyp\",\"datePublished\":\"2010-10-29T20:50:56+00:00\",\"mainEntityOfPage\":{\"@id\":\"https:\\\/\\\/fjala.info\\\/2009-2015\\\/qeveria-per-biznesin-e-burrit-te-vokshit-35-vjet-embargo-ne-shtyp\\\/\"},\"wordCount\":1525,\"commentCount\":0,\"publisher\":{\"@id\":\"https:\\\/\\\/fjala.info\\\/2009-2015\\\/#organization\"},\"image\":{\"@id\":\"https:\\\/\\\/fjala.info\\\/2009-2015\\\/qeveria-per-biznesin-e-burrit-te-vokshit-35-vjet-embargo-ne-shtyp\\\/#primaryimage\"},\"thumbnailUrl\":\"http:\\\/\\\/fjala.shkoder.net\\\/wp-content\\\/uploads\\\/2010\\\/10\\\/albana_vokshi1.jpg\",\"articleSection\":[\"Artikuj\"],\"inLanguage\":\"sq-AL\",\"potentialAction\":[{\"@type\":\"CommentAction\",\"name\":\"Comment\",\"target\":[\"https:\\\/\\\/fjala.info\\\/2009-2015\\\/qeveria-per-biznesin-e-burrit-te-vokshit-35-vjet-embargo-ne-shtyp\\\/#respond\"]}]},{\"@type\":\"WebPage\",\"@id\":\"https:\\\/\\\/fjala.info\\\/2009-2015\\\/qeveria-per-biznesin-e-burrit-te-vokshit-35-vjet-embargo-ne-shtyp\\\/\",\"url\":\"https:\\\/\\\/fjala.info\\\/2009-2015\\\/qeveria-per-biznesin-e-burrit-te-vokshit-35-vjet-embargo-ne-shtyp\\\/\",\"name\":\"Qeveria: P\u00ebr biznesin e burrit t\u00eb Vokshit, 35 vjet embargo n\u00eb shtyp - FjALA e LIR\u00cb - Arkivi\",\"isPartOf\":{\"@id\":\"https:\\\/\\\/fjala.info\\\/2009-2015\\\/#website\"},\"primaryImageOfPage\":{\"@id\":\"https:\\\/\\\/fjala.info\\\/2009-2015\\\/qeveria-per-biznesin-e-burrit-te-vokshit-35-vjet-embargo-ne-shtyp\\\/#primaryimage\"},\"image\":{\"@id\":\"https:\\\/\\\/fjala.info\\\/2009-2015\\\/qeveria-per-biznesin-e-burrit-te-vokshit-35-vjet-embargo-ne-shtyp\\\/#primaryimage\"},\"thumbnailUrl\":\"http:\\\/\\\/fjala.shkoder.net\\\/wp-content\\\/uploads\\\/2010\\\/10\\\/albana_vokshi1.jpg\",\"datePublished\":\"2010-10-29T20:50:56+00:00\",\"breadcrumb\":{\"@id\":\"https:\\\/\\\/fjala.info\\\/2009-2015\\\/qeveria-per-biznesin-e-burrit-te-vokshit-35-vjet-embargo-ne-shtyp\\\/#breadcrumb\"},\"inLanguage\":\"sq-AL\",\"potentialAction\":[{\"@type\":\"ReadAction\",\"target\":[\"https:\\\/\\\/fjala.info\\\/2009-2015\\\/qeveria-per-biznesin-e-burrit-te-vokshit-35-vjet-embargo-ne-shtyp\\\/\"]}]},{\"@type\":\"ImageObject\",\"inLanguage\":\"sq-AL\",\"@id\":\"https:\\\/\\\/fjala.info\\\/2009-2015\\\/qeveria-per-biznesin-e-burrit-te-vokshit-35-vjet-embargo-ne-shtyp\\\/#primaryimage\",\"url\":\"http:\\\/\\\/fjala.shkoder.net\\\/wp-content\\\/uploads\\\/2010\\\/10\\\/albana_vokshi1.jpg\",\"contentUrl\":\"http:\\\/\\\/fjala.shkoder.net\\\/wp-content\\\/uploads\\\/2010\\\/10\\\/albana_vokshi1.jpg\"},{\"@type\":\"BreadcrumbList\",\"@id\":\"https:\\\/\\\/fjala.info\\\/2009-2015\\\/qeveria-per-biznesin-e-burrit-te-vokshit-35-vjet-embargo-ne-shtyp\\\/#breadcrumb\",\"itemListElement\":[{\"@type\":\"ListItem\",\"position\":1,\"name\":\"Home\",\"item\":\"https:\\\/\\\/fjala.info\\\/2009-2015\\\/\"},{\"@type\":\"ListItem\",\"position\":2,\"name\":\"Qeveria: P\u00ebr biznesin e burrit t\u00eb Vokshit, 35 vjet embargo n\u00eb shtyp\"}]},{\"@type\":\"WebSite\",\"@id\":\"https:\\\/\\\/fjala.info\\\/2009-2015\\\/#website\",\"url\":\"https:\\\/\\\/fjala.info\\\/2009-2015\\\/\",\"name\":\"FjALA e LIR\u00cb - Arkivi\",\"description\":\"Arkivi 2009-2015\",\"publisher\":{\"@id\":\"https:\\\/\\\/fjala.info\\\/2009-2015\\\/#organization\"},\"potentialAction\":[{\"@type\":\"SearchAction\",\"target\":{\"@type\":\"EntryPoint\",\"urlTemplate\":\"https:\\\/\\\/fjala.info\\\/2009-2015\\\/?s={search_term_string}\"},\"query-input\":{\"@type\":\"PropertyValueSpecification\",\"valueRequired\":true,\"valueName\":\"search_term_string\"}}],\"inLanguage\":\"sq-AL\"},{\"@type\":\"Organization\",\"@id\":\"https:\\\/\\\/fjala.info\\\/2009-2015\\\/#organization\",\"name\":\"FjALA e LIR\u00cb - Arkivi\",\"url\":\"https:\\\/\\\/fjala.info\\\/2009-2015\\\/\",\"logo\":{\"@type\":\"ImageObject\",\"inLanguage\":\"sq-AL\",\"@id\":\"https:\\\/\\\/fjala.info\\\/2009-2015\\\/#\\\/schema\\\/logo\\\/image\\\/\",\"url\":\"\",\"contentUrl\":\"\",\"caption\":\"FjALA e LIR\u00cb - Arkivi\"},\"image\":{\"@id\":\"https:\\\/\\\/fjala.info\\\/2009-2015\\\/#\\\/schema\\\/logo\\\/image\\\/\"}},{\"@type\":\"Person\",\"@id\":\"https:\\\/\\\/fjala.info\\\/2009-2015\\\/#\\\/schema\\\/person\\\/3aa1163ef05469c496fc94e77611ada2\",\"name\":\"admin\",\"image\":{\"@type\":\"ImageObject\",\"inLanguage\":\"sq-AL\",\"@id\":\"https:\\\/\\\/fjala.info\\\/2009-2015\\\/wp-content\\\/uploads\\\/2012\\\/02\\\/arben_cokaj-120x150.jpg\",\"url\":\"https:\\\/\\\/fjala.info\\\/2009-2015\\\/wp-content\\\/uploads\\\/2012\\\/02\\\/arben_cokaj-120x150.jpg\",\"contentUrl\":\"https:\\\/\\\/fjala.info\\\/2009-2015\\\/wp-content\\\/uploads\\\/2012\\\/02\\\/arben_cokaj-120x150.jpg\",\"caption\":\"admin\"},\"description\":\"Admin, Fjala e Lir\u00eb\",\"sameAs\":[\"https:\\\/\\\/fjala.info\\\/\"],\"url\":\"https:\\\/\\\/fjala.info\\\/2009-2015\\\/author\\\/admin\\\/\"}]}<\/script>\n<!-- \/ Yoast SEO plugin. -->","yoast_head_json":{"title":"Qeveria: P\u00ebr biznesin e burrit t\u00eb Vokshit, 35 vjet embargo n\u00eb shtyp - FjALA e LIR\u00cb - Arkivi","robots":{"index":"index","follow":"follow","max-snippet":"max-snippet:-1","max-image-preview":"max-image-preview:large","max-video-preview":"max-video-preview:-1"},"canonical":"https:\/\/fjala.info\/2009-2015\/qeveria-per-biznesin-e-burrit-te-vokshit-35-vjet-embargo-ne-shtyp\/","og_locale":"sq_AL","og_type":"article","og_title":"Qeveria: P\u00ebr biznesin e burrit t\u00eb Vokshit, 35 vjet embargo n\u00eb shtyp - FjALA e LIR\u00cb - Arkivi","og_description":"Nga Erion Bra\u00e7e \u201cHesht! P\u00ebr 35 vjet\u201d. Ky \u00ebsht\u00eb mesazhi i qarte dhe zyrtar, me te cilin, Ministri I Ekonomis\u00eb ne Qeverin\u00eb e Kryeministrit Sali Berisha, Ilir Meta, k\u00ebrkon te mbylle p\u00ebr nj\u00eb kohe shume te gjate-deri ne pleq\u00ebrin\u00eb e tij te vone-dosjen e skandalit \u201cSTREM OIL\u201d! Behet fjale p\u00ebr kat\u00ebr marr\u00ebveshje hidrokarburesh, mes Qeverise [&hellip;]","og_url":"https:\/\/fjala.info\/2009-2015\/qeveria-per-biznesin-e-burrit-te-vokshit-35-vjet-embargo-ne-shtyp\/","og_site_name":"FjALA e LIR\u00cb - Arkivi","article_published_time":"2010-10-29T20:50:56+00:00","og_image":[{"url":"http:\/\/fjala.shkoder.net\/wp-content\/uploads\/2010\/10\/albana_vokshi1.jpg","type":"","width":"","height":""}],"author":"admin","twitter_card":"summary_large_image","twitter_misc":{"Written by":"admin","Est. reading time":"8 minutes"},"schema":{"@context":"https:\/\/schema.org","@graph":[{"@type":"Article","@id":"https:\/\/fjala.info\/2009-2015\/qeveria-per-biznesin-e-burrit-te-vokshit-35-vjet-embargo-ne-shtyp\/#article","isPartOf":{"@id":"https:\/\/fjala.info\/2009-2015\/qeveria-per-biznesin-e-burrit-te-vokshit-35-vjet-embargo-ne-shtyp\/"},"author":{"name":"admin","@id":"https:\/\/fjala.info\/2009-2015\/#\/schema\/person\/3aa1163ef05469c496fc94e77611ada2"},"headline":"Qeveria: P\u00ebr biznesin e burrit t\u00eb Vokshit, 35 vjet embargo n\u00eb shtyp","datePublished":"2010-10-29T20:50:56+00:00","mainEntityOfPage":{"@id":"https:\/\/fjala.info\/2009-2015\/qeveria-per-biznesin-e-burrit-te-vokshit-35-vjet-embargo-ne-shtyp\/"},"wordCount":1525,"commentCount":0,"publisher":{"@id":"https:\/\/fjala.info\/2009-2015\/#organization"},"image":{"@id":"https:\/\/fjala.info\/2009-2015\/qeveria-per-biznesin-e-burrit-te-vokshit-35-vjet-embargo-ne-shtyp\/#primaryimage"},"thumbnailUrl":"http:\/\/fjala.shkoder.net\/wp-content\/uploads\/2010\/10\/albana_vokshi1.jpg","articleSection":["Artikuj"],"inLanguage":"sq-AL","potentialAction":[{"@type":"CommentAction","name":"Comment","target":["https:\/\/fjala.info\/2009-2015\/qeveria-per-biznesin-e-burrit-te-vokshit-35-vjet-embargo-ne-shtyp\/#respond"]}]},{"@type":"WebPage","@id":"https:\/\/fjala.info\/2009-2015\/qeveria-per-biznesin-e-burrit-te-vokshit-35-vjet-embargo-ne-shtyp\/","url":"https:\/\/fjala.info\/2009-2015\/qeveria-per-biznesin-e-burrit-te-vokshit-35-vjet-embargo-ne-shtyp\/","name":"Qeveria: P\u00ebr biznesin e burrit t\u00eb Vokshit, 35 vjet embargo n\u00eb shtyp - FjALA e LIR\u00cb - Arkivi","isPartOf":{"@id":"https:\/\/fjala.info\/2009-2015\/#website"},"primaryImageOfPage":{"@id":"https:\/\/fjala.info\/2009-2015\/qeveria-per-biznesin-e-burrit-te-vokshit-35-vjet-embargo-ne-shtyp\/#primaryimage"},"image":{"@id":"https:\/\/fjala.info\/2009-2015\/qeveria-per-biznesin-e-burrit-te-vokshit-35-vjet-embargo-ne-shtyp\/#primaryimage"},"thumbnailUrl":"http:\/\/fjala.shkoder.net\/wp-content\/uploads\/2010\/10\/albana_vokshi1.jpg","datePublished":"2010-10-29T20:50:56+00:00","breadcrumb":{"@id":"https:\/\/fjala.info\/2009-2015\/qeveria-per-biznesin-e-burrit-te-vokshit-35-vjet-embargo-ne-shtyp\/#breadcrumb"},"inLanguage":"sq-AL","potentialAction":[{"@type":"ReadAction","target":["https:\/\/fjala.info\/2009-2015\/qeveria-per-biznesin-e-burrit-te-vokshit-35-vjet-embargo-ne-shtyp\/"]}]},{"@type":"ImageObject","inLanguage":"sq-AL","@id":"https:\/\/fjala.info\/2009-2015\/qeveria-per-biznesin-e-burrit-te-vokshit-35-vjet-embargo-ne-shtyp\/#primaryimage","url":"http:\/\/fjala.shkoder.net\/wp-content\/uploads\/2010\/10\/albana_vokshi1.jpg","contentUrl":"http:\/\/fjala.shkoder.net\/wp-content\/uploads\/2010\/10\/albana_vokshi1.jpg"},{"@type":"BreadcrumbList","@id":"https:\/\/fjala.info\/2009-2015\/qeveria-per-biznesin-e-burrit-te-vokshit-35-vjet-embargo-ne-shtyp\/#breadcrumb","itemListElement":[{"@type":"ListItem","position":1,"name":"Home","item":"https:\/\/fjala.info\/2009-2015\/"},{"@type":"ListItem","position":2,"name":"Qeveria: P\u00ebr biznesin e burrit t\u00eb Vokshit, 35 vjet embargo n\u00eb shtyp"}]},{"@type":"WebSite","@id":"https:\/\/fjala.info\/2009-2015\/#website","url":"https:\/\/fjala.info\/2009-2015\/","name":"FjALA e LIR\u00cb - Arkivi","description":"Arkivi 2009-2015","publisher":{"@id":"https:\/\/fjala.info\/2009-2015\/#organization"},"potentialAction":[{"@type":"SearchAction","target":{"@type":"EntryPoint","urlTemplate":"https:\/\/fjala.info\/2009-2015\/?s={search_term_string}"},"query-input":{"@type":"PropertyValueSpecification","valueRequired":true,"valueName":"search_term_string"}}],"inLanguage":"sq-AL"},{"@type":"Organization","@id":"https:\/\/fjala.info\/2009-2015\/#organization","name":"FjALA e LIR\u00cb - Arkivi","url":"https:\/\/fjala.info\/2009-2015\/","logo":{"@type":"ImageObject","inLanguage":"sq-AL","@id":"https:\/\/fjala.info\/2009-2015\/#\/schema\/logo\/image\/","url":"","contentUrl":"","caption":"FjALA e LIR\u00cb - Arkivi"},"image":{"@id":"https:\/\/fjala.info\/2009-2015\/#\/schema\/logo\/image\/"}},{"@type":"Person","@id":"https:\/\/fjala.info\/2009-2015\/#\/schema\/person\/3aa1163ef05469c496fc94e77611ada2","name":"admin","image":{"@type":"ImageObject","inLanguage":"sq-AL","@id":"https:\/\/fjala.info\/2009-2015\/wp-content\/uploads\/2012\/02\/arben_cokaj-120x150.jpg","url":"https:\/\/fjala.info\/2009-2015\/wp-content\/uploads\/2012\/02\/arben_cokaj-120x150.jpg","contentUrl":"https:\/\/fjala.info\/2009-2015\/wp-content\/uploads\/2012\/02\/arben_cokaj-120x150.jpg","caption":"admin"},"description":"Admin, Fjala e Lir\u00eb","sameAs":["https:\/\/fjala.info\/"],"url":"https:\/\/fjala.info\/2009-2015\/author\/admin\/"}]}},"_links":{"self":[{"href":"https:\/\/fjala.info\/2009-2015\/wp-json\/wp\/v2\/posts\/4535","targetHints":{"allow":["GET"]}}],"collection":[{"href":"https:\/\/fjala.info\/2009-2015\/wp-json\/wp\/v2\/posts"}],"about":[{"href":"https:\/\/fjala.info\/2009-2015\/wp-json\/wp\/v2\/types\/post"}],"author":[{"embeddable":true,"href":"https:\/\/fjala.info\/2009-2015\/wp-json\/wp\/v2\/users\/1"}],"replies":[{"embeddable":true,"href":"https:\/\/fjala.info\/2009-2015\/wp-json\/wp\/v2\/comments?post=4535"}],"version-history":[{"count":0,"href":"https:\/\/fjala.info\/2009-2015\/wp-json\/wp\/v2\/posts\/4535\/revisions"}],"wp:attachment":[{"href":"https:\/\/fjala.info\/2009-2015\/wp-json\/wp\/v2\/media?parent=4535"}],"wp:term":[{"taxonomy":"category","embeddable":true,"href":"https:\/\/fjala.info\/2009-2015\/wp-json\/wp\/v2\/categories?post=4535"},{"taxonomy":"post_tag","embeddable":true,"href":"https:\/\/fjala.info\/2009-2015\/wp-json\/wp\/v2\/tags?post=4535"}],"curies":[{"name":"wp","href":"https:\/\/api.w.org\/{rel}","templated":true}]}}