{"id":4529,"date":"2010-10-29T21:42:06","date_gmt":"2010-10-29T20:42:06","guid":{"rendered":"http:\/\/fjala.shkoder.net\/?p=4529"},"modified":"2010-10-29T21:42:06","modified_gmt":"2010-10-29T20:42:06","slug":"ne-shkoder-na-ka-humbur-kryetari-i-bashkise","status":"publish","type":"post","link":"https:\/\/fjala.info\/2009-2015\/ne-shkoder-na-ka-humbur-kryetari-i-bashkise\/","title":{"rendered":"N\u00eb Shkod\u00ebr na ka humbur kryetari i Bashkis\u00eb&#8230;"},"content":{"rendered":"<p>Let\u00ebr e n\u00ebnshkruar <strong>Eqerem Kajo<\/strong>, Shkod\u00ebr &#8211; <em>28.10.2010<\/em><\/p>\n<p>Jemi disa pensionist\u00eb t\u00eb lagjes &#8220;Partizani&#8221; Shkod\u00ebr q\u00eb jetojm\u00eb n\u00eb pallatet pran\u00eb tregut &#8220;Rus&#8221;. Kemi koh\u00eb q\u00eb e k\u00ebrkojm\u00eb Kryetarin e Bashkis\u00eb p\u00ebr t\u00eb biseduar p\u00ebr problemet q\u00eb kemi, por dhe p\u00ebr ta par\u00eb si \u00ebsht\u00eb me sh\u00ebndet. E kemi kryetar p\u00ebr kok\u00ebn e kryetarit, Shkodr\u00ebs i ka ndritur ballin, n\u00eb lagjen ton\u00eb ka ardhur vet\u00ebm n\u00eb 2007-\u00ebn, kur u b\u00ebn\u00eb zgjedhjet.<\/p>\n<p>E duam t\u00eb shikoj\u00eb k\u00ebtu n\u00eb treg inkubator\u00ebt e brejsave (minjve) sa jan\u00eb rritur tek tregu gjat\u00eb mandatit t\u00eb tij, t\u00eb shikoj\u00eb stacionin e shum\u00ebzimit t\u00eb qenve, t\u00eb shikoj\u00eb sa urin\u00eb e fekale jan\u00eb grumbulluar nen banak\u00ebt e shit\u00ebsve, sepse nuk ka nevojtore, t\u00eb ndjej\u00eb dhe ai si ne &#8220;arom\u00ebn&#8221; e mbeturinave, t\u00eb shikoj\u00eb kaosin n\u00eb k\u00ebt\u00eb treg q\u00eb n\u00eb nj\u00eb met\u00ebr katror shesin 4 shit\u00ebs.<\/p>\n<p>T\u00eb shikoj\u00eb sesi vidhet energjia elektrike, si shp\u00ebrdorohet uji, si funksionon sh\u00ebndet\u00ebsia, ku djathi, gjiza e produktet e qum\u00ebshtit shiten pran\u00eb mbeturinave t\u00eb qenve e micave t\u00eb ngordhura, t\u00eb shikoj\u00eb nga futen k\u00ebta njer\u00ebz, pasi dy rrug\u00eb q\u00eb futen n\u00eb treg bllokohen nga shit\u00ebsit dhe nuk ka burr\u00eb n\u00ebne q\u00eb t&#8217;i largoj\u00eb..<\/p>\n<p>Banor\u00ebt e pallateve p\u00ebrreth kan\u00eb fatin e mir\u00eb &#8220;q\u00eb gjith\u00eb dit\u00ebn e gjith\u00eb nat\u00ebn t&#8217;i mbyllin dritaret nga er\u00ebrat e k\u00ebqija e nga zhurmat. \u00c7&#8217;mund t\u00eb b\u00ebjm\u00eb ne banor\u00ebt?<\/p>\n<p>Aty nuk pyesin p\u00ebr kryetarin e bashkis\u00eb, as p\u00ebr kryeministrin tellall, as p\u00ebr policin\u00eb e Bukurosh Bash\u00ebs, dhe jo t\u00eb pyesin p\u00ebr neve! E vetmja gj\u00eb e banor\u00ebve t\u00eb pallateve, iu ngelet q\u00eb t\u00eb b\u00ebjn\u00eb shkall\u00eb ajrore, si ato t\u00eb emergjencave, sepse edhe hyrjet e pallateve jan\u00eb t\u00eb bllokuara tashm\u00eb, nuk pyet njeri n\u00ebse n\u00eb k\u00ebto pallate ka familje apo ka t\u00eb s\u00ebmur\u00eb q\u00eb mund t\u00eb k\u00ebrkojn\u00eb ndihm\u00ebn e ambulanc\u00ebs apo zjarrfik\u00ebses etj.<\/p>\n<p>Mir\u00eb kryetari q\u00eb ka humbur, po deputeten e lagjes, Arenca Trashani, a e kini par\u00eb na nji her\u00eb? E kemi par\u00eb n\u00eb Parlament, kur kritikon Ram\u00ebn se i mungonin kokrrat, po edhe vitin e valuar kur erdhi p\u00ebr fushat\u00eb kaloi k\u00ebndej.<\/p>\n<p>Dikur n\u00eb koh\u00ebn e Enverit kishte inspektor t\u00eb higjien\u00ebs, kishte kontroll nga organet ekzekutive, lokale, apo nga ato qendrore, b\u00ebhej dezinfektimi me helme, me klor apo me pluhur g\u00eblqereje. Kjo nuk ekziston m\u00eb.<\/p>\n<p>N\u00eb vitin 1996, tregu Rus p\u00ebsoi nj\u00eb ndryshim t\u00eb madh, pothuaj u b\u00eb i ri nga nj\u00eb firm\u00eb e huaj, me nd\u00ebrhyrjen e ish-kryetarit t\u00eb bashkis\u00eb, Admir Rusit, u sistemuan p\u00ebr mrekulli shit\u00ebsit e fruta-perimeve, bulmetrave, t\u00eb mishit etj., u rregulluan nevojtoret, u caktua nj\u00eb administrat\u00eb e vog\u00ebl, pastrues, e gj\u00ebra q\u00eb mungonin m\u00eb par\u00eb, por ky organizim nuk vazhdoi shum\u00eb.<\/p>\n<p>Tani nuk ka as pastrues e as roje, as administrator, nuk ka nevojtore, sepse (i ka dal\u00eb pronari) nevojtore tani kan\u00eb banak\u00ebt, kush nuk i beson k\u00ebto q\u00eb themi le t\u00eb vij\u00eb n\u00eb tregun e &#8220;Rusit&#8221; n\u00eb Shkod\u00ebr t\u00eb shikoj\u00eb k\u00ebto mrekulli, q\u00eb nuk mund t&#8217;i gjesh as n\u00eb Kandahar.<br \/>\nA duhet q\u00eb kryetari i bashkis\u00eb t\u00eb jap\u00eb llogari para qytetar\u00ebve?<\/p>\n<p>Sigurisht q\u00eb duhet, por kjo nuk b\u00ebhet. Nuk b\u00ebhet n\u00eb Shkod\u00ebr, por as n\u00eb gjith\u00eb Shqip\u00ebrin\u00eb. K\u00ebt\u00eb nuk e b\u00ebn as i madhi Sal Ram Berisha. Dhe s&#8217;kan\u00eb si ta b\u00ebjn\u00eb vart\u00ebsit.<\/p>\n<p>E nd\u00ebrkoh\u00eb q\u00eb ata merren me tender\u00ebt dhe me &#8220;demaskimin e armiqve&#8221;, papun\u00ebsia \u00ebsht\u00eb shum\u00eb e madhe dhe nuk ka shpres\u00eb. Shum\u00eb shkodran\u00eb kujtojn\u00eb epok\u00ebn e monizmit, ku funksiononin 100 e ca nd\u00ebrmarrje, tani t\u00eb rinjt\u00eb shull\u00ebhen pa nji grosh n\u00eb xhep pran\u00eb uj\u00ebrave t\u00eb Bun\u00ebs, Drinit, por jo pran\u00eb Liqenit se ai tani \u00ebsht\u00eb shum\u00eb i ndotur sa nuk mund t&#8217;i afrohesh pran\u00eb nga mbetjet q\u00eb hidhen.<\/p>\n<p>Meqen\u00ebse Kryetari yn\u00eb i bashkis\u00eb nuk gjendet, po ia b\u00ebjm\u00eb t\u00eb ditur n\u00eb shtyp e n\u00eb media, ndoshta k\u00ebto k\u00ebrkesa i shikon atje ku pushon, brenda apo jasht\u00eb shtetit.<\/p>\n","protected":false},"excerpt":{"rendered":"<p>Let\u00ebr e n\u00ebnshkruar Eqerem Kajo, Shkod\u00ebr &#8211; 28.10.2010 Jemi disa pensionist\u00eb t\u00eb lagjes &#8220;Partizani&#8221; Shkod\u00ebr q\u00eb jetojm\u00eb n\u00eb pallatet pran\u00eb tregut &#8220;Rus&#8221;. Kemi koh\u00eb q\u00eb e k\u00ebrkojm\u00eb Kryetarin e Bashkis\u00eb p\u00ebr t\u00eb biseduar p\u00ebr problemet q\u00eb kemi, por dhe p\u00ebr ta par\u00eb si \u00ebsht\u00eb me sh\u00ebndet. E kemi kryetar p\u00ebr kok\u00ebn e kryetarit, Shkodr\u00ebs i [&hellip;]<\/p>\n","protected":false},"author":1,"featured_media":0,"comment_status":"open","ping_status":"closed","sticky":false,"template":"","format":"standard","meta":{"footnotes":""},"categories":[2],"tags":[],"class_list":{"0":"post-4529","1":"post","2":"type-post","3":"status-publish","4":"format-standard","6":"category-artikuj"},"yoast_head":"<!-- This site is optimized with the Yoast SEO plugin v27.4 - https:\/\/yoast.com\/product\/yoast-seo-wordpress\/ -->\n<title>N\u00eb Shkod\u00ebr na ka humbur kryetari i Bashkis\u00eb... - FjALA e LIR\u00cb - Arkivi<\/title>\n<meta name=\"robots\" content=\"index, follow, max-snippet:-1, max-image-preview:large, max-video-preview:-1\" \/>\n<link rel=\"canonical\" href=\"https:\/\/fjala.info\/2009-2015\/ne-shkoder-na-ka-humbur-kryetari-i-bashkise\/\" \/>\n<meta property=\"og:locale\" content=\"sq_AL\" \/>\n<meta property=\"og:type\" content=\"article\" \/>\n<meta property=\"og:title\" content=\"N\u00eb Shkod\u00ebr na ka humbur kryetari i Bashkis\u00eb... - FjALA e LIR\u00cb - Arkivi\" \/>\n<meta property=\"og:description\" content=\"Let\u00ebr e n\u00ebnshkruar Eqerem Kajo, Shkod\u00ebr &#8211; 28.10.2010 Jemi disa pensionist\u00eb t\u00eb lagjes &#8220;Partizani&#8221; Shkod\u00ebr q\u00eb jetojm\u00eb n\u00eb pallatet pran\u00eb tregut &#8220;Rus&#8221;. Kemi koh\u00eb q\u00eb e k\u00ebrkojm\u00eb Kryetarin e Bashkis\u00eb p\u00ebr t\u00eb biseduar p\u00ebr problemet q\u00eb kemi, por dhe p\u00ebr ta par\u00eb si \u00ebsht\u00eb me sh\u00ebndet. E kemi kryetar p\u00ebr kok\u00ebn e kryetarit, Shkodr\u00ebs i [&hellip;]\" \/>\n<meta property=\"og:url\" content=\"https:\/\/fjala.info\/2009-2015\/ne-shkoder-na-ka-humbur-kryetari-i-bashkise\/\" \/>\n<meta property=\"og:site_name\" content=\"FjALA e LIR\u00cb - Arkivi\" \/>\n<meta property=\"article:published_time\" content=\"2010-10-29T20:42:06+00:00\" \/>\n<meta name=\"author\" content=\"admin\" \/>\n<meta name=\"twitter:card\" content=\"summary_large_image\" \/>\n<meta name=\"twitter:label1\" content=\"Written by\" \/>\n\t<meta name=\"twitter:data1\" content=\"admin\" \/>\n\t<meta name=\"twitter:label2\" content=\"Est. reading time\" \/>\n\t<meta name=\"twitter:data2\" content=\"4 minutes\" \/>\n<script type=\"application\/ld+json\" class=\"yoast-schema-graph\">{\"@context\":\"https:\\\/\\\/schema.org\",\"@graph\":[{\"@type\":\"Article\",\"@id\":\"https:\\\/\\\/fjala.info\\\/2009-2015\\\/ne-shkoder-na-ka-humbur-kryetari-i-bashkise\\\/#article\",\"isPartOf\":{\"@id\":\"https:\\\/\\\/fjala.info\\\/2009-2015\\\/ne-shkoder-na-ka-humbur-kryetari-i-bashkise\\\/\"},\"author\":{\"name\":\"admin\",\"@id\":\"https:\\\/\\\/fjala.info\\\/2009-2015\\\/#\\\/schema\\\/person\\\/3aa1163ef05469c496fc94e77611ada2\"},\"headline\":\"N\u00eb Shkod\u00ebr na ka humbur kryetari i Bashkis\u00eb&#8230;\",\"datePublished\":\"2010-10-29T20:42:06+00:00\",\"mainEntityOfPage\":{\"@id\":\"https:\\\/\\\/fjala.info\\\/2009-2015\\\/ne-shkoder-na-ka-humbur-kryetari-i-bashkise\\\/\"},\"wordCount\":717,\"commentCount\":0,\"publisher\":{\"@id\":\"https:\\\/\\\/fjala.info\\\/2009-2015\\\/#organization\"},\"articleSection\":[\"Artikuj\"],\"inLanguage\":\"sq-AL\",\"potentialAction\":[{\"@type\":\"CommentAction\",\"name\":\"Comment\",\"target\":[\"https:\\\/\\\/fjala.info\\\/2009-2015\\\/ne-shkoder-na-ka-humbur-kryetari-i-bashkise\\\/#respond\"]}]},{\"@type\":\"WebPage\",\"@id\":\"https:\\\/\\\/fjala.info\\\/2009-2015\\\/ne-shkoder-na-ka-humbur-kryetari-i-bashkise\\\/\",\"url\":\"https:\\\/\\\/fjala.info\\\/2009-2015\\\/ne-shkoder-na-ka-humbur-kryetari-i-bashkise\\\/\",\"name\":\"N\u00eb Shkod\u00ebr na ka humbur kryetari i Bashkis\u00eb... - FjALA e LIR\u00cb - Arkivi\",\"isPartOf\":{\"@id\":\"https:\\\/\\\/fjala.info\\\/2009-2015\\\/#website\"},\"datePublished\":\"2010-10-29T20:42:06+00:00\",\"breadcrumb\":{\"@id\":\"https:\\\/\\\/fjala.info\\\/2009-2015\\\/ne-shkoder-na-ka-humbur-kryetari-i-bashkise\\\/#breadcrumb\"},\"inLanguage\":\"sq-AL\",\"potentialAction\":[{\"@type\":\"ReadAction\",\"target\":[\"https:\\\/\\\/fjala.info\\\/2009-2015\\\/ne-shkoder-na-ka-humbur-kryetari-i-bashkise\\\/\"]}]},{\"@type\":\"BreadcrumbList\",\"@id\":\"https:\\\/\\\/fjala.info\\\/2009-2015\\\/ne-shkoder-na-ka-humbur-kryetari-i-bashkise\\\/#breadcrumb\",\"itemListElement\":[{\"@type\":\"ListItem\",\"position\":1,\"name\":\"Home\",\"item\":\"https:\\\/\\\/fjala.info\\\/2009-2015\\\/\"},{\"@type\":\"ListItem\",\"position\":2,\"name\":\"N\u00eb Shkod\u00ebr na ka humbur kryetari i Bashkis\u00eb&#8230;\"}]},{\"@type\":\"WebSite\",\"@id\":\"https:\\\/\\\/fjala.info\\\/2009-2015\\\/#website\",\"url\":\"https:\\\/\\\/fjala.info\\\/2009-2015\\\/\",\"name\":\"FjALA e LIR\u00cb - Arkivi\",\"description\":\"Arkivi 2009-2015\",\"publisher\":{\"@id\":\"https:\\\/\\\/fjala.info\\\/2009-2015\\\/#organization\"},\"potentialAction\":[{\"@type\":\"SearchAction\",\"target\":{\"@type\":\"EntryPoint\",\"urlTemplate\":\"https:\\\/\\\/fjala.info\\\/2009-2015\\\/?s={search_term_string}\"},\"query-input\":{\"@type\":\"PropertyValueSpecification\",\"valueRequired\":true,\"valueName\":\"search_term_string\"}}],\"inLanguage\":\"sq-AL\"},{\"@type\":\"Organization\",\"@id\":\"https:\\\/\\\/fjala.info\\\/2009-2015\\\/#organization\",\"name\":\"FjALA e LIR\u00cb - Arkivi\",\"url\":\"https:\\\/\\\/fjala.info\\\/2009-2015\\\/\",\"logo\":{\"@type\":\"ImageObject\",\"inLanguage\":\"sq-AL\",\"@id\":\"https:\\\/\\\/fjala.info\\\/2009-2015\\\/#\\\/schema\\\/logo\\\/image\\\/\",\"url\":\"\",\"contentUrl\":\"\",\"caption\":\"FjALA e LIR\u00cb - Arkivi\"},\"image\":{\"@id\":\"https:\\\/\\\/fjala.info\\\/2009-2015\\\/#\\\/schema\\\/logo\\\/image\\\/\"}},{\"@type\":\"Person\",\"@id\":\"https:\\\/\\\/fjala.info\\\/2009-2015\\\/#\\\/schema\\\/person\\\/3aa1163ef05469c496fc94e77611ada2\",\"name\":\"admin\",\"image\":{\"@type\":\"ImageObject\",\"inLanguage\":\"sq-AL\",\"@id\":\"https:\\\/\\\/fjala.info\\\/2009-2015\\\/wp-content\\\/uploads\\\/2012\\\/02\\\/arben_cokaj-120x150.jpg\",\"url\":\"https:\\\/\\\/fjala.info\\\/2009-2015\\\/wp-content\\\/uploads\\\/2012\\\/02\\\/arben_cokaj-120x150.jpg\",\"contentUrl\":\"https:\\\/\\\/fjala.info\\\/2009-2015\\\/wp-content\\\/uploads\\\/2012\\\/02\\\/arben_cokaj-120x150.jpg\",\"caption\":\"admin\"},\"description\":\"Admin, Fjala e Lir\u00eb\",\"sameAs\":[\"https:\\\/\\\/fjala.info\\\/\"],\"url\":\"https:\\\/\\\/fjala.info\\\/2009-2015\\\/author\\\/admin\\\/\"}]}<\/script>\n<!-- \/ Yoast SEO plugin. -->","yoast_head_json":{"title":"N\u00eb Shkod\u00ebr na ka humbur kryetari i Bashkis\u00eb... - FjALA e LIR\u00cb - Arkivi","robots":{"index":"index","follow":"follow","max-snippet":"max-snippet:-1","max-image-preview":"max-image-preview:large","max-video-preview":"max-video-preview:-1"},"canonical":"https:\/\/fjala.info\/2009-2015\/ne-shkoder-na-ka-humbur-kryetari-i-bashkise\/","og_locale":"sq_AL","og_type":"article","og_title":"N\u00eb Shkod\u00ebr na ka humbur kryetari i Bashkis\u00eb... - FjALA e LIR\u00cb - Arkivi","og_description":"Let\u00ebr e n\u00ebnshkruar Eqerem Kajo, Shkod\u00ebr &#8211; 28.10.2010 Jemi disa pensionist\u00eb t\u00eb lagjes &#8220;Partizani&#8221; Shkod\u00ebr q\u00eb jetojm\u00eb n\u00eb pallatet pran\u00eb tregut &#8220;Rus&#8221;. Kemi koh\u00eb q\u00eb e k\u00ebrkojm\u00eb Kryetarin e Bashkis\u00eb p\u00ebr t\u00eb biseduar p\u00ebr problemet q\u00eb kemi, por dhe p\u00ebr ta par\u00eb si \u00ebsht\u00eb me sh\u00ebndet. E kemi kryetar p\u00ebr kok\u00ebn e kryetarit, Shkodr\u00ebs i [&hellip;]","og_url":"https:\/\/fjala.info\/2009-2015\/ne-shkoder-na-ka-humbur-kryetari-i-bashkise\/","og_site_name":"FjALA e LIR\u00cb - Arkivi","article_published_time":"2010-10-29T20:42:06+00:00","author":"admin","twitter_card":"summary_large_image","twitter_misc":{"Written by":"admin","Est. reading time":"4 minutes"},"schema":{"@context":"https:\/\/schema.org","@graph":[{"@type":"Article","@id":"https:\/\/fjala.info\/2009-2015\/ne-shkoder-na-ka-humbur-kryetari-i-bashkise\/#article","isPartOf":{"@id":"https:\/\/fjala.info\/2009-2015\/ne-shkoder-na-ka-humbur-kryetari-i-bashkise\/"},"author":{"name":"admin","@id":"https:\/\/fjala.info\/2009-2015\/#\/schema\/person\/3aa1163ef05469c496fc94e77611ada2"},"headline":"N\u00eb Shkod\u00ebr na ka humbur kryetari i Bashkis\u00eb&#8230;","datePublished":"2010-10-29T20:42:06+00:00","mainEntityOfPage":{"@id":"https:\/\/fjala.info\/2009-2015\/ne-shkoder-na-ka-humbur-kryetari-i-bashkise\/"},"wordCount":717,"commentCount":0,"publisher":{"@id":"https:\/\/fjala.info\/2009-2015\/#organization"},"articleSection":["Artikuj"],"inLanguage":"sq-AL","potentialAction":[{"@type":"CommentAction","name":"Comment","target":["https:\/\/fjala.info\/2009-2015\/ne-shkoder-na-ka-humbur-kryetari-i-bashkise\/#respond"]}]},{"@type":"WebPage","@id":"https:\/\/fjala.info\/2009-2015\/ne-shkoder-na-ka-humbur-kryetari-i-bashkise\/","url":"https:\/\/fjala.info\/2009-2015\/ne-shkoder-na-ka-humbur-kryetari-i-bashkise\/","name":"N\u00eb Shkod\u00ebr na ka humbur kryetari i Bashkis\u00eb... - FjALA e LIR\u00cb - Arkivi","isPartOf":{"@id":"https:\/\/fjala.info\/2009-2015\/#website"},"datePublished":"2010-10-29T20:42:06+00:00","breadcrumb":{"@id":"https:\/\/fjala.info\/2009-2015\/ne-shkoder-na-ka-humbur-kryetari-i-bashkise\/#breadcrumb"},"inLanguage":"sq-AL","potentialAction":[{"@type":"ReadAction","target":["https:\/\/fjala.info\/2009-2015\/ne-shkoder-na-ka-humbur-kryetari-i-bashkise\/"]}]},{"@type":"BreadcrumbList","@id":"https:\/\/fjala.info\/2009-2015\/ne-shkoder-na-ka-humbur-kryetari-i-bashkise\/#breadcrumb","itemListElement":[{"@type":"ListItem","position":1,"name":"Home","item":"https:\/\/fjala.info\/2009-2015\/"},{"@type":"ListItem","position":2,"name":"N\u00eb Shkod\u00ebr na ka humbur kryetari i Bashkis\u00eb&#8230;"}]},{"@type":"WebSite","@id":"https:\/\/fjala.info\/2009-2015\/#website","url":"https:\/\/fjala.info\/2009-2015\/","name":"FjALA e LIR\u00cb - Arkivi","description":"Arkivi 2009-2015","publisher":{"@id":"https:\/\/fjala.info\/2009-2015\/#organization"},"potentialAction":[{"@type":"SearchAction","target":{"@type":"EntryPoint","urlTemplate":"https:\/\/fjala.info\/2009-2015\/?s={search_term_string}"},"query-input":{"@type":"PropertyValueSpecification","valueRequired":true,"valueName":"search_term_string"}}],"inLanguage":"sq-AL"},{"@type":"Organization","@id":"https:\/\/fjala.info\/2009-2015\/#organization","name":"FjALA e LIR\u00cb - Arkivi","url":"https:\/\/fjala.info\/2009-2015\/","logo":{"@type":"ImageObject","inLanguage":"sq-AL","@id":"https:\/\/fjala.info\/2009-2015\/#\/schema\/logo\/image\/","url":"","contentUrl":"","caption":"FjALA e LIR\u00cb - Arkivi"},"image":{"@id":"https:\/\/fjala.info\/2009-2015\/#\/schema\/logo\/image\/"}},{"@type":"Person","@id":"https:\/\/fjala.info\/2009-2015\/#\/schema\/person\/3aa1163ef05469c496fc94e77611ada2","name":"admin","image":{"@type":"ImageObject","inLanguage":"sq-AL","@id":"https:\/\/fjala.info\/2009-2015\/wp-content\/uploads\/2012\/02\/arben_cokaj-120x150.jpg","url":"https:\/\/fjala.info\/2009-2015\/wp-content\/uploads\/2012\/02\/arben_cokaj-120x150.jpg","contentUrl":"https:\/\/fjala.info\/2009-2015\/wp-content\/uploads\/2012\/02\/arben_cokaj-120x150.jpg","caption":"admin"},"description":"Admin, Fjala e Lir\u00eb","sameAs":["https:\/\/fjala.info\/"],"url":"https:\/\/fjala.info\/2009-2015\/author\/admin\/"}]}},"_links":{"self":[{"href":"https:\/\/fjala.info\/2009-2015\/wp-json\/wp\/v2\/posts\/4529","targetHints":{"allow":["GET"]}}],"collection":[{"href":"https:\/\/fjala.info\/2009-2015\/wp-json\/wp\/v2\/posts"}],"about":[{"href":"https:\/\/fjala.info\/2009-2015\/wp-json\/wp\/v2\/types\/post"}],"author":[{"embeddable":true,"href":"https:\/\/fjala.info\/2009-2015\/wp-json\/wp\/v2\/users\/1"}],"replies":[{"embeddable":true,"href":"https:\/\/fjala.info\/2009-2015\/wp-json\/wp\/v2\/comments?post=4529"}],"version-history":[{"count":0,"href":"https:\/\/fjala.info\/2009-2015\/wp-json\/wp\/v2\/posts\/4529\/revisions"}],"wp:attachment":[{"href":"https:\/\/fjala.info\/2009-2015\/wp-json\/wp\/v2\/media?parent=4529"}],"wp:term":[{"taxonomy":"category","embeddable":true,"href":"https:\/\/fjala.info\/2009-2015\/wp-json\/wp\/v2\/categories?post=4529"},{"taxonomy":"post_tag","embeddable":true,"href":"https:\/\/fjala.info\/2009-2015\/wp-json\/wp\/v2\/tags?post=4529"}],"curies":[{"name":"wp","href":"https:\/\/api.w.org\/{rel}","templated":true}]}}