{"id":4526,"date":"2010-10-29T21:40:04","date_gmt":"2010-10-29T20:40:04","guid":{"rendered":"http:\/\/fjala.shkoder.net\/?p=4526"},"modified":"2010-10-29T21:40:04","modified_gmt":"2010-10-29T20:40:04","slug":"fajon-kush-ka-merite-per-liberalizimin-e-vizave","status":"publish","type":"post","link":"https:\/\/fjala.info\/2009-2015\/fajon-kush-ka-merite-per-liberalizimin-e-vizave\/","title":{"rendered":"Fajon: Kush ka merit\u00eb p\u00ebr liberalizimin e vizave"},"content":{"rendered":"<p><img loading=\"lazy\" decoding=\"async\" class=\"alignright size-medium wp-image-4527\" title=\"Tanja Fajon dhe Sokol Balla\" src=\"http:\/\/fjala.shkoder.net\/wp-content\/uploads\/2010\/10\/tanja_fajon_sokol_balla-300x199.jpg\" alt=\"\" width=\"300\" height=\"199\" \/><\/p>\n<p><em>Marr\u00eb me shkurtime nga<\/em> \u201c<strong>Top Story<\/strong>\u201d, <em>29.10.2010<\/em><\/p>\n<p>Raportuesja p\u00ebr Shqip\u00ebrin\u00eb dhe Bosnj\u00ebn p\u00ebr \u00e7\u00ebshtjen e liberalizimit t\u00eb vizave n\u00eb Bashkimin Evropian, Tanja Fajon, ka shpjeguar dje procedur\u00ebn e ndjekur p\u00ebr liberalizimin, si dhe ka ndar\u00eb p\u00ebrgjegj\u00ebsit\u00eb konkrete, si t\u00eb mazhoranc\u00ebs, ashtu edhe t\u00eb opozit\u00ebs p\u00ebr k\u00ebt\u00eb proces.<\/p>\n<p>N\u00eb emisionin &#8220;Top Story&#8221; t\u00eb gazetarit Sokol Balla, Tanja Fajon \u00ebsht\u00eb shprehur se vendimi i liberalizimit t\u00eb vizave \u00ebsht\u00eb merit\u00eb e qytetar\u00ebve dhe \u00ebsht\u00eb dh\u00ebn\u00eb p\u00ebr qytetar\u00ebt, jo p\u00ebr politikan\u00ebt. Sipas saj, pas mesit t\u00eb dhjetorit, shqiptar\u00ebt do t\u00eb ken\u00eb mund\u00ebsin\u00eb t\u00eb l\u00ebvizin pa viza.<\/p>\n<p><strong>Zonja Fajon, ju p\u00ebrfaq\u00ebsoni t\u00eb majt\u00ebn n\u00eb vendin tuaj dhe gjithashtu n\u00eb Parlamentin Evropian, a ishte e v\u00ebshtir\u00eb n\u00eb rastin tuaj p\u00ebr t\u00eb lobuar p\u00ebr nj\u00eb qeveri t\u00eb qendr\u00ebs s\u00eb djatht\u00eb?<\/strong><\/p>\n<p>Un\u00eb nuk po loboja p\u00ebr nj\u00eb qeveri t\u00eb qendr\u00ebs s\u00eb djatht\u00eb dhe as p\u00ebr opozit\u00ebn, un\u00eb po e b\u00ebja p\u00ebr njer\u00ebzit dhe, t\u00eb them t\u00eb drejt\u00ebn, njer\u00ebzit n\u00eb Shqip\u00ebri m\u00eb kan\u00eb nxitur t\u00eb luftoj p\u00ebr ta dhe jo vet\u00ebm p\u00ebr njer\u00ebzit n\u00eb Shqip\u00ebri, por edhe ata n\u00eb vende t\u00eb tjera t\u00eb Ballkanit Per\u00ebndimor.<\/p>\n<p>P\u00ebr mua ishte e r\u00ebnd\u00ebsishme t\u00eb flisja me njer\u00ebzit dhe n\u00ebse jam e sinqert\u00eb kam marr\u00eb p\u00ebr rreth nj\u00eb vit nj\u00eb num\u00ebr shum\u00eb t\u00eb madh letrash dhe mesazhesh mb\u00ebshtetjeje dhe kjo q\u00eb nga njer\u00ebz t\u00eb rinj, gj\u00eb e cila qe shum\u00eb e r\u00ebnd\u00ebsishme p\u00ebr mua.<\/p>\n<p>Shpesh thosha se vij nga Sllovenia, e cila \u00ebsht\u00eb vet\u00ebm disa qindra km larg Shqip\u00ebris\u00eb dhe p\u00ebr gjenerat\u00ebn time po dhe m\u00eb t\u00eb rinj e sidomos p\u00ebr ata q\u00eb jan\u00eb m\u00eb t\u00eb rinj \u00ebsht\u00eb e v\u00ebshtir\u00eb t\u00eb kuptojn\u00eb, se ekzistojn\u00eb akoma t\u00eb rinj ose edhe njer\u00ebz n\u00eb p\u00ebrgjith\u00ebsi, t\u00eb cil\u00ebt nuk mund t\u00eb udh\u00ebtojn\u00eb jasht\u00eb shtetit. K\u00ebto rregulla q\u00eb kan\u00eb t\u00eb b\u00ebjn\u00eb me vizat, po na ndajn\u00eb nga miqt\u00eb e familjet tona, apo t\u00eb njohurit.<\/p>\n<p><strong>Ishte e v\u00ebshtir\u00eb, Tanja Fajon, t\u00eb kalonit rezolut\u00ebn n\u00eb Parlamentin Evropian?<\/strong><\/p>\n<p>Ishte e v\u00ebshtir\u00eb, dhe nganj\u00ebher\u00eb nuk \u00ebsht\u00eb e leht\u00eb t\u00eb kuptosh se sa e v\u00ebshtir\u00eb \u00ebsht\u00eb, sepse n\u00eb t\u00eb jan\u00eb t\u00eb p\u00ebrfshir\u00eb interesa t\u00eb ndrysh\u00ebm dhe shtete t\u00eb ndryshme, ti nuk je vet\u00ebm duke b\u00ebr\u00eb negociata me koleg\u00ebt e t&#8217;u t\u00eb Parlamentit Evropian, t\u00eb cil\u00ebt vijn\u00eb natyrisht nga 28 vendet an\u00ebtare dhe kan\u00eb interesa t\u00eb ndryshme, duhet p\u00ebr m\u00eb tep\u00ebr t\u00eb negociosh me Komisionin dhe m\u00eb pas me vendet an\u00ebtare. Tanim\u00eb me Traktatin e Lisbon\u00eb, Parlamenti Evropian u b\u00eb m\u00eb i fuqish\u00ebm, dhe ne jemi n\u00eb t\u00eb nj\u00ebjtin procedur\u00eb legjislative si vendet an\u00ebtare.<\/p>\n<p>K\u00ebshtu q\u00eb \u00e7far\u00eb ne themi n\u00eb Parlament duhet t\u00eb aprovohet nga vendet an\u00ebtare, \u00ebsht\u00eb nj\u00eb proces paralel. Tani nga fundi, ishte e r\u00ebnd\u00ebsishme t\u00eb tregoheshim shum\u00eb t\u00eb kujdessh\u00ebm, sepse \u00e7\u00ebshtja ishte shum\u00eb sensitive.<\/p>\n<p>\u00c7far\u00eb ne vendosnim n\u00eb Parlament p\u00ebr Shqip\u00ebrin\u00eb dhe Bosnj\u00ebn, vendet an\u00ebtare duhet t\u00eb aprovonin, sepse, n\u00ebse ne merrnim vendime t\u00eb kund\u00ebrta dhe mbanim pozicione t\u00eb ndryshme, kjo mund t\u00eb \u00e7onte n\u00eb falimentimin e t\u00eb gjith\u00eb procesit. Ishte dhe vazhdon t\u00eb jet\u00eb goxha e v\u00ebshtir\u00eb, sepse \u00e7do dit\u00eb del ndonj\u00eb gj\u00eb e re.<\/p>\n<p>Por, un\u00eb besoj se ne kemi arritur larg dhe nuk ka m\u00eb kthim mbrapa. Shqip\u00ebria i ka plot\u00ebsuar t\u00eb gjitha kushtet teknike, k\u00ebt\u00eb duhet t\u00eb kemi parasysh.<\/p>\n<p>Zonja Fajon, do t\u00eb doja tani n\u00eb k\u00ebt\u00eb pjes\u00eb t&#8217;ju b\u00ebja disa pyetje, t\u00eb themi pak m\u00eb politike dhe q\u00eb lidhen me situat\u00ebn brenda vendit. K\u00ebtu qeveria dhe kryeministri Berisha kan\u00eb akuzuar opozit\u00ebn dhe qeveritar\u00ebt e saj se kan\u00eb lobuar n\u00eb Bruksel dhe Strasburg kund\u00ebr liberalizimit t\u00eb vizave, ose, s\u00eb paku, t\u00eb themi, duke k\u00ebrkuar shtyrjen e afatit t\u00eb heqjes s\u00eb vizave, pas zgjedhjeve lokale t\u00eb 8 majit t\u00eb ardhsh\u00ebm.<\/p>\n<p><strong>A jeni kontaktuar ju, ndonj\u00eb nga parlamentar\u00ebt e tjer\u00eb, apo ndonj\u00eb zyrtar i Brukselit, direkt apo indirekt nga ndonj\u00eb lobist, n\u00eb em\u00ebr t\u00eb opozit\u00ebs shqiptare p\u00ebr ta b\u00ebr\u00eb nj\u00eb gj\u00eb t\u00eb till\u00eb pra; p\u00ebr t\u00eb stopuar liberalizimin e vizave apo p\u00ebr ta shtyre at\u00eb p\u00ebr pas 8 majit? <\/strong><\/p>\n<p>Nuk jam kontaktuar n\u00eb m\u00ebnyr\u00eb direkte apo v\u00ebn\u00eb n\u00ebn presion. Un\u00eb kam qen\u00eb duke b\u00ebr\u00eb pun\u00ebn time si reportere p\u00ebr sa i p\u00ebrket liberalizimit t\u00eb vizave. Nuk mund t\u00eb them se nuk kam pasur kontakt, kam pasur kontakt me t\u00eb gjitha pal\u00ebt e p\u00ebrfshira. Kisha kontakt me socialist\u00ebt shqiptar\u00eb, kisha kontakt me pal\u00ebn qeveris\u00ebse t\u00eb Shqip\u00ebris\u00eb, kisha takime t\u00eb shumta me ministrin e Brendsh\u00ebm, sepse ai ishte partneri me t\u00eb cilin un\u00eb diskutoja.<\/p>\n<p>Sigurisht p\u00ebrgjat\u00eb situat\u00ebs q\u00eb ju e dini, delikate dhe sensitive, t\u00eb para disa muajve, ne kishim kontakte&#8230; P\u00ebr ne ishte e r\u00ebnd\u00ebsishme t\u00eb shihnim se ekzistonte dialogu, q\u00eb t\u00eb dyja pal\u00ebt diskutojn\u00eb dhe se institucionet funksionojn\u00eb.<\/p>\n<p>E r\u00ebnd\u00ebsishme \u00ebsht\u00eb q\u00eb vendi t\u00eb jet\u00eb n\u00eb nj\u00eb gjendje t\u00eb stabilizuar, se \u00e7do gj\u00eb tjet\u00ebr mund t\u00eb kanos\u00eb procesin. K\u00ebshtu q\u00eb un\u00eb kisha shum\u00eb kontakte me shum\u00eb p\u00ebrfaq\u00ebsues t\u00eb qeveris\u00eb dhe opozit\u00ebs, por q\u00eb t\u00eb kisha nj\u00eb presion direkt? Jo, nuk e kisha. Un\u00eb po punoja n\u00eb interes t\u00eb njer\u00ebzve, dhe n\u00ebse do t\u00eb kisha pasur presion nuk do ta kisha pasur problem. Nuk do ta merrja seriozisht, sepse un\u00eb po punoja me faktet, me shkresat, me ato q\u00eb pash\u00eb kur kam vizituar Shqip\u00ebrin\u00eb, dhe p\u00ebr t\u00eb mir\u00ebn e njer\u00ebzve si\u00e7 e thash\u00eb.<\/p>\n<p><strong>Pra, q\u00eb ta kuptojm\u00eb mir\u00eb, ju nuk keni pasur asnj\u00eb lloj k\u00ebrkese, nga p\u00ebrfaq\u00ebsues t\u00eb opozit\u00ebs shqiptare p\u00ebr ta shtyr\u00eb procesin e liberalizimit apo p\u00ebr ta penguar at\u00eb? Dhe, n\u00ebse kjo \u00ebsht\u00eb p\u00ebrgjigja p\u00ebr ju, a keni dijeni q\u00eb kjo mund t\u00eb ket\u00eb ngjar\u00eb me an\u00ebtar\u00eb t\u00eb tjer\u00eb t\u00eb Parlamentit? <\/strong><\/p>\n<p>P\u00ebr t\u00eb qen\u00eb tep\u00ebr e qart\u00eb: Si an\u00ebtare e Parlamentit Evropian, un\u00eb do t\u00eb isha v\u00ebrtet e zhg\u00ebnjyer, n\u00ebse do t\u00eb kisha pasur nj\u00eb presion t\u00eb till\u00eb direkt. Besoj se nuk \u00ebsht\u00eb di\u00e7ka, t\u00eb cil\u00ebn ne do ta duronim n\u00eb Parlamentin Evropian, do t\u00eb ishte tep\u00ebr kund\u00ebr-produktive. Un\u00eb nuk kam pasur asnj\u00eb lloj presioni apo lobingu \u00e7far\u00ebdo, nuk ka arritur tek un\u00eb.<\/p>\n<p>Un\u00eb nuk jam an\u00ebtare e komitetit t\u00eb Pun\u00ebve t\u00eb Jashtme, k\u00ebshtu q\u00eb nuk isha e p\u00ebrfshir\u00eb n\u00eb ndonj\u00eb shantazh direkt me ndonj\u00eb politikan nga Shqip\u00ebria, un\u00eb jam an\u00ebtare e Pun\u00ebve t\u00eb Brendshme dhe Drejt\u00ebsis\u00eb, kjo \u00ebsht\u00eb nj\u00eb fush\u00eb e ndryshme. Un\u00eb po konsideroja faktet dhe kriteret, dhe n\u00ebse Shqip\u00ebria i p\u00ebrmbushte ato.<\/p>\n<p>Duke qen\u00eb se jam pjes\u00eb e grupit Socialist n\u00eb Parlamentin Evropian, \u00ebsht\u00eb normale q\u00eb kam pasur kontakte me socialist\u00ebt shqiptar\u00eb, sepse ata jan\u00eb pjes\u00eb e familjes son\u00eb Evropiane dhe kemi folur edhe p\u00ebr shum\u00eb \u00e7\u00ebshtje t\u00eb tjera, por un\u00eb sinqerisht kam pasur m\u00eb shum\u00eb kontakt me pjes\u00ebn qeveris\u00ebse, sepse ata m\u00eb \u00e7onin mua informacionet dhe n\u00ebse do t\u00eb flisja p\u00ebr koleg\u00ebt e mi, si\u00e7 me pyet\u00ebt, nuk e di se \u00e7far\u00eb kontaktesh ata kan\u00eb pasur!<\/p>\n<p><strong>E b\u00ebj k\u00ebt\u00eb pyetje, sepse pak dit\u00eb m\u00eb par\u00eb &#8211; dhe k\u00ebtu po citoj kryeministrin, ai tha se &#8220;deputet\u00ebt socialist\u00eb iu kan\u00eb shkruar eurodeputet\u00ebve, q\u00eb, s\u00eb paku, ta shtyjn\u00eb procesin e liberalizimit t\u00eb vizave, deri pas 8 majit&#8221;, prandaj po jua b\u00ebj k\u00ebt\u00eb pyetje&#8230;<br \/>\nSi\u00e7 e shihni, vendimi \u00ebsht\u00eb k\u00ebtu, k\u00ebshtu q\u00eb \u00e7far\u00eb mund t\u00eb thuhet? <\/strong><\/p>\n<p>Ne nuk e shtym\u00eb, ishte vota, p\u00ebr t\u00eb cil\u00ebn un\u00eb u p\u00ebrpoqa shum\u00eb, dhe \u00e7do gj\u00eb tjet\u00ebr do t\u00eb ishte thjesht loj\u00eb fjal\u00ebsh, vota erdhi k\u00ebtu dhe un\u00eb jam shum\u00eb e k\u00ebnaqur q\u00eb ne e arrit\u00ebm k\u00ebt\u00eb.<\/p>\n<p>Si\u00e7 e thash\u00eb dhe m\u00eb par\u00eb, un\u00eb po mendoja vet\u00ebm n\u00eb interes t\u00eb njer\u00ebzve, nuk dua t\u00eb p\u00ebrfshihem me nj\u00ebr\u00ebn apo tjetr\u00ebn pal\u00eb apo politik\u00ebn n\u00eb Shqip\u00ebri, kjo \u00ebsht\u00eb nj\u00eb \u00e7\u00ebshtje e brendshme, un\u00eb jam nj\u00eb politikane Evropiane, dhe si e till\u00eb sillem.<\/p>\n<p><strong>P\u00ebr fat t\u00eb keq, nuk po ndodh k\u00ebshtu, s\u00eb paku n\u00eb k\u00ebt\u00eb rast. Pasi ka nj\u00eb p\u00ebrplasje edhe p\u00ebr \u00e7\u00ebshtjen e liberalizimit t\u00eb vizave p\u00ebr fat t\u00eb keq, qeveria k\u00ebtu po pretendon se ka merit\u00ebn dhe kreditin e plot\u00eb p\u00ebr k\u00ebt\u00eb arritje t\u00eb jasht\u00ebzakonshme n\u00eb jet\u00ebn e p\u00ebrditshme t\u00eb shqiptar\u00ebve. Nd\u00ebrkoh\u00eb q\u00eb opozita gjithashtu k\u00ebrkon pjes\u00ebn e saj t\u00eb kreditit, duke atakuar p\u00ebr k\u00ebt\u00eb qeverin\u00eb.<\/strong><\/p>\n<p>Mendoj se nuk \u00ebsht\u00eb e drejt\u00eb q\u00eb t\u00eb marr\u00ebsh p\u00ebrsip\u00ebr arritjet, t&#8217;i marr\u00ebsh p\u00ebrsip\u00ebr n\u00eb kuptimin se e b\u00ebr\u00eb ti, apo ana tjet\u00ebr ishte ajo q\u00eb e arriti, mendoj se ishte nj\u00eb arritje e p\u00ebrbashk\u00ebt, dhe nuk \u00ebsht\u00eb mir\u00eb t\u00eb p\u00ebrdoret p\u00ebr t\u00eb arritur di\u00e7ka nga pik\u00ebpamja politike apo si nj\u00eb &#8220;bilet\u00eb&#8221; p\u00ebr t\u00eb marr\u00eb m\u00eb shum\u00eb fuqi politike apo pik\u00eb p\u00ebr at\u00eb arsye.<\/p>\n<p>Ishte nj\u00eb vendim shum\u00eb i r\u00ebnd\u00ebsish\u00ebm p\u00ebr njer\u00ebzit e Shqip\u00ebris\u00eb, dhe \u00e7do njeri, i cili ishte i p\u00ebrfshir\u00eb, se sa i p\u00ebrfshir\u00eb secili e di vet\u00eb, duhet t\u00eb ndihet krenar dhe i k\u00ebnaqur q\u00eb u arrit. Un\u00eb do t\u00eb ndjehesha shum\u00eb e zhg\u00ebnjyer t\u00eb shihja se nj\u00ebra apo tjetra pal\u00eb k\u00ebrkon t\u00eb jet\u00eb ajo, t\u00eb cil\u00ebn njer\u00ebzit duhet t\u00eb fal\u00ebnderojn\u00eb.<\/p>\n<p>Kjo nuk \u00ebsht\u00eb e drejt\u00eb, un\u00eb do t\u00eb sugjeroja dhe do t\u00eb b\u00ebja nj\u00eb apel q\u00eb ky \u00ebsht\u00eb nj\u00eb proces, nga i cili politikan\u00ebt s&#8217;duhet t\u00eb marrin pik\u00eb apo t\u00eb kritikojn\u00eb nj\u00ebri-tjetrin, por duhet t\u00eb nxjerrin nj\u00eb m\u00ebsim nga kjo gj\u00eb. Nuk ishte nj\u00eb vendim p\u00ebr njer\u00ebzit e pasur apo biznesmen\u00ebt, por p\u00ebr njer\u00ebzit e thjesht\u00eb, qytetar\u00ebt.<\/p>\n<p><strong>Nj\u00eb pyetje, jo m\u00eb, n\u00ebse, por, me kur&#8230; Kur mund t\u00eb presim q\u00eb ne t\u00eb udh\u00ebtojm\u00eb pra, me pasaportat biometrike, k\u00ebt\u00eb duhet ta theksojm\u00eb, pa viza drejt Komunitetit Evropian.<br \/>\n<\/strong><\/p>\n<p>B\u00ebt\u00eb mir\u00eb q\u00eb p\u00ebrmend\u00ebt pasaportat biometrike, sepse ky \u00ebsht\u00eb nj\u00eb detaj i r\u00ebnd\u00ebsish\u00ebm dhe un\u00eb mendoj se njer\u00ebzit e din\u00eb k\u00ebt\u00eb.<\/p>\n<p>Un\u00eb mendoj q\u00eb mesi i dhjetorit do t\u00eb jet\u00eb ajo dit\u00eb, sepse, n\u00ebse do t\u00eb merret nj\u00eb vendim n\u00eb 8 n\u00ebntor n\u00eb K\u00ebshill dhe do t\u00eb duhen rreth 4-5 jav\u00eb dhe publikimi n\u00eb ditarin zyrtar, kur kjo t\u00eb ndodh\u00eb, dit\u00ebn tjet\u00ebr liberalizimi i vizave do t\u00eb jet\u00eb k\u00ebtu, un\u00eb mendoj&#8230;<\/p>\n","protected":false},"excerpt":{"rendered":"<p>Marr\u00eb me shkurtime nga \u201cTop Story\u201d, 29.10.2010 Raportuesja p\u00ebr Shqip\u00ebrin\u00eb dhe Bosnj\u00ebn p\u00ebr \u00e7\u00ebshtjen e liberalizimit t\u00eb vizave n\u00eb Bashkimin Evropian, Tanja Fajon, ka shpjeguar dje procedur\u00ebn e ndjekur p\u00ebr liberalizimin, si dhe ka ndar\u00eb p\u00ebrgjegj\u00ebsit\u00eb konkrete, si t\u00eb mazhoranc\u00ebs, ashtu edhe t\u00eb opozit\u00ebs p\u00ebr k\u00ebt\u00eb proces. N\u00eb emisionin &#8220;Top Story&#8221; t\u00eb gazetarit Sokol Balla, [&hellip;]<\/p>\n","protected":false},"author":1,"featured_media":0,"comment_status":"open","ping_status":"closed","sticky":false,"template":"","format":"standard","meta":{"footnotes":""},"categories":[2,4],"tags":[],"class_list":{"0":"post-4526","1":"post","2":"type-post","3":"status-publish","4":"format-standard","6":"category-artikuj","7":"category-intervista"},"yoast_head":"<!-- This site is optimized with the Yoast SEO plugin v27.4 - https:\/\/yoast.com\/product\/yoast-seo-wordpress\/ -->\n<title>Fajon: Kush ka merit\u00eb p\u00ebr liberalizimin e vizave - FjALA e LIR\u00cb - Arkivi<\/title>\n<meta name=\"robots\" content=\"index, follow, max-snippet:-1, max-image-preview:large, max-video-preview:-1\" \/>\n<link rel=\"canonical\" href=\"https:\/\/fjala.info\/2009-2015\/fajon-kush-ka-merite-per-liberalizimin-e-vizave\/\" \/>\n<meta property=\"og:locale\" content=\"sq_AL\" \/>\n<meta property=\"og:type\" content=\"article\" \/>\n<meta property=\"og:title\" content=\"Fajon: Kush ka merit\u00eb p\u00ebr liberalizimin e vizave - FjALA e LIR\u00cb - Arkivi\" \/>\n<meta property=\"og:description\" content=\"Marr\u00eb me shkurtime nga \u201cTop Story\u201d, 29.10.2010 Raportuesja p\u00ebr Shqip\u00ebrin\u00eb dhe Bosnj\u00ebn p\u00ebr \u00e7\u00ebshtjen e liberalizimit t\u00eb vizave n\u00eb Bashkimin Evropian, Tanja Fajon, ka shpjeguar dje procedur\u00ebn e ndjekur p\u00ebr liberalizimin, si dhe ka ndar\u00eb p\u00ebrgjegj\u00ebsit\u00eb konkrete, si t\u00eb mazhoranc\u00ebs, ashtu edhe t\u00eb opozit\u00ebs p\u00ebr k\u00ebt\u00eb proces. N\u00eb emisionin &#8220;Top Story&#8221; t\u00eb gazetarit Sokol Balla, [&hellip;]\" \/>\n<meta property=\"og:url\" content=\"https:\/\/fjala.info\/2009-2015\/fajon-kush-ka-merite-per-liberalizimin-e-vizave\/\" \/>\n<meta property=\"og:site_name\" content=\"FjALA e LIR\u00cb - Arkivi\" \/>\n<meta property=\"article:published_time\" content=\"2010-10-29T20:40:04+00:00\" \/>\n<meta property=\"og:image\" content=\"http:\/\/fjala.shkoder.net\/wp-content\/uploads\/2010\/10\/tanja_fajon_sokol_balla-300x199.jpg\" \/>\n<meta name=\"author\" content=\"admin\" \/>\n<meta name=\"twitter:card\" content=\"summary_large_image\" \/>\n<meta name=\"twitter:label1\" content=\"Written by\" \/>\n\t<meta name=\"twitter:data1\" content=\"admin\" \/>\n\t<meta name=\"twitter:label2\" content=\"Est. reading time\" \/>\n\t<meta name=\"twitter:data2\" content=\"9 minutes\" \/>\n<script type=\"application\/ld+json\" class=\"yoast-schema-graph\">{\"@context\":\"https:\\\/\\\/schema.org\",\"@graph\":[{\"@type\":\"Article\",\"@id\":\"https:\\\/\\\/fjala.info\\\/2009-2015\\\/fajon-kush-ka-merite-per-liberalizimin-e-vizave\\\/#article\",\"isPartOf\":{\"@id\":\"https:\\\/\\\/fjala.info\\\/2009-2015\\\/fajon-kush-ka-merite-per-liberalizimin-e-vizave\\\/\"},\"author\":{\"name\":\"admin\",\"@id\":\"https:\\\/\\\/fjala.info\\\/2009-2015\\\/#\\\/schema\\\/person\\\/3aa1163ef05469c496fc94e77611ada2\"},\"headline\":\"Fajon: Kush ka merit\u00eb p\u00ebr liberalizimin e vizave\",\"datePublished\":\"2010-10-29T20:40:04+00:00\",\"mainEntityOfPage\":{\"@id\":\"https:\\\/\\\/fjala.info\\\/2009-2015\\\/fajon-kush-ka-merite-per-liberalizimin-e-vizave\\\/\"},\"wordCount\":1856,\"commentCount\":0,\"publisher\":{\"@id\":\"https:\\\/\\\/fjala.info\\\/2009-2015\\\/#organization\"},\"image\":{\"@id\":\"https:\\\/\\\/fjala.info\\\/2009-2015\\\/fajon-kush-ka-merite-per-liberalizimin-e-vizave\\\/#primaryimage\"},\"thumbnailUrl\":\"http:\\\/\\\/fjala.shkoder.net\\\/wp-content\\\/uploads\\\/2010\\\/10\\\/tanja_fajon_sokol_balla-300x199.jpg\",\"articleSection\":[\"Artikuj\",\"Intervista\"],\"inLanguage\":\"sq-AL\",\"potentialAction\":[{\"@type\":\"CommentAction\",\"name\":\"Comment\",\"target\":[\"https:\\\/\\\/fjala.info\\\/2009-2015\\\/fajon-kush-ka-merite-per-liberalizimin-e-vizave\\\/#respond\"]}]},{\"@type\":\"WebPage\",\"@id\":\"https:\\\/\\\/fjala.info\\\/2009-2015\\\/fajon-kush-ka-merite-per-liberalizimin-e-vizave\\\/\",\"url\":\"https:\\\/\\\/fjala.info\\\/2009-2015\\\/fajon-kush-ka-merite-per-liberalizimin-e-vizave\\\/\",\"name\":\"Fajon: Kush ka merit\u00eb p\u00ebr liberalizimin e vizave - FjALA e LIR\u00cb - Arkivi\",\"isPartOf\":{\"@id\":\"https:\\\/\\\/fjala.info\\\/2009-2015\\\/#website\"},\"primaryImageOfPage\":{\"@id\":\"https:\\\/\\\/fjala.info\\\/2009-2015\\\/fajon-kush-ka-merite-per-liberalizimin-e-vizave\\\/#primaryimage\"},\"image\":{\"@id\":\"https:\\\/\\\/fjala.info\\\/2009-2015\\\/fajon-kush-ka-merite-per-liberalizimin-e-vizave\\\/#primaryimage\"},\"thumbnailUrl\":\"http:\\\/\\\/fjala.shkoder.net\\\/wp-content\\\/uploads\\\/2010\\\/10\\\/tanja_fajon_sokol_balla-300x199.jpg\",\"datePublished\":\"2010-10-29T20:40:04+00:00\",\"breadcrumb\":{\"@id\":\"https:\\\/\\\/fjala.info\\\/2009-2015\\\/fajon-kush-ka-merite-per-liberalizimin-e-vizave\\\/#breadcrumb\"},\"inLanguage\":\"sq-AL\",\"potentialAction\":[{\"@type\":\"ReadAction\",\"target\":[\"https:\\\/\\\/fjala.info\\\/2009-2015\\\/fajon-kush-ka-merite-per-liberalizimin-e-vizave\\\/\"]}]},{\"@type\":\"ImageObject\",\"inLanguage\":\"sq-AL\",\"@id\":\"https:\\\/\\\/fjala.info\\\/2009-2015\\\/fajon-kush-ka-merite-per-liberalizimin-e-vizave\\\/#primaryimage\",\"url\":\"http:\\\/\\\/fjala.shkoder.net\\\/wp-content\\\/uploads\\\/2010\\\/10\\\/tanja_fajon_sokol_balla-300x199.jpg\",\"contentUrl\":\"http:\\\/\\\/fjala.shkoder.net\\\/wp-content\\\/uploads\\\/2010\\\/10\\\/tanja_fajon_sokol_balla-300x199.jpg\"},{\"@type\":\"BreadcrumbList\",\"@id\":\"https:\\\/\\\/fjala.info\\\/2009-2015\\\/fajon-kush-ka-merite-per-liberalizimin-e-vizave\\\/#breadcrumb\",\"itemListElement\":[{\"@type\":\"ListItem\",\"position\":1,\"name\":\"Home\",\"item\":\"https:\\\/\\\/fjala.info\\\/2009-2015\\\/\"},{\"@type\":\"ListItem\",\"position\":2,\"name\":\"Fajon: Kush ka merit\u00eb p\u00ebr liberalizimin e vizave\"}]},{\"@type\":\"WebSite\",\"@id\":\"https:\\\/\\\/fjala.info\\\/2009-2015\\\/#website\",\"url\":\"https:\\\/\\\/fjala.info\\\/2009-2015\\\/\",\"name\":\"FjALA e LIR\u00cb - Arkivi\",\"description\":\"Arkivi 2009-2015\",\"publisher\":{\"@id\":\"https:\\\/\\\/fjala.info\\\/2009-2015\\\/#organization\"},\"potentialAction\":[{\"@type\":\"SearchAction\",\"target\":{\"@type\":\"EntryPoint\",\"urlTemplate\":\"https:\\\/\\\/fjala.info\\\/2009-2015\\\/?s={search_term_string}\"},\"query-input\":{\"@type\":\"PropertyValueSpecification\",\"valueRequired\":true,\"valueName\":\"search_term_string\"}}],\"inLanguage\":\"sq-AL\"},{\"@type\":\"Organization\",\"@id\":\"https:\\\/\\\/fjala.info\\\/2009-2015\\\/#organization\",\"name\":\"FjALA e LIR\u00cb - Arkivi\",\"url\":\"https:\\\/\\\/fjala.info\\\/2009-2015\\\/\",\"logo\":{\"@type\":\"ImageObject\",\"inLanguage\":\"sq-AL\",\"@id\":\"https:\\\/\\\/fjala.info\\\/2009-2015\\\/#\\\/schema\\\/logo\\\/image\\\/\",\"url\":\"\",\"contentUrl\":\"\",\"caption\":\"FjALA e LIR\u00cb - Arkivi\"},\"image\":{\"@id\":\"https:\\\/\\\/fjala.info\\\/2009-2015\\\/#\\\/schema\\\/logo\\\/image\\\/\"}},{\"@type\":\"Person\",\"@id\":\"https:\\\/\\\/fjala.info\\\/2009-2015\\\/#\\\/schema\\\/person\\\/3aa1163ef05469c496fc94e77611ada2\",\"name\":\"admin\",\"image\":{\"@type\":\"ImageObject\",\"inLanguage\":\"sq-AL\",\"@id\":\"https:\\\/\\\/fjala.info\\\/2009-2015\\\/wp-content\\\/uploads\\\/2012\\\/02\\\/arben_cokaj-120x150.jpg\",\"url\":\"https:\\\/\\\/fjala.info\\\/2009-2015\\\/wp-content\\\/uploads\\\/2012\\\/02\\\/arben_cokaj-120x150.jpg\",\"contentUrl\":\"https:\\\/\\\/fjala.info\\\/2009-2015\\\/wp-content\\\/uploads\\\/2012\\\/02\\\/arben_cokaj-120x150.jpg\",\"caption\":\"admin\"},\"description\":\"Admin, Fjala e Lir\u00eb\",\"sameAs\":[\"https:\\\/\\\/fjala.info\\\/\"],\"url\":\"https:\\\/\\\/fjala.info\\\/2009-2015\\\/author\\\/admin\\\/\"}]}<\/script>\n<!-- \/ Yoast SEO plugin. -->","yoast_head_json":{"title":"Fajon: Kush ka merit\u00eb p\u00ebr liberalizimin e vizave - FjALA e LIR\u00cb - Arkivi","robots":{"index":"index","follow":"follow","max-snippet":"max-snippet:-1","max-image-preview":"max-image-preview:large","max-video-preview":"max-video-preview:-1"},"canonical":"https:\/\/fjala.info\/2009-2015\/fajon-kush-ka-merite-per-liberalizimin-e-vizave\/","og_locale":"sq_AL","og_type":"article","og_title":"Fajon: Kush ka merit\u00eb p\u00ebr liberalizimin e vizave - FjALA e LIR\u00cb - Arkivi","og_description":"Marr\u00eb me shkurtime nga \u201cTop Story\u201d, 29.10.2010 Raportuesja p\u00ebr Shqip\u00ebrin\u00eb dhe Bosnj\u00ebn p\u00ebr \u00e7\u00ebshtjen e liberalizimit t\u00eb vizave n\u00eb Bashkimin Evropian, Tanja Fajon, ka shpjeguar dje procedur\u00ebn e ndjekur p\u00ebr liberalizimin, si dhe ka ndar\u00eb p\u00ebrgjegj\u00ebsit\u00eb konkrete, si t\u00eb mazhoranc\u00ebs, ashtu edhe t\u00eb opozit\u00ebs p\u00ebr k\u00ebt\u00eb proces. N\u00eb emisionin &#8220;Top Story&#8221; t\u00eb gazetarit Sokol Balla, [&hellip;]","og_url":"https:\/\/fjala.info\/2009-2015\/fajon-kush-ka-merite-per-liberalizimin-e-vizave\/","og_site_name":"FjALA e LIR\u00cb - Arkivi","article_published_time":"2010-10-29T20:40:04+00:00","og_image":[{"url":"http:\/\/fjala.shkoder.net\/wp-content\/uploads\/2010\/10\/tanja_fajon_sokol_balla-300x199.jpg","type":"","width":"","height":""}],"author":"admin","twitter_card":"summary_large_image","twitter_misc":{"Written by":"admin","Est. reading time":"9 minutes"},"schema":{"@context":"https:\/\/schema.org","@graph":[{"@type":"Article","@id":"https:\/\/fjala.info\/2009-2015\/fajon-kush-ka-merite-per-liberalizimin-e-vizave\/#article","isPartOf":{"@id":"https:\/\/fjala.info\/2009-2015\/fajon-kush-ka-merite-per-liberalizimin-e-vizave\/"},"author":{"name":"admin","@id":"https:\/\/fjala.info\/2009-2015\/#\/schema\/person\/3aa1163ef05469c496fc94e77611ada2"},"headline":"Fajon: Kush ka merit\u00eb p\u00ebr liberalizimin e vizave","datePublished":"2010-10-29T20:40:04+00:00","mainEntityOfPage":{"@id":"https:\/\/fjala.info\/2009-2015\/fajon-kush-ka-merite-per-liberalizimin-e-vizave\/"},"wordCount":1856,"commentCount":0,"publisher":{"@id":"https:\/\/fjala.info\/2009-2015\/#organization"},"image":{"@id":"https:\/\/fjala.info\/2009-2015\/fajon-kush-ka-merite-per-liberalizimin-e-vizave\/#primaryimage"},"thumbnailUrl":"http:\/\/fjala.shkoder.net\/wp-content\/uploads\/2010\/10\/tanja_fajon_sokol_balla-300x199.jpg","articleSection":["Artikuj","Intervista"],"inLanguage":"sq-AL","potentialAction":[{"@type":"CommentAction","name":"Comment","target":["https:\/\/fjala.info\/2009-2015\/fajon-kush-ka-merite-per-liberalizimin-e-vizave\/#respond"]}]},{"@type":"WebPage","@id":"https:\/\/fjala.info\/2009-2015\/fajon-kush-ka-merite-per-liberalizimin-e-vizave\/","url":"https:\/\/fjala.info\/2009-2015\/fajon-kush-ka-merite-per-liberalizimin-e-vizave\/","name":"Fajon: Kush ka merit\u00eb p\u00ebr liberalizimin e vizave - FjALA e LIR\u00cb - Arkivi","isPartOf":{"@id":"https:\/\/fjala.info\/2009-2015\/#website"},"primaryImageOfPage":{"@id":"https:\/\/fjala.info\/2009-2015\/fajon-kush-ka-merite-per-liberalizimin-e-vizave\/#primaryimage"},"image":{"@id":"https:\/\/fjala.info\/2009-2015\/fajon-kush-ka-merite-per-liberalizimin-e-vizave\/#primaryimage"},"thumbnailUrl":"http:\/\/fjala.shkoder.net\/wp-content\/uploads\/2010\/10\/tanja_fajon_sokol_balla-300x199.jpg","datePublished":"2010-10-29T20:40:04+00:00","breadcrumb":{"@id":"https:\/\/fjala.info\/2009-2015\/fajon-kush-ka-merite-per-liberalizimin-e-vizave\/#breadcrumb"},"inLanguage":"sq-AL","potentialAction":[{"@type":"ReadAction","target":["https:\/\/fjala.info\/2009-2015\/fajon-kush-ka-merite-per-liberalizimin-e-vizave\/"]}]},{"@type":"ImageObject","inLanguage":"sq-AL","@id":"https:\/\/fjala.info\/2009-2015\/fajon-kush-ka-merite-per-liberalizimin-e-vizave\/#primaryimage","url":"http:\/\/fjala.shkoder.net\/wp-content\/uploads\/2010\/10\/tanja_fajon_sokol_balla-300x199.jpg","contentUrl":"http:\/\/fjala.shkoder.net\/wp-content\/uploads\/2010\/10\/tanja_fajon_sokol_balla-300x199.jpg"},{"@type":"BreadcrumbList","@id":"https:\/\/fjala.info\/2009-2015\/fajon-kush-ka-merite-per-liberalizimin-e-vizave\/#breadcrumb","itemListElement":[{"@type":"ListItem","position":1,"name":"Home","item":"https:\/\/fjala.info\/2009-2015\/"},{"@type":"ListItem","position":2,"name":"Fajon: Kush ka merit\u00eb p\u00ebr liberalizimin e vizave"}]},{"@type":"WebSite","@id":"https:\/\/fjala.info\/2009-2015\/#website","url":"https:\/\/fjala.info\/2009-2015\/","name":"FjALA e LIR\u00cb - Arkivi","description":"Arkivi 2009-2015","publisher":{"@id":"https:\/\/fjala.info\/2009-2015\/#organization"},"potentialAction":[{"@type":"SearchAction","target":{"@type":"EntryPoint","urlTemplate":"https:\/\/fjala.info\/2009-2015\/?s={search_term_string}"},"query-input":{"@type":"PropertyValueSpecification","valueRequired":true,"valueName":"search_term_string"}}],"inLanguage":"sq-AL"},{"@type":"Organization","@id":"https:\/\/fjala.info\/2009-2015\/#organization","name":"FjALA e LIR\u00cb - Arkivi","url":"https:\/\/fjala.info\/2009-2015\/","logo":{"@type":"ImageObject","inLanguage":"sq-AL","@id":"https:\/\/fjala.info\/2009-2015\/#\/schema\/logo\/image\/","url":"","contentUrl":"","caption":"FjALA e LIR\u00cb - Arkivi"},"image":{"@id":"https:\/\/fjala.info\/2009-2015\/#\/schema\/logo\/image\/"}},{"@type":"Person","@id":"https:\/\/fjala.info\/2009-2015\/#\/schema\/person\/3aa1163ef05469c496fc94e77611ada2","name":"admin","image":{"@type":"ImageObject","inLanguage":"sq-AL","@id":"https:\/\/fjala.info\/2009-2015\/wp-content\/uploads\/2012\/02\/arben_cokaj-120x150.jpg","url":"https:\/\/fjala.info\/2009-2015\/wp-content\/uploads\/2012\/02\/arben_cokaj-120x150.jpg","contentUrl":"https:\/\/fjala.info\/2009-2015\/wp-content\/uploads\/2012\/02\/arben_cokaj-120x150.jpg","caption":"admin"},"description":"Admin, Fjala e Lir\u00eb","sameAs":["https:\/\/fjala.info\/"],"url":"https:\/\/fjala.info\/2009-2015\/author\/admin\/"}]}},"_links":{"self":[{"href":"https:\/\/fjala.info\/2009-2015\/wp-json\/wp\/v2\/posts\/4526","targetHints":{"allow":["GET"]}}],"collection":[{"href":"https:\/\/fjala.info\/2009-2015\/wp-json\/wp\/v2\/posts"}],"about":[{"href":"https:\/\/fjala.info\/2009-2015\/wp-json\/wp\/v2\/types\/post"}],"author":[{"embeddable":true,"href":"https:\/\/fjala.info\/2009-2015\/wp-json\/wp\/v2\/users\/1"}],"replies":[{"embeddable":true,"href":"https:\/\/fjala.info\/2009-2015\/wp-json\/wp\/v2\/comments?post=4526"}],"version-history":[{"count":0,"href":"https:\/\/fjala.info\/2009-2015\/wp-json\/wp\/v2\/posts\/4526\/revisions"}],"wp:attachment":[{"href":"https:\/\/fjala.info\/2009-2015\/wp-json\/wp\/v2\/media?parent=4526"}],"wp:term":[{"taxonomy":"category","embeddable":true,"href":"https:\/\/fjala.info\/2009-2015\/wp-json\/wp\/v2\/categories?post=4526"},{"taxonomy":"post_tag","embeddable":true,"href":"https:\/\/fjala.info\/2009-2015\/wp-json\/wp\/v2\/tags?post=4526"}],"curies":[{"name":"wp","href":"https:\/\/api.w.org\/{rel}","templated":true}]}}