{"id":4523,"date":"2010-10-29T21:11:38","date_gmt":"2010-10-29T20:11:38","guid":{"rendered":"http:\/\/fjala.shkoder.net\/?p=4523"},"modified":"2010-10-29T21:11:38","modified_gmt":"2010-10-29T20:11:38","slug":"griset-emri-i-berishes-nga-parulla-per-vitin-e-nene-terezes-te-muzeu-kombetar","status":"publish","type":"post","link":"https:\/\/fjala.info\/2009-2015\/griset-emri-i-berishes-nga-parulla-per-vitin-e-nene-terezes-te-muzeu-kombetar\/","title":{"rendered":"Griset emri i Berish\u00ebs nga parulla p\u00ebr vitin e N\u00ebn\u00eb Terez\u00ebs, te Muzeu Komb\u00ebtar"},"content":{"rendered":"<p><strong>Elona Demollari<\/strong>, <em>29.10.2010<\/em><\/p>\n<p>Parulla e madhe n\u00eb mes t\u00eb Tiran\u00ebs e vendosur disa muaj m\u00eb par\u00eb dhe e shum\u00ebdiskutuar p\u00ebr shkak t\u00eb p\u00ebrmasave t\u00eb emrit t\u00eb Sali Berish\u00ebs n\u00eb raport me emrin e N\u00ebn\u00eb Terez\u00ebs \u00ebsht\u00eb grisur gjat\u00eb or\u00ebve t\u00eb nat\u00ebs midis t\u00eb m\u00ebrkur\u00ebs dhe t\u00eb enjtes.<\/p>\n<p style=\"text-align: center;\"><img loading=\"lazy\" decoding=\"async\" class=\"aligncenter size-full wp-image-4524\" title=\"Griset emri i Berish\u00ebs\" src=\"http:\/\/fjala.shkoder.net\/wp-content\/uploads\/2010\/10\/griset_emri_berishes.jpg\" alt=\"\" width=\"435\" height=\"295\" \/><\/p>\n<p>Dje, n\u00eb or\u00ebt e para t\u00eb m\u00ebngjesit, \u00ebsht\u00eb v\u00ebn\u00eb re se dikush ka grisur emrin e Sali Berish\u00ebs nga bezja e madhe q\u00eb zinte gati t\u00eb gjith\u00eb fasad\u00ebn e Muzeut Komb\u00ebtar prej muajsh.<\/p>\n<p>50 metra larg vendit, ku 20 vjet m\u00eb par\u00eb u hoq zvarre statuja e Enver Hoxh\u00ebs, dikush ka menduar p\u00ebr t\u00eb zhdukur nj\u00eb tjet\u00ebr simbol t\u00eb madh\u00ebshtis\u00eb s\u00eb rreme. Bezja ishte grisur vet\u00ebm n\u00eb pjes\u00ebn ku gjendej emri i S. Berish\u00ebs.<\/p>\n<p>Disa pun\u00ebtor\u00eb t\u00eb d\u00ebrguar me urgjenc\u00eb n\u00eb or\u00ebt e para t\u00eb m\u00ebngjesit p\u00ebr t\u00eb ringjitur pjes\u00ebn e grisur nuk kan\u00eb mundur ta b\u00ebjn\u00eb k\u00ebt\u00eb gj\u00eb dhe pas disa or\u00ebsh, parulla \u00ebsht\u00eb hequr fare p\u00ebr t\u00eb zhdukur \u00e7do gjurm\u00eb t\u00eb aktit simbolik v\u00ebrtet shum\u00eb origjinal.<\/p>\n<p>Grisja ka qen\u00eb thuajse &#8220;kirurgjikale&#8221; dhe autori \u00ebsht\u00eb p\u00ebrqendruar vet\u00ebm n\u00eb emrin e Berish\u00ebs. Megjith\u00ebse u veprua shpejt p\u00ebr ta zhdukur parull\u00ebn e grisur nga Muzeu, ajo ishte fotografuar nga qytetar\u00eb t\u00eb ndrysh\u00ebm tiranas n\u00eb m\u00ebngjes dhe fotoja ka b\u00ebr\u00eb dje &#8220;xhiron&#8221; e internetit, duke u komentuar gjer\u00ebsisht.<\/p>\n<p>Komentet n\u00eb blogje kan\u00eb qen\u00eb t\u00eb shumta. &#8220;Me siguri do t&#8217;i ket\u00eb fry Non\u00eb Tereza me largu er\u00ebn e keqe, &#8211; shkruante nj\u00eb komentues i blogut &#8220;Peshku pa uj\u00eb&#8221;, duke satirizuar me faktin q\u00eb fotoja e N\u00ebn\u00eb Terez\u00ebs n\u00eb parull\u00eb ndodhej p\u00ebrbri emrit t\u00eb Sali Berish\u00ebs. Si fotoja e N\u00ebn\u00eb Terez\u00ebs, ashtu edhe emri i saj n\u00eb k\u00ebt\u00eb pankart\u00eb, ishin n\u00eb &#8220;minoranc\u00eb&#8221; me emrin e Sali Berish\u00ebs shkruar me germa t\u00eb m\u00ebdha mbizot\u00ebruese nga hartuesit e parull\u00ebs vendosur muaj m\u00eb par\u00eb nga Ministria e Kultur\u00ebs.<\/p>\n<p>Kjo parull\u00eb e shkruar n\u00eb nj\u00eb beze t\u00eb st\u00ebrmadhe q\u00eb zinte gjith\u00eb ballin\u00ebn e Muzeut Komb\u00ebtar n\u00eb qend\u00ebr t\u00eb Tiran\u00ebs u b\u00eb objekt debati n\u00eb opinionin publik. N\u00eb tekstin e saj lajm\u00ebrohej se ky vit ishte Viti i N\u00ebn\u00eb Terez\u00ebs dhe se po zhvillohej n\u00ebn p\u00ebrkujdesjen e ve\u00e7ant\u00eb t\u00eb Sali Berish\u00ebs. Emri i k\u00ebtij t\u00eb fundit ishte shkruar me germa kapitale, aq t\u00eb m\u00ebdha sa dukej sikur parulla ishte vendosur jo p\u00ebr t\u00eb lajm\u00ebruar vitin e N\u00ebn\u00eb Terez\u00ebs, por p\u00ebr t\u00eb v\u00ebn\u00eb n\u00eb dukje emrin e Berish\u00ebs.<\/p>\n<p>Ministria e Kultur\u00ebs, e cila hoqi dje bezen e grisur, e z\u00ebvend\u00ebsoi at\u00eb me shpejt\u00ebsi me nj\u00eb parull\u00eb m\u00eb t\u00eb vog\u00ebl, p\u00ebr sponsor\u00ebt e rikonstruksionit t\u00eb ballin\u00ebs s\u00eb Muzeut, p\u00ebr t\u00eb fshehur disi gjurm\u00ebt e &#8220;atentatit&#8221; ndaj emrit t\u00eb Berish\u00ebs, por fotot e m\u00ebngjesit kishin marr\u00eb me koh\u00eb &#8220;rrug\u00ebn&#8221; drejt mediumeve publike online.<\/p>\n","protected":false},"excerpt":{"rendered":"<p>Elona Demollari, 29.10.2010 Parulla e madhe n\u00eb mes t\u00eb Tiran\u00ebs e vendosur disa muaj m\u00eb par\u00eb dhe e shum\u00ebdiskutuar p\u00ebr shkak t\u00eb p\u00ebrmasave t\u00eb emrit t\u00eb Sali Berish\u00ebs n\u00eb raport me emrin e N\u00ebn\u00eb Terez\u00ebs \u00ebsht\u00eb grisur gjat\u00eb or\u00ebve t\u00eb nat\u00ebs midis t\u00eb m\u00ebrkur\u00ebs dhe t\u00eb enjtes. Dje, n\u00eb or\u00ebt e para t\u00eb m\u00ebngjesit, \u00ebsht\u00eb [&hellip;]<\/p>\n","protected":false},"author":1,"featured_media":0,"comment_status":"open","ping_status":"closed","sticky":false,"template":"","format":"standard","meta":{"footnotes":""},"categories":[2],"tags":[],"class_list":{"0":"post-4523","1":"post","2":"type-post","3":"status-publish","4":"format-standard","6":"category-artikuj"},"yoast_head":"<!-- This site is optimized with the Yoast SEO plugin v27.4 - https:\/\/yoast.com\/product\/yoast-seo-wordpress\/ -->\n<title>Griset emri i Berish\u00ebs nga parulla p\u00ebr vitin e N\u00ebn\u00eb Terez\u00ebs, te Muzeu Komb\u00ebtar - FjALA e LIR\u00cb - Arkivi<\/title>\n<meta name=\"robots\" content=\"index, follow, max-snippet:-1, max-image-preview:large, max-video-preview:-1\" \/>\n<link rel=\"canonical\" href=\"https:\/\/fjala.info\/2009-2015\/griset-emri-i-berishes-nga-parulla-per-vitin-e-nene-terezes-te-muzeu-kombetar\/\" \/>\n<meta property=\"og:locale\" content=\"sq_AL\" \/>\n<meta property=\"og:type\" content=\"article\" \/>\n<meta property=\"og:title\" content=\"Griset emri i Berish\u00ebs nga parulla p\u00ebr vitin e N\u00ebn\u00eb Terez\u00ebs, te Muzeu Komb\u00ebtar - FjALA e LIR\u00cb - Arkivi\" \/>\n<meta property=\"og:description\" content=\"Elona Demollari, 29.10.2010 Parulla e madhe n\u00eb mes t\u00eb Tiran\u00ebs e vendosur disa muaj m\u00eb par\u00eb dhe e shum\u00ebdiskutuar p\u00ebr shkak t\u00eb p\u00ebrmasave t\u00eb emrit t\u00eb Sali Berish\u00ebs n\u00eb raport me emrin e N\u00ebn\u00eb Terez\u00ebs \u00ebsht\u00eb grisur gjat\u00eb or\u00ebve t\u00eb nat\u00ebs midis t\u00eb m\u00ebrkur\u00ebs dhe t\u00eb enjtes. Dje, n\u00eb or\u00ebt e para t\u00eb m\u00ebngjesit, \u00ebsht\u00eb [&hellip;]\" \/>\n<meta property=\"og:url\" content=\"https:\/\/fjala.info\/2009-2015\/griset-emri-i-berishes-nga-parulla-per-vitin-e-nene-terezes-te-muzeu-kombetar\/\" \/>\n<meta property=\"og:site_name\" content=\"FjALA e LIR\u00cb - Arkivi\" \/>\n<meta property=\"article:published_time\" content=\"2010-10-29T20:11:38+00:00\" \/>\n<meta property=\"og:image\" content=\"http:\/\/fjala.shkoder.net\/wp-content\/uploads\/2010\/10\/griset_emri_berishes.jpg\" \/>\n<meta name=\"author\" content=\"admin\" \/>\n<meta name=\"twitter:card\" content=\"summary_large_image\" \/>\n<meta name=\"twitter:label1\" content=\"Written by\" \/>\n\t<meta name=\"twitter:data1\" content=\"admin\" \/>\n\t<meta name=\"twitter:label2\" content=\"Est. reading time\" \/>\n\t<meta name=\"twitter:data2\" content=\"3 minutes\" \/>\n<script type=\"application\/ld+json\" class=\"yoast-schema-graph\">{\"@context\":\"https:\\\/\\\/schema.org\",\"@graph\":[{\"@type\":\"Article\",\"@id\":\"https:\\\/\\\/fjala.info\\\/2009-2015\\\/griset-emri-i-berishes-nga-parulla-per-vitin-e-nene-terezes-te-muzeu-kombetar\\\/#article\",\"isPartOf\":{\"@id\":\"https:\\\/\\\/fjala.info\\\/2009-2015\\\/griset-emri-i-berishes-nga-parulla-per-vitin-e-nene-terezes-te-muzeu-kombetar\\\/\"},\"author\":{\"name\":\"admin\",\"@id\":\"https:\\\/\\\/fjala.info\\\/2009-2015\\\/#\\\/schema\\\/person\\\/3aa1163ef05469c496fc94e77611ada2\"},\"headline\":\"Griset emri i Berish\u00ebs nga parulla p\u00ebr vitin e N\u00ebn\u00eb Terez\u00ebs, te Muzeu Komb\u00ebtar\",\"datePublished\":\"2010-10-29T20:11:38+00:00\",\"mainEntityOfPage\":{\"@id\":\"https:\\\/\\\/fjala.info\\\/2009-2015\\\/griset-emri-i-berishes-nga-parulla-per-vitin-e-nene-terezes-te-muzeu-kombetar\\\/\"},\"wordCount\":547,\"commentCount\":0,\"publisher\":{\"@id\":\"https:\\\/\\\/fjala.info\\\/2009-2015\\\/#organization\"},\"image\":{\"@id\":\"https:\\\/\\\/fjala.info\\\/2009-2015\\\/griset-emri-i-berishes-nga-parulla-per-vitin-e-nene-terezes-te-muzeu-kombetar\\\/#primaryimage\"},\"thumbnailUrl\":\"http:\\\/\\\/fjala.shkoder.net\\\/wp-content\\\/uploads\\\/2010\\\/10\\\/griset_emri_berishes.jpg\",\"articleSection\":[\"Artikuj\"],\"inLanguage\":\"sq-AL\",\"potentialAction\":[{\"@type\":\"CommentAction\",\"name\":\"Comment\",\"target\":[\"https:\\\/\\\/fjala.info\\\/2009-2015\\\/griset-emri-i-berishes-nga-parulla-per-vitin-e-nene-terezes-te-muzeu-kombetar\\\/#respond\"]}]},{\"@type\":\"WebPage\",\"@id\":\"https:\\\/\\\/fjala.info\\\/2009-2015\\\/griset-emri-i-berishes-nga-parulla-per-vitin-e-nene-terezes-te-muzeu-kombetar\\\/\",\"url\":\"https:\\\/\\\/fjala.info\\\/2009-2015\\\/griset-emri-i-berishes-nga-parulla-per-vitin-e-nene-terezes-te-muzeu-kombetar\\\/\",\"name\":\"Griset emri i Berish\u00ebs nga parulla p\u00ebr vitin e N\u00ebn\u00eb Terez\u00ebs, te Muzeu Komb\u00ebtar - FjALA e LIR\u00cb - Arkivi\",\"isPartOf\":{\"@id\":\"https:\\\/\\\/fjala.info\\\/2009-2015\\\/#website\"},\"primaryImageOfPage\":{\"@id\":\"https:\\\/\\\/fjala.info\\\/2009-2015\\\/griset-emri-i-berishes-nga-parulla-per-vitin-e-nene-terezes-te-muzeu-kombetar\\\/#primaryimage\"},\"image\":{\"@id\":\"https:\\\/\\\/fjala.info\\\/2009-2015\\\/griset-emri-i-berishes-nga-parulla-per-vitin-e-nene-terezes-te-muzeu-kombetar\\\/#primaryimage\"},\"thumbnailUrl\":\"http:\\\/\\\/fjala.shkoder.net\\\/wp-content\\\/uploads\\\/2010\\\/10\\\/griset_emri_berishes.jpg\",\"datePublished\":\"2010-10-29T20:11:38+00:00\",\"breadcrumb\":{\"@id\":\"https:\\\/\\\/fjala.info\\\/2009-2015\\\/griset-emri-i-berishes-nga-parulla-per-vitin-e-nene-terezes-te-muzeu-kombetar\\\/#breadcrumb\"},\"inLanguage\":\"sq-AL\",\"potentialAction\":[{\"@type\":\"ReadAction\",\"target\":[\"https:\\\/\\\/fjala.info\\\/2009-2015\\\/griset-emri-i-berishes-nga-parulla-per-vitin-e-nene-terezes-te-muzeu-kombetar\\\/\"]}]},{\"@type\":\"ImageObject\",\"inLanguage\":\"sq-AL\",\"@id\":\"https:\\\/\\\/fjala.info\\\/2009-2015\\\/griset-emri-i-berishes-nga-parulla-per-vitin-e-nene-terezes-te-muzeu-kombetar\\\/#primaryimage\",\"url\":\"http:\\\/\\\/fjala.shkoder.net\\\/wp-content\\\/uploads\\\/2010\\\/10\\\/griset_emri_berishes.jpg\",\"contentUrl\":\"http:\\\/\\\/fjala.shkoder.net\\\/wp-content\\\/uploads\\\/2010\\\/10\\\/griset_emri_berishes.jpg\"},{\"@type\":\"BreadcrumbList\",\"@id\":\"https:\\\/\\\/fjala.info\\\/2009-2015\\\/griset-emri-i-berishes-nga-parulla-per-vitin-e-nene-terezes-te-muzeu-kombetar\\\/#breadcrumb\",\"itemListElement\":[{\"@type\":\"ListItem\",\"position\":1,\"name\":\"Home\",\"item\":\"https:\\\/\\\/fjala.info\\\/2009-2015\\\/\"},{\"@type\":\"ListItem\",\"position\":2,\"name\":\"Griset emri i Berish\u00ebs nga parulla p\u00ebr vitin e N\u00ebn\u00eb Terez\u00ebs, te Muzeu Komb\u00ebtar\"}]},{\"@type\":\"WebSite\",\"@id\":\"https:\\\/\\\/fjala.info\\\/2009-2015\\\/#website\",\"url\":\"https:\\\/\\\/fjala.info\\\/2009-2015\\\/\",\"name\":\"FjALA e LIR\u00cb - Arkivi\",\"description\":\"Arkivi 2009-2015\",\"publisher\":{\"@id\":\"https:\\\/\\\/fjala.info\\\/2009-2015\\\/#organization\"},\"potentialAction\":[{\"@type\":\"SearchAction\",\"target\":{\"@type\":\"EntryPoint\",\"urlTemplate\":\"https:\\\/\\\/fjala.info\\\/2009-2015\\\/?s={search_term_string}\"},\"query-input\":{\"@type\":\"PropertyValueSpecification\",\"valueRequired\":true,\"valueName\":\"search_term_string\"}}],\"inLanguage\":\"sq-AL\"},{\"@type\":\"Organization\",\"@id\":\"https:\\\/\\\/fjala.info\\\/2009-2015\\\/#organization\",\"name\":\"FjALA e LIR\u00cb - Arkivi\",\"url\":\"https:\\\/\\\/fjala.info\\\/2009-2015\\\/\",\"logo\":{\"@type\":\"ImageObject\",\"inLanguage\":\"sq-AL\",\"@id\":\"https:\\\/\\\/fjala.info\\\/2009-2015\\\/#\\\/schema\\\/logo\\\/image\\\/\",\"url\":\"\",\"contentUrl\":\"\",\"caption\":\"FjALA e LIR\u00cb - Arkivi\"},\"image\":{\"@id\":\"https:\\\/\\\/fjala.info\\\/2009-2015\\\/#\\\/schema\\\/logo\\\/image\\\/\"}},{\"@type\":\"Person\",\"@id\":\"https:\\\/\\\/fjala.info\\\/2009-2015\\\/#\\\/schema\\\/person\\\/3aa1163ef05469c496fc94e77611ada2\",\"name\":\"admin\",\"image\":{\"@type\":\"ImageObject\",\"inLanguage\":\"sq-AL\",\"@id\":\"https:\\\/\\\/fjala.info\\\/2009-2015\\\/wp-content\\\/uploads\\\/2012\\\/02\\\/arben_cokaj-120x150.jpg\",\"url\":\"https:\\\/\\\/fjala.info\\\/2009-2015\\\/wp-content\\\/uploads\\\/2012\\\/02\\\/arben_cokaj-120x150.jpg\",\"contentUrl\":\"https:\\\/\\\/fjala.info\\\/2009-2015\\\/wp-content\\\/uploads\\\/2012\\\/02\\\/arben_cokaj-120x150.jpg\",\"caption\":\"admin\"},\"description\":\"Admin, Fjala e Lir\u00eb\",\"sameAs\":[\"https:\\\/\\\/fjala.info\\\/\"],\"url\":\"https:\\\/\\\/fjala.info\\\/2009-2015\\\/author\\\/admin\\\/\"}]}<\/script>\n<!-- \/ Yoast SEO plugin. -->","yoast_head_json":{"title":"Griset emri i Berish\u00ebs nga parulla p\u00ebr vitin e N\u00ebn\u00eb Terez\u00ebs, te Muzeu Komb\u00ebtar - FjALA e LIR\u00cb - Arkivi","robots":{"index":"index","follow":"follow","max-snippet":"max-snippet:-1","max-image-preview":"max-image-preview:large","max-video-preview":"max-video-preview:-1"},"canonical":"https:\/\/fjala.info\/2009-2015\/griset-emri-i-berishes-nga-parulla-per-vitin-e-nene-terezes-te-muzeu-kombetar\/","og_locale":"sq_AL","og_type":"article","og_title":"Griset emri i Berish\u00ebs nga parulla p\u00ebr vitin e N\u00ebn\u00eb Terez\u00ebs, te Muzeu Komb\u00ebtar - FjALA e LIR\u00cb - Arkivi","og_description":"Elona Demollari, 29.10.2010 Parulla e madhe n\u00eb mes t\u00eb Tiran\u00ebs e vendosur disa muaj m\u00eb par\u00eb dhe e shum\u00ebdiskutuar p\u00ebr shkak t\u00eb p\u00ebrmasave t\u00eb emrit t\u00eb Sali Berish\u00ebs n\u00eb raport me emrin e N\u00ebn\u00eb Terez\u00ebs \u00ebsht\u00eb grisur gjat\u00eb or\u00ebve t\u00eb nat\u00ebs midis t\u00eb m\u00ebrkur\u00ebs dhe t\u00eb enjtes. Dje, n\u00eb or\u00ebt e para t\u00eb m\u00ebngjesit, \u00ebsht\u00eb [&hellip;]","og_url":"https:\/\/fjala.info\/2009-2015\/griset-emri-i-berishes-nga-parulla-per-vitin-e-nene-terezes-te-muzeu-kombetar\/","og_site_name":"FjALA e LIR\u00cb - Arkivi","article_published_time":"2010-10-29T20:11:38+00:00","og_image":[{"url":"http:\/\/fjala.shkoder.net\/wp-content\/uploads\/2010\/10\/griset_emri_berishes.jpg","type":"","width":"","height":""}],"author":"admin","twitter_card":"summary_large_image","twitter_misc":{"Written by":"admin","Est. reading time":"3 minutes"},"schema":{"@context":"https:\/\/schema.org","@graph":[{"@type":"Article","@id":"https:\/\/fjala.info\/2009-2015\/griset-emri-i-berishes-nga-parulla-per-vitin-e-nene-terezes-te-muzeu-kombetar\/#article","isPartOf":{"@id":"https:\/\/fjala.info\/2009-2015\/griset-emri-i-berishes-nga-parulla-per-vitin-e-nene-terezes-te-muzeu-kombetar\/"},"author":{"name":"admin","@id":"https:\/\/fjala.info\/2009-2015\/#\/schema\/person\/3aa1163ef05469c496fc94e77611ada2"},"headline":"Griset emri i Berish\u00ebs nga parulla p\u00ebr vitin e N\u00ebn\u00eb Terez\u00ebs, te Muzeu Komb\u00ebtar","datePublished":"2010-10-29T20:11:38+00:00","mainEntityOfPage":{"@id":"https:\/\/fjala.info\/2009-2015\/griset-emri-i-berishes-nga-parulla-per-vitin-e-nene-terezes-te-muzeu-kombetar\/"},"wordCount":547,"commentCount":0,"publisher":{"@id":"https:\/\/fjala.info\/2009-2015\/#organization"},"image":{"@id":"https:\/\/fjala.info\/2009-2015\/griset-emri-i-berishes-nga-parulla-per-vitin-e-nene-terezes-te-muzeu-kombetar\/#primaryimage"},"thumbnailUrl":"http:\/\/fjala.shkoder.net\/wp-content\/uploads\/2010\/10\/griset_emri_berishes.jpg","articleSection":["Artikuj"],"inLanguage":"sq-AL","potentialAction":[{"@type":"CommentAction","name":"Comment","target":["https:\/\/fjala.info\/2009-2015\/griset-emri-i-berishes-nga-parulla-per-vitin-e-nene-terezes-te-muzeu-kombetar\/#respond"]}]},{"@type":"WebPage","@id":"https:\/\/fjala.info\/2009-2015\/griset-emri-i-berishes-nga-parulla-per-vitin-e-nene-terezes-te-muzeu-kombetar\/","url":"https:\/\/fjala.info\/2009-2015\/griset-emri-i-berishes-nga-parulla-per-vitin-e-nene-terezes-te-muzeu-kombetar\/","name":"Griset emri i Berish\u00ebs nga parulla p\u00ebr vitin e N\u00ebn\u00eb Terez\u00ebs, te Muzeu Komb\u00ebtar - FjALA e LIR\u00cb - Arkivi","isPartOf":{"@id":"https:\/\/fjala.info\/2009-2015\/#website"},"primaryImageOfPage":{"@id":"https:\/\/fjala.info\/2009-2015\/griset-emri-i-berishes-nga-parulla-per-vitin-e-nene-terezes-te-muzeu-kombetar\/#primaryimage"},"image":{"@id":"https:\/\/fjala.info\/2009-2015\/griset-emri-i-berishes-nga-parulla-per-vitin-e-nene-terezes-te-muzeu-kombetar\/#primaryimage"},"thumbnailUrl":"http:\/\/fjala.shkoder.net\/wp-content\/uploads\/2010\/10\/griset_emri_berishes.jpg","datePublished":"2010-10-29T20:11:38+00:00","breadcrumb":{"@id":"https:\/\/fjala.info\/2009-2015\/griset-emri-i-berishes-nga-parulla-per-vitin-e-nene-terezes-te-muzeu-kombetar\/#breadcrumb"},"inLanguage":"sq-AL","potentialAction":[{"@type":"ReadAction","target":["https:\/\/fjala.info\/2009-2015\/griset-emri-i-berishes-nga-parulla-per-vitin-e-nene-terezes-te-muzeu-kombetar\/"]}]},{"@type":"ImageObject","inLanguage":"sq-AL","@id":"https:\/\/fjala.info\/2009-2015\/griset-emri-i-berishes-nga-parulla-per-vitin-e-nene-terezes-te-muzeu-kombetar\/#primaryimage","url":"http:\/\/fjala.shkoder.net\/wp-content\/uploads\/2010\/10\/griset_emri_berishes.jpg","contentUrl":"http:\/\/fjala.shkoder.net\/wp-content\/uploads\/2010\/10\/griset_emri_berishes.jpg"},{"@type":"BreadcrumbList","@id":"https:\/\/fjala.info\/2009-2015\/griset-emri-i-berishes-nga-parulla-per-vitin-e-nene-terezes-te-muzeu-kombetar\/#breadcrumb","itemListElement":[{"@type":"ListItem","position":1,"name":"Home","item":"https:\/\/fjala.info\/2009-2015\/"},{"@type":"ListItem","position":2,"name":"Griset emri i Berish\u00ebs nga parulla p\u00ebr vitin e N\u00ebn\u00eb Terez\u00ebs, te Muzeu Komb\u00ebtar"}]},{"@type":"WebSite","@id":"https:\/\/fjala.info\/2009-2015\/#website","url":"https:\/\/fjala.info\/2009-2015\/","name":"FjALA e LIR\u00cb - Arkivi","description":"Arkivi 2009-2015","publisher":{"@id":"https:\/\/fjala.info\/2009-2015\/#organization"},"potentialAction":[{"@type":"SearchAction","target":{"@type":"EntryPoint","urlTemplate":"https:\/\/fjala.info\/2009-2015\/?s={search_term_string}"},"query-input":{"@type":"PropertyValueSpecification","valueRequired":true,"valueName":"search_term_string"}}],"inLanguage":"sq-AL"},{"@type":"Organization","@id":"https:\/\/fjala.info\/2009-2015\/#organization","name":"FjALA e LIR\u00cb - Arkivi","url":"https:\/\/fjala.info\/2009-2015\/","logo":{"@type":"ImageObject","inLanguage":"sq-AL","@id":"https:\/\/fjala.info\/2009-2015\/#\/schema\/logo\/image\/","url":"","contentUrl":"","caption":"FjALA e LIR\u00cb - Arkivi"},"image":{"@id":"https:\/\/fjala.info\/2009-2015\/#\/schema\/logo\/image\/"}},{"@type":"Person","@id":"https:\/\/fjala.info\/2009-2015\/#\/schema\/person\/3aa1163ef05469c496fc94e77611ada2","name":"admin","image":{"@type":"ImageObject","inLanguage":"sq-AL","@id":"https:\/\/fjala.info\/2009-2015\/wp-content\/uploads\/2012\/02\/arben_cokaj-120x150.jpg","url":"https:\/\/fjala.info\/2009-2015\/wp-content\/uploads\/2012\/02\/arben_cokaj-120x150.jpg","contentUrl":"https:\/\/fjala.info\/2009-2015\/wp-content\/uploads\/2012\/02\/arben_cokaj-120x150.jpg","caption":"admin"},"description":"Admin, Fjala e Lir\u00eb","sameAs":["https:\/\/fjala.info\/"],"url":"https:\/\/fjala.info\/2009-2015\/author\/admin\/"}]}},"_links":{"self":[{"href":"https:\/\/fjala.info\/2009-2015\/wp-json\/wp\/v2\/posts\/4523","targetHints":{"allow":["GET"]}}],"collection":[{"href":"https:\/\/fjala.info\/2009-2015\/wp-json\/wp\/v2\/posts"}],"about":[{"href":"https:\/\/fjala.info\/2009-2015\/wp-json\/wp\/v2\/types\/post"}],"author":[{"embeddable":true,"href":"https:\/\/fjala.info\/2009-2015\/wp-json\/wp\/v2\/users\/1"}],"replies":[{"embeddable":true,"href":"https:\/\/fjala.info\/2009-2015\/wp-json\/wp\/v2\/comments?post=4523"}],"version-history":[{"count":0,"href":"https:\/\/fjala.info\/2009-2015\/wp-json\/wp\/v2\/posts\/4523\/revisions"}],"wp:attachment":[{"href":"https:\/\/fjala.info\/2009-2015\/wp-json\/wp\/v2\/media?parent=4523"}],"wp:term":[{"taxonomy":"category","embeddable":true,"href":"https:\/\/fjala.info\/2009-2015\/wp-json\/wp\/v2\/categories?post=4523"},{"taxonomy":"post_tag","embeddable":true,"href":"https:\/\/fjala.info\/2009-2015\/wp-json\/wp\/v2\/tags?post=4523"}],"curies":[{"name":"wp","href":"https:\/\/api.w.org\/{rel}","templated":true}]}}