{"id":4519,"date":"2012-08-20T17:20:30","date_gmt":"2012-08-20T16:20:30","guid":{"rendered":"http:\/\/www.fjala.info\/?p=4519"},"modified":"2012-08-20T17:20:30","modified_gmt":"2012-08-20T16:20:30","slug":"shqiperia-ne-filmin-e-silvester-stalone-nje-vend-rrumpalle","status":"publish","type":"post","link":"https:\/\/fjala.info\/2009-2015\/shqiperia-ne-filmin-e-silvester-stalone-nje-vend-rrumpalle\/","title":{"rendered":"Shqip\u00ebria n\u00eb filmin e Silvester Stalone, nj\u00eb vend rrumpall\u00eb"},"content":{"rendered":"<p><img decoding=\"async\" class=\"alignright size-thumbnail wp-image-7236\" title=\"The expendables 2\" src=\"http:\/\/www.fjala.info\/2012\/the_expendables_2.jpg\" alt=\"\" width=\"300\" \/> <strong>TemA Online<\/strong>, <em>20 Gusht 2012<\/em><\/p>\n<p>I lidh ndonj\u00eb gj\u00eb emra si Silvester Stalone, Arnold Shvarceneger, Bruce Willis, Chuck Norris, Jean-Claude Van Damme me Shqip\u00ebrin\u00eb? S\u00eb fundmi, po. T\u00eb gjith\u00eb k\u00ebta emra t\u00eb njohur t\u00eb Hollivudit jan\u00eb aktor\u00eb n\u00eb \u201cThe Expendables 2\u2033 (Mercenar\u00ebt 2) film i zhanrit aksion me regji t\u00eb Simon West, shkruar nga Richard Wenk dhe Silvester Stalone.<\/p>\n<p>N\u00eb film ata \u201cvijn\u00eb\u201d t\u00eb gjith\u00eb n\u00eb Shqip\u00ebri n\u00eb k\u00ebrkim t\u00eb nj\u00eb \u2018thesari\u2019. Xhirimet kan\u00eb nisur prej shtatorit 2011 dhe jan\u00eb b\u00ebr\u00eb n\u00eb Bullgari, Hong Kong dhe New Orleans me nj\u00eb buxhet rreth 100 milion\u00eb USD.<br \/>\nPersonazhi Barney Roos (Silvester Stalone) dhe grupi i tij i mercenar\u00ebve zbarkojn\u00eb n\u00eb Shqip\u00ebri p\u00ebr t\u00eb t\u00ebrhequr dhe p\u00ebr t\u00eb \u00e7uar n\u00eb nj\u00eb vend t\u00eb sigurt, nj\u00eb hart\u00eb t\u00eb \u00e7muar \u2013 (q\u00eb tregon vendndodhjen e nj\u00eb bunkeri ku rus\u00ebt kan\u00eb fshehur nj\u00eb sasi imagjinare plutoniumi) \u2013 q\u00eb gjendet ende brenda asaj q\u00eb ka mbetur nga nj\u00eb aeroplan i rr\u00ebzuar n\u00eb malet shqiptare.<\/p>\n<p>Nj\u00eb prej mercenar\u00ebve vritet gjat\u00eb p\u00ebrpjekjeve q\u00eb grupi b\u00ebn me rival\u00ebt e tyre n\u00eb tok\u00ebn shqiptare dhe kur jan\u00eb duke e varrosur mikun e tyre n\u00eb maj\u00ebn e nj\u00eb kodre n\u00eb Shqip\u00ebri, ata i v\u00ebn\u00eb sip\u00ebr vet\u00ebm disa gur\u00eb duke shk\u00ebmbyer batuta q\u00eb e tregojn\u00eb Shqip\u00ebrin\u00eb si vend rrumpall\u00eb, si \u201ckjo \u00ebsht\u00eb Shqip\u00ebria, k\u00ebta nuk kan\u00eb regjistrime t\u00eb rregullta as p\u00ebr vdekjet\u201d, etj.<\/p>\n<p>Nuk \u00ebsht\u00eb hera e par\u00eb q\u00eb Shqip\u00ebria del \u201ce zez\u00eb\u201d n\u00eb prodhimet e r\u00ebnd\u00ebsishme kinematografike (roli i tyre n\u00eb krijimin e paragjykimeve \u00ebsht\u00eb i madh). N\u00eb serialin e famsh\u00ebm vizatimor \u201cSimson\u201d psh, (ku nga vet\u00eb amerikan\u00ebt ironizohet familja tipike amerikane), n\u00eb nj\u00eb nga serit\u00eb \u00ebsht\u00eb n\u00eb qend\u00ebr nj\u00eb vog\u00eblush shqiptar i cili kishte shkuar mysafir tek kjo familje, n\u00eb vend t\u00eb vog\u00eblushit Simson q\u00eb shkoi mysafir n\u00eb nj\u00eb familje franceze. Ironia godiste n\u00eb shum\u00eb aspekte Shqip\u00ebrin\u00eb. Adili i vog\u00ebl (personazhi quhej Adil Hoxha) n\u00eb finalen e filmit del\u2026spiun kurse Shqip\u00ebria e Adilit tallet si vendi i nj\u00eb konflikti t\u00eb eg\u00ebr politik q\u00eb nuk merr fund kurr\u00eb.<\/p>\n<p>http:\/\/respublica.al\/artikuj\/2012\/08\/20\/shqiperia-sipas-hollivudit-keta-e-kane-corbe-edhe-kete-punen-e-te-vdekurve<\/p>\n","protected":false},"excerpt":{"rendered":"<p>TemA Online, 20 Gusht 2012 I lidh ndonj\u00eb gj\u00eb emra si Silvester Stalone, Arnold Shvarceneger, Bruce Willis, Chuck Norris, Jean-Claude Van Damme me Shqip\u00ebrin\u00eb? S\u00eb fundmi, po. T\u00eb gjith\u00eb k\u00ebta emra t\u00eb njohur t\u00eb Hollivudit jan\u00eb aktor\u00eb n\u00eb \u201cThe Expendables 2\u2033 (Mercenar\u00ebt 2) film i zhanrit aksion me regji t\u00eb Simon West, shkruar nga Richard [&hellip;]<\/p>\n","protected":false},"author":1,"featured_media":0,"comment_status":"open","ping_status":"closed","sticky":false,"template":"","format":"standard","meta":{"footnotes":""},"categories":[2,5],"tags":[],"class_list":{"0":"post-4519","1":"post","2":"type-post","3":"status-publish","4":"format-standard","6":"category-artikuj","7":"category-lajme"},"yoast_head":"<!-- This site is optimized with the Yoast SEO plugin v27.4 - https:\/\/yoast.com\/product\/yoast-seo-wordpress\/ -->\n<title>Shqip\u00ebria n\u00eb filmin e Silvester Stalone, nj\u00eb vend rrumpall\u00eb - FjALA e LIR\u00cb - Arkivi<\/title>\n<meta name=\"robots\" content=\"index, follow, max-snippet:-1, max-image-preview:large, max-video-preview:-1\" \/>\n<link rel=\"canonical\" href=\"https:\/\/fjala.info\/2009-2015\/shqiperia-ne-filmin-e-silvester-stalone-nje-vend-rrumpalle\/\" \/>\n<meta property=\"og:locale\" content=\"sq_AL\" \/>\n<meta property=\"og:type\" content=\"article\" \/>\n<meta property=\"og:title\" content=\"Shqip\u00ebria n\u00eb filmin e Silvester Stalone, nj\u00eb vend rrumpall\u00eb - FjALA e LIR\u00cb - Arkivi\" \/>\n<meta property=\"og:description\" content=\"TemA Online, 20 Gusht 2012 I lidh ndonj\u00eb gj\u00eb emra si Silvester Stalone, Arnold Shvarceneger, Bruce Willis, Chuck Norris, Jean-Claude Van Damme me Shqip\u00ebrin\u00eb? S\u00eb fundmi, po. T\u00eb gjith\u00eb k\u00ebta emra t\u00eb njohur t\u00eb Hollivudit jan\u00eb aktor\u00eb n\u00eb \u201cThe Expendables 2\u2033 (Mercenar\u00ebt 2) film i zhanrit aksion me regji t\u00eb Simon West, shkruar nga Richard [&hellip;]\" \/>\n<meta property=\"og:url\" content=\"https:\/\/fjala.info\/2009-2015\/shqiperia-ne-filmin-e-silvester-stalone-nje-vend-rrumpalle\/\" \/>\n<meta property=\"og:site_name\" content=\"FjALA e LIR\u00cb - Arkivi\" \/>\n<meta property=\"article:published_time\" content=\"2012-08-20T16:20:30+00:00\" \/>\n<meta property=\"og:image\" content=\"http:\/\/www.fjala.info\/2012\/the_expendables_2.jpg\" \/>\n<meta name=\"author\" content=\"admin\" \/>\n<meta name=\"twitter:card\" content=\"summary_large_image\" \/>\n<meta name=\"twitter:label1\" content=\"Written by\" \/>\n\t<meta name=\"twitter:data1\" content=\"admin\" \/>\n\t<meta name=\"twitter:label2\" content=\"Est. reading time\" \/>\n\t<meta name=\"twitter:data2\" content=\"2 minutes\" \/>\n<script type=\"application\/ld+json\" class=\"yoast-schema-graph\">{\"@context\":\"https:\\\/\\\/schema.org\",\"@graph\":[{\"@type\":\"Article\",\"@id\":\"https:\\\/\\\/fjala.info\\\/2009-2015\\\/shqiperia-ne-filmin-e-silvester-stalone-nje-vend-rrumpalle\\\/#article\",\"isPartOf\":{\"@id\":\"https:\\\/\\\/fjala.info\\\/2009-2015\\\/shqiperia-ne-filmin-e-silvester-stalone-nje-vend-rrumpalle\\\/\"},\"author\":{\"name\":\"admin\",\"@id\":\"https:\\\/\\\/fjala.info\\\/2009-2015\\\/#\\\/schema\\\/person\\\/3aa1163ef05469c496fc94e77611ada2\"},\"headline\":\"Shqip\u00ebria n\u00eb filmin e Silvester Stalone, nj\u00eb vend rrumpall\u00eb\",\"datePublished\":\"2012-08-20T16:20:30+00:00\",\"mainEntityOfPage\":{\"@id\":\"https:\\\/\\\/fjala.info\\\/2009-2015\\\/shqiperia-ne-filmin-e-silvester-stalone-nje-vend-rrumpalle\\\/\"},\"wordCount\":374,\"commentCount\":0,\"publisher\":{\"@id\":\"https:\\\/\\\/fjala.info\\\/2009-2015\\\/#organization\"},\"image\":{\"@id\":\"https:\\\/\\\/fjala.info\\\/2009-2015\\\/shqiperia-ne-filmin-e-silvester-stalone-nje-vend-rrumpalle\\\/#primaryimage\"},\"thumbnailUrl\":\"http:\\\/\\\/www.fjala.info\\\/2012\\\/the_expendables_2.jpg\",\"articleSection\":[\"Artikuj\",\"Lajme\"],\"inLanguage\":\"sq-AL\",\"potentialAction\":[{\"@type\":\"CommentAction\",\"name\":\"Comment\",\"target\":[\"https:\\\/\\\/fjala.info\\\/2009-2015\\\/shqiperia-ne-filmin-e-silvester-stalone-nje-vend-rrumpalle\\\/#respond\"]}]},{\"@type\":\"WebPage\",\"@id\":\"https:\\\/\\\/fjala.info\\\/2009-2015\\\/shqiperia-ne-filmin-e-silvester-stalone-nje-vend-rrumpalle\\\/\",\"url\":\"https:\\\/\\\/fjala.info\\\/2009-2015\\\/shqiperia-ne-filmin-e-silvester-stalone-nje-vend-rrumpalle\\\/\",\"name\":\"Shqip\u00ebria n\u00eb filmin e Silvester Stalone, nj\u00eb vend rrumpall\u00eb - FjALA e LIR\u00cb - Arkivi\",\"isPartOf\":{\"@id\":\"https:\\\/\\\/fjala.info\\\/2009-2015\\\/#website\"},\"primaryImageOfPage\":{\"@id\":\"https:\\\/\\\/fjala.info\\\/2009-2015\\\/shqiperia-ne-filmin-e-silvester-stalone-nje-vend-rrumpalle\\\/#primaryimage\"},\"image\":{\"@id\":\"https:\\\/\\\/fjala.info\\\/2009-2015\\\/shqiperia-ne-filmin-e-silvester-stalone-nje-vend-rrumpalle\\\/#primaryimage\"},\"thumbnailUrl\":\"http:\\\/\\\/www.fjala.info\\\/2012\\\/the_expendables_2.jpg\",\"datePublished\":\"2012-08-20T16:20:30+00:00\",\"breadcrumb\":{\"@id\":\"https:\\\/\\\/fjala.info\\\/2009-2015\\\/shqiperia-ne-filmin-e-silvester-stalone-nje-vend-rrumpalle\\\/#breadcrumb\"},\"inLanguage\":\"sq-AL\",\"potentialAction\":[{\"@type\":\"ReadAction\",\"target\":[\"https:\\\/\\\/fjala.info\\\/2009-2015\\\/shqiperia-ne-filmin-e-silvester-stalone-nje-vend-rrumpalle\\\/\"]}]},{\"@type\":\"ImageObject\",\"inLanguage\":\"sq-AL\",\"@id\":\"https:\\\/\\\/fjala.info\\\/2009-2015\\\/shqiperia-ne-filmin-e-silvester-stalone-nje-vend-rrumpalle\\\/#primaryimage\",\"url\":\"http:\\\/\\\/www.fjala.info\\\/2012\\\/the_expendables_2.jpg\",\"contentUrl\":\"http:\\\/\\\/www.fjala.info\\\/2012\\\/the_expendables_2.jpg\"},{\"@type\":\"BreadcrumbList\",\"@id\":\"https:\\\/\\\/fjala.info\\\/2009-2015\\\/shqiperia-ne-filmin-e-silvester-stalone-nje-vend-rrumpalle\\\/#breadcrumb\",\"itemListElement\":[{\"@type\":\"ListItem\",\"position\":1,\"name\":\"Home\",\"item\":\"https:\\\/\\\/fjala.info\\\/2009-2015\\\/\"},{\"@type\":\"ListItem\",\"position\":2,\"name\":\"Shqip\u00ebria n\u00eb filmin e Silvester Stalone, nj\u00eb vend rrumpall\u00eb\"}]},{\"@type\":\"WebSite\",\"@id\":\"https:\\\/\\\/fjala.info\\\/2009-2015\\\/#website\",\"url\":\"https:\\\/\\\/fjala.info\\\/2009-2015\\\/\",\"name\":\"FjALA e LIR\u00cb - Arkivi\",\"description\":\"Arkivi 2009-2015\",\"publisher\":{\"@id\":\"https:\\\/\\\/fjala.info\\\/2009-2015\\\/#organization\"},\"potentialAction\":[{\"@type\":\"SearchAction\",\"target\":{\"@type\":\"EntryPoint\",\"urlTemplate\":\"https:\\\/\\\/fjala.info\\\/2009-2015\\\/?s={search_term_string}\"},\"query-input\":{\"@type\":\"PropertyValueSpecification\",\"valueRequired\":true,\"valueName\":\"search_term_string\"}}],\"inLanguage\":\"sq-AL\"},{\"@type\":\"Organization\",\"@id\":\"https:\\\/\\\/fjala.info\\\/2009-2015\\\/#organization\",\"name\":\"FjALA e LIR\u00cb - Arkivi\",\"url\":\"https:\\\/\\\/fjala.info\\\/2009-2015\\\/\",\"logo\":{\"@type\":\"ImageObject\",\"inLanguage\":\"sq-AL\",\"@id\":\"https:\\\/\\\/fjala.info\\\/2009-2015\\\/#\\\/schema\\\/logo\\\/image\\\/\",\"url\":\"\",\"contentUrl\":\"\",\"caption\":\"FjALA e LIR\u00cb - Arkivi\"},\"image\":{\"@id\":\"https:\\\/\\\/fjala.info\\\/2009-2015\\\/#\\\/schema\\\/logo\\\/image\\\/\"}},{\"@type\":\"Person\",\"@id\":\"https:\\\/\\\/fjala.info\\\/2009-2015\\\/#\\\/schema\\\/person\\\/3aa1163ef05469c496fc94e77611ada2\",\"name\":\"admin\",\"image\":{\"@type\":\"ImageObject\",\"inLanguage\":\"sq-AL\",\"@id\":\"https:\\\/\\\/fjala.info\\\/2009-2015\\\/wp-content\\\/uploads\\\/2012\\\/02\\\/arben_cokaj-120x150.jpg\",\"url\":\"https:\\\/\\\/fjala.info\\\/2009-2015\\\/wp-content\\\/uploads\\\/2012\\\/02\\\/arben_cokaj-120x150.jpg\",\"contentUrl\":\"https:\\\/\\\/fjala.info\\\/2009-2015\\\/wp-content\\\/uploads\\\/2012\\\/02\\\/arben_cokaj-120x150.jpg\",\"caption\":\"admin\"},\"description\":\"Admin, Fjala e Lir\u00eb\",\"sameAs\":[\"https:\\\/\\\/fjala.info\\\/\"],\"url\":\"https:\\\/\\\/fjala.info\\\/2009-2015\\\/author\\\/admin\\\/\"}]}<\/script>\n<!-- \/ Yoast SEO plugin. -->","yoast_head_json":{"title":"Shqip\u00ebria n\u00eb filmin e Silvester Stalone, nj\u00eb vend rrumpall\u00eb - FjALA e LIR\u00cb - Arkivi","robots":{"index":"index","follow":"follow","max-snippet":"max-snippet:-1","max-image-preview":"max-image-preview:large","max-video-preview":"max-video-preview:-1"},"canonical":"https:\/\/fjala.info\/2009-2015\/shqiperia-ne-filmin-e-silvester-stalone-nje-vend-rrumpalle\/","og_locale":"sq_AL","og_type":"article","og_title":"Shqip\u00ebria n\u00eb filmin e Silvester Stalone, nj\u00eb vend rrumpall\u00eb - FjALA e LIR\u00cb - Arkivi","og_description":"TemA Online, 20 Gusht 2012 I lidh ndonj\u00eb gj\u00eb emra si Silvester Stalone, Arnold Shvarceneger, Bruce Willis, Chuck Norris, Jean-Claude Van Damme me Shqip\u00ebrin\u00eb? S\u00eb fundmi, po. T\u00eb gjith\u00eb k\u00ebta emra t\u00eb njohur t\u00eb Hollivudit jan\u00eb aktor\u00eb n\u00eb \u201cThe Expendables 2\u2033 (Mercenar\u00ebt 2) film i zhanrit aksion me regji t\u00eb Simon West, shkruar nga Richard [&hellip;]","og_url":"https:\/\/fjala.info\/2009-2015\/shqiperia-ne-filmin-e-silvester-stalone-nje-vend-rrumpalle\/","og_site_name":"FjALA e LIR\u00cb - Arkivi","article_published_time":"2012-08-20T16:20:30+00:00","og_image":[{"url":"http:\/\/www.fjala.info\/2012\/the_expendables_2.jpg","type":"","width":"","height":""}],"author":"admin","twitter_card":"summary_large_image","twitter_misc":{"Written by":"admin","Est. reading time":"2 minutes"},"schema":{"@context":"https:\/\/schema.org","@graph":[{"@type":"Article","@id":"https:\/\/fjala.info\/2009-2015\/shqiperia-ne-filmin-e-silvester-stalone-nje-vend-rrumpalle\/#article","isPartOf":{"@id":"https:\/\/fjala.info\/2009-2015\/shqiperia-ne-filmin-e-silvester-stalone-nje-vend-rrumpalle\/"},"author":{"name":"admin","@id":"https:\/\/fjala.info\/2009-2015\/#\/schema\/person\/3aa1163ef05469c496fc94e77611ada2"},"headline":"Shqip\u00ebria n\u00eb filmin e Silvester Stalone, nj\u00eb vend rrumpall\u00eb","datePublished":"2012-08-20T16:20:30+00:00","mainEntityOfPage":{"@id":"https:\/\/fjala.info\/2009-2015\/shqiperia-ne-filmin-e-silvester-stalone-nje-vend-rrumpalle\/"},"wordCount":374,"commentCount":0,"publisher":{"@id":"https:\/\/fjala.info\/2009-2015\/#organization"},"image":{"@id":"https:\/\/fjala.info\/2009-2015\/shqiperia-ne-filmin-e-silvester-stalone-nje-vend-rrumpalle\/#primaryimage"},"thumbnailUrl":"http:\/\/www.fjala.info\/2012\/the_expendables_2.jpg","articleSection":["Artikuj","Lajme"],"inLanguage":"sq-AL","potentialAction":[{"@type":"CommentAction","name":"Comment","target":["https:\/\/fjala.info\/2009-2015\/shqiperia-ne-filmin-e-silvester-stalone-nje-vend-rrumpalle\/#respond"]}]},{"@type":"WebPage","@id":"https:\/\/fjala.info\/2009-2015\/shqiperia-ne-filmin-e-silvester-stalone-nje-vend-rrumpalle\/","url":"https:\/\/fjala.info\/2009-2015\/shqiperia-ne-filmin-e-silvester-stalone-nje-vend-rrumpalle\/","name":"Shqip\u00ebria n\u00eb filmin e Silvester Stalone, nj\u00eb vend rrumpall\u00eb - FjALA e LIR\u00cb - Arkivi","isPartOf":{"@id":"https:\/\/fjala.info\/2009-2015\/#website"},"primaryImageOfPage":{"@id":"https:\/\/fjala.info\/2009-2015\/shqiperia-ne-filmin-e-silvester-stalone-nje-vend-rrumpalle\/#primaryimage"},"image":{"@id":"https:\/\/fjala.info\/2009-2015\/shqiperia-ne-filmin-e-silvester-stalone-nje-vend-rrumpalle\/#primaryimage"},"thumbnailUrl":"http:\/\/www.fjala.info\/2012\/the_expendables_2.jpg","datePublished":"2012-08-20T16:20:30+00:00","breadcrumb":{"@id":"https:\/\/fjala.info\/2009-2015\/shqiperia-ne-filmin-e-silvester-stalone-nje-vend-rrumpalle\/#breadcrumb"},"inLanguage":"sq-AL","potentialAction":[{"@type":"ReadAction","target":["https:\/\/fjala.info\/2009-2015\/shqiperia-ne-filmin-e-silvester-stalone-nje-vend-rrumpalle\/"]}]},{"@type":"ImageObject","inLanguage":"sq-AL","@id":"https:\/\/fjala.info\/2009-2015\/shqiperia-ne-filmin-e-silvester-stalone-nje-vend-rrumpalle\/#primaryimage","url":"http:\/\/www.fjala.info\/2012\/the_expendables_2.jpg","contentUrl":"http:\/\/www.fjala.info\/2012\/the_expendables_2.jpg"},{"@type":"BreadcrumbList","@id":"https:\/\/fjala.info\/2009-2015\/shqiperia-ne-filmin-e-silvester-stalone-nje-vend-rrumpalle\/#breadcrumb","itemListElement":[{"@type":"ListItem","position":1,"name":"Home","item":"https:\/\/fjala.info\/2009-2015\/"},{"@type":"ListItem","position":2,"name":"Shqip\u00ebria n\u00eb filmin e Silvester Stalone, nj\u00eb vend rrumpall\u00eb"}]},{"@type":"WebSite","@id":"https:\/\/fjala.info\/2009-2015\/#website","url":"https:\/\/fjala.info\/2009-2015\/","name":"FjALA e LIR\u00cb - Arkivi","description":"Arkivi 2009-2015","publisher":{"@id":"https:\/\/fjala.info\/2009-2015\/#organization"},"potentialAction":[{"@type":"SearchAction","target":{"@type":"EntryPoint","urlTemplate":"https:\/\/fjala.info\/2009-2015\/?s={search_term_string}"},"query-input":{"@type":"PropertyValueSpecification","valueRequired":true,"valueName":"search_term_string"}}],"inLanguage":"sq-AL"},{"@type":"Organization","@id":"https:\/\/fjala.info\/2009-2015\/#organization","name":"FjALA e LIR\u00cb - Arkivi","url":"https:\/\/fjala.info\/2009-2015\/","logo":{"@type":"ImageObject","inLanguage":"sq-AL","@id":"https:\/\/fjala.info\/2009-2015\/#\/schema\/logo\/image\/","url":"","contentUrl":"","caption":"FjALA e LIR\u00cb - Arkivi"},"image":{"@id":"https:\/\/fjala.info\/2009-2015\/#\/schema\/logo\/image\/"}},{"@type":"Person","@id":"https:\/\/fjala.info\/2009-2015\/#\/schema\/person\/3aa1163ef05469c496fc94e77611ada2","name":"admin","image":{"@type":"ImageObject","inLanguage":"sq-AL","@id":"https:\/\/fjala.info\/2009-2015\/wp-content\/uploads\/2012\/02\/arben_cokaj-120x150.jpg","url":"https:\/\/fjala.info\/2009-2015\/wp-content\/uploads\/2012\/02\/arben_cokaj-120x150.jpg","contentUrl":"https:\/\/fjala.info\/2009-2015\/wp-content\/uploads\/2012\/02\/arben_cokaj-120x150.jpg","caption":"admin"},"description":"Admin, Fjala e Lir\u00eb","sameAs":["https:\/\/fjala.info\/"],"url":"https:\/\/fjala.info\/2009-2015\/author\/admin\/"}]}},"_links":{"self":[{"href":"https:\/\/fjala.info\/2009-2015\/wp-json\/wp\/v2\/posts\/4519","targetHints":{"allow":["GET"]}}],"collection":[{"href":"https:\/\/fjala.info\/2009-2015\/wp-json\/wp\/v2\/posts"}],"about":[{"href":"https:\/\/fjala.info\/2009-2015\/wp-json\/wp\/v2\/types\/post"}],"author":[{"embeddable":true,"href":"https:\/\/fjala.info\/2009-2015\/wp-json\/wp\/v2\/users\/1"}],"replies":[{"embeddable":true,"href":"https:\/\/fjala.info\/2009-2015\/wp-json\/wp\/v2\/comments?post=4519"}],"version-history":[{"count":0,"href":"https:\/\/fjala.info\/2009-2015\/wp-json\/wp\/v2\/posts\/4519\/revisions"}],"wp:attachment":[{"href":"https:\/\/fjala.info\/2009-2015\/wp-json\/wp\/v2\/media?parent=4519"}],"wp:term":[{"taxonomy":"category","embeddable":true,"href":"https:\/\/fjala.info\/2009-2015\/wp-json\/wp\/v2\/categories?post=4519"},{"taxonomy":"post_tag","embeddable":true,"href":"https:\/\/fjala.info\/2009-2015\/wp-json\/wp\/v2\/tags?post=4519"}],"curies":[{"name":"wp","href":"https:\/\/api.w.org\/{rel}","templated":true}]}}