{"id":4518,"date":"2010-10-29T20:44:33","date_gmt":"2010-10-29T19:44:33","guid":{"rendered":"http:\/\/fjala.shkoder.net\/?p=4518"},"modified":"2010-10-29T20:44:33","modified_gmt":"2010-10-29T19:44:33","slug":"kunder-vendimit-per-prishjen-e-piramides","status":"publish","type":"post","link":"https:\/\/fjala.info\/2009-2015\/kunder-vendimit-per-prishjen-e-piramides\/","title":{"rendered":"Kund\u00ebr vendimit p\u00ebr prishjen e Piramid\u00ebs"},"content":{"rendered":"<p><img loading=\"lazy\" decoding=\"async\" class=\"alignright size-full wp-image-4519\" title=\"Blendi Kajsiu\" src=\"http:\/\/fjala.shkoder.net\/wp-content\/uploads\/2010\/10\/blendi_kajsiu.jpg\" alt=\"\" width=\"60\" height=\"61\" \/><br \/>\nNga: <strong>BLENDI KAJSIU<\/strong>, <em>29 Tetor 2010<\/em><\/p>\n<p>Vendimi p\u00ebr shembjen e Piramid\u00ebs aktuale dhe ngritjen aty t\u00eb nj\u00eb godine p\u00ebr Parlamentin \u00ebsht\u00eb n\u00eb thelb nj\u00eb vendim piramidal. Ai \u00ebsht\u00eb nj\u00eb vendim q\u00eb \u00ebsht\u00eb marr\u00eb nga maja e piramid\u00ebs shtet\u00ebrore, n\u00eb m\u00ebnyr\u00eb sa arbitrare, aq edhe jo transparente. Asnj\u00eb debat publik mes historian\u00ebsh, urbanist\u00ebsh apo arkitekt\u00ebsh nuk \u00ebsht\u00eb zhvilluar as p\u00ebr prishjen e Piramid\u00ebs, dhe as p\u00ebr nd\u00ebrtimin e godin\u00ebs s\u00eb Parlamentit n\u00eb vend t\u00eb saj. Pa folur p\u00ebr konsultimin me qytetar\u00ebt, q\u00eb trajtohen si jabanxhinj n\u00eb qytetin e tyre. Ata jan\u00eb p\u00ebrball\u00eb nj\u00eb fakti t\u00eb kryer; duan apo s&#8217;duan, Piramida do shembet dhe aty do ngrihet Parlamenti. Ekzekutivi sillet sikur kryeqytetin ta ket\u00eb pron\u00eb private ku mund t\u00eb nd\u00ebrhyj\u00eb sipas mides\u00eb.<\/p>\n<p>N\u00eb k\u00ebt\u00eb aspekt, vendimi p\u00ebr prishjen e Piramid\u00ebs \u00ebsht\u00eb identik me vendimin p\u00ebr ngritjen e saj. Piramida dje u nd\u00ebrtua me t\u00eb nj\u00ebjt\u00ebn arroganc\u00eb dhe munges\u00eb transparence nga piramida komuniste. Nuk pati asnj\u00eb debat publik p\u00ebrpara ngritjes s\u00eb saj. Vendimi thjesht u mor &#8216;nga lart&#8217;. Qytetar\u00ebt u p\u00ebrball\u00ebn me nj\u00eb fakt t\u00eb kryer. N\u00eb zem\u00ebr t\u00eb qytetit t\u00eb tyre u ngrit nj\u00eb piramid\u00eb, sepse k\u00ebshtu kishte vendosur udh\u00ebheqja komuniste, q\u00eb Tiran\u00ebn dhe Shqip\u00ebrin\u00eb e trajtonte si pron\u00eb private.<\/p>\n<p>N\u00eb t\u00eb dyja rastet kemi t\u00eb b\u00ebjm\u00eb me nj\u00eb vendimmarrje piramidale. \u00cbsht\u00eb nj\u00eb vendimmarrje jo transparente, arrogante dhe q\u00eb buron &#8216;nga lart&#8217;. Problemi si gjithmon\u00eb \u00ebsht\u00eb se n\u00eb vend q\u00eb t\u00eb diskutohet mbi interesin publik, politikat nd\u00ebrtohen mbi interesin e ngusht\u00eb t\u00eb atyre n\u00eb pushtet.<br \/>\nN\u00eb rastin konkret, Kryeministri Berisha deklaron se Piramida duhet zhdukur p\u00ebr t\u00eb hequr qafe kujtimin e Enver Hoxh\u00ebs.<\/p>\n<p>T\u00eb gjith\u00eb mund ta kuptojm\u00eb dhe madje t\u00eb na vij\u00eb keq q\u00eb Berish\u00ebn ende e mundon kujtimi i Enver Hoxh\u00ebs. Ama ky nuk \u00ebsht\u00eb nj\u00eb shqet\u00ebsim mbar\u00eb popullor. Shumica e popullat\u00ebs, kur shohin Piramid\u00ebn, nuk tronditen nga kujtimi i Enverit. Pjesa m\u00eb e madhe, sidomos t\u00eb rinjt\u00eb, e kan\u00eb harruar jo vet\u00ebm Enverin por edhe vet\u00eb t\u00eb kaluar\u00ebn komuniste. Ndaj nga aspekti historik, Piramida duhet t\u00eb mbetet aty ku \u00ebsht\u00eb, minimalisht q\u00eb brezat e rinj t\u00eb mos e harrojn\u00eb diktatur\u00ebn komuniste dhe arkitektin e saj, Hoxha.<\/p>\n<p>Por akoma m\u00eb i r\u00ebnd\u00ebsish\u00ebm se aspekti historik \u00ebsht\u00eb aspekti publik i Piramid\u00ebs. P\u00ebr qytetar\u00ebt e Tiran\u00ebs, Piramida \u00ebsht\u00eb nj\u00eb hap\u00ebsir\u00eb publike rreth t\u00eb cil\u00ebs ata mund t\u00eb sh\u00ebtisin, t\u00eb ulen, t\u00eb takohen, t\u00eb b\u00ebjn\u00eb sehir, muhabet, etj., etj. Piramida ka qen\u00eb nd\u00ebr t\u00eb paktat nd\u00ebrtesa qendrore n\u00eb Tiran\u00eb t\u00eb hapura p\u00ebr publikun. T\u00eb gjith\u00eb nd\u00ebrtesat e tjera qeveritare jan\u00eb t\u00eb mbyllura dhe t\u00eb ruajtura me ushtar\u00eb ose bodiguard\u00eb. Vilat qeveritare n\u00eb bllok me kopshtet e tyre t\u00eb bukura jan\u00eb t\u00eb mbyllura p\u00ebr publikun. Lulishtja e bukur brenda zyrave t\u00eb Parlamentit (ish-komiteti qendror) gjithashtu. Po k\u00ebshtu, edhe parku apo lulishtja rreth godin\u00ebs s\u00eb Kuvendit t\u00eb Shqip\u00ebris\u00eb. Po k\u00ebshtu, edhe Pallati i Kongreseve (q\u00eb si nd\u00ebrtes\u00eb komuniste duhet prishur). Ashtu sikurse edhe hap\u00ebsirat e gjelbra brenda sht\u00ebpis\u00eb s\u00eb ushtris\u00eb.<\/p>\n<p>N\u00eb kushte t\u00eb tilla, nd\u00ebrtimi i Parlamentit shqiptar aty ku sot \u00ebsht\u00eb Piramida, rrezikon q\u00eb t\u00eb eliminoj\u00eb nj\u00eb hap\u00ebsir\u00eb publike n\u00eb zem\u00ebr t\u00eb Tiran\u00ebs, q\u00eb sot p\u00ebrdoret nga qytetar\u00ebt e thjesht\u00eb. Ai rrezikon t\u00eb krijoj\u00eb nj\u00eb hap\u00ebsir\u00eb m\u00eb shum\u00eb t\u00eb rrethuar me ushtar\u00eb e bodiguard\u00eb, q\u00eb qytetar\u00ebt mund ta shikojn\u00eb, por jo ta shijojn\u00eb. Ndaj ka rrezik q\u00eb Piramida e Enverit t\u00eb z\u00ebvend\u00ebsohet me nj\u00eb piramid\u00eb t\u00eb re. Vet\u00ebm se kjo e fundit do jet\u00eb e mbyllur p\u00ebr qytetar\u00ebt. Edhe pse nd\u00ebrtohet n\u00eb em\u00ebr t\u00eb tyre.<\/p>\n","protected":false},"excerpt":{"rendered":"<p>Nga: BLENDI KAJSIU, 29 Tetor 2010 Vendimi p\u00ebr shembjen e Piramid\u00ebs aktuale dhe ngritjen aty t\u00eb nj\u00eb godine p\u00ebr Parlamentin \u00ebsht\u00eb n\u00eb thelb nj\u00eb vendim piramidal. Ai \u00ebsht\u00eb nj\u00eb vendim q\u00eb \u00ebsht\u00eb marr\u00eb nga maja e piramid\u00ebs shtet\u00ebrore, n\u00eb m\u00ebnyr\u00eb sa arbitrare, aq edhe jo transparente. Asnj\u00eb debat publik mes historian\u00ebsh, urbanist\u00ebsh apo arkitekt\u00ebsh nuk [&hellip;]<\/p>\n","protected":false},"author":1,"featured_media":0,"comment_status":"open","ping_status":"closed","sticky":false,"template":"","format":"standard","meta":{"footnotes":""},"categories":[2],"tags":[],"class_list":{"0":"post-4518","1":"post","2":"type-post","3":"status-publish","4":"format-standard","6":"category-artikuj"},"yoast_head":"<!-- This site is optimized with the Yoast SEO plugin v27.4 - https:\/\/yoast.com\/product\/yoast-seo-wordpress\/ -->\n<title>Kund\u00ebr vendimit p\u00ebr prishjen e Piramid\u00ebs - FjALA e LIR\u00cb - Arkivi<\/title>\n<meta name=\"robots\" content=\"index, follow, max-snippet:-1, max-image-preview:large, max-video-preview:-1\" \/>\n<link rel=\"canonical\" href=\"https:\/\/fjala.info\/2009-2015\/kunder-vendimit-per-prishjen-e-piramides\/\" \/>\n<meta property=\"og:locale\" content=\"sq_AL\" \/>\n<meta property=\"og:type\" content=\"article\" \/>\n<meta property=\"og:title\" content=\"Kund\u00ebr vendimit p\u00ebr prishjen e Piramid\u00ebs - FjALA e LIR\u00cb - Arkivi\" \/>\n<meta property=\"og:description\" content=\"Nga: BLENDI KAJSIU, 29 Tetor 2010 Vendimi p\u00ebr shembjen e Piramid\u00ebs aktuale dhe ngritjen aty t\u00eb nj\u00eb godine p\u00ebr Parlamentin \u00ebsht\u00eb n\u00eb thelb nj\u00eb vendim piramidal. Ai \u00ebsht\u00eb nj\u00eb vendim q\u00eb \u00ebsht\u00eb marr\u00eb nga maja e piramid\u00ebs shtet\u00ebrore, n\u00eb m\u00ebnyr\u00eb sa arbitrare, aq edhe jo transparente. Asnj\u00eb debat publik mes historian\u00ebsh, urbanist\u00ebsh apo arkitekt\u00ebsh nuk [&hellip;]\" \/>\n<meta property=\"og:url\" content=\"https:\/\/fjala.info\/2009-2015\/kunder-vendimit-per-prishjen-e-piramides\/\" \/>\n<meta property=\"og:site_name\" content=\"FjALA e LIR\u00cb - Arkivi\" \/>\n<meta property=\"article:published_time\" content=\"2010-10-29T19:44:33+00:00\" \/>\n<meta property=\"og:image\" content=\"http:\/\/fjala.shkoder.net\/wp-content\/uploads\/2010\/10\/blendi_kajsiu.jpg\" \/>\n<meta name=\"author\" content=\"admin\" \/>\n<meta name=\"twitter:card\" content=\"summary_large_image\" \/>\n<meta name=\"twitter:label1\" content=\"Written by\" \/>\n\t<meta name=\"twitter:data1\" content=\"admin\" \/>\n\t<meta name=\"twitter:label2\" content=\"Est. reading time\" \/>\n\t<meta name=\"twitter:data2\" content=\"3 minutes\" \/>\n<script type=\"application\/ld+json\" class=\"yoast-schema-graph\">{\"@context\":\"https:\\\/\\\/schema.org\",\"@graph\":[{\"@type\":\"Article\",\"@id\":\"https:\\\/\\\/fjala.info\\\/2009-2015\\\/kunder-vendimit-per-prishjen-e-piramides\\\/#article\",\"isPartOf\":{\"@id\":\"https:\\\/\\\/fjala.info\\\/2009-2015\\\/kunder-vendimit-per-prishjen-e-piramides\\\/\"},\"author\":{\"name\":\"admin\",\"@id\":\"https:\\\/\\\/fjala.info\\\/2009-2015\\\/#\\\/schema\\\/person\\\/3aa1163ef05469c496fc94e77611ada2\"},\"headline\":\"Kund\u00ebr vendimit p\u00ebr prishjen e Piramid\u00ebs\",\"datePublished\":\"2010-10-29T19:44:33+00:00\",\"mainEntityOfPage\":{\"@id\":\"https:\\\/\\\/fjala.info\\\/2009-2015\\\/kunder-vendimit-per-prishjen-e-piramides\\\/\"},\"wordCount\":653,\"commentCount\":0,\"publisher\":{\"@id\":\"https:\\\/\\\/fjala.info\\\/2009-2015\\\/#organization\"},\"image\":{\"@id\":\"https:\\\/\\\/fjala.info\\\/2009-2015\\\/kunder-vendimit-per-prishjen-e-piramides\\\/#primaryimage\"},\"thumbnailUrl\":\"http:\\\/\\\/fjala.shkoder.net\\\/wp-content\\\/uploads\\\/2010\\\/10\\\/blendi_kajsiu.jpg\",\"articleSection\":[\"Artikuj\"],\"inLanguage\":\"sq-AL\",\"potentialAction\":[{\"@type\":\"CommentAction\",\"name\":\"Comment\",\"target\":[\"https:\\\/\\\/fjala.info\\\/2009-2015\\\/kunder-vendimit-per-prishjen-e-piramides\\\/#respond\"]}]},{\"@type\":\"WebPage\",\"@id\":\"https:\\\/\\\/fjala.info\\\/2009-2015\\\/kunder-vendimit-per-prishjen-e-piramides\\\/\",\"url\":\"https:\\\/\\\/fjala.info\\\/2009-2015\\\/kunder-vendimit-per-prishjen-e-piramides\\\/\",\"name\":\"Kund\u00ebr vendimit p\u00ebr prishjen e Piramid\u00ebs - FjALA e LIR\u00cb - Arkivi\",\"isPartOf\":{\"@id\":\"https:\\\/\\\/fjala.info\\\/2009-2015\\\/#website\"},\"primaryImageOfPage\":{\"@id\":\"https:\\\/\\\/fjala.info\\\/2009-2015\\\/kunder-vendimit-per-prishjen-e-piramides\\\/#primaryimage\"},\"image\":{\"@id\":\"https:\\\/\\\/fjala.info\\\/2009-2015\\\/kunder-vendimit-per-prishjen-e-piramides\\\/#primaryimage\"},\"thumbnailUrl\":\"http:\\\/\\\/fjala.shkoder.net\\\/wp-content\\\/uploads\\\/2010\\\/10\\\/blendi_kajsiu.jpg\",\"datePublished\":\"2010-10-29T19:44:33+00:00\",\"breadcrumb\":{\"@id\":\"https:\\\/\\\/fjala.info\\\/2009-2015\\\/kunder-vendimit-per-prishjen-e-piramides\\\/#breadcrumb\"},\"inLanguage\":\"sq-AL\",\"potentialAction\":[{\"@type\":\"ReadAction\",\"target\":[\"https:\\\/\\\/fjala.info\\\/2009-2015\\\/kunder-vendimit-per-prishjen-e-piramides\\\/\"]}]},{\"@type\":\"ImageObject\",\"inLanguage\":\"sq-AL\",\"@id\":\"https:\\\/\\\/fjala.info\\\/2009-2015\\\/kunder-vendimit-per-prishjen-e-piramides\\\/#primaryimage\",\"url\":\"http:\\\/\\\/fjala.shkoder.net\\\/wp-content\\\/uploads\\\/2010\\\/10\\\/blendi_kajsiu.jpg\",\"contentUrl\":\"http:\\\/\\\/fjala.shkoder.net\\\/wp-content\\\/uploads\\\/2010\\\/10\\\/blendi_kajsiu.jpg\"},{\"@type\":\"BreadcrumbList\",\"@id\":\"https:\\\/\\\/fjala.info\\\/2009-2015\\\/kunder-vendimit-per-prishjen-e-piramides\\\/#breadcrumb\",\"itemListElement\":[{\"@type\":\"ListItem\",\"position\":1,\"name\":\"Home\",\"item\":\"https:\\\/\\\/fjala.info\\\/2009-2015\\\/\"},{\"@type\":\"ListItem\",\"position\":2,\"name\":\"Kund\u00ebr vendimit p\u00ebr prishjen e Piramid\u00ebs\"}]},{\"@type\":\"WebSite\",\"@id\":\"https:\\\/\\\/fjala.info\\\/2009-2015\\\/#website\",\"url\":\"https:\\\/\\\/fjala.info\\\/2009-2015\\\/\",\"name\":\"FjALA e LIR\u00cb - Arkivi\",\"description\":\"Arkivi 2009-2015\",\"publisher\":{\"@id\":\"https:\\\/\\\/fjala.info\\\/2009-2015\\\/#organization\"},\"potentialAction\":[{\"@type\":\"SearchAction\",\"target\":{\"@type\":\"EntryPoint\",\"urlTemplate\":\"https:\\\/\\\/fjala.info\\\/2009-2015\\\/?s={search_term_string}\"},\"query-input\":{\"@type\":\"PropertyValueSpecification\",\"valueRequired\":true,\"valueName\":\"search_term_string\"}}],\"inLanguage\":\"sq-AL\"},{\"@type\":\"Organization\",\"@id\":\"https:\\\/\\\/fjala.info\\\/2009-2015\\\/#organization\",\"name\":\"FjALA e LIR\u00cb - Arkivi\",\"url\":\"https:\\\/\\\/fjala.info\\\/2009-2015\\\/\",\"logo\":{\"@type\":\"ImageObject\",\"inLanguage\":\"sq-AL\",\"@id\":\"https:\\\/\\\/fjala.info\\\/2009-2015\\\/#\\\/schema\\\/logo\\\/image\\\/\",\"url\":\"\",\"contentUrl\":\"\",\"caption\":\"FjALA e LIR\u00cb - Arkivi\"},\"image\":{\"@id\":\"https:\\\/\\\/fjala.info\\\/2009-2015\\\/#\\\/schema\\\/logo\\\/image\\\/\"}},{\"@type\":\"Person\",\"@id\":\"https:\\\/\\\/fjala.info\\\/2009-2015\\\/#\\\/schema\\\/person\\\/3aa1163ef05469c496fc94e77611ada2\",\"name\":\"admin\",\"image\":{\"@type\":\"ImageObject\",\"inLanguage\":\"sq-AL\",\"@id\":\"https:\\\/\\\/fjala.info\\\/2009-2015\\\/wp-content\\\/uploads\\\/2012\\\/02\\\/arben_cokaj-120x150.jpg\",\"url\":\"https:\\\/\\\/fjala.info\\\/2009-2015\\\/wp-content\\\/uploads\\\/2012\\\/02\\\/arben_cokaj-120x150.jpg\",\"contentUrl\":\"https:\\\/\\\/fjala.info\\\/2009-2015\\\/wp-content\\\/uploads\\\/2012\\\/02\\\/arben_cokaj-120x150.jpg\",\"caption\":\"admin\"},\"description\":\"Admin, Fjala e Lir\u00eb\",\"sameAs\":[\"https:\\\/\\\/fjala.info\\\/\"],\"url\":\"https:\\\/\\\/fjala.info\\\/2009-2015\\\/author\\\/admin\\\/\"}]}<\/script>\n<!-- \/ Yoast SEO plugin. -->","yoast_head_json":{"title":"Kund\u00ebr vendimit p\u00ebr prishjen e Piramid\u00ebs - FjALA e LIR\u00cb - Arkivi","robots":{"index":"index","follow":"follow","max-snippet":"max-snippet:-1","max-image-preview":"max-image-preview:large","max-video-preview":"max-video-preview:-1"},"canonical":"https:\/\/fjala.info\/2009-2015\/kunder-vendimit-per-prishjen-e-piramides\/","og_locale":"sq_AL","og_type":"article","og_title":"Kund\u00ebr vendimit p\u00ebr prishjen e Piramid\u00ebs - FjALA e LIR\u00cb - Arkivi","og_description":"Nga: BLENDI KAJSIU, 29 Tetor 2010 Vendimi p\u00ebr shembjen e Piramid\u00ebs aktuale dhe ngritjen aty t\u00eb nj\u00eb godine p\u00ebr Parlamentin \u00ebsht\u00eb n\u00eb thelb nj\u00eb vendim piramidal. Ai \u00ebsht\u00eb nj\u00eb vendim q\u00eb \u00ebsht\u00eb marr\u00eb nga maja e piramid\u00ebs shtet\u00ebrore, n\u00eb m\u00ebnyr\u00eb sa arbitrare, aq edhe jo transparente. Asnj\u00eb debat publik mes historian\u00ebsh, urbanist\u00ebsh apo arkitekt\u00ebsh nuk [&hellip;]","og_url":"https:\/\/fjala.info\/2009-2015\/kunder-vendimit-per-prishjen-e-piramides\/","og_site_name":"FjALA e LIR\u00cb - Arkivi","article_published_time":"2010-10-29T19:44:33+00:00","og_image":[{"url":"http:\/\/fjala.shkoder.net\/wp-content\/uploads\/2010\/10\/blendi_kajsiu.jpg","type":"","width":"","height":""}],"author":"admin","twitter_card":"summary_large_image","twitter_misc":{"Written by":"admin","Est. reading time":"3 minutes"},"schema":{"@context":"https:\/\/schema.org","@graph":[{"@type":"Article","@id":"https:\/\/fjala.info\/2009-2015\/kunder-vendimit-per-prishjen-e-piramides\/#article","isPartOf":{"@id":"https:\/\/fjala.info\/2009-2015\/kunder-vendimit-per-prishjen-e-piramides\/"},"author":{"name":"admin","@id":"https:\/\/fjala.info\/2009-2015\/#\/schema\/person\/3aa1163ef05469c496fc94e77611ada2"},"headline":"Kund\u00ebr vendimit p\u00ebr prishjen e Piramid\u00ebs","datePublished":"2010-10-29T19:44:33+00:00","mainEntityOfPage":{"@id":"https:\/\/fjala.info\/2009-2015\/kunder-vendimit-per-prishjen-e-piramides\/"},"wordCount":653,"commentCount":0,"publisher":{"@id":"https:\/\/fjala.info\/2009-2015\/#organization"},"image":{"@id":"https:\/\/fjala.info\/2009-2015\/kunder-vendimit-per-prishjen-e-piramides\/#primaryimage"},"thumbnailUrl":"http:\/\/fjala.shkoder.net\/wp-content\/uploads\/2010\/10\/blendi_kajsiu.jpg","articleSection":["Artikuj"],"inLanguage":"sq-AL","potentialAction":[{"@type":"CommentAction","name":"Comment","target":["https:\/\/fjala.info\/2009-2015\/kunder-vendimit-per-prishjen-e-piramides\/#respond"]}]},{"@type":"WebPage","@id":"https:\/\/fjala.info\/2009-2015\/kunder-vendimit-per-prishjen-e-piramides\/","url":"https:\/\/fjala.info\/2009-2015\/kunder-vendimit-per-prishjen-e-piramides\/","name":"Kund\u00ebr vendimit p\u00ebr prishjen e Piramid\u00ebs - FjALA e LIR\u00cb - Arkivi","isPartOf":{"@id":"https:\/\/fjala.info\/2009-2015\/#website"},"primaryImageOfPage":{"@id":"https:\/\/fjala.info\/2009-2015\/kunder-vendimit-per-prishjen-e-piramides\/#primaryimage"},"image":{"@id":"https:\/\/fjala.info\/2009-2015\/kunder-vendimit-per-prishjen-e-piramides\/#primaryimage"},"thumbnailUrl":"http:\/\/fjala.shkoder.net\/wp-content\/uploads\/2010\/10\/blendi_kajsiu.jpg","datePublished":"2010-10-29T19:44:33+00:00","breadcrumb":{"@id":"https:\/\/fjala.info\/2009-2015\/kunder-vendimit-per-prishjen-e-piramides\/#breadcrumb"},"inLanguage":"sq-AL","potentialAction":[{"@type":"ReadAction","target":["https:\/\/fjala.info\/2009-2015\/kunder-vendimit-per-prishjen-e-piramides\/"]}]},{"@type":"ImageObject","inLanguage":"sq-AL","@id":"https:\/\/fjala.info\/2009-2015\/kunder-vendimit-per-prishjen-e-piramides\/#primaryimage","url":"http:\/\/fjala.shkoder.net\/wp-content\/uploads\/2010\/10\/blendi_kajsiu.jpg","contentUrl":"http:\/\/fjala.shkoder.net\/wp-content\/uploads\/2010\/10\/blendi_kajsiu.jpg"},{"@type":"BreadcrumbList","@id":"https:\/\/fjala.info\/2009-2015\/kunder-vendimit-per-prishjen-e-piramides\/#breadcrumb","itemListElement":[{"@type":"ListItem","position":1,"name":"Home","item":"https:\/\/fjala.info\/2009-2015\/"},{"@type":"ListItem","position":2,"name":"Kund\u00ebr vendimit p\u00ebr prishjen e Piramid\u00ebs"}]},{"@type":"WebSite","@id":"https:\/\/fjala.info\/2009-2015\/#website","url":"https:\/\/fjala.info\/2009-2015\/","name":"FjALA e LIR\u00cb - Arkivi","description":"Arkivi 2009-2015","publisher":{"@id":"https:\/\/fjala.info\/2009-2015\/#organization"},"potentialAction":[{"@type":"SearchAction","target":{"@type":"EntryPoint","urlTemplate":"https:\/\/fjala.info\/2009-2015\/?s={search_term_string}"},"query-input":{"@type":"PropertyValueSpecification","valueRequired":true,"valueName":"search_term_string"}}],"inLanguage":"sq-AL"},{"@type":"Organization","@id":"https:\/\/fjala.info\/2009-2015\/#organization","name":"FjALA e LIR\u00cb - Arkivi","url":"https:\/\/fjala.info\/2009-2015\/","logo":{"@type":"ImageObject","inLanguage":"sq-AL","@id":"https:\/\/fjala.info\/2009-2015\/#\/schema\/logo\/image\/","url":"","contentUrl":"","caption":"FjALA e LIR\u00cb - Arkivi"},"image":{"@id":"https:\/\/fjala.info\/2009-2015\/#\/schema\/logo\/image\/"}},{"@type":"Person","@id":"https:\/\/fjala.info\/2009-2015\/#\/schema\/person\/3aa1163ef05469c496fc94e77611ada2","name":"admin","image":{"@type":"ImageObject","inLanguage":"sq-AL","@id":"https:\/\/fjala.info\/2009-2015\/wp-content\/uploads\/2012\/02\/arben_cokaj-120x150.jpg","url":"https:\/\/fjala.info\/2009-2015\/wp-content\/uploads\/2012\/02\/arben_cokaj-120x150.jpg","contentUrl":"https:\/\/fjala.info\/2009-2015\/wp-content\/uploads\/2012\/02\/arben_cokaj-120x150.jpg","caption":"admin"},"description":"Admin, Fjala e Lir\u00eb","sameAs":["https:\/\/fjala.info\/"],"url":"https:\/\/fjala.info\/2009-2015\/author\/admin\/"}]}},"_links":{"self":[{"href":"https:\/\/fjala.info\/2009-2015\/wp-json\/wp\/v2\/posts\/4518","targetHints":{"allow":["GET"]}}],"collection":[{"href":"https:\/\/fjala.info\/2009-2015\/wp-json\/wp\/v2\/posts"}],"about":[{"href":"https:\/\/fjala.info\/2009-2015\/wp-json\/wp\/v2\/types\/post"}],"author":[{"embeddable":true,"href":"https:\/\/fjala.info\/2009-2015\/wp-json\/wp\/v2\/users\/1"}],"replies":[{"embeddable":true,"href":"https:\/\/fjala.info\/2009-2015\/wp-json\/wp\/v2\/comments?post=4518"}],"version-history":[{"count":0,"href":"https:\/\/fjala.info\/2009-2015\/wp-json\/wp\/v2\/posts\/4518\/revisions"}],"wp:attachment":[{"href":"https:\/\/fjala.info\/2009-2015\/wp-json\/wp\/v2\/media?parent=4518"}],"wp:term":[{"taxonomy":"category","embeddable":true,"href":"https:\/\/fjala.info\/2009-2015\/wp-json\/wp\/v2\/categories?post=4518"},{"taxonomy":"post_tag","embeddable":true,"href":"https:\/\/fjala.info\/2009-2015\/wp-json\/wp\/v2\/tags?post=4518"}],"curies":[{"name":"wp","href":"https:\/\/api.w.org\/{rel}","templated":true}]}}