{"id":4517,"date":"2012-08-20T06:57:43","date_gmt":"2012-08-20T05:57:43","guid":{"rendered":"http:\/\/www.fjala.info\/?p=4517"},"modified":"2012-08-20T06:57:43","modified_gmt":"2012-08-20T05:57:43","slug":"inxhinieri-i-ri-shqiptar-nepunesi-me-i-ri-i-gjigantit-danez-te-naftes","status":"publish","type":"post","link":"https:\/\/fjala.info\/2009-2015\/inxhinieri-i-ri-shqiptar-nepunesi-me-i-ri-i-gjigantit-danez-te-naftes\/","title":{"rendered":"Inxhinieri i ri shqiptar, n\u00ebpun\u00ebsi m\u00eb i ri i gjigantit danez t\u00eb naft\u00ebs"},"content":{"rendered":"<p><img decoding=\"async\" class=\"alignright size-thumbnail wp-image-7236\" title=\"Ledian Selimaj\" src=\"http:\/\/www.fjala.info\/2012\/ledian_selimaj.jpg\" alt=\"\" width=\"300\" \/> <strong>Shekulli<\/strong>, <em>19.08.2012<\/em><\/p>\n<p>Ledian Selimaj \u00ebsht\u00eb n\u00ebpun\u00ebsi m\u00eb i ri i kompanis\u00eb daneze nd\u00ebrkomb\u00ebtare t\u00eb naft\u00ebs dhe gazit Maersk Oil n\u00eb Kopenhagen, Danimak\u00eb. Si\u00e7 mund ta kuptoni nga emri, Lediani \u00ebsht\u00eb shqiptar. Djaloshi i \u201cIsmail Qemalit\u201d Jeton n\u00eb Danimark\u00eb q\u00eb kur fitoi 4 vjet m\u00eb par\u00eb t\u00eb drejt\u00ebn (me burs\u00eb t\u00eb plot\u00eb) p\u00ebr t\u00eb studiuar n\u00eb Universitetin e Inxhinieris\u00eb t\u00eb Kopenhagenit. Asokohe sapo kishte mbaruar me mesatare 9.9 gjimnazin \u201cIsmail Qemali\u201d n\u00eb Tiran\u00eb dhe ishte i kat\u00ebrti n\u00eb list\u00ebn e fituesve p\u00ebr Inxhineri Nd\u00ebrtimi n\u00eb rang komb\u00ebtar. Por donte t\u00eb vijonte jasht\u00eb Shqip\u00ebris\u00eb. Aplikoi n\u00eb disa universitete n\u00ebp\u00ebr bot\u00eb dhe u pranua me burs\u00eb t\u00eb plot\u00eb n\u00eb IHK n\u00eb Kopenhagen.<\/p>\n<p>N\u00eb Siemens pas diplomimit Kur e pyet sot p\u00ebr p\u00ebrvoj\u00ebn daneze universitare thot\u00eb: \u201cM\u00ebnyra e m\u00ebsimit \u00ebsht\u00eb \u201cm\u00ebso duke b\u00ebr\u00eb\u201d. B\u00ebnim shum\u00eb projekte praktike, klasat ishin t\u00eb vogla dhe profesor\u00ebt ishin kurdoher\u00eb t\u00eb gatsh\u00ebm t\u00eb t\u00eb ndihmonin\u201d. Edhe n\u00eb universitetin danez, Lediani shk\u00eblqeu. Ai u zgjodh nga shkolla q\u00eb t\u00eb thellonte dijet n\u00eb nj\u00eb program studentor shk\u00ebmbimi n\u00eb Boston, SHBA, n\u00eb Universitetin Politeknik t\u00eb Uor\u00e7esterit. N\u00eb 2012, menj\u00ebher\u00eb pas diplomimit Lediani p\u00ebrfshihet n\u00eb nj\u00eb projekt nga kompania Siemens.<\/p>\n<p>\u201cU nevojitej ekspertiz\u00eb n\u00eb fush\u00ebn e programimit. Krijuam disa sisteme t\u00eb dh\u00ebnash q\u00eb thjesht\u00ebzonin aksesin nga inxhinier\u00ebt e interesuar. Projekti u krye duke bashk\u00ebpunuar m\u00eb nj\u00eb num\u00ebr t\u00eb madh ekspert\u00ebsh. N\u00eb 1 Mars 2012, revista e brendshme mujore \u201cSiemens Wind Power\u201d botoi nj\u00eb artikull p\u00ebr k\u00ebt\u00eb projekt\u201d \u2013 na tregon Lediani T\u00eb nx\u00ebn\u00ebt nuk mbaron kurr\u00eb Por megjith\u00eb pun\u00ebsimin n\u00eb mosh\u00eb fare t\u00eb re ai nuk e quan t\u00eb mbaruar ciklin e tij t\u00eb studimeve.<\/p>\n<p>K\u00ebt\u00eb vit, Lediani aplikoi p\u00ebr master n\u00eb modelim matematikor programacion n\u00eb DTU (Universitetin Teknik t\u00eb Danimark\u00ebs) dhe arriti t\u00eb fitonte s\u00ebrish nj\u00eb burs\u00eb studimi t\u00eb plot\u00eb. Duhet v\u00ebn\u00eb n\u00eb dukje se shum\u00eb pak student\u00eb nga vende jasht\u00eb BE-s\u00eb mund ta marrin k\u00ebt\u00eb burs\u00eb. Por rezultatet akademike dhe referencat e ndihmuan inxhinierin e ri shqiptar. Pranimi n\u00eb sektorin e naft\u00ebs n\u00eb kompanin\u00eb Maersk Oil ka edhe nj\u00eb rekord m\u00eb vete: ai \u00ebsht\u00eb n\u00ebpun\u00ebsi m\u00eb i ri n\u00eb mosh\u00eb i pun\u00ebsuar n\u00eb gjigantin danez nd\u00ebrkombetar t\u00eb naft\u00ebs dhe gazit.<\/p>\n<p>\u00c7do dit\u00eb me bi\u00e7iklet\u00eb n\u00eb pun\u00eb E mendoni Ledianin si nj\u00eb inxhinier t\u00eb zhytur dit\u00eb-nat\u00eb mes kompjuterit dhe librave me formula? Gabim! Nj\u00eb nga pasionet e t\u00eb riut shqiptar \u00ebsht\u00eb \u00e7iklizmi. \u201cDanez\u00ebt jan\u00eb nj\u00eb popull i \u00e7mendur pas bi\u00e7iklet\u00ebs dhe kjo p\u00ebrkoi me hobin tim\u201d \u2013 thot\u00eb Lediani. Ai shkon n\u00eb pun\u00eb me bi\u00e7iklet\u00eb dhe po me bi\u00e7iklet\u00eb l\u00ebviz brenda Kopenhagenit. Nj\u00eb mesazh bashk\u00ebmoshatar\u00ebve q\u00eb mund t\u00eb lexojn\u00eb historin\u00eb e tij? \u201cNgrejini syt\u00eb dhe shikoni t\u00eb p\u00ebrq\u00ebndruar bot\u00ebn jasht\u00eb vetes. Mbi t\u00eb gjitha kuptojeni at\u00eb\u201d.<\/p>\n","protected":false},"excerpt":{"rendered":"<p>Shekulli, 19.08.2012 Ledian Selimaj \u00ebsht\u00eb n\u00ebpun\u00ebsi m\u00eb i ri i kompanis\u00eb daneze nd\u00ebrkomb\u00ebtare t\u00eb naft\u00ebs dhe gazit Maersk Oil n\u00eb Kopenhagen, Danimak\u00eb. Si\u00e7 mund ta kuptoni nga emri, Lediani \u00ebsht\u00eb shqiptar. Djaloshi i \u201cIsmail Qemalit\u201d Jeton n\u00eb Danimark\u00eb q\u00eb kur fitoi 4 vjet m\u00eb par\u00eb t\u00eb drejt\u00ebn (me burs\u00eb t\u00eb plot\u00eb) p\u00ebr t\u00eb studiuar n\u00eb [&hellip;]<\/p>\n","protected":false},"author":1,"featured_media":0,"comment_status":"open","ping_status":"closed","sticky":false,"template":"","format":"standard","meta":{"footnotes":""},"categories":[2],"tags":[],"class_list":{"0":"post-4517","1":"post","2":"type-post","3":"status-publish","4":"format-standard","6":"category-artikuj"},"yoast_head":"<!-- This site is optimized with the Yoast SEO plugin v27.4 - https:\/\/yoast.com\/product\/yoast-seo-wordpress\/ -->\n<title>Inxhinieri i ri shqiptar, n\u00ebpun\u00ebsi m\u00eb i ri i gjigantit danez t\u00eb naft\u00ebs - FjALA e LIR\u00cb - Arkivi<\/title>\n<meta name=\"robots\" content=\"index, follow, max-snippet:-1, max-image-preview:large, max-video-preview:-1\" \/>\n<link rel=\"canonical\" href=\"https:\/\/fjala.info\/2009-2015\/inxhinieri-i-ri-shqiptar-nepunesi-me-i-ri-i-gjigantit-danez-te-naftes\/\" \/>\n<meta property=\"og:locale\" content=\"sq_AL\" \/>\n<meta property=\"og:type\" content=\"article\" \/>\n<meta property=\"og:title\" content=\"Inxhinieri i ri shqiptar, n\u00ebpun\u00ebsi m\u00eb i ri i gjigantit danez t\u00eb naft\u00ebs - FjALA e LIR\u00cb - Arkivi\" \/>\n<meta property=\"og:description\" content=\"Shekulli, 19.08.2012 Ledian Selimaj \u00ebsht\u00eb n\u00ebpun\u00ebsi m\u00eb i ri i kompanis\u00eb daneze nd\u00ebrkomb\u00ebtare t\u00eb naft\u00ebs dhe gazit Maersk Oil n\u00eb Kopenhagen, Danimak\u00eb. Si\u00e7 mund ta kuptoni nga emri, Lediani \u00ebsht\u00eb shqiptar. Djaloshi i \u201cIsmail Qemalit\u201d Jeton n\u00eb Danimark\u00eb q\u00eb kur fitoi 4 vjet m\u00eb par\u00eb t\u00eb drejt\u00ebn (me burs\u00eb t\u00eb plot\u00eb) p\u00ebr t\u00eb studiuar n\u00eb [&hellip;]\" \/>\n<meta property=\"og:url\" content=\"https:\/\/fjala.info\/2009-2015\/inxhinieri-i-ri-shqiptar-nepunesi-me-i-ri-i-gjigantit-danez-te-naftes\/\" \/>\n<meta property=\"og:site_name\" content=\"FjALA e LIR\u00cb - Arkivi\" \/>\n<meta property=\"article:published_time\" content=\"2012-08-20T05:57:43+00:00\" \/>\n<meta property=\"og:image\" content=\"http:\/\/www.fjala.info\/2012\/ledian_selimaj.jpg\" \/>\n<meta name=\"author\" content=\"admin\" \/>\n<meta name=\"twitter:card\" content=\"summary_large_image\" \/>\n<meta name=\"twitter:label1\" content=\"Written by\" \/>\n\t<meta name=\"twitter:data1\" content=\"admin\" \/>\n\t<meta name=\"twitter:label2\" content=\"Est. reading time\" \/>\n\t<meta name=\"twitter:data2\" content=\"2 minutes\" \/>\n<script type=\"application\/ld+json\" class=\"yoast-schema-graph\">{\"@context\":\"https:\\\/\\\/schema.org\",\"@graph\":[{\"@type\":\"Article\",\"@id\":\"https:\\\/\\\/fjala.info\\\/2009-2015\\\/inxhinieri-i-ri-shqiptar-nepunesi-me-i-ri-i-gjigantit-danez-te-naftes\\\/#article\",\"isPartOf\":{\"@id\":\"https:\\\/\\\/fjala.info\\\/2009-2015\\\/inxhinieri-i-ri-shqiptar-nepunesi-me-i-ri-i-gjigantit-danez-te-naftes\\\/\"},\"author\":{\"name\":\"admin\",\"@id\":\"https:\\\/\\\/fjala.info\\\/2009-2015\\\/#\\\/schema\\\/person\\\/3aa1163ef05469c496fc94e77611ada2\"},\"headline\":\"Inxhinieri i ri shqiptar, n\u00ebpun\u00ebsi m\u00eb i ri i gjigantit danez t\u00eb naft\u00ebs\",\"datePublished\":\"2012-08-20T05:57:43+00:00\",\"mainEntityOfPage\":{\"@id\":\"https:\\\/\\\/fjala.info\\\/2009-2015\\\/inxhinieri-i-ri-shqiptar-nepunesi-me-i-ri-i-gjigantit-danez-te-naftes\\\/\"},\"wordCount\":510,\"commentCount\":0,\"publisher\":{\"@id\":\"https:\\\/\\\/fjala.info\\\/2009-2015\\\/#organization\"},\"image\":{\"@id\":\"https:\\\/\\\/fjala.info\\\/2009-2015\\\/inxhinieri-i-ri-shqiptar-nepunesi-me-i-ri-i-gjigantit-danez-te-naftes\\\/#primaryimage\"},\"thumbnailUrl\":\"http:\\\/\\\/www.fjala.info\\\/2012\\\/ledian_selimaj.jpg\",\"articleSection\":[\"Artikuj\"],\"inLanguage\":\"sq-AL\",\"potentialAction\":[{\"@type\":\"CommentAction\",\"name\":\"Comment\",\"target\":[\"https:\\\/\\\/fjala.info\\\/2009-2015\\\/inxhinieri-i-ri-shqiptar-nepunesi-me-i-ri-i-gjigantit-danez-te-naftes\\\/#respond\"]}]},{\"@type\":\"WebPage\",\"@id\":\"https:\\\/\\\/fjala.info\\\/2009-2015\\\/inxhinieri-i-ri-shqiptar-nepunesi-me-i-ri-i-gjigantit-danez-te-naftes\\\/\",\"url\":\"https:\\\/\\\/fjala.info\\\/2009-2015\\\/inxhinieri-i-ri-shqiptar-nepunesi-me-i-ri-i-gjigantit-danez-te-naftes\\\/\",\"name\":\"Inxhinieri i ri shqiptar, n\u00ebpun\u00ebsi m\u00eb i ri i gjigantit danez t\u00eb naft\u00ebs - FjALA e LIR\u00cb - Arkivi\",\"isPartOf\":{\"@id\":\"https:\\\/\\\/fjala.info\\\/2009-2015\\\/#website\"},\"primaryImageOfPage\":{\"@id\":\"https:\\\/\\\/fjala.info\\\/2009-2015\\\/inxhinieri-i-ri-shqiptar-nepunesi-me-i-ri-i-gjigantit-danez-te-naftes\\\/#primaryimage\"},\"image\":{\"@id\":\"https:\\\/\\\/fjala.info\\\/2009-2015\\\/inxhinieri-i-ri-shqiptar-nepunesi-me-i-ri-i-gjigantit-danez-te-naftes\\\/#primaryimage\"},\"thumbnailUrl\":\"http:\\\/\\\/www.fjala.info\\\/2012\\\/ledian_selimaj.jpg\",\"datePublished\":\"2012-08-20T05:57:43+00:00\",\"breadcrumb\":{\"@id\":\"https:\\\/\\\/fjala.info\\\/2009-2015\\\/inxhinieri-i-ri-shqiptar-nepunesi-me-i-ri-i-gjigantit-danez-te-naftes\\\/#breadcrumb\"},\"inLanguage\":\"sq-AL\",\"potentialAction\":[{\"@type\":\"ReadAction\",\"target\":[\"https:\\\/\\\/fjala.info\\\/2009-2015\\\/inxhinieri-i-ri-shqiptar-nepunesi-me-i-ri-i-gjigantit-danez-te-naftes\\\/\"]}]},{\"@type\":\"ImageObject\",\"inLanguage\":\"sq-AL\",\"@id\":\"https:\\\/\\\/fjala.info\\\/2009-2015\\\/inxhinieri-i-ri-shqiptar-nepunesi-me-i-ri-i-gjigantit-danez-te-naftes\\\/#primaryimage\",\"url\":\"http:\\\/\\\/www.fjala.info\\\/2012\\\/ledian_selimaj.jpg\",\"contentUrl\":\"http:\\\/\\\/www.fjala.info\\\/2012\\\/ledian_selimaj.jpg\"},{\"@type\":\"BreadcrumbList\",\"@id\":\"https:\\\/\\\/fjala.info\\\/2009-2015\\\/inxhinieri-i-ri-shqiptar-nepunesi-me-i-ri-i-gjigantit-danez-te-naftes\\\/#breadcrumb\",\"itemListElement\":[{\"@type\":\"ListItem\",\"position\":1,\"name\":\"Home\",\"item\":\"https:\\\/\\\/fjala.info\\\/2009-2015\\\/\"},{\"@type\":\"ListItem\",\"position\":2,\"name\":\"Inxhinieri i ri shqiptar, n\u00ebpun\u00ebsi m\u00eb i ri i gjigantit danez t\u00eb naft\u00ebs\"}]},{\"@type\":\"WebSite\",\"@id\":\"https:\\\/\\\/fjala.info\\\/2009-2015\\\/#website\",\"url\":\"https:\\\/\\\/fjala.info\\\/2009-2015\\\/\",\"name\":\"FjALA e LIR\u00cb - Arkivi\",\"description\":\"Arkivi 2009-2015\",\"publisher\":{\"@id\":\"https:\\\/\\\/fjala.info\\\/2009-2015\\\/#organization\"},\"potentialAction\":[{\"@type\":\"SearchAction\",\"target\":{\"@type\":\"EntryPoint\",\"urlTemplate\":\"https:\\\/\\\/fjala.info\\\/2009-2015\\\/?s={search_term_string}\"},\"query-input\":{\"@type\":\"PropertyValueSpecification\",\"valueRequired\":true,\"valueName\":\"search_term_string\"}}],\"inLanguage\":\"sq-AL\"},{\"@type\":\"Organization\",\"@id\":\"https:\\\/\\\/fjala.info\\\/2009-2015\\\/#organization\",\"name\":\"FjALA e LIR\u00cb - Arkivi\",\"url\":\"https:\\\/\\\/fjala.info\\\/2009-2015\\\/\",\"logo\":{\"@type\":\"ImageObject\",\"inLanguage\":\"sq-AL\",\"@id\":\"https:\\\/\\\/fjala.info\\\/2009-2015\\\/#\\\/schema\\\/logo\\\/image\\\/\",\"url\":\"\",\"contentUrl\":\"\",\"caption\":\"FjALA e LIR\u00cb - Arkivi\"},\"image\":{\"@id\":\"https:\\\/\\\/fjala.info\\\/2009-2015\\\/#\\\/schema\\\/logo\\\/image\\\/\"}},{\"@type\":\"Person\",\"@id\":\"https:\\\/\\\/fjala.info\\\/2009-2015\\\/#\\\/schema\\\/person\\\/3aa1163ef05469c496fc94e77611ada2\",\"name\":\"admin\",\"image\":{\"@type\":\"ImageObject\",\"inLanguage\":\"sq-AL\",\"@id\":\"https:\\\/\\\/fjala.info\\\/2009-2015\\\/wp-content\\\/uploads\\\/2012\\\/02\\\/arben_cokaj-120x150.jpg\",\"url\":\"https:\\\/\\\/fjala.info\\\/2009-2015\\\/wp-content\\\/uploads\\\/2012\\\/02\\\/arben_cokaj-120x150.jpg\",\"contentUrl\":\"https:\\\/\\\/fjala.info\\\/2009-2015\\\/wp-content\\\/uploads\\\/2012\\\/02\\\/arben_cokaj-120x150.jpg\",\"caption\":\"admin\"},\"description\":\"Admin, Fjala e Lir\u00eb\",\"sameAs\":[\"https:\\\/\\\/fjala.info\\\/\"],\"url\":\"https:\\\/\\\/fjala.info\\\/2009-2015\\\/author\\\/admin\\\/\"}]}<\/script>\n<!-- \/ Yoast SEO plugin. -->","yoast_head_json":{"title":"Inxhinieri i ri shqiptar, n\u00ebpun\u00ebsi m\u00eb i ri i gjigantit danez t\u00eb naft\u00ebs - FjALA e LIR\u00cb - Arkivi","robots":{"index":"index","follow":"follow","max-snippet":"max-snippet:-1","max-image-preview":"max-image-preview:large","max-video-preview":"max-video-preview:-1"},"canonical":"https:\/\/fjala.info\/2009-2015\/inxhinieri-i-ri-shqiptar-nepunesi-me-i-ri-i-gjigantit-danez-te-naftes\/","og_locale":"sq_AL","og_type":"article","og_title":"Inxhinieri i ri shqiptar, n\u00ebpun\u00ebsi m\u00eb i ri i gjigantit danez t\u00eb naft\u00ebs - FjALA e LIR\u00cb - Arkivi","og_description":"Shekulli, 19.08.2012 Ledian Selimaj \u00ebsht\u00eb n\u00ebpun\u00ebsi m\u00eb i ri i kompanis\u00eb daneze nd\u00ebrkomb\u00ebtare t\u00eb naft\u00ebs dhe gazit Maersk Oil n\u00eb Kopenhagen, Danimak\u00eb. Si\u00e7 mund ta kuptoni nga emri, Lediani \u00ebsht\u00eb shqiptar. Djaloshi i \u201cIsmail Qemalit\u201d Jeton n\u00eb Danimark\u00eb q\u00eb kur fitoi 4 vjet m\u00eb par\u00eb t\u00eb drejt\u00ebn (me burs\u00eb t\u00eb plot\u00eb) p\u00ebr t\u00eb studiuar n\u00eb [&hellip;]","og_url":"https:\/\/fjala.info\/2009-2015\/inxhinieri-i-ri-shqiptar-nepunesi-me-i-ri-i-gjigantit-danez-te-naftes\/","og_site_name":"FjALA e LIR\u00cb - Arkivi","article_published_time":"2012-08-20T05:57:43+00:00","og_image":[{"url":"http:\/\/www.fjala.info\/2012\/ledian_selimaj.jpg","type":"","width":"","height":""}],"author":"admin","twitter_card":"summary_large_image","twitter_misc":{"Written by":"admin","Est. reading time":"2 minutes"},"schema":{"@context":"https:\/\/schema.org","@graph":[{"@type":"Article","@id":"https:\/\/fjala.info\/2009-2015\/inxhinieri-i-ri-shqiptar-nepunesi-me-i-ri-i-gjigantit-danez-te-naftes\/#article","isPartOf":{"@id":"https:\/\/fjala.info\/2009-2015\/inxhinieri-i-ri-shqiptar-nepunesi-me-i-ri-i-gjigantit-danez-te-naftes\/"},"author":{"name":"admin","@id":"https:\/\/fjala.info\/2009-2015\/#\/schema\/person\/3aa1163ef05469c496fc94e77611ada2"},"headline":"Inxhinieri i ri shqiptar, n\u00ebpun\u00ebsi m\u00eb i ri i gjigantit danez t\u00eb naft\u00ebs","datePublished":"2012-08-20T05:57:43+00:00","mainEntityOfPage":{"@id":"https:\/\/fjala.info\/2009-2015\/inxhinieri-i-ri-shqiptar-nepunesi-me-i-ri-i-gjigantit-danez-te-naftes\/"},"wordCount":510,"commentCount":0,"publisher":{"@id":"https:\/\/fjala.info\/2009-2015\/#organization"},"image":{"@id":"https:\/\/fjala.info\/2009-2015\/inxhinieri-i-ri-shqiptar-nepunesi-me-i-ri-i-gjigantit-danez-te-naftes\/#primaryimage"},"thumbnailUrl":"http:\/\/www.fjala.info\/2012\/ledian_selimaj.jpg","articleSection":["Artikuj"],"inLanguage":"sq-AL","potentialAction":[{"@type":"CommentAction","name":"Comment","target":["https:\/\/fjala.info\/2009-2015\/inxhinieri-i-ri-shqiptar-nepunesi-me-i-ri-i-gjigantit-danez-te-naftes\/#respond"]}]},{"@type":"WebPage","@id":"https:\/\/fjala.info\/2009-2015\/inxhinieri-i-ri-shqiptar-nepunesi-me-i-ri-i-gjigantit-danez-te-naftes\/","url":"https:\/\/fjala.info\/2009-2015\/inxhinieri-i-ri-shqiptar-nepunesi-me-i-ri-i-gjigantit-danez-te-naftes\/","name":"Inxhinieri i ri shqiptar, n\u00ebpun\u00ebsi m\u00eb i ri i gjigantit danez t\u00eb naft\u00ebs - FjALA e LIR\u00cb - Arkivi","isPartOf":{"@id":"https:\/\/fjala.info\/2009-2015\/#website"},"primaryImageOfPage":{"@id":"https:\/\/fjala.info\/2009-2015\/inxhinieri-i-ri-shqiptar-nepunesi-me-i-ri-i-gjigantit-danez-te-naftes\/#primaryimage"},"image":{"@id":"https:\/\/fjala.info\/2009-2015\/inxhinieri-i-ri-shqiptar-nepunesi-me-i-ri-i-gjigantit-danez-te-naftes\/#primaryimage"},"thumbnailUrl":"http:\/\/www.fjala.info\/2012\/ledian_selimaj.jpg","datePublished":"2012-08-20T05:57:43+00:00","breadcrumb":{"@id":"https:\/\/fjala.info\/2009-2015\/inxhinieri-i-ri-shqiptar-nepunesi-me-i-ri-i-gjigantit-danez-te-naftes\/#breadcrumb"},"inLanguage":"sq-AL","potentialAction":[{"@type":"ReadAction","target":["https:\/\/fjala.info\/2009-2015\/inxhinieri-i-ri-shqiptar-nepunesi-me-i-ri-i-gjigantit-danez-te-naftes\/"]}]},{"@type":"ImageObject","inLanguage":"sq-AL","@id":"https:\/\/fjala.info\/2009-2015\/inxhinieri-i-ri-shqiptar-nepunesi-me-i-ri-i-gjigantit-danez-te-naftes\/#primaryimage","url":"http:\/\/www.fjala.info\/2012\/ledian_selimaj.jpg","contentUrl":"http:\/\/www.fjala.info\/2012\/ledian_selimaj.jpg"},{"@type":"BreadcrumbList","@id":"https:\/\/fjala.info\/2009-2015\/inxhinieri-i-ri-shqiptar-nepunesi-me-i-ri-i-gjigantit-danez-te-naftes\/#breadcrumb","itemListElement":[{"@type":"ListItem","position":1,"name":"Home","item":"https:\/\/fjala.info\/2009-2015\/"},{"@type":"ListItem","position":2,"name":"Inxhinieri i ri shqiptar, n\u00ebpun\u00ebsi m\u00eb i ri i gjigantit danez t\u00eb naft\u00ebs"}]},{"@type":"WebSite","@id":"https:\/\/fjala.info\/2009-2015\/#website","url":"https:\/\/fjala.info\/2009-2015\/","name":"FjALA e LIR\u00cb - Arkivi","description":"Arkivi 2009-2015","publisher":{"@id":"https:\/\/fjala.info\/2009-2015\/#organization"},"potentialAction":[{"@type":"SearchAction","target":{"@type":"EntryPoint","urlTemplate":"https:\/\/fjala.info\/2009-2015\/?s={search_term_string}"},"query-input":{"@type":"PropertyValueSpecification","valueRequired":true,"valueName":"search_term_string"}}],"inLanguage":"sq-AL"},{"@type":"Organization","@id":"https:\/\/fjala.info\/2009-2015\/#organization","name":"FjALA e LIR\u00cb - Arkivi","url":"https:\/\/fjala.info\/2009-2015\/","logo":{"@type":"ImageObject","inLanguage":"sq-AL","@id":"https:\/\/fjala.info\/2009-2015\/#\/schema\/logo\/image\/","url":"","contentUrl":"","caption":"FjALA e LIR\u00cb - Arkivi"},"image":{"@id":"https:\/\/fjala.info\/2009-2015\/#\/schema\/logo\/image\/"}},{"@type":"Person","@id":"https:\/\/fjala.info\/2009-2015\/#\/schema\/person\/3aa1163ef05469c496fc94e77611ada2","name":"admin","image":{"@type":"ImageObject","inLanguage":"sq-AL","@id":"https:\/\/fjala.info\/2009-2015\/wp-content\/uploads\/2012\/02\/arben_cokaj-120x150.jpg","url":"https:\/\/fjala.info\/2009-2015\/wp-content\/uploads\/2012\/02\/arben_cokaj-120x150.jpg","contentUrl":"https:\/\/fjala.info\/2009-2015\/wp-content\/uploads\/2012\/02\/arben_cokaj-120x150.jpg","caption":"admin"},"description":"Admin, Fjala e Lir\u00eb","sameAs":["https:\/\/fjala.info\/"],"url":"https:\/\/fjala.info\/2009-2015\/author\/admin\/"}]}},"_links":{"self":[{"href":"https:\/\/fjala.info\/2009-2015\/wp-json\/wp\/v2\/posts\/4517","targetHints":{"allow":["GET"]}}],"collection":[{"href":"https:\/\/fjala.info\/2009-2015\/wp-json\/wp\/v2\/posts"}],"about":[{"href":"https:\/\/fjala.info\/2009-2015\/wp-json\/wp\/v2\/types\/post"}],"author":[{"embeddable":true,"href":"https:\/\/fjala.info\/2009-2015\/wp-json\/wp\/v2\/users\/1"}],"replies":[{"embeddable":true,"href":"https:\/\/fjala.info\/2009-2015\/wp-json\/wp\/v2\/comments?post=4517"}],"version-history":[{"count":0,"href":"https:\/\/fjala.info\/2009-2015\/wp-json\/wp\/v2\/posts\/4517\/revisions"}],"wp:attachment":[{"href":"https:\/\/fjala.info\/2009-2015\/wp-json\/wp\/v2\/media?parent=4517"}],"wp:term":[{"taxonomy":"category","embeddable":true,"href":"https:\/\/fjala.info\/2009-2015\/wp-json\/wp\/v2\/categories?post=4517"},{"taxonomy":"post_tag","embeddable":true,"href":"https:\/\/fjala.info\/2009-2015\/wp-json\/wp\/v2\/tags?post=4517"}],"curies":[{"name":"wp","href":"https:\/\/api.w.org\/{rel}","templated":true}]}}