{"id":4515,"date":"2012-08-19T21:20:51","date_gmt":"2012-08-19T20:20:51","guid":{"rendered":"http:\/\/www.fjala.info\/?p=4515"},"modified":"2012-08-19T21:20:51","modified_gmt":"2012-08-19T20:20:51","slug":"e-ka-ndare-mendjen","status":"publish","type":"post","link":"https:\/\/fjala.info\/2009-2015\/e-ka-ndare-mendjen\/","title":{"rendered":"E ka ndar\u00eb mendjen"},"content":{"rendered":"<p><img decoding=\"async\" class=\"alignright size-thumbnail wp-image-7236\" title=\"Dritan Hila\" src=\"http:\/\/www.fjala.info\/2012\/dritan_hila.jpg\" alt=\"\" width=\"200\" \/> Nga <strong>Dritan Hila<\/strong>, <em>19 Gusht 2012<\/em><\/p>\n<p>Nuk \u00ebsht\u00eb idiot, kur thot\u00eb q\u00eb Edi Rama dhe Kreshnik Spahiu kan\u00eb intreresa personale n\u00eb hap\u00ebsir\u00ebn detare q\u00eb po rinegociohet nga qeveria e tij. N\u00eb fakt vet\u00ebm nj\u00eb idiot mund ta thot\u00eb, apo nj\u00eb i vonuar mendor mund ta besoj\u00eb k\u00ebt\u00eb deklarim. Por Sali Berisha \u00ebsht\u00eb i djall\u00ebzuar dhe i lig, por jo i \u00e7m\u00ebndur. Ka q\u00ebllim q\u00eb t\u00eb spostoj\u00eb v\u00ebm\u00ebndjen e publikut nga nj\u00eb \u00e7\u00ebshtje madhore si ajo e kufijve detar\u00eb midis Shqip\u00ebris\u00eb dhe Greqis\u00eb, n\u00eb nj\u00eb konflikt ordiner me udh\u00ebheq\u00ebsit e Partis\u00eb Socialiste dhe Aleanc\u00ebs Kuq e Zi. Dhe n\u00eb k\u00ebt\u00eb m\u00ebnyr\u00eb arrin t\u00eb banalizoj\u00eb nj\u00eb \u00e7\u00ebshtje jetike p\u00ebr fatet e kombit.<\/p>\n<p>Sulmon kund\u00ebrshtar\u00ebt e sot\u00ebm dhe nd\u00ebrkoh\u00eb ju heq balt\u00ebn plehrave q\u00eb historia i varrosi. E gjith\u00eb fushata e tij p\u00ebr rehabilitimin e figurave t\u00eb diskretituara me tradh\u00ebti ndaj v\u00ebndit, ka si q\u00ebllim t\u00eb zbeh\u00eb figurat e ndritura. K\u00ebrkon ti barazoj\u00eb vlerat e atyre q\u00eb dhan\u00eb p\u00ebr v\u00ebndin me ata q\u00eb e p\u00ebrdor\u00ebn si pla\u00e7k\u00eb tregu, dhe n\u00eb mes tyre, t\u00eb zer\u00eb v\u00ebnd edhe ai. Shikojeni se \u00e7far\u00eb b\u00ebn n\u00eb nj\u00ebqind vjetorin e pavar\u00ebsis\u00eb. Asnj\u00eb monument, asnj\u00eb p\u00ebrkujtimore, asgj\u00eb q\u00eb t\u00eb kujtohet kjo dat\u00eb, nuk po ngre. Nuk \u00ebsht\u00eb harres\u00eb. \u00cbsht\u00eb me q\u00ebllim q\u00eb k\u00ebtij v\u00ebndi, k\u00ebshtu si\u00e7 e njohim, mos ti mbahet m\u00ebnd dit\u00eblindja e r\u00ebnd\u00ebsishme.<\/p>\n<p>Shemb e shet monumentet q\u00eb kujtojn\u00eb pavar\u00ebsin\u00eb apo rrug\u00ebn q\u00eb \u00e7uan n\u00eb t\u00eb, pastaj nxjerr Ba\u00e7et e tij plaka, t\u00eb thon\u00eb q\u00eb sa u prish, nuk kishte r\u00ebnd\u00ebsi. Sepse n\u00eb m\u00ebndjen e tij e ka ndar\u00eb m\u00ebndjen q\u00eb nuk do ta ler\u00eb ashtu si\u00e7 e mori. Do ta shes\u00eb ose k\u00ebmbej\u00eb. I fryn mbi rrogoz dhe n\u00ebn rrogoz ndarjes Jug \u2013 Veri, p\u00ebr t\u00eb kompakt\u00ebsuar gjith\u00eb ata q\u00eb i shkojn\u00eb pas, si\u00e7 bandit\u00ebt i ven\u00eb kapoband\u00ebs. I ka b\u00ebr\u00eb pas vetes dhe u jep t\u00eb kuptojn\u00eb se sido q\u00eb t\u00eb shkojn\u00eb fatet e atdheut t\u00eb madh q\u00eb i thon\u00eb Shqip\u00ebri, fshati i tyre, a limeri, ku do han\u00eb parat\u00eb e vjedhura, do jet\u00eb gjithmon\u00eb i sigurt\u00eb me at\u00eb n\u00eb krye kapoband\u00eb.<\/p>\n<p>Vdes jugun e v\u00ebndit me munges\u00eb rrug\u00ebsh dhe investimesh, p\u00ebr t\u2019ia nxjerr\u00eb nga zemra njer\u00ebzve k\u00ebt\u00eb Shqip\u00ebri si\u00e7 e njohim sot. E b\u00ebn q\u00eb t\u00eb marr\u00eb hak p\u00ebr zbythjen q\u00eb i b\u00ebn\u00eb m\u00eb \u201997, dhe p\u00ebr ta ngushtuar mbret\u00ebrin\u00eb e tij n\u00eb ato pes\u00eb fshatra ku ia d\u00ebgjojn\u00eb imzan\u00eb dhe do grumbulloj\u00eb horrat q\u00eb jan\u00eb gati t\u00eb vdesin p\u00ebr t\u00eb. Nuk i plas fare p\u00ebr Esat Pash\u00ebn dhe Ahmet Zogun. E b\u00ebn thjesht q\u00eb pisll\u00ebku i tij t\u00eb duket m\u00eb i vog\u00ebl. Sepse kushdo q\u00eb ka sunduar k\u00ebt\u00eb qoshe t\u00eb Ballkanit, sado i zi q\u00eb ka q\u00ebn\u00eb, ka b\u00ebr\u00eb di\u00e7ka t\u00eb mir\u00eb, nd\u00ebrsa k\u00ebtij nuk do ti mbahet m\u00ebnd asgj\u00eb. E ka ndar\u00eb m\u00ebndjen t\u00eb b\u00ebj\u00eb pro\u00e7k\u00ebn si askush m\u00eb par\u00eb.<\/p>\n<p>Do t\u2019i dhuroj\u00eb sip\u00ebrfaqen detare Greqis\u00eb, pik\u00ebrisht zon\u00ebn nga do kaloj\u00eb gaz\u00ebsjell\u00ebsi \u201cSouth stream\u201d; ku nga pik\u00ebpamja gjeostrategjike Shqip\u00ebria kontrollon Otranton, dhe mendohet t\u00eb ket\u00eb rezerva t\u00eb m\u00ebdha hidrokarburesh. E b\u00ebn p\u00ebr t\u00eb siguruar karrigen e tij t\u00eb qelbur; q\u00eb rraca e tij t\u00eb mbret\u00ebroj\u00eb qoft\u00eb edhe n\u00eb nj\u00eb shami tok\u00eb. E b\u00ebn se \u00ebsht\u00eb frikacak dhe i p\u00ebshtir\u00eb n\u00eb ballafaqimet e tij me bot\u00ebn, grek\u00ebt n\u00eb krye. T\u00eb vetmin q\u00eb vret, posht\u00ebron e shet jan\u00eb shqiptar\u00ebt. Me t\u00eb tjer\u00ebt rri si qen i rrahur. \u00cbsht\u00eb aq trim, sa edhe nj\u00eb shtet me brek\u00eb n\u00ebp\u00ebr k\u00ebmb\u00eb si Greqia, e b\u00ebn ti dridhen gjunj\u00ebt.<\/p>\n<p>Ringjallja e lobeve greke s\u00eb fundmi, dhe fushata e tij p\u00ebr p\u00ebr\u00e7arjen e v\u00ebndit, \u00ebsht\u00eb e frikshme p\u00ebr fatet e t\u00ebr\u00ebsis\u00eb teritoriale t\u00eb v\u00ebndit. Kur Berish\u00ebn e zun\u00eb me presh n\u00eb dor\u00eb duke falur sip\u00ebrfaqen e v\u00ebndit, nxorri gjith\u00eb zgjyrat e tij q\u00eb e kishin negociuar paktin, q\u00eb ta mbronin. Kur nuk ja dol\u00ebn, i shau denoncuesit e krimit si \u201csharlatan\u00eb\u201d. E kush? Ai q\u00eb \u00ebsht\u00eb ekzempari i g\u00ebnjeshtr\u00ebs, mashtrimit dhe amatorizmit n\u00eb \u00e7do gj\u00eb q\u00eb thot\u00eb e b\u00ebn! Pas k\u00ebsaj hapi fjal\u00eb posht\u00eb e lart se gjith\u00eb sa b\u00ebri Gjykata Kushtetuese, ishte nj\u00eb rreng i tij, p\u00ebr t\u00eb marr\u00eb miratimin e grek\u00ebve p\u00ebr futjen n\u00eb NATO. Tani po ja shtr\u00ebngojn\u00eb rrypat t\u00eb l\u00ebpij\u00eb at\u00eb q\u00eb p\u00ebshtyu.<\/p>\n<p>Berisha \u00ebsht\u00eb i tr\u00ebmbur p\u00ebr vdekje. Qeverisja kriminale dhe pap\u00ebrgjegjshme e v\u00ebndit, e ka b\u00ebr\u00eb t\u00eb pashpres\u00eb p\u00ebr nj\u00eb fitore t\u00eb ndershme n\u00eb zgjedhje. Frika p\u00ebr pasardh\u00ebsit e tij biologjik\u00eb \u00ebsht\u00eb m\u00eb ankthuese se kurr\u00eb. Jan\u00eb shum\u00eb t\u00eb pa aft\u00eb dhe t\u00eb p\u00ebrlyer q\u00eb t\u00eb harrohen b\u00ebmat. I duhet fitorja me \u00e7do \u00e7mim, por nuk mund ta marr\u00eb n\u00eb rrug\u00eb t\u00eb ndershme. Ndaj duhet t\u00eb manipuloj\u00eb. \u00cbsht\u00eb gati t\u00eb paguaj\u00eb \u00e7do \u00e7mim, p\u00ebrfshir\u00eb ndarjen e v\u00ebndit. Indiferenca e Athin\u00ebs dhe ndihma e qarqeve Vorio \u2013 Epirote do i duhet q\u00eb t\u00eb mbrohet nga sulmet e bot\u00ebs. T\u00eb pakt\u00ebn mos ndikojn\u00eb q\u00eb ta p\u00ebrmbysin edhe nj\u00ebher\u00eb, si\u00e7 n\u00eb m\u00ebndjen e tij \u00ebsht\u00eb fiksuar. Dhe p\u00ebr k\u00ebt\u00eb \u00ebsht\u00eb gati t\u00eb jap\u00eb gjith\u00e7ka.<\/p>\n<p>Mendon se ky v\u00ebnd pask\u00ebsh q\u00ebn\u00eb krijuar me gjak nga t\u00eb tjer\u00ebt, q\u00eb xhinsi i tij ta vidhte, rripte p\u00ebr s\u00eb gjalli dhe n\u00eb fund at\u00eb q\u00eb do mbesi ta shes\u00eb. Kush i del kund\u00ebr n\u00eb k\u00ebt\u00eb synim ogurzi, e shan me fjalorin e tij t\u00eb p\u00ebrdal\u00eb prej sh\u00ebrb\u00ebtori plak t\u00eb shum\u00eb zot\u00ebrinjve. B\u00ebn t\u00eb pamundur\u00ebn q\u00eb kund\u00ebrshtar\u00ebt t\u2019i p\u00ebrdhos\u00eb e t\u2019i b\u00ebj\u00eb t\u00eb ngjajn\u00eb si vetja. Nxjerr n\u00eb sulm gjith\u00eb zagar\u00ebt q\u00eb ka n\u00eb sh\u00ebrbim, t\u00eb ndyjn\u00eb gjith\u00e7ka t\u00eb mir\u00eb ka ky v\u00ebnd. I cyt t\u00eb p\u00ebrbaltin e kafshojn\u00eb ata shqiptar\u00eb q\u00eb mbrojn\u00eb v\u00ebndin e tyre. Kur nuk ja dalin, hidhet vet\u00eb n\u00eb sulm. Dhe shpreson t\u2019ia dal\u00eb n\u00eb q\u00ebllimin e tij t\u00eb zi. Se beson q\u00eb ylli i tij i lig, do ta mbroj\u00eb edhe k\u00ebt\u00eb her\u00eb. Por deri k\u00ebtu, jo! E ka t\u00eb kot\u00eb q\u00eb mban shpres\u00eb.<\/p>\n","protected":false},"excerpt":{"rendered":"<p>Nga Dritan Hila, 19 Gusht 2012 Nuk \u00ebsht\u00eb idiot, kur thot\u00eb q\u00eb Edi Rama dhe Kreshnik Spahiu kan\u00eb intreresa personale n\u00eb hap\u00ebsir\u00ebn detare q\u00eb po rinegociohet nga qeveria e tij. N\u00eb fakt vet\u00ebm nj\u00eb idiot mund ta thot\u00eb, apo nj\u00eb i vonuar mendor mund ta besoj\u00eb k\u00ebt\u00eb deklarim. Por Sali Berisha \u00ebsht\u00eb i djall\u00ebzuar dhe [&hellip;]<\/p>\n","protected":false},"author":1,"featured_media":0,"comment_status":"open","ping_status":"closed","sticky":false,"template":"","format":"standard","meta":{"footnotes":""},"categories":[2],"tags":[],"class_list":{"0":"post-4515","1":"post","2":"type-post","3":"status-publish","4":"format-standard","6":"category-artikuj"},"yoast_head":"<!-- This site is optimized with the Yoast SEO plugin v27.4 - https:\/\/yoast.com\/product\/yoast-seo-wordpress\/ -->\n<title>E ka ndar\u00eb mendjen - FjALA e LIR\u00cb - Arkivi<\/title>\n<meta name=\"robots\" content=\"index, follow, max-snippet:-1, max-image-preview:large, max-video-preview:-1\" \/>\n<link rel=\"canonical\" href=\"https:\/\/fjala.info\/2009-2015\/e-ka-ndare-mendjen\/\" \/>\n<meta property=\"og:locale\" content=\"sq_AL\" \/>\n<meta property=\"og:type\" content=\"article\" \/>\n<meta property=\"og:title\" content=\"E ka ndar\u00eb mendjen - FjALA e LIR\u00cb - Arkivi\" \/>\n<meta property=\"og:description\" content=\"Nga Dritan Hila, 19 Gusht 2012 Nuk \u00ebsht\u00eb idiot, kur thot\u00eb q\u00eb Edi Rama dhe Kreshnik Spahiu kan\u00eb intreresa personale n\u00eb hap\u00ebsir\u00ebn detare q\u00eb po rinegociohet nga qeveria e tij. N\u00eb fakt vet\u00ebm nj\u00eb idiot mund ta thot\u00eb, apo nj\u00eb i vonuar mendor mund ta besoj\u00eb k\u00ebt\u00eb deklarim. Por Sali Berisha \u00ebsht\u00eb i djall\u00ebzuar dhe [&hellip;]\" \/>\n<meta property=\"og:url\" content=\"https:\/\/fjala.info\/2009-2015\/e-ka-ndare-mendjen\/\" \/>\n<meta property=\"og:site_name\" content=\"FjALA e LIR\u00cb - Arkivi\" \/>\n<meta property=\"article:published_time\" content=\"2012-08-19T20:20:51+00:00\" \/>\n<meta property=\"og:image\" content=\"http:\/\/www.fjala.info\/2012\/dritan_hila.jpg\" \/>\n<meta name=\"author\" content=\"admin\" \/>\n<meta name=\"twitter:card\" content=\"summary_large_image\" \/>\n<meta name=\"twitter:label1\" content=\"Written by\" \/>\n\t<meta name=\"twitter:data1\" content=\"admin\" \/>\n\t<meta name=\"twitter:label2\" content=\"Est. reading time\" \/>\n\t<meta name=\"twitter:data2\" content=\"6 minutes\" \/>\n<script type=\"application\/ld+json\" class=\"yoast-schema-graph\">{\"@context\":\"https:\\\/\\\/schema.org\",\"@graph\":[{\"@type\":\"Article\",\"@id\":\"https:\\\/\\\/fjala.info\\\/2009-2015\\\/e-ka-ndare-mendjen\\\/#article\",\"isPartOf\":{\"@id\":\"https:\\\/\\\/fjala.info\\\/2009-2015\\\/e-ka-ndare-mendjen\\\/\"},\"author\":{\"name\":\"admin\",\"@id\":\"https:\\\/\\\/fjala.info\\\/2009-2015\\\/#\\\/schema\\\/person\\\/3aa1163ef05469c496fc94e77611ada2\"},\"headline\":\"E ka ndar\u00eb mendjen\",\"datePublished\":\"2012-08-19T20:20:51+00:00\",\"mainEntityOfPage\":{\"@id\":\"https:\\\/\\\/fjala.info\\\/2009-2015\\\/e-ka-ndare-mendjen\\\/\"},\"wordCount\":1123,\"commentCount\":0,\"publisher\":{\"@id\":\"https:\\\/\\\/fjala.info\\\/2009-2015\\\/#organization\"},\"image\":{\"@id\":\"https:\\\/\\\/fjala.info\\\/2009-2015\\\/e-ka-ndare-mendjen\\\/#primaryimage\"},\"thumbnailUrl\":\"http:\\\/\\\/www.fjala.info\\\/2012\\\/dritan_hila.jpg\",\"articleSection\":[\"Artikuj\"],\"inLanguage\":\"sq-AL\",\"potentialAction\":[{\"@type\":\"CommentAction\",\"name\":\"Comment\",\"target\":[\"https:\\\/\\\/fjala.info\\\/2009-2015\\\/e-ka-ndare-mendjen\\\/#respond\"]}]},{\"@type\":\"WebPage\",\"@id\":\"https:\\\/\\\/fjala.info\\\/2009-2015\\\/e-ka-ndare-mendjen\\\/\",\"url\":\"https:\\\/\\\/fjala.info\\\/2009-2015\\\/e-ka-ndare-mendjen\\\/\",\"name\":\"E ka ndar\u00eb mendjen - FjALA e LIR\u00cb - Arkivi\",\"isPartOf\":{\"@id\":\"https:\\\/\\\/fjala.info\\\/2009-2015\\\/#website\"},\"primaryImageOfPage\":{\"@id\":\"https:\\\/\\\/fjala.info\\\/2009-2015\\\/e-ka-ndare-mendjen\\\/#primaryimage\"},\"image\":{\"@id\":\"https:\\\/\\\/fjala.info\\\/2009-2015\\\/e-ka-ndare-mendjen\\\/#primaryimage\"},\"thumbnailUrl\":\"http:\\\/\\\/www.fjala.info\\\/2012\\\/dritan_hila.jpg\",\"datePublished\":\"2012-08-19T20:20:51+00:00\",\"breadcrumb\":{\"@id\":\"https:\\\/\\\/fjala.info\\\/2009-2015\\\/e-ka-ndare-mendjen\\\/#breadcrumb\"},\"inLanguage\":\"sq-AL\",\"potentialAction\":[{\"@type\":\"ReadAction\",\"target\":[\"https:\\\/\\\/fjala.info\\\/2009-2015\\\/e-ka-ndare-mendjen\\\/\"]}]},{\"@type\":\"ImageObject\",\"inLanguage\":\"sq-AL\",\"@id\":\"https:\\\/\\\/fjala.info\\\/2009-2015\\\/e-ka-ndare-mendjen\\\/#primaryimage\",\"url\":\"http:\\\/\\\/www.fjala.info\\\/2012\\\/dritan_hila.jpg\",\"contentUrl\":\"http:\\\/\\\/www.fjala.info\\\/2012\\\/dritan_hila.jpg\"},{\"@type\":\"BreadcrumbList\",\"@id\":\"https:\\\/\\\/fjala.info\\\/2009-2015\\\/e-ka-ndare-mendjen\\\/#breadcrumb\",\"itemListElement\":[{\"@type\":\"ListItem\",\"position\":1,\"name\":\"Home\",\"item\":\"https:\\\/\\\/fjala.info\\\/2009-2015\\\/\"},{\"@type\":\"ListItem\",\"position\":2,\"name\":\"E ka ndar\u00eb mendjen\"}]},{\"@type\":\"WebSite\",\"@id\":\"https:\\\/\\\/fjala.info\\\/2009-2015\\\/#website\",\"url\":\"https:\\\/\\\/fjala.info\\\/2009-2015\\\/\",\"name\":\"FjALA e LIR\u00cb - Arkivi\",\"description\":\"Arkivi 2009-2015\",\"publisher\":{\"@id\":\"https:\\\/\\\/fjala.info\\\/2009-2015\\\/#organization\"},\"potentialAction\":[{\"@type\":\"SearchAction\",\"target\":{\"@type\":\"EntryPoint\",\"urlTemplate\":\"https:\\\/\\\/fjala.info\\\/2009-2015\\\/?s={search_term_string}\"},\"query-input\":{\"@type\":\"PropertyValueSpecification\",\"valueRequired\":true,\"valueName\":\"search_term_string\"}}],\"inLanguage\":\"sq-AL\"},{\"@type\":\"Organization\",\"@id\":\"https:\\\/\\\/fjala.info\\\/2009-2015\\\/#organization\",\"name\":\"FjALA e LIR\u00cb - Arkivi\",\"url\":\"https:\\\/\\\/fjala.info\\\/2009-2015\\\/\",\"logo\":{\"@type\":\"ImageObject\",\"inLanguage\":\"sq-AL\",\"@id\":\"https:\\\/\\\/fjala.info\\\/2009-2015\\\/#\\\/schema\\\/logo\\\/image\\\/\",\"url\":\"\",\"contentUrl\":\"\",\"caption\":\"FjALA e LIR\u00cb - Arkivi\"},\"image\":{\"@id\":\"https:\\\/\\\/fjala.info\\\/2009-2015\\\/#\\\/schema\\\/logo\\\/image\\\/\"}},{\"@type\":\"Person\",\"@id\":\"https:\\\/\\\/fjala.info\\\/2009-2015\\\/#\\\/schema\\\/person\\\/3aa1163ef05469c496fc94e77611ada2\",\"name\":\"admin\",\"image\":{\"@type\":\"ImageObject\",\"inLanguage\":\"sq-AL\",\"@id\":\"https:\\\/\\\/fjala.info\\\/2009-2015\\\/wp-content\\\/uploads\\\/2012\\\/02\\\/arben_cokaj-120x150.jpg\",\"url\":\"https:\\\/\\\/fjala.info\\\/2009-2015\\\/wp-content\\\/uploads\\\/2012\\\/02\\\/arben_cokaj-120x150.jpg\",\"contentUrl\":\"https:\\\/\\\/fjala.info\\\/2009-2015\\\/wp-content\\\/uploads\\\/2012\\\/02\\\/arben_cokaj-120x150.jpg\",\"caption\":\"admin\"},\"description\":\"Admin, Fjala e Lir\u00eb\",\"sameAs\":[\"https:\\\/\\\/fjala.info\\\/\"],\"url\":\"https:\\\/\\\/fjala.info\\\/2009-2015\\\/author\\\/admin\\\/\"}]}<\/script>\n<!-- \/ Yoast SEO plugin. -->","yoast_head_json":{"title":"E ka ndar\u00eb mendjen - FjALA e LIR\u00cb - Arkivi","robots":{"index":"index","follow":"follow","max-snippet":"max-snippet:-1","max-image-preview":"max-image-preview:large","max-video-preview":"max-video-preview:-1"},"canonical":"https:\/\/fjala.info\/2009-2015\/e-ka-ndare-mendjen\/","og_locale":"sq_AL","og_type":"article","og_title":"E ka ndar\u00eb mendjen - FjALA e LIR\u00cb - Arkivi","og_description":"Nga Dritan Hila, 19 Gusht 2012 Nuk \u00ebsht\u00eb idiot, kur thot\u00eb q\u00eb Edi Rama dhe Kreshnik Spahiu kan\u00eb intreresa personale n\u00eb hap\u00ebsir\u00ebn detare q\u00eb po rinegociohet nga qeveria e tij. N\u00eb fakt vet\u00ebm nj\u00eb idiot mund ta thot\u00eb, apo nj\u00eb i vonuar mendor mund ta besoj\u00eb k\u00ebt\u00eb deklarim. Por Sali Berisha \u00ebsht\u00eb i djall\u00ebzuar dhe [&hellip;]","og_url":"https:\/\/fjala.info\/2009-2015\/e-ka-ndare-mendjen\/","og_site_name":"FjALA e LIR\u00cb - Arkivi","article_published_time":"2012-08-19T20:20:51+00:00","og_image":[{"url":"http:\/\/www.fjala.info\/2012\/dritan_hila.jpg","type":"","width":"","height":""}],"author":"admin","twitter_card":"summary_large_image","twitter_misc":{"Written by":"admin","Est. reading time":"6 minutes"},"schema":{"@context":"https:\/\/schema.org","@graph":[{"@type":"Article","@id":"https:\/\/fjala.info\/2009-2015\/e-ka-ndare-mendjen\/#article","isPartOf":{"@id":"https:\/\/fjala.info\/2009-2015\/e-ka-ndare-mendjen\/"},"author":{"name":"admin","@id":"https:\/\/fjala.info\/2009-2015\/#\/schema\/person\/3aa1163ef05469c496fc94e77611ada2"},"headline":"E ka ndar\u00eb mendjen","datePublished":"2012-08-19T20:20:51+00:00","mainEntityOfPage":{"@id":"https:\/\/fjala.info\/2009-2015\/e-ka-ndare-mendjen\/"},"wordCount":1123,"commentCount":0,"publisher":{"@id":"https:\/\/fjala.info\/2009-2015\/#organization"},"image":{"@id":"https:\/\/fjala.info\/2009-2015\/e-ka-ndare-mendjen\/#primaryimage"},"thumbnailUrl":"http:\/\/www.fjala.info\/2012\/dritan_hila.jpg","articleSection":["Artikuj"],"inLanguage":"sq-AL","potentialAction":[{"@type":"CommentAction","name":"Comment","target":["https:\/\/fjala.info\/2009-2015\/e-ka-ndare-mendjen\/#respond"]}]},{"@type":"WebPage","@id":"https:\/\/fjala.info\/2009-2015\/e-ka-ndare-mendjen\/","url":"https:\/\/fjala.info\/2009-2015\/e-ka-ndare-mendjen\/","name":"E ka ndar\u00eb mendjen - FjALA e LIR\u00cb - Arkivi","isPartOf":{"@id":"https:\/\/fjala.info\/2009-2015\/#website"},"primaryImageOfPage":{"@id":"https:\/\/fjala.info\/2009-2015\/e-ka-ndare-mendjen\/#primaryimage"},"image":{"@id":"https:\/\/fjala.info\/2009-2015\/e-ka-ndare-mendjen\/#primaryimage"},"thumbnailUrl":"http:\/\/www.fjala.info\/2012\/dritan_hila.jpg","datePublished":"2012-08-19T20:20:51+00:00","breadcrumb":{"@id":"https:\/\/fjala.info\/2009-2015\/e-ka-ndare-mendjen\/#breadcrumb"},"inLanguage":"sq-AL","potentialAction":[{"@type":"ReadAction","target":["https:\/\/fjala.info\/2009-2015\/e-ka-ndare-mendjen\/"]}]},{"@type":"ImageObject","inLanguage":"sq-AL","@id":"https:\/\/fjala.info\/2009-2015\/e-ka-ndare-mendjen\/#primaryimage","url":"http:\/\/www.fjala.info\/2012\/dritan_hila.jpg","contentUrl":"http:\/\/www.fjala.info\/2012\/dritan_hila.jpg"},{"@type":"BreadcrumbList","@id":"https:\/\/fjala.info\/2009-2015\/e-ka-ndare-mendjen\/#breadcrumb","itemListElement":[{"@type":"ListItem","position":1,"name":"Home","item":"https:\/\/fjala.info\/2009-2015\/"},{"@type":"ListItem","position":2,"name":"E ka ndar\u00eb mendjen"}]},{"@type":"WebSite","@id":"https:\/\/fjala.info\/2009-2015\/#website","url":"https:\/\/fjala.info\/2009-2015\/","name":"FjALA e LIR\u00cb - Arkivi","description":"Arkivi 2009-2015","publisher":{"@id":"https:\/\/fjala.info\/2009-2015\/#organization"},"potentialAction":[{"@type":"SearchAction","target":{"@type":"EntryPoint","urlTemplate":"https:\/\/fjala.info\/2009-2015\/?s={search_term_string}"},"query-input":{"@type":"PropertyValueSpecification","valueRequired":true,"valueName":"search_term_string"}}],"inLanguage":"sq-AL"},{"@type":"Organization","@id":"https:\/\/fjala.info\/2009-2015\/#organization","name":"FjALA e LIR\u00cb - Arkivi","url":"https:\/\/fjala.info\/2009-2015\/","logo":{"@type":"ImageObject","inLanguage":"sq-AL","@id":"https:\/\/fjala.info\/2009-2015\/#\/schema\/logo\/image\/","url":"","contentUrl":"","caption":"FjALA e LIR\u00cb - Arkivi"},"image":{"@id":"https:\/\/fjala.info\/2009-2015\/#\/schema\/logo\/image\/"}},{"@type":"Person","@id":"https:\/\/fjala.info\/2009-2015\/#\/schema\/person\/3aa1163ef05469c496fc94e77611ada2","name":"admin","image":{"@type":"ImageObject","inLanguage":"sq-AL","@id":"https:\/\/fjala.info\/2009-2015\/wp-content\/uploads\/2012\/02\/arben_cokaj-120x150.jpg","url":"https:\/\/fjala.info\/2009-2015\/wp-content\/uploads\/2012\/02\/arben_cokaj-120x150.jpg","contentUrl":"https:\/\/fjala.info\/2009-2015\/wp-content\/uploads\/2012\/02\/arben_cokaj-120x150.jpg","caption":"admin"},"description":"Admin, Fjala e Lir\u00eb","sameAs":["https:\/\/fjala.info\/"],"url":"https:\/\/fjala.info\/2009-2015\/author\/admin\/"}]}},"_links":{"self":[{"href":"https:\/\/fjala.info\/2009-2015\/wp-json\/wp\/v2\/posts\/4515","targetHints":{"allow":["GET"]}}],"collection":[{"href":"https:\/\/fjala.info\/2009-2015\/wp-json\/wp\/v2\/posts"}],"about":[{"href":"https:\/\/fjala.info\/2009-2015\/wp-json\/wp\/v2\/types\/post"}],"author":[{"embeddable":true,"href":"https:\/\/fjala.info\/2009-2015\/wp-json\/wp\/v2\/users\/1"}],"replies":[{"embeddable":true,"href":"https:\/\/fjala.info\/2009-2015\/wp-json\/wp\/v2\/comments?post=4515"}],"version-history":[{"count":0,"href":"https:\/\/fjala.info\/2009-2015\/wp-json\/wp\/v2\/posts\/4515\/revisions"}],"wp:attachment":[{"href":"https:\/\/fjala.info\/2009-2015\/wp-json\/wp\/v2\/media?parent=4515"}],"wp:term":[{"taxonomy":"category","embeddable":true,"href":"https:\/\/fjala.info\/2009-2015\/wp-json\/wp\/v2\/categories?post=4515"},{"taxonomy":"post_tag","embeddable":true,"href":"https:\/\/fjala.info\/2009-2015\/wp-json\/wp\/v2\/tags?post=4515"}],"curies":[{"name":"wp","href":"https:\/\/api.w.org\/{rel}","templated":true}]}}