{"id":4514,"date":"2010-10-29T15:08:07","date_gmt":"2010-10-29T14:08:07","guid":{"rendered":"http:\/\/fjala.shkoder.net\/?p=4514"},"modified":"2010-10-29T15:08:07","modified_gmt":"2010-10-29T14:08:07","slug":"shenohet-15-vjetori-i-vdekjes-se-anton-pashkut","status":"publish","type":"post","link":"https:\/\/fjala.info\/2009-2015\/shenohet-15-vjetori-i-vdekjes-se-anton-pashkut\/","title":{"rendered":"Sh\u00ebnohet 15-vjetori i vdekjes s\u00eb Anton Pashkut"},"content":{"rendered":"<p><a href=\"http:\/\/fjala.shkoder.net\/wp-content\/uploads\/2010\/10\/5_anton_pashku.jpg\"><img loading=\"lazy\" decoding=\"async\" class=\"alignright size-full wp-image-4490\" title=\"Anton Pashku\" src=\"http:\/\/fjala.shkoder.net\/wp-content\/uploads\/2010\/10\/5_anton_pashku.jpg\" alt=\"\" width=\"200\" height=\"278\" \/><\/a><br \/>\n<em><strong>Sot, n\u00eb Zym t\u00eb Hasit<\/strong><\/em><\/p>\n<p>N\u00eb Zym t\u00eb Hasit, komuna e Prizrenit, sot (e shtun\u00eb, n\u00eb or\u00ebn 11), shoqatat e kultur\u00ebs (Klubi letrar \u201cShtjef\u00ebn Gje\u00e7ovi\u201d, SHKA \u201cKatarina Josipi\u201d, Biblioteka \u201cPjet\u00ebr Bogdani\u201d etj.) sh\u00ebnojn\u00eb 15-vjetorin e vdekjes s\u00eb Anton Pashkut (8 janar 1937 \u2013 31 tetor 1995). Me k\u00ebt\u00eb rast, mbahet nj\u00eb tribun\u00eb, ku me kumtesa do t\u00eb paraqitet <strong>Frrok Kristaj<\/strong>, <strong>Nikoll\u00eb K\u00ebrhanaj <\/strong>etj. Po ashtu, do t\u00eb ekspozohen veprat e Anton Pashkut, si dhe veprat (10 sosh), q\u00eb i kushtohen Anton Pashkut. M\u00eb pastaj do t\u00eb vizitohet edhe varri i Anton Pashkut n\u00eb fshatin Sh\u00ebngjergj, ku do t\u00eb vendosen lule t\u00eb freskta.<\/p>\n<p>Legjenda: Anton Pashku<\/p>\n","protected":false},"excerpt":{"rendered":"<p>Sot, n\u00eb Zym t\u00eb Hasit N\u00eb Zym t\u00eb Hasit, komuna e Prizrenit, sot (e shtun\u00eb, n\u00eb or\u00ebn 11), shoqatat e kultur\u00ebs (Klubi letrar \u201cShtjef\u00ebn Gje\u00e7ovi\u201d, SHKA \u201cKatarina Josipi\u201d, Biblioteka \u201cPjet\u00ebr Bogdani\u201d etj.) sh\u00ebnojn\u00eb 15-vjetorin e vdekjes s\u00eb Anton Pashkut (8 janar 1937 \u2013 31 tetor 1995). Me k\u00ebt\u00eb rast, mbahet nj\u00eb tribun\u00eb, ku me kumtesa [&hellip;]<\/p>\n","protected":false},"author":1,"featured_media":0,"comment_status":"open","ping_status":"closed","sticky":false,"template":"","format":"standard","meta":{"footnotes":""},"categories":[6],"tags":[],"class_list":{"0":"post-4514","1":"post","2":"type-post","3":"status-publish","4":"format-standard","6":"category-lajmerime"},"yoast_head":"<!-- This site is optimized with the Yoast SEO plugin v27.4 - https:\/\/yoast.com\/product\/yoast-seo-wordpress\/ -->\n<title>Sh\u00ebnohet 15-vjetori i vdekjes s\u00eb Anton Pashkut - FjALA e LIR\u00cb - Arkivi<\/title>\n<meta name=\"robots\" content=\"index, follow, max-snippet:-1, max-image-preview:large, max-video-preview:-1\" \/>\n<link rel=\"canonical\" href=\"https:\/\/fjala.info\/2009-2015\/shenohet-15-vjetori-i-vdekjes-se-anton-pashkut\/\" \/>\n<meta property=\"og:locale\" content=\"sq_AL\" \/>\n<meta property=\"og:type\" content=\"article\" \/>\n<meta property=\"og:title\" content=\"Sh\u00ebnohet 15-vjetori i vdekjes s\u00eb Anton Pashkut - FjALA e LIR\u00cb - Arkivi\" \/>\n<meta property=\"og:description\" content=\"Sot, n\u00eb Zym t\u00eb Hasit N\u00eb Zym t\u00eb Hasit, komuna e Prizrenit, sot (e shtun\u00eb, n\u00eb or\u00ebn 11), shoqatat e kultur\u00ebs (Klubi letrar \u201cShtjef\u00ebn Gje\u00e7ovi\u201d, SHKA \u201cKatarina Josipi\u201d, Biblioteka \u201cPjet\u00ebr Bogdani\u201d etj.) sh\u00ebnojn\u00eb 15-vjetorin e vdekjes s\u00eb Anton Pashkut (8 janar 1937 \u2013 31 tetor 1995). Me k\u00ebt\u00eb rast, mbahet nj\u00eb tribun\u00eb, ku me kumtesa [&hellip;]\" \/>\n<meta property=\"og:url\" content=\"https:\/\/fjala.info\/2009-2015\/shenohet-15-vjetori-i-vdekjes-se-anton-pashkut\/\" \/>\n<meta property=\"og:site_name\" content=\"FjALA e LIR\u00cb - Arkivi\" \/>\n<meta property=\"article:published_time\" content=\"2010-10-29T14:08:07+00:00\" \/>\n<meta property=\"og:image\" content=\"http:\/\/fjala.shkoder.net\/wp-content\/uploads\/2010\/10\/5_anton_pashku.jpg\" \/>\n<meta name=\"author\" content=\"admin\" \/>\n<meta name=\"twitter:card\" content=\"summary_large_image\" \/>\n<meta name=\"twitter:label1\" content=\"Written by\" \/>\n\t<meta name=\"twitter:data1\" content=\"admin\" \/>\n\t<meta name=\"twitter:label2\" content=\"Est. reading time\" \/>\n\t<meta name=\"twitter:data2\" content=\"1 minute\" \/>\n<script type=\"application\/ld+json\" class=\"yoast-schema-graph\">{\"@context\":\"https:\\\/\\\/schema.org\",\"@graph\":[{\"@type\":\"Article\",\"@id\":\"https:\\\/\\\/fjala.info\\\/2009-2015\\\/shenohet-15-vjetori-i-vdekjes-se-anton-pashkut\\\/#article\",\"isPartOf\":{\"@id\":\"https:\\\/\\\/fjala.info\\\/2009-2015\\\/shenohet-15-vjetori-i-vdekjes-se-anton-pashkut\\\/\"},\"author\":{\"name\":\"admin\",\"@id\":\"https:\\\/\\\/fjala.info\\\/2009-2015\\\/#\\\/schema\\\/person\\\/3aa1163ef05469c496fc94e77611ada2\"},\"headline\":\"Sh\u00ebnohet 15-vjetori i vdekjes s\u00eb Anton Pashkut\",\"datePublished\":\"2010-10-29T14:08:07+00:00\",\"mainEntityOfPage\":{\"@id\":\"https:\\\/\\\/fjala.info\\\/2009-2015\\\/shenohet-15-vjetori-i-vdekjes-se-anton-pashkut\\\/\"},\"wordCount\":115,\"commentCount\":0,\"publisher\":{\"@id\":\"https:\\\/\\\/fjala.info\\\/2009-2015\\\/#organization\"},\"image\":{\"@id\":\"https:\\\/\\\/fjala.info\\\/2009-2015\\\/shenohet-15-vjetori-i-vdekjes-se-anton-pashkut\\\/#primaryimage\"},\"thumbnailUrl\":\"http:\\\/\\\/fjala.shkoder.net\\\/wp-content\\\/uploads\\\/2010\\\/10\\\/5_anton_pashku.jpg\",\"articleSection\":[\"Lajm\u00ebrime\"],\"inLanguage\":\"sq-AL\",\"potentialAction\":[{\"@type\":\"CommentAction\",\"name\":\"Comment\",\"target\":[\"https:\\\/\\\/fjala.info\\\/2009-2015\\\/shenohet-15-vjetori-i-vdekjes-se-anton-pashkut\\\/#respond\"]}]},{\"@type\":\"WebPage\",\"@id\":\"https:\\\/\\\/fjala.info\\\/2009-2015\\\/shenohet-15-vjetori-i-vdekjes-se-anton-pashkut\\\/\",\"url\":\"https:\\\/\\\/fjala.info\\\/2009-2015\\\/shenohet-15-vjetori-i-vdekjes-se-anton-pashkut\\\/\",\"name\":\"Sh\u00ebnohet 15-vjetori i vdekjes s\u00eb Anton Pashkut - FjALA e LIR\u00cb - Arkivi\",\"isPartOf\":{\"@id\":\"https:\\\/\\\/fjala.info\\\/2009-2015\\\/#website\"},\"primaryImageOfPage\":{\"@id\":\"https:\\\/\\\/fjala.info\\\/2009-2015\\\/shenohet-15-vjetori-i-vdekjes-se-anton-pashkut\\\/#primaryimage\"},\"image\":{\"@id\":\"https:\\\/\\\/fjala.info\\\/2009-2015\\\/shenohet-15-vjetori-i-vdekjes-se-anton-pashkut\\\/#primaryimage\"},\"thumbnailUrl\":\"http:\\\/\\\/fjala.shkoder.net\\\/wp-content\\\/uploads\\\/2010\\\/10\\\/5_anton_pashku.jpg\",\"datePublished\":\"2010-10-29T14:08:07+00:00\",\"breadcrumb\":{\"@id\":\"https:\\\/\\\/fjala.info\\\/2009-2015\\\/shenohet-15-vjetori-i-vdekjes-se-anton-pashkut\\\/#breadcrumb\"},\"inLanguage\":\"sq-AL\",\"potentialAction\":[{\"@type\":\"ReadAction\",\"target\":[\"https:\\\/\\\/fjala.info\\\/2009-2015\\\/shenohet-15-vjetori-i-vdekjes-se-anton-pashkut\\\/\"]}]},{\"@type\":\"ImageObject\",\"inLanguage\":\"sq-AL\",\"@id\":\"https:\\\/\\\/fjala.info\\\/2009-2015\\\/shenohet-15-vjetori-i-vdekjes-se-anton-pashkut\\\/#primaryimage\",\"url\":\"http:\\\/\\\/fjala.shkoder.net\\\/wp-content\\\/uploads\\\/2010\\\/10\\\/5_anton_pashku.jpg\",\"contentUrl\":\"http:\\\/\\\/fjala.shkoder.net\\\/wp-content\\\/uploads\\\/2010\\\/10\\\/5_anton_pashku.jpg\"},{\"@type\":\"BreadcrumbList\",\"@id\":\"https:\\\/\\\/fjala.info\\\/2009-2015\\\/shenohet-15-vjetori-i-vdekjes-se-anton-pashkut\\\/#breadcrumb\",\"itemListElement\":[{\"@type\":\"ListItem\",\"position\":1,\"name\":\"Home\",\"item\":\"https:\\\/\\\/fjala.info\\\/2009-2015\\\/\"},{\"@type\":\"ListItem\",\"position\":2,\"name\":\"Sh\u00ebnohet 15-vjetori i vdekjes s\u00eb Anton Pashkut\"}]},{\"@type\":\"WebSite\",\"@id\":\"https:\\\/\\\/fjala.info\\\/2009-2015\\\/#website\",\"url\":\"https:\\\/\\\/fjala.info\\\/2009-2015\\\/\",\"name\":\"FjALA e LIR\u00cb - Arkivi\",\"description\":\"Arkivi 2009-2015\",\"publisher\":{\"@id\":\"https:\\\/\\\/fjala.info\\\/2009-2015\\\/#organization\"},\"potentialAction\":[{\"@type\":\"SearchAction\",\"target\":{\"@type\":\"EntryPoint\",\"urlTemplate\":\"https:\\\/\\\/fjala.info\\\/2009-2015\\\/?s={search_term_string}\"},\"query-input\":{\"@type\":\"PropertyValueSpecification\",\"valueRequired\":true,\"valueName\":\"search_term_string\"}}],\"inLanguage\":\"sq-AL\"},{\"@type\":\"Organization\",\"@id\":\"https:\\\/\\\/fjala.info\\\/2009-2015\\\/#organization\",\"name\":\"FjALA e LIR\u00cb - Arkivi\",\"url\":\"https:\\\/\\\/fjala.info\\\/2009-2015\\\/\",\"logo\":{\"@type\":\"ImageObject\",\"inLanguage\":\"sq-AL\",\"@id\":\"https:\\\/\\\/fjala.info\\\/2009-2015\\\/#\\\/schema\\\/logo\\\/image\\\/\",\"url\":\"\",\"contentUrl\":\"\",\"caption\":\"FjALA e LIR\u00cb - Arkivi\"},\"image\":{\"@id\":\"https:\\\/\\\/fjala.info\\\/2009-2015\\\/#\\\/schema\\\/logo\\\/image\\\/\"}},{\"@type\":\"Person\",\"@id\":\"https:\\\/\\\/fjala.info\\\/2009-2015\\\/#\\\/schema\\\/person\\\/3aa1163ef05469c496fc94e77611ada2\",\"name\":\"admin\",\"image\":{\"@type\":\"ImageObject\",\"inLanguage\":\"sq-AL\",\"@id\":\"https:\\\/\\\/fjala.info\\\/2009-2015\\\/wp-content\\\/uploads\\\/2012\\\/02\\\/arben_cokaj-120x150.jpg\",\"url\":\"https:\\\/\\\/fjala.info\\\/2009-2015\\\/wp-content\\\/uploads\\\/2012\\\/02\\\/arben_cokaj-120x150.jpg\",\"contentUrl\":\"https:\\\/\\\/fjala.info\\\/2009-2015\\\/wp-content\\\/uploads\\\/2012\\\/02\\\/arben_cokaj-120x150.jpg\",\"caption\":\"admin\"},\"description\":\"Admin, Fjala e Lir\u00eb\",\"sameAs\":[\"https:\\\/\\\/fjala.info\\\/\"],\"url\":\"https:\\\/\\\/fjala.info\\\/2009-2015\\\/author\\\/admin\\\/\"}]}<\/script>\n<!-- \/ Yoast SEO plugin. -->","yoast_head_json":{"title":"Sh\u00ebnohet 15-vjetori i vdekjes s\u00eb Anton Pashkut - FjALA e LIR\u00cb - Arkivi","robots":{"index":"index","follow":"follow","max-snippet":"max-snippet:-1","max-image-preview":"max-image-preview:large","max-video-preview":"max-video-preview:-1"},"canonical":"https:\/\/fjala.info\/2009-2015\/shenohet-15-vjetori-i-vdekjes-se-anton-pashkut\/","og_locale":"sq_AL","og_type":"article","og_title":"Sh\u00ebnohet 15-vjetori i vdekjes s\u00eb Anton Pashkut - FjALA e LIR\u00cb - Arkivi","og_description":"Sot, n\u00eb Zym t\u00eb Hasit N\u00eb Zym t\u00eb Hasit, komuna e Prizrenit, sot (e shtun\u00eb, n\u00eb or\u00ebn 11), shoqatat e kultur\u00ebs (Klubi letrar \u201cShtjef\u00ebn Gje\u00e7ovi\u201d, SHKA \u201cKatarina Josipi\u201d, Biblioteka \u201cPjet\u00ebr Bogdani\u201d etj.) sh\u00ebnojn\u00eb 15-vjetorin e vdekjes s\u00eb Anton Pashkut (8 janar 1937 \u2013 31 tetor 1995). Me k\u00ebt\u00eb rast, mbahet nj\u00eb tribun\u00eb, ku me kumtesa [&hellip;]","og_url":"https:\/\/fjala.info\/2009-2015\/shenohet-15-vjetori-i-vdekjes-se-anton-pashkut\/","og_site_name":"FjALA e LIR\u00cb - Arkivi","article_published_time":"2010-10-29T14:08:07+00:00","og_image":[{"url":"http:\/\/fjala.shkoder.net\/wp-content\/uploads\/2010\/10\/5_anton_pashku.jpg","type":"","width":"","height":""}],"author":"admin","twitter_card":"summary_large_image","twitter_misc":{"Written by":"admin","Est. reading time":"1 minute"},"schema":{"@context":"https:\/\/schema.org","@graph":[{"@type":"Article","@id":"https:\/\/fjala.info\/2009-2015\/shenohet-15-vjetori-i-vdekjes-se-anton-pashkut\/#article","isPartOf":{"@id":"https:\/\/fjala.info\/2009-2015\/shenohet-15-vjetori-i-vdekjes-se-anton-pashkut\/"},"author":{"name":"admin","@id":"https:\/\/fjala.info\/2009-2015\/#\/schema\/person\/3aa1163ef05469c496fc94e77611ada2"},"headline":"Sh\u00ebnohet 15-vjetori i vdekjes s\u00eb Anton Pashkut","datePublished":"2010-10-29T14:08:07+00:00","mainEntityOfPage":{"@id":"https:\/\/fjala.info\/2009-2015\/shenohet-15-vjetori-i-vdekjes-se-anton-pashkut\/"},"wordCount":115,"commentCount":0,"publisher":{"@id":"https:\/\/fjala.info\/2009-2015\/#organization"},"image":{"@id":"https:\/\/fjala.info\/2009-2015\/shenohet-15-vjetori-i-vdekjes-se-anton-pashkut\/#primaryimage"},"thumbnailUrl":"http:\/\/fjala.shkoder.net\/wp-content\/uploads\/2010\/10\/5_anton_pashku.jpg","articleSection":["Lajm\u00ebrime"],"inLanguage":"sq-AL","potentialAction":[{"@type":"CommentAction","name":"Comment","target":["https:\/\/fjala.info\/2009-2015\/shenohet-15-vjetori-i-vdekjes-se-anton-pashkut\/#respond"]}]},{"@type":"WebPage","@id":"https:\/\/fjala.info\/2009-2015\/shenohet-15-vjetori-i-vdekjes-se-anton-pashkut\/","url":"https:\/\/fjala.info\/2009-2015\/shenohet-15-vjetori-i-vdekjes-se-anton-pashkut\/","name":"Sh\u00ebnohet 15-vjetori i vdekjes s\u00eb Anton Pashkut - FjALA e LIR\u00cb - Arkivi","isPartOf":{"@id":"https:\/\/fjala.info\/2009-2015\/#website"},"primaryImageOfPage":{"@id":"https:\/\/fjala.info\/2009-2015\/shenohet-15-vjetori-i-vdekjes-se-anton-pashkut\/#primaryimage"},"image":{"@id":"https:\/\/fjala.info\/2009-2015\/shenohet-15-vjetori-i-vdekjes-se-anton-pashkut\/#primaryimage"},"thumbnailUrl":"http:\/\/fjala.shkoder.net\/wp-content\/uploads\/2010\/10\/5_anton_pashku.jpg","datePublished":"2010-10-29T14:08:07+00:00","breadcrumb":{"@id":"https:\/\/fjala.info\/2009-2015\/shenohet-15-vjetori-i-vdekjes-se-anton-pashkut\/#breadcrumb"},"inLanguage":"sq-AL","potentialAction":[{"@type":"ReadAction","target":["https:\/\/fjala.info\/2009-2015\/shenohet-15-vjetori-i-vdekjes-se-anton-pashkut\/"]}]},{"@type":"ImageObject","inLanguage":"sq-AL","@id":"https:\/\/fjala.info\/2009-2015\/shenohet-15-vjetori-i-vdekjes-se-anton-pashkut\/#primaryimage","url":"http:\/\/fjala.shkoder.net\/wp-content\/uploads\/2010\/10\/5_anton_pashku.jpg","contentUrl":"http:\/\/fjala.shkoder.net\/wp-content\/uploads\/2010\/10\/5_anton_pashku.jpg"},{"@type":"BreadcrumbList","@id":"https:\/\/fjala.info\/2009-2015\/shenohet-15-vjetori-i-vdekjes-se-anton-pashkut\/#breadcrumb","itemListElement":[{"@type":"ListItem","position":1,"name":"Home","item":"https:\/\/fjala.info\/2009-2015\/"},{"@type":"ListItem","position":2,"name":"Sh\u00ebnohet 15-vjetori i vdekjes s\u00eb Anton Pashkut"}]},{"@type":"WebSite","@id":"https:\/\/fjala.info\/2009-2015\/#website","url":"https:\/\/fjala.info\/2009-2015\/","name":"FjALA e LIR\u00cb - Arkivi","description":"Arkivi 2009-2015","publisher":{"@id":"https:\/\/fjala.info\/2009-2015\/#organization"},"potentialAction":[{"@type":"SearchAction","target":{"@type":"EntryPoint","urlTemplate":"https:\/\/fjala.info\/2009-2015\/?s={search_term_string}"},"query-input":{"@type":"PropertyValueSpecification","valueRequired":true,"valueName":"search_term_string"}}],"inLanguage":"sq-AL"},{"@type":"Organization","@id":"https:\/\/fjala.info\/2009-2015\/#organization","name":"FjALA e LIR\u00cb - Arkivi","url":"https:\/\/fjala.info\/2009-2015\/","logo":{"@type":"ImageObject","inLanguage":"sq-AL","@id":"https:\/\/fjala.info\/2009-2015\/#\/schema\/logo\/image\/","url":"","contentUrl":"","caption":"FjALA e LIR\u00cb - Arkivi"},"image":{"@id":"https:\/\/fjala.info\/2009-2015\/#\/schema\/logo\/image\/"}},{"@type":"Person","@id":"https:\/\/fjala.info\/2009-2015\/#\/schema\/person\/3aa1163ef05469c496fc94e77611ada2","name":"admin","image":{"@type":"ImageObject","inLanguage":"sq-AL","@id":"https:\/\/fjala.info\/2009-2015\/wp-content\/uploads\/2012\/02\/arben_cokaj-120x150.jpg","url":"https:\/\/fjala.info\/2009-2015\/wp-content\/uploads\/2012\/02\/arben_cokaj-120x150.jpg","contentUrl":"https:\/\/fjala.info\/2009-2015\/wp-content\/uploads\/2012\/02\/arben_cokaj-120x150.jpg","caption":"admin"},"description":"Admin, Fjala e Lir\u00eb","sameAs":["https:\/\/fjala.info\/"],"url":"https:\/\/fjala.info\/2009-2015\/author\/admin\/"}]}},"_links":{"self":[{"href":"https:\/\/fjala.info\/2009-2015\/wp-json\/wp\/v2\/posts\/4514","targetHints":{"allow":["GET"]}}],"collection":[{"href":"https:\/\/fjala.info\/2009-2015\/wp-json\/wp\/v2\/posts"}],"about":[{"href":"https:\/\/fjala.info\/2009-2015\/wp-json\/wp\/v2\/types\/post"}],"author":[{"embeddable":true,"href":"https:\/\/fjala.info\/2009-2015\/wp-json\/wp\/v2\/users\/1"}],"replies":[{"embeddable":true,"href":"https:\/\/fjala.info\/2009-2015\/wp-json\/wp\/v2\/comments?post=4514"}],"version-history":[{"count":0,"href":"https:\/\/fjala.info\/2009-2015\/wp-json\/wp\/v2\/posts\/4514\/revisions"}],"wp:attachment":[{"href":"https:\/\/fjala.info\/2009-2015\/wp-json\/wp\/v2\/media?parent=4514"}],"wp:term":[{"taxonomy":"category","embeddable":true,"href":"https:\/\/fjala.info\/2009-2015\/wp-json\/wp\/v2\/categories?post=4514"},{"taxonomy":"post_tag","embeddable":true,"href":"https:\/\/fjala.info\/2009-2015\/wp-json\/wp\/v2\/tags?post=4514"}],"curies":[{"name":"wp","href":"https:\/\/api.w.org\/{rel}","templated":true}]}}