{"id":4513,"date":"2012-08-19T21:15:59","date_gmt":"2012-08-19T20:15:59","guid":{"rendered":"http:\/\/www.fjala.info\/?p=4513"},"modified":"2012-08-19T21:15:59","modified_gmt":"2012-08-19T20:15:59","slug":"ngjela-cdo-popull-evropian-do-e-kishte-rrezuar-berishen-brenda-24-oreve-po-na-fyen-dhe-poshteron-nje-barbar","status":"publish","type":"post","link":"https:\/\/fjala.info\/2009-2015\/ngjela-cdo-popull-evropian-do-e-kishte-rrezuar-berishen-brenda-24-oreve-po-na-fyen-dhe-poshteron-nje-barbar\/","title":{"rendered":"Ngjela: \u00c7do popull evropian do e kishte rr\u00ebzuar Berish\u00ebn brenda 24 or\u00ebve. Po na fyen dhe posht\u00ebron nj\u00eb barbar"},"content":{"rendered":"<p><img decoding=\"async\" class=\"alignright size-thumbnail wp-image-7236\" title=\"Spartak Ngjela\" src=\"http:\/\/www.fjala.info\/2012\/spartak_ngjela.jpg\" alt=\"\" width=\"200\" \/> <strong>TemA Online<\/strong>, <em>19 Gusht 2012 <\/em><\/p>\n<p>Avokati Spartak Ngjela ka l\u00ebshuar nj\u00eb deklarat\u00eb t\u00eb fort\u00eb ndaj kryeministrit Berisha, duke th\u00ebn\u00eb se \u00e7do popull evropian do e kishte rr\u00ebzuar brenda 24 or\u00ebve, duke par\u00eb krimet q\u00eb ka b\u00ebr\u00eb gjat\u00eb k\u00ebtyre viteve.<\/p>\n<p>\u201cPo ju vazhdoni, si e duroni nj\u00eb njeri q\u00eb jua ka b\u00ebr\u00eb t\u00eb gjitha: ju shkat\u00ebrroi n\u00eb vitin 1997, ju shkat\u00ebrroi n\u00eb k\u00ebta shtat\u00eb vjet s\u00ebrish, dhe ju fyen e po ju posht\u00ebron p\u00ebrdit\u00eb. Do t\u2019ju vij\u00eb turp nga brezat p\u00ebr k\u00ebt\u00eb gjendje turpi q\u00eb po mbani. Dhe kishte t\u00eb drejt\u00eb. Nj\u00eb njeri t\u00eb till\u00eb, \u00e7do popull europian do ta fshinte n\u00eb 24 or\u00eb. Ne shqiptar\u00ebt, n\u00eb fakt, ende s\u2019jemi europian\u00eb. Prandaj, le t\u00eb vuajm\u00eb dhe pak koh\u00eb k\u00ebshtu, t\u00eb fyer dhe t\u00eb posht\u00ebruar nga nj\u00eb barbar\u2026\u201c, ka th\u00ebn\u00eb Ngjela n\u00eb rrjetin social Facebook.<\/p>\n<p>Deklarata e Ngjel\u00ebs i referohet nj\u00eb bashk\u00ebbisedimi me nj\u00eb francez.<\/p>\n<p>\u201cNe kemi rr\u00ebzuar Sharl De Golin q\u00eb na shp\u00ebtoi n\u00eb luft\u00eb dhe na ngriti personalitetin n\u00eb paqe, q\u00eb na b\u00ebri fuqi b\u00ebrthamore e na pasuroi. K\u00ebshtu m\u00eb tha nj\u00eb francez dje. E rr\u00ebzuam, tha, sepse filloi t\u00eb na imponohej si absolut\u201c, shprehet Ngjela.<\/p>\n<p>\u201cP\u00ebrsa koh\u00eb nj\u00eb shoq\u00ebri nuk \u00ebsht\u00eb n\u00eb gjendje q\u00eb t\u00eb kuptoj\u00eb solidaritetin e brendsh\u00ebm shoq\u00ebror, detyrat e p\u00ebrbashk\u00ebta p\u00ebr komunitetin, kund\u00ebrshtimin e p\u00ebrbashk\u00ebt t\u00eb nj\u00eb qeverie abuzuese dhe, sidomos, kur nuk e di se \u00e7far\u00eb \u00ebsht\u00eb identiteti kombetar, ajo shoq\u00ebri nuk formon nj\u00eb popull, por nj\u00eb \u2018milet \u00e7far\u00ebdo\u2019 q\u00eb nuk ka lidhje me kombin. Po ne, jemi nd\u00ebrkoh\u00eb, popull apo milet?\u201d, e mbyll me ironi Ngjela.<\/p>\n","protected":false},"excerpt":{"rendered":"<p>TemA Online, 19 Gusht 2012 Avokati Spartak Ngjela ka l\u00ebshuar nj\u00eb deklarat\u00eb t\u00eb fort\u00eb ndaj kryeministrit Berisha, duke th\u00ebn\u00eb se \u00e7do popull evropian do e kishte rr\u00ebzuar brenda 24 or\u00ebve, duke par\u00eb krimet q\u00eb ka b\u00ebr\u00eb gjat\u00eb k\u00ebtyre viteve. \u201cPo ju vazhdoni, si e duroni nj\u00eb njeri q\u00eb jua ka b\u00ebr\u00eb t\u00eb gjitha: ju shkat\u00ebrroi [&hellip;]<\/p>\n","protected":false},"author":1,"featured_media":0,"comment_status":"open","ping_status":"closed","sticky":false,"template":"","format":"standard","meta":{"footnotes":""},"categories":[2],"tags":[],"class_list":{"0":"post-4513","1":"post","2":"type-post","3":"status-publish","4":"format-standard","6":"category-artikuj"},"yoast_head":"<!-- This site is optimized with the Yoast SEO plugin v27.4 - https:\/\/yoast.com\/product\/yoast-seo-wordpress\/ -->\n<title>Ngjela: \u00c7do popull evropian do e kishte rr\u00ebzuar Berish\u00ebn brenda 24 or\u00ebve. Po na fyen dhe posht\u00ebron nj\u00eb barbar - FjALA e LIR\u00cb - Arkivi<\/title>\n<meta name=\"robots\" content=\"index, follow, max-snippet:-1, max-image-preview:large, max-video-preview:-1\" \/>\n<link rel=\"canonical\" href=\"https:\/\/fjala.info\/2009-2015\/ngjela-cdo-popull-evropian-do-e-kishte-rrezuar-berishen-brenda-24-oreve-po-na-fyen-dhe-poshteron-nje-barbar\/\" \/>\n<meta property=\"og:locale\" content=\"sq_AL\" \/>\n<meta property=\"og:type\" content=\"article\" \/>\n<meta property=\"og:title\" content=\"Ngjela: \u00c7do popull evropian do e kishte rr\u00ebzuar Berish\u00ebn brenda 24 or\u00ebve. Po na fyen dhe posht\u00ebron nj\u00eb barbar - FjALA e LIR\u00cb - Arkivi\" \/>\n<meta property=\"og:description\" content=\"TemA Online, 19 Gusht 2012 Avokati Spartak Ngjela ka l\u00ebshuar nj\u00eb deklarat\u00eb t\u00eb fort\u00eb ndaj kryeministrit Berisha, duke th\u00ebn\u00eb se \u00e7do popull evropian do e kishte rr\u00ebzuar brenda 24 or\u00ebve, duke par\u00eb krimet q\u00eb ka b\u00ebr\u00eb gjat\u00eb k\u00ebtyre viteve. \u201cPo ju vazhdoni, si e duroni nj\u00eb njeri q\u00eb jua ka b\u00ebr\u00eb t\u00eb gjitha: ju shkat\u00ebrroi [&hellip;]\" \/>\n<meta property=\"og:url\" content=\"https:\/\/fjala.info\/2009-2015\/ngjela-cdo-popull-evropian-do-e-kishte-rrezuar-berishen-brenda-24-oreve-po-na-fyen-dhe-poshteron-nje-barbar\/\" \/>\n<meta property=\"og:site_name\" content=\"FjALA e LIR\u00cb - Arkivi\" \/>\n<meta property=\"article:published_time\" content=\"2012-08-19T20:15:59+00:00\" \/>\n<meta property=\"og:image\" content=\"http:\/\/www.fjala.info\/2012\/spartak_ngjela.jpg\" \/>\n<meta name=\"author\" content=\"admin\" \/>\n<meta name=\"twitter:card\" content=\"summary_large_image\" \/>\n<meta name=\"twitter:label1\" content=\"Written by\" \/>\n\t<meta name=\"twitter:data1\" content=\"admin\" \/>\n\t<meta name=\"twitter:label2\" content=\"Est. reading time\" \/>\n\t<meta name=\"twitter:data2\" content=\"1 minute\" \/>\n<script type=\"application\/ld+json\" class=\"yoast-schema-graph\">{\"@context\":\"https:\\\/\\\/schema.org\",\"@graph\":[{\"@type\":\"Article\",\"@id\":\"https:\\\/\\\/fjala.info\\\/2009-2015\\\/ngjela-cdo-popull-evropian-do-e-kishte-rrezuar-berishen-brenda-24-oreve-po-na-fyen-dhe-poshteron-nje-barbar\\\/#article\",\"isPartOf\":{\"@id\":\"https:\\\/\\\/fjala.info\\\/2009-2015\\\/ngjela-cdo-popull-evropian-do-e-kishte-rrezuar-berishen-brenda-24-oreve-po-na-fyen-dhe-poshteron-nje-barbar\\\/\"},\"author\":{\"name\":\"admin\",\"@id\":\"https:\\\/\\\/fjala.info\\\/2009-2015\\\/#\\\/schema\\\/person\\\/3aa1163ef05469c496fc94e77611ada2\"},\"headline\":\"Ngjela: \u00c7do popull evropian do e kishte rr\u00ebzuar Berish\u00ebn brenda 24 or\u00ebve. Po na fyen dhe posht\u00ebron nj\u00eb barbar\",\"datePublished\":\"2012-08-19T20:15:59+00:00\",\"mainEntityOfPage\":{\"@id\":\"https:\\\/\\\/fjala.info\\\/2009-2015\\\/ngjela-cdo-popull-evropian-do-e-kishte-rrezuar-berishen-brenda-24-oreve-po-na-fyen-dhe-poshteron-nje-barbar\\\/\"},\"wordCount\":311,\"commentCount\":0,\"publisher\":{\"@id\":\"https:\\\/\\\/fjala.info\\\/2009-2015\\\/#organization\"},\"image\":{\"@id\":\"https:\\\/\\\/fjala.info\\\/2009-2015\\\/ngjela-cdo-popull-evropian-do-e-kishte-rrezuar-berishen-brenda-24-oreve-po-na-fyen-dhe-poshteron-nje-barbar\\\/#primaryimage\"},\"thumbnailUrl\":\"http:\\\/\\\/www.fjala.info\\\/2012\\\/spartak_ngjela.jpg\",\"articleSection\":[\"Artikuj\"],\"inLanguage\":\"sq-AL\",\"potentialAction\":[{\"@type\":\"CommentAction\",\"name\":\"Comment\",\"target\":[\"https:\\\/\\\/fjala.info\\\/2009-2015\\\/ngjela-cdo-popull-evropian-do-e-kishte-rrezuar-berishen-brenda-24-oreve-po-na-fyen-dhe-poshteron-nje-barbar\\\/#respond\"]}]},{\"@type\":\"WebPage\",\"@id\":\"https:\\\/\\\/fjala.info\\\/2009-2015\\\/ngjela-cdo-popull-evropian-do-e-kishte-rrezuar-berishen-brenda-24-oreve-po-na-fyen-dhe-poshteron-nje-barbar\\\/\",\"url\":\"https:\\\/\\\/fjala.info\\\/2009-2015\\\/ngjela-cdo-popull-evropian-do-e-kishte-rrezuar-berishen-brenda-24-oreve-po-na-fyen-dhe-poshteron-nje-barbar\\\/\",\"name\":\"Ngjela: \u00c7do popull evropian do e kishte rr\u00ebzuar Berish\u00ebn brenda 24 or\u00ebve. Po na fyen dhe posht\u00ebron nj\u00eb barbar - FjALA e LIR\u00cb - Arkivi\",\"isPartOf\":{\"@id\":\"https:\\\/\\\/fjala.info\\\/2009-2015\\\/#website\"},\"primaryImageOfPage\":{\"@id\":\"https:\\\/\\\/fjala.info\\\/2009-2015\\\/ngjela-cdo-popull-evropian-do-e-kishte-rrezuar-berishen-brenda-24-oreve-po-na-fyen-dhe-poshteron-nje-barbar\\\/#primaryimage\"},\"image\":{\"@id\":\"https:\\\/\\\/fjala.info\\\/2009-2015\\\/ngjela-cdo-popull-evropian-do-e-kishte-rrezuar-berishen-brenda-24-oreve-po-na-fyen-dhe-poshteron-nje-barbar\\\/#primaryimage\"},\"thumbnailUrl\":\"http:\\\/\\\/www.fjala.info\\\/2012\\\/spartak_ngjela.jpg\",\"datePublished\":\"2012-08-19T20:15:59+00:00\",\"breadcrumb\":{\"@id\":\"https:\\\/\\\/fjala.info\\\/2009-2015\\\/ngjela-cdo-popull-evropian-do-e-kishte-rrezuar-berishen-brenda-24-oreve-po-na-fyen-dhe-poshteron-nje-barbar\\\/#breadcrumb\"},\"inLanguage\":\"sq-AL\",\"potentialAction\":[{\"@type\":\"ReadAction\",\"target\":[\"https:\\\/\\\/fjala.info\\\/2009-2015\\\/ngjela-cdo-popull-evropian-do-e-kishte-rrezuar-berishen-brenda-24-oreve-po-na-fyen-dhe-poshteron-nje-barbar\\\/\"]}]},{\"@type\":\"ImageObject\",\"inLanguage\":\"sq-AL\",\"@id\":\"https:\\\/\\\/fjala.info\\\/2009-2015\\\/ngjela-cdo-popull-evropian-do-e-kishte-rrezuar-berishen-brenda-24-oreve-po-na-fyen-dhe-poshteron-nje-barbar\\\/#primaryimage\",\"url\":\"http:\\\/\\\/www.fjala.info\\\/2012\\\/spartak_ngjela.jpg\",\"contentUrl\":\"http:\\\/\\\/www.fjala.info\\\/2012\\\/spartak_ngjela.jpg\"},{\"@type\":\"BreadcrumbList\",\"@id\":\"https:\\\/\\\/fjala.info\\\/2009-2015\\\/ngjela-cdo-popull-evropian-do-e-kishte-rrezuar-berishen-brenda-24-oreve-po-na-fyen-dhe-poshteron-nje-barbar\\\/#breadcrumb\",\"itemListElement\":[{\"@type\":\"ListItem\",\"position\":1,\"name\":\"Home\",\"item\":\"https:\\\/\\\/fjala.info\\\/2009-2015\\\/\"},{\"@type\":\"ListItem\",\"position\":2,\"name\":\"Ngjela: \u00c7do popull evropian do e kishte rr\u00ebzuar Berish\u00ebn brenda 24 or\u00ebve. Po na fyen dhe posht\u00ebron nj\u00eb barbar\"}]},{\"@type\":\"WebSite\",\"@id\":\"https:\\\/\\\/fjala.info\\\/2009-2015\\\/#website\",\"url\":\"https:\\\/\\\/fjala.info\\\/2009-2015\\\/\",\"name\":\"FjALA e LIR\u00cb - Arkivi\",\"description\":\"Arkivi 2009-2015\",\"publisher\":{\"@id\":\"https:\\\/\\\/fjala.info\\\/2009-2015\\\/#organization\"},\"potentialAction\":[{\"@type\":\"SearchAction\",\"target\":{\"@type\":\"EntryPoint\",\"urlTemplate\":\"https:\\\/\\\/fjala.info\\\/2009-2015\\\/?s={search_term_string}\"},\"query-input\":{\"@type\":\"PropertyValueSpecification\",\"valueRequired\":true,\"valueName\":\"search_term_string\"}}],\"inLanguage\":\"sq-AL\"},{\"@type\":\"Organization\",\"@id\":\"https:\\\/\\\/fjala.info\\\/2009-2015\\\/#organization\",\"name\":\"FjALA e LIR\u00cb - Arkivi\",\"url\":\"https:\\\/\\\/fjala.info\\\/2009-2015\\\/\",\"logo\":{\"@type\":\"ImageObject\",\"inLanguage\":\"sq-AL\",\"@id\":\"https:\\\/\\\/fjala.info\\\/2009-2015\\\/#\\\/schema\\\/logo\\\/image\\\/\",\"url\":\"\",\"contentUrl\":\"\",\"caption\":\"FjALA e LIR\u00cb - Arkivi\"},\"image\":{\"@id\":\"https:\\\/\\\/fjala.info\\\/2009-2015\\\/#\\\/schema\\\/logo\\\/image\\\/\"}},{\"@type\":\"Person\",\"@id\":\"https:\\\/\\\/fjala.info\\\/2009-2015\\\/#\\\/schema\\\/person\\\/3aa1163ef05469c496fc94e77611ada2\",\"name\":\"admin\",\"image\":{\"@type\":\"ImageObject\",\"inLanguage\":\"sq-AL\",\"@id\":\"https:\\\/\\\/fjala.info\\\/2009-2015\\\/wp-content\\\/uploads\\\/2012\\\/02\\\/arben_cokaj-120x150.jpg\",\"url\":\"https:\\\/\\\/fjala.info\\\/2009-2015\\\/wp-content\\\/uploads\\\/2012\\\/02\\\/arben_cokaj-120x150.jpg\",\"contentUrl\":\"https:\\\/\\\/fjala.info\\\/2009-2015\\\/wp-content\\\/uploads\\\/2012\\\/02\\\/arben_cokaj-120x150.jpg\",\"caption\":\"admin\"},\"description\":\"Admin, Fjala e Lir\u00eb\",\"sameAs\":[\"https:\\\/\\\/fjala.info\\\/\"],\"url\":\"https:\\\/\\\/fjala.info\\\/2009-2015\\\/author\\\/admin\\\/\"}]}<\/script>\n<!-- \/ Yoast SEO plugin. -->","yoast_head_json":{"title":"Ngjela: \u00c7do popull evropian do e kishte rr\u00ebzuar Berish\u00ebn brenda 24 or\u00ebve. Po na fyen dhe posht\u00ebron nj\u00eb barbar - FjALA e LIR\u00cb - Arkivi","robots":{"index":"index","follow":"follow","max-snippet":"max-snippet:-1","max-image-preview":"max-image-preview:large","max-video-preview":"max-video-preview:-1"},"canonical":"https:\/\/fjala.info\/2009-2015\/ngjela-cdo-popull-evropian-do-e-kishte-rrezuar-berishen-brenda-24-oreve-po-na-fyen-dhe-poshteron-nje-barbar\/","og_locale":"sq_AL","og_type":"article","og_title":"Ngjela: \u00c7do popull evropian do e kishte rr\u00ebzuar Berish\u00ebn brenda 24 or\u00ebve. Po na fyen dhe posht\u00ebron nj\u00eb barbar - FjALA e LIR\u00cb - Arkivi","og_description":"TemA Online, 19 Gusht 2012 Avokati Spartak Ngjela ka l\u00ebshuar nj\u00eb deklarat\u00eb t\u00eb fort\u00eb ndaj kryeministrit Berisha, duke th\u00ebn\u00eb se \u00e7do popull evropian do e kishte rr\u00ebzuar brenda 24 or\u00ebve, duke par\u00eb krimet q\u00eb ka b\u00ebr\u00eb gjat\u00eb k\u00ebtyre viteve. \u201cPo ju vazhdoni, si e duroni nj\u00eb njeri q\u00eb jua ka b\u00ebr\u00eb t\u00eb gjitha: ju shkat\u00ebrroi [&hellip;]","og_url":"https:\/\/fjala.info\/2009-2015\/ngjela-cdo-popull-evropian-do-e-kishte-rrezuar-berishen-brenda-24-oreve-po-na-fyen-dhe-poshteron-nje-barbar\/","og_site_name":"FjALA e LIR\u00cb - Arkivi","article_published_time":"2012-08-19T20:15:59+00:00","og_image":[{"url":"http:\/\/www.fjala.info\/2012\/spartak_ngjela.jpg","type":"","width":"","height":""}],"author":"admin","twitter_card":"summary_large_image","twitter_misc":{"Written by":"admin","Est. reading time":"1 minute"},"schema":{"@context":"https:\/\/schema.org","@graph":[{"@type":"Article","@id":"https:\/\/fjala.info\/2009-2015\/ngjela-cdo-popull-evropian-do-e-kishte-rrezuar-berishen-brenda-24-oreve-po-na-fyen-dhe-poshteron-nje-barbar\/#article","isPartOf":{"@id":"https:\/\/fjala.info\/2009-2015\/ngjela-cdo-popull-evropian-do-e-kishte-rrezuar-berishen-brenda-24-oreve-po-na-fyen-dhe-poshteron-nje-barbar\/"},"author":{"name":"admin","@id":"https:\/\/fjala.info\/2009-2015\/#\/schema\/person\/3aa1163ef05469c496fc94e77611ada2"},"headline":"Ngjela: \u00c7do popull evropian do e kishte rr\u00ebzuar Berish\u00ebn brenda 24 or\u00ebve. Po na fyen dhe posht\u00ebron nj\u00eb barbar","datePublished":"2012-08-19T20:15:59+00:00","mainEntityOfPage":{"@id":"https:\/\/fjala.info\/2009-2015\/ngjela-cdo-popull-evropian-do-e-kishte-rrezuar-berishen-brenda-24-oreve-po-na-fyen-dhe-poshteron-nje-barbar\/"},"wordCount":311,"commentCount":0,"publisher":{"@id":"https:\/\/fjala.info\/2009-2015\/#organization"},"image":{"@id":"https:\/\/fjala.info\/2009-2015\/ngjela-cdo-popull-evropian-do-e-kishte-rrezuar-berishen-brenda-24-oreve-po-na-fyen-dhe-poshteron-nje-barbar\/#primaryimage"},"thumbnailUrl":"http:\/\/www.fjala.info\/2012\/spartak_ngjela.jpg","articleSection":["Artikuj"],"inLanguage":"sq-AL","potentialAction":[{"@type":"CommentAction","name":"Comment","target":["https:\/\/fjala.info\/2009-2015\/ngjela-cdo-popull-evropian-do-e-kishte-rrezuar-berishen-brenda-24-oreve-po-na-fyen-dhe-poshteron-nje-barbar\/#respond"]}]},{"@type":"WebPage","@id":"https:\/\/fjala.info\/2009-2015\/ngjela-cdo-popull-evropian-do-e-kishte-rrezuar-berishen-brenda-24-oreve-po-na-fyen-dhe-poshteron-nje-barbar\/","url":"https:\/\/fjala.info\/2009-2015\/ngjela-cdo-popull-evropian-do-e-kishte-rrezuar-berishen-brenda-24-oreve-po-na-fyen-dhe-poshteron-nje-barbar\/","name":"Ngjela: \u00c7do popull evropian do e kishte rr\u00ebzuar Berish\u00ebn brenda 24 or\u00ebve. Po na fyen dhe posht\u00ebron nj\u00eb barbar - FjALA e LIR\u00cb - Arkivi","isPartOf":{"@id":"https:\/\/fjala.info\/2009-2015\/#website"},"primaryImageOfPage":{"@id":"https:\/\/fjala.info\/2009-2015\/ngjela-cdo-popull-evropian-do-e-kishte-rrezuar-berishen-brenda-24-oreve-po-na-fyen-dhe-poshteron-nje-barbar\/#primaryimage"},"image":{"@id":"https:\/\/fjala.info\/2009-2015\/ngjela-cdo-popull-evropian-do-e-kishte-rrezuar-berishen-brenda-24-oreve-po-na-fyen-dhe-poshteron-nje-barbar\/#primaryimage"},"thumbnailUrl":"http:\/\/www.fjala.info\/2012\/spartak_ngjela.jpg","datePublished":"2012-08-19T20:15:59+00:00","breadcrumb":{"@id":"https:\/\/fjala.info\/2009-2015\/ngjela-cdo-popull-evropian-do-e-kishte-rrezuar-berishen-brenda-24-oreve-po-na-fyen-dhe-poshteron-nje-barbar\/#breadcrumb"},"inLanguage":"sq-AL","potentialAction":[{"@type":"ReadAction","target":["https:\/\/fjala.info\/2009-2015\/ngjela-cdo-popull-evropian-do-e-kishte-rrezuar-berishen-brenda-24-oreve-po-na-fyen-dhe-poshteron-nje-barbar\/"]}]},{"@type":"ImageObject","inLanguage":"sq-AL","@id":"https:\/\/fjala.info\/2009-2015\/ngjela-cdo-popull-evropian-do-e-kishte-rrezuar-berishen-brenda-24-oreve-po-na-fyen-dhe-poshteron-nje-barbar\/#primaryimage","url":"http:\/\/www.fjala.info\/2012\/spartak_ngjela.jpg","contentUrl":"http:\/\/www.fjala.info\/2012\/spartak_ngjela.jpg"},{"@type":"BreadcrumbList","@id":"https:\/\/fjala.info\/2009-2015\/ngjela-cdo-popull-evropian-do-e-kishte-rrezuar-berishen-brenda-24-oreve-po-na-fyen-dhe-poshteron-nje-barbar\/#breadcrumb","itemListElement":[{"@type":"ListItem","position":1,"name":"Home","item":"https:\/\/fjala.info\/2009-2015\/"},{"@type":"ListItem","position":2,"name":"Ngjela: \u00c7do popull evropian do e kishte rr\u00ebzuar Berish\u00ebn brenda 24 or\u00ebve. Po na fyen dhe posht\u00ebron nj\u00eb barbar"}]},{"@type":"WebSite","@id":"https:\/\/fjala.info\/2009-2015\/#website","url":"https:\/\/fjala.info\/2009-2015\/","name":"FjALA e LIR\u00cb - Arkivi","description":"Arkivi 2009-2015","publisher":{"@id":"https:\/\/fjala.info\/2009-2015\/#organization"},"potentialAction":[{"@type":"SearchAction","target":{"@type":"EntryPoint","urlTemplate":"https:\/\/fjala.info\/2009-2015\/?s={search_term_string}"},"query-input":{"@type":"PropertyValueSpecification","valueRequired":true,"valueName":"search_term_string"}}],"inLanguage":"sq-AL"},{"@type":"Organization","@id":"https:\/\/fjala.info\/2009-2015\/#organization","name":"FjALA e LIR\u00cb - Arkivi","url":"https:\/\/fjala.info\/2009-2015\/","logo":{"@type":"ImageObject","inLanguage":"sq-AL","@id":"https:\/\/fjala.info\/2009-2015\/#\/schema\/logo\/image\/","url":"","contentUrl":"","caption":"FjALA e LIR\u00cb - Arkivi"},"image":{"@id":"https:\/\/fjala.info\/2009-2015\/#\/schema\/logo\/image\/"}},{"@type":"Person","@id":"https:\/\/fjala.info\/2009-2015\/#\/schema\/person\/3aa1163ef05469c496fc94e77611ada2","name":"admin","image":{"@type":"ImageObject","inLanguage":"sq-AL","@id":"https:\/\/fjala.info\/2009-2015\/wp-content\/uploads\/2012\/02\/arben_cokaj-120x150.jpg","url":"https:\/\/fjala.info\/2009-2015\/wp-content\/uploads\/2012\/02\/arben_cokaj-120x150.jpg","contentUrl":"https:\/\/fjala.info\/2009-2015\/wp-content\/uploads\/2012\/02\/arben_cokaj-120x150.jpg","caption":"admin"},"description":"Admin, Fjala e Lir\u00eb","sameAs":["https:\/\/fjala.info\/"],"url":"https:\/\/fjala.info\/2009-2015\/author\/admin\/"}]}},"_links":{"self":[{"href":"https:\/\/fjala.info\/2009-2015\/wp-json\/wp\/v2\/posts\/4513","targetHints":{"allow":["GET"]}}],"collection":[{"href":"https:\/\/fjala.info\/2009-2015\/wp-json\/wp\/v2\/posts"}],"about":[{"href":"https:\/\/fjala.info\/2009-2015\/wp-json\/wp\/v2\/types\/post"}],"author":[{"embeddable":true,"href":"https:\/\/fjala.info\/2009-2015\/wp-json\/wp\/v2\/users\/1"}],"replies":[{"embeddable":true,"href":"https:\/\/fjala.info\/2009-2015\/wp-json\/wp\/v2\/comments?post=4513"}],"version-history":[{"count":0,"href":"https:\/\/fjala.info\/2009-2015\/wp-json\/wp\/v2\/posts\/4513\/revisions"}],"wp:attachment":[{"href":"https:\/\/fjala.info\/2009-2015\/wp-json\/wp\/v2\/media?parent=4513"}],"wp:term":[{"taxonomy":"category","embeddable":true,"href":"https:\/\/fjala.info\/2009-2015\/wp-json\/wp\/v2\/categories?post=4513"},{"taxonomy":"post_tag","embeddable":true,"href":"https:\/\/fjala.info\/2009-2015\/wp-json\/wp\/v2\/tags?post=4513"}],"curies":[{"name":"wp","href":"https:\/\/api.w.org\/{rel}","templated":true}]}}