{"id":4509,"date":"2012-08-19T07:33:12","date_gmt":"2012-08-19T06:33:12","guid":{"rendered":"http:\/\/www.fjala.info\/?p=4509"},"modified":"2012-08-19T07:33:12","modified_gmt":"2012-08-19T06:33:12","slug":"kalaja-e-krujes-ku-u-ndalen-taboret-e-turqve-sndalet-betoni","status":"publish","type":"post","link":"https:\/\/fjala.info\/2009-2015\/kalaja-e-krujes-ku-u-ndalen-taboret-e-turqve-sndalet-betoni\/","title":{"rendered":"Kalaja e Kruj\u00ebs, ku u ndal\u00ebn tabor\u00ebt e turqve s\u2019ndalet betoni"},"content":{"rendered":"<p><img decoding=\"async\" class=\"alignright size-thumbnail wp-image-7236\" title=\"Kalaja e Kruj\u00ebs\" src=\"http:\/\/www.fjala.info\/2012\/kalaja_krujes.jpg\" alt=\"\" width=\"300\" \/> <em>KRUJE<\/em> &#8211; Betoni vazhdon t\u00eb pushtoj\u00eb qytetet dhe objektet e trash\u00ebgimis\u00eb historiko-kulturore, duke mos u ndalur as para portave t\u00eb Kalas\u00eb s\u00eb Sk\u00ebnderbeut n\u00eb Kruj\u00eb, ku historia na thot\u00eb se jan\u00eb ndalur tabor\u00ebt e ushtrive osmane.<\/p>\n<p>Prej disa dit\u00ebsh, n\u00eb hyrje t\u00eb k\u00ebsaj kalaje kan\u00eb nisur t\u00eb ngrihen disa nd\u00ebrtesa t\u00eb m\u00ebdha prej betoni, si\u00e7 njoftohemi n\u00eb tabel\u00ebn e v\u00ebn\u00eb n\u00eb fillim t\u00eb punimeve me lejen e Bashkis\u00eb s\u00eb k\u00ebtij qyteti. Sikur t\u00eb mos mjaftonin pallatet, t\u00eb cil\u00ebt z\u00ebn\u00eb pamjen e kalas\u00eb n\u00eb k\u00ebt\u00eb qytet, nd\u00ebrtimi q\u00eb po kryhet n\u00eb hyrje t\u00eb port\u00ebs s\u00eb kalas\u00eb, mund t\u00eb p\u00ebrb\u00ebj\u00eb nj\u00eb tjet\u00ebr rrezik p\u00ebr k\u00ebt\u00eb objekt t\u00eb r\u00ebnd\u00ebsish\u00ebm t\u00eb historis\u00eb son\u00eb, q\u00eb dal\u00ebngadal\u00eb po humbnet vlerat e saj. Nd\u00ebrsa kjo kala \u00ebsht\u00eb pron\u00eb e Minitris\u00eb s\u00eb Kultur\u00ebs, leja p\u00ebr ngritjen e k\u00ebtyre nd\u00ebrtimeve \u00ebsht\u00eb dh\u00ebn\u00eb nga ana e Bashkis\u00eb s\u00eb Kruj\u00ebs, gj\u00eb q\u00eb lejon nd\u00ebrtuesit t\u00eb hedhin beton dit\u00ebn p\u00ebr diell pa u bezdisur nga askush.<\/p>\n<p>Asnj\u00eb nga punonj\u00ebsit e Muzeumit dhe Kalas\u00eb s\u00eb Kruj\u00ebs, nuk pranon t\u00eb pronocohet p\u00ebr d\u00ebmet q\u00eb po i b\u00ebhen k\u00ebsaj kalaje dhe trash\u00ebgimise historike, pasi \u00ebsht\u00eb Ministria e Kultur\u00ebs ajo q\u00eb p\u00ebrgjigjet p\u00ebr t\u00eb. Nd\u00ebrtuesit kan\u00eb vendosur nj\u00eb tabel\u00eb n\u00eb hyrje t\u00eb punimeve, ku tregojne se \u00ebsht\u00eb vet\u00eb Bashkia e Kruj\u00ebs, q\u00eb ka dh\u00ebn\u00eb leje p\u00ebr ngritjen e nj\u00eb ndertese e cila do sh\u00ebrbej\u00eb p\u00ebr dyqane dhe apartamente banimi. Muri lidh\u00ebs i hyrjes s\u00eb Kalas\u00eb \u00ebsht\u00eb d\u00ebmtuar, duke u z\u00ebvd\u00ebsuar me nj\u00eb mur betoni, q\u00eb duket se do t\u00eb sh\u00ebrbej\u00eb edhe si nja nga fasadat e dyqaneve q\u00eb do ngrihet.<\/p>\n<p><iframe loading=\"lazy\" src=\"http:\/\/www.youtube.com\/embed\/A3sUI0ryeaI\" frameborder=\"0\" width=\"560\" height=\"315\"><\/iframe><\/p>\n<p>Kjo nd\u00ebrtes\u00eb n\u00eb hyrje t\u00eb Kalas\u00eb d\u00ebmton si imazhin e vet\u00eb objektit historik, ashtu edhe at\u00eb t\u00eb pazarit t\u00eb vjet\u00ebr t\u00eb Kruj\u00ebs, t\u00eb dyja k\u00ebto pjes\u00eb e fondit t\u00eb arte t\u00eb trash\u00ebgimis\u00eb son\u00eb kulturore e historike.<\/p>\n","protected":false},"excerpt":{"rendered":"<p>KRUJE &#8211; Betoni vazhdon t\u00eb pushtoj\u00eb qytetet dhe objektet e trash\u00ebgimis\u00eb historiko-kulturore, duke mos u ndalur as para portave t\u00eb Kalas\u00eb s\u00eb Sk\u00ebnderbeut n\u00eb Kruj\u00eb, ku historia na thot\u00eb se jan\u00eb ndalur tabor\u00ebt e ushtrive osmane. Prej disa dit\u00ebsh, n\u00eb hyrje t\u00eb k\u00ebsaj kalaje kan\u00eb nisur t\u00eb ngrihen disa nd\u00ebrtesa t\u00eb m\u00ebdha prej betoni, si\u00e7 [&hellip;]<\/p>\n","protected":false},"author":1,"featured_media":0,"comment_status":"open","ping_status":"closed","sticky":false,"template":"","format":"standard","meta":{"footnotes":""},"categories":[2,5],"tags":[],"class_list":{"0":"post-4509","1":"post","2":"type-post","3":"status-publish","4":"format-standard","6":"category-artikuj","7":"category-lajme"},"yoast_head":"<!-- This site is optimized with the Yoast SEO plugin v27.4 - https:\/\/yoast.com\/product\/yoast-seo-wordpress\/ -->\n<title>Kalaja e Kruj\u00ebs, ku u ndal\u00ebn tabor\u00ebt e turqve s\u2019ndalet betoni - FjALA e LIR\u00cb - Arkivi<\/title>\n<meta name=\"robots\" content=\"index, follow, max-snippet:-1, max-image-preview:large, max-video-preview:-1\" \/>\n<link rel=\"canonical\" href=\"https:\/\/fjala.info\/2009-2015\/kalaja-e-krujes-ku-u-ndalen-taboret-e-turqve-sndalet-betoni\/\" \/>\n<meta property=\"og:locale\" content=\"sq_AL\" \/>\n<meta property=\"og:type\" content=\"article\" \/>\n<meta property=\"og:title\" content=\"Kalaja e Kruj\u00ebs, ku u ndal\u00ebn tabor\u00ebt e turqve s\u2019ndalet betoni - FjALA e LIR\u00cb - Arkivi\" \/>\n<meta property=\"og:description\" content=\"KRUJE &#8211; Betoni vazhdon t\u00eb pushtoj\u00eb qytetet dhe objektet e trash\u00ebgimis\u00eb historiko-kulturore, duke mos u ndalur as para portave t\u00eb Kalas\u00eb s\u00eb Sk\u00ebnderbeut n\u00eb Kruj\u00eb, ku historia na thot\u00eb se jan\u00eb ndalur tabor\u00ebt e ushtrive osmane. Prej disa dit\u00ebsh, n\u00eb hyrje t\u00eb k\u00ebsaj kalaje kan\u00eb nisur t\u00eb ngrihen disa nd\u00ebrtesa t\u00eb m\u00ebdha prej betoni, si\u00e7 [&hellip;]\" \/>\n<meta property=\"og:url\" content=\"https:\/\/fjala.info\/2009-2015\/kalaja-e-krujes-ku-u-ndalen-taboret-e-turqve-sndalet-betoni\/\" \/>\n<meta property=\"og:site_name\" content=\"FjALA e LIR\u00cb - Arkivi\" \/>\n<meta property=\"article:published_time\" content=\"2012-08-19T06:33:12+00:00\" \/>\n<meta property=\"og:image\" content=\"http:\/\/www.fjala.info\/2012\/kalaja_krujes.jpg\" \/>\n<meta name=\"author\" content=\"admin\" \/>\n<meta name=\"twitter:card\" content=\"summary_large_image\" \/>\n<meta name=\"twitter:label1\" content=\"Written by\" \/>\n\t<meta name=\"twitter:data1\" content=\"admin\" \/>\n\t<meta name=\"twitter:label2\" content=\"Est. reading time\" \/>\n\t<meta name=\"twitter:data2\" content=\"2 minutes\" \/>\n<script type=\"application\/ld+json\" class=\"yoast-schema-graph\">{\"@context\":\"https:\\\/\\\/schema.org\",\"@graph\":[{\"@type\":\"Article\",\"@id\":\"https:\\\/\\\/fjala.info\\\/2009-2015\\\/kalaja-e-krujes-ku-u-ndalen-taboret-e-turqve-sndalet-betoni\\\/#article\",\"isPartOf\":{\"@id\":\"https:\\\/\\\/fjala.info\\\/2009-2015\\\/kalaja-e-krujes-ku-u-ndalen-taboret-e-turqve-sndalet-betoni\\\/\"},\"author\":{\"name\":\"admin\",\"@id\":\"https:\\\/\\\/fjala.info\\\/2009-2015\\\/#\\\/schema\\\/person\\\/3aa1163ef05469c496fc94e77611ada2\"},\"headline\":\"Kalaja e Kruj\u00ebs, ku u ndal\u00ebn tabor\u00ebt e turqve s\u2019ndalet betoni\",\"datePublished\":\"2012-08-19T06:33:12+00:00\",\"mainEntityOfPage\":{\"@id\":\"https:\\\/\\\/fjala.info\\\/2009-2015\\\/kalaja-e-krujes-ku-u-ndalen-taboret-e-turqve-sndalet-betoni\\\/\"},\"wordCount\":366,\"commentCount\":0,\"publisher\":{\"@id\":\"https:\\\/\\\/fjala.info\\\/2009-2015\\\/#organization\"},\"image\":{\"@id\":\"https:\\\/\\\/fjala.info\\\/2009-2015\\\/kalaja-e-krujes-ku-u-ndalen-taboret-e-turqve-sndalet-betoni\\\/#primaryimage\"},\"thumbnailUrl\":\"http:\\\/\\\/www.fjala.info\\\/2012\\\/kalaja_krujes.jpg\",\"articleSection\":[\"Artikuj\",\"Lajme\"],\"inLanguage\":\"sq-AL\",\"potentialAction\":[{\"@type\":\"CommentAction\",\"name\":\"Comment\",\"target\":[\"https:\\\/\\\/fjala.info\\\/2009-2015\\\/kalaja-e-krujes-ku-u-ndalen-taboret-e-turqve-sndalet-betoni\\\/#respond\"]}]},{\"@type\":\"WebPage\",\"@id\":\"https:\\\/\\\/fjala.info\\\/2009-2015\\\/kalaja-e-krujes-ku-u-ndalen-taboret-e-turqve-sndalet-betoni\\\/\",\"url\":\"https:\\\/\\\/fjala.info\\\/2009-2015\\\/kalaja-e-krujes-ku-u-ndalen-taboret-e-turqve-sndalet-betoni\\\/\",\"name\":\"Kalaja e Kruj\u00ebs, ku u ndal\u00ebn tabor\u00ebt e turqve s\u2019ndalet betoni - FjALA e LIR\u00cb - Arkivi\",\"isPartOf\":{\"@id\":\"https:\\\/\\\/fjala.info\\\/2009-2015\\\/#website\"},\"primaryImageOfPage\":{\"@id\":\"https:\\\/\\\/fjala.info\\\/2009-2015\\\/kalaja-e-krujes-ku-u-ndalen-taboret-e-turqve-sndalet-betoni\\\/#primaryimage\"},\"image\":{\"@id\":\"https:\\\/\\\/fjala.info\\\/2009-2015\\\/kalaja-e-krujes-ku-u-ndalen-taboret-e-turqve-sndalet-betoni\\\/#primaryimage\"},\"thumbnailUrl\":\"http:\\\/\\\/www.fjala.info\\\/2012\\\/kalaja_krujes.jpg\",\"datePublished\":\"2012-08-19T06:33:12+00:00\",\"breadcrumb\":{\"@id\":\"https:\\\/\\\/fjala.info\\\/2009-2015\\\/kalaja-e-krujes-ku-u-ndalen-taboret-e-turqve-sndalet-betoni\\\/#breadcrumb\"},\"inLanguage\":\"sq-AL\",\"potentialAction\":[{\"@type\":\"ReadAction\",\"target\":[\"https:\\\/\\\/fjala.info\\\/2009-2015\\\/kalaja-e-krujes-ku-u-ndalen-taboret-e-turqve-sndalet-betoni\\\/\"]}]},{\"@type\":\"ImageObject\",\"inLanguage\":\"sq-AL\",\"@id\":\"https:\\\/\\\/fjala.info\\\/2009-2015\\\/kalaja-e-krujes-ku-u-ndalen-taboret-e-turqve-sndalet-betoni\\\/#primaryimage\",\"url\":\"http:\\\/\\\/www.fjala.info\\\/2012\\\/kalaja_krujes.jpg\",\"contentUrl\":\"http:\\\/\\\/www.fjala.info\\\/2012\\\/kalaja_krujes.jpg\"},{\"@type\":\"BreadcrumbList\",\"@id\":\"https:\\\/\\\/fjala.info\\\/2009-2015\\\/kalaja-e-krujes-ku-u-ndalen-taboret-e-turqve-sndalet-betoni\\\/#breadcrumb\",\"itemListElement\":[{\"@type\":\"ListItem\",\"position\":1,\"name\":\"Home\",\"item\":\"https:\\\/\\\/fjala.info\\\/2009-2015\\\/\"},{\"@type\":\"ListItem\",\"position\":2,\"name\":\"Kalaja e Kruj\u00ebs, ku u ndal\u00ebn tabor\u00ebt e turqve s\u2019ndalet betoni\"}]},{\"@type\":\"WebSite\",\"@id\":\"https:\\\/\\\/fjala.info\\\/2009-2015\\\/#website\",\"url\":\"https:\\\/\\\/fjala.info\\\/2009-2015\\\/\",\"name\":\"FjALA e LIR\u00cb - Arkivi\",\"description\":\"Arkivi 2009-2015\",\"publisher\":{\"@id\":\"https:\\\/\\\/fjala.info\\\/2009-2015\\\/#organization\"},\"potentialAction\":[{\"@type\":\"SearchAction\",\"target\":{\"@type\":\"EntryPoint\",\"urlTemplate\":\"https:\\\/\\\/fjala.info\\\/2009-2015\\\/?s={search_term_string}\"},\"query-input\":{\"@type\":\"PropertyValueSpecification\",\"valueRequired\":true,\"valueName\":\"search_term_string\"}}],\"inLanguage\":\"sq-AL\"},{\"@type\":\"Organization\",\"@id\":\"https:\\\/\\\/fjala.info\\\/2009-2015\\\/#organization\",\"name\":\"FjALA e LIR\u00cb - Arkivi\",\"url\":\"https:\\\/\\\/fjala.info\\\/2009-2015\\\/\",\"logo\":{\"@type\":\"ImageObject\",\"inLanguage\":\"sq-AL\",\"@id\":\"https:\\\/\\\/fjala.info\\\/2009-2015\\\/#\\\/schema\\\/logo\\\/image\\\/\",\"url\":\"\",\"contentUrl\":\"\",\"caption\":\"FjALA e LIR\u00cb - Arkivi\"},\"image\":{\"@id\":\"https:\\\/\\\/fjala.info\\\/2009-2015\\\/#\\\/schema\\\/logo\\\/image\\\/\"}},{\"@type\":\"Person\",\"@id\":\"https:\\\/\\\/fjala.info\\\/2009-2015\\\/#\\\/schema\\\/person\\\/3aa1163ef05469c496fc94e77611ada2\",\"name\":\"admin\",\"image\":{\"@type\":\"ImageObject\",\"inLanguage\":\"sq-AL\",\"@id\":\"https:\\\/\\\/fjala.info\\\/2009-2015\\\/wp-content\\\/uploads\\\/2012\\\/02\\\/arben_cokaj-120x150.jpg\",\"url\":\"https:\\\/\\\/fjala.info\\\/2009-2015\\\/wp-content\\\/uploads\\\/2012\\\/02\\\/arben_cokaj-120x150.jpg\",\"contentUrl\":\"https:\\\/\\\/fjala.info\\\/2009-2015\\\/wp-content\\\/uploads\\\/2012\\\/02\\\/arben_cokaj-120x150.jpg\",\"caption\":\"admin\"},\"description\":\"Admin, Fjala e Lir\u00eb\",\"sameAs\":[\"https:\\\/\\\/fjala.info\\\/\"],\"url\":\"https:\\\/\\\/fjala.info\\\/2009-2015\\\/author\\\/admin\\\/\"}]}<\/script>\n<!-- \/ Yoast SEO plugin. -->","yoast_head_json":{"title":"Kalaja e Kruj\u00ebs, ku u ndal\u00ebn tabor\u00ebt e turqve s\u2019ndalet betoni - FjALA e LIR\u00cb - Arkivi","robots":{"index":"index","follow":"follow","max-snippet":"max-snippet:-1","max-image-preview":"max-image-preview:large","max-video-preview":"max-video-preview:-1"},"canonical":"https:\/\/fjala.info\/2009-2015\/kalaja-e-krujes-ku-u-ndalen-taboret-e-turqve-sndalet-betoni\/","og_locale":"sq_AL","og_type":"article","og_title":"Kalaja e Kruj\u00ebs, ku u ndal\u00ebn tabor\u00ebt e turqve s\u2019ndalet betoni - FjALA e LIR\u00cb - Arkivi","og_description":"KRUJE &#8211; Betoni vazhdon t\u00eb pushtoj\u00eb qytetet dhe objektet e trash\u00ebgimis\u00eb historiko-kulturore, duke mos u ndalur as para portave t\u00eb Kalas\u00eb s\u00eb Sk\u00ebnderbeut n\u00eb Kruj\u00eb, ku historia na thot\u00eb se jan\u00eb ndalur tabor\u00ebt e ushtrive osmane. Prej disa dit\u00ebsh, n\u00eb hyrje t\u00eb k\u00ebsaj kalaje kan\u00eb nisur t\u00eb ngrihen disa nd\u00ebrtesa t\u00eb m\u00ebdha prej betoni, si\u00e7 [&hellip;]","og_url":"https:\/\/fjala.info\/2009-2015\/kalaja-e-krujes-ku-u-ndalen-taboret-e-turqve-sndalet-betoni\/","og_site_name":"FjALA e LIR\u00cb - Arkivi","article_published_time":"2012-08-19T06:33:12+00:00","og_image":[{"url":"http:\/\/www.fjala.info\/2012\/kalaja_krujes.jpg","type":"","width":"","height":""}],"author":"admin","twitter_card":"summary_large_image","twitter_misc":{"Written by":"admin","Est. reading time":"2 minutes"},"schema":{"@context":"https:\/\/schema.org","@graph":[{"@type":"Article","@id":"https:\/\/fjala.info\/2009-2015\/kalaja-e-krujes-ku-u-ndalen-taboret-e-turqve-sndalet-betoni\/#article","isPartOf":{"@id":"https:\/\/fjala.info\/2009-2015\/kalaja-e-krujes-ku-u-ndalen-taboret-e-turqve-sndalet-betoni\/"},"author":{"name":"admin","@id":"https:\/\/fjala.info\/2009-2015\/#\/schema\/person\/3aa1163ef05469c496fc94e77611ada2"},"headline":"Kalaja e Kruj\u00ebs, ku u ndal\u00ebn tabor\u00ebt e turqve s\u2019ndalet betoni","datePublished":"2012-08-19T06:33:12+00:00","mainEntityOfPage":{"@id":"https:\/\/fjala.info\/2009-2015\/kalaja-e-krujes-ku-u-ndalen-taboret-e-turqve-sndalet-betoni\/"},"wordCount":366,"commentCount":0,"publisher":{"@id":"https:\/\/fjala.info\/2009-2015\/#organization"},"image":{"@id":"https:\/\/fjala.info\/2009-2015\/kalaja-e-krujes-ku-u-ndalen-taboret-e-turqve-sndalet-betoni\/#primaryimage"},"thumbnailUrl":"http:\/\/www.fjala.info\/2012\/kalaja_krujes.jpg","articleSection":["Artikuj","Lajme"],"inLanguage":"sq-AL","potentialAction":[{"@type":"CommentAction","name":"Comment","target":["https:\/\/fjala.info\/2009-2015\/kalaja-e-krujes-ku-u-ndalen-taboret-e-turqve-sndalet-betoni\/#respond"]}]},{"@type":"WebPage","@id":"https:\/\/fjala.info\/2009-2015\/kalaja-e-krujes-ku-u-ndalen-taboret-e-turqve-sndalet-betoni\/","url":"https:\/\/fjala.info\/2009-2015\/kalaja-e-krujes-ku-u-ndalen-taboret-e-turqve-sndalet-betoni\/","name":"Kalaja e Kruj\u00ebs, ku u ndal\u00ebn tabor\u00ebt e turqve s\u2019ndalet betoni - FjALA e LIR\u00cb - Arkivi","isPartOf":{"@id":"https:\/\/fjala.info\/2009-2015\/#website"},"primaryImageOfPage":{"@id":"https:\/\/fjala.info\/2009-2015\/kalaja-e-krujes-ku-u-ndalen-taboret-e-turqve-sndalet-betoni\/#primaryimage"},"image":{"@id":"https:\/\/fjala.info\/2009-2015\/kalaja-e-krujes-ku-u-ndalen-taboret-e-turqve-sndalet-betoni\/#primaryimage"},"thumbnailUrl":"http:\/\/www.fjala.info\/2012\/kalaja_krujes.jpg","datePublished":"2012-08-19T06:33:12+00:00","breadcrumb":{"@id":"https:\/\/fjala.info\/2009-2015\/kalaja-e-krujes-ku-u-ndalen-taboret-e-turqve-sndalet-betoni\/#breadcrumb"},"inLanguage":"sq-AL","potentialAction":[{"@type":"ReadAction","target":["https:\/\/fjala.info\/2009-2015\/kalaja-e-krujes-ku-u-ndalen-taboret-e-turqve-sndalet-betoni\/"]}]},{"@type":"ImageObject","inLanguage":"sq-AL","@id":"https:\/\/fjala.info\/2009-2015\/kalaja-e-krujes-ku-u-ndalen-taboret-e-turqve-sndalet-betoni\/#primaryimage","url":"http:\/\/www.fjala.info\/2012\/kalaja_krujes.jpg","contentUrl":"http:\/\/www.fjala.info\/2012\/kalaja_krujes.jpg"},{"@type":"BreadcrumbList","@id":"https:\/\/fjala.info\/2009-2015\/kalaja-e-krujes-ku-u-ndalen-taboret-e-turqve-sndalet-betoni\/#breadcrumb","itemListElement":[{"@type":"ListItem","position":1,"name":"Home","item":"https:\/\/fjala.info\/2009-2015\/"},{"@type":"ListItem","position":2,"name":"Kalaja e Kruj\u00ebs, ku u ndal\u00ebn tabor\u00ebt e turqve s\u2019ndalet betoni"}]},{"@type":"WebSite","@id":"https:\/\/fjala.info\/2009-2015\/#website","url":"https:\/\/fjala.info\/2009-2015\/","name":"FjALA e LIR\u00cb - Arkivi","description":"Arkivi 2009-2015","publisher":{"@id":"https:\/\/fjala.info\/2009-2015\/#organization"},"potentialAction":[{"@type":"SearchAction","target":{"@type":"EntryPoint","urlTemplate":"https:\/\/fjala.info\/2009-2015\/?s={search_term_string}"},"query-input":{"@type":"PropertyValueSpecification","valueRequired":true,"valueName":"search_term_string"}}],"inLanguage":"sq-AL"},{"@type":"Organization","@id":"https:\/\/fjala.info\/2009-2015\/#organization","name":"FjALA e LIR\u00cb - Arkivi","url":"https:\/\/fjala.info\/2009-2015\/","logo":{"@type":"ImageObject","inLanguage":"sq-AL","@id":"https:\/\/fjala.info\/2009-2015\/#\/schema\/logo\/image\/","url":"","contentUrl":"","caption":"FjALA e LIR\u00cb - Arkivi"},"image":{"@id":"https:\/\/fjala.info\/2009-2015\/#\/schema\/logo\/image\/"}},{"@type":"Person","@id":"https:\/\/fjala.info\/2009-2015\/#\/schema\/person\/3aa1163ef05469c496fc94e77611ada2","name":"admin","image":{"@type":"ImageObject","inLanguage":"sq-AL","@id":"https:\/\/fjala.info\/2009-2015\/wp-content\/uploads\/2012\/02\/arben_cokaj-120x150.jpg","url":"https:\/\/fjala.info\/2009-2015\/wp-content\/uploads\/2012\/02\/arben_cokaj-120x150.jpg","contentUrl":"https:\/\/fjala.info\/2009-2015\/wp-content\/uploads\/2012\/02\/arben_cokaj-120x150.jpg","caption":"admin"},"description":"Admin, Fjala e Lir\u00eb","sameAs":["https:\/\/fjala.info\/"],"url":"https:\/\/fjala.info\/2009-2015\/author\/admin\/"}]}},"_links":{"self":[{"href":"https:\/\/fjala.info\/2009-2015\/wp-json\/wp\/v2\/posts\/4509","targetHints":{"allow":["GET"]}}],"collection":[{"href":"https:\/\/fjala.info\/2009-2015\/wp-json\/wp\/v2\/posts"}],"about":[{"href":"https:\/\/fjala.info\/2009-2015\/wp-json\/wp\/v2\/types\/post"}],"author":[{"embeddable":true,"href":"https:\/\/fjala.info\/2009-2015\/wp-json\/wp\/v2\/users\/1"}],"replies":[{"embeddable":true,"href":"https:\/\/fjala.info\/2009-2015\/wp-json\/wp\/v2\/comments?post=4509"}],"version-history":[{"count":0,"href":"https:\/\/fjala.info\/2009-2015\/wp-json\/wp\/v2\/posts\/4509\/revisions"}],"wp:attachment":[{"href":"https:\/\/fjala.info\/2009-2015\/wp-json\/wp\/v2\/media?parent=4509"}],"wp:term":[{"taxonomy":"category","embeddable":true,"href":"https:\/\/fjala.info\/2009-2015\/wp-json\/wp\/v2\/categories?post=4509"},{"taxonomy":"post_tag","embeddable":true,"href":"https:\/\/fjala.info\/2009-2015\/wp-json\/wp\/v2\/tags?post=4509"}],"curies":[{"name":"wp","href":"https:\/\/api.w.org\/{rel}","templated":true}]}}