{"id":4505,"date":"2012-08-19T07:15:58","date_gmt":"2012-08-19T06:15:58","guid":{"rendered":"http:\/\/www.fjala.info\/?p=4505"},"modified":"2012-08-19T07:15:58","modified_gmt":"2012-08-19T06:15:58","slug":"problemi-qe-hap-shish-brenda-pushtetit","status":"publish","type":"post","link":"https:\/\/fjala.info\/2009-2015\/problemi-qe-hap-shish-brenda-pushtetit\/","title":{"rendered":"Problemi q\u00eb hap SHISH brenda pushtetit"},"content":{"rendered":"<p><img decoding=\"async\" class=\"alignright size-thumbnail wp-image-7236\" title=\"Mero Baze\" src=\"http:\/\/www.fjala.info\/2012\/mero_baze.jpg\" alt=\"\" width=\"150\" \/> Nga <strong>Mero Baze<\/strong>, <em>18 Gusht 2012<\/em><\/p>\n<p>Debati rreth em\u00ebrimit t\u00eb nj\u00eb besniku t\u00eb Berish\u00ebs, n\u00eb krye t\u00eb Sh\u00ebrbimit Informativ, sjell her\u00eb pas her\u00eb n\u00eb kujtes\u00eb SHIK-un e para vitit 1997 dhe p\u00ebrfshirjen e tij n\u00eb politik\u00eb. Ngjashm\u00ebrin\u00eb me at\u00eb koh\u00eb e sjell biografia e kryetarit t\u00eb ri t\u00eb SHISH, fakti q\u00eb Berisha \u00ebsht\u00eb s\u00ebrish n\u00eb pushtet dhe m\u00ebnyra se si Berisha i p\u00ebrdor personalisht institucionet n\u00eb Shqip\u00ebri. T\u00eb gjitha k\u00ebto jan\u00eb arsye parimore q\u00eb t\u00eb japin t\u00eb drejt\u00eb t\u00eb besosh se kemi nj\u00eb kthim t\u00eb fort\u00eb mbrapa.<\/p>\n<p>Por, n\u00ebse e shikon me gjakftoht\u00ebsi problemin, kontrolli i SHISH prej Berish\u00ebs n\u00eb k\u00ebto momente, m\u00eb shum\u00eb se sa p\u00ebr opozit\u00ebn, sjell probleme p\u00ebr faktorin nd\u00ebrkomb\u00ebtar dhe p\u00ebr vet shumic\u00ebn n\u00eb pushtet. Nga m\u00ebnyra se si ka evoluar opozita dhe liria politike n\u00eb Shqip\u00ebri, SHISH, ka fare pak mund\u00ebsi t\u00eb frik\u00ebsoj\u00eb opozit\u00ebn apo t\u00eb b\u00ebj at\u00eb q\u00eb ka b\u00ebr\u00eb para vitit 1997, kur u p\u00ebrzie n\u00eb debatin e brendsh\u00ebm n\u00eb Partin\u00eb Socialiste.<\/p>\n<p>N\u00eb at\u00eb koh\u00eb ai p\u00ebrdori element\u00eb t\u00eb r\u00ebnd\u00ebsish\u00ebm t\u00eb Partis\u00eb Socialiste, t\u00eb cil\u00ebve u vuri n\u00eb dispozicion gjith\u00eb shtetin p\u00ebr t\u00eb eliminuar Fatos Nanon nga kreu i partis\u00eb. Sot, nj\u00eb skem\u00eb e till\u00eb \u00ebsht\u00eb shum\u00eb larg realitetit. Edhe pse brenda Partis\u00eb Socialiste ka plot njer\u00ebz q\u00eb bashk\u00ebpunojn\u00eb me Berish\u00ebn kund\u00ebr Ram\u00ebs, ata nuk jan\u00eb z\u00ebra t\u00eb besuesh\u00ebm dhe nuk p\u00ebrb\u00ebjn\u00eb problem p\u00ebr luft\u00ebn politike brenda Partis\u00eb Socialiste. M\u00eb i flakti prej tyre, Arben Malaj, maksimumi q\u00eb k\u00ebrkon, \u00ebsht\u00eb dialog me Bujar Nishanin, dhe at\u00eb, m\u00eb shum\u00eb se kan\u00eb grat\u00eb shoqe, se sa q\u00eb ja k\u00ebrkon Berisha.<\/p>\n<p>N\u00eb k\u00ebt\u00eb aspekt, SHISH \u00ebsht\u00eb problem s\u00eb pari p\u00ebr faktorin nd\u00ebrkomb\u00ebtar, q\u00eb kishte nd\u00ebrtuar pun\u00ebn n\u00eb privat\u00ebsi t\u00eb fort\u00eb me ish drejtuesit e SHISH. N\u00eb k\u00ebt\u00eb pik\u00eb, problemi i par\u00eb i lind SHBA-s\u00eb, e cila duhet t\u00eb tregoj\u00eb kujdes t\u00eb mos humbas\u00eb terrenin q\u00eb ka fituar n\u00eb SHISH pas vitit 1997, sidomos n\u00eb sektorin e luft\u00ebs kund\u00ebr terrorizimit.<\/p>\n<p>Edhe pse \u00ebsht\u00eb e sigurt q\u00eb Ajazi do t\u00eb b\u00ebj kryeservilin ndaj tyre, pa u cenuar asgj\u00eb, \u00ebsht\u00eb problem sa ata do t\u2019i besojn\u00eb Ajazit informacionin e tyre dhe sa do ta v\u00ebshtir\u00ebsoj\u00eb kjo gj\u00eb efi\u00e7enc\u00ebn e pun\u00ebs s\u00eb tyre n\u00eb Shqip\u00ebri. T\u00eb nj\u00ebjtin problem n\u00eb zinxhir do t\u00eb ken\u00eb dhe vende t\u00eb tjera an\u00ebtare t\u00eb NATO-s, t\u00eb cilat do t\u00eb ken\u00eb nevoj\u00eb p\u00ebr koh\u00eb q\u00eb t\u00eb fitojn\u00eb besimin e kreut t\u00eb ri t\u00eb SHISH, p\u00ebr shum\u00eb \u00e7\u00ebshtje delikate t\u00eb informacionit t\u00eb klasifikuar mes tyre.<\/p>\n<p>Por, problemin m\u00eb serioz me SHISH ka p\u00ebr ta pasur shumica. Sali Berisha ka vendosur nj\u00eb njeri besnik t\u00eb tij n\u00eb krye t\u00eb SHISH, p\u00ebr t\u00eb rritur autoritetin dhe p\u00ebr t\u00eb forcuar kontrollin mbi ministrat dhe aleat\u00ebt e vet n\u00eb qeveri. Ideja q\u00eb Berisha \u00ebsht\u00eb tani nj\u00eb \u201cBig Brother\u201d i madh q\u00eb shikon k\u00ebdo brenda Familjes, ka rritur ndejsh\u00ebm frik\u00ebn n\u00eb PD dhe sidomos tek ministra apo aleat\u00eb t\u00eb cil\u00ebt tentojn\u00eb t\u00eb b\u00ebjn\u00eb planet e tyre edhe pa Berish\u00ebn n\u00eb pushtet.<\/p>\n<p>Shum\u00eb ministra t\u00eb p\u00ebrfolur p\u00ebr korrupsion dhe sidomos ata q\u00eb menaxhojn\u00eb miliarda t\u00eb buxhetit, tashm\u00eb kan\u00eb nj\u00eb paranoj\u00eb m\u00eb shum\u00eb se AI shikon gjith\u00e7ka. Partner\u00ebt e Ilir Met\u00ebs n\u00eb koalicion, t\u00eb cil\u00ebt kan\u00eb qene p\u00ebr tre vjet objekt i gjuetis\u00eb antikorrupsion, do t\u00eb duhet t\u00eb rruhen dhe m\u00eb shum\u00eb tani q\u00eb nj\u00eb njeri i besuar i Berish\u00ebs \u00ebsht\u00eb duke i p\u00ebrgjuar zyrtarisht.<\/p>\n<p>Visho Ajazi \u00ebsht\u00eb atje p\u00ebr t\u00eb b\u00ebr\u00eb m\u00eb t\u00eb sigurt pushtetin e Berish\u00ebs, dhe p\u00ebr k\u00ebt\u00eb, kontrolli i \u00e7do qelize t\u00eb pushtetit \u00ebsht\u00eb jetik.<\/p>\n<p>P\u00ebrfytyroni q\u00eb qeveria i ka borxh biznesit 800 milion\u00eb euro. P\u00ebrfytyroni nj\u00eb minist\u00ebr, fjala vjen Sokoll Olldashin, q\u00eb u ka borxh 200 milion\u00eb prej k\u00ebtyre nd\u00ebrtuesve t\u00eb rrug\u00ebs. Secili prej tyre vet\u00ebm nga shpresa se mund t\u2019i marr\u00eb lek\u00ebt, \u00ebsht\u00eb gati t\u00eb t\u00eb fal\u00eb 20 apo 30 p\u00ebr qind, si falnin kreditor\u00ebt e dikursh\u00ebm tek Sudja apo Gjallica, n\u00ebse dikush ua jepte lek\u00ebt e tyre q\u00eb kishin investuar aty. P\u00ebrfytyroni n\u00eb dor\u00ebn e Genc Rulit miliona euro p\u00ebr kompesim t\u00eb fermer\u00ebve, dhe t\u2019i jap\u00eb ato pa mbajtur 10 apo 20 p\u00ebr qind. P\u00ebrfytyroni Haxhinaston q\u00eb firmos koncesione apo privatizime, sa p\u00ebr qind mund t\u2019u k\u00ebrkoj\u00eb kandidat\u00ebve. T\u00eb gjitha k\u00ebto para n\u00eb dispozicion t\u00eb pushtetit, tashm\u00eb kan\u00eb nj\u00eb sy m\u00eb shum\u00eb qe i p\u00ebrgjon jo p\u00ebr interes t\u00eb shtetit, por p\u00ebr interes t\u00eb pushtetit t\u00eb Sali Berish\u00ebs.<\/p>\n<p>Kushdo q\u00eb e ka d\u00ebgjuar Genc Pollon se si lavd\u00ebron Visho Ajazin dhe si i jep t\u00eb drejt\u00eb qeveris\u00eb t\u00eb p\u00ebrdor SHISH, e kupton sa n\u00eb siklet \u00ebsht\u00eb se mos SHISH hap dosjet e vjetra, kur ai bashk\u00ebpunonte me qeverit\u00eb socialiste kund\u00ebr Berish\u00ebs, me financim nga pushteti.<\/p>\n<p>Kushdo q\u00eb e shikon si hesht Ilir Meta, e kupton se \u00ebsht\u00eb duke k\u00ebrkuar nj\u00eb pakt t\u00eb ri me Berish\u00ebn, p\u00ebr ta vrar\u00eb frik\u00ebn nga ky em\u00ebrim. Kushdo q\u00eb shikon se sa joentuaziast duken pushtetar\u00ebt e PD-s\u00eb q\u00eb n\u00eb krye t\u00eb SHISH, ka shkuar dikush q\u00eb ata s\u2019kan\u00eb akses, e kupton se ky em\u00ebrim ka prodhuar m\u00eb shum\u00eb probleme p\u00ebr pushtetin, se sa p\u00ebr opozit\u00ebn.<\/p>\n<p>Ajo p\u00ebr t\u00eb cil\u00ebn opozita ka t\u00eb drejt\u00eb t\u00eb protestoj\u00eb n\u00eb k\u00ebt\u00eb rast, \u00ebsht\u00eb se ky em\u00ebrim konsolidon pushtetin personal \u00ebt Berish\u00ebs, dhe kjo \u00ebsht\u00eb n\u00eb d\u00ebm t\u00eb gjith\u00eb shoq\u00ebris\u00eb dhe standardeve demokratike t\u00eb saj. Por, Berisha e rr\u00ebmbeu SHISH, jo aq p\u00ebr t\u00eb frik\u00ebsuar opozit\u00ebn, se sa p\u00ebr t\u00eb qet\u00ebsuar veten dhe p\u00ebr t\u00eb forcuar pushtetin rrotull tij.<\/p>\n","protected":false},"excerpt":{"rendered":"<p>Nga Mero Baze, 18 Gusht 2012 Debati rreth em\u00ebrimit t\u00eb nj\u00eb besniku t\u00eb Berish\u00ebs, n\u00eb krye t\u00eb Sh\u00ebrbimit Informativ, sjell her\u00eb pas her\u00eb n\u00eb kujtes\u00eb SHIK-un e para vitit 1997 dhe p\u00ebrfshirjen e tij n\u00eb politik\u00eb. Ngjashm\u00ebrin\u00eb me at\u00eb koh\u00eb e sjell biografia e kryetarit t\u00eb ri t\u00eb SHISH, fakti q\u00eb Berisha \u00ebsht\u00eb s\u00ebrish n\u00eb [&hellip;]<\/p>\n","protected":false},"author":1,"featured_media":0,"comment_status":"open","ping_status":"closed","sticky":false,"template":"","format":"standard","meta":{"footnotes":""},"categories":[2],"tags":[],"class_list":{"0":"post-4505","1":"post","2":"type-post","3":"status-publish","4":"format-standard","6":"category-artikuj"},"yoast_head":"<!-- This site is optimized with the Yoast SEO plugin v27.4 - https:\/\/yoast.com\/product\/yoast-seo-wordpress\/ -->\n<title>Problemi q\u00eb hap SHISH brenda pushtetit - FjALA e LIR\u00cb - Arkivi<\/title>\n<meta name=\"robots\" content=\"index, follow, max-snippet:-1, max-image-preview:large, max-video-preview:-1\" \/>\n<link rel=\"canonical\" href=\"https:\/\/fjala.info\/2009-2015\/problemi-qe-hap-shish-brenda-pushtetit\/\" \/>\n<meta property=\"og:locale\" content=\"sq_AL\" \/>\n<meta property=\"og:type\" content=\"article\" \/>\n<meta property=\"og:title\" content=\"Problemi q\u00eb hap SHISH brenda pushtetit - FjALA e LIR\u00cb - Arkivi\" \/>\n<meta property=\"og:description\" content=\"Nga Mero Baze, 18 Gusht 2012 Debati rreth em\u00ebrimit t\u00eb nj\u00eb besniku t\u00eb Berish\u00ebs, n\u00eb krye t\u00eb Sh\u00ebrbimit Informativ, sjell her\u00eb pas her\u00eb n\u00eb kujtes\u00eb SHIK-un e para vitit 1997 dhe p\u00ebrfshirjen e tij n\u00eb politik\u00eb. Ngjashm\u00ebrin\u00eb me at\u00eb koh\u00eb e sjell biografia e kryetarit t\u00eb ri t\u00eb SHISH, fakti q\u00eb Berisha \u00ebsht\u00eb s\u00ebrish n\u00eb [&hellip;]\" \/>\n<meta property=\"og:url\" content=\"https:\/\/fjala.info\/2009-2015\/problemi-qe-hap-shish-brenda-pushtetit\/\" \/>\n<meta property=\"og:site_name\" content=\"FjALA e LIR\u00cb - Arkivi\" \/>\n<meta property=\"article:published_time\" content=\"2012-08-19T06:15:58+00:00\" \/>\n<meta property=\"og:image\" content=\"http:\/\/www.fjala.info\/2012\/mero_baze.jpg\" \/>\n<meta name=\"author\" content=\"admin\" \/>\n<meta name=\"twitter:card\" content=\"summary_large_image\" \/>\n<meta name=\"twitter:label1\" content=\"Written by\" \/>\n\t<meta name=\"twitter:data1\" content=\"admin\" \/>\n\t<meta name=\"twitter:label2\" content=\"Est. reading time\" \/>\n\t<meta name=\"twitter:data2\" content=\"5 minutes\" \/>\n<script type=\"application\/ld+json\" class=\"yoast-schema-graph\">{\"@context\":\"https:\\\/\\\/schema.org\",\"@graph\":[{\"@type\":\"Article\",\"@id\":\"https:\\\/\\\/fjala.info\\\/2009-2015\\\/problemi-qe-hap-shish-brenda-pushtetit\\\/#article\",\"isPartOf\":{\"@id\":\"https:\\\/\\\/fjala.info\\\/2009-2015\\\/problemi-qe-hap-shish-brenda-pushtetit\\\/\"},\"author\":{\"name\":\"admin\",\"@id\":\"https:\\\/\\\/fjala.info\\\/2009-2015\\\/#\\\/schema\\\/person\\\/3aa1163ef05469c496fc94e77611ada2\"},\"headline\":\"Problemi q\u00eb hap SHISH brenda pushtetit\",\"datePublished\":\"2012-08-19T06:15:58+00:00\",\"mainEntityOfPage\":{\"@id\":\"https:\\\/\\\/fjala.info\\\/2009-2015\\\/problemi-qe-hap-shish-brenda-pushtetit\\\/\"},\"wordCount\":1023,\"commentCount\":0,\"publisher\":{\"@id\":\"https:\\\/\\\/fjala.info\\\/2009-2015\\\/#organization\"},\"image\":{\"@id\":\"https:\\\/\\\/fjala.info\\\/2009-2015\\\/problemi-qe-hap-shish-brenda-pushtetit\\\/#primaryimage\"},\"thumbnailUrl\":\"http:\\\/\\\/www.fjala.info\\\/2012\\\/mero_baze.jpg\",\"articleSection\":[\"Artikuj\"],\"inLanguage\":\"sq-AL\",\"potentialAction\":[{\"@type\":\"CommentAction\",\"name\":\"Comment\",\"target\":[\"https:\\\/\\\/fjala.info\\\/2009-2015\\\/problemi-qe-hap-shish-brenda-pushtetit\\\/#respond\"]}]},{\"@type\":\"WebPage\",\"@id\":\"https:\\\/\\\/fjala.info\\\/2009-2015\\\/problemi-qe-hap-shish-brenda-pushtetit\\\/\",\"url\":\"https:\\\/\\\/fjala.info\\\/2009-2015\\\/problemi-qe-hap-shish-brenda-pushtetit\\\/\",\"name\":\"Problemi q\u00eb hap SHISH brenda pushtetit - FjALA e LIR\u00cb - Arkivi\",\"isPartOf\":{\"@id\":\"https:\\\/\\\/fjala.info\\\/2009-2015\\\/#website\"},\"primaryImageOfPage\":{\"@id\":\"https:\\\/\\\/fjala.info\\\/2009-2015\\\/problemi-qe-hap-shish-brenda-pushtetit\\\/#primaryimage\"},\"image\":{\"@id\":\"https:\\\/\\\/fjala.info\\\/2009-2015\\\/problemi-qe-hap-shish-brenda-pushtetit\\\/#primaryimage\"},\"thumbnailUrl\":\"http:\\\/\\\/www.fjala.info\\\/2012\\\/mero_baze.jpg\",\"datePublished\":\"2012-08-19T06:15:58+00:00\",\"breadcrumb\":{\"@id\":\"https:\\\/\\\/fjala.info\\\/2009-2015\\\/problemi-qe-hap-shish-brenda-pushtetit\\\/#breadcrumb\"},\"inLanguage\":\"sq-AL\",\"potentialAction\":[{\"@type\":\"ReadAction\",\"target\":[\"https:\\\/\\\/fjala.info\\\/2009-2015\\\/problemi-qe-hap-shish-brenda-pushtetit\\\/\"]}]},{\"@type\":\"ImageObject\",\"inLanguage\":\"sq-AL\",\"@id\":\"https:\\\/\\\/fjala.info\\\/2009-2015\\\/problemi-qe-hap-shish-brenda-pushtetit\\\/#primaryimage\",\"url\":\"http:\\\/\\\/www.fjala.info\\\/2012\\\/mero_baze.jpg\",\"contentUrl\":\"http:\\\/\\\/www.fjala.info\\\/2012\\\/mero_baze.jpg\"},{\"@type\":\"BreadcrumbList\",\"@id\":\"https:\\\/\\\/fjala.info\\\/2009-2015\\\/problemi-qe-hap-shish-brenda-pushtetit\\\/#breadcrumb\",\"itemListElement\":[{\"@type\":\"ListItem\",\"position\":1,\"name\":\"Home\",\"item\":\"https:\\\/\\\/fjala.info\\\/2009-2015\\\/\"},{\"@type\":\"ListItem\",\"position\":2,\"name\":\"Problemi q\u00eb hap SHISH brenda pushtetit\"}]},{\"@type\":\"WebSite\",\"@id\":\"https:\\\/\\\/fjala.info\\\/2009-2015\\\/#website\",\"url\":\"https:\\\/\\\/fjala.info\\\/2009-2015\\\/\",\"name\":\"FjALA e LIR\u00cb - Arkivi\",\"description\":\"Arkivi 2009-2015\",\"publisher\":{\"@id\":\"https:\\\/\\\/fjala.info\\\/2009-2015\\\/#organization\"},\"potentialAction\":[{\"@type\":\"SearchAction\",\"target\":{\"@type\":\"EntryPoint\",\"urlTemplate\":\"https:\\\/\\\/fjala.info\\\/2009-2015\\\/?s={search_term_string}\"},\"query-input\":{\"@type\":\"PropertyValueSpecification\",\"valueRequired\":true,\"valueName\":\"search_term_string\"}}],\"inLanguage\":\"sq-AL\"},{\"@type\":\"Organization\",\"@id\":\"https:\\\/\\\/fjala.info\\\/2009-2015\\\/#organization\",\"name\":\"FjALA e LIR\u00cb - Arkivi\",\"url\":\"https:\\\/\\\/fjala.info\\\/2009-2015\\\/\",\"logo\":{\"@type\":\"ImageObject\",\"inLanguage\":\"sq-AL\",\"@id\":\"https:\\\/\\\/fjala.info\\\/2009-2015\\\/#\\\/schema\\\/logo\\\/image\\\/\",\"url\":\"\",\"contentUrl\":\"\",\"caption\":\"FjALA e LIR\u00cb - Arkivi\"},\"image\":{\"@id\":\"https:\\\/\\\/fjala.info\\\/2009-2015\\\/#\\\/schema\\\/logo\\\/image\\\/\"}},{\"@type\":\"Person\",\"@id\":\"https:\\\/\\\/fjala.info\\\/2009-2015\\\/#\\\/schema\\\/person\\\/3aa1163ef05469c496fc94e77611ada2\",\"name\":\"admin\",\"image\":{\"@type\":\"ImageObject\",\"inLanguage\":\"sq-AL\",\"@id\":\"https:\\\/\\\/fjala.info\\\/2009-2015\\\/wp-content\\\/uploads\\\/2012\\\/02\\\/arben_cokaj-120x150.jpg\",\"url\":\"https:\\\/\\\/fjala.info\\\/2009-2015\\\/wp-content\\\/uploads\\\/2012\\\/02\\\/arben_cokaj-120x150.jpg\",\"contentUrl\":\"https:\\\/\\\/fjala.info\\\/2009-2015\\\/wp-content\\\/uploads\\\/2012\\\/02\\\/arben_cokaj-120x150.jpg\",\"caption\":\"admin\"},\"description\":\"Admin, Fjala e Lir\u00eb\",\"sameAs\":[\"https:\\\/\\\/fjala.info\\\/\"],\"url\":\"https:\\\/\\\/fjala.info\\\/2009-2015\\\/author\\\/admin\\\/\"}]}<\/script>\n<!-- \/ Yoast SEO plugin. -->","yoast_head_json":{"title":"Problemi q\u00eb hap SHISH brenda pushtetit - FjALA e LIR\u00cb - Arkivi","robots":{"index":"index","follow":"follow","max-snippet":"max-snippet:-1","max-image-preview":"max-image-preview:large","max-video-preview":"max-video-preview:-1"},"canonical":"https:\/\/fjala.info\/2009-2015\/problemi-qe-hap-shish-brenda-pushtetit\/","og_locale":"sq_AL","og_type":"article","og_title":"Problemi q\u00eb hap SHISH brenda pushtetit - FjALA e LIR\u00cb - Arkivi","og_description":"Nga Mero Baze, 18 Gusht 2012 Debati rreth em\u00ebrimit t\u00eb nj\u00eb besniku t\u00eb Berish\u00ebs, n\u00eb krye t\u00eb Sh\u00ebrbimit Informativ, sjell her\u00eb pas her\u00eb n\u00eb kujtes\u00eb SHIK-un e para vitit 1997 dhe p\u00ebrfshirjen e tij n\u00eb politik\u00eb. Ngjashm\u00ebrin\u00eb me at\u00eb koh\u00eb e sjell biografia e kryetarit t\u00eb ri t\u00eb SHISH, fakti q\u00eb Berisha \u00ebsht\u00eb s\u00ebrish n\u00eb [&hellip;]","og_url":"https:\/\/fjala.info\/2009-2015\/problemi-qe-hap-shish-brenda-pushtetit\/","og_site_name":"FjALA e LIR\u00cb - Arkivi","article_published_time":"2012-08-19T06:15:58+00:00","og_image":[{"url":"http:\/\/www.fjala.info\/2012\/mero_baze.jpg","type":"","width":"","height":""}],"author":"admin","twitter_card":"summary_large_image","twitter_misc":{"Written by":"admin","Est. reading time":"5 minutes"},"schema":{"@context":"https:\/\/schema.org","@graph":[{"@type":"Article","@id":"https:\/\/fjala.info\/2009-2015\/problemi-qe-hap-shish-brenda-pushtetit\/#article","isPartOf":{"@id":"https:\/\/fjala.info\/2009-2015\/problemi-qe-hap-shish-brenda-pushtetit\/"},"author":{"name":"admin","@id":"https:\/\/fjala.info\/2009-2015\/#\/schema\/person\/3aa1163ef05469c496fc94e77611ada2"},"headline":"Problemi q\u00eb hap SHISH brenda pushtetit","datePublished":"2012-08-19T06:15:58+00:00","mainEntityOfPage":{"@id":"https:\/\/fjala.info\/2009-2015\/problemi-qe-hap-shish-brenda-pushtetit\/"},"wordCount":1023,"commentCount":0,"publisher":{"@id":"https:\/\/fjala.info\/2009-2015\/#organization"},"image":{"@id":"https:\/\/fjala.info\/2009-2015\/problemi-qe-hap-shish-brenda-pushtetit\/#primaryimage"},"thumbnailUrl":"http:\/\/www.fjala.info\/2012\/mero_baze.jpg","articleSection":["Artikuj"],"inLanguage":"sq-AL","potentialAction":[{"@type":"CommentAction","name":"Comment","target":["https:\/\/fjala.info\/2009-2015\/problemi-qe-hap-shish-brenda-pushtetit\/#respond"]}]},{"@type":"WebPage","@id":"https:\/\/fjala.info\/2009-2015\/problemi-qe-hap-shish-brenda-pushtetit\/","url":"https:\/\/fjala.info\/2009-2015\/problemi-qe-hap-shish-brenda-pushtetit\/","name":"Problemi q\u00eb hap SHISH brenda pushtetit - FjALA e LIR\u00cb - Arkivi","isPartOf":{"@id":"https:\/\/fjala.info\/2009-2015\/#website"},"primaryImageOfPage":{"@id":"https:\/\/fjala.info\/2009-2015\/problemi-qe-hap-shish-brenda-pushtetit\/#primaryimage"},"image":{"@id":"https:\/\/fjala.info\/2009-2015\/problemi-qe-hap-shish-brenda-pushtetit\/#primaryimage"},"thumbnailUrl":"http:\/\/www.fjala.info\/2012\/mero_baze.jpg","datePublished":"2012-08-19T06:15:58+00:00","breadcrumb":{"@id":"https:\/\/fjala.info\/2009-2015\/problemi-qe-hap-shish-brenda-pushtetit\/#breadcrumb"},"inLanguage":"sq-AL","potentialAction":[{"@type":"ReadAction","target":["https:\/\/fjala.info\/2009-2015\/problemi-qe-hap-shish-brenda-pushtetit\/"]}]},{"@type":"ImageObject","inLanguage":"sq-AL","@id":"https:\/\/fjala.info\/2009-2015\/problemi-qe-hap-shish-brenda-pushtetit\/#primaryimage","url":"http:\/\/www.fjala.info\/2012\/mero_baze.jpg","contentUrl":"http:\/\/www.fjala.info\/2012\/mero_baze.jpg"},{"@type":"BreadcrumbList","@id":"https:\/\/fjala.info\/2009-2015\/problemi-qe-hap-shish-brenda-pushtetit\/#breadcrumb","itemListElement":[{"@type":"ListItem","position":1,"name":"Home","item":"https:\/\/fjala.info\/2009-2015\/"},{"@type":"ListItem","position":2,"name":"Problemi q\u00eb hap SHISH brenda pushtetit"}]},{"@type":"WebSite","@id":"https:\/\/fjala.info\/2009-2015\/#website","url":"https:\/\/fjala.info\/2009-2015\/","name":"FjALA e LIR\u00cb - Arkivi","description":"Arkivi 2009-2015","publisher":{"@id":"https:\/\/fjala.info\/2009-2015\/#organization"},"potentialAction":[{"@type":"SearchAction","target":{"@type":"EntryPoint","urlTemplate":"https:\/\/fjala.info\/2009-2015\/?s={search_term_string}"},"query-input":{"@type":"PropertyValueSpecification","valueRequired":true,"valueName":"search_term_string"}}],"inLanguage":"sq-AL"},{"@type":"Organization","@id":"https:\/\/fjala.info\/2009-2015\/#organization","name":"FjALA e LIR\u00cb - Arkivi","url":"https:\/\/fjala.info\/2009-2015\/","logo":{"@type":"ImageObject","inLanguage":"sq-AL","@id":"https:\/\/fjala.info\/2009-2015\/#\/schema\/logo\/image\/","url":"","contentUrl":"","caption":"FjALA e LIR\u00cb - Arkivi"},"image":{"@id":"https:\/\/fjala.info\/2009-2015\/#\/schema\/logo\/image\/"}},{"@type":"Person","@id":"https:\/\/fjala.info\/2009-2015\/#\/schema\/person\/3aa1163ef05469c496fc94e77611ada2","name":"admin","image":{"@type":"ImageObject","inLanguage":"sq-AL","@id":"https:\/\/fjala.info\/2009-2015\/wp-content\/uploads\/2012\/02\/arben_cokaj-120x150.jpg","url":"https:\/\/fjala.info\/2009-2015\/wp-content\/uploads\/2012\/02\/arben_cokaj-120x150.jpg","contentUrl":"https:\/\/fjala.info\/2009-2015\/wp-content\/uploads\/2012\/02\/arben_cokaj-120x150.jpg","caption":"admin"},"description":"Admin, Fjala e Lir\u00eb","sameAs":["https:\/\/fjala.info\/"],"url":"https:\/\/fjala.info\/2009-2015\/author\/admin\/"}]}},"_links":{"self":[{"href":"https:\/\/fjala.info\/2009-2015\/wp-json\/wp\/v2\/posts\/4505","targetHints":{"allow":["GET"]}}],"collection":[{"href":"https:\/\/fjala.info\/2009-2015\/wp-json\/wp\/v2\/posts"}],"about":[{"href":"https:\/\/fjala.info\/2009-2015\/wp-json\/wp\/v2\/types\/post"}],"author":[{"embeddable":true,"href":"https:\/\/fjala.info\/2009-2015\/wp-json\/wp\/v2\/users\/1"}],"replies":[{"embeddable":true,"href":"https:\/\/fjala.info\/2009-2015\/wp-json\/wp\/v2\/comments?post=4505"}],"version-history":[{"count":0,"href":"https:\/\/fjala.info\/2009-2015\/wp-json\/wp\/v2\/posts\/4505\/revisions"}],"wp:attachment":[{"href":"https:\/\/fjala.info\/2009-2015\/wp-json\/wp\/v2\/media?parent=4505"}],"wp:term":[{"taxonomy":"category","embeddable":true,"href":"https:\/\/fjala.info\/2009-2015\/wp-json\/wp\/v2\/categories?post=4505"},{"taxonomy":"post_tag","embeddable":true,"href":"https:\/\/fjala.info\/2009-2015\/wp-json\/wp\/v2\/tags?post=4505"}],"curies":[{"name":"wp","href":"https:\/\/api.w.org\/{rel}","templated":true}]}}