{"id":4504,"date":"2010-10-28T09:04:28","date_gmt":"2010-10-28T08:04:28","guid":{"rendered":"http:\/\/fjala.shkoder.net\/?p=4504"},"modified":"2010-10-28T09:04:28","modified_gmt":"2010-10-28T08:04:28","slug":"princi-kamikaz","status":"publish","type":"post","link":"https:\/\/fjala.info\/2009-2015\/princi-kamikaz\/","title":{"rendered":"&#8216;Princi&#8217; kamikaz"},"content":{"rendered":"<p><img loading=\"lazy\" decoding=\"async\" src=\"http:\/\/fjala.shkoder.net\/wp-content\/uploads\/2010\/10\/bledar_prifti.jpg\" alt=\"\" title=\"Bledar H. Prifti\" width=\"180\" height=\"240\" class=\"alignright size-full wp-image-4159\" \/><\/p>\n<p><strong>Bledar H. Prifti<\/strong>, <em>28.10.2010<\/em><\/p>\n<p>Kur Nikolo Makiaveli shkruajti librin e tij t\u00eb famsh\u00ebm &#8220;Princi&#8221;, ai nuk e imagjinonte se librin e tij do ta lexonte disa shekujsh m\u00eb von\u00eb edhe drejtuesi i LSI-s\u00eb, Ilir Meta. Meta \u00ebsht\u00eb nd\u00ebr t\u00eb pakt\u00ebt politikan\u00eb, p\u00ebr t\u00eb mos th\u00ebn\u00eb i vetmi, q\u00eb ka p\u00ebrdorur shpesh n\u00eb politik\u00ebn shqiptare termin &#8220;Makiaveliz\u00ebm&#8221;.<\/p>\n<p>P\u00ebrdorimi i shpesht\u00eb i k\u00ebtij termi tregon se Ilir Meta jo vet\u00ebm q\u00eb e ka lexuar por edhe e ka studiuar n\u00eb holl\u00ebsira k\u00ebt\u00eb vep\u00ebr klasike. Bile, jam shum\u00eb i bindur se idet\u00eb e marra nga kjo vep\u00ebr kan\u00eb diktuar edhe l\u00ebvizjet politike t\u00eb Met\u00ebs dhe organizat\u00ebs q\u00eb ai drejton. N\u00eb thelb, &#8220;Princi&#8221; \u00ebsht\u00eb nj\u00eb lib\u00ebr q\u00eb p\u00ebrmbledh k\u00ebshillat q\u00eb nj\u00eb pushtetar (Princ) duhet t\u00eb ndjek\u00eb p\u00ebr t\u00eb mbajtur pushtetin.<\/p>\n<p>P\u00ebr &#8220;Princin&#8221; synimi p\u00ebr t\u00eb mbajtur pushtetin q\u00ebndron mbi \u00e7do moral, princip, apo ligj mbi t\u00eb cilat bazohet veprimtaria e nj\u00eb shoq\u00ebrie. Me k\u00ebto ide Makiaveliste n\u00eb m\u00ebndje, Ilir Meta nuk u mendua dy her\u00eb pas 28 qershorit p\u00ebr tu bashkuar n\u00eb nj\u00eb qeveri me Sali Berish\u00ebn kryeminist\u00ebr edhe pse fushata e Met\u00ebs dhe e LSI-s\u00eb ishte ngritur mbi premtimin se votat e elektoratit do t\u00eb p\u00ebrdoreshin p\u00ebr t\u00eb larguar Berish\u00ebn nga pushteti.<\/p>\n<p>Por ajo q\u00eb Ilir Meta (dhe shum\u00eb t\u00eb tjer\u00eb) nuk llogariti ishte fakti se vet Nikolo Makiaveli d\u00ebshtoi n\u00eb karrier\u00ebn e tij politike p\u00ebr shkak se populli e kuptoi nga &#8220;Princi&#8221;, i publikuar tashm\u00eb, se n\u00ebse Makiaveli do t\u00eb zgjidhej n\u00eb nj\u00eb post politik\u00eb, ai do t\u00eb ishte nj\u00eb &#8220;Princ&#8221; i pamoralsh\u00ebm dhe i bab\u00ebzitur p\u00ebr pushtet.<\/p>\n<p>Kam bindje se kjo fatkeq\u00ebsi politike e Makiavelit do t\u00eb bindte shekuj m\u00eb von\u00eb patriotin e tij, Gaetano Moska, p\u00ebr t\u00eb hedhur teorin\u00eb e tij t\u00eb &#8220;formul\u00ebs politike&#8221;, ku ai t\u00eb theksonte se pushteti i nj\u00eb klase politike duhet t\u00eb ket\u00eb baza morale dhe ligjore p\u00ebr t\u00eb mbijetuar.<\/p>\n<p>Th\u00ebniet dhe pretendimet se gjoja politika nuk njeh moral jan\u00eb totalisht t\u00eb pa v\u00ebrteta dhe t\u00eb keqinterpretuara. Pavar\u00ebsisht natyr\u00ebs s\u00eb tij, \u00e7do pushtet duhet t\u00eb ket\u00eb baza morale dhe ligjore, p\u00ebrndryshe ai pushtet do t\u00eb shkoj drejt nj\u00eb kolapsi t\u00eb sigurt.<\/p>\n<p>Morali \u00ebsht\u00eb nj\u00eb t\u00ebr\u00ebsi vlerash q\u00eb krijojn\u00eb besueshm\u00ebri dhe unitet (kohezion) n\u00eb nj\u00eb shoq\u00ebri, kurse politika nuk \u00ebsht\u00eb gj\u00eb tjet\u00ebr por nj\u00eb shp\u00ebrndarje autoritative e vlerave t\u00eb shoq\u00ebris\u00eb.<\/p>\n<p>Duke u kthyer tek makiavelizmi i Met\u00ebs, ne duhet t\u00eb kuptojm\u00eb se sot ai \u00ebsht\u00eb politikani m\u00eb i p\u00ebrbuzur (i n\u00ebnqeshur) i politik\u00ebs shqiptare. Kjo ka ardhur si rezultat i bashkimit t\u00eb tij t\u00eb pakondicionuar me Sali Berish\u00ebn n\u00eb nj\u00eb koh\u00eb kur LSI dhe Meta i premtuan elektoratit largimin e Berish\u00ebs nga pushteti.<\/p>\n<p>P\u00ebr Ram\u00ebn dhe t\u00eb majt\u00ebn, Meta \u00ebsht\u00eb nj\u00eb &#8220;i pabes\u00eb&#8221; q\u00eb \u00ebsht\u00eb shnd\u00ebrruar n\u00eb nj\u00eb t\u00eb p\u00ebrdal\u00eb. P\u00ebr Berish\u00ebn dhe t\u00eb djatht\u00ebn, Meta \u00ebsht\u00eb si ajo e p\u00ebrdala q\u00eb duhet t\u00eb shfryt\u00ebzohet n\u00eb maksimum se nuk i dihet se \u00e7far\u00eb mund t\u00eb ndodh nes\u00ebr.<\/p>\n<p>P\u00ebr elektoratin e pavarur, Meta \u00ebsht\u00eb dikush, t\u00eb cilit nuk i zihet bes\u00eb dhe q\u00eb nuk dihet se me k\u00eb do t\u00eb shkoj\u00eb nes\u00ebr. Kujtoni p\u00ebrplasjen dhe akuzat e nd\u00ebrsjella Prifti-Meta, me q\u00ebllim q\u00eb t\u00eb kuptoni se \u00e7far\u00eb ka menduar dhe mendon Berisha, Rama dhe populli i thjesht\u00eb p\u00ebr LSI dhe Met\u00ebn. Asnj\u00eb votues shqiptar nuk e di se ku mund t\u00eb shkoj\u00eb nes\u00ebr nj\u00eb vot\u00eb e hedhur p\u00ebr Ilir Met\u00ebn dhe LSI, do t\u00eb shkoj\u00eb tek Berisha apo tek Rama.<\/p>\n<p>T\u00eb votosh nes\u00ebr p\u00ebr Met\u00ebn dhe LSI do t\u00eb ishte v\u00ebrtet sikur t\u00eb luaj\u00eb bingo. Por gabimi fatal i Ilir Met\u00ebs nuk mund t&#8217;i atribuohet vet\u00ebm keqkuptimit t\u00eb termit &#8220;makiaveliz\u00ebm&#8221; dhe lidhjes s\u00eb tij me pushtetin.<\/p>\n<p>Gabimi fatal i Ilir Met\u00ebs ishte se ai u &#8220;ushqye&#8221; edhe nga mediokriteti politik i deputet\u00ebve t\u00eb tij dhe djall\u00ebzia dhe injoranca e analist\u00ebve n\u00eb media, t\u00eb cil\u00ebt e konsideronin l\u00ebvizjen e Met\u00ebs drejt prehrit t\u00eb Berish\u00ebs si di\u00e7ka normale. Nuk ka asnj\u00eb gj\u00eb normale n\u00eb l\u00ebvizjen e LSI dhe Met\u00ebs n\u00eb prehrin e Berish\u00ebs. Nj\u00eb l\u00ebvizje e till\u00eb nuk ka ndodhur n\u00eb asnj\u00eb vend demokratik.<\/p>\n<p>E p\u00ebrs\u00ebris\u00eb, nj\u00eb l\u00ebvizje e till\u00eb nuk ka ndodhur n\u00eb ASNJ\u00cb vend tjet\u00ebr demokratik! Mund t\u00eb jene formuar koalicione (afatshkurtra) p\u00ebrtej krah\u00ebve politik por n\u00eb asnj\u00eb rast nuk \u00ebsht\u00eb formuar nj\u00eb bashk\u00ebsi ku kryeministri t\u00eb rimandatohej, sidomos n\u00eb rastet kur fushata e kund\u00ebrshtarit bazohej n\u00eb largimin e tij nga pushteti dhe politika.<\/p>\n<p>Ilir Meta nd\u00ebrmori nj\u00eb iniciativ\u00eb politike q\u00eb do t\u00eb ishte fatale p\u00ebr t\u00eb ardhmen e tij politike. Tashm\u00eb fati i Ilir Met\u00ebs dita-dit\u00ebs po i sh\u00ebmb\u00ebllen edhe m\u00eb shum\u00eb fatit t\u00eb Xhuvelit. Meq\u00eb ra fjala, ku \u00ebsht\u00eb Xhuveli?<\/p>\n<p>Ai \u00ebsht\u00eb atje ku do t\u00eb jet\u00eb Meta nes\u00ebr, pa as m\u00eb t\u00eb voglin dyshim. N\u00eb l\u00ebvizjen e tij si nj\u00eb aeroplan pa bisht, Ilir Meta \u00ebsht\u00eb i frym\u00ebzuar dhe mb\u00ebshtetur fuqimisht nga shoferi i tij dhe ish-lideri i s\u00eb majt\u00ebs, Fatos Nano. Dikur Fatos Nano ishte &#8220;mbreti&#8221; i oborrit kurse sot \u00ebsht\u00eb shnd\u00ebrruar n\u00eb &#8220;shofer&#8221; t\u00eb &#8220;princit&#8221; t\u00eb oborrit Berisha.<\/p>\n<p>Shum\u00ebkush mund t\u00eb jet\u00eb i habitur nga ky fakt, dhe kjo \u00ebsht\u00eb di\u00e7ka e kuptueshme. Shum\u00eb pyesin se si ka mund\u00ebsi q\u00eb Nano \u00ebsht\u00eb &#8220;shofer&#8221; i atij q\u00eb i b\u00ebri grop\u00ebn n\u00eb 2005-\u00ebn? Si ka mund\u00ebsi?<\/p>\n<p>Besoj se Nano nuk \u00ebsht\u00eb aq budalla sa t\u00eb mos e kuptoj\u00eb se ishte bashk\u00ebpunimi Meta-Berisha q\u00eb e shkat\u00ebrruan at\u00eb nga ana politike. Nano nuk ka asnj\u00eb inat me Berish\u00ebn sepse fundja Berisha ishte nj\u00eb kund\u00ebrshtar politik q\u00eb mori ato pak vota t\u00eb demokrat\u00ebve q\u00eb kishte marr\u00eb si ngaher\u00eb.<\/p>\n<p>Por Nano, dhe karakteri i tij hakmarr\u00ebs, nuk mund t&#8217;ia fal\u00eb k\u00ebt\u00eb gj\u00eb Met\u00ebs. Nano \u00ebsht\u00eb shum\u00eb i vet\u00ebdijsh\u00ebm q\u00eb Meta \u00ebsht\u00eb i vetmi p\u00ebrgjegj\u00ebs kryesor p\u00ebr humbjen e zgjedhjeve 2005 dhe d\u00ebshtimin turp\u00ebrues t\u00eb Nanos.<\/p>\n<p>Tani ka ardhur koha q\u00eb Nano t&#8217;i kthej\u00eb reston edhe Ilir Met\u00ebs. P\u00ebr t\u00eb arritur k\u00ebt\u00eb q\u00ebllim, Nano ka zgjedhur q\u00eb ta drejtoj &#8220;princin&#8221; e oborrit drejt gremin\u00ebs dhe fundit t\u00eb paevituesh\u00ebm politik. Me sa duket, Meta nuk e ka kuptuar akoma hakmarrjen e \u00ebmb\u00ebl t\u00eb ish-liderit socialist. Dhe kur &#8220;princi&#8221; t\u00eb jet\u00eb buz\u00eb gremin\u00ebs, Nano ka p\u00ebr t&#8217;i th\u00ebn\u00eb: &#8220;A t\u00eb kujtohet 2004-2005-sa?&#8221;.<\/p>\n<p>Normalisht kuptohet q\u00eb Fatos Nano ka edhe nj\u00eb urrejtje p\u00ebrkundrejt liderit socialist, Edi Rama, por kurrsesi nuk mund t\u00eb barazohet kjo urrejtje me at\u00eb urrejtje q\u00eb Nano ka p\u00ebr &#8220;princin&#8221; Meta dhe LSI. Edi Rama nuk b\u00ebri gj\u00eb tjet\u00ebr por shfryt\u00ebzoi largimin e Nanos dhe vakuumin n\u00eb radh\u00ebt e lidershipit t\u00eb Partis\u00eb Socialiste. Rama b\u00ebri at\u00eb q\u00eb mund dhe duhet ta b\u00ebnte kushdo tjet\u00ebr.<\/p>\n<p>Rama b\u00ebri at\u00eb gj\u00eb q\u00eb mund ta b\u00ebj\u00eb kushdo n\u00ebse n\u00eb PS krijohet ndonj\u00eb vakum institucional n\u00eb lidership n\u00eb t\u00eb ardhmen. Nga e gjith\u00eb kjo axhend\u00eb hakmarr\u00ebse e Ilir Met\u00ebs n\u00eb 2005-\u00ebn dhe e Fatos Nanos n\u00eb 2009-\u00ebn (dhe sot) ka p\u00ebrfituar Sali Berisha i cili vazhdon t\u00eb qeveris\u00eb vendin me nj\u00eb minoranc\u00eb votash popullore.<\/p>\n<p>&#8220;Princi&#8221; Meta mund ta ket\u00eb kuptuar tashm\u00eb se e kan\u00eb futur at\u00eb drejt nj\u00eb udh\u00eb pa krye dhe nj\u00eb shkat\u00ebrrimi t\u00eb sigurt politik. Fatkeq\u00ebsisht, Meta nuk mund t\u00eb b\u00ebj\u00eb asgj\u00eb p\u00ebr t\u00eb ndryshuar rrjedh\u00ebn e politik\u00ebs shqiptare dhe t\u00eb ardhmen e tij politike. Ngado q\u00eb ta kthej\u00eb, Meta \u00ebsht\u00eb i mbaruar politikisht. Ajo q\u00eb i ka ngelur tashm\u00eb \u00ebsht\u00eb q\u00eb t\u00eb b\u00ebj\u00eb rolin e kamikazit politik.<\/p>\n<p>Por edhe si kamikaz politik, ai nuk mund t\u00eb shkat\u00ebrroj asnj\u00eb tjet\u00ebr p\u00ebrve\u00e7 Sali Berish\u00ebs, pasi Nano \u00ebsht\u00eb i shkat\u00ebrruar tashm\u00eb kurse Rama nuk ndodhet n\u00eb rrezen e tij t\u00eb veprimit. Cilado qoft\u00eb l\u00ebvizja e Met\u00ebs, Rama \u00ebsht\u00eb pozicionuar n\u00eb at\u00eb pik\u00eb sa zgjidhja nuk pritet t\u00eb vij\u00eb m\u00eb nga Meta por nga Berisha.<\/p>\n<p>Meta kishte shansin t\u00eb ishte p\u00ebrs\u00ebri protagonist dhe faktor n\u00eb politik\u00ebn shqiptare por ai e injoroi k\u00ebt\u00eb shans. Meta kishte shansin para disa muajsh q\u00eb t\u00eb b\u00ebhej protagonist i zgjidhjes s\u00eb kriz\u00ebs p\u00ebrmes zgjedhjeve t\u00eb parakohshme. Nj\u00eb l\u00ebvizje e till\u00eb do t\u00eb rriste kredencialet e Met\u00ebs dhe do t\u00eb rikonfiguronte LSI-n\u00eb brenda s\u00eb majt\u00ebs.<\/p>\n<p>Por Meta nuk e b\u00ebri k\u00ebt\u00eb gj\u00eb. Tashm\u00eb \u00ebsht\u00eb shum\u00eb von\u00eb p\u00ebr Met\u00ebn dhe LSI p\u00ebr t\u00eb qen\u00eb faktor politik. Shum\u00eb shpejt Berisha do t\u00eb deklaroj\u00eb zgjedhjet e parakohshme dhe LSI e Met\u00ebs do t\u00eb nxitoj\u00eb t\u00eb ndahet n\u00eb ca t\u00eb Berish\u00ebs dhe n\u00eb ca t\u00eb Ram\u00ebs. Ata q\u00eb do t\u00eb ngelen n\u00eb mes dhe q\u00eb nuk do t\u00eb mund t\u00eb shkojn\u00eb me asnj\u00eb do t\u00eb shkojn\u00eb dhe do t&#8217;i bashkohen&#8230; Xhuvelit.<\/p>\n","protected":false},"excerpt":{"rendered":"<p>Bledar H. Prifti, 28.10.2010 Kur Nikolo Makiaveli shkruajti librin e tij t\u00eb famsh\u00ebm &#8220;Princi&#8221;, ai nuk e imagjinonte se librin e tij do ta lexonte disa shekujsh m\u00eb von\u00eb edhe drejtuesi i LSI-s\u00eb, Ilir Meta. Meta \u00ebsht\u00eb nd\u00ebr t\u00eb pakt\u00ebt politikan\u00eb, p\u00ebr t\u00eb mos th\u00ebn\u00eb i vetmi, q\u00eb ka p\u00ebrdorur shpesh n\u00eb politik\u00ebn shqiptare termin [&hellip;]<\/p>\n","protected":false},"author":1,"featured_media":0,"comment_status":"open","ping_status":"closed","sticky":false,"template":"","format":"standard","meta":{"footnotes":""},"categories":[2],"tags":[],"class_list":{"0":"post-4504","1":"post","2":"type-post","3":"status-publish","4":"format-standard","6":"category-artikuj"},"yoast_head":"<!-- This site is optimized with the Yoast SEO plugin v27.4 - https:\/\/yoast.com\/product\/yoast-seo-wordpress\/ -->\n<title>&#039;Princi&#039; kamikaz - FjALA e LIR\u00cb - Arkivi<\/title>\n<meta name=\"robots\" content=\"index, follow, max-snippet:-1, max-image-preview:large, max-video-preview:-1\" \/>\n<link rel=\"canonical\" href=\"https:\/\/fjala.info\/2009-2015\/princi-kamikaz\/\" \/>\n<meta property=\"og:locale\" content=\"sq_AL\" \/>\n<meta property=\"og:type\" content=\"article\" \/>\n<meta property=\"og:title\" content=\"&#039;Princi&#039; kamikaz - FjALA e LIR\u00cb - Arkivi\" \/>\n<meta property=\"og:description\" content=\"Bledar H. Prifti, 28.10.2010 Kur Nikolo Makiaveli shkruajti librin e tij t\u00eb famsh\u00ebm &#8220;Princi&#8221;, ai nuk e imagjinonte se librin e tij do ta lexonte disa shekujsh m\u00eb von\u00eb edhe drejtuesi i LSI-s\u00eb, Ilir Meta. Meta \u00ebsht\u00eb nd\u00ebr t\u00eb pakt\u00ebt politikan\u00eb, p\u00ebr t\u00eb mos th\u00ebn\u00eb i vetmi, q\u00eb ka p\u00ebrdorur shpesh n\u00eb politik\u00ebn shqiptare termin [&hellip;]\" \/>\n<meta property=\"og:url\" content=\"https:\/\/fjala.info\/2009-2015\/princi-kamikaz\/\" \/>\n<meta property=\"og:site_name\" content=\"FjALA e LIR\u00cb - Arkivi\" \/>\n<meta property=\"article:published_time\" content=\"2010-10-28T08:04:28+00:00\" \/>\n<meta property=\"og:image\" content=\"http:\/\/fjala.shkoder.net\/wp-content\/uploads\/2010\/10\/bledar_prifti.jpg\" \/>\n<meta name=\"author\" content=\"admin\" \/>\n<meta name=\"twitter:card\" content=\"summary_large_image\" \/>\n<meta name=\"twitter:label1\" content=\"Written by\" \/>\n\t<meta name=\"twitter:data1\" content=\"admin\" \/>\n\t<meta name=\"twitter:label2\" content=\"Est. reading time\" \/>\n\t<meta name=\"twitter:data2\" content=\"8 minutes\" \/>\n<script type=\"application\/ld+json\" class=\"yoast-schema-graph\">{\"@context\":\"https:\\\/\\\/schema.org\",\"@graph\":[{\"@type\":\"Article\",\"@id\":\"https:\\\/\\\/fjala.info\\\/2009-2015\\\/princi-kamikaz\\\/#article\",\"isPartOf\":{\"@id\":\"https:\\\/\\\/fjala.info\\\/2009-2015\\\/princi-kamikaz\\\/\"},\"author\":{\"name\":\"admin\",\"@id\":\"https:\\\/\\\/fjala.info\\\/2009-2015\\\/#\\\/schema\\\/person\\\/3aa1163ef05469c496fc94e77611ada2\"},\"headline\":\"&#8216;Princi&#8217; kamikaz\",\"datePublished\":\"2010-10-28T08:04:28+00:00\",\"mainEntityOfPage\":{\"@id\":\"https:\\\/\\\/fjala.info\\\/2009-2015\\\/princi-kamikaz\\\/\"},\"wordCount\":1565,\"commentCount\":1,\"publisher\":{\"@id\":\"https:\\\/\\\/fjala.info\\\/2009-2015\\\/#organization\"},\"image\":{\"@id\":\"https:\\\/\\\/fjala.info\\\/2009-2015\\\/princi-kamikaz\\\/#primaryimage\"},\"thumbnailUrl\":\"http:\\\/\\\/fjala.shkoder.net\\\/wp-content\\\/uploads\\\/2010\\\/10\\\/bledar_prifti.jpg\",\"articleSection\":[\"Artikuj\"],\"inLanguage\":\"sq-AL\",\"potentialAction\":[{\"@type\":\"CommentAction\",\"name\":\"Comment\",\"target\":[\"https:\\\/\\\/fjala.info\\\/2009-2015\\\/princi-kamikaz\\\/#respond\"]}]},{\"@type\":\"WebPage\",\"@id\":\"https:\\\/\\\/fjala.info\\\/2009-2015\\\/princi-kamikaz\\\/\",\"url\":\"https:\\\/\\\/fjala.info\\\/2009-2015\\\/princi-kamikaz\\\/\",\"name\":\"'Princi' kamikaz - FjALA e LIR\u00cb - Arkivi\",\"isPartOf\":{\"@id\":\"https:\\\/\\\/fjala.info\\\/2009-2015\\\/#website\"},\"primaryImageOfPage\":{\"@id\":\"https:\\\/\\\/fjala.info\\\/2009-2015\\\/princi-kamikaz\\\/#primaryimage\"},\"image\":{\"@id\":\"https:\\\/\\\/fjala.info\\\/2009-2015\\\/princi-kamikaz\\\/#primaryimage\"},\"thumbnailUrl\":\"http:\\\/\\\/fjala.shkoder.net\\\/wp-content\\\/uploads\\\/2010\\\/10\\\/bledar_prifti.jpg\",\"datePublished\":\"2010-10-28T08:04:28+00:00\",\"breadcrumb\":{\"@id\":\"https:\\\/\\\/fjala.info\\\/2009-2015\\\/princi-kamikaz\\\/#breadcrumb\"},\"inLanguage\":\"sq-AL\",\"potentialAction\":[{\"@type\":\"ReadAction\",\"target\":[\"https:\\\/\\\/fjala.info\\\/2009-2015\\\/princi-kamikaz\\\/\"]}]},{\"@type\":\"ImageObject\",\"inLanguage\":\"sq-AL\",\"@id\":\"https:\\\/\\\/fjala.info\\\/2009-2015\\\/princi-kamikaz\\\/#primaryimage\",\"url\":\"http:\\\/\\\/fjala.shkoder.net\\\/wp-content\\\/uploads\\\/2010\\\/10\\\/bledar_prifti.jpg\",\"contentUrl\":\"http:\\\/\\\/fjala.shkoder.net\\\/wp-content\\\/uploads\\\/2010\\\/10\\\/bledar_prifti.jpg\"},{\"@type\":\"BreadcrumbList\",\"@id\":\"https:\\\/\\\/fjala.info\\\/2009-2015\\\/princi-kamikaz\\\/#breadcrumb\",\"itemListElement\":[{\"@type\":\"ListItem\",\"position\":1,\"name\":\"Home\",\"item\":\"https:\\\/\\\/fjala.info\\\/2009-2015\\\/\"},{\"@type\":\"ListItem\",\"position\":2,\"name\":\"&#8216;Princi&#8217; kamikaz\"}]},{\"@type\":\"WebSite\",\"@id\":\"https:\\\/\\\/fjala.info\\\/2009-2015\\\/#website\",\"url\":\"https:\\\/\\\/fjala.info\\\/2009-2015\\\/\",\"name\":\"FjALA e LIR\u00cb - Arkivi\",\"description\":\"Arkivi 2009-2015\",\"publisher\":{\"@id\":\"https:\\\/\\\/fjala.info\\\/2009-2015\\\/#organization\"},\"potentialAction\":[{\"@type\":\"SearchAction\",\"target\":{\"@type\":\"EntryPoint\",\"urlTemplate\":\"https:\\\/\\\/fjala.info\\\/2009-2015\\\/?s={search_term_string}\"},\"query-input\":{\"@type\":\"PropertyValueSpecification\",\"valueRequired\":true,\"valueName\":\"search_term_string\"}}],\"inLanguage\":\"sq-AL\"},{\"@type\":\"Organization\",\"@id\":\"https:\\\/\\\/fjala.info\\\/2009-2015\\\/#organization\",\"name\":\"FjALA e LIR\u00cb - Arkivi\",\"url\":\"https:\\\/\\\/fjala.info\\\/2009-2015\\\/\",\"logo\":{\"@type\":\"ImageObject\",\"inLanguage\":\"sq-AL\",\"@id\":\"https:\\\/\\\/fjala.info\\\/2009-2015\\\/#\\\/schema\\\/logo\\\/image\\\/\",\"url\":\"\",\"contentUrl\":\"\",\"caption\":\"FjALA e LIR\u00cb - Arkivi\"},\"image\":{\"@id\":\"https:\\\/\\\/fjala.info\\\/2009-2015\\\/#\\\/schema\\\/logo\\\/image\\\/\"}},{\"@type\":\"Person\",\"@id\":\"https:\\\/\\\/fjala.info\\\/2009-2015\\\/#\\\/schema\\\/person\\\/3aa1163ef05469c496fc94e77611ada2\",\"name\":\"admin\",\"image\":{\"@type\":\"ImageObject\",\"inLanguage\":\"sq-AL\",\"@id\":\"https:\\\/\\\/fjala.info\\\/2009-2015\\\/wp-content\\\/uploads\\\/2012\\\/02\\\/arben_cokaj-120x150.jpg\",\"url\":\"https:\\\/\\\/fjala.info\\\/2009-2015\\\/wp-content\\\/uploads\\\/2012\\\/02\\\/arben_cokaj-120x150.jpg\",\"contentUrl\":\"https:\\\/\\\/fjala.info\\\/2009-2015\\\/wp-content\\\/uploads\\\/2012\\\/02\\\/arben_cokaj-120x150.jpg\",\"caption\":\"admin\"},\"description\":\"Admin, Fjala e Lir\u00eb\",\"sameAs\":[\"https:\\\/\\\/fjala.info\\\/\"],\"url\":\"https:\\\/\\\/fjala.info\\\/2009-2015\\\/author\\\/admin\\\/\"}]}<\/script>\n<!-- \/ Yoast SEO plugin. -->","yoast_head_json":{"title":"'Princi' kamikaz - FjALA e LIR\u00cb - Arkivi","robots":{"index":"index","follow":"follow","max-snippet":"max-snippet:-1","max-image-preview":"max-image-preview:large","max-video-preview":"max-video-preview:-1"},"canonical":"https:\/\/fjala.info\/2009-2015\/princi-kamikaz\/","og_locale":"sq_AL","og_type":"article","og_title":"'Princi' kamikaz - FjALA e LIR\u00cb - Arkivi","og_description":"Bledar H. Prifti, 28.10.2010 Kur Nikolo Makiaveli shkruajti librin e tij t\u00eb famsh\u00ebm &#8220;Princi&#8221;, ai nuk e imagjinonte se librin e tij do ta lexonte disa shekujsh m\u00eb von\u00eb edhe drejtuesi i LSI-s\u00eb, Ilir Meta. Meta \u00ebsht\u00eb nd\u00ebr t\u00eb pakt\u00ebt politikan\u00eb, p\u00ebr t\u00eb mos th\u00ebn\u00eb i vetmi, q\u00eb ka p\u00ebrdorur shpesh n\u00eb politik\u00ebn shqiptare termin [&hellip;]","og_url":"https:\/\/fjala.info\/2009-2015\/princi-kamikaz\/","og_site_name":"FjALA e LIR\u00cb - Arkivi","article_published_time":"2010-10-28T08:04:28+00:00","og_image":[{"url":"http:\/\/fjala.shkoder.net\/wp-content\/uploads\/2010\/10\/bledar_prifti.jpg","type":"","width":"","height":""}],"author":"admin","twitter_card":"summary_large_image","twitter_misc":{"Written by":"admin","Est. reading time":"8 minutes"},"schema":{"@context":"https:\/\/schema.org","@graph":[{"@type":"Article","@id":"https:\/\/fjala.info\/2009-2015\/princi-kamikaz\/#article","isPartOf":{"@id":"https:\/\/fjala.info\/2009-2015\/princi-kamikaz\/"},"author":{"name":"admin","@id":"https:\/\/fjala.info\/2009-2015\/#\/schema\/person\/3aa1163ef05469c496fc94e77611ada2"},"headline":"&#8216;Princi&#8217; kamikaz","datePublished":"2010-10-28T08:04:28+00:00","mainEntityOfPage":{"@id":"https:\/\/fjala.info\/2009-2015\/princi-kamikaz\/"},"wordCount":1565,"commentCount":1,"publisher":{"@id":"https:\/\/fjala.info\/2009-2015\/#organization"},"image":{"@id":"https:\/\/fjala.info\/2009-2015\/princi-kamikaz\/#primaryimage"},"thumbnailUrl":"http:\/\/fjala.shkoder.net\/wp-content\/uploads\/2010\/10\/bledar_prifti.jpg","articleSection":["Artikuj"],"inLanguage":"sq-AL","potentialAction":[{"@type":"CommentAction","name":"Comment","target":["https:\/\/fjala.info\/2009-2015\/princi-kamikaz\/#respond"]}]},{"@type":"WebPage","@id":"https:\/\/fjala.info\/2009-2015\/princi-kamikaz\/","url":"https:\/\/fjala.info\/2009-2015\/princi-kamikaz\/","name":"'Princi' kamikaz - FjALA e LIR\u00cb - Arkivi","isPartOf":{"@id":"https:\/\/fjala.info\/2009-2015\/#website"},"primaryImageOfPage":{"@id":"https:\/\/fjala.info\/2009-2015\/princi-kamikaz\/#primaryimage"},"image":{"@id":"https:\/\/fjala.info\/2009-2015\/princi-kamikaz\/#primaryimage"},"thumbnailUrl":"http:\/\/fjala.shkoder.net\/wp-content\/uploads\/2010\/10\/bledar_prifti.jpg","datePublished":"2010-10-28T08:04:28+00:00","breadcrumb":{"@id":"https:\/\/fjala.info\/2009-2015\/princi-kamikaz\/#breadcrumb"},"inLanguage":"sq-AL","potentialAction":[{"@type":"ReadAction","target":["https:\/\/fjala.info\/2009-2015\/princi-kamikaz\/"]}]},{"@type":"ImageObject","inLanguage":"sq-AL","@id":"https:\/\/fjala.info\/2009-2015\/princi-kamikaz\/#primaryimage","url":"http:\/\/fjala.shkoder.net\/wp-content\/uploads\/2010\/10\/bledar_prifti.jpg","contentUrl":"http:\/\/fjala.shkoder.net\/wp-content\/uploads\/2010\/10\/bledar_prifti.jpg"},{"@type":"BreadcrumbList","@id":"https:\/\/fjala.info\/2009-2015\/princi-kamikaz\/#breadcrumb","itemListElement":[{"@type":"ListItem","position":1,"name":"Home","item":"https:\/\/fjala.info\/2009-2015\/"},{"@type":"ListItem","position":2,"name":"&#8216;Princi&#8217; kamikaz"}]},{"@type":"WebSite","@id":"https:\/\/fjala.info\/2009-2015\/#website","url":"https:\/\/fjala.info\/2009-2015\/","name":"FjALA e LIR\u00cb - Arkivi","description":"Arkivi 2009-2015","publisher":{"@id":"https:\/\/fjala.info\/2009-2015\/#organization"},"potentialAction":[{"@type":"SearchAction","target":{"@type":"EntryPoint","urlTemplate":"https:\/\/fjala.info\/2009-2015\/?s={search_term_string}"},"query-input":{"@type":"PropertyValueSpecification","valueRequired":true,"valueName":"search_term_string"}}],"inLanguage":"sq-AL"},{"@type":"Organization","@id":"https:\/\/fjala.info\/2009-2015\/#organization","name":"FjALA e LIR\u00cb - Arkivi","url":"https:\/\/fjala.info\/2009-2015\/","logo":{"@type":"ImageObject","inLanguage":"sq-AL","@id":"https:\/\/fjala.info\/2009-2015\/#\/schema\/logo\/image\/","url":"","contentUrl":"","caption":"FjALA e LIR\u00cb - Arkivi"},"image":{"@id":"https:\/\/fjala.info\/2009-2015\/#\/schema\/logo\/image\/"}},{"@type":"Person","@id":"https:\/\/fjala.info\/2009-2015\/#\/schema\/person\/3aa1163ef05469c496fc94e77611ada2","name":"admin","image":{"@type":"ImageObject","inLanguage":"sq-AL","@id":"https:\/\/fjala.info\/2009-2015\/wp-content\/uploads\/2012\/02\/arben_cokaj-120x150.jpg","url":"https:\/\/fjala.info\/2009-2015\/wp-content\/uploads\/2012\/02\/arben_cokaj-120x150.jpg","contentUrl":"https:\/\/fjala.info\/2009-2015\/wp-content\/uploads\/2012\/02\/arben_cokaj-120x150.jpg","caption":"admin"},"description":"Admin, Fjala e Lir\u00eb","sameAs":["https:\/\/fjala.info\/"],"url":"https:\/\/fjala.info\/2009-2015\/author\/admin\/"}]}},"_links":{"self":[{"href":"https:\/\/fjala.info\/2009-2015\/wp-json\/wp\/v2\/posts\/4504","targetHints":{"allow":["GET"]}}],"collection":[{"href":"https:\/\/fjala.info\/2009-2015\/wp-json\/wp\/v2\/posts"}],"about":[{"href":"https:\/\/fjala.info\/2009-2015\/wp-json\/wp\/v2\/types\/post"}],"author":[{"embeddable":true,"href":"https:\/\/fjala.info\/2009-2015\/wp-json\/wp\/v2\/users\/1"}],"replies":[{"embeddable":true,"href":"https:\/\/fjala.info\/2009-2015\/wp-json\/wp\/v2\/comments?post=4504"}],"version-history":[{"count":0,"href":"https:\/\/fjala.info\/2009-2015\/wp-json\/wp\/v2\/posts\/4504\/revisions"}],"wp:attachment":[{"href":"https:\/\/fjala.info\/2009-2015\/wp-json\/wp\/v2\/media?parent=4504"}],"wp:term":[{"taxonomy":"category","embeddable":true,"href":"https:\/\/fjala.info\/2009-2015\/wp-json\/wp\/v2\/categories?post=4504"},{"taxonomy":"post_tag","embeddable":true,"href":"https:\/\/fjala.info\/2009-2015\/wp-json\/wp\/v2\/tags?post=4504"}],"curies":[{"name":"wp","href":"https:\/\/api.w.org\/{rel}","templated":true}]}}