{"id":4503,"date":"2012-08-19T07:00:23","date_gmt":"2012-08-19T06:00:23","guid":{"rendered":"http:\/\/www.fjala.info\/?p=4503"},"modified":"2012-08-19T07:00:23","modified_gmt":"2012-08-19T06:00:23","slug":"iftaret-hipokrite-te-saliut","status":"publish","type":"post","link":"https:\/\/fjala.info\/2009-2015\/iftaret-hipokrite-te-saliut\/","title":{"rendered":"Iftar\u00ebt hipokrit\u00eb t\u00eb Saliut"},"content":{"rendered":"<p><img decoding=\"async\" class=\"alignright size-thumbnail wp-image-7236\" title=\"Fatos Mahmutaj\" src=\"http:\/\/www.fjala.info\/2012\/fatos_mahmutaj.jpg\" alt=\"\" width=\"150\" \/> <strong>Fatos Mahmutaj<\/strong>, <em>19 Gusht 2012<\/em><\/p>\n<p>Nga mediat lexova se kryeministri i Shqip\u00ebris\u00eb Sali Berisha paska shtruar nj\u00eb iftar me rastin e muajit t\u00eb Ramazanit ku ka ftuar p\u00ebrfaq\u00ebsues t\u00eb trupit diplomatik, krer\u00eb t\u00eb besimveve fetare jo vet\u00ebm brenda Shqip\u00ebris\u00eb si dhe \u2026 disa imam\u00eb dhe intelektual\u00eb musliman\u00eb. M\u00eb konkretisht po citoj gazet\u00ebn \u201cTemA\u201d: \u201cT\u00eb ftuar n\u00eb k\u00ebt\u00eb dark\u00eb kan\u00eb qen\u00eb p\u00ebrfaq\u00ebsues t\u00eb Komunitetit Mysliman Shqiptar, kryetarin e tij, Haxhi Selim Mu\u00e7a, Kryegjyshin Bot\u00ebror t\u00eb Bektashinjve Baba Edmond Brahimaj, myfti, imam\u00eb, intelektual\u00eb islam\u00eb; Kryepeshkopin e Tiran\u00ebs, Durr\u00ebsit, dhe gjith\u00eb Shqip\u00ebris\u00eb Fortlumturin\u00eb e tij Anastas Janullatos, Arqipeshkvin Metropolit t\u00eb Tiran\u00ebs dhe Durr\u00ebsit dhe Kryetar i Konferenc\u00ebs Ipeshkvnore t\u00eb Shqip\u00ebris\u00eb, Imzot Rrok Mirdita, Presidentin e V\u00ebllaz\u00ebris\u00eb Ungjillore t\u00eb Shqip\u00ebris\u00eb, Pastor Fitor Mu\u00e7a, p\u00ebrfaq\u00ebsues t\u00eb Komunitetit Mysliman t\u00eb Kosov\u00ebs, Maqedonis\u00eb, Malit t\u00eb Zi, p\u00ebrfaq\u00ebsues t\u00eb trupit diplomatik etj\u201d.<\/p>\n<p>Si nj\u00eb besimtar dhe agj\u00ebrues i rregullt prej m\u00eb tep\u00ebr se nj\u00eb dekade e gjysm\u00eb, q\u00eb n\u00eb fillim t\u00eb k\u00ebtij shkrimi desha t\u00eb pyesja imam\u00ebt dhe ndonj\u00eb besimtar pjes\u00ebmarr\u00ebs n\u00eb iftarin e Saliut, p\u00ebr t\u00eb cil\u00ebt mendoj se v\u00ebrtet\u00eb kan\u00eb qen\u00eb agj\u00ebrues: A \u00ebsht\u00eb e lejueshme p\u00ebr nj\u00eb agj\u00ebrues q\u00eb t\u00eb ushqehet n\u00eb iftar me ushqim t\u00eb vjedhur, aq m\u00eb tep\u00ebr kur b\u00ebhet fjal\u00eb p\u00ebr nj\u00eb sakrifice fizike tej normales n\u00eb nj\u00eb dit\u00eb t\u00eb gjat\u00eb dhe super t\u00eb nxeht\u00eb vere?<\/p>\n<p>Ju lutem mos mu p\u00ebrgjigjni: \u201cNuk ishte haram ushqimi i konsumuar\u201d. Mund t\u00eb m\u00eb thoni: Ku i ka gjetur Berisha parat\u00eb p\u00ebr t\u00eb shtruar k\u00ebt\u00eb iftar? Le t\u00eb konsiderojm\u00eb hallall fitimet e deklaruara nga Sali Berisha n\u00eb deklarat\u00ebn e tij t\u00eb pasuris\u00eb. P\u00ebr vitin 2011 ia ka n\u00ebnshkruar p\u00ebr fitime modeste, aq sa e llogaritur mir\u00eb i bie q\u00eb t\u00eb ket\u00eb harxhuar t\u00eb gjith\u00eb fitimet e nj\u00eb viti p\u00ebr k\u00ebt\u00eb iftar. Mendoni vall\u00eb t\u00eb jet\u00eb kaq modest kryeministri yn\u00eb!?<\/p>\n<p>Iftari i Saliut u shtrua n\u00eb nj\u00eb nga rezidencat qeveritare. \u201cKryeministri Sali Berisha, shtroi t\u00eb premten n\u00eb mbr\u00ebmje nj\u00eb iftar p\u00ebr besimtar\u00ebt mysliman\u00eb n\u00eb nj\u00eb prej rezidencave qeveritare\u201d (Drita Islame, faqja online). Pra fatura e shpenzimeve i kalon shqiptar\u00ebve, ose m\u00eb sakt\u00eb atyre q\u00eb radhiten tek taksapaguesit. Nuk mendoj se t\u00eb gjith\u00eb ata q\u00eb kontribuojn\u00eb n\u00eb ark\u00ebn e shtetit shqiptar t\u2019i ken\u00eb dh\u00ebn\u00eb parat\u00eb e tyre p\u00ebr t&#8217;u tallur Sali Berisha, duke shtruar iftare, aq m\u00eb tep\u00ebr p\u00ebr njer\u00ebz q\u00eb nuk kan\u00eb agj\u00ebruar.<\/p>\n<p>T\u00eb themi q\u00eb k\u00ebto para ia kan\u00eb dhuruar Berish\u00ebs dhe ai me dashamir\u00ebsi i harxhoi me nj\u00eb iftar!? Jo. Profeti Muhamed a.s. e ka ndaluar kategorikisht dhurat\u00ebn p\u00ebr shkak t\u00eb detyr\u00ebs. K\u00ebshtu q\u00eb dhuruesi (n\u00ebse ekziston nj\u00eb i till\u00eb) do t\u00eb ishte m\u00eb mir\u00eb ta shtronte vet\u00eb iftarin, ndryshe i bie q\u00eb t\u00eb ket\u00eb b\u00ebr\u00eb korrupsion, pasi nuk mund t\u00eb jet\u00eb nj\u00eb mashtrues ordiner personi i duhur p\u00ebr t\u00eb qeverisur parat\u00eb e dhuruara n\u00eb \u2018Rrug\u00ebn e Zotit\u2019.<\/p>\n<p>Berisha \u00ebsht\u00eb nj\u00eb kriminel i r\u00ebndomt\u00eb. Nuk po i referohem vrasjeve dhe bashk\u00ebpunimeve t\u00eb tij t\u00eb f\u00eblliqura n\u00eb kurriz t\u00eb shqiptar\u00ebve, por thjesht po citoj nj\u00eb fraz\u00eb q\u00eb e kemi d\u00ebgjuar shpesh nga goj\u00ebt e imam\u00ebve. \u201cShqip\u00ebria konsumoi kamat\u00ebn dhe p\u00ebr pasoj\u00eb p\u00ebrjetoi \u201997-\u00ebn!\u201d. I Madhi Zot na ka njoftuar se kamata \u00ebsht\u00eb luft\u00eb e hapur me t\u00eb, ndaj uroj q\u00eb t\u00eb mos ken\u00eb q\u00ebn\u00eb t\u00eb nj\u00ebjt\u00ebt imam\u00eb, t\u00eb cil\u00ebt e p\u00ebrdorin k\u00ebt\u00eb shprehje n\u00eb iftarin e Saliut. Kjo pasi dihet mir\u00eb se cili ka qen\u00eb ideatori, iniciatori, mb\u00ebshtet\u00ebsi dhe drejtuesi kryesor i piramidave shqiptare.<\/p>\n<p>Berisha \u00ebsht\u00eb burracak q\u00eb b\u00ebn gjith\u00e7ka p\u00ebr pushtetin ndaj mos u b\u00ebni lolo t\u00eb tij. E kuptoj mir\u00eb faktin se jo t\u00eb gjith\u00eb besimtar\u00ebt jan\u00eb si profeti Ibrahim a.s., q\u00eb t\u00eb kund\u00ebrshtojn\u00eb si\u00e7, Ai a.s., kund\u00ebrshtoi mbretin mizor Nemrud, por do t\u00eb ishte m\u00eb mir\u00eb refuzimi i nj\u00eb kryeministri q\u00eb ndodhet n\u00eb pushtet me vota t\u00eb vjedhura, t\u00eb pakt\u00ebn n\u00eb k\u00ebt\u00eb iftar hipokrizie n\u00eb m\u00ebnyr\u00eb q\u00eb t\u00eb mos b\u00ebh\u00ebn edhe musliman\u00ebt pjes\u00eb e m\u00ebkatit t\u00eb tij. Dhe pasojat e m\u00ebkatit dihen mir\u00eb se cilat jan\u00eb.<\/p>\n<p>S\u00eb fundmi desha t\u00eb thoja se i Madhi Zot e di m\u00eb s\u00eb miri k\u00ebt\u00eb pun\u00eb, por nuk do t\u00eb ishte m\u00eb mir\u00eb ta \u00e7elnit iftarin e Xhumas\u00eb, dit\u00ebs s\u00eb bekuar, n\u00eb sht\u00ebpit\u00eb tuaja me familjet, apo t\u00eb ftuar nga nj\u00ebri-tjetri me ushqim hallall!? Si thoni!?<\/p>\n<p>Bruksel m\u00eb 18 gusht 2012<\/p>\n","protected":false},"excerpt":{"rendered":"<p>Fatos Mahmutaj, 19 Gusht 2012 Nga mediat lexova se kryeministri i Shqip\u00ebris\u00eb Sali Berisha paska shtruar nj\u00eb iftar me rastin e muajit t\u00eb Ramazanit ku ka ftuar p\u00ebrfaq\u00ebsues t\u00eb trupit diplomatik, krer\u00eb t\u00eb besimveve fetare jo vet\u00ebm brenda Shqip\u00ebris\u00eb si dhe \u2026 disa imam\u00eb dhe intelektual\u00eb musliman\u00eb. M\u00eb konkretisht po citoj gazet\u00ebn \u201cTemA\u201d: \u201cT\u00eb ftuar [&hellip;]<\/p>\n","protected":false},"author":1,"featured_media":0,"comment_status":"open","ping_status":"closed","sticky":false,"template":"","format":"standard","meta":{"footnotes":""},"categories":[2],"tags":[],"class_list":{"0":"post-4503","1":"post","2":"type-post","3":"status-publish","4":"format-standard","6":"category-artikuj"},"yoast_head":"<!-- This site is optimized with the Yoast SEO plugin v27.4 - https:\/\/yoast.com\/product\/yoast-seo-wordpress\/ -->\n<title>Iftar\u00ebt hipokrit\u00eb t\u00eb Saliut - FjALA e LIR\u00cb - Arkivi<\/title>\n<meta name=\"robots\" content=\"index, follow, max-snippet:-1, max-image-preview:large, max-video-preview:-1\" \/>\n<link rel=\"canonical\" href=\"https:\/\/fjala.info\/2009-2015\/iftaret-hipokrite-te-saliut\/\" \/>\n<meta property=\"og:locale\" content=\"sq_AL\" \/>\n<meta property=\"og:type\" content=\"article\" \/>\n<meta property=\"og:title\" content=\"Iftar\u00ebt hipokrit\u00eb t\u00eb Saliut - FjALA e LIR\u00cb - Arkivi\" \/>\n<meta property=\"og:description\" content=\"Fatos Mahmutaj, 19 Gusht 2012 Nga mediat lexova se kryeministri i Shqip\u00ebris\u00eb Sali Berisha paska shtruar nj\u00eb iftar me rastin e muajit t\u00eb Ramazanit ku ka ftuar p\u00ebrfaq\u00ebsues t\u00eb trupit diplomatik, krer\u00eb t\u00eb besimveve fetare jo vet\u00ebm brenda Shqip\u00ebris\u00eb si dhe \u2026 disa imam\u00eb dhe intelektual\u00eb musliman\u00eb. M\u00eb konkretisht po citoj gazet\u00ebn \u201cTemA\u201d: \u201cT\u00eb ftuar [&hellip;]\" \/>\n<meta property=\"og:url\" content=\"https:\/\/fjala.info\/2009-2015\/iftaret-hipokrite-te-saliut\/\" \/>\n<meta property=\"og:site_name\" content=\"FjALA e LIR\u00cb - Arkivi\" \/>\n<meta property=\"article:published_time\" content=\"2012-08-19T06:00:23+00:00\" \/>\n<meta property=\"og:image\" content=\"http:\/\/www.fjala.info\/2012\/fatos_mahmutaj.jpg\" \/>\n<meta name=\"author\" content=\"admin\" \/>\n<meta name=\"twitter:card\" content=\"summary_large_image\" \/>\n<meta name=\"twitter:label1\" content=\"Written by\" \/>\n\t<meta name=\"twitter:data1\" content=\"admin\" \/>\n\t<meta name=\"twitter:label2\" content=\"Est. reading time\" \/>\n\t<meta name=\"twitter:data2\" content=\"4 minutes\" \/>\n<script type=\"application\/ld+json\" class=\"yoast-schema-graph\">{\"@context\":\"https:\\\/\\\/schema.org\",\"@graph\":[{\"@type\":\"Article\",\"@id\":\"https:\\\/\\\/fjala.info\\\/2009-2015\\\/iftaret-hipokrite-te-saliut\\\/#article\",\"isPartOf\":{\"@id\":\"https:\\\/\\\/fjala.info\\\/2009-2015\\\/iftaret-hipokrite-te-saliut\\\/\"},\"author\":{\"name\":\"admin\",\"@id\":\"https:\\\/\\\/fjala.info\\\/2009-2015\\\/#\\\/schema\\\/person\\\/3aa1163ef05469c496fc94e77611ada2\"},\"headline\":\"Iftar\u00ebt hipokrit\u00eb t\u00eb Saliut\",\"datePublished\":\"2012-08-19T06:00:23+00:00\",\"mainEntityOfPage\":{\"@id\":\"https:\\\/\\\/fjala.info\\\/2009-2015\\\/iftaret-hipokrite-te-saliut\\\/\"},\"wordCount\":800,\"commentCount\":0,\"publisher\":{\"@id\":\"https:\\\/\\\/fjala.info\\\/2009-2015\\\/#organization\"},\"image\":{\"@id\":\"https:\\\/\\\/fjala.info\\\/2009-2015\\\/iftaret-hipokrite-te-saliut\\\/#primaryimage\"},\"thumbnailUrl\":\"http:\\\/\\\/www.fjala.info\\\/2012\\\/fatos_mahmutaj.jpg\",\"articleSection\":[\"Artikuj\"],\"inLanguage\":\"sq-AL\",\"potentialAction\":[{\"@type\":\"CommentAction\",\"name\":\"Comment\",\"target\":[\"https:\\\/\\\/fjala.info\\\/2009-2015\\\/iftaret-hipokrite-te-saliut\\\/#respond\"]}]},{\"@type\":\"WebPage\",\"@id\":\"https:\\\/\\\/fjala.info\\\/2009-2015\\\/iftaret-hipokrite-te-saliut\\\/\",\"url\":\"https:\\\/\\\/fjala.info\\\/2009-2015\\\/iftaret-hipokrite-te-saliut\\\/\",\"name\":\"Iftar\u00ebt hipokrit\u00eb t\u00eb Saliut - FjALA e LIR\u00cb - Arkivi\",\"isPartOf\":{\"@id\":\"https:\\\/\\\/fjala.info\\\/2009-2015\\\/#website\"},\"primaryImageOfPage\":{\"@id\":\"https:\\\/\\\/fjala.info\\\/2009-2015\\\/iftaret-hipokrite-te-saliut\\\/#primaryimage\"},\"image\":{\"@id\":\"https:\\\/\\\/fjala.info\\\/2009-2015\\\/iftaret-hipokrite-te-saliut\\\/#primaryimage\"},\"thumbnailUrl\":\"http:\\\/\\\/www.fjala.info\\\/2012\\\/fatos_mahmutaj.jpg\",\"datePublished\":\"2012-08-19T06:00:23+00:00\",\"breadcrumb\":{\"@id\":\"https:\\\/\\\/fjala.info\\\/2009-2015\\\/iftaret-hipokrite-te-saliut\\\/#breadcrumb\"},\"inLanguage\":\"sq-AL\",\"potentialAction\":[{\"@type\":\"ReadAction\",\"target\":[\"https:\\\/\\\/fjala.info\\\/2009-2015\\\/iftaret-hipokrite-te-saliut\\\/\"]}]},{\"@type\":\"ImageObject\",\"inLanguage\":\"sq-AL\",\"@id\":\"https:\\\/\\\/fjala.info\\\/2009-2015\\\/iftaret-hipokrite-te-saliut\\\/#primaryimage\",\"url\":\"http:\\\/\\\/www.fjala.info\\\/2012\\\/fatos_mahmutaj.jpg\",\"contentUrl\":\"http:\\\/\\\/www.fjala.info\\\/2012\\\/fatos_mahmutaj.jpg\"},{\"@type\":\"BreadcrumbList\",\"@id\":\"https:\\\/\\\/fjala.info\\\/2009-2015\\\/iftaret-hipokrite-te-saliut\\\/#breadcrumb\",\"itemListElement\":[{\"@type\":\"ListItem\",\"position\":1,\"name\":\"Home\",\"item\":\"https:\\\/\\\/fjala.info\\\/2009-2015\\\/\"},{\"@type\":\"ListItem\",\"position\":2,\"name\":\"Iftar\u00ebt hipokrit\u00eb t\u00eb Saliut\"}]},{\"@type\":\"WebSite\",\"@id\":\"https:\\\/\\\/fjala.info\\\/2009-2015\\\/#website\",\"url\":\"https:\\\/\\\/fjala.info\\\/2009-2015\\\/\",\"name\":\"FjALA e LIR\u00cb - Arkivi\",\"description\":\"Arkivi 2009-2015\",\"publisher\":{\"@id\":\"https:\\\/\\\/fjala.info\\\/2009-2015\\\/#organization\"},\"potentialAction\":[{\"@type\":\"SearchAction\",\"target\":{\"@type\":\"EntryPoint\",\"urlTemplate\":\"https:\\\/\\\/fjala.info\\\/2009-2015\\\/?s={search_term_string}\"},\"query-input\":{\"@type\":\"PropertyValueSpecification\",\"valueRequired\":true,\"valueName\":\"search_term_string\"}}],\"inLanguage\":\"sq-AL\"},{\"@type\":\"Organization\",\"@id\":\"https:\\\/\\\/fjala.info\\\/2009-2015\\\/#organization\",\"name\":\"FjALA e LIR\u00cb - Arkivi\",\"url\":\"https:\\\/\\\/fjala.info\\\/2009-2015\\\/\",\"logo\":{\"@type\":\"ImageObject\",\"inLanguage\":\"sq-AL\",\"@id\":\"https:\\\/\\\/fjala.info\\\/2009-2015\\\/#\\\/schema\\\/logo\\\/image\\\/\",\"url\":\"\",\"contentUrl\":\"\",\"caption\":\"FjALA e LIR\u00cb - Arkivi\"},\"image\":{\"@id\":\"https:\\\/\\\/fjala.info\\\/2009-2015\\\/#\\\/schema\\\/logo\\\/image\\\/\"}},{\"@type\":\"Person\",\"@id\":\"https:\\\/\\\/fjala.info\\\/2009-2015\\\/#\\\/schema\\\/person\\\/3aa1163ef05469c496fc94e77611ada2\",\"name\":\"admin\",\"image\":{\"@type\":\"ImageObject\",\"inLanguage\":\"sq-AL\",\"@id\":\"https:\\\/\\\/fjala.info\\\/2009-2015\\\/wp-content\\\/uploads\\\/2012\\\/02\\\/arben_cokaj-120x150.jpg\",\"url\":\"https:\\\/\\\/fjala.info\\\/2009-2015\\\/wp-content\\\/uploads\\\/2012\\\/02\\\/arben_cokaj-120x150.jpg\",\"contentUrl\":\"https:\\\/\\\/fjala.info\\\/2009-2015\\\/wp-content\\\/uploads\\\/2012\\\/02\\\/arben_cokaj-120x150.jpg\",\"caption\":\"admin\"},\"description\":\"Admin, Fjala e Lir\u00eb\",\"sameAs\":[\"https:\\\/\\\/fjala.info\\\/\"],\"url\":\"https:\\\/\\\/fjala.info\\\/2009-2015\\\/author\\\/admin\\\/\"}]}<\/script>\n<!-- \/ Yoast SEO plugin. -->","yoast_head_json":{"title":"Iftar\u00ebt hipokrit\u00eb t\u00eb Saliut - FjALA e LIR\u00cb - Arkivi","robots":{"index":"index","follow":"follow","max-snippet":"max-snippet:-1","max-image-preview":"max-image-preview:large","max-video-preview":"max-video-preview:-1"},"canonical":"https:\/\/fjala.info\/2009-2015\/iftaret-hipokrite-te-saliut\/","og_locale":"sq_AL","og_type":"article","og_title":"Iftar\u00ebt hipokrit\u00eb t\u00eb Saliut - FjALA e LIR\u00cb - Arkivi","og_description":"Fatos Mahmutaj, 19 Gusht 2012 Nga mediat lexova se kryeministri i Shqip\u00ebris\u00eb Sali Berisha paska shtruar nj\u00eb iftar me rastin e muajit t\u00eb Ramazanit ku ka ftuar p\u00ebrfaq\u00ebsues t\u00eb trupit diplomatik, krer\u00eb t\u00eb besimveve fetare jo vet\u00ebm brenda Shqip\u00ebris\u00eb si dhe \u2026 disa imam\u00eb dhe intelektual\u00eb musliman\u00eb. M\u00eb konkretisht po citoj gazet\u00ebn \u201cTemA\u201d: \u201cT\u00eb ftuar [&hellip;]","og_url":"https:\/\/fjala.info\/2009-2015\/iftaret-hipokrite-te-saliut\/","og_site_name":"FjALA e LIR\u00cb - Arkivi","article_published_time":"2012-08-19T06:00:23+00:00","og_image":[{"url":"http:\/\/www.fjala.info\/2012\/fatos_mahmutaj.jpg","type":"","width":"","height":""}],"author":"admin","twitter_card":"summary_large_image","twitter_misc":{"Written by":"admin","Est. reading time":"4 minutes"},"schema":{"@context":"https:\/\/schema.org","@graph":[{"@type":"Article","@id":"https:\/\/fjala.info\/2009-2015\/iftaret-hipokrite-te-saliut\/#article","isPartOf":{"@id":"https:\/\/fjala.info\/2009-2015\/iftaret-hipokrite-te-saliut\/"},"author":{"name":"admin","@id":"https:\/\/fjala.info\/2009-2015\/#\/schema\/person\/3aa1163ef05469c496fc94e77611ada2"},"headline":"Iftar\u00ebt hipokrit\u00eb t\u00eb Saliut","datePublished":"2012-08-19T06:00:23+00:00","mainEntityOfPage":{"@id":"https:\/\/fjala.info\/2009-2015\/iftaret-hipokrite-te-saliut\/"},"wordCount":800,"commentCount":0,"publisher":{"@id":"https:\/\/fjala.info\/2009-2015\/#organization"},"image":{"@id":"https:\/\/fjala.info\/2009-2015\/iftaret-hipokrite-te-saliut\/#primaryimage"},"thumbnailUrl":"http:\/\/www.fjala.info\/2012\/fatos_mahmutaj.jpg","articleSection":["Artikuj"],"inLanguage":"sq-AL","potentialAction":[{"@type":"CommentAction","name":"Comment","target":["https:\/\/fjala.info\/2009-2015\/iftaret-hipokrite-te-saliut\/#respond"]}]},{"@type":"WebPage","@id":"https:\/\/fjala.info\/2009-2015\/iftaret-hipokrite-te-saliut\/","url":"https:\/\/fjala.info\/2009-2015\/iftaret-hipokrite-te-saliut\/","name":"Iftar\u00ebt hipokrit\u00eb t\u00eb Saliut - FjALA e LIR\u00cb - Arkivi","isPartOf":{"@id":"https:\/\/fjala.info\/2009-2015\/#website"},"primaryImageOfPage":{"@id":"https:\/\/fjala.info\/2009-2015\/iftaret-hipokrite-te-saliut\/#primaryimage"},"image":{"@id":"https:\/\/fjala.info\/2009-2015\/iftaret-hipokrite-te-saliut\/#primaryimage"},"thumbnailUrl":"http:\/\/www.fjala.info\/2012\/fatos_mahmutaj.jpg","datePublished":"2012-08-19T06:00:23+00:00","breadcrumb":{"@id":"https:\/\/fjala.info\/2009-2015\/iftaret-hipokrite-te-saliut\/#breadcrumb"},"inLanguage":"sq-AL","potentialAction":[{"@type":"ReadAction","target":["https:\/\/fjala.info\/2009-2015\/iftaret-hipokrite-te-saliut\/"]}]},{"@type":"ImageObject","inLanguage":"sq-AL","@id":"https:\/\/fjala.info\/2009-2015\/iftaret-hipokrite-te-saliut\/#primaryimage","url":"http:\/\/www.fjala.info\/2012\/fatos_mahmutaj.jpg","contentUrl":"http:\/\/www.fjala.info\/2012\/fatos_mahmutaj.jpg"},{"@type":"BreadcrumbList","@id":"https:\/\/fjala.info\/2009-2015\/iftaret-hipokrite-te-saliut\/#breadcrumb","itemListElement":[{"@type":"ListItem","position":1,"name":"Home","item":"https:\/\/fjala.info\/2009-2015\/"},{"@type":"ListItem","position":2,"name":"Iftar\u00ebt hipokrit\u00eb t\u00eb Saliut"}]},{"@type":"WebSite","@id":"https:\/\/fjala.info\/2009-2015\/#website","url":"https:\/\/fjala.info\/2009-2015\/","name":"FjALA e LIR\u00cb - Arkivi","description":"Arkivi 2009-2015","publisher":{"@id":"https:\/\/fjala.info\/2009-2015\/#organization"},"potentialAction":[{"@type":"SearchAction","target":{"@type":"EntryPoint","urlTemplate":"https:\/\/fjala.info\/2009-2015\/?s={search_term_string}"},"query-input":{"@type":"PropertyValueSpecification","valueRequired":true,"valueName":"search_term_string"}}],"inLanguage":"sq-AL"},{"@type":"Organization","@id":"https:\/\/fjala.info\/2009-2015\/#organization","name":"FjALA e LIR\u00cb - Arkivi","url":"https:\/\/fjala.info\/2009-2015\/","logo":{"@type":"ImageObject","inLanguage":"sq-AL","@id":"https:\/\/fjala.info\/2009-2015\/#\/schema\/logo\/image\/","url":"","contentUrl":"","caption":"FjALA e LIR\u00cb - Arkivi"},"image":{"@id":"https:\/\/fjala.info\/2009-2015\/#\/schema\/logo\/image\/"}},{"@type":"Person","@id":"https:\/\/fjala.info\/2009-2015\/#\/schema\/person\/3aa1163ef05469c496fc94e77611ada2","name":"admin","image":{"@type":"ImageObject","inLanguage":"sq-AL","@id":"https:\/\/fjala.info\/2009-2015\/wp-content\/uploads\/2012\/02\/arben_cokaj-120x150.jpg","url":"https:\/\/fjala.info\/2009-2015\/wp-content\/uploads\/2012\/02\/arben_cokaj-120x150.jpg","contentUrl":"https:\/\/fjala.info\/2009-2015\/wp-content\/uploads\/2012\/02\/arben_cokaj-120x150.jpg","caption":"admin"},"description":"Admin, Fjala e Lir\u00eb","sameAs":["https:\/\/fjala.info\/"],"url":"https:\/\/fjala.info\/2009-2015\/author\/admin\/"}]}},"_links":{"self":[{"href":"https:\/\/fjala.info\/2009-2015\/wp-json\/wp\/v2\/posts\/4503","targetHints":{"allow":["GET"]}}],"collection":[{"href":"https:\/\/fjala.info\/2009-2015\/wp-json\/wp\/v2\/posts"}],"about":[{"href":"https:\/\/fjala.info\/2009-2015\/wp-json\/wp\/v2\/types\/post"}],"author":[{"embeddable":true,"href":"https:\/\/fjala.info\/2009-2015\/wp-json\/wp\/v2\/users\/1"}],"replies":[{"embeddable":true,"href":"https:\/\/fjala.info\/2009-2015\/wp-json\/wp\/v2\/comments?post=4503"}],"version-history":[{"count":0,"href":"https:\/\/fjala.info\/2009-2015\/wp-json\/wp\/v2\/posts\/4503\/revisions"}],"wp:attachment":[{"href":"https:\/\/fjala.info\/2009-2015\/wp-json\/wp\/v2\/media?parent=4503"}],"wp:term":[{"taxonomy":"category","embeddable":true,"href":"https:\/\/fjala.info\/2009-2015\/wp-json\/wp\/v2\/categories?post=4503"},{"taxonomy":"post_tag","embeddable":true,"href":"https:\/\/fjala.info\/2009-2015\/wp-json\/wp\/v2\/tags?post=4503"}],"curies":[{"name":"wp","href":"https:\/\/api.w.org\/{rel}","templated":true}]}}