{"id":4502,"date":"2010-10-28T08:56:11","date_gmt":"2010-10-28T07:56:11","guid":{"rendered":"http:\/\/fjala.shkoder.net\/?p=4502"},"modified":"2010-10-28T08:56:11","modified_gmt":"2010-10-28T07:56:11","slug":"perse-duhet-mbeshtetur-seriozisht-shakaja-e-berishes-per-imunitetin","status":"publish","type":"post","link":"https:\/\/fjala.info\/2009-2015\/perse-duhet-mbeshtetur-seriozisht-shakaja-e-berishes-per-imunitetin\/","title":{"rendered":"P\u00ebrse duhet mb\u00ebshtetur seriozisht \u201cshakaja\u201d e Berish\u00ebs p\u00ebr imunitetin"},"content":{"rendered":"<p><img loading=\"lazy\" decoding=\"async\" class=\"alignright size-full wp-image-4090\" title=\"Mero Baze\" src=\"http:\/\/fjala.shkoder.net\/wp-content\/uploads\/2010\/10\/mero_baze1.jpg\" alt=\"\" width=\"149\" height=\"200\" \/><\/p>\n<p>Nga <strong>Mero Baze<\/strong><\/p>\n<p>Kryeministri Sali Berisha, i cili duket se ka marr\u00eb zem\u00ebr nga gjunj\u00ebzimi q\u00eb i ka b\u00ebr\u00eb sistemit t\u00eb drejt\u00ebsis\u00eb, foli dje s\u00ebrish p\u00ebr nevoj\u00ebn e heqjes s\u00eb imunitetit p\u00ebr deputet\u00ebt, duke e paraqitur at\u00eb deri m\u00eb sot si nj\u00eb penges\u00eb q\u00eb vjen nga opozita. Pa dashur t\u00eb hyjm\u00eb n\u00eb spiralen e banalitetit, ku Berisha p\u00ebrpiqet t\u00eb fus\u00eb debatin p\u00ebr njer\u00ebz q\u00eb nuk kan\u00eb kujtes\u00eb, do t\u00eb ishte nj\u00eb p\u00ebrgjigje e duhur p\u00ebr t\u00eb nj\u00eb aksion i opozit\u00ebs n\u00eb k\u00ebt\u00eb pik\u00eb. Prej vitit 2005 deri m\u00eb sot opozita nuk e ka p\u00ebrdorur asnj\u00ebher\u00eb imunitetin si mburoj\u00eb ndaj \u00e7do akuze q\u00eb i \u00ebsht\u00eb b\u00ebr\u00eb dhe p\u00ebr fat t\u00eb saj nuk ka shkuar asnj\u00eb k\u00ebrkes\u00eb p\u00ebr heqje imuniteti p\u00ebr deputet\u00eb t\u00eb saj.<\/p>\n<p>I vetmi rast i r\u00ebnd\u00eb q\u00eb imuniteti u p\u00ebrdor p\u00ebr t\u00eb p\u00ebrdhunuar vdekjen e 26 personave, ka qen\u00eb rasti ku p\u00ebrzihet familja e Sali Berish\u00ebs dhe Ministri i tij, Fatmir Mediu. N\u00eb shtator t\u00eb vitit 2009, Gjykata e Lart\u00eb e Shqip\u00ebris\u00eb mbylli pa gjykuar nj\u00eb nga proceset m\u00eb t\u00eb bujshme t\u00eb historis\u00eb s\u00eb Shqip\u00ebris\u00eb kund\u00ebr nj\u00eb zyrtari t\u00eb lart\u00eb p\u00ebr shkak t\u00eb imunitetit. I gjith\u00eb procesi u udh\u00ebhoq dhe u menaxhua deri n\u00eb detaje nga Sali Berisha. I nj\u00ebjti person, menaxhoi si\u00e7 d\u00ebshmon dhe ish- kryehetuesi i Shqip\u00ebris\u00eb n\u00eb at\u00eb koh\u00eb dhe procesin e d\u00ebshtimit t\u00eb procedurave p\u00ebr gjykim t\u00eb ministrit tjet\u00ebr t\u00eb Familjes, Lul\u00ebzim Basha.<\/p>\n<p>Por cilat jan\u00eb arsyet q\u00eb Berisha nuk do t\u00eb pranonte kurr\u00eb t\u00eb dor\u00ebzonte imunitetin e njer\u00ebzve t\u00eb tij, q\u00eb i kan\u00eb shp\u00ebtuar drejt\u00ebsis\u00eb p\u00ebr shkak t\u00eb tij?<\/p>\n<p>Nj\u00eb arsye \u00ebsht\u00eb frika q\u00eb ai ka se dor\u00ebzimi i ushtar\u00ebve t\u00eb korrupsionit i prish rreshtin n\u00eb t\u00eb cilin po p\u00ebrpiqet t\u00eb mbaj\u00eb shumic\u00ebn e tij t\u00eb rrezikuar. T\u00eb gjith\u00eb ne e dim\u00eb se Berisha nuk ka p\u00ebr ta dor\u00ebzuar kurr\u00eb Fatmir Mehdiun, jo se ai do t\u00eb filloj\u00eb t\u00eb flas\u00eb p\u00ebr Shk\u00eblzenin apo lidhjet e tij me G\u00ebrdecin, por sepse Berisha nuk do t\u00eb deinkurajoj\u00eb asnj\u00eb njeri t\u00eb inkriminuar nga pushteti i tij. Kjo p\u00ebr t\u00eb \u00ebsht\u00eb m\u00eb e r\u00ebnd\u00ebsishme se halli personal q\u00eb ka me p\u00ebrfshirjen e djalit t\u00eb tij n\u00eb G\u00ebrdec.<\/p>\n<p>N\u00ebse Berisha jep sinjal se do t\u00eb l\u00ebshoj\u00eb qoft\u00eb dhe nj\u00eb person t\u00eb inkriminuar, pushteti i tij do t\u00eb plasaritet brenda dit\u00ebs dhe secili do t\u00eb nxitoj\u00eb t\u00eb dal\u00eb prej tij p\u00ebr t\u00eb gjetur nj\u00eb streh\u00eb tjet\u00ebr politike. \u00cbsht\u00eb kjo arsyeja madhore p\u00ebrse Berisha tallet me imunitetin tanim\u00eb q\u00eb ka siguruar pushtetin e frik\u00ebs mbi drejt\u00ebsin\u00eb, ku askush nuk guxon t\u00eb hetoj\u00eb ask\u00ebnd q\u00eb ka lidhje me pushtetin e tij. Mekanizmi i frik\u00ebs funksionon si sahat brenda organeve t\u00eb hetimit dhe gjith\u00eb \u00e7\u00ebshtjet q\u00eb prekin pushtetin kalojn\u00eb n\u00eb duar t\u00eb njer\u00ebzve q\u00eb jan\u00eb t\u00eb specializuar p\u00ebr t\u2019i mbyllur apo degraduar ato.<\/p>\n<p>Nj\u00eb tjet\u00ebr arsye pse Berisha nuk do t\u00eb pranonte t\u00eb dor\u00ebzohej n\u00eb k\u00ebt\u00eb pik\u00eb, ka t\u00eb b\u00ebj\u00eb me faktin se ai do t\u00eb inkurajonte ndjesh\u00ebm drejt\u00ebsin\u00eb t\u00eb merrej me \u00e7do \u00e7\u00ebshtje q\u00eb hapej kund\u00ebr njer\u00ebzve t\u00eb tij. \u00cbsht\u00eb e pap\u00ebrfytyrueshme p\u00ebr t\u00eb, q\u00eb drejt\u00ebsia shqiptare t\u00eb nis\u00eb hetimet apo gjykimin p\u00ebr nj\u00eb \u00e7\u00ebshtje q\u00eb prek njer\u00ebz t\u00eb pushtetit t\u00eb tij dhe ai t\u00eb mos ket\u00eb dh\u00ebn\u00eb p\u00eblqimin p\u00ebr k\u00ebt\u00eb gj\u00eb. Kjo do ta b\u00ebnte at\u00eb nj\u00eb lider t\u00eb goditsh\u00ebm brenda shumic\u00ebs s\u00eb rrezikuar dhe pasojat do t\u00eb ishin t\u00eb menj\u00ebher\u00ebshme.<\/p>\n<p>T\u00eb debatosh tani me Sali Berish\u00ebn p\u00ebr k\u00ebt\u00eb histori \u00ebsht\u00eb t\u00eb biesh n\u00eb banalitetin e tij dhe n\u00eb taktik\u00ebn e shp\u00eblarjes s\u00eb trurit q\u00eb ai p\u00ebrdor duke p\u00ebrs\u00ebritur \u00e7do dit\u00eb t\u00eb nj\u00ebjt\u00ebn g\u00ebnjesht\u00ebr. I vetmi aksion p\u00ebr t\u00eb, \u00ebsht\u00eb nj\u00eb k\u00ebrkes\u00eb zyrtare e opozit\u00ebs apo ndonj\u00eb grupi deputet\u00ebsh p\u00ebr nj\u00eb dispozit\u00eb kalimtare n\u00eb heqjen e imunitetit, ku t\u00eb vendoset q\u00eb me k\u00ebt\u00eb akt, qeveria t\u00eb k\u00ebrkoj vet\u00eb nga Gjykata e Lart\u00eb gjykimin e Ministrit Fatmir Mediu, t\u00eb mbrojtur me imunitet dhe gjykimin e Ministrit t\u00eb Familjes, Lul\u00ebzim Basha, t\u00eb mbrojtur me procedur\u00eb p\u00ebr shkak t\u00eb presionit politik.<\/p>\n<p>Pas k\u00ebsaj e kan\u00eb rrug\u00ebn e hapur t\u00eb shkojn\u00eb n\u00eb prokurori deputeti Aldo Bum\u00e7i, deputeti Viktor Gumi, kaligrafia e t\u00eb cilit ngjan shum\u00eb me sh\u00ebnimin p\u00ebr Shk\u00eblzen Berish\u00ebn sip\u00ebr faksit nga Ministria e Drejt\u00ebsis\u00eb, dhe shum\u00eb deputet\u00eb t\u00eb tjer\u00eb t\u00eb PD-s\u00eb q\u00eb kan\u00eb lidhje an\u00ebsore me shum\u00eb nga aferat e tij k\u00ebto 5 vite. Vet\u00ebm kjo l\u00ebvizje mund t\u00eb ballafaqoj\u00eb hipokrizin\u00eb e Berish\u00ebs me procesin e heqjes s\u00eb imunitetit, edhe pse ka nj\u00eb pesimiz\u00ebm popullor rreth m\u00ebnyr\u00ebs se si duhet ta b\u00ebsh Berish\u00ebn t\u00eb turp\u00ebrohet.<\/p>\n<p>Por, pavar\u00ebsisht arsyeve t\u00eb forta q\u00eb ai ka n\u00eb kok\u00eb p\u00ebr t\u00eb mos dor\u00ebzuar ask\u00ebnd nga t\u00eb tijt\u00eb p\u00ebrball\u00eb drejt\u00ebsis\u00eb, ai po p\u00ebrpiqet t\u00eb b\u00ebj\u00eb bllof duke folur p\u00ebr heqje imunitetesh. \u00cbsht\u00eb mir\u00eb ta vazhdoj\u00eb k\u00ebt\u00eb shaka, pasi si \u00e7do i s\u00ebmur\u00eb q\u00eb b\u00ebhet mir\u00eb p\u00ebrpara se t\u00eb vdes, dhe pushteti i tij ka nevoj\u00eb t\u00eb duket sikur po sh\u00ebrohet, dhe do t\u00eb vdes\u00eb pik\u00ebrisht nga kjo p\u00ebrpjekje.<\/p>\n","protected":false},"excerpt":{"rendered":"<p>Nga Mero Baze Kryeministri Sali Berisha, i cili duket se ka marr\u00eb zem\u00ebr nga gjunj\u00ebzimi q\u00eb i ka b\u00ebr\u00eb sistemit t\u00eb drejt\u00ebsis\u00eb, foli dje s\u00ebrish p\u00ebr nevoj\u00ebn e heqjes s\u00eb imunitetit p\u00ebr deputet\u00ebt, duke e paraqitur at\u00eb deri m\u00eb sot si nj\u00eb penges\u00eb q\u00eb vjen nga opozita. Pa dashur t\u00eb hyjm\u00eb n\u00eb spiralen e banalitetit, [&hellip;]<\/p>\n","protected":false},"author":1,"featured_media":0,"comment_status":"open","ping_status":"closed","sticky":false,"template":"","format":"standard","meta":{"footnotes":""},"categories":[2],"tags":[],"class_list":{"0":"post-4502","1":"post","2":"type-post","3":"status-publish","4":"format-standard","6":"category-artikuj"},"yoast_head":"<!-- This site is optimized with the Yoast SEO plugin v27.4 - https:\/\/yoast.com\/product\/yoast-seo-wordpress\/ -->\n<title>P\u00ebrse duhet mb\u00ebshtetur seriozisht \u201cshakaja\u201d e Berish\u00ebs p\u00ebr imunitetin - FjALA e LIR\u00cb - Arkivi<\/title>\n<meta name=\"robots\" content=\"index, follow, max-snippet:-1, max-image-preview:large, max-video-preview:-1\" \/>\n<link rel=\"canonical\" href=\"https:\/\/fjala.info\/2009-2015\/perse-duhet-mbeshtetur-seriozisht-shakaja-e-berishes-per-imunitetin\/\" \/>\n<meta property=\"og:locale\" content=\"sq_AL\" \/>\n<meta property=\"og:type\" content=\"article\" \/>\n<meta property=\"og:title\" content=\"P\u00ebrse duhet mb\u00ebshtetur seriozisht \u201cshakaja\u201d e Berish\u00ebs p\u00ebr imunitetin - FjALA e LIR\u00cb - Arkivi\" \/>\n<meta property=\"og:description\" content=\"Nga Mero Baze Kryeministri Sali Berisha, i cili duket se ka marr\u00eb zem\u00ebr nga gjunj\u00ebzimi q\u00eb i ka b\u00ebr\u00eb sistemit t\u00eb drejt\u00ebsis\u00eb, foli dje s\u00ebrish p\u00ebr nevoj\u00ebn e heqjes s\u00eb imunitetit p\u00ebr deputet\u00ebt, duke e paraqitur at\u00eb deri m\u00eb sot si nj\u00eb penges\u00eb q\u00eb vjen nga opozita. Pa dashur t\u00eb hyjm\u00eb n\u00eb spiralen e banalitetit, [&hellip;]\" \/>\n<meta property=\"og:url\" content=\"https:\/\/fjala.info\/2009-2015\/perse-duhet-mbeshtetur-seriozisht-shakaja-e-berishes-per-imunitetin\/\" \/>\n<meta property=\"og:site_name\" content=\"FjALA e LIR\u00cb - Arkivi\" \/>\n<meta property=\"article:published_time\" content=\"2010-10-28T07:56:11+00:00\" \/>\n<meta property=\"og:image\" content=\"http:\/\/fjala.shkoder.net\/wp-content\/uploads\/2010\/10\/mero_baze1.jpg\" \/>\n<meta name=\"author\" content=\"admin\" \/>\n<meta name=\"twitter:card\" content=\"summary_large_image\" \/>\n<meta name=\"twitter:label1\" content=\"Written by\" \/>\n\t<meta name=\"twitter:data1\" content=\"admin\" \/>\n\t<meta name=\"twitter:label2\" content=\"Est. reading time\" \/>\n\t<meta name=\"twitter:data2\" content=\"5 minutes\" \/>\n<script type=\"application\/ld+json\" class=\"yoast-schema-graph\">{\"@context\":\"https:\\\/\\\/schema.org\",\"@graph\":[{\"@type\":\"Article\",\"@id\":\"https:\\\/\\\/fjala.info\\\/2009-2015\\\/perse-duhet-mbeshtetur-seriozisht-shakaja-e-berishes-per-imunitetin\\\/#article\",\"isPartOf\":{\"@id\":\"https:\\\/\\\/fjala.info\\\/2009-2015\\\/perse-duhet-mbeshtetur-seriozisht-shakaja-e-berishes-per-imunitetin\\\/\"},\"author\":{\"name\":\"admin\",\"@id\":\"https:\\\/\\\/fjala.info\\\/2009-2015\\\/#\\\/schema\\\/person\\\/3aa1163ef05469c496fc94e77611ada2\"},\"headline\":\"P\u00ebrse duhet mb\u00ebshtetur seriozisht \u201cshakaja\u201d e Berish\u00ebs p\u00ebr imunitetin\",\"datePublished\":\"2010-10-28T07:56:11+00:00\",\"mainEntityOfPage\":{\"@id\":\"https:\\\/\\\/fjala.info\\\/2009-2015\\\/perse-duhet-mbeshtetur-seriozisht-shakaja-e-berishes-per-imunitetin\\\/\"},\"wordCount\":951,\"commentCount\":0,\"publisher\":{\"@id\":\"https:\\\/\\\/fjala.info\\\/2009-2015\\\/#organization\"},\"image\":{\"@id\":\"https:\\\/\\\/fjala.info\\\/2009-2015\\\/perse-duhet-mbeshtetur-seriozisht-shakaja-e-berishes-per-imunitetin\\\/#primaryimage\"},\"thumbnailUrl\":\"http:\\\/\\\/fjala.shkoder.net\\\/wp-content\\\/uploads\\\/2010\\\/10\\\/mero_baze1.jpg\",\"articleSection\":[\"Artikuj\"],\"inLanguage\":\"sq-AL\",\"potentialAction\":[{\"@type\":\"CommentAction\",\"name\":\"Comment\",\"target\":[\"https:\\\/\\\/fjala.info\\\/2009-2015\\\/perse-duhet-mbeshtetur-seriozisht-shakaja-e-berishes-per-imunitetin\\\/#respond\"]}]},{\"@type\":\"WebPage\",\"@id\":\"https:\\\/\\\/fjala.info\\\/2009-2015\\\/perse-duhet-mbeshtetur-seriozisht-shakaja-e-berishes-per-imunitetin\\\/\",\"url\":\"https:\\\/\\\/fjala.info\\\/2009-2015\\\/perse-duhet-mbeshtetur-seriozisht-shakaja-e-berishes-per-imunitetin\\\/\",\"name\":\"P\u00ebrse duhet mb\u00ebshtetur seriozisht \u201cshakaja\u201d e Berish\u00ebs p\u00ebr imunitetin - FjALA e LIR\u00cb - Arkivi\",\"isPartOf\":{\"@id\":\"https:\\\/\\\/fjala.info\\\/2009-2015\\\/#website\"},\"primaryImageOfPage\":{\"@id\":\"https:\\\/\\\/fjala.info\\\/2009-2015\\\/perse-duhet-mbeshtetur-seriozisht-shakaja-e-berishes-per-imunitetin\\\/#primaryimage\"},\"image\":{\"@id\":\"https:\\\/\\\/fjala.info\\\/2009-2015\\\/perse-duhet-mbeshtetur-seriozisht-shakaja-e-berishes-per-imunitetin\\\/#primaryimage\"},\"thumbnailUrl\":\"http:\\\/\\\/fjala.shkoder.net\\\/wp-content\\\/uploads\\\/2010\\\/10\\\/mero_baze1.jpg\",\"datePublished\":\"2010-10-28T07:56:11+00:00\",\"breadcrumb\":{\"@id\":\"https:\\\/\\\/fjala.info\\\/2009-2015\\\/perse-duhet-mbeshtetur-seriozisht-shakaja-e-berishes-per-imunitetin\\\/#breadcrumb\"},\"inLanguage\":\"sq-AL\",\"potentialAction\":[{\"@type\":\"ReadAction\",\"target\":[\"https:\\\/\\\/fjala.info\\\/2009-2015\\\/perse-duhet-mbeshtetur-seriozisht-shakaja-e-berishes-per-imunitetin\\\/\"]}]},{\"@type\":\"ImageObject\",\"inLanguage\":\"sq-AL\",\"@id\":\"https:\\\/\\\/fjala.info\\\/2009-2015\\\/perse-duhet-mbeshtetur-seriozisht-shakaja-e-berishes-per-imunitetin\\\/#primaryimage\",\"url\":\"http:\\\/\\\/fjala.shkoder.net\\\/wp-content\\\/uploads\\\/2010\\\/10\\\/mero_baze1.jpg\",\"contentUrl\":\"http:\\\/\\\/fjala.shkoder.net\\\/wp-content\\\/uploads\\\/2010\\\/10\\\/mero_baze1.jpg\"},{\"@type\":\"BreadcrumbList\",\"@id\":\"https:\\\/\\\/fjala.info\\\/2009-2015\\\/perse-duhet-mbeshtetur-seriozisht-shakaja-e-berishes-per-imunitetin\\\/#breadcrumb\",\"itemListElement\":[{\"@type\":\"ListItem\",\"position\":1,\"name\":\"Home\",\"item\":\"https:\\\/\\\/fjala.info\\\/2009-2015\\\/\"},{\"@type\":\"ListItem\",\"position\":2,\"name\":\"P\u00ebrse duhet mb\u00ebshtetur seriozisht \u201cshakaja\u201d e Berish\u00ebs p\u00ebr imunitetin\"}]},{\"@type\":\"WebSite\",\"@id\":\"https:\\\/\\\/fjala.info\\\/2009-2015\\\/#website\",\"url\":\"https:\\\/\\\/fjala.info\\\/2009-2015\\\/\",\"name\":\"FjALA e LIR\u00cb - Arkivi\",\"description\":\"Arkivi 2009-2015\",\"publisher\":{\"@id\":\"https:\\\/\\\/fjala.info\\\/2009-2015\\\/#organization\"},\"potentialAction\":[{\"@type\":\"SearchAction\",\"target\":{\"@type\":\"EntryPoint\",\"urlTemplate\":\"https:\\\/\\\/fjala.info\\\/2009-2015\\\/?s={search_term_string}\"},\"query-input\":{\"@type\":\"PropertyValueSpecification\",\"valueRequired\":true,\"valueName\":\"search_term_string\"}}],\"inLanguage\":\"sq-AL\"},{\"@type\":\"Organization\",\"@id\":\"https:\\\/\\\/fjala.info\\\/2009-2015\\\/#organization\",\"name\":\"FjALA e LIR\u00cb - Arkivi\",\"url\":\"https:\\\/\\\/fjala.info\\\/2009-2015\\\/\",\"logo\":{\"@type\":\"ImageObject\",\"inLanguage\":\"sq-AL\",\"@id\":\"https:\\\/\\\/fjala.info\\\/2009-2015\\\/#\\\/schema\\\/logo\\\/image\\\/\",\"url\":\"\",\"contentUrl\":\"\",\"caption\":\"FjALA e LIR\u00cb - Arkivi\"},\"image\":{\"@id\":\"https:\\\/\\\/fjala.info\\\/2009-2015\\\/#\\\/schema\\\/logo\\\/image\\\/\"}},{\"@type\":\"Person\",\"@id\":\"https:\\\/\\\/fjala.info\\\/2009-2015\\\/#\\\/schema\\\/person\\\/3aa1163ef05469c496fc94e77611ada2\",\"name\":\"admin\",\"image\":{\"@type\":\"ImageObject\",\"inLanguage\":\"sq-AL\",\"@id\":\"https:\\\/\\\/fjala.info\\\/2009-2015\\\/wp-content\\\/uploads\\\/2012\\\/02\\\/arben_cokaj-120x150.jpg\",\"url\":\"https:\\\/\\\/fjala.info\\\/2009-2015\\\/wp-content\\\/uploads\\\/2012\\\/02\\\/arben_cokaj-120x150.jpg\",\"contentUrl\":\"https:\\\/\\\/fjala.info\\\/2009-2015\\\/wp-content\\\/uploads\\\/2012\\\/02\\\/arben_cokaj-120x150.jpg\",\"caption\":\"admin\"},\"description\":\"Admin, Fjala e Lir\u00eb\",\"sameAs\":[\"https:\\\/\\\/fjala.info\\\/\"],\"url\":\"https:\\\/\\\/fjala.info\\\/2009-2015\\\/author\\\/admin\\\/\"}]}<\/script>\n<!-- \/ Yoast SEO plugin. -->","yoast_head_json":{"title":"P\u00ebrse duhet mb\u00ebshtetur seriozisht \u201cshakaja\u201d e Berish\u00ebs p\u00ebr imunitetin - FjALA e LIR\u00cb - Arkivi","robots":{"index":"index","follow":"follow","max-snippet":"max-snippet:-1","max-image-preview":"max-image-preview:large","max-video-preview":"max-video-preview:-1"},"canonical":"https:\/\/fjala.info\/2009-2015\/perse-duhet-mbeshtetur-seriozisht-shakaja-e-berishes-per-imunitetin\/","og_locale":"sq_AL","og_type":"article","og_title":"P\u00ebrse duhet mb\u00ebshtetur seriozisht \u201cshakaja\u201d e Berish\u00ebs p\u00ebr imunitetin - FjALA e LIR\u00cb - Arkivi","og_description":"Nga Mero Baze Kryeministri Sali Berisha, i cili duket se ka marr\u00eb zem\u00ebr nga gjunj\u00ebzimi q\u00eb i ka b\u00ebr\u00eb sistemit t\u00eb drejt\u00ebsis\u00eb, foli dje s\u00ebrish p\u00ebr nevoj\u00ebn e heqjes s\u00eb imunitetit p\u00ebr deputet\u00ebt, duke e paraqitur at\u00eb deri m\u00eb sot si nj\u00eb penges\u00eb q\u00eb vjen nga opozita. Pa dashur t\u00eb hyjm\u00eb n\u00eb spiralen e banalitetit, [&hellip;]","og_url":"https:\/\/fjala.info\/2009-2015\/perse-duhet-mbeshtetur-seriozisht-shakaja-e-berishes-per-imunitetin\/","og_site_name":"FjALA e LIR\u00cb - Arkivi","article_published_time":"2010-10-28T07:56:11+00:00","og_image":[{"url":"http:\/\/fjala.shkoder.net\/wp-content\/uploads\/2010\/10\/mero_baze1.jpg","type":"","width":"","height":""}],"author":"admin","twitter_card":"summary_large_image","twitter_misc":{"Written by":"admin","Est. reading time":"5 minutes"},"schema":{"@context":"https:\/\/schema.org","@graph":[{"@type":"Article","@id":"https:\/\/fjala.info\/2009-2015\/perse-duhet-mbeshtetur-seriozisht-shakaja-e-berishes-per-imunitetin\/#article","isPartOf":{"@id":"https:\/\/fjala.info\/2009-2015\/perse-duhet-mbeshtetur-seriozisht-shakaja-e-berishes-per-imunitetin\/"},"author":{"name":"admin","@id":"https:\/\/fjala.info\/2009-2015\/#\/schema\/person\/3aa1163ef05469c496fc94e77611ada2"},"headline":"P\u00ebrse duhet mb\u00ebshtetur seriozisht \u201cshakaja\u201d e Berish\u00ebs p\u00ebr imunitetin","datePublished":"2010-10-28T07:56:11+00:00","mainEntityOfPage":{"@id":"https:\/\/fjala.info\/2009-2015\/perse-duhet-mbeshtetur-seriozisht-shakaja-e-berishes-per-imunitetin\/"},"wordCount":951,"commentCount":0,"publisher":{"@id":"https:\/\/fjala.info\/2009-2015\/#organization"},"image":{"@id":"https:\/\/fjala.info\/2009-2015\/perse-duhet-mbeshtetur-seriozisht-shakaja-e-berishes-per-imunitetin\/#primaryimage"},"thumbnailUrl":"http:\/\/fjala.shkoder.net\/wp-content\/uploads\/2010\/10\/mero_baze1.jpg","articleSection":["Artikuj"],"inLanguage":"sq-AL","potentialAction":[{"@type":"CommentAction","name":"Comment","target":["https:\/\/fjala.info\/2009-2015\/perse-duhet-mbeshtetur-seriozisht-shakaja-e-berishes-per-imunitetin\/#respond"]}]},{"@type":"WebPage","@id":"https:\/\/fjala.info\/2009-2015\/perse-duhet-mbeshtetur-seriozisht-shakaja-e-berishes-per-imunitetin\/","url":"https:\/\/fjala.info\/2009-2015\/perse-duhet-mbeshtetur-seriozisht-shakaja-e-berishes-per-imunitetin\/","name":"P\u00ebrse duhet mb\u00ebshtetur seriozisht \u201cshakaja\u201d e Berish\u00ebs p\u00ebr imunitetin - FjALA e LIR\u00cb - Arkivi","isPartOf":{"@id":"https:\/\/fjala.info\/2009-2015\/#website"},"primaryImageOfPage":{"@id":"https:\/\/fjala.info\/2009-2015\/perse-duhet-mbeshtetur-seriozisht-shakaja-e-berishes-per-imunitetin\/#primaryimage"},"image":{"@id":"https:\/\/fjala.info\/2009-2015\/perse-duhet-mbeshtetur-seriozisht-shakaja-e-berishes-per-imunitetin\/#primaryimage"},"thumbnailUrl":"http:\/\/fjala.shkoder.net\/wp-content\/uploads\/2010\/10\/mero_baze1.jpg","datePublished":"2010-10-28T07:56:11+00:00","breadcrumb":{"@id":"https:\/\/fjala.info\/2009-2015\/perse-duhet-mbeshtetur-seriozisht-shakaja-e-berishes-per-imunitetin\/#breadcrumb"},"inLanguage":"sq-AL","potentialAction":[{"@type":"ReadAction","target":["https:\/\/fjala.info\/2009-2015\/perse-duhet-mbeshtetur-seriozisht-shakaja-e-berishes-per-imunitetin\/"]}]},{"@type":"ImageObject","inLanguage":"sq-AL","@id":"https:\/\/fjala.info\/2009-2015\/perse-duhet-mbeshtetur-seriozisht-shakaja-e-berishes-per-imunitetin\/#primaryimage","url":"http:\/\/fjala.shkoder.net\/wp-content\/uploads\/2010\/10\/mero_baze1.jpg","contentUrl":"http:\/\/fjala.shkoder.net\/wp-content\/uploads\/2010\/10\/mero_baze1.jpg"},{"@type":"BreadcrumbList","@id":"https:\/\/fjala.info\/2009-2015\/perse-duhet-mbeshtetur-seriozisht-shakaja-e-berishes-per-imunitetin\/#breadcrumb","itemListElement":[{"@type":"ListItem","position":1,"name":"Home","item":"https:\/\/fjala.info\/2009-2015\/"},{"@type":"ListItem","position":2,"name":"P\u00ebrse duhet mb\u00ebshtetur seriozisht \u201cshakaja\u201d e Berish\u00ebs p\u00ebr imunitetin"}]},{"@type":"WebSite","@id":"https:\/\/fjala.info\/2009-2015\/#website","url":"https:\/\/fjala.info\/2009-2015\/","name":"FjALA e LIR\u00cb - Arkivi","description":"Arkivi 2009-2015","publisher":{"@id":"https:\/\/fjala.info\/2009-2015\/#organization"},"potentialAction":[{"@type":"SearchAction","target":{"@type":"EntryPoint","urlTemplate":"https:\/\/fjala.info\/2009-2015\/?s={search_term_string}"},"query-input":{"@type":"PropertyValueSpecification","valueRequired":true,"valueName":"search_term_string"}}],"inLanguage":"sq-AL"},{"@type":"Organization","@id":"https:\/\/fjala.info\/2009-2015\/#organization","name":"FjALA e LIR\u00cb - Arkivi","url":"https:\/\/fjala.info\/2009-2015\/","logo":{"@type":"ImageObject","inLanguage":"sq-AL","@id":"https:\/\/fjala.info\/2009-2015\/#\/schema\/logo\/image\/","url":"","contentUrl":"","caption":"FjALA e LIR\u00cb - Arkivi"},"image":{"@id":"https:\/\/fjala.info\/2009-2015\/#\/schema\/logo\/image\/"}},{"@type":"Person","@id":"https:\/\/fjala.info\/2009-2015\/#\/schema\/person\/3aa1163ef05469c496fc94e77611ada2","name":"admin","image":{"@type":"ImageObject","inLanguage":"sq-AL","@id":"https:\/\/fjala.info\/2009-2015\/wp-content\/uploads\/2012\/02\/arben_cokaj-120x150.jpg","url":"https:\/\/fjala.info\/2009-2015\/wp-content\/uploads\/2012\/02\/arben_cokaj-120x150.jpg","contentUrl":"https:\/\/fjala.info\/2009-2015\/wp-content\/uploads\/2012\/02\/arben_cokaj-120x150.jpg","caption":"admin"},"description":"Admin, Fjala e Lir\u00eb","sameAs":["https:\/\/fjala.info\/"],"url":"https:\/\/fjala.info\/2009-2015\/author\/admin\/"}]}},"_links":{"self":[{"href":"https:\/\/fjala.info\/2009-2015\/wp-json\/wp\/v2\/posts\/4502","targetHints":{"allow":["GET"]}}],"collection":[{"href":"https:\/\/fjala.info\/2009-2015\/wp-json\/wp\/v2\/posts"}],"about":[{"href":"https:\/\/fjala.info\/2009-2015\/wp-json\/wp\/v2\/types\/post"}],"author":[{"embeddable":true,"href":"https:\/\/fjala.info\/2009-2015\/wp-json\/wp\/v2\/users\/1"}],"replies":[{"embeddable":true,"href":"https:\/\/fjala.info\/2009-2015\/wp-json\/wp\/v2\/comments?post=4502"}],"version-history":[{"count":0,"href":"https:\/\/fjala.info\/2009-2015\/wp-json\/wp\/v2\/posts\/4502\/revisions"}],"wp:attachment":[{"href":"https:\/\/fjala.info\/2009-2015\/wp-json\/wp\/v2\/media?parent=4502"}],"wp:term":[{"taxonomy":"category","embeddable":true,"href":"https:\/\/fjala.info\/2009-2015\/wp-json\/wp\/v2\/categories?post=4502"},{"taxonomy":"post_tag","embeddable":true,"href":"https:\/\/fjala.info\/2009-2015\/wp-json\/wp\/v2\/tags?post=4502"}],"curies":[{"name":"wp","href":"https:\/\/api.w.org\/{rel}","templated":true}]}}