{"id":4499,"date":"2012-08-18T15:04:42","date_gmt":"2012-08-18T14:04:42","guid":{"rendered":"http:\/\/www.fjala.info\/?p=4499"},"modified":"2012-08-18T15:04:42","modified_gmt":"2012-08-18T14:04:42","slug":"klosi-e-gjoni-berisha-mund-te-beje-gjera-te-tmerrshme-me-visho-liken-shehu-lika-zyrtar-dinjitoz","status":"publish","type":"post","link":"https:\/\/fjala.info\/2009-2015\/klosi-e-gjoni-berisha-mund-te-beje-gjera-te-tmerrshme-me-visho-liken-shehu-lika-zyrtar-dinjitoz\/","title":{"rendered":"Klosi e Gjoni: Berisha mund t\u00eb b\u00ebj\u00eb gj\u00ebra t\u00eb tmerrshme me Visho Lik\u00ebn. Shehu: Lika, zyrtar dinjitoz"},"content":{"rendered":"<p><img decoding=\"async\" class=\"alignright size-thumbnail wp-image-7236\" title=\"Visho Ajazi\" src=\"http:\/\/www.fjala.info\/2012\/visho_ajazi.jpg\" alt=\"\" width=\"200\" \/> <strong>TemA Online<\/strong>, <em>18 Gusht 2012<\/em><\/p>\n<p>Vendimi i Presidentit shqiptar Bujar Nishani p\u00ebr t\u00eb shkarkuar kreun e sh\u00ebrbimeve informativ\u00eb e p\u00ebr t\u00eb em\u00ebruar z\u00ebvend\u00ebs\/ministrin e Novacionit, Visho Ajazi Lika n\u00eb funksion, po kritikohet si nj\u00eb zaptim i institucionit t\u00eb sh\u00ebrbimit t\u00eb fsheht\u00eb.<\/p>\n<p>Sipas mediave shqiptare, Bahri Shaqiri m\u00ebsoi p\u00ebr shkarkimin e tij t\u00eb 9 gushtit si kreu i Sh\u00ebrbimit t\u00eb Informacionit Shtet\u00ebror (SHISH) shqiptar nga lajmet e radios nd\u00ebrsa ishte me pushime.<\/p>\n<p>Kryeministri Sali Berisha e propozoi Lik\u00ebn p\u00ebr funksionin e Nishani e miratoi pa nj\u00eb debat publik.<\/p>\n<p>N\u00eb t\u00eb kaluar\u00ebn, Berisha kishte akuzuar Shaqirin p\u00ebr bashk\u00ebpunim me socialist\u00ebt, duke e identifikuar at\u00eb si nj\u00eb nga organizator\u00ebt e p\u00ebrpjekjes p\u00ebr rr\u00ebzimin e qeveris\u00eb vitin e kaluar. N\u00eb fillim t\u00eb 2011-t\u00ebs, kat\u00ebr protestues u vran\u00eb nga garda e republik\u00ebs n\u00eb nj\u00eb demonstrim t\u00eb dhunsh\u00ebm p\u00ebrpara zyr\u00ebs s\u00eb kryeministrit.<\/p>\n<p>Lika mbajti funksionin e drejtorit t\u00eb sh\u00ebrbimit informativ t\u00eb jasht\u00ebm mes 1994-tr\u00ebs e 1997-t\u00ebs, kur Partia Socialiste akuzoi Berish\u00ebn p\u00ebr dhun\u00eb, spiunim e mashtrim zgjedhor.<\/p>\n<p>Ilir Gjoni, z\u00ebvend\u00ebs\/kryetar i komitetit parlamentar t\u00eb siguris\u00eb komb\u00ebtare e an\u00ebtar socialist i parlamentit, tha se ishte i shqet\u00ebsuar se Berisha mund t\u00eb keqp\u00ebrdorte p\u00ebrs\u00ebri SHISH-in p\u00ebr manipulim votash.<\/p>\n<p>\u201cNj\u00eb vit p\u00ebrpara zgjedhjeve parlamentare t\u00eb 2013, Berisha ka nevoj\u00eb p\u00ebr nj\u00eb dordolec si ai [Lika]. Gjith\u00e7ka q\u00eb po ndodh sot ka ndodhur tashm\u00eb mes 1992-shit e 1997-t\u00ebs. Me k\u00ebt\u00eb shkarkim t\u00eb turpshme t\u00eb kreut t\u00eb SHISH-it, Berisha e Nishani po d\u00ebrgojn\u00eb nj\u00eb mesazh ogurzi p\u00ebr vendin,\u201d tha Gjoni p\u00ebr SETimes .<\/p>\n<p>Ish-kreu i SHISH-it Fatos Klosi ndan t\u00eb nj\u00ebjtat shqet\u00ebsime. \u201cBerisha u p\u00ebrpoq t\u00eb kontrolloj\u00eb SHISH-in shtat\u00eb vjet m\u00eb par\u00eb, por e arriti k\u00ebt\u00eb vet\u00ebm tani \u2026 Berisha d\u00ebshiron q\u00eb t\u00eb ket\u00eb njeriun e tij n\u00eb SHISH e s\u00eb bashku, mendoj, do t\u00eb b\u00ebjn\u00eb gj\u00ebra t\u00eb tmerrshme. Duhet t\u00eb jemi t\u00eb shqet\u00ebsuar\u201d.<\/p>\n<p>Qeveria shqiptare megjithat\u00eb, e afirmoi kreun e ri t\u00eb SHISH-it. \u201cKy em\u00ebrim u b\u00eb n\u00eb p\u00ebrputhje t\u00eb plot\u00eb me kushtetut\u00ebn e ligjet e vendit,\u201d tha Majlinda Bregu, z\u00ebdh\u00ebn\u00ebse e qeveris\u00eb e ministre e integrimit.<\/p>\n<p>Lika, q\u00eb m\u00eb par\u00eb punoi si nj\u00eb diplomat, mori lavd\u00ebrime nga Tritan Shehu, ish-minist\u00ebr i pun\u00ebve t\u00eb jashtme.<\/p>\n<p>\u201cE njoh si nj\u00eb zyrtar q\u00eb punon me sakt\u00ebsi e kryen detyr\u00ebn e tij me dinjitet e profesionaliz\u00ebm. Si nj\u00eb zyrtar ai respekton procedurat ligjore,\u201d tha Shehu p\u00ebr SETimes .<\/p>\n","protected":false},"excerpt":{"rendered":"<p>TemA Online, 18 Gusht 2012 Vendimi i Presidentit shqiptar Bujar Nishani p\u00ebr t\u00eb shkarkuar kreun e sh\u00ebrbimeve informativ\u00eb e p\u00ebr t\u00eb em\u00ebruar z\u00ebvend\u00ebs\/ministrin e Novacionit, Visho Ajazi Lika n\u00eb funksion, po kritikohet si nj\u00eb zaptim i institucionit t\u00eb sh\u00ebrbimit t\u00eb fsheht\u00eb. Sipas mediave shqiptare, Bahri Shaqiri m\u00ebsoi p\u00ebr shkarkimin e tij t\u00eb 9 gushtit si [&hellip;]<\/p>\n","protected":false},"author":1,"featured_media":0,"comment_status":"open","ping_status":"closed","sticky":false,"template":"","format":"standard","meta":{"footnotes":""},"categories":[2],"tags":[],"class_list":{"0":"post-4499","1":"post","2":"type-post","3":"status-publish","4":"format-standard","6":"category-artikuj"},"yoast_head":"<!-- This site is optimized with the Yoast SEO plugin v27.4 - https:\/\/yoast.com\/product\/yoast-seo-wordpress\/ -->\n<title>Klosi e Gjoni: Berisha mund t\u00eb b\u00ebj\u00eb gj\u00ebra t\u00eb tmerrshme me Visho Lik\u00ebn. Shehu: Lika, zyrtar dinjitoz - FjALA e LIR\u00cb - Arkivi<\/title>\n<meta name=\"robots\" content=\"index, follow, max-snippet:-1, max-image-preview:large, max-video-preview:-1\" \/>\n<link rel=\"canonical\" href=\"https:\/\/fjala.info\/2009-2015\/klosi-e-gjoni-berisha-mund-te-beje-gjera-te-tmerrshme-me-visho-liken-shehu-lika-zyrtar-dinjitoz\/\" \/>\n<meta property=\"og:locale\" content=\"sq_AL\" \/>\n<meta property=\"og:type\" content=\"article\" \/>\n<meta property=\"og:title\" content=\"Klosi e Gjoni: Berisha mund t\u00eb b\u00ebj\u00eb gj\u00ebra t\u00eb tmerrshme me Visho Lik\u00ebn. Shehu: Lika, zyrtar dinjitoz - FjALA e LIR\u00cb - Arkivi\" \/>\n<meta property=\"og:description\" content=\"TemA Online, 18 Gusht 2012 Vendimi i Presidentit shqiptar Bujar Nishani p\u00ebr t\u00eb shkarkuar kreun e sh\u00ebrbimeve informativ\u00eb e p\u00ebr t\u00eb em\u00ebruar z\u00ebvend\u00ebs\/ministrin e Novacionit, Visho Ajazi Lika n\u00eb funksion, po kritikohet si nj\u00eb zaptim i institucionit t\u00eb sh\u00ebrbimit t\u00eb fsheht\u00eb. Sipas mediave shqiptare, Bahri Shaqiri m\u00ebsoi p\u00ebr shkarkimin e tij t\u00eb 9 gushtit si [&hellip;]\" \/>\n<meta property=\"og:url\" content=\"https:\/\/fjala.info\/2009-2015\/klosi-e-gjoni-berisha-mund-te-beje-gjera-te-tmerrshme-me-visho-liken-shehu-lika-zyrtar-dinjitoz\/\" \/>\n<meta property=\"og:site_name\" content=\"FjALA e LIR\u00cb - Arkivi\" \/>\n<meta property=\"article:published_time\" content=\"2012-08-18T14:04:42+00:00\" \/>\n<meta property=\"og:image\" content=\"http:\/\/www.fjala.info\/2012\/visho_ajazi.jpg\" \/>\n<meta name=\"author\" content=\"admin\" \/>\n<meta name=\"twitter:card\" content=\"summary_large_image\" \/>\n<meta name=\"twitter:label1\" content=\"Written by\" \/>\n\t<meta name=\"twitter:data1\" content=\"admin\" \/>\n\t<meta name=\"twitter:label2\" content=\"Est. reading time\" \/>\n\t<meta name=\"twitter:data2\" content=\"2 minutes\" \/>\n<script type=\"application\/ld+json\" class=\"yoast-schema-graph\">{\"@context\":\"https:\\\/\\\/schema.org\",\"@graph\":[{\"@type\":\"Article\",\"@id\":\"https:\\\/\\\/fjala.info\\\/2009-2015\\\/klosi-e-gjoni-berisha-mund-te-beje-gjera-te-tmerrshme-me-visho-liken-shehu-lika-zyrtar-dinjitoz\\\/#article\",\"isPartOf\":{\"@id\":\"https:\\\/\\\/fjala.info\\\/2009-2015\\\/klosi-e-gjoni-berisha-mund-te-beje-gjera-te-tmerrshme-me-visho-liken-shehu-lika-zyrtar-dinjitoz\\\/\"},\"author\":{\"name\":\"admin\",\"@id\":\"https:\\\/\\\/fjala.info\\\/2009-2015\\\/#\\\/schema\\\/person\\\/3aa1163ef05469c496fc94e77611ada2\"},\"headline\":\"Klosi e Gjoni: Berisha mund t\u00eb b\u00ebj\u00eb gj\u00ebra t\u00eb tmerrshme me Visho Lik\u00ebn. Shehu: Lika, zyrtar dinjitoz\",\"datePublished\":\"2012-08-18T14:04:42+00:00\",\"mainEntityOfPage\":{\"@id\":\"https:\\\/\\\/fjala.info\\\/2009-2015\\\/klosi-e-gjoni-berisha-mund-te-beje-gjera-te-tmerrshme-me-visho-liken-shehu-lika-zyrtar-dinjitoz\\\/\"},\"wordCount\":463,\"commentCount\":0,\"publisher\":{\"@id\":\"https:\\\/\\\/fjala.info\\\/2009-2015\\\/#organization\"},\"image\":{\"@id\":\"https:\\\/\\\/fjala.info\\\/2009-2015\\\/klosi-e-gjoni-berisha-mund-te-beje-gjera-te-tmerrshme-me-visho-liken-shehu-lika-zyrtar-dinjitoz\\\/#primaryimage\"},\"thumbnailUrl\":\"http:\\\/\\\/www.fjala.info\\\/2012\\\/visho_ajazi.jpg\",\"articleSection\":[\"Artikuj\"],\"inLanguage\":\"sq-AL\",\"potentialAction\":[{\"@type\":\"CommentAction\",\"name\":\"Comment\",\"target\":[\"https:\\\/\\\/fjala.info\\\/2009-2015\\\/klosi-e-gjoni-berisha-mund-te-beje-gjera-te-tmerrshme-me-visho-liken-shehu-lika-zyrtar-dinjitoz\\\/#respond\"]}]},{\"@type\":\"WebPage\",\"@id\":\"https:\\\/\\\/fjala.info\\\/2009-2015\\\/klosi-e-gjoni-berisha-mund-te-beje-gjera-te-tmerrshme-me-visho-liken-shehu-lika-zyrtar-dinjitoz\\\/\",\"url\":\"https:\\\/\\\/fjala.info\\\/2009-2015\\\/klosi-e-gjoni-berisha-mund-te-beje-gjera-te-tmerrshme-me-visho-liken-shehu-lika-zyrtar-dinjitoz\\\/\",\"name\":\"Klosi e Gjoni: Berisha mund t\u00eb b\u00ebj\u00eb gj\u00ebra t\u00eb tmerrshme me Visho Lik\u00ebn. Shehu: Lika, zyrtar dinjitoz - FjALA e LIR\u00cb - Arkivi\",\"isPartOf\":{\"@id\":\"https:\\\/\\\/fjala.info\\\/2009-2015\\\/#website\"},\"primaryImageOfPage\":{\"@id\":\"https:\\\/\\\/fjala.info\\\/2009-2015\\\/klosi-e-gjoni-berisha-mund-te-beje-gjera-te-tmerrshme-me-visho-liken-shehu-lika-zyrtar-dinjitoz\\\/#primaryimage\"},\"image\":{\"@id\":\"https:\\\/\\\/fjala.info\\\/2009-2015\\\/klosi-e-gjoni-berisha-mund-te-beje-gjera-te-tmerrshme-me-visho-liken-shehu-lika-zyrtar-dinjitoz\\\/#primaryimage\"},\"thumbnailUrl\":\"http:\\\/\\\/www.fjala.info\\\/2012\\\/visho_ajazi.jpg\",\"datePublished\":\"2012-08-18T14:04:42+00:00\",\"breadcrumb\":{\"@id\":\"https:\\\/\\\/fjala.info\\\/2009-2015\\\/klosi-e-gjoni-berisha-mund-te-beje-gjera-te-tmerrshme-me-visho-liken-shehu-lika-zyrtar-dinjitoz\\\/#breadcrumb\"},\"inLanguage\":\"sq-AL\",\"potentialAction\":[{\"@type\":\"ReadAction\",\"target\":[\"https:\\\/\\\/fjala.info\\\/2009-2015\\\/klosi-e-gjoni-berisha-mund-te-beje-gjera-te-tmerrshme-me-visho-liken-shehu-lika-zyrtar-dinjitoz\\\/\"]}]},{\"@type\":\"ImageObject\",\"inLanguage\":\"sq-AL\",\"@id\":\"https:\\\/\\\/fjala.info\\\/2009-2015\\\/klosi-e-gjoni-berisha-mund-te-beje-gjera-te-tmerrshme-me-visho-liken-shehu-lika-zyrtar-dinjitoz\\\/#primaryimage\",\"url\":\"http:\\\/\\\/www.fjala.info\\\/2012\\\/visho_ajazi.jpg\",\"contentUrl\":\"http:\\\/\\\/www.fjala.info\\\/2012\\\/visho_ajazi.jpg\"},{\"@type\":\"BreadcrumbList\",\"@id\":\"https:\\\/\\\/fjala.info\\\/2009-2015\\\/klosi-e-gjoni-berisha-mund-te-beje-gjera-te-tmerrshme-me-visho-liken-shehu-lika-zyrtar-dinjitoz\\\/#breadcrumb\",\"itemListElement\":[{\"@type\":\"ListItem\",\"position\":1,\"name\":\"Home\",\"item\":\"https:\\\/\\\/fjala.info\\\/2009-2015\\\/\"},{\"@type\":\"ListItem\",\"position\":2,\"name\":\"Klosi e Gjoni: Berisha mund t\u00eb b\u00ebj\u00eb gj\u00ebra t\u00eb tmerrshme me Visho Lik\u00ebn. Shehu: Lika, zyrtar dinjitoz\"}]},{\"@type\":\"WebSite\",\"@id\":\"https:\\\/\\\/fjala.info\\\/2009-2015\\\/#website\",\"url\":\"https:\\\/\\\/fjala.info\\\/2009-2015\\\/\",\"name\":\"FjALA e LIR\u00cb - Arkivi\",\"description\":\"Arkivi 2009-2015\",\"publisher\":{\"@id\":\"https:\\\/\\\/fjala.info\\\/2009-2015\\\/#organization\"},\"potentialAction\":[{\"@type\":\"SearchAction\",\"target\":{\"@type\":\"EntryPoint\",\"urlTemplate\":\"https:\\\/\\\/fjala.info\\\/2009-2015\\\/?s={search_term_string}\"},\"query-input\":{\"@type\":\"PropertyValueSpecification\",\"valueRequired\":true,\"valueName\":\"search_term_string\"}}],\"inLanguage\":\"sq-AL\"},{\"@type\":\"Organization\",\"@id\":\"https:\\\/\\\/fjala.info\\\/2009-2015\\\/#organization\",\"name\":\"FjALA e LIR\u00cb - Arkivi\",\"url\":\"https:\\\/\\\/fjala.info\\\/2009-2015\\\/\",\"logo\":{\"@type\":\"ImageObject\",\"inLanguage\":\"sq-AL\",\"@id\":\"https:\\\/\\\/fjala.info\\\/2009-2015\\\/#\\\/schema\\\/logo\\\/image\\\/\",\"url\":\"\",\"contentUrl\":\"\",\"caption\":\"FjALA e LIR\u00cb - Arkivi\"},\"image\":{\"@id\":\"https:\\\/\\\/fjala.info\\\/2009-2015\\\/#\\\/schema\\\/logo\\\/image\\\/\"}},{\"@type\":\"Person\",\"@id\":\"https:\\\/\\\/fjala.info\\\/2009-2015\\\/#\\\/schema\\\/person\\\/3aa1163ef05469c496fc94e77611ada2\",\"name\":\"admin\",\"image\":{\"@type\":\"ImageObject\",\"inLanguage\":\"sq-AL\",\"@id\":\"https:\\\/\\\/fjala.info\\\/2009-2015\\\/wp-content\\\/uploads\\\/2012\\\/02\\\/arben_cokaj-120x150.jpg\",\"url\":\"https:\\\/\\\/fjala.info\\\/2009-2015\\\/wp-content\\\/uploads\\\/2012\\\/02\\\/arben_cokaj-120x150.jpg\",\"contentUrl\":\"https:\\\/\\\/fjala.info\\\/2009-2015\\\/wp-content\\\/uploads\\\/2012\\\/02\\\/arben_cokaj-120x150.jpg\",\"caption\":\"admin\"},\"description\":\"Admin, Fjala e Lir\u00eb\",\"sameAs\":[\"https:\\\/\\\/fjala.info\\\/\"],\"url\":\"https:\\\/\\\/fjala.info\\\/2009-2015\\\/author\\\/admin\\\/\"}]}<\/script>\n<!-- \/ Yoast SEO plugin. -->","yoast_head_json":{"title":"Klosi e Gjoni: Berisha mund t\u00eb b\u00ebj\u00eb gj\u00ebra t\u00eb tmerrshme me Visho Lik\u00ebn. Shehu: Lika, zyrtar dinjitoz - FjALA e LIR\u00cb - Arkivi","robots":{"index":"index","follow":"follow","max-snippet":"max-snippet:-1","max-image-preview":"max-image-preview:large","max-video-preview":"max-video-preview:-1"},"canonical":"https:\/\/fjala.info\/2009-2015\/klosi-e-gjoni-berisha-mund-te-beje-gjera-te-tmerrshme-me-visho-liken-shehu-lika-zyrtar-dinjitoz\/","og_locale":"sq_AL","og_type":"article","og_title":"Klosi e Gjoni: Berisha mund t\u00eb b\u00ebj\u00eb gj\u00ebra t\u00eb tmerrshme me Visho Lik\u00ebn. Shehu: Lika, zyrtar dinjitoz - FjALA e LIR\u00cb - Arkivi","og_description":"TemA Online, 18 Gusht 2012 Vendimi i Presidentit shqiptar Bujar Nishani p\u00ebr t\u00eb shkarkuar kreun e sh\u00ebrbimeve informativ\u00eb e p\u00ebr t\u00eb em\u00ebruar z\u00ebvend\u00ebs\/ministrin e Novacionit, Visho Ajazi Lika n\u00eb funksion, po kritikohet si nj\u00eb zaptim i institucionit t\u00eb sh\u00ebrbimit t\u00eb fsheht\u00eb. Sipas mediave shqiptare, Bahri Shaqiri m\u00ebsoi p\u00ebr shkarkimin e tij t\u00eb 9 gushtit si [&hellip;]","og_url":"https:\/\/fjala.info\/2009-2015\/klosi-e-gjoni-berisha-mund-te-beje-gjera-te-tmerrshme-me-visho-liken-shehu-lika-zyrtar-dinjitoz\/","og_site_name":"FjALA e LIR\u00cb - Arkivi","article_published_time":"2012-08-18T14:04:42+00:00","og_image":[{"url":"http:\/\/www.fjala.info\/2012\/visho_ajazi.jpg","type":"","width":"","height":""}],"author":"admin","twitter_card":"summary_large_image","twitter_misc":{"Written by":"admin","Est. reading time":"2 minutes"},"schema":{"@context":"https:\/\/schema.org","@graph":[{"@type":"Article","@id":"https:\/\/fjala.info\/2009-2015\/klosi-e-gjoni-berisha-mund-te-beje-gjera-te-tmerrshme-me-visho-liken-shehu-lika-zyrtar-dinjitoz\/#article","isPartOf":{"@id":"https:\/\/fjala.info\/2009-2015\/klosi-e-gjoni-berisha-mund-te-beje-gjera-te-tmerrshme-me-visho-liken-shehu-lika-zyrtar-dinjitoz\/"},"author":{"name":"admin","@id":"https:\/\/fjala.info\/2009-2015\/#\/schema\/person\/3aa1163ef05469c496fc94e77611ada2"},"headline":"Klosi e Gjoni: Berisha mund t\u00eb b\u00ebj\u00eb gj\u00ebra t\u00eb tmerrshme me Visho Lik\u00ebn. Shehu: Lika, zyrtar dinjitoz","datePublished":"2012-08-18T14:04:42+00:00","mainEntityOfPage":{"@id":"https:\/\/fjala.info\/2009-2015\/klosi-e-gjoni-berisha-mund-te-beje-gjera-te-tmerrshme-me-visho-liken-shehu-lika-zyrtar-dinjitoz\/"},"wordCount":463,"commentCount":0,"publisher":{"@id":"https:\/\/fjala.info\/2009-2015\/#organization"},"image":{"@id":"https:\/\/fjala.info\/2009-2015\/klosi-e-gjoni-berisha-mund-te-beje-gjera-te-tmerrshme-me-visho-liken-shehu-lika-zyrtar-dinjitoz\/#primaryimage"},"thumbnailUrl":"http:\/\/www.fjala.info\/2012\/visho_ajazi.jpg","articleSection":["Artikuj"],"inLanguage":"sq-AL","potentialAction":[{"@type":"CommentAction","name":"Comment","target":["https:\/\/fjala.info\/2009-2015\/klosi-e-gjoni-berisha-mund-te-beje-gjera-te-tmerrshme-me-visho-liken-shehu-lika-zyrtar-dinjitoz\/#respond"]}]},{"@type":"WebPage","@id":"https:\/\/fjala.info\/2009-2015\/klosi-e-gjoni-berisha-mund-te-beje-gjera-te-tmerrshme-me-visho-liken-shehu-lika-zyrtar-dinjitoz\/","url":"https:\/\/fjala.info\/2009-2015\/klosi-e-gjoni-berisha-mund-te-beje-gjera-te-tmerrshme-me-visho-liken-shehu-lika-zyrtar-dinjitoz\/","name":"Klosi e Gjoni: Berisha mund t\u00eb b\u00ebj\u00eb gj\u00ebra t\u00eb tmerrshme me Visho Lik\u00ebn. Shehu: Lika, zyrtar dinjitoz - FjALA e LIR\u00cb - Arkivi","isPartOf":{"@id":"https:\/\/fjala.info\/2009-2015\/#website"},"primaryImageOfPage":{"@id":"https:\/\/fjala.info\/2009-2015\/klosi-e-gjoni-berisha-mund-te-beje-gjera-te-tmerrshme-me-visho-liken-shehu-lika-zyrtar-dinjitoz\/#primaryimage"},"image":{"@id":"https:\/\/fjala.info\/2009-2015\/klosi-e-gjoni-berisha-mund-te-beje-gjera-te-tmerrshme-me-visho-liken-shehu-lika-zyrtar-dinjitoz\/#primaryimage"},"thumbnailUrl":"http:\/\/www.fjala.info\/2012\/visho_ajazi.jpg","datePublished":"2012-08-18T14:04:42+00:00","breadcrumb":{"@id":"https:\/\/fjala.info\/2009-2015\/klosi-e-gjoni-berisha-mund-te-beje-gjera-te-tmerrshme-me-visho-liken-shehu-lika-zyrtar-dinjitoz\/#breadcrumb"},"inLanguage":"sq-AL","potentialAction":[{"@type":"ReadAction","target":["https:\/\/fjala.info\/2009-2015\/klosi-e-gjoni-berisha-mund-te-beje-gjera-te-tmerrshme-me-visho-liken-shehu-lika-zyrtar-dinjitoz\/"]}]},{"@type":"ImageObject","inLanguage":"sq-AL","@id":"https:\/\/fjala.info\/2009-2015\/klosi-e-gjoni-berisha-mund-te-beje-gjera-te-tmerrshme-me-visho-liken-shehu-lika-zyrtar-dinjitoz\/#primaryimage","url":"http:\/\/www.fjala.info\/2012\/visho_ajazi.jpg","contentUrl":"http:\/\/www.fjala.info\/2012\/visho_ajazi.jpg"},{"@type":"BreadcrumbList","@id":"https:\/\/fjala.info\/2009-2015\/klosi-e-gjoni-berisha-mund-te-beje-gjera-te-tmerrshme-me-visho-liken-shehu-lika-zyrtar-dinjitoz\/#breadcrumb","itemListElement":[{"@type":"ListItem","position":1,"name":"Home","item":"https:\/\/fjala.info\/2009-2015\/"},{"@type":"ListItem","position":2,"name":"Klosi e Gjoni: Berisha mund t\u00eb b\u00ebj\u00eb gj\u00ebra t\u00eb tmerrshme me Visho Lik\u00ebn. Shehu: Lika, zyrtar dinjitoz"}]},{"@type":"WebSite","@id":"https:\/\/fjala.info\/2009-2015\/#website","url":"https:\/\/fjala.info\/2009-2015\/","name":"FjALA e LIR\u00cb - Arkivi","description":"Arkivi 2009-2015","publisher":{"@id":"https:\/\/fjala.info\/2009-2015\/#organization"},"potentialAction":[{"@type":"SearchAction","target":{"@type":"EntryPoint","urlTemplate":"https:\/\/fjala.info\/2009-2015\/?s={search_term_string}"},"query-input":{"@type":"PropertyValueSpecification","valueRequired":true,"valueName":"search_term_string"}}],"inLanguage":"sq-AL"},{"@type":"Organization","@id":"https:\/\/fjala.info\/2009-2015\/#organization","name":"FjALA e LIR\u00cb - Arkivi","url":"https:\/\/fjala.info\/2009-2015\/","logo":{"@type":"ImageObject","inLanguage":"sq-AL","@id":"https:\/\/fjala.info\/2009-2015\/#\/schema\/logo\/image\/","url":"","contentUrl":"","caption":"FjALA e LIR\u00cb - Arkivi"},"image":{"@id":"https:\/\/fjala.info\/2009-2015\/#\/schema\/logo\/image\/"}},{"@type":"Person","@id":"https:\/\/fjala.info\/2009-2015\/#\/schema\/person\/3aa1163ef05469c496fc94e77611ada2","name":"admin","image":{"@type":"ImageObject","inLanguage":"sq-AL","@id":"https:\/\/fjala.info\/2009-2015\/wp-content\/uploads\/2012\/02\/arben_cokaj-120x150.jpg","url":"https:\/\/fjala.info\/2009-2015\/wp-content\/uploads\/2012\/02\/arben_cokaj-120x150.jpg","contentUrl":"https:\/\/fjala.info\/2009-2015\/wp-content\/uploads\/2012\/02\/arben_cokaj-120x150.jpg","caption":"admin"},"description":"Admin, Fjala e Lir\u00eb","sameAs":["https:\/\/fjala.info\/"],"url":"https:\/\/fjala.info\/2009-2015\/author\/admin\/"}]}},"_links":{"self":[{"href":"https:\/\/fjala.info\/2009-2015\/wp-json\/wp\/v2\/posts\/4499","targetHints":{"allow":["GET"]}}],"collection":[{"href":"https:\/\/fjala.info\/2009-2015\/wp-json\/wp\/v2\/posts"}],"about":[{"href":"https:\/\/fjala.info\/2009-2015\/wp-json\/wp\/v2\/types\/post"}],"author":[{"embeddable":true,"href":"https:\/\/fjala.info\/2009-2015\/wp-json\/wp\/v2\/users\/1"}],"replies":[{"embeddable":true,"href":"https:\/\/fjala.info\/2009-2015\/wp-json\/wp\/v2\/comments?post=4499"}],"version-history":[{"count":0,"href":"https:\/\/fjala.info\/2009-2015\/wp-json\/wp\/v2\/posts\/4499\/revisions"}],"wp:attachment":[{"href":"https:\/\/fjala.info\/2009-2015\/wp-json\/wp\/v2\/media?parent=4499"}],"wp:term":[{"taxonomy":"category","embeddable":true,"href":"https:\/\/fjala.info\/2009-2015\/wp-json\/wp\/v2\/categories?post=4499"},{"taxonomy":"post_tag","embeddable":true,"href":"https:\/\/fjala.info\/2009-2015\/wp-json\/wp\/v2\/tags?post=4499"}],"curies":[{"name":"wp","href":"https:\/\/api.w.org\/{rel}","templated":true}]}}