{"id":4497,"date":"2010-10-27T22:29:45","date_gmt":"2010-10-27T21:29:45","guid":{"rendered":"http:\/\/fjala.shkoder.net\/?p=4497"},"modified":"2010-10-27T22:29:45","modified_gmt":"2010-10-27T21:29:45","slug":"versioni-aktual-dhe-real-i-te-jetuarit-ne-ishull","status":"publish","type":"post","link":"https:\/\/fjala.info\/2009-2015\/versioni-aktual-dhe-real-i-te-jetuarit-ne-ishull\/","title":{"rendered":"Versioni aktual dhe real i t\u00eb jetuarit n\u00eb ishull"},"content":{"rendered":"<p><img loading=\"lazy\" decoding=\"async\" src=\"http:\/\/fjala.shkoder.net\/wp-content\/uploads\/2010\/10\/adri_nurellari.jpg\" alt=\"\" title=\"Adri Nurellari\" width=\"179\" height=\"128\" class=\"alignright size-full wp-image-4499\" \/><\/p>\n<p><strong>Adri Nurellari<\/strong><\/p>\n<p>Mes shum\u00eb paradokseve q\u00eb hasen n\u00eb Shqip\u00ebri, spikat fakti q\u00eb n\u00eb epok\u00ebn e globalizimit, ne padyshim jemi nj\u00eb nd\u00ebr vendet m\u00eb t\u00eb izoluara n\u00eb Europ\u00eb. Kjo gj\u00eb \u00ebsht\u00eb e vlefshme, jo vet\u00ebm p\u00ebr mas\u00ebn e madhe t\u00eb popullit, por edhe p\u00ebr elitat tona q\u00eb padyshim jan\u00eb mbase m\u00eb pak t\u00eb integruarat me ekuivalentet n\u00eb kontinent. V\u00ebshtir\u00eb se ka p\u00ebrfaq\u00ebsues t\u00eb bot\u00ebs universitare, mediave, artit, biznesit, kultur\u00ebs apo shoq\u00ebris\u00eb civile e t\u00eb tjera kategorive q\u00eb p\u00ebrb\u00ebjn\u00eb shtres\u00ebn elitare t\u00eb Shqip\u00ebris\u00eb q\u00eb t\u00eb jen\u00eb pjes\u00eb thelb\u00ebsore p\u00ebrb\u00ebr\u00ebse e forumeve p\u00ebrkat\u00ebse nd\u00ebrkomb\u00ebtare. Pra, edhe pse shum\u00eb syresh krekosen me t\u00eb madhe n\u00eb Shqip\u00ebri me titujt, spaletat apo statusin q\u00eb kan\u00eb n\u00eb Tiran\u00eb, jasht\u00eb kufijve t\u00eb Shqip\u00ebris\u00eb (me p\u00ebrjashtim t\u00eb trojeve ku jetojn\u00eb bashk\u00ebkombasit tan\u00eb) nuk para i p\u00ebrfill kush. <\/p>\n<p>Me pak fjal\u00eb nuk ka njer\u00ebz t\u00eb mediave q\u00eb t\u00eb shkruajn\u00eb jasht\u00eb vendit (p\u00ebrjashtim b\u00ebjn\u00eb korrespondent\u00ebt zyrtar\u00eb t\u00eb agjencive nd\u00ebrkomb\u00ebtare), nuk para ka akademik\u00eb q\u00eb t\u00eb botojn\u00eb artikuj apo studime n\u00eb sht\u00ebpi botuese apo revista dinjitoze nd\u00ebrkomb\u00ebtare (t\u00eb gjith\u00eb jan\u00eb v\u00ebrsulur n\u00eb Maqedoni e Kosov\u00eb p\u00ebr t\u00eb p\u00ebrmbushur kriterin e titujve p\u00ebr botime jasht\u00eb vendit), hiq ndonj\u00eb tek-tuk, nuk gjen artist\u00eb q\u00eb t\u00eb ken\u00eb ekspozita apo shfaqje n\u00eb Per\u00ebndim, me ndonj\u00eb p\u00ebrjashtim t\u00eb rrall\u00eb nuk ka sportist\u00eb shqiptar\u00eb t\u00eb spikatur n\u00eb gara nd\u00ebrkomb\u00ebtare e k\u00ebshtu me radh\u00eb.<\/p>\n<p>Nga ana tjet\u00ebr, pavar\u00ebsisht se pas Salvadorit kemi emigracionin m\u00eb masiv n\u00eb proporcion me qeverin\u00eb, niveli integrimit me Europ\u00ebn Per\u00ebndimore dhe p\u00ebrvet\u00ebsimi i vlerave europiane te ne ngelet i kufizuar. Kjo vjen s\u00eb pari nga fakti q\u00eb emigrant\u00ebt tan\u00eb kan\u00eb ngelur goxha t\u00eb margjinalizuar n\u00eb shoq\u00ebrit\u00eb e vendeve prit\u00ebse, duke u izoluar kryesisht n\u00eb ambiente familjar\u00ebsh dhe miqsh shqiptar\u00ebsh pa u integruar n\u00eb shoq\u00ebrin\u00eb vendase. Madje hera-her\u00ebs vihet re se ata ngelen m\u00eb prapa n\u00eb mentalitet edhe se vet\u00eb bashk\u00ebmoshatar\u00ebt e tyre q\u00eb kan\u00eb ngelur n\u00eb Shqip\u00ebri. <\/p>\n<p>Nj\u00eb tjet\u00ebr element \u00ebsht\u00eb fakti q\u00eb emigracioni ende vazhdon dhe jan\u00eb t\u00eb pakt\u00eb t\u00eb kthyerit p\u00ebrkundrejt atyre q\u00eb ende ikin. Nj\u00eb tjet\u00ebr penges\u00eb p\u00ebr p\u00ebrthithjen dhe transferimit n\u00eb Shqip\u00ebri t\u00eb mentalitetit dhe vlerave t\u00eb Europ\u00ebs bashk\u00ebkohore lidhet edhe me fatkeq\u00ebsin\u00eb natyrore ton\u00ebn q\u00eb t\u00eb kemi p\u00ebr fqinj Italin\u00eb dhe Greqin\u00eb. N\u00eb k\u00ebto dy vende kemi t\u00eb p\u00ebrqendruar pjes\u00ebn d\u00ebrrmuese t\u00eb emigracionit, mir\u00ebpo ato nuk p\u00ebrb\u00ebjn\u00eb shembullin m\u00eb dinjitoz t\u00eb BE-s\u00eb p\u00ebr t\u00eb ndjekur. Nuk kemi fatin e Europ\u00ebs Qendrore q\u00eb pat\u00ebn Gjermanin\u00eb si tutor n\u00eb procesin e integrimit apo Republika Baltike q\u00eb p\u00ebrfituan ndjesh\u00ebm nga af\u00ebrsia me an\u00ebtaret skandinave t\u00eb BE-s\u00eb.<\/p>\n<p>Faktor\u00ebt kryesor\u00eb vendas q\u00eb do t\u00eb mund t\u00eb kontribuonin n\u00eb europianizimin e shoq\u00ebris\u00eb shqiptare, arsimi dhe media, l\u00ebn\u00eb shum\u00eb p\u00ebr t\u00eb d\u00ebshiruar. Arsimimi i shqiptar\u00ebve, nd\u00ebrkaq, n\u00eb k\u00ebto dy dekada, nuk ka pasur ndonj\u00eb hov cil\u00ebsor p\u00ebr t\u00eb kompensuar dhe riparuar sadopak izolimin. N\u00eb fakt e kund\u00ebrta ka ndodhur, ka r\u00ebn\u00eb rigoroziteti ndaj shkollimit parauniversitar dhe masivizimi epidemik i arsimit universitar publik dhe privat i ka shnd\u00ebrruar universitetet thjesht n\u00eb shkolla t\u00eb mesme t\u00eb profilizuara. Edhe sistemi i Bolonj\u00ebs, q\u00eb kishte si nj\u00eb nd\u00ebr q\u00ebllimet kryesore rritjen e mobilitetit t\u00eb student\u00ebve, ka d\u00ebshtuar t\u00ebr\u00ebsisht n\u00eb k\u00ebt\u00eb aspekt dhe e ka l\u00ebn\u00eb komunitetin universitar nj\u00ebsoj si m\u00eb par\u00eb t\u00eb izoluar e t\u00eb p\u00ebrjashtuar nga shk\u00ebmbimet akademike.\u2028Pra n\u00eb nj\u00eb m\u00ebnyr\u00eb t\u00eb \u00e7uditshme, edhe pse ndodhemi n\u00eb zem\u00ebr t\u00eb Europ\u00ebs, ne fatkeq\u00ebsisht kemi formuar nj\u00eb sistem tonin vet\u00ebreferencial t\u00eb vlerave q\u00eb ka p\u00ebrmbysur sistemin universal t\u00eb vlerave. <\/p>\n<p>Te ne, pandershm\u00ebria \u00ebsht\u00eb b\u00ebr\u00eb norm\u00eb dhe ndershm\u00ebria \u00ebsht\u00eb b\u00ebr\u00eb p\u00ebrjashtimi dhe duket se e gjith\u00eb shoq\u00ebria \u00ebsht\u00eb dor\u00ebzuar dhe i \u00ebsht\u00eb p\u00ebrshtatur tanim\u00eb k\u00ebtij realiteti. Mjafton t\u00eb analizohen debatet politike, p\u00ebr t\u00eb par\u00eb se dallimi mes aktor\u00ebve nuk b\u00ebhet m\u00eb n\u00eb aspekte ideologjike, identiteti politik, \u00e7\u00ebshtjesh t\u00eb trajtuara apo programi i propozuar i qeverisjes apo vizioni. N\u00eb fakt, gjith\u00e7ka, b\u00ebhet fjal\u00eb p\u00ebr nivele apo p\u00ebrmasat e shkeljes, kush ka abuzuar m\u00eb shum\u00eb e kush e ka tepruar fare me abuzim, pra gara b\u00ebhet mes aktor\u00ebsh q\u00eb synojn\u00eb t\u00eb bindin publikun se kush \u00ebsht\u00eb m\u00eb pak keq se tjetri. Kjo situat\u00eb t\u00eb l\u00eb p\u00ebrshtypjen se shoq\u00ebria shqiptare ka hequr dor\u00eb nga k\u00ebrkimi i daljes nga tuneli, por i jan\u00eb m\u00ebsuar syt\u00eb me err\u00ebsir\u00ebn dhe ka nisur t\u00eb mobiloj\u00eb tunelin e t\u00eb vendoset aty n\u00eb m\u00ebnyr\u00eb permanente.<\/p>\n<p>Relativizimi i vlerave dhe konvencioneve ka b\u00ebr\u00eb q\u00eb tanim\u00eb t\u00eb konsiderohen t\u00eb pranueshme dhe t\u00eb g\u00eblltitshme gj\u00ebra q\u00eb dikujt, n\u00eb nj\u00eb vend t\u00eb zhvilluar, do t\u2019i dukeshin trondit\u00ebse. Nuk kishte si ndodhte ndryshe n\u00eb rastin kur kap\u00ebrcehen konvencionet apo parimet, at\u00ebher\u00eb b\u00ebhet e pamundur q\u00eb t\u00eb p\u00ebrcaktohen mandej nivelet e pranueshm\u00ebris\u00eb apo tepric\u00ebs. Kush mund t\u00eb thot\u00eb se deri n\u00eb cilin nivel mund t\u00eb kap\u00ebrdihet korrupsioni, abuzimi, nepotizmi apo paaft\u00ebsia. Niveli i p\u00ebrmas\u00ebs kritike \u00ebsht\u00eb krejt subjektiv, nd\u00ebrsa parimi apo konvencioni \u00ebsht\u00eb universal dhe kategorik e prandaj \u00ebsht\u00eb m\u00eb mir\u00eb dhe e sigurt t\u2019i p\u00ebrmbahemi pranimeve sesa niveleve relative t\u00eb toleranc\u00ebs s\u00eb shkeljes s\u00eb k\u00ebtyre parimeve.<\/p>\n<p>Nj\u00eb nd\u00ebr ilustrimet m\u00eb tipike t\u00eb konformitetit q\u00eb ka pllakosur lidhur me pranimin e heshtur t\u00eb k\u00ebtyre shkeljeve apo normave s\u00eb prapthi, \u00ebsht\u00eb situata q\u00eb u krijua n\u00eb opinion publik, gjat\u00eb pjes\u00ebs s\u00eb fundit t\u00eb q\u00ebndrimit n\u00eb Shqip\u00ebri t\u00eb ambasadorit amerikan Withers. Aq r\u00ebnd\u00eb \u00ebsht\u00eb situata, sa edhe Per\u00ebndimin kemi rifilluar ta shohim vet\u00ebm n\u00ebp\u00ebrmjet lenteve shtremb\u00ebruese t\u00eb konvencioneve tona t\u00eb shtrembra dhe shumica kujtoi se ambasadori i shtetit m\u00eb dashamir\u00ebs ndaj Shqip\u00ebris\u00eb, vepronte kryek\u00ebput me kok\u00ebn e vet\u00eb dhe gjith\u00e7ka n\u00eb veprimet e tij i kishte personale dhe arbitrare, sepse fundja k\u00ebshtu funksionojn\u00eb gj\u00ebrat n\u00eb Shqip\u00ebri. <\/p>\n<p>Harrojn\u00eb q\u00eb n\u00eb SHBA mbizot\u00ebron vazhdim\u00ebsia institucionale dhe mes institucioneve t\u00eb ndryshme qendrore, Departamenti i Shtetit njihet si m\u00eb konservatori. N\u00eb k\u00ebt\u00eb k\u00ebndv\u00ebshtrim shum\u00ebkush n\u00eb Shqip\u00ebri nisej nga p\u00ebrvoja jon\u00eb, ku titullari \u00ebsht\u00eb ai q\u00eb p\u00ebrcakton n\u00eb m\u00ebnyr\u00eb supreme funksionalitetin, marr\u00ebdh\u00ebnien me ligjin, politik\u00ebn e kuadrit, p\u00ebrmbushjen e detyrave apo strategjit\u00eb e institucionit. N\u00eb rastin e reform\u00ebs ligjore t\u00eb lustrimit, nuk ishte se Withers-i, n\u00eb m\u00ebnyr\u00eb personale e tekanjoze, iu kund\u00ebrvu k\u00ebsaj nisme, por vet\u00eb ligji n\u00eb vetvete shkelte n\u00eb mbi dhjet\u00eb pika Kushtetut\u00ebn dhe konventat nd\u00ebrkomb\u00ebtare t\u00eb t\u00eb drejtave t\u00eb njeriut q\u00eb kemi n\u00ebnshkruar, duke diskredituar e denigruar t\u00ebr\u00ebsisht q\u00ebllimin fisnik p\u00ebr t\u00eb cilin edhe duhet krijuar nj\u00eb ligj ndryshe i lustrimit. <\/p>\n<p>Pra jo m\u00eb kot, k\u00ebtij ligji iu kund\u00ebrvun\u00eb Gjykata Kushtetuese, Komisioni i Venecias, p\u00ebrfaq\u00ebsues t\u00eb lart\u00eb t\u00eb Departamentit t\u00eb Shtetit, OSBE-s\u00eb, K\u00ebshillit t\u00eb Europ\u00ebs e BE-s\u00eb, ambasador\u00eb t\u00eb akredituar n\u00eb Shqip\u00ebri e mbar\u00eb shoq\u00ebria civile. Mir\u00ebpo e gjith\u00eb kjo val\u00eb kund\u00ebrshtimesh nuk mjaftoi p\u00ebr t\u00eb shkulur nga bindja n\u00eb Shqip\u00ebri se Withers e kishte personalisht dhe oborrtar\u00ebt mediatik\u00eb e lakej t\u00eb ndrysh\u00ebm kinse ekspert\u00eb me integritet iu v\u00ebrsul\u00ebn personalisht p\u00ebrfaq\u00ebsuesit t\u00eb shtetit ton\u00eb kryesor aleat. Nd\u00ebrkoh\u00eb q\u00eb pas ikjes s\u00eb Withers t\u00eb gjith\u00eb diskutonin se me ikjen e tij, padyshim pritet q\u00eb ambasadori i ri Arvizu do ndryshonte kursin e politik\u00ebs.<\/p>\n<p>N\u00eb k\u00ebt\u00eb gjendje izolimi, si t\u00eb ishim ishull i rrethuar nga t\u00eb tjera realitete europiane, duket qart\u00eb q\u00eb zgjidhja e vetme \u00ebsht\u00eb rikthimi te parimet m\u00eb themelore. \u00cbsht\u00eb shnd\u00ebrruar n\u00eb domosdoshm\u00ebri rip\u00ebrs\u00ebritja e atyre fushatave edukuese dhe promovuese q\u00eb u nis\u00ebn n\u00eb fillim t\u00eb viteve \u201890 p\u00ebr vlerat dhe parimet universale q\u00eb b\u00ebjn\u00eb t\u00eb mundur nd\u00ebrtimin e nj\u00eb sistemi solid liberal demokrat. Rruga negative q\u00eb po ndjekim thjesht ka p\u00ebr t\u00eb instaluar e \u00e7imentuar n\u00eb Shqip\u00ebri nj\u00eb sistem politik amerikano-latin, ka p\u00ebr t\u00eb ulur pritshm\u00ebrit\u00eb dhe aspiratat e shoq\u00ebris\u00eb dhe ka kultivuar dor\u00ebzimin, rrjedhjen e m\u00ebtejshme t\u00eb trurit, plog\u00ebshtin\u00eb politike dhe cinizmin ndaj realitetit. N\u00eb kushtet ku \u00ebsht\u00eb katandisur vendi, \u00ebsht\u00eb b\u00ebr\u00eb m\u00eb e nevojshme se kurr\u00eb q\u00eb t\u00eb rikujtohen ato frym\u00ebzime q\u00eb shtyn\u00eb mij\u00ebra t\u00eb rinj q\u00eb t\u00eb k\u00ebrkonin q\u00eb Shqip\u00ebria t\u00eb b\u00ebhej si e gjith\u00eb Europa.<\/p>\n","protected":false},"excerpt":{"rendered":"<p>Adri Nurellari Mes shum\u00eb paradokseve q\u00eb hasen n\u00eb Shqip\u00ebri, spikat fakti q\u00eb n\u00eb epok\u00ebn e globalizimit, ne padyshim jemi nj\u00eb nd\u00ebr vendet m\u00eb t\u00eb izoluara n\u00eb Europ\u00eb. Kjo gj\u00eb \u00ebsht\u00eb e vlefshme, jo vet\u00ebm p\u00ebr mas\u00ebn e madhe t\u00eb popullit, por edhe p\u00ebr elitat tona q\u00eb padyshim jan\u00eb mbase m\u00eb pak t\u00eb integruarat me ekuivalentet [&hellip;]<\/p>\n","protected":false},"author":1,"featured_media":0,"comment_status":"open","ping_status":"closed","sticky":false,"template":"","format":"standard","meta":{"footnotes":""},"categories":[2],"tags":[],"class_list":{"0":"post-4497","1":"post","2":"type-post","3":"status-publish","4":"format-standard","6":"category-artikuj"},"yoast_head":"<!-- This site is optimized with the Yoast SEO plugin v27.4 - https:\/\/yoast.com\/product\/yoast-seo-wordpress\/ -->\n<title>Versioni aktual dhe real i t\u00eb jetuarit n\u00eb ishull - FjALA e LIR\u00cb - Arkivi<\/title>\n<meta name=\"robots\" content=\"index, follow, max-snippet:-1, max-image-preview:large, max-video-preview:-1\" \/>\n<link rel=\"canonical\" href=\"https:\/\/fjala.info\/2009-2015\/versioni-aktual-dhe-real-i-te-jetuarit-ne-ishull\/\" \/>\n<meta property=\"og:locale\" content=\"sq_AL\" \/>\n<meta property=\"og:type\" content=\"article\" \/>\n<meta property=\"og:title\" content=\"Versioni aktual dhe real i t\u00eb jetuarit n\u00eb ishull - FjALA e LIR\u00cb - Arkivi\" \/>\n<meta property=\"og:description\" content=\"Adri Nurellari Mes shum\u00eb paradokseve q\u00eb hasen n\u00eb Shqip\u00ebri, spikat fakti q\u00eb n\u00eb epok\u00ebn e globalizimit, ne padyshim jemi nj\u00eb nd\u00ebr vendet m\u00eb t\u00eb izoluara n\u00eb Europ\u00eb. Kjo gj\u00eb \u00ebsht\u00eb e vlefshme, jo vet\u00ebm p\u00ebr mas\u00ebn e madhe t\u00eb popullit, por edhe p\u00ebr elitat tona q\u00eb padyshim jan\u00eb mbase m\u00eb pak t\u00eb integruarat me ekuivalentet [&hellip;]\" \/>\n<meta property=\"og:url\" content=\"https:\/\/fjala.info\/2009-2015\/versioni-aktual-dhe-real-i-te-jetuarit-ne-ishull\/\" \/>\n<meta property=\"og:site_name\" content=\"FjALA e LIR\u00cb - Arkivi\" \/>\n<meta property=\"article:published_time\" content=\"2010-10-27T21:29:45+00:00\" \/>\n<meta property=\"og:image\" content=\"http:\/\/fjala.shkoder.net\/wp-content\/uploads\/2010\/10\/adri_nurellari.jpg\" \/>\n<meta name=\"author\" content=\"admin\" \/>\n<meta name=\"twitter:card\" content=\"summary_large_image\" \/>\n<meta name=\"twitter:label1\" content=\"Written by\" \/>\n\t<meta name=\"twitter:data1\" content=\"admin\" \/>\n\t<meta name=\"twitter:label2\" content=\"Est. reading time\" \/>\n\t<meta name=\"twitter:data2\" content=\"7 minutes\" \/>\n<script type=\"application\/ld+json\" class=\"yoast-schema-graph\">{\"@context\":\"https:\\\/\\\/schema.org\",\"@graph\":[{\"@type\":\"Article\",\"@id\":\"https:\\\/\\\/fjala.info\\\/2009-2015\\\/versioni-aktual-dhe-real-i-te-jetuarit-ne-ishull\\\/#article\",\"isPartOf\":{\"@id\":\"https:\\\/\\\/fjala.info\\\/2009-2015\\\/versioni-aktual-dhe-real-i-te-jetuarit-ne-ishull\\\/\"},\"author\":{\"name\":\"admin\",\"@id\":\"https:\\\/\\\/fjala.info\\\/2009-2015\\\/#\\\/schema\\\/person\\\/3aa1163ef05469c496fc94e77611ada2\"},\"headline\":\"Versioni aktual dhe real i t\u00eb jetuarit n\u00eb ishull\",\"datePublished\":\"2010-10-27T21:29:45+00:00\",\"mainEntityOfPage\":{\"@id\":\"https:\\\/\\\/fjala.info\\\/2009-2015\\\/versioni-aktual-dhe-real-i-te-jetuarit-ne-ishull\\\/\"},\"wordCount\":1500,\"commentCount\":0,\"publisher\":{\"@id\":\"https:\\\/\\\/fjala.info\\\/2009-2015\\\/#organization\"},\"image\":{\"@id\":\"https:\\\/\\\/fjala.info\\\/2009-2015\\\/versioni-aktual-dhe-real-i-te-jetuarit-ne-ishull\\\/#primaryimage\"},\"thumbnailUrl\":\"http:\\\/\\\/fjala.shkoder.net\\\/wp-content\\\/uploads\\\/2010\\\/10\\\/adri_nurellari.jpg\",\"articleSection\":[\"Artikuj\"],\"inLanguage\":\"sq-AL\",\"potentialAction\":[{\"@type\":\"CommentAction\",\"name\":\"Comment\",\"target\":[\"https:\\\/\\\/fjala.info\\\/2009-2015\\\/versioni-aktual-dhe-real-i-te-jetuarit-ne-ishull\\\/#respond\"]}]},{\"@type\":\"WebPage\",\"@id\":\"https:\\\/\\\/fjala.info\\\/2009-2015\\\/versioni-aktual-dhe-real-i-te-jetuarit-ne-ishull\\\/\",\"url\":\"https:\\\/\\\/fjala.info\\\/2009-2015\\\/versioni-aktual-dhe-real-i-te-jetuarit-ne-ishull\\\/\",\"name\":\"Versioni aktual dhe real i t\u00eb jetuarit n\u00eb ishull - FjALA e LIR\u00cb - Arkivi\",\"isPartOf\":{\"@id\":\"https:\\\/\\\/fjala.info\\\/2009-2015\\\/#website\"},\"primaryImageOfPage\":{\"@id\":\"https:\\\/\\\/fjala.info\\\/2009-2015\\\/versioni-aktual-dhe-real-i-te-jetuarit-ne-ishull\\\/#primaryimage\"},\"image\":{\"@id\":\"https:\\\/\\\/fjala.info\\\/2009-2015\\\/versioni-aktual-dhe-real-i-te-jetuarit-ne-ishull\\\/#primaryimage\"},\"thumbnailUrl\":\"http:\\\/\\\/fjala.shkoder.net\\\/wp-content\\\/uploads\\\/2010\\\/10\\\/adri_nurellari.jpg\",\"datePublished\":\"2010-10-27T21:29:45+00:00\",\"breadcrumb\":{\"@id\":\"https:\\\/\\\/fjala.info\\\/2009-2015\\\/versioni-aktual-dhe-real-i-te-jetuarit-ne-ishull\\\/#breadcrumb\"},\"inLanguage\":\"sq-AL\",\"potentialAction\":[{\"@type\":\"ReadAction\",\"target\":[\"https:\\\/\\\/fjala.info\\\/2009-2015\\\/versioni-aktual-dhe-real-i-te-jetuarit-ne-ishull\\\/\"]}]},{\"@type\":\"ImageObject\",\"inLanguage\":\"sq-AL\",\"@id\":\"https:\\\/\\\/fjala.info\\\/2009-2015\\\/versioni-aktual-dhe-real-i-te-jetuarit-ne-ishull\\\/#primaryimage\",\"url\":\"http:\\\/\\\/fjala.shkoder.net\\\/wp-content\\\/uploads\\\/2010\\\/10\\\/adri_nurellari.jpg\",\"contentUrl\":\"http:\\\/\\\/fjala.shkoder.net\\\/wp-content\\\/uploads\\\/2010\\\/10\\\/adri_nurellari.jpg\"},{\"@type\":\"BreadcrumbList\",\"@id\":\"https:\\\/\\\/fjala.info\\\/2009-2015\\\/versioni-aktual-dhe-real-i-te-jetuarit-ne-ishull\\\/#breadcrumb\",\"itemListElement\":[{\"@type\":\"ListItem\",\"position\":1,\"name\":\"Home\",\"item\":\"https:\\\/\\\/fjala.info\\\/2009-2015\\\/\"},{\"@type\":\"ListItem\",\"position\":2,\"name\":\"Versioni aktual dhe real i t\u00eb jetuarit n\u00eb ishull\"}]},{\"@type\":\"WebSite\",\"@id\":\"https:\\\/\\\/fjala.info\\\/2009-2015\\\/#website\",\"url\":\"https:\\\/\\\/fjala.info\\\/2009-2015\\\/\",\"name\":\"FjALA e LIR\u00cb - Arkivi\",\"description\":\"Arkivi 2009-2015\",\"publisher\":{\"@id\":\"https:\\\/\\\/fjala.info\\\/2009-2015\\\/#organization\"},\"potentialAction\":[{\"@type\":\"SearchAction\",\"target\":{\"@type\":\"EntryPoint\",\"urlTemplate\":\"https:\\\/\\\/fjala.info\\\/2009-2015\\\/?s={search_term_string}\"},\"query-input\":{\"@type\":\"PropertyValueSpecification\",\"valueRequired\":true,\"valueName\":\"search_term_string\"}}],\"inLanguage\":\"sq-AL\"},{\"@type\":\"Organization\",\"@id\":\"https:\\\/\\\/fjala.info\\\/2009-2015\\\/#organization\",\"name\":\"FjALA e LIR\u00cb - Arkivi\",\"url\":\"https:\\\/\\\/fjala.info\\\/2009-2015\\\/\",\"logo\":{\"@type\":\"ImageObject\",\"inLanguage\":\"sq-AL\",\"@id\":\"https:\\\/\\\/fjala.info\\\/2009-2015\\\/#\\\/schema\\\/logo\\\/image\\\/\",\"url\":\"\",\"contentUrl\":\"\",\"caption\":\"FjALA e LIR\u00cb - Arkivi\"},\"image\":{\"@id\":\"https:\\\/\\\/fjala.info\\\/2009-2015\\\/#\\\/schema\\\/logo\\\/image\\\/\"}},{\"@type\":\"Person\",\"@id\":\"https:\\\/\\\/fjala.info\\\/2009-2015\\\/#\\\/schema\\\/person\\\/3aa1163ef05469c496fc94e77611ada2\",\"name\":\"admin\",\"image\":{\"@type\":\"ImageObject\",\"inLanguage\":\"sq-AL\",\"@id\":\"https:\\\/\\\/fjala.info\\\/2009-2015\\\/wp-content\\\/uploads\\\/2012\\\/02\\\/arben_cokaj-120x150.jpg\",\"url\":\"https:\\\/\\\/fjala.info\\\/2009-2015\\\/wp-content\\\/uploads\\\/2012\\\/02\\\/arben_cokaj-120x150.jpg\",\"contentUrl\":\"https:\\\/\\\/fjala.info\\\/2009-2015\\\/wp-content\\\/uploads\\\/2012\\\/02\\\/arben_cokaj-120x150.jpg\",\"caption\":\"admin\"},\"description\":\"Admin, Fjala e Lir\u00eb\",\"sameAs\":[\"https:\\\/\\\/fjala.info\\\/\"],\"url\":\"https:\\\/\\\/fjala.info\\\/2009-2015\\\/author\\\/admin\\\/\"}]}<\/script>\n<!-- \/ Yoast SEO plugin. -->","yoast_head_json":{"title":"Versioni aktual dhe real i t\u00eb jetuarit n\u00eb ishull - FjALA e LIR\u00cb - Arkivi","robots":{"index":"index","follow":"follow","max-snippet":"max-snippet:-1","max-image-preview":"max-image-preview:large","max-video-preview":"max-video-preview:-1"},"canonical":"https:\/\/fjala.info\/2009-2015\/versioni-aktual-dhe-real-i-te-jetuarit-ne-ishull\/","og_locale":"sq_AL","og_type":"article","og_title":"Versioni aktual dhe real i t\u00eb jetuarit n\u00eb ishull - FjALA e LIR\u00cb - Arkivi","og_description":"Adri Nurellari Mes shum\u00eb paradokseve q\u00eb hasen n\u00eb Shqip\u00ebri, spikat fakti q\u00eb n\u00eb epok\u00ebn e globalizimit, ne padyshim jemi nj\u00eb nd\u00ebr vendet m\u00eb t\u00eb izoluara n\u00eb Europ\u00eb. Kjo gj\u00eb \u00ebsht\u00eb e vlefshme, jo vet\u00ebm p\u00ebr mas\u00ebn e madhe t\u00eb popullit, por edhe p\u00ebr elitat tona q\u00eb padyshim jan\u00eb mbase m\u00eb pak t\u00eb integruarat me ekuivalentet [&hellip;]","og_url":"https:\/\/fjala.info\/2009-2015\/versioni-aktual-dhe-real-i-te-jetuarit-ne-ishull\/","og_site_name":"FjALA e LIR\u00cb - Arkivi","article_published_time":"2010-10-27T21:29:45+00:00","og_image":[{"url":"http:\/\/fjala.shkoder.net\/wp-content\/uploads\/2010\/10\/adri_nurellari.jpg","type":"","width":"","height":""}],"author":"admin","twitter_card":"summary_large_image","twitter_misc":{"Written by":"admin","Est. reading time":"7 minutes"},"schema":{"@context":"https:\/\/schema.org","@graph":[{"@type":"Article","@id":"https:\/\/fjala.info\/2009-2015\/versioni-aktual-dhe-real-i-te-jetuarit-ne-ishull\/#article","isPartOf":{"@id":"https:\/\/fjala.info\/2009-2015\/versioni-aktual-dhe-real-i-te-jetuarit-ne-ishull\/"},"author":{"name":"admin","@id":"https:\/\/fjala.info\/2009-2015\/#\/schema\/person\/3aa1163ef05469c496fc94e77611ada2"},"headline":"Versioni aktual dhe real i t\u00eb jetuarit n\u00eb ishull","datePublished":"2010-10-27T21:29:45+00:00","mainEntityOfPage":{"@id":"https:\/\/fjala.info\/2009-2015\/versioni-aktual-dhe-real-i-te-jetuarit-ne-ishull\/"},"wordCount":1500,"commentCount":0,"publisher":{"@id":"https:\/\/fjala.info\/2009-2015\/#organization"},"image":{"@id":"https:\/\/fjala.info\/2009-2015\/versioni-aktual-dhe-real-i-te-jetuarit-ne-ishull\/#primaryimage"},"thumbnailUrl":"http:\/\/fjala.shkoder.net\/wp-content\/uploads\/2010\/10\/adri_nurellari.jpg","articleSection":["Artikuj"],"inLanguage":"sq-AL","potentialAction":[{"@type":"CommentAction","name":"Comment","target":["https:\/\/fjala.info\/2009-2015\/versioni-aktual-dhe-real-i-te-jetuarit-ne-ishull\/#respond"]}]},{"@type":"WebPage","@id":"https:\/\/fjala.info\/2009-2015\/versioni-aktual-dhe-real-i-te-jetuarit-ne-ishull\/","url":"https:\/\/fjala.info\/2009-2015\/versioni-aktual-dhe-real-i-te-jetuarit-ne-ishull\/","name":"Versioni aktual dhe real i t\u00eb jetuarit n\u00eb ishull - FjALA e LIR\u00cb - Arkivi","isPartOf":{"@id":"https:\/\/fjala.info\/2009-2015\/#website"},"primaryImageOfPage":{"@id":"https:\/\/fjala.info\/2009-2015\/versioni-aktual-dhe-real-i-te-jetuarit-ne-ishull\/#primaryimage"},"image":{"@id":"https:\/\/fjala.info\/2009-2015\/versioni-aktual-dhe-real-i-te-jetuarit-ne-ishull\/#primaryimage"},"thumbnailUrl":"http:\/\/fjala.shkoder.net\/wp-content\/uploads\/2010\/10\/adri_nurellari.jpg","datePublished":"2010-10-27T21:29:45+00:00","breadcrumb":{"@id":"https:\/\/fjala.info\/2009-2015\/versioni-aktual-dhe-real-i-te-jetuarit-ne-ishull\/#breadcrumb"},"inLanguage":"sq-AL","potentialAction":[{"@type":"ReadAction","target":["https:\/\/fjala.info\/2009-2015\/versioni-aktual-dhe-real-i-te-jetuarit-ne-ishull\/"]}]},{"@type":"ImageObject","inLanguage":"sq-AL","@id":"https:\/\/fjala.info\/2009-2015\/versioni-aktual-dhe-real-i-te-jetuarit-ne-ishull\/#primaryimage","url":"http:\/\/fjala.shkoder.net\/wp-content\/uploads\/2010\/10\/adri_nurellari.jpg","contentUrl":"http:\/\/fjala.shkoder.net\/wp-content\/uploads\/2010\/10\/adri_nurellari.jpg"},{"@type":"BreadcrumbList","@id":"https:\/\/fjala.info\/2009-2015\/versioni-aktual-dhe-real-i-te-jetuarit-ne-ishull\/#breadcrumb","itemListElement":[{"@type":"ListItem","position":1,"name":"Home","item":"https:\/\/fjala.info\/2009-2015\/"},{"@type":"ListItem","position":2,"name":"Versioni aktual dhe real i t\u00eb jetuarit n\u00eb ishull"}]},{"@type":"WebSite","@id":"https:\/\/fjala.info\/2009-2015\/#website","url":"https:\/\/fjala.info\/2009-2015\/","name":"FjALA e LIR\u00cb - Arkivi","description":"Arkivi 2009-2015","publisher":{"@id":"https:\/\/fjala.info\/2009-2015\/#organization"},"potentialAction":[{"@type":"SearchAction","target":{"@type":"EntryPoint","urlTemplate":"https:\/\/fjala.info\/2009-2015\/?s={search_term_string}"},"query-input":{"@type":"PropertyValueSpecification","valueRequired":true,"valueName":"search_term_string"}}],"inLanguage":"sq-AL"},{"@type":"Organization","@id":"https:\/\/fjala.info\/2009-2015\/#organization","name":"FjALA e LIR\u00cb - Arkivi","url":"https:\/\/fjala.info\/2009-2015\/","logo":{"@type":"ImageObject","inLanguage":"sq-AL","@id":"https:\/\/fjala.info\/2009-2015\/#\/schema\/logo\/image\/","url":"","contentUrl":"","caption":"FjALA e LIR\u00cb - Arkivi"},"image":{"@id":"https:\/\/fjala.info\/2009-2015\/#\/schema\/logo\/image\/"}},{"@type":"Person","@id":"https:\/\/fjala.info\/2009-2015\/#\/schema\/person\/3aa1163ef05469c496fc94e77611ada2","name":"admin","image":{"@type":"ImageObject","inLanguage":"sq-AL","@id":"https:\/\/fjala.info\/2009-2015\/wp-content\/uploads\/2012\/02\/arben_cokaj-120x150.jpg","url":"https:\/\/fjala.info\/2009-2015\/wp-content\/uploads\/2012\/02\/arben_cokaj-120x150.jpg","contentUrl":"https:\/\/fjala.info\/2009-2015\/wp-content\/uploads\/2012\/02\/arben_cokaj-120x150.jpg","caption":"admin"},"description":"Admin, Fjala e Lir\u00eb","sameAs":["https:\/\/fjala.info\/"],"url":"https:\/\/fjala.info\/2009-2015\/author\/admin\/"}]}},"_links":{"self":[{"href":"https:\/\/fjala.info\/2009-2015\/wp-json\/wp\/v2\/posts\/4497","targetHints":{"allow":["GET"]}}],"collection":[{"href":"https:\/\/fjala.info\/2009-2015\/wp-json\/wp\/v2\/posts"}],"about":[{"href":"https:\/\/fjala.info\/2009-2015\/wp-json\/wp\/v2\/types\/post"}],"author":[{"embeddable":true,"href":"https:\/\/fjala.info\/2009-2015\/wp-json\/wp\/v2\/users\/1"}],"replies":[{"embeddable":true,"href":"https:\/\/fjala.info\/2009-2015\/wp-json\/wp\/v2\/comments?post=4497"}],"version-history":[{"count":0,"href":"https:\/\/fjala.info\/2009-2015\/wp-json\/wp\/v2\/posts\/4497\/revisions"}],"wp:attachment":[{"href":"https:\/\/fjala.info\/2009-2015\/wp-json\/wp\/v2\/media?parent=4497"}],"wp:term":[{"taxonomy":"category","embeddable":true,"href":"https:\/\/fjala.info\/2009-2015\/wp-json\/wp\/v2\/categories?post=4497"},{"taxonomy":"post_tag","embeddable":true,"href":"https:\/\/fjala.info\/2009-2015\/wp-json\/wp\/v2\/tags?post=4497"}],"curies":[{"name":"wp","href":"https:\/\/api.w.org\/{rel}","templated":true}]}}