{"id":4494,"date":"2012-08-18T08:05:02","date_gmt":"2012-08-18T07:05:02","guid":{"rendered":"http:\/\/www.fjala.info\/?p=4494"},"modified":"2012-08-18T08:05:02","modified_gmt":"2012-08-18T07:05:02","slug":"nje-fenomen-intelektual-ne-politike","status":"publish","type":"post","link":"https:\/\/fjala.info\/2009-2015\/nje-fenomen-intelektual-ne-politike\/","title":{"rendered":"Nj\u00eb fenomen intelektual n\u00eb politik\u00eb"},"content":{"rendered":"<p><img decoding=\"async\" class=\"alignright size-thumbnail wp-image-7236\" title=\"Pre\u00e7 Zogaj\" src=\"http:\/\/www.fjala.info\/2012\/prec_zogaj.jpg\" alt=\"\" width=\"150\" \/> Analiz\u00eb nga <strong>PRE\u00c7 ZOGAJ<\/strong><\/p>\n<p>Intelektual\u00eb q\u00eb p\u00ebrfshihen n\u00eb politik\u00eb ka patur e ka kurdoher\u00eb mjaftuesh\u00ebm. Por intelektual\u00eb q\u00eb arrijn\u00eb t\u00eb krijojn\u00eb nj\u00eb kauz\u00eb politike, t\u00eb b\u00ebhen lider\u00eb, t\u00eb votohen, t\u00eb fitojn\u00eb dhe mandej ta ruajn\u00eb deri n\u00eb fund p\u00ebrmas\u00ebn e tyre intelektuale ka m\u00eb pak.<\/p>\n<p>Nj\u00eb nga shembujt m\u00eb emblematik\u00eb t\u00eb fenomenit intelektual n\u00eb politik\u00eb \u00ebsht\u00eb rasti i ish presidentit t\u00eb \u00c7ekis\u00eb, Vasllav Havel. Ai tregoi si askush tjet\u00ebr se detyra politike dhe p\u00ebrmasa intelektuale mund t\u00eb bashk\u00ebjetojn\u00eb mrekullisht n\u00eb figur\u00ebn e nj\u00eb lideri q\u00eb ka busull lirin\u00eb. Meq\u00eb ra fjala, shqiptar\u00ebt nuk mund t\u00eb harrojn\u00eb se Havel \u00ebsht\u00eb i vetmi kryetar shteti n\u00eb Europ\u00ebn e re q\u00eb d\u00ebrgoi nj\u00eb avion special p\u00ebr t\u00eb marr\u00eb n\u00eb Tiran\u00eb bashkatdhetar\u00ebt tan\u00eb q\u00eb u futen n\u00eb ambasad\u00ebn e \u00c7ekosllovakis\u00eb n\u00eb ver\u00ebn e vitit 1990 dhe i vetmi gjithashtu q\u00eb p\u00ebrshkoi me k\u00ebmb\u00eb si pelegrin n\u00eb ver\u00ebn e vitit 1999 rrug\u00ebn e kthimit n\u00eb sht\u00ebpi t\u00eb refugjat\u00ebve t\u00eb d\u00ebbuar kosovar\u00eb, pas \u00e7lirimit t\u00eb Kosov\u00ebs nga trupat e NATO-s dhe forcat e U\u00c7K-s\u00eb.<\/p>\n<p>P\u00ebr t\u00eb ardhur n\u00eb gjakun ton\u00eb, nj\u00eb fenomen intelektual n\u00eb politik\u00eb, i pastudiuar ende n\u00eb thell\u00ebsin\u00eb e merituar, \u00ebsht\u00eb <strong>Ibrahim Rugova<\/strong>, nj\u00eb lider popullor i dashur dhe vetmitar, q\u00eb nuk i l\u00ebshoi pe asnj\u00ebher\u00eb aq sa t\u00eb tjet\u00ebrsohej e shp\u00ebrfytyrohej banalitetit q\u00eb k\u00ebrc\u00ebnon vazhdimisht liderit politik\u00eb t\u00eb aerealit shqipfol\u00ebs.<\/p>\n<p>Me k\u00ebta dy shembuj kemi thirrur n\u00eb sken\u00eb nj\u00eb t\u00eb tret\u00eb, <strong>Arb\u00ebn Xhaferrin<\/strong>, at\u00eb q\u00eb veproi n\u00eb nj\u00eb sken\u00eb akoma m\u00eb t\u00eb vog\u00ebl nga pikpamje t\u00eb sip\u00ebrfaqes, por ku u d\u00ebnd\u00ebsuan disa nga ngjarjet e m\u00ebdha t\u00eb rajonit, t\u00eb cilat k\u00ebrkuan nj\u00eb lider shqiptar t\u00eb nj\u00eb tipi t\u00eb ri, t\u00eb kultivuar e t\u00eb ditur. Gabimisht mendohej se Maqedonia multietnike nuk e kishte. Por tregoi se e kishte. Shqip\u00ebria e cop\u00ebtuar e konferencave dhe hartave e kishte krijuar nga historia e saj p\u00ebr t\u00eb p\u00ebrfaq\u00ebsuar e acvancuar nj\u00eb kauz\u00eb lirie, dinjiteti, shtetformimi, pavar\u00ebsie dhe bashkimi.<\/p>\n<p>Ky ishte Arb\u00ebn Xhaferri, nj\u00eb lider i p\u00ebrdritjes intelektuale, q\u00eb doli dhe q\u00ebndroi n\u00eb krye jo si disa q\u00eb z\u00ebn\u00eb kreun t\u00eb ndihmuar nga rrethanat dhe nuk e l\u00ebshojn\u00eb pa i shkuar flaka n\u00eb qiell, por si prij\u00ebs i arsyes, i asaj arsyeje q\u00eb nuk ka nevoj\u00eb p\u00ebr banda, nuk ka nevoj\u00eb p\u00ebr xhung\u00ebl, nuk ka nevoj\u00eb t\u00eb \u00e7irret. Arsyes, t\u00eb cil\u00ebn Monteskie e identifikonte me virtytin n\u00eb politik\u00eb, i mjafton z\u00ebri i ul\u00ebt dhe e folura e matur si ajo q\u00eb p\u00ebrcolli trajektoren prej meteori t\u00eb Arb\u00ebn Xhaferrit n\u00eb politik\u00ebn shqiptare.<\/p>\n<p>Kushdo q\u00eb ka ndjekur karrier\u00ebn e tij n\u00eb krye t\u00eb nj\u00eb partie shqiptare n\u00eb Maqedoni, si\u00e7 \u00ebsht\u00eb PDSH-ja, ka kuptuar se Arb\u00ebn Xhaferri rrezatonte p\u00ebrtej saj si nj\u00eb politikan i p\u00ebrmasave komb\u00ebtare, rajonale dhe me gjer\u00eb. Ai nuk ia flijoj asnj\u00ebher\u00eb p\u00ebrmas\u00ebn intelektuale nevojave t\u00eb politik\u00ebs s\u00eb dit\u00ebs, duke u fshehur prapa alibive q\u00eb nuk \u00ebsht\u00eb e v\u00ebshtir\u00eb t\u00eb gjenden. P\u00ebrkundrazi: ai e p\u00ebrdori formimin dhe kultur\u00ebn p\u00ebr t\u00eb iluminuar vet\u00eb politik\u00ebn n\u00eb nj\u00eb mjedis t\u00eb v\u00ebshtir\u00eb, si\u00e7 \u00ebsht\u00eb ai i Tetov\u00ebs dhe Shkupit, ku vizionet moderne per\u00ebndimore t\u00eb personaliteteve shqiptare kan\u00eb qen\u00eb gjithnj\u00eb n\u00ebn trysnin\u00eb e dyfisht\u00eb t\u00eb arkaizmit maqedonas n\u00eb nj\u00eb an\u00eb dhe atij shqiptar n\u00eb an\u00ebn tjet\u00ebr. Arb\u00ebn Xheferri \u00ebsht\u00eb nga t\u00eb pakt\u00ebt q\u00eb hyri dhe doli si intelektual nga politika, madje si nj\u00eb intelektual edhe m\u00eb i pjekur, pasi vet\u00eb politika \u00ebsht\u00eb nj\u00eb aren\u00eb dhe akademi e madhe gjeopolitike dhe kulturore, nese p\u00ebrdoret e ushtrohet n\u00eb suaz\u00ebn e q\u00ebllimeve t\u00eb larta p\u00ebr t\u00eb cil\u00ebn ekziston.<\/p>\n<p>Kushdo q\u00eb lexon librin e tij me intervista \u201cN\u00eb Tetov\u00eb, n\u00eb k\u00ebrkim t\u00eb kuptimit\u201d, q\u00eb \u00ebsht\u00eb edhe nj\u00eb lloj manuali i mendimit t\u00eb tij politik, kupton se politika komb\u00ebtare shqiptare, apo me sakt\u00eb \u00e7\u00ebshtja komb\u00ebtare shqiptare, ka patur e do t\u00eb vazhdoj\u00eb t\u00eb ket\u00eb n\u00eb Tetov\u00eb &#8211; idealet nuk vdesin- nj\u00eb osh\u00ebnar dhe drejtues t\u00eb urt\u00eb e mendjepreht\u00eb t\u00eb fatit t\u00eb saj. Xhaferri ka ndjekur nj\u00eb q\u00ebllim t\u00eb mb\u00ebshtetur n\u00eb nj\u00eb bindje dhe vizion t\u00eb caktuar, aspak romantik apo pseudonacionalist, por realist dhe logjik, p\u00ebr t\u00eb ardhmen e Maqedonis\u00eb dhe Kosov\u00ebs. Por nga ana tjet\u00ebr, si nj\u00eb intelektual tipik q\u00eb nuk burgoset n\u00eb pikpamjet e veta, q\u00eb k\u00ebrkon dhe gjen arsye edhe te pala tjet\u00ebr, si\u00e7 thoshte Jorge Lui Borges, ai ka ditur t\u00eb reflektoj\u00eb, kur ngjarjet e kan\u00eb parakaluar apo kan\u00eb ndjekur nj\u00eb rrjedh\u00eb t\u00eb ndryshme nga ajo q\u00eb ai mendonte.<\/p>\n<p>Rasti i Xhaferrit ashtu si rasti i Rugov\u00ebs na tregojn\u00eb se, ndryshe nga sa thuhet e mendohet, Shqip\u00ebria dhe shqiptar\u00ebt e b\u00ebjn\u00eb intelektualin n\u00eb politik\u00eb. Nuk \u00ebsht\u00eb modeli i vet\u00ebm, sigurisht, por \u00ebsht\u00eb nj\u00eb model q\u00eb ka prodhuar gjithnj\u00eb m\u00eb shum\u00eb zgjidhje, p\u00ebrparim dhe paqe. Shembulli i tyre lart\u00ebson piks\u00ebpari njer\u00ebzit q\u00eb i kan\u00eb ndjekur, votuar e respektuar. Nj\u00eb populli q\u00eb mb\u00ebshtet fenomenet intelektuale n\u00eb politik\u00eb shd\u00ebrrohet vetvetiu n\u00eb popull elit\u00eb.<\/p>\n<p>Kjo \u00ebsht\u00eb si nj\u00eb aksiom\u00eb. Nuk habitemi kur ndodh n\u00eb \u00c7eki e nuk duhet t\u00eb habitemi q\u00eb n\u00eb rrethana t\u00eb caktuara ka ndodhur e ndodh edhe n\u00eb trojet shqiptare. Rasti i Xhaferrit na tregon nd\u00ebrkaq se p\u00ebrve\u00e7 rrethanave specifike, nj\u00eb rol vendimtar n\u00eb promovimin e intelektual\u00ebve n\u00eb politik\u00eb kan\u00eb vet\u00eb k\u00ebta t\u00eb fundit. Ata p\u00ebrmbushin nj\u00eb lloj heroizmi duke mos u thyer dhe nj\u00ebkoh\u00ebsisht duke mos u prishur nga politika e xhugl\u00ebs, e allishverisheve, e n\u00ebnshtrimit, e interesave vetjake, e tjer\u00eb.<\/p>\n<p>N\u00eb \u00e7etel\u00ebn e kujtimit ku zuri vend me vdekjen e tij, Arb\u00ebn Xhaferri, i urti yn\u00eb i Maqedonis\u00eb, do t\u00eb kujtohet pik\u00ebrisht si dikush q\u00eb as u thye, as u prish. P\u00ebr k\u00ebt\u00eb arsye dita e tij n\u00eb kuptimin e modelit, stilit dhe kauz\u00ebs poltike q\u00eb sh\u00ebrbeu, nuk mbetet prapa me t\u00eb zotin n\u00eb amshim, por pret Shqip\u00ebrin\u00eb e re n\u00eb Europ\u00ebn e re. E ardhmja politike i p\u00ebrket arsyes, dijes, z\u00ebrit normal, t\u00eb folur\u00ebs normale, sjelljes normale dhe fisnike si ajo q\u00eb na la trash\u00ebgim Arb\u00ebn Xhaferri.<\/p>\n<p>(<em>sg\/shqiptarja.com<\/em>)<\/p>\n","protected":false},"excerpt":{"rendered":"<p>Analiz\u00eb nga PRE\u00c7 ZOGAJ Intelektual\u00eb q\u00eb p\u00ebrfshihen n\u00eb politik\u00eb ka patur e ka kurdoher\u00eb mjaftuesh\u00ebm. Por intelektual\u00eb q\u00eb arrijn\u00eb t\u00eb krijojn\u00eb nj\u00eb kauz\u00eb politike, t\u00eb b\u00ebhen lider\u00eb, t\u00eb votohen, t\u00eb fitojn\u00eb dhe mandej ta ruajn\u00eb deri n\u00eb fund p\u00ebrmas\u00ebn e tyre intelektuale ka m\u00eb pak. Nj\u00eb nga shembujt m\u00eb emblematik\u00eb t\u00eb fenomenit intelektual n\u00eb politik\u00eb [&hellip;]<\/p>\n","protected":false},"author":1,"featured_media":0,"comment_status":"open","ping_status":"closed","sticky":false,"template":"","format":"standard","meta":{"footnotes":""},"categories":[2],"tags":[],"class_list":{"0":"post-4494","1":"post","2":"type-post","3":"status-publish","4":"format-standard","6":"category-artikuj"},"yoast_head":"<!-- This site is optimized with the Yoast SEO plugin v27.4 - https:\/\/yoast.com\/product\/yoast-seo-wordpress\/ -->\n<title>Nj\u00eb fenomen intelektual n\u00eb politik\u00eb - FjALA e LIR\u00cb - Arkivi<\/title>\n<meta name=\"robots\" content=\"index, follow, max-snippet:-1, max-image-preview:large, max-video-preview:-1\" \/>\n<link rel=\"canonical\" href=\"https:\/\/fjala.info\/2009-2015\/nje-fenomen-intelektual-ne-politike\/\" \/>\n<meta property=\"og:locale\" content=\"sq_AL\" \/>\n<meta property=\"og:type\" content=\"article\" \/>\n<meta property=\"og:title\" content=\"Nj\u00eb fenomen intelektual n\u00eb politik\u00eb - FjALA e LIR\u00cb - Arkivi\" \/>\n<meta property=\"og:description\" content=\"Analiz\u00eb nga PRE\u00c7 ZOGAJ Intelektual\u00eb q\u00eb p\u00ebrfshihen n\u00eb politik\u00eb ka patur e ka kurdoher\u00eb mjaftuesh\u00ebm. Por intelektual\u00eb q\u00eb arrijn\u00eb t\u00eb krijojn\u00eb nj\u00eb kauz\u00eb politike, t\u00eb b\u00ebhen lider\u00eb, t\u00eb votohen, t\u00eb fitojn\u00eb dhe mandej ta ruajn\u00eb deri n\u00eb fund p\u00ebrmas\u00ebn e tyre intelektuale ka m\u00eb pak. Nj\u00eb nga shembujt m\u00eb emblematik\u00eb t\u00eb fenomenit intelektual n\u00eb politik\u00eb [&hellip;]\" \/>\n<meta property=\"og:url\" content=\"https:\/\/fjala.info\/2009-2015\/nje-fenomen-intelektual-ne-politike\/\" \/>\n<meta property=\"og:site_name\" content=\"FjALA e LIR\u00cb - Arkivi\" \/>\n<meta property=\"article:published_time\" content=\"2012-08-18T07:05:02+00:00\" \/>\n<meta property=\"og:image\" content=\"http:\/\/www.fjala.info\/2012\/prec_zogaj.jpg\" \/>\n<meta name=\"author\" content=\"admin\" \/>\n<meta name=\"twitter:card\" content=\"summary_large_image\" \/>\n<meta name=\"twitter:label1\" content=\"Written by\" \/>\n\t<meta name=\"twitter:data1\" content=\"admin\" \/>\n\t<meta name=\"twitter:label2\" content=\"Est. reading time\" \/>\n\t<meta name=\"twitter:data2\" content=\"5 minutes\" \/>\n<script type=\"application\/ld+json\" class=\"yoast-schema-graph\">{\"@context\":\"https:\\\/\\\/schema.org\",\"@graph\":[{\"@type\":\"Article\",\"@id\":\"https:\\\/\\\/fjala.info\\\/2009-2015\\\/nje-fenomen-intelektual-ne-politike\\\/#article\",\"isPartOf\":{\"@id\":\"https:\\\/\\\/fjala.info\\\/2009-2015\\\/nje-fenomen-intelektual-ne-politike\\\/\"},\"author\":{\"name\":\"admin\",\"@id\":\"https:\\\/\\\/fjala.info\\\/2009-2015\\\/#\\\/schema\\\/person\\\/3aa1163ef05469c496fc94e77611ada2\"},\"headline\":\"Nj\u00eb fenomen intelektual n\u00eb politik\u00eb\",\"datePublished\":\"2012-08-18T07:05:02+00:00\",\"mainEntityOfPage\":{\"@id\":\"https:\\\/\\\/fjala.info\\\/2009-2015\\\/nje-fenomen-intelektual-ne-politike\\\/\"},\"wordCount\":1087,\"commentCount\":0,\"publisher\":{\"@id\":\"https:\\\/\\\/fjala.info\\\/2009-2015\\\/#organization\"},\"image\":{\"@id\":\"https:\\\/\\\/fjala.info\\\/2009-2015\\\/nje-fenomen-intelektual-ne-politike\\\/#primaryimage\"},\"thumbnailUrl\":\"http:\\\/\\\/www.fjala.info\\\/2012\\\/prec_zogaj.jpg\",\"articleSection\":[\"Artikuj\"],\"inLanguage\":\"sq-AL\",\"potentialAction\":[{\"@type\":\"CommentAction\",\"name\":\"Comment\",\"target\":[\"https:\\\/\\\/fjala.info\\\/2009-2015\\\/nje-fenomen-intelektual-ne-politike\\\/#respond\"]}]},{\"@type\":\"WebPage\",\"@id\":\"https:\\\/\\\/fjala.info\\\/2009-2015\\\/nje-fenomen-intelektual-ne-politike\\\/\",\"url\":\"https:\\\/\\\/fjala.info\\\/2009-2015\\\/nje-fenomen-intelektual-ne-politike\\\/\",\"name\":\"Nj\u00eb fenomen intelektual n\u00eb politik\u00eb - FjALA e LIR\u00cb - Arkivi\",\"isPartOf\":{\"@id\":\"https:\\\/\\\/fjala.info\\\/2009-2015\\\/#website\"},\"primaryImageOfPage\":{\"@id\":\"https:\\\/\\\/fjala.info\\\/2009-2015\\\/nje-fenomen-intelektual-ne-politike\\\/#primaryimage\"},\"image\":{\"@id\":\"https:\\\/\\\/fjala.info\\\/2009-2015\\\/nje-fenomen-intelektual-ne-politike\\\/#primaryimage\"},\"thumbnailUrl\":\"http:\\\/\\\/www.fjala.info\\\/2012\\\/prec_zogaj.jpg\",\"datePublished\":\"2012-08-18T07:05:02+00:00\",\"breadcrumb\":{\"@id\":\"https:\\\/\\\/fjala.info\\\/2009-2015\\\/nje-fenomen-intelektual-ne-politike\\\/#breadcrumb\"},\"inLanguage\":\"sq-AL\",\"potentialAction\":[{\"@type\":\"ReadAction\",\"target\":[\"https:\\\/\\\/fjala.info\\\/2009-2015\\\/nje-fenomen-intelektual-ne-politike\\\/\"]}]},{\"@type\":\"ImageObject\",\"inLanguage\":\"sq-AL\",\"@id\":\"https:\\\/\\\/fjala.info\\\/2009-2015\\\/nje-fenomen-intelektual-ne-politike\\\/#primaryimage\",\"url\":\"http:\\\/\\\/www.fjala.info\\\/2012\\\/prec_zogaj.jpg\",\"contentUrl\":\"http:\\\/\\\/www.fjala.info\\\/2012\\\/prec_zogaj.jpg\"},{\"@type\":\"BreadcrumbList\",\"@id\":\"https:\\\/\\\/fjala.info\\\/2009-2015\\\/nje-fenomen-intelektual-ne-politike\\\/#breadcrumb\",\"itemListElement\":[{\"@type\":\"ListItem\",\"position\":1,\"name\":\"Home\",\"item\":\"https:\\\/\\\/fjala.info\\\/2009-2015\\\/\"},{\"@type\":\"ListItem\",\"position\":2,\"name\":\"Nj\u00eb fenomen intelektual n\u00eb politik\u00eb\"}]},{\"@type\":\"WebSite\",\"@id\":\"https:\\\/\\\/fjala.info\\\/2009-2015\\\/#website\",\"url\":\"https:\\\/\\\/fjala.info\\\/2009-2015\\\/\",\"name\":\"FjALA e LIR\u00cb - Arkivi\",\"description\":\"Arkivi 2009-2015\",\"publisher\":{\"@id\":\"https:\\\/\\\/fjala.info\\\/2009-2015\\\/#organization\"},\"potentialAction\":[{\"@type\":\"SearchAction\",\"target\":{\"@type\":\"EntryPoint\",\"urlTemplate\":\"https:\\\/\\\/fjala.info\\\/2009-2015\\\/?s={search_term_string}\"},\"query-input\":{\"@type\":\"PropertyValueSpecification\",\"valueRequired\":true,\"valueName\":\"search_term_string\"}}],\"inLanguage\":\"sq-AL\"},{\"@type\":\"Organization\",\"@id\":\"https:\\\/\\\/fjala.info\\\/2009-2015\\\/#organization\",\"name\":\"FjALA e LIR\u00cb - Arkivi\",\"url\":\"https:\\\/\\\/fjala.info\\\/2009-2015\\\/\",\"logo\":{\"@type\":\"ImageObject\",\"inLanguage\":\"sq-AL\",\"@id\":\"https:\\\/\\\/fjala.info\\\/2009-2015\\\/#\\\/schema\\\/logo\\\/image\\\/\",\"url\":\"\",\"contentUrl\":\"\",\"caption\":\"FjALA e LIR\u00cb - Arkivi\"},\"image\":{\"@id\":\"https:\\\/\\\/fjala.info\\\/2009-2015\\\/#\\\/schema\\\/logo\\\/image\\\/\"}},{\"@type\":\"Person\",\"@id\":\"https:\\\/\\\/fjala.info\\\/2009-2015\\\/#\\\/schema\\\/person\\\/3aa1163ef05469c496fc94e77611ada2\",\"name\":\"admin\",\"image\":{\"@type\":\"ImageObject\",\"inLanguage\":\"sq-AL\",\"@id\":\"https:\\\/\\\/fjala.info\\\/2009-2015\\\/wp-content\\\/uploads\\\/2012\\\/02\\\/arben_cokaj-120x150.jpg\",\"url\":\"https:\\\/\\\/fjala.info\\\/2009-2015\\\/wp-content\\\/uploads\\\/2012\\\/02\\\/arben_cokaj-120x150.jpg\",\"contentUrl\":\"https:\\\/\\\/fjala.info\\\/2009-2015\\\/wp-content\\\/uploads\\\/2012\\\/02\\\/arben_cokaj-120x150.jpg\",\"caption\":\"admin\"},\"description\":\"Admin, Fjala e Lir\u00eb\",\"sameAs\":[\"https:\\\/\\\/fjala.info\\\/\"],\"url\":\"https:\\\/\\\/fjala.info\\\/2009-2015\\\/author\\\/admin\\\/\"}]}<\/script>\n<!-- \/ Yoast SEO plugin. -->","yoast_head_json":{"title":"Nj\u00eb fenomen intelektual n\u00eb politik\u00eb - FjALA e LIR\u00cb - Arkivi","robots":{"index":"index","follow":"follow","max-snippet":"max-snippet:-1","max-image-preview":"max-image-preview:large","max-video-preview":"max-video-preview:-1"},"canonical":"https:\/\/fjala.info\/2009-2015\/nje-fenomen-intelektual-ne-politike\/","og_locale":"sq_AL","og_type":"article","og_title":"Nj\u00eb fenomen intelektual n\u00eb politik\u00eb - FjALA e LIR\u00cb - Arkivi","og_description":"Analiz\u00eb nga PRE\u00c7 ZOGAJ Intelektual\u00eb q\u00eb p\u00ebrfshihen n\u00eb politik\u00eb ka patur e ka kurdoher\u00eb mjaftuesh\u00ebm. Por intelektual\u00eb q\u00eb arrijn\u00eb t\u00eb krijojn\u00eb nj\u00eb kauz\u00eb politike, t\u00eb b\u00ebhen lider\u00eb, t\u00eb votohen, t\u00eb fitojn\u00eb dhe mandej ta ruajn\u00eb deri n\u00eb fund p\u00ebrmas\u00ebn e tyre intelektuale ka m\u00eb pak. Nj\u00eb nga shembujt m\u00eb emblematik\u00eb t\u00eb fenomenit intelektual n\u00eb politik\u00eb [&hellip;]","og_url":"https:\/\/fjala.info\/2009-2015\/nje-fenomen-intelektual-ne-politike\/","og_site_name":"FjALA e LIR\u00cb - Arkivi","article_published_time":"2012-08-18T07:05:02+00:00","og_image":[{"url":"http:\/\/www.fjala.info\/2012\/prec_zogaj.jpg","type":"","width":"","height":""}],"author":"admin","twitter_card":"summary_large_image","twitter_misc":{"Written by":"admin","Est. reading time":"5 minutes"},"schema":{"@context":"https:\/\/schema.org","@graph":[{"@type":"Article","@id":"https:\/\/fjala.info\/2009-2015\/nje-fenomen-intelektual-ne-politike\/#article","isPartOf":{"@id":"https:\/\/fjala.info\/2009-2015\/nje-fenomen-intelektual-ne-politike\/"},"author":{"name":"admin","@id":"https:\/\/fjala.info\/2009-2015\/#\/schema\/person\/3aa1163ef05469c496fc94e77611ada2"},"headline":"Nj\u00eb fenomen intelektual n\u00eb politik\u00eb","datePublished":"2012-08-18T07:05:02+00:00","mainEntityOfPage":{"@id":"https:\/\/fjala.info\/2009-2015\/nje-fenomen-intelektual-ne-politike\/"},"wordCount":1087,"commentCount":0,"publisher":{"@id":"https:\/\/fjala.info\/2009-2015\/#organization"},"image":{"@id":"https:\/\/fjala.info\/2009-2015\/nje-fenomen-intelektual-ne-politike\/#primaryimage"},"thumbnailUrl":"http:\/\/www.fjala.info\/2012\/prec_zogaj.jpg","articleSection":["Artikuj"],"inLanguage":"sq-AL","potentialAction":[{"@type":"CommentAction","name":"Comment","target":["https:\/\/fjala.info\/2009-2015\/nje-fenomen-intelektual-ne-politike\/#respond"]}]},{"@type":"WebPage","@id":"https:\/\/fjala.info\/2009-2015\/nje-fenomen-intelektual-ne-politike\/","url":"https:\/\/fjala.info\/2009-2015\/nje-fenomen-intelektual-ne-politike\/","name":"Nj\u00eb fenomen intelektual n\u00eb politik\u00eb - FjALA e LIR\u00cb - Arkivi","isPartOf":{"@id":"https:\/\/fjala.info\/2009-2015\/#website"},"primaryImageOfPage":{"@id":"https:\/\/fjala.info\/2009-2015\/nje-fenomen-intelektual-ne-politike\/#primaryimage"},"image":{"@id":"https:\/\/fjala.info\/2009-2015\/nje-fenomen-intelektual-ne-politike\/#primaryimage"},"thumbnailUrl":"http:\/\/www.fjala.info\/2012\/prec_zogaj.jpg","datePublished":"2012-08-18T07:05:02+00:00","breadcrumb":{"@id":"https:\/\/fjala.info\/2009-2015\/nje-fenomen-intelektual-ne-politike\/#breadcrumb"},"inLanguage":"sq-AL","potentialAction":[{"@type":"ReadAction","target":["https:\/\/fjala.info\/2009-2015\/nje-fenomen-intelektual-ne-politike\/"]}]},{"@type":"ImageObject","inLanguage":"sq-AL","@id":"https:\/\/fjala.info\/2009-2015\/nje-fenomen-intelektual-ne-politike\/#primaryimage","url":"http:\/\/www.fjala.info\/2012\/prec_zogaj.jpg","contentUrl":"http:\/\/www.fjala.info\/2012\/prec_zogaj.jpg"},{"@type":"BreadcrumbList","@id":"https:\/\/fjala.info\/2009-2015\/nje-fenomen-intelektual-ne-politike\/#breadcrumb","itemListElement":[{"@type":"ListItem","position":1,"name":"Home","item":"https:\/\/fjala.info\/2009-2015\/"},{"@type":"ListItem","position":2,"name":"Nj\u00eb fenomen intelektual n\u00eb politik\u00eb"}]},{"@type":"WebSite","@id":"https:\/\/fjala.info\/2009-2015\/#website","url":"https:\/\/fjala.info\/2009-2015\/","name":"FjALA e LIR\u00cb - Arkivi","description":"Arkivi 2009-2015","publisher":{"@id":"https:\/\/fjala.info\/2009-2015\/#organization"},"potentialAction":[{"@type":"SearchAction","target":{"@type":"EntryPoint","urlTemplate":"https:\/\/fjala.info\/2009-2015\/?s={search_term_string}"},"query-input":{"@type":"PropertyValueSpecification","valueRequired":true,"valueName":"search_term_string"}}],"inLanguage":"sq-AL"},{"@type":"Organization","@id":"https:\/\/fjala.info\/2009-2015\/#organization","name":"FjALA e LIR\u00cb - Arkivi","url":"https:\/\/fjala.info\/2009-2015\/","logo":{"@type":"ImageObject","inLanguage":"sq-AL","@id":"https:\/\/fjala.info\/2009-2015\/#\/schema\/logo\/image\/","url":"","contentUrl":"","caption":"FjALA e LIR\u00cb - Arkivi"},"image":{"@id":"https:\/\/fjala.info\/2009-2015\/#\/schema\/logo\/image\/"}},{"@type":"Person","@id":"https:\/\/fjala.info\/2009-2015\/#\/schema\/person\/3aa1163ef05469c496fc94e77611ada2","name":"admin","image":{"@type":"ImageObject","inLanguage":"sq-AL","@id":"https:\/\/fjala.info\/2009-2015\/wp-content\/uploads\/2012\/02\/arben_cokaj-120x150.jpg","url":"https:\/\/fjala.info\/2009-2015\/wp-content\/uploads\/2012\/02\/arben_cokaj-120x150.jpg","contentUrl":"https:\/\/fjala.info\/2009-2015\/wp-content\/uploads\/2012\/02\/arben_cokaj-120x150.jpg","caption":"admin"},"description":"Admin, Fjala e Lir\u00eb","sameAs":["https:\/\/fjala.info\/"],"url":"https:\/\/fjala.info\/2009-2015\/author\/admin\/"}]}},"_links":{"self":[{"href":"https:\/\/fjala.info\/2009-2015\/wp-json\/wp\/v2\/posts\/4494","targetHints":{"allow":["GET"]}}],"collection":[{"href":"https:\/\/fjala.info\/2009-2015\/wp-json\/wp\/v2\/posts"}],"about":[{"href":"https:\/\/fjala.info\/2009-2015\/wp-json\/wp\/v2\/types\/post"}],"author":[{"embeddable":true,"href":"https:\/\/fjala.info\/2009-2015\/wp-json\/wp\/v2\/users\/1"}],"replies":[{"embeddable":true,"href":"https:\/\/fjala.info\/2009-2015\/wp-json\/wp\/v2\/comments?post=4494"}],"version-history":[{"count":0,"href":"https:\/\/fjala.info\/2009-2015\/wp-json\/wp\/v2\/posts\/4494\/revisions"}],"wp:attachment":[{"href":"https:\/\/fjala.info\/2009-2015\/wp-json\/wp\/v2\/media?parent=4494"}],"wp:term":[{"taxonomy":"category","embeddable":true,"href":"https:\/\/fjala.info\/2009-2015\/wp-json\/wp\/v2\/categories?post=4494"},{"taxonomy":"post_tag","embeddable":true,"href":"https:\/\/fjala.info\/2009-2015\/wp-json\/wp\/v2\/tags?post=4494"}],"curies":[{"name":"wp","href":"https:\/\/api.w.org\/{rel}","templated":true}]}}