{"id":4493,"date":"2010-10-27T08:59:47","date_gmt":"2010-10-27T07:59:47","guid":{"rendered":"http:\/\/fjala.shkoder.net\/?p=4493"},"modified":"2010-10-27T08:59:47","modified_gmt":"2010-10-27T07:59:47","slug":"rama-opozita-mocion-kunder-berishes-ne-kuvend","status":"publish","type":"post","link":"https:\/\/fjala.info\/2009-2015\/rama-opozita-mocion-kunder-berishes-ne-kuvend\/","title":{"rendered":"Rama: Opozita mocion kund\u00ebr Berish\u00ebs n\u00eb Kuvend"},"content":{"rendered":"<p><img loading=\"lazy\" decoding=\"async\" class=\"alignleft size-full wp-image-4494\" title=\"Rama - 5 pyetje nga Babaramo\" src=\"http:\/\/fjala.shkoder.net\/wp-content\/uploads\/2010\/10\/rama_5_pyetje_babaramo.jpg\" alt=\"\" width=\"210\" height=\"160\" \/><\/p>\n<p><em>TIRANE<\/em> &#8211; Kryetari i PS-s\u00eb, Edi Rama deklaroi dje gjat\u00eb emisionit \u201c5 pyetjet nga Babaramo\u201d n\u00eb \u201cNews 24\u201d se opozita po mendon nj\u00eb mocion mosbesimi ndaj qeveris\u00eb \u201cBerisha\u201d \u201cMocioni \u00ebsht\u00eb nj\u00eb mjet demokratik dhe nuk do t\u00eb ishte keq q\u00eb ai t\u00eb paraqitej n\u00eb Kuvend\u201d, tha Rama.<\/p>\n<p>&#8220;Mocionet e mosbesimit jan\u00eb praktika q\u00eb ndiqen normalisht n\u00eb jet\u00ebn parlamentare t\u00eb vendeve me demokraci t\u00eb zhvilluara, pavar\u00ebsisht numrave. Nj\u00eb mocion mosbesimi n\u00eb tradit\u00ebn e parlamenteve evropiane \u00ebsht\u00eb nj\u00eb akt refuzimi i qeveris\u00eb n\u00eb nj\u00eb moment t\u00eb caktuar p\u00ebr nj\u00eb s\u00ebr\u00eb arsyesh. K\u00ebshtu q\u00eb th\u00ebn\u00eb kjo, mocioni i mosbesimit nuk \u00ebsht\u00eb nj\u00eb kalkulim numrash, por \u00ebsht\u00eb nj\u00eb gjest politik. Nuk p\u00ebrjashtohet q\u00eb ne ta b\u00ebjm\u00eb k\u00ebt\u00eb dhe nuk do t\u00eb ishte keq q\u00eb ky t\u00eb b\u00ebhej pjes\u00eb e jet\u00ebs parlamentare&#8221;, shprehet Rama.<\/p>\n<p>I pyetur me pas se ne cfare rrethanash do e beje kete, Rama shton se &#8220;Un\u00eb thash\u00eb q\u00eb nuk p\u00ebrjashtohet nj\u00eb gj\u00eb e till\u00eb, por sot ne nuk kemi n\u00eb plan t\u00eb b\u00ebjm\u00eb nj\u00eb gj\u00eb t\u00eb till\u00eb&#8221;.<\/p>\n<p><strong>Meta paterice e Berishes<br \/>\n<\/strong>I pyetur ne emision nese do te kete nje afrim me Ilir Meten, Rama ben vleresimin e radhes per kete ceshtje. &#8220;LSI ka b\u00ebr\u00eb zgjedhjen e saj t\u00eb qart\u00eb si pateric\u00eb e PD-s\u00eb dhe Ilir Meta ka b\u00ebr\u00eb zgjedhjen si pjes\u00eb e nj\u00eb koalicioni t\u00eb dal\u00eb nga zgjedhje t\u00eb grabitura&#8221;.<br \/>\nEdher nese Mweta do te prishte koalicionin me Berishen, rama pergjjget prere. &#8220;Nuk flasim me n\u00ebse, por me fakte dhe prova t\u00eb nj\u00eb jete t\u00eb p\u00ebrditshme t\u00eb shqiptar\u00ebve, e cila po r\u00ebndohet&#8221;.<\/p>\n<p><strong>Rama: Pres te takoj Vangjel Tavon<br \/>\n<\/strong>Duke folur p\u00ebr vendimet e fundit t\u00eb disa prej deputet\u00ebve p\u00ebr tu larguar nga partit\u00eb, n\u00ebn sigl\u00ebn e t\u00eb cilave u zgjodh\u00ebn n\u00eb 28 qershor, Rama tha se \u00ebsht\u00eb n\u00eb pritje t\u00eb nj\u00eb takimi me deputetin Vangjel Tavo p\u00ebr ti dh\u00ebn\u00eb zgjidhje problemit t\u00eb ngritur nga ana e tij.<\/p>\n<p>\u201c<em>Jam gati ta takoj Vangjel Tavon, por k\u00ebto nuk jan\u00eb probleme q\u00eb mund t\u00eb shtrohen as mund t\u00eb zgjidhen n\u00eb m\u00ebnyr\u00eb mediatike, por mes nesh. Ka pasur momente n\u00eb parlamentin shqiptar t\u00eb shitjes e blerjes s\u00eb deputet\u00ebve. Deri n\u00eb momentin q\u00eb flasim, dy deputet\u00eb kan\u00eb braktisur radh\u00ebt e shumic\u00ebs duke deklaruar secili p\u00ebr arsye t\u00eb tij nj\u00eb pak\u00ebnaq\u00ebsi ndaj qeveris\u00eb<\/em>\u201d &#8211;\u00a0theksoi kryetari i PS.<\/p>\n<p><strong>Mandati i Beqjas, k\u00ebrkesa shprehje e d\u00ebshp\u00ebrimit t\u00eb pushtetit<br \/>\n<\/strong>Kryetari i opozit\u00ebs konsideroi t\u00eb pavlefsh\u00ebm votimin n\u00eb parlament p\u00ebr d\u00ebrgimin n\u00eb Gjykat\u00ebn Kushtetutese t\u00eb c\u00ebshtjes s\u00eb mandatit t\u00eb deputetit socialist Ilir Beqja. Nd\u00ebrsa n\u00ebnvizoi se deputeti Beqja nuk ka shkelur n\u00eb asnj\u00eb moment Kushtetut\u00ebn e ligjin, Rama e konsideroi at\u00eb nj\u00eb shembull t\u00eb shk\u00eblqyer.<\/p>\n<p>\u201cMandati i Beqjas nuk ka marr\u00eb shumic\u00ebn e t\u00eb pranishm\u00ebve nuk i shkon dot Gjykat\u00ebs Kushtetuese dhe p\u00ebrtej k\u00ebsaj ajo k\u00ebrkes\u00eb ishte shprehje e d\u00ebshp\u00ebrimit n\u00eb t\u00eb cilin po zhytet p\u00ebrdi\u00eb pushtetit. Beqja nuk e ka ushtruar mandatin e tij n\u00eb koh\u00ebn kur \u00ebsht\u00eb b\u00ebr\u00eb nj\u00eb gar\u00eb nga kompania e tij\u201d tha Rama.<\/p>\n<p><strong>Tryeza p\u00ebr reform\u00ebn Zgjedhore, Rama: S\u2019ka kod t\u00eb ri pa transparenc\u00eb<br \/>\n<\/strong>I pyetur n\u00eb lidhje me pjes\u00ebmarrjen e tij t\u00eb papritur n\u00eb tryez\u00ebn e thirrur nga kreu i qeveris\u00eb p\u00ebr nisjen e pun\u00ebs p\u00ebr reform\u00ebn zgjedhore, Rama u shpreh se prania e tij n\u00eb tryez\u00eb ishte detyrimi p\u00ebr ti p\u00ebrs\u00ebritur qeveris\u00eb se opozita nuk do t\u00eb marr\u00eb pjes\u00eb n\u00eb p\u00ebrmir\u00ebsimin e reform\u00ebs zgjedhore pa u b\u00ebr\u00eb transparenca e zgjedhjeve t\u00eb kaluara.<br \/>\n\u201c<em>Vajtja ime n\u00eb tryez\u00eb ishte vijim i natyrsh\u00ebm i p\u00ebrpjekjeve p\u00ebr transparenc\u00ebn. Oferta e re \u00ebsht\u00eb e shkruar e zez\u00eb mbi t\u00eb bardh\u00eb mbi rezolut\u00ebn e PE dhe \u00ebsht\u00eb nj\u00eb hap konkret p\u00ebr t\u00eb zbatuar rezolut\u00ebn e PE<\/em>\u201d &#8211;\u00a0u shpreh Rama nd\u00ebrsa theksoi se Shqip\u00ebria ka nevoj\u00eb p\u00ebr transparenc\u00eb n\u00eb cdo detaj t\u00eb vendimmarrjes.<\/p>\n<p>Nd\u00ebrkaq kreu socialist n\u00ebnvizoi vendosm\u00ebrin\u00eb e opozit\u00ebs p\u00ebr t\u00eb mos lejuar zgjedhje t\u00eb reja n\u00eb Shqip\u00ebri, n\u00ebse sic tha ai, nuk do t\u00eb ket\u00eb garanci p\u00ebr zgjedhje t\u00eb lira e t\u00eb ndershme.<br \/>\n\u201c<em>Protestat jan\u00eb pjes\u00eb e p\u00ebrpjekjes son\u00eb p\u00ebr k\u00ebrkimin e trasnparenc\u00ebs. Ka vendosm\u00ebri p\u00ebr ta b\u00ebr\u00eb trasparenc\u00ebn. Zgjedhjet nuk i grabiti kodi elektoral. N\u00eb 28 qershor vullneti i shqiptar\u00ebve nuk u deformua nga ligji, por nga shkelja e tij<\/em>\u201d<\/p>\n<p><strong>Shembja e piramid\u00ebs, marr\u00ebzi e pushtetit me vota t\u00eb vjedhura<br \/>\n<\/strong>Kryetari i opozit\u00ebs konsideroi nj\u00eb marr\u00ebzi vendimin e qeveris\u00eb p\u00ebr shembjen e piramid\u00ebs n\u00eb Bulevardin \u201cD\u00ebshmor\u00ebt e Kombit\u201d duke theksuar se n\u00eb k\u00ebt\u00eb m\u00ebnyr\u00eb po fshihen gjurm\u00ebt e historis\u00eb s\u00eb vendit.<\/p>\n<p>\u201cT\u00eb shemb\u00ebsh piramid\u00ebn me mend\u00ebsin\u00eb se do t\u00eb shembet simboli i diktatur\u00ebs, \u00ebsht\u00eb nj\u00eb marr\u00ebzi, nuk ka lidhje me at\u00eb c\u2019ka ka nevoj\u00eb ky vend. \u00cbsht\u00eb nj\u00ebsoj n\u00eb tryez\u00ebn e s\u00eb premtes ti thosha zotit Berisha, si s\u2019t\u00eb vjen turp q\u00eb je ulur n\u00eb karrigen ku ulej Enver Hoxha\u201d<\/p>\n<p><strong>Martesa me Linden<\/strong><br \/>\nI ftuar n\u00eb emisionin \u201c5 pyetje nga Babaramo\u201d n\u00eb televizionin News24, kreu i PS foli dhe p\u00ebr martes\u00ebn e tij me Lind\u00ebn, vet\u00ebm 2 dit\u00eb pas ceremonis\u00eb s\u00eb bujshme t\u00eb organizuar pasditen e s\u00eb diel\u00ebs. Duke ju p\u00ebrgjigjur interpretimeve n\u00eb media, n\u00eb lidhje me arsyet e vendimit t\u00eb tij p\u00ebr t\u00eb kuror\u00ebzuar lidhjen me Linda Bash\u00ebn, Rama theksoi se gjithkush ka t\u00eb drejt\u00ebn e jet\u00ebs private.<\/p>\n<p>\u201c<em>I mir\u00ebkuptoj t\u00eb gjitha komentet dhe interpretimet e bera ne cirkun mediatik lidhur me nj\u00eb ngjarje njer\u00ebzore. Nga ana tjet\u00ebr duhet ta rikujtoj q\u00eb un\u00eb jam nj\u00eb njeri si gjith\u00eb t\u00eb tjetr\u00ebt dhe kam t\u00eb drejt\u00ebn dhe lirin\u00eb e nj\u00eb jete private e zgjedhjeve t\u00eb mija<\/em>\u201d &#8211;\u00a0u shpreh Rama.<\/p>\n<p>Kryesocialisti komentoi \u00e7astet m\u00eb t\u00eb ve\u00e7anta t\u00eb ceremonis\u00eb me 800 t\u00eb ftuar, duke ve\u00e7uar urimin e shkrimtarit t\u00eb madh Drit\u00ebro Agolli.<br \/>\n\u201c<em>Plot\u00ebsuam d\u00ebshir\u00ebn ton\u00eb p\u00ebr t\u00eb trokitur nj\u00eb got\u00eb me t\u00eb gjith\u00eb ata q\u00eb i donim. N\u00eb fest\u00ebn ton\u00eb nuk kishte asnj\u00eb t\u00eb pad\u00ebshiruar. Do t\u00eb ve\u00e7oja urimin e Drit\u00ebro Agollit, i cili m\u00eb shkruajti nj\u00eb tekst t\u00eb thjesht\u00eb kuptimplot\u00eb<\/em>\u201d<\/p>\n<p>(<em>e.n\/d.b\/BalkanWeb<\/em>)<\/p>\n","protected":false},"excerpt":{"rendered":"<p>TIRANE &#8211; Kryetari i PS-s\u00eb, Edi Rama deklaroi dje gjat\u00eb emisionit \u201c5 pyetjet nga Babaramo\u201d n\u00eb \u201cNews 24\u201d se opozita po mendon nj\u00eb mocion mosbesimi ndaj qeveris\u00eb \u201cBerisha\u201d \u201cMocioni \u00ebsht\u00eb nj\u00eb mjet demokratik dhe nuk do t\u00eb ishte keq q\u00eb ai t\u00eb paraqitej n\u00eb Kuvend\u201d, tha Rama. &#8220;Mocionet e mosbesimit jan\u00eb praktika q\u00eb ndiqen normalisht [&hellip;]<\/p>\n","protected":false},"author":1,"featured_media":0,"comment_status":"open","ping_status":"closed","sticky":false,"template":"","format":"standard","meta":{"footnotes":""},"categories":[2,4],"tags":[],"class_list":{"0":"post-4493","1":"post","2":"type-post","3":"status-publish","4":"format-standard","6":"category-artikuj","7":"category-intervista"},"yoast_head":"<!-- This site is optimized with the Yoast SEO plugin v27.4 - https:\/\/yoast.com\/product\/yoast-seo-wordpress\/ -->\n<title>Rama: Opozita mocion kund\u00ebr Berish\u00ebs n\u00eb Kuvend - FjALA e LIR\u00cb - Arkivi<\/title>\n<meta name=\"robots\" content=\"index, follow, max-snippet:-1, max-image-preview:large, max-video-preview:-1\" \/>\n<link rel=\"canonical\" href=\"https:\/\/fjala.info\/2009-2015\/rama-opozita-mocion-kunder-berishes-ne-kuvend\/\" \/>\n<meta property=\"og:locale\" content=\"sq_AL\" \/>\n<meta property=\"og:type\" content=\"article\" \/>\n<meta property=\"og:title\" content=\"Rama: Opozita mocion kund\u00ebr Berish\u00ebs n\u00eb Kuvend - FjALA e LIR\u00cb - Arkivi\" \/>\n<meta property=\"og:description\" content=\"TIRANE &#8211; Kryetari i PS-s\u00eb, Edi Rama deklaroi dje gjat\u00eb emisionit \u201c5 pyetjet nga Babaramo\u201d n\u00eb \u201cNews 24\u201d se opozita po mendon nj\u00eb mocion mosbesimi ndaj qeveris\u00eb \u201cBerisha\u201d \u201cMocioni \u00ebsht\u00eb nj\u00eb mjet demokratik dhe nuk do t\u00eb ishte keq q\u00eb ai t\u00eb paraqitej n\u00eb Kuvend\u201d, tha Rama. &#8220;Mocionet e mosbesimit jan\u00eb praktika q\u00eb ndiqen normalisht [&hellip;]\" \/>\n<meta property=\"og:url\" content=\"https:\/\/fjala.info\/2009-2015\/rama-opozita-mocion-kunder-berishes-ne-kuvend\/\" \/>\n<meta property=\"og:site_name\" content=\"FjALA e LIR\u00cb - Arkivi\" \/>\n<meta property=\"article:published_time\" content=\"2010-10-27T07:59:47+00:00\" \/>\n<meta property=\"og:image\" content=\"http:\/\/fjala.shkoder.net\/wp-content\/uploads\/2010\/10\/rama_5_pyetje_babaramo.jpg\" \/>\n<meta name=\"author\" content=\"admin\" \/>\n<meta name=\"twitter:card\" content=\"summary_large_image\" \/>\n<meta name=\"twitter:label1\" content=\"Written by\" \/>\n\t<meta name=\"twitter:data1\" content=\"admin\" \/>\n\t<meta name=\"twitter:label2\" content=\"Est. reading time\" \/>\n\t<meta name=\"twitter:data2\" content=\"5 minutes\" \/>\n<script type=\"application\/ld+json\" class=\"yoast-schema-graph\">{\"@context\":\"https:\\\/\\\/schema.org\",\"@graph\":[{\"@type\":\"Article\",\"@id\":\"https:\\\/\\\/fjala.info\\\/2009-2015\\\/rama-opozita-mocion-kunder-berishes-ne-kuvend\\\/#article\",\"isPartOf\":{\"@id\":\"https:\\\/\\\/fjala.info\\\/2009-2015\\\/rama-opozita-mocion-kunder-berishes-ne-kuvend\\\/\"},\"author\":{\"name\":\"admin\",\"@id\":\"https:\\\/\\\/fjala.info\\\/2009-2015\\\/#\\\/schema\\\/person\\\/3aa1163ef05469c496fc94e77611ada2\"},\"headline\":\"Rama: Opozita mocion kund\u00ebr Berish\u00ebs n\u00eb Kuvend\",\"datePublished\":\"2010-10-27T07:59:47+00:00\",\"mainEntityOfPage\":{\"@id\":\"https:\\\/\\\/fjala.info\\\/2009-2015\\\/rama-opozita-mocion-kunder-berishes-ne-kuvend\\\/\"},\"wordCount\":1101,\"commentCount\":0,\"publisher\":{\"@id\":\"https:\\\/\\\/fjala.info\\\/2009-2015\\\/#organization\"},\"image\":{\"@id\":\"https:\\\/\\\/fjala.info\\\/2009-2015\\\/rama-opozita-mocion-kunder-berishes-ne-kuvend\\\/#primaryimage\"},\"thumbnailUrl\":\"http:\\\/\\\/fjala.shkoder.net\\\/wp-content\\\/uploads\\\/2010\\\/10\\\/rama_5_pyetje_babaramo.jpg\",\"articleSection\":[\"Artikuj\",\"Intervista\"],\"inLanguage\":\"sq-AL\",\"potentialAction\":[{\"@type\":\"CommentAction\",\"name\":\"Comment\",\"target\":[\"https:\\\/\\\/fjala.info\\\/2009-2015\\\/rama-opozita-mocion-kunder-berishes-ne-kuvend\\\/#respond\"]}]},{\"@type\":\"WebPage\",\"@id\":\"https:\\\/\\\/fjala.info\\\/2009-2015\\\/rama-opozita-mocion-kunder-berishes-ne-kuvend\\\/\",\"url\":\"https:\\\/\\\/fjala.info\\\/2009-2015\\\/rama-opozita-mocion-kunder-berishes-ne-kuvend\\\/\",\"name\":\"Rama: Opozita mocion kund\u00ebr Berish\u00ebs n\u00eb Kuvend - FjALA e LIR\u00cb - Arkivi\",\"isPartOf\":{\"@id\":\"https:\\\/\\\/fjala.info\\\/2009-2015\\\/#website\"},\"primaryImageOfPage\":{\"@id\":\"https:\\\/\\\/fjala.info\\\/2009-2015\\\/rama-opozita-mocion-kunder-berishes-ne-kuvend\\\/#primaryimage\"},\"image\":{\"@id\":\"https:\\\/\\\/fjala.info\\\/2009-2015\\\/rama-opozita-mocion-kunder-berishes-ne-kuvend\\\/#primaryimage\"},\"thumbnailUrl\":\"http:\\\/\\\/fjala.shkoder.net\\\/wp-content\\\/uploads\\\/2010\\\/10\\\/rama_5_pyetje_babaramo.jpg\",\"datePublished\":\"2010-10-27T07:59:47+00:00\",\"breadcrumb\":{\"@id\":\"https:\\\/\\\/fjala.info\\\/2009-2015\\\/rama-opozita-mocion-kunder-berishes-ne-kuvend\\\/#breadcrumb\"},\"inLanguage\":\"sq-AL\",\"potentialAction\":[{\"@type\":\"ReadAction\",\"target\":[\"https:\\\/\\\/fjala.info\\\/2009-2015\\\/rama-opozita-mocion-kunder-berishes-ne-kuvend\\\/\"]}]},{\"@type\":\"ImageObject\",\"inLanguage\":\"sq-AL\",\"@id\":\"https:\\\/\\\/fjala.info\\\/2009-2015\\\/rama-opozita-mocion-kunder-berishes-ne-kuvend\\\/#primaryimage\",\"url\":\"http:\\\/\\\/fjala.shkoder.net\\\/wp-content\\\/uploads\\\/2010\\\/10\\\/rama_5_pyetje_babaramo.jpg\",\"contentUrl\":\"http:\\\/\\\/fjala.shkoder.net\\\/wp-content\\\/uploads\\\/2010\\\/10\\\/rama_5_pyetje_babaramo.jpg\"},{\"@type\":\"BreadcrumbList\",\"@id\":\"https:\\\/\\\/fjala.info\\\/2009-2015\\\/rama-opozita-mocion-kunder-berishes-ne-kuvend\\\/#breadcrumb\",\"itemListElement\":[{\"@type\":\"ListItem\",\"position\":1,\"name\":\"Home\",\"item\":\"https:\\\/\\\/fjala.info\\\/2009-2015\\\/\"},{\"@type\":\"ListItem\",\"position\":2,\"name\":\"Rama: Opozita mocion kund\u00ebr Berish\u00ebs n\u00eb Kuvend\"}]},{\"@type\":\"WebSite\",\"@id\":\"https:\\\/\\\/fjala.info\\\/2009-2015\\\/#website\",\"url\":\"https:\\\/\\\/fjala.info\\\/2009-2015\\\/\",\"name\":\"FjALA e LIR\u00cb - Arkivi\",\"description\":\"Arkivi 2009-2015\",\"publisher\":{\"@id\":\"https:\\\/\\\/fjala.info\\\/2009-2015\\\/#organization\"},\"potentialAction\":[{\"@type\":\"SearchAction\",\"target\":{\"@type\":\"EntryPoint\",\"urlTemplate\":\"https:\\\/\\\/fjala.info\\\/2009-2015\\\/?s={search_term_string}\"},\"query-input\":{\"@type\":\"PropertyValueSpecification\",\"valueRequired\":true,\"valueName\":\"search_term_string\"}}],\"inLanguage\":\"sq-AL\"},{\"@type\":\"Organization\",\"@id\":\"https:\\\/\\\/fjala.info\\\/2009-2015\\\/#organization\",\"name\":\"FjALA e LIR\u00cb - Arkivi\",\"url\":\"https:\\\/\\\/fjala.info\\\/2009-2015\\\/\",\"logo\":{\"@type\":\"ImageObject\",\"inLanguage\":\"sq-AL\",\"@id\":\"https:\\\/\\\/fjala.info\\\/2009-2015\\\/#\\\/schema\\\/logo\\\/image\\\/\",\"url\":\"\",\"contentUrl\":\"\",\"caption\":\"FjALA e LIR\u00cb - Arkivi\"},\"image\":{\"@id\":\"https:\\\/\\\/fjala.info\\\/2009-2015\\\/#\\\/schema\\\/logo\\\/image\\\/\"}},{\"@type\":\"Person\",\"@id\":\"https:\\\/\\\/fjala.info\\\/2009-2015\\\/#\\\/schema\\\/person\\\/3aa1163ef05469c496fc94e77611ada2\",\"name\":\"admin\",\"image\":{\"@type\":\"ImageObject\",\"inLanguage\":\"sq-AL\",\"@id\":\"https:\\\/\\\/fjala.info\\\/2009-2015\\\/wp-content\\\/uploads\\\/2012\\\/02\\\/arben_cokaj-120x150.jpg\",\"url\":\"https:\\\/\\\/fjala.info\\\/2009-2015\\\/wp-content\\\/uploads\\\/2012\\\/02\\\/arben_cokaj-120x150.jpg\",\"contentUrl\":\"https:\\\/\\\/fjala.info\\\/2009-2015\\\/wp-content\\\/uploads\\\/2012\\\/02\\\/arben_cokaj-120x150.jpg\",\"caption\":\"admin\"},\"description\":\"Admin, Fjala e Lir\u00eb\",\"sameAs\":[\"https:\\\/\\\/fjala.info\\\/\"],\"url\":\"https:\\\/\\\/fjala.info\\\/2009-2015\\\/author\\\/admin\\\/\"}]}<\/script>\n<!-- \/ Yoast SEO plugin. -->","yoast_head_json":{"title":"Rama: Opozita mocion kund\u00ebr Berish\u00ebs n\u00eb Kuvend - FjALA e LIR\u00cb - Arkivi","robots":{"index":"index","follow":"follow","max-snippet":"max-snippet:-1","max-image-preview":"max-image-preview:large","max-video-preview":"max-video-preview:-1"},"canonical":"https:\/\/fjala.info\/2009-2015\/rama-opozita-mocion-kunder-berishes-ne-kuvend\/","og_locale":"sq_AL","og_type":"article","og_title":"Rama: Opozita mocion kund\u00ebr Berish\u00ebs n\u00eb Kuvend - FjALA e LIR\u00cb - Arkivi","og_description":"TIRANE &#8211; Kryetari i PS-s\u00eb, Edi Rama deklaroi dje gjat\u00eb emisionit \u201c5 pyetjet nga Babaramo\u201d n\u00eb \u201cNews 24\u201d se opozita po mendon nj\u00eb mocion mosbesimi ndaj qeveris\u00eb \u201cBerisha\u201d \u201cMocioni \u00ebsht\u00eb nj\u00eb mjet demokratik dhe nuk do t\u00eb ishte keq q\u00eb ai t\u00eb paraqitej n\u00eb Kuvend\u201d, tha Rama. &#8220;Mocionet e mosbesimit jan\u00eb praktika q\u00eb ndiqen normalisht [&hellip;]","og_url":"https:\/\/fjala.info\/2009-2015\/rama-opozita-mocion-kunder-berishes-ne-kuvend\/","og_site_name":"FjALA e LIR\u00cb - Arkivi","article_published_time":"2010-10-27T07:59:47+00:00","og_image":[{"url":"http:\/\/fjala.shkoder.net\/wp-content\/uploads\/2010\/10\/rama_5_pyetje_babaramo.jpg","type":"","width":"","height":""}],"author":"admin","twitter_card":"summary_large_image","twitter_misc":{"Written by":"admin","Est. reading time":"5 minutes"},"schema":{"@context":"https:\/\/schema.org","@graph":[{"@type":"Article","@id":"https:\/\/fjala.info\/2009-2015\/rama-opozita-mocion-kunder-berishes-ne-kuvend\/#article","isPartOf":{"@id":"https:\/\/fjala.info\/2009-2015\/rama-opozita-mocion-kunder-berishes-ne-kuvend\/"},"author":{"name":"admin","@id":"https:\/\/fjala.info\/2009-2015\/#\/schema\/person\/3aa1163ef05469c496fc94e77611ada2"},"headline":"Rama: Opozita mocion kund\u00ebr Berish\u00ebs n\u00eb Kuvend","datePublished":"2010-10-27T07:59:47+00:00","mainEntityOfPage":{"@id":"https:\/\/fjala.info\/2009-2015\/rama-opozita-mocion-kunder-berishes-ne-kuvend\/"},"wordCount":1101,"commentCount":0,"publisher":{"@id":"https:\/\/fjala.info\/2009-2015\/#organization"},"image":{"@id":"https:\/\/fjala.info\/2009-2015\/rama-opozita-mocion-kunder-berishes-ne-kuvend\/#primaryimage"},"thumbnailUrl":"http:\/\/fjala.shkoder.net\/wp-content\/uploads\/2010\/10\/rama_5_pyetje_babaramo.jpg","articleSection":["Artikuj","Intervista"],"inLanguage":"sq-AL","potentialAction":[{"@type":"CommentAction","name":"Comment","target":["https:\/\/fjala.info\/2009-2015\/rama-opozita-mocion-kunder-berishes-ne-kuvend\/#respond"]}]},{"@type":"WebPage","@id":"https:\/\/fjala.info\/2009-2015\/rama-opozita-mocion-kunder-berishes-ne-kuvend\/","url":"https:\/\/fjala.info\/2009-2015\/rama-opozita-mocion-kunder-berishes-ne-kuvend\/","name":"Rama: Opozita mocion kund\u00ebr Berish\u00ebs n\u00eb Kuvend - FjALA e LIR\u00cb - Arkivi","isPartOf":{"@id":"https:\/\/fjala.info\/2009-2015\/#website"},"primaryImageOfPage":{"@id":"https:\/\/fjala.info\/2009-2015\/rama-opozita-mocion-kunder-berishes-ne-kuvend\/#primaryimage"},"image":{"@id":"https:\/\/fjala.info\/2009-2015\/rama-opozita-mocion-kunder-berishes-ne-kuvend\/#primaryimage"},"thumbnailUrl":"http:\/\/fjala.shkoder.net\/wp-content\/uploads\/2010\/10\/rama_5_pyetje_babaramo.jpg","datePublished":"2010-10-27T07:59:47+00:00","breadcrumb":{"@id":"https:\/\/fjala.info\/2009-2015\/rama-opozita-mocion-kunder-berishes-ne-kuvend\/#breadcrumb"},"inLanguage":"sq-AL","potentialAction":[{"@type":"ReadAction","target":["https:\/\/fjala.info\/2009-2015\/rama-opozita-mocion-kunder-berishes-ne-kuvend\/"]}]},{"@type":"ImageObject","inLanguage":"sq-AL","@id":"https:\/\/fjala.info\/2009-2015\/rama-opozita-mocion-kunder-berishes-ne-kuvend\/#primaryimage","url":"http:\/\/fjala.shkoder.net\/wp-content\/uploads\/2010\/10\/rama_5_pyetje_babaramo.jpg","contentUrl":"http:\/\/fjala.shkoder.net\/wp-content\/uploads\/2010\/10\/rama_5_pyetje_babaramo.jpg"},{"@type":"BreadcrumbList","@id":"https:\/\/fjala.info\/2009-2015\/rama-opozita-mocion-kunder-berishes-ne-kuvend\/#breadcrumb","itemListElement":[{"@type":"ListItem","position":1,"name":"Home","item":"https:\/\/fjala.info\/2009-2015\/"},{"@type":"ListItem","position":2,"name":"Rama: Opozita mocion kund\u00ebr Berish\u00ebs n\u00eb Kuvend"}]},{"@type":"WebSite","@id":"https:\/\/fjala.info\/2009-2015\/#website","url":"https:\/\/fjala.info\/2009-2015\/","name":"FjALA e LIR\u00cb - Arkivi","description":"Arkivi 2009-2015","publisher":{"@id":"https:\/\/fjala.info\/2009-2015\/#organization"},"potentialAction":[{"@type":"SearchAction","target":{"@type":"EntryPoint","urlTemplate":"https:\/\/fjala.info\/2009-2015\/?s={search_term_string}"},"query-input":{"@type":"PropertyValueSpecification","valueRequired":true,"valueName":"search_term_string"}}],"inLanguage":"sq-AL"},{"@type":"Organization","@id":"https:\/\/fjala.info\/2009-2015\/#organization","name":"FjALA e LIR\u00cb - Arkivi","url":"https:\/\/fjala.info\/2009-2015\/","logo":{"@type":"ImageObject","inLanguage":"sq-AL","@id":"https:\/\/fjala.info\/2009-2015\/#\/schema\/logo\/image\/","url":"","contentUrl":"","caption":"FjALA e LIR\u00cb - Arkivi"},"image":{"@id":"https:\/\/fjala.info\/2009-2015\/#\/schema\/logo\/image\/"}},{"@type":"Person","@id":"https:\/\/fjala.info\/2009-2015\/#\/schema\/person\/3aa1163ef05469c496fc94e77611ada2","name":"admin","image":{"@type":"ImageObject","inLanguage":"sq-AL","@id":"https:\/\/fjala.info\/2009-2015\/wp-content\/uploads\/2012\/02\/arben_cokaj-120x150.jpg","url":"https:\/\/fjala.info\/2009-2015\/wp-content\/uploads\/2012\/02\/arben_cokaj-120x150.jpg","contentUrl":"https:\/\/fjala.info\/2009-2015\/wp-content\/uploads\/2012\/02\/arben_cokaj-120x150.jpg","caption":"admin"},"description":"Admin, Fjala e Lir\u00eb","sameAs":["https:\/\/fjala.info\/"],"url":"https:\/\/fjala.info\/2009-2015\/author\/admin\/"}]}},"_links":{"self":[{"href":"https:\/\/fjala.info\/2009-2015\/wp-json\/wp\/v2\/posts\/4493","targetHints":{"allow":["GET"]}}],"collection":[{"href":"https:\/\/fjala.info\/2009-2015\/wp-json\/wp\/v2\/posts"}],"about":[{"href":"https:\/\/fjala.info\/2009-2015\/wp-json\/wp\/v2\/types\/post"}],"author":[{"embeddable":true,"href":"https:\/\/fjala.info\/2009-2015\/wp-json\/wp\/v2\/users\/1"}],"replies":[{"embeddable":true,"href":"https:\/\/fjala.info\/2009-2015\/wp-json\/wp\/v2\/comments?post=4493"}],"version-history":[{"count":0,"href":"https:\/\/fjala.info\/2009-2015\/wp-json\/wp\/v2\/posts\/4493\/revisions"}],"wp:attachment":[{"href":"https:\/\/fjala.info\/2009-2015\/wp-json\/wp\/v2\/media?parent=4493"}],"wp:term":[{"taxonomy":"category","embeddable":true,"href":"https:\/\/fjala.info\/2009-2015\/wp-json\/wp\/v2\/categories?post=4493"},{"taxonomy":"post_tag","embeddable":true,"href":"https:\/\/fjala.info\/2009-2015\/wp-json\/wp\/v2\/tags?post=4493"}],"curies":[{"name":"wp","href":"https:\/\/api.w.org\/{rel}","templated":true}]}}