{"id":4492,"date":"2012-08-18T07:53:29","date_gmt":"2012-08-18T06:53:29","guid":{"rendered":"http:\/\/www.fjala.info\/?p=4492"},"modified":"2012-08-18T07:53:29","modified_gmt":"2012-08-18T06:53:29","slug":"maqedoni-ne-krye-te-armates-vendoset-nje-gjeneral-shqiptar","status":"publish","type":"post","link":"https:\/\/fjala.info\/2009-2015\/maqedoni-ne-krye-te-armates-vendoset-nje-gjeneral-shqiptar\/","title":{"rendered":"Maqedoni, n\u00eb krye t\u00eb Armat\u00ebs vendoset nj\u00eb gjeneral shqiptar"},"content":{"rendered":"<p><img decoding=\"async\" class=\"alignright size-thumbnail wp-image-7236\" title=\"Muhamed Racaj\" src=\"http:\/\/www.fjala.info\/2012\/muhamed_racaj.jpg\" alt=\"\" width=\"300\" \/> <strong>Shekulli<\/strong>, <em>17.08.2012<\/em><\/p>\n<p>Maqedonia ka zgjedhur nj\u00eb gjeneral shqiptar n\u00eb krye t\u00eb Armat\u00ebs. Dit\u00ebn e sotme n\u00eb Maqedoni jan\u00eb zhvilluar manifestime p\u00ebr 20-vjetorin e Armat\u00ebs s\u00eb Republik\u00ebs s\u00eb Maqedonis\u00eb, ku ministri i Mbrojtjes, Fatmir Besimi, dhe shefi i shtabit t\u00eb p\u00ebrgjithsh\u00ebm, Gorjan\u00e7o Kotevski, i dhan\u00eb grad\u00ebn e kreut t\u00eb ARM-s\u00eb, gjeneral oficerit shqiptar, Muhamed Racaj.<\/p>\n<p>N\u00eb ceremonin\u00eb e organizuar n\u00eb oborrin e ministris\u00eb s\u00eb Mbrojtjes, Besimi t\u00eb pranishm\u00ebve iu drejtua n\u00eb gjuh\u00ebn shqipe. Ai tha se do t\u00eb angazhohet p\u00ebr nj\u00eb armat\u00eb moderne, e cila do t\u00eb jet\u00eb garanci p\u00ebr paqen dhe stabilitetin dhe nd\u00ebrtimin e mir\u00ebbesimit n\u00eb vend.<\/p>\n<p>Numri i ushtarak\u00ebve shqiptar\u00eb t\u00eb em\u00ebruar n\u00eb Armat\u00ebn e Maqedonis\u00eb \u00ebsht\u00eb rritur duke shkuar n\u00eb 171 nga 109 epror\u00eb shqiptar\u00eb q\u00eb ishte m\u00eb par\u00eb, po ashtu jan\u00eb em\u00ebruar edhe mbi 100 n\u00ebnoficer\u00eb. Sa i p\u00ebrket pozitave udh\u00ebheq\u00ebse n\u00eb ARM, po n\u00eb k\u00ebt\u00eb periudh\u00eb, sipas t\u00eb dh\u00ebnave t\u00eb ministris\u00eb s\u00eb Mbrojtjes jan\u00eb 39 shqiptar\u00eb dhe paralajm\u00ebrohet se deri n\u00eb fund t\u00eb vitit numri i tyre do t\u00eb rritet edhe me 18 t\u00eb tjer\u00eb.<\/p>\n<p>Shefi i Shtabit t\u00eb P\u00ebrgjithsh\u00ebm, Koteski nuk e anashkaloi rastin e fundit me p\u00ebrkuljen e ushtar\u00ebve t\u00eb ARM-s\u00eb n\u00eb Sllup\u00e7an para d\u00ebshmor\u00ebve t\u00eb U\u00c7K-s\u00eb. Ai tha se nuk do t\u00eb lejoj\u00eb ask\u00ebnd q\u00eb t\u00eb keqp\u00ebrdor\u00eb pjes\u00ebtar\u00ebt e ARM-s\u00eb p\u00ebr p\u00ebrfitime politike. \u201cSi shef i Shtabit, nga t\u00eb gjith\u00eb pjes\u00ebtar\u00ebt e Armat\u00ebs k\u00ebrkoj mb\u00ebshtetje, profesionaliz\u00ebm, disiplin\u00eb dhe p\u00ebrgjegj\u00ebsi n\u00eb pun\u00eb. Kjo \u00ebsht\u00eb m\u00eb tep\u00ebr se e nevojshme p\u00ebr realizimin e q\u00ebllimeve mbrojt\u00ebse. Ata t\u00eb cil\u00ebt nuk mund t\u2019i plot\u00ebsojn\u00eb k\u00ebto kritere dhe vlera morale, nuk e kan\u00eb vendin n\u00eb radh\u00ebt e Armat\u00ebs. Nuk do t\u00eb lejoj thyerjen e shigjetave politike mbi kokat e pjes\u00ebtar\u00ebve t\u00eb ARM-s\u00eb p\u00ebr interesa partiake\u201d, tha Koteski.<\/p>\n","protected":false},"excerpt":{"rendered":"<p>Shekulli, 17.08.2012 Maqedonia ka zgjedhur nj\u00eb gjeneral shqiptar n\u00eb krye t\u00eb Armat\u00ebs. Dit\u00ebn e sotme n\u00eb Maqedoni jan\u00eb zhvilluar manifestime p\u00ebr 20-vjetorin e Armat\u00ebs s\u00eb Republik\u00ebs s\u00eb Maqedonis\u00eb, ku ministri i Mbrojtjes, Fatmir Besimi, dhe shefi i shtabit t\u00eb p\u00ebrgjithsh\u00ebm, Gorjan\u00e7o Kotevski, i dhan\u00eb grad\u00ebn e kreut t\u00eb ARM-s\u00eb, gjeneral oficerit shqiptar, Muhamed Racaj. N\u00eb [&hellip;]<\/p>\n","protected":false},"author":1,"featured_media":0,"comment_status":"open","ping_status":"closed","sticky":false,"template":"","format":"standard","meta":{"footnotes":""},"categories":[2],"tags":[],"class_list":{"0":"post-4492","1":"post","2":"type-post","3":"status-publish","4":"format-standard","6":"category-artikuj"},"yoast_head":"<!-- This site is optimized with the Yoast SEO plugin v27.4 - https:\/\/yoast.com\/product\/yoast-seo-wordpress\/ -->\n<title>Maqedoni, n\u00eb krye t\u00eb Armat\u00ebs vendoset nj\u00eb gjeneral shqiptar - FjALA e LIR\u00cb - Arkivi<\/title>\n<meta name=\"robots\" content=\"index, follow, max-snippet:-1, max-image-preview:large, max-video-preview:-1\" \/>\n<link rel=\"canonical\" href=\"https:\/\/fjala.info\/2009-2015\/maqedoni-ne-krye-te-armates-vendoset-nje-gjeneral-shqiptar\/\" \/>\n<meta property=\"og:locale\" content=\"sq_AL\" \/>\n<meta property=\"og:type\" content=\"article\" \/>\n<meta property=\"og:title\" content=\"Maqedoni, n\u00eb krye t\u00eb Armat\u00ebs vendoset nj\u00eb gjeneral shqiptar - FjALA e LIR\u00cb - Arkivi\" \/>\n<meta property=\"og:description\" content=\"Shekulli, 17.08.2012 Maqedonia ka zgjedhur nj\u00eb gjeneral shqiptar n\u00eb krye t\u00eb Armat\u00ebs. Dit\u00ebn e sotme n\u00eb Maqedoni jan\u00eb zhvilluar manifestime p\u00ebr 20-vjetorin e Armat\u00ebs s\u00eb Republik\u00ebs s\u00eb Maqedonis\u00eb, ku ministri i Mbrojtjes, Fatmir Besimi, dhe shefi i shtabit t\u00eb p\u00ebrgjithsh\u00ebm, Gorjan\u00e7o Kotevski, i dhan\u00eb grad\u00ebn e kreut t\u00eb ARM-s\u00eb, gjeneral oficerit shqiptar, Muhamed Racaj. N\u00eb [&hellip;]\" \/>\n<meta property=\"og:url\" content=\"https:\/\/fjala.info\/2009-2015\/maqedoni-ne-krye-te-armates-vendoset-nje-gjeneral-shqiptar\/\" \/>\n<meta property=\"og:site_name\" content=\"FjALA e LIR\u00cb - Arkivi\" \/>\n<meta property=\"article:published_time\" content=\"2012-08-18T06:53:29+00:00\" \/>\n<meta property=\"og:image\" content=\"http:\/\/www.fjala.info\/2012\/muhamed_racaj.jpg\" \/>\n<meta name=\"author\" content=\"admin\" \/>\n<meta name=\"twitter:card\" content=\"summary_large_image\" \/>\n<meta name=\"twitter:label1\" content=\"Written by\" \/>\n\t<meta name=\"twitter:data1\" content=\"admin\" \/>\n\t<meta name=\"twitter:label2\" content=\"Est. reading time\" \/>\n\t<meta name=\"twitter:data2\" content=\"2 minutes\" \/>\n<script type=\"application\/ld+json\" class=\"yoast-schema-graph\">{\"@context\":\"https:\\\/\\\/schema.org\",\"@graph\":[{\"@type\":\"Article\",\"@id\":\"https:\\\/\\\/fjala.info\\\/2009-2015\\\/maqedoni-ne-krye-te-armates-vendoset-nje-gjeneral-shqiptar\\\/#article\",\"isPartOf\":{\"@id\":\"https:\\\/\\\/fjala.info\\\/2009-2015\\\/maqedoni-ne-krye-te-armates-vendoset-nje-gjeneral-shqiptar\\\/\"},\"author\":{\"name\":\"admin\",\"@id\":\"https:\\\/\\\/fjala.info\\\/2009-2015\\\/#\\\/schema\\\/person\\\/3aa1163ef05469c496fc94e77611ada2\"},\"headline\":\"Maqedoni, n\u00eb krye t\u00eb Armat\u00ebs vendoset nj\u00eb gjeneral shqiptar\",\"datePublished\":\"2012-08-18T06:53:29+00:00\",\"mainEntityOfPage\":{\"@id\":\"https:\\\/\\\/fjala.info\\\/2009-2015\\\/maqedoni-ne-krye-te-armates-vendoset-nje-gjeneral-shqiptar\\\/\"},\"wordCount\":345,\"commentCount\":0,\"publisher\":{\"@id\":\"https:\\\/\\\/fjala.info\\\/2009-2015\\\/#organization\"},\"image\":{\"@id\":\"https:\\\/\\\/fjala.info\\\/2009-2015\\\/maqedoni-ne-krye-te-armates-vendoset-nje-gjeneral-shqiptar\\\/#primaryimage\"},\"thumbnailUrl\":\"http:\\\/\\\/www.fjala.info\\\/2012\\\/muhamed_racaj.jpg\",\"articleSection\":[\"Artikuj\"],\"inLanguage\":\"sq-AL\",\"potentialAction\":[{\"@type\":\"CommentAction\",\"name\":\"Comment\",\"target\":[\"https:\\\/\\\/fjala.info\\\/2009-2015\\\/maqedoni-ne-krye-te-armates-vendoset-nje-gjeneral-shqiptar\\\/#respond\"]}]},{\"@type\":\"WebPage\",\"@id\":\"https:\\\/\\\/fjala.info\\\/2009-2015\\\/maqedoni-ne-krye-te-armates-vendoset-nje-gjeneral-shqiptar\\\/\",\"url\":\"https:\\\/\\\/fjala.info\\\/2009-2015\\\/maqedoni-ne-krye-te-armates-vendoset-nje-gjeneral-shqiptar\\\/\",\"name\":\"Maqedoni, n\u00eb krye t\u00eb Armat\u00ebs vendoset nj\u00eb gjeneral shqiptar - FjALA e LIR\u00cb - Arkivi\",\"isPartOf\":{\"@id\":\"https:\\\/\\\/fjala.info\\\/2009-2015\\\/#website\"},\"primaryImageOfPage\":{\"@id\":\"https:\\\/\\\/fjala.info\\\/2009-2015\\\/maqedoni-ne-krye-te-armates-vendoset-nje-gjeneral-shqiptar\\\/#primaryimage\"},\"image\":{\"@id\":\"https:\\\/\\\/fjala.info\\\/2009-2015\\\/maqedoni-ne-krye-te-armates-vendoset-nje-gjeneral-shqiptar\\\/#primaryimage\"},\"thumbnailUrl\":\"http:\\\/\\\/www.fjala.info\\\/2012\\\/muhamed_racaj.jpg\",\"datePublished\":\"2012-08-18T06:53:29+00:00\",\"breadcrumb\":{\"@id\":\"https:\\\/\\\/fjala.info\\\/2009-2015\\\/maqedoni-ne-krye-te-armates-vendoset-nje-gjeneral-shqiptar\\\/#breadcrumb\"},\"inLanguage\":\"sq-AL\",\"potentialAction\":[{\"@type\":\"ReadAction\",\"target\":[\"https:\\\/\\\/fjala.info\\\/2009-2015\\\/maqedoni-ne-krye-te-armates-vendoset-nje-gjeneral-shqiptar\\\/\"]}]},{\"@type\":\"ImageObject\",\"inLanguage\":\"sq-AL\",\"@id\":\"https:\\\/\\\/fjala.info\\\/2009-2015\\\/maqedoni-ne-krye-te-armates-vendoset-nje-gjeneral-shqiptar\\\/#primaryimage\",\"url\":\"http:\\\/\\\/www.fjala.info\\\/2012\\\/muhamed_racaj.jpg\",\"contentUrl\":\"http:\\\/\\\/www.fjala.info\\\/2012\\\/muhamed_racaj.jpg\"},{\"@type\":\"BreadcrumbList\",\"@id\":\"https:\\\/\\\/fjala.info\\\/2009-2015\\\/maqedoni-ne-krye-te-armates-vendoset-nje-gjeneral-shqiptar\\\/#breadcrumb\",\"itemListElement\":[{\"@type\":\"ListItem\",\"position\":1,\"name\":\"Home\",\"item\":\"https:\\\/\\\/fjala.info\\\/2009-2015\\\/\"},{\"@type\":\"ListItem\",\"position\":2,\"name\":\"Maqedoni, n\u00eb krye t\u00eb Armat\u00ebs vendoset nj\u00eb gjeneral shqiptar\"}]},{\"@type\":\"WebSite\",\"@id\":\"https:\\\/\\\/fjala.info\\\/2009-2015\\\/#website\",\"url\":\"https:\\\/\\\/fjala.info\\\/2009-2015\\\/\",\"name\":\"FjALA e LIR\u00cb - Arkivi\",\"description\":\"Arkivi 2009-2015\",\"publisher\":{\"@id\":\"https:\\\/\\\/fjala.info\\\/2009-2015\\\/#organization\"},\"potentialAction\":[{\"@type\":\"SearchAction\",\"target\":{\"@type\":\"EntryPoint\",\"urlTemplate\":\"https:\\\/\\\/fjala.info\\\/2009-2015\\\/?s={search_term_string}\"},\"query-input\":{\"@type\":\"PropertyValueSpecification\",\"valueRequired\":true,\"valueName\":\"search_term_string\"}}],\"inLanguage\":\"sq-AL\"},{\"@type\":\"Organization\",\"@id\":\"https:\\\/\\\/fjala.info\\\/2009-2015\\\/#organization\",\"name\":\"FjALA e LIR\u00cb - Arkivi\",\"url\":\"https:\\\/\\\/fjala.info\\\/2009-2015\\\/\",\"logo\":{\"@type\":\"ImageObject\",\"inLanguage\":\"sq-AL\",\"@id\":\"https:\\\/\\\/fjala.info\\\/2009-2015\\\/#\\\/schema\\\/logo\\\/image\\\/\",\"url\":\"\",\"contentUrl\":\"\",\"caption\":\"FjALA e LIR\u00cb - Arkivi\"},\"image\":{\"@id\":\"https:\\\/\\\/fjala.info\\\/2009-2015\\\/#\\\/schema\\\/logo\\\/image\\\/\"}},{\"@type\":\"Person\",\"@id\":\"https:\\\/\\\/fjala.info\\\/2009-2015\\\/#\\\/schema\\\/person\\\/3aa1163ef05469c496fc94e77611ada2\",\"name\":\"admin\",\"image\":{\"@type\":\"ImageObject\",\"inLanguage\":\"sq-AL\",\"@id\":\"https:\\\/\\\/fjala.info\\\/2009-2015\\\/wp-content\\\/uploads\\\/2012\\\/02\\\/arben_cokaj-120x150.jpg\",\"url\":\"https:\\\/\\\/fjala.info\\\/2009-2015\\\/wp-content\\\/uploads\\\/2012\\\/02\\\/arben_cokaj-120x150.jpg\",\"contentUrl\":\"https:\\\/\\\/fjala.info\\\/2009-2015\\\/wp-content\\\/uploads\\\/2012\\\/02\\\/arben_cokaj-120x150.jpg\",\"caption\":\"admin\"},\"description\":\"Admin, Fjala e Lir\u00eb\",\"sameAs\":[\"https:\\\/\\\/fjala.info\\\/\"],\"url\":\"https:\\\/\\\/fjala.info\\\/2009-2015\\\/author\\\/admin\\\/\"}]}<\/script>\n<!-- \/ Yoast SEO plugin. -->","yoast_head_json":{"title":"Maqedoni, n\u00eb krye t\u00eb Armat\u00ebs vendoset nj\u00eb gjeneral shqiptar - FjALA e LIR\u00cb - Arkivi","robots":{"index":"index","follow":"follow","max-snippet":"max-snippet:-1","max-image-preview":"max-image-preview:large","max-video-preview":"max-video-preview:-1"},"canonical":"https:\/\/fjala.info\/2009-2015\/maqedoni-ne-krye-te-armates-vendoset-nje-gjeneral-shqiptar\/","og_locale":"sq_AL","og_type":"article","og_title":"Maqedoni, n\u00eb krye t\u00eb Armat\u00ebs vendoset nj\u00eb gjeneral shqiptar - FjALA e LIR\u00cb - Arkivi","og_description":"Shekulli, 17.08.2012 Maqedonia ka zgjedhur nj\u00eb gjeneral shqiptar n\u00eb krye t\u00eb Armat\u00ebs. Dit\u00ebn e sotme n\u00eb Maqedoni jan\u00eb zhvilluar manifestime p\u00ebr 20-vjetorin e Armat\u00ebs s\u00eb Republik\u00ebs s\u00eb Maqedonis\u00eb, ku ministri i Mbrojtjes, Fatmir Besimi, dhe shefi i shtabit t\u00eb p\u00ebrgjithsh\u00ebm, Gorjan\u00e7o Kotevski, i dhan\u00eb grad\u00ebn e kreut t\u00eb ARM-s\u00eb, gjeneral oficerit shqiptar, Muhamed Racaj. N\u00eb [&hellip;]","og_url":"https:\/\/fjala.info\/2009-2015\/maqedoni-ne-krye-te-armates-vendoset-nje-gjeneral-shqiptar\/","og_site_name":"FjALA e LIR\u00cb - Arkivi","article_published_time":"2012-08-18T06:53:29+00:00","og_image":[{"url":"http:\/\/www.fjala.info\/2012\/muhamed_racaj.jpg","type":"","width":"","height":""}],"author":"admin","twitter_card":"summary_large_image","twitter_misc":{"Written by":"admin","Est. reading time":"2 minutes"},"schema":{"@context":"https:\/\/schema.org","@graph":[{"@type":"Article","@id":"https:\/\/fjala.info\/2009-2015\/maqedoni-ne-krye-te-armates-vendoset-nje-gjeneral-shqiptar\/#article","isPartOf":{"@id":"https:\/\/fjala.info\/2009-2015\/maqedoni-ne-krye-te-armates-vendoset-nje-gjeneral-shqiptar\/"},"author":{"name":"admin","@id":"https:\/\/fjala.info\/2009-2015\/#\/schema\/person\/3aa1163ef05469c496fc94e77611ada2"},"headline":"Maqedoni, n\u00eb krye t\u00eb Armat\u00ebs vendoset nj\u00eb gjeneral shqiptar","datePublished":"2012-08-18T06:53:29+00:00","mainEntityOfPage":{"@id":"https:\/\/fjala.info\/2009-2015\/maqedoni-ne-krye-te-armates-vendoset-nje-gjeneral-shqiptar\/"},"wordCount":345,"commentCount":0,"publisher":{"@id":"https:\/\/fjala.info\/2009-2015\/#organization"},"image":{"@id":"https:\/\/fjala.info\/2009-2015\/maqedoni-ne-krye-te-armates-vendoset-nje-gjeneral-shqiptar\/#primaryimage"},"thumbnailUrl":"http:\/\/www.fjala.info\/2012\/muhamed_racaj.jpg","articleSection":["Artikuj"],"inLanguage":"sq-AL","potentialAction":[{"@type":"CommentAction","name":"Comment","target":["https:\/\/fjala.info\/2009-2015\/maqedoni-ne-krye-te-armates-vendoset-nje-gjeneral-shqiptar\/#respond"]}]},{"@type":"WebPage","@id":"https:\/\/fjala.info\/2009-2015\/maqedoni-ne-krye-te-armates-vendoset-nje-gjeneral-shqiptar\/","url":"https:\/\/fjala.info\/2009-2015\/maqedoni-ne-krye-te-armates-vendoset-nje-gjeneral-shqiptar\/","name":"Maqedoni, n\u00eb krye t\u00eb Armat\u00ebs vendoset nj\u00eb gjeneral shqiptar - FjALA e LIR\u00cb - Arkivi","isPartOf":{"@id":"https:\/\/fjala.info\/2009-2015\/#website"},"primaryImageOfPage":{"@id":"https:\/\/fjala.info\/2009-2015\/maqedoni-ne-krye-te-armates-vendoset-nje-gjeneral-shqiptar\/#primaryimage"},"image":{"@id":"https:\/\/fjala.info\/2009-2015\/maqedoni-ne-krye-te-armates-vendoset-nje-gjeneral-shqiptar\/#primaryimage"},"thumbnailUrl":"http:\/\/www.fjala.info\/2012\/muhamed_racaj.jpg","datePublished":"2012-08-18T06:53:29+00:00","breadcrumb":{"@id":"https:\/\/fjala.info\/2009-2015\/maqedoni-ne-krye-te-armates-vendoset-nje-gjeneral-shqiptar\/#breadcrumb"},"inLanguage":"sq-AL","potentialAction":[{"@type":"ReadAction","target":["https:\/\/fjala.info\/2009-2015\/maqedoni-ne-krye-te-armates-vendoset-nje-gjeneral-shqiptar\/"]}]},{"@type":"ImageObject","inLanguage":"sq-AL","@id":"https:\/\/fjala.info\/2009-2015\/maqedoni-ne-krye-te-armates-vendoset-nje-gjeneral-shqiptar\/#primaryimage","url":"http:\/\/www.fjala.info\/2012\/muhamed_racaj.jpg","contentUrl":"http:\/\/www.fjala.info\/2012\/muhamed_racaj.jpg"},{"@type":"BreadcrumbList","@id":"https:\/\/fjala.info\/2009-2015\/maqedoni-ne-krye-te-armates-vendoset-nje-gjeneral-shqiptar\/#breadcrumb","itemListElement":[{"@type":"ListItem","position":1,"name":"Home","item":"https:\/\/fjala.info\/2009-2015\/"},{"@type":"ListItem","position":2,"name":"Maqedoni, n\u00eb krye t\u00eb Armat\u00ebs vendoset nj\u00eb gjeneral shqiptar"}]},{"@type":"WebSite","@id":"https:\/\/fjala.info\/2009-2015\/#website","url":"https:\/\/fjala.info\/2009-2015\/","name":"FjALA e LIR\u00cb - Arkivi","description":"Arkivi 2009-2015","publisher":{"@id":"https:\/\/fjala.info\/2009-2015\/#organization"},"potentialAction":[{"@type":"SearchAction","target":{"@type":"EntryPoint","urlTemplate":"https:\/\/fjala.info\/2009-2015\/?s={search_term_string}"},"query-input":{"@type":"PropertyValueSpecification","valueRequired":true,"valueName":"search_term_string"}}],"inLanguage":"sq-AL"},{"@type":"Organization","@id":"https:\/\/fjala.info\/2009-2015\/#organization","name":"FjALA e LIR\u00cb - Arkivi","url":"https:\/\/fjala.info\/2009-2015\/","logo":{"@type":"ImageObject","inLanguage":"sq-AL","@id":"https:\/\/fjala.info\/2009-2015\/#\/schema\/logo\/image\/","url":"","contentUrl":"","caption":"FjALA e LIR\u00cb - Arkivi"},"image":{"@id":"https:\/\/fjala.info\/2009-2015\/#\/schema\/logo\/image\/"}},{"@type":"Person","@id":"https:\/\/fjala.info\/2009-2015\/#\/schema\/person\/3aa1163ef05469c496fc94e77611ada2","name":"admin","image":{"@type":"ImageObject","inLanguage":"sq-AL","@id":"https:\/\/fjala.info\/2009-2015\/wp-content\/uploads\/2012\/02\/arben_cokaj-120x150.jpg","url":"https:\/\/fjala.info\/2009-2015\/wp-content\/uploads\/2012\/02\/arben_cokaj-120x150.jpg","contentUrl":"https:\/\/fjala.info\/2009-2015\/wp-content\/uploads\/2012\/02\/arben_cokaj-120x150.jpg","caption":"admin"},"description":"Admin, Fjala e Lir\u00eb","sameAs":["https:\/\/fjala.info\/"],"url":"https:\/\/fjala.info\/2009-2015\/author\/admin\/"}]}},"_links":{"self":[{"href":"https:\/\/fjala.info\/2009-2015\/wp-json\/wp\/v2\/posts\/4492","targetHints":{"allow":["GET"]}}],"collection":[{"href":"https:\/\/fjala.info\/2009-2015\/wp-json\/wp\/v2\/posts"}],"about":[{"href":"https:\/\/fjala.info\/2009-2015\/wp-json\/wp\/v2\/types\/post"}],"author":[{"embeddable":true,"href":"https:\/\/fjala.info\/2009-2015\/wp-json\/wp\/v2\/users\/1"}],"replies":[{"embeddable":true,"href":"https:\/\/fjala.info\/2009-2015\/wp-json\/wp\/v2\/comments?post=4492"}],"version-history":[{"count":0,"href":"https:\/\/fjala.info\/2009-2015\/wp-json\/wp\/v2\/posts\/4492\/revisions"}],"wp:attachment":[{"href":"https:\/\/fjala.info\/2009-2015\/wp-json\/wp\/v2\/media?parent=4492"}],"wp:term":[{"taxonomy":"category","embeddable":true,"href":"https:\/\/fjala.info\/2009-2015\/wp-json\/wp\/v2\/categories?post=4492"},{"taxonomy":"post_tag","embeddable":true,"href":"https:\/\/fjala.info\/2009-2015\/wp-json\/wp\/v2\/tags?post=4492"}],"curies":[{"name":"wp","href":"https:\/\/api.w.org\/{rel}","templated":true}]}}