{"id":4490,"date":"2012-08-18T07:50:04","date_gmt":"2012-08-18T06:50:04","guid":{"rendered":"http:\/\/www.fjala.info\/?p=4490"},"modified":"2012-08-18T07:50:04","modified_gmt":"2012-08-18T06:50:04","slug":"shqiperia-me-e-varfra-ne-rajon-ekonomia-po-demtohet-nga-borxhi-publik","status":"publish","type":"post","link":"https:\/\/fjala.info\/2009-2015\/shqiperia-me-e-varfra-ne-rajon-ekonomia-po-demtohet-nga-borxhi-publik\/","title":{"rendered":"Shqip\u00ebria me e varfra n\u00eb rajon, ekonomia po d\u00ebmtohet nga borxhi publik"},"content":{"rendered":"<p><img decoding=\"async\" class=\"alignright size-thumbnail wp-image-7236\" title=\"Varf\u00ebria shqiptare\" src=\"http:\/\/www.fjala.info\/2012\/varferia_shqiptare.jpg\" alt=\"\" width=\"300\" \/> <strong>Shekulli<\/strong>, <em>17.08.2012<\/em><\/p>\n<p>Sipas nj\u00eb studimi t\u00eb Bank\u00ebs Europiane p\u00ebr Rind\u00ebrtim e Zhvillim, BERZH Shqip\u00ebria ka ngadal\u00ebsim t\u00eb rritjes ekonomike. Po cil\u00ebt jan\u00eb faktor\u00ebt d\u00ebmtues?<\/p>\n<p>Nj\u00eb studim analitik p\u00ebr ecurin\u00eb e ekonomive t\u00eb vendeve t\u00eb Europ\u00ebs Juglindore, realizuar nga ekspert\u00ebt e Bank\u00ebs Europiane p\u00ebr Rind\u00ebrtim e Zhvillim, BERZH, evidenton fenomenin e ngadal\u00ebsimit t\u00eb rritjes ekonomike n\u00eb Shqip\u00ebri. Nuk \u00ebsht\u00eb vet\u00ebm faktori i kriz\u00ebs globale dhe ve\u00e7an\u00ebrisht dy fqinj\u00ebve kryesor\u00eb t\u00eb saj, Greqi dhe Itali, por ka dhe nj\u00eb s\u00ebr\u00eb arsyesh q\u00eb lidhen drejtp\u00ebrdrejt\u00eb nga shkaqe t\u00eb brendshme.<\/p>\n<p>M\u00eb kryesoret jan\u00eb niveli i lart\u00eb i borxhit publik n\u00eb raport me produktin e brendsh\u00ebm bruto, si dhe rritja e numrit t\u00eb t\u00eb ashtuquajturave \u2018kredi t\u00eb k\u00ebqija&#8217; n\u00eb bankat e nivelit t\u00eb dyt\u00eb. Duke iu referuar nivelit t\u00eb borxhit publik, raporti i BERZH e p\u00ebrshkruan at\u00eb si n\u00eb kuot\u00ebn prej 60 p\u00ebr qind t\u00eb produktit t\u00eb brendsh\u00ebm bruto, q\u00eb kufizon hap\u00ebsir\u00ebn p\u00ebr autoritetet p\u00ebr t\u00eb realizuar manovra fiskale.<\/p>\n<p>Ky ngadal\u00ebsim mund t\u00eb shihet si nj\u00eb goditje tjet\u00ebr p\u00ebr ekonomin\u00eb shqiptare, aktualisht m\u00eb e varfra n\u00eb rajon sa i takon nivelit t\u00eb t\u00eb ardhura p\u00ebr frym\u00eb. Drejtori i k\u00ebrkimeve n\u00eb Institutin \u201cAxhenda\u201d n\u00eb Tiran\u00eb Dr. Gjergj Filipi, shpjegon n\u00eb bised\u00eb me Deutsche Welle-n efektet negative t\u00eb borxhit t\u00eb lart\u00eb publik p\u00ebr Shqip\u00ebrin\u00eb.<\/p>\n<p>Eksperti Gjergj Filipi thot\u00eb se instrumenti i borxhit publik, sipas tij, zakonisht p\u00ebrdoret ose si nj\u00eb amortizator n\u00eb rastin e val\u00ebve godit\u00ebse q\u00eb vijn\u00eb nga krizat, ose kur shoq\u00ebria n\u00eb momente t\u00eb caktuara kupton se potenciali zhvillues \u00ebsht\u00eb n\u00eb nj\u00eb nivel t\u00eb lart\u00eb se sa mund\u00ebsit\u00eb dhe at\u00ebher\u00eb tenton marrjen e borxhit n\u00eb p\u00ebrmbushjen e dinamikave zhvilluese.<\/p>\n<p>Shqip\u00ebria, si gjith\u00eb rajoni i Ballkanit \u00ebsht\u00eb n\u00ebn ndikimin e nj\u00eb perspektive t\u00eb zymt\u00eb ekonomike, shpjegon Gjergji Filipi dhe nuk ka m\u00eb mund\u00ebsi zgjerimi t\u00eb borxhit publik. &#8220;K\u00ebt\u00eb ne nuk e b\u00ebjm\u00eb dot, sepse kemi arritur t\u00eb kapim \u2018tavanin&#8217; n\u00ebse e quajm\u00eb k\u00ebshtu, t\u00eb cilin disa e konsiderojn\u00eb si mas\u00ebn 60 p\u00ebr qind, por q\u00eb un\u00eb e konsideroj se \u2018tavani&#8217; duhet t\u00eb ishte 50 p\u00ebr qind. Pra, p\u00ebr nj\u00eb vend si Shqip\u00ebria ne duhet t\u00eb ishim n\u00eb p\u00ebrmasat e borxhit publik nga 40 deri 50 p\u00ebr qind.\u201d<\/p>\n<p>Sipas ekspertit t\u00eb ekonomis\u00eb dr. Gjergj Filipi, borxhi publik n\u00eb Shqip\u00ebri \u00ebsht\u00eb m\u00eb i larti krahasuar me vendet e tjera t\u00eb rajonit. N\u00eb t\u00eb nj\u00ebjt\u00ebn koh\u00eb sipas tij \u00ebsht\u00eb shqet\u00ebsues dhe raporti mes nivelit t\u00eb borxhit publik dhe buxhetit vjetor t\u00eb shtetit. \u201cN\u00eb momentin aktual Shqip\u00ebria ka t\u00eb deklaruar borxh sa dy buxhete e gjysm\u00eb vjetore, n\u00eb nj\u00eb koh\u00eb q\u00eb vendet e tjera kan\u00eb edhe m\u00eb pak borxh ndaj produktit t\u00eb brendsh\u00ebm bruto, por nj\u00ebkoh\u00ebsisht ky nivel \u00ebsht\u00eb m\u00eb i ul\u00ebt n\u00eb raport me buxhetet e tyre vjetore. Ndaj dhe them se kjo \u00ebsht\u00eb nj\u00eb situat\u00eb relativisht alarmante p\u00ebr Shqip\u00ebrin\u00eb dhe ne duhet t\u00eb synonim t\u00eb ishim t\u00eb pakt\u00ebn tek 40 p\u00ebr qindshi q\u00eb t&#8217;i krijonim vetes opsionin e amortizatorit n\u00eb k\u00ebt\u00eb rast\u201d.<\/p>\n<p>\/<em>Marr\u00eb nga Deutsche Welle me shkurtime<\/em>\/<\/p>\n","protected":false},"excerpt":{"rendered":"<p>Shekulli, 17.08.2012 Sipas nj\u00eb studimi t\u00eb Bank\u00ebs Europiane p\u00ebr Rind\u00ebrtim e Zhvillim, BERZH Shqip\u00ebria ka ngadal\u00ebsim t\u00eb rritjes ekonomike. Po cil\u00ebt jan\u00eb faktor\u00ebt d\u00ebmtues? Nj\u00eb studim analitik p\u00ebr ecurin\u00eb e ekonomive t\u00eb vendeve t\u00eb Europ\u00ebs Juglindore, realizuar nga ekspert\u00ebt e Bank\u00ebs Europiane p\u00ebr Rind\u00ebrtim e Zhvillim, BERZH, evidenton fenomenin e ngadal\u00ebsimit t\u00eb rritjes ekonomike n\u00eb [&hellip;]<\/p>\n","protected":false},"author":1,"featured_media":0,"comment_status":"open","ping_status":"closed","sticky":false,"template":"","format":"standard","meta":{"footnotes":""},"categories":[2],"tags":[],"class_list":{"0":"post-4490","1":"post","2":"type-post","3":"status-publish","4":"format-standard","6":"category-artikuj"},"yoast_head":"<!-- This site is optimized with the Yoast SEO plugin v27.4 - https:\/\/yoast.com\/product\/yoast-seo-wordpress\/ -->\n<title>Shqip\u00ebria me e varfra n\u00eb rajon, ekonomia po d\u00ebmtohet nga borxhi publik - FjALA e LIR\u00cb - Arkivi<\/title>\n<meta name=\"robots\" content=\"index, follow, max-snippet:-1, max-image-preview:large, max-video-preview:-1\" \/>\n<link rel=\"canonical\" href=\"https:\/\/fjala.info\/2009-2015\/shqiperia-me-e-varfra-ne-rajon-ekonomia-po-demtohet-nga-borxhi-publik\/\" \/>\n<meta property=\"og:locale\" content=\"sq_AL\" \/>\n<meta property=\"og:type\" content=\"article\" \/>\n<meta property=\"og:title\" content=\"Shqip\u00ebria me e varfra n\u00eb rajon, ekonomia po d\u00ebmtohet nga borxhi publik - FjALA e LIR\u00cb - Arkivi\" \/>\n<meta property=\"og:description\" content=\"Shekulli, 17.08.2012 Sipas nj\u00eb studimi t\u00eb Bank\u00ebs Europiane p\u00ebr Rind\u00ebrtim e Zhvillim, BERZH Shqip\u00ebria ka ngadal\u00ebsim t\u00eb rritjes ekonomike. Po cil\u00ebt jan\u00eb faktor\u00ebt d\u00ebmtues? Nj\u00eb studim analitik p\u00ebr ecurin\u00eb e ekonomive t\u00eb vendeve t\u00eb Europ\u00ebs Juglindore, realizuar nga ekspert\u00ebt e Bank\u00ebs Europiane p\u00ebr Rind\u00ebrtim e Zhvillim, BERZH, evidenton fenomenin e ngadal\u00ebsimit t\u00eb rritjes ekonomike n\u00eb [&hellip;]\" \/>\n<meta property=\"og:url\" content=\"https:\/\/fjala.info\/2009-2015\/shqiperia-me-e-varfra-ne-rajon-ekonomia-po-demtohet-nga-borxhi-publik\/\" \/>\n<meta property=\"og:site_name\" content=\"FjALA e LIR\u00cb - Arkivi\" \/>\n<meta property=\"article:published_time\" content=\"2012-08-18T06:50:04+00:00\" \/>\n<meta property=\"og:image\" content=\"http:\/\/www.fjala.info\/2012\/varferia_shqiptare.jpg\" \/>\n<meta name=\"author\" content=\"admin\" \/>\n<meta name=\"twitter:card\" content=\"summary_large_image\" \/>\n<meta name=\"twitter:label1\" content=\"Written by\" \/>\n\t<meta name=\"twitter:data1\" content=\"admin\" \/>\n\t<meta name=\"twitter:label2\" content=\"Est. reading time\" \/>\n\t<meta name=\"twitter:data2\" content=\"3 minutes\" \/>\n<script type=\"application\/ld+json\" class=\"yoast-schema-graph\">{\"@context\":\"https:\\\/\\\/schema.org\",\"@graph\":[{\"@type\":\"Article\",\"@id\":\"https:\\\/\\\/fjala.info\\\/2009-2015\\\/shqiperia-me-e-varfra-ne-rajon-ekonomia-po-demtohet-nga-borxhi-publik\\\/#article\",\"isPartOf\":{\"@id\":\"https:\\\/\\\/fjala.info\\\/2009-2015\\\/shqiperia-me-e-varfra-ne-rajon-ekonomia-po-demtohet-nga-borxhi-publik\\\/\"},\"author\":{\"name\":\"admin\",\"@id\":\"https:\\\/\\\/fjala.info\\\/2009-2015\\\/#\\\/schema\\\/person\\\/3aa1163ef05469c496fc94e77611ada2\"},\"headline\":\"Shqip\u00ebria me e varfra n\u00eb rajon, ekonomia po d\u00ebmtohet nga borxhi publik\",\"datePublished\":\"2012-08-18T06:50:04+00:00\",\"mainEntityOfPage\":{\"@id\":\"https:\\\/\\\/fjala.info\\\/2009-2015\\\/shqiperia-me-e-varfra-ne-rajon-ekonomia-po-demtohet-nga-borxhi-publik\\\/\"},\"wordCount\":563,\"commentCount\":0,\"publisher\":{\"@id\":\"https:\\\/\\\/fjala.info\\\/2009-2015\\\/#organization\"},\"image\":{\"@id\":\"https:\\\/\\\/fjala.info\\\/2009-2015\\\/shqiperia-me-e-varfra-ne-rajon-ekonomia-po-demtohet-nga-borxhi-publik\\\/#primaryimage\"},\"thumbnailUrl\":\"http:\\\/\\\/www.fjala.info\\\/2012\\\/varferia_shqiptare.jpg\",\"articleSection\":[\"Artikuj\"],\"inLanguage\":\"sq-AL\",\"potentialAction\":[{\"@type\":\"CommentAction\",\"name\":\"Comment\",\"target\":[\"https:\\\/\\\/fjala.info\\\/2009-2015\\\/shqiperia-me-e-varfra-ne-rajon-ekonomia-po-demtohet-nga-borxhi-publik\\\/#respond\"]}]},{\"@type\":\"WebPage\",\"@id\":\"https:\\\/\\\/fjala.info\\\/2009-2015\\\/shqiperia-me-e-varfra-ne-rajon-ekonomia-po-demtohet-nga-borxhi-publik\\\/\",\"url\":\"https:\\\/\\\/fjala.info\\\/2009-2015\\\/shqiperia-me-e-varfra-ne-rajon-ekonomia-po-demtohet-nga-borxhi-publik\\\/\",\"name\":\"Shqip\u00ebria me e varfra n\u00eb rajon, ekonomia po d\u00ebmtohet nga borxhi publik - FjALA e LIR\u00cb - Arkivi\",\"isPartOf\":{\"@id\":\"https:\\\/\\\/fjala.info\\\/2009-2015\\\/#website\"},\"primaryImageOfPage\":{\"@id\":\"https:\\\/\\\/fjala.info\\\/2009-2015\\\/shqiperia-me-e-varfra-ne-rajon-ekonomia-po-demtohet-nga-borxhi-publik\\\/#primaryimage\"},\"image\":{\"@id\":\"https:\\\/\\\/fjala.info\\\/2009-2015\\\/shqiperia-me-e-varfra-ne-rajon-ekonomia-po-demtohet-nga-borxhi-publik\\\/#primaryimage\"},\"thumbnailUrl\":\"http:\\\/\\\/www.fjala.info\\\/2012\\\/varferia_shqiptare.jpg\",\"datePublished\":\"2012-08-18T06:50:04+00:00\",\"breadcrumb\":{\"@id\":\"https:\\\/\\\/fjala.info\\\/2009-2015\\\/shqiperia-me-e-varfra-ne-rajon-ekonomia-po-demtohet-nga-borxhi-publik\\\/#breadcrumb\"},\"inLanguage\":\"sq-AL\",\"potentialAction\":[{\"@type\":\"ReadAction\",\"target\":[\"https:\\\/\\\/fjala.info\\\/2009-2015\\\/shqiperia-me-e-varfra-ne-rajon-ekonomia-po-demtohet-nga-borxhi-publik\\\/\"]}]},{\"@type\":\"ImageObject\",\"inLanguage\":\"sq-AL\",\"@id\":\"https:\\\/\\\/fjala.info\\\/2009-2015\\\/shqiperia-me-e-varfra-ne-rajon-ekonomia-po-demtohet-nga-borxhi-publik\\\/#primaryimage\",\"url\":\"http:\\\/\\\/www.fjala.info\\\/2012\\\/varferia_shqiptare.jpg\",\"contentUrl\":\"http:\\\/\\\/www.fjala.info\\\/2012\\\/varferia_shqiptare.jpg\"},{\"@type\":\"BreadcrumbList\",\"@id\":\"https:\\\/\\\/fjala.info\\\/2009-2015\\\/shqiperia-me-e-varfra-ne-rajon-ekonomia-po-demtohet-nga-borxhi-publik\\\/#breadcrumb\",\"itemListElement\":[{\"@type\":\"ListItem\",\"position\":1,\"name\":\"Home\",\"item\":\"https:\\\/\\\/fjala.info\\\/2009-2015\\\/\"},{\"@type\":\"ListItem\",\"position\":2,\"name\":\"Shqip\u00ebria me e varfra n\u00eb rajon, ekonomia po d\u00ebmtohet nga borxhi publik\"}]},{\"@type\":\"WebSite\",\"@id\":\"https:\\\/\\\/fjala.info\\\/2009-2015\\\/#website\",\"url\":\"https:\\\/\\\/fjala.info\\\/2009-2015\\\/\",\"name\":\"FjALA e LIR\u00cb - Arkivi\",\"description\":\"Arkivi 2009-2015\",\"publisher\":{\"@id\":\"https:\\\/\\\/fjala.info\\\/2009-2015\\\/#organization\"},\"potentialAction\":[{\"@type\":\"SearchAction\",\"target\":{\"@type\":\"EntryPoint\",\"urlTemplate\":\"https:\\\/\\\/fjala.info\\\/2009-2015\\\/?s={search_term_string}\"},\"query-input\":{\"@type\":\"PropertyValueSpecification\",\"valueRequired\":true,\"valueName\":\"search_term_string\"}}],\"inLanguage\":\"sq-AL\"},{\"@type\":\"Organization\",\"@id\":\"https:\\\/\\\/fjala.info\\\/2009-2015\\\/#organization\",\"name\":\"FjALA e LIR\u00cb - Arkivi\",\"url\":\"https:\\\/\\\/fjala.info\\\/2009-2015\\\/\",\"logo\":{\"@type\":\"ImageObject\",\"inLanguage\":\"sq-AL\",\"@id\":\"https:\\\/\\\/fjala.info\\\/2009-2015\\\/#\\\/schema\\\/logo\\\/image\\\/\",\"url\":\"\",\"contentUrl\":\"\",\"caption\":\"FjALA e LIR\u00cb - Arkivi\"},\"image\":{\"@id\":\"https:\\\/\\\/fjala.info\\\/2009-2015\\\/#\\\/schema\\\/logo\\\/image\\\/\"}},{\"@type\":\"Person\",\"@id\":\"https:\\\/\\\/fjala.info\\\/2009-2015\\\/#\\\/schema\\\/person\\\/3aa1163ef05469c496fc94e77611ada2\",\"name\":\"admin\",\"image\":{\"@type\":\"ImageObject\",\"inLanguage\":\"sq-AL\",\"@id\":\"https:\\\/\\\/fjala.info\\\/2009-2015\\\/wp-content\\\/uploads\\\/2012\\\/02\\\/arben_cokaj-120x150.jpg\",\"url\":\"https:\\\/\\\/fjala.info\\\/2009-2015\\\/wp-content\\\/uploads\\\/2012\\\/02\\\/arben_cokaj-120x150.jpg\",\"contentUrl\":\"https:\\\/\\\/fjala.info\\\/2009-2015\\\/wp-content\\\/uploads\\\/2012\\\/02\\\/arben_cokaj-120x150.jpg\",\"caption\":\"admin\"},\"description\":\"Admin, Fjala e Lir\u00eb\",\"sameAs\":[\"https:\\\/\\\/fjala.info\\\/\"],\"url\":\"https:\\\/\\\/fjala.info\\\/2009-2015\\\/author\\\/admin\\\/\"}]}<\/script>\n<!-- \/ Yoast SEO plugin. -->","yoast_head_json":{"title":"Shqip\u00ebria me e varfra n\u00eb rajon, ekonomia po d\u00ebmtohet nga borxhi publik - FjALA e LIR\u00cb - Arkivi","robots":{"index":"index","follow":"follow","max-snippet":"max-snippet:-1","max-image-preview":"max-image-preview:large","max-video-preview":"max-video-preview:-1"},"canonical":"https:\/\/fjala.info\/2009-2015\/shqiperia-me-e-varfra-ne-rajon-ekonomia-po-demtohet-nga-borxhi-publik\/","og_locale":"sq_AL","og_type":"article","og_title":"Shqip\u00ebria me e varfra n\u00eb rajon, ekonomia po d\u00ebmtohet nga borxhi publik - FjALA e LIR\u00cb - Arkivi","og_description":"Shekulli, 17.08.2012 Sipas nj\u00eb studimi t\u00eb Bank\u00ebs Europiane p\u00ebr Rind\u00ebrtim e Zhvillim, BERZH Shqip\u00ebria ka ngadal\u00ebsim t\u00eb rritjes ekonomike. Po cil\u00ebt jan\u00eb faktor\u00ebt d\u00ebmtues? Nj\u00eb studim analitik p\u00ebr ecurin\u00eb e ekonomive t\u00eb vendeve t\u00eb Europ\u00ebs Juglindore, realizuar nga ekspert\u00ebt e Bank\u00ebs Europiane p\u00ebr Rind\u00ebrtim e Zhvillim, BERZH, evidenton fenomenin e ngadal\u00ebsimit t\u00eb rritjes ekonomike n\u00eb [&hellip;]","og_url":"https:\/\/fjala.info\/2009-2015\/shqiperia-me-e-varfra-ne-rajon-ekonomia-po-demtohet-nga-borxhi-publik\/","og_site_name":"FjALA e LIR\u00cb - Arkivi","article_published_time":"2012-08-18T06:50:04+00:00","og_image":[{"url":"http:\/\/www.fjala.info\/2012\/varferia_shqiptare.jpg","type":"","width":"","height":""}],"author":"admin","twitter_card":"summary_large_image","twitter_misc":{"Written by":"admin","Est. reading time":"3 minutes"},"schema":{"@context":"https:\/\/schema.org","@graph":[{"@type":"Article","@id":"https:\/\/fjala.info\/2009-2015\/shqiperia-me-e-varfra-ne-rajon-ekonomia-po-demtohet-nga-borxhi-publik\/#article","isPartOf":{"@id":"https:\/\/fjala.info\/2009-2015\/shqiperia-me-e-varfra-ne-rajon-ekonomia-po-demtohet-nga-borxhi-publik\/"},"author":{"name":"admin","@id":"https:\/\/fjala.info\/2009-2015\/#\/schema\/person\/3aa1163ef05469c496fc94e77611ada2"},"headline":"Shqip\u00ebria me e varfra n\u00eb rajon, ekonomia po d\u00ebmtohet nga borxhi publik","datePublished":"2012-08-18T06:50:04+00:00","mainEntityOfPage":{"@id":"https:\/\/fjala.info\/2009-2015\/shqiperia-me-e-varfra-ne-rajon-ekonomia-po-demtohet-nga-borxhi-publik\/"},"wordCount":563,"commentCount":0,"publisher":{"@id":"https:\/\/fjala.info\/2009-2015\/#organization"},"image":{"@id":"https:\/\/fjala.info\/2009-2015\/shqiperia-me-e-varfra-ne-rajon-ekonomia-po-demtohet-nga-borxhi-publik\/#primaryimage"},"thumbnailUrl":"http:\/\/www.fjala.info\/2012\/varferia_shqiptare.jpg","articleSection":["Artikuj"],"inLanguage":"sq-AL","potentialAction":[{"@type":"CommentAction","name":"Comment","target":["https:\/\/fjala.info\/2009-2015\/shqiperia-me-e-varfra-ne-rajon-ekonomia-po-demtohet-nga-borxhi-publik\/#respond"]}]},{"@type":"WebPage","@id":"https:\/\/fjala.info\/2009-2015\/shqiperia-me-e-varfra-ne-rajon-ekonomia-po-demtohet-nga-borxhi-publik\/","url":"https:\/\/fjala.info\/2009-2015\/shqiperia-me-e-varfra-ne-rajon-ekonomia-po-demtohet-nga-borxhi-publik\/","name":"Shqip\u00ebria me e varfra n\u00eb rajon, ekonomia po d\u00ebmtohet nga borxhi publik - FjALA e LIR\u00cb - Arkivi","isPartOf":{"@id":"https:\/\/fjala.info\/2009-2015\/#website"},"primaryImageOfPage":{"@id":"https:\/\/fjala.info\/2009-2015\/shqiperia-me-e-varfra-ne-rajon-ekonomia-po-demtohet-nga-borxhi-publik\/#primaryimage"},"image":{"@id":"https:\/\/fjala.info\/2009-2015\/shqiperia-me-e-varfra-ne-rajon-ekonomia-po-demtohet-nga-borxhi-publik\/#primaryimage"},"thumbnailUrl":"http:\/\/www.fjala.info\/2012\/varferia_shqiptare.jpg","datePublished":"2012-08-18T06:50:04+00:00","breadcrumb":{"@id":"https:\/\/fjala.info\/2009-2015\/shqiperia-me-e-varfra-ne-rajon-ekonomia-po-demtohet-nga-borxhi-publik\/#breadcrumb"},"inLanguage":"sq-AL","potentialAction":[{"@type":"ReadAction","target":["https:\/\/fjala.info\/2009-2015\/shqiperia-me-e-varfra-ne-rajon-ekonomia-po-demtohet-nga-borxhi-publik\/"]}]},{"@type":"ImageObject","inLanguage":"sq-AL","@id":"https:\/\/fjala.info\/2009-2015\/shqiperia-me-e-varfra-ne-rajon-ekonomia-po-demtohet-nga-borxhi-publik\/#primaryimage","url":"http:\/\/www.fjala.info\/2012\/varferia_shqiptare.jpg","contentUrl":"http:\/\/www.fjala.info\/2012\/varferia_shqiptare.jpg"},{"@type":"BreadcrumbList","@id":"https:\/\/fjala.info\/2009-2015\/shqiperia-me-e-varfra-ne-rajon-ekonomia-po-demtohet-nga-borxhi-publik\/#breadcrumb","itemListElement":[{"@type":"ListItem","position":1,"name":"Home","item":"https:\/\/fjala.info\/2009-2015\/"},{"@type":"ListItem","position":2,"name":"Shqip\u00ebria me e varfra n\u00eb rajon, ekonomia po d\u00ebmtohet nga borxhi publik"}]},{"@type":"WebSite","@id":"https:\/\/fjala.info\/2009-2015\/#website","url":"https:\/\/fjala.info\/2009-2015\/","name":"FjALA e LIR\u00cb - Arkivi","description":"Arkivi 2009-2015","publisher":{"@id":"https:\/\/fjala.info\/2009-2015\/#organization"},"potentialAction":[{"@type":"SearchAction","target":{"@type":"EntryPoint","urlTemplate":"https:\/\/fjala.info\/2009-2015\/?s={search_term_string}"},"query-input":{"@type":"PropertyValueSpecification","valueRequired":true,"valueName":"search_term_string"}}],"inLanguage":"sq-AL"},{"@type":"Organization","@id":"https:\/\/fjala.info\/2009-2015\/#organization","name":"FjALA e LIR\u00cb - Arkivi","url":"https:\/\/fjala.info\/2009-2015\/","logo":{"@type":"ImageObject","inLanguage":"sq-AL","@id":"https:\/\/fjala.info\/2009-2015\/#\/schema\/logo\/image\/","url":"","contentUrl":"","caption":"FjALA e LIR\u00cb - Arkivi"},"image":{"@id":"https:\/\/fjala.info\/2009-2015\/#\/schema\/logo\/image\/"}},{"@type":"Person","@id":"https:\/\/fjala.info\/2009-2015\/#\/schema\/person\/3aa1163ef05469c496fc94e77611ada2","name":"admin","image":{"@type":"ImageObject","inLanguage":"sq-AL","@id":"https:\/\/fjala.info\/2009-2015\/wp-content\/uploads\/2012\/02\/arben_cokaj-120x150.jpg","url":"https:\/\/fjala.info\/2009-2015\/wp-content\/uploads\/2012\/02\/arben_cokaj-120x150.jpg","contentUrl":"https:\/\/fjala.info\/2009-2015\/wp-content\/uploads\/2012\/02\/arben_cokaj-120x150.jpg","caption":"admin"},"description":"Admin, Fjala e Lir\u00eb","sameAs":["https:\/\/fjala.info\/"],"url":"https:\/\/fjala.info\/2009-2015\/author\/admin\/"}]}},"_links":{"self":[{"href":"https:\/\/fjala.info\/2009-2015\/wp-json\/wp\/v2\/posts\/4490","targetHints":{"allow":["GET"]}}],"collection":[{"href":"https:\/\/fjala.info\/2009-2015\/wp-json\/wp\/v2\/posts"}],"about":[{"href":"https:\/\/fjala.info\/2009-2015\/wp-json\/wp\/v2\/types\/post"}],"author":[{"embeddable":true,"href":"https:\/\/fjala.info\/2009-2015\/wp-json\/wp\/v2\/users\/1"}],"replies":[{"embeddable":true,"href":"https:\/\/fjala.info\/2009-2015\/wp-json\/wp\/v2\/comments?post=4490"}],"version-history":[{"count":0,"href":"https:\/\/fjala.info\/2009-2015\/wp-json\/wp\/v2\/posts\/4490\/revisions"}],"wp:attachment":[{"href":"https:\/\/fjala.info\/2009-2015\/wp-json\/wp\/v2\/media?parent=4490"}],"wp:term":[{"taxonomy":"category","embeddable":true,"href":"https:\/\/fjala.info\/2009-2015\/wp-json\/wp\/v2\/categories?post=4490"},{"taxonomy":"post_tag","embeddable":true,"href":"https:\/\/fjala.info\/2009-2015\/wp-json\/wp\/v2\/tags?post=4490"}],"curies":[{"name":"wp","href":"https:\/\/api.w.org\/{rel}","templated":true}]}}