{"id":4487,"date":"2012-08-18T07:45:30","date_gmt":"2012-08-18T06:45:30","guid":{"rendered":"http:\/\/www.fjala.info\/?p=4487"},"modified":"2012-08-18T07:45:30","modified_gmt":"2012-08-18T06:45:30","slug":"kufiri-berisha-urdher-sekret-filloni-negociatat-me-greqine","status":"publish","type":"post","link":"https:\/\/fjala.info\/2009-2015\/kufiri-berisha-urdher-sekret-filloni-negociatat-me-greqine\/","title":{"rendered":"Kufiri, Berisha urdh\u00ebr sekret: Filloni negociatat me Greqin\u00eb"},"content":{"rendered":"<p><img decoding=\"async\" class=\"alignright size-thumbnail wp-image-7236\" title=\"Kufiri - Berisha po shet\" src=\"http:\/\/www.fjala.info\/2012\/kufiri_berisha_po_shet.jpg\" alt=\"\" width=\"300\" \/> Politik\u00eb nga <strong>FERNADA CENKO <\/strong><\/p>\n<p><em>Berisha po e shet<\/em>\/<br \/>\n<em>PD e mohon, sulmon Ram\u00ebn<\/em><\/p>\n<p><em>TIRANE<\/em> &#8211; Kryeministri Berisha ka dh\u00ebn\u00eb urdh\u00ebr sekret p\u00ebr hapjen e negociatave me Greqin\u00eb p\u00ebr kufirin detar q\u00eb para nj\u00eb viti. Gazeta \u201cShqiptarja.com\u201d zbardh sot urdh\u00ebrin e kreut t\u00eb qeveris\u00eb p\u00ebr fillimin e negociatave p\u00ebr delimitimin e shelfit detar me Greqin\u00eb.<\/p>\n<p>Vendimi i l\u00ebshuar zyrtarisht q\u00eb m\u00eb 4 korrik t\u00eb 2011, autorizon ministrin\u00eb e Jashtme p\u00ebr t\u00eb ngitur grupin nd\u00ebrinstitucional p\u00ebr t\u00eb filluar negociatat me Greqin\u00eb. Vendimi ndon\u00ebse i marr\u00eb nj\u00eb vit m\u00eb par\u00eb, nuk figuron n\u00eb asnj\u00eb Fletore Zyrtare.<\/p>\n<p>Jo vet\u00ebm kaq ministria e Jashtme ka mbledhur grupin e ekspert\u00ebve (n\u00eb disa takime) p\u00ebr t\u00eb filluar pun\u00ebn p\u00ebr delimitimin e shelfit detar.<\/p>\n<p>Shkrimin e plot\u00eb e gjeni n\u00eb gazet\u00ebn <em>Shqiptarja.com<\/em><\/p>\n","protected":false},"excerpt":{"rendered":"<p>Politik\u00eb nga FERNADA CENKO Berisha po e shet\/ PD e mohon, sulmon Ram\u00ebn TIRANE &#8211; Kryeministri Berisha ka dh\u00ebn\u00eb urdh\u00ebr sekret p\u00ebr hapjen e negociatave me Greqin\u00eb p\u00ebr kufirin detar q\u00eb para nj\u00eb viti. Gazeta \u201cShqiptarja.com\u201d zbardh sot urdh\u00ebrin e kreut t\u00eb qeveris\u00eb p\u00ebr fillimin e negociatave p\u00ebr delimitimin e shelfit detar me Greqin\u00eb. Vendimi [&hellip;]<\/p>\n","protected":false},"author":1,"featured_media":0,"comment_status":"open","ping_status":"closed","sticky":false,"template":"","format":"standard","meta":{"footnotes":""},"categories":[2,5],"tags":[],"class_list":{"0":"post-4487","1":"post","2":"type-post","3":"status-publish","4":"format-standard","6":"category-artikuj","7":"category-lajme"},"yoast_head":"<!-- This site is optimized with the Yoast SEO plugin v27.4 - https:\/\/yoast.com\/product\/yoast-seo-wordpress\/ -->\n<title>Kufiri, Berisha urdh\u00ebr sekret: Filloni negociatat me Greqin\u00eb - FjALA e LIR\u00cb - Arkivi<\/title>\n<meta name=\"robots\" content=\"index, follow, max-snippet:-1, max-image-preview:large, max-video-preview:-1\" \/>\n<link rel=\"canonical\" href=\"https:\/\/fjala.info\/2009-2015\/kufiri-berisha-urdher-sekret-filloni-negociatat-me-greqine\/\" \/>\n<meta property=\"og:locale\" content=\"sq_AL\" \/>\n<meta property=\"og:type\" content=\"article\" \/>\n<meta property=\"og:title\" content=\"Kufiri, Berisha urdh\u00ebr sekret: Filloni negociatat me Greqin\u00eb - FjALA e LIR\u00cb - Arkivi\" \/>\n<meta property=\"og:description\" content=\"Politik\u00eb nga FERNADA CENKO Berisha po e shet\/ PD e mohon, sulmon Ram\u00ebn TIRANE &#8211; Kryeministri Berisha ka dh\u00ebn\u00eb urdh\u00ebr sekret p\u00ebr hapjen e negociatave me Greqin\u00eb p\u00ebr kufirin detar q\u00eb para nj\u00eb viti. Gazeta \u201cShqiptarja.com\u201d zbardh sot urdh\u00ebrin e kreut t\u00eb qeveris\u00eb p\u00ebr fillimin e negociatave p\u00ebr delimitimin e shelfit detar me Greqin\u00eb. Vendimi [&hellip;]\" \/>\n<meta property=\"og:url\" content=\"https:\/\/fjala.info\/2009-2015\/kufiri-berisha-urdher-sekret-filloni-negociatat-me-greqine\/\" \/>\n<meta property=\"og:site_name\" content=\"FjALA e LIR\u00cb - Arkivi\" \/>\n<meta property=\"article:published_time\" content=\"2012-08-18T06:45:30+00:00\" \/>\n<meta property=\"og:image\" content=\"http:\/\/www.fjala.info\/2012\/kufiri_berisha_po_shet.jpg\" \/>\n<meta name=\"author\" content=\"admin\" \/>\n<meta name=\"twitter:card\" content=\"summary_large_image\" \/>\n<meta name=\"twitter:label1\" content=\"Written by\" \/>\n\t<meta name=\"twitter:data1\" content=\"admin\" \/>\n\t<meta name=\"twitter:label2\" content=\"Est. reading time\" \/>\n\t<meta name=\"twitter:data2\" content=\"1 minute\" \/>\n<script type=\"application\/ld+json\" class=\"yoast-schema-graph\">{\"@context\":\"https:\\\/\\\/schema.org\",\"@graph\":[{\"@type\":\"Article\",\"@id\":\"https:\\\/\\\/fjala.info\\\/2009-2015\\\/kufiri-berisha-urdher-sekret-filloni-negociatat-me-greqine\\\/#article\",\"isPartOf\":{\"@id\":\"https:\\\/\\\/fjala.info\\\/2009-2015\\\/kufiri-berisha-urdher-sekret-filloni-negociatat-me-greqine\\\/\"},\"author\":{\"name\":\"admin\",\"@id\":\"https:\\\/\\\/fjala.info\\\/2009-2015\\\/#\\\/schema\\\/person\\\/3aa1163ef05469c496fc94e77611ada2\"},\"headline\":\"Kufiri, Berisha urdh\u00ebr sekret: Filloni negociatat me Greqin\u00eb\",\"datePublished\":\"2012-08-18T06:45:30+00:00\",\"mainEntityOfPage\":{\"@id\":\"https:\\\/\\\/fjala.info\\\/2009-2015\\\/kufiri-berisha-urdher-sekret-filloni-negociatat-me-greqine\\\/\"},\"wordCount\":152,\"commentCount\":0,\"publisher\":{\"@id\":\"https:\\\/\\\/fjala.info\\\/2009-2015\\\/#organization\"},\"image\":{\"@id\":\"https:\\\/\\\/fjala.info\\\/2009-2015\\\/kufiri-berisha-urdher-sekret-filloni-negociatat-me-greqine\\\/#primaryimage\"},\"thumbnailUrl\":\"http:\\\/\\\/www.fjala.info\\\/2012\\\/kufiri_berisha_po_shet.jpg\",\"articleSection\":[\"Artikuj\",\"Lajme\"],\"inLanguage\":\"sq-AL\",\"potentialAction\":[{\"@type\":\"CommentAction\",\"name\":\"Comment\",\"target\":[\"https:\\\/\\\/fjala.info\\\/2009-2015\\\/kufiri-berisha-urdher-sekret-filloni-negociatat-me-greqine\\\/#respond\"]}]},{\"@type\":\"WebPage\",\"@id\":\"https:\\\/\\\/fjala.info\\\/2009-2015\\\/kufiri-berisha-urdher-sekret-filloni-negociatat-me-greqine\\\/\",\"url\":\"https:\\\/\\\/fjala.info\\\/2009-2015\\\/kufiri-berisha-urdher-sekret-filloni-negociatat-me-greqine\\\/\",\"name\":\"Kufiri, Berisha urdh\u00ebr sekret: Filloni negociatat me Greqin\u00eb - FjALA e LIR\u00cb - Arkivi\",\"isPartOf\":{\"@id\":\"https:\\\/\\\/fjala.info\\\/2009-2015\\\/#website\"},\"primaryImageOfPage\":{\"@id\":\"https:\\\/\\\/fjala.info\\\/2009-2015\\\/kufiri-berisha-urdher-sekret-filloni-negociatat-me-greqine\\\/#primaryimage\"},\"image\":{\"@id\":\"https:\\\/\\\/fjala.info\\\/2009-2015\\\/kufiri-berisha-urdher-sekret-filloni-negociatat-me-greqine\\\/#primaryimage\"},\"thumbnailUrl\":\"http:\\\/\\\/www.fjala.info\\\/2012\\\/kufiri_berisha_po_shet.jpg\",\"datePublished\":\"2012-08-18T06:45:30+00:00\",\"breadcrumb\":{\"@id\":\"https:\\\/\\\/fjala.info\\\/2009-2015\\\/kufiri-berisha-urdher-sekret-filloni-negociatat-me-greqine\\\/#breadcrumb\"},\"inLanguage\":\"sq-AL\",\"potentialAction\":[{\"@type\":\"ReadAction\",\"target\":[\"https:\\\/\\\/fjala.info\\\/2009-2015\\\/kufiri-berisha-urdher-sekret-filloni-negociatat-me-greqine\\\/\"]}]},{\"@type\":\"ImageObject\",\"inLanguage\":\"sq-AL\",\"@id\":\"https:\\\/\\\/fjala.info\\\/2009-2015\\\/kufiri-berisha-urdher-sekret-filloni-negociatat-me-greqine\\\/#primaryimage\",\"url\":\"http:\\\/\\\/www.fjala.info\\\/2012\\\/kufiri_berisha_po_shet.jpg\",\"contentUrl\":\"http:\\\/\\\/www.fjala.info\\\/2012\\\/kufiri_berisha_po_shet.jpg\"},{\"@type\":\"BreadcrumbList\",\"@id\":\"https:\\\/\\\/fjala.info\\\/2009-2015\\\/kufiri-berisha-urdher-sekret-filloni-negociatat-me-greqine\\\/#breadcrumb\",\"itemListElement\":[{\"@type\":\"ListItem\",\"position\":1,\"name\":\"Home\",\"item\":\"https:\\\/\\\/fjala.info\\\/2009-2015\\\/\"},{\"@type\":\"ListItem\",\"position\":2,\"name\":\"Kufiri, Berisha urdh\u00ebr sekret: Filloni negociatat me Greqin\u00eb\"}]},{\"@type\":\"WebSite\",\"@id\":\"https:\\\/\\\/fjala.info\\\/2009-2015\\\/#website\",\"url\":\"https:\\\/\\\/fjala.info\\\/2009-2015\\\/\",\"name\":\"FjALA e LIR\u00cb - Arkivi\",\"description\":\"Arkivi 2009-2015\",\"publisher\":{\"@id\":\"https:\\\/\\\/fjala.info\\\/2009-2015\\\/#organization\"},\"potentialAction\":[{\"@type\":\"SearchAction\",\"target\":{\"@type\":\"EntryPoint\",\"urlTemplate\":\"https:\\\/\\\/fjala.info\\\/2009-2015\\\/?s={search_term_string}\"},\"query-input\":{\"@type\":\"PropertyValueSpecification\",\"valueRequired\":true,\"valueName\":\"search_term_string\"}}],\"inLanguage\":\"sq-AL\"},{\"@type\":\"Organization\",\"@id\":\"https:\\\/\\\/fjala.info\\\/2009-2015\\\/#organization\",\"name\":\"FjALA e LIR\u00cb - Arkivi\",\"url\":\"https:\\\/\\\/fjala.info\\\/2009-2015\\\/\",\"logo\":{\"@type\":\"ImageObject\",\"inLanguage\":\"sq-AL\",\"@id\":\"https:\\\/\\\/fjala.info\\\/2009-2015\\\/#\\\/schema\\\/logo\\\/image\\\/\",\"url\":\"\",\"contentUrl\":\"\",\"caption\":\"FjALA e LIR\u00cb - Arkivi\"},\"image\":{\"@id\":\"https:\\\/\\\/fjala.info\\\/2009-2015\\\/#\\\/schema\\\/logo\\\/image\\\/\"}},{\"@type\":\"Person\",\"@id\":\"https:\\\/\\\/fjala.info\\\/2009-2015\\\/#\\\/schema\\\/person\\\/3aa1163ef05469c496fc94e77611ada2\",\"name\":\"admin\",\"image\":{\"@type\":\"ImageObject\",\"inLanguage\":\"sq-AL\",\"@id\":\"https:\\\/\\\/fjala.info\\\/2009-2015\\\/wp-content\\\/uploads\\\/2012\\\/02\\\/arben_cokaj-120x150.jpg\",\"url\":\"https:\\\/\\\/fjala.info\\\/2009-2015\\\/wp-content\\\/uploads\\\/2012\\\/02\\\/arben_cokaj-120x150.jpg\",\"contentUrl\":\"https:\\\/\\\/fjala.info\\\/2009-2015\\\/wp-content\\\/uploads\\\/2012\\\/02\\\/arben_cokaj-120x150.jpg\",\"caption\":\"admin\"},\"description\":\"Admin, Fjala e Lir\u00eb\",\"sameAs\":[\"https:\\\/\\\/fjala.info\\\/\"],\"url\":\"https:\\\/\\\/fjala.info\\\/2009-2015\\\/author\\\/admin\\\/\"}]}<\/script>\n<!-- \/ Yoast SEO plugin. -->","yoast_head_json":{"title":"Kufiri, Berisha urdh\u00ebr sekret: Filloni negociatat me Greqin\u00eb - FjALA e LIR\u00cb - Arkivi","robots":{"index":"index","follow":"follow","max-snippet":"max-snippet:-1","max-image-preview":"max-image-preview:large","max-video-preview":"max-video-preview:-1"},"canonical":"https:\/\/fjala.info\/2009-2015\/kufiri-berisha-urdher-sekret-filloni-negociatat-me-greqine\/","og_locale":"sq_AL","og_type":"article","og_title":"Kufiri, Berisha urdh\u00ebr sekret: Filloni negociatat me Greqin\u00eb - FjALA e LIR\u00cb - Arkivi","og_description":"Politik\u00eb nga FERNADA CENKO Berisha po e shet\/ PD e mohon, sulmon Ram\u00ebn TIRANE &#8211; Kryeministri Berisha ka dh\u00ebn\u00eb urdh\u00ebr sekret p\u00ebr hapjen e negociatave me Greqin\u00eb p\u00ebr kufirin detar q\u00eb para nj\u00eb viti. Gazeta \u201cShqiptarja.com\u201d zbardh sot urdh\u00ebrin e kreut t\u00eb qeveris\u00eb p\u00ebr fillimin e negociatave p\u00ebr delimitimin e shelfit detar me Greqin\u00eb. Vendimi [&hellip;]","og_url":"https:\/\/fjala.info\/2009-2015\/kufiri-berisha-urdher-sekret-filloni-negociatat-me-greqine\/","og_site_name":"FjALA e LIR\u00cb - Arkivi","article_published_time":"2012-08-18T06:45:30+00:00","og_image":[{"url":"http:\/\/www.fjala.info\/2012\/kufiri_berisha_po_shet.jpg","type":"","width":"","height":""}],"author":"admin","twitter_card":"summary_large_image","twitter_misc":{"Written by":"admin","Est. reading time":"1 minute"},"schema":{"@context":"https:\/\/schema.org","@graph":[{"@type":"Article","@id":"https:\/\/fjala.info\/2009-2015\/kufiri-berisha-urdher-sekret-filloni-negociatat-me-greqine\/#article","isPartOf":{"@id":"https:\/\/fjala.info\/2009-2015\/kufiri-berisha-urdher-sekret-filloni-negociatat-me-greqine\/"},"author":{"name":"admin","@id":"https:\/\/fjala.info\/2009-2015\/#\/schema\/person\/3aa1163ef05469c496fc94e77611ada2"},"headline":"Kufiri, Berisha urdh\u00ebr sekret: Filloni negociatat me Greqin\u00eb","datePublished":"2012-08-18T06:45:30+00:00","mainEntityOfPage":{"@id":"https:\/\/fjala.info\/2009-2015\/kufiri-berisha-urdher-sekret-filloni-negociatat-me-greqine\/"},"wordCount":152,"commentCount":0,"publisher":{"@id":"https:\/\/fjala.info\/2009-2015\/#organization"},"image":{"@id":"https:\/\/fjala.info\/2009-2015\/kufiri-berisha-urdher-sekret-filloni-negociatat-me-greqine\/#primaryimage"},"thumbnailUrl":"http:\/\/www.fjala.info\/2012\/kufiri_berisha_po_shet.jpg","articleSection":["Artikuj","Lajme"],"inLanguage":"sq-AL","potentialAction":[{"@type":"CommentAction","name":"Comment","target":["https:\/\/fjala.info\/2009-2015\/kufiri-berisha-urdher-sekret-filloni-negociatat-me-greqine\/#respond"]}]},{"@type":"WebPage","@id":"https:\/\/fjala.info\/2009-2015\/kufiri-berisha-urdher-sekret-filloni-negociatat-me-greqine\/","url":"https:\/\/fjala.info\/2009-2015\/kufiri-berisha-urdher-sekret-filloni-negociatat-me-greqine\/","name":"Kufiri, Berisha urdh\u00ebr sekret: Filloni negociatat me Greqin\u00eb - FjALA e LIR\u00cb - Arkivi","isPartOf":{"@id":"https:\/\/fjala.info\/2009-2015\/#website"},"primaryImageOfPage":{"@id":"https:\/\/fjala.info\/2009-2015\/kufiri-berisha-urdher-sekret-filloni-negociatat-me-greqine\/#primaryimage"},"image":{"@id":"https:\/\/fjala.info\/2009-2015\/kufiri-berisha-urdher-sekret-filloni-negociatat-me-greqine\/#primaryimage"},"thumbnailUrl":"http:\/\/www.fjala.info\/2012\/kufiri_berisha_po_shet.jpg","datePublished":"2012-08-18T06:45:30+00:00","breadcrumb":{"@id":"https:\/\/fjala.info\/2009-2015\/kufiri-berisha-urdher-sekret-filloni-negociatat-me-greqine\/#breadcrumb"},"inLanguage":"sq-AL","potentialAction":[{"@type":"ReadAction","target":["https:\/\/fjala.info\/2009-2015\/kufiri-berisha-urdher-sekret-filloni-negociatat-me-greqine\/"]}]},{"@type":"ImageObject","inLanguage":"sq-AL","@id":"https:\/\/fjala.info\/2009-2015\/kufiri-berisha-urdher-sekret-filloni-negociatat-me-greqine\/#primaryimage","url":"http:\/\/www.fjala.info\/2012\/kufiri_berisha_po_shet.jpg","contentUrl":"http:\/\/www.fjala.info\/2012\/kufiri_berisha_po_shet.jpg"},{"@type":"BreadcrumbList","@id":"https:\/\/fjala.info\/2009-2015\/kufiri-berisha-urdher-sekret-filloni-negociatat-me-greqine\/#breadcrumb","itemListElement":[{"@type":"ListItem","position":1,"name":"Home","item":"https:\/\/fjala.info\/2009-2015\/"},{"@type":"ListItem","position":2,"name":"Kufiri, Berisha urdh\u00ebr sekret: Filloni negociatat me Greqin\u00eb"}]},{"@type":"WebSite","@id":"https:\/\/fjala.info\/2009-2015\/#website","url":"https:\/\/fjala.info\/2009-2015\/","name":"FjALA e LIR\u00cb - Arkivi","description":"Arkivi 2009-2015","publisher":{"@id":"https:\/\/fjala.info\/2009-2015\/#organization"},"potentialAction":[{"@type":"SearchAction","target":{"@type":"EntryPoint","urlTemplate":"https:\/\/fjala.info\/2009-2015\/?s={search_term_string}"},"query-input":{"@type":"PropertyValueSpecification","valueRequired":true,"valueName":"search_term_string"}}],"inLanguage":"sq-AL"},{"@type":"Organization","@id":"https:\/\/fjala.info\/2009-2015\/#organization","name":"FjALA e LIR\u00cb - Arkivi","url":"https:\/\/fjala.info\/2009-2015\/","logo":{"@type":"ImageObject","inLanguage":"sq-AL","@id":"https:\/\/fjala.info\/2009-2015\/#\/schema\/logo\/image\/","url":"","contentUrl":"","caption":"FjALA e LIR\u00cb - Arkivi"},"image":{"@id":"https:\/\/fjala.info\/2009-2015\/#\/schema\/logo\/image\/"}},{"@type":"Person","@id":"https:\/\/fjala.info\/2009-2015\/#\/schema\/person\/3aa1163ef05469c496fc94e77611ada2","name":"admin","image":{"@type":"ImageObject","inLanguage":"sq-AL","@id":"https:\/\/fjala.info\/2009-2015\/wp-content\/uploads\/2012\/02\/arben_cokaj-120x150.jpg","url":"https:\/\/fjala.info\/2009-2015\/wp-content\/uploads\/2012\/02\/arben_cokaj-120x150.jpg","contentUrl":"https:\/\/fjala.info\/2009-2015\/wp-content\/uploads\/2012\/02\/arben_cokaj-120x150.jpg","caption":"admin"},"description":"Admin, Fjala e Lir\u00eb","sameAs":["https:\/\/fjala.info\/"],"url":"https:\/\/fjala.info\/2009-2015\/author\/admin\/"}]}},"_links":{"self":[{"href":"https:\/\/fjala.info\/2009-2015\/wp-json\/wp\/v2\/posts\/4487","targetHints":{"allow":["GET"]}}],"collection":[{"href":"https:\/\/fjala.info\/2009-2015\/wp-json\/wp\/v2\/posts"}],"about":[{"href":"https:\/\/fjala.info\/2009-2015\/wp-json\/wp\/v2\/types\/post"}],"author":[{"embeddable":true,"href":"https:\/\/fjala.info\/2009-2015\/wp-json\/wp\/v2\/users\/1"}],"replies":[{"embeddable":true,"href":"https:\/\/fjala.info\/2009-2015\/wp-json\/wp\/v2\/comments?post=4487"}],"version-history":[{"count":0,"href":"https:\/\/fjala.info\/2009-2015\/wp-json\/wp\/v2\/posts\/4487\/revisions"}],"wp:attachment":[{"href":"https:\/\/fjala.info\/2009-2015\/wp-json\/wp\/v2\/media?parent=4487"}],"wp:term":[{"taxonomy":"category","embeddable":true,"href":"https:\/\/fjala.info\/2009-2015\/wp-json\/wp\/v2\/categories?post=4487"},{"taxonomy":"post_tag","embeddable":true,"href":"https:\/\/fjala.info\/2009-2015\/wp-json\/wp\/v2\/tags?post=4487"}],"curies":[{"name":"wp","href":"https:\/\/api.w.org\/{rel}","templated":true}]}}