{"id":4483,"date":"2012-08-17T22:26:27","date_gmt":"2012-08-17T21:26:27","guid":{"rendered":"http:\/\/www.fjala.info\/?p=4483"},"modified":"2012-08-17T22:26:27","modified_gmt":"2012-08-17T21:26:27","slug":"reagim-gazeta-tema-dhe-policia-politike-e-sali-berishes","status":"publish","type":"post","link":"https:\/\/fjala.info\/2009-2015\/reagim-gazeta-tema-dhe-policia-politike-e-sali-berishes\/","title":{"rendered":"REAGIM\/ Gazeta TemA dhe policia politike e Sali Berish\u00ebs"},"content":{"rendered":"<p><img decoding=\"async\" class=\"alignright size-thumbnail wp-image-7236\" title=\"Bledi Mane\" src=\"http:\/\/www.fjala.info\/2012\/bledi_mane.jpg\" alt=\"\" width=\"150\" \/> <strong>TemA Online<\/strong>, <em>17 Gusht 2012<\/em><\/p>\n<p><em>Redaksia e gazet\u00ebs TemA<\/em><\/p>\n<p>Gazetari dhe komentatori i njohur i gazet\u00ebs TemA, Bledi Mane, \u00ebsht\u00eb fyer dhe k\u00ebrc\u00ebnuar publikisht n\u00eb qytetin tij n\u00eb P\u00ebrmet, nga Komisari i Policis\u00eb s\u00eb qytetit, Mit\u2019hat Havari. Si\u00e7 ka raportuar vet\u00eb gazetari, por dhe d\u00ebshmitar\u00eb n\u00eb vendngjarje, Havari ka sulmuar gazetarin, nd\u00ebrkoh\u00eb q\u00eb n\u00eb qytet zhvillohej nj\u00eb aktivitet kulturor, ideuar dhe drejtuar nga gazetari Bledi Mane. Gjuha dhe fjalori fyes ndaj gazetarit, dhe referencat tek shkrimet e tij kritike p\u00ebr qeverin\u00eb, p\u00ebrb\u00ebjn\u00eb nj\u00eb shqet\u00ebsim serioz t\u00eb politizimit ekstrem t\u00eb policis\u00eb shqiptare kund\u00ebr liris\u00eb s\u00eb fjal\u00ebs dhe nj\u00eb standard primitiv p\u00ebr qeverin\u00eb shqiptare, e cila synon t\u00eb b\u00ebj\u00eb vendin kandidat p\u00ebr an\u00ebtare n\u00eb Bashkimin Evropian.<\/p>\n<p>Komisari Mit\u2019hat Havari, nj\u00eb figur\u00eb groteske e policis\u00eb shqiptare, i liruar dy her\u00eb nga detyra p\u00ebr tejkalim t\u00eb ligjit, arroganc\u00eb dhe paaft\u00ebsi, \u00ebsht\u00eb rikthyer n\u00eb mosh\u00ebn e pleq\u00ebris\u00eb n\u00eb polici, p\u00ebr shkak t\u00eb sh\u00ebrbimeve antiopozitare ndaj qeveris\u00eb. P\u00ebr shkak t\u00eb p\u00ebrdorimit t\u00eb tij kund\u00ebr liderit t\u00eb opozit\u00ebs Edi Rama, qeveria e riktheu at\u00eb n\u00eb polici, duke e \u00e7uar Komisar n\u00eb qytetin jugor t\u00eb P\u00ebrmetit, 230 km larg Tiran\u00ebs.<\/p>\n<p>Zoti Havari ndoshta mendon se rruga e karrier\u00ebs s\u00eb tij mund t\u00eb b\u00ebhet m\u00eb e leht\u00eb n\u00ebse sulmon gazetar\u00ebt kritik me qeverin\u00eb n\u00eb P\u00ebrmet apo kudo gjetk\u00eb, duke e par\u00eb k\u00ebt\u00eb si nj\u00eb m\u00ebnyr\u00eb p\u00ebr t\u2019i hyr\u00eb n\u00eb zem\u00ebr kryeministrit Berisha dhe ministrit t\u00eb tij, per ta rikthyer n\u00eb Tirane. Ky \u00ebsht\u00eb nj\u00eb mentalitet prej burracaku q\u00eb ky Komisar policie, ka d\u00ebshmuar edhe n\u00eb vitin 1998, n\u00eb Shkod\u00ebr, pasi tentoi t\u00eb arrestonte deputetin Azem Hajdarit, n\u00eb nj\u00eb betej\u00eb donkishoteske q\u00eb desh p\u00ebrfundoi me viktima tek rrethimi i tij tek Ura e Milotit.<\/p>\n<p>D\u00ebshira e tij p\u00ebr t\u2019i sh\u00ebrbyer shefave t\u00eb vet, duke persekutuar opozit\u00ebn, \u00ebsht\u00eb nj\u00eb nga arsyet q\u00eb ai \u00ebsht\u00eb flakur nga radh\u00ebt e policis\u00eb qysh n\u00eb vitin 1998, dhe q\u00eb degradoi m\u00eb pas si gjob\u00ebv\u00ebn\u00ebs dhe kok\u00eb turku n\u00eb prishje t\u00eb nd\u00ebrtimeve pa leje n\u00eb Tiran\u00eb, n\u00eb Policin\u00eb Nd\u00ebrtimore.<\/p>\n<p>Redaksia e gazet\u00ebs Tema i b\u00ebn thirrje pa ndonj\u00eb shpres\u00eb kryeministrit t\u00eb Shqip\u00ebris\u00eb, t\u00eb ndal\u00eb inkurajimin e bandit\u00ebve t\u00eb till\u00eb t\u00eb veshur me rroba polici. Asnj\u00eb gazetar i gazet\u00ebs Tema dhe asnj\u00eb bashk\u00ebpun\u00ebtor i saj, nuk do t\u00eb t\u00ebrhiqet nga q\u00ebndrimet e veta, p\u00ebr shkak t\u00eb k\u00ebsaj klime k\u00ebrc\u00ebnuese dhe frik\u00ebsuese p\u00ebr gazetar\u00ebt, por e gjith\u00eb kjo do t\u00eb ket\u00eb nj\u00eb kosto p\u00ebr imazhin e Shqip\u00ebris\u00eb dhe standardin e demokracis\u00eb s\u00eb saj.<\/p>\n<p>P\u00ebr redaksin\u00eb e gazet\u00ebs Tema, Komisar Havari \u00ebsht\u00eb nj\u00eb servil i shp\u00ebrblyer me nj\u00eb kock\u00eb p\u00ebr lehjet kund\u00ebr opozit\u00ebs, por ne mund ta katandisim at\u00eb dhe m\u00eb keq, n\u00ebse ai tenton t\u00eb ngrej\u00eb z\u00ebrin, dor\u00ebn, biles dhe syt\u00eb nga gazetar\u00ebt e gazet\u00ebs.<\/p>\n<p>Problemi jon\u00eb nuk \u00ebsht\u00eb Havari, por shefat e tij, q\u00eb inkurajojn\u00eb nj\u00eb klim\u00eb frike ndaj medies s\u00eb lir\u00eb dhe tentojn\u00eb t\u00eb ushtrojn\u00eb terror mbi t\u00eb, larg syve t\u00eb opinionit publik, n\u00eb nj\u00eb qytet t\u00eb qet\u00eb si P\u00ebrmeti, ku i vetmi njeri agresiv dhe anormal \u00ebsht\u00eb Komisari i Policis\u00eb.<\/p>\n<p>Bledi Mane \u00ebsht\u00eb nj\u00eb nga gazetar\u00ebt m\u00eb t\u00eb talentuar t\u00eb Shqip\u00ebris\u00eb dhe nj\u00eb z\u00eb i fuqish\u00ebm kritik, tep\u00ebr popullor n\u00eb vend. \u00c7do p\u00ebrpjekje p\u00ebr t\u00eb prekur integritetin tij fizik apo profesional, do t\u00eb marr\u00eb nj\u00eb p\u00ebrgjigje t\u00eb pazakont\u00eb jo vet\u00ebm nga koleg\u00ebt e tij, por dhe nga opinioni publik dhe institucionet nd\u00ebrkomb\u00ebtare q\u00eb mbrojn\u00eb lirin\u00eb e fjal\u00ebs n\u00eb vend.<\/p>\n<p>Me k\u00ebt\u00eb rast i k\u00ebrkojm\u00eb qeveris\u00eb shqiptare t\u00eb mbaj\u00eb q\u00ebndrim publik ndaj gjesteve agresive dhe k\u00ebrc\u00ebnuese t\u00eb k\u00ebtij komisari policie, q\u00eb nuk p\u00ebrmbush asnj\u00eb standart t\u00eb Policis\u00eb s\u00eb Shtetit, dhe t\u00eb d\u00ebnoj\u00eb publikisht gjestin e tij.<\/p>\n<p>Redaksia dhe gazetari Bledi Mane do t\u00eb mbajn\u00eb t\u00eb informuar misionin diplomatik t\u00eb Bashkimit Evropian n\u00eb Tiran\u00eb, ambasadorin e OSBE-s\u00eb dhe at\u00eb t\u00eb SHBA-s\u00eb p\u00ebr k\u00ebt\u00eb klim\u00eb k\u00ebrc\u00ebnuese ndaj medies s\u00eb lir\u00eb.<\/p>\n<p>Edhe pse nuk presim q\u00eb Berisha t\u00eb t\u00ebrheq\u00eb k\u00ebrc\u00ebnimet dhe ministri Noka t\u00eb t\u00ebrheq\u00eb polic\u00ebt delirant\u00eb dhe servil\u00eb q\u00eb p\u00ebrdorin kund\u00ebr medies kritike, ne jemi t\u00eb vendosur t\u00eb mbrojm\u00eb q\u00ebndrimet tona, jo vet\u00ebm duke u p\u00ebrplasur me karikatura t\u00eb tilla t\u00eb regjimit, por dhe duke inkurajuar qytetar\u00ebt ti japin fund regjimit t\u00eb k\u00ebtyre sharlatan\u00ebve.<\/p>\n","protected":false},"excerpt":{"rendered":"<p>TemA Online, 17 Gusht 2012 Redaksia e gazet\u00ebs TemA Gazetari dhe komentatori i njohur i gazet\u00ebs TemA, Bledi Mane, \u00ebsht\u00eb fyer dhe k\u00ebrc\u00ebnuar publikisht n\u00eb qytetin tij n\u00eb P\u00ebrmet, nga Komisari i Policis\u00eb s\u00eb qytetit, Mit\u2019hat Havari. Si\u00e7 ka raportuar vet\u00eb gazetari, por dhe d\u00ebshmitar\u00eb n\u00eb vendngjarje, Havari ka sulmuar gazetarin, nd\u00ebrkoh\u00eb q\u00eb n\u00eb qytet [&hellip;]<\/p>\n","protected":false},"author":1,"featured_media":0,"comment_status":"open","ping_status":"closed","sticky":false,"template":"","format":"standard","meta":{"footnotes":""},"categories":[2],"tags":[],"class_list":{"0":"post-4483","1":"post","2":"type-post","3":"status-publish","4":"format-standard","6":"category-artikuj"},"yoast_head":"<!-- This site is optimized with the Yoast SEO plugin v27.4 - https:\/\/yoast.com\/product\/yoast-seo-wordpress\/ -->\n<title>REAGIM\/ Gazeta TemA dhe policia politike e Sali Berish\u00ebs - FjALA e LIR\u00cb - Arkivi<\/title>\n<meta name=\"robots\" content=\"index, follow, max-snippet:-1, max-image-preview:large, max-video-preview:-1\" \/>\n<link rel=\"canonical\" href=\"https:\/\/fjala.info\/2009-2015\/reagim-gazeta-tema-dhe-policia-politike-e-sali-berishes\/\" \/>\n<meta property=\"og:locale\" content=\"sq_AL\" \/>\n<meta property=\"og:type\" content=\"article\" \/>\n<meta property=\"og:title\" content=\"REAGIM\/ Gazeta TemA dhe policia politike e Sali Berish\u00ebs - FjALA e LIR\u00cb - Arkivi\" \/>\n<meta property=\"og:description\" content=\"TemA Online, 17 Gusht 2012 Redaksia e gazet\u00ebs TemA Gazetari dhe komentatori i njohur i gazet\u00ebs TemA, Bledi Mane, \u00ebsht\u00eb fyer dhe k\u00ebrc\u00ebnuar publikisht n\u00eb qytetin tij n\u00eb P\u00ebrmet, nga Komisari i Policis\u00eb s\u00eb qytetit, Mit\u2019hat Havari. Si\u00e7 ka raportuar vet\u00eb gazetari, por dhe d\u00ebshmitar\u00eb n\u00eb vendngjarje, Havari ka sulmuar gazetarin, nd\u00ebrkoh\u00eb q\u00eb n\u00eb qytet [&hellip;]\" \/>\n<meta property=\"og:url\" content=\"https:\/\/fjala.info\/2009-2015\/reagim-gazeta-tema-dhe-policia-politike-e-sali-berishes\/\" \/>\n<meta property=\"og:site_name\" content=\"FjALA e LIR\u00cb - Arkivi\" \/>\n<meta property=\"article:published_time\" content=\"2012-08-17T21:26:27+00:00\" \/>\n<meta property=\"og:image\" content=\"http:\/\/www.fjala.info\/2012\/bledi_mane.jpg\" \/>\n<meta name=\"author\" content=\"admin\" \/>\n<meta name=\"twitter:card\" content=\"summary_large_image\" \/>\n<meta name=\"twitter:label1\" content=\"Written by\" \/>\n\t<meta name=\"twitter:data1\" content=\"admin\" \/>\n\t<meta name=\"twitter:label2\" content=\"Est. reading time\" \/>\n\t<meta name=\"twitter:data2\" content=\"4 minutes\" \/>\n<script type=\"application\/ld+json\" class=\"yoast-schema-graph\">{\"@context\":\"https:\\\/\\\/schema.org\",\"@graph\":[{\"@type\":\"Article\",\"@id\":\"https:\\\/\\\/fjala.info\\\/2009-2015\\\/reagim-gazeta-tema-dhe-policia-politike-e-sali-berishes\\\/#article\",\"isPartOf\":{\"@id\":\"https:\\\/\\\/fjala.info\\\/2009-2015\\\/reagim-gazeta-tema-dhe-policia-politike-e-sali-berishes\\\/\"},\"author\":{\"name\":\"admin\",\"@id\":\"https:\\\/\\\/fjala.info\\\/2009-2015\\\/#\\\/schema\\\/person\\\/3aa1163ef05469c496fc94e77611ada2\"},\"headline\":\"REAGIM\\\/ Gazeta TemA dhe policia politike e Sali Berish\u00ebs\",\"datePublished\":\"2012-08-17T21:26:27+00:00\",\"mainEntityOfPage\":{\"@id\":\"https:\\\/\\\/fjala.info\\\/2009-2015\\\/reagim-gazeta-tema-dhe-policia-politike-e-sali-berishes\\\/\"},\"wordCount\":793,\"commentCount\":0,\"publisher\":{\"@id\":\"https:\\\/\\\/fjala.info\\\/2009-2015\\\/#organization\"},\"image\":{\"@id\":\"https:\\\/\\\/fjala.info\\\/2009-2015\\\/reagim-gazeta-tema-dhe-policia-politike-e-sali-berishes\\\/#primaryimage\"},\"thumbnailUrl\":\"http:\\\/\\\/www.fjala.info\\\/2012\\\/bledi_mane.jpg\",\"articleSection\":[\"Artikuj\"],\"inLanguage\":\"sq-AL\",\"potentialAction\":[{\"@type\":\"CommentAction\",\"name\":\"Comment\",\"target\":[\"https:\\\/\\\/fjala.info\\\/2009-2015\\\/reagim-gazeta-tema-dhe-policia-politike-e-sali-berishes\\\/#respond\"]}]},{\"@type\":\"WebPage\",\"@id\":\"https:\\\/\\\/fjala.info\\\/2009-2015\\\/reagim-gazeta-tema-dhe-policia-politike-e-sali-berishes\\\/\",\"url\":\"https:\\\/\\\/fjala.info\\\/2009-2015\\\/reagim-gazeta-tema-dhe-policia-politike-e-sali-berishes\\\/\",\"name\":\"REAGIM\\\/ Gazeta TemA dhe policia politike e Sali Berish\u00ebs - FjALA e LIR\u00cb - Arkivi\",\"isPartOf\":{\"@id\":\"https:\\\/\\\/fjala.info\\\/2009-2015\\\/#website\"},\"primaryImageOfPage\":{\"@id\":\"https:\\\/\\\/fjala.info\\\/2009-2015\\\/reagim-gazeta-tema-dhe-policia-politike-e-sali-berishes\\\/#primaryimage\"},\"image\":{\"@id\":\"https:\\\/\\\/fjala.info\\\/2009-2015\\\/reagim-gazeta-tema-dhe-policia-politike-e-sali-berishes\\\/#primaryimage\"},\"thumbnailUrl\":\"http:\\\/\\\/www.fjala.info\\\/2012\\\/bledi_mane.jpg\",\"datePublished\":\"2012-08-17T21:26:27+00:00\",\"breadcrumb\":{\"@id\":\"https:\\\/\\\/fjala.info\\\/2009-2015\\\/reagim-gazeta-tema-dhe-policia-politike-e-sali-berishes\\\/#breadcrumb\"},\"inLanguage\":\"sq-AL\",\"potentialAction\":[{\"@type\":\"ReadAction\",\"target\":[\"https:\\\/\\\/fjala.info\\\/2009-2015\\\/reagim-gazeta-tema-dhe-policia-politike-e-sali-berishes\\\/\"]}]},{\"@type\":\"ImageObject\",\"inLanguage\":\"sq-AL\",\"@id\":\"https:\\\/\\\/fjala.info\\\/2009-2015\\\/reagim-gazeta-tema-dhe-policia-politike-e-sali-berishes\\\/#primaryimage\",\"url\":\"http:\\\/\\\/www.fjala.info\\\/2012\\\/bledi_mane.jpg\",\"contentUrl\":\"http:\\\/\\\/www.fjala.info\\\/2012\\\/bledi_mane.jpg\"},{\"@type\":\"BreadcrumbList\",\"@id\":\"https:\\\/\\\/fjala.info\\\/2009-2015\\\/reagim-gazeta-tema-dhe-policia-politike-e-sali-berishes\\\/#breadcrumb\",\"itemListElement\":[{\"@type\":\"ListItem\",\"position\":1,\"name\":\"Home\",\"item\":\"https:\\\/\\\/fjala.info\\\/2009-2015\\\/\"},{\"@type\":\"ListItem\",\"position\":2,\"name\":\"REAGIM\\\/ Gazeta TemA dhe policia politike e Sali Berish\u00ebs\"}]},{\"@type\":\"WebSite\",\"@id\":\"https:\\\/\\\/fjala.info\\\/2009-2015\\\/#website\",\"url\":\"https:\\\/\\\/fjala.info\\\/2009-2015\\\/\",\"name\":\"FjALA e LIR\u00cb - Arkivi\",\"description\":\"Arkivi 2009-2015\",\"publisher\":{\"@id\":\"https:\\\/\\\/fjala.info\\\/2009-2015\\\/#organization\"},\"potentialAction\":[{\"@type\":\"SearchAction\",\"target\":{\"@type\":\"EntryPoint\",\"urlTemplate\":\"https:\\\/\\\/fjala.info\\\/2009-2015\\\/?s={search_term_string}\"},\"query-input\":{\"@type\":\"PropertyValueSpecification\",\"valueRequired\":true,\"valueName\":\"search_term_string\"}}],\"inLanguage\":\"sq-AL\"},{\"@type\":\"Organization\",\"@id\":\"https:\\\/\\\/fjala.info\\\/2009-2015\\\/#organization\",\"name\":\"FjALA e LIR\u00cb - Arkivi\",\"url\":\"https:\\\/\\\/fjala.info\\\/2009-2015\\\/\",\"logo\":{\"@type\":\"ImageObject\",\"inLanguage\":\"sq-AL\",\"@id\":\"https:\\\/\\\/fjala.info\\\/2009-2015\\\/#\\\/schema\\\/logo\\\/image\\\/\",\"url\":\"\",\"contentUrl\":\"\",\"caption\":\"FjALA e LIR\u00cb - Arkivi\"},\"image\":{\"@id\":\"https:\\\/\\\/fjala.info\\\/2009-2015\\\/#\\\/schema\\\/logo\\\/image\\\/\"}},{\"@type\":\"Person\",\"@id\":\"https:\\\/\\\/fjala.info\\\/2009-2015\\\/#\\\/schema\\\/person\\\/3aa1163ef05469c496fc94e77611ada2\",\"name\":\"admin\",\"image\":{\"@type\":\"ImageObject\",\"inLanguage\":\"sq-AL\",\"@id\":\"https:\\\/\\\/fjala.info\\\/2009-2015\\\/wp-content\\\/uploads\\\/2012\\\/02\\\/arben_cokaj-120x150.jpg\",\"url\":\"https:\\\/\\\/fjala.info\\\/2009-2015\\\/wp-content\\\/uploads\\\/2012\\\/02\\\/arben_cokaj-120x150.jpg\",\"contentUrl\":\"https:\\\/\\\/fjala.info\\\/2009-2015\\\/wp-content\\\/uploads\\\/2012\\\/02\\\/arben_cokaj-120x150.jpg\",\"caption\":\"admin\"},\"description\":\"Admin, Fjala e Lir\u00eb\",\"sameAs\":[\"https:\\\/\\\/fjala.info\\\/\"],\"url\":\"https:\\\/\\\/fjala.info\\\/2009-2015\\\/author\\\/admin\\\/\"}]}<\/script>\n<!-- \/ Yoast SEO plugin. -->","yoast_head_json":{"title":"REAGIM\/ Gazeta TemA dhe policia politike e Sali Berish\u00ebs - FjALA e LIR\u00cb - Arkivi","robots":{"index":"index","follow":"follow","max-snippet":"max-snippet:-1","max-image-preview":"max-image-preview:large","max-video-preview":"max-video-preview:-1"},"canonical":"https:\/\/fjala.info\/2009-2015\/reagim-gazeta-tema-dhe-policia-politike-e-sali-berishes\/","og_locale":"sq_AL","og_type":"article","og_title":"REAGIM\/ Gazeta TemA dhe policia politike e Sali Berish\u00ebs - FjALA e LIR\u00cb - Arkivi","og_description":"TemA Online, 17 Gusht 2012 Redaksia e gazet\u00ebs TemA Gazetari dhe komentatori i njohur i gazet\u00ebs TemA, Bledi Mane, \u00ebsht\u00eb fyer dhe k\u00ebrc\u00ebnuar publikisht n\u00eb qytetin tij n\u00eb P\u00ebrmet, nga Komisari i Policis\u00eb s\u00eb qytetit, Mit\u2019hat Havari. Si\u00e7 ka raportuar vet\u00eb gazetari, por dhe d\u00ebshmitar\u00eb n\u00eb vendngjarje, Havari ka sulmuar gazetarin, nd\u00ebrkoh\u00eb q\u00eb n\u00eb qytet [&hellip;]","og_url":"https:\/\/fjala.info\/2009-2015\/reagim-gazeta-tema-dhe-policia-politike-e-sali-berishes\/","og_site_name":"FjALA e LIR\u00cb - Arkivi","article_published_time":"2012-08-17T21:26:27+00:00","og_image":[{"url":"http:\/\/www.fjala.info\/2012\/bledi_mane.jpg","type":"","width":"","height":""}],"author":"admin","twitter_card":"summary_large_image","twitter_misc":{"Written by":"admin","Est. reading time":"4 minutes"},"schema":{"@context":"https:\/\/schema.org","@graph":[{"@type":"Article","@id":"https:\/\/fjala.info\/2009-2015\/reagim-gazeta-tema-dhe-policia-politike-e-sali-berishes\/#article","isPartOf":{"@id":"https:\/\/fjala.info\/2009-2015\/reagim-gazeta-tema-dhe-policia-politike-e-sali-berishes\/"},"author":{"name":"admin","@id":"https:\/\/fjala.info\/2009-2015\/#\/schema\/person\/3aa1163ef05469c496fc94e77611ada2"},"headline":"REAGIM\/ Gazeta TemA dhe policia politike e Sali Berish\u00ebs","datePublished":"2012-08-17T21:26:27+00:00","mainEntityOfPage":{"@id":"https:\/\/fjala.info\/2009-2015\/reagim-gazeta-tema-dhe-policia-politike-e-sali-berishes\/"},"wordCount":793,"commentCount":0,"publisher":{"@id":"https:\/\/fjala.info\/2009-2015\/#organization"},"image":{"@id":"https:\/\/fjala.info\/2009-2015\/reagim-gazeta-tema-dhe-policia-politike-e-sali-berishes\/#primaryimage"},"thumbnailUrl":"http:\/\/www.fjala.info\/2012\/bledi_mane.jpg","articleSection":["Artikuj"],"inLanguage":"sq-AL","potentialAction":[{"@type":"CommentAction","name":"Comment","target":["https:\/\/fjala.info\/2009-2015\/reagim-gazeta-tema-dhe-policia-politike-e-sali-berishes\/#respond"]}]},{"@type":"WebPage","@id":"https:\/\/fjala.info\/2009-2015\/reagim-gazeta-tema-dhe-policia-politike-e-sali-berishes\/","url":"https:\/\/fjala.info\/2009-2015\/reagim-gazeta-tema-dhe-policia-politike-e-sali-berishes\/","name":"REAGIM\/ Gazeta TemA dhe policia politike e Sali Berish\u00ebs - FjALA e LIR\u00cb - Arkivi","isPartOf":{"@id":"https:\/\/fjala.info\/2009-2015\/#website"},"primaryImageOfPage":{"@id":"https:\/\/fjala.info\/2009-2015\/reagim-gazeta-tema-dhe-policia-politike-e-sali-berishes\/#primaryimage"},"image":{"@id":"https:\/\/fjala.info\/2009-2015\/reagim-gazeta-tema-dhe-policia-politike-e-sali-berishes\/#primaryimage"},"thumbnailUrl":"http:\/\/www.fjala.info\/2012\/bledi_mane.jpg","datePublished":"2012-08-17T21:26:27+00:00","breadcrumb":{"@id":"https:\/\/fjala.info\/2009-2015\/reagim-gazeta-tema-dhe-policia-politike-e-sali-berishes\/#breadcrumb"},"inLanguage":"sq-AL","potentialAction":[{"@type":"ReadAction","target":["https:\/\/fjala.info\/2009-2015\/reagim-gazeta-tema-dhe-policia-politike-e-sali-berishes\/"]}]},{"@type":"ImageObject","inLanguage":"sq-AL","@id":"https:\/\/fjala.info\/2009-2015\/reagim-gazeta-tema-dhe-policia-politike-e-sali-berishes\/#primaryimage","url":"http:\/\/www.fjala.info\/2012\/bledi_mane.jpg","contentUrl":"http:\/\/www.fjala.info\/2012\/bledi_mane.jpg"},{"@type":"BreadcrumbList","@id":"https:\/\/fjala.info\/2009-2015\/reagim-gazeta-tema-dhe-policia-politike-e-sali-berishes\/#breadcrumb","itemListElement":[{"@type":"ListItem","position":1,"name":"Home","item":"https:\/\/fjala.info\/2009-2015\/"},{"@type":"ListItem","position":2,"name":"REAGIM\/ Gazeta TemA dhe policia politike e Sali Berish\u00ebs"}]},{"@type":"WebSite","@id":"https:\/\/fjala.info\/2009-2015\/#website","url":"https:\/\/fjala.info\/2009-2015\/","name":"FjALA e LIR\u00cb - Arkivi","description":"Arkivi 2009-2015","publisher":{"@id":"https:\/\/fjala.info\/2009-2015\/#organization"},"potentialAction":[{"@type":"SearchAction","target":{"@type":"EntryPoint","urlTemplate":"https:\/\/fjala.info\/2009-2015\/?s={search_term_string}"},"query-input":{"@type":"PropertyValueSpecification","valueRequired":true,"valueName":"search_term_string"}}],"inLanguage":"sq-AL"},{"@type":"Organization","@id":"https:\/\/fjala.info\/2009-2015\/#organization","name":"FjALA e LIR\u00cb - Arkivi","url":"https:\/\/fjala.info\/2009-2015\/","logo":{"@type":"ImageObject","inLanguage":"sq-AL","@id":"https:\/\/fjala.info\/2009-2015\/#\/schema\/logo\/image\/","url":"","contentUrl":"","caption":"FjALA e LIR\u00cb - Arkivi"},"image":{"@id":"https:\/\/fjala.info\/2009-2015\/#\/schema\/logo\/image\/"}},{"@type":"Person","@id":"https:\/\/fjala.info\/2009-2015\/#\/schema\/person\/3aa1163ef05469c496fc94e77611ada2","name":"admin","image":{"@type":"ImageObject","inLanguage":"sq-AL","@id":"https:\/\/fjala.info\/2009-2015\/wp-content\/uploads\/2012\/02\/arben_cokaj-120x150.jpg","url":"https:\/\/fjala.info\/2009-2015\/wp-content\/uploads\/2012\/02\/arben_cokaj-120x150.jpg","contentUrl":"https:\/\/fjala.info\/2009-2015\/wp-content\/uploads\/2012\/02\/arben_cokaj-120x150.jpg","caption":"admin"},"description":"Admin, Fjala e Lir\u00eb","sameAs":["https:\/\/fjala.info\/"],"url":"https:\/\/fjala.info\/2009-2015\/author\/admin\/"}]}},"_links":{"self":[{"href":"https:\/\/fjala.info\/2009-2015\/wp-json\/wp\/v2\/posts\/4483","targetHints":{"allow":["GET"]}}],"collection":[{"href":"https:\/\/fjala.info\/2009-2015\/wp-json\/wp\/v2\/posts"}],"about":[{"href":"https:\/\/fjala.info\/2009-2015\/wp-json\/wp\/v2\/types\/post"}],"author":[{"embeddable":true,"href":"https:\/\/fjala.info\/2009-2015\/wp-json\/wp\/v2\/users\/1"}],"replies":[{"embeddable":true,"href":"https:\/\/fjala.info\/2009-2015\/wp-json\/wp\/v2\/comments?post=4483"}],"version-history":[{"count":0,"href":"https:\/\/fjala.info\/2009-2015\/wp-json\/wp\/v2\/posts\/4483\/revisions"}],"wp:attachment":[{"href":"https:\/\/fjala.info\/2009-2015\/wp-json\/wp\/v2\/media?parent=4483"}],"wp:term":[{"taxonomy":"category","embeddable":true,"href":"https:\/\/fjala.info\/2009-2015\/wp-json\/wp\/v2\/categories?post=4483"},{"taxonomy":"post_tag","embeddable":true,"href":"https:\/\/fjala.info\/2009-2015\/wp-json\/wp\/v2\/tags?post=4483"}],"curies":[{"name":"wp","href":"https:\/\/api.w.org\/{rel}","templated":true}]}}