{"id":4481,"date":"2012-08-17T22:24:25","date_gmt":"2012-08-17T21:24:25","guid":{"rendered":"http:\/\/www.fjala.info\/?p=4481"},"modified":"2012-08-17T22:24:25","modified_gmt":"2012-08-17T21:24:25","slug":"bledi-mane-leter-proteste-ndaj-havarit-neser-havari-ne-prokurori","status":"publish","type":"post","link":"https:\/\/fjala.info\/2009-2015\/bledi-mane-leter-proteste-ndaj-havarit-neser-havari-ne-prokurori\/","title":{"rendered":"Bledi Mane, let\u00ebr proteste ndaj Havarit. Nes\u00ebr Havari n\u00eb prokurori"},"content":{"rendered":"<p><strong>TemA Online<\/strong>, <em>17 Gusht 2012<\/em><\/p>\n<p>Gazetari <strong>Bledi Mane <\/strong>i ka d\u00ebrguar sot nj\u00eb note proteste disa p\u00ebrfaq\u00ebsive diplomatike ne Tirane dhe organizatave p\u00ebr mbrojtjen e te drejtave te njeriut rreth klim\u00ebs se k\u00ebrc\u00ebnimeve dhe shantazheve te kryepolicit te P\u00ebrmetit, Mit\u2019hat Havari, nj\u00eb ish drejtues i vjet\u00ebr policie i liruar disa here nga detyra p\u00ebr shkelje te ligjit.<\/p>\n<p>Ne letr\u00ebn e tij Mane sqaron rrethanat ne te cil\u00ebn kryepolici i P\u00ebrmetit ka krijuar incidente me te. Me posht\u00eb po japim te plot faksimilen e letr\u00ebs qe Mane u ka drejtuar p\u00ebrfaq\u00ebsive diplomatike dhe organizatave te tjera te drejtave te njeriut.<\/p>\n<p>Kryepolici Havari ne nje reagim te nisur me email ne gazet\u00ebn TemA, fyen dhe sulmon me nj\u00eb fjalor rruga\u00e7eror gazetarin ne fjale. Reagimin i cili ehte jasht\u00eb \u00e7do etike p\u00ebr t\u2019u botuar, do t\u2019ia dorzojme prokuroris\u00eb si prove e dhun\u00ebs verbale te tij ndaj liris\u00eb se medies.<\/p>\n<p>Nes\u00ebr paradite Havari do te paraqitet ne prokurori ne P\u00ebrmet, p\u00ebr te dh\u00ebne shpjegime rreth rastit ne fjale.<\/p>\n<p><img decoding=\"async\" class=\"aligncenter size-thumbnail wp-image-7236\" title=\"Bledi Mane - protest\u00eb\" src=\"http:\/\/www.fjala.info\/2012\/bm_note_proteste.jpg\" alt=\"\" width=\"500\" \/><\/p>\n<p><img decoding=\"async\" class=\"aligncenter size-thumbnail wp-image-7236\" title=\"Bledi Mane - protest\u00eb\" src=\"http:\/\/www.fjala.info\/2012\/bm_note_proteste1.jpg\" alt=\"\" width=\"500\" \/><\/p>\n","protected":false},"excerpt":{"rendered":"<p>TemA Online, 17 Gusht 2012 Gazetari Bledi Mane i ka d\u00ebrguar sot nj\u00eb note proteste disa p\u00ebrfaq\u00ebsive diplomatike ne Tirane dhe organizatave p\u00ebr mbrojtjen e te drejtave te njeriut rreth klim\u00ebs se k\u00ebrc\u00ebnimeve dhe shantazheve te kryepolicit te P\u00ebrmetit, Mit\u2019hat Havari, nj\u00eb ish drejtues i vjet\u00ebr policie i liruar disa here nga detyra p\u00ebr shkelje [&hellip;]<\/p>\n","protected":false},"author":1,"featured_media":0,"comment_status":"open","ping_status":"closed","sticky":false,"template":"","format":"standard","meta":{"footnotes":""},"categories":[2,5],"tags":[],"class_list":{"0":"post-4481","1":"post","2":"type-post","3":"status-publish","4":"format-standard","6":"category-artikuj","7":"category-lajme"},"yoast_head":"<!-- This site is optimized with the Yoast SEO plugin v27.4 - https:\/\/yoast.com\/product\/yoast-seo-wordpress\/ -->\n<title>Bledi Mane, let\u00ebr proteste ndaj Havarit. Nes\u00ebr Havari n\u00eb prokurori - FjALA e LIR\u00cb - Arkivi<\/title>\n<meta name=\"robots\" content=\"index, follow, max-snippet:-1, max-image-preview:large, max-video-preview:-1\" \/>\n<link rel=\"canonical\" href=\"https:\/\/fjala.info\/2009-2015\/bledi-mane-leter-proteste-ndaj-havarit-neser-havari-ne-prokurori\/\" \/>\n<meta property=\"og:locale\" content=\"sq_AL\" \/>\n<meta property=\"og:type\" content=\"article\" \/>\n<meta property=\"og:title\" content=\"Bledi Mane, let\u00ebr proteste ndaj Havarit. Nes\u00ebr Havari n\u00eb prokurori - FjALA e LIR\u00cb - Arkivi\" \/>\n<meta property=\"og:description\" content=\"TemA Online, 17 Gusht 2012 Gazetari Bledi Mane i ka d\u00ebrguar sot nj\u00eb note proteste disa p\u00ebrfaq\u00ebsive diplomatike ne Tirane dhe organizatave p\u00ebr mbrojtjen e te drejtave te njeriut rreth klim\u00ebs se k\u00ebrc\u00ebnimeve dhe shantazheve te kryepolicit te P\u00ebrmetit, Mit\u2019hat Havari, nj\u00eb ish drejtues i vjet\u00ebr policie i liruar disa here nga detyra p\u00ebr shkelje [&hellip;]\" \/>\n<meta property=\"og:url\" content=\"https:\/\/fjala.info\/2009-2015\/bledi-mane-leter-proteste-ndaj-havarit-neser-havari-ne-prokurori\/\" \/>\n<meta property=\"og:site_name\" content=\"FjALA e LIR\u00cb - Arkivi\" \/>\n<meta property=\"article:published_time\" content=\"2012-08-17T21:24:25+00:00\" \/>\n<meta property=\"og:image\" content=\"http:\/\/www.fjala.info\/2012\/bm_note_proteste.jpg\" \/>\n<meta name=\"author\" content=\"admin\" \/>\n<meta name=\"twitter:card\" content=\"summary_large_image\" \/>\n<meta name=\"twitter:label1\" content=\"Written by\" \/>\n\t<meta name=\"twitter:data1\" content=\"admin\" \/>\n\t<meta name=\"twitter:label2\" content=\"Est. reading time\" \/>\n\t<meta name=\"twitter:data2\" content=\"1 minute\" \/>\n<script type=\"application\/ld+json\" class=\"yoast-schema-graph\">{\"@context\":\"https:\\\/\\\/schema.org\",\"@graph\":[{\"@type\":\"Article\",\"@id\":\"https:\\\/\\\/fjala.info\\\/2009-2015\\\/bledi-mane-leter-proteste-ndaj-havarit-neser-havari-ne-prokurori\\\/#article\",\"isPartOf\":{\"@id\":\"https:\\\/\\\/fjala.info\\\/2009-2015\\\/bledi-mane-leter-proteste-ndaj-havarit-neser-havari-ne-prokurori\\\/\"},\"author\":{\"name\":\"admin\",\"@id\":\"https:\\\/\\\/fjala.info\\\/2009-2015\\\/#\\\/schema\\\/person\\\/3aa1163ef05469c496fc94e77611ada2\"},\"headline\":\"Bledi Mane, let\u00ebr proteste ndaj Havarit. Nes\u00ebr Havari n\u00eb prokurori\",\"datePublished\":\"2012-08-17T21:24:25+00:00\",\"mainEntityOfPage\":{\"@id\":\"https:\\\/\\\/fjala.info\\\/2009-2015\\\/bledi-mane-leter-proteste-ndaj-havarit-neser-havari-ne-prokurori\\\/\"},\"wordCount\":201,\"commentCount\":0,\"publisher\":{\"@id\":\"https:\\\/\\\/fjala.info\\\/2009-2015\\\/#organization\"},\"image\":{\"@id\":\"https:\\\/\\\/fjala.info\\\/2009-2015\\\/bledi-mane-leter-proteste-ndaj-havarit-neser-havari-ne-prokurori\\\/#primaryimage\"},\"thumbnailUrl\":\"http:\\\/\\\/www.fjala.info\\\/2012\\\/bm_note_proteste.jpg\",\"articleSection\":[\"Artikuj\",\"Lajme\"],\"inLanguage\":\"sq-AL\",\"potentialAction\":[{\"@type\":\"CommentAction\",\"name\":\"Comment\",\"target\":[\"https:\\\/\\\/fjala.info\\\/2009-2015\\\/bledi-mane-leter-proteste-ndaj-havarit-neser-havari-ne-prokurori\\\/#respond\"]}]},{\"@type\":\"WebPage\",\"@id\":\"https:\\\/\\\/fjala.info\\\/2009-2015\\\/bledi-mane-leter-proteste-ndaj-havarit-neser-havari-ne-prokurori\\\/\",\"url\":\"https:\\\/\\\/fjala.info\\\/2009-2015\\\/bledi-mane-leter-proteste-ndaj-havarit-neser-havari-ne-prokurori\\\/\",\"name\":\"Bledi Mane, let\u00ebr proteste ndaj Havarit. Nes\u00ebr Havari n\u00eb prokurori - FjALA e LIR\u00cb - Arkivi\",\"isPartOf\":{\"@id\":\"https:\\\/\\\/fjala.info\\\/2009-2015\\\/#website\"},\"primaryImageOfPage\":{\"@id\":\"https:\\\/\\\/fjala.info\\\/2009-2015\\\/bledi-mane-leter-proteste-ndaj-havarit-neser-havari-ne-prokurori\\\/#primaryimage\"},\"image\":{\"@id\":\"https:\\\/\\\/fjala.info\\\/2009-2015\\\/bledi-mane-leter-proteste-ndaj-havarit-neser-havari-ne-prokurori\\\/#primaryimage\"},\"thumbnailUrl\":\"http:\\\/\\\/www.fjala.info\\\/2012\\\/bm_note_proteste.jpg\",\"datePublished\":\"2012-08-17T21:24:25+00:00\",\"breadcrumb\":{\"@id\":\"https:\\\/\\\/fjala.info\\\/2009-2015\\\/bledi-mane-leter-proteste-ndaj-havarit-neser-havari-ne-prokurori\\\/#breadcrumb\"},\"inLanguage\":\"sq-AL\",\"potentialAction\":[{\"@type\":\"ReadAction\",\"target\":[\"https:\\\/\\\/fjala.info\\\/2009-2015\\\/bledi-mane-leter-proteste-ndaj-havarit-neser-havari-ne-prokurori\\\/\"]}]},{\"@type\":\"ImageObject\",\"inLanguage\":\"sq-AL\",\"@id\":\"https:\\\/\\\/fjala.info\\\/2009-2015\\\/bledi-mane-leter-proteste-ndaj-havarit-neser-havari-ne-prokurori\\\/#primaryimage\",\"url\":\"http:\\\/\\\/www.fjala.info\\\/2012\\\/bm_note_proteste.jpg\",\"contentUrl\":\"http:\\\/\\\/www.fjala.info\\\/2012\\\/bm_note_proteste.jpg\"},{\"@type\":\"BreadcrumbList\",\"@id\":\"https:\\\/\\\/fjala.info\\\/2009-2015\\\/bledi-mane-leter-proteste-ndaj-havarit-neser-havari-ne-prokurori\\\/#breadcrumb\",\"itemListElement\":[{\"@type\":\"ListItem\",\"position\":1,\"name\":\"Home\",\"item\":\"https:\\\/\\\/fjala.info\\\/2009-2015\\\/\"},{\"@type\":\"ListItem\",\"position\":2,\"name\":\"Bledi Mane, let\u00ebr proteste ndaj Havarit. Nes\u00ebr Havari n\u00eb prokurori\"}]},{\"@type\":\"WebSite\",\"@id\":\"https:\\\/\\\/fjala.info\\\/2009-2015\\\/#website\",\"url\":\"https:\\\/\\\/fjala.info\\\/2009-2015\\\/\",\"name\":\"FjALA e LIR\u00cb - Arkivi\",\"description\":\"Arkivi 2009-2015\",\"publisher\":{\"@id\":\"https:\\\/\\\/fjala.info\\\/2009-2015\\\/#organization\"},\"potentialAction\":[{\"@type\":\"SearchAction\",\"target\":{\"@type\":\"EntryPoint\",\"urlTemplate\":\"https:\\\/\\\/fjala.info\\\/2009-2015\\\/?s={search_term_string}\"},\"query-input\":{\"@type\":\"PropertyValueSpecification\",\"valueRequired\":true,\"valueName\":\"search_term_string\"}}],\"inLanguage\":\"sq-AL\"},{\"@type\":\"Organization\",\"@id\":\"https:\\\/\\\/fjala.info\\\/2009-2015\\\/#organization\",\"name\":\"FjALA e LIR\u00cb - Arkivi\",\"url\":\"https:\\\/\\\/fjala.info\\\/2009-2015\\\/\",\"logo\":{\"@type\":\"ImageObject\",\"inLanguage\":\"sq-AL\",\"@id\":\"https:\\\/\\\/fjala.info\\\/2009-2015\\\/#\\\/schema\\\/logo\\\/image\\\/\",\"url\":\"\",\"contentUrl\":\"\",\"caption\":\"FjALA e LIR\u00cb - Arkivi\"},\"image\":{\"@id\":\"https:\\\/\\\/fjala.info\\\/2009-2015\\\/#\\\/schema\\\/logo\\\/image\\\/\"}},{\"@type\":\"Person\",\"@id\":\"https:\\\/\\\/fjala.info\\\/2009-2015\\\/#\\\/schema\\\/person\\\/3aa1163ef05469c496fc94e77611ada2\",\"name\":\"admin\",\"image\":{\"@type\":\"ImageObject\",\"inLanguage\":\"sq-AL\",\"@id\":\"https:\\\/\\\/fjala.info\\\/2009-2015\\\/wp-content\\\/uploads\\\/2012\\\/02\\\/arben_cokaj-120x150.jpg\",\"url\":\"https:\\\/\\\/fjala.info\\\/2009-2015\\\/wp-content\\\/uploads\\\/2012\\\/02\\\/arben_cokaj-120x150.jpg\",\"contentUrl\":\"https:\\\/\\\/fjala.info\\\/2009-2015\\\/wp-content\\\/uploads\\\/2012\\\/02\\\/arben_cokaj-120x150.jpg\",\"caption\":\"admin\"},\"description\":\"Admin, Fjala e Lir\u00eb\",\"sameAs\":[\"https:\\\/\\\/fjala.info\\\/\"],\"url\":\"https:\\\/\\\/fjala.info\\\/2009-2015\\\/author\\\/admin\\\/\"}]}<\/script>\n<!-- \/ Yoast SEO plugin. -->","yoast_head_json":{"title":"Bledi Mane, let\u00ebr proteste ndaj Havarit. Nes\u00ebr Havari n\u00eb prokurori - FjALA e LIR\u00cb - Arkivi","robots":{"index":"index","follow":"follow","max-snippet":"max-snippet:-1","max-image-preview":"max-image-preview:large","max-video-preview":"max-video-preview:-1"},"canonical":"https:\/\/fjala.info\/2009-2015\/bledi-mane-leter-proteste-ndaj-havarit-neser-havari-ne-prokurori\/","og_locale":"sq_AL","og_type":"article","og_title":"Bledi Mane, let\u00ebr proteste ndaj Havarit. Nes\u00ebr Havari n\u00eb prokurori - FjALA e LIR\u00cb - Arkivi","og_description":"TemA Online, 17 Gusht 2012 Gazetari Bledi Mane i ka d\u00ebrguar sot nj\u00eb note proteste disa p\u00ebrfaq\u00ebsive diplomatike ne Tirane dhe organizatave p\u00ebr mbrojtjen e te drejtave te njeriut rreth klim\u00ebs se k\u00ebrc\u00ebnimeve dhe shantazheve te kryepolicit te P\u00ebrmetit, Mit\u2019hat Havari, nj\u00eb ish drejtues i vjet\u00ebr policie i liruar disa here nga detyra p\u00ebr shkelje [&hellip;]","og_url":"https:\/\/fjala.info\/2009-2015\/bledi-mane-leter-proteste-ndaj-havarit-neser-havari-ne-prokurori\/","og_site_name":"FjALA e LIR\u00cb - Arkivi","article_published_time":"2012-08-17T21:24:25+00:00","og_image":[{"url":"http:\/\/www.fjala.info\/2012\/bm_note_proteste.jpg","type":"","width":"","height":""}],"author":"admin","twitter_card":"summary_large_image","twitter_misc":{"Written by":"admin","Est. reading time":"1 minute"},"schema":{"@context":"https:\/\/schema.org","@graph":[{"@type":"Article","@id":"https:\/\/fjala.info\/2009-2015\/bledi-mane-leter-proteste-ndaj-havarit-neser-havari-ne-prokurori\/#article","isPartOf":{"@id":"https:\/\/fjala.info\/2009-2015\/bledi-mane-leter-proteste-ndaj-havarit-neser-havari-ne-prokurori\/"},"author":{"name":"admin","@id":"https:\/\/fjala.info\/2009-2015\/#\/schema\/person\/3aa1163ef05469c496fc94e77611ada2"},"headline":"Bledi Mane, let\u00ebr proteste ndaj Havarit. Nes\u00ebr Havari n\u00eb prokurori","datePublished":"2012-08-17T21:24:25+00:00","mainEntityOfPage":{"@id":"https:\/\/fjala.info\/2009-2015\/bledi-mane-leter-proteste-ndaj-havarit-neser-havari-ne-prokurori\/"},"wordCount":201,"commentCount":0,"publisher":{"@id":"https:\/\/fjala.info\/2009-2015\/#organization"},"image":{"@id":"https:\/\/fjala.info\/2009-2015\/bledi-mane-leter-proteste-ndaj-havarit-neser-havari-ne-prokurori\/#primaryimage"},"thumbnailUrl":"http:\/\/www.fjala.info\/2012\/bm_note_proteste.jpg","articleSection":["Artikuj","Lajme"],"inLanguage":"sq-AL","potentialAction":[{"@type":"CommentAction","name":"Comment","target":["https:\/\/fjala.info\/2009-2015\/bledi-mane-leter-proteste-ndaj-havarit-neser-havari-ne-prokurori\/#respond"]}]},{"@type":"WebPage","@id":"https:\/\/fjala.info\/2009-2015\/bledi-mane-leter-proteste-ndaj-havarit-neser-havari-ne-prokurori\/","url":"https:\/\/fjala.info\/2009-2015\/bledi-mane-leter-proteste-ndaj-havarit-neser-havari-ne-prokurori\/","name":"Bledi Mane, let\u00ebr proteste ndaj Havarit. Nes\u00ebr Havari n\u00eb prokurori - FjALA e LIR\u00cb - Arkivi","isPartOf":{"@id":"https:\/\/fjala.info\/2009-2015\/#website"},"primaryImageOfPage":{"@id":"https:\/\/fjala.info\/2009-2015\/bledi-mane-leter-proteste-ndaj-havarit-neser-havari-ne-prokurori\/#primaryimage"},"image":{"@id":"https:\/\/fjala.info\/2009-2015\/bledi-mane-leter-proteste-ndaj-havarit-neser-havari-ne-prokurori\/#primaryimage"},"thumbnailUrl":"http:\/\/www.fjala.info\/2012\/bm_note_proteste.jpg","datePublished":"2012-08-17T21:24:25+00:00","breadcrumb":{"@id":"https:\/\/fjala.info\/2009-2015\/bledi-mane-leter-proteste-ndaj-havarit-neser-havari-ne-prokurori\/#breadcrumb"},"inLanguage":"sq-AL","potentialAction":[{"@type":"ReadAction","target":["https:\/\/fjala.info\/2009-2015\/bledi-mane-leter-proteste-ndaj-havarit-neser-havari-ne-prokurori\/"]}]},{"@type":"ImageObject","inLanguage":"sq-AL","@id":"https:\/\/fjala.info\/2009-2015\/bledi-mane-leter-proteste-ndaj-havarit-neser-havari-ne-prokurori\/#primaryimage","url":"http:\/\/www.fjala.info\/2012\/bm_note_proteste.jpg","contentUrl":"http:\/\/www.fjala.info\/2012\/bm_note_proteste.jpg"},{"@type":"BreadcrumbList","@id":"https:\/\/fjala.info\/2009-2015\/bledi-mane-leter-proteste-ndaj-havarit-neser-havari-ne-prokurori\/#breadcrumb","itemListElement":[{"@type":"ListItem","position":1,"name":"Home","item":"https:\/\/fjala.info\/2009-2015\/"},{"@type":"ListItem","position":2,"name":"Bledi Mane, let\u00ebr proteste ndaj Havarit. Nes\u00ebr Havari n\u00eb prokurori"}]},{"@type":"WebSite","@id":"https:\/\/fjala.info\/2009-2015\/#website","url":"https:\/\/fjala.info\/2009-2015\/","name":"FjALA e LIR\u00cb - Arkivi","description":"Arkivi 2009-2015","publisher":{"@id":"https:\/\/fjala.info\/2009-2015\/#organization"},"potentialAction":[{"@type":"SearchAction","target":{"@type":"EntryPoint","urlTemplate":"https:\/\/fjala.info\/2009-2015\/?s={search_term_string}"},"query-input":{"@type":"PropertyValueSpecification","valueRequired":true,"valueName":"search_term_string"}}],"inLanguage":"sq-AL"},{"@type":"Organization","@id":"https:\/\/fjala.info\/2009-2015\/#organization","name":"FjALA e LIR\u00cb - Arkivi","url":"https:\/\/fjala.info\/2009-2015\/","logo":{"@type":"ImageObject","inLanguage":"sq-AL","@id":"https:\/\/fjala.info\/2009-2015\/#\/schema\/logo\/image\/","url":"","contentUrl":"","caption":"FjALA e LIR\u00cb - Arkivi"},"image":{"@id":"https:\/\/fjala.info\/2009-2015\/#\/schema\/logo\/image\/"}},{"@type":"Person","@id":"https:\/\/fjala.info\/2009-2015\/#\/schema\/person\/3aa1163ef05469c496fc94e77611ada2","name":"admin","image":{"@type":"ImageObject","inLanguage":"sq-AL","@id":"https:\/\/fjala.info\/2009-2015\/wp-content\/uploads\/2012\/02\/arben_cokaj-120x150.jpg","url":"https:\/\/fjala.info\/2009-2015\/wp-content\/uploads\/2012\/02\/arben_cokaj-120x150.jpg","contentUrl":"https:\/\/fjala.info\/2009-2015\/wp-content\/uploads\/2012\/02\/arben_cokaj-120x150.jpg","caption":"admin"},"description":"Admin, Fjala e Lir\u00eb","sameAs":["https:\/\/fjala.info\/"],"url":"https:\/\/fjala.info\/2009-2015\/author\/admin\/"}]}},"_links":{"self":[{"href":"https:\/\/fjala.info\/2009-2015\/wp-json\/wp\/v2\/posts\/4481","targetHints":{"allow":["GET"]}}],"collection":[{"href":"https:\/\/fjala.info\/2009-2015\/wp-json\/wp\/v2\/posts"}],"about":[{"href":"https:\/\/fjala.info\/2009-2015\/wp-json\/wp\/v2\/types\/post"}],"author":[{"embeddable":true,"href":"https:\/\/fjala.info\/2009-2015\/wp-json\/wp\/v2\/users\/1"}],"replies":[{"embeddable":true,"href":"https:\/\/fjala.info\/2009-2015\/wp-json\/wp\/v2\/comments?post=4481"}],"version-history":[{"count":0,"href":"https:\/\/fjala.info\/2009-2015\/wp-json\/wp\/v2\/posts\/4481\/revisions"}],"wp:attachment":[{"href":"https:\/\/fjala.info\/2009-2015\/wp-json\/wp\/v2\/media?parent=4481"}],"wp:term":[{"taxonomy":"category","embeddable":true,"href":"https:\/\/fjala.info\/2009-2015\/wp-json\/wp\/v2\/categories?post=4481"},{"taxonomy":"post_tag","embeddable":true,"href":"https:\/\/fjala.info\/2009-2015\/wp-json\/wp\/v2\/tags?post=4481"}],"curies":[{"name":"wp","href":"https:\/\/api.w.org\/{rel}","templated":true}]}}