{"id":4479,"date":"2012-08-17T22:18:35","date_gmt":"2012-08-17T21:18:35","guid":{"rendered":"http:\/\/www.fjala.info\/?p=4479"},"modified":"2012-08-17T22:18:35","modified_gmt":"2012-08-17T21:18:35","slug":"po-ne-kur-do-te-ndalojme-se-votuari-emrat-e-vjeter-te-politikes","status":"publish","type":"post","link":"https:\/\/fjala.info\/2009-2015\/po-ne-kur-do-te-ndalojme-se-votuari-emrat-e-vjeter-te-politikes\/","title":{"rendered":"Po ne kur do t\u00eb ndalojm\u00eb s\u00eb votuari emrat e vjet\u00ebr t\u00eb politik\u00ebs?"},"content":{"rendered":"<p><img decoding=\"async\" class=\"alignleft size-thumbnail wp-image-7236\" title=\"Sali Berisha real\" src=\"http:\/\/www.fjala.info\/2012\/sali_berisha_real.jpg\" alt=\"\" width=\"200\" \/> <strong>TemA Online<\/strong>, <em>17 Gusht 2012<\/em><\/p>\n<p>Italian\u00ebt duket se jan\u00eb lodhur nga figurat e vjetra t\u00eb politik\u00ebs dhe p\u00ebr k\u00ebt\u00eb arsye, kan\u00eb nd\u00ebrmarr\u00eb nj\u00eb nism\u00ebr p\u00ebr t\u00eb mos i votuar m\u00eb, n\u00eb m\u00ebnyr\u00eb q\u00eb t\u2019i nxjerrin nga politika. Nisma \u00ebsht\u00eb nd\u00ebrmarr\u00eb nga senatori i Italis\u00eb s\u00eb Vlerave, Stefano Pedica. Ai ka formuluar nj\u00eb peticion me 100 politikan\u00ebt q\u00eb kan\u00eb m\u00eb shum\u00eb vite n\u00eb politik\u00ebn italiane, duke k\u00ebrkuar nga miqt\u00eb dhe fansat e vet n\u00eb rrjetet sociale, q\u00eb mos t\u2019i votojn\u00eb m\u00eb.<\/p>\n<p>\u201c\u00c7far\u00eb kan\u00eb b\u00ebr\u00eb ata p\u00ebr vendin? Do jen\u00eb 100 m\u00eb pak\u201d, shprehet Pedica, nisma e t\u00eb cilit \u00ebsht\u00eb mir\u00ebpritur nga shum\u00eb italian\u00eb.<\/p>\n<p>N\u00eb krye t\u00eb list\u00ebs s\u00eb politikan\u00ebve italian\u00eb q\u00eb kan\u00eb m\u00eb shum\u00eb vite n\u00eb politik\u00eb, ndodhet Giorgio La Malfa, ish-minist\u00ebr dhe lider i Partis\u00eb Republikane, q\u00eb ka debutuar n\u00eb politik\u00eb q\u00eb n\u00eb vitin 1972.<\/p>\n<p>Lind pyetja, po ne kur do t\u00eb pushojm\u00eb s\u00eb votuari p\u00ebr politikan\u00ebt tan\u00eb, q\u00eb prej m\u00eb shum\u00eb se 20 vitesh kan\u00eb zaptuar politik\u00ebn shqiptare?<\/p>\n","protected":false},"excerpt":{"rendered":"<p>TemA Online, 17 Gusht 2012 Italian\u00ebt duket se jan\u00eb lodhur nga figurat e vjetra t\u00eb politik\u00ebs dhe p\u00ebr k\u00ebt\u00eb arsye, kan\u00eb nd\u00ebrmarr\u00eb nj\u00eb nism\u00ebr p\u00ebr t\u00eb mos i votuar m\u00eb, n\u00eb m\u00ebnyr\u00eb q\u00eb t\u2019i nxjerrin nga politika. Nisma \u00ebsht\u00eb nd\u00ebrmarr\u00eb nga senatori i Italis\u00eb s\u00eb Vlerave, Stefano Pedica. Ai ka formuluar nj\u00eb peticion me 100 [&hellip;]<\/p>\n","protected":false},"author":1,"featured_media":0,"comment_status":"open","ping_status":"closed","sticky":false,"template":"","format":"standard","meta":{"footnotes":""},"categories":[5],"tags":[],"class_list":{"0":"post-4479","1":"post","2":"type-post","3":"status-publish","4":"format-standard","6":"category-lajme"},"yoast_head":"<!-- This site is optimized with the Yoast SEO plugin v27.4 - https:\/\/yoast.com\/product\/yoast-seo-wordpress\/ -->\n<title>Po ne kur do t\u00eb ndalojm\u00eb s\u00eb votuari emrat e vjet\u00ebr t\u00eb politik\u00ebs? - FjALA e LIR\u00cb - Arkivi<\/title>\n<meta name=\"robots\" content=\"index, follow, max-snippet:-1, max-image-preview:large, max-video-preview:-1\" \/>\n<link rel=\"canonical\" href=\"https:\/\/fjala.info\/2009-2015\/po-ne-kur-do-te-ndalojme-se-votuari-emrat-e-vjeter-te-politikes\/\" \/>\n<meta property=\"og:locale\" content=\"sq_AL\" \/>\n<meta property=\"og:type\" content=\"article\" \/>\n<meta property=\"og:title\" content=\"Po ne kur do t\u00eb ndalojm\u00eb s\u00eb votuari emrat e vjet\u00ebr t\u00eb politik\u00ebs? - FjALA e LIR\u00cb - Arkivi\" \/>\n<meta property=\"og:description\" content=\"TemA Online, 17 Gusht 2012 Italian\u00ebt duket se jan\u00eb lodhur nga figurat e vjetra t\u00eb politik\u00ebs dhe p\u00ebr k\u00ebt\u00eb arsye, kan\u00eb nd\u00ebrmarr\u00eb nj\u00eb nism\u00ebr p\u00ebr t\u00eb mos i votuar m\u00eb, n\u00eb m\u00ebnyr\u00eb q\u00eb t\u2019i nxjerrin nga politika. Nisma \u00ebsht\u00eb nd\u00ebrmarr\u00eb nga senatori i Italis\u00eb s\u00eb Vlerave, Stefano Pedica. Ai ka formuluar nj\u00eb peticion me 100 [&hellip;]\" \/>\n<meta property=\"og:url\" content=\"https:\/\/fjala.info\/2009-2015\/po-ne-kur-do-te-ndalojme-se-votuari-emrat-e-vjeter-te-politikes\/\" \/>\n<meta property=\"og:site_name\" content=\"FjALA e LIR\u00cb - Arkivi\" \/>\n<meta property=\"article:published_time\" content=\"2012-08-17T21:18:35+00:00\" \/>\n<meta property=\"og:image\" content=\"http:\/\/www.fjala.info\/2012\/sali_berisha_real.jpg\" \/>\n<meta name=\"author\" content=\"admin\" \/>\n<meta name=\"twitter:card\" content=\"summary_large_image\" \/>\n<meta name=\"twitter:label1\" content=\"Written by\" \/>\n\t<meta name=\"twitter:data1\" content=\"admin\" \/>\n\t<meta name=\"twitter:label2\" content=\"Est. reading time\" \/>\n\t<meta name=\"twitter:data2\" content=\"1 minute\" \/>\n<script type=\"application\/ld+json\" class=\"yoast-schema-graph\">{\"@context\":\"https:\\\/\\\/schema.org\",\"@graph\":[{\"@type\":\"Article\",\"@id\":\"https:\\\/\\\/fjala.info\\\/2009-2015\\\/po-ne-kur-do-te-ndalojme-se-votuari-emrat-e-vjeter-te-politikes\\\/#article\",\"isPartOf\":{\"@id\":\"https:\\\/\\\/fjala.info\\\/2009-2015\\\/po-ne-kur-do-te-ndalojme-se-votuari-emrat-e-vjeter-te-politikes\\\/\"},\"author\":{\"name\":\"admin\",\"@id\":\"https:\\\/\\\/fjala.info\\\/2009-2015\\\/#\\\/schema\\\/person\\\/3aa1163ef05469c496fc94e77611ada2\"},\"headline\":\"Po ne kur do t\u00eb ndalojm\u00eb s\u00eb votuari emrat e vjet\u00ebr t\u00eb politik\u00ebs?\",\"datePublished\":\"2012-08-17T21:18:35+00:00\",\"mainEntityOfPage\":{\"@id\":\"https:\\\/\\\/fjala.info\\\/2009-2015\\\/po-ne-kur-do-te-ndalojme-se-votuari-emrat-e-vjeter-te-politikes\\\/\"},\"wordCount\":191,\"commentCount\":0,\"publisher\":{\"@id\":\"https:\\\/\\\/fjala.info\\\/2009-2015\\\/#organization\"},\"image\":{\"@id\":\"https:\\\/\\\/fjala.info\\\/2009-2015\\\/po-ne-kur-do-te-ndalojme-se-votuari-emrat-e-vjeter-te-politikes\\\/#primaryimage\"},\"thumbnailUrl\":\"http:\\\/\\\/www.fjala.info\\\/2012\\\/sali_berisha_real.jpg\",\"articleSection\":[\"Lajme\"],\"inLanguage\":\"sq-AL\",\"potentialAction\":[{\"@type\":\"CommentAction\",\"name\":\"Comment\",\"target\":[\"https:\\\/\\\/fjala.info\\\/2009-2015\\\/po-ne-kur-do-te-ndalojme-se-votuari-emrat-e-vjeter-te-politikes\\\/#respond\"]}]},{\"@type\":\"WebPage\",\"@id\":\"https:\\\/\\\/fjala.info\\\/2009-2015\\\/po-ne-kur-do-te-ndalojme-se-votuari-emrat-e-vjeter-te-politikes\\\/\",\"url\":\"https:\\\/\\\/fjala.info\\\/2009-2015\\\/po-ne-kur-do-te-ndalojme-se-votuari-emrat-e-vjeter-te-politikes\\\/\",\"name\":\"Po ne kur do t\u00eb ndalojm\u00eb s\u00eb votuari emrat e vjet\u00ebr t\u00eb politik\u00ebs? - FjALA e LIR\u00cb - Arkivi\",\"isPartOf\":{\"@id\":\"https:\\\/\\\/fjala.info\\\/2009-2015\\\/#website\"},\"primaryImageOfPage\":{\"@id\":\"https:\\\/\\\/fjala.info\\\/2009-2015\\\/po-ne-kur-do-te-ndalojme-se-votuari-emrat-e-vjeter-te-politikes\\\/#primaryimage\"},\"image\":{\"@id\":\"https:\\\/\\\/fjala.info\\\/2009-2015\\\/po-ne-kur-do-te-ndalojme-se-votuari-emrat-e-vjeter-te-politikes\\\/#primaryimage\"},\"thumbnailUrl\":\"http:\\\/\\\/www.fjala.info\\\/2012\\\/sali_berisha_real.jpg\",\"datePublished\":\"2012-08-17T21:18:35+00:00\",\"breadcrumb\":{\"@id\":\"https:\\\/\\\/fjala.info\\\/2009-2015\\\/po-ne-kur-do-te-ndalojme-se-votuari-emrat-e-vjeter-te-politikes\\\/#breadcrumb\"},\"inLanguage\":\"sq-AL\",\"potentialAction\":[{\"@type\":\"ReadAction\",\"target\":[\"https:\\\/\\\/fjala.info\\\/2009-2015\\\/po-ne-kur-do-te-ndalojme-se-votuari-emrat-e-vjeter-te-politikes\\\/\"]}]},{\"@type\":\"ImageObject\",\"inLanguage\":\"sq-AL\",\"@id\":\"https:\\\/\\\/fjala.info\\\/2009-2015\\\/po-ne-kur-do-te-ndalojme-se-votuari-emrat-e-vjeter-te-politikes\\\/#primaryimage\",\"url\":\"http:\\\/\\\/www.fjala.info\\\/2012\\\/sali_berisha_real.jpg\",\"contentUrl\":\"http:\\\/\\\/www.fjala.info\\\/2012\\\/sali_berisha_real.jpg\"},{\"@type\":\"BreadcrumbList\",\"@id\":\"https:\\\/\\\/fjala.info\\\/2009-2015\\\/po-ne-kur-do-te-ndalojme-se-votuari-emrat-e-vjeter-te-politikes\\\/#breadcrumb\",\"itemListElement\":[{\"@type\":\"ListItem\",\"position\":1,\"name\":\"Home\",\"item\":\"https:\\\/\\\/fjala.info\\\/2009-2015\\\/\"},{\"@type\":\"ListItem\",\"position\":2,\"name\":\"Po ne kur do t\u00eb ndalojm\u00eb s\u00eb votuari emrat e vjet\u00ebr t\u00eb politik\u00ebs?\"}]},{\"@type\":\"WebSite\",\"@id\":\"https:\\\/\\\/fjala.info\\\/2009-2015\\\/#website\",\"url\":\"https:\\\/\\\/fjala.info\\\/2009-2015\\\/\",\"name\":\"FjALA e LIR\u00cb - Arkivi\",\"description\":\"Arkivi 2009-2015\",\"publisher\":{\"@id\":\"https:\\\/\\\/fjala.info\\\/2009-2015\\\/#organization\"},\"potentialAction\":[{\"@type\":\"SearchAction\",\"target\":{\"@type\":\"EntryPoint\",\"urlTemplate\":\"https:\\\/\\\/fjala.info\\\/2009-2015\\\/?s={search_term_string}\"},\"query-input\":{\"@type\":\"PropertyValueSpecification\",\"valueRequired\":true,\"valueName\":\"search_term_string\"}}],\"inLanguage\":\"sq-AL\"},{\"@type\":\"Organization\",\"@id\":\"https:\\\/\\\/fjala.info\\\/2009-2015\\\/#organization\",\"name\":\"FjALA e LIR\u00cb - Arkivi\",\"url\":\"https:\\\/\\\/fjala.info\\\/2009-2015\\\/\",\"logo\":{\"@type\":\"ImageObject\",\"inLanguage\":\"sq-AL\",\"@id\":\"https:\\\/\\\/fjala.info\\\/2009-2015\\\/#\\\/schema\\\/logo\\\/image\\\/\",\"url\":\"\",\"contentUrl\":\"\",\"caption\":\"FjALA e LIR\u00cb - Arkivi\"},\"image\":{\"@id\":\"https:\\\/\\\/fjala.info\\\/2009-2015\\\/#\\\/schema\\\/logo\\\/image\\\/\"}},{\"@type\":\"Person\",\"@id\":\"https:\\\/\\\/fjala.info\\\/2009-2015\\\/#\\\/schema\\\/person\\\/3aa1163ef05469c496fc94e77611ada2\",\"name\":\"admin\",\"image\":{\"@type\":\"ImageObject\",\"inLanguage\":\"sq-AL\",\"@id\":\"https:\\\/\\\/fjala.info\\\/2009-2015\\\/wp-content\\\/uploads\\\/2012\\\/02\\\/arben_cokaj-120x150.jpg\",\"url\":\"https:\\\/\\\/fjala.info\\\/2009-2015\\\/wp-content\\\/uploads\\\/2012\\\/02\\\/arben_cokaj-120x150.jpg\",\"contentUrl\":\"https:\\\/\\\/fjala.info\\\/2009-2015\\\/wp-content\\\/uploads\\\/2012\\\/02\\\/arben_cokaj-120x150.jpg\",\"caption\":\"admin\"},\"description\":\"Admin, Fjala e Lir\u00eb\",\"sameAs\":[\"https:\\\/\\\/fjala.info\\\/\"],\"url\":\"https:\\\/\\\/fjala.info\\\/2009-2015\\\/author\\\/admin\\\/\"}]}<\/script>\n<!-- \/ Yoast SEO plugin. -->","yoast_head_json":{"title":"Po ne kur do t\u00eb ndalojm\u00eb s\u00eb votuari emrat e vjet\u00ebr t\u00eb politik\u00ebs? - FjALA e LIR\u00cb - Arkivi","robots":{"index":"index","follow":"follow","max-snippet":"max-snippet:-1","max-image-preview":"max-image-preview:large","max-video-preview":"max-video-preview:-1"},"canonical":"https:\/\/fjala.info\/2009-2015\/po-ne-kur-do-te-ndalojme-se-votuari-emrat-e-vjeter-te-politikes\/","og_locale":"sq_AL","og_type":"article","og_title":"Po ne kur do t\u00eb ndalojm\u00eb s\u00eb votuari emrat e vjet\u00ebr t\u00eb politik\u00ebs? - FjALA e LIR\u00cb - Arkivi","og_description":"TemA Online, 17 Gusht 2012 Italian\u00ebt duket se jan\u00eb lodhur nga figurat e vjetra t\u00eb politik\u00ebs dhe p\u00ebr k\u00ebt\u00eb arsye, kan\u00eb nd\u00ebrmarr\u00eb nj\u00eb nism\u00ebr p\u00ebr t\u00eb mos i votuar m\u00eb, n\u00eb m\u00ebnyr\u00eb q\u00eb t\u2019i nxjerrin nga politika. Nisma \u00ebsht\u00eb nd\u00ebrmarr\u00eb nga senatori i Italis\u00eb s\u00eb Vlerave, Stefano Pedica. Ai ka formuluar nj\u00eb peticion me 100 [&hellip;]","og_url":"https:\/\/fjala.info\/2009-2015\/po-ne-kur-do-te-ndalojme-se-votuari-emrat-e-vjeter-te-politikes\/","og_site_name":"FjALA e LIR\u00cb - Arkivi","article_published_time":"2012-08-17T21:18:35+00:00","og_image":[{"url":"http:\/\/www.fjala.info\/2012\/sali_berisha_real.jpg","type":"","width":"","height":""}],"author":"admin","twitter_card":"summary_large_image","twitter_misc":{"Written by":"admin","Est. reading time":"1 minute"},"schema":{"@context":"https:\/\/schema.org","@graph":[{"@type":"Article","@id":"https:\/\/fjala.info\/2009-2015\/po-ne-kur-do-te-ndalojme-se-votuari-emrat-e-vjeter-te-politikes\/#article","isPartOf":{"@id":"https:\/\/fjala.info\/2009-2015\/po-ne-kur-do-te-ndalojme-se-votuari-emrat-e-vjeter-te-politikes\/"},"author":{"name":"admin","@id":"https:\/\/fjala.info\/2009-2015\/#\/schema\/person\/3aa1163ef05469c496fc94e77611ada2"},"headline":"Po ne kur do t\u00eb ndalojm\u00eb s\u00eb votuari emrat e vjet\u00ebr t\u00eb politik\u00ebs?","datePublished":"2012-08-17T21:18:35+00:00","mainEntityOfPage":{"@id":"https:\/\/fjala.info\/2009-2015\/po-ne-kur-do-te-ndalojme-se-votuari-emrat-e-vjeter-te-politikes\/"},"wordCount":191,"commentCount":0,"publisher":{"@id":"https:\/\/fjala.info\/2009-2015\/#organization"},"image":{"@id":"https:\/\/fjala.info\/2009-2015\/po-ne-kur-do-te-ndalojme-se-votuari-emrat-e-vjeter-te-politikes\/#primaryimage"},"thumbnailUrl":"http:\/\/www.fjala.info\/2012\/sali_berisha_real.jpg","articleSection":["Lajme"],"inLanguage":"sq-AL","potentialAction":[{"@type":"CommentAction","name":"Comment","target":["https:\/\/fjala.info\/2009-2015\/po-ne-kur-do-te-ndalojme-se-votuari-emrat-e-vjeter-te-politikes\/#respond"]}]},{"@type":"WebPage","@id":"https:\/\/fjala.info\/2009-2015\/po-ne-kur-do-te-ndalojme-se-votuari-emrat-e-vjeter-te-politikes\/","url":"https:\/\/fjala.info\/2009-2015\/po-ne-kur-do-te-ndalojme-se-votuari-emrat-e-vjeter-te-politikes\/","name":"Po ne kur do t\u00eb ndalojm\u00eb s\u00eb votuari emrat e vjet\u00ebr t\u00eb politik\u00ebs? - FjALA e LIR\u00cb - Arkivi","isPartOf":{"@id":"https:\/\/fjala.info\/2009-2015\/#website"},"primaryImageOfPage":{"@id":"https:\/\/fjala.info\/2009-2015\/po-ne-kur-do-te-ndalojme-se-votuari-emrat-e-vjeter-te-politikes\/#primaryimage"},"image":{"@id":"https:\/\/fjala.info\/2009-2015\/po-ne-kur-do-te-ndalojme-se-votuari-emrat-e-vjeter-te-politikes\/#primaryimage"},"thumbnailUrl":"http:\/\/www.fjala.info\/2012\/sali_berisha_real.jpg","datePublished":"2012-08-17T21:18:35+00:00","breadcrumb":{"@id":"https:\/\/fjala.info\/2009-2015\/po-ne-kur-do-te-ndalojme-se-votuari-emrat-e-vjeter-te-politikes\/#breadcrumb"},"inLanguage":"sq-AL","potentialAction":[{"@type":"ReadAction","target":["https:\/\/fjala.info\/2009-2015\/po-ne-kur-do-te-ndalojme-se-votuari-emrat-e-vjeter-te-politikes\/"]}]},{"@type":"ImageObject","inLanguage":"sq-AL","@id":"https:\/\/fjala.info\/2009-2015\/po-ne-kur-do-te-ndalojme-se-votuari-emrat-e-vjeter-te-politikes\/#primaryimage","url":"http:\/\/www.fjala.info\/2012\/sali_berisha_real.jpg","contentUrl":"http:\/\/www.fjala.info\/2012\/sali_berisha_real.jpg"},{"@type":"BreadcrumbList","@id":"https:\/\/fjala.info\/2009-2015\/po-ne-kur-do-te-ndalojme-se-votuari-emrat-e-vjeter-te-politikes\/#breadcrumb","itemListElement":[{"@type":"ListItem","position":1,"name":"Home","item":"https:\/\/fjala.info\/2009-2015\/"},{"@type":"ListItem","position":2,"name":"Po ne kur do t\u00eb ndalojm\u00eb s\u00eb votuari emrat e vjet\u00ebr t\u00eb politik\u00ebs?"}]},{"@type":"WebSite","@id":"https:\/\/fjala.info\/2009-2015\/#website","url":"https:\/\/fjala.info\/2009-2015\/","name":"FjALA e LIR\u00cb - Arkivi","description":"Arkivi 2009-2015","publisher":{"@id":"https:\/\/fjala.info\/2009-2015\/#organization"},"potentialAction":[{"@type":"SearchAction","target":{"@type":"EntryPoint","urlTemplate":"https:\/\/fjala.info\/2009-2015\/?s={search_term_string}"},"query-input":{"@type":"PropertyValueSpecification","valueRequired":true,"valueName":"search_term_string"}}],"inLanguage":"sq-AL"},{"@type":"Organization","@id":"https:\/\/fjala.info\/2009-2015\/#organization","name":"FjALA e LIR\u00cb - Arkivi","url":"https:\/\/fjala.info\/2009-2015\/","logo":{"@type":"ImageObject","inLanguage":"sq-AL","@id":"https:\/\/fjala.info\/2009-2015\/#\/schema\/logo\/image\/","url":"","contentUrl":"","caption":"FjALA e LIR\u00cb - Arkivi"},"image":{"@id":"https:\/\/fjala.info\/2009-2015\/#\/schema\/logo\/image\/"}},{"@type":"Person","@id":"https:\/\/fjala.info\/2009-2015\/#\/schema\/person\/3aa1163ef05469c496fc94e77611ada2","name":"admin","image":{"@type":"ImageObject","inLanguage":"sq-AL","@id":"https:\/\/fjala.info\/2009-2015\/wp-content\/uploads\/2012\/02\/arben_cokaj-120x150.jpg","url":"https:\/\/fjala.info\/2009-2015\/wp-content\/uploads\/2012\/02\/arben_cokaj-120x150.jpg","contentUrl":"https:\/\/fjala.info\/2009-2015\/wp-content\/uploads\/2012\/02\/arben_cokaj-120x150.jpg","caption":"admin"},"description":"Admin, Fjala e Lir\u00eb","sameAs":["https:\/\/fjala.info\/"],"url":"https:\/\/fjala.info\/2009-2015\/author\/admin\/"}]}},"_links":{"self":[{"href":"https:\/\/fjala.info\/2009-2015\/wp-json\/wp\/v2\/posts\/4479","targetHints":{"allow":["GET"]}}],"collection":[{"href":"https:\/\/fjala.info\/2009-2015\/wp-json\/wp\/v2\/posts"}],"about":[{"href":"https:\/\/fjala.info\/2009-2015\/wp-json\/wp\/v2\/types\/post"}],"author":[{"embeddable":true,"href":"https:\/\/fjala.info\/2009-2015\/wp-json\/wp\/v2\/users\/1"}],"replies":[{"embeddable":true,"href":"https:\/\/fjala.info\/2009-2015\/wp-json\/wp\/v2\/comments?post=4479"}],"version-history":[{"count":0,"href":"https:\/\/fjala.info\/2009-2015\/wp-json\/wp\/v2\/posts\/4479\/revisions"}],"wp:attachment":[{"href":"https:\/\/fjala.info\/2009-2015\/wp-json\/wp\/v2\/media?parent=4479"}],"wp:term":[{"taxonomy":"category","embeddable":true,"href":"https:\/\/fjala.info\/2009-2015\/wp-json\/wp\/v2\/categories?post=4479"},{"taxonomy":"post_tag","embeddable":true,"href":"https:\/\/fjala.info\/2009-2015\/wp-json\/wp\/v2\/tags?post=4479"}],"curies":[{"name":"wp","href":"https:\/\/api.w.org\/{rel}","templated":true}]}}