{"id":4477,"date":"2010-10-27T08:31:23","date_gmt":"2010-10-27T07:31:23","guid":{"rendered":"http:\/\/fjala.shkoder.net\/?p=4477"},"modified":"2010-10-27T08:31:23","modified_gmt":"2010-10-27T07:31:23","slug":"marreveshje-bashkepunimi-ne-zvicer-ne-mes-moisiu-kodra","status":"publish","type":"post","link":"https:\/\/fjala.info\/2009-2015\/marreveshje-bashkepunimi-ne-zvicer-ne-mes-moisiu-kodra\/","title":{"rendered":"Marr\u00ebveshje bashk\u00ebpunimi n\u00eb Zvic\u00ebr n\u00eb mes &#8216;MOISIU &#038; KODRA&#8217;"},"content":{"rendered":"<p><img loading=\"lazy\" decoding=\"async\" class=\"alignright size-full wp-image-4478\" title=\"Asllan Dibrani\" src=\"http:\/\/fjala.shkoder.net\/wp-content\/uploads\/2010\/10\/asllan_dibrani.jpg\" alt=\"\" width=\"120\" height=\"178\" \/><\/p>\n<p><em>Dy organizma kulturore shqiptare bashkohen<\/em><\/p>\n<p><strong>Asllan Dibrani<\/strong>, <em>Shtutgard 25.10.2010<\/em><\/p>\n<p>Jan\u00eb dy emra t\u00eb m\u00ebdhenj t\u00eb kultur\u00ebs shqiptare, dy figura qe lan\u00eb gjurm\u00ebt e veta n\u00eb fush\u00ebn e kultur\u00ebs dhe artit, jan\u00eb dy emra qe shqiptar\u00ebt kudo q\u00eb jan\u00eb krenohen me ta ,po ashtu u veprua edhe n\u00eb Zvic\u00ebr, ku Aleksander Moisiu dhe piktori i madh shqiptar Ibrahim Kodra lan\u00eb gjurm\u00ebt e kultur\u00ebs edhe n\u00eb nivel evropian. K\u00ebto dy figura madh\u00ebshtore shqiptaret i shfryt\u00ebzuan si emra dhe formuan shoqata klube institucione kulturore,fondacione etj. Po t\u00eb nj\u00ebjt\u00ebn gj\u00eb vepruan edhe dy organizma me vlerave komb\u00ebtare shqiptare me veprim n\u00eb Zvic\u00ebr . Fondacioni &#8220;Kodra&#8221; kryetare Maria SHikova, dhe Kryetar i Shoqat\u00ebs Kulturore Shqiptare &#8220;Aleksand\u00ebr &#8220;Moisiu&#8221; Syl\u00eb Muja.<\/p>\n<p>Q\u00eb t\u00eb dy k\u00ebto shoqata apo fondacione jan\u00eb zotuar q\u00eb ta japin kontributin e tyre n\u00eb fush\u00ebn e kultur\u00ebs shqiptare duke e p\u00ebrqendruar veten n\u00eb aktivitete kulturore shqiptare, vepra me vlera t\u00eb nivelit n\u00eb Zvic\u00ebr po dhe ma gjer\u00eb.<\/p>\n<p><em><strong>Marrveshje baskpunimi ne mes dy organizmave kulturore shqiptare&#8221;MOISIU &amp; KODRA&#8221;<\/strong><\/em><\/p>\n<p>Koh\u00eb ma par\u00eb nga k\u00ebto dy shoq\u00ebri, respektivisht Fondacioni &#8220;Kodra&#8221; nj\u00eb fondacion i financua nga biznesmeni shqiptar Behgjet Pacolli dhe n\u00eb an\u00ebn tjet\u00ebr shoqata e &#8220;Aleksander Moisiut &#8221; e udhehequr nga zoti Syl\u00eb Muja , n\u00eb form\u00eb zyrtare protokolluan marr\u00ebveshjen e bashk\u00ebpunimit sipas ligjeve zvicerane me sa vijon:<\/p>\n<p><img loading=\"lazy\" decoding=\"async\" class=\"alignleft size-medium wp-image-4479\" title=\"Simbol bashkimi\" src=\"http:\/\/fjala.shkoder.net\/wp-content\/uploads\/2010\/10\/simbol_bashkimi-222x300.jpg\" alt=\"\" width=\"222\" height=\"300\" \/><\/p>\n<p><em>Simbol i bashkimi drejt bashk\u00ebpunimit te dy organizmave me vlerave komb\u00ebtare shqiptare me veprim n\u00eb Zvic\u00ebr ,kryetarja e Fondacionit &#8220;Kodra&#8221; Maria SHichkova, dhe Kryetar i Shoqat\u00ebs Kulturore Shqiptare &#8220;Aleksand\u00ebr Moisiu,&#8221; SYL\u00cb MUJAJ<\/em><\/p>\n<p>Fondacioni Kodra e Atelier MOISIU- MOISSI kan\u00eb vendosur t\u00eb bashk\u00ebpunojn\u00eb n\u00eb koh\u00eb te pa fund p\u00ebr aktivitete te ndryshme te lidhura ne aspektin kulturor e artistik ne Kanton Ticino e n\u00eb bot\u00eb.<br \/>\n\u00c7do gj\u00eb ju \u00ebsht\u00eb e lejuar ne marr\u00ebveshje dhe akordim te rrjedhave:<br \/>\n1. Koh\u00ebn dhe m\u00ebnyrat e veprimit, dhe shpenzimet e ndryshme te \u00e7do lloj manifestimi kulturor, duhet t\u00eb b\u00ebhen preventivat e p\u00ebrparshme n\u00eb mes dy organizmave kulturore t\u00eb caktuara, ku n\u00eb fund t\u00eb b\u00ebhet dhe konkretizimi i suksesit apo i mos realizimit t\u00eb detyrave t\u00eb caktuara kulturore e ekonomike, duke e ditur bilancin ide-projektit t\u00eb caktuar.<\/p>\n<p>2. Asnj\u00eb pretendim reciprok t\u00eb asnj\u00eb natyre, jo as n\u00eb heqjen e shpenzimeve p\u00ebr bashk\u00ebpun\u00ebtor t\u00eb ndrysh\u00ebm, q\u00eb duhet te p\u00ebrpjes\u00ebtohet n\u00eb mes veti n\u00ebse n\u00eb fillim nuk ishte marr\u00ebveshje e shkruar. Q\u00eb marr\u00ebveshja te jet\u00eb e precizua se paku nga nj\u00eb p\u00ebrfaq\u00ebsues i Fondacionit &#8220;KODRA&#8221; apo nj\u00eb p\u00ebrfaq\u00ebsues i shoqat\u00ebs &#8220;MOISIU&#8221;, e konfirmuar apo e n\u00ebnshkruar nga p\u00ebrfaq\u00ebsuesi legal.<br \/>\n3. \u00c7do shpenzim i b\u00ebr\u00eb nga nj\u00ebra pal\u00eb duhet q\u00eb pala ti heq shpenzimet, pa nj\u00eb mund\u00ebsi t\u00eb pretendimit etj.<\/p>\n<p style=\"text-align: center;\"><img loading=\"lazy\" decoding=\"async\" class=\"size-medium wp-image-4482 alignleft\" title=\"Shoqata kulturore Kodra\" src=\"http:\/\/fjala.shkoder.net\/wp-content\/uploads\/2010\/10\/kodra-261x300.jpg\" alt=\"\" width=\"261\" height=\"300\" \/>\u00a0\u00a0 <img loading=\"lazy\" decoding=\"async\" class=\"aligncenter size-medium wp-image-4483\" title=\"Shoqata kulturore Moisiu\" src=\"http:\/\/fjala.shkoder.net\/wp-content\/uploads\/2010\/10\/moisiu-232x300.jpg\" alt=\"\" width=\"232\" height=\"300\" \/><\/p>\n<p><em>Fondacionit &#8220;Kodra&#8221; p\u00ebrfaqesuese Maria Shichkova, dhe Kryetar i Shoqates Kulturore Shqiptare &#8220;Aleksand\u00ebr Moisiu,&#8221; Syl\u00eb Muja Art -Atelier&#8221; Aleksander Moisiu&#8221; n\u00eb Via Alle Brughette 11,Figino Llugan\u201dn\u00eb Zvic\u00ebr.<\/em><\/p>\n<p style=\"text-align: center;\"><img loading=\"lazy\" decoding=\"async\" class=\"aligncenter size-full wp-image-4481\" title=\"Maria dhe Syl\u00eb Muja\" src=\"http:\/\/fjala.shkoder.net\/wp-content\/uploads\/2010\/10\/maria_syle_muja.jpg\" alt=\"\" width=\"476\" height=\"323\" \/><\/p>\n<p style=\"text-align: center;\"><em>Zonja Marie p\u00ebrfaqesuuese e fondacionit Kodra dhe Syl\u00eb Muja n\u00eb nj\u00eb aktivitet<\/em><\/p>\n<p>Muzeu &#8220;Kodra&#8221; me vlera artistike p\u00ebr shqiptar\u00ebt por p\u00ebr popullin zviceran po edhe p\u00ebr artin bot\u00ebror<\/p>\n<p>Nj\u00eb muze \u00ebsht\u00eb hapur me iniciativ\u00ebn e Behgjet Pacollit, i cili edhe \u00ebsht\u00eb autorizuar nga vet\u00eb piktori Kodra sa ishte gjall\u00eb q\u00eb t\u00eb p\u00ebrkujdesej p\u00ebr gjith\u00eb trash\u00ebgimin\u00eb e tij kulturore.<br \/>\nMuzeu n\u00eb Lugano ka 16 vepra kulturore t\u00eb Ibrahim Kodr\u00ebs. R\u00ebnd\u00ebsia e k\u00ebtij muzeu, q\u00ebndron edhe n\u00eb disa elemente shum\u00eb karakteristike: aty gjenden veshmbathja dhe gj\u00ebrat q\u00eb ai i mbante me vete. Aty gjenden edhe shallet e tij, t\u00eb cil\u00ebt gjat\u00eb t\u00ebr\u00eb jet\u00ebs s\u00eb tij u b\u00ebn\u00eb pjes\u00eb e figur\u00ebs s\u00eb k\u00ebtij artisti.<br \/>\nK\u00ebtij muzeu, Pacolli ia dedikoi nj\u00eb nd\u00ebrtes\u00eb t\u00eb vjet\u00ebr shekullore, q\u00eb do t\u00eb jet\u00eb edhe nj\u00eb muze shtes\u00eb shum\u00eb i r\u00ebnd\u00ebsish\u00ebm p\u00ebr kultur\u00ebn shqiptare, p\u00ebr Zvicr\u00ebn dhe artin bot\u00ebror n\u00eb p\u00ebrgjith\u00ebsi. R\u00ebnd\u00ebsin\u00eb e hapjes s\u00eb k\u00ebtij muzeu, e tregoi pjes\u00ebmarrja e autoriteteve shtet\u00ebrore t\u00eb Zvicr\u00ebs, dhe nj\u00eb numri t\u00eb madh t\u00eb kritik\u00ebve t\u00eb shquar t\u00eb artit me rastin e inaugurimit.<\/p>\n<p style=\"text-align: center;\"><img loading=\"lazy\" decoding=\"async\" class=\"aligncenter size-full wp-image-4480\" title=\"Nx\u00ebn\u00ebs t\u00eb shkoll\u00ebs shqipe &quot;Moisiu - Kodra&quot;\" src=\"http:\/\/fjala.shkoder.net\/wp-content\/uploads\/2010\/10\/nxenes_moisiu_kodra.jpg\" alt=\"\" width=\"493\" height=\"342\" \/><\/p>\n<p style=\"text-align: center;\"><em>Grup i nx\u00ebn\u00ebseve te shkolles shqipe ne Zvic\u00ebr t\u00eb &#8220;MOISIU E KODRA&#8221;<\/em><\/p>\n<p>FormularbeginnK\u00ebto dy shoq\u00ebri dhe organizatore t\u00eb artit dhe kultur\u00ebs shqiptare, shpresohet q\u00eb t\u00eb jen\u00eb shpresa edhe synimi drejt nj\u00eb simboli, veprimi n\u00eb interesin ton\u00eb t\u00eb p\u00ebrhapjes s\u00eb kultur\u00ebs tone edhe te popujt tjer\u00eb &#8230;<\/p>\n","protected":false},"excerpt":{"rendered":"<p>Dy organizma kulturore shqiptare bashkohen Asllan Dibrani, Shtutgard 25.10.2010 Jan\u00eb dy emra t\u00eb m\u00ebdhenj t\u00eb kultur\u00ebs shqiptare, dy figura qe lan\u00eb gjurm\u00ebt e veta n\u00eb fush\u00ebn e kultur\u00ebs dhe artit, jan\u00eb dy emra qe shqiptar\u00ebt kudo q\u00eb jan\u00eb krenohen me ta ,po ashtu u veprua edhe n\u00eb Zvic\u00ebr, ku Aleksander Moisiu dhe piktori i madh [&hellip;]<\/p>\n","protected":false},"author":1,"featured_media":0,"comment_status":"open","ping_status":"closed","sticky":false,"template":"","format":"standard","meta":{"footnotes":""},"categories":[2],"tags":[],"class_list":{"0":"post-4477","1":"post","2":"type-post","3":"status-publish","4":"format-standard","6":"category-artikuj"},"yoast_head":"<!-- This site is optimized with the Yoast SEO plugin v27.4 - https:\/\/yoast.com\/product\/yoast-seo-wordpress\/ -->\n<title>Marr\u00ebveshje bashk\u00ebpunimi n\u00eb Zvic\u00ebr n\u00eb mes &#039;MOISIU &amp; KODRA&#039; - FjALA e LIR\u00cb - Arkivi<\/title>\n<meta name=\"robots\" content=\"index, follow, max-snippet:-1, max-image-preview:large, max-video-preview:-1\" \/>\n<link rel=\"canonical\" href=\"https:\/\/fjala.info\/2009-2015\/marreveshje-bashkepunimi-ne-zvicer-ne-mes-moisiu-kodra\/\" \/>\n<meta property=\"og:locale\" content=\"sq_AL\" \/>\n<meta property=\"og:type\" content=\"article\" \/>\n<meta property=\"og:title\" content=\"Marr\u00ebveshje bashk\u00ebpunimi n\u00eb Zvic\u00ebr n\u00eb mes &#039;MOISIU &amp; KODRA&#039; - FjALA e LIR\u00cb - Arkivi\" \/>\n<meta property=\"og:description\" content=\"Dy organizma kulturore shqiptare bashkohen Asllan Dibrani, Shtutgard 25.10.2010 Jan\u00eb dy emra t\u00eb m\u00ebdhenj t\u00eb kultur\u00ebs shqiptare, dy figura qe lan\u00eb gjurm\u00ebt e veta n\u00eb fush\u00ebn e kultur\u00ebs dhe artit, jan\u00eb dy emra qe shqiptar\u00ebt kudo q\u00eb jan\u00eb krenohen me ta ,po ashtu u veprua edhe n\u00eb Zvic\u00ebr, ku Aleksander Moisiu dhe piktori i madh [&hellip;]\" \/>\n<meta property=\"og:url\" content=\"https:\/\/fjala.info\/2009-2015\/marreveshje-bashkepunimi-ne-zvicer-ne-mes-moisiu-kodra\/\" \/>\n<meta property=\"og:site_name\" content=\"FjALA e LIR\u00cb - Arkivi\" \/>\n<meta property=\"article:published_time\" content=\"2010-10-27T07:31:23+00:00\" \/>\n<meta property=\"og:image\" content=\"http:\/\/fjala.shkoder.net\/wp-content\/uploads\/2010\/10\/asllan_dibrani.jpg\" \/>\n<meta name=\"author\" content=\"admin\" \/>\n<meta name=\"twitter:card\" content=\"summary_large_image\" \/>\n<meta name=\"twitter:label1\" content=\"Written by\" \/>\n\t<meta name=\"twitter:data1\" content=\"admin\" \/>\n\t<meta name=\"twitter:label2\" content=\"Est. reading time\" \/>\n\t<meta name=\"twitter:data2\" content=\"4 minutes\" \/>\n<script type=\"application\/ld+json\" class=\"yoast-schema-graph\">{\"@context\":\"https:\\\/\\\/schema.org\",\"@graph\":[{\"@type\":\"Article\",\"@id\":\"https:\\\/\\\/fjala.info\\\/2009-2015\\\/marreveshje-bashkepunimi-ne-zvicer-ne-mes-moisiu-kodra\\\/#article\",\"isPartOf\":{\"@id\":\"https:\\\/\\\/fjala.info\\\/2009-2015\\\/marreveshje-bashkepunimi-ne-zvicer-ne-mes-moisiu-kodra\\\/\"},\"author\":{\"name\":\"admin\",\"@id\":\"https:\\\/\\\/fjala.info\\\/2009-2015\\\/#\\\/schema\\\/person\\\/3aa1163ef05469c496fc94e77611ada2\"},\"headline\":\"Marr\u00ebveshje bashk\u00ebpunimi n\u00eb Zvic\u00ebr n\u00eb mes &#8216;MOISIU &#038; KODRA&#8217;\",\"datePublished\":\"2010-10-27T07:31:23+00:00\",\"mainEntityOfPage\":{\"@id\":\"https:\\\/\\\/fjala.info\\\/2009-2015\\\/marreveshje-bashkepunimi-ne-zvicer-ne-mes-moisiu-kodra\\\/\"},\"wordCount\":785,\"commentCount\":0,\"publisher\":{\"@id\":\"https:\\\/\\\/fjala.info\\\/2009-2015\\\/#organization\"},\"image\":{\"@id\":\"https:\\\/\\\/fjala.info\\\/2009-2015\\\/marreveshje-bashkepunimi-ne-zvicer-ne-mes-moisiu-kodra\\\/#primaryimage\"},\"thumbnailUrl\":\"http:\\\/\\\/fjala.shkoder.net\\\/wp-content\\\/uploads\\\/2010\\\/10\\\/asllan_dibrani.jpg\",\"articleSection\":[\"Artikuj\"],\"inLanguage\":\"sq-AL\",\"potentialAction\":[{\"@type\":\"CommentAction\",\"name\":\"Comment\",\"target\":[\"https:\\\/\\\/fjala.info\\\/2009-2015\\\/marreveshje-bashkepunimi-ne-zvicer-ne-mes-moisiu-kodra\\\/#respond\"]}]},{\"@type\":\"WebPage\",\"@id\":\"https:\\\/\\\/fjala.info\\\/2009-2015\\\/marreveshje-bashkepunimi-ne-zvicer-ne-mes-moisiu-kodra\\\/\",\"url\":\"https:\\\/\\\/fjala.info\\\/2009-2015\\\/marreveshje-bashkepunimi-ne-zvicer-ne-mes-moisiu-kodra\\\/\",\"name\":\"Marr\u00ebveshje bashk\u00ebpunimi n\u00eb Zvic\u00ebr n\u00eb mes 'MOISIU & KODRA' - FjALA e LIR\u00cb - Arkivi\",\"isPartOf\":{\"@id\":\"https:\\\/\\\/fjala.info\\\/2009-2015\\\/#website\"},\"primaryImageOfPage\":{\"@id\":\"https:\\\/\\\/fjala.info\\\/2009-2015\\\/marreveshje-bashkepunimi-ne-zvicer-ne-mes-moisiu-kodra\\\/#primaryimage\"},\"image\":{\"@id\":\"https:\\\/\\\/fjala.info\\\/2009-2015\\\/marreveshje-bashkepunimi-ne-zvicer-ne-mes-moisiu-kodra\\\/#primaryimage\"},\"thumbnailUrl\":\"http:\\\/\\\/fjala.shkoder.net\\\/wp-content\\\/uploads\\\/2010\\\/10\\\/asllan_dibrani.jpg\",\"datePublished\":\"2010-10-27T07:31:23+00:00\",\"breadcrumb\":{\"@id\":\"https:\\\/\\\/fjala.info\\\/2009-2015\\\/marreveshje-bashkepunimi-ne-zvicer-ne-mes-moisiu-kodra\\\/#breadcrumb\"},\"inLanguage\":\"sq-AL\",\"potentialAction\":[{\"@type\":\"ReadAction\",\"target\":[\"https:\\\/\\\/fjala.info\\\/2009-2015\\\/marreveshje-bashkepunimi-ne-zvicer-ne-mes-moisiu-kodra\\\/\"]}]},{\"@type\":\"ImageObject\",\"inLanguage\":\"sq-AL\",\"@id\":\"https:\\\/\\\/fjala.info\\\/2009-2015\\\/marreveshje-bashkepunimi-ne-zvicer-ne-mes-moisiu-kodra\\\/#primaryimage\",\"url\":\"http:\\\/\\\/fjala.shkoder.net\\\/wp-content\\\/uploads\\\/2010\\\/10\\\/asllan_dibrani.jpg\",\"contentUrl\":\"http:\\\/\\\/fjala.shkoder.net\\\/wp-content\\\/uploads\\\/2010\\\/10\\\/asllan_dibrani.jpg\"},{\"@type\":\"BreadcrumbList\",\"@id\":\"https:\\\/\\\/fjala.info\\\/2009-2015\\\/marreveshje-bashkepunimi-ne-zvicer-ne-mes-moisiu-kodra\\\/#breadcrumb\",\"itemListElement\":[{\"@type\":\"ListItem\",\"position\":1,\"name\":\"Home\",\"item\":\"https:\\\/\\\/fjala.info\\\/2009-2015\\\/\"},{\"@type\":\"ListItem\",\"position\":2,\"name\":\"Marr\u00ebveshje bashk\u00ebpunimi n\u00eb Zvic\u00ebr n\u00eb mes &#8216;MOISIU &#038; KODRA&#8217;\"}]},{\"@type\":\"WebSite\",\"@id\":\"https:\\\/\\\/fjala.info\\\/2009-2015\\\/#website\",\"url\":\"https:\\\/\\\/fjala.info\\\/2009-2015\\\/\",\"name\":\"FjALA e LIR\u00cb - Arkivi\",\"description\":\"Arkivi 2009-2015\",\"publisher\":{\"@id\":\"https:\\\/\\\/fjala.info\\\/2009-2015\\\/#organization\"},\"potentialAction\":[{\"@type\":\"SearchAction\",\"target\":{\"@type\":\"EntryPoint\",\"urlTemplate\":\"https:\\\/\\\/fjala.info\\\/2009-2015\\\/?s={search_term_string}\"},\"query-input\":{\"@type\":\"PropertyValueSpecification\",\"valueRequired\":true,\"valueName\":\"search_term_string\"}}],\"inLanguage\":\"sq-AL\"},{\"@type\":\"Organization\",\"@id\":\"https:\\\/\\\/fjala.info\\\/2009-2015\\\/#organization\",\"name\":\"FjALA e LIR\u00cb - Arkivi\",\"url\":\"https:\\\/\\\/fjala.info\\\/2009-2015\\\/\",\"logo\":{\"@type\":\"ImageObject\",\"inLanguage\":\"sq-AL\",\"@id\":\"https:\\\/\\\/fjala.info\\\/2009-2015\\\/#\\\/schema\\\/logo\\\/image\\\/\",\"url\":\"\",\"contentUrl\":\"\",\"caption\":\"FjALA e LIR\u00cb - Arkivi\"},\"image\":{\"@id\":\"https:\\\/\\\/fjala.info\\\/2009-2015\\\/#\\\/schema\\\/logo\\\/image\\\/\"}},{\"@type\":\"Person\",\"@id\":\"https:\\\/\\\/fjala.info\\\/2009-2015\\\/#\\\/schema\\\/person\\\/3aa1163ef05469c496fc94e77611ada2\",\"name\":\"admin\",\"image\":{\"@type\":\"ImageObject\",\"inLanguage\":\"sq-AL\",\"@id\":\"https:\\\/\\\/fjala.info\\\/2009-2015\\\/wp-content\\\/uploads\\\/2012\\\/02\\\/arben_cokaj-120x150.jpg\",\"url\":\"https:\\\/\\\/fjala.info\\\/2009-2015\\\/wp-content\\\/uploads\\\/2012\\\/02\\\/arben_cokaj-120x150.jpg\",\"contentUrl\":\"https:\\\/\\\/fjala.info\\\/2009-2015\\\/wp-content\\\/uploads\\\/2012\\\/02\\\/arben_cokaj-120x150.jpg\",\"caption\":\"admin\"},\"description\":\"Admin, Fjala e Lir\u00eb\",\"sameAs\":[\"https:\\\/\\\/fjala.info\\\/\"],\"url\":\"https:\\\/\\\/fjala.info\\\/2009-2015\\\/author\\\/admin\\\/\"}]}<\/script>\n<!-- \/ Yoast SEO plugin. -->","yoast_head_json":{"title":"Marr\u00ebveshje bashk\u00ebpunimi n\u00eb Zvic\u00ebr n\u00eb mes 'MOISIU & KODRA' - FjALA e LIR\u00cb - Arkivi","robots":{"index":"index","follow":"follow","max-snippet":"max-snippet:-1","max-image-preview":"max-image-preview:large","max-video-preview":"max-video-preview:-1"},"canonical":"https:\/\/fjala.info\/2009-2015\/marreveshje-bashkepunimi-ne-zvicer-ne-mes-moisiu-kodra\/","og_locale":"sq_AL","og_type":"article","og_title":"Marr\u00ebveshje bashk\u00ebpunimi n\u00eb Zvic\u00ebr n\u00eb mes 'MOISIU & KODRA' - FjALA e LIR\u00cb - Arkivi","og_description":"Dy organizma kulturore shqiptare bashkohen Asllan Dibrani, Shtutgard 25.10.2010 Jan\u00eb dy emra t\u00eb m\u00ebdhenj t\u00eb kultur\u00ebs shqiptare, dy figura qe lan\u00eb gjurm\u00ebt e veta n\u00eb fush\u00ebn e kultur\u00ebs dhe artit, jan\u00eb dy emra qe shqiptar\u00ebt kudo q\u00eb jan\u00eb krenohen me ta ,po ashtu u veprua edhe n\u00eb Zvic\u00ebr, ku Aleksander Moisiu dhe piktori i madh [&hellip;]","og_url":"https:\/\/fjala.info\/2009-2015\/marreveshje-bashkepunimi-ne-zvicer-ne-mes-moisiu-kodra\/","og_site_name":"FjALA e LIR\u00cb - Arkivi","article_published_time":"2010-10-27T07:31:23+00:00","og_image":[{"url":"http:\/\/fjala.shkoder.net\/wp-content\/uploads\/2010\/10\/asllan_dibrani.jpg","type":"","width":"","height":""}],"author":"admin","twitter_card":"summary_large_image","twitter_misc":{"Written by":"admin","Est. reading time":"4 minutes"},"schema":{"@context":"https:\/\/schema.org","@graph":[{"@type":"Article","@id":"https:\/\/fjala.info\/2009-2015\/marreveshje-bashkepunimi-ne-zvicer-ne-mes-moisiu-kodra\/#article","isPartOf":{"@id":"https:\/\/fjala.info\/2009-2015\/marreveshje-bashkepunimi-ne-zvicer-ne-mes-moisiu-kodra\/"},"author":{"name":"admin","@id":"https:\/\/fjala.info\/2009-2015\/#\/schema\/person\/3aa1163ef05469c496fc94e77611ada2"},"headline":"Marr\u00ebveshje bashk\u00ebpunimi n\u00eb Zvic\u00ebr n\u00eb mes &#8216;MOISIU &#038; KODRA&#8217;","datePublished":"2010-10-27T07:31:23+00:00","mainEntityOfPage":{"@id":"https:\/\/fjala.info\/2009-2015\/marreveshje-bashkepunimi-ne-zvicer-ne-mes-moisiu-kodra\/"},"wordCount":785,"commentCount":0,"publisher":{"@id":"https:\/\/fjala.info\/2009-2015\/#organization"},"image":{"@id":"https:\/\/fjala.info\/2009-2015\/marreveshje-bashkepunimi-ne-zvicer-ne-mes-moisiu-kodra\/#primaryimage"},"thumbnailUrl":"http:\/\/fjala.shkoder.net\/wp-content\/uploads\/2010\/10\/asllan_dibrani.jpg","articleSection":["Artikuj"],"inLanguage":"sq-AL","potentialAction":[{"@type":"CommentAction","name":"Comment","target":["https:\/\/fjala.info\/2009-2015\/marreveshje-bashkepunimi-ne-zvicer-ne-mes-moisiu-kodra\/#respond"]}]},{"@type":"WebPage","@id":"https:\/\/fjala.info\/2009-2015\/marreveshje-bashkepunimi-ne-zvicer-ne-mes-moisiu-kodra\/","url":"https:\/\/fjala.info\/2009-2015\/marreveshje-bashkepunimi-ne-zvicer-ne-mes-moisiu-kodra\/","name":"Marr\u00ebveshje bashk\u00ebpunimi n\u00eb Zvic\u00ebr n\u00eb mes 'MOISIU & KODRA' - FjALA e LIR\u00cb - Arkivi","isPartOf":{"@id":"https:\/\/fjala.info\/2009-2015\/#website"},"primaryImageOfPage":{"@id":"https:\/\/fjala.info\/2009-2015\/marreveshje-bashkepunimi-ne-zvicer-ne-mes-moisiu-kodra\/#primaryimage"},"image":{"@id":"https:\/\/fjala.info\/2009-2015\/marreveshje-bashkepunimi-ne-zvicer-ne-mes-moisiu-kodra\/#primaryimage"},"thumbnailUrl":"http:\/\/fjala.shkoder.net\/wp-content\/uploads\/2010\/10\/asllan_dibrani.jpg","datePublished":"2010-10-27T07:31:23+00:00","breadcrumb":{"@id":"https:\/\/fjala.info\/2009-2015\/marreveshje-bashkepunimi-ne-zvicer-ne-mes-moisiu-kodra\/#breadcrumb"},"inLanguage":"sq-AL","potentialAction":[{"@type":"ReadAction","target":["https:\/\/fjala.info\/2009-2015\/marreveshje-bashkepunimi-ne-zvicer-ne-mes-moisiu-kodra\/"]}]},{"@type":"ImageObject","inLanguage":"sq-AL","@id":"https:\/\/fjala.info\/2009-2015\/marreveshje-bashkepunimi-ne-zvicer-ne-mes-moisiu-kodra\/#primaryimage","url":"http:\/\/fjala.shkoder.net\/wp-content\/uploads\/2010\/10\/asllan_dibrani.jpg","contentUrl":"http:\/\/fjala.shkoder.net\/wp-content\/uploads\/2010\/10\/asllan_dibrani.jpg"},{"@type":"BreadcrumbList","@id":"https:\/\/fjala.info\/2009-2015\/marreveshje-bashkepunimi-ne-zvicer-ne-mes-moisiu-kodra\/#breadcrumb","itemListElement":[{"@type":"ListItem","position":1,"name":"Home","item":"https:\/\/fjala.info\/2009-2015\/"},{"@type":"ListItem","position":2,"name":"Marr\u00ebveshje bashk\u00ebpunimi n\u00eb Zvic\u00ebr n\u00eb mes &#8216;MOISIU &#038; KODRA&#8217;"}]},{"@type":"WebSite","@id":"https:\/\/fjala.info\/2009-2015\/#website","url":"https:\/\/fjala.info\/2009-2015\/","name":"FjALA e LIR\u00cb - Arkivi","description":"Arkivi 2009-2015","publisher":{"@id":"https:\/\/fjala.info\/2009-2015\/#organization"},"potentialAction":[{"@type":"SearchAction","target":{"@type":"EntryPoint","urlTemplate":"https:\/\/fjala.info\/2009-2015\/?s={search_term_string}"},"query-input":{"@type":"PropertyValueSpecification","valueRequired":true,"valueName":"search_term_string"}}],"inLanguage":"sq-AL"},{"@type":"Organization","@id":"https:\/\/fjala.info\/2009-2015\/#organization","name":"FjALA e LIR\u00cb - Arkivi","url":"https:\/\/fjala.info\/2009-2015\/","logo":{"@type":"ImageObject","inLanguage":"sq-AL","@id":"https:\/\/fjala.info\/2009-2015\/#\/schema\/logo\/image\/","url":"","contentUrl":"","caption":"FjALA e LIR\u00cb - Arkivi"},"image":{"@id":"https:\/\/fjala.info\/2009-2015\/#\/schema\/logo\/image\/"}},{"@type":"Person","@id":"https:\/\/fjala.info\/2009-2015\/#\/schema\/person\/3aa1163ef05469c496fc94e77611ada2","name":"admin","image":{"@type":"ImageObject","inLanguage":"sq-AL","@id":"https:\/\/fjala.info\/2009-2015\/wp-content\/uploads\/2012\/02\/arben_cokaj-120x150.jpg","url":"https:\/\/fjala.info\/2009-2015\/wp-content\/uploads\/2012\/02\/arben_cokaj-120x150.jpg","contentUrl":"https:\/\/fjala.info\/2009-2015\/wp-content\/uploads\/2012\/02\/arben_cokaj-120x150.jpg","caption":"admin"},"description":"Admin, Fjala e Lir\u00eb","sameAs":["https:\/\/fjala.info\/"],"url":"https:\/\/fjala.info\/2009-2015\/author\/admin\/"}]}},"_links":{"self":[{"href":"https:\/\/fjala.info\/2009-2015\/wp-json\/wp\/v2\/posts\/4477","targetHints":{"allow":["GET"]}}],"collection":[{"href":"https:\/\/fjala.info\/2009-2015\/wp-json\/wp\/v2\/posts"}],"about":[{"href":"https:\/\/fjala.info\/2009-2015\/wp-json\/wp\/v2\/types\/post"}],"author":[{"embeddable":true,"href":"https:\/\/fjala.info\/2009-2015\/wp-json\/wp\/v2\/users\/1"}],"replies":[{"embeddable":true,"href":"https:\/\/fjala.info\/2009-2015\/wp-json\/wp\/v2\/comments?post=4477"}],"version-history":[{"count":0,"href":"https:\/\/fjala.info\/2009-2015\/wp-json\/wp\/v2\/posts\/4477\/revisions"}],"wp:attachment":[{"href":"https:\/\/fjala.info\/2009-2015\/wp-json\/wp\/v2\/media?parent=4477"}],"wp:term":[{"taxonomy":"category","embeddable":true,"href":"https:\/\/fjala.info\/2009-2015\/wp-json\/wp\/v2\/categories?post=4477"},{"taxonomy":"post_tag","embeddable":true,"href":"https:\/\/fjala.info\/2009-2015\/wp-json\/wp\/v2\/tags?post=4477"}],"curies":[{"name":"wp","href":"https:\/\/api.w.org\/{rel}","templated":true}]}}