{"id":4475,"date":"2012-08-17T21:46:06","date_gmt":"2012-08-17T20:46:06","guid":{"rendered":"http:\/\/www.fjala.info\/?p=4475"},"modified":"2012-08-17T21:46:06","modified_gmt":"2012-08-17T20:46:06","slug":"shqiperia-be-se-na-futni-edhe-ne-bastarde","status":"publish","type":"post","link":"https:\/\/fjala.info\/2009-2015\/shqiperia-be-se-na-futni-edhe-ne-bastarde\/","title":{"rendered":"\u201cShqip\u00ebria- BE-s\u00eb: Na futni edhe ne, bastard\u00eb!\u201d"},"content":{"rendered":"<p><img decoding=\"async\" class=\"alignright size-thumbnail wp-image-7236\" title=\"Sali Berisha\" src=\"http:\/\/www.fjala.info\/2012\/sali_berisha.jpg\" alt=\"\" width=\"300\" \/> <strong>TemA Online<\/strong>, <em>17 Gusht 2012<\/em><\/p>\n<p>Ky \u00ebsht\u00eb titulli interesant q\u00eb mban nj\u00eb artikull i posa\u00e7\u00ebm mbi Shqip\u00ebrin\u00eb, botuar n\u00eb median polake \u201c<strong>Wyborcza Varsavia<\/strong>\u201d, nga gazetari <strong>Witold Szab\u0142owski<\/strong>.<\/p>\n<p>\u201cNd\u00ebr t\u00eb gjitha shtetet q\u00eb duan t\u00eb bashkohen me BE, \u2018vendi i shqiponjave\u2019, duket m\u00eb i motivuari. Por tani p\u00ebr tani, shanset p\u00ebr t\u00eb p\u00ebrfituar statusin e kandidatit jan\u00eb minimale dhe ka ende shum\u00eb p\u00ebr t\u00eb b\u00ebr\u00eb\u201d, citohet n\u00eb fillim t\u00eb tij.<\/p>\n<p>Dhe duke vijuar m\u00eb tej n\u00eb form\u00ebn e nj\u00eb reportazhi, artikullshkruesi polak, shton se \u201cshqiptar\u00ebt po luftojn\u00eb p\u00ebr t\u2019u njohur nga BE-ja si nj\u00eb vend kandidat zyrtar\u201d, nd\u00ebrsa nj\u00eb nga kushtet e vendosura nga Brukseli p\u00ebr ta arritur k\u00ebt\u00eb, duket se \u00ebsht\u00eb siguria e kufijve, e konsideruar kjo si thembra e Akilit p\u00ebr gjith\u00eb rajonin.<\/p>\n<p>\u201cMund\u00ebsia e fillimit t\u00eb negociatave p\u00ebr an\u00ebtar\u00ebsim t\u00eb plot\u00eb me Brukselin \u00ebsht\u00eb tashm\u00eb n\u00eb qend\u00ebr t\u00eb sken\u00ebs politike shqiptare. Dhe n\u00eb n\u00ebntor, BE duhet t\u00eb vendos\u00eb n\u00ebse vendi \u00ebsht\u00eb i gatsh\u00ebm p\u00ebr statusin e kandidatit zyrtar\u201d, citohet m\u00eb tej.<\/p>\n<p>Duke p\u00ebrmendur t\u00eb flasin edhe p\u00ebrfaq\u00ebsues t\u00eb medias shqiptare, artikulli i gazetarit polak, parashtron se ata nuk presin t\u00eb ndodh\u00eb ndonj\u00eb gj\u00eb e re n\u00eb n\u00ebntor.<\/p>\n<p>Nga ana tjet\u00ebr, media polake i kushton nj\u00eb vend t\u00eb ve\u00e7ant\u00eb edhe \u00e7\u00ebshtjes s\u00eb respektimit t\u00eb t\u00eb drejtave t\u00eb homoseksual\u00ebve n\u00eb Shqip\u00ebri.<\/p>\n<p>Referuar konkretisht, parad\u00ebs s\u00eb tyre q\u00eb u zhvillua para pak muajsh n\u00eb Tiran\u00eb, ai citon t\u00eb flas\u00eb edhe nj\u00eb person, pjes\u00ebmarr\u00ebs t\u00eb saj, i cili i pyetur lidhur me an\u00ebtar\u00ebsimin e vendit ton\u00eb n\u00eb BE, tregohet mjaft optimist.<\/p>\n<p>\u201cDo m\u00eb p\u00eblqente shum\u00eb q\u00eb vendi im t\u00eb an\u00ebtar\u00ebsohej n\u00eb Bashkimin Evropian. Kjo do na ndihmonte p\u00ebr t\u00eb nd\u00ebrtuar rrug\u00ebt, p\u00ebr t\u2019u mb\u00ebshtetur financiarisht, dhe q\u00eb t\u00eb rinjt\u00eb tan\u00eb t\u00eb mund t\u00eb studiojn\u00eb jasht\u00eb vendit. Por n\u00eb qoft\u00eb se \u00e7mimi yn\u00eb \u00ebsht\u00eb ai i hapjes s\u00eb dyerve p\u00ebr t\u00eb degjeneruarit, at\u00ebher\u00eb un\u00eb mendoj se ne duhet ta mendojm\u00eb m\u00eb thell\u00eb,\u201d pohon i intervistuari lidhur me nj\u00eb fakt t\u00eb till\u00eb.<\/p>\n<p>Gjithashtu, paraqiten edhe nivelet aktuale t\u00eb mb\u00ebshtetjes p\u00ebr integrimin n\u00eb BE t\u00eb popullat\u00ebs shqiptare.<\/p>\n<p>\u201cN\u00eb fakt, entuziazmi i shqiptar\u00ebve p\u00ebr t\u00eb hyr\u00eb n\u00eb Bashkimin Evropian \u00ebsht\u00eb i pashoq. Kur n\u00eb Turqi, mb\u00ebshtetja publike p\u00ebr an\u00ebtar\u00ebsimin nuk i kalon 50 p\u00ebr qind. Apo n\u00eb Serbi, ku ky tregues ka r\u00ebn\u00eb me shpejt\u00ebsi. Edhe Kroacia, e cila \u00ebsht\u00eb m\u00eb af\u00ebr an\u00ebtar\u00ebsimit, paraqitet m\u00eb euroskeptike se Shqip\u00ebria. Mb\u00ebshtetja p\u00ebr an\u00ebtar\u00ebsim ka mbetur n\u00eb nivelet prej 97-98 p\u00ebr qind. Por \u00e7far\u00eb \u00ebsht\u00eb e mir\u00eb n\u00eb gjith\u00eb k\u00ebt\u00eb entuziaz\u00ebm n\u00eb qoft\u00eb se Shqip\u00ebria nuk ka b\u00ebr\u00eb asnj\u00eb p\u00ebrparim me negociatat?\u201d parashtron artikullshkruesi.<\/p>\n<p>Duke n\u00ebnvizuar gjithashtu edhe deklarat\u00ebn e nj\u00eb diplomati t\u00eb BE-s\u00eb se me an\u00ebtar\u00ebsimin drejt Brukselit, nuk mund t\u00eb ndodh\u00eb e nj\u00ebjta gj\u00eb si me at\u00eb n\u00eb NATO, ku kjo e fundit ishte njohur me r\u00ebnd\u00ebsin\u00eb e pozit\u00ebs strategjike t\u00eb Shqip\u00ebris\u00eb dhe e ka b\u00ebr\u00eb \u201cnj\u00eb sy qorr\u201d.<\/p>\n<p>Por polak\u00ebt, mendojn\u00eb se nuk mund t\u00eb ndodh\u00eb n\u00eb t\u00eb nj\u00ebjt\u00ebn m\u00ebnyr\u00eb.<\/p>\n<p>Sipas tyre, Shqip\u00ebria \u00ebsht\u00eb shum\u00eb larg nga standardet e Bashkimit Evropian, dhe sidomos tani pas kriz\u00ebs greke, kur Evropa si e till\u00eb \u00ebsht\u00eb duke u b\u00ebr\u00eb gjithnj\u00eb e m\u00eb e k\u00ebrkuar. \u201cSigurisht, BE do t\u00eb kryej\u00eb ndonj\u00eb gjest t\u00eb ri n\u00eb favor t\u00eb Tiran\u00ebs (si ajo q\u00eb shqiptar\u00ebt tashm\u00eb mund t\u00eb udh\u00ebtojn\u00eb n\u00eb zon\u00ebn Shengen pa viza), por derisa qeveria nuk do t\u00eb angazhohet seriozisht, negociatat nuk do t\u00eb fillojn\u00eb\u201d, p\u00ebrmbyllet artikulli i lartp\u00ebrmendur i medias polake, \u201cWyborcza Varsavia\u201d, mbi situat\u00ebn aktuale t\u00eb para-an\u00ebtar\u00ebsimit t\u00eb Shqip\u00ebris\u00eb n\u00eb strukturat e Bashkimit Evropian. \/NOA\/<\/p>\n","protected":false},"excerpt":{"rendered":"<p>TemA Online, 17 Gusht 2012 Ky \u00ebsht\u00eb titulli interesant q\u00eb mban nj\u00eb artikull i posa\u00e7\u00ebm mbi Shqip\u00ebrin\u00eb, botuar n\u00eb median polake \u201cWyborcza Varsavia\u201d, nga gazetari Witold Szab\u0142owski. \u201cNd\u00ebr t\u00eb gjitha shtetet q\u00eb duan t\u00eb bashkohen me BE, \u2018vendi i shqiponjave\u2019, duket m\u00eb i motivuari. Por tani p\u00ebr tani, shanset p\u00ebr t\u00eb p\u00ebrfituar statusin e kandidatit [&hellip;]<\/p>\n","protected":false},"author":1,"featured_media":0,"comment_status":"open","ping_status":"closed","sticky":false,"template":"","format":"standard","meta":{"footnotes":""},"categories":[2],"tags":[],"class_list":{"0":"post-4475","1":"post","2":"type-post","3":"status-publish","4":"format-standard","6":"category-artikuj"},"yoast_head":"<!-- This site is optimized with the Yoast SEO plugin v27.4 - https:\/\/yoast.com\/product\/yoast-seo-wordpress\/ -->\n<title>\u201cShqip\u00ebria- BE-s\u00eb: Na futni edhe ne, bastard\u00eb!\u201d - FjALA e LIR\u00cb - Arkivi<\/title>\n<meta name=\"robots\" content=\"index, follow, max-snippet:-1, max-image-preview:large, max-video-preview:-1\" \/>\n<link rel=\"canonical\" href=\"https:\/\/fjala.info\/2009-2015\/shqiperia-be-se-na-futni-edhe-ne-bastarde\/\" \/>\n<meta property=\"og:locale\" content=\"sq_AL\" \/>\n<meta property=\"og:type\" content=\"article\" \/>\n<meta property=\"og:title\" content=\"\u201cShqip\u00ebria- BE-s\u00eb: Na futni edhe ne, bastard\u00eb!\u201d - FjALA e LIR\u00cb - Arkivi\" \/>\n<meta property=\"og:description\" content=\"TemA Online, 17 Gusht 2012 Ky \u00ebsht\u00eb titulli interesant q\u00eb mban nj\u00eb artikull i posa\u00e7\u00ebm mbi Shqip\u00ebrin\u00eb, botuar n\u00eb median polake \u201cWyborcza Varsavia\u201d, nga gazetari Witold Szab\u0142owski. \u201cNd\u00ebr t\u00eb gjitha shtetet q\u00eb duan t\u00eb bashkohen me BE, \u2018vendi i shqiponjave\u2019, duket m\u00eb i motivuari. Por tani p\u00ebr tani, shanset p\u00ebr t\u00eb p\u00ebrfituar statusin e kandidatit [&hellip;]\" \/>\n<meta property=\"og:url\" content=\"https:\/\/fjala.info\/2009-2015\/shqiperia-be-se-na-futni-edhe-ne-bastarde\/\" \/>\n<meta property=\"og:site_name\" content=\"FjALA e LIR\u00cb - Arkivi\" \/>\n<meta property=\"article:published_time\" content=\"2012-08-17T20:46:06+00:00\" \/>\n<meta property=\"og:image\" content=\"http:\/\/www.fjala.info\/2012\/sali_berisha.jpg\" \/>\n<meta name=\"author\" content=\"admin\" \/>\n<meta name=\"twitter:card\" content=\"summary_large_image\" \/>\n<meta name=\"twitter:label1\" content=\"Written by\" \/>\n\t<meta name=\"twitter:data1\" content=\"admin\" \/>\n\t<meta name=\"twitter:label2\" content=\"Est. reading time\" \/>\n\t<meta name=\"twitter:data2\" content=\"3 minutes\" \/>\n<script type=\"application\/ld+json\" class=\"yoast-schema-graph\">{\"@context\":\"https:\\\/\\\/schema.org\",\"@graph\":[{\"@type\":\"Article\",\"@id\":\"https:\\\/\\\/fjala.info\\\/2009-2015\\\/shqiperia-be-se-na-futni-edhe-ne-bastarde\\\/#article\",\"isPartOf\":{\"@id\":\"https:\\\/\\\/fjala.info\\\/2009-2015\\\/shqiperia-be-se-na-futni-edhe-ne-bastarde\\\/\"},\"author\":{\"name\":\"admin\",\"@id\":\"https:\\\/\\\/fjala.info\\\/2009-2015\\\/#\\\/schema\\\/person\\\/3aa1163ef05469c496fc94e77611ada2\"},\"headline\":\"\u201cShqip\u00ebria- BE-s\u00eb: Na futni edhe ne, bastard\u00eb!\u201d\",\"datePublished\":\"2012-08-17T20:46:06+00:00\",\"mainEntityOfPage\":{\"@id\":\"https:\\\/\\\/fjala.info\\\/2009-2015\\\/shqiperia-be-se-na-futni-edhe-ne-bastarde\\\/\"},\"wordCount\":676,\"commentCount\":0,\"publisher\":{\"@id\":\"https:\\\/\\\/fjala.info\\\/2009-2015\\\/#organization\"},\"image\":{\"@id\":\"https:\\\/\\\/fjala.info\\\/2009-2015\\\/shqiperia-be-se-na-futni-edhe-ne-bastarde\\\/#primaryimage\"},\"thumbnailUrl\":\"http:\\\/\\\/www.fjala.info\\\/2012\\\/sali_berisha.jpg\",\"articleSection\":[\"Artikuj\"],\"inLanguage\":\"sq-AL\",\"potentialAction\":[{\"@type\":\"CommentAction\",\"name\":\"Comment\",\"target\":[\"https:\\\/\\\/fjala.info\\\/2009-2015\\\/shqiperia-be-se-na-futni-edhe-ne-bastarde\\\/#respond\"]}]},{\"@type\":\"WebPage\",\"@id\":\"https:\\\/\\\/fjala.info\\\/2009-2015\\\/shqiperia-be-se-na-futni-edhe-ne-bastarde\\\/\",\"url\":\"https:\\\/\\\/fjala.info\\\/2009-2015\\\/shqiperia-be-se-na-futni-edhe-ne-bastarde\\\/\",\"name\":\"\u201cShqip\u00ebria- BE-s\u00eb: Na futni edhe ne, bastard\u00eb!\u201d - FjALA e LIR\u00cb - Arkivi\",\"isPartOf\":{\"@id\":\"https:\\\/\\\/fjala.info\\\/2009-2015\\\/#website\"},\"primaryImageOfPage\":{\"@id\":\"https:\\\/\\\/fjala.info\\\/2009-2015\\\/shqiperia-be-se-na-futni-edhe-ne-bastarde\\\/#primaryimage\"},\"image\":{\"@id\":\"https:\\\/\\\/fjala.info\\\/2009-2015\\\/shqiperia-be-se-na-futni-edhe-ne-bastarde\\\/#primaryimage\"},\"thumbnailUrl\":\"http:\\\/\\\/www.fjala.info\\\/2012\\\/sali_berisha.jpg\",\"datePublished\":\"2012-08-17T20:46:06+00:00\",\"breadcrumb\":{\"@id\":\"https:\\\/\\\/fjala.info\\\/2009-2015\\\/shqiperia-be-se-na-futni-edhe-ne-bastarde\\\/#breadcrumb\"},\"inLanguage\":\"sq-AL\",\"potentialAction\":[{\"@type\":\"ReadAction\",\"target\":[\"https:\\\/\\\/fjala.info\\\/2009-2015\\\/shqiperia-be-se-na-futni-edhe-ne-bastarde\\\/\"]}]},{\"@type\":\"ImageObject\",\"inLanguage\":\"sq-AL\",\"@id\":\"https:\\\/\\\/fjala.info\\\/2009-2015\\\/shqiperia-be-se-na-futni-edhe-ne-bastarde\\\/#primaryimage\",\"url\":\"http:\\\/\\\/www.fjala.info\\\/2012\\\/sali_berisha.jpg\",\"contentUrl\":\"http:\\\/\\\/www.fjala.info\\\/2012\\\/sali_berisha.jpg\"},{\"@type\":\"BreadcrumbList\",\"@id\":\"https:\\\/\\\/fjala.info\\\/2009-2015\\\/shqiperia-be-se-na-futni-edhe-ne-bastarde\\\/#breadcrumb\",\"itemListElement\":[{\"@type\":\"ListItem\",\"position\":1,\"name\":\"Home\",\"item\":\"https:\\\/\\\/fjala.info\\\/2009-2015\\\/\"},{\"@type\":\"ListItem\",\"position\":2,\"name\":\"\u201cShqip\u00ebria- BE-s\u00eb: Na futni edhe ne, bastard\u00eb!\u201d\"}]},{\"@type\":\"WebSite\",\"@id\":\"https:\\\/\\\/fjala.info\\\/2009-2015\\\/#website\",\"url\":\"https:\\\/\\\/fjala.info\\\/2009-2015\\\/\",\"name\":\"FjALA e LIR\u00cb - Arkivi\",\"description\":\"Arkivi 2009-2015\",\"publisher\":{\"@id\":\"https:\\\/\\\/fjala.info\\\/2009-2015\\\/#organization\"},\"potentialAction\":[{\"@type\":\"SearchAction\",\"target\":{\"@type\":\"EntryPoint\",\"urlTemplate\":\"https:\\\/\\\/fjala.info\\\/2009-2015\\\/?s={search_term_string}\"},\"query-input\":{\"@type\":\"PropertyValueSpecification\",\"valueRequired\":true,\"valueName\":\"search_term_string\"}}],\"inLanguage\":\"sq-AL\"},{\"@type\":\"Organization\",\"@id\":\"https:\\\/\\\/fjala.info\\\/2009-2015\\\/#organization\",\"name\":\"FjALA e LIR\u00cb - Arkivi\",\"url\":\"https:\\\/\\\/fjala.info\\\/2009-2015\\\/\",\"logo\":{\"@type\":\"ImageObject\",\"inLanguage\":\"sq-AL\",\"@id\":\"https:\\\/\\\/fjala.info\\\/2009-2015\\\/#\\\/schema\\\/logo\\\/image\\\/\",\"url\":\"\",\"contentUrl\":\"\",\"caption\":\"FjALA e LIR\u00cb - Arkivi\"},\"image\":{\"@id\":\"https:\\\/\\\/fjala.info\\\/2009-2015\\\/#\\\/schema\\\/logo\\\/image\\\/\"}},{\"@type\":\"Person\",\"@id\":\"https:\\\/\\\/fjala.info\\\/2009-2015\\\/#\\\/schema\\\/person\\\/3aa1163ef05469c496fc94e77611ada2\",\"name\":\"admin\",\"image\":{\"@type\":\"ImageObject\",\"inLanguage\":\"sq-AL\",\"@id\":\"https:\\\/\\\/fjala.info\\\/2009-2015\\\/wp-content\\\/uploads\\\/2012\\\/02\\\/arben_cokaj-120x150.jpg\",\"url\":\"https:\\\/\\\/fjala.info\\\/2009-2015\\\/wp-content\\\/uploads\\\/2012\\\/02\\\/arben_cokaj-120x150.jpg\",\"contentUrl\":\"https:\\\/\\\/fjala.info\\\/2009-2015\\\/wp-content\\\/uploads\\\/2012\\\/02\\\/arben_cokaj-120x150.jpg\",\"caption\":\"admin\"},\"description\":\"Admin, Fjala e Lir\u00eb\",\"sameAs\":[\"https:\\\/\\\/fjala.info\\\/\"],\"url\":\"https:\\\/\\\/fjala.info\\\/2009-2015\\\/author\\\/admin\\\/\"}]}<\/script>\n<!-- \/ Yoast SEO plugin. -->","yoast_head_json":{"title":"\u201cShqip\u00ebria- BE-s\u00eb: Na futni edhe ne, bastard\u00eb!\u201d - FjALA e LIR\u00cb - Arkivi","robots":{"index":"index","follow":"follow","max-snippet":"max-snippet:-1","max-image-preview":"max-image-preview:large","max-video-preview":"max-video-preview:-1"},"canonical":"https:\/\/fjala.info\/2009-2015\/shqiperia-be-se-na-futni-edhe-ne-bastarde\/","og_locale":"sq_AL","og_type":"article","og_title":"\u201cShqip\u00ebria- BE-s\u00eb: Na futni edhe ne, bastard\u00eb!\u201d - FjALA e LIR\u00cb - Arkivi","og_description":"TemA Online, 17 Gusht 2012 Ky \u00ebsht\u00eb titulli interesant q\u00eb mban nj\u00eb artikull i posa\u00e7\u00ebm mbi Shqip\u00ebrin\u00eb, botuar n\u00eb median polake \u201cWyborcza Varsavia\u201d, nga gazetari Witold Szab\u0142owski. \u201cNd\u00ebr t\u00eb gjitha shtetet q\u00eb duan t\u00eb bashkohen me BE, \u2018vendi i shqiponjave\u2019, duket m\u00eb i motivuari. Por tani p\u00ebr tani, shanset p\u00ebr t\u00eb p\u00ebrfituar statusin e kandidatit [&hellip;]","og_url":"https:\/\/fjala.info\/2009-2015\/shqiperia-be-se-na-futni-edhe-ne-bastarde\/","og_site_name":"FjALA e LIR\u00cb - Arkivi","article_published_time":"2012-08-17T20:46:06+00:00","og_image":[{"url":"http:\/\/www.fjala.info\/2012\/sali_berisha.jpg","type":"","width":"","height":""}],"author":"admin","twitter_card":"summary_large_image","twitter_misc":{"Written by":"admin","Est. reading time":"3 minutes"},"schema":{"@context":"https:\/\/schema.org","@graph":[{"@type":"Article","@id":"https:\/\/fjala.info\/2009-2015\/shqiperia-be-se-na-futni-edhe-ne-bastarde\/#article","isPartOf":{"@id":"https:\/\/fjala.info\/2009-2015\/shqiperia-be-se-na-futni-edhe-ne-bastarde\/"},"author":{"name":"admin","@id":"https:\/\/fjala.info\/2009-2015\/#\/schema\/person\/3aa1163ef05469c496fc94e77611ada2"},"headline":"\u201cShqip\u00ebria- BE-s\u00eb: Na futni edhe ne, bastard\u00eb!\u201d","datePublished":"2012-08-17T20:46:06+00:00","mainEntityOfPage":{"@id":"https:\/\/fjala.info\/2009-2015\/shqiperia-be-se-na-futni-edhe-ne-bastarde\/"},"wordCount":676,"commentCount":0,"publisher":{"@id":"https:\/\/fjala.info\/2009-2015\/#organization"},"image":{"@id":"https:\/\/fjala.info\/2009-2015\/shqiperia-be-se-na-futni-edhe-ne-bastarde\/#primaryimage"},"thumbnailUrl":"http:\/\/www.fjala.info\/2012\/sali_berisha.jpg","articleSection":["Artikuj"],"inLanguage":"sq-AL","potentialAction":[{"@type":"CommentAction","name":"Comment","target":["https:\/\/fjala.info\/2009-2015\/shqiperia-be-se-na-futni-edhe-ne-bastarde\/#respond"]}]},{"@type":"WebPage","@id":"https:\/\/fjala.info\/2009-2015\/shqiperia-be-se-na-futni-edhe-ne-bastarde\/","url":"https:\/\/fjala.info\/2009-2015\/shqiperia-be-se-na-futni-edhe-ne-bastarde\/","name":"\u201cShqip\u00ebria- BE-s\u00eb: Na futni edhe ne, bastard\u00eb!\u201d - FjALA e LIR\u00cb - Arkivi","isPartOf":{"@id":"https:\/\/fjala.info\/2009-2015\/#website"},"primaryImageOfPage":{"@id":"https:\/\/fjala.info\/2009-2015\/shqiperia-be-se-na-futni-edhe-ne-bastarde\/#primaryimage"},"image":{"@id":"https:\/\/fjala.info\/2009-2015\/shqiperia-be-se-na-futni-edhe-ne-bastarde\/#primaryimage"},"thumbnailUrl":"http:\/\/www.fjala.info\/2012\/sali_berisha.jpg","datePublished":"2012-08-17T20:46:06+00:00","breadcrumb":{"@id":"https:\/\/fjala.info\/2009-2015\/shqiperia-be-se-na-futni-edhe-ne-bastarde\/#breadcrumb"},"inLanguage":"sq-AL","potentialAction":[{"@type":"ReadAction","target":["https:\/\/fjala.info\/2009-2015\/shqiperia-be-se-na-futni-edhe-ne-bastarde\/"]}]},{"@type":"ImageObject","inLanguage":"sq-AL","@id":"https:\/\/fjala.info\/2009-2015\/shqiperia-be-se-na-futni-edhe-ne-bastarde\/#primaryimage","url":"http:\/\/www.fjala.info\/2012\/sali_berisha.jpg","contentUrl":"http:\/\/www.fjala.info\/2012\/sali_berisha.jpg"},{"@type":"BreadcrumbList","@id":"https:\/\/fjala.info\/2009-2015\/shqiperia-be-se-na-futni-edhe-ne-bastarde\/#breadcrumb","itemListElement":[{"@type":"ListItem","position":1,"name":"Home","item":"https:\/\/fjala.info\/2009-2015\/"},{"@type":"ListItem","position":2,"name":"\u201cShqip\u00ebria- BE-s\u00eb: Na futni edhe ne, bastard\u00eb!\u201d"}]},{"@type":"WebSite","@id":"https:\/\/fjala.info\/2009-2015\/#website","url":"https:\/\/fjala.info\/2009-2015\/","name":"FjALA e LIR\u00cb - Arkivi","description":"Arkivi 2009-2015","publisher":{"@id":"https:\/\/fjala.info\/2009-2015\/#organization"},"potentialAction":[{"@type":"SearchAction","target":{"@type":"EntryPoint","urlTemplate":"https:\/\/fjala.info\/2009-2015\/?s={search_term_string}"},"query-input":{"@type":"PropertyValueSpecification","valueRequired":true,"valueName":"search_term_string"}}],"inLanguage":"sq-AL"},{"@type":"Organization","@id":"https:\/\/fjala.info\/2009-2015\/#organization","name":"FjALA e LIR\u00cb - Arkivi","url":"https:\/\/fjala.info\/2009-2015\/","logo":{"@type":"ImageObject","inLanguage":"sq-AL","@id":"https:\/\/fjala.info\/2009-2015\/#\/schema\/logo\/image\/","url":"","contentUrl":"","caption":"FjALA e LIR\u00cb - Arkivi"},"image":{"@id":"https:\/\/fjala.info\/2009-2015\/#\/schema\/logo\/image\/"}},{"@type":"Person","@id":"https:\/\/fjala.info\/2009-2015\/#\/schema\/person\/3aa1163ef05469c496fc94e77611ada2","name":"admin","image":{"@type":"ImageObject","inLanguage":"sq-AL","@id":"https:\/\/fjala.info\/2009-2015\/wp-content\/uploads\/2012\/02\/arben_cokaj-120x150.jpg","url":"https:\/\/fjala.info\/2009-2015\/wp-content\/uploads\/2012\/02\/arben_cokaj-120x150.jpg","contentUrl":"https:\/\/fjala.info\/2009-2015\/wp-content\/uploads\/2012\/02\/arben_cokaj-120x150.jpg","caption":"admin"},"description":"Admin, Fjala e Lir\u00eb","sameAs":["https:\/\/fjala.info\/"],"url":"https:\/\/fjala.info\/2009-2015\/author\/admin\/"}]}},"_links":{"self":[{"href":"https:\/\/fjala.info\/2009-2015\/wp-json\/wp\/v2\/posts\/4475","targetHints":{"allow":["GET"]}}],"collection":[{"href":"https:\/\/fjala.info\/2009-2015\/wp-json\/wp\/v2\/posts"}],"about":[{"href":"https:\/\/fjala.info\/2009-2015\/wp-json\/wp\/v2\/types\/post"}],"author":[{"embeddable":true,"href":"https:\/\/fjala.info\/2009-2015\/wp-json\/wp\/v2\/users\/1"}],"replies":[{"embeddable":true,"href":"https:\/\/fjala.info\/2009-2015\/wp-json\/wp\/v2\/comments?post=4475"}],"version-history":[{"count":0,"href":"https:\/\/fjala.info\/2009-2015\/wp-json\/wp\/v2\/posts\/4475\/revisions"}],"wp:attachment":[{"href":"https:\/\/fjala.info\/2009-2015\/wp-json\/wp\/v2\/media?parent=4475"}],"wp:term":[{"taxonomy":"category","embeddable":true,"href":"https:\/\/fjala.info\/2009-2015\/wp-json\/wp\/v2\/categories?post=4475"},{"taxonomy":"post_tag","embeddable":true,"href":"https:\/\/fjala.info\/2009-2015\/wp-json\/wp\/v2\/tags?post=4475"}],"curies":[{"name":"wp","href":"https:\/\/api.w.org\/{rel}","templated":true}]}}