{"id":4474,"date":"2010-10-26T22:46:10","date_gmt":"2010-10-26T21:46:10","guid":{"rendered":"http:\/\/fjala.shkoder.net\/?p=4474"},"modified":"2010-10-26T22:46:10","modified_gmt":"2010-10-26T21:46:10","slug":"perse-drejtesia-nuk-trimerohet-dot-prej-presidentit","status":"publish","type":"post","link":"https:\/\/fjala.info\/2009-2015\/perse-drejtesia-nuk-trimerohet-dot-prej-presidentit\/","title":{"rendered":"P\u00ebrse \u201cdrejt\u00ebsia\u201d nuk trim\u00ebrohet dot prej Presidentit !"},"content":{"rendered":"<p><img loading=\"lazy\" decoding=\"async\" src=\"http:\/\/fjala.shkoder.net\/wp-content\/uploads\/2010\/10\/mero_baze1.jpg\" alt=\"\" title=\"Mero Baze\" width=\"149\" height=\"200\" class=\"alignright size-full wp-image-4090\" \/><\/p>\n<p>Nga <strong>Mero Baze<\/strong><\/p>\n<p>P\u00ebr her\u00eb t\u00eb par\u00eb kemi nj\u00eb d\u00ebshmi publike t\u00eb njeriut m\u00eb t\u00eb r\u00ebnd\u00ebsish\u00ebm, q\u00eb ka drejtuar hetimet n\u00eb Prokurorin\u00eb e P\u00ebrgjithshme, mbi m\u00ebnyr\u00ebn se si pushteti ka ndaluar hetimin e ministrave nga prokuroria e p\u00ebrgjithshme. Zamir Shtylla, i cili ka qen\u00eb z\u00ebvend\u00ebsprokurori i P\u00ebrgjithsh\u00ebm i Shqip\u00ebris\u00eb, dhe q\u00eb drejtonte hetimet p\u00ebr tragjedin\u00eb e G\u00ebrdecit, ka d\u00ebshmuar publikisht se largimi i tij nuk ka qen\u00eb as dor\u00ebheqje dhe dor\u00ebzim i tij para presioneve, por dor\u00ebzim i institucionit t\u00eb prokuroris\u00eb para presionit politik t\u00eb Sali Berish\u00ebs. <\/p>\n<p>D\u00ebshmia, edhe pse e vonuar, pason nj\u00eb betej\u00eb t\u00eb t\u00ebr\u00eb publike t\u00eb kryeministrit Berisha kund\u00ebr njeriut m\u00eb t\u00eb r\u00ebnd\u00ebsish\u00ebm, q\u00eb kishte n\u00eb dor\u00eb dosjen e djalit dhe vajz\u00ebs s\u00eb tij. Zamir Shtylla d\u00ebshmoi se sulmet ndaj tij nis\u00ebn kur filloi t\u00eb hetoj\u00eb \u00e7\u00ebshtjen Fazlli\u00e7, i cili \u00ebsht\u00eb maska e bizneseve t\u00eb vajz\u00ebs s\u00eb kryeministrit dhe u thelluan kur i duhej t\u00eb th\u00ebrriste p\u00ebr t\u00eb d\u00ebshmuar n\u00eb prokurori Aldo Bum\u00e7in, p\u00ebr faksin ku i raportohet Shk\u00eblzen Berish\u00ebs p\u00ebr projektin e G\u00ebrdecit. <\/p>\n<p>Kjo \u00ebsht\u00eb nj\u00eb d\u00ebshmi e r\u00ebnd\u00eb, ndoshta m\u00eb e r\u00ebnda q\u00eb nj\u00eb zyrtar i lart\u00eb u prokuroris\u00eb shqiptare ka b\u00ebr\u00eb p\u00ebr m\u00ebnyr\u00ebn se si pushteti politik ka bllokuar hetimet rreth skandaleve t\u00eb tij n\u00eb drejt\u00ebsin\u00eb shqiptare. Gjith\u00e7ka q\u00eb \u00ebsht\u00eb th\u00ebn\u00eb nga Per\u00ebndimi p\u00ebr kultur\u00ebn e mosnd\u00ebshkueshm\u00ebris\u00eb q\u00eb ekziston n\u00eb Shqip\u00ebri, ilustrohet qart\u00eb nga kjo d\u00ebshmi. <\/p>\n<p>Pas k\u00ebsaj ne nuk presim q\u00eb kryeministri Berisha t\u00eb reflektoj\u00eb, pasi ai \u00ebsht\u00eb autor i k\u00ebtij bilanci tragjik t\u00eb nd\u00ebrhyrjes s\u00eb pushtetit n\u00eb drejt\u00ebsi. Por, ne presim q\u00eb Presidenti i Republik\u00ebs me aq fuqi q\u00eb ka, dhe nuk ka pak, t\u00eb reagoj\u00eb konkretisht ndaj k\u00ebsaj d\u00ebshmie.<\/p>\n<p>D\u00ebgjova dje presidentin q\u00eb i b\u00ebri thirrje prokuroris\u00eb q\u00eb t\u00eb reagoj\u00eb dhe t\u00eb hetoj\u00eb politikan\u00ebt, t\u00eb cil\u00ebt po shkojn\u00eb shum\u00eb larg n\u00eb akuza ndaj nj\u00ebri- tjetrit. Kjo \u00ebsht\u00eb nj\u00eb retorik\u00eb e kot\u00eb. Kjo \u00ebsht\u00eb sikur dikujt t\u2019i nxjerr\u00ebsh syt\u00eb dhe t\u2019i thuash lexo, apo dikujt t\u2019i pres\u00ebsh krah\u00ebt dhe t\u2019i thuash puno. Prokuroria e P\u00ebrgjithshme nuk ka nevoj\u00eb t\u2019i tregohet \u00e7far\u00eb duhet t\u00eb b\u00ebj\u00eb. Ajo ka nevoj\u00eb t\u00eb pushoj\u00eb kultura e nd\u00ebshkimit p\u00ebr at\u00eb q\u00eb b\u00ebn. <\/p>\n<p>P\u00ebr \u00e7do prokuror n\u00eb Prokurorin\u00eb e P\u00ebrgjithshme ekziston tani nj\u00eb model publik se \u00e7far\u00eb t\u00eb gjen n\u00ebse vendos t\u00eb hetosh skandale q\u00eb kan\u00eb lidhje me djalin apo vajz\u00ebn e Sali Berish\u00ebs. Shkarkohesh dhe deklarohesh i dor\u00ebhequr! Presidenti Bamir Topi nuk ka nevoj\u00eb t\u00eb inkurajoj\u00eb prokuror\u00ebt t\u00eb hetojn\u00eb politikan\u00ebt, por duhet tu jap\u00eb atyre sigurin\u00eb se do t\u00eb jet\u00eb n\u00eb an\u00ebn e tyre n\u00ebse kur ata t\u00eb prekin djalin apo vajz\u00ebn e kryeministrit, ministrat q\u00eb i ka si djem dhe vajza p\u00ebr pun\u00eb t\u00eb pista apo gjithk\u00ebnd tjet\u00ebr q\u00eb ka pushtet politik, prokuror\u00ebt t\u00eb mos jen\u00eb t\u00eb rrezikuar dhe t\u00eb mos e marrin vesh nga gazeta RD q\u00eb kan\u00eb dh\u00ebn\u00eb dor\u00ebheqje. <\/p>\n<p>Presidenti Topi, dhe sidomos kryeprokurorja Ina Rama, nuk b\u00ebn\u00eb asnj\u00eb gjest p\u00ebr t\u2019i dal\u00eb n\u00eb krah kryehetuesit t\u00eb skandaleve t\u00eb pushtetit dhe ky ka qen\u00eb mesazhi m\u00eb fatal q\u00eb i \u00ebsht\u00eb dh\u00ebn\u00eb drejt\u00ebsis\u00eb shqiptare. Nga njeriu Num\u00ebr Nj\u00eb i hetimit n\u00eb Shqip\u00ebri, ai \u00ebsht\u00eb tani nj\u00eb avokat n\u00eb rrug\u00eb, dhe p\u00ebrballet \u00e7do dit\u00eb me njer\u00ebzit q\u00eb ka hetuar dhe d\u00ebnuar n\u00eb em\u00ebr t\u00eb drejt\u00ebsis\u00eb p\u00ebr t\u00eb mir\u00ebn e k\u00ebtij shteti. <\/p>\n<p>Pas k\u00ebsaj ne do t\u00eb kemi hetime, por kurr\u00eb nd\u00ebshkime p\u00ebr zyrtar\u00ebt, do t\u00eb kemi thirrje n\u00eb prokurori, por kurr\u00eb pranga n\u00eb duar p\u00ebr sekser\u00ebt e qeveris\u00eb dhe kryeministrit, do t\u00eb kemi relativizim t\u00eb luft\u00ebs kund\u00ebr korrupsionit, por kurr\u00eb goditje n\u00eb zem\u00ebr t\u00eb pushtetit. Prokuroria jon\u00eb nuk ka nevoj\u00eb t\u00eb hap\u00eb hetime p\u00ebr \u00e7do artikull t\u00eb gazet\u00ebs Tema apo ndonj\u00eb media tjet\u00ebr q\u00eb merren me investigime. Autoriteti i tyre u rr\u00ebzua pasi iu gjunj\u00ebzuan politik\u00ebs. P\u00ebr t\u00eb d\u00ebshmuar se do t\u00eb ringrihen, ato duhet t\u00eb b\u00ebjn\u00eb t\u00eb anasjell\u00ebn, t\u00eb rib\u00ebjn\u00eb gjeste force kund\u00ebr pushtetit dhe njer\u00ebzve t\u00eb tij, dhe jo kund\u00ebr viktimave t\u00eb luft\u00ebs reciproke kund\u00ebr korrupsionit. <\/p>\n<p>Autoriteti i tyre mund t\u00eb ringrihet n\u00eb at\u00eb m\u00ebnyr\u00eb q\u00eb u rr\u00ebzua dhe duke rithirrur para drejt\u00ebsis\u00eb ata persona p\u00ebr t\u00eb cilat drejt\u00ebsia uli p\u00ebrfundimisht kok\u00ebn n\u00eb k\u00ebt\u00eb vend. K\u00ebtu s\u2019kan\u00eb m\u00eb lidhje as emrat, as epitetet p\u00ebr kryeprokuroren. K\u00ebtu ka nevoj\u00eb p\u00ebr nj\u00eb vullnet p\u00ebr t\u00eb demonstruar muskujt kund\u00ebr gjunj\u00ebzimit t\u00eb drejt\u00ebsis\u00eb nga pushteti politik. Presidenti Bamir Topi s\u2019ka nevoj\u00eb t\u00eb mbaj\u00eb asnj\u00eb fjalim, vet\u00ebm t\u00eb jet\u00eb me gjith\u00eb mjetet ligjore dhe institucionale n\u00eb an\u00ebn e atyre q\u00eb hetojn\u00eb pushtetin. Kryeprokurorja Ina Rama nuk ka nevoj\u00eb t\u00eb na tregoj\u00eb fare sa shum\u00eb pun\u00eb ka Prokuroria. <\/p>\n<p>Le t\u00eb mos b\u00ebj\u00eb asnj\u00eb pun\u00eb, por t\u00eb mos l\u00ebshoj\u00eb kurr\u00eb ata prokuror\u00eb q\u00eb hetojn\u00eb krimin e lidhur me politik\u00ebn. N\u00ebse krijohet kjo klim\u00eb, n\u00ebse rikthehen hetimet p\u00ebr Lul\u00ebzim Bash\u00ebn, Fatmir Mediun, Aldo Bum\u00e7in, Damir Fazlli\u00e7in, dhe gjith\u00eb sekser\u00ebt e familjes n\u00eb pushtet, autoriteti i drejt\u00ebsis\u00eb ringrihet vet\u00eb. \u00c7do gj\u00eb tjet\u00ebr \u00ebsht\u00eb retorik\u00eb dhe vet\u00ebm sa fsheh t\u00eb v\u00ebrtet\u00ebn e hidhur se drejt\u00ebsia po zhytet p\u00ebrdit\u00eb e m\u00eb shum\u00eb mes shal\u00ebve t\u00eb gjata t\u00eb pushtetit.<\/p>\n","protected":false},"excerpt":{"rendered":"<p>Nga Mero Baze P\u00ebr her\u00eb t\u00eb par\u00eb kemi nj\u00eb d\u00ebshmi publike t\u00eb njeriut m\u00eb t\u00eb r\u00ebnd\u00ebsish\u00ebm, q\u00eb ka drejtuar hetimet n\u00eb Prokurorin\u00eb e P\u00ebrgjithshme, mbi m\u00ebnyr\u00ebn se si pushteti ka ndaluar hetimin e ministrave nga prokuroria e p\u00ebrgjithshme. Zamir Shtylla, i cili ka qen\u00eb z\u00ebvend\u00ebsprokurori i P\u00ebrgjithsh\u00ebm i Shqip\u00ebris\u00eb, dhe q\u00eb drejtonte hetimet p\u00ebr tragjedin\u00eb [&hellip;]<\/p>\n","protected":false},"author":1,"featured_media":0,"comment_status":"open","ping_status":"closed","sticky":false,"template":"","format":"standard","meta":{"footnotes":""},"categories":[2],"tags":[],"class_list":{"0":"post-4474","1":"post","2":"type-post","3":"status-publish","4":"format-standard","6":"category-artikuj"},"yoast_head":"<!-- This site is optimized with the Yoast SEO plugin v27.4 - https:\/\/yoast.com\/product\/yoast-seo-wordpress\/ -->\n<title>P\u00ebrse \u201cdrejt\u00ebsia\u201d nuk trim\u00ebrohet dot prej Presidentit ! - FjALA e LIR\u00cb - Arkivi<\/title>\n<meta name=\"robots\" content=\"index, follow, max-snippet:-1, max-image-preview:large, max-video-preview:-1\" \/>\n<link rel=\"canonical\" href=\"https:\/\/fjala.info\/2009-2015\/perse-drejtesia-nuk-trimerohet-dot-prej-presidentit\/\" \/>\n<meta property=\"og:locale\" content=\"sq_AL\" \/>\n<meta property=\"og:type\" content=\"article\" \/>\n<meta property=\"og:title\" content=\"P\u00ebrse \u201cdrejt\u00ebsia\u201d nuk trim\u00ebrohet dot prej Presidentit ! - FjALA e LIR\u00cb - Arkivi\" \/>\n<meta property=\"og:description\" content=\"Nga Mero Baze P\u00ebr her\u00eb t\u00eb par\u00eb kemi nj\u00eb d\u00ebshmi publike t\u00eb njeriut m\u00eb t\u00eb r\u00ebnd\u00ebsish\u00ebm, q\u00eb ka drejtuar hetimet n\u00eb Prokurorin\u00eb e P\u00ebrgjithshme, mbi m\u00ebnyr\u00ebn se si pushteti ka ndaluar hetimin e ministrave nga prokuroria e p\u00ebrgjithshme. Zamir Shtylla, i cili ka qen\u00eb z\u00ebvend\u00ebsprokurori i P\u00ebrgjithsh\u00ebm i Shqip\u00ebris\u00eb, dhe q\u00eb drejtonte hetimet p\u00ebr tragjedin\u00eb [&hellip;]\" \/>\n<meta property=\"og:url\" content=\"https:\/\/fjala.info\/2009-2015\/perse-drejtesia-nuk-trimerohet-dot-prej-presidentit\/\" \/>\n<meta property=\"og:site_name\" content=\"FjALA e LIR\u00cb - Arkivi\" \/>\n<meta property=\"article:published_time\" content=\"2010-10-26T21:46:10+00:00\" \/>\n<meta property=\"og:image\" content=\"http:\/\/fjala.shkoder.net\/wp-content\/uploads\/2010\/10\/mero_baze1.jpg\" \/>\n<meta name=\"author\" content=\"admin\" \/>\n<meta name=\"twitter:card\" content=\"summary_large_image\" \/>\n<meta name=\"twitter:label1\" content=\"Written by\" \/>\n\t<meta name=\"twitter:data1\" content=\"admin\" \/>\n\t<meta name=\"twitter:label2\" content=\"Est. reading time\" \/>\n\t<meta name=\"twitter:data2\" content=\"5 minutes\" \/>\n<script type=\"application\/ld+json\" class=\"yoast-schema-graph\">{\"@context\":\"https:\\\/\\\/schema.org\",\"@graph\":[{\"@type\":\"Article\",\"@id\":\"https:\\\/\\\/fjala.info\\\/2009-2015\\\/perse-drejtesia-nuk-trimerohet-dot-prej-presidentit\\\/#article\",\"isPartOf\":{\"@id\":\"https:\\\/\\\/fjala.info\\\/2009-2015\\\/perse-drejtesia-nuk-trimerohet-dot-prej-presidentit\\\/\"},\"author\":{\"name\":\"admin\",\"@id\":\"https:\\\/\\\/fjala.info\\\/2009-2015\\\/#\\\/schema\\\/person\\\/3aa1163ef05469c496fc94e77611ada2\"},\"headline\":\"P\u00ebrse \u201cdrejt\u00ebsia\u201d nuk trim\u00ebrohet dot prej Presidentit !\",\"datePublished\":\"2010-10-26T21:46:10+00:00\",\"mainEntityOfPage\":{\"@id\":\"https:\\\/\\\/fjala.info\\\/2009-2015\\\/perse-drejtesia-nuk-trimerohet-dot-prej-presidentit\\\/\"},\"wordCount\":990,\"commentCount\":0,\"publisher\":{\"@id\":\"https:\\\/\\\/fjala.info\\\/2009-2015\\\/#organization\"},\"image\":{\"@id\":\"https:\\\/\\\/fjala.info\\\/2009-2015\\\/perse-drejtesia-nuk-trimerohet-dot-prej-presidentit\\\/#primaryimage\"},\"thumbnailUrl\":\"http:\\\/\\\/fjala.shkoder.net\\\/wp-content\\\/uploads\\\/2010\\\/10\\\/mero_baze1.jpg\",\"articleSection\":[\"Artikuj\"],\"inLanguage\":\"sq-AL\",\"potentialAction\":[{\"@type\":\"CommentAction\",\"name\":\"Comment\",\"target\":[\"https:\\\/\\\/fjala.info\\\/2009-2015\\\/perse-drejtesia-nuk-trimerohet-dot-prej-presidentit\\\/#respond\"]}]},{\"@type\":\"WebPage\",\"@id\":\"https:\\\/\\\/fjala.info\\\/2009-2015\\\/perse-drejtesia-nuk-trimerohet-dot-prej-presidentit\\\/\",\"url\":\"https:\\\/\\\/fjala.info\\\/2009-2015\\\/perse-drejtesia-nuk-trimerohet-dot-prej-presidentit\\\/\",\"name\":\"P\u00ebrse \u201cdrejt\u00ebsia\u201d nuk trim\u00ebrohet dot prej Presidentit ! - FjALA e LIR\u00cb - Arkivi\",\"isPartOf\":{\"@id\":\"https:\\\/\\\/fjala.info\\\/2009-2015\\\/#website\"},\"primaryImageOfPage\":{\"@id\":\"https:\\\/\\\/fjala.info\\\/2009-2015\\\/perse-drejtesia-nuk-trimerohet-dot-prej-presidentit\\\/#primaryimage\"},\"image\":{\"@id\":\"https:\\\/\\\/fjala.info\\\/2009-2015\\\/perse-drejtesia-nuk-trimerohet-dot-prej-presidentit\\\/#primaryimage\"},\"thumbnailUrl\":\"http:\\\/\\\/fjala.shkoder.net\\\/wp-content\\\/uploads\\\/2010\\\/10\\\/mero_baze1.jpg\",\"datePublished\":\"2010-10-26T21:46:10+00:00\",\"breadcrumb\":{\"@id\":\"https:\\\/\\\/fjala.info\\\/2009-2015\\\/perse-drejtesia-nuk-trimerohet-dot-prej-presidentit\\\/#breadcrumb\"},\"inLanguage\":\"sq-AL\",\"potentialAction\":[{\"@type\":\"ReadAction\",\"target\":[\"https:\\\/\\\/fjala.info\\\/2009-2015\\\/perse-drejtesia-nuk-trimerohet-dot-prej-presidentit\\\/\"]}]},{\"@type\":\"ImageObject\",\"inLanguage\":\"sq-AL\",\"@id\":\"https:\\\/\\\/fjala.info\\\/2009-2015\\\/perse-drejtesia-nuk-trimerohet-dot-prej-presidentit\\\/#primaryimage\",\"url\":\"http:\\\/\\\/fjala.shkoder.net\\\/wp-content\\\/uploads\\\/2010\\\/10\\\/mero_baze1.jpg\",\"contentUrl\":\"http:\\\/\\\/fjala.shkoder.net\\\/wp-content\\\/uploads\\\/2010\\\/10\\\/mero_baze1.jpg\"},{\"@type\":\"BreadcrumbList\",\"@id\":\"https:\\\/\\\/fjala.info\\\/2009-2015\\\/perse-drejtesia-nuk-trimerohet-dot-prej-presidentit\\\/#breadcrumb\",\"itemListElement\":[{\"@type\":\"ListItem\",\"position\":1,\"name\":\"Home\",\"item\":\"https:\\\/\\\/fjala.info\\\/2009-2015\\\/\"},{\"@type\":\"ListItem\",\"position\":2,\"name\":\"P\u00ebrse \u201cdrejt\u00ebsia\u201d nuk trim\u00ebrohet dot prej Presidentit !\"}]},{\"@type\":\"WebSite\",\"@id\":\"https:\\\/\\\/fjala.info\\\/2009-2015\\\/#website\",\"url\":\"https:\\\/\\\/fjala.info\\\/2009-2015\\\/\",\"name\":\"FjALA e LIR\u00cb - Arkivi\",\"description\":\"Arkivi 2009-2015\",\"publisher\":{\"@id\":\"https:\\\/\\\/fjala.info\\\/2009-2015\\\/#organization\"},\"potentialAction\":[{\"@type\":\"SearchAction\",\"target\":{\"@type\":\"EntryPoint\",\"urlTemplate\":\"https:\\\/\\\/fjala.info\\\/2009-2015\\\/?s={search_term_string}\"},\"query-input\":{\"@type\":\"PropertyValueSpecification\",\"valueRequired\":true,\"valueName\":\"search_term_string\"}}],\"inLanguage\":\"sq-AL\"},{\"@type\":\"Organization\",\"@id\":\"https:\\\/\\\/fjala.info\\\/2009-2015\\\/#organization\",\"name\":\"FjALA e LIR\u00cb - Arkivi\",\"url\":\"https:\\\/\\\/fjala.info\\\/2009-2015\\\/\",\"logo\":{\"@type\":\"ImageObject\",\"inLanguage\":\"sq-AL\",\"@id\":\"https:\\\/\\\/fjala.info\\\/2009-2015\\\/#\\\/schema\\\/logo\\\/image\\\/\",\"url\":\"\",\"contentUrl\":\"\",\"caption\":\"FjALA e LIR\u00cb - Arkivi\"},\"image\":{\"@id\":\"https:\\\/\\\/fjala.info\\\/2009-2015\\\/#\\\/schema\\\/logo\\\/image\\\/\"}},{\"@type\":\"Person\",\"@id\":\"https:\\\/\\\/fjala.info\\\/2009-2015\\\/#\\\/schema\\\/person\\\/3aa1163ef05469c496fc94e77611ada2\",\"name\":\"admin\",\"image\":{\"@type\":\"ImageObject\",\"inLanguage\":\"sq-AL\",\"@id\":\"https:\\\/\\\/fjala.info\\\/2009-2015\\\/wp-content\\\/uploads\\\/2012\\\/02\\\/arben_cokaj-120x150.jpg\",\"url\":\"https:\\\/\\\/fjala.info\\\/2009-2015\\\/wp-content\\\/uploads\\\/2012\\\/02\\\/arben_cokaj-120x150.jpg\",\"contentUrl\":\"https:\\\/\\\/fjala.info\\\/2009-2015\\\/wp-content\\\/uploads\\\/2012\\\/02\\\/arben_cokaj-120x150.jpg\",\"caption\":\"admin\"},\"description\":\"Admin, Fjala e Lir\u00eb\",\"sameAs\":[\"https:\\\/\\\/fjala.info\\\/\"],\"url\":\"https:\\\/\\\/fjala.info\\\/2009-2015\\\/author\\\/admin\\\/\"}]}<\/script>\n<!-- \/ Yoast SEO plugin. -->","yoast_head_json":{"title":"P\u00ebrse \u201cdrejt\u00ebsia\u201d nuk trim\u00ebrohet dot prej Presidentit ! - FjALA e LIR\u00cb - Arkivi","robots":{"index":"index","follow":"follow","max-snippet":"max-snippet:-1","max-image-preview":"max-image-preview:large","max-video-preview":"max-video-preview:-1"},"canonical":"https:\/\/fjala.info\/2009-2015\/perse-drejtesia-nuk-trimerohet-dot-prej-presidentit\/","og_locale":"sq_AL","og_type":"article","og_title":"P\u00ebrse \u201cdrejt\u00ebsia\u201d nuk trim\u00ebrohet dot prej Presidentit ! - FjALA e LIR\u00cb - Arkivi","og_description":"Nga Mero Baze P\u00ebr her\u00eb t\u00eb par\u00eb kemi nj\u00eb d\u00ebshmi publike t\u00eb njeriut m\u00eb t\u00eb r\u00ebnd\u00ebsish\u00ebm, q\u00eb ka drejtuar hetimet n\u00eb Prokurorin\u00eb e P\u00ebrgjithshme, mbi m\u00ebnyr\u00ebn se si pushteti ka ndaluar hetimin e ministrave nga prokuroria e p\u00ebrgjithshme. Zamir Shtylla, i cili ka qen\u00eb z\u00ebvend\u00ebsprokurori i P\u00ebrgjithsh\u00ebm i Shqip\u00ebris\u00eb, dhe q\u00eb drejtonte hetimet p\u00ebr tragjedin\u00eb [&hellip;]","og_url":"https:\/\/fjala.info\/2009-2015\/perse-drejtesia-nuk-trimerohet-dot-prej-presidentit\/","og_site_name":"FjALA e LIR\u00cb - Arkivi","article_published_time":"2010-10-26T21:46:10+00:00","og_image":[{"url":"http:\/\/fjala.shkoder.net\/wp-content\/uploads\/2010\/10\/mero_baze1.jpg","type":"","width":"","height":""}],"author":"admin","twitter_card":"summary_large_image","twitter_misc":{"Written by":"admin","Est. reading time":"5 minutes"},"schema":{"@context":"https:\/\/schema.org","@graph":[{"@type":"Article","@id":"https:\/\/fjala.info\/2009-2015\/perse-drejtesia-nuk-trimerohet-dot-prej-presidentit\/#article","isPartOf":{"@id":"https:\/\/fjala.info\/2009-2015\/perse-drejtesia-nuk-trimerohet-dot-prej-presidentit\/"},"author":{"name":"admin","@id":"https:\/\/fjala.info\/2009-2015\/#\/schema\/person\/3aa1163ef05469c496fc94e77611ada2"},"headline":"P\u00ebrse \u201cdrejt\u00ebsia\u201d nuk trim\u00ebrohet dot prej Presidentit !","datePublished":"2010-10-26T21:46:10+00:00","mainEntityOfPage":{"@id":"https:\/\/fjala.info\/2009-2015\/perse-drejtesia-nuk-trimerohet-dot-prej-presidentit\/"},"wordCount":990,"commentCount":0,"publisher":{"@id":"https:\/\/fjala.info\/2009-2015\/#organization"},"image":{"@id":"https:\/\/fjala.info\/2009-2015\/perse-drejtesia-nuk-trimerohet-dot-prej-presidentit\/#primaryimage"},"thumbnailUrl":"http:\/\/fjala.shkoder.net\/wp-content\/uploads\/2010\/10\/mero_baze1.jpg","articleSection":["Artikuj"],"inLanguage":"sq-AL","potentialAction":[{"@type":"CommentAction","name":"Comment","target":["https:\/\/fjala.info\/2009-2015\/perse-drejtesia-nuk-trimerohet-dot-prej-presidentit\/#respond"]}]},{"@type":"WebPage","@id":"https:\/\/fjala.info\/2009-2015\/perse-drejtesia-nuk-trimerohet-dot-prej-presidentit\/","url":"https:\/\/fjala.info\/2009-2015\/perse-drejtesia-nuk-trimerohet-dot-prej-presidentit\/","name":"P\u00ebrse \u201cdrejt\u00ebsia\u201d nuk trim\u00ebrohet dot prej Presidentit ! - FjALA e LIR\u00cb - Arkivi","isPartOf":{"@id":"https:\/\/fjala.info\/2009-2015\/#website"},"primaryImageOfPage":{"@id":"https:\/\/fjala.info\/2009-2015\/perse-drejtesia-nuk-trimerohet-dot-prej-presidentit\/#primaryimage"},"image":{"@id":"https:\/\/fjala.info\/2009-2015\/perse-drejtesia-nuk-trimerohet-dot-prej-presidentit\/#primaryimage"},"thumbnailUrl":"http:\/\/fjala.shkoder.net\/wp-content\/uploads\/2010\/10\/mero_baze1.jpg","datePublished":"2010-10-26T21:46:10+00:00","breadcrumb":{"@id":"https:\/\/fjala.info\/2009-2015\/perse-drejtesia-nuk-trimerohet-dot-prej-presidentit\/#breadcrumb"},"inLanguage":"sq-AL","potentialAction":[{"@type":"ReadAction","target":["https:\/\/fjala.info\/2009-2015\/perse-drejtesia-nuk-trimerohet-dot-prej-presidentit\/"]}]},{"@type":"ImageObject","inLanguage":"sq-AL","@id":"https:\/\/fjala.info\/2009-2015\/perse-drejtesia-nuk-trimerohet-dot-prej-presidentit\/#primaryimage","url":"http:\/\/fjala.shkoder.net\/wp-content\/uploads\/2010\/10\/mero_baze1.jpg","contentUrl":"http:\/\/fjala.shkoder.net\/wp-content\/uploads\/2010\/10\/mero_baze1.jpg"},{"@type":"BreadcrumbList","@id":"https:\/\/fjala.info\/2009-2015\/perse-drejtesia-nuk-trimerohet-dot-prej-presidentit\/#breadcrumb","itemListElement":[{"@type":"ListItem","position":1,"name":"Home","item":"https:\/\/fjala.info\/2009-2015\/"},{"@type":"ListItem","position":2,"name":"P\u00ebrse \u201cdrejt\u00ebsia\u201d nuk trim\u00ebrohet dot prej Presidentit !"}]},{"@type":"WebSite","@id":"https:\/\/fjala.info\/2009-2015\/#website","url":"https:\/\/fjala.info\/2009-2015\/","name":"FjALA e LIR\u00cb - Arkivi","description":"Arkivi 2009-2015","publisher":{"@id":"https:\/\/fjala.info\/2009-2015\/#organization"},"potentialAction":[{"@type":"SearchAction","target":{"@type":"EntryPoint","urlTemplate":"https:\/\/fjala.info\/2009-2015\/?s={search_term_string}"},"query-input":{"@type":"PropertyValueSpecification","valueRequired":true,"valueName":"search_term_string"}}],"inLanguage":"sq-AL"},{"@type":"Organization","@id":"https:\/\/fjala.info\/2009-2015\/#organization","name":"FjALA e LIR\u00cb - Arkivi","url":"https:\/\/fjala.info\/2009-2015\/","logo":{"@type":"ImageObject","inLanguage":"sq-AL","@id":"https:\/\/fjala.info\/2009-2015\/#\/schema\/logo\/image\/","url":"","contentUrl":"","caption":"FjALA e LIR\u00cb - Arkivi"},"image":{"@id":"https:\/\/fjala.info\/2009-2015\/#\/schema\/logo\/image\/"}},{"@type":"Person","@id":"https:\/\/fjala.info\/2009-2015\/#\/schema\/person\/3aa1163ef05469c496fc94e77611ada2","name":"admin","image":{"@type":"ImageObject","inLanguage":"sq-AL","@id":"https:\/\/fjala.info\/2009-2015\/wp-content\/uploads\/2012\/02\/arben_cokaj-120x150.jpg","url":"https:\/\/fjala.info\/2009-2015\/wp-content\/uploads\/2012\/02\/arben_cokaj-120x150.jpg","contentUrl":"https:\/\/fjala.info\/2009-2015\/wp-content\/uploads\/2012\/02\/arben_cokaj-120x150.jpg","caption":"admin"},"description":"Admin, Fjala e Lir\u00eb","sameAs":["https:\/\/fjala.info\/"],"url":"https:\/\/fjala.info\/2009-2015\/author\/admin\/"}]}},"_links":{"self":[{"href":"https:\/\/fjala.info\/2009-2015\/wp-json\/wp\/v2\/posts\/4474","targetHints":{"allow":["GET"]}}],"collection":[{"href":"https:\/\/fjala.info\/2009-2015\/wp-json\/wp\/v2\/posts"}],"about":[{"href":"https:\/\/fjala.info\/2009-2015\/wp-json\/wp\/v2\/types\/post"}],"author":[{"embeddable":true,"href":"https:\/\/fjala.info\/2009-2015\/wp-json\/wp\/v2\/users\/1"}],"replies":[{"embeddable":true,"href":"https:\/\/fjala.info\/2009-2015\/wp-json\/wp\/v2\/comments?post=4474"}],"version-history":[{"count":0,"href":"https:\/\/fjala.info\/2009-2015\/wp-json\/wp\/v2\/posts\/4474\/revisions"}],"wp:attachment":[{"href":"https:\/\/fjala.info\/2009-2015\/wp-json\/wp\/v2\/media?parent=4474"}],"wp:term":[{"taxonomy":"category","embeddable":true,"href":"https:\/\/fjala.info\/2009-2015\/wp-json\/wp\/v2\/categories?post=4474"},{"taxonomy":"post_tag","embeddable":true,"href":"https:\/\/fjala.info\/2009-2015\/wp-json\/wp\/v2\/tags?post=4474"}],"curies":[{"name":"wp","href":"https:\/\/api.w.org\/{rel}","templated":true}]}}