{"id":4472,"date":"2012-08-17T21:41:16","date_gmt":"2012-08-17T20:41:16","guid":{"rendered":"http:\/\/www.fjala.info\/?p=4472"},"modified":"2012-08-17T21:41:16","modified_gmt":"2012-08-17T20:41:16","slug":"skandal-ekologjik-ne-lure-parku-drejt-shkaterrimit","status":"publish","type":"post","link":"https:\/\/fjala.info\/2009-2015\/skandal-ekologjik-ne-lure-parku-drejt-shkaterrimit\/","title":{"rendered":"Skandal ekologjik n\u00eb Lur\u00eb Parku drejt shkat\u00ebrrimit"},"content":{"rendered":"<p><img decoding=\"async\" class=\"alignright size-thumbnail wp-image-7236\" title=\"Parku i Lur\u00ebs\" src=\"http:\/\/www.fjala.info\/2012\/parku_lure.jpg\" alt=\"\" width=\"300\" \/> <em>FOTO &#8211; Pem\u00ebt e prera e liqeni i ndotur <\/em><\/p>\n<p><em>LURE<\/em> \u2013 Parku Komb\u00ebtar i Lur\u00ebs po shkon drejt shkat\u00ebrrimit. Nuk do t\u00eb mund ta besonit, pasi kjo zon\u00eb normalisht duhet t\u00eb ruhet nga shteti, por fotot e ardhura n\u00eb redaksin\u00eb e Shqiptarja.com d\u00ebshmojn\u00eb krejt t\u00eb kund\u00ebrt\u00ebn.<\/p>\n<p>Bashkorganizuesi i gar\u00ebs \u201cRally Albania\u201d, Edvin Kasimati, denoncoi n\u00eb Shqiptarja.com shkat\u00ebrrimin ekologjik t\u00eb Parkut Komb\u00ebtar t\u00eb Lur\u00ebs. Fotot jan\u00eb realizuar dit\u00ebn e djeshme, nd\u00ebrkoh\u00eb q\u00eb pamjet shfaqin Lur\u00ebn e d\u00ebmtuar, me pem\u00ebt e prera e Liqenin e ndotur.<\/p>\n<p>Parkut Komb\u00ebtar t\u00eb Lur\u00ebs, q\u00eb shquhet p\u00ebr pyllin e tij nga drur\u00eb gjethor\u00eb e halor\u00eb, i ka mbetur vet\u00ebm emri, pasi gjendja aktuale i referohet nj\u00eb vendi t\u00eb shkret\u00eb e t\u00eb shkat\u00ebrruar plot\u00ebsisht.<\/p>\n<p>Mjafton t\u2019i hedh\u00ebsh thjesht nj\u00eb shikim fotove p\u00ebr t\u00eb kuptuar se n\u00eb \u00e7far\u00eb pike \u00ebsht\u00eb d\u00ebmtimi i k\u00ebtij Parku Komb\u00ebtar.<\/p>\n<p>Por nj\u00eb tjet\u00ebr bukuri e k\u00ebsaj zone jan\u00eb edhe liqenet e saj. T\u00eb pakt\u00ebn kjo teori vazhdon t\u00eb mbetet n\u00eb p\u00ebrshkrimet q\u00eb i b\u00ebhen Parkut t\u00eb Lur\u00ebs dhe liqeneve t\u00eb tij.<\/p>\n<p>N\u00eb fakt nuk ka mbetur asgj\u00eb nga zambaku i ujit me lule t\u00eb bardha t\u00eb m\u00ebdha n\u00eb sip\u00ebrfaqe t\u00eb liqenit, ve\u00e7se ndotjes q\u00eb reflektojn\u00eb fotot e realizuara nga Kasimati.<\/p>\n<p>Parku Komb\u00ebtar i Lur\u00ebs shtrihet n\u00eb mal\u00ebsin\u00eb e Lur\u00ebs dhe z\u00eb nj\u00eb sip\u00ebrfaqe prej rreth 1300 ha. Gjithsej n\u00eb k\u00ebt\u00eb zone ndodhen 12 Liqene q\u00eb n\u00eb gjith\u00eb Shqip\u00ebrin\u00eb njihen si, Liqenet e Lur\u00ebs.<\/p>\n<p>(<em>Gre.mShqiptarja.com<\/em>)<\/p>\n","protected":false},"excerpt":{"rendered":"<p>FOTO &#8211; Pem\u00ebt e prera e liqeni i ndotur LURE \u2013 Parku Komb\u00ebtar i Lur\u00ebs po shkon drejt shkat\u00ebrrimit. Nuk do t\u00eb mund ta besonit, pasi kjo zon\u00eb normalisht duhet t\u00eb ruhet nga shteti, por fotot e ardhura n\u00eb redaksin\u00eb e Shqiptarja.com d\u00ebshmojn\u00eb krejt t\u00eb kund\u00ebrt\u00ebn. Bashkorganizuesi i gar\u00ebs \u201cRally Albania\u201d, Edvin Kasimati, denoncoi n\u00eb [&hellip;]<\/p>\n","protected":false},"author":1,"featured_media":0,"comment_status":"open","ping_status":"closed","sticky":false,"template":"","format":"standard","meta":{"footnotes":""},"categories":[2],"tags":[],"class_list":{"0":"post-4472","1":"post","2":"type-post","3":"status-publish","4":"format-standard","6":"category-artikuj"},"yoast_head":"<!-- This site is optimized with the Yoast SEO plugin v27.4 - https:\/\/yoast.com\/product\/yoast-seo-wordpress\/ -->\n<title>Skandal ekologjik n\u00eb Lur\u00eb Parku drejt shkat\u00ebrrimit - FjALA e LIR\u00cb - Arkivi<\/title>\n<meta name=\"robots\" content=\"index, follow, max-snippet:-1, max-image-preview:large, max-video-preview:-1\" \/>\n<link rel=\"canonical\" href=\"https:\/\/fjala.info\/2009-2015\/skandal-ekologjik-ne-lure-parku-drejt-shkaterrimit\/\" \/>\n<meta property=\"og:locale\" content=\"sq_AL\" \/>\n<meta property=\"og:type\" content=\"article\" \/>\n<meta property=\"og:title\" content=\"Skandal ekologjik n\u00eb Lur\u00eb Parku drejt shkat\u00ebrrimit - FjALA e LIR\u00cb - Arkivi\" \/>\n<meta property=\"og:description\" content=\"FOTO &#8211; Pem\u00ebt e prera e liqeni i ndotur LURE \u2013 Parku Komb\u00ebtar i Lur\u00ebs po shkon drejt shkat\u00ebrrimit. Nuk do t\u00eb mund ta besonit, pasi kjo zon\u00eb normalisht duhet t\u00eb ruhet nga shteti, por fotot e ardhura n\u00eb redaksin\u00eb e Shqiptarja.com d\u00ebshmojn\u00eb krejt t\u00eb kund\u00ebrt\u00ebn. Bashkorganizuesi i gar\u00ebs \u201cRally Albania\u201d, Edvin Kasimati, denoncoi n\u00eb [&hellip;]\" \/>\n<meta property=\"og:url\" content=\"https:\/\/fjala.info\/2009-2015\/skandal-ekologjik-ne-lure-parku-drejt-shkaterrimit\/\" \/>\n<meta property=\"og:site_name\" content=\"FjALA e LIR\u00cb - Arkivi\" \/>\n<meta property=\"article:published_time\" content=\"2012-08-17T20:41:16+00:00\" \/>\n<meta property=\"og:image\" content=\"http:\/\/www.fjala.info\/2012\/parku_lure.jpg\" \/>\n<meta name=\"author\" content=\"admin\" \/>\n<meta name=\"twitter:card\" content=\"summary_large_image\" \/>\n<meta name=\"twitter:label1\" content=\"Written by\" \/>\n\t<meta name=\"twitter:data1\" content=\"admin\" \/>\n\t<meta name=\"twitter:label2\" content=\"Est. reading time\" \/>\n\t<meta name=\"twitter:data2\" content=\"1 minute\" \/>\n<script type=\"application\/ld+json\" class=\"yoast-schema-graph\">{\"@context\":\"https:\\\/\\\/schema.org\",\"@graph\":[{\"@type\":\"Article\",\"@id\":\"https:\\\/\\\/fjala.info\\\/2009-2015\\\/skandal-ekologjik-ne-lure-parku-drejt-shkaterrimit\\\/#article\",\"isPartOf\":{\"@id\":\"https:\\\/\\\/fjala.info\\\/2009-2015\\\/skandal-ekologjik-ne-lure-parku-drejt-shkaterrimit\\\/\"},\"author\":{\"name\":\"admin\",\"@id\":\"https:\\\/\\\/fjala.info\\\/2009-2015\\\/#\\\/schema\\\/person\\\/3aa1163ef05469c496fc94e77611ada2\"},\"headline\":\"Skandal ekologjik n\u00eb Lur\u00eb Parku drejt shkat\u00ebrrimit\",\"datePublished\":\"2012-08-17T20:41:16+00:00\",\"mainEntityOfPage\":{\"@id\":\"https:\\\/\\\/fjala.info\\\/2009-2015\\\/skandal-ekologjik-ne-lure-parku-drejt-shkaterrimit\\\/\"},\"wordCount\":285,\"commentCount\":0,\"publisher\":{\"@id\":\"https:\\\/\\\/fjala.info\\\/2009-2015\\\/#organization\"},\"image\":{\"@id\":\"https:\\\/\\\/fjala.info\\\/2009-2015\\\/skandal-ekologjik-ne-lure-parku-drejt-shkaterrimit\\\/#primaryimage\"},\"thumbnailUrl\":\"http:\\\/\\\/www.fjala.info\\\/2012\\\/parku_lure.jpg\",\"articleSection\":[\"Artikuj\"],\"inLanguage\":\"sq-AL\",\"potentialAction\":[{\"@type\":\"CommentAction\",\"name\":\"Comment\",\"target\":[\"https:\\\/\\\/fjala.info\\\/2009-2015\\\/skandal-ekologjik-ne-lure-parku-drejt-shkaterrimit\\\/#respond\"]}]},{\"@type\":\"WebPage\",\"@id\":\"https:\\\/\\\/fjala.info\\\/2009-2015\\\/skandal-ekologjik-ne-lure-parku-drejt-shkaterrimit\\\/\",\"url\":\"https:\\\/\\\/fjala.info\\\/2009-2015\\\/skandal-ekologjik-ne-lure-parku-drejt-shkaterrimit\\\/\",\"name\":\"Skandal ekologjik n\u00eb Lur\u00eb Parku drejt shkat\u00ebrrimit - FjALA e LIR\u00cb - Arkivi\",\"isPartOf\":{\"@id\":\"https:\\\/\\\/fjala.info\\\/2009-2015\\\/#website\"},\"primaryImageOfPage\":{\"@id\":\"https:\\\/\\\/fjala.info\\\/2009-2015\\\/skandal-ekologjik-ne-lure-parku-drejt-shkaterrimit\\\/#primaryimage\"},\"image\":{\"@id\":\"https:\\\/\\\/fjala.info\\\/2009-2015\\\/skandal-ekologjik-ne-lure-parku-drejt-shkaterrimit\\\/#primaryimage\"},\"thumbnailUrl\":\"http:\\\/\\\/www.fjala.info\\\/2012\\\/parku_lure.jpg\",\"datePublished\":\"2012-08-17T20:41:16+00:00\",\"breadcrumb\":{\"@id\":\"https:\\\/\\\/fjala.info\\\/2009-2015\\\/skandal-ekologjik-ne-lure-parku-drejt-shkaterrimit\\\/#breadcrumb\"},\"inLanguage\":\"sq-AL\",\"potentialAction\":[{\"@type\":\"ReadAction\",\"target\":[\"https:\\\/\\\/fjala.info\\\/2009-2015\\\/skandal-ekologjik-ne-lure-parku-drejt-shkaterrimit\\\/\"]}]},{\"@type\":\"ImageObject\",\"inLanguage\":\"sq-AL\",\"@id\":\"https:\\\/\\\/fjala.info\\\/2009-2015\\\/skandal-ekologjik-ne-lure-parku-drejt-shkaterrimit\\\/#primaryimage\",\"url\":\"http:\\\/\\\/www.fjala.info\\\/2012\\\/parku_lure.jpg\",\"contentUrl\":\"http:\\\/\\\/www.fjala.info\\\/2012\\\/parku_lure.jpg\"},{\"@type\":\"BreadcrumbList\",\"@id\":\"https:\\\/\\\/fjala.info\\\/2009-2015\\\/skandal-ekologjik-ne-lure-parku-drejt-shkaterrimit\\\/#breadcrumb\",\"itemListElement\":[{\"@type\":\"ListItem\",\"position\":1,\"name\":\"Home\",\"item\":\"https:\\\/\\\/fjala.info\\\/2009-2015\\\/\"},{\"@type\":\"ListItem\",\"position\":2,\"name\":\"Skandal ekologjik n\u00eb Lur\u00eb Parku drejt shkat\u00ebrrimit\"}]},{\"@type\":\"WebSite\",\"@id\":\"https:\\\/\\\/fjala.info\\\/2009-2015\\\/#website\",\"url\":\"https:\\\/\\\/fjala.info\\\/2009-2015\\\/\",\"name\":\"FjALA e LIR\u00cb - Arkivi\",\"description\":\"Arkivi 2009-2015\",\"publisher\":{\"@id\":\"https:\\\/\\\/fjala.info\\\/2009-2015\\\/#organization\"},\"potentialAction\":[{\"@type\":\"SearchAction\",\"target\":{\"@type\":\"EntryPoint\",\"urlTemplate\":\"https:\\\/\\\/fjala.info\\\/2009-2015\\\/?s={search_term_string}\"},\"query-input\":{\"@type\":\"PropertyValueSpecification\",\"valueRequired\":true,\"valueName\":\"search_term_string\"}}],\"inLanguage\":\"sq-AL\"},{\"@type\":\"Organization\",\"@id\":\"https:\\\/\\\/fjala.info\\\/2009-2015\\\/#organization\",\"name\":\"FjALA e LIR\u00cb - Arkivi\",\"url\":\"https:\\\/\\\/fjala.info\\\/2009-2015\\\/\",\"logo\":{\"@type\":\"ImageObject\",\"inLanguage\":\"sq-AL\",\"@id\":\"https:\\\/\\\/fjala.info\\\/2009-2015\\\/#\\\/schema\\\/logo\\\/image\\\/\",\"url\":\"\",\"contentUrl\":\"\",\"caption\":\"FjALA e LIR\u00cb - Arkivi\"},\"image\":{\"@id\":\"https:\\\/\\\/fjala.info\\\/2009-2015\\\/#\\\/schema\\\/logo\\\/image\\\/\"}},{\"@type\":\"Person\",\"@id\":\"https:\\\/\\\/fjala.info\\\/2009-2015\\\/#\\\/schema\\\/person\\\/3aa1163ef05469c496fc94e77611ada2\",\"name\":\"admin\",\"image\":{\"@type\":\"ImageObject\",\"inLanguage\":\"sq-AL\",\"@id\":\"https:\\\/\\\/fjala.info\\\/2009-2015\\\/wp-content\\\/uploads\\\/2012\\\/02\\\/arben_cokaj-120x150.jpg\",\"url\":\"https:\\\/\\\/fjala.info\\\/2009-2015\\\/wp-content\\\/uploads\\\/2012\\\/02\\\/arben_cokaj-120x150.jpg\",\"contentUrl\":\"https:\\\/\\\/fjala.info\\\/2009-2015\\\/wp-content\\\/uploads\\\/2012\\\/02\\\/arben_cokaj-120x150.jpg\",\"caption\":\"admin\"},\"description\":\"Admin, Fjala e Lir\u00eb\",\"sameAs\":[\"https:\\\/\\\/fjala.info\\\/\"],\"url\":\"https:\\\/\\\/fjala.info\\\/2009-2015\\\/author\\\/admin\\\/\"}]}<\/script>\n<!-- \/ Yoast SEO plugin. -->","yoast_head_json":{"title":"Skandal ekologjik n\u00eb Lur\u00eb Parku drejt shkat\u00ebrrimit - FjALA e LIR\u00cb - Arkivi","robots":{"index":"index","follow":"follow","max-snippet":"max-snippet:-1","max-image-preview":"max-image-preview:large","max-video-preview":"max-video-preview:-1"},"canonical":"https:\/\/fjala.info\/2009-2015\/skandal-ekologjik-ne-lure-parku-drejt-shkaterrimit\/","og_locale":"sq_AL","og_type":"article","og_title":"Skandal ekologjik n\u00eb Lur\u00eb Parku drejt shkat\u00ebrrimit - FjALA e LIR\u00cb - Arkivi","og_description":"FOTO &#8211; Pem\u00ebt e prera e liqeni i ndotur LURE \u2013 Parku Komb\u00ebtar i Lur\u00ebs po shkon drejt shkat\u00ebrrimit. Nuk do t\u00eb mund ta besonit, pasi kjo zon\u00eb normalisht duhet t\u00eb ruhet nga shteti, por fotot e ardhura n\u00eb redaksin\u00eb e Shqiptarja.com d\u00ebshmojn\u00eb krejt t\u00eb kund\u00ebrt\u00ebn. Bashkorganizuesi i gar\u00ebs \u201cRally Albania\u201d, Edvin Kasimati, denoncoi n\u00eb [&hellip;]","og_url":"https:\/\/fjala.info\/2009-2015\/skandal-ekologjik-ne-lure-parku-drejt-shkaterrimit\/","og_site_name":"FjALA e LIR\u00cb - Arkivi","article_published_time":"2012-08-17T20:41:16+00:00","og_image":[{"url":"http:\/\/www.fjala.info\/2012\/parku_lure.jpg","type":"","width":"","height":""}],"author":"admin","twitter_card":"summary_large_image","twitter_misc":{"Written by":"admin","Est. reading time":"1 minute"},"schema":{"@context":"https:\/\/schema.org","@graph":[{"@type":"Article","@id":"https:\/\/fjala.info\/2009-2015\/skandal-ekologjik-ne-lure-parku-drejt-shkaterrimit\/#article","isPartOf":{"@id":"https:\/\/fjala.info\/2009-2015\/skandal-ekologjik-ne-lure-parku-drejt-shkaterrimit\/"},"author":{"name":"admin","@id":"https:\/\/fjala.info\/2009-2015\/#\/schema\/person\/3aa1163ef05469c496fc94e77611ada2"},"headline":"Skandal ekologjik n\u00eb Lur\u00eb Parku drejt shkat\u00ebrrimit","datePublished":"2012-08-17T20:41:16+00:00","mainEntityOfPage":{"@id":"https:\/\/fjala.info\/2009-2015\/skandal-ekologjik-ne-lure-parku-drejt-shkaterrimit\/"},"wordCount":285,"commentCount":0,"publisher":{"@id":"https:\/\/fjala.info\/2009-2015\/#organization"},"image":{"@id":"https:\/\/fjala.info\/2009-2015\/skandal-ekologjik-ne-lure-parku-drejt-shkaterrimit\/#primaryimage"},"thumbnailUrl":"http:\/\/www.fjala.info\/2012\/parku_lure.jpg","articleSection":["Artikuj"],"inLanguage":"sq-AL","potentialAction":[{"@type":"CommentAction","name":"Comment","target":["https:\/\/fjala.info\/2009-2015\/skandal-ekologjik-ne-lure-parku-drejt-shkaterrimit\/#respond"]}]},{"@type":"WebPage","@id":"https:\/\/fjala.info\/2009-2015\/skandal-ekologjik-ne-lure-parku-drejt-shkaterrimit\/","url":"https:\/\/fjala.info\/2009-2015\/skandal-ekologjik-ne-lure-parku-drejt-shkaterrimit\/","name":"Skandal ekologjik n\u00eb Lur\u00eb Parku drejt shkat\u00ebrrimit - FjALA e LIR\u00cb - Arkivi","isPartOf":{"@id":"https:\/\/fjala.info\/2009-2015\/#website"},"primaryImageOfPage":{"@id":"https:\/\/fjala.info\/2009-2015\/skandal-ekologjik-ne-lure-parku-drejt-shkaterrimit\/#primaryimage"},"image":{"@id":"https:\/\/fjala.info\/2009-2015\/skandal-ekologjik-ne-lure-parku-drejt-shkaterrimit\/#primaryimage"},"thumbnailUrl":"http:\/\/www.fjala.info\/2012\/parku_lure.jpg","datePublished":"2012-08-17T20:41:16+00:00","breadcrumb":{"@id":"https:\/\/fjala.info\/2009-2015\/skandal-ekologjik-ne-lure-parku-drejt-shkaterrimit\/#breadcrumb"},"inLanguage":"sq-AL","potentialAction":[{"@type":"ReadAction","target":["https:\/\/fjala.info\/2009-2015\/skandal-ekologjik-ne-lure-parku-drejt-shkaterrimit\/"]}]},{"@type":"ImageObject","inLanguage":"sq-AL","@id":"https:\/\/fjala.info\/2009-2015\/skandal-ekologjik-ne-lure-parku-drejt-shkaterrimit\/#primaryimage","url":"http:\/\/www.fjala.info\/2012\/parku_lure.jpg","contentUrl":"http:\/\/www.fjala.info\/2012\/parku_lure.jpg"},{"@type":"BreadcrumbList","@id":"https:\/\/fjala.info\/2009-2015\/skandal-ekologjik-ne-lure-parku-drejt-shkaterrimit\/#breadcrumb","itemListElement":[{"@type":"ListItem","position":1,"name":"Home","item":"https:\/\/fjala.info\/2009-2015\/"},{"@type":"ListItem","position":2,"name":"Skandal ekologjik n\u00eb Lur\u00eb Parku drejt shkat\u00ebrrimit"}]},{"@type":"WebSite","@id":"https:\/\/fjala.info\/2009-2015\/#website","url":"https:\/\/fjala.info\/2009-2015\/","name":"FjALA e LIR\u00cb - Arkivi","description":"Arkivi 2009-2015","publisher":{"@id":"https:\/\/fjala.info\/2009-2015\/#organization"},"potentialAction":[{"@type":"SearchAction","target":{"@type":"EntryPoint","urlTemplate":"https:\/\/fjala.info\/2009-2015\/?s={search_term_string}"},"query-input":{"@type":"PropertyValueSpecification","valueRequired":true,"valueName":"search_term_string"}}],"inLanguage":"sq-AL"},{"@type":"Organization","@id":"https:\/\/fjala.info\/2009-2015\/#organization","name":"FjALA e LIR\u00cb - Arkivi","url":"https:\/\/fjala.info\/2009-2015\/","logo":{"@type":"ImageObject","inLanguage":"sq-AL","@id":"https:\/\/fjala.info\/2009-2015\/#\/schema\/logo\/image\/","url":"","contentUrl":"","caption":"FjALA e LIR\u00cb - Arkivi"},"image":{"@id":"https:\/\/fjala.info\/2009-2015\/#\/schema\/logo\/image\/"}},{"@type":"Person","@id":"https:\/\/fjala.info\/2009-2015\/#\/schema\/person\/3aa1163ef05469c496fc94e77611ada2","name":"admin","image":{"@type":"ImageObject","inLanguage":"sq-AL","@id":"https:\/\/fjala.info\/2009-2015\/wp-content\/uploads\/2012\/02\/arben_cokaj-120x150.jpg","url":"https:\/\/fjala.info\/2009-2015\/wp-content\/uploads\/2012\/02\/arben_cokaj-120x150.jpg","contentUrl":"https:\/\/fjala.info\/2009-2015\/wp-content\/uploads\/2012\/02\/arben_cokaj-120x150.jpg","caption":"admin"},"description":"Admin, Fjala e Lir\u00eb","sameAs":["https:\/\/fjala.info\/"],"url":"https:\/\/fjala.info\/2009-2015\/author\/admin\/"}]}},"_links":{"self":[{"href":"https:\/\/fjala.info\/2009-2015\/wp-json\/wp\/v2\/posts\/4472","targetHints":{"allow":["GET"]}}],"collection":[{"href":"https:\/\/fjala.info\/2009-2015\/wp-json\/wp\/v2\/posts"}],"about":[{"href":"https:\/\/fjala.info\/2009-2015\/wp-json\/wp\/v2\/types\/post"}],"author":[{"embeddable":true,"href":"https:\/\/fjala.info\/2009-2015\/wp-json\/wp\/v2\/users\/1"}],"replies":[{"embeddable":true,"href":"https:\/\/fjala.info\/2009-2015\/wp-json\/wp\/v2\/comments?post=4472"}],"version-history":[{"count":0,"href":"https:\/\/fjala.info\/2009-2015\/wp-json\/wp\/v2\/posts\/4472\/revisions"}],"wp:attachment":[{"href":"https:\/\/fjala.info\/2009-2015\/wp-json\/wp\/v2\/media?parent=4472"}],"wp:term":[{"taxonomy":"category","embeddable":true,"href":"https:\/\/fjala.info\/2009-2015\/wp-json\/wp\/v2\/categories?post=4472"},{"taxonomy":"post_tag","embeddable":true,"href":"https:\/\/fjala.info\/2009-2015\/wp-json\/wp\/v2\/tags?post=4472"}],"curies":[{"name":"wp","href":"https:\/\/api.w.org\/{rel}","templated":true}]}}