{"id":4471,"date":"2010-10-26T22:44:03","date_gmt":"2010-10-26T21:44:03","guid":{"rendered":"http:\/\/fjala.shkoder.net\/?p=4471"},"modified":"2010-10-26T22:44:03","modified_gmt":"2010-10-26T21:44:03","slug":"ulaj-njeriu-i-berishes-3-ore-ne-prokurori-per-ndertimet-te-liqeni","status":"publish","type":"post","link":"https:\/\/fjala.info\/2009-2015\/ulaj-njeriu-i-berishes-3-ore-ne-prokurori-per-ndertimet-te-liqeni\/","title":{"rendered":"Ulaj, njeriu i Berish\u00ebs, 3 or\u00eb n\u00eb Prokurori p\u00ebr nd\u00ebrtimet te Liqeni"},"content":{"rendered":"<p><img loading=\"lazy\" decoding=\"async\" src=\"http:\/\/fjala.shkoder.net\/wp-content\/uploads\/2010\/10\/berisha_ulaj-245x300.jpg\" alt=\"\" title=\"Berisha dhe Ulaj\" width=\"245\" height=\"300\" class=\"alignright size-medium wp-image-4472\" \/><\/p>\n<p>Nga <strong>Tema<\/strong><\/p>\n<p>Biznesmeni Bashkim Ulaj, njeri i af\u00ebrt i kryeministrit Sali Berisha, ka d\u00ebshmuar p\u00ebr rreth tre or\u00eb n\u00eb prokurori n\u00eb lidhje me nd\u00ebrtimet tek Liqeni Artificial i Tiran\u00ebs. Ulaj ka d\u00ebshmuar pas akuzave t\u00eb ngritura nga pal\u00ebt n\u00eb politik\u00eb p\u00ebr pron\u00ebsin\u00eb n\u00eb k\u00ebto nd\u00ebrtime. Kryeministri Sali Berisha e ka p\u00ebrdorur si kart\u00eb t\u00eb betej\u00ebs ndaj kryebashkiakut Rama k\u00ebt\u00eb \u00e7\u00ebshtje. Megjithat\u00eb, hetimet tregojn\u00eb krejt t\u00eb kund\u00ebrt\u00ebn e deklaratave publike t\u00eb Berish\u00ebs. <\/p>\n<p>P\u00ebrfundimi i par\u00eb q\u00eb del nga hetimet \u00ebsht\u00eb se biznesmeni m\u00eb i r\u00ebnd\u00ebsish\u00ebm, n\u00ebn ndikimin e t\u00eb cilit \u00ebsht\u00eb hartuar dhe miratuar nga KRRTSH, e drejtuar nga Sali Berisha, destinacioni i nd\u00ebrtimeve n\u00eb Zon\u00ebn e Liqenit Artificial, \u00ebsht\u00eb Bashkim Ulaj, nj\u00eb njeri i af\u00ebrt i familjes Berisha.<\/p>\n<p>Bashkim Ulaj, sipas hetimeve t\u00eb prokuroris\u00eb, \u00ebsht\u00eb investitori m\u00eb i madh n\u00eb at\u00eb zon\u00eb me rreth me rreth 90 mij\u00eb metra katror, i ndjekur nga Besnik Sula me po af\u00ebrsisht kaq sip\u00ebrfaqe, t\u00eb kontraktuara paraprakisht me pronar\u00ebt e zon\u00ebs.<\/p>\n<p>Pik\u00ebrisht n\u00eb zon\u00ebn ku Ulaj ka kontraktuar tok\u00ebn, Berisha ka miratuar dhe kullat m\u00eb t\u00eb larta p\u00ebr nd\u00ebrtim. P\u00ebrve\u00e7 k\u00ebtyre dy blloqeve, sipas hetimeve t\u00eb prokuroris\u00eb, rezulton dhe nj\u00eb sip\u00ebrfaqe rreth 11 mij\u00eb metra katror, pra sa nj\u00eb e 20-ta e k\u00ebsaj sip\u00ebrfaqe ku partneri i Vokshit, Rrahman Selmanllari dhe tri investitor\u00eb t\u00eb tjer\u00eb, p\u00ebrfshi dhe Dritan Avllain, kan\u00eb bashkuar kontratat me pronar\u00ebt. Por, n\u00eb k\u00ebt\u00eb mikrosip\u00ebrfaqe, n\u00eb raport me sip\u00ebrfaqet gjigante t\u00eb investitorit t\u00eb familjes Berisha, nuk jan\u00eb parashikuar kulla, por nj\u00eb hotel i ul\u00ebt.<\/p>\n<p>Prokuroria po ashtu ka siguruar d\u00ebshmit\u00eb e Selmanllarit dhe Tartarit, t\u00eb cil\u00ebt kan\u00eb deklaruar se \u00e7do gj\u00eb e kan\u00eb b\u00ebr\u00eb me vullnet t\u00eb lir\u00eb n\u00eb k\u00ebt\u00eb sip\u00ebrfaqe t\u00eb vog\u00ebl, q\u00eb kan\u00eb n\u00eb raport me dy biznesmen\u00ebt e m\u00ebdhenj, \u00e7ka bie ndesh me deklarata publike t\u00eb Berish\u00ebs n\u00eb em\u00ebr t\u00eb Selmanllarit se p\u00ebr ato 12 mij\u00eb metra katror jan\u00eb dashur t\u00eb falin 20 p\u00ebr qind t\u00eb tok\u00ebs. <\/p>\n<p>Hetimi i prokuroris\u00eb nuk gjen vep\u00ebr penale n\u00eb gjith\u00eb \u00e7far\u00eb ka ndodhur, p\u00ebrve\u00e7se zbulon se pjes\u00ebn e luanit n\u00eb gjith\u00eb k\u00ebt\u00eb histori e ka njeriu m\u00eb i af\u00ebrt i familjes Berisha n\u00eb biznes.<\/p>\n<p>Vet\u00eb kryeministri Berisha, pasi sulmoi Ram\u00ebn p\u00ebr k\u00ebt\u00eb projekt, dy dit\u00eb m\u00eb par\u00eb tha se do t\u00eb t\u00ebrhiqej, dhe nuk do kishte nd\u00ebrtime 35 kat\u00ebshe tek Liqeni. Edhe pse e ka miratuar vet\u00eb k\u00ebt\u00eb projekt, Berisha e ka paraqitur si nj\u00eb projekt kriminal t\u00eb Bashkis\u00eb s\u00eb Tiran\u00ebs. <\/p>\n<p>Gjithashtu gazeta Tema ka denoncuar dhe nj\u00eb afer\u00eb tjet\u00ebr t\u00eb Bashkim Ulajt, q\u00eb ka falsifikuar firmat e pronar\u00ebve t\u00eb nj\u00eb trualli. <\/p>\n<p>Ulaj \u00ebsht\u00eb nj\u00eb biznesmen me origjin\u00eb nga fshati Vuthaj, p\u00ebrtej kufijve shtet\u00ebrore t\u00eb Shqip\u00ebris\u00eb n\u00eb Mal t\u00eb Zi, fshat nga i cili \u00ebsht\u00eb dhe gruaja e kryeministrit Sali Berisha. Familja e tij \u00ebsht\u00eb vendosur n\u00eb La\u00e7 n\u00eb vitet gjasht\u00ebdhjet\u00eb. Si biznesmen ai \u00ebsht\u00eb ofruar p\u00ebr nd\u00ebrtime n\u00eb Tiran\u00eb pas vitit 1997 kur bashkia drejtohej nga Albert Bokaj, por ka vazhduar nd\u00ebrtimet dhe pasi n\u00eb pushtet ka ardhur Edi Rama. Ky i fundit e ka favorizuar at\u00eb me leje n\u00eb disa pika ky\u00e7e t\u00eb Tiran\u00ebs si\u00e7 \u00ebsht\u00eb zona rreth Radiotelevizionit Shtet\u00ebror. N\u00eb vitin 2004, Bashkim Ulaj i ka dh\u00ebn\u00eb familjes Berisha tri apartamente t\u00eb deklaruara me \u00e7mime simbolike, n\u00eb nj\u00eb prej t\u00eb cil\u00ebve banon sot ende familja kryeministrore, nd\u00ebrsa dy t\u00eb tjer\u00ebt jan\u00eb n\u00eb dispozicion t\u00eb f\u00ebmij\u00ebve.<\/p>\n<p>Me ardhjen e Berish\u00ebs n\u00eb pushtet, Ulaj ka zhvilluar duksh\u00ebm bizneset e tij duke p\u00ebrfituar dy licenca fabrika \u00e7imentosh, miliona euro tendera n\u00eb KESH dhe prej vitit 2007, nga nj\u00eb kompani anonime, \u00ebsht\u00eb b\u00ebr\u00eb kompani lider n\u00eb nd\u00ebrtimin e rrug\u00ebve, duke fituar \u00e7do gar\u00eb ku futet. Ministri i Transportit Sokol Olldashi, p\u00ebr koincidence po ashtu ka pas bler\u00eb apartament n\u00eb pallatet e tij para se t\u00eb b\u00ebhej minist\u00ebr, nd\u00ebrsa shum\u00eb figura t\u00eb pushtetit shihen n\u00ebn shoq\u00ebrimin e tij n\u00eb pushime jasht\u00eb Shqip\u00ebris\u00eb, n\u00eb Spanj\u00eb dhe Itali. \u00cbsht\u00eb interesant fakti se Ulaj megjith\u00ebse \u00ebsht\u00eb p\u00ebrfituesi kryesor i fondeve publike nga qeveria Berisha dhe i lidhur ngusht\u00eb me familjen, \u00ebsht\u00eb dhe i pasulmuar nga opozita, \u00e7ka tregon ndikimin e lidhjeve klienteliste t\u00eb tij mbi liderin e opozit\u00ebs.<\/p>\n","protected":false},"excerpt":{"rendered":"<p>Nga Tema Biznesmeni Bashkim Ulaj, njeri i af\u00ebrt i kryeministrit Sali Berisha, ka d\u00ebshmuar p\u00ebr rreth tre or\u00eb n\u00eb prokurori n\u00eb lidhje me nd\u00ebrtimet tek Liqeni Artificial i Tiran\u00ebs. Ulaj ka d\u00ebshmuar pas akuzave t\u00eb ngritura nga pal\u00ebt n\u00eb politik\u00eb p\u00ebr pron\u00ebsin\u00eb n\u00eb k\u00ebto nd\u00ebrtime. Kryeministri Sali Berisha e ka p\u00ebrdorur si kart\u00eb t\u00eb betej\u00ebs [&hellip;]<\/p>\n","protected":false},"author":1,"featured_media":0,"comment_status":"open","ping_status":"closed","sticky":false,"template":"","format":"standard","meta":{"footnotes":""},"categories":[2],"tags":[],"class_list":{"0":"post-4471","1":"post","2":"type-post","3":"status-publish","4":"format-standard","6":"category-artikuj"},"yoast_head":"<!-- This site is optimized with the Yoast SEO plugin v27.4 - https:\/\/yoast.com\/product\/yoast-seo-wordpress\/ -->\n<title>Ulaj, njeriu i Berish\u00ebs, 3 or\u00eb n\u00eb Prokurori p\u00ebr nd\u00ebrtimet te Liqeni - FjALA e LIR\u00cb - Arkivi<\/title>\n<meta name=\"robots\" content=\"index, follow, max-snippet:-1, max-image-preview:large, max-video-preview:-1\" \/>\n<link rel=\"canonical\" href=\"https:\/\/fjala.info\/2009-2015\/ulaj-njeriu-i-berishes-3-ore-ne-prokurori-per-ndertimet-te-liqeni\/\" \/>\n<meta property=\"og:locale\" content=\"sq_AL\" \/>\n<meta property=\"og:type\" content=\"article\" \/>\n<meta property=\"og:title\" content=\"Ulaj, njeriu i Berish\u00ebs, 3 or\u00eb n\u00eb Prokurori p\u00ebr nd\u00ebrtimet te Liqeni - FjALA e LIR\u00cb - Arkivi\" \/>\n<meta property=\"og:description\" content=\"Nga Tema Biznesmeni Bashkim Ulaj, njeri i af\u00ebrt i kryeministrit Sali Berisha, ka d\u00ebshmuar p\u00ebr rreth tre or\u00eb n\u00eb prokurori n\u00eb lidhje me nd\u00ebrtimet tek Liqeni Artificial i Tiran\u00ebs. Ulaj ka d\u00ebshmuar pas akuzave t\u00eb ngritura nga pal\u00ebt n\u00eb politik\u00eb p\u00ebr pron\u00ebsin\u00eb n\u00eb k\u00ebto nd\u00ebrtime. Kryeministri Sali Berisha e ka p\u00ebrdorur si kart\u00eb t\u00eb betej\u00ebs [&hellip;]\" \/>\n<meta property=\"og:url\" content=\"https:\/\/fjala.info\/2009-2015\/ulaj-njeriu-i-berishes-3-ore-ne-prokurori-per-ndertimet-te-liqeni\/\" \/>\n<meta property=\"og:site_name\" content=\"FjALA e LIR\u00cb - Arkivi\" \/>\n<meta property=\"article:published_time\" content=\"2010-10-26T21:44:03+00:00\" \/>\n<meta property=\"og:image\" content=\"http:\/\/fjala.shkoder.net\/wp-content\/uploads\/2010\/10\/berisha_ulaj-245x300.jpg\" \/>\n<meta name=\"author\" content=\"admin\" \/>\n<meta name=\"twitter:card\" content=\"summary_large_image\" \/>\n<meta name=\"twitter:label1\" content=\"Written by\" \/>\n\t<meta name=\"twitter:data1\" content=\"admin\" \/>\n\t<meta name=\"twitter:label2\" content=\"Est. reading time\" \/>\n\t<meta name=\"twitter:data2\" content=\"4 minutes\" \/>\n<script type=\"application\/ld+json\" class=\"yoast-schema-graph\">{\"@context\":\"https:\\\/\\\/schema.org\",\"@graph\":[{\"@type\":\"Article\",\"@id\":\"https:\\\/\\\/fjala.info\\\/2009-2015\\\/ulaj-njeriu-i-berishes-3-ore-ne-prokurori-per-ndertimet-te-liqeni\\\/#article\",\"isPartOf\":{\"@id\":\"https:\\\/\\\/fjala.info\\\/2009-2015\\\/ulaj-njeriu-i-berishes-3-ore-ne-prokurori-per-ndertimet-te-liqeni\\\/\"},\"author\":{\"name\":\"admin\",\"@id\":\"https:\\\/\\\/fjala.info\\\/2009-2015\\\/#\\\/schema\\\/person\\\/3aa1163ef05469c496fc94e77611ada2\"},\"headline\":\"Ulaj, njeriu i Berish\u00ebs, 3 or\u00eb n\u00eb Prokurori p\u00ebr nd\u00ebrtimet te Liqeni\",\"datePublished\":\"2010-10-26T21:44:03+00:00\",\"mainEntityOfPage\":{\"@id\":\"https:\\\/\\\/fjala.info\\\/2009-2015\\\/ulaj-njeriu-i-berishes-3-ore-ne-prokurori-per-ndertimet-te-liqeni\\\/\"},\"wordCount\":773,\"commentCount\":0,\"publisher\":{\"@id\":\"https:\\\/\\\/fjala.info\\\/2009-2015\\\/#organization\"},\"image\":{\"@id\":\"https:\\\/\\\/fjala.info\\\/2009-2015\\\/ulaj-njeriu-i-berishes-3-ore-ne-prokurori-per-ndertimet-te-liqeni\\\/#primaryimage\"},\"thumbnailUrl\":\"http:\\\/\\\/fjala.shkoder.net\\\/wp-content\\\/uploads\\\/2010\\\/10\\\/berisha_ulaj-245x300.jpg\",\"articleSection\":[\"Artikuj\"],\"inLanguage\":\"sq-AL\",\"potentialAction\":[{\"@type\":\"CommentAction\",\"name\":\"Comment\",\"target\":[\"https:\\\/\\\/fjala.info\\\/2009-2015\\\/ulaj-njeriu-i-berishes-3-ore-ne-prokurori-per-ndertimet-te-liqeni\\\/#respond\"]}]},{\"@type\":\"WebPage\",\"@id\":\"https:\\\/\\\/fjala.info\\\/2009-2015\\\/ulaj-njeriu-i-berishes-3-ore-ne-prokurori-per-ndertimet-te-liqeni\\\/\",\"url\":\"https:\\\/\\\/fjala.info\\\/2009-2015\\\/ulaj-njeriu-i-berishes-3-ore-ne-prokurori-per-ndertimet-te-liqeni\\\/\",\"name\":\"Ulaj, njeriu i Berish\u00ebs, 3 or\u00eb n\u00eb Prokurori p\u00ebr nd\u00ebrtimet te Liqeni - FjALA e LIR\u00cb - Arkivi\",\"isPartOf\":{\"@id\":\"https:\\\/\\\/fjala.info\\\/2009-2015\\\/#website\"},\"primaryImageOfPage\":{\"@id\":\"https:\\\/\\\/fjala.info\\\/2009-2015\\\/ulaj-njeriu-i-berishes-3-ore-ne-prokurori-per-ndertimet-te-liqeni\\\/#primaryimage\"},\"image\":{\"@id\":\"https:\\\/\\\/fjala.info\\\/2009-2015\\\/ulaj-njeriu-i-berishes-3-ore-ne-prokurori-per-ndertimet-te-liqeni\\\/#primaryimage\"},\"thumbnailUrl\":\"http:\\\/\\\/fjala.shkoder.net\\\/wp-content\\\/uploads\\\/2010\\\/10\\\/berisha_ulaj-245x300.jpg\",\"datePublished\":\"2010-10-26T21:44:03+00:00\",\"breadcrumb\":{\"@id\":\"https:\\\/\\\/fjala.info\\\/2009-2015\\\/ulaj-njeriu-i-berishes-3-ore-ne-prokurori-per-ndertimet-te-liqeni\\\/#breadcrumb\"},\"inLanguage\":\"sq-AL\",\"potentialAction\":[{\"@type\":\"ReadAction\",\"target\":[\"https:\\\/\\\/fjala.info\\\/2009-2015\\\/ulaj-njeriu-i-berishes-3-ore-ne-prokurori-per-ndertimet-te-liqeni\\\/\"]}]},{\"@type\":\"ImageObject\",\"inLanguage\":\"sq-AL\",\"@id\":\"https:\\\/\\\/fjala.info\\\/2009-2015\\\/ulaj-njeriu-i-berishes-3-ore-ne-prokurori-per-ndertimet-te-liqeni\\\/#primaryimage\",\"url\":\"http:\\\/\\\/fjala.shkoder.net\\\/wp-content\\\/uploads\\\/2010\\\/10\\\/berisha_ulaj-245x300.jpg\",\"contentUrl\":\"http:\\\/\\\/fjala.shkoder.net\\\/wp-content\\\/uploads\\\/2010\\\/10\\\/berisha_ulaj-245x300.jpg\"},{\"@type\":\"BreadcrumbList\",\"@id\":\"https:\\\/\\\/fjala.info\\\/2009-2015\\\/ulaj-njeriu-i-berishes-3-ore-ne-prokurori-per-ndertimet-te-liqeni\\\/#breadcrumb\",\"itemListElement\":[{\"@type\":\"ListItem\",\"position\":1,\"name\":\"Home\",\"item\":\"https:\\\/\\\/fjala.info\\\/2009-2015\\\/\"},{\"@type\":\"ListItem\",\"position\":2,\"name\":\"Ulaj, njeriu i Berish\u00ebs, 3 or\u00eb n\u00eb Prokurori p\u00ebr nd\u00ebrtimet te Liqeni\"}]},{\"@type\":\"WebSite\",\"@id\":\"https:\\\/\\\/fjala.info\\\/2009-2015\\\/#website\",\"url\":\"https:\\\/\\\/fjala.info\\\/2009-2015\\\/\",\"name\":\"FjALA e LIR\u00cb - Arkivi\",\"description\":\"Arkivi 2009-2015\",\"publisher\":{\"@id\":\"https:\\\/\\\/fjala.info\\\/2009-2015\\\/#organization\"},\"potentialAction\":[{\"@type\":\"SearchAction\",\"target\":{\"@type\":\"EntryPoint\",\"urlTemplate\":\"https:\\\/\\\/fjala.info\\\/2009-2015\\\/?s={search_term_string}\"},\"query-input\":{\"@type\":\"PropertyValueSpecification\",\"valueRequired\":true,\"valueName\":\"search_term_string\"}}],\"inLanguage\":\"sq-AL\"},{\"@type\":\"Organization\",\"@id\":\"https:\\\/\\\/fjala.info\\\/2009-2015\\\/#organization\",\"name\":\"FjALA e LIR\u00cb - Arkivi\",\"url\":\"https:\\\/\\\/fjala.info\\\/2009-2015\\\/\",\"logo\":{\"@type\":\"ImageObject\",\"inLanguage\":\"sq-AL\",\"@id\":\"https:\\\/\\\/fjala.info\\\/2009-2015\\\/#\\\/schema\\\/logo\\\/image\\\/\",\"url\":\"\",\"contentUrl\":\"\",\"caption\":\"FjALA e LIR\u00cb - Arkivi\"},\"image\":{\"@id\":\"https:\\\/\\\/fjala.info\\\/2009-2015\\\/#\\\/schema\\\/logo\\\/image\\\/\"}},{\"@type\":\"Person\",\"@id\":\"https:\\\/\\\/fjala.info\\\/2009-2015\\\/#\\\/schema\\\/person\\\/3aa1163ef05469c496fc94e77611ada2\",\"name\":\"admin\",\"image\":{\"@type\":\"ImageObject\",\"inLanguage\":\"sq-AL\",\"@id\":\"https:\\\/\\\/fjala.info\\\/2009-2015\\\/wp-content\\\/uploads\\\/2012\\\/02\\\/arben_cokaj-120x150.jpg\",\"url\":\"https:\\\/\\\/fjala.info\\\/2009-2015\\\/wp-content\\\/uploads\\\/2012\\\/02\\\/arben_cokaj-120x150.jpg\",\"contentUrl\":\"https:\\\/\\\/fjala.info\\\/2009-2015\\\/wp-content\\\/uploads\\\/2012\\\/02\\\/arben_cokaj-120x150.jpg\",\"caption\":\"admin\"},\"description\":\"Admin, Fjala e Lir\u00eb\",\"sameAs\":[\"https:\\\/\\\/fjala.info\\\/\"],\"url\":\"https:\\\/\\\/fjala.info\\\/2009-2015\\\/author\\\/admin\\\/\"}]}<\/script>\n<!-- \/ Yoast SEO plugin. -->","yoast_head_json":{"title":"Ulaj, njeriu i Berish\u00ebs, 3 or\u00eb n\u00eb Prokurori p\u00ebr nd\u00ebrtimet te Liqeni - FjALA e LIR\u00cb - Arkivi","robots":{"index":"index","follow":"follow","max-snippet":"max-snippet:-1","max-image-preview":"max-image-preview:large","max-video-preview":"max-video-preview:-1"},"canonical":"https:\/\/fjala.info\/2009-2015\/ulaj-njeriu-i-berishes-3-ore-ne-prokurori-per-ndertimet-te-liqeni\/","og_locale":"sq_AL","og_type":"article","og_title":"Ulaj, njeriu i Berish\u00ebs, 3 or\u00eb n\u00eb Prokurori p\u00ebr nd\u00ebrtimet te Liqeni - FjALA e LIR\u00cb - Arkivi","og_description":"Nga Tema Biznesmeni Bashkim Ulaj, njeri i af\u00ebrt i kryeministrit Sali Berisha, ka d\u00ebshmuar p\u00ebr rreth tre or\u00eb n\u00eb prokurori n\u00eb lidhje me nd\u00ebrtimet tek Liqeni Artificial i Tiran\u00ebs. Ulaj ka d\u00ebshmuar pas akuzave t\u00eb ngritura nga pal\u00ebt n\u00eb politik\u00eb p\u00ebr pron\u00ebsin\u00eb n\u00eb k\u00ebto nd\u00ebrtime. Kryeministri Sali Berisha e ka p\u00ebrdorur si kart\u00eb t\u00eb betej\u00ebs [&hellip;]","og_url":"https:\/\/fjala.info\/2009-2015\/ulaj-njeriu-i-berishes-3-ore-ne-prokurori-per-ndertimet-te-liqeni\/","og_site_name":"FjALA e LIR\u00cb - Arkivi","article_published_time":"2010-10-26T21:44:03+00:00","og_image":[{"url":"http:\/\/fjala.shkoder.net\/wp-content\/uploads\/2010\/10\/berisha_ulaj-245x300.jpg","type":"","width":"","height":""}],"author":"admin","twitter_card":"summary_large_image","twitter_misc":{"Written by":"admin","Est. reading time":"4 minutes"},"schema":{"@context":"https:\/\/schema.org","@graph":[{"@type":"Article","@id":"https:\/\/fjala.info\/2009-2015\/ulaj-njeriu-i-berishes-3-ore-ne-prokurori-per-ndertimet-te-liqeni\/#article","isPartOf":{"@id":"https:\/\/fjala.info\/2009-2015\/ulaj-njeriu-i-berishes-3-ore-ne-prokurori-per-ndertimet-te-liqeni\/"},"author":{"name":"admin","@id":"https:\/\/fjala.info\/2009-2015\/#\/schema\/person\/3aa1163ef05469c496fc94e77611ada2"},"headline":"Ulaj, njeriu i Berish\u00ebs, 3 or\u00eb n\u00eb Prokurori p\u00ebr nd\u00ebrtimet te Liqeni","datePublished":"2010-10-26T21:44:03+00:00","mainEntityOfPage":{"@id":"https:\/\/fjala.info\/2009-2015\/ulaj-njeriu-i-berishes-3-ore-ne-prokurori-per-ndertimet-te-liqeni\/"},"wordCount":773,"commentCount":0,"publisher":{"@id":"https:\/\/fjala.info\/2009-2015\/#organization"},"image":{"@id":"https:\/\/fjala.info\/2009-2015\/ulaj-njeriu-i-berishes-3-ore-ne-prokurori-per-ndertimet-te-liqeni\/#primaryimage"},"thumbnailUrl":"http:\/\/fjala.shkoder.net\/wp-content\/uploads\/2010\/10\/berisha_ulaj-245x300.jpg","articleSection":["Artikuj"],"inLanguage":"sq-AL","potentialAction":[{"@type":"CommentAction","name":"Comment","target":["https:\/\/fjala.info\/2009-2015\/ulaj-njeriu-i-berishes-3-ore-ne-prokurori-per-ndertimet-te-liqeni\/#respond"]}]},{"@type":"WebPage","@id":"https:\/\/fjala.info\/2009-2015\/ulaj-njeriu-i-berishes-3-ore-ne-prokurori-per-ndertimet-te-liqeni\/","url":"https:\/\/fjala.info\/2009-2015\/ulaj-njeriu-i-berishes-3-ore-ne-prokurori-per-ndertimet-te-liqeni\/","name":"Ulaj, njeriu i Berish\u00ebs, 3 or\u00eb n\u00eb Prokurori p\u00ebr nd\u00ebrtimet te Liqeni - FjALA e LIR\u00cb - Arkivi","isPartOf":{"@id":"https:\/\/fjala.info\/2009-2015\/#website"},"primaryImageOfPage":{"@id":"https:\/\/fjala.info\/2009-2015\/ulaj-njeriu-i-berishes-3-ore-ne-prokurori-per-ndertimet-te-liqeni\/#primaryimage"},"image":{"@id":"https:\/\/fjala.info\/2009-2015\/ulaj-njeriu-i-berishes-3-ore-ne-prokurori-per-ndertimet-te-liqeni\/#primaryimage"},"thumbnailUrl":"http:\/\/fjala.shkoder.net\/wp-content\/uploads\/2010\/10\/berisha_ulaj-245x300.jpg","datePublished":"2010-10-26T21:44:03+00:00","breadcrumb":{"@id":"https:\/\/fjala.info\/2009-2015\/ulaj-njeriu-i-berishes-3-ore-ne-prokurori-per-ndertimet-te-liqeni\/#breadcrumb"},"inLanguage":"sq-AL","potentialAction":[{"@type":"ReadAction","target":["https:\/\/fjala.info\/2009-2015\/ulaj-njeriu-i-berishes-3-ore-ne-prokurori-per-ndertimet-te-liqeni\/"]}]},{"@type":"ImageObject","inLanguage":"sq-AL","@id":"https:\/\/fjala.info\/2009-2015\/ulaj-njeriu-i-berishes-3-ore-ne-prokurori-per-ndertimet-te-liqeni\/#primaryimage","url":"http:\/\/fjala.shkoder.net\/wp-content\/uploads\/2010\/10\/berisha_ulaj-245x300.jpg","contentUrl":"http:\/\/fjala.shkoder.net\/wp-content\/uploads\/2010\/10\/berisha_ulaj-245x300.jpg"},{"@type":"BreadcrumbList","@id":"https:\/\/fjala.info\/2009-2015\/ulaj-njeriu-i-berishes-3-ore-ne-prokurori-per-ndertimet-te-liqeni\/#breadcrumb","itemListElement":[{"@type":"ListItem","position":1,"name":"Home","item":"https:\/\/fjala.info\/2009-2015\/"},{"@type":"ListItem","position":2,"name":"Ulaj, njeriu i Berish\u00ebs, 3 or\u00eb n\u00eb Prokurori p\u00ebr nd\u00ebrtimet te Liqeni"}]},{"@type":"WebSite","@id":"https:\/\/fjala.info\/2009-2015\/#website","url":"https:\/\/fjala.info\/2009-2015\/","name":"FjALA e LIR\u00cb - Arkivi","description":"Arkivi 2009-2015","publisher":{"@id":"https:\/\/fjala.info\/2009-2015\/#organization"},"potentialAction":[{"@type":"SearchAction","target":{"@type":"EntryPoint","urlTemplate":"https:\/\/fjala.info\/2009-2015\/?s={search_term_string}"},"query-input":{"@type":"PropertyValueSpecification","valueRequired":true,"valueName":"search_term_string"}}],"inLanguage":"sq-AL"},{"@type":"Organization","@id":"https:\/\/fjala.info\/2009-2015\/#organization","name":"FjALA e LIR\u00cb - Arkivi","url":"https:\/\/fjala.info\/2009-2015\/","logo":{"@type":"ImageObject","inLanguage":"sq-AL","@id":"https:\/\/fjala.info\/2009-2015\/#\/schema\/logo\/image\/","url":"","contentUrl":"","caption":"FjALA e LIR\u00cb - Arkivi"},"image":{"@id":"https:\/\/fjala.info\/2009-2015\/#\/schema\/logo\/image\/"}},{"@type":"Person","@id":"https:\/\/fjala.info\/2009-2015\/#\/schema\/person\/3aa1163ef05469c496fc94e77611ada2","name":"admin","image":{"@type":"ImageObject","inLanguage":"sq-AL","@id":"https:\/\/fjala.info\/2009-2015\/wp-content\/uploads\/2012\/02\/arben_cokaj-120x150.jpg","url":"https:\/\/fjala.info\/2009-2015\/wp-content\/uploads\/2012\/02\/arben_cokaj-120x150.jpg","contentUrl":"https:\/\/fjala.info\/2009-2015\/wp-content\/uploads\/2012\/02\/arben_cokaj-120x150.jpg","caption":"admin"},"description":"Admin, Fjala e Lir\u00eb","sameAs":["https:\/\/fjala.info\/"],"url":"https:\/\/fjala.info\/2009-2015\/author\/admin\/"}]}},"_links":{"self":[{"href":"https:\/\/fjala.info\/2009-2015\/wp-json\/wp\/v2\/posts\/4471","targetHints":{"allow":["GET"]}}],"collection":[{"href":"https:\/\/fjala.info\/2009-2015\/wp-json\/wp\/v2\/posts"}],"about":[{"href":"https:\/\/fjala.info\/2009-2015\/wp-json\/wp\/v2\/types\/post"}],"author":[{"embeddable":true,"href":"https:\/\/fjala.info\/2009-2015\/wp-json\/wp\/v2\/users\/1"}],"replies":[{"embeddable":true,"href":"https:\/\/fjala.info\/2009-2015\/wp-json\/wp\/v2\/comments?post=4471"}],"version-history":[{"count":0,"href":"https:\/\/fjala.info\/2009-2015\/wp-json\/wp\/v2\/posts\/4471\/revisions"}],"wp:attachment":[{"href":"https:\/\/fjala.info\/2009-2015\/wp-json\/wp\/v2\/media?parent=4471"}],"wp:term":[{"taxonomy":"category","embeddable":true,"href":"https:\/\/fjala.info\/2009-2015\/wp-json\/wp\/v2\/categories?post=4471"},{"taxonomy":"post_tag","embeddable":true,"href":"https:\/\/fjala.info\/2009-2015\/wp-json\/wp\/v2\/tags?post=4471"}],"curies":[{"name":"wp","href":"https:\/\/api.w.org\/{rel}","templated":true}]}}