{"id":4467,"date":"2010-10-25T08:41:38","date_gmt":"2010-10-25T07:41:38","guid":{"rendered":"http:\/\/fjala.shkoder.net\/?p=4467"},"modified":"2010-10-25T08:41:38","modified_gmt":"2010-10-25T07:41:38","slug":"apoteza-per-vizat","status":"publish","type":"post","link":"https:\/\/fjala.info\/2009-2015\/apoteza-per-vizat\/","title":{"rendered":"Apoteza p\u00ebr vizat?"},"content":{"rendered":"<p><strong>Myslim Pasha<\/strong>, <em>25.10.2010<\/em><\/p>\n<p><strong>1<\/strong>.<br \/>\n<em><strong>VIZAT e shqiptar\u00ebve po i afrohen horizontit t\u00eb muajit n\u00ebntor, si nj\u00eb &#8220;\u00e7udi&#8221; dhe &#8220;mrekulli&#8221; e v\u00ebrtet\u00eb<\/strong><\/em>.<\/p>\n<p>VIZAT&#8230; n\u00eb nj\u00eb p\u00ebrfytyrim tragjik t\u00eb shqiptar\u00ebve, n\u00eb koh\u00ebn e l\u00ebvizjeve t\u00eb m\u00ebdha. Presim t\u00eb marrim vizat, t\u00eb marrim ikjen daljen dhe arratin\u00eb n\u00eb drit\u00ebn e k\u00ebrkimit t\u00eb Bot\u00ebs. \u00cbsht\u00eb nj\u00eb tregues i madh q\u00eb lexohet vet\u00ebm n\u00eb fund ( por lexohet sikur t\u00eb mbash kandilin e mekur n\u00eb dor\u00eb&#8230;) n\u00eb fund t\u00eb nj\u00eb pritje t\u00eb gjat\u00eb ( kur ti nuk ke gjunj\u00eb t\u00eb ec\u00ebsh m\u00eb tej&#8230; ), n\u00eb fund t\u00eb nj\u00eb ligj\u00ebrimi ( kur ti ke mbaruar fjal\u00ebt, togfjal\u00ebshat, parafjal\u00ebt, pasfjal\u00ebt ) n\u00eb fund t\u00eb nj\u00eb \u00ebndrre ( kur t\u00eb ka ikur d\u00ebshira p\u00ebr t\u00eb par\u00eb nj\u00eb \u00ebnd\u00ebrr t\u00eb bukur&#8230;)<\/p>\n<p>Dhe \u00e7udit\u00ebrisht prej k\u00ebsaj q\u00eb ndodh, t\u00eb duket se ky n\u00eb t\u00eb v\u00ebrtet\u00eb \u00ebsht\u00eb fillimi.<br \/>\n&#8230;. kur t\u00eb tjer\u00ebt kan\u00eb shkuar kaq larg, dhe ti ke ngelur tek bishti ur\u00ebs, apo tej Ur\u00ebs s\u00eb Qabes\u00eb. Mbe\u00e7\u00eb more shok\u00eb mbe\u00e7\u00eb!<\/p>\n<p><strong>2<\/strong>.<\/p>\n<p>Na kujtohet&#8230; N\u00eb piramid\u00ebn e p\u00ebrbashk\u00ebt kufitare hartografit t\u00eb ri i kalonin emocione e dridhma. M\u00eb tej ishte Greqia&#8230; mateshin gur\u00ebt, shkurret, udh\u00ebzat e mbyllura dhe t\u00eb pashkelura, n\u00eb an\u00ebn e k\u00ebtejme t\u00eb shenj\u00ebs kufitare.<\/p>\n<p>Dukej, se m\u00eb t\u00eb v\u00ebrtet\u00eb b\u00ebhej histori, afruar deri n\u00eb at\u00eb vij\u00eb, ku mbyllej p\u00ebrjet\u00eb gjeohap\u00ebsira jote&#8230;s&#8217; kish asnj\u00eb udh\u00eb, asnj\u00eb lidhje dhe asnj\u00eb VIZ\u00cb. Ve\u00e7se nj\u00eb viz\u00eb e nd\u00ebrprer\u00eb e zez\u00eb, nj\u00eb simbol i ndarjes, q\u00eb edhe kur e vizatoje kishe nj\u00eb ndjesi gati t\u00eb mistershme.<\/p>\n<p>Ishte nj\u00eb m\u00ebngjes me nj\u00eb ngjarje t\u00eb pazakont\u00eb. Nj\u00eb gjuetar grek kish ardhur n\u00eb k\u00ebt\u00eb an\u00eb t\u00eb kufirit, sepse k\u00ebrkonte zagarin e tij. Kish ndalur n\u00eb nj\u00eb maj\u00eb shk\u00ebmbi dhe kufitar\u00ebt e kishin pikasur. Ish dh\u00ebn\u00eb alarmi. Aty ish zon\u00eb pa klon&#8230; se kloni i rrym\u00ebs elektrike ngjeth\u00ebse, ishte pak m\u00eb tej.<\/p>\n<p>N\u00eb dhom\u00ebn tjet\u00ebr t\u00eb oficerit t\u00eb rojes komandanti me nj\u00eb z\u00eb t\u00eb \u00e7jerr\u00eb ish lidhur drejtp\u00ebrdrejt me Tiran\u00ebn. Ul\u00ebrima e tij: &#8221; N\u00eb kuadratin&#8230;. &#8221; ai thoshte koordinata. Pastaj me po at\u00eb z\u00eb t\u00eb \u00e7jerr\u00eb klithte &#8220;&#8230; Gjarpri&#8221; &#8221; Gjarpri, po ta p\u00ebrs\u00ebris! &#8221; i thoshte atij n\u00eb fundin e telefonit n\u00eb Tiran\u00eb&#8230; Simboli &#8220;gjarp\u00ebr&#8221; ishte shkel\u00ebsi grek q\u00eb kishte kap\u00ebrcyer n\u00eb k\u00ebt\u00eb an\u00eb&#8230; pra p\u00ebrfytyrimi lidhej me at\u00eb, q\u00eb shihej q\u00eb nga posta jon\u00eb&#8230; n\u00eb maj\u00eb t\u00eb shk\u00ebmbit ton\u00eb, shk\u00ebmbit me myshk t\u00eb virgj\u00ebr, pran\u00eb nj\u00eb formacioni sedimentar dhe nj\u00eb gjarp\u00ebr q\u00eb kish shkelur mbi t\u00eb&#8230;.<\/p>\n<p>K\u00ebndej, mbjell\u00eb me driza, tela me gjemba, klone me rrym\u00eb elektrike, sinjale q\u00eb nd\u00ebrthurura mbi gur\u00eb e bim\u00eb, mbi ajrin e m\u00ebngjesit e t\u00eb mbr\u00ebmjes. Izolim, sa s&#8217;kishe guxim as t\u00eb hidhje syt\u00eb atje m\u00eb tej ku fillonte Dheu i shtetit fqinj&#8230;Yjet mbi krye t\u00eb ngjanin se nuk ishin nj\u00ebsoj. Edhe qielli dukej, se ishte i ndar\u00eb.<\/p>\n<p>Pak m\u00eb tej n\u00eb rr\u00ebz\u00eb brigjesh t\u00eb thepisur ishin ende gjurm\u00eb t\u00eb k\u00ebputje t\u00eb jet\u00ebve, t\u00eb shkel\u00ebsve t\u00eb kufirit, t\u00eb shqiptar\u00ebve q\u00eb donin t\u00eb dilnin prej k\u00ebtij izolimi t\u00eb gjat\u00eb, ata q\u00eb kishin \u00ebnd\u00ebrruar dhe s&#8217;i mor\u00ebn kurr\u00eb VIZAT e jet\u00ebs por t\u00eb vdekjes.<\/p>\n<p><strong>3<\/strong>.<\/p>\n<p>Sapo t\u00eb d\u00ebgjoje n\u00eb k\u00ebrsh\u00ebri e sip\u00ebr, fjal\u00ebn satelit apo fluturim n\u00eb hap\u00ebsir\u00eb, menj\u00ebher\u00eb do t\u00eb p\u00ebrfytyroje dyndjen e bashk\u00ebsive t\u00eb djajve q\u00eb fluturonin mbi kryet e tu, tin\u00ebz, n\u00eb err\u00ebsir\u00eb a mjegullnaj\u00eb, p\u00ebr t\u00eb par\u00eb se \u00e7&#8217;po b\u00ebje k\u00ebtu, n\u00eb k\u00ebt\u00eb vend, \u00e7&#8217;po gatuaje, \u00e7&#8217;po mbillje dhe ku k\u00ebrkoje thelloma tunelesh, betonim bunker\u00ebsh, t\u00eb llojllojsh\u00ebm q\u00eb edhe pse mundoheshe, t&#8217;i fshihje, atje sip\u00ebr ata djajt\u00eb lakuriq\u00eb t\u00eb kozmosit, v\u00ebshtronin dhe t\u00eb ndiqnin pa t&#8217;u ndar\u00eb.<\/p>\n<p>Sa kujtoje &#8220;infra t\u00eb kuqe&#8221; apo &#8220;radar&#8221; e dije se pas tyre fshiheshin ata sy qiellor\u00eb t\u00eb friksh\u00ebm, q\u00eb nuk t\u00eb linin t\u00eb qet\u00eb n\u00eb at\u00eb izolim q\u00eb e kishe projektuar. Kurse k\u00ebtu masja midis dridhmave at\u00eb kufirin me bot\u00ebn tjet\u00ebr armike, &#8220;imperialiste e revizioniste&#8221;<\/p>\n<p>Nuk mund t&#8217;u vije em\u00ebr tjet\u00ebr, atyre satelit\u00ebve, ve\u00e7se &#8220;spiun\u00eb&#8221; t\u00eb qiellit dhe t\u00eb detit, t\u00eb kryemaleve dhe fundluginave, t\u00eb rezervave t\u00eb naft\u00ebs dhe t\u00eb gazit, t\u00eb mineraleve dhe shtresave gjeologjike.<\/p>\n<p>Ata: &#8220;spiun\u00ebt&#8221; t\u00eb rrinin p\u00ebrsip\u00ebr dhe b\u00ebnin shkenc\u00eb, me ndjeshm\u00ebri t\u00eb larg\u00ebt, p\u00ebr t\u00eb okupuar &#8221; lirin\u00eb e izolimit t\u00ebnd&#8221; gjersa ishin t\u00eb aft\u00eb t\u00eb shihnin se &#8220;\u00e7&#8217;po lexoje n\u00eb gazet\u00eb, teksa ishe ulur n\u00eb nj\u00eb stol&#8230;&#8221;<\/p>\n<p>Pozicionimi dhe ideja jon\u00eb, se ishim n\u00eb qend\u00ebr t\u00eb universit, sfidohej nga imazhi, ku ne i p\u00ebrngjanim nj\u00eb shpelle k\u00ebtu n\u00eb per\u00ebndim t\u00eb Adriatikut dhe Jonit. Edhe p\u00ebr qiejt nuk kish VIZ\u00cb.<\/p>\n<p><strong>4<\/strong>.<\/p>\n<p>&#8230;von\u00eb shum\u00eb von\u00eb pas viteve n\u00ebnt\u00ebdhjet\u00eb, n\u00eb gjurm\u00eb mallkimesh dhe plumbash n\u00eb vija t\u00eb p\u00ebrgjakura shkel\u00ebsish, u ndje shpartallimi i \u00e7mendur i mbledhur tek njer\u00ebzia, q\u00eb u sul pa ndalim p\u00ebr t\u00eb ikur tej VIZAVE t\u00eb zeza t\u00eb kufirit.<\/p>\n<p>M\u00ebsymja kryhej n\u00eb dim\u00ebr, kur malet dhe tufanet me bor\u00eb i shtoheshin si aleat\u00eb \u00e7arjes s\u00eb kufijve. Bashk\u00ebsia e shqiptar\u00ebve, t\u00eb t\u00eb gjith\u00eb moshave, ngjante shum\u00eb m\u00eb keq, se ai nj\u00eb vargani rraskapit\u00ebs i eksodit t\u00eb \u00e7am\u00ebve, t\u00eb ndjekur prej trojeve t\u00eb tyre.<\/p>\n<p>N\u00eb cilin vend kishim lindur?<\/p>\n<p>Mendja ideologjike, sakaq, duke kthyer syt\u00eb nga vendi yt, krijonte perceptimin iluziv se nj\u00eb &#8220;fener gigand&#8221; e ndri\u00e7onte.<\/p>\n<p>Askujt nuk i shkonte n\u00eb mend, se do t\u00eb dilte jasht\u00eb Shqip\u00ebris\u00eb mbasi n\u00eb ato hap\u00ebsira kishte nj\u00eb epidemi e ndot\u00ebsi, dhe ti duhej t\u00eb m\u00ebsoje vet\u00ebm anatomin\u00eb e trupit t\u00eb shpell\u00ebs t\u00ebnde. As termi &#8220;VIZ\u00cb&#8221; nuk njihej e nuk p\u00ebrfytyrohej dhe shpesh ngat\u00ebrrohej me simbolet e Vizave ndar\u00ebse t\u00eb kufirit n\u00eb hartat e ndryshme.<\/p>\n<p>Edhe ata q\u00eb e merrnin at\u00eb, diplomat\u00eb, sportist\u00eb, student\u00eb ndjeheshin gjithnj\u00eb t\u00eb ndjekur nga pas, t\u00eb p\u00ebrgjuar, sa shpesh pat\u00ebn th\u00ebn\u00eb &#8221; m\u00eb mir\u00eb t\u00eb mos kishim pasur VIZ\u00cb !&#8221;<br \/>\nIshte kufizimi i madh dhe i dhimbsh\u00ebm i Liris\u00eb.<\/p>\n<p>Qeliza ka nj\u00eb jet\u00ebgjat\u00ebsi t\u00eb caktuar. Por vjen nj\u00eb koh\u00eb, q\u00eb ajo shkat\u00ebrrohet duke ia l\u00ebn\u00eb vendin qelizave t\u00eb sapokrijuara. B\u00ebhet shpejt, por dhe ngadal\u00eb.<\/p>\n<p>Tek ne dhe vet\u00ebm tek ne, ka ndodhur q\u00eb t\u00eb kalojm\u00eb nga njeri ekstrem tek tjetri. Duhia e par\u00eb ish trysnia e mbledhur q\u00eb shp\u00ebrtheu. Ish dalja nga err\u00ebsira n\u00eb drit\u00eb dhe dihet se si ndodh verb\u00ebria e p\u00ebrkohshme.<\/p>\n<p><strong>Po vijn\u00eb vizat!<\/strong><\/p>\n<p>N\u00eb k\u00ebt\u00eb shfaqje t\u00eb madhe, nuk ka mjaftuar pritja e lodhshme deri n\u00eb llahtar, mbetja prapa, k\u00ebputja e gjunj\u00ebve, por si nj\u00eb prodhim i vetvetes s\u00eb mefsht\u00eb, e ve\u00e7 k\u00ebsaj t\u00eb mos mjaftonin ato q\u00eb tham\u00eb atypari, kur ja nj\u00eb bubullim\u00eb shurdhake, nj\u00eb kallame gushti, nj\u00eb brohoritje, nj\u00eb krrauritje, nj\u00eb varje jarg\u00ebsh e p\u00ebshtymash, sharjesh, mallkimesh p\u00ebr shkaktar\u00ebt e k\u00ebsaj shfaqjeje t\u00eb pafund t\u00eb izolimit. Kush jan\u00eb fajtor\u00ebt? Qeveria e shqiptar\u00ebve t\u00eb sot\u00ebm, nuk dihet n\u00ebse qesh apo qan.<\/p>\n<p>Ajo hidhet p\u00ebrpjet\u00eb dhe b\u00ebn figura groteske, jo prej g\u00ebzimit se &#8221; erdh\u00ebn VIZAT!&#8221;, por se p\u00ebr t\u00eb, vjen rasti i dhurat\u00ebs s\u00eb madhe, n\u00eb stin\u00ebn e prag Krishtlindjeve, e jo m\u00eb shum\u00eb, se p\u00ebr ata q\u00eb ende nuk i kan\u00eb VIZAT.<\/p>\n<p>K\u00ebsisoj, pra, t\u00eb shfryt\u00ebzosh k\u00ebt\u00eb tragjikomedi p\u00ebr q\u00ebllimet qeveris\u00ebse, p\u00ebr ta fyer edhe m\u00eb shum\u00eb k\u00ebt\u00eb popull t\u00eb rraskapitur, p\u00ebr t\u00eb shtuar jet\u00ebn e saj, kur ajo (Qeveria) ka mbetur si bima e s\u00eb keqes, t\u00eb cil\u00ebn s&#8217;e mban dot mbi shpin\u00eb, herakja e saj.<\/p>\n<p>Nuk do t\u00eb kish n\u00eb univers, shfaqje m\u00eb t\u00eb sh\u00ebmtuar se sa kjo, nj\u00eb tallje e madhe, abuzim spekulim i tejskajsh\u00ebm, kur varf\u00ebria dhe polarizimi shoq\u00ebror, del n\u00eb horizontin e p\u00ebrditsh\u00ebm, nd\u00ebrkaq Qeveria lot n\u00eb k\u00ebt\u00eb sken\u00eb, ku djalli \u00e7lirohet nga litar\u00ebt e VIZAVE ( q\u00eb i kish mbajtur p\u00ebr vete) dhe ia l\u00ebshon ato engj\u00ebllit &#8220;popull&#8221; gjasme p\u00ebr ta \u00e7liruar.<\/p>\n<p>Kryeministri i Shqip\u00ebris\u00eb nga g\u00ebzimi dhe paranoja e tij, a e shihni, vall\u00eb, se si flet me vete? Si n\u00eb nj\u00eb ekstaz\u00eb \u00ebsht\u00eb edhe Kryeparlamentarja&#8230;<\/p>\n<p>Qoft\u00eblarg! Hap\u00ebsira Shengen deri tash e izoluar p\u00ebr ne, por ajo m\u00eb par\u00eb hapi gjirin p\u00ebr Serbin\u00eb e Gjenocidit modern ndaj shqiptar\u00ebve.<\/p>\n<p>Po vijn\u00eb vizat! Po i afrohemi kufijve! Ne t\u00eb fundit por ama, m\u00eb t\u00eb lumturit.<br \/>\nAbsurdi n\u00eb pik\u00ebn e fundit t\u00eb VIZ\u00cbS s\u00eb ardhshme (q\u00eb ende s&#8217;mund ta dim\u00eb n\u00ebse mund t\u00eb vij\u00eb apo jo) Pse u dashka, q\u00eb t\u00eb mburremi kaq shum\u00eb dhe t\u00eb l\u00ebndojm\u00eb kaq plag\u00eb q\u00eb ia kemi b\u00ebr\u00eb vetvetes?<\/p>\n<p>Ata t\u00eb ikurit q\u00eb jan\u00eb m\u00eb shum\u00eb se nj\u00eb e treta e popullsis\u00eb s\u00eb sotme, q\u00eb \u00e7ak\u00ebrdin\u00eb pa asnj\u00eb ndihm\u00eb t\u00eb shtetit dhe t\u00eb politikan\u00ebve t\u00eb tyre, habiten me k\u00ebt\u00eb mburrje t\u00eb madhe, por ata nuk kan\u00eb koh\u00eb t\u00eb komentojn\u00eb, t\u00eb v\u00ebrtet\u00ebn e dhimbshme t\u00eb qeverisjes s\u00eb shqiptar\u00ebve.<\/p>\n<p><strong>5<\/strong>.<br \/>\nPo vijn\u00eb VIZAT! Por na duhet q\u00eb t\u00eb b\u00ebjm\u00eb nj\u00eb Requiem p\u00ebr t\u00eb humburit t\u00eb ikurit t\u00eb kallkanosurit e kufijve me bor\u00eb, t\u00eb fundosurit posht\u00eb Otrantos, t\u00eb zhdukurit deri gjer n\u00eb Antarktid\u00eb, apo n\u00eb strofullat e arinjve polar\u00eb, requiem p\u00ebr ata q\u00eb t\u00eb par\u00ebt k\u00ebput\u00ebn telat, thyen muret e r\u00ebnd\u00eb, u kacavir\u00ebn n\u00eb anije t\u00eb mbytura, mbi barka shkretane e gomone t\u00eb \u00e7ara, trape dhe fu\u00e7i, requiem p\u00ebr ata q\u00eb p\u00ebr t\u00eb ikur tek Bota dhe Drita e saj, u shnd\u00ebrruan si primat\u00eb t\u00eb vetvetes, sepse kishin dal\u00eb nga izolimi dhe nuk kishin pasur asnj\u00eb ndihm\u00eb asnj\u00eb leht\u00ebsim, nga politikan\u00ebt e tyre&#8230;<\/p>\n<p>Kurse, prap\u00eb sot, jan\u00eb k\u00ebta politikan\u00eb, pothuajse t\u00eb nj\u00ebjtat fytyra q\u00eb shkrumbojn\u00eb: &#8221; Po vijn\u00eb VIZAT! &#8221; &#8221; Ua soll\u00ebm! Merrini!&#8221;<\/p>\n<p>\u00cbsht\u00eb kaq e turpshme, kur nuk kemi asgj\u00eb t\u00eb besueshme t&#8217;u themi shqiptar\u00ebve dhe kthejm\u00eb syt\u00eb nga europarlamentarja Tanja Fajon, k\u00ebsaj gruaje t\u00eb mir\u00eb sllovene, duke ia dh\u00ebn\u00eb lavdin\u00eb asaj, po m\u00eb mir\u00eb ta marr\u00eb ajo&#8230;<\/p>\n<p>Po dhe asaj, si nj\u00eb befasi, nuk i besohet q\u00eb t\u00eb kthehej n\u00eb personazh kaq shp\u00ebtimtar, p\u00ebr shqiptar\u00ebt e mbetur pa VIZA, kur ata jan\u00eb t\u00eb fundit, sepse pjesa m\u00eb e madhe e tyre, s&#8217;kan\u00eb pyetur p\u00ebr to.<br \/>\nPo vijn\u00eb VIZAT! Po ikin VIZAT!<\/p>\n","protected":false},"excerpt":{"rendered":"<p>Myslim Pasha, 25.10.2010 1. VIZAT e shqiptar\u00ebve po i afrohen horizontit t\u00eb muajit n\u00ebntor, si nj\u00eb &#8220;\u00e7udi&#8221; dhe &#8220;mrekulli&#8221; e v\u00ebrtet\u00eb. VIZAT&#8230; n\u00eb nj\u00eb p\u00ebrfytyrim tragjik t\u00eb shqiptar\u00ebve, n\u00eb koh\u00ebn e l\u00ebvizjeve t\u00eb m\u00ebdha. Presim t\u00eb marrim vizat, t\u00eb marrim ikjen daljen dhe arratin\u00eb n\u00eb drit\u00ebn e k\u00ebrkimit t\u00eb Bot\u00ebs. \u00cbsht\u00eb nj\u00eb tregues i madh [&hellip;]<\/p>\n","protected":false},"author":1,"featured_media":0,"comment_status":"open","ping_status":"closed","sticky":false,"template":"","format":"standard","meta":{"footnotes":""},"categories":[2],"tags":[],"class_list":{"0":"post-4467","1":"post","2":"type-post","3":"status-publish","4":"format-standard","6":"category-artikuj"},"yoast_head":"<!-- This site is optimized with the Yoast SEO plugin v27.4 - https:\/\/yoast.com\/product\/yoast-seo-wordpress\/ -->\n<title>Apoteza p\u00ebr vizat? - FjALA e LIR\u00cb - Arkivi<\/title>\n<meta name=\"robots\" content=\"index, follow, max-snippet:-1, max-image-preview:large, max-video-preview:-1\" \/>\n<link rel=\"canonical\" href=\"https:\/\/fjala.info\/2009-2015\/apoteza-per-vizat\/\" \/>\n<meta property=\"og:locale\" content=\"sq_AL\" \/>\n<meta property=\"og:type\" content=\"article\" \/>\n<meta property=\"og:title\" content=\"Apoteza p\u00ebr vizat? - FjALA e LIR\u00cb - Arkivi\" \/>\n<meta property=\"og:description\" content=\"Myslim Pasha, 25.10.2010 1. VIZAT e shqiptar\u00ebve po i afrohen horizontit t\u00eb muajit n\u00ebntor, si nj\u00eb &#8220;\u00e7udi&#8221; dhe &#8220;mrekulli&#8221; e v\u00ebrtet\u00eb. VIZAT&#8230; n\u00eb nj\u00eb p\u00ebrfytyrim tragjik t\u00eb shqiptar\u00ebve, n\u00eb koh\u00ebn e l\u00ebvizjeve t\u00eb m\u00ebdha. Presim t\u00eb marrim vizat, t\u00eb marrim ikjen daljen dhe arratin\u00eb n\u00eb drit\u00ebn e k\u00ebrkimit t\u00eb Bot\u00ebs. \u00cbsht\u00eb nj\u00eb tregues i madh [&hellip;]\" \/>\n<meta property=\"og:url\" content=\"https:\/\/fjala.info\/2009-2015\/apoteza-per-vizat\/\" \/>\n<meta property=\"og:site_name\" content=\"FjALA e LIR\u00cb - Arkivi\" \/>\n<meta property=\"article:published_time\" content=\"2010-10-25T07:41:38+00:00\" \/>\n<meta name=\"author\" content=\"admin\" \/>\n<meta name=\"twitter:card\" content=\"summary_large_image\" \/>\n<meta name=\"twitter:label1\" content=\"Written by\" \/>\n\t<meta name=\"twitter:data1\" content=\"admin\" \/>\n\t<meta name=\"twitter:label2\" content=\"Est. reading time\" \/>\n\t<meta name=\"twitter:data2\" content=\"9 minutes\" \/>\n<script type=\"application\/ld+json\" class=\"yoast-schema-graph\">{\"@context\":\"https:\\\/\\\/schema.org\",\"@graph\":[{\"@type\":\"Article\",\"@id\":\"https:\\\/\\\/fjala.info\\\/2009-2015\\\/apoteza-per-vizat\\\/#article\",\"isPartOf\":{\"@id\":\"https:\\\/\\\/fjala.info\\\/2009-2015\\\/apoteza-per-vizat\\\/\"},\"author\":{\"name\":\"admin\",\"@id\":\"https:\\\/\\\/fjala.info\\\/2009-2015\\\/#\\\/schema\\\/person\\\/3aa1163ef05469c496fc94e77611ada2\"},\"headline\":\"Apoteza p\u00ebr vizat?\",\"datePublished\":\"2010-10-25T07:41:38+00:00\",\"mainEntityOfPage\":{\"@id\":\"https:\\\/\\\/fjala.info\\\/2009-2015\\\/apoteza-per-vizat\\\/\"},\"wordCount\":1796,\"commentCount\":0,\"publisher\":{\"@id\":\"https:\\\/\\\/fjala.info\\\/2009-2015\\\/#organization\"},\"articleSection\":[\"Artikuj\"],\"inLanguage\":\"sq-AL\",\"potentialAction\":[{\"@type\":\"CommentAction\",\"name\":\"Comment\",\"target\":[\"https:\\\/\\\/fjala.info\\\/2009-2015\\\/apoteza-per-vizat\\\/#respond\"]}]},{\"@type\":\"WebPage\",\"@id\":\"https:\\\/\\\/fjala.info\\\/2009-2015\\\/apoteza-per-vizat\\\/\",\"url\":\"https:\\\/\\\/fjala.info\\\/2009-2015\\\/apoteza-per-vizat\\\/\",\"name\":\"Apoteza p\u00ebr vizat? - FjALA e LIR\u00cb - Arkivi\",\"isPartOf\":{\"@id\":\"https:\\\/\\\/fjala.info\\\/2009-2015\\\/#website\"},\"datePublished\":\"2010-10-25T07:41:38+00:00\",\"breadcrumb\":{\"@id\":\"https:\\\/\\\/fjala.info\\\/2009-2015\\\/apoteza-per-vizat\\\/#breadcrumb\"},\"inLanguage\":\"sq-AL\",\"potentialAction\":[{\"@type\":\"ReadAction\",\"target\":[\"https:\\\/\\\/fjala.info\\\/2009-2015\\\/apoteza-per-vizat\\\/\"]}]},{\"@type\":\"BreadcrumbList\",\"@id\":\"https:\\\/\\\/fjala.info\\\/2009-2015\\\/apoteza-per-vizat\\\/#breadcrumb\",\"itemListElement\":[{\"@type\":\"ListItem\",\"position\":1,\"name\":\"Home\",\"item\":\"https:\\\/\\\/fjala.info\\\/2009-2015\\\/\"},{\"@type\":\"ListItem\",\"position\":2,\"name\":\"Apoteza p\u00ebr vizat?\"}]},{\"@type\":\"WebSite\",\"@id\":\"https:\\\/\\\/fjala.info\\\/2009-2015\\\/#website\",\"url\":\"https:\\\/\\\/fjala.info\\\/2009-2015\\\/\",\"name\":\"FjALA e LIR\u00cb - Arkivi\",\"description\":\"Arkivi 2009-2015\",\"publisher\":{\"@id\":\"https:\\\/\\\/fjala.info\\\/2009-2015\\\/#organization\"},\"potentialAction\":[{\"@type\":\"SearchAction\",\"target\":{\"@type\":\"EntryPoint\",\"urlTemplate\":\"https:\\\/\\\/fjala.info\\\/2009-2015\\\/?s={search_term_string}\"},\"query-input\":{\"@type\":\"PropertyValueSpecification\",\"valueRequired\":true,\"valueName\":\"search_term_string\"}}],\"inLanguage\":\"sq-AL\"},{\"@type\":\"Organization\",\"@id\":\"https:\\\/\\\/fjala.info\\\/2009-2015\\\/#organization\",\"name\":\"FjALA e LIR\u00cb - Arkivi\",\"url\":\"https:\\\/\\\/fjala.info\\\/2009-2015\\\/\",\"logo\":{\"@type\":\"ImageObject\",\"inLanguage\":\"sq-AL\",\"@id\":\"https:\\\/\\\/fjala.info\\\/2009-2015\\\/#\\\/schema\\\/logo\\\/image\\\/\",\"url\":\"\",\"contentUrl\":\"\",\"caption\":\"FjALA e LIR\u00cb - Arkivi\"},\"image\":{\"@id\":\"https:\\\/\\\/fjala.info\\\/2009-2015\\\/#\\\/schema\\\/logo\\\/image\\\/\"}},{\"@type\":\"Person\",\"@id\":\"https:\\\/\\\/fjala.info\\\/2009-2015\\\/#\\\/schema\\\/person\\\/3aa1163ef05469c496fc94e77611ada2\",\"name\":\"admin\",\"image\":{\"@type\":\"ImageObject\",\"inLanguage\":\"sq-AL\",\"@id\":\"https:\\\/\\\/fjala.info\\\/2009-2015\\\/wp-content\\\/uploads\\\/2012\\\/02\\\/arben_cokaj-120x150.jpg\",\"url\":\"https:\\\/\\\/fjala.info\\\/2009-2015\\\/wp-content\\\/uploads\\\/2012\\\/02\\\/arben_cokaj-120x150.jpg\",\"contentUrl\":\"https:\\\/\\\/fjala.info\\\/2009-2015\\\/wp-content\\\/uploads\\\/2012\\\/02\\\/arben_cokaj-120x150.jpg\",\"caption\":\"admin\"},\"description\":\"Admin, Fjala e Lir\u00eb\",\"sameAs\":[\"https:\\\/\\\/fjala.info\\\/\"],\"url\":\"https:\\\/\\\/fjala.info\\\/2009-2015\\\/author\\\/admin\\\/\"}]}<\/script>\n<!-- \/ Yoast SEO plugin. -->","yoast_head_json":{"title":"Apoteza p\u00ebr vizat? - FjALA e LIR\u00cb - Arkivi","robots":{"index":"index","follow":"follow","max-snippet":"max-snippet:-1","max-image-preview":"max-image-preview:large","max-video-preview":"max-video-preview:-1"},"canonical":"https:\/\/fjala.info\/2009-2015\/apoteza-per-vizat\/","og_locale":"sq_AL","og_type":"article","og_title":"Apoteza p\u00ebr vizat? - FjALA e LIR\u00cb - Arkivi","og_description":"Myslim Pasha, 25.10.2010 1. VIZAT e shqiptar\u00ebve po i afrohen horizontit t\u00eb muajit n\u00ebntor, si nj\u00eb &#8220;\u00e7udi&#8221; dhe &#8220;mrekulli&#8221; e v\u00ebrtet\u00eb. VIZAT&#8230; n\u00eb nj\u00eb p\u00ebrfytyrim tragjik t\u00eb shqiptar\u00ebve, n\u00eb koh\u00ebn e l\u00ebvizjeve t\u00eb m\u00ebdha. Presim t\u00eb marrim vizat, t\u00eb marrim ikjen daljen dhe arratin\u00eb n\u00eb drit\u00ebn e k\u00ebrkimit t\u00eb Bot\u00ebs. \u00cbsht\u00eb nj\u00eb tregues i madh [&hellip;]","og_url":"https:\/\/fjala.info\/2009-2015\/apoteza-per-vizat\/","og_site_name":"FjALA e LIR\u00cb - Arkivi","article_published_time":"2010-10-25T07:41:38+00:00","author":"admin","twitter_card":"summary_large_image","twitter_misc":{"Written by":"admin","Est. reading time":"9 minutes"},"schema":{"@context":"https:\/\/schema.org","@graph":[{"@type":"Article","@id":"https:\/\/fjala.info\/2009-2015\/apoteza-per-vizat\/#article","isPartOf":{"@id":"https:\/\/fjala.info\/2009-2015\/apoteza-per-vizat\/"},"author":{"name":"admin","@id":"https:\/\/fjala.info\/2009-2015\/#\/schema\/person\/3aa1163ef05469c496fc94e77611ada2"},"headline":"Apoteza p\u00ebr vizat?","datePublished":"2010-10-25T07:41:38+00:00","mainEntityOfPage":{"@id":"https:\/\/fjala.info\/2009-2015\/apoteza-per-vizat\/"},"wordCount":1796,"commentCount":0,"publisher":{"@id":"https:\/\/fjala.info\/2009-2015\/#organization"},"articleSection":["Artikuj"],"inLanguage":"sq-AL","potentialAction":[{"@type":"CommentAction","name":"Comment","target":["https:\/\/fjala.info\/2009-2015\/apoteza-per-vizat\/#respond"]}]},{"@type":"WebPage","@id":"https:\/\/fjala.info\/2009-2015\/apoteza-per-vizat\/","url":"https:\/\/fjala.info\/2009-2015\/apoteza-per-vizat\/","name":"Apoteza p\u00ebr vizat? - FjALA e LIR\u00cb - Arkivi","isPartOf":{"@id":"https:\/\/fjala.info\/2009-2015\/#website"},"datePublished":"2010-10-25T07:41:38+00:00","breadcrumb":{"@id":"https:\/\/fjala.info\/2009-2015\/apoteza-per-vizat\/#breadcrumb"},"inLanguage":"sq-AL","potentialAction":[{"@type":"ReadAction","target":["https:\/\/fjala.info\/2009-2015\/apoteza-per-vizat\/"]}]},{"@type":"BreadcrumbList","@id":"https:\/\/fjala.info\/2009-2015\/apoteza-per-vizat\/#breadcrumb","itemListElement":[{"@type":"ListItem","position":1,"name":"Home","item":"https:\/\/fjala.info\/2009-2015\/"},{"@type":"ListItem","position":2,"name":"Apoteza p\u00ebr vizat?"}]},{"@type":"WebSite","@id":"https:\/\/fjala.info\/2009-2015\/#website","url":"https:\/\/fjala.info\/2009-2015\/","name":"FjALA e LIR\u00cb - Arkivi","description":"Arkivi 2009-2015","publisher":{"@id":"https:\/\/fjala.info\/2009-2015\/#organization"},"potentialAction":[{"@type":"SearchAction","target":{"@type":"EntryPoint","urlTemplate":"https:\/\/fjala.info\/2009-2015\/?s={search_term_string}"},"query-input":{"@type":"PropertyValueSpecification","valueRequired":true,"valueName":"search_term_string"}}],"inLanguage":"sq-AL"},{"@type":"Organization","@id":"https:\/\/fjala.info\/2009-2015\/#organization","name":"FjALA e LIR\u00cb - Arkivi","url":"https:\/\/fjala.info\/2009-2015\/","logo":{"@type":"ImageObject","inLanguage":"sq-AL","@id":"https:\/\/fjala.info\/2009-2015\/#\/schema\/logo\/image\/","url":"","contentUrl":"","caption":"FjALA e LIR\u00cb - Arkivi"},"image":{"@id":"https:\/\/fjala.info\/2009-2015\/#\/schema\/logo\/image\/"}},{"@type":"Person","@id":"https:\/\/fjala.info\/2009-2015\/#\/schema\/person\/3aa1163ef05469c496fc94e77611ada2","name":"admin","image":{"@type":"ImageObject","inLanguage":"sq-AL","@id":"https:\/\/fjala.info\/2009-2015\/wp-content\/uploads\/2012\/02\/arben_cokaj-120x150.jpg","url":"https:\/\/fjala.info\/2009-2015\/wp-content\/uploads\/2012\/02\/arben_cokaj-120x150.jpg","contentUrl":"https:\/\/fjala.info\/2009-2015\/wp-content\/uploads\/2012\/02\/arben_cokaj-120x150.jpg","caption":"admin"},"description":"Admin, Fjala e Lir\u00eb","sameAs":["https:\/\/fjala.info\/"],"url":"https:\/\/fjala.info\/2009-2015\/author\/admin\/"}]}},"_links":{"self":[{"href":"https:\/\/fjala.info\/2009-2015\/wp-json\/wp\/v2\/posts\/4467","targetHints":{"allow":["GET"]}}],"collection":[{"href":"https:\/\/fjala.info\/2009-2015\/wp-json\/wp\/v2\/posts"}],"about":[{"href":"https:\/\/fjala.info\/2009-2015\/wp-json\/wp\/v2\/types\/post"}],"author":[{"embeddable":true,"href":"https:\/\/fjala.info\/2009-2015\/wp-json\/wp\/v2\/users\/1"}],"replies":[{"embeddable":true,"href":"https:\/\/fjala.info\/2009-2015\/wp-json\/wp\/v2\/comments?post=4467"}],"version-history":[{"count":0,"href":"https:\/\/fjala.info\/2009-2015\/wp-json\/wp\/v2\/posts\/4467\/revisions"}],"wp:attachment":[{"href":"https:\/\/fjala.info\/2009-2015\/wp-json\/wp\/v2\/media?parent=4467"}],"wp:term":[{"taxonomy":"category","embeddable":true,"href":"https:\/\/fjala.info\/2009-2015\/wp-json\/wp\/v2\/categories?post=4467"},{"taxonomy":"post_tag","embeddable":true,"href":"https:\/\/fjala.info\/2009-2015\/wp-json\/wp\/v2\/tags?post=4467"}],"curies":[{"name":"wp","href":"https:\/\/api.w.org\/{rel}","templated":true}]}}