{"id":4466,"date":"2012-08-17T07:41:42","date_gmt":"2012-08-17T06:41:42","guid":{"rendered":"http:\/\/www.fjala.info\/?p=4466"},"modified":"2012-08-17T07:41:42","modified_gmt":"2012-08-17T06:41:42","slug":"miliona-per-te-shperblyer-besnikerine","status":"publish","type":"post","link":"https:\/\/fjala.info\/2009-2015\/miliona-per-te-shperblyer-besnikerine\/","title":{"rendered":"Miliona p\u00ebr t\u00eb shp\u00ebrblyer besnik\u00ebrin\u00eb"},"content":{"rendered":"<p><img decoding=\"async\" class=\"alignright size-thumbnail wp-image-7236\" title=\"Mero Baze\" src=\"http:\/\/www.fjala.info\/2012\/mero_baze.jpg\" alt=\"\" width=\"150\" \/> Nga <strong>Mero Baze<\/strong>, <em>16 Gusht 2012<\/em><\/p>\n<p>Vila nr. 4 \u00ebsht\u00eb nj\u00eb sht\u00ebpi e vog\u00ebl n\u00eb krah t\u00eb Pallatit t\u00eb Brigadave, brenda rrethimit t\u00eb tij. E ka pas p\u00ebrdorur ish- Presidenti Moisiu si banes\u00eb t\u00eb vet\u00ebn. \u00cbsht\u00eb nj\u00eb sht\u00ebpi modeste dykat\u00ebshe, t\u00eb cil\u00ebn n\u00ebse e nxjerr n\u00eb shitje, askush nuk jep m\u00eb shum\u00eb se 100 mij\u00eb euro. Kryeministri Berisha, n\u00eb kulmin e kriz\u00ebs ekonomike dhe varf\u00ebris\u00eb ekstreme n\u00eb vend, ka prekur fondin rezerv\u00eb t\u00eb qeveris\u00eb duke i dh\u00ebn\u00eb gjysm\u00eb milion dollar\u00eb p\u00ebr rikonstruksionin e saj, pasi aty ka vendosur t\u00eb banoj\u00eb presidenti i ri, Bujar Nishani.<\/p>\n<p>Nuk dua t\u00eb ndalem k\u00ebtu tek abuzimi financiar se ai \u00ebsht\u00eb i friksh\u00ebm. N\u00ebse ajo vil\u00eb rrafshohet dhe rind\u00ebrtohet nuk i kalon 200 mij\u00eb dollar\u00eb bashk\u00eb me mobilimin. Ajo q\u00eb m\u00eb duket m\u00eb e r\u00ebnd\u00eb n\u00eb psikologjin\u00eb e t\u00eb vepruarit t\u00eb kryeministrit koh\u00ebt e fundit me paret publike \u00ebsht\u00eb nj\u00eb munges\u00eb e frikshme respekti p\u00ebr paret e qytetar\u00ebve dhe nj\u00eb p\u00ebrpjekje p\u00ebr t\u00eb shp\u00ebrblyer me luks kukullat q\u00eb vendos n\u00eb pushtet p\u00ebr tu ndjer\u00eb t\u00eb respektuar n\u00eb detyr\u00ebn e tyre.<\/p>\n<p>Shifra prej gjysm\u00eb milion dollar\u00eb p\u00ebr rregullimin e nj\u00eb sht\u00ebpie modeste dykat\u00ebshe nuk \u00ebsht\u00eb shif\u00ebr financiare, por nj\u00eb gjest shum\u00eb simbolik p\u00ebr t\u00eb treguar se selia reale e Presidentit nuk do t\u00eb jet\u00eb ajo n\u00eb bulevard ku firmoset, por atje ku presidenti do t\u00eb jetoj\u00eb, do t\u00eb ushqehet, do t\u00eb shkoj\u00eb n\u00eb banj\u00eb dhe do t\u00eb sh\u00ebtis\u00eb n\u00eb kopshtin e Pallatit t\u00eb Brigadave. \u00cbsht\u00eb nj\u00eb gjest fyes p\u00ebr t\u00eb na treguar se nevojat reale t\u00eb presidentit t\u00eb ri jan\u00eb nj\u00eb sht\u00ebpi e re luksoze, biles me luks t\u00eb shfrenuar, qet\u00ebsia e kopshtit t\u00eb Pallatit t\u00eb Brigadave ku dhe sh\u00ebrbimet sociale e kan\u00eb m\u00eb t\u00eb leht\u00eb t\u00eb menaxhojn\u00eb nj\u00eb njeri t\u00eb s\u00ebmur\u00eb, ku nuk ka nevoj\u00eb p\u00ebr ashensor\u00eb, meq\u00eb ai nuk l\u00ebviz dot dhe mbi t\u00eb gjitha ku nuk ka nevoj\u00eb t\u00eb merret me pun\u00ebn e presidentit, me t\u00eb cilat tashm\u00eb ka kush merret.<\/p>\n<p>Shifra gjysm\u00eb milion\u00eb dollar\u00eb ngjan m\u00eb shum\u00eb si nj\u00eb \u00e7mim q\u00eb i vendoset nj\u00eb kukulle q\u00eb jep emrin me qera p\u00ebr president dhe vet\u00eb realizon \u00ebndrr\u00ebn e tij p\u00ebr nj\u00eb mjedis luksoz, n\u00eb nj\u00eb sht\u00ebpi e cila vlen e gjitha disa her\u00eb m\u00eb pak se sa mobiliet q\u00eb Berisha k\u00ebrkon t\u2019i blej\u00eb me lek\u00ebt tona.<\/p>\n<p>Nd\u00ebrsa ish- Presidentit Moisiu dhe Topi u priste buxhetin, u shkurtonte rojet dhe fondet e institucionit, vet\u00ebm pse ata nuk ishin luajal\u00eb me t\u00eb, presidentit, q\u00eb i ka dh\u00ebn\u00eb emrin me qera p\u00ebr firm\u00eb, i b\u00ebn dhurata milioner\u00ebsh n\u00eb shk\u00ebmbim t\u00eb d\u00ebgjueshm\u00ebris\u00eb s\u00eb tij.<\/p>\n<p>Dhe t\u00eb gjitha k\u00ebto b\u00ebhen n\u00eb nj\u00eb koh\u00eb kur Shqip\u00ebria ka nevoj\u00eb s\u00eb paku p\u00ebr m\u00eb shum\u00eb respekt p\u00ebr shpenzimet p\u00ebr luks t\u00eb qeveris\u00eb, kur ka nevoj\u00eb p\u00ebr m\u00eb shum\u00eb modesti n\u00eb pagat dhe shp\u00ebrblimet e pushtetar\u00ebve, kur ka nevoj\u00eb p\u00ebr shum\u00eb respekt p\u00ebr paret publike dhe m\u00eb pak gjeste korruptive n\u00eb investimet publike.<\/p>\n<p>Pik\u00ebrisht n\u00eb k\u00ebt\u00eb koh\u00eb ne d\u00ebgjojm\u00eb se Bujar Nishanit do t\u2019i b\u00ebhen dhurat\u00eb gjysm\u00eb milion\u00eb dollar\u00eb p\u00ebr vil\u00ebn ku do jetoj\u00eb, q\u00eb Lul\u00ebzim Bash\u00ebs do t\u2019i shtohet rroga, q\u00eb vila e Vlor\u00ebs ku pushon kryeministri ka vet\u00ebm mobiliet gjysm\u00eb milion\u00eb dollar\u00eb, se zyrat e Bodes kushtojn\u00eb 100 milion\u00eb lek t\u00eb vjetra, e t\u00eb tjera lajme trishtuese si k\u00ebto. Duket se e vetmja gj\u00eb p\u00ebr t\u00eb cil\u00ebn Berisha nuk e mban dor\u00ebn \u00ebsht\u00eb t\u00eb paguaj\u00eb p\u00ebr ata q\u00eb i ofrojn\u00eb mund\u00ebsin\u00eb t\u00eb dor\u00ebzojn\u00eb \u00e7el\u00ebsat e pushtetit q\u00eb kan\u00eb n\u00eb shk\u00ebmbim t\u00eb nj\u00eb luksi financiar. Bujar Nishani brenda muajit ka b\u00ebr\u00eb gjith\u00eb gj\u00ebmat q\u00eb nj\u00eb president mund t\u2019i b\u00ebnte k\u00ebtij vendi p\u00ebr dy dekada.<\/p>\n<p>Ka z\u00ebvend\u00ebsuar me shpejt\u00ebsi kryetarin e SHISH dhe drejtuesin e KLD duke v\u00ebn\u00eb n\u00ebn kontroll t\u00eb menj\u00ebhersh\u00ebm t\u00eb Berish\u00ebs pushtetin gjyq\u00ebsor dhe Sh\u00ebrbimin Informativ. Brenda dit\u00ebs largoi e gradoi nja 7 gjeneral\u00eb nga detyra, duke mos pasur respekt as p\u00ebr zanatin e tij fillestar t\u00eb oficerit. \u00cbsht\u00eb gati t\u00eb firmos\u00eb \u00e7do gj\u00eb q\u00eb i \u00e7ojn\u00eb, biles dhe pa qen\u00eb aty fare. Sali Berisha ka zgjedhur njeriun, q\u00eb ideal t\u00eb tij ka t\u2019i l\u00ebvdohet gruas q\u00eb ka sht\u00ebpi t\u00eb re, t\u00eb pres\u00eb aty ndonj\u00eb mik, oficer a kamerier t\u00eb dikursh\u00ebm, t\u00eb ftoj\u00eb dhe Arben Malajn meq\u00eb k\u00ebtij i ka mbetur merak q\u00eb s\u2019po e takojn\u00eb socialist\u00ebt presidentin dhe t\u2019i l\u00ebr\u00eb pun\u00ebt e presidentit n\u00eb dor\u00eb t\u00eb Berish\u00ebs.<\/p>\n<p>Gjysm\u00eb milion dollar\u00eb p\u00ebr nj\u00eb sht\u00ebpi q\u00eb me gjith\u00eb gur\u00eb e tulla vlen pes\u00eb her\u00eb m\u00eb pak, \u00ebsht\u00eb nj\u00eb \u00e7mim p\u00ebr t\u00eb cilin presidenti yn\u00eb ka \u00ebnd\u00ebrruar gjith\u00eb jet\u00ebn. Por p\u00ebrtej shijeve t\u00eb Nishanit, p\u00ebrtej panevoj\u00ebs s\u00eb Bash\u00ebs p\u00ebr rrog\u00eb apo m\u00ebrzitjes s\u00eb Bodes p\u00ebr shpenzimet n\u00eb zyra, Berisha e b\u00ebn k\u00ebt\u00eb gjest se do t\u00eb tregoj\u00eb se \u00e7far\u00eb shp\u00ebrblimi ka ai p\u00ebr ata q\u00eb ia b\u00ebjn\u00eb t\u00eb leht\u00eb mbret\u00ebrimin. Ai do t\u00eb tregoj\u00eb se kush sh\u00ebrben, shp\u00ebrblehet dhe kush reziston, nd\u00ebshkohet. \u00c7mimi pastaj ka t\u00eb b\u00ebj\u00eb me personat. P\u00ebr Nishanin nuk jan\u00eb pak gjysm\u00eb milion dollar\u00eb.<\/p>\n","protected":false},"excerpt":{"rendered":"<p>Nga Mero Baze, 16 Gusht 2012 Vila nr. 4 \u00ebsht\u00eb nj\u00eb sht\u00ebpi e vog\u00ebl n\u00eb krah t\u00eb Pallatit t\u00eb Brigadave, brenda rrethimit t\u00eb tij. E ka pas p\u00ebrdorur ish- Presidenti Moisiu si banes\u00eb t\u00eb vet\u00ebn. \u00cbsht\u00eb nj\u00eb sht\u00ebpi modeste dykat\u00ebshe, t\u00eb cil\u00ebn n\u00ebse e nxjerr n\u00eb shitje, askush nuk jep m\u00eb shum\u00eb se 100 mij\u00eb [&hellip;]<\/p>\n","protected":false},"author":1,"featured_media":0,"comment_status":"open","ping_status":"closed","sticky":false,"template":"","format":"standard","meta":{"footnotes":""},"categories":[2],"tags":[],"class_list":{"0":"post-4466","1":"post","2":"type-post","3":"status-publish","4":"format-standard","6":"category-artikuj"},"yoast_head":"<!-- This site is optimized with the Yoast SEO plugin v27.4 - https:\/\/yoast.com\/product\/yoast-seo-wordpress\/ -->\n<title>Miliona p\u00ebr t\u00eb shp\u00ebrblyer besnik\u00ebrin\u00eb - FjALA e LIR\u00cb - Arkivi<\/title>\n<meta name=\"robots\" content=\"index, follow, max-snippet:-1, max-image-preview:large, max-video-preview:-1\" \/>\n<link rel=\"canonical\" href=\"https:\/\/fjala.info\/2009-2015\/miliona-per-te-shperblyer-besnikerine\/\" \/>\n<meta property=\"og:locale\" content=\"sq_AL\" \/>\n<meta property=\"og:type\" content=\"article\" \/>\n<meta property=\"og:title\" content=\"Miliona p\u00ebr t\u00eb shp\u00ebrblyer besnik\u00ebrin\u00eb - FjALA e LIR\u00cb - Arkivi\" \/>\n<meta property=\"og:description\" content=\"Nga Mero Baze, 16 Gusht 2012 Vila nr. 4 \u00ebsht\u00eb nj\u00eb sht\u00ebpi e vog\u00ebl n\u00eb krah t\u00eb Pallatit t\u00eb Brigadave, brenda rrethimit t\u00eb tij. E ka pas p\u00ebrdorur ish- Presidenti Moisiu si banes\u00eb t\u00eb vet\u00ebn. \u00cbsht\u00eb nj\u00eb sht\u00ebpi modeste dykat\u00ebshe, t\u00eb cil\u00ebn n\u00ebse e nxjerr n\u00eb shitje, askush nuk jep m\u00eb shum\u00eb se 100 mij\u00eb [&hellip;]\" \/>\n<meta property=\"og:url\" content=\"https:\/\/fjala.info\/2009-2015\/miliona-per-te-shperblyer-besnikerine\/\" \/>\n<meta property=\"og:site_name\" content=\"FjALA e LIR\u00cb - Arkivi\" \/>\n<meta property=\"article:published_time\" content=\"2012-08-17T06:41:42+00:00\" \/>\n<meta property=\"og:image\" content=\"http:\/\/www.fjala.info\/2012\/mero_baze.jpg\" \/>\n<meta name=\"author\" content=\"admin\" \/>\n<meta name=\"twitter:card\" content=\"summary_large_image\" \/>\n<meta name=\"twitter:label1\" content=\"Written by\" \/>\n\t<meta name=\"twitter:data1\" content=\"admin\" \/>\n\t<meta name=\"twitter:label2\" content=\"Est. reading time\" \/>\n\t<meta name=\"twitter:data2\" content=\"5 minutes\" \/>\n<script type=\"application\/ld+json\" class=\"yoast-schema-graph\">{\"@context\":\"https:\\\/\\\/schema.org\",\"@graph\":[{\"@type\":\"Article\",\"@id\":\"https:\\\/\\\/fjala.info\\\/2009-2015\\\/miliona-per-te-shperblyer-besnikerine\\\/#article\",\"isPartOf\":{\"@id\":\"https:\\\/\\\/fjala.info\\\/2009-2015\\\/miliona-per-te-shperblyer-besnikerine\\\/\"},\"author\":{\"name\":\"admin\",\"@id\":\"https:\\\/\\\/fjala.info\\\/2009-2015\\\/#\\\/schema\\\/person\\\/3aa1163ef05469c496fc94e77611ada2\"},\"headline\":\"Miliona p\u00ebr t\u00eb shp\u00ebrblyer besnik\u00ebrin\u00eb\",\"datePublished\":\"2012-08-17T06:41:42+00:00\",\"mainEntityOfPage\":{\"@id\":\"https:\\\/\\\/fjala.info\\\/2009-2015\\\/miliona-per-te-shperblyer-besnikerine\\\/\"},\"wordCount\":936,\"commentCount\":0,\"publisher\":{\"@id\":\"https:\\\/\\\/fjala.info\\\/2009-2015\\\/#organization\"},\"image\":{\"@id\":\"https:\\\/\\\/fjala.info\\\/2009-2015\\\/miliona-per-te-shperblyer-besnikerine\\\/#primaryimage\"},\"thumbnailUrl\":\"http:\\\/\\\/www.fjala.info\\\/2012\\\/mero_baze.jpg\",\"articleSection\":[\"Artikuj\"],\"inLanguage\":\"sq-AL\",\"potentialAction\":[{\"@type\":\"CommentAction\",\"name\":\"Comment\",\"target\":[\"https:\\\/\\\/fjala.info\\\/2009-2015\\\/miliona-per-te-shperblyer-besnikerine\\\/#respond\"]}]},{\"@type\":\"WebPage\",\"@id\":\"https:\\\/\\\/fjala.info\\\/2009-2015\\\/miliona-per-te-shperblyer-besnikerine\\\/\",\"url\":\"https:\\\/\\\/fjala.info\\\/2009-2015\\\/miliona-per-te-shperblyer-besnikerine\\\/\",\"name\":\"Miliona p\u00ebr t\u00eb shp\u00ebrblyer besnik\u00ebrin\u00eb - FjALA e LIR\u00cb - Arkivi\",\"isPartOf\":{\"@id\":\"https:\\\/\\\/fjala.info\\\/2009-2015\\\/#website\"},\"primaryImageOfPage\":{\"@id\":\"https:\\\/\\\/fjala.info\\\/2009-2015\\\/miliona-per-te-shperblyer-besnikerine\\\/#primaryimage\"},\"image\":{\"@id\":\"https:\\\/\\\/fjala.info\\\/2009-2015\\\/miliona-per-te-shperblyer-besnikerine\\\/#primaryimage\"},\"thumbnailUrl\":\"http:\\\/\\\/www.fjala.info\\\/2012\\\/mero_baze.jpg\",\"datePublished\":\"2012-08-17T06:41:42+00:00\",\"breadcrumb\":{\"@id\":\"https:\\\/\\\/fjala.info\\\/2009-2015\\\/miliona-per-te-shperblyer-besnikerine\\\/#breadcrumb\"},\"inLanguage\":\"sq-AL\",\"potentialAction\":[{\"@type\":\"ReadAction\",\"target\":[\"https:\\\/\\\/fjala.info\\\/2009-2015\\\/miliona-per-te-shperblyer-besnikerine\\\/\"]}]},{\"@type\":\"ImageObject\",\"inLanguage\":\"sq-AL\",\"@id\":\"https:\\\/\\\/fjala.info\\\/2009-2015\\\/miliona-per-te-shperblyer-besnikerine\\\/#primaryimage\",\"url\":\"http:\\\/\\\/www.fjala.info\\\/2012\\\/mero_baze.jpg\",\"contentUrl\":\"http:\\\/\\\/www.fjala.info\\\/2012\\\/mero_baze.jpg\"},{\"@type\":\"BreadcrumbList\",\"@id\":\"https:\\\/\\\/fjala.info\\\/2009-2015\\\/miliona-per-te-shperblyer-besnikerine\\\/#breadcrumb\",\"itemListElement\":[{\"@type\":\"ListItem\",\"position\":1,\"name\":\"Home\",\"item\":\"https:\\\/\\\/fjala.info\\\/2009-2015\\\/\"},{\"@type\":\"ListItem\",\"position\":2,\"name\":\"Miliona p\u00ebr t\u00eb shp\u00ebrblyer besnik\u00ebrin\u00eb\"}]},{\"@type\":\"WebSite\",\"@id\":\"https:\\\/\\\/fjala.info\\\/2009-2015\\\/#website\",\"url\":\"https:\\\/\\\/fjala.info\\\/2009-2015\\\/\",\"name\":\"FjALA e LIR\u00cb - Arkivi\",\"description\":\"Arkivi 2009-2015\",\"publisher\":{\"@id\":\"https:\\\/\\\/fjala.info\\\/2009-2015\\\/#organization\"},\"potentialAction\":[{\"@type\":\"SearchAction\",\"target\":{\"@type\":\"EntryPoint\",\"urlTemplate\":\"https:\\\/\\\/fjala.info\\\/2009-2015\\\/?s={search_term_string}\"},\"query-input\":{\"@type\":\"PropertyValueSpecification\",\"valueRequired\":true,\"valueName\":\"search_term_string\"}}],\"inLanguage\":\"sq-AL\"},{\"@type\":\"Organization\",\"@id\":\"https:\\\/\\\/fjala.info\\\/2009-2015\\\/#organization\",\"name\":\"FjALA e LIR\u00cb - Arkivi\",\"url\":\"https:\\\/\\\/fjala.info\\\/2009-2015\\\/\",\"logo\":{\"@type\":\"ImageObject\",\"inLanguage\":\"sq-AL\",\"@id\":\"https:\\\/\\\/fjala.info\\\/2009-2015\\\/#\\\/schema\\\/logo\\\/image\\\/\",\"url\":\"\",\"contentUrl\":\"\",\"caption\":\"FjALA e LIR\u00cb - Arkivi\"},\"image\":{\"@id\":\"https:\\\/\\\/fjala.info\\\/2009-2015\\\/#\\\/schema\\\/logo\\\/image\\\/\"}},{\"@type\":\"Person\",\"@id\":\"https:\\\/\\\/fjala.info\\\/2009-2015\\\/#\\\/schema\\\/person\\\/3aa1163ef05469c496fc94e77611ada2\",\"name\":\"admin\",\"image\":{\"@type\":\"ImageObject\",\"inLanguage\":\"sq-AL\",\"@id\":\"https:\\\/\\\/fjala.info\\\/2009-2015\\\/wp-content\\\/uploads\\\/2012\\\/02\\\/arben_cokaj-120x150.jpg\",\"url\":\"https:\\\/\\\/fjala.info\\\/2009-2015\\\/wp-content\\\/uploads\\\/2012\\\/02\\\/arben_cokaj-120x150.jpg\",\"contentUrl\":\"https:\\\/\\\/fjala.info\\\/2009-2015\\\/wp-content\\\/uploads\\\/2012\\\/02\\\/arben_cokaj-120x150.jpg\",\"caption\":\"admin\"},\"description\":\"Admin, Fjala e Lir\u00eb\",\"sameAs\":[\"https:\\\/\\\/fjala.info\\\/\"],\"url\":\"https:\\\/\\\/fjala.info\\\/2009-2015\\\/author\\\/admin\\\/\"}]}<\/script>\n<!-- \/ Yoast SEO plugin. -->","yoast_head_json":{"title":"Miliona p\u00ebr t\u00eb shp\u00ebrblyer besnik\u00ebrin\u00eb - FjALA e LIR\u00cb - Arkivi","robots":{"index":"index","follow":"follow","max-snippet":"max-snippet:-1","max-image-preview":"max-image-preview:large","max-video-preview":"max-video-preview:-1"},"canonical":"https:\/\/fjala.info\/2009-2015\/miliona-per-te-shperblyer-besnikerine\/","og_locale":"sq_AL","og_type":"article","og_title":"Miliona p\u00ebr t\u00eb shp\u00ebrblyer besnik\u00ebrin\u00eb - FjALA e LIR\u00cb - Arkivi","og_description":"Nga Mero Baze, 16 Gusht 2012 Vila nr. 4 \u00ebsht\u00eb nj\u00eb sht\u00ebpi e vog\u00ebl n\u00eb krah t\u00eb Pallatit t\u00eb Brigadave, brenda rrethimit t\u00eb tij. E ka pas p\u00ebrdorur ish- Presidenti Moisiu si banes\u00eb t\u00eb vet\u00ebn. \u00cbsht\u00eb nj\u00eb sht\u00ebpi modeste dykat\u00ebshe, t\u00eb cil\u00ebn n\u00ebse e nxjerr n\u00eb shitje, askush nuk jep m\u00eb shum\u00eb se 100 mij\u00eb [&hellip;]","og_url":"https:\/\/fjala.info\/2009-2015\/miliona-per-te-shperblyer-besnikerine\/","og_site_name":"FjALA e LIR\u00cb - Arkivi","article_published_time":"2012-08-17T06:41:42+00:00","og_image":[{"url":"http:\/\/www.fjala.info\/2012\/mero_baze.jpg","type":"","width":"","height":""}],"author":"admin","twitter_card":"summary_large_image","twitter_misc":{"Written by":"admin","Est. reading time":"5 minutes"},"schema":{"@context":"https:\/\/schema.org","@graph":[{"@type":"Article","@id":"https:\/\/fjala.info\/2009-2015\/miliona-per-te-shperblyer-besnikerine\/#article","isPartOf":{"@id":"https:\/\/fjala.info\/2009-2015\/miliona-per-te-shperblyer-besnikerine\/"},"author":{"name":"admin","@id":"https:\/\/fjala.info\/2009-2015\/#\/schema\/person\/3aa1163ef05469c496fc94e77611ada2"},"headline":"Miliona p\u00ebr t\u00eb shp\u00ebrblyer besnik\u00ebrin\u00eb","datePublished":"2012-08-17T06:41:42+00:00","mainEntityOfPage":{"@id":"https:\/\/fjala.info\/2009-2015\/miliona-per-te-shperblyer-besnikerine\/"},"wordCount":936,"commentCount":0,"publisher":{"@id":"https:\/\/fjala.info\/2009-2015\/#organization"},"image":{"@id":"https:\/\/fjala.info\/2009-2015\/miliona-per-te-shperblyer-besnikerine\/#primaryimage"},"thumbnailUrl":"http:\/\/www.fjala.info\/2012\/mero_baze.jpg","articleSection":["Artikuj"],"inLanguage":"sq-AL","potentialAction":[{"@type":"CommentAction","name":"Comment","target":["https:\/\/fjala.info\/2009-2015\/miliona-per-te-shperblyer-besnikerine\/#respond"]}]},{"@type":"WebPage","@id":"https:\/\/fjala.info\/2009-2015\/miliona-per-te-shperblyer-besnikerine\/","url":"https:\/\/fjala.info\/2009-2015\/miliona-per-te-shperblyer-besnikerine\/","name":"Miliona p\u00ebr t\u00eb shp\u00ebrblyer besnik\u00ebrin\u00eb - FjALA e LIR\u00cb - Arkivi","isPartOf":{"@id":"https:\/\/fjala.info\/2009-2015\/#website"},"primaryImageOfPage":{"@id":"https:\/\/fjala.info\/2009-2015\/miliona-per-te-shperblyer-besnikerine\/#primaryimage"},"image":{"@id":"https:\/\/fjala.info\/2009-2015\/miliona-per-te-shperblyer-besnikerine\/#primaryimage"},"thumbnailUrl":"http:\/\/www.fjala.info\/2012\/mero_baze.jpg","datePublished":"2012-08-17T06:41:42+00:00","breadcrumb":{"@id":"https:\/\/fjala.info\/2009-2015\/miliona-per-te-shperblyer-besnikerine\/#breadcrumb"},"inLanguage":"sq-AL","potentialAction":[{"@type":"ReadAction","target":["https:\/\/fjala.info\/2009-2015\/miliona-per-te-shperblyer-besnikerine\/"]}]},{"@type":"ImageObject","inLanguage":"sq-AL","@id":"https:\/\/fjala.info\/2009-2015\/miliona-per-te-shperblyer-besnikerine\/#primaryimage","url":"http:\/\/www.fjala.info\/2012\/mero_baze.jpg","contentUrl":"http:\/\/www.fjala.info\/2012\/mero_baze.jpg"},{"@type":"BreadcrumbList","@id":"https:\/\/fjala.info\/2009-2015\/miliona-per-te-shperblyer-besnikerine\/#breadcrumb","itemListElement":[{"@type":"ListItem","position":1,"name":"Home","item":"https:\/\/fjala.info\/2009-2015\/"},{"@type":"ListItem","position":2,"name":"Miliona p\u00ebr t\u00eb shp\u00ebrblyer besnik\u00ebrin\u00eb"}]},{"@type":"WebSite","@id":"https:\/\/fjala.info\/2009-2015\/#website","url":"https:\/\/fjala.info\/2009-2015\/","name":"FjALA e LIR\u00cb - Arkivi","description":"Arkivi 2009-2015","publisher":{"@id":"https:\/\/fjala.info\/2009-2015\/#organization"},"potentialAction":[{"@type":"SearchAction","target":{"@type":"EntryPoint","urlTemplate":"https:\/\/fjala.info\/2009-2015\/?s={search_term_string}"},"query-input":{"@type":"PropertyValueSpecification","valueRequired":true,"valueName":"search_term_string"}}],"inLanguage":"sq-AL"},{"@type":"Organization","@id":"https:\/\/fjala.info\/2009-2015\/#organization","name":"FjALA e LIR\u00cb - Arkivi","url":"https:\/\/fjala.info\/2009-2015\/","logo":{"@type":"ImageObject","inLanguage":"sq-AL","@id":"https:\/\/fjala.info\/2009-2015\/#\/schema\/logo\/image\/","url":"","contentUrl":"","caption":"FjALA e LIR\u00cb - Arkivi"},"image":{"@id":"https:\/\/fjala.info\/2009-2015\/#\/schema\/logo\/image\/"}},{"@type":"Person","@id":"https:\/\/fjala.info\/2009-2015\/#\/schema\/person\/3aa1163ef05469c496fc94e77611ada2","name":"admin","image":{"@type":"ImageObject","inLanguage":"sq-AL","@id":"https:\/\/fjala.info\/2009-2015\/wp-content\/uploads\/2012\/02\/arben_cokaj-120x150.jpg","url":"https:\/\/fjala.info\/2009-2015\/wp-content\/uploads\/2012\/02\/arben_cokaj-120x150.jpg","contentUrl":"https:\/\/fjala.info\/2009-2015\/wp-content\/uploads\/2012\/02\/arben_cokaj-120x150.jpg","caption":"admin"},"description":"Admin, Fjala e Lir\u00eb","sameAs":["https:\/\/fjala.info\/"],"url":"https:\/\/fjala.info\/2009-2015\/author\/admin\/"}]}},"_links":{"self":[{"href":"https:\/\/fjala.info\/2009-2015\/wp-json\/wp\/v2\/posts\/4466","targetHints":{"allow":["GET"]}}],"collection":[{"href":"https:\/\/fjala.info\/2009-2015\/wp-json\/wp\/v2\/posts"}],"about":[{"href":"https:\/\/fjala.info\/2009-2015\/wp-json\/wp\/v2\/types\/post"}],"author":[{"embeddable":true,"href":"https:\/\/fjala.info\/2009-2015\/wp-json\/wp\/v2\/users\/1"}],"replies":[{"embeddable":true,"href":"https:\/\/fjala.info\/2009-2015\/wp-json\/wp\/v2\/comments?post=4466"}],"version-history":[{"count":0,"href":"https:\/\/fjala.info\/2009-2015\/wp-json\/wp\/v2\/posts\/4466\/revisions"}],"wp:attachment":[{"href":"https:\/\/fjala.info\/2009-2015\/wp-json\/wp\/v2\/media?parent=4466"}],"wp:term":[{"taxonomy":"category","embeddable":true,"href":"https:\/\/fjala.info\/2009-2015\/wp-json\/wp\/v2\/categories?post=4466"},{"taxonomy":"post_tag","embeddable":true,"href":"https:\/\/fjala.info\/2009-2015\/wp-json\/wp\/v2\/tags?post=4466"}],"curies":[{"name":"wp","href":"https:\/\/api.w.org\/{rel}","templated":true}]}}