{"id":4464,"date":"2010-10-24T21:10:18","date_gmt":"2010-10-24T20:10:18","guid":{"rendered":"http:\/\/fjala.shkoder.net\/?p=4464"},"modified":"2010-10-24T21:10:18","modified_gmt":"2010-10-24T20:10:18","slug":"ceshtje-nderi","status":"publish","type":"post","link":"https:\/\/fjala.info\/2009-2015\/ceshtje-nderi\/","title":{"rendered":"\u00c7\u00ebshtje nderi !"},"content":{"rendered":"<p>Nga <strong>Enton Palushi<\/strong><\/p>\n<p>Nj\u00eb nga arsyet pse njer\u00ebzit votuan pro Partis\u00eb Demokratike n\u00eb zgjedhjet e korrikut 2005 ishte dhe imazhi q\u00eb kishte krijuar kryetari demokrat si njeri i ndersh\u00ebm. P\u00ebrball\u00eb veseve t\u00eb kryetarit socialist, figura e Berish\u00ebs ishte m\u00eb e besueshme. Tani, pasi ka q\u00ebndruar pes\u00eb vite n\u00eb krye t\u00eb qeveris\u00eb, mund t\u00eb konstatohet leht\u00eb se koncepti i tij p\u00ebr ndershm\u00ebrin\u00eb \u00ebsht\u00eb i reduktuar vet\u00ebm tek \u00e7\u00ebshtjet seksuale. <\/p>\n<p>Edhe pse disa ministra e zyrtar\u00eb t\u00eb lart\u00eb t\u00eb tij jan\u00eb akuzuar p\u00ebr korrupsion e vrasje dhe ndaj tyre jan\u00eb ngritur edhe padi, i vetmi q\u00eb e ka p\u00ebsuar nga kryeministri \u00ebsht\u00eb Ylli Pango, q\u00eb nuk i rezistoi instiktit seksual. Kryeministri Berisha deklaroi se e shkarkoi Pangon vet\u00ebm kat\u00ebr minuta pasi u transmetua videoja e tij. <\/p>\n<p>Pjesa kryesore e retorik\u00ebs s\u00eb Berish\u00ebs ndaj Ram\u00ebs \u00ebsht\u00eb gjithashtu e p\u00ebrqendruar n\u00eb k\u00ebt\u00eb drejtim. Akuzat q\u00eb i ka b\u00ebr\u00eb lidhen me tendencat e tij seksuale e me marr\u00ebdh\u00ebniet q\u00eb ka me grat\u00eb. <\/p>\n<p>N\u00eb Kuvend, n\u00eb nj\u00eb nga momentet m\u00eb t\u00eb r\u00ebnda t\u00eb historis\u00eb s\u00eb tij, kur nj\u00eb deputet socialist i kujtoi ambiciet politike t\u00eb vajz\u00ebs, Berisha u p\u00ebrgjigj duke i th\u00ebn\u00eb se motra e n\u00ebna e tij ishin t\u00eb p\u00ebrdala. <\/p>\n<p>Gjat\u00eb koh\u00ebs q\u00eb deputet\u00ebt socialist\u00eb ishin n\u00eb grev\u00eb urie, sulmi i Berish\u00ebs u p\u00ebrqendrua tek grat\u00eb q\u00eb kishin hyr\u00eb n\u00eb grev\u00eb. Femrat demokrate akuzonin homologet socialiste se po keqp\u00ebrdoreshin nga nj\u00eb mashkull dhe kishin hyr\u00eb n\u00eb grev\u00eb duke l\u00ebn\u00eb pa kryer detyr\u00ebn kryesore, at\u00eb t\u00eb n\u00ebn\u00ebs. Nd\u00ebrsa n\u00ebn z\u00eb e mbi z\u00eb, frustrimet seksuale t\u00eb Berish\u00ebs paraqiteshin n\u00eb form\u00ebn e fantazive mbi at\u00eb se ku laheshin apo ku urinonin femrat e ngujuara para zyr\u00ebs s\u00eb tij. <\/p>\n<p>Shum\u00ebkush nuk do e kishte imagjinuar se do shihte kryeministrin demokrat t\u2019i sulej nj\u00eb deputeti me t\u00eb shara e t\u00eb p\u00ebrdorte fjal\u00ebn \u201cbusht\u00ebr\u201d.<\/p>\n<p>Para disa koh\u00ebsh mediat italiane botuan 10 urdh\u00ebresat e mafias, e cila po ashtu, edhe pse porosit vrasje e krime nga m\u00eb t\u00eb ndryshmet, konceptin p\u00ebr ndershm\u00ebrin\u00eb e ka t\u00eb reduktuar tek nderi i grave. <\/p>\n<p>\u201cNuk mund t\u00eb jet\u00eb pjes\u00eb e familjes ai q\u00eb nuk e respekton gruan dhe q\u00eb i hedh syt\u00eb gruas s\u00eb shokut,\u201d thuhet n\u00eb nj\u00eb nga urdh\u00ebresat e mafias. Ajo i mbivendoset urdh\u00ebres\u00ebs origjinale t\u00eb dekalogut: \u201cMos vidh!\u201d<\/p>\n","protected":false},"excerpt":{"rendered":"<p>Nga Enton Palushi Nj\u00eb nga arsyet pse njer\u00ebzit votuan pro Partis\u00eb Demokratike n\u00eb zgjedhjet e korrikut 2005 ishte dhe imazhi q\u00eb kishte krijuar kryetari demokrat si njeri i ndersh\u00ebm. P\u00ebrball\u00eb veseve t\u00eb kryetarit socialist, figura e Berish\u00ebs ishte m\u00eb e besueshme. Tani, pasi ka q\u00ebndruar pes\u00eb vite n\u00eb krye t\u00eb qeveris\u00eb, mund t\u00eb konstatohet leht\u00eb [&hellip;]<\/p>\n","protected":false},"author":1,"featured_media":0,"comment_status":"open","ping_status":"closed","sticky":false,"template":"","format":"standard","meta":{"footnotes":""},"categories":[2],"tags":[],"class_list":{"0":"post-4464","1":"post","2":"type-post","3":"status-publish","4":"format-standard","6":"category-artikuj"},"yoast_head":"<!-- This site is optimized with the Yoast SEO plugin v27.4 - https:\/\/yoast.com\/product\/yoast-seo-wordpress\/ -->\n<title>\u00c7\u00ebshtje nderi ! - FjALA e LIR\u00cb - Arkivi<\/title>\n<meta name=\"robots\" content=\"index, follow, max-snippet:-1, max-image-preview:large, max-video-preview:-1\" \/>\n<link rel=\"canonical\" href=\"https:\/\/fjala.info\/2009-2015\/ceshtje-nderi\/\" \/>\n<meta property=\"og:locale\" content=\"sq_AL\" \/>\n<meta property=\"og:type\" content=\"article\" \/>\n<meta property=\"og:title\" content=\"\u00c7\u00ebshtje nderi ! - FjALA e LIR\u00cb - Arkivi\" \/>\n<meta property=\"og:description\" content=\"Nga Enton Palushi Nj\u00eb nga arsyet pse njer\u00ebzit votuan pro Partis\u00eb Demokratike n\u00eb zgjedhjet e korrikut 2005 ishte dhe imazhi q\u00eb kishte krijuar kryetari demokrat si njeri i ndersh\u00ebm. P\u00ebrball\u00eb veseve t\u00eb kryetarit socialist, figura e Berish\u00ebs ishte m\u00eb e besueshme. Tani, pasi ka q\u00ebndruar pes\u00eb vite n\u00eb krye t\u00eb qeveris\u00eb, mund t\u00eb konstatohet leht\u00eb [&hellip;]\" \/>\n<meta property=\"og:url\" content=\"https:\/\/fjala.info\/2009-2015\/ceshtje-nderi\/\" \/>\n<meta property=\"og:site_name\" content=\"FjALA e LIR\u00cb - Arkivi\" \/>\n<meta property=\"article:published_time\" content=\"2010-10-24T20:10:18+00:00\" \/>\n<meta name=\"author\" content=\"admin\" \/>\n<meta name=\"twitter:card\" content=\"summary_large_image\" \/>\n<meta name=\"twitter:label1\" content=\"Written by\" \/>\n\t<meta name=\"twitter:data1\" content=\"admin\" \/>\n\t<meta name=\"twitter:label2\" content=\"Est. reading time\" \/>\n\t<meta name=\"twitter:data2\" content=\"2 minutes\" \/>\n<script type=\"application\/ld+json\" class=\"yoast-schema-graph\">{\"@context\":\"https:\\\/\\\/schema.org\",\"@graph\":[{\"@type\":\"Article\",\"@id\":\"https:\\\/\\\/fjala.info\\\/2009-2015\\\/ceshtje-nderi\\\/#article\",\"isPartOf\":{\"@id\":\"https:\\\/\\\/fjala.info\\\/2009-2015\\\/ceshtje-nderi\\\/\"},\"author\":{\"name\":\"admin\",\"@id\":\"https:\\\/\\\/fjala.info\\\/2009-2015\\\/#\\\/schema\\\/person\\\/3aa1163ef05469c496fc94e77611ada2\"},\"headline\":\"\u00c7\u00ebshtje nderi !\",\"datePublished\":\"2010-10-24T20:10:18+00:00\",\"mainEntityOfPage\":{\"@id\":\"https:\\\/\\\/fjala.info\\\/2009-2015\\\/ceshtje-nderi\\\/\"},\"wordCount\":418,\"commentCount\":0,\"publisher\":{\"@id\":\"https:\\\/\\\/fjala.info\\\/2009-2015\\\/#organization\"},\"articleSection\":[\"Artikuj\"],\"inLanguage\":\"sq-AL\",\"potentialAction\":[{\"@type\":\"CommentAction\",\"name\":\"Comment\",\"target\":[\"https:\\\/\\\/fjala.info\\\/2009-2015\\\/ceshtje-nderi\\\/#respond\"]}]},{\"@type\":\"WebPage\",\"@id\":\"https:\\\/\\\/fjala.info\\\/2009-2015\\\/ceshtje-nderi\\\/\",\"url\":\"https:\\\/\\\/fjala.info\\\/2009-2015\\\/ceshtje-nderi\\\/\",\"name\":\"\u00c7\u00ebshtje nderi ! - FjALA e LIR\u00cb - Arkivi\",\"isPartOf\":{\"@id\":\"https:\\\/\\\/fjala.info\\\/2009-2015\\\/#website\"},\"datePublished\":\"2010-10-24T20:10:18+00:00\",\"breadcrumb\":{\"@id\":\"https:\\\/\\\/fjala.info\\\/2009-2015\\\/ceshtje-nderi\\\/#breadcrumb\"},\"inLanguage\":\"sq-AL\",\"potentialAction\":[{\"@type\":\"ReadAction\",\"target\":[\"https:\\\/\\\/fjala.info\\\/2009-2015\\\/ceshtje-nderi\\\/\"]}]},{\"@type\":\"BreadcrumbList\",\"@id\":\"https:\\\/\\\/fjala.info\\\/2009-2015\\\/ceshtje-nderi\\\/#breadcrumb\",\"itemListElement\":[{\"@type\":\"ListItem\",\"position\":1,\"name\":\"Home\",\"item\":\"https:\\\/\\\/fjala.info\\\/2009-2015\\\/\"},{\"@type\":\"ListItem\",\"position\":2,\"name\":\"\u00c7\u00ebshtje nderi !\"}]},{\"@type\":\"WebSite\",\"@id\":\"https:\\\/\\\/fjala.info\\\/2009-2015\\\/#website\",\"url\":\"https:\\\/\\\/fjala.info\\\/2009-2015\\\/\",\"name\":\"FjALA e LIR\u00cb - Arkivi\",\"description\":\"Arkivi 2009-2015\",\"publisher\":{\"@id\":\"https:\\\/\\\/fjala.info\\\/2009-2015\\\/#organization\"},\"potentialAction\":[{\"@type\":\"SearchAction\",\"target\":{\"@type\":\"EntryPoint\",\"urlTemplate\":\"https:\\\/\\\/fjala.info\\\/2009-2015\\\/?s={search_term_string}\"},\"query-input\":{\"@type\":\"PropertyValueSpecification\",\"valueRequired\":true,\"valueName\":\"search_term_string\"}}],\"inLanguage\":\"sq-AL\"},{\"@type\":\"Organization\",\"@id\":\"https:\\\/\\\/fjala.info\\\/2009-2015\\\/#organization\",\"name\":\"FjALA e LIR\u00cb - Arkivi\",\"url\":\"https:\\\/\\\/fjala.info\\\/2009-2015\\\/\",\"logo\":{\"@type\":\"ImageObject\",\"inLanguage\":\"sq-AL\",\"@id\":\"https:\\\/\\\/fjala.info\\\/2009-2015\\\/#\\\/schema\\\/logo\\\/image\\\/\",\"url\":\"\",\"contentUrl\":\"\",\"caption\":\"FjALA e LIR\u00cb - Arkivi\"},\"image\":{\"@id\":\"https:\\\/\\\/fjala.info\\\/2009-2015\\\/#\\\/schema\\\/logo\\\/image\\\/\"}},{\"@type\":\"Person\",\"@id\":\"https:\\\/\\\/fjala.info\\\/2009-2015\\\/#\\\/schema\\\/person\\\/3aa1163ef05469c496fc94e77611ada2\",\"name\":\"admin\",\"image\":{\"@type\":\"ImageObject\",\"inLanguage\":\"sq-AL\",\"@id\":\"https:\\\/\\\/fjala.info\\\/2009-2015\\\/wp-content\\\/uploads\\\/2012\\\/02\\\/arben_cokaj-120x150.jpg\",\"url\":\"https:\\\/\\\/fjala.info\\\/2009-2015\\\/wp-content\\\/uploads\\\/2012\\\/02\\\/arben_cokaj-120x150.jpg\",\"contentUrl\":\"https:\\\/\\\/fjala.info\\\/2009-2015\\\/wp-content\\\/uploads\\\/2012\\\/02\\\/arben_cokaj-120x150.jpg\",\"caption\":\"admin\"},\"description\":\"Admin, Fjala e Lir\u00eb\",\"sameAs\":[\"https:\\\/\\\/fjala.info\\\/\"],\"url\":\"https:\\\/\\\/fjala.info\\\/2009-2015\\\/author\\\/admin\\\/\"}]}<\/script>\n<!-- \/ Yoast SEO plugin. -->","yoast_head_json":{"title":"\u00c7\u00ebshtje nderi ! - FjALA e LIR\u00cb - Arkivi","robots":{"index":"index","follow":"follow","max-snippet":"max-snippet:-1","max-image-preview":"max-image-preview:large","max-video-preview":"max-video-preview:-1"},"canonical":"https:\/\/fjala.info\/2009-2015\/ceshtje-nderi\/","og_locale":"sq_AL","og_type":"article","og_title":"\u00c7\u00ebshtje nderi ! - FjALA e LIR\u00cb - Arkivi","og_description":"Nga Enton Palushi Nj\u00eb nga arsyet pse njer\u00ebzit votuan pro Partis\u00eb Demokratike n\u00eb zgjedhjet e korrikut 2005 ishte dhe imazhi q\u00eb kishte krijuar kryetari demokrat si njeri i ndersh\u00ebm. P\u00ebrball\u00eb veseve t\u00eb kryetarit socialist, figura e Berish\u00ebs ishte m\u00eb e besueshme. Tani, pasi ka q\u00ebndruar pes\u00eb vite n\u00eb krye t\u00eb qeveris\u00eb, mund t\u00eb konstatohet leht\u00eb [&hellip;]","og_url":"https:\/\/fjala.info\/2009-2015\/ceshtje-nderi\/","og_site_name":"FjALA e LIR\u00cb - Arkivi","article_published_time":"2010-10-24T20:10:18+00:00","author":"admin","twitter_card":"summary_large_image","twitter_misc":{"Written by":"admin","Est. reading time":"2 minutes"},"schema":{"@context":"https:\/\/schema.org","@graph":[{"@type":"Article","@id":"https:\/\/fjala.info\/2009-2015\/ceshtje-nderi\/#article","isPartOf":{"@id":"https:\/\/fjala.info\/2009-2015\/ceshtje-nderi\/"},"author":{"name":"admin","@id":"https:\/\/fjala.info\/2009-2015\/#\/schema\/person\/3aa1163ef05469c496fc94e77611ada2"},"headline":"\u00c7\u00ebshtje nderi !","datePublished":"2010-10-24T20:10:18+00:00","mainEntityOfPage":{"@id":"https:\/\/fjala.info\/2009-2015\/ceshtje-nderi\/"},"wordCount":418,"commentCount":0,"publisher":{"@id":"https:\/\/fjala.info\/2009-2015\/#organization"},"articleSection":["Artikuj"],"inLanguage":"sq-AL","potentialAction":[{"@type":"CommentAction","name":"Comment","target":["https:\/\/fjala.info\/2009-2015\/ceshtje-nderi\/#respond"]}]},{"@type":"WebPage","@id":"https:\/\/fjala.info\/2009-2015\/ceshtje-nderi\/","url":"https:\/\/fjala.info\/2009-2015\/ceshtje-nderi\/","name":"\u00c7\u00ebshtje nderi ! - FjALA e LIR\u00cb - Arkivi","isPartOf":{"@id":"https:\/\/fjala.info\/2009-2015\/#website"},"datePublished":"2010-10-24T20:10:18+00:00","breadcrumb":{"@id":"https:\/\/fjala.info\/2009-2015\/ceshtje-nderi\/#breadcrumb"},"inLanguage":"sq-AL","potentialAction":[{"@type":"ReadAction","target":["https:\/\/fjala.info\/2009-2015\/ceshtje-nderi\/"]}]},{"@type":"BreadcrumbList","@id":"https:\/\/fjala.info\/2009-2015\/ceshtje-nderi\/#breadcrumb","itemListElement":[{"@type":"ListItem","position":1,"name":"Home","item":"https:\/\/fjala.info\/2009-2015\/"},{"@type":"ListItem","position":2,"name":"\u00c7\u00ebshtje nderi !"}]},{"@type":"WebSite","@id":"https:\/\/fjala.info\/2009-2015\/#website","url":"https:\/\/fjala.info\/2009-2015\/","name":"FjALA e LIR\u00cb - Arkivi","description":"Arkivi 2009-2015","publisher":{"@id":"https:\/\/fjala.info\/2009-2015\/#organization"},"potentialAction":[{"@type":"SearchAction","target":{"@type":"EntryPoint","urlTemplate":"https:\/\/fjala.info\/2009-2015\/?s={search_term_string}"},"query-input":{"@type":"PropertyValueSpecification","valueRequired":true,"valueName":"search_term_string"}}],"inLanguage":"sq-AL"},{"@type":"Organization","@id":"https:\/\/fjala.info\/2009-2015\/#organization","name":"FjALA e LIR\u00cb - Arkivi","url":"https:\/\/fjala.info\/2009-2015\/","logo":{"@type":"ImageObject","inLanguage":"sq-AL","@id":"https:\/\/fjala.info\/2009-2015\/#\/schema\/logo\/image\/","url":"","contentUrl":"","caption":"FjALA e LIR\u00cb - Arkivi"},"image":{"@id":"https:\/\/fjala.info\/2009-2015\/#\/schema\/logo\/image\/"}},{"@type":"Person","@id":"https:\/\/fjala.info\/2009-2015\/#\/schema\/person\/3aa1163ef05469c496fc94e77611ada2","name":"admin","image":{"@type":"ImageObject","inLanguage":"sq-AL","@id":"https:\/\/fjala.info\/2009-2015\/wp-content\/uploads\/2012\/02\/arben_cokaj-120x150.jpg","url":"https:\/\/fjala.info\/2009-2015\/wp-content\/uploads\/2012\/02\/arben_cokaj-120x150.jpg","contentUrl":"https:\/\/fjala.info\/2009-2015\/wp-content\/uploads\/2012\/02\/arben_cokaj-120x150.jpg","caption":"admin"},"description":"Admin, Fjala e Lir\u00eb","sameAs":["https:\/\/fjala.info\/"],"url":"https:\/\/fjala.info\/2009-2015\/author\/admin\/"}]}},"_links":{"self":[{"href":"https:\/\/fjala.info\/2009-2015\/wp-json\/wp\/v2\/posts\/4464","targetHints":{"allow":["GET"]}}],"collection":[{"href":"https:\/\/fjala.info\/2009-2015\/wp-json\/wp\/v2\/posts"}],"about":[{"href":"https:\/\/fjala.info\/2009-2015\/wp-json\/wp\/v2\/types\/post"}],"author":[{"embeddable":true,"href":"https:\/\/fjala.info\/2009-2015\/wp-json\/wp\/v2\/users\/1"}],"replies":[{"embeddable":true,"href":"https:\/\/fjala.info\/2009-2015\/wp-json\/wp\/v2\/comments?post=4464"}],"version-history":[{"count":0,"href":"https:\/\/fjala.info\/2009-2015\/wp-json\/wp\/v2\/posts\/4464\/revisions"}],"wp:attachment":[{"href":"https:\/\/fjala.info\/2009-2015\/wp-json\/wp\/v2\/media?parent=4464"}],"wp:term":[{"taxonomy":"category","embeddable":true,"href":"https:\/\/fjala.info\/2009-2015\/wp-json\/wp\/v2\/categories?post=4464"},{"taxonomy":"post_tag","embeddable":true,"href":"https:\/\/fjala.info\/2009-2015\/wp-json\/wp\/v2\/tags?post=4464"}],"curies":[{"name":"wp","href":"https:\/\/api.w.org\/{rel}","templated":true}]}}