{"id":4460,"date":"2012-08-17T07:33:52","date_gmt":"2012-08-17T06:33:52","guid":{"rendered":"http:\/\/www.fjala.info\/?p=4460"},"modified":"2012-08-17T07:33:52","modified_gmt":"2012-08-17T06:33:52","slug":"prishet-shtepia-e-flamurit-ne-korce","status":"publish","type":"post","link":"https:\/\/fjala.info\/2009-2015\/prishet-shtepia-e-flamurit-ne-korce\/","title":{"rendered":"Prishet sht\u00ebpia e flamurit n\u00eb Kor\u00e7\u00eb"},"content":{"rendered":"<p><img decoding=\"async\" class=\"alignright size-thumbnail wp-image-7236\" title=\"Shembet sht\u00ebpia G\u00ebrmenji\" src=\"http:\/\/www.fjala.info\/2012\/shembet_shtepia_germenji.jpg\" alt=\"\" width=\"300\" \/> <strong>TemA<\/strong>, <em>16 Gusht 2012<\/em><\/p>\n<p>Nj\u00eb tjet\u00ebr masak\u00ebr kulturore ka ndodhur ne qytetin e Kor\u00e7\u00ebs. Pas zhdukjes s\u00eb pikturave, sht\u00ebpia e shpallur monument kulture, ku Themistokli G\u00ebrmenji ka shpallur Kor\u00e7\u00ebn krahine autonome \u00ebsht\u00eb shkat\u00ebrruar. K\u00ebt\u00eb fakt e ka denoncuar kryetari i bashkis\u00eb, Niko Peleshi, i cili tha se sht\u00ebpia muze \u00ebsht\u00eb d\u00ebmtuar nga mjete t\u00eb r\u00ebnda n\u00eb or\u00ebt e para t\u00eb m\u00ebngjesit, nga persona ende t\u00eb panjohur, raporton Vizion Plus.<\/p>\n<p>P\u00ebr k\u00ebt\u00eb situat\u00eb kryetari i bashkis\u00eb ka akuzuar edhe drejtorin\u00eb e monumenteve t\u00eb kultur\u00ebs, p\u00ebr mos investim n\u00eb k\u00ebt\u00eb godin\u00eb, e cila ka ardhur duke u degraduar nga viti n\u00eb vit. E nd\u00ebrsa policia nuk ka ende asnj\u00eb t\u00eb dyshuar p\u00ebr k\u00ebt\u00eb vep\u00ebr penale, bashkia ka shmangur dyshimet, duke qart\u00ebsuar se n\u00eb k\u00ebt\u00eb zon\u00eb nuk ka asnj\u00eb leje p\u00ebr nd\u00ebrtim pallatesh.<\/p>\n<p>Kjo godin\u00eb kreu funksionin e selis\u00eb qendrore t\u00eb Republik\u00ebs Autonome t\u00eb Kor\u00e7\u00ebs, q\u00eb ndikoi fuqish\u00ebm n\u00eb zhvillimin e l\u00ebvizjes patriotike n\u00eb vendin tone dhe hodhi bazat e zhvillimit kulturor per\u00ebndimor. Sht\u00ebpia muze \u00ebsht\u00eb l\u00ebn\u00eb n\u00eb m\u00ebshir\u00eb t\u00eb fatit p\u00ebrgjat\u00eb viteve dhe pllaka q\u00eb p\u00ebrkujtonte dit\u00ebn kur patrioti i shquar Themistokli Germenji ngriti flamurin q\u00eb shpallte Kor\u00e7\u00ebn Republik\u00eb Autonome, nuk \u00ebsht\u00eb m\u00eb.<\/p>\n","protected":false},"excerpt":{"rendered":"<p>TemA, 16 Gusht 2012 Nj\u00eb tjet\u00ebr masak\u00ebr kulturore ka ndodhur ne qytetin e Kor\u00e7\u00ebs. Pas zhdukjes s\u00eb pikturave, sht\u00ebpia e shpallur monument kulture, ku Themistokli G\u00ebrmenji ka shpallur Kor\u00e7\u00ebn krahine autonome \u00ebsht\u00eb shkat\u00ebrruar. K\u00ebt\u00eb fakt e ka denoncuar kryetari i bashkis\u00eb, Niko Peleshi, i cili tha se sht\u00ebpia muze \u00ebsht\u00eb d\u00ebmtuar nga mjete t\u00eb r\u00ebnda [&hellip;]<\/p>\n","protected":false},"author":1,"featured_media":0,"comment_status":"open","ping_status":"closed","sticky":false,"template":"","format":"standard","meta":{"footnotes":""},"categories":[5],"tags":[],"class_list":{"0":"post-4460","1":"post","2":"type-post","3":"status-publish","4":"format-standard","6":"category-lajme"},"yoast_head":"<!-- This site is optimized with the Yoast SEO plugin v27.4 - https:\/\/yoast.com\/product\/yoast-seo-wordpress\/ -->\n<title>Prishet sht\u00ebpia e flamurit n\u00eb Kor\u00e7\u00eb - FjALA e LIR\u00cb - Arkivi<\/title>\n<meta name=\"robots\" content=\"index, follow, max-snippet:-1, max-image-preview:large, max-video-preview:-1\" \/>\n<link rel=\"canonical\" href=\"https:\/\/fjala.info\/2009-2015\/prishet-shtepia-e-flamurit-ne-korce\/\" \/>\n<meta property=\"og:locale\" content=\"sq_AL\" \/>\n<meta property=\"og:type\" content=\"article\" \/>\n<meta property=\"og:title\" content=\"Prishet sht\u00ebpia e flamurit n\u00eb Kor\u00e7\u00eb - FjALA e LIR\u00cb - Arkivi\" \/>\n<meta property=\"og:description\" content=\"TemA, 16 Gusht 2012 Nj\u00eb tjet\u00ebr masak\u00ebr kulturore ka ndodhur ne qytetin e Kor\u00e7\u00ebs. Pas zhdukjes s\u00eb pikturave, sht\u00ebpia e shpallur monument kulture, ku Themistokli G\u00ebrmenji ka shpallur Kor\u00e7\u00ebn krahine autonome \u00ebsht\u00eb shkat\u00ebrruar. K\u00ebt\u00eb fakt e ka denoncuar kryetari i bashkis\u00eb, Niko Peleshi, i cili tha se sht\u00ebpia muze \u00ebsht\u00eb d\u00ebmtuar nga mjete t\u00eb r\u00ebnda [&hellip;]\" \/>\n<meta property=\"og:url\" content=\"https:\/\/fjala.info\/2009-2015\/prishet-shtepia-e-flamurit-ne-korce\/\" \/>\n<meta property=\"og:site_name\" content=\"FjALA e LIR\u00cb - Arkivi\" \/>\n<meta property=\"article:published_time\" content=\"2012-08-17T06:33:52+00:00\" \/>\n<meta property=\"og:image\" content=\"http:\/\/www.fjala.info\/2012\/shembet_shtepia_germenji.jpg\" \/>\n<meta name=\"author\" content=\"admin\" \/>\n<meta name=\"twitter:card\" content=\"summary_large_image\" \/>\n<meta name=\"twitter:label1\" content=\"Written by\" \/>\n\t<meta name=\"twitter:data1\" content=\"admin\" \/>\n\t<meta name=\"twitter:label2\" content=\"Est. reading time\" \/>\n\t<meta name=\"twitter:data2\" content=\"1 minute\" \/>\n<script type=\"application\/ld+json\" class=\"yoast-schema-graph\">{\"@context\":\"https:\\\/\\\/schema.org\",\"@graph\":[{\"@type\":\"Article\",\"@id\":\"https:\\\/\\\/fjala.info\\\/2009-2015\\\/prishet-shtepia-e-flamurit-ne-korce\\\/#article\",\"isPartOf\":{\"@id\":\"https:\\\/\\\/fjala.info\\\/2009-2015\\\/prishet-shtepia-e-flamurit-ne-korce\\\/\"},\"author\":{\"name\":\"admin\",\"@id\":\"https:\\\/\\\/fjala.info\\\/2009-2015\\\/#\\\/schema\\\/person\\\/3aa1163ef05469c496fc94e77611ada2\"},\"headline\":\"Prishet sht\u00ebpia e flamurit n\u00eb Kor\u00e7\u00eb\",\"datePublished\":\"2012-08-17T06:33:52+00:00\",\"mainEntityOfPage\":{\"@id\":\"https:\\\/\\\/fjala.info\\\/2009-2015\\\/prishet-shtepia-e-flamurit-ne-korce\\\/\"},\"wordCount\":234,\"commentCount\":0,\"publisher\":{\"@id\":\"https:\\\/\\\/fjala.info\\\/2009-2015\\\/#organization\"},\"image\":{\"@id\":\"https:\\\/\\\/fjala.info\\\/2009-2015\\\/prishet-shtepia-e-flamurit-ne-korce\\\/#primaryimage\"},\"thumbnailUrl\":\"http:\\\/\\\/www.fjala.info\\\/2012\\\/shembet_shtepia_germenji.jpg\",\"articleSection\":[\"Lajme\"],\"inLanguage\":\"sq-AL\",\"potentialAction\":[{\"@type\":\"CommentAction\",\"name\":\"Comment\",\"target\":[\"https:\\\/\\\/fjala.info\\\/2009-2015\\\/prishet-shtepia-e-flamurit-ne-korce\\\/#respond\"]}]},{\"@type\":\"WebPage\",\"@id\":\"https:\\\/\\\/fjala.info\\\/2009-2015\\\/prishet-shtepia-e-flamurit-ne-korce\\\/\",\"url\":\"https:\\\/\\\/fjala.info\\\/2009-2015\\\/prishet-shtepia-e-flamurit-ne-korce\\\/\",\"name\":\"Prishet sht\u00ebpia e flamurit n\u00eb Kor\u00e7\u00eb - FjALA e LIR\u00cb - Arkivi\",\"isPartOf\":{\"@id\":\"https:\\\/\\\/fjala.info\\\/2009-2015\\\/#website\"},\"primaryImageOfPage\":{\"@id\":\"https:\\\/\\\/fjala.info\\\/2009-2015\\\/prishet-shtepia-e-flamurit-ne-korce\\\/#primaryimage\"},\"image\":{\"@id\":\"https:\\\/\\\/fjala.info\\\/2009-2015\\\/prishet-shtepia-e-flamurit-ne-korce\\\/#primaryimage\"},\"thumbnailUrl\":\"http:\\\/\\\/www.fjala.info\\\/2012\\\/shembet_shtepia_germenji.jpg\",\"datePublished\":\"2012-08-17T06:33:52+00:00\",\"breadcrumb\":{\"@id\":\"https:\\\/\\\/fjala.info\\\/2009-2015\\\/prishet-shtepia-e-flamurit-ne-korce\\\/#breadcrumb\"},\"inLanguage\":\"sq-AL\",\"potentialAction\":[{\"@type\":\"ReadAction\",\"target\":[\"https:\\\/\\\/fjala.info\\\/2009-2015\\\/prishet-shtepia-e-flamurit-ne-korce\\\/\"]}]},{\"@type\":\"ImageObject\",\"inLanguage\":\"sq-AL\",\"@id\":\"https:\\\/\\\/fjala.info\\\/2009-2015\\\/prishet-shtepia-e-flamurit-ne-korce\\\/#primaryimage\",\"url\":\"http:\\\/\\\/www.fjala.info\\\/2012\\\/shembet_shtepia_germenji.jpg\",\"contentUrl\":\"http:\\\/\\\/www.fjala.info\\\/2012\\\/shembet_shtepia_germenji.jpg\"},{\"@type\":\"BreadcrumbList\",\"@id\":\"https:\\\/\\\/fjala.info\\\/2009-2015\\\/prishet-shtepia-e-flamurit-ne-korce\\\/#breadcrumb\",\"itemListElement\":[{\"@type\":\"ListItem\",\"position\":1,\"name\":\"Home\",\"item\":\"https:\\\/\\\/fjala.info\\\/2009-2015\\\/\"},{\"@type\":\"ListItem\",\"position\":2,\"name\":\"Prishet sht\u00ebpia e flamurit n\u00eb Kor\u00e7\u00eb\"}]},{\"@type\":\"WebSite\",\"@id\":\"https:\\\/\\\/fjala.info\\\/2009-2015\\\/#website\",\"url\":\"https:\\\/\\\/fjala.info\\\/2009-2015\\\/\",\"name\":\"FjALA e LIR\u00cb - Arkivi\",\"description\":\"Arkivi 2009-2015\",\"publisher\":{\"@id\":\"https:\\\/\\\/fjala.info\\\/2009-2015\\\/#organization\"},\"potentialAction\":[{\"@type\":\"SearchAction\",\"target\":{\"@type\":\"EntryPoint\",\"urlTemplate\":\"https:\\\/\\\/fjala.info\\\/2009-2015\\\/?s={search_term_string}\"},\"query-input\":{\"@type\":\"PropertyValueSpecification\",\"valueRequired\":true,\"valueName\":\"search_term_string\"}}],\"inLanguage\":\"sq-AL\"},{\"@type\":\"Organization\",\"@id\":\"https:\\\/\\\/fjala.info\\\/2009-2015\\\/#organization\",\"name\":\"FjALA e LIR\u00cb - Arkivi\",\"url\":\"https:\\\/\\\/fjala.info\\\/2009-2015\\\/\",\"logo\":{\"@type\":\"ImageObject\",\"inLanguage\":\"sq-AL\",\"@id\":\"https:\\\/\\\/fjala.info\\\/2009-2015\\\/#\\\/schema\\\/logo\\\/image\\\/\",\"url\":\"\",\"contentUrl\":\"\",\"caption\":\"FjALA e LIR\u00cb - Arkivi\"},\"image\":{\"@id\":\"https:\\\/\\\/fjala.info\\\/2009-2015\\\/#\\\/schema\\\/logo\\\/image\\\/\"}},{\"@type\":\"Person\",\"@id\":\"https:\\\/\\\/fjala.info\\\/2009-2015\\\/#\\\/schema\\\/person\\\/3aa1163ef05469c496fc94e77611ada2\",\"name\":\"admin\",\"image\":{\"@type\":\"ImageObject\",\"inLanguage\":\"sq-AL\",\"@id\":\"https:\\\/\\\/fjala.info\\\/2009-2015\\\/wp-content\\\/uploads\\\/2012\\\/02\\\/arben_cokaj-120x150.jpg\",\"url\":\"https:\\\/\\\/fjala.info\\\/2009-2015\\\/wp-content\\\/uploads\\\/2012\\\/02\\\/arben_cokaj-120x150.jpg\",\"contentUrl\":\"https:\\\/\\\/fjala.info\\\/2009-2015\\\/wp-content\\\/uploads\\\/2012\\\/02\\\/arben_cokaj-120x150.jpg\",\"caption\":\"admin\"},\"description\":\"Admin, Fjala e Lir\u00eb\",\"sameAs\":[\"https:\\\/\\\/fjala.info\\\/\"],\"url\":\"https:\\\/\\\/fjala.info\\\/2009-2015\\\/author\\\/admin\\\/\"}]}<\/script>\n<!-- \/ Yoast SEO plugin. -->","yoast_head_json":{"title":"Prishet sht\u00ebpia e flamurit n\u00eb Kor\u00e7\u00eb - FjALA e LIR\u00cb - Arkivi","robots":{"index":"index","follow":"follow","max-snippet":"max-snippet:-1","max-image-preview":"max-image-preview:large","max-video-preview":"max-video-preview:-1"},"canonical":"https:\/\/fjala.info\/2009-2015\/prishet-shtepia-e-flamurit-ne-korce\/","og_locale":"sq_AL","og_type":"article","og_title":"Prishet sht\u00ebpia e flamurit n\u00eb Kor\u00e7\u00eb - FjALA e LIR\u00cb - Arkivi","og_description":"TemA, 16 Gusht 2012 Nj\u00eb tjet\u00ebr masak\u00ebr kulturore ka ndodhur ne qytetin e Kor\u00e7\u00ebs. Pas zhdukjes s\u00eb pikturave, sht\u00ebpia e shpallur monument kulture, ku Themistokli G\u00ebrmenji ka shpallur Kor\u00e7\u00ebn krahine autonome \u00ebsht\u00eb shkat\u00ebrruar. K\u00ebt\u00eb fakt e ka denoncuar kryetari i bashkis\u00eb, Niko Peleshi, i cili tha se sht\u00ebpia muze \u00ebsht\u00eb d\u00ebmtuar nga mjete t\u00eb r\u00ebnda [&hellip;]","og_url":"https:\/\/fjala.info\/2009-2015\/prishet-shtepia-e-flamurit-ne-korce\/","og_site_name":"FjALA e LIR\u00cb - Arkivi","article_published_time":"2012-08-17T06:33:52+00:00","og_image":[{"url":"http:\/\/www.fjala.info\/2012\/shembet_shtepia_germenji.jpg","type":"","width":"","height":""}],"author":"admin","twitter_card":"summary_large_image","twitter_misc":{"Written by":"admin","Est. reading time":"1 minute"},"schema":{"@context":"https:\/\/schema.org","@graph":[{"@type":"Article","@id":"https:\/\/fjala.info\/2009-2015\/prishet-shtepia-e-flamurit-ne-korce\/#article","isPartOf":{"@id":"https:\/\/fjala.info\/2009-2015\/prishet-shtepia-e-flamurit-ne-korce\/"},"author":{"name":"admin","@id":"https:\/\/fjala.info\/2009-2015\/#\/schema\/person\/3aa1163ef05469c496fc94e77611ada2"},"headline":"Prishet sht\u00ebpia e flamurit n\u00eb Kor\u00e7\u00eb","datePublished":"2012-08-17T06:33:52+00:00","mainEntityOfPage":{"@id":"https:\/\/fjala.info\/2009-2015\/prishet-shtepia-e-flamurit-ne-korce\/"},"wordCount":234,"commentCount":0,"publisher":{"@id":"https:\/\/fjala.info\/2009-2015\/#organization"},"image":{"@id":"https:\/\/fjala.info\/2009-2015\/prishet-shtepia-e-flamurit-ne-korce\/#primaryimage"},"thumbnailUrl":"http:\/\/www.fjala.info\/2012\/shembet_shtepia_germenji.jpg","articleSection":["Lajme"],"inLanguage":"sq-AL","potentialAction":[{"@type":"CommentAction","name":"Comment","target":["https:\/\/fjala.info\/2009-2015\/prishet-shtepia-e-flamurit-ne-korce\/#respond"]}]},{"@type":"WebPage","@id":"https:\/\/fjala.info\/2009-2015\/prishet-shtepia-e-flamurit-ne-korce\/","url":"https:\/\/fjala.info\/2009-2015\/prishet-shtepia-e-flamurit-ne-korce\/","name":"Prishet sht\u00ebpia e flamurit n\u00eb Kor\u00e7\u00eb - FjALA e LIR\u00cb - Arkivi","isPartOf":{"@id":"https:\/\/fjala.info\/2009-2015\/#website"},"primaryImageOfPage":{"@id":"https:\/\/fjala.info\/2009-2015\/prishet-shtepia-e-flamurit-ne-korce\/#primaryimage"},"image":{"@id":"https:\/\/fjala.info\/2009-2015\/prishet-shtepia-e-flamurit-ne-korce\/#primaryimage"},"thumbnailUrl":"http:\/\/www.fjala.info\/2012\/shembet_shtepia_germenji.jpg","datePublished":"2012-08-17T06:33:52+00:00","breadcrumb":{"@id":"https:\/\/fjala.info\/2009-2015\/prishet-shtepia-e-flamurit-ne-korce\/#breadcrumb"},"inLanguage":"sq-AL","potentialAction":[{"@type":"ReadAction","target":["https:\/\/fjala.info\/2009-2015\/prishet-shtepia-e-flamurit-ne-korce\/"]}]},{"@type":"ImageObject","inLanguage":"sq-AL","@id":"https:\/\/fjala.info\/2009-2015\/prishet-shtepia-e-flamurit-ne-korce\/#primaryimage","url":"http:\/\/www.fjala.info\/2012\/shembet_shtepia_germenji.jpg","contentUrl":"http:\/\/www.fjala.info\/2012\/shembet_shtepia_germenji.jpg"},{"@type":"BreadcrumbList","@id":"https:\/\/fjala.info\/2009-2015\/prishet-shtepia-e-flamurit-ne-korce\/#breadcrumb","itemListElement":[{"@type":"ListItem","position":1,"name":"Home","item":"https:\/\/fjala.info\/2009-2015\/"},{"@type":"ListItem","position":2,"name":"Prishet sht\u00ebpia e flamurit n\u00eb Kor\u00e7\u00eb"}]},{"@type":"WebSite","@id":"https:\/\/fjala.info\/2009-2015\/#website","url":"https:\/\/fjala.info\/2009-2015\/","name":"FjALA e LIR\u00cb - Arkivi","description":"Arkivi 2009-2015","publisher":{"@id":"https:\/\/fjala.info\/2009-2015\/#organization"},"potentialAction":[{"@type":"SearchAction","target":{"@type":"EntryPoint","urlTemplate":"https:\/\/fjala.info\/2009-2015\/?s={search_term_string}"},"query-input":{"@type":"PropertyValueSpecification","valueRequired":true,"valueName":"search_term_string"}}],"inLanguage":"sq-AL"},{"@type":"Organization","@id":"https:\/\/fjala.info\/2009-2015\/#organization","name":"FjALA e LIR\u00cb - Arkivi","url":"https:\/\/fjala.info\/2009-2015\/","logo":{"@type":"ImageObject","inLanguage":"sq-AL","@id":"https:\/\/fjala.info\/2009-2015\/#\/schema\/logo\/image\/","url":"","contentUrl":"","caption":"FjALA e LIR\u00cb - Arkivi"},"image":{"@id":"https:\/\/fjala.info\/2009-2015\/#\/schema\/logo\/image\/"}},{"@type":"Person","@id":"https:\/\/fjala.info\/2009-2015\/#\/schema\/person\/3aa1163ef05469c496fc94e77611ada2","name":"admin","image":{"@type":"ImageObject","inLanguage":"sq-AL","@id":"https:\/\/fjala.info\/2009-2015\/wp-content\/uploads\/2012\/02\/arben_cokaj-120x150.jpg","url":"https:\/\/fjala.info\/2009-2015\/wp-content\/uploads\/2012\/02\/arben_cokaj-120x150.jpg","contentUrl":"https:\/\/fjala.info\/2009-2015\/wp-content\/uploads\/2012\/02\/arben_cokaj-120x150.jpg","caption":"admin"},"description":"Admin, Fjala e Lir\u00eb","sameAs":["https:\/\/fjala.info\/"],"url":"https:\/\/fjala.info\/2009-2015\/author\/admin\/"}]}},"_links":{"self":[{"href":"https:\/\/fjala.info\/2009-2015\/wp-json\/wp\/v2\/posts\/4460","targetHints":{"allow":["GET"]}}],"collection":[{"href":"https:\/\/fjala.info\/2009-2015\/wp-json\/wp\/v2\/posts"}],"about":[{"href":"https:\/\/fjala.info\/2009-2015\/wp-json\/wp\/v2\/types\/post"}],"author":[{"embeddable":true,"href":"https:\/\/fjala.info\/2009-2015\/wp-json\/wp\/v2\/users\/1"}],"replies":[{"embeddable":true,"href":"https:\/\/fjala.info\/2009-2015\/wp-json\/wp\/v2\/comments?post=4460"}],"version-history":[{"count":0,"href":"https:\/\/fjala.info\/2009-2015\/wp-json\/wp\/v2\/posts\/4460\/revisions"}],"wp:attachment":[{"href":"https:\/\/fjala.info\/2009-2015\/wp-json\/wp\/v2\/media?parent=4460"}],"wp:term":[{"taxonomy":"category","embeddable":true,"href":"https:\/\/fjala.info\/2009-2015\/wp-json\/wp\/v2\/categories?post=4460"},{"taxonomy":"post_tag","embeddable":true,"href":"https:\/\/fjala.info\/2009-2015\/wp-json\/wp\/v2\/tags?post=4460"}],"curies":[{"name":"wp","href":"https:\/\/api.w.org\/{rel}","templated":true}]}}