{"id":446,"date":"2011-12-02T23:29:23","date_gmt":"2011-12-02T22:29:23","guid":{"rendered":"http:\/\/fjala.shkoder.net\/?p=446"},"modified":"2011-12-02T23:29:23","modified_gmt":"2011-12-02T22:29:23","slug":"pse-berisha-u-barazua-me-mbretin-msuati-iii-te-suazilandit","status":"publish","type":"post","link":"https:\/\/fjala.info\/2009-2015\/pse-berisha-u-barazua-me-mbretin-msuati-iii-te-suazilandit\/","title":{"rendered":"Pse Berisha u barazua me Mbretin Msuati III t\u00eb Suazilandit"},"content":{"rendered":"<p><img decoding=\"async\" class=\"alignright size-thumbnail wp-image-7236\" title=\"Mero Baze\" src=\"http:\/\/www.shkoder.net\/images\/fjala\/mero_baze1.jpg\" alt=\"\" width=\"150\" \/> Nga <strong>Mero Baze<\/strong>, <em>2 Dhjetor 2011<\/em><\/p>\n<p>Kemi r\u00ebn\u00eb dhe tet\u00eb shkall\u00eb posht\u00eb renditjes bot\u00ebrore sa i p\u00ebrket indeksit global t\u00eb korrupsionit. Transparency International thot\u00eb se parametrat e Shqip\u00ebris\u00eb jan\u00eb m\u00eb t\u00eb k\u00ebqijat n\u00eb Evrop\u00eb dhe p\u00ebr koincidenc\u00eb, baras me ato t\u00eb Suazilandit, nj\u00eb mbret\u00ebrie despotike n\u00eb zem\u00ebr t\u00eb Afrik\u00ebs, q\u00eb qeveriset nga Mbreti Msuati III-t\u00eb, i njohur p\u00ebr 13 grat\u00eb e tij dhe p\u00ebrt\u00ebritjen e tyre \u00e7do vit me nga nj\u00eb virgj\u00ebresh\u00eb, pas ceremonis\u00eb s\u00eb k\u00ebrcimit t\u00eb Kallamit&#8230;<\/p>\n<p><strong>\u00c7far\u00eb e ka b\u00ebr\u00eb Sali Berish\u00ebn t\u00eb barabart\u00eb me Mbretin Msuati III t\u00eb Suazilandit?<\/strong><\/p>\n<p>Grat\u00eb, jo. Berisha ka nj\u00eb jet\u00eb korrekte familjare dhe gruaja e tij ka pushtet t\u00eb plot\u00eb. Ai nuk ka harem dhe nuk organizon ceremoni t\u00eb tipit \u201cK\u00ebrcimi i Kallamit\u201d p\u00ebr t\u00eb zgjedhur virgj\u00ebresha t\u00eb reja \u00e7do vit. Edhe pse nuk e ka k\u00ebt\u00eb mang\u00ebsi, ai \u00ebsht\u00eb i barabart\u00eb n\u00eb klasifikimin nd\u00ebrkomb\u00ebtar t\u00eb qeverive t\u00eb korruptuara me Mbretin Msuati III, i Suazilandit.<\/p>\n<p><img decoding=\"async\" class=\"alignright size-thumbnail wp-image-7236\" title=\"Mbreti Msuat\" src=\"http:\/\/www.shkoder.net\/images\/fjala\/2011\/mbreti_msuat.jpg\" alt=\"\" width=\"300\" \/>Por pikat e tjera i kan\u00eb nj\u00ebsoj. Mbreti Msuati III i Suazilandit, ka shkarkuar para nj\u00eb muaji sipas lajmeve nga ai vend Ministrin e Drejt\u00ebsis\u00eb dhe e ka futur n\u00eb burg se e tradhtonte me gruan e tij t\u00eb 12-t\u00eb. Ky \u00ebsht\u00eb nd\u00ebshkimi i vet\u00ebm p\u00ebr ministrat e tij. Abuzimet e tjera lejohen. Ministri i Financave mund t\u00eb b\u00ebhet milioner n\u00eb at\u00eb vend t\u00eb varf\u00ebr duke mbajtur nga pas njer\u00ebzit e tij biznesmen\u00eb si nj\u00eb familje, Ministri i Brendsh\u00ebm mund t\u00eb abuzoj\u00eb me lirit\u00eb njer\u00ebzore dhe t\u00eb vras\u00eb kund\u00ebrshtar\u00eb t\u00eb regjimit, Ministri i Sh\u00ebndet\u00ebsis\u00eb mund t\u00eb zhduk\u00eb miliardat q\u00eb shkojn\u00eb aty p\u00ebr luft\u00ebn kund\u00ebr SIDA dhe t\u00eb jetoj\u00eb n\u00eb luks, Ministri i Mjedisit mund t\u00eb shkretoj\u00eb t\u00eb ardhmen e vendit duke lejuar shkat\u00ebrrimin e vendit p\u00ebr interesa t\u00eb tij. Ky standard nd\u00ebshkimi nuk ekziston. Ata nd\u00ebshkohen vet\u00ebm p\u00ebr nj\u00eb gj\u00eb, p\u00ebr tradhti ndaj Familjes Mbret\u00ebrore. Viktima e fundit \u00ebsht\u00eb Ministri i Drejt\u00ebsis\u00eb.<\/p>\n<p>Ky realitet \u00ebsht\u00eb si dy pika uji me Shqip\u00ebrin\u00eb. As k\u00ebtu Ministri i Financave nuk e ka p\u00ebr gj\u00eb t\u00eb pozoj\u00eb drekave e darkave me nj\u00eb grup biznesmen\u00ebsh, q\u00eb i ka b\u00ebr\u00eb milioner\u00eb me politikat e tij t\u00eb evazionit fiskal. Edhe k\u00ebtu Ministri i Brendsh\u00ebm ka vrar\u00eb kat\u00ebr qytetar\u00eb t\u00eb pafajsh\u00ebm se po protestonin para qeveris\u00eb duke l\u00ebn\u00eb dhjet\u00eb f\u00ebmij\u00eb jetim\u00eb dhe vet\u00eb pozon rrug\u00ebve me f\u00ebmij\u00ebt e tij a thua se jan\u00eb rac\u00eb e zgjedhur n\u00eb raport me f\u00ebmij\u00ebt q\u00eb ka l\u00ebn\u00eb jetim\u00eb. Edhe k\u00ebtu Ministri i Mjedisit ka b\u00ebr\u00eb ndotjen m\u00eb t\u00eb madhe t\u00eb mundshme t\u00eb mjedisit n\u00eb nj\u00eb vend duke shp\u00ebrthyer nj\u00eb depo municioni, ka vrar\u00eb 26 vet\u00eb dhe ka l\u00ebn\u00eb pas pasoja t\u00eb pariparueshme njer\u00ebzore dhe ekologjike.<\/p>\n<p>Dhe \u00ebsht\u00eb p\u00ebrs\u00ebri minist\u00ebr. Edhe k\u00ebtu Ministri i Sh\u00ebndet\u00ebsis\u00eb i ka kthyer spitalet shtet\u00ebrore n\u00eb sportele abuzimi me ila\u00e7e t\u00eb skaduar t\u00eb firmave t\u00eb njer\u00ebzve t\u00eb vet dhe partis\u00eb s\u00eb tij, duke l\u00ebn\u00eb n\u00eb m\u00ebshir\u00eb t\u00eb fatit mij\u00ebra qytetar\u00eb n\u00eb nevoj\u00eb. Dhe \u00ebsht\u00eb prap\u00eb minist\u00ebr. Dhe k\u00ebtu nj\u00ebsoj si n\u00ebn Mbret\u00ebrin\u00eb e Msuati III i Suazilandit, i vetmi Minist\u00ebr q\u00eb e ka paguar, \u00ebsht\u00eb ish- Ministri i Ekonomis\u00eb, i cili denoncoi publikisht nj\u00eb njeri t\u00eb Familjes t\u00eb lidhur me afera nafte virgine dhe pastaj u detyra t\u00eb b\u00ebj\u00eb publike dhe nj\u00eb video t\u00eb z\u00ebvend\u00ebskryeministrit. Deri tani nga gjith\u00eb ky skandal e ka p\u00ebsuar vet\u00ebm denoncuesi. T\u00eb denoncuarit jan\u00eb ende me imunitet dhe pjes\u00eb e pushtetit.<\/p>\n<p>Nj\u00eb tjet\u00ebr ve\u00e7ori e qeverisjes n\u00ebn Mbretin Msuati III i Suazilandit, jan\u00eb mungesa e zgjedhjeve t\u00eb lira. N\u00eb at\u00eb Monarki zgjedhjet jan\u00eb nj\u00eb rit si fest\u00eb karnavalesh ku njer\u00ebzit votoj\u00eb dhe Mbreti shpall rezultatet. Dhe n\u00ebse dikush nuk e ka mendjen dhe ndonj\u00eb kund\u00ebrshtar i Mbretit merr m\u00eb shum\u00eb vota, nd\u00ebshkohet dhe fitorja anulohet. Shqip\u00ebria e Sali Berish\u00ebs ka demonstruar k\u00ebt\u00eb vit s\u00ebrish munges\u00ebn e shpres\u00ebs p\u00ebr zgjedhje t\u00eb lira. N\u00eb syt\u00eb e gjith\u00eb bot\u00ebs, ajo rr\u00ebmbeu fitoren e opozit\u00ebs n\u00eb Tiran\u00eb dhe em\u00ebroi aty nj\u00eb kollovar t\u00eb Familjes n\u00eb pushtet, i cili tashm\u00eb qeveris me motr\u00ebn, kunatin dhe dashnoret e kunatit. Ata b\u00ebjn\u00eb pun\u00ebt publike t\u00eb Bashkis\u00eb, ata panairet dhe tender\u00ebt, ata jan\u00eb b\u00ebr\u00eb zot t\u00eb karrotrecave dhe trojeve t\u00eb nd\u00ebrtimit. Nj\u00ebsoj si n\u00eb nj\u00eb nga skutat e Oborrit t\u00eb Mbretit Msuati III i Suazilandit, dhe Bashkia e Tiran\u00ebs \u00ebsht\u00eb kthyer n\u00eb nj\u00eb \u00e7iflig q\u00eb Monarku Berisha ja ka dhuruar kollovarit t\u00eb fundit t\u00eb Familjes n\u00eb pushtet p\u00ebr t\u00eb b\u00ebr\u00eb \u00e7far\u00eb t\u00eb doj\u00eb me t\u00eb.<\/p>\n<p>Nuk kam qen\u00eb ndonj\u00eb her\u00eb n\u00eb Suaziland, q\u00eb t\u00eb krahasoj infrastruktur\u00ebn e atij vendi me ton\u00ebn dhe as nivelin e arsimit apo kultur\u00ebs me ton\u00ebn, por k\u00ebshtu si e ka rr\u00ebnuar sistemin e vlerave Sali Berisha, \u00e7do gj\u00eb i ngjan nj\u00eb shkret\u00ebtire kulturore dhe vlerash. N\u00eb k\u00ebt\u00eb pik\u00eb edhe sikur t\u00eb mos na ken\u00eb krahasuar, nuk besoj se ka m\u00eb keq se ne.<\/p>\n<p>E sigurt \u00ebsht\u00eb q\u00eb Monarku Berisha ngjan me Monarkun e Suazilandit tek kriteret q\u00eb p\u00ebrdor p\u00ebr t\u00eb ushtruar pushtetin dhe p\u00ebr t\u00eb mbrojtur t\u00eb korruptuarit. N\u00eb t\u00eb dy k\u00ebto vende nuk nd\u00ebshkohen t\u00eb korruptuarit, por kund\u00ebrshtar\u00ebt e Familjes, nuk b\u00ebhen zgjedhje, por diktohen ato, nuk b\u00ebhet drejt\u00ebsi, por nd\u00ebshkim n\u00eb em\u00ebr t\u00eb Pushtetit t\u00eb Familjes. Dhe jemi nj\u00ebsoj. E vetmja shpres\u00eb \u00ebsht\u00eb q\u00eb Transparency International t\u00eb quaj\u00eb korrupsion 13 grat\u00eb e Mbretit Msuati III, q\u00eb ai t\u2019ia kaloj\u00eb Berish\u00ebs, duke b\u00ebr\u00eb t\u00eb pakt\u00ebn nj\u00eb gj\u00eb m\u00eb keq. Ose t\u2019i quaj\u00eb 13 gra t\u00eb Berish\u00ebs ministrat e qeveris\u00eb son\u00eb.<\/p>\n","protected":false},"excerpt":{"rendered":"<p>Nga Mero Baze, 2 Dhjetor 2011 Kemi r\u00ebn\u00eb dhe tet\u00eb shkall\u00eb posht\u00eb renditjes bot\u00ebrore sa i p\u00ebrket indeksit global t\u00eb korrupsionit. Transparency International thot\u00eb se parametrat e Shqip\u00ebris\u00eb jan\u00eb m\u00eb t\u00eb k\u00ebqijat n\u00eb Evrop\u00eb dhe p\u00ebr koincidenc\u00eb, baras me ato t\u00eb Suazilandit, nj\u00eb mbret\u00ebrie despotike n\u00eb zem\u00ebr t\u00eb Afrik\u00ebs, q\u00eb qeveriset nga Mbreti Msuati III-t\u00eb, [&hellip;]<\/p>\n","protected":false},"author":1,"featured_media":0,"comment_status":"open","ping_status":"closed","sticky":false,"template":"","format":"standard","meta":{"footnotes":""},"categories":[2],"tags":[],"class_list":{"0":"post-446","1":"post","2":"type-post","3":"status-publish","4":"format-standard","6":"category-artikuj"},"yoast_head":"<!-- This site is optimized with the Yoast SEO plugin v27.4 - https:\/\/yoast.com\/product\/yoast-seo-wordpress\/ -->\n<title>Pse Berisha u barazua me Mbretin Msuati III t\u00eb Suazilandit - FjALA e LIR\u00cb - Arkivi<\/title>\n<meta name=\"robots\" content=\"index, follow, max-snippet:-1, max-image-preview:large, max-video-preview:-1\" \/>\n<link rel=\"canonical\" href=\"https:\/\/fjala.info\/2009-2015\/pse-berisha-u-barazua-me-mbretin-msuati-iii-te-suazilandit\/\" \/>\n<meta property=\"og:locale\" content=\"sq_AL\" \/>\n<meta property=\"og:type\" content=\"article\" \/>\n<meta property=\"og:title\" content=\"Pse Berisha u barazua me Mbretin Msuati III t\u00eb Suazilandit - FjALA e LIR\u00cb - Arkivi\" \/>\n<meta property=\"og:description\" content=\"Nga Mero Baze, 2 Dhjetor 2011 Kemi r\u00ebn\u00eb dhe tet\u00eb shkall\u00eb posht\u00eb renditjes bot\u00ebrore sa i p\u00ebrket indeksit global t\u00eb korrupsionit. Transparency International thot\u00eb se parametrat e Shqip\u00ebris\u00eb jan\u00eb m\u00eb t\u00eb k\u00ebqijat n\u00eb Evrop\u00eb dhe p\u00ebr koincidenc\u00eb, baras me ato t\u00eb Suazilandit, nj\u00eb mbret\u00ebrie despotike n\u00eb zem\u00ebr t\u00eb Afrik\u00ebs, q\u00eb qeveriset nga Mbreti Msuati III-t\u00eb, [&hellip;]\" \/>\n<meta property=\"og:url\" content=\"https:\/\/fjala.info\/2009-2015\/pse-berisha-u-barazua-me-mbretin-msuati-iii-te-suazilandit\/\" \/>\n<meta property=\"og:site_name\" content=\"FjALA e LIR\u00cb - Arkivi\" \/>\n<meta property=\"article:published_time\" content=\"2011-12-02T22:29:23+00:00\" \/>\n<meta property=\"og:image\" content=\"http:\/\/www.shkoder.net\/images\/fjala\/mero_baze1.jpg\" \/>\n<meta name=\"author\" content=\"admin\" \/>\n<meta name=\"twitter:card\" content=\"summary_large_image\" \/>\n<meta name=\"twitter:label1\" content=\"Written by\" \/>\n\t<meta name=\"twitter:data1\" content=\"admin\" \/>\n\t<meta name=\"twitter:label2\" content=\"Est. reading time\" \/>\n\t<meta name=\"twitter:data2\" content=\"5 minutes\" \/>\n<script type=\"application\/ld+json\" class=\"yoast-schema-graph\">{\"@context\":\"https:\\\/\\\/schema.org\",\"@graph\":[{\"@type\":\"Article\",\"@id\":\"https:\\\/\\\/fjala.info\\\/2009-2015\\\/pse-berisha-u-barazua-me-mbretin-msuati-iii-te-suazilandit\\\/#article\",\"isPartOf\":{\"@id\":\"https:\\\/\\\/fjala.info\\\/2009-2015\\\/pse-berisha-u-barazua-me-mbretin-msuati-iii-te-suazilandit\\\/\"},\"author\":{\"name\":\"admin\",\"@id\":\"https:\\\/\\\/fjala.info\\\/2009-2015\\\/#\\\/schema\\\/person\\\/3aa1163ef05469c496fc94e77611ada2\"},\"headline\":\"Pse Berisha u barazua me Mbretin Msuati III t\u00eb Suazilandit\",\"datePublished\":\"2011-12-02T22:29:23+00:00\",\"mainEntityOfPage\":{\"@id\":\"https:\\\/\\\/fjala.info\\\/2009-2015\\\/pse-berisha-u-barazua-me-mbretin-msuati-iii-te-suazilandit\\\/\"},\"wordCount\":1020,\"commentCount\":0,\"publisher\":{\"@id\":\"https:\\\/\\\/fjala.info\\\/2009-2015\\\/#organization\"},\"image\":{\"@id\":\"https:\\\/\\\/fjala.info\\\/2009-2015\\\/pse-berisha-u-barazua-me-mbretin-msuati-iii-te-suazilandit\\\/#primaryimage\"},\"thumbnailUrl\":\"http:\\\/\\\/www.shkoder.net\\\/images\\\/fjala\\\/mero_baze1.jpg\",\"articleSection\":[\"Artikuj\"],\"inLanguage\":\"sq-AL\",\"potentialAction\":[{\"@type\":\"CommentAction\",\"name\":\"Comment\",\"target\":[\"https:\\\/\\\/fjala.info\\\/2009-2015\\\/pse-berisha-u-barazua-me-mbretin-msuati-iii-te-suazilandit\\\/#respond\"]}]},{\"@type\":\"WebPage\",\"@id\":\"https:\\\/\\\/fjala.info\\\/2009-2015\\\/pse-berisha-u-barazua-me-mbretin-msuati-iii-te-suazilandit\\\/\",\"url\":\"https:\\\/\\\/fjala.info\\\/2009-2015\\\/pse-berisha-u-barazua-me-mbretin-msuati-iii-te-suazilandit\\\/\",\"name\":\"Pse Berisha u barazua me Mbretin Msuati III t\u00eb Suazilandit - FjALA e LIR\u00cb - Arkivi\",\"isPartOf\":{\"@id\":\"https:\\\/\\\/fjala.info\\\/2009-2015\\\/#website\"},\"primaryImageOfPage\":{\"@id\":\"https:\\\/\\\/fjala.info\\\/2009-2015\\\/pse-berisha-u-barazua-me-mbretin-msuati-iii-te-suazilandit\\\/#primaryimage\"},\"image\":{\"@id\":\"https:\\\/\\\/fjala.info\\\/2009-2015\\\/pse-berisha-u-barazua-me-mbretin-msuati-iii-te-suazilandit\\\/#primaryimage\"},\"thumbnailUrl\":\"http:\\\/\\\/www.shkoder.net\\\/images\\\/fjala\\\/mero_baze1.jpg\",\"datePublished\":\"2011-12-02T22:29:23+00:00\",\"breadcrumb\":{\"@id\":\"https:\\\/\\\/fjala.info\\\/2009-2015\\\/pse-berisha-u-barazua-me-mbretin-msuati-iii-te-suazilandit\\\/#breadcrumb\"},\"inLanguage\":\"sq-AL\",\"potentialAction\":[{\"@type\":\"ReadAction\",\"target\":[\"https:\\\/\\\/fjala.info\\\/2009-2015\\\/pse-berisha-u-barazua-me-mbretin-msuati-iii-te-suazilandit\\\/\"]}]},{\"@type\":\"ImageObject\",\"inLanguage\":\"sq-AL\",\"@id\":\"https:\\\/\\\/fjala.info\\\/2009-2015\\\/pse-berisha-u-barazua-me-mbretin-msuati-iii-te-suazilandit\\\/#primaryimage\",\"url\":\"http:\\\/\\\/www.shkoder.net\\\/images\\\/fjala\\\/mero_baze1.jpg\",\"contentUrl\":\"http:\\\/\\\/www.shkoder.net\\\/images\\\/fjala\\\/mero_baze1.jpg\"},{\"@type\":\"BreadcrumbList\",\"@id\":\"https:\\\/\\\/fjala.info\\\/2009-2015\\\/pse-berisha-u-barazua-me-mbretin-msuati-iii-te-suazilandit\\\/#breadcrumb\",\"itemListElement\":[{\"@type\":\"ListItem\",\"position\":1,\"name\":\"Home\",\"item\":\"https:\\\/\\\/fjala.info\\\/2009-2015\\\/\"},{\"@type\":\"ListItem\",\"position\":2,\"name\":\"Pse Berisha u barazua me Mbretin Msuati III t\u00eb Suazilandit\"}]},{\"@type\":\"WebSite\",\"@id\":\"https:\\\/\\\/fjala.info\\\/2009-2015\\\/#website\",\"url\":\"https:\\\/\\\/fjala.info\\\/2009-2015\\\/\",\"name\":\"FjALA e LIR\u00cb - Arkivi\",\"description\":\"Arkivi 2009-2015\",\"publisher\":{\"@id\":\"https:\\\/\\\/fjala.info\\\/2009-2015\\\/#organization\"},\"potentialAction\":[{\"@type\":\"SearchAction\",\"target\":{\"@type\":\"EntryPoint\",\"urlTemplate\":\"https:\\\/\\\/fjala.info\\\/2009-2015\\\/?s={search_term_string}\"},\"query-input\":{\"@type\":\"PropertyValueSpecification\",\"valueRequired\":true,\"valueName\":\"search_term_string\"}}],\"inLanguage\":\"sq-AL\"},{\"@type\":\"Organization\",\"@id\":\"https:\\\/\\\/fjala.info\\\/2009-2015\\\/#organization\",\"name\":\"FjALA e LIR\u00cb - Arkivi\",\"url\":\"https:\\\/\\\/fjala.info\\\/2009-2015\\\/\",\"logo\":{\"@type\":\"ImageObject\",\"inLanguage\":\"sq-AL\",\"@id\":\"https:\\\/\\\/fjala.info\\\/2009-2015\\\/#\\\/schema\\\/logo\\\/image\\\/\",\"url\":\"\",\"contentUrl\":\"\",\"caption\":\"FjALA e LIR\u00cb - Arkivi\"},\"image\":{\"@id\":\"https:\\\/\\\/fjala.info\\\/2009-2015\\\/#\\\/schema\\\/logo\\\/image\\\/\"}},{\"@type\":\"Person\",\"@id\":\"https:\\\/\\\/fjala.info\\\/2009-2015\\\/#\\\/schema\\\/person\\\/3aa1163ef05469c496fc94e77611ada2\",\"name\":\"admin\",\"image\":{\"@type\":\"ImageObject\",\"inLanguage\":\"sq-AL\",\"@id\":\"https:\\\/\\\/fjala.info\\\/2009-2015\\\/wp-content\\\/uploads\\\/2012\\\/02\\\/arben_cokaj-120x150.jpg\",\"url\":\"https:\\\/\\\/fjala.info\\\/2009-2015\\\/wp-content\\\/uploads\\\/2012\\\/02\\\/arben_cokaj-120x150.jpg\",\"contentUrl\":\"https:\\\/\\\/fjala.info\\\/2009-2015\\\/wp-content\\\/uploads\\\/2012\\\/02\\\/arben_cokaj-120x150.jpg\",\"caption\":\"admin\"},\"description\":\"Admin, Fjala e Lir\u00eb\",\"sameAs\":[\"https:\\\/\\\/fjala.info\\\/\"],\"url\":\"https:\\\/\\\/fjala.info\\\/2009-2015\\\/author\\\/admin\\\/\"}]}<\/script>\n<!-- \/ Yoast SEO plugin. -->","yoast_head_json":{"title":"Pse Berisha u barazua me Mbretin Msuati III t\u00eb Suazilandit - FjALA e LIR\u00cb - Arkivi","robots":{"index":"index","follow":"follow","max-snippet":"max-snippet:-1","max-image-preview":"max-image-preview:large","max-video-preview":"max-video-preview:-1"},"canonical":"https:\/\/fjala.info\/2009-2015\/pse-berisha-u-barazua-me-mbretin-msuati-iii-te-suazilandit\/","og_locale":"sq_AL","og_type":"article","og_title":"Pse Berisha u barazua me Mbretin Msuati III t\u00eb Suazilandit - FjALA e LIR\u00cb - Arkivi","og_description":"Nga Mero Baze, 2 Dhjetor 2011 Kemi r\u00ebn\u00eb dhe tet\u00eb shkall\u00eb posht\u00eb renditjes bot\u00ebrore sa i p\u00ebrket indeksit global t\u00eb korrupsionit. Transparency International thot\u00eb se parametrat e Shqip\u00ebris\u00eb jan\u00eb m\u00eb t\u00eb k\u00ebqijat n\u00eb Evrop\u00eb dhe p\u00ebr koincidenc\u00eb, baras me ato t\u00eb Suazilandit, nj\u00eb mbret\u00ebrie despotike n\u00eb zem\u00ebr t\u00eb Afrik\u00ebs, q\u00eb qeveriset nga Mbreti Msuati III-t\u00eb, [&hellip;]","og_url":"https:\/\/fjala.info\/2009-2015\/pse-berisha-u-barazua-me-mbretin-msuati-iii-te-suazilandit\/","og_site_name":"FjALA e LIR\u00cb - Arkivi","article_published_time":"2011-12-02T22:29:23+00:00","og_image":[{"url":"http:\/\/www.shkoder.net\/images\/fjala\/mero_baze1.jpg","type":"","width":"","height":""}],"author":"admin","twitter_card":"summary_large_image","twitter_misc":{"Written by":"admin","Est. reading time":"5 minutes"},"schema":{"@context":"https:\/\/schema.org","@graph":[{"@type":"Article","@id":"https:\/\/fjala.info\/2009-2015\/pse-berisha-u-barazua-me-mbretin-msuati-iii-te-suazilandit\/#article","isPartOf":{"@id":"https:\/\/fjala.info\/2009-2015\/pse-berisha-u-barazua-me-mbretin-msuati-iii-te-suazilandit\/"},"author":{"name":"admin","@id":"https:\/\/fjala.info\/2009-2015\/#\/schema\/person\/3aa1163ef05469c496fc94e77611ada2"},"headline":"Pse Berisha u barazua me Mbretin Msuati III t\u00eb Suazilandit","datePublished":"2011-12-02T22:29:23+00:00","mainEntityOfPage":{"@id":"https:\/\/fjala.info\/2009-2015\/pse-berisha-u-barazua-me-mbretin-msuati-iii-te-suazilandit\/"},"wordCount":1020,"commentCount":0,"publisher":{"@id":"https:\/\/fjala.info\/2009-2015\/#organization"},"image":{"@id":"https:\/\/fjala.info\/2009-2015\/pse-berisha-u-barazua-me-mbretin-msuati-iii-te-suazilandit\/#primaryimage"},"thumbnailUrl":"http:\/\/www.shkoder.net\/images\/fjala\/mero_baze1.jpg","articleSection":["Artikuj"],"inLanguage":"sq-AL","potentialAction":[{"@type":"CommentAction","name":"Comment","target":["https:\/\/fjala.info\/2009-2015\/pse-berisha-u-barazua-me-mbretin-msuati-iii-te-suazilandit\/#respond"]}]},{"@type":"WebPage","@id":"https:\/\/fjala.info\/2009-2015\/pse-berisha-u-barazua-me-mbretin-msuati-iii-te-suazilandit\/","url":"https:\/\/fjala.info\/2009-2015\/pse-berisha-u-barazua-me-mbretin-msuati-iii-te-suazilandit\/","name":"Pse Berisha u barazua me Mbretin Msuati III t\u00eb Suazilandit - FjALA e LIR\u00cb - Arkivi","isPartOf":{"@id":"https:\/\/fjala.info\/2009-2015\/#website"},"primaryImageOfPage":{"@id":"https:\/\/fjala.info\/2009-2015\/pse-berisha-u-barazua-me-mbretin-msuati-iii-te-suazilandit\/#primaryimage"},"image":{"@id":"https:\/\/fjala.info\/2009-2015\/pse-berisha-u-barazua-me-mbretin-msuati-iii-te-suazilandit\/#primaryimage"},"thumbnailUrl":"http:\/\/www.shkoder.net\/images\/fjala\/mero_baze1.jpg","datePublished":"2011-12-02T22:29:23+00:00","breadcrumb":{"@id":"https:\/\/fjala.info\/2009-2015\/pse-berisha-u-barazua-me-mbretin-msuati-iii-te-suazilandit\/#breadcrumb"},"inLanguage":"sq-AL","potentialAction":[{"@type":"ReadAction","target":["https:\/\/fjala.info\/2009-2015\/pse-berisha-u-barazua-me-mbretin-msuati-iii-te-suazilandit\/"]}]},{"@type":"ImageObject","inLanguage":"sq-AL","@id":"https:\/\/fjala.info\/2009-2015\/pse-berisha-u-barazua-me-mbretin-msuati-iii-te-suazilandit\/#primaryimage","url":"http:\/\/www.shkoder.net\/images\/fjala\/mero_baze1.jpg","contentUrl":"http:\/\/www.shkoder.net\/images\/fjala\/mero_baze1.jpg"},{"@type":"BreadcrumbList","@id":"https:\/\/fjala.info\/2009-2015\/pse-berisha-u-barazua-me-mbretin-msuati-iii-te-suazilandit\/#breadcrumb","itemListElement":[{"@type":"ListItem","position":1,"name":"Home","item":"https:\/\/fjala.info\/2009-2015\/"},{"@type":"ListItem","position":2,"name":"Pse Berisha u barazua me Mbretin Msuati III t\u00eb Suazilandit"}]},{"@type":"WebSite","@id":"https:\/\/fjala.info\/2009-2015\/#website","url":"https:\/\/fjala.info\/2009-2015\/","name":"FjALA e LIR\u00cb - Arkivi","description":"Arkivi 2009-2015","publisher":{"@id":"https:\/\/fjala.info\/2009-2015\/#organization"},"potentialAction":[{"@type":"SearchAction","target":{"@type":"EntryPoint","urlTemplate":"https:\/\/fjala.info\/2009-2015\/?s={search_term_string}"},"query-input":{"@type":"PropertyValueSpecification","valueRequired":true,"valueName":"search_term_string"}}],"inLanguage":"sq-AL"},{"@type":"Organization","@id":"https:\/\/fjala.info\/2009-2015\/#organization","name":"FjALA e LIR\u00cb - Arkivi","url":"https:\/\/fjala.info\/2009-2015\/","logo":{"@type":"ImageObject","inLanguage":"sq-AL","@id":"https:\/\/fjala.info\/2009-2015\/#\/schema\/logo\/image\/","url":"","contentUrl":"","caption":"FjALA e LIR\u00cb - Arkivi"},"image":{"@id":"https:\/\/fjala.info\/2009-2015\/#\/schema\/logo\/image\/"}},{"@type":"Person","@id":"https:\/\/fjala.info\/2009-2015\/#\/schema\/person\/3aa1163ef05469c496fc94e77611ada2","name":"admin","image":{"@type":"ImageObject","inLanguage":"sq-AL","@id":"https:\/\/fjala.info\/2009-2015\/wp-content\/uploads\/2012\/02\/arben_cokaj-120x150.jpg","url":"https:\/\/fjala.info\/2009-2015\/wp-content\/uploads\/2012\/02\/arben_cokaj-120x150.jpg","contentUrl":"https:\/\/fjala.info\/2009-2015\/wp-content\/uploads\/2012\/02\/arben_cokaj-120x150.jpg","caption":"admin"},"description":"Admin, Fjala e Lir\u00eb","sameAs":["https:\/\/fjala.info\/"],"url":"https:\/\/fjala.info\/2009-2015\/author\/admin\/"}]}},"_links":{"self":[{"href":"https:\/\/fjala.info\/2009-2015\/wp-json\/wp\/v2\/posts\/446","targetHints":{"allow":["GET"]}}],"collection":[{"href":"https:\/\/fjala.info\/2009-2015\/wp-json\/wp\/v2\/posts"}],"about":[{"href":"https:\/\/fjala.info\/2009-2015\/wp-json\/wp\/v2\/types\/post"}],"author":[{"embeddable":true,"href":"https:\/\/fjala.info\/2009-2015\/wp-json\/wp\/v2\/users\/1"}],"replies":[{"embeddable":true,"href":"https:\/\/fjala.info\/2009-2015\/wp-json\/wp\/v2\/comments?post=446"}],"version-history":[{"count":0,"href":"https:\/\/fjala.info\/2009-2015\/wp-json\/wp\/v2\/posts\/446\/revisions"}],"wp:attachment":[{"href":"https:\/\/fjala.info\/2009-2015\/wp-json\/wp\/v2\/media?parent=446"}],"wp:term":[{"taxonomy":"category","embeddable":true,"href":"https:\/\/fjala.info\/2009-2015\/wp-json\/wp\/v2\/categories?post=446"},{"taxonomy":"post_tag","embeddable":true,"href":"https:\/\/fjala.info\/2009-2015\/wp-json\/wp\/v2\/tags?post=446"}],"curies":[{"name":"wp","href":"https:\/\/api.w.org\/{rel}","templated":true}]}}