{"id":4458,"date":"2010-10-24T21:05:21","date_gmt":"2010-10-24T20:05:21","guid":{"rendered":"http:\/\/fjala.shkoder.net\/?p=4458"},"modified":"2010-10-24T21:05:21","modified_gmt":"2010-10-24T20:05:21","slug":"miranda-vickers-greqia-duhet-te-ndaloje-se-quajturi-camet-kolaboracioniste","status":"publish","type":"post","link":"https:\/\/fjala.info\/2009-2015\/miranda-vickers-greqia-duhet-te-ndaloje-se-quajturi-camet-kolaboracioniste\/","title":{"rendered":"Miranda Vickers: Greqia duhet t\u00eb ndaloj\u00eb s\u00eb quajturi \u00e7am\u00ebt kolaboracionist\u00eb"},"content":{"rendered":"<p><img loading=\"lazy\" decoding=\"async\" src=\"http:\/\/fjala.shkoder.net\/wp-content\/uploads\/2010\/10\/mirela_bogdani_miranda_vickers_stephanie-300x223.jpg\" alt=\"\" title=\"Mirela Bogdani dhe Miranda Vickers dhe Stephanie\" width=\"300\" height=\"223\" class=\"alignright size-medium wp-image-4459\" \/><\/p>\n<p>Nga <strong>Blerina Gjoka<\/strong><\/p>\n<p>Reflektimi mbi demokracin\u00eb shqiptare ka mbledhur k\u00ebto dy dit\u00eb n\u00eb Hotel Tirana studiues, historian\u00eb, politolog\u00eb, politikan\u00eb e gazetar\u00eb. T\u00eb gjith\u00eb n\u00eb p\u00ebrpjekje p\u00ebr t\u00eb dh\u00ebn\u00eb nj\u00eb p\u00ebrgjigje, a \u00ebsht\u00eb konsoliduar demokracia n\u00eb Shqip\u00ebri 20 vjet pas rr\u00ebzimit t\u00eb murit komunist? Dhe p\u00ebrgjigjia p\u00ebr fat t\u00eb keq ka qen\u00eb pothuajse e ngjashme. Pjes\u00ebmarr\u00ebsit e k\u00ebsaj konference vun\u00eb n\u00eb dukje se demokracia n\u00eb Shqip\u00ebri vazhdon t\u00eb jet\u00eb ende n\u00eb faz\u00ebn e saj t\u00eb zhvillimit, vazhdon t\u00eb jet\u00eb e brisht\u00eb dhe pa themele t\u00eb forta ku t\u00eb q\u00ebndroj\u00eb. E p\u00ebr k\u00ebt\u00eb, politika merr pjes\u00ebn kryesore t\u00eb fajit.<\/p>\n<p>Nj\u00eb nga njoh\u00ebset m\u00eb t\u00eb mira dhe analiste e \u00e7\u00ebshtjes shqiptare, shkrimtarja e historiania britanike, Miranda Vickers, flet p\u00ebr gazet\u00ebn \u201cTema\u201d duke dh\u00ebn\u00eb mendimin e saj p\u00ebr demokracin\u00eb shqiprare dhe sjelljen e Shqip\u00ebris\u00eb me fqinj\u00ebt e saj, ve\u00e7an\u00ebrisht me Greqin\u00eb. Miranda Vickers e takuam nd\u00ebrsa debatonte me koleg\u00ebt e saj analist\u00eb e historian\u00eb t\u00eb huaj e vendas mendimet p\u00ebr \u00e7\u00ebshtje specifike t\u00eb politik\u00ebs shqiptare. Ajo p\u00ebr t\u00eb cil\u00ebn ajo p\u00ebrgjigjet me shpejt\u00ebsi kur t\u00eb tjer\u00eb q\u00eb se njohin at\u00eb dhe pun\u00ebn e saj si studiuese \u00ebsht\u00eb: \u00e7\u00ebshtja \u00e7ame. \u00cbsht\u00eb nj\u00eb e huaj, q\u00eb dhe pse ka studiuar aq shum\u00eb p\u00ebr Shqip\u00ebrin\u00eb dhe ka jetuar disa koh\u00eb n\u00eb Tiran\u00eb nuk mundet ta flas\u00eb shqipen.<\/p>\n<p><img loading=\"lazy\" decoding=\"async\" src=\"http:\/\/fjala.shkoder.net\/wp-content\/uploads\/2010\/10\/cameria.png\" alt=\"\" title=\"\u00c7am\u00ebria\" width=\"120\" height=\"150\" class=\"alignleft size-full wp-image-4461\" \/><\/p>\n<p>\u201cE kuptoj shum\u00eb mir\u00eb, por \u00ebsht\u00eb nj\u00eb gjuh\u00eb jasht\u00ebzakonisht e v\u00ebshtir\u00eb p\u00ebr t\u2019u folur\u201d, thot\u00eb ajo. Koh\u00ebt e fundit interesi i saj studimor \u00ebsht\u00eb drejtuar n\u00eb Greqi, ku gjuh\u00ebn greke e ka gjetur m\u00eb t\u00eb leht\u00eb p\u00ebr ta p\u00ebrvet\u00ebsuar. Por dhe atje shqiptar\u00ebt se l\u00ebn\u00eb t\u00eb qet\u00eb, p\u00ebrkundrazi studimi i minoriteteve n\u00eb Greqi ka b\u00ebr\u00eb q\u00eb ajo t\u00eb flas\u00eb p\u00ebr arvanitasit, p\u00ebr t\u00eb cil\u00ebt ka dhe nj\u00eb lib\u00ebr, dhe t\u2019i quaj\u00eb ata komunitetin m\u00eb t\u00eb madh minoritar n\u00eb vendin fqinj. Eh, p\u00ebr at\u00eb q\u00eb nuk guxojn\u00eb t\u00eb flasin politikan\u00ebt shqiptar\u00eb, t\u00eb pakt\u00ebn e thon\u00eb studiuesit e huaj. Ajo e quan nj\u00eb detyrim p\u00ebr Greqin\u00eb q\u00eb t\u00eb k\u00ebrkoj\u00eb falje publike ndaj masakr\u00ebs q\u00eb ka kryer ndaj popullsis\u00eb \u00e7ame, t\u00eb zbatoj\u00eb t\u00eb drejtat e tyre dhe t\u00eb mos i quaj\u00eb m\u00eb bashk\u00ebpun\u00ebtor\u00eb t\u00eb fashizmit. Nga ana tjet\u00ebr ajo thot\u00eb se po sheh se n\u00eb realitet Greqia \u00ebsht\u00eb nj\u00eb shtet, q\u00eb jo vet\u00ebm nuk njeh t\u00eb v\u00ebrtetat e historis\u00eb, si masakra ndaj \u00e7am\u00ebve, por nuk njeh as minoritetet brenda vendit, nj\u00eb \u00e7\u00ebshtje q\u00eb pritet t\u00eb marr\u00eb p\u00ebrgjigje n\u00eb librin e saj t\u00eb ardhsh\u00ebm.<\/p>\n<p><strong>Zonja Vickers, prej dy dit\u00ebsh s\u00eb bashku me studiues e historian\u00eb t\u00eb tjer\u00eb po diskutoni p\u00ebr demokracin\u00eb shqiptare n\u00eb k\u00ebto 20 vjet. Cili \u00ebsht\u00eb opinioni juaj i p\u00ebrgjithsh\u00ebm p\u00ebr nd\u00ebrtimin e shtetit demokratik shqiptar?<\/strong><\/p>\n<p>Mendoj se shqiptar\u00ebt pavar\u00ebsisht se ishin vendi i fundit n\u00eb rajon q\u00eb rr\u00ebzoi komunizmin dhe treguan etje t\u00eb madhe p\u00ebr demokraci, n\u00eb k\u00ebto 20 vjet kan\u00eb p\u00ebrjetuar vet\u00ebm nj\u00eb moment flash t\u00eb demokracis\u00eb, nj\u00eb shije t\u00eb vog\u00ebl t\u00eb saj. Fatkeq\u00ebsisht ata u zhg\u00ebnjyen dhe m\u00eb vjen keq q\u00eb ndodhi k\u00ebshtu sepse n\u00eb vitin 1992 shqiptar\u00ebt kishin votimin m\u00eb t\u00eb lart\u00eb n\u00eb vendet post-komuniste p\u00ebr demokracin\u00eb. Ata votuan kaq shum\u00eb sepse kishin pritshm\u00ebrin\u00eb m\u00eb t\u00eb lart\u00eb ndaj demokracis\u00eb, por vet\u00ebm 4 vjet m\u00eb von\u00eb jan\u00eb vendi q\u00eb votuan shum\u00eb m\u00eb ul\u00ebt p\u00ebr demokracis\u00eb. Si\u00e7 duket u zhg\u00ebnjyen. M\u00eb vjen shum\u00eb keq se pse n\u00eb \u00e7do person q\u00eb takoj tani dhe i pyes p\u00ebr demokracin\u00eb thon\u00eb q\u00eb demokracia nuk po punon p\u00ebr neve dhe ajo \u00e7far\u00eb ata b\u00ebjn\u00eb \u00ebsht\u00eb kthimi pas tek rrjetet e vjetra q\u00eb kishin, familja, shoq\u00ebria, fermat apo biznest e tyre sepse ata nuk besojn\u00eb m\u00eb q\u00eb demokracia do t\u00eb b\u00ebj\u00eb di\u00e7ka p\u00ebr ta.<\/p>\n<p><strong>Ku duhet t\u2019i gjejm\u00eb sipas jush p\u00ebrgjegj\u00ebsit p\u00ebr k\u00ebt\u00eb zhg\u00ebnjim, tek sjellja politike, tek politikan\u00ebt, apo tek mungesa e nj\u00eb sistemi, mungesa e p\u00ebrvoj\u00ebs n\u00eb nd\u00ebrtimin e shtetit&#8230;? <\/strong><\/p>\n<p>Pjes\u00ebrisht \u00ebsht\u00eb faji i k\u00ebsaj lufte politike q\u00eb \u00ebsht\u00eb shum\u00eb e pahijshme dhe q\u00eb b\u00ebhet ende dhe 20 vjet m\u00eb von\u00eb. Nj\u00eb luft\u00eb e pafund mes faktor\u00ebve t\u00eb politik\u00ebs n\u00eb Shqip\u00ebri q\u00eb i merr k\u00ebshtu demokracis\u00eb koh\u00eb dhe energji dhe nuk i jep asaj mund\u00ebsin\u00eb t\u00eb zhvillohet e t\u00eb vihet n\u00eb sh\u00ebrbim t\u00eb njer\u00ebzve. Nj\u00eb pjes\u00eb tjet\u00ebr ka t\u00eb b\u00ebj\u00eb me fasktin q\u00eb shqiptar\u00ebt kishin pritshm\u00ebri t\u00eb larta p\u00ebr nj\u00eb gj\u00eb q\u00eb nuk e njihnin e nuk e kuptonin mir\u00eb. Demokracia nuk \u00ebsht\u00eb nj\u00eb dhurat\u00eb q\u00eb jepet dhe m\u00eb pas \u00e7do gj\u00eb vjen e b\u00ebhet m\u00eb mir\u00eb. Ajo nuk ka t\u00eb b\u00ebj\u00eb vet\u00ebm me politik\u00ebn, por ka t\u00eb b\u00ebj\u00eb me shoq\u00ebrin\u00eb dhe p\u00ebr ta nd\u00ebrtuar at\u00eb duhet m\u00eb shum\u00eb pun\u00eb. Jo domosdoshm\u00ebrisht \u00e7do gj\u00eb zgjidhet nga shteti.<\/p>\n<p><strong>\u00c7far\u00eb roli duhet t\u00eb luaj\u00eb shoq\u00ebria civile n\u00eb k\u00ebt\u00eb aspekt? Mendoni se z\u00ebri i shoq\u00ebris\u00eb civile n\u00eb Shqip\u00ebri d\u00ebgjohet apo ajo s\u2019ka z\u00eb fare?<\/strong><\/p>\n<p>Imazhi i shoq\u00ebris\u00eb civile po ngrihet ngadal\u00eb shum\u00eb n\u00eb shoq\u00ebrin\u00eb shqiptare. Shoq\u00ebria civile \u00ebsht\u00eb n\u00eb hapat e para dhe po del si rezultat i nj\u00eb emergjence, sepse nuk po b\u00ebhet gj\u00eb nga faktori i lart\u00eb politik. Qeveria s\u2019mund t\u00eb zgjidh\u00eb \u00e7do gj\u00eb , ai mendon p\u00ebr politikat makro ekonomike, politike,etj.. Nuk mund t\u00eb presim \u00e7do gj\u00eb nga qeveria, shoq\u00ebria duhet t\u00eb reagoj\u00eb. Demokracia funksionon kur vjen nga posht\u00eb- lart dhe jo nga lart \u2013posht\u00eb. \u00cbsht\u00eb shum\u00eb e r\u00ebnd\u00ebsishme n\u00eb k\u00ebt\u00eb zhvillim t\u00eb demokracis\u00eb reagimi q\u00eb vjen nga shoq\u00ebria civile q\u00eb punon krah shtetit. Pra s\u2019mund t\u00eb ket\u00eb demokraci pa shoq\u00ebri civile ndaj \u00ebsht\u00eb shum\u00eb e r\u00ebnd\u00ebsishme t\u00eb ket\u00eb shoq\u00ebri civile t\u00eb fort\u00eb.<\/p>\n<p><strong>Si e shihni sjelljen e Shqip\u00ebris\u00eb n\u00eb arenn\u00eb nd\u00ebrkomb\u00ebtare dhe ve\u00e7an\u00ebrisht n\u00eb marr\u00ebdh\u00ebniet me fqinj\u00ebt? Sjellja e saj shihet shpesh si nj\u00eb sjellje vasali, q\u00eb nuk ka z\u00ebrin q\u00eb duhet t\u00eb kishte nj\u00eb vend an\u00ebtar i NATO-s&#8230;<\/strong><\/p>\n<p>P\u00ebr mendimin tim \u00ebsht\u00eb e padrejt\u00eb ajo q\u00eb thuhet se Shqip\u00ebria \u00ebsht\u00eb vasale e fuqive t\u00eb tjera. Un\u00eb mendoj se roli q\u00eb Shqip\u00ebria ka luajtur n\u00eb rajon dhe marr\u00ebdh\u00ebnia e saj me fqinj\u00ebt \u00ebsht\u00eb nj\u00eb nga gur\u00ebt m\u00eb t\u00eb fort\u00eb q\u00eb ajo ka vendosur n\u00eb stabilitetin e rajonit. Pra Shqip\u00ebtar\u00ebt nuk kan\u00eb qene kurr\u00eb nxitr\u00ebs t\u00eb konflikteve, p\u00ebrkundrazi. Mendoj se Shqip\u00ebria ka kuptuar se p\u00ebrgjegj\u00ebsia e saj p\u00ebr stabilitetin n\u00eb rajon \u00ebsht\u00eb e madhe dhe ka krijuar nj\u00eb marr\u00ebdh\u00ebnie t\u00eb mir\u00eb me fqinj\u00ebt e saj. E ka p\u00ebrmbajtur veten t\u00eb mos b\u00ebhet pjes\u00eb e konflikteve dhe nuk ka mbajtur asnj\u00ebher\u00eb q\u00ebndrime q\u00eb do t\u00eb ushqenin frik\u00ebn e ndokujt p\u00ebr \u201cShqip\u00ebrin\u00eb e Madhe\u201d. Ajo nuk nd\u00ebrhyri n\u00eb \u00e7\u00ebshtjen e shp\u00ebrb\u00ebrjes s\u00eb ish.Jugosllavis\u00eb, u b\u00eb pjes\u00eb e paktit t\u00eb Stabilitetit pa pasur asnj\u00eb presion nga fuqit\u00eb e m\u00ebdha. Kjo \u00ebsht\u00eb di\u00e7ka p\u00ebr t\u2019u lavd\u00ebruar&#8230;<\/p>\n<p><strong>Ve\u00e7an\u00ebrisht, si e shihni sjelljen e Shqip\u00ebris\u00eb ndaj Greqis\u00eb, a duhej t\u00eb fliste me nj\u00eb z\u00eb m\u00eb t\u00eb fort\u00eb p\u00ebr zgjidhjen e nj\u00eb prej plag\u00ebve m\u00eb t\u00eb m\u00ebdha t\u00eb historis\u00eb s\u00eb saj, k\u00ebrkimin e drejt\u00ebsis\u00eb p\u00ebr \u00e7am\u00ebt e d\u00ebbuar? <\/strong><\/p>\n<p>\u00c7\u00ebshtja \u00e7ame ka qen\u00eb gjithmon\u00eb nj\u00eb \u00e7\u00ebshtje mes dy vendeve. Por tani ka akoma shum\u00eb \u00e7\u00ebshtje q\u00eb Shqip\u00ebria dhe Greqia kan\u00eb p\u00ebr t\u00eb zgjidhur dhe \u00e7\u00ebshtja \u00e7ame \u00ebsht\u00eb nj\u00ebra nga ato. Megjithat\u00eb , po marr\u00ebdh\u00ebniet mes dy vende jan\u00eb shum\u00eb t\u00eb mira. Ka disa probleme biletarale q\u00eb po shtohen gjithsesi, probleme q\u00eb m\u00eb p\u00ebrpara nuk ishin ose ishin si t\u00eb ve\u00e7uara si\u00e7 \u00ebsht\u00eb Himara q\u00eb ka probleme sa her\u00eb ka zgjedhje atje, pra \u00e7do 4 vjet, apo ligji i luft\u00ebs, apo marr\u00ebveshja p\u00ebr kufirin detar apo c\u00ebshtja e shqiptar\u00ebve q\u00eb punojn\u00eb n\u00eb Greqi. K\u00ebshtu pra ashm\u00eb po vjen si nj\u00eb paket\u00eb problemesh dhe duhet t\u00eb zgjidhen t\u00eb gjitha s\u00eb bashku. N\u00eb k\u00ebt\u00eb m\u00ebnyr\u00eb dy shtetet duhet t\u00eb punojn\u00eb p\u00ebr zgjidhjen e k\u00ebtyre probleme q\u00eb kan\u00eb duke i marr\u00eb ato s\u00eb bashku.<\/p>\n<p><strong>Ju p\u00ebrmendet Himar\u00ebn duke e quajtur nj\u00eb problem mes dy vendeve, por a nuk ju duket se \u00ebsht\u00eb nj\u00eb teprim i madh i Greqis\u00eb kur deklaron Himar\u00ebn minoritet, historia flet ndryshe dhe historia jo vet\u00ebm e shkruar nga shqiptar\u00ebt, por dhe nga t\u00eb huajt? <\/strong><\/p>\n<p>Un\u00eb kam udh\u00ebtuar n\u00eb at\u00eb rajon shum\u00eb dhe e di q\u00eb disa fshtara flasin shqip dhe disa flasin greqisht, ndosta gjys\u00ebm p\u00ebr gjys\u00ebm por nuk jam shum\u00eb e sigurt. Nuk ka nj\u00eb prerje me thik\u00eb n\u00eb at\u00eb rajon, ai \u00ebsht\u00eb shum\u00eb i p\u00ebrzier\u00eb. Aty tani kan\u00eb ardhur dhe nga veriu, nga Tiran, Tropoja apo Kuk\u00ebsi dhe qeveria shqiptare e ka b\u00ebr\u00eb t\u00eb qart\u00eb pse s&#8217;e deklaron Himar\u00ebn minoritet. Por Greqia ka arsyet e saj politike, apo edhe etnike&#8230;.nuk e di&#8230;<\/p>\n<p><strong>A q\u00ebndron n\u00eb fakte historike k\u00ebrkesa greke?<\/strong><\/p>\n<p>Shumica e popullsis\u00eb sipas nd\u00ebrgjegj\u00ebsit tim ka q\u00ebn\u00eb dhe \u00ebsht\u00eb shqiptare, madje un\u00eb di nga arkivat britanike q\u00eb madje dhe n\u00eb Korfuzin e Greqis\u00eb ka qen\u00eb nj\u00eb shumic\u00eb dominate shqiptare. Sipas k\u00ebtyre dokumenteve historike q\u00eb un\u00eb kam\u00eb hulumtuar n\u00eb arkivat britanike, n\u00eb Korfuz ka pasur shqiptar\u00eb, n\u00eb lindje t\u00eb Korfuzit flitej shqip. Dhe kjo do t\u00eb thot\u00eb q\u00eb k\u00ebshtu ka qen\u00eb sigurisht edhe n\u00eb Himar\u00eb. Por un\u00eb nuk jam historiane e koh\u00ebve t\u00eb lashta, po them impresionet e mia p\u00ebr k\u00ebt\u00eb \u00e7\u00ebshtje.<\/p>\n<p><strong>Ju e njihni shum\u00eb mir\u00eb \u00e7\u00ebshtjen \u00e7ame, s\u00eb cil\u00ebs i keni kushtuar nj\u00eb pjes\u00eb t\u00eb karrier\u00ebs suaj akademike. Ka nj\u00eb tendec\u00eb gjithmon\u00eb n\u00eb rritje t\u00eb politik\u00ebs p\u00ebr ta par\u00eb k\u00ebt\u00eb \u00e7\u00ebshtje si nj\u00eb \u00e7\u00ebshtje teknike-juridike, pra duke prekur vet\u00ebm \u00e7\u00ebshtjen e kthimit t\u00eb pronave. Sipas jush \u00e7far\u00eb zgjidhje duhet t\u00eb marr\u00eb kjo \u00e7\u00ebshtje, politike apo juridike?<\/strong><\/p>\n<p>Sa i p\u00ebrket zgjidhjes sipas mendimit tim do ishte perfekte sikur kjo t\u00eb zgjidhej mes nj\u00eb tryeze politike shqiptaro-\u00e7ame-greke. Mendoj se cam\u00ebt duhet t\u00eb p\u00ebrfshihen n\u00eb tryeza politike dhe dialogu politik. Ata e kan\u00eb b\u00ebr\u00eb k\u00ebt\u00eb gj\u00eb n\u00eb t\u00eb shkuar\u00ebn por kan\u00eb d\u00ebshtuar, u munduan p\u00ebr dhjet\u00ebvje\u00e7ar\u00eb t\u00eb t\u00ebr\u00eb t\u00eb b\u00ebhen pjes\u00eb e nj\u00eb zgjidhjeje politike dhe d\u00ebshtuan. N\u00eb k\u00ebto kushte jan\u00eb t\u00eb detyruar ta shtrojn\u00eb \u00e7\u00ebshjten si nj\u00eb c\u00ebshtje ligjore, t\u00eb k\u00ebrkojn\u00eb nj\u00eb zgjidhje ligjore.<\/p>\n<p><strong>Po para se t\u00eb ndodh\u00eb kjo, a kan\u00eb ata t\u00eb drejt\u00eb t\u00eb marrin nj\u00eb k\u00ebrkim ndjese nga ana e shtetit grek? <\/strong><\/p>\n<p>Ajo q\u00eb duhet t\u00eb pranohet fillimisht \u00ebsht\u00eb fakti se shp\u00ebrngulja e \u00e7am\u00ebve drejt kufijve shqiptar\u00eb \u00ebsht\u00eb nj\u00eb padrejt\u00ebsi. Natyrisht q\u00eb duhet t\u00eb k\u00ebrkojn\u00eb falje. Grek\u00ebt fillimisht duhet t\u00eb ndryshojn\u00eb dhe t\u00eb rishkruajn\u00eb historin\u00eb e tyre. Dhe duhet t\u00eb ndalojn\u00eb t\u00eb quajn\u00eb t\u00eb gjith\u00eb shqiptar\u00ebt \u00e7am\u00eb kolaboracionist\u00eb, sepse si n\u00eb \u00e7do luft\u00eb kishte edhe kolaboracionist\u00eb, por jo gjith\u00eb cam\u00ebt bashk\u00ebpunuan me fashist\u00ebt. Ata u d\u00ebbuan nga \u00c7am\u00ebria p\u00ebrpara se t\u00eb kishin shanse t\u00eb bashk\u00ebpunonin me gjerman\u00ebt.<\/p>\n<p>E v\u00ebrteta thot\u00eb se rreth 99 p\u00ebr qind e popullsis\u00eb \u00e7ame nuk ka pasur asnj\u00eb lidhje me nazizmin. Gjithsesi rr\u00ebnj\u00ebt e nj\u00eb veprimi t\u00eb till\u00eb t\u00eb grek\u00ebve me popullsin\u00eb \u00e7ame lexohen m\u00eb her\u00ebt. N\u00eb vitet 1920-1930 \u00e7am\u00ebt s\u00ebrish jan\u00eb p\u00ebrz\u00ebn\u00eb nga trojet e tyre, sepse grek\u00ebt pretendonin q\u00eb ata ishin turq. Pra, d\u00ebbimi i tyre n\u00ebn akuz\u00ebn se ishin bashk\u00ebpun\u00ebtor\u00eb t\u00eb nazist\u00ebve ishte vet\u00ebm nj\u00eb pretekst p\u00ebr t\u00eb p\u00ebrmbushur nj\u00eb politik\u00eb t\u00eb vjet\u00ebr.<\/p>\n","protected":false},"excerpt":{"rendered":"<p>Nga Blerina Gjoka Reflektimi mbi demokracin\u00eb shqiptare ka mbledhur k\u00ebto dy dit\u00eb n\u00eb Hotel Tirana studiues, historian\u00eb, politolog\u00eb, politikan\u00eb e gazetar\u00eb. T\u00eb gjith\u00eb n\u00eb p\u00ebrpjekje p\u00ebr t\u00eb dh\u00ebn\u00eb nj\u00eb p\u00ebrgjigje, a \u00ebsht\u00eb konsoliduar demokracia n\u00eb Shqip\u00ebri 20 vjet pas rr\u00ebzimit t\u00eb murit komunist? Dhe p\u00ebrgjigjia p\u00ebr fat t\u00eb keq ka qen\u00eb pothuajse e ngjashme. Pjes\u00ebmarr\u00ebsit [&hellip;]<\/p>\n","protected":false},"author":1,"featured_media":0,"comment_status":"open","ping_status":"closed","sticky":false,"template":"","format":"standard","meta":{"footnotes":""},"categories":[2],"tags":[],"class_list":{"0":"post-4458","1":"post","2":"type-post","3":"status-publish","4":"format-standard","6":"category-artikuj"},"yoast_head":"<!-- This site is optimized with the Yoast SEO plugin v27.4 - https:\/\/yoast.com\/product\/yoast-seo-wordpress\/ -->\n<title>Miranda Vickers: Greqia duhet t\u00eb ndaloj\u00eb s\u00eb quajturi \u00e7am\u00ebt kolaboracionist\u00eb - FjALA e LIR\u00cb - Arkivi<\/title>\n<meta name=\"robots\" content=\"index, follow, max-snippet:-1, max-image-preview:large, max-video-preview:-1\" \/>\n<link rel=\"canonical\" href=\"https:\/\/fjala.info\/2009-2015\/miranda-vickers-greqia-duhet-te-ndaloje-se-quajturi-camet-kolaboracioniste\/\" \/>\n<meta property=\"og:locale\" content=\"sq_AL\" \/>\n<meta property=\"og:type\" content=\"article\" \/>\n<meta property=\"og:title\" content=\"Miranda Vickers: Greqia duhet t\u00eb ndaloj\u00eb s\u00eb quajturi \u00e7am\u00ebt kolaboracionist\u00eb - FjALA e LIR\u00cb - Arkivi\" \/>\n<meta property=\"og:description\" content=\"Nga Blerina Gjoka Reflektimi mbi demokracin\u00eb shqiptare ka mbledhur k\u00ebto dy dit\u00eb n\u00eb Hotel Tirana studiues, historian\u00eb, politolog\u00eb, politikan\u00eb e gazetar\u00eb. T\u00eb gjith\u00eb n\u00eb p\u00ebrpjekje p\u00ebr t\u00eb dh\u00ebn\u00eb nj\u00eb p\u00ebrgjigje, a \u00ebsht\u00eb konsoliduar demokracia n\u00eb Shqip\u00ebri 20 vjet pas rr\u00ebzimit t\u00eb murit komunist? Dhe p\u00ebrgjigjia p\u00ebr fat t\u00eb keq ka qen\u00eb pothuajse e ngjashme. Pjes\u00ebmarr\u00ebsit [&hellip;]\" \/>\n<meta property=\"og:url\" content=\"https:\/\/fjala.info\/2009-2015\/miranda-vickers-greqia-duhet-te-ndaloje-se-quajturi-camet-kolaboracioniste\/\" \/>\n<meta property=\"og:site_name\" content=\"FjALA e LIR\u00cb - Arkivi\" \/>\n<meta property=\"article:published_time\" content=\"2010-10-24T20:05:21+00:00\" \/>\n<meta property=\"og:image\" content=\"http:\/\/fjala.shkoder.net\/wp-content\/uploads\/2010\/10\/mirela_bogdani_miranda_vickers_stephanie-300x223.jpg\" \/>\n<meta name=\"author\" content=\"admin\" \/>\n<meta name=\"twitter:card\" content=\"summary_large_image\" \/>\n<meta name=\"twitter:label1\" content=\"Written by\" \/>\n\t<meta name=\"twitter:data1\" content=\"admin\" \/>\n\t<meta name=\"twitter:label2\" content=\"Est. reading time\" \/>\n\t<meta name=\"twitter:data2\" content=\"10 minutes\" \/>\n<script type=\"application\/ld+json\" class=\"yoast-schema-graph\">{\"@context\":\"https:\\\/\\\/schema.org\",\"@graph\":[{\"@type\":\"Article\",\"@id\":\"https:\\\/\\\/fjala.info\\\/2009-2015\\\/miranda-vickers-greqia-duhet-te-ndaloje-se-quajturi-camet-kolaboracioniste\\\/#article\",\"isPartOf\":{\"@id\":\"https:\\\/\\\/fjala.info\\\/2009-2015\\\/miranda-vickers-greqia-duhet-te-ndaloje-se-quajturi-camet-kolaboracioniste\\\/\"},\"author\":{\"name\":\"admin\",\"@id\":\"https:\\\/\\\/fjala.info\\\/2009-2015\\\/#\\\/schema\\\/person\\\/3aa1163ef05469c496fc94e77611ada2\"},\"headline\":\"Miranda Vickers: Greqia duhet t\u00eb ndaloj\u00eb s\u00eb quajturi \u00e7am\u00ebt kolaboracionist\u00eb\",\"datePublished\":\"2010-10-24T20:05:21+00:00\",\"mainEntityOfPage\":{\"@id\":\"https:\\\/\\\/fjala.info\\\/2009-2015\\\/miranda-vickers-greqia-duhet-te-ndaloje-se-quajturi-camet-kolaboracioniste\\\/\"},\"wordCount\":2051,\"commentCount\":0,\"publisher\":{\"@id\":\"https:\\\/\\\/fjala.info\\\/2009-2015\\\/#organization\"},\"image\":{\"@id\":\"https:\\\/\\\/fjala.info\\\/2009-2015\\\/miranda-vickers-greqia-duhet-te-ndaloje-se-quajturi-camet-kolaboracioniste\\\/#primaryimage\"},\"thumbnailUrl\":\"http:\\\/\\\/fjala.shkoder.net\\\/wp-content\\\/uploads\\\/2010\\\/10\\\/mirela_bogdani_miranda_vickers_stephanie-300x223.jpg\",\"articleSection\":[\"Artikuj\"],\"inLanguage\":\"sq-AL\",\"potentialAction\":[{\"@type\":\"CommentAction\",\"name\":\"Comment\",\"target\":[\"https:\\\/\\\/fjala.info\\\/2009-2015\\\/miranda-vickers-greqia-duhet-te-ndaloje-se-quajturi-camet-kolaboracioniste\\\/#respond\"]}]},{\"@type\":\"WebPage\",\"@id\":\"https:\\\/\\\/fjala.info\\\/2009-2015\\\/miranda-vickers-greqia-duhet-te-ndaloje-se-quajturi-camet-kolaboracioniste\\\/\",\"url\":\"https:\\\/\\\/fjala.info\\\/2009-2015\\\/miranda-vickers-greqia-duhet-te-ndaloje-se-quajturi-camet-kolaboracioniste\\\/\",\"name\":\"Miranda Vickers: Greqia duhet t\u00eb ndaloj\u00eb s\u00eb quajturi \u00e7am\u00ebt kolaboracionist\u00eb - FjALA e LIR\u00cb - Arkivi\",\"isPartOf\":{\"@id\":\"https:\\\/\\\/fjala.info\\\/2009-2015\\\/#website\"},\"primaryImageOfPage\":{\"@id\":\"https:\\\/\\\/fjala.info\\\/2009-2015\\\/miranda-vickers-greqia-duhet-te-ndaloje-se-quajturi-camet-kolaboracioniste\\\/#primaryimage\"},\"image\":{\"@id\":\"https:\\\/\\\/fjala.info\\\/2009-2015\\\/miranda-vickers-greqia-duhet-te-ndaloje-se-quajturi-camet-kolaboracioniste\\\/#primaryimage\"},\"thumbnailUrl\":\"http:\\\/\\\/fjala.shkoder.net\\\/wp-content\\\/uploads\\\/2010\\\/10\\\/mirela_bogdani_miranda_vickers_stephanie-300x223.jpg\",\"datePublished\":\"2010-10-24T20:05:21+00:00\",\"breadcrumb\":{\"@id\":\"https:\\\/\\\/fjala.info\\\/2009-2015\\\/miranda-vickers-greqia-duhet-te-ndaloje-se-quajturi-camet-kolaboracioniste\\\/#breadcrumb\"},\"inLanguage\":\"sq-AL\",\"potentialAction\":[{\"@type\":\"ReadAction\",\"target\":[\"https:\\\/\\\/fjala.info\\\/2009-2015\\\/miranda-vickers-greqia-duhet-te-ndaloje-se-quajturi-camet-kolaboracioniste\\\/\"]}]},{\"@type\":\"ImageObject\",\"inLanguage\":\"sq-AL\",\"@id\":\"https:\\\/\\\/fjala.info\\\/2009-2015\\\/miranda-vickers-greqia-duhet-te-ndaloje-se-quajturi-camet-kolaboracioniste\\\/#primaryimage\",\"url\":\"http:\\\/\\\/fjala.shkoder.net\\\/wp-content\\\/uploads\\\/2010\\\/10\\\/mirela_bogdani_miranda_vickers_stephanie-300x223.jpg\",\"contentUrl\":\"http:\\\/\\\/fjala.shkoder.net\\\/wp-content\\\/uploads\\\/2010\\\/10\\\/mirela_bogdani_miranda_vickers_stephanie-300x223.jpg\"},{\"@type\":\"BreadcrumbList\",\"@id\":\"https:\\\/\\\/fjala.info\\\/2009-2015\\\/miranda-vickers-greqia-duhet-te-ndaloje-se-quajturi-camet-kolaboracioniste\\\/#breadcrumb\",\"itemListElement\":[{\"@type\":\"ListItem\",\"position\":1,\"name\":\"Home\",\"item\":\"https:\\\/\\\/fjala.info\\\/2009-2015\\\/\"},{\"@type\":\"ListItem\",\"position\":2,\"name\":\"Miranda Vickers: Greqia duhet t\u00eb ndaloj\u00eb s\u00eb quajturi \u00e7am\u00ebt kolaboracionist\u00eb\"}]},{\"@type\":\"WebSite\",\"@id\":\"https:\\\/\\\/fjala.info\\\/2009-2015\\\/#website\",\"url\":\"https:\\\/\\\/fjala.info\\\/2009-2015\\\/\",\"name\":\"FjALA e LIR\u00cb - Arkivi\",\"description\":\"Arkivi 2009-2015\",\"publisher\":{\"@id\":\"https:\\\/\\\/fjala.info\\\/2009-2015\\\/#organization\"},\"potentialAction\":[{\"@type\":\"SearchAction\",\"target\":{\"@type\":\"EntryPoint\",\"urlTemplate\":\"https:\\\/\\\/fjala.info\\\/2009-2015\\\/?s={search_term_string}\"},\"query-input\":{\"@type\":\"PropertyValueSpecification\",\"valueRequired\":true,\"valueName\":\"search_term_string\"}}],\"inLanguage\":\"sq-AL\"},{\"@type\":\"Organization\",\"@id\":\"https:\\\/\\\/fjala.info\\\/2009-2015\\\/#organization\",\"name\":\"FjALA e LIR\u00cb - Arkivi\",\"url\":\"https:\\\/\\\/fjala.info\\\/2009-2015\\\/\",\"logo\":{\"@type\":\"ImageObject\",\"inLanguage\":\"sq-AL\",\"@id\":\"https:\\\/\\\/fjala.info\\\/2009-2015\\\/#\\\/schema\\\/logo\\\/image\\\/\",\"url\":\"\",\"contentUrl\":\"\",\"caption\":\"FjALA e LIR\u00cb - Arkivi\"},\"image\":{\"@id\":\"https:\\\/\\\/fjala.info\\\/2009-2015\\\/#\\\/schema\\\/logo\\\/image\\\/\"}},{\"@type\":\"Person\",\"@id\":\"https:\\\/\\\/fjala.info\\\/2009-2015\\\/#\\\/schema\\\/person\\\/3aa1163ef05469c496fc94e77611ada2\",\"name\":\"admin\",\"image\":{\"@type\":\"ImageObject\",\"inLanguage\":\"sq-AL\",\"@id\":\"https:\\\/\\\/fjala.info\\\/2009-2015\\\/wp-content\\\/uploads\\\/2012\\\/02\\\/arben_cokaj-120x150.jpg\",\"url\":\"https:\\\/\\\/fjala.info\\\/2009-2015\\\/wp-content\\\/uploads\\\/2012\\\/02\\\/arben_cokaj-120x150.jpg\",\"contentUrl\":\"https:\\\/\\\/fjala.info\\\/2009-2015\\\/wp-content\\\/uploads\\\/2012\\\/02\\\/arben_cokaj-120x150.jpg\",\"caption\":\"admin\"},\"description\":\"Admin, Fjala e Lir\u00eb\",\"sameAs\":[\"https:\\\/\\\/fjala.info\\\/\"],\"url\":\"https:\\\/\\\/fjala.info\\\/2009-2015\\\/author\\\/admin\\\/\"}]}<\/script>\n<!-- \/ Yoast SEO plugin. -->","yoast_head_json":{"title":"Miranda Vickers: Greqia duhet t\u00eb ndaloj\u00eb s\u00eb quajturi \u00e7am\u00ebt kolaboracionist\u00eb - FjALA e LIR\u00cb - Arkivi","robots":{"index":"index","follow":"follow","max-snippet":"max-snippet:-1","max-image-preview":"max-image-preview:large","max-video-preview":"max-video-preview:-1"},"canonical":"https:\/\/fjala.info\/2009-2015\/miranda-vickers-greqia-duhet-te-ndaloje-se-quajturi-camet-kolaboracioniste\/","og_locale":"sq_AL","og_type":"article","og_title":"Miranda Vickers: Greqia duhet t\u00eb ndaloj\u00eb s\u00eb quajturi \u00e7am\u00ebt kolaboracionist\u00eb - FjALA e LIR\u00cb - Arkivi","og_description":"Nga Blerina Gjoka Reflektimi mbi demokracin\u00eb shqiptare ka mbledhur k\u00ebto dy dit\u00eb n\u00eb Hotel Tirana studiues, historian\u00eb, politolog\u00eb, politikan\u00eb e gazetar\u00eb. T\u00eb gjith\u00eb n\u00eb p\u00ebrpjekje p\u00ebr t\u00eb dh\u00ebn\u00eb nj\u00eb p\u00ebrgjigje, a \u00ebsht\u00eb konsoliduar demokracia n\u00eb Shqip\u00ebri 20 vjet pas rr\u00ebzimit t\u00eb murit komunist? Dhe p\u00ebrgjigjia p\u00ebr fat t\u00eb keq ka qen\u00eb pothuajse e ngjashme. Pjes\u00ebmarr\u00ebsit [&hellip;]","og_url":"https:\/\/fjala.info\/2009-2015\/miranda-vickers-greqia-duhet-te-ndaloje-se-quajturi-camet-kolaboracioniste\/","og_site_name":"FjALA e LIR\u00cb - Arkivi","article_published_time":"2010-10-24T20:05:21+00:00","og_image":[{"url":"http:\/\/fjala.shkoder.net\/wp-content\/uploads\/2010\/10\/mirela_bogdani_miranda_vickers_stephanie-300x223.jpg","type":"","width":"","height":""}],"author":"admin","twitter_card":"summary_large_image","twitter_misc":{"Written by":"admin","Est. reading time":"10 minutes"},"schema":{"@context":"https:\/\/schema.org","@graph":[{"@type":"Article","@id":"https:\/\/fjala.info\/2009-2015\/miranda-vickers-greqia-duhet-te-ndaloje-se-quajturi-camet-kolaboracioniste\/#article","isPartOf":{"@id":"https:\/\/fjala.info\/2009-2015\/miranda-vickers-greqia-duhet-te-ndaloje-se-quajturi-camet-kolaboracioniste\/"},"author":{"name":"admin","@id":"https:\/\/fjala.info\/2009-2015\/#\/schema\/person\/3aa1163ef05469c496fc94e77611ada2"},"headline":"Miranda Vickers: Greqia duhet t\u00eb ndaloj\u00eb s\u00eb quajturi \u00e7am\u00ebt kolaboracionist\u00eb","datePublished":"2010-10-24T20:05:21+00:00","mainEntityOfPage":{"@id":"https:\/\/fjala.info\/2009-2015\/miranda-vickers-greqia-duhet-te-ndaloje-se-quajturi-camet-kolaboracioniste\/"},"wordCount":2051,"commentCount":0,"publisher":{"@id":"https:\/\/fjala.info\/2009-2015\/#organization"},"image":{"@id":"https:\/\/fjala.info\/2009-2015\/miranda-vickers-greqia-duhet-te-ndaloje-se-quajturi-camet-kolaboracioniste\/#primaryimage"},"thumbnailUrl":"http:\/\/fjala.shkoder.net\/wp-content\/uploads\/2010\/10\/mirela_bogdani_miranda_vickers_stephanie-300x223.jpg","articleSection":["Artikuj"],"inLanguage":"sq-AL","potentialAction":[{"@type":"CommentAction","name":"Comment","target":["https:\/\/fjala.info\/2009-2015\/miranda-vickers-greqia-duhet-te-ndaloje-se-quajturi-camet-kolaboracioniste\/#respond"]}]},{"@type":"WebPage","@id":"https:\/\/fjala.info\/2009-2015\/miranda-vickers-greqia-duhet-te-ndaloje-se-quajturi-camet-kolaboracioniste\/","url":"https:\/\/fjala.info\/2009-2015\/miranda-vickers-greqia-duhet-te-ndaloje-se-quajturi-camet-kolaboracioniste\/","name":"Miranda Vickers: Greqia duhet t\u00eb ndaloj\u00eb s\u00eb quajturi \u00e7am\u00ebt kolaboracionist\u00eb - FjALA e LIR\u00cb - Arkivi","isPartOf":{"@id":"https:\/\/fjala.info\/2009-2015\/#website"},"primaryImageOfPage":{"@id":"https:\/\/fjala.info\/2009-2015\/miranda-vickers-greqia-duhet-te-ndaloje-se-quajturi-camet-kolaboracioniste\/#primaryimage"},"image":{"@id":"https:\/\/fjala.info\/2009-2015\/miranda-vickers-greqia-duhet-te-ndaloje-se-quajturi-camet-kolaboracioniste\/#primaryimage"},"thumbnailUrl":"http:\/\/fjala.shkoder.net\/wp-content\/uploads\/2010\/10\/mirela_bogdani_miranda_vickers_stephanie-300x223.jpg","datePublished":"2010-10-24T20:05:21+00:00","breadcrumb":{"@id":"https:\/\/fjala.info\/2009-2015\/miranda-vickers-greqia-duhet-te-ndaloje-se-quajturi-camet-kolaboracioniste\/#breadcrumb"},"inLanguage":"sq-AL","potentialAction":[{"@type":"ReadAction","target":["https:\/\/fjala.info\/2009-2015\/miranda-vickers-greqia-duhet-te-ndaloje-se-quajturi-camet-kolaboracioniste\/"]}]},{"@type":"ImageObject","inLanguage":"sq-AL","@id":"https:\/\/fjala.info\/2009-2015\/miranda-vickers-greqia-duhet-te-ndaloje-se-quajturi-camet-kolaboracioniste\/#primaryimage","url":"http:\/\/fjala.shkoder.net\/wp-content\/uploads\/2010\/10\/mirela_bogdani_miranda_vickers_stephanie-300x223.jpg","contentUrl":"http:\/\/fjala.shkoder.net\/wp-content\/uploads\/2010\/10\/mirela_bogdani_miranda_vickers_stephanie-300x223.jpg"},{"@type":"BreadcrumbList","@id":"https:\/\/fjala.info\/2009-2015\/miranda-vickers-greqia-duhet-te-ndaloje-se-quajturi-camet-kolaboracioniste\/#breadcrumb","itemListElement":[{"@type":"ListItem","position":1,"name":"Home","item":"https:\/\/fjala.info\/2009-2015\/"},{"@type":"ListItem","position":2,"name":"Miranda Vickers: Greqia duhet t\u00eb ndaloj\u00eb s\u00eb quajturi \u00e7am\u00ebt kolaboracionist\u00eb"}]},{"@type":"WebSite","@id":"https:\/\/fjala.info\/2009-2015\/#website","url":"https:\/\/fjala.info\/2009-2015\/","name":"FjALA e LIR\u00cb - Arkivi","description":"Arkivi 2009-2015","publisher":{"@id":"https:\/\/fjala.info\/2009-2015\/#organization"},"potentialAction":[{"@type":"SearchAction","target":{"@type":"EntryPoint","urlTemplate":"https:\/\/fjala.info\/2009-2015\/?s={search_term_string}"},"query-input":{"@type":"PropertyValueSpecification","valueRequired":true,"valueName":"search_term_string"}}],"inLanguage":"sq-AL"},{"@type":"Organization","@id":"https:\/\/fjala.info\/2009-2015\/#organization","name":"FjALA e LIR\u00cb - Arkivi","url":"https:\/\/fjala.info\/2009-2015\/","logo":{"@type":"ImageObject","inLanguage":"sq-AL","@id":"https:\/\/fjala.info\/2009-2015\/#\/schema\/logo\/image\/","url":"","contentUrl":"","caption":"FjALA e LIR\u00cb - Arkivi"},"image":{"@id":"https:\/\/fjala.info\/2009-2015\/#\/schema\/logo\/image\/"}},{"@type":"Person","@id":"https:\/\/fjala.info\/2009-2015\/#\/schema\/person\/3aa1163ef05469c496fc94e77611ada2","name":"admin","image":{"@type":"ImageObject","inLanguage":"sq-AL","@id":"https:\/\/fjala.info\/2009-2015\/wp-content\/uploads\/2012\/02\/arben_cokaj-120x150.jpg","url":"https:\/\/fjala.info\/2009-2015\/wp-content\/uploads\/2012\/02\/arben_cokaj-120x150.jpg","contentUrl":"https:\/\/fjala.info\/2009-2015\/wp-content\/uploads\/2012\/02\/arben_cokaj-120x150.jpg","caption":"admin"},"description":"Admin, Fjala e Lir\u00eb","sameAs":["https:\/\/fjala.info\/"],"url":"https:\/\/fjala.info\/2009-2015\/author\/admin\/"}]}},"_links":{"self":[{"href":"https:\/\/fjala.info\/2009-2015\/wp-json\/wp\/v2\/posts\/4458","targetHints":{"allow":["GET"]}}],"collection":[{"href":"https:\/\/fjala.info\/2009-2015\/wp-json\/wp\/v2\/posts"}],"about":[{"href":"https:\/\/fjala.info\/2009-2015\/wp-json\/wp\/v2\/types\/post"}],"author":[{"embeddable":true,"href":"https:\/\/fjala.info\/2009-2015\/wp-json\/wp\/v2\/users\/1"}],"replies":[{"embeddable":true,"href":"https:\/\/fjala.info\/2009-2015\/wp-json\/wp\/v2\/comments?post=4458"}],"version-history":[{"count":0,"href":"https:\/\/fjala.info\/2009-2015\/wp-json\/wp\/v2\/posts\/4458\/revisions"}],"wp:attachment":[{"href":"https:\/\/fjala.info\/2009-2015\/wp-json\/wp\/v2\/media?parent=4458"}],"wp:term":[{"taxonomy":"category","embeddable":true,"href":"https:\/\/fjala.info\/2009-2015\/wp-json\/wp\/v2\/categories?post=4458"},{"taxonomy":"post_tag","embeddable":true,"href":"https:\/\/fjala.info\/2009-2015\/wp-json\/wp\/v2\/tags?post=4458"}],"curies":[{"name":"wp","href":"https:\/\/api.w.org\/{rel}","templated":true}]}}