{"id":4456,"date":"2010-10-24T20:51:51","date_gmt":"2010-10-24T19:51:51","guid":{"rendered":"http:\/\/fjala.shkoder.net\/?p=4456"},"modified":"2010-10-24T20:51:51","modified_gmt":"2010-10-24T19:51:51","slug":"berisha-po-ligjeron-kontrabanden-e-plehrave-drejt-shqiperise","status":"publish","type":"post","link":"https:\/\/fjala.info\/2009-2015\/berisha-po-ligjeron-kontrabanden-e-plehrave-drejt-shqiperise\/","title":{"rendered":"\u201cBerisha po ligj\u00ebron kontraband\u00ebn e plehrave drejt Shqip\u00ebris\u00eb\u201d"},"content":{"rendered":"<p>Nga <strong>Bledar Lumani<\/strong><\/p>\n<p><em><strong>Flet ambientalisti Lavdosh Ferruni<\/strong><\/em><\/p>\n<p>Nj\u00eb nga z\u00ebrat me t\u00eb njohur n\u00eb fush\u00ebn e mbrojtjes s\u00eb mjedisit, thot\u00eb p\u00ebr gazet\u00ebn TemA se tashm\u00eb plehrat e Napolit do t\u00eb vijn\u00eb n\u00eb Shqip\u00ebri. Sipas tij, ky \u00ebsht\u00eb nj\u00eb rrezik i madh p\u00ebr vendin. Ai thot\u00eb se pas vendimit fshihen qeveritar\u00ebt, p\u00ebr shkak se ai u miratua n\u00eb fsheht\u00ebsi, pa asnj\u00eb konsult\u00eb dhe pa u miratuar t\u00eb tjera ligje q\u00eb i hapin rrug\u00ebn atij.<\/p>\n<p><strong>Si e komentoni vendimin e qeveris\u00eb p\u00ebr plehrat?<\/strong><\/p>\n<p>Vendimi i fundit i qeveris\u00eb p\u00ebr importimin e mbetjeve p\u00ebr p\u00ebrdorim, riciklim dhe p\u00ebrpunim t\u00eb tyre, \u00ebsht\u00eb nj\u00eb vendim totalisht i kund\u00ebrshtuesh\u00ebm. Kjo, t\u00eb pakt\u00ebn p\u00ebr periudh\u00ebn n\u00eb t\u00eb cil\u00ebn Shqip\u00ebria \u00ebsht\u00eb sot, ku ka nj\u00eb munges\u00eb totale dhe t\u00eb theksuar kontrolli dhe ku mund\u00ebsia e abuzimit \u00ebsht\u00eb jasht\u00ebzakonisht e madhe. Kjo nuk \u00ebsht\u00eb nj\u00eb mund\u00ebsi e abuzimit t\u00eb fitimit t\u00eb nj\u00ebrit ndaj tjetrit, pasi kjo \u00ebsht\u00eb vet\u00ebm nj\u00ebra an\u00eb. Mund\u00ebsia e abuzimit \u00ebsht\u00eb me m\u00ebnyr\u00ebn q\u00eb k\u00ebto mbetje do t\u00eb shkat\u00ebrrojn\u00eb ambientin n\u00eb m\u00ebnyr\u00eb t\u00eb pariparueshme p\u00ebr dekada t\u00eb t\u00ebra. Ky \u00ebsht\u00eb shqet\u00ebsimi m\u00eb i madh q\u00eb vjen pas k\u00ebtij vendimi t\u00eb marr\u00eb nga ana e qeveris\u00eb.<\/p>\n<p><strong>P\u00ebrse u mor tani ky vendim dhe a mendoni se ka ndonj\u00eb prapavij\u00eb pas tij?<\/strong><\/p>\n<p>Mendoj q\u00eb ky vendim mund t\u00eb jet\u00eb frut i ndonj\u00eb bashk\u00ebpunimi t\u00eb kompanive internacionale, por dhe t\u00eb kompanive m\u00eb t\u00eb vogla, q\u00eb jan\u00eb shum\u00eb t\u00eb interesuara p\u00ebr zhvendosjen e mbetjeve nga territoret ku ato operojn\u00eb, ku ka sanksione shtr\u00ebnguese shum\u00eb t\u00eb forta. Me k\u00ebt\u00eb vendim ato gjejn\u00eb nj\u00eb ambient \u201cdashamir\u00ebs\u201d p\u00ebr importin e mbetjeve. Kjo industri nuk do t\u00eb sjell\u00eb t\u00eb ardhura n\u00eb vend dhe mund t\u00eb them se n\u00eb planin ekonomik ky plan \u00ebsht\u00eb tep\u00ebr i pastudiuar n\u00eb rastin m\u00eb t\u00eb mir\u00eb, p\u00ebr faktin se d\u00ebmtohet r\u00ebnd\u00eb bujq\u00ebsia, peshkimi, duke qen\u00eb se ndotja fillon q\u00eb n\u00eb det nga derdhjet e mundshme, t\u00eb cilat mund t\u00eb jen\u00eb edhe toksike. Por ky vendim do t\u00eb d\u00ebmtoj\u00eb n\u00eb m\u00ebnyr\u00eb t\u00eb dukshme edhe turizmin. Imazhi q\u00eb do t\u00eb krijohet n\u00eb p\u00ebrgjith\u00ebsi p\u00ebr Shqip\u00ebrin\u00eb, e cila po promovohet si nj\u00eb potencial i madh turistik n\u00eb Europ\u00eb, do t\u00eb d\u00ebmtohet jasht\u00eb zakonisht shum\u00eb. Dhe ky d\u00ebmtim nuk do t\u00eb jet\u00eb vet\u00ebm n\u00eb fush\u00ebn e imazhit, pasi imazhi p\u00ebrkthehet n\u00eb p\u00ebrfitime m\u00eb t\u00eb m\u00ebdha ekonomike.<\/p>\n<p><strong>Cili \u00ebsht\u00eb p\u00ebrfitimi i Shqip\u00ebris\u00eb nga ky vendim?<\/strong><\/p>\n<p>Un\u00eb nuk mendoj se Shqip\u00ebria p\u00ebrfiton ndonj\u00eb gj\u00eb nga ky vendim. P\u00ebrkundrazi, do t\u00eb ket\u00eb humbje t\u00eb pariparueshme. P\u00ebrjashtim b\u00ebjn\u00eb pak veta, t\u00eb cil\u00ebt do t\u00eb merren me k\u00ebt\u00eb lloj industrie. Kurse shqiptar\u00ebt n\u00eb t\u00ebr\u00ebsin\u00eb e tyre dhe vet\u00eb shteti shqiptar kan\u00eb vet\u00ebm humbje nga ky vendim.<\/p>\n<p><strong>Pra nuk do t\u00eb ket\u00eb asnj\u00eb p\u00ebrfitim financiar?<\/strong><\/p>\n<p>Sigurisht q\u00eb nuk ka asnj\u00eb p\u00ebrfitim financiar. Nuk mund t\u00eb ket\u00eb p\u00ebrfitim financiar, por edhe n\u00ebse do t\u00eb ket\u00eb, ai \u00ebsht\u00eb i pallogaritsh\u00ebm me d\u00ebmin q\u00eb do t\u2019i shkaktohet ambientit nga mbetjet. N\u00ebse \u00e7\u00ebshtja shikohet n\u00eb m\u00ebnyr\u00eb integrale, d\u00ebmi q\u00eb i sjell ekonomis\u00eb \u00ebsht\u00eb shum\u00eb i madh. Duhet th\u00ebn\u00eb se mjedisi nuk \u00ebsht\u00eb vet\u00ebm nj\u00eb term ekzotik dhe idilik, por nj\u00eb term q\u00eb ka shum\u00eb vler\u00eb. Ekosistemet n\u00eb dit\u00ebt e sotme vler\u00ebsohen dhe konvertohen me para, pasi vlera e tyre \u00ebsht\u00eb shum\u00eb e madhe, sidomos me ekosistemet shum\u00eb t\u00eb pasura q\u00eb ka Shqip\u00ebria.<\/p>\n<p><strong>P\u00ebrfituesit e k\u00ebtij vendimi pra jan\u00eb nj\u00eb grup shum\u00eb i vog\u00ebl njer\u00ebzish?<\/strong><\/p>\n<p>Absolutisht po. Ky \u00ebsht\u00eb nj\u00eb favor q\u00eb po u b\u00ebhet nj\u00eb grupi p\u00ebrpunuesish q\u00eb u b\u00ebhet mbetjeve, t\u00eb cil\u00ebt me shum\u00eb mund\u00ebsi kan\u00eb lidhje me qeveritar\u00eb t\u00eb ndrysh\u00ebm. E them k\u00ebt\u00eb, pasi nuk besoj se ky vendim do t\u00eb merrej me kaq nxitim, n\u00ebse pas tij nuk q\u00ebndrojn\u00eb njer\u00ebz t\u00eb lidhur me qeveritar\u00eb. Aq m\u00eb tep\u00ebr q\u00eb akoma nuk kemi nj\u00eb ligj t\u00eb ri p\u00ebr mbrojtjen e mjedisit dhe p\u00ebr menaxhimin e plehrave. Pra, \u00ebsht\u00eb nj\u00eb paket\u00eb q\u00eb akoma nuk \u00ebsht\u00eb plot\u00ebsuar dhe nuk ka dal\u00eb nj\u00eb ligj i ri dhe bashk\u00ebkohor, q\u00eb \u00ebsht\u00eb edhe nj\u00eb detyrim i Bashkimit Europian. Deri m\u00eb tani \u00ebsht\u00eb operuar me ligje t\u00eb vjetra t\u00eb vitit 2002 si referenca ligjore. Ky nxitim, n\u00eb nj\u00eb koh\u00eb q\u00eb ligji \u00ebsht\u00eb n\u00ebp\u00ebr duar, tregon se pas k\u00ebtij vendimi mund t\u00eb fshihet nj\u00eb \u00e7\u00ebshtje korruptive.<\/p>\n<p><strong>Ministri i Mjedisit, Fatmir Mediu ka th\u00ebn\u00eb se ligji i ri rregullon sjelljen e plehrave n\u00eb Shqip\u00ebri. Kjo do t\u00eb thot\u00eb se deri m\u00eb tani plehrat jan\u00eb sjell\u00eb n\u00eb m\u00ebnyr\u00eb t\u00eb pakontrolluar?<\/strong><\/p>\n<p>Po, kjo \u00ebsht\u00eb shum\u00eb e v\u00ebrtet\u00eb. K\u00ebtu kan\u00eb hyr\u00eb plehra pa asnj\u00eb kontroll. Tani p\u00ebrpjekja \u00ebsht\u00eb \u00ebsht\u00eb q\u00eb ligj\u00ebrohet kjo lloj kontrabande q\u00eb \u00ebsht\u00eb b\u00ebr\u00eb me plehrat. Dhe me k\u00ebt\u00eb vendim n\u00eb fakt i hapet rruga ligjore, jo vet\u00ebm nj\u00eb lloj mbetjesh t\u00eb caktuar urbane, po aq m\u00eb keq do t\u00eb lejohet hyrja e nj\u00eb game t\u00eb gjer\u00eb plehrash, me m\u00eb shum\u00eb se 200 lloj mbetjesh, t\u00eb cilat jan\u00eb edhe industriale, \u00e7ka rrit ndjesh\u00ebm rrezikun dhe mund t\u00eb krijojn\u00eb probleme t\u00eb pariparueshme n\u00eb ambient p\u00ebr nj\u00eb koh\u00eb shum\u00eb t\u00eb gjat\u00eb.<\/p>\n<p><strong>Kryeministri Berisha tha se n\u00eb Shqip\u00ebri do t\u00eb importohen vet\u00ebm 57 lloj plehrash. Kush do ta kontrolloj\u00eb k\u00ebt\u00eb gj\u00eb?<\/strong><\/p>\n<p>Jo vet\u00ebm 57, por n\u00eb Shqip\u00ebri nuk duhet t\u00eb hyj\u00eb asnj\u00eb lloj mbetje. Kjo, p\u00ebr shkak se ka nj\u00eb dend\u00ebsi t\u00eb madhe popullsie dhe nj\u00eb hap\u00ebsir\u00eb t\u00eb vog\u00ebl fushore, ku \u00ebsht\u00eb dhe p\u00ebrqindja m\u00eb e madhe e turizmit dhe bujq\u00ebsis\u00eb. Nuk \u00ebsht\u00eb e v\u00ebrtet\u00eb q\u00eb do t\u00eb hyjn\u00eb 57 lloje mbetjesh, pasi jan\u00eb m\u00eb shum\u00eb se 57. N\u00eb VKM-n\u00eb e qeveris\u00eb parashikohet q\u00eb t\u00eb hyjn\u00eb t\u00eb pakt\u00ebn 250 lloj mbetjesh. N\u00ebse kryeministri n\u00eb mendjen e vet b\u00ebn nj\u00eb selektim t\u00eb mbetjeve q\u00eb do t\u00eb hyjn\u00eb n\u00eb Shqip\u00ebri, kjo nuk do t\u00eb thot\u00eb se do hyjn\u00eb aq. Kjo \u00e7\u00ebshtje \u00ebsht\u00eb komb\u00ebtare dhe nuk mund t\u00eb vendoset n\u00eb k\u00ebt\u00eb m\u00ebnyr\u00eb brenda nat\u00ebs dhe fshehurazi, si\u00e7 ndodhi, pa u konsultuar m\u00eb par\u00eb me grupet e m\u00ebdha t\u00eb interesit. Qeveria duhet t\u00eb ishte konsultuar me komunitetin dhe t\u00eb gjith\u00eb aktor\u00ebt e mundsh\u00ebm t\u00eb k\u00ebtij vendi, dhe jo vet\u00ebm me bizneset q\u00eb merren me riciklimin e plehrave. Kjo, pasi ky \u00ebsht\u00eb nj\u00eb vendim i thjesht\u00eb, por nj\u00eb vendim q\u00eb prek gjith\u00eb ekonomin\u00eb shqiptare dhe gjith\u00eb mjedisin shqiptar. P\u00ebr m\u00eb tep\u00ebr ky efekt nuk \u00ebsht\u00eb afatshkurt\u00ebr, por shtrihet n\u00eb koh\u00eb p\u00ebr dekada t\u00eb t\u00ebra.<\/p>\n<p><strong>Ky vendim tashm\u00eb mund t\u00eb vihet menj\u00ebher\u00eb n\u00eb zbatim?<\/strong><\/p>\n<p>Me hyrjen e k\u00ebtij vendimi n\u00eb fuqi, tashm\u00eb n\u00eb Shqip\u00ebri mund t\u00eb hyjn\u00eb plehra t\u00eb ndryshme. Ky \u00ebsht\u00eb nj\u00eb gabim tjet\u00ebr shum\u00eb i madh ligjor, p\u00ebr faktin se ky importim mbetjesh nuk mund t\u00eb b\u00ebhet pa integrimin e t\u00eb pakt\u00ebn dy rregulloreve t\u00eb tjera, t\u00eb cilat funksionojn\u00eb n\u00eb Bashkimin Europian. B\u00ebhet fjal\u00eb p\u00ebr transportimin e k\u00ebtyre mbetjeve dhe ligji p\u00ebr riciklimin dhe p\u00ebrpunimin e tyre, ligje q\u00eb nuk ekzistojn\u00eb n\u00eb Shqip\u00ebri. Pra n\u00eb jemi para nj\u00eb situate q\u00eb i kemi hapur rrug\u00ebn nj\u00eb vendimi, i cili e ka rrug\u00ebn e mbyllur p\u00ebr proceset e m\u00ebtejshme, pra p\u00ebr p\u00ebrdorim dhe riciklim t\u00eb tyre, p\u00ebr shkak se mungon ligji p\u00ebr to.<\/p>\n<p><strong>P\u00ebr k\u00ebt\u00eb vendim \u00ebsht\u00eb marr\u00eb mendimi i ambientalist\u00ebve nga qeveria?<\/strong><\/p>\n<p>Nuk \u00ebsht\u00eb marr\u00eb asnj\u00eb mendim n\u00eb m\u00ebnyr\u00eb absolute. Kjo \u00ebsht\u00eb nj\u00eb fatkeq\u00ebsi e madhe, aq m\u00eb tep\u00ebr kur ne jemi pjes\u00eb e konventave t\u00eb ndryshme, t\u00eb cilat e kan\u00eb domosdoshm\u00ebri pjesmarrjen ton\u00eb n\u00eb ligjet dhe vendimet me p\u00ebrmasa kaq t\u00eb m\u00ebdha. Ne do t\u00eb p\u00ebrdorim t\u00eb gjitha mund\u00ebsit\u00eb q\u00eb na afron legjislacioni p\u00ebr ta kund\u00ebrshtuar k\u00ebt\u00eb ligj. Madje do t\u00eb nd\u00ebrmarrin edhe protesta popullore.<\/p>\n<p><strong>N\u00eb Napoli jan\u00eb duke u zhvilluar protesta t\u00eb dhunshme p\u00ebr plehrat. Rrezikojm\u00eb ne q\u00eb plehrat e tyre tashm\u00eb t\u00eb vijn\u00eb n\u00eb Shqip\u00ebri?<\/strong><\/p>\n<p>Sigurisht q\u00eb po. Tashm\u00eb n\u00eb gjith\u00eb hap\u00ebsir\u00eb globale ekziston nj\u00eb problem i madh, ai i plehrave, duke par\u00eb q\u00eb konsumi \u00ebsht\u00eb shum\u00eb i madh. Transportimi i k\u00ebtyre plehrave deri m\u00eb tani ka ndodhur n\u00eb vendet e Afrik\u00ebs. Por tashm\u00eb n\u00eb k\u00ebto vende po b\u00ebhet gjithmon\u00eb e m\u00eb e v\u00ebshtir\u00eb p\u00ebr d\u00ebrgimin e mbetjeve, p\u00ebr shkak t\u00eb nd\u00ebrgjegj\u00ebsimit t\u00eb tyre. Duke qen\u00eb k\u00ebshtu, mendoj se Shqip\u00ebria \u00ebsht\u00eb gjetur si nj\u00eb terren mjaft i leht\u00eb p\u00ebr t\u00eb transportuar mbetjet nga vende t\u00eb ndryshme.<\/p>\n<p><strong>Pra Shqip\u00ebria ka marr\u00eb rolin e shteteve t\u00eb Afrik\u00ebs, duke u kthyer n\u00eb koshin e hedhjes e mbetjeve t\u00eb ndryshme?<\/strong><\/p>\n<p>Mendoj se po. Pasi nuk ka asnj\u00eb vend tjet\u00ebr n\u00eb Europ\u00eb q\u00eb t\u00eb lejoj\u00eb ka\u00eb leht\u00ebsisht mbetjet e t\u00eb gjitha llojeve, p\u00ebrfshir\u00eb dhe ato industriale dhe urbane, si\u00e7 po b\u00ebn n\u00eb fakt qeveria shqiptare.<\/p>\n","protected":false},"excerpt":{"rendered":"<p>Nga Bledar Lumani Flet ambientalisti Lavdosh Ferruni Nj\u00eb nga z\u00ebrat me t\u00eb njohur n\u00eb fush\u00ebn e mbrojtjes s\u00eb mjedisit, thot\u00eb p\u00ebr gazet\u00ebn TemA se tashm\u00eb plehrat e Napolit do t\u00eb vijn\u00eb n\u00eb Shqip\u00ebri. Sipas tij, ky \u00ebsht\u00eb nj\u00eb rrezik i madh p\u00ebr vendin. Ai thot\u00eb se pas vendimit fshihen qeveritar\u00ebt, p\u00ebr shkak se ai u [&hellip;]<\/p>\n","protected":false},"author":1,"featured_media":0,"comment_status":"open","ping_status":"closed","sticky":false,"template":"","format":"standard","meta":{"footnotes":""},"categories":[4],"tags":[],"class_list":{"0":"post-4456","1":"post","2":"type-post","3":"status-publish","4":"format-standard","6":"category-intervista"},"yoast_head":"<!-- This site is optimized with the Yoast SEO plugin v27.4 - https:\/\/yoast.com\/product\/yoast-seo-wordpress\/ -->\n<title>\u201cBerisha po ligj\u00ebron kontraband\u00ebn e plehrave drejt Shqip\u00ebris\u00eb\u201d - FjALA e LIR\u00cb - Arkivi<\/title>\n<meta name=\"robots\" content=\"index, follow, max-snippet:-1, max-image-preview:large, max-video-preview:-1\" \/>\n<link rel=\"canonical\" href=\"https:\/\/fjala.info\/2009-2015\/berisha-po-ligjeron-kontrabanden-e-plehrave-drejt-shqiperise\/\" \/>\n<meta property=\"og:locale\" content=\"sq_AL\" \/>\n<meta property=\"og:type\" content=\"article\" \/>\n<meta property=\"og:title\" content=\"\u201cBerisha po ligj\u00ebron kontraband\u00ebn e plehrave drejt Shqip\u00ebris\u00eb\u201d - FjALA e LIR\u00cb - Arkivi\" \/>\n<meta property=\"og:description\" content=\"Nga Bledar Lumani Flet ambientalisti Lavdosh Ferruni Nj\u00eb nga z\u00ebrat me t\u00eb njohur n\u00eb fush\u00ebn e mbrojtjes s\u00eb mjedisit, thot\u00eb p\u00ebr gazet\u00ebn TemA se tashm\u00eb plehrat e Napolit do t\u00eb vijn\u00eb n\u00eb Shqip\u00ebri. Sipas tij, ky \u00ebsht\u00eb nj\u00eb rrezik i madh p\u00ebr vendin. Ai thot\u00eb se pas vendimit fshihen qeveritar\u00ebt, p\u00ebr shkak se ai u [&hellip;]\" \/>\n<meta property=\"og:url\" content=\"https:\/\/fjala.info\/2009-2015\/berisha-po-ligjeron-kontrabanden-e-plehrave-drejt-shqiperise\/\" \/>\n<meta property=\"og:site_name\" content=\"FjALA e LIR\u00cb - Arkivi\" \/>\n<meta property=\"article:published_time\" content=\"2010-10-24T19:51:51+00:00\" \/>\n<meta name=\"author\" content=\"admin\" \/>\n<meta name=\"twitter:card\" content=\"summary_large_image\" \/>\n<meta name=\"twitter:label1\" content=\"Written by\" \/>\n\t<meta name=\"twitter:data1\" content=\"admin\" \/>\n\t<meta name=\"twitter:label2\" content=\"Est. reading time\" \/>\n\t<meta name=\"twitter:data2\" content=\"8 minutes\" \/>\n<script type=\"application\/ld+json\" class=\"yoast-schema-graph\">{\"@context\":\"https:\\\/\\\/schema.org\",\"@graph\":[{\"@type\":\"Article\",\"@id\":\"https:\\\/\\\/fjala.info\\\/2009-2015\\\/berisha-po-ligjeron-kontrabanden-e-plehrave-drejt-shqiperise\\\/#article\",\"isPartOf\":{\"@id\":\"https:\\\/\\\/fjala.info\\\/2009-2015\\\/berisha-po-ligjeron-kontrabanden-e-plehrave-drejt-shqiperise\\\/\"},\"author\":{\"name\":\"admin\",\"@id\":\"https:\\\/\\\/fjala.info\\\/2009-2015\\\/#\\\/schema\\\/person\\\/3aa1163ef05469c496fc94e77611ada2\"},\"headline\":\"\u201cBerisha po ligj\u00ebron kontraband\u00ebn e plehrave drejt Shqip\u00ebris\u00eb\u201d\",\"datePublished\":\"2010-10-24T19:51:51+00:00\",\"mainEntityOfPage\":{\"@id\":\"https:\\\/\\\/fjala.info\\\/2009-2015\\\/berisha-po-ligjeron-kontrabanden-e-plehrave-drejt-shqiperise\\\/\"},\"wordCount\":1572,\"commentCount\":0,\"publisher\":{\"@id\":\"https:\\\/\\\/fjala.info\\\/2009-2015\\\/#organization\"},\"articleSection\":[\"Intervista\"],\"inLanguage\":\"sq-AL\",\"potentialAction\":[{\"@type\":\"CommentAction\",\"name\":\"Comment\",\"target\":[\"https:\\\/\\\/fjala.info\\\/2009-2015\\\/berisha-po-ligjeron-kontrabanden-e-plehrave-drejt-shqiperise\\\/#respond\"]}]},{\"@type\":\"WebPage\",\"@id\":\"https:\\\/\\\/fjala.info\\\/2009-2015\\\/berisha-po-ligjeron-kontrabanden-e-plehrave-drejt-shqiperise\\\/\",\"url\":\"https:\\\/\\\/fjala.info\\\/2009-2015\\\/berisha-po-ligjeron-kontrabanden-e-plehrave-drejt-shqiperise\\\/\",\"name\":\"\u201cBerisha po ligj\u00ebron kontraband\u00ebn e plehrave drejt Shqip\u00ebris\u00eb\u201d - FjALA e LIR\u00cb - Arkivi\",\"isPartOf\":{\"@id\":\"https:\\\/\\\/fjala.info\\\/2009-2015\\\/#website\"},\"datePublished\":\"2010-10-24T19:51:51+00:00\",\"breadcrumb\":{\"@id\":\"https:\\\/\\\/fjala.info\\\/2009-2015\\\/berisha-po-ligjeron-kontrabanden-e-plehrave-drejt-shqiperise\\\/#breadcrumb\"},\"inLanguage\":\"sq-AL\",\"potentialAction\":[{\"@type\":\"ReadAction\",\"target\":[\"https:\\\/\\\/fjala.info\\\/2009-2015\\\/berisha-po-ligjeron-kontrabanden-e-plehrave-drejt-shqiperise\\\/\"]}]},{\"@type\":\"BreadcrumbList\",\"@id\":\"https:\\\/\\\/fjala.info\\\/2009-2015\\\/berisha-po-ligjeron-kontrabanden-e-plehrave-drejt-shqiperise\\\/#breadcrumb\",\"itemListElement\":[{\"@type\":\"ListItem\",\"position\":1,\"name\":\"Home\",\"item\":\"https:\\\/\\\/fjala.info\\\/2009-2015\\\/\"},{\"@type\":\"ListItem\",\"position\":2,\"name\":\"\u201cBerisha po ligj\u00ebron kontraband\u00ebn e plehrave drejt Shqip\u00ebris\u00eb\u201d\"}]},{\"@type\":\"WebSite\",\"@id\":\"https:\\\/\\\/fjala.info\\\/2009-2015\\\/#website\",\"url\":\"https:\\\/\\\/fjala.info\\\/2009-2015\\\/\",\"name\":\"FjALA e LIR\u00cb - Arkivi\",\"description\":\"Arkivi 2009-2015\",\"publisher\":{\"@id\":\"https:\\\/\\\/fjala.info\\\/2009-2015\\\/#organization\"},\"potentialAction\":[{\"@type\":\"SearchAction\",\"target\":{\"@type\":\"EntryPoint\",\"urlTemplate\":\"https:\\\/\\\/fjala.info\\\/2009-2015\\\/?s={search_term_string}\"},\"query-input\":{\"@type\":\"PropertyValueSpecification\",\"valueRequired\":true,\"valueName\":\"search_term_string\"}}],\"inLanguage\":\"sq-AL\"},{\"@type\":\"Organization\",\"@id\":\"https:\\\/\\\/fjala.info\\\/2009-2015\\\/#organization\",\"name\":\"FjALA e LIR\u00cb - Arkivi\",\"url\":\"https:\\\/\\\/fjala.info\\\/2009-2015\\\/\",\"logo\":{\"@type\":\"ImageObject\",\"inLanguage\":\"sq-AL\",\"@id\":\"https:\\\/\\\/fjala.info\\\/2009-2015\\\/#\\\/schema\\\/logo\\\/image\\\/\",\"url\":\"\",\"contentUrl\":\"\",\"caption\":\"FjALA e LIR\u00cb - Arkivi\"},\"image\":{\"@id\":\"https:\\\/\\\/fjala.info\\\/2009-2015\\\/#\\\/schema\\\/logo\\\/image\\\/\"}},{\"@type\":\"Person\",\"@id\":\"https:\\\/\\\/fjala.info\\\/2009-2015\\\/#\\\/schema\\\/person\\\/3aa1163ef05469c496fc94e77611ada2\",\"name\":\"admin\",\"image\":{\"@type\":\"ImageObject\",\"inLanguage\":\"sq-AL\",\"@id\":\"https:\\\/\\\/fjala.info\\\/2009-2015\\\/wp-content\\\/uploads\\\/2012\\\/02\\\/arben_cokaj-120x150.jpg\",\"url\":\"https:\\\/\\\/fjala.info\\\/2009-2015\\\/wp-content\\\/uploads\\\/2012\\\/02\\\/arben_cokaj-120x150.jpg\",\"contentUrl\":\"https:\\\/\\\/fjala.info\\\/2009-2015\\\/wp-content\\\/uploads\\\/2012\\\/02\\\/arben_cokaj-120x150.jpg\",\"caption\":\"admin\"},\"description\":\"Admin, Fjala e Lir\u00eb\",\"sameAs\":[\"https:\\\/\\\/fjala.info\\\/\"],\"url\":\"https:\\\/\\\/fjala.info\\\/2009-2015\\\/author\\\/admin\\\/\"}]}<\/script>\n<!-- \/ Yoast SEO plugin. -->","yoast_head_json":{"title":"\u201cBerisha po ligj\u00ebron kontraband\u00ebn e plehrave drejt Shqip\u00ebris\u00eb\u201d - FjALA e LIR\u00cb - Arkivi","robots":{"index":"index","follow":"follow","max-snippet":"max-snippet:-1","max-image-preview":"max-image-preview:large","max-video-preview":"max-video-preview:-1"},"canonical":"https:\/\/fjala.info\/2009-2015\/berisha-po-ligjeron-kontrabanden-e-plehrave-drejt-shqiperise\/","og_locale":"sq_AL","og_type":"article","og_title":"\u201cBerisha po ligj\u00ebron kontraband\u00ebn e plehrave drejt Shqip\u00ebris\u00eb\u201d - FjALA e LIR\u00cb - Arkivi","og_description":"Nga Bledar Lumani Flet ambientalisti Lavdosh Ferruni Nj\u00eb nga z\u00ebrat me t\u00eb njohur n\u00eb fush\u00ebn e mbrojtjes s\u00eb mjedisit, thot\u00eb p\u00ebr gazet\u00ebn TemA se tashm\u00eb plehrat e Napolit do t\u00eb vijn\u00eb n\u00eb Shqip\u00ebri. Sipas tij, ky \u00ebsht\u00eb nj\u00eb rrezik i madh p\u00ebr vendin. Ai thot\u00eb se pas vendimit fshihen qeveritar\u00ebt, p\u00ebr shkak se ai u [&hellip;]","og_url":"https:\/\/fjala.info\/2009-2015\/berisha-po-ligjeron-kontrabanden-e-plehrave-drejt-shqiperise\/","og_site_name":"FjALA e LIR\u00cb - Arkivi","article_published_time":"2010-10-24T19:51:51+00:00","author":"admin","twitter_card":"summary_large_image","twitter_misc":{"Written by":"admin","Est. reading time":"8 minutes"},"schema":{"@context":"https:\/\/schema.org","@graph":[{"@type":"Article","@id":"https:\/\/fjala.info\/2009-2015\/berisha-po-ligjeron-kontrabanden-e-plehrave-drejt-shqiperise\/#article","isPartOf":{"@id":"https:\/\/fjala.info\/2009-2015\/berisha-po-ligjeron-kontrabanden-e-plehrave-drejt-shqiperise\/"},"author":{"name":"admin","@id":"https:\/\/fjala.info\/2009-2015\/#\/schema\/person\/3aa1163ef05469c496fc94e77611ada2"},"headline":"\u201cBerisha po ligj\u00ebron kontraband\u00ebn e plehrave drejt Shqip\u00ebris\u00eb\u201d","datePublished":"2010-10-24T19:51:51+00:00","mainEntityOfPage":{"@id":"https:\/\/fjala.info\/2009-2015\/berisha-po-ligjeron-kontrabanden-e-plehrave-drejt-shqiperise\/"},"wordCount":1572,"commentCount":0,"publisher":{"@id":"https:\/\/fjala.info\/2009-2015\/#organization"},"articleSection":["Intervista"],"inLanguage":"sq-AL","potentialAction":[{"@type":"CommentAction","name":"Comment","target":["https:\/\/fjala.info\/2009-2015\/berisha-po-ligjeron-kontrabanden-e-plehrave-drejt-shqiperise\/#respond"]}]},{"@type":"WebPage","@id":"https:\/\/fjala.info\/2009-2015\/berisha-po-ligjeron-kontrabanden-e-plehrave-drejt-shqiperise\/","url":"https:\/\/fjala.info\/2009-2015\/berisha-po-ligjeron-kontrabanden-e-plehrave-drejt-shqiperise\/","name":"\u201cBerisha po ligj\u00ebron kontraband\u00ebn e plehrave drejt Shqip\u00ebris\u00eb\u201d - FjALA e LIR\u00cb - Arkivi","isPartOf":{"@id":"https:\/\/fjala.info\/2009-2015\/#website"},"datePublished":"2010-10-24T19:51:51+00:00","breadcrumb":{"@id":"https:\/\/fjala.info\/2009-2015\/berisha-po-ligjeron-kontrabanden-e-plehrave-drejt-shqiperise\/#breadcrumb"},"inLanguage":"sq-AL","potentialAction":[{"@type":"ReadAction","target":["https:\/\/fjala.info\/2009-2015\/berisha-po-ligjeron-kontrabanden-e-plehrave-drejt-shqiperise\/"]}]},{"@type":"BreadcrumbList","@id":"https:\/\/fjala.info\/2009-2015\/berisha-po-ligjeron-kontrabanden-e-plehrave-drejt-shqiperise\/#breadcrumb","itemListElement":[{"@type":"ListItem","position":1,"name":"Home","item":"https:\/\/fjala.info\/2009-2015\/"},{"@type":"ListItem","position":2,"name":"\u201cBerisha po ligj\u00ebron kontraband\u00ebn e plehrave drejt Shqip\u00ebris\u00eb\u201d"}]},{"@type":"WebSite","@id":"https:\/\/fjala.info\/2009-2015\/#website","url":"https:\/\/fjala.info\/2009-2015\/","name":"FjALA e LIR\u00cb - Arkivi","description":"Arkivi 2009-2015","publisher":{"@id":"https:\/\/fjala.info\/2009-2015\/#organization"},"potentialAction":[{"@type":"SearchAction","target":{"@type":"EntryPoint","urlTemplate":"https:\/\/fjala.info\/2009-2015\/?s={search_term_string}"},"query-input":{"@type":"PropertyValueSpecification","valueRequired":true,"valueName":"search_term_string"}}],"inLanguage":"sq-AL"},{"@type":"Organization","@id":"https:\/\/fjala.info\/2009-2015\/#organization","name":"FjALA e LIR\u00cb - Arkivi","url":"https:\/\/fjala.info\/2009-2015\/","logo":{"@type":"ImageObject","inLanguage":"sq-AL","@id":"https:\/\/fjala.info\/2009-2015\/#\/schema\/logo\/image\/","url":"","contentUrl":"","caption":"FjALA e LIR\u00cb - Arkivi"},"image":{"@id":"https:\/\/fjala.info\/2009-2015\/#\/schema\/logo\/image\/"}},{"@type":"Person","@id":"https:\/\/fjala.info\/2009-2015\/#\/schema\/person\/3aa1163ef05469c496fc94e77611ada2","name":"admin","image":{"@type":"ImageObject","inLanguage":"sq-AL","@id":"https:\/\/fjala.info\/2009-2015\/wp-content\/uploads\/2012\/02\/arben_cokaj-120x150.jpg","url":"https:\/\/fjala.info\/2009-2015\/wp-content\/uploads\/2012\/02\/arben_cokaj-120x150.jpg","contentUrl":"https:\/\/fjala.info\/2009-2015\/wp-content\/uploads\/2012\/02\/arben_cokaj-120x150.jpg","caption":"admin"},"description":"Admin, Fjala e Lir\u00eb","sameAs":["https:\/\/fjala.info\/"],"url":"https:\/\/fjala.info\/2009-2015\/author\/admin\/"}]}},"_links":{"self":[{"href":"https:\/\/fjala.info\/2009-2015\/wp-json\/wp\/v2\/posts\/4456","targetHints":{"allow":["GET"]}}],"collection":[{"href":"https:\/\/fjala.info\/2009-2015\/wp-json\/wp\/v2\/posts"}],"about":[{"href":"https:\/\/fjala.info\/2009-2015\/wp-json\/wp\/v2\/types\/post"}],"author":[{"embeddable":true,"href":"https:\/\/fjala.info\/2009-2015\/wp-json\/wp\/v2\/users\/1"}],"replies":[{"embeddable":true,"href":"https:\/\/fjala.info\/2009-2015\/wp-json\/wp\/v2\/comments?post=4456"}],"version-history":[{"count":0,"href":"https:\/\/fjala.info\/2009-2015\/wp-json\/wp\/v2\/posts\/4456\/revisions"}],"wp:attachment":[{"href":"https:\/\/fjala.info\/2009-2015\/wp-json\/wp\/v2\/media?parent=4456"}],"wp:term":[{"taxonomy":"category","embeddable":true,"href":"https:\/\/fjala.info\/2009-2015\/wp-json\/wp\/v2\/categories?post=4456"},{"taxonomy":"post_tag","embeddable":true,"href":"https:\/\/fjala.info\/2009-2015\/wp-json\/wp\/v2\/tags?post=4456"}],"curies":[{"name":"wp","href":"https:\/\/api.w.org\/{rel}","templated":true}]}}