{"id":4453,"date":"2012-08-16T21:42:30","date_gmt":"2012-08-16T20:42:30","guid":{"rendered":"http:\/\/www.fjala.info\/?p=4453"},"modified":"2012-08-16T21:42:30","modified_gmt":"2012-08-16T20:42:30","slug":"arben-xhaferri-i-pazevendesueshem","status":"publish","type":"post","link":"https:\/\/fjala.info\/2009-2015\/arben-xhaferri-i-pazevendesueshem\/","title":{"rendered":"Arb\u00ebn Xhaferri, i paz\u00ebv\u00ebnd\u00ebsuesh\u00ebm"},"content":{"rendered":"<p><img decoding=\"async\" class=\"alignright size-thumbnail wp-image-7236\" title=\"Arb\u00ebn Xhaferri\" src=\"http:\/\/www.fjala.info\/2012\/arbri_foto_corbis.jpg\" alt=\"\" width=\"300\" \/> Nga <strong>Alfred Lela<\/strong>, <em>16 gusht 2012<\/em><\/p>\n<p>M\u00eb ka hutuar n\u00eb fillim me emrat e Tij. Kjo ndoshta sepse prezantimi me T\u00eb u p\u00ebrcoll nga e folmja ende e mbyllur e koh\u00ebs kur Shqip\u00ebria u hap dhe Ai erdhi me em\u00ebr e figur\u00eb p\u00ebrmes kanonit zyrtar si Arb\u00ebr Xhaferri. Nuk e di pse dhe kur, ndoshta pas luft\u00ebs n\u00eb Maqedoni, q\u00eb u b\u00eb politik\u00eb dite me firmosjen e Marr\u00ebveshjes s\u00eb Ohrit, n\u00eb t\u00eb cilin Ai pat rol kryesor, por emri i Tij u zhvendos drejt Arb\u00ebn ose Arben.<\/p>\n<p>E doja Arb\u00ebr-ishten tek emri dhe personaliteti i Tij, por n\u00eb p\u00ebrdorim e sip\u00ebr u pajtova me Arb\u00ebn, ndoshta sepse kuptova se ishte gegnishtja e Arb\u00ebr.<\/p>\n<p>Ky \u00ebsht\u00eb nj\u00eb shkrim n\u00eb vet\u00eb t\u00eb par\u00eb, dhe m\u00eb vjen keq p\u00ebr k\u00ebt\u00eb e k\u00ebrkoj ndjes\u00eb, por \u00ebsht\u00eb i till\u00eb sepse vdekja \u00ebsht\u00eb di\u00e7ka intime. Dhe, mes meje e Arb\u00ebn Xheferrit ka hyr\u00eb vdekja: e terrt\u00eb, e plotfuqishme, ndar\u00ebse si nj\u00eb kam\u00eb p\u00ebrmes mishit e gjith\u00eb historis\u00eb. Ky \u00e7ast intim ku Ai ik\u00ebn, arb\u00ebrisht, n\u00ebp\u00ebr vdekjen e Tij, plot\u00ebsohet me mua q\u00eb n\u00ebp\u00ebr rreshtat e k\u00ebtij profili dua t\u00eb gjej t\u00eb p\u00ebrbotshmen, t\u00eb p\u00ebrshqiptarshmen, t\u00eb p\u00ebrshpirtshmen e Arbnit.<\/p>\n<p>Nuk mund t\u2019ia filloj me nj\u00eb curriculum vitae. Megjithat\u00eb, e dini \u00e7far\u00eb: Arb\u00ebn Xhaferrit, m\u00eb shum\u00eb se kujtdo, do i kishte shkuar p\u00ebrkora latine e k\u00ebtyre dy fjal\u00ebve. I till\u00eb qe Ai: i rrall\u00eb dhe i pap\u00ebrs\u00ebritsh\u00ebm si nj\u00eb gjuh\u00eb e vdekur, si latinishtja e Mark Antonit, Senek\u00ebs e Virgjilit.<\/p>\n<p>Kjo rrall\u00ebsi, ky latinicitet, e b\u00ebn edhe m\u00eb t\u00eb paz\u00ebvend\u00ebsueshme humbjen e Tij. N\u00ebp\u00ebr k\u00ebt\u00eb rrall\u00ebsi Ai erdhi e u b\u00eb pol. \u00c7\u2019tjet\u00ebr njeri i bot\u00ebs shqiptare mund t\u00eb m\u00ebtoj\u00eb p\u00ebr vete at\u00eb q\u00eb Arb\u00ebn Xhaferri ishte: nj\u00eb institucion politik, nj\u00eb citadel q\u00eb priste t\u00eb gjitha shigjetat e u b\u00ebnte streh\u00eb t\u00eb gjitha shpresave; nj\u00eb far q\u00eb l\u00ebshonte t\u00eb gjith\u00eb drit\u00ebn rreth s\u00eb cil\u00ebs p\u00ebshtilleshin fluturat e mendimit shqiptar n\u00eb Maqedoni e p\u00ebrtej.<\/p>\n<p>Shpesh, kur na paraqitet nevoja e nj\u00eb standardi, kur duam t\u00eb evokojm\u00eb koh\u00eb burrash t\u00eb m\u00ebdhenj e shqiptar\u00ebsh q\u00eb u b\u00ebn\u00eb et\u00ebr themelues t\u00eb kombit, p\u00ebrmendim Rilind\u00ebsit. Gjithher\u00eb ata ia brendavendosim p\u00ebrfytyrimit t\u00eb nj\u00eb shekulli t\u00eb shkuar (nuk e di pse numri 1878 i shkon p\u00ebr s\u00eb mbari figur\u00ebs s\u00eb nj\u00eb Rilind\u00ebsi.)<\/p>\n<p>Na duhet, ta rishkruajm\u00eb historin\u00eb, qasjen ton\u00eb personale, sepse mes nesh, me mjekr\u00ebn por pa pretendimin; me drit\u00ebn por pa breroren; me mendimin por pa kolan\u00ebn; kemi pasur nj\u00eb bashk\u00ebkoh\u00ebs si Rilind\u00ebs. E kemi pasur, nuk e kemi m\u00eb, por do ta kemi: n\u00eb at\u00eb vend ku Rilind\u00ebsit futen pa pyetur p\u00ebr renditjet zyrtare, p\u00ebrmendoret, historicizmin, por me historin\u00eb e tyre t\u00eb intimitetit me mendimin.<\/p>\n<p>E kam takuar Arb\u00ebn Xhaferrin, pranver\u00ebn e kahershme t\u00eb vitit 2000, n\u00eb selin\u00eb e PDSH n\u00eb Tetov\u00eb. \u00c7\u2019e sjell nj\u00eb gazetar rishtar n\u00eb Tetov\u00eb? m\u00eb pyeti aq but\u00eb sikur pyetjet t\u00eb ishin thika q\u00eb nxirrnin gjak. Ju dhe Elita 5, i thash\u00eb. I hodhi syt\u00eb nga dritarja p\u00ebrtej s\u00eb cil\u00ebs p\u00ebshtillej n\u00eb mesdit\u00eb qytet-shteti i tij, dhe si n\u00eb p\u00ebshp\u00ebrim\u00eb tha se i p\u00eblqente Elita 5. Bota shqiptare e till\u00eb ka qen\u00eb p\u00ebrher\u00eb, shtoi. Nuk kemi funksionuar si galaksi, por yje t\u00eb shndritsh\u00ebm sigurisht q\u00eb kemi pasur.<\/p>\n<p>Sigurisht q\u00eb po, Arb\u00ebn. Ti, padyshim, je nj\u00eb prej yjeve.<\/p>\n","protected":false},"excerpt":{"rendered":"<p>Nga Alfred Lela, 16 gusht 2012 M\u00eb ka hutuar n\u00eb fillim me emrat e Tij. Kjo ndoshta sepse prezantimi me T\u00eb u p\u00ebrcoll nga e folmja ende e mbyllur e koh\u00ebs kur Shqip\u00ebria u hap dhe Ai erdhi me em\u00ebr e figur\u00eb p\u00ebrmes kanonit zyrtar si Arb\u00ebr Xhaferri. Nuk e di pse dhe kur, ndoshta [&hellip;]<\/p>\n","protected":false},"author":1,"featured_media":0,"comment_status":"open","ping_status":"closed","sticky":false,"template":"","format":"standard","meta":{"footnotes":""},"categories":[2],"tags":[],"class_list":{"0":"post-4453","1":"post","2":"type-post","3":"status-publish","4":"format-standard","6":"category-artikuj"},"yoast_head":"<!-- This site is optimized with the Yoast SEO plugin v27.4 - https:\/\/yoast.com\/product\/yoast-seo-wordpress\/ -->\n<title>Arb\u00ebn Xhaferri, i paz\u00ebv\u00ebnd\u00ebsuesh\u00ebm - FjALA e LIR\u00cb - Arkivi<\/title>\n<meta name=\"robots\" content=\"index, follow, max-snippet:-1, max-image-preview:large, max-video-preview:-1\" \/>\n<link rel=\"canonical\" href=\"https:\/\/fjala.info\/2009-2015\/arben-xhaferri-i-pazevendesueshem\/\" \/>\n<meta property=\"og:locale\" content=\"sq_AL\" \/>\n<meta property=\"og:type\" content=\"article\" \/>\n<meta property=\"og:title\" content=\"Arb\u00ebn Xhaferri, i paz\u00ebv\u00ebnd\u00ebsuesh\u00ebm - FjALA e LIR\u00cb - Arkivi\" \/>\n<meta property=\"og:description\" content=\"Nga Alfred Lela, 16 gusht 2012 M\u00eb ka hutuar n\u00eb fillim me emrat e Tij. Kjo ndoshta sepse prezantimi me T\u00eb u p\u00ebrcoll nga e folmja ende e mbyllur e koh\u00ebs kur Shqip\u00ebria u hap dhe Ai erdhi me em\u00ebr e figur\u00eb p\u00ebrmes kanonit zyrtar si Arb\u00ebr Xhaferri. Nuk e di pse dhe kur, ndoshta [&hellip;]\" \/>\n<meta property=\"og:url\" content=\"https:\/\/fjala.info\/2009-2015\/arben-xhaferri-i-pazevendesueshem\/\" \/>\n<meta property=\"og:site_name\" content=\"FjALA e LIR\u00cb - Arkivi\" \/>\n<meta property=\"article:published_time\" content=\"2012-08-16T20:42:30+00:00\" \/>\n<meta property=\"og:image\" content=\"http:\/\/www.fjala.info\/2012\/arbri_foto_corbis.jpg\" \/>\n<meta name=\"author\" content=\"admin\" \/>\n<meta name=\"twitter:card\" content=\"summary_large_image\" \/>\n<meta name=\"twitter:label1\" content=\"Written by\" \/>\n\t<meta name=\"twitter:data1\" content=\"admin\" \/>\n\t<meta name=\"twitter:label2\" content=\"Est. reading time\" \/>\n\t<meta name=\"twitter:data2\" content=\"3 minutes\" \/>\n<script type=\"application\/ld+json\" class=\"yoast-schema-graph\">{\"@context\":\"https:\\\/\\\/schema.org\",\"@graph\":[{\"@type\":\"Article\",\"@id\":\"https:\\\/\\\/fjala.info\\\/2009-2015\\\/arben-xhaferri-i-pazevendesueshem\\\/#article\",\"isPartOf\":{\"@id\":\"https:\\\/\\\/fjala.info\\\/2009-2015\\\/arben-xhaferri-i-pazevendesueshem\\\/\"},\"author\":{\"name\":\"admin\",\"@id\":\"https:\\\/\\\/fjala.info\\\/2009-2015\\\/#\\\/schema\\\/person\\\/3aa1163ef05469c496fc94e77611ada2\"},\"headline\":\"Arb\u00ebn Xhaferri, i paz\u00ebv\u00ebnd\u00ebsuesh\u00ebm\",\"datePublished\":\"2012-08-16T20:42:30+00:00\",\"mainEntityOfPage\":{\"@id\":\"https:\\\/\\\/fjala.info\\\/2009-2015\\\/arben-xhaferri-i-pazevendesueshem\\\/\"},\"wordCount\":622,\"commentCount\":0,\"publisher\":{\"@id\":\"https:\\\/\\\/fjala.info\\\/2009-2015\\\/#organization\"},\"image\":{\"@id\":\"https:\\\/\\\/fjala.info\\\/2009-2015\\\/arben-xhaferri-i-pazevendesueshem\\\/#primaryimage\"},\"thumbnailUrl\":\"http:\\\/\\\/www.fjala.info\\\/2012\\\/arbri_foto_corbis.jpg\",\"articleSection\":[\"Artikuj\"],\"inLanguage\":\"sq-AL\",\"potentialAction\":[{\"@type\":\"CommentAction\",\"name\":\"Comment\",\"target\":[\"https:\\\/\\\/fjala.info\\\/2009-2015\\\/arben-xhaferri-i-pazevendesueshem\\\/#respond\"]}]},{\"@type\":\"WebPage\",\"@id\":\"https:\\\/\\\/fjala.info\\\/2009-2015\\\/arben-xhaferri-i-pazevendesueshem\\\/\",\"url\":\"https:\\\/\\\/fjala.info\\\/2009-2015\\\/arben-xhaferri-i-pazevendesueshem\\\/\",\"name\":\"Arb\u00ebn Xhaferri, i paz\u00ebv\u00ebnd\u00ebsuesh\u00ebm - FjALA e LIR\u00cb - Arkivi\",\"isPartOf\":{\"@id\":\"https:\\\/\\\/fjala.info\\\/2009-2015\\\/#website\"},\"primaryImageOfPage\":{\"@id\":\"https:\\\/\\\/fjala.info\\\/2009-2015\\\/arben-xhaferri-i-pazevendesueshem\\\/#primaryimage\"},\"image\":{\"@id\":\"https:\\\/\\\/fjala.info\\\/2009-2015\\\/arben-xhaferri-i-pazevendesueshem\\\/#primaryimage\"},\"thumbnailUrl\":\"http:\\\/\\\/www.fjala.info\\\/2012\\\/arbri_foto_corbis.jpg\",\"datePublished\":\"2012-08-16T20:42:30+00:00\",\"breadcrumb\":{\"@id\":\"https:\\\/\\\/fjala.info\\\/2009-2015\\\/arben-xhaferri-i-pazevendesueshem\\\/#breadcrumb\"},\"inLanguage\":\"sq-AL\",\"potentialAction\":[{\"@type\":\"ReadAction\",\"target\":[\"https:\\\/\\\/fjala.info\\\/2009-2015\\\/arben-xhaferri-i-pazevendesueshem\\\/\"]}]},{\"@type\":\"ImageObject\",\"inLanguage\":\"sq-AL\",\"@id\":\"https:\\\/\\\/fjala.info\\\/2009-2015\\\/arben-xhaferri-i-pazevendesueshem\\\/#primaryimage\",\"url\":\"http:\\\/\\\/www.fjala.info\\\/2012\\\/arbri_foto_corbis.jpg\",\"contentUrl\":\"http:\\\/\\\/www.fjala.info\\\/2012\\\/arbri_foto_corbis.jpg\"},{\"@type\":\"BreadcrumbList\",\"@id\":\"https:\\\/\\\/fjala.info\\\/2009-2015\\\/arben-xhaferri-i-pazevendesueshem\\\/#breadcrumb\",\"itemListElement\":[{\"@type\":\"ListItem\",\"position\":1,\"name\":\"Home\",\"item\":\"https:\\\/\\\/fjala.info\\\/2009-2015\\\/\"},{\"@type\":\"ListItem\",\"position\":2,\"name\":\"Arb\u00ebn Xhaferri, i paz\u00ebv\u00ebnd\u00ebsuesh\u00ebm\"}]},{\"@type\":\"WebSite\",\"@id\":\"https:\\\/\\\/fjala.info\\\/2009-2015\\\/#website\",\"url\":\"https:\\\/\\\/fjala.info\\\/2009-2015\\\/\",\"name\":\"FjALA e LIR\u00cb - Arkivi\",\"description\":\"Arkivi 2009-2015\",\"publisher\":{\"@id\":\"https:\\\/\\\/fjala.info\\\/2009-2015\\\/#organization\"},\"potentialAction\":[{\"@type\":\"SearchAction\",\"target\":{\"@type\":\"EntryPoint\",\"urlTemplate\":\"https:\\\/\\\/fjala.info\\\/2009-2015\\\/?s={search_term_string}\"},\"query-input\":{\"@type\":\"PropertyValueSpecification\",\"valueRequired\":true,\"valueName\":\"search_term_string\"}}],\"inLanguage\":\"sq-AL\"},{\"@type\":\"Organization\",\"@id\":\"https:\\\/\\\/fjala.info\\\/2009-2015\\\/#organization\",\"name\":\"FjALA e LIR\u00cb - Arkivi\",\"url\":\"https:\\\/\\\/fjala.info\\\/2009-2015\\\/\",\"logo\":{\"@type\":\"ImageObject\",\"inLanguage\":\"sq-AL\",\"@id\":\"https:\\\/\\\/fjala.info\\\/2009-2015\\\/#\\\/schema\\\/logo\\\/image\\\/\",\"url\":\"\",\"contentUrl\":\"\",\"caption\":\"FjALA e LIR\u00cb - Arkivi\"},\"image\":{\"@id\":\"https:\\\/\\\/fjala.info\\\/2009-2015\\\/#\\\/schema\\\/logo\\\/image\\\/\"}},{\"@type\":\"Person\",\"@id\":\"https:\\\/\\\/fjala.info\\\/2009-2015\\\/#\\\/schema\\\/person\\\/3aa1163ef05469c496fc94e77611ada2\",\"name\":\"admin\",\"image\":{\"@type\":\"ImageObject\",\"inLanguage\":\"sq-AL\",\"@id\":\"https:\\\/\\\/fjala.info\\\/2009-2015\\\/wp-content\\\/uploads\\\/2012\\\/02\\\/arben_cokaj-120x150.jpg\",\"url\":\"https:\\\/\\\/fjala.info\\\/2009-2015\\\/wp-content\\\/uploads\\\/2012\\\/02\\\/arben_cokaj-120x150.jpg\",\"contentUrl\":\"https:\\\/\\\/fjala.info\\\/2009-2015\\\/wp-content\\\/uploads\\\/2012\\\/02\\\/arben_cokaj-120x150.jpg\",\"caption\":\"admin\"},\"description\":\"Admin, Fjala e Lir\u00eb\",\"sameAs\":[\"https:\\\/\\\/fjala.info\\\/\"],\"url\":\"https:\\\/\\\/fjala.info\\\/2009-2015\\\/author\\\/admin\\\/\"}]}<\/script>\n<!-- \/ Yoast SEO plugin. -->","yoast_head_json":{"title":"Arb\u00ebn Xhaferri, i paz\u00ebv\u00ebnd\u00ebsuesh\u00ebm - FjALA e LIR\u00cb - Arkivi","robots":{"index":"index","follow":"follow","max-snippet":"max-snippet:-1","max-image-preview":"max-image-preview:large","max-video-preview":"max-video-preview:-1"},"canonical":"https:\/\/fjala.info\/2009-2015\/arben-xhaferri-i-pazevendesueshem\/","og_locale":"sq_AL","og_type":"article","og_title":"Arb\u00ebn Xhaferri, i paz\u00ebv\u00ebnd\u00ebsuesh\u00ebm - FjALA e LIR\u00cb - Arkivi","og_description":"Nga Alfred Lela, 16 gusht 2012 M\u00eb ka hutuar n\u00eb fillim me emrat e Tij. Kjo ndoshta sepse prezantimi me T\u00eb u p\u00ebrcoll nga e folmja ende e mbyllur e koh\u00ebs kur Shqip\u00ebria u hap dhe Ai erdhi me em\u00ebr e figur\u00eb p\u00ebrmes kanonit zyrtar si Arb\u00ebr Xhaferri. Nuk e di pse dhe kur, ndoshta [&hellip;]","og_url":"https:\/\/fjala.info\/2009-2015\/arben-xhaferri-i-pazevendesueshem\/","og_site_name":"FjALA e LIR\u00cb - Arkivi","article_published_time":"2012-08-16T20:42:30+00:00","og_image":[{"url":"http:\/\/www.fjala.info\/2012\/arbri_foto_corbis.jpg","type":"","width":"","height":""}],"author":"admin","twitter_card":"summary_large_image","twitter_misc":{"Written by":"admin","Est. reading time":"3 minutes"},"schema":{"@context":"https:\/\/schema.org","@graph":[{"@type":"Article","@id":"https:\/\/fjala.info\/2009-2015\/arben-xhaferri-i-pazevendesueshem\/#article","isPartOf":{"@id":"https:\/\/fjala.info\/2009-2015\/arben-xhaferri-i-pazevendesueshem\/"},"author":{"name":"admin","@id":"https:\/\/fjala.info\/2009-2015\/#\/schema\/person\/3aa1163ef05469c496fc94e77611ada2"},"headline":"Arb\u00ebn Xhaferri, i paz\u00ebv\u00ebnd\u00ebsuesh\u00ebm","datePublished":"2012-08-16T20:42:30+00:00","mainEntityOfPage":{"@id":"https:\/\/fjala.info\/2009-2015\/arben-xhaferri-i-pazevendesueshem\/"},"wordCount":622,"commentCount":0,"publisher":{"@id":"https:\/\/fjala.info\/2009-2015\/#organization"},"image":{"@id":"https:\/\/fjala.info\/2009-2015\/arben-xhaferri-i-pazevendesueshem\/#primaryimage"},"thumbnailUrl":"http:\/\/www.fjala.info\/2012\/arbri_foto_corbis.jpg","articleSection":["Artikuj"],"inLanguage":"sq-AL","potentialAction":[{"@type":"CommentAction","name":"Comment","target":["https:\/\/fjala.info\/2009-2015\/arben-xhaferri-i-pazevendesueshem\/#respond"]}]},{"@type":"WebPage","@id":"https:\/\/fjala.info\/2009-2015\/arben-xhaferri-i-pazevendesueshem\/","url":"https:\/\/fjala.info\/2009-2015\/arben-xhaferri-i-pazevendesueshem\/","name":"Arb\u00ebn Xhaferri, i paz\u00ebv\u00ebnd\u00ebsuesh\u00ebm - FjALA e LIR\u00cb - Arkivi","isPartOf":{"@id":"https:\/\/fjala.info\/2009-2015\/#website"},"primaryImageOfPage":{"@id":"https:\/\/fjala.info\/2009-2015\/arben-xhaferri-i-pazevendesueshem\/#primaryimage"},"image":{"@id":"https:\/\/fjala.info\/2009-2015\/arben-xhaferri-i-pazevendesueshem\/#primaryimage"},"thumbnailUrl":"http:\/\/www.fjala.info\/2012\/arbri_foto_corbis.jpg","datePublished":"2012-08-16T20:42:30+00:00","breadcrumb":{"@id":"https:\/\/fjala.info\/2009-2015\/arben-xhaferri-i-pazevendesueshem\/#breadcrumb"},"inLanguage":"sq-AL","potentialAction":[{"@type":"ReadAction","target":["https:\/\/fjala.info\/2009-2015\/arben-xhaferri-i-pazevendesueshem\/"]}]},{"@type":"ImageObject","inLanguage":"sq-AL","@id":"https:\/\/fjala.info\/2009-2015\/arben-xhaferri-i-pazevendesueshem\/#primaryimage","url":"http:\/\/www.fjala.info\/2012\/arbri_foto_corbis.jpg","contentUrl":"http:\/\/www.fjala.info\/2012\/arbri_foto_corbis.jpg"},{"@type":"BreadcrumbList","@id":"https:\/\/fjala.info\/2009-2015\/arben-xhaferri-i-pazevendesueshem\/#breadcrumb","itemListElement":[{"@type":"ListItem","position":1,"name":"Home","item":"https:\/\/fjala.info\/2009-2015\/"},{"@type":"ListItem","position":2,"name":"Arb\u00ebn Xhaferri, i paz\u00ebv\u00ebnd\u00ebsuesh\u00ebm"}]},{"@type":"WebSite","@id":"https:\/\/fjala.info\/2009-2015\/#website","url":"https:\/\/fjala.info\/2009-2015\/","name":"FjALA e LIR\u00cb - Arkivi","description":"Arkivi 2009-2015","publisher":{"@id":"https:\/\/fjala.info\/2009-2015\/#organization"},"potentialAction":[{"@type":"SearchAction","target":{"@type":"EntryPoint","urlTemplate":"https:\/\/fjala.info\/2009-2015\/?s={search_term_string}"},"query-input":{"@type":"PropertyValueSpecification","valueRequired":true,"valueName":"search_term_string"}}],"inLanguage":"sq-AL"},{"@type":"Organization","@id":"https:\/\/fjala.info\/2009-2015\/#organization","name":"FjALA e LIR\u00cb - Arkivi","url":"https:\/\/fjala.info\/2009-2015\/","logo":{"@type":"ImageObject","inLanguage":"sq-AL","@id":"https:\/\/fjala.info\/2009-2015\/#\/schema\/logo\/image\/","url":"","contentUrl":"","caption":"FjALA e LIR\u00cb - Arkivi"},"image":{"@id":"https:\/\/fjala.info\/2009-2015\/#\/schema\/logo\/image\/"}},{"@type":"Person","@id":"https:\/\/fjala.info\/2009-2015\/#\/schema\/person\/3aa1163ef05469c496fc94e77611ada2","name":"admin","image":{"@type":"ImageObject","inLanguage":"sq-AL","@id":"https:\/\/fjala.info\/2009-2015\/wp-content\/uploads\/2012\/02\/arben_cokaj-120x150.jpg","url":"https:\/\/fjala.info\/2009-2015\/wp-content\/uploads\/2012\/02\/arben_cokaj-120x150.jpg","contentUrl":"https:\/\/fjala.info\/2009-2015\/wp-content\/uploads\/2012\/02\/arben_cokaj-120x150.jpg","caption":"admin"},"description":"Admin, Fjala e Lir\u00eb","sameAs":["https:\/\/fjala.info\/"],"url":"https:\/\/fjala.info\/2009-2015\/author\/admin\/"}]}},"_links":{"self":[{"href":"https:\/\/fjala.info\/2009-2015\/wp-json\/wp\/v2\/posts\/4453","targetHints":{"allow":["GET"]}}],"collection":[{"href":"https:\/\/fjala.info\/2009-2015\/wp-json\/wp\/v2\/posts"}],"about":[{"href":"https:\/\/fjala.info\/2009-2015\/wp-json\/wp\/v2\/types\/post"}],"author":[{"embeddable":true,"href":"https:\/\/fjala.info\/2009-2015\/wp-json\/wp\/v2\/users\/1"}],"replies":[{"embeddable":true,"href":"https:\/\/fjala.info\/2009-2015\/wp-json\/wp\/v2\/comments?post=4453"}],"version-history":[{"count":0,"href":"https:\/\/fjala.info\/2009-2015\/wp-json\/wp\/v2\/posts\/4453\/revisions"}],"wp:attachment":[{"href":"https:\/\/fjala.info\/2009-2015\/wp-json\/wp\/v2\/media?parent=4453"}],"wp:term":[{"taxonomy":"category","embeddable":true,"href":"https:\/\/fjala.info\/2009-2015\/wp-json\/wp\/v2\/categories?post=4453"},{"taxonomy":"post_tag","embeddable":true,"href":"https:\/\/fjala.info\/2009-2015\/wp-json\/wp\/v2\/tags?post=4453"}],"curies":[{"name":"wp","href":"https:\/\/api.w.org\/{rel}","templated":true}]}}