{"id":4452,"date":"2010-10-24T20:43:34","date_gmt":"2010-10-24T19:43:34","guid":{"rendered":"http:\/\/fjala.shkoder.net\/?p=4452"},"modified":"2010-10-24T20:43:34","modified_gmt":"2010-10-24T19:43:34","slug":"grushti-i-pakices","status":"publish","type":"post","link":"https:\/\/fjala.info\/2009-2015\/grushti-i-pakices\/","title":{"rendered":"GRUSHTI I PAKIC\u00cbS"},"content":{"rendered":"<p><strong>Koloreto Cukali<\/strong>, <em>24.10.2010<\/em><\/p>\n<p>&#8220;P\u00ebrgjumja e arsyes prodhon monstra&#8221; shkruan Goja mbi nj\u00eb nga Kapri\u00e7ot e veta. M\u00eb p\u00eblqen t\u00eb p\u00ebrdor fjal\u00ebn &#8220;monst\u00ebr&#8221; m\u00eb shum\u00eb sesa &#8220;p\u00ebrbind\u00ebsh&#8221;, sepse n\u00eb fantazin\u00eb ton\u00eb k\u00ebta t\u00eb fundit jan\u00eb t\u00eb p\u00ebr\u00e7udnuar edhe vizualisht, kurse monstrat, m\u00eb ngjan sikur jan\u00eb p\u00ebrbind\u00ebsha q\u00eb ekzistojn\u00eb m\u00eb shum\u00eb s\u00eb brendshmi.<\/p>\n<p>Kapri\u00e7oja e Goj\u00ebs m\u00eb rikthehet her\u00eb pas here n\u00eb mendje dhe, s\u00eb fundmi, kur v\u00ebrej dhun\u00ebn q\u00eb nj\u00eb pakic\u00eb ushtron mbi shumic\u00ebn, n\u00eb nj\u00eb sistem shoq\u00ebror ku supozohet q\u00eb do t\u00eb duhej t\u00eb ekzistonte tirania e shumic\u00ebs. Dhe nuk e kam fjal\u00ebn p\u00ebr pakic\u00ebn e zgjuar, p\u00ebr pakic\u00ebn e pasur apo pakic\u00ebn e bukur q\u00eb mund t&#8217;i imponohet pjes\u00ebs tjet\u00ebr t\u00eb shoq\u00ebris\u00eb. E kam fjal\u00ebn p\u00ebr pakic\u00ebn e p\u00ebrgjumur, q\u00eb prodhon monstra. E kam fjal\u00ebn, p\u00ebr at\u00eb pakic\u00eb q\u00eb nuk ka asgj\u00eb p\u00ebr t\u00eb th\u00ebn\u00eb, e, n\u00eb fakt, \u00ebsht\u00eb ajo q\u00eb b\u00ebrtet m\u00eb shum\u00eb, q\u00eb na imponohet m\u00eb fort, q\u00eb mb\u00ebshtet, suporton e justifikon gjith\u00e7ka q\u00eb \u00ebsht\u00eb joshoq\u00ebrore e joqytetare.<\/p>\n<p>Kjo pakic\u00eb, na imponohet kudo ku ka mund\u00ebsi shprehjeje: web, media, rrug\u00eb.<\/p>\n<p><strong>Pakica n\u00eb rrug\u00eb<\/strong><br \/>\nVendi m\u00eb i zakonsh\u00ebm ku mund ta v\u00ebsh re n\u00eb form\u00ebn e vet m\u00eb kuptimplot\u00eb k\u00ebt\u00eb fenomen, \u00ebsht\u00eb rruga. E drejta civile p\u00ebr t\u00eb manifestuar ose protestuar \u00ebsht\u00eb kthyer n\u00eb nj\u00eb justifikim partiak. Secila Parti mund t\u00eb nxjerr\u00eb 50 mij\u00eb vet\u00eb n\u00eb shesh, duke pretenduar mb\u00ebshtetje popullore p\u00ebr kauz\u00ebn e vet. P\u00ebrjashto t\u00eb nxjerrurit me dhun\u00eb ose me frik\u00eb, p\u00ebrs\u00ebri, mbetet nj\u00eb pjes\u00eb e konsiderueshme q\u00eb dalin nga qejfi i vet, nga qejfi p\u00ebr t\u00eb b\u00ebrtitur parullat e veta t\u00eb dhun\u00ebs.<\/p>\n<p>Kjo pakic\u00eb q\u00eb \u00e7irret, na shitet si mb\u00ebshtetje popullore. Por, 50mij\u00eb vet\u00eb nuk jan\u00eb Shqip\u00ebria. As 200 mij\u00eb vet\u00eb. K\u00ebta jan\u00eb p\u00ebrs\u00ebri pakic\u00eb n\u00eb lidhje me ata 3 milion e kusur q\u00eb rrin\u00eb t\u00eb fshehur pas penxhereve duke tentuar t\u00eb zbusin ndotjen akustike t\u00eb k\u00ebsaj pakice q\u00eb b\u00ebrtet dhe duke mos guxuar t\u00eb dalin n\u00eb rrug\u00eb, se s&#8217;duan t\u00eb p\u00ebrzihen me turm\u00ebn.<br \/>\nPor, kjo pakic\u00eb q\u00eb ul\u00ebrin, ajo 50 mij\u00ebshe aty n\u00eb shesh, b\u00ebhet p\u00ebrcaktuese politike. Na p\u00ebrfaq\u00ebson, pa t\u00eb drejt\u00eb, t\u00eb gjith\u00ebve.<\/p>\n<p>Shpesh, kjo turm\u00eb 50 mij\u00ebshe \u00ebsht\u00eb dhe faktikisht m\u00eb e varfra, m\u00eb e paveshura, m\u00eb e paarsimuara, m\u00eb e neglizhuara, \u00ebsht\u00eb ajo q\u00eb ka p\u00ebrfituar m\u00eb pak nga mbajtja n\u00eb sistem e atyre p\u00ebr t\u00eb cil\u00ebt b\u00ebrtet.<br \/>\nKjo pakic\u00eb, k\u00ebnaqet me shum\u00eb pak. Duan vet\u00ebm t\u00eb ngjiren dhe t\u00eb shfryjn\u00eb dufin. Parullat e tyre, si\u00e7 mund ta keni v\u00ebn\u00eb re nuk jan\u00eb politike, sepse vet\u00eb kauza e tyre nuk \u00ebsht\u00eb politike, \u00ebsht\u00eb tribale. Parullat e tyre jan\u00eb plot sharje e ofendime, shpesh personale ndaj &#8220;armikut&#8221;, liderit t\u00eb tribus\u00eb tjet\u00ebr.<\/p>\n<p><strong>Pakica n\u00eb media<\/strong><\/p>\n<p>Media, \u00ebsht\u00eb gjithashtu zona e art\u00eb q\u00eb g\u00eblon me shembuj t\u00eb dhun\u00ebs s\u00eb pakic\u00ebs. Sepse, k\u00ebta q\u00eb imponohen n\u00eb ekrane e gazeta, jan\u00eb dhe t\u00eb veshur mir\u00eb. Kostume firmato. \u00c7izme t\u00eb shtrenjta. Moda e fundit e Milanos.<\/p>\n<p>Jan\u00eb 40-50 personazhe q\u00eb rrotullohen n\u00eb TV dhe faqet e para t\u00eb gazetave, (roz\u00eb ose jo), p\u00ebr vite me radh\u00eb, duke na b\u00ebr\u00eb t\u00eb mendojm\u00eb q\u00eb jan\u00eb p\u00ebrfaq\u00ebsuesit e artit, shoq\u00ebris\u00eb apo politik\u00ebs.<br \/>\nHap emisionet me biseda talk-show dhe jan\u00eb t\u00eb nj\u00ebjtit personazhe q\u00eb ato 2-3 gj\u00ebra q\u00eb kan\u00eb p\u00ebr t\u00eb th\u00ebn\u00eb i kan\u00eb th\u00ebn\u00eb q\u00eb para 2 vjet\u00ebsh, dhe q\u00eb i kthejn\u00eb shumicat e debateve, p\u00ebrfshi edhe ato politiket n\u00eb muhabete kafeneje. Hap nj\u00eb kanal muzikor dhe shoh t\u00eb nj\u00ebjt\u00ebn fytyr\u00eb q\u00eb del n\u00eb 1\/3 e klipeve.<\/p>\n<p><strong>Kjo pakic\u00eb, k\u00ebnaqet me shum\u00eb. Shesin boshll\u00ebk, kompensohen me fam\u00eb<\/strong>.<br \/>\nN\u00eb fakt, jan\u00eb nj\u00eb pakic\u00eb aspak dometh\u00ebn\u00ebse, nj\u00eb pakic\u00eb hajdute, q\u00eb vjedh idet\u00eb, klipet, tekstet, muzik\u00ebn, koh\u00ebn televizive, l\u00ebvizjet, e q\u00eb nuk paguan autor\u00ebt.<br \/>\nArti i v\u00ebrtet\u00eb, idet\u00eb shoq\u00ebrisht produktive, ose zhvillohen n\u00eb mjedise t\u00eb mbyllura e private, ose vdesin n\u00eb vetmi, pa pasur shans t\u00eb mb\u00ebrrijn\u00eb te publiku.<\/p>\n<p><strong>Pakica virtuale<br \/>\n<\/strong>Ambienti ideal i dhun\u00ebs s\u00eb pakic\u00ebs \u00ebsht\u00eb rrjeti. Nj\u00eb shqet\u00ebsim q\u00eb ngrinte para pak dit\u00ebsh edhe Mustafa Nano. Ja, un\u00eb citoj nj\u00eb em\u00ebr, dhe gjasat jan\u00eb q\u00eb n\u00eb blogje t\u00eb shahet e ofendohet personi i cituar n\u00eb t\u00eb t\u00ebra format, e askush nuk merret me iden\u00eb. Webmasterat, nga ana e tyre, b\u00ebjn\u00eb shum\u00eb pak p\u00ebr t\u00eb ndaluar k\u00ebt\u00eb dhun\u00eb. Edhe pse, po t\u00eb heq\u00ebsh komentet e dhunshme, ndoshta s&#8217;ngelet asgj\u00eb n\u00eb blog. Hapni nj\u00eb \u00e7far\u00ebdo faqe komentesh mbi artikujt tek economist.com dhe t\u00eb nj\u00eb \u00e7far\u00ebdo gazete shqiptare n\u00eb Internet. Do t\u00eb shihni se sa pak civil\u00eb jemi. M\u00eb sakt\u00eb, sa pak civil\u00eb jan\u00eb ky grusht pakice.<\/p>\n<p>Pik\u00ebrisht, ata q\u00eb kan\u00eb m\u00eb pak p\u00ebr t\u00eb th\u00ebn\u00eb, jan\u00eb ata q\u00eb komentojn\u00eb m\u00eb shum\u00eb, duke shar\u00eb e shfryr\u00eb dufin e tyre. Mir\u00ebpo, kjo pakic\u00eb e dhunshme, q\u00eb ka mbushur blogjet krijon iden\u00eb q\u00eb mendimi shqiptar \u00ebsht\u00eb i cek\u00ebt, q\u00eb kushdo n\u00eb Shqip\u00ebri mund t\u00eb urrehet.<br \/>\nZhurma e pakic\u00ebs n\u00eb rrjet, heq mund\u00ebsin\u00eb e nj\u00eb debati civil e produktiv, dhe largon ata q\u00eb kan\u00eb v\u00ebrtet di\u00e7ka p\u00ebr t\u00eb th\u00ebn\u00eb.<\/p>\n<p><strong>Pakica n\u00eb sh\u00ebrbim t\u00eb pakic\u00ebs<\/strong><\/p>\n<p>Grushti i pakic\u00ebs, \u00ebsht\u00eb n\u00eb fakt nj\u00eb grusht gjysm\u00eb i verb\u00ebr. Pakica q\u00eb b\u00ebrtet, gjithnj\u00eb e m\u00eb shpesh po p\u00ebrdoret nga nj\u00eb pakic\u00eb e zgjuar q\u00eb k\u00ebrkon t\u00eb realizoj\u00eb ose t\u00eb mos realizoj\u00eb di\u00e7ka.<br \/>\nE keni v\u00ebn\u00eb re sesi nj\u00eb individ i vet\u00ebm, \u00ebsht\u00eb n\u00eb gjendje t\u00eb prish\u00eb rrjedh\u00ebn e nj\u00eb debati televiziv? N\u00eb sa raste, \u00ebsht\u00eb nj\u00eb person i cili kuptohet se \u00ebsht\u00eb i porositur, q\u00eb luan efektin vuvuzel\u00eb n\u00eb debat, duke \u00e7artur idet\u00eb e tjetrit, duke e stresuar e duke mos e l\u00ebn\u00eb t\u00eb flas\u00eb. Q\u00ebllimi i k\u00ebtyre individ\u00ebve \u00ebsht\u00eb shum\u00eb i qart\u00eb. T\u00eb prodhoj\u00eb, p\u00ebrmes liris\u00eb s\u00eb fjal\u00ebs, t\u00eb kund\u00ebrt\u00ebn e vet: t\u00eb mos l\u00ebr\u00eb t\u00eb tjer\u00ebt t\u00eb jen\u00eb t\u00eb lir\u00eb t\u00eb flasin.<\/p>\n<p><strong>Kjo pakic\u00eb, \u00ebsht\u00eb e p\u00ebrgjumura q\u00eb prodhon vet\u00ebm monstra<\/strong>.<br \/>\nPor, si\u00e7 v\u00ebren me mpreht\u00ebsi Felix Guattari, &#8220;Nuk \u00ebsht\u00eb p\u00ebrgjumja e arsyes q\u00eb prodhon monstra, por m\u00eb shum\u00eb se \u00e7do gj\u00eb tjet\u00ebr i prodhon racionaliteti, vigjilenca dhe t\u00eb ndenjurit pa gjum\u00eb.<br \/>\nDikush ose disa, vigjilent\u00eb racional\u00eb e t\u00eb pagjum\u00eb, t\u00eb pushtetsh\u00ebm e t\u00eb pasur, kan\u00eb prodhuar monstrat q\u00eb b\u00ebrtasin, dhe i tundin mbi kok\u00ebn ton\u00eb.<br \/>\nTundin mbi ne, grushtin e pakic\u00ebs s\u00eb p\u00ebrgjumur.<\/p>\n","protected":false},"excerpt":{"rendered":"<p>Koloreto Cukali, 24.10.2010 &#8220;P\u00ebrgjumja e arsyes prodhon monstra&#8221; shkruan Goja mbi nj\u00eb nga Kapri\u00e7ot e veta. M\u00eb p\u00eblqen t\u00eb p\u00ebrdor fjal\u00ebn &#8220;monst\u00ebr&#8221; m\u00eb shum\u00eb sesa &#8220;p\u00ebrbind\u00ebsh&#8221;, sepse n\u00eb fantazin\u00eb ton\u00eb k\u00ebta t\u00eb fundit jan\u00eb t\u00eb p\u00ebr\u00e7udnuar edhe vizualisht, kurse monstrat, m\u00eb ngjan sikur jan\u00eb p\u00ebrbind\u00ebsha q\u00eb ekzistojn\u00eb m\u00eb shum\u00eb s\u00eb brendshmi. Kapri\u00e7oja e Goj\u00ebs m\u00eb [&hellip;]<\/p>\n","protected":false},"author":1,"featured_media":0,"comment_status":"open","ping_status":"closed","sticky":false,"template":"","format":"standard","meta":{"footnotes":""},"categories":[2],"tags":[],"class_list":{"0":"post-4452","1":"post","2":"type-post","3":"status-publish","4":"format-standard","6":"category-artikuj"},"yoast_head":"<!-- This site is optimized with the Yoast SEO plugin v27.4 - https:\/\/yoast.com\/product\/yoast-seo-wordpress\/ -->\n<title>GRUSHTI I PAKIC\u00cbS - FjALA e LIR\u00cb - Arkivi<\/title>\n<meta name=\"robots\" content=\"index, follow, max-snippet:-1, max-image-preview:large, max-video-preview:-1\" \/>\n<link rel=\"canonical\" href=\"https:\/\/fjala.info\/2009-2015\/grushti-i-pakices\/\" \/>\n<meta property=\"og:locale\" content=\"sq_AL\" \/>\n<meta property=\"og:type\" content=\"article\" \/>\n<meta property=\"og:title\" content=\"GRUSHTI I PAKIC\u00cbS - FjALA e LIR\u00cb - Arkivi\" \/>\n<meta property=\"og:description\" content=\"Koloreto Cukali, 24.10.2010 &#8220;P\u00ebrgjumja e arsyes prodhon monstra&#8221; shkruan Goja mbi nj\u00eb nga Kapri\u00e7ot e veta. M\u00eb p\u00eblqen t\u00eb p\u00ebrdor fjal\u00ebn &#8220;monst\u00ebr&#8221; m\u00eb shum\u00eb sesa &#8220;p\u00ebrbind\u00ebsh&#8221;, sepse n\u00eb fantazin\u00eb ton\u00eb k\u00ebta t\u00eb fundit jan\u00eb t\u00eb p\u00ebr\u00e7udnuar edhe vizualisht, kurse monstrat, m\u00eb ngjan sikur jan\u00eb p\u00ebrbind\u00ebsha q\u00eb ekzistojn\u00eb m\u00eb shum\u00eb s\u00eb brendshmi. Kapri\u00e7oja e Goj\u00ebs m\u00eb [&hellip;]\" \/>\n<meta property=\"og:url\" content=\"https:\/\/fjala.info\/2009-2015\/grushti-i-pakices\/\" \/>\n<meta property=\"og:site_name\" content=\"FjALA e LIR\u00cb - Arkivi\" \/>\n<meta property=\"article:published_time\" content=\"2010-10-24T19:43:34+00:00\" \/>\n<meta name=\"author\" content=\"admin\" \/>\n<meta name=\"twitter:card\" content=\"summary_large_image\" \/>\n<meta name=\"twitter:label1\" content=\"Written by\" \/>\n\t<meta name=\"twitter:data1\" content=\"admin\" \/>\n\t<meta name=\"twitter:label2\" content=\"Est. reading time\" \/>\n\t<meta name=\"twitter:data2\" content=\"6 minutes\" \/>\n<script type=\"application\/ld+json\" class=\"yoast-schema-graph\">{\"@context\":\"https:\\\/\\\/schema.org\",\"@graph\":[{\"@type\":\"Article\",\"@id\":\"https:\\\/\\\/fjala.info\\\/2009-2015\\\/grushti-i-pakices\\\/#article\",\"isPartOf\":{\"@id\":\"https:\\\/\\\/fjala.info\\\/2009-2015\\\/grushti-i-pakices\\\/\"},\"author\":{\"name\":\"admin\",\"@id\":\"https:\\\/\\\/fjala.info\\\/2009-2015\\\/#\\\/schema\\\/person\\\/3aa1163ef05469c496fc94e77611ada2\"},\"headline\":\"GRUSHTI I PAKIC\u00cbS\",\"datePublished\":\"2010-10-24T19:43:34+00:00\",\"mainEntityOfPage\":{\"@id\":\"https:\\\/\\\/fjala.info\\\/2009-2015\\\/grushti-i-pakices\\\/\"},\"wordCount\":1153,\"commentCount\":1,\"publisher\":{\"@id\":\"https:\\\/\\\/fjala.info\\\/2009-2015\\\/#organization\"},\"articleSection\":[\"Artikuj\"],\"inLanguage\":\"sq-AL\",\"potentialAction\":[{\"@type\":\"CommentAction\",\"name\":\"Comment\",\"target\":[\"https:\\\/\\\/fjala.info\\\/2009-2015\\\/grushti-i-pakices\\\/#respond\"]}]},{\"@type\":\"WebPage\",\"@id\":\"https:\\\/\\\/fjala.info\\\/2009-2015\\\/grushti-i-pakices\\\/\",\"url\":\"https:\\\/\\\/fjala.info\\\/2009-2015\\\/grushti-i-pakices\\\/\",\"name\":\"GRUSHTI I PAKIC\u00cbS - FjALA e LIR\u00cb - Arkivi\",\"isPartOf\":{\"@id\":\"https:\\\/\\\/fjala.info\\\/2009-2015\\\/#website\"},\"datePublished\":\"2010-10-24T19:43:34+00:00\",\"breadcrumb\":{\"@id\":\"https:\\\/\\\/fjala.info\\\/2009-2015\\\/grushti-i-pakices\\\/#breadcrumb\"},\"inLanguage\":\"sq-AL\",\"potentialAction\":[{\"@type\":\"ReadAction\",\"target\":[\"https:\\\/\\\/fjala.info\\\/2009-2015\\\/grushti-i-pakices\\\/\"]}]},{\"@type\":\"BreadcrumbList\",\"@id\":\"https:\\\/\\\/fjala.info\\\/2009-2015\\\/grushti-i-pakices\\\/#breadcrumb\",\"itemListElement\":[{\"@type\":\"ListItem\",\"position\":1,\"name\":\"Home\",\"item\":\"https:\\\/\\\/fjala.info\\\/2009-2015\\\/\"},{\"@type\":\"ListItem\",\"position\":2,\"name\":\"GRUSHTI I PAKIC\u00cbS\"}]},{\"@type\":\"WebSite\",\"@id\":\"https:\\\/\\\/fjala.info\\\/2009-2015\\\/#website\",\"url\":\"https:\\\/\\\/fjala.info\\\/2009-2015\\\/\",\"name\":\"FjALA e LIR\u00cb - Arkivi\",\"description\":\"Arkivi 2009-2015\",\"publisher\":{\"@id\":\"https:\\\/\\\/fjala.info\\\/2009-2015\\\/#organization\"},\"potentialAction\":[{\"@type\":\"SearchAction\",\"target\":{\"@type\":\"EntryPoint\",\"urlTemplate\":\"https:\\\/\\\/fjala.info\\\/2009-2015\\\/?s={search_term_string}\"},\"query-input\":{\"@type\":\"PropertyValueSpecification\",\"valueRequired\":true,\"valueName\":\"search_term_string\"}}],\"inLanguage\":\"sq-AL\"},{\"@type\":\"Organization\",\"@id\":\"https:\\\/\\\/fjala.info\\\/2009-2015\\\/#organization\",\"name\":\"FjALA e LIR\u00cb - Arkivi\",\"url\":\"https:\\\/\\\/fjala.info\\\/2009-2015\\\/\",\"logo\":{\"@type\":\"ImageObject\",\"inLanguage\":\"sq-AL\",\"@id\":\"https:\\\/\\\/fjala.info\\\/2009-2015\\\/#\\\/schema\\\/logo\\\/image\\\/\",\"url\":\"\",\"contentUrl\":\"\",\"caption\":\"FjALA e LIR\u00cb - Arkivi\"},\"image\":{\"@id\":\"https:\\\/\\\/fjala.info\\\/2009-2015\\\/#\\\/schema\\\/logo\\\/image\\\/\"}},{\"@type\":\"Person\",\"@id\":\"https:\\\/\\\/fjala.info\\\/2009-2015\\\/#\\\/schema\\\/person\\\/3aa1163ef05469c496fc94e77611ada2\",\"name\":\"admin\",\"image\":{\"@type\":\"ImageObject\",\"inLanguage\":\"sq-AL\",\"@id\":\"https:\\\/\\\/fjala.info\\\/2009-2015\\\/wp-content\\\/uploads\\\/2012\\\/02\\\/arben_cokaj-120x150.jpg\",\"url\":\"https:\\\/\\\/fjala.info\\\/2009-2015\\\/wp-content\\\/uploads\\\/2012\\\/02\\\/arben_cokaj-120x150.jpg\",\"contentUrl\":\"https:\\\/\\\/fjala.info\\\/2009-2015\\\/wp-content\\\/uploads\\\/2012\\\/02\\\/arben_cokaj-120x150.jpg\",\"caption\":\"admin\"},\"description\":\"Admin, Fjala e Lir\u00eb\",\"sameAs\":[\"https:\\\/\\\/fjala.info\\\/\"],\"url\":\"https:\\\/\\\/fjala.info\\\/2009-2015\\\/author\\\/admin\\\/\"}]}<\/script>\n<!-- \/ Yoast SEO plugin. -->","yoast_head_json":{"title":"GRUSHTI I PAKIC\u00cbS - FjALA e LIR\u00cb - Arkivi","robots":{"index":"index","follow":"follow","max-snippet":"max-snippet:-1","max-image-preview":"max-image-preview:large","max-video-preview":"max-video-preview:-1"},"canonical":"https:\/\/fjala.info\/2009-2015\/grushti-i-pakices\/","og_locale":"sq_AL","og_type":"article","og_title":"GRUSHTI I PAKIC\u00cbS - FjALA e LIR\u00cb - Arkivi","og_description":"Koloreto Cukali, 24.10.2010 &#8220;P\u00ebrgjumja e arsyes prodhon monstra&#8221; shkruan Goja mbi nj\u00eb nga Kapri\u00e7ot e veta. M\u00eb p\u00eblqen t\u00eb p\u00ebrdor fjal\u00ebn &#8220;monst\u00ebr&#8221; m\u00eb shum\u00eb sesa &#8220;p\u00ebrbind\u00ebsh&#8221;, sepse n\u00eb fantazin\u00eb ton\u00eb k\u00ebta t\u00eb fundit jan\u00eb t\u00eb p\u00ebr\u00e7udnuar edhe vizualisht, kurse monstrat, m\u00eb ngjan sikur jan\u00eb p\u00ebrbind\u00ebsha q\u00eb ekzistojn\u00eb m\u00eb shum\u00eb s\u00eb brendshmi. Kapri\u00e7oja e Goj\u00ebs m\u00eb [&hellip;]","og_url":"https:\/\/fjala.info\/2009-2015\/grushti-i-pakices\/","og_site_name":"FjALA e LIR\u00cb - Arkivi","article_published_time":"2010-10-24T19:43:34+00:00","author":"admin","twitter_card":"summary_large_image","twitter_misc":{"Written by":"admin","Est. reading time":"6 minutes"},"schema":{"@context":"https:\/\/schema.org","@graph":[{"@type":"Article","@id":"https:\/\/fjala.info\/2009-2015\/grushti-i-pakices\/#article","isPartOf":{"@id":"https:\/\/fjala.info\/2009-2015\/grushti-i-pakices\/"},"author":{"name":"admin","@id":"https:\/\/fjala.info\/2009-2015\/#\/schema\/person\/3aa1163ef05469c496fc94e77611ada2"},"headline":"GRUSHTI I PAKIC\u00cbS","datePublished":"2010-10-24T19:43:34+00:00","mainEntityOfPage":{"@id":"https:\/\/fjala.info\/2009-2015\/grushti-i-pakices\/"},"wordCount":1153,"commentCount":1,"publisher":{"@id":"https:\/\/fjala.info\/2009-2015\/#organization"},"articleSection":["Artikuj"],"inLanguage":"sq-AL","potentialAction":[{"@type":"CommentAction","name":"Comment","target":["https:\/\/fjala.info\/2009-2015\/grushti-i-pakices\/#respond"]}]},{"@type":"WebPage","@id":"https:\/\/fjala.info\/2009-2015\/grushti-i-pakices\/","url":"https:\/\/fjala.info\/2009-2015\/grushti-i-pakices\/","name":"GRUSHTI I PAKIC\u00cbS - FjALA e LIR\u00cb - Arkivi","isPartOf":{"@id":"https:\/\/fjala.info\/2009-2015\/#website"},"datePublished":"2010-10-24T19:43:34+00:00","breadcrumb":{"@id":"https:\/\/fjala.info\/2009-2015\/grushti-i-pakices\/#breadcrumb"},"inLanguage":"sq-AL","potentialAction":[{"@type":"ReadAction","target":["https:\/\/fjala.info\/2009-2015\/grushti-i-pakices\/"]}]},{"@type":"BreadcrumbList","@id":"https:\/\/fjala.info\/2009-2015\/grushti-i-pakices\/#breadcrumb","itemListElement":[{"@type":"ListItem","position":1,"name":"Home","item":"https:\/\/fjala.info\/2009-2015\/"},{"@type":"ListItem","position":2,"name":"GRUSHTI I PAKIC\u00cbS"}]},{"@type":"WebSite","@id":"https:\/\/fjala.info\/2009-2015\/#website","url":"https:\/\/fjala.info\/2009-2015\/","name":"FjALA e LIR\u00cb - Arkivi","description":"Arkivi 2009-2015","publisher":{"@id":"https:\/\/fjala.info\/2009-2015\/#organization"},"potentialAction":[{"@type":"SearchAction","target":{"@type":"EntryPoint","urlTemplate":"https:\/\/fjala.info\/2009-2015\/?s={search_term_string}"},"query-input":{"@type":"PropertyValueSpecification","valueRequired":true,"valueName":"search_term_string"}}],"inLanguage":"sq-AL"},{"@type":"Organization","@id":"https:\/\/fjala.info\/2009-2015\/#organization","name":"FjALA e LIR\u00cb - Arkivi","url":"https:\/\/fjala.info\/2009-2015\/","logo":{"@type":"ImageObject","inLanguage":"sq-AL","@id":"https:\/\/fjala.info\/2009-2015\/#\/schema\/logo\/image\/","url":"","contentUrl":"","caption":"FjALA e LIR\u00cb - Arkivi"},"image":{"@id":"https:\/\/fjala.info\/2009-2015\/#\/schema\/logo\/image\/"}},{"@type":"Person","@id":"https:\/\/fjala.info\/2009-2015\/#\/schema\/person\/3aa1163ef05469c496fc94e77611ada2","name":"admin","image":{"@type":"ImageObject","inLanguage":"sq-AL","@id":"https:\/\/fjala.info\/2009-2015\/wp-content\/uploads\/2012\/02\/arben_cokaj-120x150.jpg","url":"https:\/\/fjala.info\/2009-2015\/wp-content\/uploads\/2012\/02\/arben_cokaj-120x150.jpg","contentUrl":"https:\/\/fjala.info\/2009-2015\/wp-content\/uploads\/2012\/02\/arben_cokaj-120x150.jpg","caption":"admin"},"description":"Admin, Fjala e Lir\u00eb","sameAs":["https:\/\/fjala.info\/"],"url":"https:\/\/fjala.info\/2009-2015\/author\/admin\/"}]}},"_links":{"self":[{"href":"https:\/\/fjala.info\/2009-2015\/wp-json\/wp\/v2\/posts\/4452","targetHints":{"allow":["GET"]}}],"collection":[{"href":"https:\/\/fjala.info\/2009-2015\/wp-json\/wp\/v2\/posts"}],"about":[{"href":"https:\/\/fjala.info\/2009-2015\/wp-json\/wp\/v2\/types\/post"}],"author":[{"embeddable":true,"href":"https:\/\/fjala.info\/2009-2015\/wp-json\/wp\/v2\/users\/1"}],"replies":[{"embeddable":true,"href":"https:\/\/fjala.info\/2009-2015\/wp-json\/wp\/v2\/comments?post=4452"}],"version-history":[{"count":0,"href":"https:\/\/fjala.info\/2009-2015\/wp-json\/wp\/v2\/posts\/4452\/revisions"}],"wp:attachment":[{"href":"https:\/\/fjala.info\/2009-2015\/wp-json\/wp\/v2\/media?parent=4452"}],"wp:term":[{"taxonomy":"category","embeddable":true,"href":"https:\/\/fjala.info\/2009-2015\/wp-json\/wp\/v2\/categories?post=4452"},{"taxonomy":"post_tag","embeddable":true,"href":"https:\/\/fjala.info\/2009-2015\/wp-json\/wp\/v2\/tags?post=4452"}],"curies":[{"name":"wp","href":"https:\/\/api.w.org\/{rel}","templated":true}]}}