{"id":4444,"date":"2010-10-23T21:35:08","date_gmt":"2010-10-23T20:35:08","guid":{"rendered":"http:\/\/fjala.shkoder.net\/?p=4444"},"modified":"2010-10-23T21:35:08","modified_gmt":"2010-10-23T20:35:08","slug":"bosi-i-ruletes","status":"publish","type":"post","link":"https:\/\/fjala.info\/2009-2015\/bosi-i-ruletes\/","title":{"rendered":"Bosi i rulet\u00ebs"},"content":{"rendered":"<p><img loading=\"lazy\" decoding=\"async\" class=\"alignright size-full wp-image-4225\" title=\"Arben Rrozhani\" src=\"http:\/\/fjala.shkoder.net\/wp-content\/uploads\/2010\/10\/arben_rrozhani.jpg\" alt=\"\" width=\"200\" height=\"150\" \/><\/p>\n<p><strong>Arben Rrozhani<\/strong>, <em>23.10.2010<\/em><\/p>\n<p>Zyrtarisht, Shqip\u00ebria \u00ebsht\u00eb n\u00eb kriz\u00eb t\u00eb thell\u00eb politike prej zgjedhjeve parlamentare t\u00eb 28 qershorit 2009, kur edhe pse nuk mori vot\u00ebn popullore, por fal\u00eb bixhozit politik, kryetari i PD-s\u00eb \u00ebsht\u00eb ende kryeminist\u00ebr, nd\u00ebrsa fituesit real\u00eb t\u00eb zgjedhjeve jan\u00eb n\u00eb opozit\u00eb.<\/p>\n<p>Dhe pa zgjidhur k\u00ebt\u00eb ng\u00ebr\u00e7, pa afruar pal\u00ebt p\u00ebr t\u00eb gjetur zgjidhjen q\u00eb nuk do t\u00eb p\u00ebrs\u00ebriste m\u00eb k\u00ebt\u00eb skenar t\u00eb sh\u00ebmtuar, \u00ebsht\u00eb e st\u00ebrth\u00ebn\u00eb se vendi nuk do t\u00eb gjej\u00eb paqe dhe nuk do t\u00eb ket\u00eb asnj\u00eb reform\u00eb integruese.<\/p>\n<p>Q\u00eb qeveria aktuale nuk ka nd\u00ebrmend t\u00eb l\u00ebshoj\u00eb asgj\u00eb p\u00ebr t\u00eb b\u00ebr\u00eb transparenc\u00ebn e atij procesi t\u00eb manipuluar zgjedhor, kjo \u00ebsht\u00eb e ditur bot\u00ebrisht edhe pse ka ende nj\u00eb fije besimi se nj\u00eb dit\u00eb shumica fiktive n\u00eb pushtet do t\u00eb p\u00ebrkulet para protest\u00ebs s\u00eb opozit\u00ebs dhe k\u00ebrkesave t\u00eb faktorit nd\u00ebrkomb\u00ebtar p\u00ebr t\u00eb zgjidhur ng\u00ebr\u00e7in politik n\u00eb tavolin\u00eb.<\/p>\n<p>Por, ka edhe m\u00eb keq. N\u00eb misionin p\u00ebr t\u00eb qen\u00eb nj\u00eb shumic\u00eb q\u00eb nuk \u00ebsht\u00eb, n\u00eb sh\u00ebrbim t\u00eb formimit t\u00eb numrave q\u00eb nuk ka n\u00eb Kuvend, PD-ja, ka t\u00eb vetmin mekaniz\u00ebm shp\u00ebtimtar, at\u00eb q\u00eb di t\u00eb b\u00ebj\u00eb m\u00eb mir\u00eb: manipulimin.<\/p>\n<p>Dhe mu n\u00eb Kuvendin q\u00eb p\u00ebrfaq\u00ebson shumic\u00ebn fiktive produkt i deformimit t\u00eb vullnetit t\u00eb zgjedh\u00ebsve shqiptar n\u00eb 28 qershor 2009. Mjaftojn\u00eb disa ilustrime t\u00eb koh\u00ebve t\u00eb fundit.<\/p>\n<p>N\u00eb seanc\u00ebn plenare t\u00eb 30 shtatorit 2010, n\u00eb Kuvendin e Shqip\u00ebris\u00eb d\u00ebshtoi, ose m\u00eb sakt\u00eb u d\u00ebshtua me sukses, n\u00eb favor t\u00eb mjesht\u00ebrve t\u00eb manipulimit, sistemi i ri elektronik i votimit. N\u00eb hapjen e procesit t\u00eb list\u00eb-prezenc\u00ebs, fillimisht edhe pse n\u00eb sall\u00eb ishin 71 deputet\u00eb, kompjuteri llogariti 74.<\/p>\n<p>Kartat e dy deputet\u00ebve t\u00eb PDU-s\u00eb, Shp\u00ebtim Idrizi, Dashamir Tahiri dhe karta e deputetit t\u00eb L\u00ebvizjes Socialiste p\u00ebr Integrim, Dritan Prifti, ishin n\u00eb vendin e tyre, edhe pse ata fizikisht ishin mij\u00ebra milje larg vendit, deputet\u00ebt e PDU-s\u00eb n\u00eb SHBA, ku po lobonin mbi \u00e7\u00ebshtjen &#8220;\u00e7ame&#8221;, nd\u00ebrsa ish-ministri i Ekonomis\u00eb, Dritan Prifti, n\u00eb Vjen\u00eb.<\/p>\n<p>Deputet\u00ebt than\u00eb se i kishin l\u00ebn\u00eb kartat n\u00eb Kuvend, pra n\u00eb duart e administrat\u00ebs s\u00eb zonj\u00ebs Topalli, e cila nuk rrezikoi t&#8217;i llogaris\u00eb k\u00ebto vota, sepse nuk i duheshin.<\/p>\n<p>Skandali tjet\u00ebr ndodhi dy jav\u00eb m\u00eb von\u00eb n\u00eb 14 tetor, po n\u00eb seanc\u00ebn plenare t\u00eb s\u00eb enjtes. Para hapjes s\u00eb procesit t\u00eb votimit n\u00eb sall\u00eb p\u00ebr disa projektligje t\u00eb r\u00ebnd\u00ebsishme, spikerja Topalli deklaroi se n\u00eb sall\u00eb ishin t\u00eb pranish\u00ebm 132 deputet\u00eb, kur dy projektligjet e para u votuan pro 74, nd\u00ebrsa 54 deputet\u00eb t\u00eb tjer\u00eb nuk mor\u00ebn pjes\u00eb n\u00eb votim.<\/p>\n<p>Disa or\u00eb m\u00eb von\u00eb spikerja e Kuvendit deklaroi se projektligjet ishin miratuar me 76 vota pro dhe se mazhoranca qeveris\u00ebse i kishte numrat m\u00eb shum\u00eb se sa i duheshin. Deputet\u00ebt e opozit\u00ebs k\u00ebrkuan tabulatet e votimeve, por ato nuk u dhan\u00eb.<\/p>\n<p>Skandali m\u00eb i fundit po n\u00eb sall\u00ebn e ligjv\u00ebn\u00ebsve t\u00eb Shqip\u00ebris\u00eb ndodhi dy net m\u00eb par\u00eb, kur e ashtuquajtura shumic\u00eb n\u00eb Kuvend ra &#8220;zyrtarisht&#8221; n\u00eb 70 vota, pra aq sa nuk i mjafton p\u00ebr t\u00eb mos qen\u00eb e aft\u00eb t\u00eb jet\u00eb m\u00eb shumic\u00eb. Dhe si u b\u00eb kjo? Duke b\u00ebr\u00eb nj\u00eb votim t\u00eb hapur me nj\u00eb elektronik\u00eb q\u00eb manipulohet kollaj, aq sa p\u00ebr t\u00eb vjedhur edhe vota deputet\u00ebsh.<\/p>\n<p>Normalisht duhet t\u00eb ishte nj\u00eb votim i fsheht\u00eb, i cili do t\u00eb nxirrte, at\u00eb pushtet real q\u00eb ka partia e kryeministrit Sali Berisha, i cili preferon dhe e ka mjet t\u00eb ekzistenc\u00ebs vet\u00ebm vot\u00ebn e hapur, me an\u00eb t\u00eb cil\u00ebs intimidon deputet\u00ebt e vet dhe i mban ende t\u00eb lidhur me pahir n\u00eb kampin blu.<\/p>\n<p>Por edhe ajo vot\u00eb e hapur u vodh hapur. Deputeti Fatmir To\u00e7i nuk arrinte t\u00eb votonte n\u00eb &#8220;rulet\u00ebn&#8221; e kuvendit t\u00eb Shqip\u00ebris\u00eb, sepse ajo komandohej nga bosi i kazinos\u00eb politike. To\u00e7i u detyrua dje t\u00eb b\u00ebnte edhe sqarimin personal, q\u00eb do t\u00eb ishte n\u00eb rastin m\u00eb t\u00eb par\u00eb nj\u00eb akt-akuz\u00eb p\u00ebr administrat\u00ebn e Kuvendit dhe spikeren e tij.<\/p>\n<p>Ai edhe pse ishte i pranish\u00ebm, edhe pse kishte konfirmuar pak para votimit prezenc\u00ebn n\u00eb sistemin elektronik t\u00eb votimit, vota e tij nuk u pasqyrua n\u00eb panelin elektronik dhe as n\u00eb rezultatin p\u00ebrfundimtar.<\/p>\n<p>Deputeti socialist uroi q\u00eb vota e tij e mohuar t\u00eb mos ishte manipuluar nga po ajo dor\u00eb q\u00eb ka pasur gisht n\u00eb manipulimet e vazhdueshme t\u00eb votave t\u00eb opozit\u00ebs n\u00eb Kuvend dhe sajimit t\u00eb shumicave fiktive, apo edhe shuarjes s\u00eb z\u00ebrit t\u00eb deputet\u00ebve socialist\u00eb. Vota e z.<\/p>\n<p>To\u00e7i do t\u00eb ishte e r\u00ebnd\u00ebsishme, sepse do t\u00eb ishte nj\u00eb vot\u00eb m\u00eb shum\u00eb p\u00ebr kund\u00ebrshtar\u00ebt e fushat\u00ebs politike p\u00ebr heqjen e imunitetit t\u00eb deputetit socialist, Ilir Beqja, dhe me t\u00eb vet\u00ebm dy vota &#8220;shpirtrash t\u00eb ndrydhur&#8221; n\u00eb PD, do ta ndanin opozit\u00ebn nga pozita e sajuar.<\/p>\n<p>K\u00ebto ndodh\u00ebn pra n\u00eb sall\u00ebn e Kuvendit, t\u00eb rib\u00ebr\u00eb me parat\u00eb e shqiptar\u00ebve k\u00ebt\u00eb ver\u00eb, plot 1 milion euro, q\u00eb pas luksit dhe ndri\u00e7imin, fshehin planin e err\u00ebt p\u00ebr t\u00eb vjedhur edhe vot\u00ebn e deputet\u00ebve n\u00eb Kuvend.<\/p>\n<p>Votimi i t\u00eb enjtes mbr\u00ebma duhej t\u00eb ishte dje p\u00ebr opozit\u00ebn akt-akuza e radh\u00ebs p\u00ebr kryeministrin, i cili dje kishte organizuar spektaklin e radh\u00ebs p\u00ebr t&#8217;iu treguar shqiptar\u00ebve dhe bot\u00ebs se \u00ebsht\u00eb njeriu i &#8220;duarve t\u00eb pastra&#8221; q\u00eb \u00ebsht\u00eb i p\u00ebrv\u00ebluar p\u00ebr t\u00eb par\u00eb nj\u00eb Kod t\u00eb ri Elektoral, zgjedhje t\u00eb ndershme dhe shprehje t\u00eb vullnetit real t\u00eb vullnetit t\u00eb zgjedh\u00ebsve shqiptar\u00eb.<\/p>\n<p>Por, para se t\u00eb nis\u00eb procesi i ri i vjedhjes s\u00eb zgjedhjeve t\u00eb radh\u00ebs, duhet sqaruar e v\u00ebrteta q\u00eb fshihet te kutit\u00eb e votimeve t\u00eb 28 qershorit, t\u00eb cilat jo m\u00eb kot mbahen peng nga bosi i rulet\u00ebs politike n\u00eb Shqip\u00ebri, sepse nga ato flet\u00eb mbahet shumica fiktive n\u00eb Kuvend dhe pushteti i tij, q\u00eb ka treguar se nuk punon p\u00ebr shqiptar\u00ebt.<\/p>\n","protected":false},"excerpt":{"rendered":"<p>Arben Rrozhani, 23.10.2010 Zyrtarisht, Shqip\u00ebria \u00ebsht\u00eb n\u00eb kriz\u00eb t\u00eb thell\u00eb politike prej zgjedhjeve parlamentare t\u00eb 28 qershorit 2009, kur edhe pse nuk mori vot\u00ebn popullore, por fal\u00eb bixhozit politik, kryetari i PD-s\u00eb \u00ebsht\u00eb ende kryeminist\u00ebr, nd\u00ebrsa fituesit real\u00eb t\u00eb zgjedhjeve jan\u00eb n\u00eb opozit\u00eb. Dhe pa zgjidhur k\u00ebt\u00eb ng\u00ebr\u00e7, pa afruar pal\u00ebt p\u00ebr t\u00eb gjetur zgjidhjen [&hellip;]<\/p>\n","protected":false},"author":1,"featured_media":0,"comment_status":"open","ping_status":"closed","sticky":false,"template":"","format":"standard","meta":{"footnotes":""},"categories":[2],"tags":[],"class_list":{"0":"post-4444","1":"post","2":"type-post","3":"status-publish","4":"format-standard","6":"category-artikuj"},"yoast_head":"<!-- This site is optimized with the Yoast SEO plugin v27.4 - https:\/\/yoast.com\/product\/yoast-seo-wordpress\/ -->\n<title>Bosi i rulet\u00ebs - FjALA e LIR\u00cb - Arkivi<\/title>\n<meta name=\"robots\" content=\"index, follow, max-snippet:-1, max-image-preview:large, max-video-preview:-1\" \/>\n<link rel=\"canonical\" href=\"https:\/\/fjala.info\/2009-2015\/bosi-i-ruletes\/\" \/>\n<meta property=\"og:locale\" content=\"sq_AL\" \/>\n<meta property=\"og:type\" content=\"article\" \/>\n<meta property=\"og:title\" content=\"Bosi i rulet\u00ebs - FjALA e LIR\u00cb - Arkivi\" \/>\n<meta property=\"og:description\" content=\"Arben Rrozhani, 23.10.2010 Zyrtarisht, Shqip\u00ebria \u00ebsht\u00eb n\u00eb kriz\u00eb t\u00eb thell\u00eb politike prej zgjedhjeve parlamentare t\u00eb 28 qershorit 2009, kur edhe pse nuk mori vot\u00ebn popullore, por fal\u00eb bixhozit politik, kryetari i PD-s\u00eb \u00ebsht\u00eb ende kryeminist\u00ebr, nd\u00ebrsa fituesit real\u00eb t\u00eb zgjedhjeve jan\u00eb n\u00eb opozit\u00eb. Dhe pa zgjidhur k\u00ebt\u00eb ng\u00ebr\u00e7, pa afruar pal\u00ebt p\u00ebr t\u00eb gjetur zgjidhjen [&hellip;]\" \/>\n<meta property=\"og:url\" content=\"https:\/\/fjala.info\/2009-2015\/bosi-i-ruletes\/\" \/>\n<meta property=\"og:site_name\" content=\"FjALA e LIR\u00cb - Arkivi\" \/>\n<meta property=\"article:published_time\" content=\"2010-10-23T20:35:08+00:00\" \/>\n<meta property=\"og:image\" content=\"http:\/\/fjala.shkoder.net\/wp-content\/uploads\/2010\/10\/arben_rrozhani.jpg\" \/>\n<meta name=\"author\" content=\"admin\" \/>\n<meta name=\"twitter:card\" content=\"summary_large_image\" \/>\n<meta name=\"twitter:label1\" content=\"Written by\" \/>\n\t<meta name=\"twitter:data1\" content=\"admin\" \/>\n\t<meta name=\"twitter:label2\" content=\"Est. reading time\" \/>\n\t<meta name=\"twitter:data2\" content=\"5 minutes\" \/>\n<script type=\"application\/ld+json\" class=\"yoast-schema-graph\">{\"@context\":\"https:\\\/\\\/schema.org\",\"@graph\":[{\"@type\":\"Article\",\"@id\":\"https:\\\/\\\/fjala.info\\\/2009-2015\\\/bosi-i-ruletes\\\/#article\",\"isPartOf\":{\"@id\":\"https:\\\/\\\/fjala.info\\\/2009-2015\\\/bosi-i-ruletes\\\/\"},\"author\":{\"name\":\"admin\",\"@id\":\"https:\\\/\\\/fjala.info\\\/2009-2015\\\/#\\\/schema\\\/person\\\/3aa1163ef05469c496fc94e77611ada2\"},\"headline\":\"Bosi i rulet\u00ebs\",\"datePublished\":\"2010-10-23T20:35:08+00:00\",\"mainEntityOfPage\":{\"@id\":\"https:\\\/\\\/fjala.info\\\/2009-2015\\\/bosi-i-ruletes\\\/\"},\"wordCount\":1033,\"commentCount\":0,\"publisher\":{\"@id\":\"https:\\\/\\\/fjala.info\\\/2009-2015\\\/#organization\"},\"image\":{\"@id\":\"https:\\\/\\\/fjala.info\\\/2009-2015\\\/bosi-i-ruletes\\\/#primaryimage\"},\"thumbnailUrl\":\"http:\\\/\\\/fjala.shkoder.net\\\/wp-content\\\/uploads\\\/2010\\\/10\\\/arben_rrozhani.jpg\",\"articleSection\":[\"Artikuj\"],\"inLanguage\":\"sq-AL\",\"potentialAction\":[{\"@type\":\"CommentAction\",\"name\":\"Comment\",\"target\":[\"https:\\\/\\\/fjala.info\\\/2009-2015\\\/bosi-i-ruletes\\\/#respond\"]}]},{\"@type\":\"WebPage\",\"@id\":\"https:\\\/\\\/fjala.info\\\/2009-2015\\\/bosi-i-ruletes\\\/\",\"url\":\"https:\\\/\\\/fjala.info\\\/2009-2015\\\/bosi-i-ruletes\\\/\",\"name\":\"Bosi i rulet\u00ebs - FjALA e LIR\u00cb - Arkivi\",\"isPartOf\":{\"@id\":\"https:\\\/\\\/fjala.info\\\/2009-2015\\\/#website\"},\"primaryImageOfPage\":{\"@id\":\"https:\\\/\\\/fjala.info\\\/2009-2015\\\/bosi-i-ruletes\\\/#primaryimage\"},\"image\":{\"@id\":\"https:\\\/\\\/fjala.info\\\/2009-2015\\\/bosi-i-ruletes\\\/#primaryimage\"},\"thumbnailUrl\":\"http:\\\/\\\/fjala.shkoder.net\\\/wp-content\\\/uploads\\\/2010\\\/10\\\/arben_rrozhani.jpg\",\"datePublished\":\"2010-10-23T20:35:08+00:00\",\"breadcrumb\":{\"@id\":\"https:\\\/\\\/fjala.info\\\/2009-2015\\\/bosi-i-ruletes\\\/#breadcrumb\"},\"inLanguage\":\"sq-AL\",\"potentialAction\":[{\"@type\":\"ReadAction\",\"target\":[\"https:\\\/\\\/fjala.info\\\/2009-2015\\\/bosi-i-ruletes\\\/\"]}]},{\"@type\":\"ImageObject\",\"inLanguage\":\"sq-AL\",\"@id\":\"https:\\\/\\\/fjala.info\\\/2009-2015\\\/bosi-i-ruletes\\\/#primaryimage\",\"url\":\"http:\\\/\\\/fjala.shkoder.net\\\/wp-content\\\/uploads\\\/2010\\\/10\\\/arben_rrozhani.jpg\",\"contentUrl\":\"http:\\\/\\\/fjala.shkoder.net\\\/wp-content\\\/uploads\\\/2010\\\/10\\\/arben_rrozhani.jpg\"},{\"@type\":\"BreadcrumbList\",\"@id\":\"https:\\\/\\\/fjala.info\\\/2009-2015\\\/bosi-i-ruletes\\\/#breadcrumb\",\"itemListElement\":[{\"@type\":\"ListItem\",\"position\":1,\"name\":\"Home\",\"item\":\"https:\\\/\\\/fjala.info\\\/2009-2015\\\/\"},{\"@type\":\"ListItem\",\"position\":2,\"name\":\"Bosi i rulet\u00ebs\"}]},{\"@type\":\"WebSite\",\"@id\":\"https:\\\/\\\/fjala.info\\\/2009-2015\\\/#website\",\"url\":\"https:\\\/\\\/fjala.info\\\/2009-2015\\\/\",\"name\":\"FjALA e LIR\u00cb - Arkivi\",\"description\":\"Arkivi 2009-2015\",\"publisher\":{\"@id\":\"https:\\\/\\\/fjala.info\\\/2009-2015\\\/#organization\"},\"potentialAction\":[{\"@type\":\"SearchAction\",\"target\":{\"@type\":\"EntryPoint\",\"urlTemplate\":\"https:\\\/\\\/fjala.info\\\/2009-2015\\\/?s={search_term_string}\"},\"query-input\":{\"@type\":\"PropertyValueSpecification\",\"valueRequired\":true,\"valueName\":\"search_term_string\"}}],\"inLanguage\":\"sq-AL\"},{\"@type\":\"Organization\",\"@id\":\"https:\\\/\\\/fjala.info\\\/2009-2015\\\/#organization\",\"name\":\"FjALA e LIR\u00cb - Arkivi\",\"url\":\"https:\\\/\\\/fjala.info\\\/2009-2015\\\/\",\"logo\":{\"@type\":\"ImageObject\",\"inLanguage\":\"sq-AL\",\"@id\":\"https:\\\/\\\/fjala.info\\\/2009-2015\\\/#\\\/schema\\\/logo\\\/image\\\/\",\"url\":\"\",\"contentUrl\":\"\",\"caption\":\"FjALA e LIR\u00cb - Arkivi\"},\"image\":{\"@id\":\"https:\\\/\\\/fjala.info\\\/2009-2015\\\/#\\\/schema\\\/logo\\\/image\\\/\"}},{\"@type\":\"Person\",\"@id\":\"https:\\\/\\\/fjala.info\\\/2009-2015\\\/#\\\/schema\\\/person\\\/3aa1163ef05469c496fc94e77611ada2\",\"name\":\"admin\",\"image\":{\"@type\":\"ImageObject\",\"inLanguage\":\"sq-AL\",\"@id\":\"https:\\\/\\\/fjala.info\\\/2009-2015\\\/wp-content\\\/uploads\\\/2012\\\/02\\\/arben_cokaj-120x150.jpg\",\"url\":\"https:\\\/\\\/fjala.info\\\/2009-2015\\\/wp-content\\\/uploads\\\/2012\\\/02\\\/arben_cokaj-120x150.jpg\",\"contentUrl\":\"https:\\\/\\\/fjala.info\\\/2009-2015\\\/wp-content\\\/uploads\\\/2012\\\/02\\\/arben_cokaj-120x150.jpg\",\"caption\":\"admin\"},\"description\":\"Admin, Fjala e Lir\u00eb\",\"sameAs\":[\"https:\\\/\\\/fjala.info\\\/\"],\"url\":\"https:\\\/\\\/fjala.info\\\/2009-2015\\\/author\\\/admin\\\/\"}]}<\/script>\n<!-- \/ Yoast SEO plugin. -->","yoast_head_json":{"title":"Bosi i rulet\u00ebs - FjALA e LIR\u00cb - Arkivi","robots":{"index":"index","follow":"follow","max-snippet":"max-snippet:-1","max-image-preview":"max-image-preview:large","max-video-preview":"max-video-preview:-1"},"canonical":"https:\/\/fjala.info\/2009-2015\/bosi-i-ruletes\/","og_locale":"sq_AL","og_type":"article","og_title":"Bosi i rulet\u00ebs - FjALA e LIR\u00cb - Arkivi","og_description":"Arben Rrozhani, 23.10.2010 Zyrtarisht, Shqip\u00ebria \u00ebsht\u00eb n\u00eb kriz\u00eb t\u00eb thell\u00eb politike prej zgjedhjeve parlamentare t\u00eb 28 qershorit 2009, kur edhe pse nuk mori vot\u00ebn popullore, por fal\u00eb bixhozit politik, kryetari i PD-s\u00eb \u00ebsht\u00eb ende kryeminist\u00ebr, nd\u00ebrsa fituesit real\u00eb t\u00eb zgjedhjeve jan\u00eb n\u00eb opozit\u00eb. Dhe pa zgjidhur k\u00ebt\u00eb ng\u00ebr\u00e7, pa afruar pal\u00ebt p\u00ebr t\u00eb gjetur zgjidhjen [&hellip;]","og_url":"https:\/\/fjala.info\/2009-2015\/bosi-i-ruletes\/","og_site_name":"FjALA e LIR\u00cb - Arkivi","article_published_time":"2010-10-23T20:35:08+00:00","og_image":[{"url":"http:\/\/fjala.shkoder.net\/wp-content\/uploads\/2010\/10\/arben_rrozhani.jpg","type":"","width":"","height":""}],"author":"admin","twitter_card":"summary_large_image","twitter_misc":{"Written by":"admin","Est. reading time":"5 minutes"},"schema":{"@context":"https:\/\/schema.org","@graph":[{"@type":"Article","@id":"https:\/\/fjala.info\/2009-2015\/bosi-i-ruletes\/#article","isPartOf":{"@id":"https:\/\/fjala.info\/2009-2015\/bosi-i-ruletes\/"},"author":{"name":"admin","@id":"https:\/\/fjala.info\/2009-2015\/#\/schema\/person\/3aa1163ef05469c496fc94e77611ada2"},"headline":"Bosi i rulet\u00ebs","datePublished":"2010-10-23T20:35:08+00:00","mainEntityOfPage":{"@id":"https:\/\/fjala.info\/2009-2015\/bosi-i-ruletes\/"},"wordCount":1033,"commentCount":0,"publisher":{"@id":"https:\/\/fjala.info\/2009-2015\/#organization"},"image":{"@id":"https:\/\/fjala.info\/2009-2015\/bosi-i-ruletes\/#primaryimage"},"thumbnailUrl":"http:\/\/fjala.shkoder.net\/wp-content\/uploads\/2010\/10\/arben_rrozhani.jpg","articleSection":["Artikuj"],"inLanguage":"sq-AL","potentialAction":[{"@type":"CommentAction","name":"Comment","target":["https:\/\/fjala.info\/2009-2015\/bosi-i-ruletes\/#respond"]}]},{"@type":"WebPage","@id":"https:\/\/fjala.info\/2009-2015\/bosi-i-ruletes\/","url":"https:\/\/fjala.info\/2009-2015\/bosi-i-ruletes\/","name":"Bosi i rulet\u00ebs - FjALA e LIR\u00cb - Arkivi","isPartOf":{"@id":"https:\/\/fjala.info\/2009-2015\/#website"},"primaryImageOfPage":{"@id":"https:\/\/fjala.info\/2009-2015\/bosi-i-ruletes\/#primaryimage"},"image":{"@id":"https:\/\/fjala.info\/2009-2015\/bosi-i-ruletes\/#primaryimage"},"thumbnailUrl":"http:\/\/fjala.shkoder.net\/wp-content\/uploads\/2010\/10\/arben_rrozhani.jpg","datePublished":"2010-10-23T20:35:08+00:00","breadcrumb":{"@id":"https:\/\/fjala.info\/2009-2015\/bosi-i-ruletes\/#breadcrumb"},"inLanguage":"sq-AL","potentialAction":[{"@type":"ReadAction","target":["https:\/\/fjala.info\/2009-2015\/bosi-i-ruletes\/"]}]},{"@type":"ImageObject","inLanguage":"sq-AL","@id":"https:\/\/fjala.info\/2009-2015\/bosi-i-ruletes\/#primaryimage","url":"http:\/\/fjala.shkoder.net\/wp-content\/uploads\/2010\/10\/arben_rrozhani.jpg","contentUrl":"http:\/\/fjala.shkoder.net\/wp-content\/uploads\/2010\/10\/arben_rrozhani.jpg"},{"@type":"BreadcrumbList","@id":"https:\/\/fjala.info\/2009-2015\/bosi-i-ruletes\/#breadcrumb","itemListElement":[{"@type":"ListItem","position":1,"name":"Home","item":"https:\/\/fjala.info\/2009-2015\/"},{"@type":"ListItem","position":2,"name":"Bosi i rulet\u00ebs"}]},{"@type":"WebSite","@id":"https:\/\/fjala.info\/2009-2015\/#website","url":"https:\/\/fjala.info\/2009-2015\/","name":"FjALA e LIR\u00cb - Arkivi","description":"Arkivi 2009-2015","publisher":{"@id":"https:\/\/fjala.info\/2009-2015\/#organization"},"potentialAction":[{"@type":"SearchAction","target":{"@type":"EntryPoint","urlTemplate":"https:\/\/fjala.info\/2009-2015\/?s={search_term_string}"},"query-input":{"@type":"PropertyValueSpecification","valueRequired":true,"valueName":"search_term_string"}}],"inLanguage":"sq-AL"},{"@type":"Organization","@id":"https:\/\/fjala.info\/2009-2015\/#organization","name":"FjALA e LIR\u00cb - Arkivi","url":"https:\/\/fjala.info\/2009-2015\/","logo":{"@type":"ImageObject","inLanguage":"sq-AL","@id":"https:\/\/fjala.info\/2009-2015\/#\/schema\/logo\/image\/","url":"","contentUrl":"","caption":"FjALA e LIR\u00cb - Arkivi"},"image":{"@id":"https:\/\/fjala.info\/2009-2015\/#\/schema\/logo\/image\/"}},{"@type":"Person","@id":"https:\/\/fjala.info\/2009-2015\/#\/schema\/person\/3aa1163ef05469c496fc94e77611ada2","name":"admin","image":{"@type":"ImageObject","inLanguage":"sq-AL","@id":"https:\/\/fjala.info\/2009-2015\/wp-content\/uploads\/2012\/02\/arben_cokaj-120x150.jpg","url":"https:\/\/fjala.info\/2009-2015\/wp-content\/uploads\/2012\/02\/arben_cokaj-120x150.jpg","contentUrl":"https:\/\/fjala.info\/2009-2015\/wp-content\/uploads\/2012\/02\/arben_cokaj-120x150.jpg","caption":"admin"},"description":"Admin, Fjala e Lir\u00eb","sameAs":["https:\/\/fjala.info\/"],"url":"https:\/\/fjala.info\/2009-2015\/author\/admin\/"}]}},"_links":{"self":[{"href":"https:\/\/fjala.info\/2009-2015\/wp-json\/wp\/v2\/posts\/4444","targetHints":{"allow":["GET"]}}],"collection":[{"href":"https:\/\/fjala.info\/2009-2015\/wp-json\/wp\/v2\/posts"}],"about":[{"href":"https:\/\/fjala.info\/2009-2015\/wp-json\/wp\/v2\/types\/post"}],"author":[{"embeddable":true,"href":"https:\/\/fjala.info\/2009-2015\/wp-json\/wp\/v2\/users\/1"}],"replies":[{"embeddable":true,"href":"https:\/\/fjala.info\/2009-2015\/wp-json\/wp\/v2\/comments?post=4444"}],"version-history":[{"count":0,"href":"https:\/\/fjala.info\/2009-2015\/wp-json\/wp\/v2\/posts\/4444\/revisions"}],"wp:attachment":[{"href":"https:\/\/fjala.info\/2009-2015\/wp-json\/wp\/v2\/media?parent=4444"}],"wp:term":[{"taxonomy":"category","embeddable":true,"href":"https:\/\/fjala.info\/2009-2015\/wp-json\/wp\/v2\/categories?post=4444"},{"taxonomy":"post_tag","embeddable":true,"href":"https:\/\/fjala.info\/2009-2015\/wp-json\/wp\/v2\/tags?post=4444"}],"curies":[{"name":"wp","href":"https:\/\/api.w.org\/{rel}","templated":true}]}}