{"id":444,"date":"2011-12-02T23:27:40","date_gmt":"2011-12-02T22:27:40","guid":{"rendered":"http:\/\/fjala.shkoder.net\/?p=444"},"modified":"2011-12-02T23:27:40","modified_gmt":"2011-12-02T22:27:40","slug":"rrefimi-i-deshmitarit-si-e-rrethoi-shik-u-leka-zogun-ne-hotel-dajti-ne-93","status":"publish","type":"post","link":"https:\/\/fjala.info\/2009-2015\/rrefimi-i-deshmitarit-si-e-rrethoi-shik-u-leka-zogun-ne-hotel-dajti-ne-93\/","title":{"rendered":"Rr\u00ebfimi i d\u00ebshmitarit: Si e rrethoi SHIK-u, Leka Zogun n\u00eb Hotel Dajti n\u00eb \u201993"},"content":{"rendered":"<p><img decoding=\"async\" class=\"alignright size-thumbnail wp-image-7236\" title=\"Guxim Alimani\" src=\"http:\/\/www.shkoder.net\/images\/fjala\/2011\/guxim_alimani.jpg\" alt=\"\" width=\"200\" \/> <strong>Flamur Vezaj<\/strong><\/p>\n<p>Guxim Alimani \u00ebsht\u00eb d\u00ebshmitar dhe protagonist i ngjarjes s\u00eb 19-20 n\u00ebntorit 1993, t\u00eb cilat ai i p\u00ebrmbledh me \u201cd\u00ebbimi nga atdheu i mbretit Lek\u00eb\u201d. N\u00eb nj\u00eb rr\u00ebfim t\u00eb shkruar p\u00ebr \u201cShekullin\u201d, z. Alimani thot\u00eb se \u201csi d\u00ebshmitar i atyre 18 or\u00ebve t\u00eb q\u00ebndrimit n\u00eb Atdhe t\u00eb Mbretit kam p\u00ebr detyr\u00eb t\u00eb sqaroj n\u00eb detaje dijen dhe p\u00ebrjetimin tim\u201d.<\/p>\n<p>Alimani pohon se \u201cshum\u00eb pak njer\u00ebz mund ta ken\u00eb ditur ekzakt\u00ebsisht ardhjen e mbretit m\u00eb 19 n\u00ebntor 1993 n\u00eb Shqip\u00ebri\u201d. P\u00ebrgatitjen p\u00ebr ardhjen e Lek\u00ebs dhe mb\u00ebrritjen e tij n\u00eb Rinas Alimani e p\u00ebrshkruan mes t\u00eb tjerash me k\u00ebto fjal\u00eb:<\/p>\n<p>\u201c\u2026Guri Durollari kishte filluar n\u00eb konspiracion p\u00ebrgatitjet p\u00ebr k\u00ebt\u00eb ardhje. Ai kishte prenotuar t\u00eb gjith\u00eb ushtar\u00ebt luksoz\u00eb t\u00eb parkut t\u00eb delegacioneve, si dhe suitat n\u00eb hotel \u201cDajti\u201d duke g\u00ebnjyer kureshtar\u00ebt se do t\u00eb vinte N\u00ebna Mbret\u00ebresh\u00eb Geraldin\u00eb. Po ashtu, n\u00ebn k\u00ebt\u00eb pretekst, Durollari kishte lajm\u00ebruar dhe sponsorizuar mb\u00ebrritjen n\u00eb Tiran\u00eb t\u00eb p\u00ebrkrah\u00ebsve t\u00eb njohur t\u00eb Mbretit nga mbar\u00eb vendi. Nisja p\u00ebr n\u00eb Rinas n\u00eb mesdit\u00ebn e 19 n\u00ebntorit u b\u00eb e organizuar diku af\u00ebr stadiumit \u201cDinamo\u201d. Un\u00eb duke besuar deri dikund Gurin arrita t\u00eb firmos n\u00eb Ministrin\u00eb e Brendshme rreth 70 leje V.Q.A., d.m.th., p\u00ebr t\u2019u futur n\u00eb territorin ku uleshin avion\u00ebt. Karvani i makinave ishte dekoruar me flamuj komb\u00ebtar\u00eb dhe simbole dalluese t\u00eb monarkis\u00eb. P\u00ebr koincidenc\u00eb, pik\u00ebrisht at\u00eb dit\u00eb dhe n\u00eb t\u00eb nj\u00ebjtin orar, n\u00eb aeroport do t\u00eb mb\u00ebrrinte kryeministri Meksi nga nj\u00eb pritje zyrtare n\u00eb Bullgari. Avioni \u00e7arter q\u00eb solli Mbretin Lek\u00eb arriti i pari.<\/p>\n<p>Durollari, sapo ndaloi aeroplani dhe hodhi shkall\u00ebn, u ngjit lart dhe pas 2 minutash zbriti n\u00eb m\u00ebnyr\u00eb enigmatike me dy pasaporta n\u00eb dor\u00eb. M\u00eb b\u00ebri me shenj\u00eb ta shoq\u00ebroja dhe s\u00eb bashku u drejtuam n\u00eb sportelin e policis\u00eb kufitare aeroportuale. Miqt\u00eb e mi, \u00c7ezar Tare dhe Lul\u00ebzim Shala, q\u00eb drejtonin at\u00eb koh\u00eb policin\u00eb e Rinasit m\u00eb pan\u00eb me habi tek pan\u00eb pasaport\u00ebn e Mbretit Lek\u00eb. Ajo ishte nj\u00eb pasaport\u00eb nd\u00ebrkomb\u00ebtare diplomatike e l\u00ebshuar n\u00eb em\u00ebr t\u00eb Mbret\u00ebris\u00eb Shqiptare. Nuk jam as sot i sqaruar n\u00ebse kishte konotacion nd\u00ebrkomb\u00ebtar kjo tip pasaporte, por di q\u00eb ithtar\u00ebt dhe njer\u00ebzit shum\u00eb af\u00ebr Mbretit n\u00eb emigracion dispononin nga nj\u00eb t\u00eb till\u00eb (\u2026) Gjithsesi vlen t\u00eb p\u00ebrmendet se pasaportat e Mbretit Lek\u00eb dhe ministrit Abedin Mulosmanaj u vulos\u00ebn p\u00ebr hyrje legale n\u00eb territorin e Republik\u00ebs se Shqip\u00ebris\u00eb\u2026\u201d<\/p>\n<p>M\u00eb pas, Alimani rr\u00ebfen se si karvani me Leka Zogun dhe mb\u00ebshtet\u00ebsit e tij u nis p\u00ebr Tiran\u00eb. \u201cMbreti Lek\u00eb de fakto p\u00ebr her\u00eb t\u00eb par\u00eb shkelte dhe tok\u00ebn arb\u00ebnore, pasi dihet q\u00eb n\u00eb largimin e Familjes Mbret\u00ebrore m\u00eb 7 prill 1939, ai ishte vet\u00ebm nj\u00eb i porsalindur disa or\u00ebsh. K\u00ebshtu q\u00eb do t\u00eb duhej nj\u00eb pen\u00eb \u201calla Kadare\u201d dhe jo imja t\u00eb mund t\u00eb b\u00ebnte nj\u00eb deskripsion af\u00ebr reales s\u00eb emocionit t\u00eb Mbretit dhe besnik\u00ebve t\u00eb tij q\u00eb e pat\u00ebm tyre at\u00eb dit\u00eb t\u00eb zymt\u00eb n\u00ebntori 1993. At\u00eb mbr\u00ebmje t\u00eb 19 n\u00ebntorit 1993, hotel \u201cDajti\u201d ku u akomodua Mbreti Lek\u00eb u kthye n\u00eb sht\u00ebpin\u00eb e monarkist\u00ebve Shqiptar\u00eb. Mbreti u vendos n\u00eb suit\u00ebn nr. 214 t\u00eb hotelit, m\u00eb e mira q\u00eb gjendej. Durollari e kishte prenotuar her\u00ebt dhom\u00ebn duke i th\u00ebn\u00eb nj\u00ebfar\u00eb ofiqari t\u00eb hotelit me emrin Spartak Topollai se e donte p\u00ebr z. Abedin Mulosmanin. Arritja e Mbretit Lek\u00eb n\u00eb hotel, si\u00e7 do ta merrja vesh pak koh\u00eb m\u00eb von\u00eb, kishte shkaktuar tronditje n\u00eb qarqet qeveritare dhe m\u00eb tutje\u2026\u201d<\/p>\n<p>Lidhur me at\u00eb q\u00eb ndodhi m\u00eb pas n\u00eb hotel \u201cDajti\u201d, Guxim Alimani ka nj\u00eb rr\u00ebfim edhe m\u00eb t\u00eb detajuar n\u00eb nj\u00eb monografi kushtuar ish-ministrit t\u00eb oborrit mbret\u00ebror, Abedin Mulosmanaj. M\u00eb posht\u00eb, rr\u00ebfimi i z. Alimani p\u00ebr nat\u00ebn e v\u00ebshtir\u00eb n\u00eb hotel \u201cDajti\u201d dhe jo vet\u00ebm:<\/p>\n<p>\u201c\u2026P\u00ebr at\u00eb dat\u00eb, un\u00eb kam shkruar pa mbarim, si dhe do t\u00eb shkruaj s\u00ebrish, pasi mendoj se akoma ka enigma q\u00eb e mb\u00ebshtjellin at\u00eb nat\u00eb t\u00eb zez\u00eb p\u00ebr qeverin\u00eb e post diktatur\u00ebs s\u00eb at\u00ebhershme. N\u00eb librin tim \u201cFenillotage\u201d \u2013 \u201c18 or\u00eb pran\u00eb mbretit\u201d, menj\u00ebher\u00eb pas asaj ngjarjeje me realiz\u00ebm dhe dhimbje nj\u00ebkoh\u00ebsisht kam p\u00ebrshkruar \u00e7do detaj, prandaj nuk dua t\u2019iu rikthehem t\u00eb gjithave\u2026 Gjithsesi nuk mund t\u00eb l\u00eb pa treguar rolin dhe cil\u00ebsit\u00eb e ve\u00e7anta t\u00eb Ministrit Mulosmanaj, t\u00eb cilat me gjith\u00eb fuqin\u00eb e tyre u shpalos\u00ebn n\u00eb dy dit\u00ebt e zis\u00eb komb\u00ebtare t\u00eb obligimit t\u00eb largimit t\u00eb largimit t\u00eb Mbretit Lek\u00eb nga Shqip\u00ebria. Ky largim i dyt\u00eb askush nuk mund t\u00eb ma argumentoj\u00eb se ka vet\u00ebm nj\u00eb tjet\u00ebr precedent t\u00eb m\u00ebparsh\u00ebm, at\u00eb t\u00eb 7 prillit, kur fashist\u00ebt italian\u00eb e detyruan Madh\u00ebrin\u00eb e saj Geraldin\u00eb t\u00eb linte Shqip\u00ebrin\u00eb me Princin Trash\u00ebgimtar \u2013 sot N.M.T Leka 1 vet\u00ebm pak or\u00eb t\u00eb sapolindur. Si\u00e7 e kam b\u00ebr\u00eb shpesh her\u00eb p\u00ebrshkrimin e asaj nate makabre, kur gjysma e atdhetare e Shqiptar\u00ebve nuk fjeti aspak, Abedin Mulosmanaj kishte nj\u00eb rol t\u00eb dor\u00ebs s\u00eb par\u00eb.<\/p>\n<p>Duke u rrethuar n\u00eb pabesi me suit\u00ebn n\u00eb dhom\u00ebn Nr: 214 t\u00eb hotel \u201cDajtit\u201d nga forcat policore, shik-se dhe gardiste, Mbreti Lek\u00eb, Ministri Mulosmanaj u ndodh\u00ebn n\u00eb nj\u00eb situat\u00eb kritike, ku \u00e7do vendim i nxituar pillte v\u00ebllavrasje apo edhe di\u00e7ka m\u00eb tep\u00ebr. Sh\u00ebrbimet e huaja prezente e aktive n\u00eb Tiran\u00eb, duket se do t\u00eb mundnin ta shfryt\u00ebzonin n\u00eb favorin e tyre k\u00ebt\u00eb situat\u00eb, ku GJAH i majm\u00eb p\u00ebr ta, pritej t\u00eb b\u00ebhej Mbreti i Shqiptar\u00ebve. Dhe faji dhe faqja e zez\u00eb do t\u00eb binin tek shqiptar\u00ebt, s\u00eb bashku me pasojat e llahtarshme. Ky skenar fal\u00eb gjakftoht\u00ebsis\u00eb s\u00eb gjykimit, si dhe trim\u00ebris\u00eb s\u00eb pashoqe t\u00eb mbretit dhe besnikut t\u00eb tij, Abedin Mulosmanaj, do t\u00eb p\u00ebrfundonte pa u kryer p\u00ebr t\u2019i shp\u00ebrthyer n\u00eb duar z. Berisha n\u00eb pranver\u00ebn e vitit 1997. Sapo gjenerali Agim Shehu, drejtues i k\u00ebtij Operacioni, do t\u00eb fillonte ekspedit\u00ebn, fjal\u00ebt dhe veprat e Abedin Mulosmanajt qen\u00eb t\u00eb prera dhe t\u00eb guximshme: \u201cMbreti i Shqiptar\u00ebve, dokumentet e tij, Suita dhe gjith\u00e7ka mban me vete jan\u00eb t\u00eb shenjta dhe n\u00ebse dikush guxon t\u2019i prek\u00eb do t\u00eb ket\u00eb pasojat m\u00eb t\u00eb r\u00ebnda\u201d.<\/p>\n<p>Burri i fort\u00eb, thot\u00eb populli, e gjen vet\u00eb partnerin e burr\u00ebris\u00eb. K\u00ebshtu ndodhi dhe at\u00eb m\u00ebngjes pas mesnat\u00ebs s\u00eb 19 n\u00ebntorit. Pasi kishin l\u00ebn\u00eb Suit\u00ebn e Mbretit p\u00ebr t\u00eb pushuar ndonj\u00eb \u00e7ast, kur shoferi i PLL-s\u00eb, Ilir Xhudollari, trokiti n\u00eb port\u00ebn time duke m\u00eb komunikuar thirrjen urgjente t\u00eb Ministrit Mulosmani. Menj\u00ebher\u00eb iu gjenda pran\u00eb dhe nuk duhej shum\u00eb p\u00ebr t\u00eb hetuar tek ai situat\u00ebn e dyzuar q\u00eb e dominonte. Agim Shehut i kishte ardhur n\u00eb ndihm\u00eb nj\u00eb tjet\u00ebr st\u00ebrvin\u00eb, i quajtur Rexhep Karapici, i cili asokohe i printe SHIK-ut t\u00eb Tiran\u00ebs e q\u00eb m\u00eb von\u00eb u shnd\u00ebrrua n\u00eb nj\u00eb kund\u00ebrshtar edhe t\u00eb vet\u00eb Presidentit Berisha.<\/p>\n<p>Abedini nuk pranonte t\u00eb zgjonte Mbretin para orarit t\u00eb zakonsh\u00ebm, jo se situata nuk diktonte, por se burri i bjeshk\u00ebve nuk pranonte sfida spurdhjake, qofshin edhe t\u00eb veshura me pushtet. Shk\u00ebmbyem me Ministrin disa fjal\u00eb, t\u00eb cilat vet\u00ebm n\u00eb nj\u00eb bot\u00eb tjet\u00ebr do t\u2019i rikonsumojm\u00eb dhe n\u00eb at\u00eb m\u00ebngjes t\u00eb dat\u00ebs 20 rreth or\u00ebs 3:20 zgjova menj\u00ebher\u00eb prej gjumit mikun tim Azem Hajdari.<\/p>\n<p>Nuk dua t\u00eb p\u00ebrmend dialogun, por mund t\u00eb them se Azemi qe mik dhe simpatizant i Abedinit, t\u00eb cilin e \u00e7monte shum\u00eb. Ndoshta jo vet\u00ebm vendlindja, por m\u00eb shum\u00eb cil\u00ebsit\u00eb e rralla e t\u00eb ve\u00e7anta e kishin bashkuar me Abedinin. Sapo mb\u00ebrrita n\u00eb dhom\u00eb paralelisht ra edhe zilja e telefonit t\u00eb Azem Hajdarit duke ftuar gjeneralin kasnec Agim Shehu n\u00eb an\u00ebn tjet\u00ebr t\u00eb receptorit: \u2013 Alo, jam Azem Hajdari, mos tento t\u00eb prek\u00ebsh Mbretin dhe Abedin Mulosmanin se m\u00eb ke qysh tash krah tyre! Ata si\u00e7 kan\u00eb ardh\u00eb do t\u00eb l\u00ebshojn\u00eb Shqip\u00ebrin\u00eb, por turpin do ta mbajm\u00eb ne.<\/p>\n<p>Dhe v\u00ebrtet\u00eb, Mbreti u largua p\u00ebr t\u2019i l\u00ebn\u00eb pozit\u00ebs s\u00eb at\u00ebhershme nj\u00eb njoll\u00eb t\u00eb zez\u00eb pis sa vet\u00eb nata q\u00eb vijoi p\u00ebr t\u00eb jo pa shum\u00eb pasoja\u2026\u201d<\/p>\n<p><strong>Kush \u00ebsht\u00eb Guxim Alimani<\/strong><\/p>\n<p>Ka kryer studimet e larta n\u00eb Universitetin e Tiran\u00ebs, n\u00eb vitin 1996 n\u00eb Fakultetin e Gjuh\u00ebve t\u00eb Huaja, dega Fr\u00ebngjisht. N\u00eb vitin 1991 ishte redaktor n\u00eb Radio Tirana, emisioni p\u00ebr bashkatdhetar\u00ebt. Nga viti 1993, deri n\u00eb vitin 1999, Alimani ishte kryeredaktor i gazet\u00ebs \u201cAtdheu\u201d, organ i Partis\u00eb L\u00ebvizja e Legalitetit. Po n\u00eb k\u00ebta shtat\u00eb vjet ka drejtuar Dhom\u00ebn e Tregtis\u00eb belgo-shqiptare. Prej vitit 2001, \u00ebsht\u00eb atashuar pran\u00eb nj\u00eb grupi monitorues t\u00eb Krizave dhe Proceseve Integruese, iniciuar nga Bashkimi Evropian, ku kryen detyr\u00ebn e adjutantit. \u00cbsht\u00eb botuesi i disa librave me monografi kryesisht t\u00eb Mbretit Zog, familjes mbret\u00ebrore. Vazhdon t\u00eb merret nj\u00ebkoh\u00ebsisht edhe me publicistik\u00eb.<\/p>\n","protected":false},"excerpt":{"rendered":"<p>Flamur Vezaj Guxim Alimani \u00ebsht\u00eb d\u00ebshmitar dhe protagonist i ngjarjes s\u00eb 19-20 n\u00ebntorit 1993, t\u00eb cilat ai i p\u00ebrmbledh me \u201cd\u00ebbimi nga atdheu i mbretit Lek\u00eb\u201d. N\u00eb nj\u00eb rr\u00ebfim t\u00eb shkruar p\u00ebr \u201cShekullin\u201d, z. Alimani thot\u00eb se \u201csi d\u00ebshmitar i atyre 18 or\u00ebve t\u00eb q\u00ebndrimit n\u00eb Atdhe t\u00eb Mbretit kam p\u00ebr detyr\u00eb t\u00eb sqaroj n\u00eb [&hellip;]<\/p>\n","protected":false},"author":1,"featured_media":0,"comment_status":"open","ping_status":"closed","sticky":false,"template":"","format":"standard","meta":{"footnotes":""},"categories":[2,4],"tags":[],"class_list":{"0":"post-444","1":"post","2":"type-post","3":"status-publish","4":"format-standard","6":"category-artikuj","7":"category-intervista"},"yoast_head":"<!-- This site is optimized with the Yoast SEO plugin v27.4 - https:\/\/yoast.com\/product\/yoast-seo-wordpress\/ -->\n<title>Rr\u00ebfimi i d\u00ebshmitarit: Si e rrethoi SHIK-u, Leka Zogun n\u00eb Hotel Dajti n\u00eb \u201993 - FjALA e LIR\u00cb - Arkivi<\/title>\n<meta name=\"robots\" content=\"index, follow, max-snippet:-1, max-image-preview:large, max-video-preview:-1\" \/>\n<link rel=\"canonical\" href=\"https:\/\/fjala.info\/2009-2015\/rrefimi-i-deshmitarit-si-e-rrethoi-shik-u-leka-zogun-ne-hotel-dajti-ne-93\/\" \/>\n<meta property=\"og:locale\" content=\"sq_AL\" \/>\n<meta property=\"og:type\" content=\"article\" \/>\n<meta property=\"og:title\" content=\"Rr\u00ebfimi i d\u00ebshmitarit: Si e rrethoi SHIK-u, Leka Zogun n\u00eb Hotel Dajti n\u00eb \u201993 - FjALA e LIR\u00cb - Arkivi\" \/>\n<meta property=\"og:description\" content=\"Flamur Vezaj Guxim Alimani \u00ebsht\u00eb d\u00ebshmitar dhe protagonist i ngjarjes s\u00eb 19-20 n\u00ebntorit 1993, t\u00eb cilat ai i p\u00ebrmbledh me \u201cd\u00ebbimi nga atdheu i mbretit Lek\u00eb\u201d. N\u00eb nj\u00eb rr\u00ebfim t\u00eb shkruar p\u00ebr \u201cShekullin\u201d, z. Alimani thot\u00eb se \u201csi d\u00ebshmitar i atyre 18 or\u00ebve t\u00eb q\u00ebndrimit n\u00eb Atdhe t\u00eb Mbretit kam p\u00ebr detyr\u00eb t\u00eb sqaroj n\u00eb [&hellip;]\" \/>\n<meta property=\"og:url\" content=\"https:\/\/fjala.info\/2009-2015\/rrefimi-i-deshmitarit-si-e-rrethoi-shik-u-leka-zogun-ne-hotel-dajti-ne-93\/\" \/>\n<meta property=\"og:site_name\" content=\"FjALA e LIR\u00cb - Arkivi\" \/>\n<meta property=\"article:published_time\" content=\"2011-12-02T22:27:40+00:00\" \/>\n<meta property=\"og:image\" content=\"http:\/\/www.shkoder.net\/images\/fjala\/2011\/guxim_alimani.jpg\" \/>\n<meta name=\"author\" content=\"admin\" \/>\n<meta name=\"twitter:card\" content=\"summary_large_image\" \/>\n<meta name=\"twitter:label1\" content=\"Written by\" \/>\n\t<meta name=\"twitter:data1\" content=\"admin\" \/>\n\t<meta name=\"twitter:label2\" content=\"Est. reading time\" \/>\n\t<meta name=\"twitter:data2\" content=\"8 minutes\" \/>\n<script type=\"application\/ld+json\" class=\"yoast-schema-graph\">{\"@context\":\"https:\\\/\\\/schema.org\",\"@graph\":[{\"@type\":\"Article\",\"@id\":\"https:\\\/\\\/fjala.info\\\/2009-2015\\\/rrefimi-i-deshmitarit-si-e-rrethoi-shik-u-leka-zogun-ne-hotel-dajti-ne-93\\\/#article\",\"isPartOf\":{\"@id\":\"https:\\\/\\\/fjala.info\\\/2009-2015\\\/rrefimi-i-deshmitarit-si-e-rrethoi-shik-u-leka-zogun-ne-hotel-dajti-ne-93\\\/\"},\"author\":{\"name\":\"admin\",\"@id\":\"https:\\\/\\\/fjala.info\\\/2009-2015\\\/#\\\/schema\\\/person\\\/3aa1163ef05469c496fc94e77611ada2\"},\"headline\":\"Rr\u00ebfimi i d\u00ebshmitarit: Si e rrethoi SHIK-u, Leka Zogun n\u00eb Hotel Dajti n\u00eb \u201993\",\"datePublished\":\"2011-12-02T22:27:40+00:00\",\"mainEntityOfPage\":{\"@id\":\"https:\\\/\\\/fjala.info\\\/2009-2015\\\/rrefimi-i-deshmitarit-si-e-rrethoi-shik-u-leka-zogun-ne-hotel-dajti-ne-93\\\/\"},\"wordCount\":1565,\"commentCount\":0,\"publisher\":{\"@id\":\"https:\\\/\\\/fjala.info\\\/2009-2015\\\/#organization\"},\"image\":{\"@id\":\"https:\\\/\\\/fjala.info\\\/2009-2015\\\/rrefimi-i-deshmitarit-si-e-rrethoi-shik-u-leka-zogun-ne-hotel-dajti-ne-93\\\/#primaryimage\"},\"thumbnailUrl\":\"http:\\\/\\\/www.shkoder.net\\\/images\\\/fjala\\\/2011\\\/guxim_alimani.jpg\",\"articleSection\":[\"Artikuj\",\"Intervista\"],\"inLanguage\":\"sq-AL\",\"potentialAction\":[{\"@type\":\"CommentAction\",\"name\":\"Comment\",\"target\":[\"https:\\\/\\\/fjala.info\\\/2009-2015\\\/rrefimi-i-deshmitarit-si-e-rrethoi-shik-u-leka-zogun-ne-hotel-dajti-ne-93\\\/#respond\"]}]},{\"@type\":\"WebPage\",\"@id\":\"https:\\\/\\\/fjala.info\\\/2009-2015\\\/rrefimi-i-deshmitarit-si-e-rrethoi-shik-u-leka-zogun-ne-hotel-dajti-ne-93\\\/\",\"url\":\"https:\\\/\\\/fjala.info\\\/2009-2015\\\/rrefimi-i-deshmitarit-si-e-rrethoi-shik-u-leka-zogun-ne-hotel-dajti-ne-93\\\/\",\"name\":\"Rr\u00ebfimi i d\u00ebshmitarit: Si e rrethoi SHIK-u, Leka Zogun n\u00eb Hotel Dajti n\u00eb \u201993 - FjALA e LIR\u00cb - Arkivi\",\"isPartOf\":{\"@id\":\"https:\\\/\\\/fjala.info\\\/2009-2015\\\/#website\"},\"primaryImageOfPage\":{\"@id\":\"https:\\\/\\\/fjala.info\\\/2009-2015\\\/rrefimi-i-deshmitarit-si-e-rrethoi-shik-u-leka-zogun-ne-hotel-dajti-ne-93\\\/#primaryimage\"},\"image\":{\"@id\":\"https:\\\/\\\/fjala.info\\\/2009-2015\\\/rrefimi-i-deshmitarit-si-e-rrethoi-shik-u-leka-zogun-ne-hotel-dajti-ne-93\\\/#primaryimage\"},\"thumbnailUrl\":\"http:\\\/\\\/www.shkoder.net\\\/images\\\/fjala\\\/2011\\\/guxim_alimani.jpg\",\"datePublished\":\"2011-12-02T22:27:40+00:00\",\"breadcrumb\":{\"@id\":\"https:\\\/\\\/fjala.info\\\/2009-2015\\\/rrefimi-i-deshmitarit-si-e-rrethoi-shik-u-leka-zogun-ne-hotel-dajti-ne-93\\\/#breadcrumb\"},\"inLanguage\":\"sq-AL\",\"potentialAction\":[{\"@type\":\"ReadAction\",\"target\":[\"https:\\\/\\\/fjala.info\\\/2009-2015\\\/rrefimi-i-deshmitarit-si-e-rrethoi-shik-u-leka-zogun-ne-hotel-dajti-ne-93\\\/\"]}]},{\"@type\":\"ImageObject\",\"inLanguage\":\"sq-AL\",\"@id\":\"https:\\\/\\\/fjala.info\\\/2009-2015\\\/rrefimi-i-deshmitarit-si-e-rrethoi-shik-u-leka-zogun-ne-hotel-dajti-ne-93\\\/#primaryimage\",\"url\":\"http:\\\/\\\/www.shkoder.net\\\/images\\\/fjala\\\/2011\\\/guxim_alimani.jpg\",\"contentUrl\":\"http:\\\/\\\/www.shkoder.net\\\/images\\\/fjala\\\/2011\\\/guxim_alimani.jpg\"},{\"@type\":\"BreadcrumbList\",\"@id\":\"https:\\\/\\\/fjala.info\\\/2009-2015\\\/rrefimi-i-deshmitarit-si-e-rrethoi-shik-u-leka-zogun-ne-hotel-dajti-ne-93\\\/#breadcrumb\",\"itemListElement\":[{\"@type\":\"ListItem\",\"position\":1,\"name\":\"Home\",\"item\":\"https:\\\/\\\/fjala.info\\\/2009-2015\\\/\"},{\"@type\":\"ListItem\",\"position\":2,\"name\":\"Rr\u00ebfimi i d\u00ebshmitarit: Si e rrethoi SHIK-u, Leka Zogun n\u00eb Hotel Dajti n\u00eb \u201993\"}]},{\"@type\":\"WebSite\",\"@id\":\"https:\\\/\\\/fjala.info\\\/2009-2015\\\/#website\",\"url\":\"https:\\\/\\\/fjala.info\\\/2009-2015\\\/\",\"name\":\"FjALA e LIR\u00cb - Arkivi\",\"description\":\"Arkivi 2009-2015\",\"publisher\":{\"@id\":\"https:\\\/\\\/fjala.info\\\/2009-2015\\\/#organization\"},\"potentialAction\":[{\"@type\":\"SearchAction\",\"target\":{\"@type\":\"EntryPoint\",\"urlTemplate\":\"https:\\\/\\\/fjala.info\\\/2009-2015\\\/?s={search_term_string}\"},\"query-input\":{\"@type\":\"PropertyValueSpecification\",\"valueRequired\":true,\"valueName\":\"search_term_string\"}}],\"inLanguage\":\"sq-AL\"},{\"@type\":\"Organization\",\"@id\":\"https:\\\/\\\/fjala.info\\\/2009-2015\\\/#organization\",\"name\":\"FjALA e LIR\u00cb - Arkivi\",\"url\":\"https:\\\/\\\/fjala.info\\\/2009-2015\\\/\",\"logo\":{\"@type\":\"ImageObject\",\"inLanguage\":\"sq-AL\",\"@id\":\"https:\\\/\\\/fjala.info\\\/2009-2015\\\/#\\\/schema\\\/logo\\\/image\\\/\",\"url\":\"\",\"contentUrl\":\"\",\"caption\":\"FjALA e LIR\u00cb - Arkivi\"},\"image\":{\"@id\":\"https:\\\/\\\/fjala.info\\\/2009-2015\\\/#\\\/schema\\\/logo\\\/image\\\/\"}},{\"@type\":\"Person\",\"@id\":\"https:\\\/\\\/fjala.info\\\/2009-2015\\\/#\\\/schema\\\/person\\\/3aa1163ef05469c496fc94e77611ada2\",\"name\":\"admin\",\"image\":{\"@type\":\"ImageObject\",\"inLanguage\":\"sq-AL\",\"@id\":\"https:\\\/\\\/fjala.info\\\/2009-2015\\\/wp-content\\\/uploads\\\/2012\\\/02\\\/arben_cokaj-120x150.jpg\",\"url\":\"https:\\\/\\\/fjala.info\\\/2009-2015\\\/wp-content\\\/uploads\\\/2012\\\/02\\\/arben_cokaj-120x150.jpg\",\"contentUrl\":\"https:\\\/\\\/fjala.info\\\/2009-2015\\\/wp-content\\\/uploads\\\/2012\\\/02\\\/arben_cokaj-120x150.jpg\",\"caption\":\"admin\"},\"description\":\"Admin, Fjala e Lir\u00eb\",\"sameAs\":[\"https:\\\/\\\/fjala.info\\\/\"],\"url\":\"https:\\\/\\\/fjala.info\\\/2009-2015\\\/author\\\/admin\\\/\"}]}<\/script>\n<!-- \/ Yoast SEO plugin. -->","yoast_head_json":{"title":"Rr\u00ebfimi i d\u00ebshmitarit: Si e rrethoi SHIK-u, Leka Zogun n\u00eb Hotel Dajti n\u00eb \u201993 - FjALA e LIR\u00cb - Arkivi","robots":{"index":"index","follow":"follow","max-snippet":"max-snippet:-1","max-image-preview":"max-image-preview:large","max-video-preview":"max-video-preview:-1"},"canonical":"https:\/\/fjala.info\/2009-2015\/rrefimi-i-deshmitarit-si-e-rrethoi-shik-u-leka-zogun-ne-hotel-dajti-ne-93\/","og_locale":"sq_AL","og_type":"article","og_title":"Rr\u00ebfimi i d\u00ebshmitarit: Si e rrethoi SHIK-u, Leka Zogun n\u00eb Hotel Dajti n\u00eb \u201993 - FjALA e LIR\u00cb - Arkivi","og_description":"Flamur Vezaj Guxim Alimani \u00ebsht\u00eb d\u00ebshmitar dhe protagonist i ngjarjes s\u00eb 19-20 n\u00ebntorit 1993, t\u00eb cilat ai i p\u00ebrmbledh me \u201cd\u00ebbimi nga atdheu i mbretit Lek\u00eb\u201d. N\u00eb nj\u00eb rr\u00ebfim t\u00eb shkruar p\u00ebr \u201cShekullin\u201d, z. Alimani thot\u00eb se \u201csi d\u00ebshmitar i atyre 18 or\u00ebve t\u00eb q\u00ebndrimit n\u00eb Atdhe t\u00eb Mbretit kam p\u00ebr detyr\u00eb t\u00eb sqaroj n\u00eb [&hellip;]","og_url":"https:\/\/fjala.info\/2009-2015\/rrefimi-i-deshmitarit-si-e-rrethoi-shik-u-leka-zogun-ne-hotel-dajti-ne-93\/","og_site_name":"FjALA e LIR\u00cb - Arkivi","article_published_time":"2011-12-02T22:27:40+00:00","og_image":[{"url":"http:\/\/www.shkoder.net\/images\/fjala\/2011\/guxim_alimani.jpg","type":"","width":"","height":""}],"author":"admin","twitter_card":"summary_large_image","twitter_misc":{"Written by":"admin","Est. reading time":"8 minutes"},"schema":{"@context":"https:\/\/schema.org","@graph":[{"@type":"Article","@id":"https:\/\/fjala.info\/2009-2015\/rrefimi-i-deshmitarit-si-e-rrethoi-shik-u-leka-zogun-ne-hotel-dajti-ne-93\/#article","isPartOf":{"@id":"https:\/\/fjala.info\/2009-2015\/rrefimi-i-deshmitarit-si-e-rrethoi-shik-u-leka-zogun-ne-hotel-dajti-ne-93\/"},"author":{"name":"admin","@id":"https:\/\/fjala.info\/2009-2015\/#\/schema\/person\/3aa1163ef05469c496fc94e77611ada2"},"headline":"Rr\u00ebfimi i d\u00ebshmitarit: Si e rrethoi SHIK-u, Leka Zogun n\u00eb Hotel Dajti n\u00eb \u201993","datePublished":"2011-12-02T22:27:40+00:00","mainEntityOfPage":{"@id":"https:\/\/fjala.info\/2009-2015\/rrefimi-i-deshmitarit-si-e-rrethoi-shik-u-leka-zogun-ne-hotel-dajti-ne-93\/"},"wordCount":1565,"commentCount":0,"publisher":{"@id":"https:\/\/fjala.info\/2009-2015\/#organization"},"image":{"@id":"https:\/\/fjala.info\/2009-2015\/rrefimi-i-deshmitarit-si-e-rrethoi-shik-u-leka-zogun-ne-hotel-dajti-ne-93\/#primaryimage"},"thumbnailUrl":"http:\/\/www.shkoder.net\/images\/fjala\/2011\/guxim_alimani.jpg","articleSection":["Artikuj","Intervista"],"inLanguage":"sq-AL","potentialAction":[{"@type":"CommentAction","name":"Comment","target":["https:\/\/fjala.info\/2009-2015\/rrefimi-i-deshmitarit-si-e-rrethoi-shik-u-leka-zogun-ne-hotel-dajti-ne-93\/#respond"]}]},{"@type":"WebPage","@id":"https:\/\/fjala.info\/2009-2015\/rrefimi-i-deshmitarit-si-e-rrethoi-shik-u-leka-zogun-ne-hotel-dajti-ne-93\/","url":"https:\/\/fjala.info\/2009-2015\/rrefimi-i-deshmitarit-si-e-rrethoi-shik-u-leka-zogun-ne-hotel-dajti-ne-93\/","name":"Rr\u00ebfimi i d\u00ebshmitarit: Si e rrethoi SHIK-u, Leka Zogun n\u00eb Hotel Dajti n\u00eb \u201993 - FjALA e LIR\u00cb - Arkivi","isPartOf":{"@id":"https:\/\/fjala.info\/2009-2015\/#website"},"primaryImageOfPage":{"@id":"https:\/\/fjala.info\/2009-2015\/rrefimi-i-deshmitarit-si-e-rrethoi-shik-u-leka-zogun-ne-hotel-dajti-ne-93\/#primaryimage"},"image":{"@id":"https:\/\/fjala.info\/2009-2015\/rrefimi-i-deshmitarit-si-e-rrethoi-shik-u-leka-zogun-ne-hotel-dajti-ne-93\/#primaryimage"},"thumbnailUrl":"http:\/\/www.shkoder.net\/images\/fjala\/2011\/guxim_alimani.jpg","datePublished":"2011-12-02T22:27:40+00:00","breadcrumb":{"@id":"https:\/\/fjala.info\/2009-2015\/rrefimi-i-deshmitarit-si-e-rrethoi-shik-u-leka-zogun-ne-hotel-dajti-ne-93\/#breadcrumb"},"inLanguage":"sq-AL","potentialAction":[{"@type":"ReadAction","target":["https:\/\/fjala.info\/2009-2015\/rrefimi-i-deshmitarit-si-e-rrethoi-shik-u-leka-zogun-ne-hotel-dajti-ne-93\/"]}]},{"@type":"ImageObject","inLanguage":"sq-AL","@id":"https:\/\/fjala.info\/2009-2015\/rrefimi-i-deshmitarit-si-e-rrethoi-shik-u-leka-zogun-ne-hotel-dajti-ne-93\/#primaryimage","url":"http:\/\/www.shkoder.net\/images\/fjala\/2011\/guxim_alimani.jpg","contentUrl":"http:\/\/www.shkoder.net\/images\/fjala\/2011\/guxim_alimani.jpg"},{"@type":"BreadcrumbList","@id":"https:\/\/fjala.info\/2009-2015\/rrefimi-i-deshmitarit-si-e-rrethoi-shik-u-leka-zogun-ne-hotel-dajti-ne-93\/#breadcrumb","itemListElement":[{"@type":"ListItem","position":1,"name":"Home","item":"https:\/\/fjala.info\/2009-2015\/"},{"@type":"ListItem","position":2,"name":"Rr\u00ebfimi i d\u00ebshmitarit: Si e rrethoi SHIK-u, Leka Zogun n\u00eb Hotel Dajti n\u00eb \u201993"}]},{"@type":"WebSite","@id":"https:\/\/fjala.info\/2009-2015\/#website","url":"https:\/\/fjala.info\/2009-2015\/","name":"FjALA e LIR\u00cb - Arkivi","description":"Arkivi 2009-2015","publisher":{"@id":"https:\/\/fjala.info\/2009-2015\/#organization"},"potentialAction":[{"@type":"SearchAction","target":{"@type":"EntryPoint","urlTemplate":"https:\/\/fjala.info\/2009-2015\/?s={search_term_string}"},"query-input":{"@type":"PropertyValueSpecification","valueRequired":true,"valueName":"search_term_string"}}],"inLanguage":"sq-AL"},{"@type":"Organization","@id":"https:\/\/fjala.info\/2009-2015\/#organization","name":"FjALA e LIR\u00cb - Arkivi","url":"https:\/\/fjala.info\/2009-2015\/","logo":{"@type":"ImageObject","inLanguage":"sq-AL","@id":"https:\/\/fjala.info\/2009-2015\/#\/schema\/logo\/image\/","url":"","contentUrl":"","caption":"FjALA e LIR\u00cb - Arkivi"},"image":{"@id":"https:\/\/fjala.info\/2009-2015\/#\/schema\/logo\/image\/"}},{"@type":"Person","@id":"https:\/\/fjala.info\/2009-2015\/#\/schema\/person\/3aa1163ef05469c496fc94e77611ada2","name":"admin","image":{"@type":"ImageObject","inLanguage":"sq-AL","@id":"https:\/\/fjala.info\/2009-2015\/wp-content\/uploads\/2012\/02\/arben_cokaj-120x150.jpg","url":"https:\/\/fjala.info\/2009-2015\/wp-content\/uploads\/2012\/02\/arben_cokaj-120x150.jpg","contentUrl":"https:\/\/fjala.info\/2009-2015\/wp-content\/uploads\/2012\/02\/arben_cokaj-120x150.jpg","caption":"admin"},"description":"Admin, Fjala e Lir\u00eb","sameAs":["https:\/\/fjala.info\/"],"url":"https:\/\/fjala.info\/2009-2015\/author\/admin\/"}]}},"_links":{"self":[{"href":"https:\/\/fjala.info\/2009-2015\/wp-json\/wp\/v2\/posts\/444","targetHints":{"allow":["GET"]}}],"collection":[{"href":"https:\/\/fjala.info\/2009-2015\/wp-json\/wp\/v2\/posts"}],"about":[{"href":"https:\/\/fjala.info\/2009-2015\/wp-json\/wp\/v2\/types\/post"}],"author":[{"embeddable":true,"href":"https:\/\/fjala.info\/2009-2015\/wp-json\/wp\/v2\/users\/1"}],"replies":[{"embeddable":true,"href":"https:\/\/fjala.info\/2009-2015\/wp-json\/wp\/v2\/comments?post=444"}],"version-history":[{"count":0,"href":"https:\/\/fjala.info\/2009-2015\/wp-json\/wp\/v2\/posts\/444\/revisions"}],"wp:attachment":[{"href":"https:\/\/fjala.info\/2009-2015\/wp-json\/wp\/v2\/media?parent=444"}],"wp:term":[{"taxonomy":"category","embeddable":true,"href":"https:\/\/fjala.info\/2009-2015\/wp-json\/wp\/v2\/categories?post=444"},{"taxonomy":"post_tag","embeddable":true,"href":"https:\/\/fjala.info\/2009-2015\/wp-json\/wp\/v2\/tags?post=444"}],"curies":[{"name":"wp","href":"https:\/\/api.w.org\/{rel}","templated":true}]}}