{"id":4438,"date":"2010-10-23T21:30:07","date_gmt":"2010-10-23T20:30:07","guid":{"rendered":"http:\/\/fjala.shkoder.net\/?p=4438"},"modified":"2010-10-23T21:30:07","modified_gmt":"2010-10-23T20:30:07","slug":"ora-e-opozites","status":"publish","type":"post","link":"https:\/\/fjala.info\/2009-2015\/ora-e-opozites\/","title":{"rendered":"Ora e opozit\u00ebs"},"content":{"rendered":"<p><img loading=\"lazy\" decoding=\"async\" class=\"alignleft size-thumbnail wp-image-4439\" title=\"Moikom Zeqo\" src=\"http:\/\/fjala.shkoder.net\/wp-content\/uploads\/2010\/10\/moikom_zeqo-150x133.jpg\" alt=\"\" width=\"150\" height=\"133\" \/><br \/>\n<strong>Moikom Zeqo<\/strong>, <em>23.10.2010<\/em><\/p>\n<p>Po troket ora e opozit\u00ebs. N\u00eb fakt ka trokitur edhe m\u00eb par\u00eb. Tani trokitja zot\u00ebron t\u00ebr\u00eb politik\u00ebn e demonizuar shqiptare. Kjo \u00ebsht\u00eb krejt e natyrshme dhe jetike. N\u00eb shtetin totalitar ka pushtet, por nuk ka opozit\u00eb. Opozita \u00ebsht\u00eb shpikje konceptuale e demokracis\u00eb, ajo e kusht\u00ebzon, e zhvillon, e pasuron, e dlir\u00ebson dhe e garanton demokracin\u00eb. N\u00eb t\u00eb kund\u00ebrt\u00ebn nuk ka demokraci, por tautologji, ose demokraci. Opozita \u00ebsht\u00eb kriticizmi i pushtetit aktual, d.m.th. mund\u00ebsia reale e variantit t\u00eb pushtetit t\u00eb ardhsh\u00ebm. Alternimi i domosdosh\u00ebm i pushteteve qeveris\u00ebs brenda t\u00eb nj\u00ebjtit shtet dhe shoq\u00ebri. Pa k\u00ebt\u00eb alternim logjik dhe juridik nuk ka shpres\u00eb, as kuptimshm\u00ebri t\u00eb jet\u00ebs n\u00eb t\u00eb gjitha aspektet.<\/p>\n<p>Pushteti aktual po e mbaron ciklin kushtetues. Ndon\u00ebse ende jo mandatin kohor kalendarik. Kriza politike \u00ebsht\u00eb kaq e shum\u00ebfisht\u00eb, e ngat\u00ebrruar dhe e r\u00ebnd\u00eb, sa mund ta kap\u00ebrcej\u00eb vetveten me zgjedhje t\u00eb parakohshme. Pse e them k\u00ebt\u00eb? A \u00ebsht\u00eb k\u00ebshtu? A mund t\u00eb jet\u00eb ndryshe? Zgjedhjet e parakohshme jan\u00eb nj\u00eb zgjidhje racionale dhe e men\u00e7ur komb\u00ebtare.<\/p>\n<p>Zgjedhjet e parakohshme jan\u00eb t\u00eb dobishme p\u00ebr t\u00eb dyja partit\u00eb e m\u00ebdha dhe krejt spektrin politik shqiptar. Ato mund dhe duhet t\u00eb korrigjojn\u00eb n\u00eb em\u00ebr t\u00eb progresit dhe europianizimit emancipues shum\u00eb mang\u00ebsi t\u00eb tmerrshme.<\/p>\n<p>S\u00eb pari, t\u00eb vendosin p\u00ebrfundimisht statusin demokratik, t\u00eb sakt\u00eb, t\u00eb pakontestuesh\u00ebm m\u00eb, t\u00eb rezultateve autentike t\u00eb votimeve n\u00eb t\u00ebr\u00ebsi dhe t\u00eb \u00e7do vote n\u00eb ve\u00e7an\u00ebsi. Manipulimi dhe vjedhjet e votave t\u00eb marrin fund nj\u00ebher\u00eb e p\u00ebrgjithmon\u00eb. Besoj se kjo do t\u00eb arrihet dhe ngulmimi i paepur p\u00ebr k\u00ebt\u00eb gj\u00eb, nuk do t\u00eb jet\u00eb thjesht merit\u00eb e PS-s\u00eb, por e krejt shoq\u00ebris\u00eb shqiptare, nj\u00eb merit\u00eb historike e jasht\u00ebzakonshme.<\/p>\n<p>S\u00eb dyti, zgjedhjet e parakohshme do t\u00eb japin rast p\u00ebr nj\u00eb konceptim m\u00eb t\u00eb zgjuar, t\u00eb thell\u00eb, t\u00eb p\u00ebrfaq\u00ebsimit politik, si n\u00eb kompozimin e emrave t\u00eb deputet\u00ebve nga t\u00eb dyja an\u00ebt, ashtu dhe t\u00eb nd\u00ebrtimit t\u00eb aleancave dhe koalicioneve politike, pra t\u00eb parlamentarizmit t\u00eb v\u00ebrtet\u00eb dhe jo t\u00eb parlamentarizmit koniunktural, t\u00eb intrigave klanore, t\u00eb vogla, klienteliste dhe qesharake. Po ky \u00ebsht\u00eb nj\u00eb thelb i madh i konceptualitetit dhe vizionarizmit, nuk \u00ebsht\u00eb as i leht\u00eb dhe as thjesht subjektiv. K\u00ebtu, n\u00eb k\u00ebt\u00eb pik\u00eb inkandeshente, do t\u00eb reflektohet niveli m\u00eb i v\u00ebrtet\u00eb dhe i lart\u00eb intelektual, profesional dhe i modernitetit t\u00eb avancuar politik. Pra t\u00eb ndryshimit progresiv t\u00eb klas\u00ebs politike n\u00eb p\u00ebrgjith\u00ebsi, t\u00eb emancipimit t\u00eb nd\u00ebrsjell\u00eb, t\u00eb s\u00eb majt\u00ebs dhe t\u00eb s\u00eb djatht\u00ebs. Kjo duhet ta b\u00ebj\u00eb klas\u00ebn politike t\u00eb shk\u00ebputet nga deliret, sepse vet\u00ebm t\u00eb paditurit jan\u00eb delirant\u00eb, kurse dituria, duke t\u00eb dh\u00ebn\u00eb shkall\u00ebn e krah\u00ebsimtaris\u00eb me t\u00eb tjer\u00ebt, me bot\u00ebn e qytet\u00ebruar, t\u00eb b\u00ebn m\u00eb realist dhe me k\u00ebmb\u00ebt n\u00eb tok\u00eb, pra m\u00eb t\u00eb v\u00ebrtet\u00eb.<\/p>\n<p>S\u00eb treti, zgjedhjet e parakohshme jan\u00eb instrumenti i vet\u00ebm dhe i patjet\u00ebrsuesh\u00ebm i t\u00eb v\u00ebrtet\u00ebs publike n\u00eb raport me t\u00eb v\u00ebrtetat virtuale dhe subjektiviste t\u00eb politikan\u00ebve si protagonist\u00eb kryesor\u00eb. At\u00eb q\u00eb nuk e zgjidhin dot p\u00ebrfaq\u00ebsuesit kund\u00ebrshtar\u00eb me gladiatorizmin mediatik ose edhe parlamentar, ose manifestativ, e ofron konkretisht veprimi autoritar dhe madhor zgjedhor. Ky instrument i preksh\u00ebm i testimit masiv \u00ebsht\u00eb laboratori i vet\u00ebm publik, i pavarur dhe pa ekuivok\u00eb i s\u00eb v\u00ebrtet\u00ebs, q\u00eb \u00ebsht\u00eb dhe jo i s\u00eb v\u00ebrtet\u00ebs s\u00eb pretenduar, t\u00eb personalizuar, si dhe t\u00eb monopolizuar.<\/p>\n<p>S\u00eb kat\u00ebrti, kjo gj\u00eb l\u00ebviz\u00ebse, ndryshuese, do t\u00eb v\u00ebrtetoj\u00eb se dinamika e politik\u00ebs ekziston p\u00ebr hir t\u00eb t\u00eb gjith\u00ebve, t\u00eb t\u00eb gjitha partive politike pa p\u00ebrjashtim, pik\u00ebrisht nga substanca dinamike e elektorateve dhe e shoq\u00ebris\u00eb n\u00eb p\u00ebrgjith\u00ebsi.<\/p>\n<p>S\u00eb pesti, zgjedhjet e parakohshme (si edhe ato t\u00eb afatshmet), jan\u00eb prova e vitalitetit apo e vdekjes s\u00eb ideve politike, jan\u00eb ballafaqimi rigoroz dhe gati apokaliptik i vizioneve, i verifikimit t\u00eb demokracis\u00eb s\u00eb v\u00ebrtet\u00eb dhe i shkat\u00ebrrimit t\u00eb iluzioneve primitive, provinciale, plot retrograde totalitariste t\u00eb s\u00eb kaluar\u00ebs, pra hapja e port\u00ebs s\u00eb t\u00eb ardhmes s\u00eb \u00ebnd\u00ebrruar si aspirat\u00eb, si shpres\u00eb, si moralitet dhe humanitet.<\/p>\n<p>S\u00eb gjashti, klasa politike do t\u00eb ket\u00eb mund\u00ebsin\u00eb historike t\u00eb korrigjoj\u00eb vetveten, sipas parimit t\u00eb katarsit aristetolian, p\u00ebr t\u00eb mos g\u00ebnjyer as popullin, as elektoratet, p\u00ebr t\u00eb mos e institucionalizuar g\u00ebnjeshtr\u00ebn mashtruese, por t\u00eb v\u00ebrtet\u00ebn.<\/p>\n<p>S\u00eb shtati, nj\u00eb situat\u00eb e re paszgjedhore krejt\u00ebsisht ligjore do t\u00eb krijoj\u00eb premisat e domosdoshme p\u00ebr nj\u00eb kriticiz\u00ebm t\u00eb ri, m\u00eb t\u00eb fuqish\u00ebm, pra edhe m\u00eb dobiprur\u00ebs dhe shum\u00ebfunksional, duke fuqizuar shoq\u00ebrin\u00eb civile dhe shkat\u00ebrruar klientelizmin ekonomik dhe politik t\u00eb mediave, q\u00eb p\u00ebrb\u00ebn nj\u00eb fatkeq\u00ebsi shoq\u00ebrore shum\u00eb t\u00eb rrezikshme.<\/p>\n<p>S\u00eb teti, kriticizmi i ri q\u00eb p\u00ebrmenda m\u00eb sip\u00ebr, mund t\u00eb b\u00ebj\u00eb kontrollin shoq\u00ebror masiv dhe m\u00eb t\u00eb specializuar t\u00eb ligjshm\u00ebris\u00eb kushtetuese si t\u00eb pozit\u00ebs ashtu dhe t\u00eb opozit\u00ebs. Kjo gj\u00eb do t\u00eb ngjall\u00eb shpres\u00eb p\u00ebr t\u00eb mos braktisur besimin njer\u00ebzor te demokracia institucionale.<\/p>\n<p>S\u00eb n\u00ebnti, duke i sanksionuar format ligjore t\u00eb demokracis\u00eb njer\u00ebzit do t\u00eb mendojn\u00eb m\u00eb seriozisht dhe n\u00eb m\u00ebnyr\u00eb m\u00eb krijuese p\u00ebr p\u00ebrmbajtjen e saj.<\/p>\n<p>S\u00eb dhjeti, skena e politik\u00ebs, sipas shprehjes s\u00eb famshme t\u00eb Hanah Arendit, do t\u00eb b\u00ebhet m\u00eb publike, m\u00eb pak p\u00ebrjashtuese, pra rrjedhimisht edhe m\u00eb njer\u00ebzore.<\/p>\n<p>Pushteti i sot\u00ebm i alambikuar me nj\u00eb varak mediatik t\u00eb neveritsh\u00ebm dhe krejt\u00ebsisht t\u00eb kot\u00eb \u00ebsht\u00eb thjesht virtual. Analizat le t\u00eb v\u00ebrtetojn\u00eb se \u00e7far\u00eb b\u00ebri pozitive, \u00e7far\u00eb nuk b\u00ebri pozitive, ose \u00e7far\u00eb nuk deshi, ose nuk mundte dot t\u00eb b\u00ebnte gjat\u00eb mandatimit.<\/p>\n<p>Ora troket p\u00ebr opozit\u00ebn, pa harruar asnj\u00ebher\u00eb se \u00e7do fitore elektorale nuk \u00ebsht\u00eb fitore e v\u00ebrtet\u00eb, n\u00ebse nuk parakupton ndryshimin vizionar, pozitiv t\u00eb qeverisjes publike. Sot, arsyet e k\u00ebtij ndryshimi jan\u00eb p\u00ebr PS-n\u00eb si\u00e7 mund t\u00eb jen\u00eb nes\u00ebr p\u00ebr PD-n\u00eb.<\/p>\n","protected":false},"excerpt":{"rendered":"<p>Moikom Zeqo, 23.10.2010 Po troket ora e opozit\u00ebs. N\u00eb fakt ka trokitur edhe m\u00eb par\u00eb. Tani trokitja zot\u00ebron t\u00ebr\u00eb politik\u00ebn e demonizuar shqiptare. Kjo \u00ebsht\u00eb krejt e natyrshme dhe jetike. N\u00eb shtetin totalitar ka pushtet, por nuk ka opozit\u00eb. Opozita \u00ebsht\u00eb shpikje konceptuale e demokracis\u00eb, ajo e kusht\u00ebzon, e zhvillon, e pasuron, e dlir\u00ebson dhe [&hellip;]<\/p>\n","protected":false},"author":1,"featured_media":0,"comment_status":"open","ping_status":"closed","sticky":false,"template":"","format":"standard","meta":{"footnotes":""},"categories":[2],"tags":[],"class_list":{"0":"post-4438","1":"post","2":"type-post","3":"status-publish","4":"format-standard","6":"category-artikuj"},"yoast_head":"<!-- This site is optimized with the Yoast SEO plugin v27.4 - https:\/\/yoast.com\/product\/yoast-seo-wordpress\/ -->\n<title>Ora e opozit\u00ebs - FjALA e LIR\u00cb - Arkivi<\/title>\n<meta name=\"robots\" content=\"index, follow, max-snippet:-1, max-image-preview:large, max-video-preview:-1\" \/>\n<link rel=\"canonical\" href=\"https:\/\/fjala.info\/2009-2015\/ora-e-opozites\/\" \/>\n<meta property=\"og:locale\" content=\"sq_AL\" \/>\n<meta property=\"og:type\" content=\"article\" \/>\n<meta property=\"og:title\" content=\"Ora e opozit\u00ebs - FjALA e LIR\u00cb - Arkivi\" \/>\n<meta property=\"og:description\" content=\"Moikom Zeqo, 23.10.2010 Po troket ora e opozit\u00ebs. N\u00eb fakt ka trokitur edhe m\u00eb par\u00eb. Tani trokitja zot\u00ebron t\u00ebr\u00eb politik\u00ebn e demonizuar shqiptare. Kjo \u00ebsht\u00eb krejt e natyrshme dhe jetike. N\u00eb shtetin totalitar ka pushtet, por nuk ka opozit\u00eb. Opozita \u00ebsht\u00eb shpikje konceptuale e demokracis\u00eb, ajo e kusht\u00ebzon, e zhvillon, e pasuron, e dlir\u00ebson dhe [&hellip;]\" \/>\n<meta property=\"og:url\" content=\"https:\/\/fjala.info\/2009-2015\/ora-e-opozites\/\" \/>\n<meta property=\"og:site_name\" content=\"FjALA e LIR\u00cb - Arkivi\" \/>\n<meta property=\"article:published_time\" content=\"2010-10-23T20:30:07+00:00\" \/>\n<meta property=\"og:image\" content=\"http:\/\/fjala.shkoder.net\/wp-content\/uploads\/2010\/10\/moikom_zeqo-150x133.jpg\" \/>\n<meta name=\"author\" content=\"admin\" \/>\n<meta name=\"twitter:card\" content=\"summary_large_image\" \/>\n<meta name=\"twitter:label1\" content=\"Written by\" \/>\n\t<meta name=\"twitter:data1\" content=\"admin\" \/>\n\t<meta name=\"twitter:label2\" content=\"Est. reading time\" \/>\n\t<meta name=\"twitter:data2\" content=\"5 minutes\" \/>\n<script type=\"application\/ld+json\" class=\"yoast-schema-graph\">{\"@context\":\"https:\\\/\\\/schema.org\",\"@graph\":[{\"@type\":\"Article\",\"@id\":\"https:\\\/\\\/fjala.info\\\/2009-2015\\\/ora-e-opozites\\\/#article\",\"isPartOf\":{\"@id\":\"https:\\\/\\\/fjala.info\\\/2009-2015\\\/ora-e-opozites\\\/\"},\"author\":{\"name\":\"admin\",\"@id\":\"https:\\\/\\\/fjala.info\\\/2009-2015\\\/#\\\/schema\\\/person\\\/3aa1163ef05469c496fc94e77611ada2\"},\"headline\":\"Ora e opozit\u00ebs\",\"datePublished\":\"2010-10-23T20:30:07+00:00\",\"mainEntityOfPage\":{\"@id\":\"https:\\\/\\\/fjala.info\\\/2009-2015\\\/ora-e-opozites\\\/\"},\"wordCount\":1046,\"commentCount\":0,\"publisher\":{\"@id\":\"https:\\\/\\\/fjala.info\\\/2009-2015\\\/#organization\"},\"image\":{\"@id\":\"https:\\\/\\\/fjala.info\\\/2009-2015\\\/ora-e-opozites\\\/#primaryimage\"},\"thumbnailUrl\":\"http:\\\/\\\/fjala.shkoder.net\\\/wp-content\\\/uploads\\\/2010\\\/10\\\/moikom_zeqo-150x133.jpg\",\"articleSection\":[\"Artikuj\"],\"inLanguage\":\"sq-AL\",\"potentialAction\":[{\"@type\":\"CommentAction\",\"name\":\"Comment\",\"target\":[\"https:\\\/\\\/fjala.info\\\/2009-2015\\\/ora-e-opozites\\\/#respond\"]}]},{\"@type\":\"WebPage\",\"@id\":\"https:\\\/\\\/fjala.info\\\/2009-2015\\\/ora-e-opozites\\\/\",\"url\":\"https:\\\/\\\/fjala.info\\\/2009-2015\\\/ora-e-opozites\\\/\",\"name\":\"Ora e opozit\u00ebs - FjALA e LIR\u00cb - Arkivi\",\"isPartOf\":{\"@id\":\"https:\\\/\\\/fjala.info\\\/2009-2015\\\/#website\"},\"primaryImageOfPage\":{\"@id\":\"https:\\\/\\\/fjala.info\\\/2009-2015\\\/ora-e-opozites\\\/#primaryimage\"},\"image\":{\"@id\":\"https:\\\/\\\/fjala.info\\\/2009-2015\\\/ora-e-opozites\\\/#primaryimage\"},\"thumbnailUrl\":\"http:\\\/\\\/fjala.shkoder.net\\\/wp-content\\\/uploads\\\/2010\\\/10\\\/moikom_zeqo-150x133.jpg\",\"datePublished\":\"2010-10-23T20:30:07+00:00\",\"breadcrumb\":{\"@id\":\"https:\\\/\\\/fjala.info\\\/2009-2015\\\/ora-e-opozites\\\/#breadcrumb\"},\"inLanguage\":\"sq-AL\",\"potentialAction\":[{\"@type\":\"ReadAction\",\"target\":[\"https:\\\/\\\/fjala.info\\\/2009-2015\\\/ora-e-opozites\\\/\"]}]},{\"@type\":\"ImageObject\",\"inLanguage\":\"sq-AL\",\"@id\":\"https:\\\/\\\/fjala.info\\\/2009-2015\\\/ora-e-opozites\\\/#primaryimage\",\"url\":\"http:\\\/\\\/fjala.shkoder.net\\\/wp-content\\\/uploads\\\/2010\\\/10\\\/moikom_zeqo-150x133.jpg\",\"contentUrl\":\"http:\\\/\\\/fjala.shkoder.net\\\/wp-content\\\/uploads\\\/2010\\\/10\\\/moikom_zeqo-150x133.jpg\"},{\"@type\":\"BreadcrumbList\",\"@id\":\"https:\\\/\\\/fjala.info\\\/2009-2015\\\/ora-e-opozites\\\/#breadcrumb\",\"itemListElement\":[{\"@type\":\"ListItem\",\"position\":1,\"name\":\"Home\",\"item\":\"https:\\\/\\\/fjala.info\\\/2009-2015\\\/\"},{\"@type\":\"ListItem\",\"position\":2,\"name\":\"Ora e opozit\u00ebs\"}]},{\"@type\":\"WebSite\",\"@id\":\"https:\\\/\\\/fjala.info\\\/2009-2015\\\/#website\",\"url\":\"https:\\\/\\\/fjala.info\\\/2009-2015\\\/\",\"name\":\"FjALA e LIR\u00cb - Arkivi\",\"description\":\"Arkivi 2009-2015\",\"publisher\":{\"@id\":\"https:\\\/\\\/fjala.info\\\/2009-2015\\\/#organization\"},\"potentialAction\":[{\"@type\":\"SearchAction\",\"target\":{\"@type\":\"EntryPoint\",\"urlTemplate\":\"https:\\\/\\\/fjala.info\\\/2009-2015\\\/?s={search_term_string}\"},\"query-input\":{\"@type\":\"PropertyValueSpecification\",\"valueRequired\":true,\"valueName\":\"search_term_string\"}}],\"inLanguage\":\"sq-AL\"},{\"@type\":\"Organization\",\"@id\":\"https:\\\/\\\/fjala.info\\\/2009-2015\\\/#organization\",\"name\":\"FjALA e LIR\u00cb - Arkivi\",\"url\":\"https:\\\/\\\/fjala.info\\\/2009-2015\\\/\",\"logo\":{\"@type\":\"ImageObject\",\"inLanguage\":\"sq-AL\",\"@id\":\"https:\\\/\\\/fjala.info\\\/2009-2015\\\/#\\\/schema\\\/logo\\\/image\\\/\",\"url\":\"\",\"contentUrl\":\"\",\"caption\":\"FjALA e LIR\u00cb - Arkivi\"},\"image\":{\"@id\":\"https:\\\/\\\/fjala.info\\\/2009-2015\\\/#\\\/schema\\\/logo\\\/image\\\/\"}},{\"@type\":\"Person\",\"@id\":\"https:\\\/\\\/fjala.info\\\/2009-2015\\\/#\\\/schema\\\/person\\\/3aa1163ef05469c496fc94e77611ada2\",\"name\":\"admin\",\"image\":{\"@type\":\"ImageObject\",\"inLanguage\":\"sq-AL\",\"@id\":\"https:\\\/\\\/fjala.info\\\/2009-2015\\\/wp-content\\\/uploads\\\/2012\\\/02\\\/arben_cokaj-120x150.jpg\",\"url\":\"https:\\\/\\\/fjala.info\\\/2009-2015\\\/wp-content\\\/uploads\\\/2012\\\/02\\\/arben_cokaj-120x150.jpg\",\"contentUrl\":\"https:\\\/\\\/fjala.info\\\/2009-2015\\\/wp-content\\\/uploads\\\/2012\\\/02\\\/arben_cokaj-120x150.jpg\",\"caption\":\"admin\"},\"description\":\"Admin, Fjala e Lir\u00eb\",\"sameAs\":[\"https:\\\/\\\/fjala.info\\\/\"],\"url\":\"https:\\\/\\\/fjala.info\\\/2009-2015\\\/author\\\/admin\\\/\"}]}<\/script>\n<!-- \/ Yoast SEO plugin. -->","yoast_head_json":{"title":"Ora e opozit\u00ebs - FjALA e LIR\u00cb - Arkivi","robots":{"index":"index","follow":"follow","max-snippet":"max-snippet:-1","max-image-preview":"max-image-preview:large","max-video-preview":"max-video-preview:-1"},"canonical":"https:\/\/fjala.info\/2009-2015\/ora-e-opozites\/","og_locale":"sq_AL","og_type":"article","og_title":"Ora e opozit\u00ebs - FjALA e LIR\u00cb - Arkivi","og_description":"Moikom Zeqo, 23.10.2010 Po troket ora e opozit\u00ebs. N\u00eb fakt ka trokitur edhe m\u00eb par\u00eb. Tani trokitja zot\u00ebron t\u00ebr\u00eb politik\u00ebn e demonizuar shqiptare. Kjo \u00ebsht\u00eb krejt e natyrshme dhe jetike. N\u00eb shtetin totalitar ka pushtet, por nuk ka opozit\u00eb. Opozita \u00ebsht\u00eb shpikje konceptuale e demokracis\u00eb, ajo e kusht\u00ebzon, e zhvillon, e pasuron, e dlir\u00ebson dhe [&hellip;]","og_url":"https:\/\/fjala.info\/2009-2015\/ora-e-opozites\/","og_site_name":"FjALA e LIR\u00cb - Arkivi","article_published_time":"2010-10-23T20:30:07+00:00","og_image":[{"url":"http:\/\/fjala.shkoder.net\/wp-content\/uploads\/2010\/10\/moikom_zeqo-150x133.jpg","type":"","width":"","height":""}],"author":"admin","twitter_card":"summary_large_image","twitter_misc":{"Written by":"admin","Est. reading time":"5 minutes"},"schema":{"@context":"https:\/\/schema.org","@graph":[{"@type":"Article","@id":"https:\/\/fjala.info\/2009-2015\/ora-e-opozites\/#article","isPartOf":{"@id":"https:\/\/fjala.info\/2009-2015\/ora-e-opozites\/"},"author":{"name":"admin","@id":"https:\/\/fjala.info\/2009-2015\/#\/schema\/person\/3aa1163ef05469c496fc94e77611ada2"},"headline":"Ora e opozit\u00ebs","datePublished":"2010-10-23T20:30:07+00:00","mainEntityOfPage":{"@id":"https:\/\/fjala.info\/2009-2015\/ora-e-opozites\/"},"wordCount":1046,"commentCount":0,"publisher":{"@id":"https:\/\/fjala.info\/2009-2015\/#organization"},"image":{"@id":"https:\/\/fjala.info\/2009-2015\/ora-e-opozites\/#primaryimage"},"thumbnailUrl":"http:\/\/fjala.shkoder.net\/wp-content\/uploads\/2010\/10\/moikom_zeqo-150x133.jpg","articleSection":["Artikuj"],"inLanguage":"sq-AL","potentialAction":[{"@type":"CommentAction","name":"Comment","target":["https:\/\/fjala.info\/2009-2015\/ora-e-opozites\/#respond"]}]},{"@type":"WebPage","@id":"https:\/\/fjala.info\/2009-2015\/ora-e-opozites\/","url":"https:\/\/fjala.info\/2009-2015\/ora-e-opozites\/","name":"Ora e opozit\u00ebs - FjALA e LIR\u00cb - Arkivi","isPartOf":{"@id":"https:\/\/fjala.info\/2009-2015\/#website"},"primaryImageOfPage":{"@id":"https:\/\/fjala.info\/2009-2015\/ora-e-opozites\/#primaryimage"},"image":{"@id":"https:\/\/fjala.info\/2009-2015\/ora-e-opozites\/#primaryimage"},"thumbnailUrl":"http:\/\/fjala.shkoder.net\/wp-content\/uploads\/2010\/10\/moikom_zeqo-150x133.jpg","datePublished":"2010-10-23T20:30:07+00:00","breadcrumb":{"@id":"https:\/\/fjala.info\/2009-2015\/ora-e-opozites\/#breadcrumb"},"inLanguage":"sq-AL","potentialAction":[{"@type":"ReadAction","target":["https:\/\/fjala.info\/2009-2015\/ora-e-opozites\/"]}]},{"@type":"ImageObject","inLanguage":"sq-AL","@id":"https:\/\/fjala.info\/2009-2015\/ora-e-opozites\/#primaryimage","url":"http:\/\/fjala.shkoder.net\/wp-content\/uploads\/2010\/10\/moikom_zeqo-150x133.jpg","contentUrl":"http:\/\/fjala.shkoder.net\/wp-content\/uploads\/2010\/10\/moikom_zeqo-150x133.jpg"},{"@type":"BreadcrumbList","@id":"https:\/\/fjala.info\/2009-2015\/ora-e-opozites\/#breadcrumb","itemListElement":[{"@type":"ListItem","position":1,"name":"Home","item":"https:\/\/fjala.info\/2009-2015\/"},{"@type":"ListItem","position":2,"name":"Ora e opozit\u00ebs"}]},{"@type":"WebSite","@id":"https:\/\/fjala.info\/2009-2015\/#website","url":"https:\/\/fjala.info\/2009-2015\/","name":"FjALA e LIR\u00cb - Arkivi","description":"Arkivi 2009-2015","publisher":{"@id":"https:\/\/fjala.info\/2009-2015\/#organization"},"potentialAction":[{"@type":"SearchAction","target":{"@type":"EntryPoint","urlTemplate":"https:\/\/fjala.info\/2009-2015\/?s={search_term_string}"},"query-input":{"@type":"PropertyValueSpecification","valueRequired":true,"valueName":"search_term_string"}}],"inLanguage":"sq-AL"},{"@type":"Organization","@id":"https:\/\/fjala.info\/2009-2015\/#organization","name":"FjALA e LIR\u00cb - Arkivi","url":"https:\/\/fjala.info\/2009-2015\/","logo":{"@type":"ImageObject","inLanguage":"sq-AL","@id":"https:\/\/fjala.info\/2009-2015\/#\/schema\/logo\/image\/","url":"","contentUrl":"","caption":"FjALA e LIR\u00cb - Arkivi"},"image":{"@id":"https:\/\/fjala.info\/2009-2015\/#\/schema\/logo\/image\/"}},{"@type":"Person","@id":"https:\/\/fjala.info\/2009-2015\/#\/schema\/person\/3aa1163ef05469c496fc94e77611ada2","name":"admin","image":{"@type":"ImageObject","inLanguage":"sq-AL","@id":"https:\/\/fjala.info\/2009-2015\/wp-content\/uploads\/2012\/02\/arben_cokaj-120x150.jpg","url":"https:\/\/fjala.info\/2009-2015\/wp-content\/uploads\/2012\/02\/arben_cokaj-120x150.jpg","contentUrl":"https:\/\/fjala.info\/2009-2015\/wp-content\/uploads\/2012\/02\/arben_cokaj-120x150.jpg","caption":"admin"},"description":"Admin, Fjala e Lir\u00eb","sameAs":["https:\/\/fjala.info\/"],"url":"https:\/\/fjala.info\/2009-2015\/author\/admin\/"}]}},"_links":{"self":[{"href":"https:\/\/fjala.info\/2009-2015\/wp-json\/wp\/v2\/posts\/4438","targetHints":{"allow":["GET"]}}],"collection":[{"href":"https:\/\/fjala.info\/2009-2015\/wp-json\/wp\/v2\/posts"}],"about":[{"href":"https:\/\/fjala.info\/2009-2015\/wp-json\/wp\/v2\/types\/post"}],"author":[{"embeddable":true,"href":"https:\/\/fjala.info\/2009-2015\/wp-json\/wp\/v2\/users\/1"}],"replies":[{"embeddable":true,"href":"https:\/\/fjala.info\/2009-2015\/wp-json\/wp\/v2\/comments?post=4438"}],"version-history":[{"count":0,"href":"https:\/\/fjala.info\/2009-2015\/wp-json\/wp\/v2\/posts\/4438\/revisions"}],"wp:attachment":[{"href":"https:\/\/fjala.info\/2009-2015\/wp-json\/wp\/v2\/media?parent=4438"}],"wp:term":[{"taxonomy":"category","embeddable":true,"href":"https:\/\/fjala.info\/2009-2015\/wp-json\/wp\/v2\/categories?post=4438"},{"taxonomy":"post_tag","embeddable":true,"href":"https:\/\/fjala.info\/2009-2015\/wp-json\/wp\/v2\/tags?post=4438"}],"curies":[{"name":"wp","href":"https:\/\/api.w.org\/{rel}","templated":true}]}}