{"id":4435,"date":"2010-10-23T20:41:42","date_gmt":"2010-10-23T19:41:42","guid":{"rendered":"http:\/\/fjala.shkoder.net\/?p=4435"},"modified":"2010-10-23T20:41:42","modified_gmt":"2010-10-23T19:41:42","slug":"partia-e-spiuneve-apo-spiunet-e-partise","status":"publish","type":"post","link":"https:\/\/fjala.info\/2009-2015\/partia-e-spiuneve-apo-spiunet-e-partise\/","title":{"rendered":"PARTIA E SPIUN\u00cbVE APO SPIUN\u00cbT E PARTIS\u00cb"},"content":{"rendered":"<p><img loading=\"lazy\" decoding=\"async\" src=\"http:\/\/fjala.shkoder.net\/wp-content\/uploads\/2010\/10\/kim_mehmeti.jpg\" alt=\"\" title=\"Kim Mehmeti\" width=\"180\" height=\"226\" class=\"alignright size-full wp-image-4274\" \/><br \/>\nKim Mehmeti <\/p>\n<p>Individi nuk di thuajse asgj\u00eb nga ajo q\u00eb i ka ndodhur gjat\u00eb periudh\u00ebs s\u00eb hershme t\u00eb f\u00ebmij\u00ebris\u00eb s\u00eb tij, andaj kjo pjes\u00eb e biografis\u00eb personale shkruhet nga t\u00eb dh\u00ebnat q\u00eb i japin dadot, t\u00eb cilat kurr\u00eb nuk tregojn\u00eb p\u00ebr keqtrajtimin e tyre ndaj foshnj\u00ebs, por manipulojn\u00eb me ngjarjet dhe tregojn\u00eb vet\u00ebm at\u00eb q\u00eb f\u00ebmij\u00ebn e dikursh\u00ebm do e portretojn\u00eb o si t\u00eb pagdhendur e torollak, o ashtu q\u00eb ai t\u2019i p\u00ebrshtatet t\u00eb rriturit t\u00eb sot\u00ebm. <\/p>\n<p>Di\u00e7ka e ngjashme ndodh edhe me popujt q\u00eb kan\u00eb qen\u00eb t\u00eb sunduar nga t\u00eb tjer\u00ebt, q\u00eb nuk kan\u00eb pasur kurr\u00eb mund\u00ebsin\u00eb vet\u00eb ta shkruajn\u00eb \u201cbiografin\u00eb\u201d e tyre, q\u00eb nuk kan\u00eb mundur t\u00eb shohin manipulimet q\u00eb ua b\u00ebjn\u00eb \u201cdadot\u201d politike e policore t\u00eb sunduesit, p\u00ebr t\u2019i mbajtur sa m\u00eb gjat\u00eb n\u00ebn kthetrat e veta dhe p\u00ebr t\u2019i larguar nga shtegu q\u00eb i \u00e7on drejt liris\u00eb. Mbase kjo vlen edhe p\u00ebr shqiptar\u00ebt e ish-Jugosllavis\u00eb, e kaluara e t\u00eb cil\u00ebve do mbetet ndoshta edhe p\u00ebrgjithmon\u00eb n\u00eb dosjet q\u00eb ruhen n\u00ebp\u00ebr qendrat policore t\u00eb Beogradit. <\/p>\n<p>Me \u00e7ka, Beogradi do mund gjithmon\u00eb t\u00eb manipuloj\u00eb me biografit\u00eb e individ\u00ebve dhe sa her\u00eb q\u00eb t\u00eb ket\u00eb nevoj\u00eb, do mund t\u00eb shpalos\u00eb t\u00eb dh\u00ebna t\u00eb sakta apo t\u00eb trilluara, p\u00ebr t\u00eb shkaktuar hutes\u00eb e p\u00ebr t\u00eb diskualifikuar njer\u00ebz. K\u00ebt\u00eb t\u00eb v\u00ebrtet\u00eb mbase m\u00eb s\u00eb miri, dhe t\u00eb par\u00ebt, do e kuptojn\u00eb shqiptar\u00ebt e Maqedonis\u00eb, t\u00eb cil\u00ebt vazhdojn\u00eb v\u00ebmendsh\u00ebm ta ndjekin \u201ctv-novel\u00ebn\u201d politike me titull \u201cPDSH-ja i zbulon spiun\u00ebt e BDI-s\u00eb\u201d, \u201ctv-novel\u00eb\u201d e cila b\u00ebhet gjithnj\u00eb e m\u00eb interesante dhe sjell d\u00ebshmi t\u00eb bollshme se Beogradi \u00ebsht\u00eb qendra q\u00eb ruan t\u00eb kaluar\u00ebn kolektive dhe individuale t\u00eb shqiptar\u00ebve t\u00eb k\u00ebtush\u00ebm. <\/p>\n<p>N\u00eb \u201cepisodet\u201d e fundit t\u00eb saj \u00ebsht\u00eb shtuar numri i aktor\u00ebve dhe jan\u00eb p\u00ebrfshir\u00eb edhe lajm\u00ebs t\u00eb paduksh\u00ebm, q\u00eb bredhin nat\u00ebn n\u00ebp\u00ebr Tetov\u00eb, duke hedhur n\u00ebp\u00ebr oborret e qytetar\u00ebve t\u00eb k\u00ebtush\u00ebm dosje t\u00eb t\u00ebra t\u00eb ish-bashk\u00ebpun\u00ebtor\u00ebve t\u00eb policis\u00eb sekrete jugosllave, e tani funksionar\u00eb t\u00eb lart\u00eb t\u00eb BDI-s\u00eb. Dhe posa zbardh dita, ato dosje shum\u00ebzohen dhe u shp\u00ebrndahen t\u00eb gjith\u00eb t\u00eb interesuarve, p\u00ebrfshi gazetar\u00eb e kryesues partish. <\/p>\n<p>K\u00ebshtu q\u00eb, sa m\u00eb i madh b\u00ebhet numri i funksionar\u00ebve t\u00eb BDI-s\u00eb t\u00eb dyshuar si bashk\u00ebpun\u00ebtor\u00eb t\u00eb sh\u00ebrbimeve sekrete policore, aq m\u00eb shum\u00eb rriten hamend\u00ebsimet e shqiptar\u00ebve t\u00eb k\u00ebtush\u00ebm se kujt i duhet besuar: tmerrit q\u00eb shkruan n\u00ebp\u00ebr dosje, apo t\u00eb dyshuarve si ish-spiun\u00eb, e q\u00eb pohojn\u00eb se ato dosje i ka fabrikuar PDSH-ja, e cila sipas tyre b\u00ebn pun\u00ebn p\u00ebr \u00e7ka edhe \u00ebsht\u00eb themeluar \u2013 i p\u00ebr\u00e7an\u00eb shqiptar\u00ebt e k\u00ebtush\u00ebm dhe atyre ua njollos njer\u00ebzit e vlefsh\u00ebm q\u00eb kan\u00eb. Dhe duke u marr\u00eb me at\u00eb se kush ka t\u00eb drejt\u00eb, shqiptar\u00ebt e k\u00ebtush\u00ebm nuk ia dalin t\u00eb shohin se k\u00ebt\u00eb t\u00eb keqe q\u00eb u mbiu n\u00eb ar\u00ebn e tyre politike, duhet ta p\u00ebrdorin q\u00eb nj\u00ebher\u00eb e p\u00ebrgjithmon\u00eb t\u00eb shpalosin t\u00eb v\u00ebrtet\u00ebn se vall\u00eb jan\u00eb n\u00eb duart e partis\u00eb s\u00eb spiun\u00ebve, apo n\u00eb ato t\u00eb spiun\u00ebve t\u00eb partis\u00eb. <\/p>\n<p>Pra, duke u marr\u00eb me at\u00eb se kujt i duhet besuar, shqiptar\u00ebt e k\u00ebtush\u00ebm mbase ende nuk e shohin se k\u00ebt\u00eb betej\u00eb, q\u00eb tani e kan\u00eb fituar qarqet antishqiptar\u00eb q\u00eb kan\u00eb vet\u00ebm nj\u00eb q\u00ebllim: ta \u00e7ojn\u00eb k\u00ebt\u00eb popull t\u00eb jet\u00eb mosbesues ndaj \u00e7do personi publik, ta nxisin dyshimin te t\u00eb gjith\u00eb ndaj t\u00eb gjith\u00ebve, t\u00eb mos i l\u00ebn\u00eb mund\u00ebsi k\u00ebtij populli t\u00eb dal\u00eb nga kthetrat e bindjes se, qenke apo jo spiun, fatin t\u00ebnd e kan\u00eb n\u00eb duar spiun\u00ebt policor\u00eb shqiptar\u00eb. E me \u00e7ka, m\u00eb n\u00eb fund, do b\u00ebhet m\u00eb e besueshme th\u00ebnia posht\u00ebruese se nuk ka shqiptar q\u00eb nuk do kishte pranuar t\u00eb spiunonte, por ka sh\u00ebrbime policore q\u00eb nuk paguajn\u00eb aq sa k\u00ebrkojn\u00eb spiun\u00ebt shqiptar\u00eb.<\/p>\n<p>Duke u nisur nga e v\u00ebrteta se kjo luft\u00eb nd\u00ebrpartiake ka vet\u00ebm dy dometh\u00ebnie o PDSH-ja \u00ebsht\u00eb parti q\u00eb fabrikon apo ka qasje n\u00eb dosjet policore, e q\u00eb do t\u00eb thot\u00eb se ka q\u00ebllime destruktive dhe \u00ebsht\u00eb themeluar p\u00ebr shkaqe q\u00eb i thon\u00eb t\u00eb akuzuarit e BDI-s\u00eb, o partia e Ali Ahmetit \u00ebsht\u00eb kapur n\u00eb kthetrat e spiun\u00ebve policor\u00eb &#8211; q\u00eb tani mund t\u00eb thuhet se kjo betej\u00eb ka shpalosur t\u00eb v\u00ebrtet\u00ebn q\u00eb disa e p\u00ebrs\u00ebrisin vite me radh\u00eb: edhe sot, nj\u00ebsoj si deri dje, qarqet policore vendase, apo t\u00eb Beogradit, jan\u00eb ato q\u00eb k\u00ebtij populli ia caktojn\u00eb heronjt\u00eb dhe spiun\u00ebt. Pra, cilido q\u00eb t\u00eb jet\u00eb rezultati i k\u00ebsaj beteje, fundi i saj do tregoj\u00eb pse partit\u00eb e shqiptar\u00ebve t\u00eb k\u00ebtush\u00ebm jan\u00eb aq inferior\u00eb ndaj partner\u00ebve t\u00eb tyre maqedonas, si dhe pse shqiptar\u00ebt e Maqedonis\u00eb nuk ia dol\u00ebn t\u00eb shp\u00ebtojn\u00eb nga kthetrat e kontrollit policor, e q\u00eb t\u00eb munden t\u00eb sundojn\u00eb me shtetin dhe vetveten. <\/p>\n<p>Gj\u00eb q\u00eb duhet shqiptar\u00ebt e k\u00ebtush\u00ebm t\u2019i \u00e7oj\u00eb t\u00eb k\u00ebrkojn\u00eb nga udh\u00ebheq\u00ebsit e k\u00ebtyre dy partive t\u00eb shkojn\u00eb deri n\u00eb fund n\u00eb zbardhjen e s\u00eb v\u00ebrtet\u00ebs se kush g\u00ebnjen. Dhe pasi t\u2019u thon\u00eb kryesuesve t\u00eb k\u00ebtyre dy partive se ata nuk do ken\u00eb arsye t\u2019i besojn\u00eb as PDSH-s\u00eb e as BDI-s\u00eb, n\u00ebse ato nuk ia dalin t\u00eb d\u00ebshmojn\u00eb past\u00ebrtin\u00eb e tyre, shqiptar\u00ebt e k\u00ebtush\u00ebm do duhet ta b\u00ebjn\u00eb hapin e m\u00ebtejm\u00eb drejt pastrimit t\u00eb tyre nga plehu policor: t\u00eb ngren\u00eb z\u00ebrin e t\u00eb tregojn\u00eb se nuk ndjehen t\u00eb sigurt n\u00eb shtetin ku jetojn\u00eb, t\u00eb thon\u00eb p\u00ebrpara gjith\u00eb bot\u00ebs se ky shtet, duke u kurdisur atyre parti spiun\u00ebsh apo spiun\u00eb n\u00ebp\u00ebr parti, d\u00ebshmon se ata i konsideron si qytetar\u00eb t\u00eb huaj, q\u00eb duhet mbajtur n\u00ebn v\u00ebzhgim t\u00eb p\u00ebrhersh\u00ebm policor, se ky shtet atyre nuk u lejon t\u00eb shijojn\u00eb t\u00eb drejt\u00ebn m\u00eb elementare t\u00eb qytetar\u00ebve t\u00eb lir\u00eb, q\u00eb pa nd\u00ebrhyrjen policore t\u2019i zgjedhin p\u00ebrfaq\u00ebsuesit e vet. Si dhe t\u00eb pohojn\u00eb hapur se nuk jan\u00eb t\u00eb gatsh\u00ebm t\u00eb investojn\u00eb p\u00ebr t\u00eb mir\u00ebn e nj\u00eb shteti t\u00eb till\u00eb, q\u00eb me metoda policore shkel mbi dinjitetin e tyre.<\/p>\n<p>Pra, sido q\u00eb t\u00eb zhvillohet m\u00eb tej kjo betej\u00eb nd\u00ebrpartiake, ngjarjet e deritanishme duhen shikuar nga k\u00ebndi se PDSH-s\u00eb i kan\u00eb mbetur dy zgjidhje: o t\u00eb d\u00ebshmoj\u00eb v\u00ebrtet\u00ebsin\u00eb e dosjeve, o i t\u00ebr\u00eb populli p\u00ebrfundimisht ta kuptoj\u00eb se ajo i fabrikon ato, apo se \u00ebsht\u00eb vet\u00ebm nj\u00eb dikaster policor q\u00eb ka p\u00ebr detyr\u00eb sa m\u00eb shum\u00eb t\u2019i d\u00ebmtoj\u00eb interesat e shqiptar\u00ebve t\u00eb Maqedonis\u00eb dhe jasht\u00eb saj. <\/p>\n<p>Dhe mbase nuk do mjaftoj\u00eb vet\u00ebm kaq: n\u00ebse d\u00ebshmohet se dosjet jan\u00eb t\u00eb v\u00ebrteta, PDSH-ja do duhet t\u00eb shkoj\u00eb m\u00eb tej e t\u00eb tregoj\u00eb si \u00ebsht\u00eb e mundur q\u00eb fantazmat e nat\u00ebs ato t\u2019i hedhin vet\u00ebm n\u00ebp\u00ebr oborret e t\u00eb besueshm\u00ebve t\u00eb k\u00ebsaj partie, apo n\u00eb at\u00eb t\u00eb kryetarit aktual t\u00eb PDSH-s\u00eb, si\u00e7 ndodhi para ca viteve, kur dosjen e tij policore dikush e la n\u00eb oborrin e sht\u00ebpis\u00eb s\u00eb tij, me \u00e7ka u pa se ai nuk ishte vet\u00ebm \u201cvojvod\u00eb\u201d i certifikuar nga vet\u00eb VMRO-DPMNE-ja, por edhe viktim\u00eb e sh\u00ebrbimeve sekrete policore. <\/p>\n<p>Gjithashtu, sa i p\u00ebrket k\u00ebsaj lufte nd\u00ebrpartiake, BDI-ja nuk mund t\u00eb t\u00ebrhiqet ashtu si\u00e7 paralajm\u00ebrojn\u00eb p\u00ebrfaq\u00ebsuesit e saj, duke th\u00ebn\u00eb se nuk kan\u00eb koh\u00eb t\u00eb merren me trillimet e PDSH-s\u00eb, por do duhet t\u00eb d\u00ebshmojn\u00eb at\u00eb q\u00eb pohojn\u00eb funksionar\u00ebt e lart\u00eb t\u00eb k\u00ebsaj partie t\u00eb akuzuar si spiun\u00eb t\u00eb policis\u00eb sekret \u2013 se jan\u00eb viktim\u00eb e insinuatave policore. N\u00ebse ndodh q\u00eb partia e Ali Ahmetit &#8211; e z\u00ebn\u00eb me pun\u00eb shtet\u00ebrore dhe e angazhuar rreth an\u00ebtar\u00ebsimit t\u00eb Maqedonis\u00eb n\u00eb NATO dhe BE \u2013 t\u00eb mos ket\u00eb koh\u00eb t\u00eb mjaftueshme p\u00ebr t\u00eb d\u00ebshmuar pav\u00ebrtet\u00ebsin\u00eb e akuzave t\u00eb PDSH-s\u00eb, at\u00ebher\u00eb shqiptar\u00ebt e k\u00ebtush\u00ebm do duhet t\u00eb ndajn\u00eb pak koh\u00eb e t\u00eb pyesin veten: Mos vall\u00eb BDI-ja \u00ebsht\u00eb e kapur keq nga organet policore, andaj p\u00ebrfaq\u00ebsuesit e saj n\u00eb qeveri ngjajn\u00eb si me qen\u00eb t\u00eb tredhur. <\/p>\n<p>Pra, pa u dh\u00ebn\u00eb p\u00ebrgjigje k\u00ebtyre pyetjeve, PDSH-ja dhe BDI-ja nuk do mund t\u00eb shpresojn\u00eb se ky popull edhe m\u00eb tej do u besoj\u00eb dhe mbase kjo betej\u00eb e nd\u00ebrsjell\u00eb do sh\u00ebnoj\u00eb edhe shuarjen e ngadalt\u00eb t\u00eb tyre. Kuptohet, p\u00ebrpos n\u00ebse Beogradi nuk u ka premtuar se s\u00eb shpejti do filloj\u00eb shp\u00ebrndarjen e dosjeve p\u00ebr vuajtjet e \u201catdhetar\u00ebve\u201d tan\u00eb t\u00eb devotsh\u00ebm. Me \u00e7ka do ndodh\u00eb ajo q\u00eb ka ndodhur dekada me radh\u00eb n\u00eb t\u00eb kaluar\u00ebn e shqiptar\u00ebve t\u00eb k\u00ebtush\u00ebm: q\u00eb qarqet policore sekret t\u2019ua kompletojn\u00eb listat e \u201cpatriot\u00ebve\u201d dhe \u201ctradhtar\u00ebve\u201d.<\/p>\n","protected":false},"excerpt":{"rendered":"<p>Kim Mehmeti Individi nuk di thuajse asgj\u00eb nga ajo q\u00eb i ka ndodhur gjat\u00eb periudh\u00ebs s\u00eb hershme t\u00eb f\u00ebmij\u00ebris\u00eb s\u00eb tij, andaj kjo pjes\u00eb e biografis\u00eb personale shkruhet nga t\u00eb dh\u00ebnat q\u00eb i japin dadot, t\u00eb cilat kurr\u00eb nuk tregojn\u00eb p\u00ebr keqtrajtimin e tyre ndaj foshnj\u00ebs, por manipulojn\u00eb me ngjarjet dhe tregojn\u00eb vet\u00ebm at\u00eb q\u00eb [&hellip;]<\/p>\n","protected":false},"author":1,"featured_media":0,"comment_status":"open","ping_status":"closed","sticky":false,"template":"","format":"standard","meta":{"footnotes":""},"categories":[2],"tags":[],"class_list":{"0":"post-4435","1":"post","2":"type-post","3":"status-publish","4":"format-standard","6":"category-artikuj"},"yoast_head":"<!-- This site is optimized with the Yoast SEO plugin v27.4 - https:\/\/yoast.com\/product\/yoast-seo-wordpress\/ -->\n<title>PARTIA E SPIUN\u00cbVE APO SPIUN\u00cbT E PARTIS\u00cb - FjALA e LIR\u00cb - Arkivi<\/title>\n<meta name=\"robots\" content=\"index, follow, max-snippet:-1, max-image-preview:large, max-video-preview:-1\" \/>\n<link rel=\"canonical\" href=\"https:\/\/fjala.info\/2009-2015\/partia-e-spiuneve-apo-spiunet-e-partise\/\" \/>\n<meta property=\"og:locale\" content=\"sq_AL\" \/>\n<meta property=\"og:type\" content=\"article\" \/>\n<meta property=\"og:title\" content=\"PARTIA E SPIUN\u00cbVE APO SPIUN\u00cbT E PARTIS\u00cb - FjALA e LIR\u00cb - Arkivi\" \/>\n<meta property=\"og:description\" content=\"Kim Mehmeti Individi nuk di thuajse asgj\u00eb nga ajo q\u00eb i ka ndodhur gjat\u00eb periudh\u00ebs s\u00eb hershme t\u00eb f\u00ebmij\u00ebris\u00eb s\u00eb tij, andaj kjo pjes\u00eb e biografis\u00eb personale shkruhet nga t\u00eb dh\u00ebnat q\u00eb i japin dadot, t\u00eb cilat kurr\u00eb nuk tregojn\u00eb p\u00ebr keqtrajtimin e tyre ndaj foshnj\u00ebs, por manipulojn\u00eb me ngjarjet dhe tregojn\u00eb vet\u00ebm at\u00eb q\u00eb [&hellip;]\" \/>\n<meta property=\"og:url\" content=\"https:\/\/fjala.info\/2009-2015\/partia-e-spiuneve-apo-spiunet-e-partise\/\" \/>\n<meta property=\"og:site_name\" content=\"FjALA e LIR\u00cb - Arkivi\" \/>\n<meta property=\"article:published_time\" content=\"2010-10-23T19:41:42+00:00\" \/>\n<meta property=\"og:image\" content=\"http:\/\/fjala.shkoder.net\/wp-content\/uploads\/2010\/10\/kim_mehmeti.jpg\" \/>\n<meta name=\"author\" content=\"admin\" \/>\n<meta name=\"twitter:card\" content=\"summary_large_image\" \/>\n<meta name=\"twitter:label1\" content=\"Written by\" \/>\n\t<meta name=\"twitter:data1\" content=\"admin\" \/>\n\t<meta name=\"twitter:label2\" content=\"Est. reading time\" \/>\n\t<meta name=\"twitter:data2\" content=\"8 minutes\" \/>\n<script type=\"application\/ld+json\" class=\"yoast-schema-graph\">{\"@context\":\"https:\\\/\\\/schema.org\",\"@graph\":[{\"@type\":\"Article\",\"@id\":\"https:\\\/\\\/fjala.info\\\/2009-2015\\\/partia-e-spiuneve-apo-spiunet-e-partise\\\/#article\",\"isPartOf\":{\"@id\":\"https:\\\/\\\/fjala.info\\\/2009-2015\\\/partia-e-spiuneve-apo-spiunet-e-partise\\\/\"},\"author\":{\"name\":\"admin\",\"@id\":\"https:\\\/\\\/fjala.info\\\/2009-2015\\\/#\\\/schema\\\/person\\\/3aa1163ef05469c496fc94e77611ada2\"},\"headline\":\"PARTIA E SPIUN\u00cbVE APO SPIUN\u00cbT E PARTIS\u00cb\",\"datePublished\":\"2010-10-23T19:41:42+00:00\",\"mainEntityOfPage\":{\"@id\":\"https:\\\/\\\/fjala.info\\\/2009-2015\\\/partia-e-spiuneve-apo-spiunet-e-partise\\\/\"},\"wordCount\":1568,\"commentCount\":0,\"publisher\":{\"@id\":\"https:\\\/\\\/fjala.info\\\/2009-2015\\\/#organization\"},\"image\":{\"@id\":\"https:\\\/\\\/fjala.info\\\/2009-2015\\\/partia-e-spiuneve-apo-spiunet-e-partise\\\/#primaryimage\"},\"thumbnailUrl\":\"http:\\\/\\\/fjala.shkoder.net\\\/wp-content\\\/uploads\\\/2010\\\/10\\\/kim_mehmeti.jpg\",\"articleSection\":[\"Artikuj\"],\"inLanguage\":\"sq-AL\",\"potentialAction\":[{\"@type\":\"CommentAction\",\"name\":\"Comment\",\"target\":[\"https:\\\/\\\/fjala.info\\\/2009-2015\\\/partia-e-spiuneve-apo-spiunet-e-partise\\\/#respond\"]}]},{\"@type\":\"WebPage\",\"@id\":\"https:\\\/\\\/fjala.info\\\/2009-2015\\\/partia-e-spiuneve-apo-spiunet-e-partise\\\/\",\"url\":\"https:\\\/\\\/fjala.info\\\/2009-2015\\\/partia-e-spiuneve-apo-spiunet-e-partise\\\/\",\"name\":\"PARTIA E SPIUN\u00cbVE APO SPIUN\u00cbT E PARTIS\u00cb - FjALA e LIR\u00cb - Arkivi\",\"isPartOf\":{\"@id\":\"https:\\\/\\\/fjala.info\\\/2009-2015\\\/#website\"},\"primaryImageOfPage\":{\"@id\":\"https:\\\/\\\/fjala.info\\\/2009-2015\\\/partia-e-spiuneve-apo-spiunet-e-partise\\\/#primaryimage\"},\"image\":{\"@id\":\"https:\\\/\\\/fjala.info\\\/2009-2015\\\/partia-e-spiuneve-apo-spiunet-e-partise\\\/#primaryimage\"},\"thumbnailUrl\":\"http:\\\/\\\/fjala.shkoder.net\\\/wp-content\\\/uploads\\\/2010\\\/10\\\/kim_mehmeti.jpg\",\"datePublished\":\"2010-10-23T19:41:42+00:00\",\"breadcrumb\":{\"@id\":\"https:\\\/\\\/fjala.info\\\/2009-2015\\\/partia-e-spiuneve-apo-spiunet-e-partise\\\/#breadcrumb\"},\"inLanguage\":\"sq-AL\",\"potentialAction\":[{\"@type\":\"ReadAction\",\"target\":[\"https:\\\/\\\/fjala.info\\\/2009-2015\\\/partia-e-spiuneve-apo-spiunet-e-partise\\\/\"]}]},{\"@type\":\"ImageObject\",\"inLanguage\":\"sq-AL\",\"@id\":\"https:\\\/\\\/fjala.info\\\/2009-2015\\\/partia-e-spiuneve-apo-spiunet-e-partise\\\/#primaryimage\",\"url\":\"http:\\\/\\\/fjala.shkoder.net\\\/wp-content\\\/uploads\\\/2010\\\/10\\\/kim_mehmeti.jpg\",\"contentUrl\":\"http:\\\/\\\/fjala.shkoder.net\\\/wp-content\\\/uploads\\\/2010\\\/10\\\/kim_mehmeti.jpg\"},{\"@type\":\"BreadcrumbList\",\"@id\":\"https:\\\/\\\/fjala.info\\\/2009-2015\\\/partia-e-spiuneve-apo-spiunet-e-partise\\\/#breadcrumb\",\"itemListElement\":[{\"@type\":\"ListItem\",\"position\":1,\"name\":\"Home\",\"item\":\"https:\\\/\\\/fjala.info\\\/2009-2015\\\/\"},{\"@type\":\"ListItem\",\"position\":2,\"name\":\"PARTIA E SPIUN\u00cbVE APO SPIUN\u00cbT E PARTIS\u00cb\"}]},{\"@type\":\"WebSite\",\"@id\":\"https:\\\/\\\/fjala.info\\\/2009-2015\\\/#website\",\"url\":\"https:\\\/\\\/fjala.info\\\/2009-2015\\\/\",\"name\":\"FjALA e LIR\u00cb - Arkivi\",\"description\":\"Arkivi 2009-2015\",\"publisher\":{\"@id\":\"https:\\\/\\\/fjala.info\\\/2009-2015\\\/#organization\"},\"potentialAction\":[{\"@type\":\"SearchAction\",\"target\":{\"@type\":\"EntryPoint\",\"urlTemplate\":\"https:\\\/\\\/fjala.info\\\/2009-2015\\\/?s={search_term_string}\"},\"query-input\":{\"@type\":\"PropertyValueSpecification\",\"valueRequired\":true,\"valueName\":\"search_term_string\"}}],\"inLanguage\":\"sq-AL\"},{\"@type\":\"Organization\",\"@id\":\"https:\\\/\\\/fjala.info\\\/2009-2015\\\/#organization\",\"name\":\"FjALA e LIR\u00cb - Arkivi\",\"url\":\"https:\\\/\\\/fjala.info\\\/2009-2015\\\/\",\"logo\":{\"@type\":\"ImageObject\",\"inLanguage\":\"sq-AL\",\"@id\":\"https:\\\/\\\/fjala.info\\\/2009-2015\\\/#\\\/schema\\\/logo\\\/image\\\/\",\"url\":\"\",\"contentUrl\":\"\",\"caption\":\"FjALA e LIR\u00cb - Arkivi\"},\"image\":{\"@id\":\"https:\\\/\\\/fjala.info\\\/2009-2015\\\/#\\\/schema\\\/logo\\\/image\\\/\"}},{\"@type\":\"Person\",\"@id\":\"https:\\\/\\\/fjala.info\\\/2009-2015\\\/#\\\/schema\\\/person\\\/3aa1163ef05469c496fc94e77611ada2\",\"name\":\"admin\",\"image\":{\"@type\":\"ImageObject\",\"inLanguage\":\"sq-AL\",\"@id\":\"https:\\\/\\\/fjala.info\\\/2009-2015\\\/wp-content\\\/uploads\\\/2012\\\/02\\\/arben_cokaj-120x150.jpg\",\"url\":\"https:\\\/\\\/fjala.info\\\/2009-2015\\\/wp-content\\\/uploads\\\/2012\\\/02\\\/arben_cokaj-120x150.jpg\",\"contentUrl\":\"https:\\\/\\\/fjala.info\\\/2009-2015\\\/wp-content\\\/uploads\\\/2012\\\/02\\\/arben_cokaj-120x150.jpg\",\"caption\":\"admin\"},\"description\":\"Admin, Fjala e Lir\u00eb\",\"sameAs\":[\"https:\\\/\\\/fjala.info\\\/\"],\"url\":\"https:\\\/\\\/fjala.info\\\/2009-2015\\\/author\\\/admin\\\/\"}]}<\/script>\n<!-- \/ Yoast SEO plugin. -->","yoast_head_json":{"title":"PARTIA E SPIUN\u00cbVE APO SPIUN\u00cbT E PARTIS\u00cb - FjALA e LIR\u00cb - Arkivi","robots":{"index":"index","follow":"follow","max-snippet":"max-snippet:-1","max-image-preview":"max-image-preview:large","max-video-preview":"max-video-preview:-1"},"canonical":"https:\/\/fjala.info\/2009-2015\/partia-e-spiuneve-apo-spiunet-e-partise\/","og_locale":"sq_AL","og_type":"article","og_title":"PARTIA E SPIUN\u00cbVE APO SPIUN\u00cbT E PARTIS\u00cb - FjALA e LIR\u00cb - Arkivi","og_description":"Kim Mehmeti Individi nuk di thuajse asgj\u00eb nga ajo q\u00eb i ka ndodhur gjat\u00eb periudh\u00ebs s\u00eb hershme t\u00eb f\u00ebmij\u00ebris\u00eb s\u00eb tij, andaj kjo pjes\u00eb e biografis\u00eb personale shkruhet nga t\u00eb dh\u00ebnat q\u00eb i japin dadot, t\u00eb cilat kurr\u00eb nuk tregojn\u00eb p\u00ebr keqtrajtimin e tyre ndaj foshnj\u00ebs, por manipulojn\u00eb me ngjarjet dhe tregojn\u00eb vet\u00ebm at\u00eb q\u00eb [&hellip;]","og_url":"https:\/\/fjala.info\/2009-2015\/partia-e-spiuneve-apo-spiunet-e-partise\/","og_site_name":"FjALA e LIR\u00cb - Arkivi","article_published_time":"2010-10-23T19:41:42+00:00","og_image":[{"url":"http:\/\/fjala.shkoder.net\/wp-content\/uploads\/2010\/10\/kim_mehmeti.jpg","type":"","width":"","height":""}],"author":"admin","twitter_card":"summary_large_image","twitter_misc":{"Written by":"admin","Est. reading time":"8 minutes"},"schema":{"@context":"https:\/\/schema.org","@graph":[{"@type":"Article","@id":"https:\/\/fjala.info\/2009-2015\/partia-e-spiuneve-apo-spiunet-e-partise\/#article","isPartOf":{"@id":"https:\/\/fjala.info\/2009-2015\/partia-e-spiuneve-apo-spiunet-e-partise\/"},"author":{"name":"admin","@id":"https:\/\/fjala.info\/2009-2015\/#\/schema\/person\/3aa1163ef05469c496fc94e77611ada2"},"headline":"PARTIA E SPIUN\u00cbVE APO SPIUN\u00cbT E PARTIS\u00cb","datePublished":"2010-10-23T19:41:42+00:00","mainEntityOfPage":{"@id":"https:\/\/fjala.info\/2009-2015\/partia-e-spiuneve-apo-spiunet-e-partise\/"},"wordCount":1568,"commentCount":0,"publisher":{"@id":"https:\/\/fjala.info\/2009-2015\/#organization"},"image":{"@id":"https:\/\/fjala.info\/2009-2015\/partia-e-spiuneve-apo-spiunet-e-partise\/#primaryimage"},"thumbnailUrl":"http:\/\/fjala.shkoder.net\/wp-content\/uploads\/2010\/10\/kim_mehmeti.jpg","articleSection":["Artikuj"],"inLanguage":"sq-AL","potentialAction":[{"@type":"CommentAction","name":"Comment","target":["https:\/\/fjala.info\/2009-2015\/partia-e-spiuneve-apo-spiunet-e-partise\/#respond"]}]},{"@type":"WebPage","@id":"https:\/\/fjala.info\/2009-2015\/partia-e-spiuneve-apo-spiunet-e-partise\/","url":"https:\/\/fjala.info\/2009-2015\/partia-e-spiuneve-apo-spiunet-e-partise\/","name":"PARTIA E SPIUN\u00cbVE APO SPIUN\u00cbT E PARTIS\u00cb - FjALA e LIR\u00cb - Arkivi","isPartOf":{"@id":"https:\/\/fjala.info\/2009-2015\/#website"},"primaryImageOfPage":{"@id":"https:\/\/fjala.info\/2009-2015\/partia-e-spiuneve-apo-spiunet-e-partise\/#primaryimage"},"image":{"@id":"https:\/\/fjala.info\/2009-2015\/partia-e-spiuneve-apo-spiunet-e-partise\/#primaryimage"},"thumbnailUrl":"http:\/\/fjala.shkoder.net\/wp-content\/uploads\/2010\/10\/kim_mehmeti.jpg","datePublished":"2010-10-23T19:41:42+00:00","breadcrumb":{"@id":"https:\/\/fjala.info\/2009-2015\/partia-e-spiuneve-apo-spiunet-e-partise\/#breadcrumb"},"inLanguage":"sq-AL","potentialAction":[{"@type":"ReadAction","target":["https:\/\/fjala.info\/2009-2015\/partia-e-spiuneve-apo-spiunet-e-partise\/"]}]},{"@type":"ImageObject","inLanguage":"sq-AL","@id":"https:\/\/fjala.info\/2009-2015\/partia-e-spiuneve-apo-spiunet-e-partise\/#primaryimage","url":"http:\/\/fjala.shkoder.net\/wp-content\/uploads\/2010\/10\/kim_mehmeti.jpg","contentUrl":"http:\/\/fjala.shkoder.net\/wp-content\/uploads\/2010\/10\/kim_mehmeti.jpg"},{"@type":"BreadcrumbList","@id":"https:\/\/fjala.info\/2009-2015\/partia-e-spiuneve-apo-spiunet-e-partise\/#breadcrumb","itemListElement":[{"@type":"ListItem","position":1,"name":"Home","item":"https:\/\/fjala.info\/2009-2015\/"},{"@type":"ListItem","position":2,"name":"PARTIA E SPIUN\u00cbVE APO SPIUN\u00cbT E PARTIS\u00cb"}]},{"@type":"WebSite","@id":"https:\/\/fjala.info\/2009-2015\/#website","url":"https:\/\/fjala.info\/2009-2015\/","name":"FjALA e LIR\u00cb - Arkivi","description":"Arkivi 2009-2015","publisher":{"@id":"https:\/\/fjala.info\/2009-2015\/#organization"},"potentialAction":[{"@type":"SearchAction","target":{"@type":"EntryPoint","urlTemplate":"https:\/\/fjala.info\/2009-2015\/?s={search_term_string}"},"query-input":{"@type":"PropertyValueSpecification","valueRequired":true,"valueName":"search_term_string"}}],"inLanguage":"sq-AL"},{"@type":"Organization","@id":"https:\/\/fjala.info\/2009-2015\/#organization","name":"FjALA e LIR\u00cb - Arkivi","url":"https:\/\/fjala.info\/2009-2015\/","logo":{"@type":"ImageObject","inLanguage":"sq-AL","@id":"https:\/\/fjala.info\/2009-2015\/#\/schema\/logo\/image\/","url":"","contentUrl":"","caption":"FjALA e LIR\u00cb - Arkivi"},"image":{"@id":"https:\/\/fjala.info\/2009-2015\/#\/schema\/logo\/image\/"}},{"@type":"Person","@id":"https:\/\/fjala.info\/2009-2015\/#\/schema\/person\/3aa1163ef05469c496fc94e77611ada2","name":"admin","image":{"@type":"ImageObject","inLanguage":"sq-AL","@id":"https:\/\/fjala.info\/2009-2015\/wp-content\/uploads\/2012\/02\/arben_cokaj-120x150.jpg","url":"https:\/\/fjala.info\/2009-2015\/wp-content\/uploads\/2012\/02\/arben_cokaj-120x150.jpg","contentUrl":"https:\/\/fjala.info\/2009-2015\/wp-content\/uploads\/2012\/02\/arben_cokaj-120x150.jpg","caption":"admin"},"description":"Admin, Fjala e Lir\u00eb","sameAs":["https:\/\/fjala.info\/"],"url":"https:\/\/fjala.info\/2009-2015\/author\/admin\/"}]}},"_links":{"self":[{"href":"https:\/\/fjala.info\/2009-2015\/wp-json\/wp\/v2\/posts\/4435","targetHints":{"allow":["GET"]}}],"collection":[{"href":"https:\/\/fjala.info\/2009-2015\/wp-json\/wp\/v2\/posts"}],"about":[{"href":"https:\/\/fjala.info\/2009-2015\/wp-json\/wp\/v2\/types\/post"}],"author":[{"embeddable":true,"href":"https:\/\/fjala.info\/2009-2015\/wp-json\/wp\/v2\/users\/1"}],"replies":[{"embeddable":true,"href":"https:\/\/fjala.info\/2009-2015\/wp-json\/wp\/v2\/comments?post=4435"}],"version-history":[{"count":0,"href":"https:\/\/fjala.info\/2009-2015\/wp-json\/wp\/v2\/posts\/4435\/revisions"}],"wp:attachment":[{"href":"https:\/\/fjala.info\/2009-2015\/wp-json\/wp\/v2\/media?parent=4435"}],"wp:term":[{"taxonomy":"category","embeddable":true,"href":"https:\/\/fjala.info\/2009-2015\/wp-json\/wp\/v2\/categories?post=4435"},{"taxonomy":"post_tag","embeddable":true,"href":"https:\/\/fjala.info\/2009-2015\/wp-json\/wp\/v2\/tags?post=4435"}],"curies":[{"name":"wp","href":"https:\/\/api.w.org\/{rel}","templated":true}]}}