{"id":4427,"date":"2010-10-26T22:48:36","date_gmt":"2010-10-26T21:48:36","guid":{"rendered":"http:\/\/fjala.shkoder.net\/?p=4427"},"modified":"2010-10-26T22:48:36","modified_gmt":"2010-10-26T21:48:36","slug":"iliret-nje-paragjykim-po-nderron","status":"publish","type":"post","link":"https:\/\/fjala.info\/2009-2015\/iliret-nje-paragjykim-po-nderron\/","title":{"rendered":"Ilir\u00ebt, nj\u00eb paragjykim po nd\u00ebrron"},"content":{"rendered":"<p><img loading=\"lazy\" decoding=\"async\" class=\"alignleft size-full wp-image-4428\" title=\"Luft\u00ebtar ilir\" src=\"http:\/\/fjala.shkoder.net\/wp-content\/uploads\/2010\/10\/luftetar_ilir.jpg\" alt=\"\" width=\"220\" height=\"448\" \/><br \/>\n<strong>Elsa Demo<\/strong>, <em>22.10.2010<\/em><\/p>\n<p>Pas dhjet\u00eb vjet k\u00ebrkimesh n\u00eb Risan t\u00eb Malit t\u00eb Zi, zhvendoset n\u00eb Shkod\u00ebr ekspedita polake n\u00ebn drejtimin e prof. Piotr Dyczek: &#8220;Shpresojm\u00eb t\u00eb gjejm\u00eb gjurm\u00eb t\u00eb qyteteve ilire&#8221;<\/p>\n<p>Qendra e K\u00ebrkimeve Arkeologjike e Universitetit t\u00eb Varshav\u00ebs e zhvendos ekspedit\u00ebn dhjet\u00ebvje\u00e7are n\u00eb Risan, t\u00eb Malit t\u00eb Zi, nj\u00eb kryeqend\u00ebr e mbret\u00ebris\u00eb Ilire n\u00ebn drejtimin e Teut\u00ebs (230-228 p.e.s), zhvendoset n\u00eb maj 2011 n\u00eb Shkod\u00ebr, rr\u00ebz\u00eb kalas\u00eb deri posht\u00eb n\u00eb Drin.<\/p>\n<p>Prof. Piotr Dyczek prezanton r\u00ebnd\u00ebsin\u00eb e k\u00ebsaj ekspedite e cila p\u00ebruron mision p\u00ebr gjurmimin e rr\u00ebnojave ilire, p\u00ebr t\u00eb konfirmuar nj\u00eb mentalitet q\u00eb sapo ka filluar t\u00eb nd\u00ebrroj\u00eb. Prof. Dyczek thot\u00eb se paraqitja e deritanishme e pasardh\u00ebsve t\u00eb shqiptar\u00eb si primitiv\u00eb \u00ebsht\u00eb e kund\u00ebrt me at\u00eb q\u00eb po d\u00ebshmon arkeologjia.<\/p>\n<p>Lajmi p\u00ebr n\u00ebnshkrimin e marr\u00ebveshjes me Universitetin e Tiran\u00ebs p\u00ebr pes\u00eb vjet g\u00ebrmime n\u00eb Shkod\u00ebr, u shoq\u00ebrua me ekspozit\u00ebn &#8220;Ilir\u00ebt n\u00eb Evrop\u00ebn pa kufij&#8221; e hapur n\u00eb Muzeut Komb\u00ebtar Historik n\u00eb Tiran\u00eb. Aty prezantohen imazhe nga g\u00ebrmimet n\u00eb Risan, af\u00ebr Kotorit n\u00eb Mal t\u00eb Zi.<\/p>\n<p>Prof. Di\u00e7ek, ju po njoftimi lajmin e rrall\u00eb p\u00ebr publikun vendas: fillimin e g\u00ebrmimeve n\u00eb gjurm\u00eb t\u00eb mbret\u00ebresh\u00ebs ilire Teuta n\u00eb Shkod\u00ebr, kur n\u00eb fakt nga njer\u00ebzit flitet p\u00ebr bot\u00ebn ilire me nj\u00eb gjuh\u00eb t\u00eb pabesueshme.<\/p>\n<p>S\u00eb pari dua t&#8217;ju informoj se qendra ime arkeologjike q\u00eb funksionon n\u00eb kuad\u00ebr t\u00eb Universitetit t\u00eb Varshav\u00ebs, realizon g\u00ebrmime n\u00eb Rusi, Bullgari dhe Mal t\u00eb Zi dhe specializimin im i ngusht\u00eb \u00ebsht\u00eb arkeologjia klasike.<\/p>\n<p>N\u00eb vitin 2000 rektori i Universitetit t\u00eb Varshav\u00ebs u takua me ambasadorin amerikan, Kristofer Hill n\u00eb Poloni, (por edhe n\u00eb Shqip\u00ebri dikur). Ishte koha kur administrata amerikane kishte planin e ndihm\u00ebs p\u00ebr Ballkanin. Hill pyeti \u00e7far\u00eb mund t\u00eb b\u00ebnte ky universitet p\u00ebr Ballkanin.<\/p>\n<p>At\u00ebher\u00eb Hill m\u00eb tha: Ti je arkeolog, arkeologjia \u00ebsht\u00eb \u00e7el\u00ebsi i t\u00eb t\u00ebra shkencave. Ishim para dilem\u00ebs t\u00eb ndihmonim Malin e zi apo Serbin\u00eb. At\u00ebher\u00eb Polonia s&#8217;mund t\u00eb ndihmonte Serbin\u00eb q\u00eb ishte n\u00eb p\u00ebrzhitjen e luft\u00ebs.<\/p>\n<p>U vendos marr\u00ebveshje bashk\u00ebpunimi me Ministrin\u00eb e Kultur\u00ebs s\u00eb malit t\u00eb zi. Shkuam atje p\u00ebr t\u00eb p\u00ebrcaktuar vendin e g\u00ebrmimeve. Na dhan\u00eb gjasht\u00eb vende p\u00ebr t\u00eb studiuar. Kur u ndodh\u00ebm n\u00eb Risan, duke u nisur nga peizazhi, i thash\u00eb rektorit: K\u00ebtu, nuk do l\u00ebvizim prej k\u00ebtej.<\/p>\n<p>P\u00ebr mua ishte interesante sepse specializimi im i par\u00eb ka qen\u00eb kultura e Minonit dhe Arthur Evans ka b\u00ebr\u00eb g\u00ebrmime n\u00eb Knosos, ai ka punuar m\u00eb par\u00eb n\u00eb Risan. Aty zbuluam nj\u00eb thesar, 4600 monedha.<\/p>\n<p>Nga p\u00ebrvoja dhjet\u00ebvje\u00e7are n\u00eb Risan, me \u00e7far\u00eb q\u00ebllimi shkoni n\u00eb Shkod\u00ebr, \u00e7far\u00eb shpresoni?<br \/>\nIsha takuar dikur me Neritan Cek\u00ebn. Erdhi nj\u00eb dit\u00eb q\u00eb u ritakuam dhe m\u00eb pyeti ku doni t\u00eb g\u00ebrmoni?<\/p>\n<p>Duke u nisur nga fakti q\u00eb Risani ka qen\u00eb kryeqendra e mbret\u00ebresh\u00ebs ilire Teuta, at\u00ebher\u00eb un\u00eb mendova q\u00eb vendi m\u00eb i mir\u00eb p\u00ebr t\u00eb vazhduar, do t\u00eb jet\u00eb Shkodra.<br \/>\nErdha k\u00ebt\u00eb ver\u00eb me bashk\u00ebpun\u00ebtor\u00eb t\u00eb mi dhe vendos\u00ebm q\u00eb n\u00eb maj 2011 t\u00eb fillojm\u00eb g\u00ebrmimet aty. B\u00ebm\u00eb formalitetet, n\u00ebnshkruam kontrat\u00ebn p\u00ebrkat\u00ebse me ministrin\u00eb e Kultur\u00ebs.<\/p>\n<p>Shkodra ka qen\u00eb kryeqend\u00ebr ilire, por g\u00ebrmime p\u00ebr k\u00ebt\u00eb periudh\u00eb nuk jan\u00eb b\u00ebr\u00eb, kryesisht kan\u00eb qen\u00eb g\u00ebrmime q\u00eb jan\u00eb marr\u00eb me periudh\u00ebn e von\u00eb romake. Ne shpresojm\u00eb t\u00eb zbulojm\u00eb qytete ilire n\u00eb Shkod\u00ebr. Q\u00ebllimi yn\u00eb \u00ebsht\u00eb q\u00eb edhe t\u00eb sjellim student\u00eb shqiptar\u00eb atje q\u00eb t\u00eb ken\u00eb mund\u00ebsi t\u00eb punojn\u00eb n\u00eb k\u00ebt\u00eb fush\u00eb. Do t\u00eb jet\u00eb rast i mir\u00eb edhe p\u00ebr student\u00ebt polak\u00eb.<\/p>\n<p><strong>Cili \u00ebsht\u00eb pellgu i g\u00ebrmimeve?<\/strong><\/p>\n<p>Dim\u00eb q\u00eb n\u00eb rr\u00ebz\u00eb t\u00eb kalas\u00eb s\u00eb Rozaf\u00ebs ka qen\u00eb qyteti i posht\u00ebm, k\u00ebt\u00eb areal do kapim deri n\u00eb breg t\u00eb Drinit, pjesa e poshtme e kalas\u00eb. Duke qen\u00eb se \u00ebsht\u00eb nj\u00eb sip\u00ebrfaqe e gjer\u00eb do t\u00eb p\u00ebrdorim metodat gjeofizike q\u00eb do t\u00eb fotografojn\u00eb n\u00eb thell\u00ebsi p\u00ebr t\u00eb gjetur gjurm\u00eb q\u00eb t\u00eb lokalizohen m\u00eb sakt\u00eb g\u00ebrmimet.<\/p>\n<p>Aty \u00ebsht\u00eb kalaja q\u00eb mban emrin e nj\u00eb gruaje, nd\u00ebrkoh\u00eb ju vini nga g\u00ebrmimet p\u00ebr historin\u00eb q\u00eb ka emrin e nj\u00eb gruaje, Teuta. N\u00eb nj\u00eb hap\u00ebsir\u00eb kaq t\u00eb ngusht\u00eb miti i dy grave.<br \/>\nNe n\u00eb Poloni i duam shum\u00eb femrat (qesh). P\u00eblqejm\u00eb femrat e \u00e7liruara dhe pik\u00ebrisht n\u00eb t\u00eb dyja k\u00ebto raste kemi t\u00eb b\u00ebjm\u00eb me femra t\u00eb vendosura.<\/p>\n<p>Dim\u00eb\u00eb nga historia q\u00eb n\u00eb periudh\u00ebn ilire femrat kan\u00eb luajtur nj\u00eb rol determinues.<br \/>\nP\u00ebr zon\u00ebn ilire Teuta \u00ebsht\u00eb megjithat\u00eb nj\u00eb p\u00ebrjashtim.<\/p>\n<p><strong>Si e karakterizoni, jo vet\u00ebm p\u00ebr rolin si udh\u00ebheq\u00ebse?<\/strong><\/p>\n<p>Teuta p\u00ebrb\u00ebn nj\u00eb rast fare unikal q\u00eb n\u00eb fiset ilire nj\u00eb fem\u00ebr t\u00eb dilte e para. Jo vet\u00ebm q\u00eb ishte mbret\u00ebresh\u00eb, por ajo arriti t&#8217;i shpallte luft\u00eb edhe Rom\u00ebs.<\/p>\n<p>Dometh\u00ebn\u00eb n\u00eb sjelljen e saj ka element\u00eb m\u00eb shum\u00eb se mashkullor\u00eb, m\u00eb shum\u00eb se prij\u00ebsi. N\u00eb tekstet tona t\u00eb historis\u00eb kur un\u00eb kam qen\u00eb student kemi m\u00ebsuar q\u00eb me p\u00ebrjashtim t\u00eb Hanibalit ajo ishte e vetmja q\u00eb arriti t&#8217;i shpall\u00eb luft\u00eb Rom\u00ebs.<\/p>\n<p>N\u00eb nj\u00ebfar\u00eb kuptimi ajo e fitoi luft\u00ebn q\u00eb humbi me Rom\u00ebn. Rezultatet e triumfit erdh\u00ebn m\u00eb von\u00eb, sepse ia la fronin t\u00eb birit, i cili arriti t\u00eb b\u00ebj\u00eb marr\u00ebveshje me Rom\u00ebn dhe fal\u00eb k\u00ebsaj Iliria u zhvillua m\u00eb tej.<\/p>\n<p>Po t\u00eb p\u00ebrdorim nj\u00eb terminologji t\u00eb stome, ajo ishte nj\u00eb burr\u00eb shteti n\u00eb koh\u00ebn e vet. Ishte nj\u00ebkoh\u00ebsisht dhe patriote e madhe sepse p\u00ebrball\u00eb superfuqis\u00eb s\u00eb Rom\u00ebs arriti t\u00eb mbijetonte dhe t&#8217;i jepte vendit mund\u00ebsi p\u00ebr zhvillim. Teuta i siguroi Iliris\u00eb s\u00eb at\u00ebhershme pavar\u00ebsin\u00eb dhe zhvillim p\u00ebr 70 vjet me radh\u00eb. Duhej t\u00eb kalonin 70 vjet q\u00eb Roma t\u00eb ulej k\u00ebmb\u00ebkryq n\u00eb tokat ilire.<\/p>\n<p><strong>Imazhin e saj, si e p\u00ebrfytyroni?<\/strong><\/p>\n<p>Ajo ka kryer nj\u00eb rol t\u00eb ngjash\u00ebm me at\u00eb t\u00eb Kleopatr\u00ebs n\u00eb Egjypt, por ne nuk e dim\u00eb akoma si dukej ajo me t\u00eb v\u00ebrtet\u00eb. Nuk kemi akoma nj\u00eb pamje t\u00eb v\u00ebrtet\u00eb t\u00eb saj, reale. Vet\u00ebm e p\u00ebrfytyrojm\u00eb.<\/p>\n<p>N\u00eb Risan tam\u00eb n\u00eb gjurm\u00eb t\u00eb mbretit Balajos. Artur Evans zbuloi i pari 14 monedhat e para t\u00eb k\u00ebtij mbreti. Pararend\u00ebsi i tij ishte mbreti Gent p\u00ebrderisa ky arriti t\u00eb shtypte monedh\u00ebn e vet, konkludojm\u00eb q\u00eb ka qen\u00eb mbret i fuqish\u00ebm. P\u00ebr munges\u00eb t\u00eb burimeve t\u00eb shkruara, Evans e kishte t\u00eb v\u00ebshtir\u00eb t\u00eb deshifronte r\u00ebnd\u00ebsin\u00eb e k\u00ebtij mbreti. Ai ka pasur nj\u00eb territor mjaft t\u00eb gjer\u00eb.<\/p>\n<p>N\u00ebse kryeqendra e tij ishte n\u00eb Risan, zot\u00ebrimet e tij p\u00ebrfshinin gjysm\u00ebn e Kroacis\u00eb dhe gjysm\u00ebn e Shqip\u00ebris\u00eb nj\u00ebkoh\u00ebsisht. Gjat\u00eb g\u00ebrmimeve tona gjet\u00ebm rreth nj\u00ebmij\u00eb monedha t\u00eb k\u00ebtij mbreti \u00e7ka na shtyu t\u00eb mendonim q\u00eb aty ka qen\u00eb vendi i prodhimit t\u00eb monedhave. Balajosi mund t\u00eb ket\u00eb jetuar n\u00eb shek. II para er\u00ebs son\u00eb. Vet\u00ebm vitin e shkuar ne zbuluam 4600 monedha, 12 kg, n\u00eb nj\u00eb vazo t\u00eb madhe.<\/p>\n<p>T\u00eb gjitha i takonin k\u00ebtij mbreti, me p\u00ebrjashtim t\u00eb nj\u00ebr\u00ebs. Kjo na detyroi t\u00eb shtyheshim n\u00eb koh\u00eb dhe b\u00ebri q\u00eb ajo histori e mbret\u00ebrimit ilirik t\u00eb hyj\u00eb m\u00eb thell\u00eb n\u00eb histori. Kjo shpjegon n\u00eb nj\u00ebfar\u00eb m\u00ebnyre edhe zhvendosjen e mbret\u00ebresh\u00ebs Teut\u00eb nga Shkodra n\u00eb Risan p\u00ebr t\u00eb p\u00ebrvet\u00ebsuar k\u00ebt\u00eb thesar q\u00eb gjet\u00ebm, q\u00eb t\u00eb mund t&#8217;i shpallte luft\u00eb Rom\u00ebs.<\/p>\n<p>Me g\u00ebrmimet tona mendojm\u00eb me modesti se kemi sjell\u00eb nj\u00eb sh\u00ebrbim t\u00eb madh: kemi zbuluar ekzistenc\u00ebn e nj\u00eb mbreti t\u00eb nd\u00ebrmjet\u00ebm, Balajos, p\u00ebr \u00e7ka nuk dihej fare nga materialet e deritanishme.<\/p>\n<p>N\u00eb qoft\u00eb se deri tani kishim informacion se mbret\u00ebresha Teut\u00eb kishte nj\u00eb shtet t\u00eb fuqish\u00ebm, me k\u00ebto zbulime i bie q\u00eb struktura shtet\u00ebrore ka qen\u00eb edhe para Teut\u00ebs, dometh\u00ebn\u00eb q\u00eb formacionet ilire kan\u00eb qen\u00eb t\u00eb organizuara edhe para saj. Jemi t\u00eb prirur t\u00eb mendojm\u00eb se ilir\u00ebt kan\u00eb jetuar mir\u00eb.<\/p>\n<p>N\u00eb qoft\u00eb se deri para pak koh\u00ebsh ka ekzistuar mendimi se ilir\u00ebt kan\u00eb qen\u00eb primitiv\u00eb dhe kan\u00eb qen\u00eb grek\u00ebt ata q\u00eb kan\u00eb imponuar kultur\u00ebn e tyre, zbulimet e tanishme tregojn\u00eb se ilir\u00ebt kan\u00eb qen\u00eb po aq t\u00eb zhvilluar e t\u00eb kulturuar dhe kan\u00eb pasur formacionin e tyre t\u00eb pavarur.<\/p>\n<p>N\u00eb k\u00ebto 20 vitet e tranzicionit shqiptar\u00ebt, sidomos, ata n\u00eb emigrim kan\u00eb treguar se sa t\u00eb nevojsh\u00ebm e ka identiteti o sot\u00ebm shqiptar t\u00eb strehohet tek kjo bot\u00eb e lasht\u00eb. Do t&#8217;i k\u00ebnaqnit po do t&#8217;u jepnit nj\u00eb shpres\u00eb t\u00eb gjith\u00eb k\u00ebtyre me q\u00ebllimin e ekspedit\u00ebs suaj?<\/p>\n<p>Patjet\u00ebr q\u00eb kan\u00eb t\u00eb drejt\u00eb identifikohen me paraardh\u00ebsit e tyre. Ne i kemi v\u00ebn\u00eb ekspozit\u00ebs titullin &#8220;Ilir\u00ebt n\u00eb Evrop\u00ebn pa kufij&#8221; sepse shqiptar\u00ebt vazhdojn\u00eb t\u00eb luftojn\u00eb t\u00eb q\u00ebndrojn\u00eb mbi k\u00ebmb\u00ebt e veta.<\/p>\n<p><strong>Terreni \u00ebsht\u00eb pjes\u00ebrisht i rrethuar me uj\u00eb, \u00e7far\u00eb metodash do t\u00eb p\u00ebrdorni n\u00eb k\u00ebto g\u00ebrmime? <\/strong><\/p>\n<p>M\u00eb par\u00eb duhet t\u00eb b\u00ebjm\u00eb fotografimet satelitore nga ajri p\u00ebr t\u00eb p\u00ebrcaktuar m\u00eb sakt\u00ebsisht zon\u00ebn, p\u00ebrderisa ne kemi si objekt p\u00ebr gjetur qendra ilire. Do t\u00eb k\u00ebrkojm\u00eb nga fotografit\u00eb atje ku jan\u00eb nyjet e k\u00ebtyre gjurm\u00ebve. Nga pik\u00ebpamja shkencore i kemi t\u00eb qarta t\u00eb gjitha. Me k\u00ebt\u00eb projekt q\u00ebllimi \u00ebsht\u00eb q\u00eb t\u00eb ndihmojm\u00eb edhe popullsin\u00eb vendase, m\u00eb shum\u00eb p\u00ebr turiz\u00ebm.<\/p>\n<p><strong>Ka ngjallur kund\u00ebrshti nga fqinj\u00ebt projekti juaj?<\/strong><\/p>\n<p>Pa dyshim q\u00eb po. M\u00eb mir\u00eb t\u00eb mos flasim p\u00ebr k\u00ebto gj\u00ebra.<\/p>\n","protected":false},"excerpt":{"rendered":"<p>Elsa Demo, 22.10.2010 Pas dhjet\u00eb vjet k\u00ebrkimesh n\u00eb Risan t\u00eb Malit t\u00eb Zi, zhvendoset n\u00eb Shkod\u00ebr ekspedita polake n\u00ebn drejtimin e prof. Piotr Dyczek: &#8220;Shpresojm\u00eb t\u00eb gjejm\u00eb gjurm\u00eb t\u00eb qyteteve ilire&#8221; Qendra e K\u00ebrkimeve Arkeologjike e Universitetit t\u00eb Varshav\u00ebs e zhvendos ekspedit\u00ebn dhjet\u00ebvje\u00e7are n\u00eb Risan, t\u00eb Malit t\u00eb Zi, nj\u00eb kryeqend\u00ebr e mbret\u00ebris\u00eb Ilire n\u00ebn [&hellip;]<\/p>\n","protected":false},"author":1,"featured_media":0,"comment_status":"open","ping_status":"closed","sticky":false,"template":"","format":"standard","meta":{"footnotes":""},"categories":[2,4],"tags":[],"class_list":{"0":"post-4427","1":"post","2":"type-post","3":"status-publish","4":"format-standard","6":"category-artikuj","7":"category-intervista"},"yoast_head":"<!-- This site is optimized with the Yoast SEO plugin v27.4 - https:\/\/yoast.com\/product\/yoast-seo-wordpress\/ -->\n<title>Ilir\u00ebt, nj\u00eb paragjykim po nd\u00ebrron - FjALA e LIR\u00cb - Arkivi<\/title>\n<meta name=\"robots\" content=\"index, follow, max-snippet:-1, max-image-preview:large, max-video-preview:-1\" \/>\n<link rel=\"canonical\" href=\"https:\/\/fjala.info\/2009-2015\/iliret-nje-paragjykim-po-nderron\/\" \/>\n<meta property=\"og:locale\" content=\"sq_AL\" \/>\n<meta property=\"og:type\" content=\"article\" \/>\n<meta property=\"og:title\" content=\"Ilir\u00ebt, nj\u00eb paragjykim po nd\u00ebrron - FjALA e LIR\u00cb - Arkivi\" \/>\n<meta property=\"og:description\" content=\"Elsa Demo, 22.10.2010 Pas dhjet\u00eb vjet k\u00ebrkimesh n\u00eb Risan t\u00eb Malit t\u00eb Zi, zhvendoset n\u00eb Shkod\u00ebr ekspedita polake n\u00ebn drejtimin e prof. Piotr Dyczek: &#8220;Shpresojm\u00eb t\u00eb gjejm\u00eb gjurm\u00eb t\u00eb qyteteve ilire&#8221; Qendra e K\u00ebrkimeve Arkeologjike e Universitetit t\u00eb Varshav\u00ebs e zhvendos ekspedit\u00ebn dhjet\u00ebvje\u00e7are n\u00eb Risan, t\u00eb Malit t\u00eb Zi, nj\u00eb kryeqend\u00ebr e mbret\u00ebris\u00eb Ilire n\u00ebn [&hellip;]\" \/>\n<meta property=\"og:url\" content=\"https:\/\/fjala.info\/2009-2015\/iliret-nje-paragjykim-po-nderron\/\" \/>\n<meta property=\"og:site_name\" content=\"FjALA e LIR\u00cb - Arkivi\" \/>\n<meta property=\"article:published_time\" content=\"2010-10-26T21:48:36+00:00\" \/>\n<meta property=\"og:image\" content=\"http:\/\/fjala.shkoder.net\/wp-content\/uploads\/2010\/10\/luftetar_ilir.jpg\" \/>\n<meta name=\"author\" content=\"admin\" \/>\n<meta name=\"twitter:card\" content=\"summary_large_image\" \/>\n<meta name=\"twitter:label1\" content=\"Written by\" \/>\n\t<meta name=\"twitter:data1\" content=\"admin\" \/>\n\t<meta name=\"twitter:label2\" content=\"Est. reading time\" \/>\n\t<meta name=\"twitter:data2\" content=\"8 minutes\" \/>\n<script type=\"application\/ld+json\" class=\"yoast-schema-graph\">{\"@context\":\"https:\\\/\\\/schema.org\",\"@graph\":[{\"@type\":\"Article\",\"@id\":\"https:\\\/\\\/fjala.info\\\/2009-2015\\\/iliret-nje-paragjykim-po-nderron\\\/#article\",\"isPartOf\":{\"@id\":\"https:\\\/\\\/fjala.info\\\/2009-2015\\\/iliret-nje-paragjykim-po-nderron\\\/\"},\"author\":{\"name\":\"admin\",\"@id\":\"https:\\\/\\\/fjala.info\\\/2009-2015\\\/#\\\/schema\\\/person\\\/3aa1163ef05469c496fc94e77611ada2\"},\"headline\":\"Ilir\u00ebt, nj\u00eb paragjykim po nd\u00ebrron\",\"datePublished\":\"2010-10-26T21:48:36+00:00\",\"mainEntityOfPage\":{\"@id\":\"https:\\\/\\\/fjala.info\\\/2009-2015\\\/iliret-nje-paragjykim-po-nderron\\\/\"},\"wordCount\":1694,\"commentCount\":0,\"publisher\":{\"@id\":\"https:\\\/\\\/fjala.info\\\/2009-2015\\\/#organization\"},\"image\":{\"@id\":\"https:\\\/\\\/fjala.info\\\/2009-2015\\\/iliret-nje-paragjykim-po-nderron\\\/#primaryimage\"},\"thumbnailUrl\":\"http:\\\/\\\/fjala.shkoder.net\\\/wp-content\\\/uploads\\\/2010\\\/10\\\/luftetar_ilir.jpg\",\"articleSection\":[\"Artikuj\",\"Intervista\"],\"inLanguage\":\"sq-AL\",\"potentialAction\":[{\"@type\":\"CommentAction\",\"name\":\"Comment\",\"target\":[\"https:\\\/\\\/fjala.info\\\/2009-2015\\\/iliret-nje-paragjykim-po-nderron\\\/#respond\"]}]},{\"@type\":\"WebPage\",\"@id\":\"https:\\\/\\\/fjala.info\\\/2009-2015\\\/iliret-nje-paragjykim-po-nderron\\\/\",\"url\":\"https:\\\/\\\/fjala.info\\\/2009-2015\\\/iliret-nje-paragjykim-po-nderron\\\/\",\"name\":\"Ilir\u00ebt, nj\u00eb paragjykim po nd\u00ebrron - FjALA e LIR\u00cb - Arkivi\",\"isPartOf\":{\"@id\":\"https:\\\/\\\/fjala.info\\\/2009-2015\\\/#website\"},\"primaryImageOfPage\":{\"@id\":\"https:\\\/\\\/fjala.info\\\/2009-2015\\\/iliret-nje-paragjykim-po-nderron\\\/#primaryimage\"},\"image\":{\"@id\":\"https:\\\/\\\/fjala.info\\\/2009-2015\\\/iliret-nje-paragjykim-po-nderron\\\/#primaryimage\"},\"thumbnailUrl\":\"http:\\\/\\\/fjala.shkoder.net\\\/wp-content\\\/uploads\\\/2010\\\/10\\\/luftetar_ilir.jpg\",\"datePublished\":\"2010-10-26T21:48:36+00:00\",\"breadcrumb\":{\"@id\":\"https:\\\/\\\/fjala.info\\\/2009-2015\\\/iliret-nje-paragjykim-po-nderron\\\/#breadcrumb\"},\"inLanguage\":\"sq-AL\",\"potentialAction\":[{\"@type\":\"ReadAction\",\"target\":[\"https:\\\/\\\/fjala.info\\\/2009-2015\\\/iliret-nje-paragjykim-po-nderron\\\/\"]}]},{\"@type\":\"ImageObject\",\"inLanguage\":\"sq-AL\",\"@id\":\"https:\\\/\\\/fjala.info\\\/2009-2015\\\/iliret-nje-paragjykim-po-nderron\\\/#primaryimage\",\"url\":\"http:\\\/\\\/fjala.shkoder.net\\\/wp-content\\\/uploads\\\/2010\\\/10\\\/luftetar_ilir.jpg\",\"contentUrl\":\"http:\\\/\\\/fjala.shkoder.net\\\/wp-content\\\/uploads\\\/2010\\\/10\\\/luftetar_ilir.jpg\"},{\"@type\":\"BreadcrumbList\",\"@id\":\"https:\\\/\\\/fjala.info\\\/2009-2015\\\/iliret-nje-paragjykim-po-nderron\\\/#breadcrumb\",\"itemListElement\":[{\"@type\":\"ListItem\",\"position\":1,\"name\":\"Home\",\"item\":\"https:\\\/\\\/fjala.info\\\/2009-2015\\\/\"},{\"@type\":\"ListItem\",\"position\":2,\"name\":\"Ilir\u00ebt, nj\u00eb paragjykim po nd\u00ebrron\"}]},{\"@type\":\"WebSite\",\"@id\":\"https:\\\/\\\/fjala.info\\\/2009-2015\\\/#website\",\"url\":\"https:\\\/\\\/fjala.info\\\/2009-2015\\\/\",\"name\":\"FjALA e LIR\u00cb - Arkivi\",\"description\":\"Arkivi 2009-2015\",\"publisher\":{\"@id\":\"https:\\\/\\\/fjala.info\\\/2009-2015\\\/#organization\"},\"potentialAction\":[{\"@type\":\"SearchAction\",\"target\":{\"@type\":\"EntryPoint\",\"urlTemplate\":\"https:\\\/\\\/fjala.info\\\/2009-2015\\\/?s={search_term_string}\"},\"query-input\":{\"@type\":\"PropertyValueSpecification\",\"valueRequired\":true,\"valueName\":\"search_term_string\"}}],\"inLanguage\":\"sq-AL\"},{\"@type\":\"Organization\",\"@id\":\"https:\\\/\\\/fjala.info\\\/2009-2015\\\/#organization\",\"name\":\"FjALA e LIR\u00cb - Arkivi\",\"url\":\"https:\\\/\\\/fjala.info\\\/2009-2015\\\/\",\"logo\":{\"@type\":\"ImageObject\",\"inLanguage\":\"sq-AL\",\"@id\":\"https:\\\/\\\/fjala.info\\\/2009-2015\\\/#\\\/schema\\\/logo\\\/image\\\/\",\"url\":\"\",\"contentUrl\":\"\",\"caption\":\"FjALA e LIR\u00cb - Arkivi\"},\"image\":{\"@id\":\"https:\\\/\\\/fjala.info\\\/2009-2015\\\/#\\\/schema\\\/logo\\\/image\\\/\"}},{\"@type\":\"Person\",\"@id\":\"https:\\\/\\\/fjala.info\\\/2009-2015\\\/#\\\/schema\\\/person\\\/3aa1163ef05469c496fc94e77611ada2\",\"name\":\"admin\",\"image\":{\"@type\":\"ImageObject\",\"inLanguage\":\"sq-AL\",\"@id\":\"https:\\\/\\\/fjala.info\\\/2009-2015\\\/wp-content\\\/uploads\\\/2012\\\/02\\\/arben_cokaj-120x150.jpg\",\"url\":\"https:\\\/\\\/fjala.info\\\/2009-2015\\\/wp-content\\\/uploads\\\/2012\\\/02\\\/arben_cokaj-120x150.jpg\",\"contentUrl\":\"https:\\\/\\\/fjala.info\\\/2009-2015\\\/wp-content\\\/uploads\\\/2012\\\/02\\\/arben_cokaj-120x150.jpg\",\"caption\":\"admin\"},\"description\":\"Admin, Fjala e Lir\u00eb\",\"sameAs\":[\"https:\\\/\\\/fjala.info\\\/\"],\"url\":\"https:\\\/\\\/fjala.info\\\/2009-2015\\\/author\\\/admin\\\/\"}]}<\/script>\n<!-- \/ Yoast SEO plugin. -->","yoast_head_json":{"title":"Ilir\u00ebt, nj\u00eb paragjykim po nd\u00ebrron - FjALA e LIR\u00cb - Arkivi","robots":{"index":"index","follow":"follow","max-snippet":"max-snippet:-1","max-image-preview":"max-image-preview:large","max-video-preview":"max-video-preview:-1"},"canonical":"https:\/\/fjala.info\/2009-2015\/iliret-nje-paragjykim-po-nderron\/","og_locale":"sq_AL","og_type":"article","og_title":"Ilir\u00ebt, nj\u00eb paragjykim po nd\u00ebrron - FjALA e LIR\u00cb - Arkivi","og_description":"Elsa Demo, 22.10.2010 Pas dhjet\u00eb vjet k\u00ebrkimesh n\u00eb Risan t\u00eb Malit t\u00eb Zi, zhvendoset n\u00eb Shkod\u00ebr ekspedita polake n\u00ebn drejtimin e prof. Piotr Dyczek: &#8220;Shpresojm\u00eb t\u00eb gjejm\u00eb gjurm\u00eb t\u00eb qyteteve ilire&#8221; Qendra e K\u00ebrkimeve Arkeologjike e Universitetit t\u00eb Varshav\u00ebs e zhvendos ekspedit\u00ebn dhjet\u00ebvje\u00e7are n\u00eb Risan, t\u00eb Malit t\u00eb Zi, nj\u00eb kryeqend\u00ebr e mbret\u00ebris\u00eb Ilire n\u00ebn [&hellip;]","og_url":"https:\/\/fjala.info\/2009-2015\/iliret-nje-paragjykim-po-nderron\/","og_site_name":"FjALA e LIR\u00cb - Arkivi","article_published_time":"2010-10-26T21:48:36+00:00","og_image":[{"url":"http:\/\/fjala.shkoder.net\/wp-content\/uploads\/2010\/10\/luftetar_ilir.jpg","type":"","width":"","height":""}],"author":"admin","twitter_card":"summary_large_image","twitter_misc":{"Written by":"admin","Est. reading time":"8 minutes"},"schema":{"@context":"https:\/\/schema.org","@graph":[{"@type":"Article","@id":"https:\/\/fjala.info\/2009-2015\/iliret-nje-paragjykim-po-nderron\/#article","isPartOf":{"@id":"https:\/\/fjala.info\/2009-2015\/iliret-nje-paragjykim-po-nderron\/"},"author":{"name":"admin","@id":"https:\/\/fjala.info\/2009-2015\/#\/schema\/person\/3aa1163ef05469c496fc94e77611ada2"},"headline":"Ilir\u00ebt, nj\u00eb paragjykim po nd\u00ebrron","datePublished":"2010-10-26T21:48:36+00:00","mainEntityOfPage":{"@id":"https:\/\/fjala.info\/2009-2015\/iliret-nje-paragjykim-po-nderron\/"},"wordCount":1694,"commentCount":0,"publisher":{"@id":"https:\/\/fjala.info\/2009-2015\/#organization"},"image":{"@id":"https:\/\/fjala.info\/2009-2015\/iliret-nje-paragjykim-po-nderron\/#primaryimage"},"thumbnailUrl":"http:\/\/fjala.shkoder.net\/wp-content\/uploads\/2010\/10\/luftetar_ilir.jpg","articleSection":["Artikuj","Intervista"],"inLanguage":"sq-AL","potentialAction":[{"@type":"CommentAction","name":"Comment","target":["https:\/\/fjala.info\/2009-2015\/iliret-nje-paragjykim-po-nderron\/#respond"]}]},{"@type":"WebPage","@id":"https:\/\/fjala.info\/2009-2015\/iliret-nje-paragjykim-po-nderron\/","url":"https:\/\/fjala.info\/2009-2015\/iliret-nje-paragjykim-po-nderron\/","name":"Ilir\u00ebt, nj\u00eb paragjykim po nd\u00ebrron - FjALA e LIR\u00cb - Arkivi","isPartOf":{"@id":"https:\/\/fjala.info\/2009-2015\/#website"},"primaryImageOfPage":{"@id":"https:\/\/fjala.info\/2009-2015\/iliret-nje-paragjykim-po-nderron\/#primaryimage"},"image":{"@id":"https:\/\/fjala.info\/2009-2015\/iliret-nje-paragjykim-po-nderron\/#primaryimage"},"thumbnailUrl":"http:\/\/fjala.shkoder.net\/wp-content\/uploads\/2010\/10\/luftetar_ilir.jpg","datePublished":"2010-10-26T21:48:36+00:00","breadcrumb":{"@id":"https:\/\/fjala.info\/2009-2015\/iliret-nje-paragjykim-po-nderron\/#breadcrumb"},"inLanguage":"sq-AL","potentialAction":[{"@type":"ReadAction","target":["https:\/\/fjala.info\/2009-2015\/iliret-nje-paragjykim-po-nderron\/"]}]},{"@type":"ImageObject","inLanguage":"sq-AL","@id":"https:\/\/fjala.info\/2009-2015\/iliret-nje-paragjykim-po-nderron\/#primaryimage","url":"http:\/\/fjala.shkoder.net\/wp-content\/uploads\/2010\/10\/luftetar_ilir.jpg","contentUrl":"http:\/\/fjala.shkoder.net\/wp-content\/uploads\/2010\/10\/luftetar_ilir.jpg"},{"@type":"BreadcrumbList","@id":"https:\/\/fjala.info\/2009-2015\/iliret-nje-paragjykim-po-nderron\/#breadcrumb","itemListElement":[{"@type":"ListItem","position":1,"name":"Home","item":"https:\/\/fjala.info\/2009-2015\/"},{"@type":"ListItem","position":2,"name":"Ilir\u00ebt, nj\u00eb paragjykim po nd\u00ebrron"}]},{"@type":"WebSite","@id":"https:\/\/fjala.info\/2009-2015\/#website","url":"https:\/\/fjala.info\/2009-2015\/","name":"FjALA e LIR\u00cb - Arkivi","description":"Arkivi 2009-2015","publisher":{"@id":"https:\/\/fjala.info\/2009-2015\/#organization"},"potentialAction":[{"@type":"SearchAction","target":{"@type":"EntryPoint","urlTemplate":"https:\/\/fjala.info\/2009-2015\/?s={search_term_string}"},"query-input":{"@type":"PropertyValueSpecification","valueRequired":true,"valueName":"search_term_string"}}],"inLanguage":"sq-AL"},{"@type":"Organization","@id":"https:\/\/fjala.info\/2009-2015\/#organization","name":"FjALA e LIR\u00cb - Arkivi","url":"https:\/\/fjala.info\/2009-2015\/","logo":{"@type":"ImageObject","inLanguage":"sq-AL","@id":"https:\/\/fjala.info\/2009-2015\/#\/schema\/logo\/image\/","url":"","contentUrl":"","caption":"FjALA e LIR\u00cb - Arkivi"},"image":{"@id":"https:\/\/fjala.info\/2009-2015\/#\/schema\/logo\/image\/"}},{"@type":"Person","@id":"https:\/\/fjala.info\/2009-2015\/#\/schema\/person\/3aa1163ef05469c496fc94e77611ada2","name":"admin","image":{"@type":"ImageObject","inLanguage":"sq-AL","@id":"https:\/\/fjala.info\/2009-2015\/wp-content\/uploads\/2012\/02\/arben_cokaj-120x150.jpg","url":"https:\/\/fjala.info\/2009-2015\/wp-content\/uploads\/2012\/02\/arben_cokaj-120x150.jpg","contentUrl":"https:\/\/fjala.info\/2009-2015\/wp-content\/uploads\/2012\/02\/arben_cokaj-120x150.jpg","caption":"admin"},"description":"Admin, Fjala e Lir\u00eb","sameAs":["https:\/\/fjala.info\/"],"url":"https:\/\/fjala.info\/2009-2015\/author\/admin\/"}]}},"_links":{"self":[{"href":"https:\/\/fjala.info\/2009-2015\/wp-json\/wp\/v2\/posts\/4427","targetHints":{"allow":["GET"]}}],"collection":[{"href":"https:\/\/fjala.info\/2009-2015\/wp-json\/wp\/v2\/posts"}],"about":[{"href":"https:\/\/fjala.info\/2009-2015\/wp-json\/wp\/v2\/types\/post"}],"author":[{"embeddable":true,"href":"https:\/\/fjala.info\/2009-2015\/wp-json\/wp\/v2\/users\/1"}],"replies":[{"embeddable":true,"href":"https:\/\/fjala.info\/2009-2015\/wp-json\/wp\/v2\/comments?post=4427"}],"version-history":[{"count":0,"href":"https:\/\/fjala.info\/2009-2015\/wp-json\/wp\/v2\/posts\/4427\/revisions"}],"wp:attachment":[{"href":"https:\/\/fjala.info\/2009-2015\/wp-json\/wp\/v2\/media?parent=4427"}],"wp:term":[{"taxonomy":"category","embeddable":true,"href":"https:\/\/fjala.info\/2009-2015\/wp-json\/wp\/v2\/categories?post=4427"},{"taxonomy":"post_tag","embeddable":true,"href":"https:\/\/fjala.info\/2009-2015\/wp-json\/wp\/v2\/tags?post=4427"}],"curies":[{"name":"wp","href":"https:\/\/api.w.org\/{rel}","templated":true}]}}