{"id":4415,"date":"2010-10-22T21:01:02","date_gmt":"2010-10-22T20:01:02","guid":{"rendered":"http:\/\/fjala.shkoder.net\/?p=4415"},"modified":"2010-10-22T21:01:02","modified_gmt":"2010-10-22T20:01:02","slug":"shumica-e-rene-qeveria-e-mbetur","status":"publish","type":"post","link":"https:\/\/fjala.info\/2009-2015\/shumica-e-rene-qeveria-e-mbetur\/","title":{"rendered":"Shumica e r\u00ebn\u00eb, qeveria e mbetur"},"content":{"rendered":"<p><img loading=\"lazy\" decoding=\"async\" class=\"alignleft size-full wp-image-4417\" title=\"Aleksand\u00ebr \u00c7ipa\" src=\"http:\/\/fjala.shkoder.net\/wp-content\/uploads\/2010\/10\/aleksander_cipa.jpg\" alt=\"\" width=\"150\" height=\"112\" \/><br \/>\n<strong>Aleksand\u00ebr \u00c7ipa<\/strong><\/p>\n<p>Kryeministri Berisha \u00ebsht\u00eb tashm\u00eb nj\u00eb kryesues i shumic\u00ebs s\u00eb r\u00ebn\u00eb parlamentare. Pas votimit t\u00eb djesh\u00ebm n\u00eb Kuvend, shum\u00ebkush beson se moralisht kjo qeverisje nuk g\u00ebzon specifikisht mb\u00ebshtetjen e shumic\u00ebs reale politike dhe se i ashtuquajturi \u201cng\u00ebr\u00e7 politik\u201d ka shtuar dimensionin e tij real, duke u shfaqur si nj\u00eb proces i nj\u00eb krize vijuese politike.<\/p>\n<p>Pas k\u00ebsaj, qytetar\u00ebt e k\u00ebtij vendi kan\u00eb p\u00ebr t\u00eb qen\u00eb d\u00ebshmitar\u00eb t\u00eb vjet\u00ebr t\u00eb kulisave t\u00eb reja partiake, parlamentare, politike dhe koalicioniste. N\u00eb k\u00ebt\u00eb gjendje, politika e vendit po inspiron protagoniz\u00ebm t\u00eb ri politikan\u00ebsh, t\u00eb cil\u00ebt jo vet\u00ebm q\u00eb jan\u00eb t\u00eb prirur p\u00ebr trafikim t\u00eb influenc\u00ebs dhe t\u00eb pazarit grupal e individual, por po kaotizojn\u00eb normat e p\u00ebrfaq\u00ebsimit plural n\u00eb jet\u00ebn parlamentare t\u00eb vendit dhe po priren t\u00eb cenojn\u00eb cil\u00ebsin\u00eb reale t\u00eb p\u00ebrfaq\u00ebsimit t\u00eb mandatuar.<\/p>\n<p>Opozita e kryesuar prej zotit Edi Rama, e cila u mbajt fort dhe k\u00ebmb\u00ebngulsh\u00ebm p\u00ebr transparenc\u00ebn e procesit zgjedhor t\u00eb vitit 2009, n\u00eb kaq koh\u00eb, ka mb\u00ebrritur aktualisht n\u00eb nj\u00eb moment t\u00eb ri p\u00ebrgjegj\u00ebsie politike. K\u00ebt\u00eb p\u00ebrgjegj\u00ebsi t\u00eb re politike q\u00eb vetvetiu merr k\u00ebto dit\u00eb opozita, ka r\u00ebnd\u00ebsi ta kuptoj\u00eb e para qeveria. Drejtkuptimi i k\u00ebsaj r\u00ebnd\u00ebsie lidhet me nd\u00ebrgjegjen dhe p\u00ebrgjegj\u00ebsin\u00eb q\u00eb kjo klas\u00eb politike ka p\u00ebr realitetin institucional t\u00eb vendit dhe sidomos p\u00ebr funksionalitetin shtet\u00ebror. P\u00ebrvoja dhe historia politike q\u00eb ka krijuar n\u00eb k\u00ebto dy dekada pjesa d\u00ebrmuese e k\u00ebsaj elite politike n\u00eb vend, jan\u00eb arsye e fuqishme penguese p\u00ebr t\u00eb mos shkaktuar kosto dhe p\u00ebr t\u00eb mos r\u00ebn\u00eb pre e daljes nga shina politik\u00ebb\u00ebr\u00ebse.<\/p>\n<p>Kryeministri Berisha dhe aktor\u00ebt e tjer\u00eb kryesor\u00eb t\u00eb politik\u00ebb\u00ebrjes n\u00eb vend jan\u00eb momentalisht n\u00eb nj\u00eb kapitull t\u00eb ri dhe t\u00eb v\u00ebshtir\u00eb t\u00eb loj\u00ebs dhe veprimit t\u00eb m\u00ebtejsh\u00ebm politik t\u00eb tyre.<\/p>\n<p>Fjala \u00ebsht\u00eb p\u00ebr aktin q\u00eb e nxjerr situat\u00ebn nga statusquo-ja dhe i nxit protagonist\u00ebt politik\u00ebb\u00ebr\u00ebs t\u00eb sillen me loj\u00ebn politike jo si zot\u00ebrues t\u00eb saj, por si t\u00eb imponuar prej saj, t\u00eb sillen me loj\u00ebn e v\u00ebshtir\u00eb si lojtar\u00eb q\u00eb kan\u00eb jo vet\u00ebm detyrimin, por edhe shpirtin p\u00ebr nj\u00eb sukses dhe jo d\u00ebshtim.<\/p>\n<p>K\u00ebsaj here kjo loj\u00eb politike n\u00eb vend \u00ebsht\u00eb shum\u00eb e v\u00ebshtir\u00eb, madje jo vet\u00ebm e till\u00eb, por edhe komplekse. P\u00ebrcaktueshm\u00ebrish vler\u00ebsimin e rrezikshm\u00ebris\u00eb s\u00eb saj nd\u00ebr gjith\u00eb diplomat\u00ebt e huaj e dha dje z\u00ebvend\u00ebs sekretari amerikan p\u00ebr Europ\u00ebn, zoti Thomas Countryman, i cili u shpreh: \u201cE vetmja k\u00ebshill\u00eb q\u00eb un\u00eb u ofrova nj\u00ebsoj t\u00eb dyja pal\u00ebve \u00ebsht\u00eb se n\u00eb situata t\u00eb tilla, si diplomat\u00eb apo politikan\u00eb ka nj\u00eb moment kur ju duhet t\u00eb shkoni p\u00ebrtej pozicioneve parimore, p\u00ebr t\u00eb shkuar te zgjidhjet praktike&#8230; Kap\u00ebrcimi i pozicioneve aktuale pa sforcuar pal\u00ebn tjet\u00ebr q\u00eb t\u00eb dor\u00ebzohet nga t\u00eb gjitha pozicionet e saj \u00ebsht\u00eb thelbi i politik\u00ebs apo diplomacis\u00eb n\u00eb \u00e7do demokraci parlamentare&#8230;\u201d.<\/p>\n<p>E marr\u00eb n\u00eb thelbin e vet, kjo nd\u00ebrhyrje lidhet pik\u00ebrisht me p\u00ebrgjegj\u00ebsin\u00eb e pal\u00ebve p\u00ebr t\u00eb respektuar demokracin\u00eb parlamentare dhe t\u00eb hiqet dor\u00eb prej korruptimit t\u00eb saj, p\u00ebrmes manovrave apo tendencave trafikuese t\u00eb cilat mund t\u00eb japin zgjidhje situatash t\u00eb \u00e7astit, por gjenerojn\u00eb m\u00eb tep\u00ebr paq\u00ebndrueshm\u00ebri dhe shnd\u00ebrrohen n\u00eb b\u00ebrtham\u00eb e rrezikshme krize dhe konfliktesh.<\/p>\n<p>Loja p\u00ebr t\u00eb cil\u00ebn edhe autoritetet nd\u00ebrkomb\u00ebtare shprehen se mbart rreziqe n\u00eb koh\u00ebzgjatjen e saj, pas k\u00ebsaj q\u00eb ndodhi dje n\u00eb Parlament, nuk \u00ebsht\u00eb m\u00eb e till\u00eb. Ajo po rrezikon t\u00eb transformohet n\u00eb nj\u00eb proces q\u00eb leht\u00ebsisht mund t\u00eb orientohet drejt dy dyerve t\u00eb pran\u00ebgjendshme:<\/p>\n<p>At\u00eb t\u00eb kriz\u00ebs dhe konfliktualitetit me t\u00eb papritura dhe kosto t\u00eb pamenduara dhe&#8230;<\/p>\n<p>At\u00eb t\u00eb lidhur me rrug\u00ebn e gjer\u00eb t\u00eb procesit t\u00eb patrazuar t\u00eb ecjes integruese dhe q\u00eb t\u00eb \u00e7on normalisht n\u00eb integrimet q\u00eb i largohen \u00e7do krize.<\/p>\n<p>R\u00ebnia numerike e shumic\u00ebs n\u00eb votimet e djeshme mund t\u00eb inspiroj\u00eb skemat e trafikimit dhe t\u00eb aleancave komprometuese, t\u00eb cilat jan\u00eb zakonsh\u00ebm form\u00ebsime marr\u00ebdh\u00ebniesh komprometuese dhe abuzuese. T\u00eb tilla l\u00ebvizje shpesh favorizojn\u00eb spostimin e vler\u00ebs reale t\u00eb p\u00ebrfaq\u00ebsimit dhe shp\u00ebrfilljen e detyrimit ndaj mandatit dhe p\u00ebrkat\u00ebsis\u00eb s\u00eb tij. Pran\u00eb k\u00ebsaj situate dhe sidomos r\u00ebnies numerike t\u00eb shumic\u00ebs, ka aktualisht m\u00eb shum\u00eb se kurr\u00eb kulisa dhe protagonist\u00eb t\u00eb tyre. Loja p\u00ebr shtimin e kulisave nuk \u00ebsht\u00eb merit\u00eb, protagonizmi p\u00ebr pak\u00ebsimin dhe kap\u00ebrcimin e tyre \u00ebsht\u00eb p\u00ebrgjegj\u00ebsi. Akti i djesh\u00ebm n\u00eb Parlament \u00ebsht\u00eb shenja e mjaftueshme q\u00eb dy aktor\u00ebt kryesor\u00eb t\u00eb k\u00ebsaj skene politike, Kryeministri Berisha dhe kryeopozitari Rama t\u00eb zbresin n\u00eb terrenin e zgjidhjes praktike, jo duke vijuar secili loj\u00ebn e teatrit parcial, por t\u00eb nj\u00eb marr\u00ebdh\u00ebnieje t\u00eb hapur publike p\u00ebr zgjidhje politike.<\/p>\n<p>N\u00eb vendin me nj\u00eb shumic\u00eb parlamentare t\u00eb r\u00ebn\u00eb, nuk mund t\u00eb investohet kulti i nj\u00eb qeverie vet\u00ebl\u00ebvduese. Diferencat mes gjendjes dhe situat\u00ebs q\u00eb ofertohet po b\u00ebhen \u00e7do dit\u00eb evidente. Kjo nxjerr zbuluar jo vet\u00ebm ata q\u00eb b\u00ebjn\u00eb avokatin\u00eb e suksesit apo t\u00eb mandatit qeveris\u00ebs, por m\u00eb s\u00eb shumti edhe t\u00eb heshturit dhe t\u00eb interesuarit p\u00ebr shum\u00ebfishimin e kulisave. Nga ng\u00ebr\u00e7i n\u00eb ng\u00ebr\u00e7 nuk mund t\u00eb shkohet. Koha e pafundme e k\u00ebtij lloji ng\u00ebr\u00e7i politik nuk nd\u00ebshkon vet\u00ebm qeveris\u00ebsin, por nis t\u00eb penalizoj\u00eb edhe opozit\u00ebn q\u00eb b\u00ebhet pre e koh\u00ebs s\u00eb rrjedhur n\u00eb m\u00ebshir\u00eb t\u00eb fatit. Ky ng\u00ebr\u00e7 n\u00eb marr\u00ebdh\u00ebniet e k\u00ebsaj periudhe mes pozit\u00ebs dhe opozit\u00ebs, apo m\u00eb sakt\u00eb mes zotit Berisha dhe zotit Rama, nuk mund t\u00eb marr\u00eb form\u00ebn e klepsidr\u00ebs me l\u00ebnd\u00ebn klasike n\u00eb brend\u00ebsi.<\/p>\n","protected":false},"excerpt":{"rendered":"<p>Aleksand\u00ebr \u00c7ipa Kryeministri Berisha \u00ebsht\u00eb tashm\u00eb nj\u00eb kryesues i shumic\u00ebs s\u00eb r\u00ebn\u00eb parlamentare. Pas votimit t\u00eb djesh\u00ebm n\u00eb Kuvend, shum\u00ebkush beson se moralisht kjo qeverisje nuk g\u00ebzon specifikisht mb\u00ebshtetjen e shumic\u00ebs reale politike dhe se i ashtuquajturi \u201cng\u00ebr\u00e7 politik\u201d ka shtuar dimensionin e tij real, duke u shfaqur si nj\u00eb proces i nj\u00eb krize vijuese [&hellip;]<\/p>\n","protected":false},"author":1,"featured_media":0,"comment_status":"open","ping_status":"closed","sticky":false,"template":"","format":"standard","meta":{"footnotes":""},"categories":[2],"tags":[],"class_list":{"0":"post-4415","1":"post","2":"type-post","3":"status-publish","4":"format-standard","6":"category-artikuj"},"yoast_head":"<!-- This site is optimized with the Yoast SEO plugin v27.4 - https:\/\/yoast.com\/product\/yoast-seo-wordpress\/ -->\n<title>Shumica e r\u00ebn\u00eb, qeveria e mbetur - FjALA e LIR\u00cb - Arkivi<\/title>\n<meta name=\"robots\" content=\"index, follow, max-snippet:-1, max-image-preview:large, max-video-preview:-1\" \/>\n<link rel=\"canonical\" href=\"https:\/\/fjala.info\/2009-2015\/shumica-e-rene-qeveria-e-mbetur\/\" \/>\n<meta property=\"og:locale\" content=\"sq_AL\" \/>\n<meta property=\"og:type\" content=\"article\" \/>\n<meta property=\"og:title\" content=\"Shumica e r\u00ebn\u00eb, qeveria e mbetur - FjALA e LIR\u00cb - Arkivi\" \/>\n<meta property=\"og:description\" content=\"Aleksand\u00ebr \u00c7ipa Kryeministri Berisha \u00ebsht\u00eb tashm\u00eb nj\u00eb kryesues i shumic\u00ebs s\u00eb r\u00ebn\u00eb parlamentare. Pas votimit t\u00eb djesh\u00ebm n\u00eb Kuvend, shum\u00ebkush beson se moralisht kjo qeverisje nuk g\u00ebzon specifikisht mb\u00ebshtetjen e shumic\u00ebs reale politike dhe se i ashtuquajturi \u201cng\u00ebr\u00e7 politik\u201d ka shtuar dimensionin e tij real, duke u shfaqur si nj\u00eb proces i nj\u00eb krize vijuese [&hellip;]\" \/>\n<meta property=\"og:url\" content=\"https:\/\/fjala.info\/2009-2015\/shumica-e-rene-qeveria-e-mbetur\/\" \/>\n<meta property=\"og:site_name\" content=\"FjALA e LIR\u00cb - Arkivi\" \/>\n<meta property=\"article:published_time\" content=\"2010-10-22T20:01:02+00:00\" \/>\n<meta property=\"og:image\" content=\"http:\/\/fjala.shkoder.net\/wp-content\/uploads\/2010\/10\/aleksander_cipa.jpg\" \/>\n<meta name=\"author\" content=\"admin\" \/>\n<meta name=\"twitter:card\" content=\"summary_large_image\" \/>\n<meta name=\"twitter:label1\" content=\"Written by\" \/>\n\t<meta name=\"twitter:data1\" content=\"admin\" \/>\n\t<meta name=\"twitter:label2\" content=\"Est. reading time\" \/>\n\t<meta name=\"twitter:data2\" content=\"5 minutes\" \/>\n<script type=\"application\/ld+json\" class=\"yoast-schema-graph\">{\"@context\":\"https:\\\/\\\/schema.org\",\"@graph\":[{\"@type\":\"Article\",\"@id\":\"https:\\\/\\\/fjala.info\\\/2009-2015\\\/shumica-e-rene-qeveria-e-mbetur\\\/#article\",\"isPartOf\":{\"@id\":\"https:\\\/\\\/fjala.info\\\/2009-2015\\\/shumica-e-rene-qeveria-e-mbetur\\\/\"},\"author\":{\"name\":\"admin\",\"@id\":\"https:\\\/\\\/fjala.info\\\/2009-2015\\\/#\\\/schema\\\/person\\\/3aa1163ef05469c496fc94e77611ada2\"},\"headline\":\"Shumica e r\u00ebn\u00eb, qeveria e mbetur\",\"datePublished\":\"2010-10-22T20:01:02+00:00\",\"mainEntityOfPage\":{\"@id\":\"https:\\\/\\\/fjala.info\\\/2009-2015\\\/shumica-e-rene-qeveria-e-mbetur\\\/\"},\"wordCount\":1034,\"commentCount\":0,\"publisher\":{\"@id\":\"https:\\\/\\\/fjala.info\\\/2009-2015\\\/#organization\"},\"image\":{\"@id\":\"https:\\\/\\\/fjala.info\\\/2009-2015\\\/shumica-e-rene-qeveria-e-mbetur\\\/#primaryimage\"},\"thumbnailUrl\":\"http:\\\/\\\/fjala.shkoder.net\\\/wp-content\\\/uploads\\\/2010\\\/10\\\/aleksander_cipa.jpg\",\"articleSection\":[\"Artikuj\"],\"inLanguage\":\"sq-AL\",\"potentialAction\":[{\"@type\":\"CommentAction\",\"name\":\"Comment\",\"target\":[\"https:\\\/\\\/fjala.info\\\/2009-2015\\\/shumica-e-rene-qeveria-e-mbetur\\\/#respond\"]}]},{\"@type\":\"WebPage\",\"@id\":\"https:\\\/\\\/fjala.info\\\/2009-2015\\\/shumica-e-rene-qeveria-e-mbetur\\\/\",\"url\":\"https:\\\/\\\/fjala.info\\\/2009-2015\\\/shumica-e-rene-qeveria-e-mbetur\\\/\",\"name\":\"Shumica e r\u00ebn\u00eb, qeveria e mbetur - FjALA e LIR\u00cb - Arkivi\",\"isPartOf\":{\"@id\":\"https:\\\/\\\/fjala.info\\\/2009-2015\\\/#website\"},\"primaryImageOfPage\":{\"@id\":\"https:\\\/\\\/fjala.info\\\/2009-2015\\\/shumica-e-rene-qeveria-e-mbetur\\\/#primaryimage\"},\"image\":{\"@id\":\"https:\\\/\\\/fjala.info\\\/2009-2015\\\/shumica-e-rene-qeveria-e-mbetur\\\/#primaryimage\"},\"thumbnailUrl\":\"http:\\\/\\\/fjala.shkoder.net\\\/wp-content\\\/uploads\\\/2010\\\/10\\\/aleksander_cipa.jpg\",\"datePublished\":\"2010-10-22T20:01:02+00:00\",\"breadcrumb\":{\"@id\":\"https:\\\/\\\/fjala.info\\\/2009-2015\\\/shumica-e-rene-qeveria-e-mbetur\\\/#breadcrumb\"},\"inLanguage\":\"sq-AL\",\"potentialAction\":[{\"@type\":\"ReadAction\",\"target\":[\"https:\\\/\\\/fjala.info\\\/2009-2015\\\/shumica-e-rene-qeveria-e-mbetur\\\/\"]}]},{\"@type\":\"ImageObject\",\"inLanguage\":\"sq-AL\",\"@id\":\"https:\\\/\\\/fjala.info\\\/2009-2015\\\/shumica-e-rene-qeveria-e-mbetur\\\/#primaryimage\",\"url\":\"http:\\\/\\\/fjala.shkoder.net\\\/wp-content\\\/uploads\\\/2010\\\/10\\\/aleksander_cipa.jpg\",\"contentUrl\":\"http:\\\/\\\/fjala.shkoder.net\\\/wp-content\\\/uploads\\\/2010\\\/10\\\/aleksander_cipa.jpg\"},{\"@type\":\"BreadcrumbList\",\"@id\":\"https:\\\/\\\/fjala.info\\\/2009-2015\\\/shumica-e-rene-qeveria-e-mbetur\\\/#breadcrumb\",\"itemListElement\":[{\"@type\":\"ListItem\",\"position\":1,\"name\":\"Home\",\"item\":\"https:\\\/\\\/fjala.info\\\/2009-2015\\\/\"},{\"@type\":\"ListItem\",\"position\":2,\"name\":\"Shumica e r\u00ebn\u00eb, qeveria e mbetur\"}]},{\"@type\":\"WebSite\",\"@id\":\"https:\\\/\\\/fjala.info\\\/2009-2015\\\/#website\",\"url\":\"https:\\\/\\\/fjala.info\\\/2009-2015\\\/\",\"name\":\"FjALA e LIR\u00cb - Arkivi\",\"description\":\"Arkivi 2009-2015\",\"publisher\":{\"@id\":\"https:\\\/\\\/fjala.info\\\/2009-2015\\\/#organization\"},\"potentialAction\":[{\"@type\":\"SearchAction\",\"target\":{\"@type\":\"EntryPoint\",\"urlTemplate\":\"https:\\\/\\\/fjala.info\\\/2009-2015\\\/?s={search_term_string}\"},\"query-input\":{\"@type\":\"PropertyValueSpecification\",\"valueRequired\":true,\"valueName\":\"search_term_string\"}}],\"inLanguage\":\"sq-AL\"},{\"@type\":\"Organization\",\"@id\":\"https:\\\/\\\/fjala.info\\\/2009-2015\\\/#organization\",\"name\":\"FjALA e LIR\u00cb - Arkivi\",\"url\":\"https:\\\/\\\/fjala.info\\\/2009-2015\\\/\",\"logo\":{\"@type\":\"ImageObject\",\"inLanguage\":\"sq-AL\",\"@id\":\"https:\\\/\\\/fjala.info\\\/2009-2015\\\/#\\\/schema\\\/logo\\\/image\\\/\",\"url\":\"\",\"contentUrl\":\"\",\"caption\":\"FjALA e LIR\u00cb - Arkivi\"},\"image\":{\"@id\":\"https:\\\/\\\/fjala.info\\\/2009-2015\\\/#\\\/schema\\\/logo\\\/image\\\/\"}},{\"@type\":\"Person\",\"@id\":\"https:\\\/\\\/fjala.info\\\/2009-2015\\\/#\\\/schema\\\/person\\\/3aa1163ef05469c496fc94e77611ada2\",\"name\":\"admin\",\"image\":{\"@type\":\"ImageObject\",\"inLanguage\":\"sq-AL\",\"@id\":\"https:\\\/\\\/fjala.info\\\/2009-2015\\\/wp-content\\\/uploads\\\/2012\\\/02\\\/arben_cokaj-120x150.jpg\",\"url\":\"https:\\\/\\\/fjala.info\\\/2009-2015\\\/wp-content\\\/uploads\\\/2012\\\/02\\\/arben_cokaj-120x150.jpg\",\"contentUrl\":\"https:\\\/\\\/fjala.info\\\/2009-2015\\\/wp-content\\\/uploads\\\/2012\\\/02\\\/arben_cokaj-120x150.jpg\",\"caption\":\"admin\"},\"description\":\"Admin, Fjala e Lir\u00eb\",\"sameAs\":[\"https:\\\/\\\/fjala.info\\\/\"],\"url\":\"https:\\\/\\\/fjala.info\\\/2009-2015\\\/author\\\/admin\\\/\"}]}<\/script>\n<!-- \/ Yoast SEO plugin. -->","yoast_head_json":{"title":"Shumica e r\u00ebn\u00eb, qeveria e mbetur - FjALA e LIR\u00cb - Arkivi","robots":{"index":"index","follow":"follow","max-snippet":"max-snippet:-1","max-image-preview":"max-image-preview:large","max-video-preview":"max-video-preview:-1"},"canonical":"https:\/\/fjala.info\/2009-2015\/shumica-e-rene-qeveria-e-mbetur\/","og_locale":"sq_AL","og_type":"article","og_title":"Shumica e r\u00ebn\u00eb, qeveria e mbetur - FjALA e LIR\u00cb - Arkivi","og_description":"Aleksand\u00ebr \u00c7ipa Kryeministri Berisha \u00ebsht\u00eb tashm\u00eb nj\u00eb kryesues i shumic\u00ebs s\u00eb r\u00ebn\u00eb parlamentare. Pas votimit t\u00eb djesh\u00ebm n\u00eb Kuvend, shum\u00ebkush beson se moralisht kjo qeverisje nuk g\u00ebzon specifikisht mb\u00ebshtetjen e shumic\u00ebs reale politike dhe se i ashtuquajturi \u201cng\u00ebr\u00e7 politik\u201d ka shtuar dimensionin e tij real, duke u shfaqur si nj\u00eb proces i nj\u00eb krize vijuese [&hellip;]","og_url":"https:\/\/fjala.info\/2009-2015\/shumica-e-rene-qeveria-e-mbetur\/","og_site_name":"FjALA e LIR\u00cb - Arkivi","article_published_time":"2010-10-22T20:01:02+00:00","og_image":[{"url":"http:\/\/fjala.shkoder.net\/wp-content\/uploads\/2010\/10\/aleksander_cipa.jpg","type":"","width":"","height":""}],"author":"admin","twitter_card":"summary_large_image","twitter_misc":{"Written by":"admin","Est. reading time":"5 minutes"},"schema":{"@context":"https:\/\/schema.org","@graph":[{"@type":"Article","@id":"https:\/\/fjala.info\/2009-2015\/shumica-e-rene-qeveria-e-mbetur\/#article","isPartOf":{"@id":"https:\/\/fjala.info\/2009-2015\/shumica-e-rene-qeveria-e-mbetur\/"},"author":{"name":"admin","@id":"https:\/\/fjala.info\/2009-2015\/#\/schema\/person\/3aa1163ef05469c496fc94e77611ada2"},"headline":"Shumica e r\u00ebn\u00eb, qeveria e mbetur","datePublished":"2010-10-22T20:01:02+00:00","mainEntityOfPage":{"@id":"https:\/\/fjala.info\/2009-2015\/shumica-e-rene-qeveria-e-mbetur\/"},"wordCount":1034,"commentCount":0,"publisher":{"@id":"https:\/\/fjala.info\/2009-2015\/#organization"},"image":{"@id":"https:\/\/fjala.info\/2009-2015\/shumica-e-rene-qeveria-e-mbetur\/#primaryimage"},"thumbnailUrl":"http:\/\/fjala.shkoder.net\/wp-content\/uploads\/2010\/10\/aleksander_cipa.jpg","articleSection":["Artikuj"],"inLanguage":"sq-AL","potentialAction":[{"@type":"CommentAction","name":"Comment","target":["https:\/\/fjala.info\/2009-2015\/shumica-e-rene-qeveria-e-mbetur\/#respond"]}]},{"@type":"WebPage","@id":"https:\/\/fjala.info\/2009-2015\/shumica-e-rene-qeveria-e-mbetur\/","url":"https:\/\/fjala.info\/2009-2015\/shumica-e-rene-qeveria-e-mbetur\/","name":"Shumica e r\u00ebn\u00eb, qeveria e mbetur - FjALA e LIR\u00cb - Arkivi","isPartOf":{"@id":"https:\/\/fjala.info\/2009-2015\/#website"},"primaryImageOfPage":{"@id":"https:\/\/fjala.info\/2009-2015\/shumica-e-rene-qeveria-e-mbetur\/#primaryimage"},"image":{"@id":"https:\/\/fjala.info\/2009-2015\/shumica-e-rene-qeveria-e-mbetur\/#primaryimage"},"thumbnailUrl":"http:\/\/fjala.shkoder.net\/wp-content\/uploads\/2010\/10\/aleksander_cipa.jpg","datePublished":"2010-10-22T20:01:02+00:00","breadcrumb":{"@id":"https:\/\/fjala.info\/2009-2015\/shumica-e-rene-qeveria-e-mbetur\/#breadcrumb"},"inLanguage":"sq-AL","potentialAction":[{"@type":"ReadAction","target":["https:\/\/fjala.info\/2009-2015\/shumica-e-rene-qeveria-e-mbetur\/"]}]},{"@type":"ImageObject","inLanguage":"sq-AL","@id":"https:\/\/fjala.info\/2009-2015\/shumica-e-rene-qeveria-e-mbetur\/#primaryimage","url":"http:\/\/fjala.shkoder.net\/wp-content\/uploads\/2010\/10\/aleksander_cipa.jpg","contentUrl":"http:\/\/fjala.shkoder.net\/wp-content\/uploads\/2010\/10\/aleksander_cipa.jpg"},{"@type":"BreadcrumbList","@id":"https:\/\/fjala.info\/2009-2015\/shumica-e-rene-qeveria-e-mbetur\/#breadcrumb","itemListElement":[{"@type":"ListItem","position":1,"name":"Home","item":"https:\/\/fjala.info\/2009-2015\/"},{"@type":"ListItem","position":2,"name":"Shumica e r\u00ebn\u00eb, qeveria e mbetur"}]},{"@type":"WebSite","@id":"https:\/\/fjala.info\/2009-2015\/#website","url":"https:\/\/fjala.info\/2009-2015\/","name":"FjALA e LIR\u00cb - Arkivi","description":"Arkivi 2009-2015","publisher":{"@id":"https:\/\/fjala.info\/2009-2015\/#organization"},"potentialAction":[{"@type":"SearchAction","target":{"@type":"EntryPoint","urlTemplate":"https:\/\/fjala.info\/2009-2015\/?s={search_term_string}"},"query-input":{"@type":"PropertyValueSpecification","valueRequired":true,"valueName":"search_term_string"}}],"inLanguage":"sq-AL"},{"@type":"Organization","@id":"https:\/\/fjala.info\/2009-2015\/#organization","name":"FjALA e LIR\u00cb - Arkivi","url":"https:\/\/fjala.info\/2009-2015\/","logo":{"@type":"ImageObject","inLanguage":"sq-AL","@id":"https:\/\/fjala.info\/2009-2015\/#\/schema\/logo\/image\/","url":"","contentUrl":"","caption":"FjALA e LIR\u00cb - Arkivi"},"image":{"@id":"https:\/\/fjala.info\/2009-2015\/#\/schema\/logo\/image\/"}},{"@type":"Person","@id":"https:\/\/fjala.info\/2009-2015\/#\/schema\/person\/3aa1163ef05469c496fc94e77611ada2","name":"admin","image":{"@type":"ImageObject","inLanguage":"sq-AL","@id":"https:\/\/fjala.info\/2009-2015\/wp-content\/uploads\/2012\/02\/arben_cokaj-120x150.jpg","url":"https:\/\/fjala.info\/2009-2015\/wp-content\/uploads\/2012\/02\/arben_cokaj-120x150.jpg","contentUrl":"https:\/\/fjala.info\/2009-2015\/wp-content\/uploads\/2012\/02\/arben_cokaj-120x150.jpg","caption":"admin"},"description":"Admin, Fjala e Lir\u00eb","sameAs":["https:\/\/fjala.info\/"],"url":"https:\/\/fjala.info\/2009-2015\/author\/admin\/"}]}},"_links":{"self":[{"href":"https:\/\/fjala.info\/2009-2015\/wp-json\/wp\/v2\/posts\/4415","targetHints":{"allow":["GET"]}}],"collection":[{"href":"https:\/\/fjala.info\/2009-2015\/wp-json\/wp\/v2\/posts"}],"about":[{"href":"https:\/\/fjala.info\/2009-2015\/wp-json\/wp\/v2\/types\/post"}],"author":[{"embeddable":true,"href":"https:\/\/fjala.info\/2009-2015\/wp-json\/wp\/v2\/users\/1"}],"replies":[{"embeddable":true,"href":"https:\/\/fjala.info\/2009-2015\/wp-json\/wp\/v2\/comments?post=4415"}],"version-history":[{"count":0,"href":"https:\/\/fjala.info\/2009-2015\/wp-json\/wp\/v2\/posts\/4415\/revisions"}],"wp:attachment":[{"href":"https:\/\/fjala.info\/2009-2015\/wp-json\/wp\/v2\/media?parent=4415"}],"wp:term":[{"taxonomy":"category","embeddable":true,"href":"https:\/\/fjala.info\/2009-2015\/wp-json\/wp\/v2\/categories?post=4415"},{"taxonomy":"post_tag","embeddable":true,"href":"https:\/\/fjala.info\/2009-2015\/wp-json\/wp\/v2\/tags?post=4415"}],"curies":[{"name":"wp","href":"https:\/\/api.w.org\/{rel}","templated":true}]}}