{"id":4350,"date":"2010-10-19T21:10:48","date_gmt":"2010-10-19T20:10:48","guid":{"rendered":"http:\/\/fjala.shkoder.net\/?p=4350"},"modified":"2010-10-19T21:10:48","modified_gmt":"2010-10-19T20:10:48","slug":"shqiptaret-te-zhgenjyer-me-zgjedhjet-e-qershorit","status":"publish","type":"post","link":"https:\/\/fjala.info\/2009-2015\/shqiptaret-te-zhgenjyer-me-zgjedhjet-e-qershorit\/","title":{"rendered":"Shqiptar\u00ebt, t\u00eb zhg\u00ebnjyer me zgjedhjet e qershorit"},"content":{"rendered":"<p><strong>Shekulli<\/strong>, <em>19.10.2010<\/em><\/p>\n<p>50 p\u00ebr qind e t\u00eb anketuarve mendojn\u00eb se vendi nuk \u00ebsht\u00eb ende gati p\u00ebr t&#8217;u an\u00ebtar\u00ebsuar n\u00eb Bashkimin Evropian<\/p>\n<p>Shqet\u00ebsues p\u00ebr qytetar\u00ebt mbetet korrupsioni, politika shqiptare dhe krimi i organizuar<\/p>\n<p>TIRAN\u00cb &#8211; Shqiptar\u00ebt mendojn\u00eb se zgjedhjet e lira dhe t\u00eb ndershme jan\u00eb faktori kryesor p\u00ebrcaktues i integrimit t\u00eb vendit n\u00eb Bashkimin Evropian. N\u00eb nj\u00eb sondazh, ata jan\u00eb shprehur se lufta kund\u00ebr korrupsionit, politika shqiptare, krimi i organizuar dhe niveli i ekonomis\u00eb shqiptare shihen si nj\u00eb penges\u00eb p\u00ebr an\u00ebtar\u00ebsimin e vendit n\u00eb BE.<\/p>\n<p>BE dhe pse niveli i optimizmit p\u00ebr an\u00ebtar\u00ebsimin n\u00eb BE vazhdon t\u00eb jet\u00eb i lart\u00eb n\u00eb radh\u00ebt e shqiptar\u00ebve, ajo ka sh\u00ebnuar r\u00ebnien nga nj\u00eb vit m\u00eb par\u00eb. Lidhur me l\u00ebvizjen e lir\u00eb, qytetar\u00ebt e shohin me skepticiz\u00ebm mund\u00ebsin\u00eb p\u00ebr t\u00eb l\u00ebvizur edhe pas liberalizimit t\u00eb vizave p\u00ebr shkak t\u00eb pamund\u00ebsis\u00eb financiare.<\/p>\n<p>Ndryshimi m\u00eb i madh k\u00ebt\u00eb vit ka ndodhur me kategorin\u00eb &#8220;zgjedhje t\u00eb lira dhe t\u00eb ndershme&#8221;, e klasifikuar shum\u00eb lart, duke sh\u00ebnuar nj\u00eb rritje me 61%. Kjo shpjegohet duke marr\u00eb parasysh zgjedhjet parlamentare t\u00eb zhvilluara n\u00eb vitin 2009 dhe ng\u00ebr\u00e7in politik q\u00eb vijoi pas tyre, q\u00eb solli nj\u00eb lloj zhg\u00ebnjimi te nj\u00eb pjes\u00eb e qytetar\u00ebve shqiptar\u00eb. Instituti i Studimeve Nd\u00ebrkomb\u00ebtare prezantoi dje studimin &#8220;Perspektiva Evropiane e Shqip\u00ebris\u00eb: Perceptime dhe realitete 2010&#8221;.<\/p>\n<p>Ky \u00ebsht\u00eb nj\u00eb studim i p\u00ebrvitsh\u00ebm q\u00eb Instituti kryen lidhur me nivelin e mb\u00ebshtetjes dhe t\u00eb kuptimit q\u00eb shoq\u00ebria shqiptare ka p\u00ebr procesin e integrimit n\u00eb Bashkimin Evropian.<\/p>\n<p>T\u00eb pyetur rreth faktor\u00ebve q\u00eb jan\u00eb p\u00ebrcaktues p\u00ebr procesin e integrimit t\u00eb vendit, qytetar\u00ebt shqiptar\u00eb vler\u00ebsojn\u00eb zgjedhjet e ndershme. Ata jan\u00eb t\u00eb zhg\u00ebnjyer me zgjedhjet e kaluara parlamentare dhe me sjelljen e klas\u00ebs son\u00eb politike.<\/p>\n<p>Studimi tregon se zgjedhjet e lira dhe t\u00eb ndershme u radhit\u00ebn t\u00eb parat (87%), ndjekur nga &#8220;lufta kund\u00ebr korrupsionit &#8220;(78%) dhe nga &#8220;politika shqiptare&#8221; (74%). Respektivisht, 73% dhe 71% e qytetar\u00ebve shqiptar\u00eb e konsiderojn\u00eb &#8220;krimin e organizuar&#8221; dhe nivelin e ekonomis\u00eb shqiptare si nj\u00eb penges\u00eb p\u00ebr an\u00ebtar\u00ebsimin e vendit n\u00eb BE.<\/p>\n<p>Faktor\u00eb t\u00eb tjer\u00eb, sipas studimit q\u00eb u radhit\u00ebn si t\u00eb r\u00ebnd\u00ebsish\u00ebm nga nj\u00eb num\u00ebr m\u00eb i vog\u00ebl qytetar\u00ebsh, ishin: procesi i decentralizimit (44%), gjendja n\u00eb rajon (33%) dhe n\u00eb vend t\u00eb fundit p\u00ebrb\u00ebrja fetare (18%).<\/p>\n<p>Ndryshimi m\u00eb i madh k\u00ebt\u00eb vit ka ndodhur me kategorin\u00eb &#8220;zgjedhje t\u00eb lira dhe t\u00eb ndershme&#8221;, e klasifikuar shum\u00eb lart, duke sh\u00ebnuar nj\u00eb rritje me 61%. Pozicioni i k\u00ebtij faktori ka ndryshuar nga vendi i tet\u00eb vitin e kaluar n\u00eb vendin e par\u00eb k\u00ebt\u00eb vit.<\/p>\n<p>&#8220;Kjo mund t\u00eb shpjegohet duke marr\u00eb parasysh zgjedhjet parlamentare t\u00eb zhvilluara n\u00eb vitin 2009 dhe ng\u00ebr\u00e7in politik q\u00eb vijoi pas tyre, q\u00eb solli nj\u00eb lloj zhg\u00ebnjimi te nj\u00eb pjes\u00eb e qytetar\u00ebve shqiptar\u00eb.<\/p>\n<p>Kriza mund t\u00eb ket\u00eb ndikuar negativisht edhe n\u00eb perceptimin e shqiptar\u00ebve ndaj \u00e7\u00ebshtjeve t\u00eb tjera politike, gj\u00eb q\u00eb shpjegon pse faktor\u00eb, si respektimi i shtetit ligjor, korrupsioni dhe politika shqiptare, jan\u00eb radhitur m\u00eb lart n\u00eb krahasim me vitin e kaluar&#8221;, &#8211; thuhet n\u00eb studimin e Institutit t\u00eb Studimeve Nd\u00ebrkomb\u00ebtare.<\/p>\n<p>Shkalla e p\u00ebrgatitjes p\u00ebr t&#8217;u an\u00ebtar\u00ebsuar n\u00eb BE<\/p>\n<p>Studimi i vitit 2010 tregon se 50 p\u00ebr qind e t\u00eb anketuarve mendojn\u00eb se vendi nuk \u00ebsht\u00eb ende gati, nd\u00ebrsa vet\u00ebm 36 p\u00ebr qind e shqiptar\u00ebve besojn\u00eb se vendi \u00ebsht\u00eb gati t\u00eb an\u00ebtar\u00ebsohet n\u00eb BE. Shifrat e vitit t\u00eb kaluar ishin p\u00ebrkat\u00ebsisht 47.9% dhe 32.9%. Krahasuar me vitin e kaluar, numri i t\u00eb anketuarve q\u00eb jan\u00eb t\u00eb pasigurt p\u00ebr aft\u00ebsit\u00eb e Shqip\u00ebris\u00eb p\u00ebr t&#8217;u an\u00ebtar\u00ebsuar n\u00eb BE mbetet pothuajse n\u00eb t\u00eb nj\u00ebjtin nivel.<\/p>\n<p>N\u00eb vitin 2009, dy kategorit\u00eb &#8220;nuk e di&#8221; dhe &#8220;pa p\u00ebrgjigje&#8221; ishin p\u00ebrkat\u00ebsish 8.2% dhe 11%. K\u00ebt\u00eb vit, p\u00ebrqindja e njer\u00ebzve q\u00eb nuk jan\u00eb t\u00eb aft\u00eb t\u00eb p\u00ebrcaktojn\u00eb n\u00ebse vendi \u00ebsht\u00eb gati t\u00eb hyj\u00eb n\u00eb BE \u00ebsht\u00eb 14%.<\/p>\n<p>Nj\u00eb analiz\u00eb rreth p\u00ebrgatitjes s\u00eb vendit p\u00ebr t\u00eb hyr\u00eb n\u00eb BE, sipas nivelit arsimor, tregon nj\u00eb prirje t\u00eb personave me arsim t\u00eb lart\u00eb dhe atyre me arsim pasuniversitar p\u00ebr t\u00eb qen\u00eb m\u00eb skeptik\u00eb. Pjesa m\u00eb e madhe e t\u00eb anketuarve n\u00eb k\u00ebt\u00eb kategori (63.9%) besojn\u00eb se vendi nuk \u00ebsht\u00eb gati p\u00ebr t&#8217;u futur n\u00eb BE.<\/p>\n<p>Liberalizimi i vizave<\/p>\n<p>Studimi tregon se n\u00eb vitin 2010 vet\u00ebm 50.3% e qytetar\u00ebve shqiptar\u00eb kan\u00eb udh\u00ebtuar jasht\u00eb shtetit. Kjo vjen p\u00ebr shkak t\u00eb pengesave q\u00eb shqiptar\u00ebt hasin p\u00ebr t\u00eb udh\u00ebtuar. Qytetar\u00ebt shqiptar\u00eb, si arsye kryesore q\u00eb nuk kan\u00eb udh\u00ebtuar jasht\u00eb shtetit, nxjerrin munges\u00ebn e viz\u00ebs (46.6%). 40.3% e tyre p\u00ebrmendin si penges\u00eb p\u00ebr t\u00eb udh\u00ebtuar arsyet ekonomike, nd\u00ebrsa 13% nuk kan\u00eb dashur t\u00eb udh\u00ebtojn\u00eb.<\/p>\n<p>R\u00ebnd\u00ebsia e an\u00ebtar\u00ebsimit n\u00eb BE p\u00ebr Shqip\u00ebrin\u00eb<\/p>\n<p>TIRAN\u00cb &#8211; Sipas t\u00eb dh\u00ebnave t\u00eb studimit t\u00eb publikuar nga Instituti i Studimeve Nd\u00ebrkomb\u00ebtare, q\u00eb i referohen r\u00ebnd\u00ebsis\u00eb q\u00eb BE-ja dhe integrimi ka p\u00ebr qytetar\u00ebt shqiptar\u00eb, paralajm\u00ebrojn\u00eb nj\u00eb r\u00ebnie t\u00eb ardhshme t\u00eb entuziazmit p\u00ebr BE-n\u00eb dhe integrimin.<\/p>\n<p>&#8220;Rezultatet e sondazhit t\u00eb vitit 2010 e p\u00ebrjashtojn\u00eb mund\u00ebsin\u00eb e rritjes s\u00eb konsiderueshme t\u00eb euro-skepticizmit mes shqiptar\u00ebve, megjith\u00ebse me nj\u00eb lexim deri diku m\u00eb t\u00eb kujdessh\u00ebm, disa t\u00eb dh\u00ebna duket se sh\u00ebrbejn\u00eb si paralajm\u00ebrim m\u00eb shum\u00eb se t\u00eb tjerat.<\/p>\n<p>Nd\u00ebrsa nuk mund t\u00eb flitet p\u00ebr ndonj\u00eb kund\u00ebrshtim t\u00eb drejtp\u00ebrdrejt\u00eb ndaj an\u00ebtar\u00ebsimit n\u00eb BE, duket se te shqiptar\u00ebt vihet re nj\u00eb ftohje e entuziazmit lidhur me integrimin e vendit t\u00eb tyre n\u00eb BE&#8221;, &#8211; tregon studimi.<\/p>\n<p>P\u00ebrqindja e atyre q\u00eb e mendojn\u00eb integrimin si shum\u00eb t\u00eb r\u00ebnd\u00ebsish\u00ebm ka r\u00ebn\u00eb rreth 8.9 p\u00ebr qind m\u00eb pak se sa n\u00eb vitin 2009. P\u00ebrqindja e atyre q\u00eb mendojn\u00eb se integrimi \u00ebsht\u00eb i r\u00ebnd\u00ebsish\u00ebm, por jo nj\u00eb p\u00ebrpar\u00ebsi, \u00ebsht\u00eb rritur respektivisht me 9.1 %, por q\u00ebndron n\u00eb nivelin e 23.4%.<\/p>\n<p>&#8220;Shifra prej 72.6%, e atyre q\u00eb e mendojn\u00eb integrimin shum\u00eb t\u00eb r\u00ebnd\u00ebsish\u00ebm, p\u00ebrs\u00ebri \u00ebsht\u00eb nj\u00eb shif\u00ebr gjithsesi shum\u00eb e lart\u00eb, por n\u00eb kontekstin shqiptar ajo mund t\u00eb konsiderohet shum\u00eb mir\u00eb edhe si nj\u00eb lajm\u00ebtar i fazave t\u00eb ardhshme m\u00eb shum\u00eb se sa t\u00eb nj\u00eb euro-skepticizmi t\u00eb mundsh\u00ebm, t\u00eb fillimit t\u00eb lul\u00ebzimit, qoft\u00eb edhe n\u00eb embrion, t\u00eb nj\u00eb q\u00ebndrimi dhe mendimi kritik rreth fenomeneve, tipar thelb\u00ebsor ky i nj\u00eb shoq\u00ebrie moderne&#8221;, &#8211; thuhet n\u00eb studim.<\/p>\n<p>Ekspert\u00ebt paralajm\u00ebrojn\u00eb se zgjatja e kriz\u00ebs do t\u00eb ket\u00eb ndikime negative mbi procesin e integrimit<\/p>\n<p>&#8220;Klasa politike t\u00eb zgjidh\u00eb kriz\u00ebn&#8221;<\/p>\n<p>TIRAN\u00cb &#8211; Instituti i Studimeve Nd\u00ebrkomb\u00ebtare i b\u00ebri thirrje klas\u00ebs politike q\u00eb t\u00eb punoj\u00eb p\u00ebr zgjidhjen e ng\u00ebr\u00e7it politik t\u00eb krijuar n\u00eb vend q\u00eb pas zgjedhjeve parlamentare t\u00eb 28 qershorit.<\/p>\n<p>&#8220;Qeveria dhe opozita duhet t\u00eb luftojn\u00eb p\u00ebr t\u00eb zgjidhur ng\u00ebr\u00e7in e vazhduesh\u00ebm politik, me q\u00ebllim q\u00eb t\u00eb zbatojn\u00eb rekomandimet e m\u00ebsip\u00ebrme. Procesi i integrimit dhe reformat, q\u00eb lidhen me t\u00eb, mund t\u00eb shpejtohen dhe t\u00eb zbatohen me sukses vet\u00ebm n\u00ebse g\u00ebzojn\u00eb nj\u00eb mb\u00ebshtetje nga t\u00eb dyja pal\u00ebt&#8221;, &#8211; thot\u00eb studimi.<\/p>\n<p>Ekspert\u00ebt paralajm\u00ebrojn\u00eb se mosarritja e k\u00ebtij bashk\u00ebpunimi dhe \u00e7do zgjatje e panevojshme e procesit, p\u00ebr shkak t\u00eb mosmarr\u00ebveshjeve dhe grindjeve politike, mund t\u00eb ket\u00eb ndikime negative mbi procesin e integrimit dhe p\u00ebr m\u00eb tep\u00ebr, sipas tyre, ato mund t\u00eb \u00e7ojn\u00eb n\u00eb lodhjen dhe skepticizmin e publikut.<\/p>\n<p>Studimi i k\u00ebrkon qeveris\u00eb, institucioneve shtet\u00ebrore dhe partive politike q\u00eb t\u00eb trajtojn\u00eb problemet shqet\u00ebsuese p\u00ebr qytetar\u00ebt shqiptar\u00eb q\u00eb pengojn\u00eb procesin e integrimit t\u00eb vendit si zgjedhjet e lira dhe t\u00eb ndershme, shteti ligjor, korrupsioni dhe ekonomia.<\/p>\n<p>&#8220;\u00cbsht\u00eb koha q\u00eb qeveria dhe partit\u00eb politike t&#8217;i trajtojn\u00eb k\u00ebto probleme&#8221;, &#8211; thot\u00eb studimi. Edhe pse jo n\u00eb shifra t\u00eb larta, situat\u00eb shqet\u00ebsuese v\u00ebrehet r\u00ebnia e entuziazmit t\u00eb shqiptar\u00ebve p\u00ebr proceset integruese t\u00eb vendit ton\u00eb p\u00ebr n\u00eb Bashkimin Evropian.<\/p>\n<p>&#8220;Qeveria shqiptare, partit\u00eb politike n\u00eb opozit\u00eb, media, shoq\u00ebria civile dhe formuesit e opinioneve, n\u00eb p\u00ebrgjith\u00ebsi, duhet t\u00eb marrin masa t\u00eb pengojn\u00eb ftohjen e entuziazmit ndaj integrimit, gj\u00eb q\u00eb mund t\u00eb rezultoj\u00eb nga liberalizimi i vizave&#8221;, &#8211; shprehen ekspert\u00ebt.<\/p>\n<p>Studimi paralajm\u00ebron se duke pasur parasysh faktin q\u00eb grupi m\u00eb i madh i shqiptar\u00ebve mb\u00ebshtet integrimin p\u00ebr shkak t\u00eb l\u00ebvizjes s\u00eb lir\u00eb, at\u00ebher\u00eb kjo mund t\u00eb shihet edhe si nj\u00eb r\u00ebnie e entuziazmit dhe e mb\u00ebshtetjes s\u00eb projektit evropian sapo regjimi i l\u00ebvizjes pa viza t\u00eb hyj\u00eb n\u00eb fuqi.<\/p>\n<p>&#8220;Qeveria dhe klasa politike, n\u00eb p\u00ebrgjith\u00ebsi, duhet t\u00eb p\u00ebrpiqen edhe p\u00ebr t\u00eb shpejtuar ritmin e reformave q\u00eb lidhen me integrimin, me q\u00ebllim q\u00eb t\u00eb mos lejojn\u00eb lodhje nga natyra e procesit t\u00eb integrimit, q\u00eb duket sikur nuk ka fund&#8221;, &#8211; rekomandon Instituti i Studimeve Nd\u00ebrkomb\u00ebtare.<\/p>\n","protected":false},"excerpt":{"rendered":"<p>Shekulli, 19.10.2010 50 p\u00ebr qind e t\u00eb anketuarve mendojn\u00eb se vendi nuk \u00ebsht\u00eb ende gati p\u00ebr t&#8217;u an\u00ebtar\u00ebsuar n\u00eb Bashkimin Evropian Shqet\u00ebsues p\u00ebr qytetar\u00ebt mbetet korrupsioni, politika shqiptare dhe krimi i organizuar TIRAN\u00cb &#8211; Shqiptar\u00ebt mendojn\u00eb se zgjedhjet e lira dhe t\u00eb ndershme jan\u00eb faktori kryesor p\u00ebrcaktues i integrimit t\u00eb vendit n\u00eb Bashkimin Evropian. N\u00eb [&hellip;]<\/p>\n","protected":false},"author":1,"featured_media":0,"comment_status":"open","ping_status":"closed","sticky":false,"template":"","format":"standard","meta":{"footnotes":""},"categories":[2],"tags":[],"class_list":{"0":"post-4350","1":"post","2":"type-post","3":"status-publish","4":"format-standard","6":"category-artikuj"},"yoast_head":"<!-- This site is optimized with the Yoast SEO plugin v27.4 - https:\/\/yoast.com\/product\/yoast-seo-wordpress\/ -->\n<title>Shqiptar\u00ebt, t\u00eb zhg\u00ebnjyer me zgjedhjet e qershorit - FjALA e LIR\u00cb - Arkivi<\/title>\n<meta name=\"robots\" content=\"index, follow, max-snippet:-1, max-image-preview:large, max-video-preview:-1\" \/>\n<link rel=\"canonical\" href=\"https:\/\/fjala.info\/2009-2015\/shqiptaret-te-zhgenjyer-me-zgjedhjet-e-qershorit\/\" \/>\n<meta property=\"og:locale\" content=\"sq_AL\" \/>\n<meta property=\"og:type\" content=\"article\" \/>\n<meta property=\"og:title\" content=\"Shqiptar\u00ebt, t\u00eb zhg\u00ebnjyer me zgjedhjet e qershorit - FjALA e LIR\u00cb - Arkivi\" \/>\n<meta property=\"og:description\" content=\"Shekulli, 19.10.2010 50 p\u00ebr qind e t\u00eb anketuarve mendojn\u00eb se vendi nuk \u00ebsht\u00eb ende gati p\u00ebr t&#8217;u an\u00ebtar\u00ebsuar n\u00eb Bashkimin Evropian Shqet\u00ebsues p\u00ebr qytetar\u00ebt mbetet korrupsioni, politika shqiptare dhe krimi i organizuar TIRAN\u00cb &#8211; Shqiptar\u00ebt mendojn\u00eb se zgjedhjet e lira dhe t\u00eb ndershme jan\u00eb faktori kryesor p\u00ebrcaktues i integrimit t\u00eb vendit n\u00eb Bashkimin Evropian. N\u00eb [&hellip;]\" \/>\n<meta property=\"og:url\" content=\"https:\/\/fjala.info\/2009-2015\/shqiptaret-te-zhgenjyer-me-zgjedhjet-e-qershorit\/\" \/>\n<meta property=\"og:site_name\" content=\"FjALA e LIR\u00cb - Arkivi\" \/>\n<meta property=\"article:published_time\" content=\"2010-10-19T20:10:48+00:00\" \/>\n<meta name=\"author\" content=\"admin\" \/>\n<meta name=\"twitter:card\" content=\"summary_large_image\" \/>\n<meta name=\"twitter:label1\" content=\"Written by\" \/>\n\t<meta name=\"twitter:data1\" content=\"admin\" \/>\n\t<meta name=\"twitter:label2\" content=\"Est. reading time\" \/>\n\t<meta name=\"twitter:data2\" content=\"8 minutes\" \/>\n<script type=\"application\/ld+json\" class=\"yoast-schema-graph\">{\"@context\":\"https:\\\/\\\/schema.org\",\"@graph\":[{\"@type\":\"Article\",\"@id\":\"https:\\\/\\\/fjala.info\\\/2009-2015\\\/shqiptaret-te-zhgenjyer-me-zgjedhjet-e-qershorit\\\/#article\",\"isPartOf\":{\"@id\":\"https:\\\/\\\/fjala.info\\\/2009-2015\\\/shqiptaret-te-zhgenjyer-me-zgjedhjet-e-qershorit\\\/\"},\"author\":{\"name\":\"admin\",\"@id\":\"https:\\\/\\\/fjala.info\\\/2009-2015\\\/#\\\/schema\\\/person\\\/3aa1163ef05469c496fc94e77611ada2\"},\"headline\":\"Shqiptar\u00ebt, t\u00eb zhg\u00ebnjyer me zgjedhjet e qershorit\",\"datePublished\":\"2010-10-19T20:10:48+00:00\",\"mainEntityOfPage\":{\"@id\":\"https:\\\/\\\/fjala.info\\\/2009-2015\\\/shqiptaret-te-zhgenjyer-me-zgjedhjet-e-qershorit\\\/\"},\"wordCount\":1535,\"commentCount\":0,\"publisher\":{\"@id\":\"https:\\\/\\\/fjala.info\\\/2009-2015\\\/#organization\"},\"articleSection\":[\"Artikuj\"],\"inLanguage\":\"sq-AL\",\"potentialAction\":[{\"@type\":\"CommentAction\",\"name\":\"Comment\",\"target\":[\"https:\\\/\\\/fjala.info\\\/2009-2015\\\/shqiptaret-te-zhgenjyer-me-zgjedhjet-e-qershorit\\\/#respond\"]}]},{\"@type\":\"WebPage\",\"@id\":\"https:\\\/\\\/fjala.info\\\/2009-2015\\\/shqiptaret-te-zhgenjyer-me-zgjedhjet-e-qershorit\\\/\",\"url\":\"https:\\\/\\\/fjala.info\\\/2009-2015\\\/shqiptaret-te-zhgenjyer-me-zgjedhjet-e-qershorit\\\/\",\"name\":\"Shqiptar\u00ebt, t\u00eb zhg\u00ebnjyer me zgjedhjet e qershorit - FjALA e LIR\u00cb - Arkivi\",\"isPartOf\":{\"@id\":\"https:\\\/\\\/fjala.info\\\/2009-2015\\\/#website\"},\"datePublished\":\"2010-10-19T20:10:48+00:00\",\"breadcrumb\":{\"@id\":\"https:\\\/\\\/fjala.info\\\/2009-2015\\\/shqiptaret-te-zhgenjyer-me-zgjedhjet-e-qershorit\\\/#breadcrumb\"},\"inLanguage\":\"sq-AL\",\"potentialAction\":[{\"@type\":\"ReadAction\",\"target\":[\"https:\\\/\\\/fjala.info\\\/2009-2015\\\/shqiptaret-te-zhgenjyer-me-zgjedhjet-e-qershorit\\\/\"]}]},{\"@type\":\"BreadcrumbList\",\"@id\":\"https:\\\/\\\/fjala.info\\\/2009-2015\\\/shqiptaret-te-zhgenjyer-me-zgjedhjet-e-qershorit\\\/#breadcrumb\",\"itemListElement\":[{\"@type\":\"ListItem\",\"position\":1,\"name\":\"Home\",\"item\":\"https:\\\/\\\/fjala.info\\\/2009-2015\\\/\"},{\"@type\":\"ListItem\",\"position\":2,\"name\":\"Shqiptar\u00ebt, t\u00eb zhg\u00ebnjyer me zgjedhjet e qershorit\"}]},{\"@type\":\"WebSite\",\"@id\":\"https:\\\/\\\/fjala.info\\\/2009-2015\\\/#website\",\"url\":\"https:\\\/\\\/fjala.info\\\/2009-2015\\\/\",\"name\":\"FjALA e LIR\u00cb - Arkivi\",\"description\":\"Arkivi 2009-2015\",\"publisher\":{\"@id\":\"https:\\\/\\\/fjala.info\\\/2009-2015\\\/#organization\"},\"potentialAction\":[{\"@type\":\"SearchAction\",\"target\":{\"@type\":\"EntryPoint\",\"urlTemplate\":\"https:\\\/\\\/fjala.info\\\/2009-2015\\\/?s={search_term_string}\"},\"query-input\":{\"@type\":\"PropertyValueSpecification\",\"valueRequired\":true,\"valueName\":\"search_term_string\"}}],\"inLanguage\":\"sq-AL\"},{\"@type\":\"Organization\",\"@id\":\"https:\\\/\\\/fjala.info\\\/2009-2015\\\/#organization\",\"name\":\"FjALA e LIR\u00cb - Arkivi\",\"url\":\"https:\\\/\\\/fjala.info\\\/2009-2015\\\/\",\"logo\":{\"@type\":\"ImageObject\",\"inLanguage\":\"sq-AL\",\"@id\":\"https:\\\/\\\/fjala.info\\\/2009-2015\\\/#\\\/schema\\\/logo\\\/image\\\/\",\"url\":\"\",\"contentUrl\":\"\",\"caption\":\"FjALA e LIR\u00cb - Arkivi\"},\"image\":{\"@id\":\"https:\\\/\\\/fjala.info\\\/2009-2015\\\/#\\\/schema\\\/logo\\\/image\\\/\"}},{\"@type\":\"Person\",\"@id\":\"https:\\\/\\\/fjala.info\\\/2009-2015\\\/#\\\/schema\\\/person\\\/3aa1163ef05469c496fc94e77611ada2\",\"name\":\"admin\",\"image\":{\"@type\":\"ImageObject\",\"inLanguage\":\"sq-AL\",\"@id\":\"https:\\\/\\\/fjala.info\\\/2009-2015\\\/wp-content\\\/uploads\\\/2012\\\/02\\\/arben_cokaj-120x150.jpg\",\"url\":\"https:\\\/\\\/fjala.info\\\/2009-2015\\\/wp-content\\\/uploads\\\/2012\\\/02\\\/arben_cokaj-120x150.jpg\",\"contentUrl\":\"https:\\\/\\\/fjala.info\\\/2009-2015\\\/wp-content\\\/uploads\\\/2012\\\/02\\\/arben_cokaj-120x150.jpg\",\"caption\":\"admin\"},\"description\":\"Admin, Fjala e Lir\u00eb\",\"sameAs\":[\"https:\\\/\\\/fjala.info\\\/\"],\"url\":\"https:\\\/\\\/fjala.info\\\/2009-2015\\\/author\\\/admin\\\/\"}]}<\/script>\n<!-- \/ Yoast SEO plugin. -->","yoast_head_json":{"title":"Shqiptar\u00ebt, t\u00eb zhg\u00ebnjyer me zgjedhjet e qershorit - FjALA e LIR\u00cb - Arkivi","robots":{"index":"index","follow":"follow","max-snippet":"max-snippet:-1","max-image-preview":"max-image-preview:large","max-video-preview":"max-video-preview:-1"},"canonical":"https:\/\/fjala.info\/2009-2015\/shqiptaret-te-zhgenjyer-me-zgjedhjet-e-qershorit\/","og_locale":"sq_AL","og_type":"article","og_title":"Shqiptar\u00ebt, t\u00eb zhg\u00ebnjyer me zgjedhjet e qershorit - FjALA e LIR\u00cb - Arkivi","og_description":"Shekulli, 19.10.2010 50 p\u00ebr qind e t\u00eb anketuarve mendojn\u00eb se vendi nuk \u00ebsht\u00eb ende gati p\u00ebr t&#8217;u an\u00ebtar\u00ebsuar n\u00eb Bashkimin Evropian Shqet\u00ebsues p\u00ebr qytetar\u00ebt mbetet korrupsioni, politika shqiptare dhe krimi i organizuar TIRAN\u00cb &#8211; Shqiptar\u00ebt mendojn\u00eb se zgjedhjet e lira dhe t\u00eb ndershme jan\u00eb faktori kryesor p\u00ebrcaktues i integrimit t\u00eb vendit n\u00eb Bashkimin Evropian. N\u00eb [&hellip;]","og_url":"https:\/\/fjala.info\/2009-2015\/shqiptaret-te-zhgenjyer-me-zgjedhjet-e-qershorit\/","og_site_name":"FjALA e LIR\u00cb - Arkivi","article_published_time":"2010-10-19T20:10:48+00:00","author":"admin","twitter_card":"summary_large_image","twitter_misc":{"Written by":"admin","Est. reading time":"8 minutes"},"schema":{"@context":"https:\/\/schema.org","@graph":[{"@type":"Article","@id":"https:\/\/fjala.info\/2009-2015\/shqiptaret-te-zhgenjyer-me-zgjedhjet-e-qershorit\/#article","isPartOf":{"@id":"https:\/\/fjala.info\/2009-2015\/shqiptaret-te-zhgenjyer-me-zgjedhjet-e-qershorit\/"},"author":{"name":"admin","@id":"https:\/\/fjala.info\/2009-2015\/#\/schema\/person\/3aa1163ef05469c496fc94e77611ada2"},"headline":"Shqiptar\u00ebt, t\u00eb zhg\u00ebnjyer me zgjedhjet e qershorit","datePublished":"2010-10-19T20:10:48+00:00","mainEntityOfPage":{"@id":"https:\/\/fjala.info\/2009-2015\/shqiptaret-te-zhgenjyer-me-zgjedhjet-e-qershorit\/"},"wordCount":1535,"commentCount":0,"publisher":{"@id":"https:\/\/fjala.info\/2009-2015\/#organization"},"articleSection":["Artikuj"],"inLanguage":"sq-AL","potentialAction":[{"@type":"CommentAction","name":"Comment","target":["https:\/\/fjala.info\/2009-2015\/shqiptaret-te-zhgenjyer-me-zgjedhjet-e-qershorit\/#respond"]}]},{"@type":"WebPage","@id":"https:\/\/fjala.info\/2009-2015\/shqiptaret-te-zhgenjyer-me-zgjedhjet-e-qershorit\/","url":"https:\/\/fjala.info\/2009-2015\/shqiptaret-te-zhgenjyer-me-zgjedhjet-e-qershorit\/","name":"Shqiptar\u00ebt, t\u00eb zhg\u00ebnjyer me zgjedhjet e qershorit - FjALA e LIR\u00cb - Arkivi","isPartOf":{"@id":"https:\/\/fjala.info\/2009-2015\/#website"},"datePublished":"2010-10-19T20:10:48+00:00","breadcrumb":{"@id":"https:\/\/fjala.info\/2009-2015\/shqiptaret-te-zhgenjyer-me-zgjedhjet-e-qershorit\/#breadcrumb"},"inLanguage":"sq-AL","potentialAction":[{"@type":"ReadAction","target":["https:\/\/fjala.info\/2009-2015\/shqiptaret-te-zhgenjyer-me-zgjedhjet-e-qershorit\/"]}]},{"@type":"BreadcrumbList","@id":"https:\/\/fjala.info\/2009-2015\/shqiptaret-te-zhgenjyer-me-zgjedhjet-e-qershorit\/#breadcrumb","itemListElement":[{"@type":"ListItem","position":1,"name":"Home","item":"https:\/\/fjala.info\/2009-2015\/"},{"@type":"ListItem","position":2,"name":"Shqiptar\u00ebt, t\u00eb zhg\u00ebnjyer me zgjedhjet e qershorit"}]},{"@type":"WebSite","@id":"https:\/\/fjala.info\/2009-2015\/#website","url":"https:\/\/fjala.info\/2009-2015\/","name":"FjALA e LIR\u00cb - Arkivi","description":"Arkivi 2009-2015","publisher":{"@id":"https:\/\/fjala.info\/2009-2015\/#organization"},"potentialAction":[{"@type":"SearchAction","target":{"@type":"EntryPoint","urlTemplate":"https:\/\/fjala.info\/2009-2015\/?s={search_term_string}"},"query-input":{"@type":"PropertyValueSpecification","valueRequired":true,"valueName":"search_term_string"}}],"inLanguage":"sq-AL"},{"@type":"Organization","@id":"https:\/\/fjala.info\/2009-2015\/#organization","name":"FjALA e LIR\u00cb - Arkivi","url":"https:\/\/fjala.info\/2009-2015\/","logo":{"@type":"ImageObject","inLanguage":"sq-AL","@id":"https:\/\/fjala.info\/2009-2015\/#\/schema\/logo\/image\/","url":"","contentUrl":"","caption":"FjALA e LIR\u00cb - Arkivi"},"image":{"@id":"https:\/\/fjala.info\/2009-2015\/#\/schema\/logo\/image\/"}},{"@type":"Person","@id":"https:\/\/fjala.info\/2009-2015\/#\/schema\/person\/3aa1163ef05469c496fc94e77611ada2","name":"admin","image":{"@type":"ImageObject","inLanguage":"sq-AL","@id":"https:\/\/fjala.info\/2009-2015\/wp-content\/uploads\/2012\/02\/arben_cokaj-120x150.jpg","url":"https:\/\/fjala.info\/2009-2015\/wp-content\/uploads\/2012\/02\/arben_cokaj-120x150.jpg","contentUrl":"https:\/\/fjala.info\/2009-2015\/wp-content\/uploads\/2012\/02\/arben_cokaj-120x150.jpg","caption":"admin"},"description":"Admin, Fjala e Lir\u00eb","sameAs":["https:\/\/fjala.info\/"],"url":"https:\/\/fjala.info\/2009-2015\/author\/admin\/"}]}},"_links":{"self":[{"href":"https:\/\/fjala.info\/2009-2015\/wp-json\/wp\/v2\/posts\/4350","targetHints":{"allow":["GET"]}}],"collection":[{"href":"https:\/\/fjala.info\/2009-2015\/wp-json\/wp\/v2\/posts"}],"about":[{"href":"https:\/\/fjala.info\/2009-2015\/wp-json\/wp\/v2\/types\/post"}],"author":[{"embeddable":true,"href":"https:\/\/fjala.info\/2009-2015\/wp-json\/wp\/v2\/users\/1"}],"replies":[{"embeddable":true,"href":"https:\/\/fjala.info\/2009-2015\/wp-json\/wp\/v2\/comments?post=4350"}],"version-history":[{"count":0,"href":"https:\/\/fjala.info\/2009-2015\/wp-json\/wp\/v2\/posts\/4350\/revisions"}],"wp:attachment":[{"href":"https:\/\/fjala.info\/2009-2015\/wp-json\/wp\/v2\/media?parent=4350"}],"wp:term":[{"taxonomy":"category","embeddable":true,"href":"https:\/\/fjala.info\/2009-2015\/wp-json\/wp\/v2\/categories?post=4350"},{"taxonomy":"post_tag","embeddable":true,"href":"https:\/\/fjala.info\/2009-2015\/wp-json\/wp\/v2\/tags?post=4350"}],"curies":[{"name":"wp","href":"https:\/\/api.w.org\/{rel}","templated":true}]}}